{"id":25764,"date":"2025-07-28T09:40:05","date_gmt":"2025-07-28T07:40:05","guid":{"rendered":"https:\/\/www.alab.pl\/centrum-wiedzy\/?p=25764"},"modified":"2025-07-28T09:40:07","modified_gmt":"2025-07-28T07:40:07","slug":"przeczulica-skory-przyczyny-objawy-leczenie-hiperestezji","status":"publish","type":"post","link":"https:\/\/www.alab.pl\/centrum-wiedzy\/przeczulica-skory-przyczyny-objawy-leczenie-hiperestezji\/","title":{"rendered":"Przeczulica sk\u00f3ry \u2013 przyczyny, objawy, leczenie hiperestezji"},"content":{"rendered":"\n<p><strong>Zaburzenia czucia mog\u0105 istotnie wp\u0142yn\u0105\u0107 na codzienne funkcjonowanie pacjenta i obni\u017cy\u0107 jego jako\u015b\u0107 \u017cycia. Zaburzenia te mog\u0105 by\u0107 zwi\u0105zane z wieloma jednostkami chorobowymi, nie tylko typowo neurologicznymi. Czym jest przeczulica i jakie s\u0105 jej najcz\u0119stsze przyczyny? Do jakiego lekarza nale\u017cy si\u0119 uda\u0107 z zaburzeniami czucia? Jakie rodzaje przeczulicy wyr\u00f3\u017cniamy? Przeczytaj ten artyku\u0142 i dowiedz si\u0119 wi\u0119cej na temat przeczulicy.<\/strong><\/p>\n\n\n\n<p>Spis tre\u015bci:<\/p>\n\n\n\n<ol class=\"wp-block-list\">\n<li><a href=\"#Przeczulica-sk\u00f3ry-(hiperestezja):-co-to-jest?\">Przeczulica sk\u00f3ry (hiperestezja): co to jest?<\/a><\/li>\n\n\n\n<li><a href=\"#Przeczulica:-przyczyny-nadwra\u017cliwo\u015bci-sk\u00f3ry\">Przeczulica: przyczyny nadwra\u017cliwo\u015bci sk\u00f3ry<\/a><\/li>\n\n\n\n<li><a href=\"#Jak-objawia-si\u0119-przeczulica-sk\u00f3ry?\">Jak objawia si\u0119 przeczulica sk\u00f3ry?<\/a><\/li>\n\n\n\n<li><a href=\"#Jak-d\u0142ugo-mo\u017ce-trwa\u0107-przeczulica-sk\u00f3ry?\">Jak d\u0142ugo mo\u017ce trwa\u0107 przeczulica sk\u00f3ry?<\/a><\/li>\n\n\n\n<li><a href=\"#Jak-sprawdzi\u0107,-co-wywo\u0142uje-przeczulic\u0119-sk\u00f3ry?\">Jak sprawdzi\u0107, co wywo\u0142uje przeczulic\u0119 sk\u00f3ry?<\/a><\/li>\n\n\n\n<li><a href=\"#Przeczulica-sk\u00f3ry:-jak-leczy\u0107?\">Przeczulica sk\u00f3ry: jak leczy\u0107?<\/a><\/li>\n\n\n\n<li><a href=\"#Czy-istniej\u0105-inne-rodzaje-przeczulicy?\">Czy istniej\u0105 inne rodzaje przeczulicy?<\/a><\/li>\n\n\n\n<li><a href=\"#Przeczulica-sk\u00f3ry:-podsumowanie\">Przeczulica sk\u00f3ry: podsumowanie<\/a><\/li>\n<\/ol>\n\n\n\n<h2 class=\"wp-block-heading\" id=\"Przeczulica-sk\u00f3ry-(hiperestezja):-co-to-jest?\">Przeczulica sk\u00f3ry (hiperestezja): co to jest?<\/h2>\n\n\n\n<p><span style=\"color: initial;\">Przeczulica sk\u00f3ry, nazywana r\u00f3wnie\u017c hiperestezj\u0105, to zaburzenie czucia, kt\u00f3rego istot\u0105 jest nadwra\u017cliwo\u015b\u0107 na bod\u017ace czuciowe. Inne zaburzenia dotycz\u0105ce czucia to mi\u0119dzy innymi niedoczulica, a wi\u0119c os\u0142abienie lub zniesienie odczuwania czucia. Mechanizmy zaburze\u0144 czuciowych s\u0105 niezwykle z\u0142o\u017cone i zazwyczaj wymagaj\u0105 holistycznego podej\u015bcia do pacjenta. Warto zaznaczy\u0107, \u017ce hiperestezji mog\u0105 r\u00f3wnie\u017c towarzyszy\u0107 nieprawid\u0142owe wra\u017cenia czuciowe takie jak na przyk\u0142ad parestezje, o czym wi\u0119cej przeczytamy w kolejnych akapitach tego artyku\u0142u.<\/span><\/p>\n\n\n\n<p><strong style=\"color: initial;\">>> Zobacz: <\/strong><a href=\"https:\/\/www.alab.pl\/centrum-wiedzy\/zapalenie-nerwu-trojdzielnego-czym-jest-i-jak-sie-objawia-przyczyny-i-leczenie\/\"><strong>Zapalenie nerwu tr\u00f3jdzielnego \u2013 czym jest i jak si\u0119 objawia? Przyczyny i leczenie<\/strong><\/a><\/p>\n\n\n\n<h2 class=\"wp-block-heading\" id=\"Przeczulica:-przyczyny-nadwra\u017cliwo\u015bci-sk\u00f3ry\">Przeczulica: przyczyny nadwra\u017cliwo\u015bci sk\u00f3ry<\/h2>\n\n\n\n<ol class=\"wp-block-list\"><\/ol>\n\n\n\n<ol class=\"wp-block-list\"><\/ol>\n\n\n\n<p>Przeczulica mo\u017ce by\u0107 zwi\u0105zana ze schorzeniami zar\u00f3wno natury neurologicznej, dermatologicznej, jak i psychiatrycznej. Najcz\u0119stsze przyczyny hiperestezji to uszkodzenie <a href=\"https:\/\/www.alab.pl\/centrum-wiedzy\/uklad-nerwowy-czlowieka-budowa-funkcje-podzial\/\">uk\u0142adu nerwowego<\/a>, w tym nerw\u00f3w obwodowych, rdzenia kr\u0119gowego, wzg\u00f3rza, kory p\u0142at\u00f3w ciemieniowych.<\/p>\n\n\n\n<p>Uszkodzenie uk\u0142adu nerwowego prowadz\u0105ce do hiperestezji mo\u017ce nast\u0105pi\u0107 w przebiegu takich stan\u00f3w i schorze\u0144 jak:<\/p>\n\n\n\n<ul class=\"wp-block-list\">\n<li>uraz nerwu obwodowego,<\/li>\n\n\n\n<li>nasilone zmiany zwyrodnieniowe kr\u0119gos\u0142upa,<\/li>\n\n\n\n<li><a href=\"https:\/\/www.alab.pl\/centrum-wiedzy\/stwardnienie-rozsiane-grozna-i-podstepna-choroba\/\">stwardnienie rozsiane<\/a>,<\/li>\n\n\n\n<li>jamisto\u015b\u0107 rdzenia,<\/li>\n\n\n\n<li>pourazowy krwotok \u015br\u00f3drdzeniowy,<\/li>\n\n\n\n<li><a href=\"https:\/\/www.alab.pl\/centrum-wiedzy\/udar-mozgu-objawy-przyczyny-pierwsza-pomoc-i-profilaktyka\/\">udar m\u00f3zgu<\/a> (zar\u00f3wno niedokrwienny, jak i krwotoczny),<\/li>\n\n\n\n<li>nowotwory m\u00f3zgu,<\/li>\n\n\n\n<li>napady <a href=\"https:\/\/www.alab.pl\/centrum-wiedzy\/padaczka-epilepsja-rodzaje-objawy-przyczyny-diagnostyka-i-leczenie\/\">padaczkowe<\/a>,<\/li>\n\n\n\n<li><a href=\"https:\/\/www.alab.pl\/centrum-wiedzy\/co-to-jest-tezyczka-rodzaje-objawy-przyczyny-diagnostyka-i-leczenie\/\">t\u0119\u017cyczka<\/a>,<\/li>\n\n\n\n<li>niedob\u00f3r <a href=\"https:\/\/www.alab.pl\/centrum-wiedzy\/witaminy-z-grupy-b-objawy-niedoboru-rola-w-organizmie-wlasciwosci-i-dzialanie\/\">witamin z grupy B<\/a>, w tym g\u0142\u00f3wnie <a href=\"https:\/\/www.alab.pl\/centrum-wiedzy\/witamina-b12-superwitamina-webinar\/\">witaminy B12<\/a>,<\/li>\n\n\n\n<li>alkoholizm,<\/li>\n\n\n\n<li>zesp\u00f3\u0142 cie\u015bni nadgarstka,<\/li>\n\n\n\n<li><a href=\"https:\/\/www.alab.pl\/centrum-wiedzy\/migrena-objawy-przyczyny-i-diagnoza-jakie-badania-wykonac\/\">migrena<\/a> i towarzysz\u0105cy jej skurcz naczy\u0144,<\/li>\n\n\n\n<li>przemijaj\u0105ce niedokrwienie m\u00f3zgu (TIA),<\/li>\n\n\n\n<li>neuropatia w przebiegu cukrzycy,<\/li>\n\n\n\n<li>neuralgia pop\u00f3\u0142pa\u015bcowa,<\/li>\n\n\n\n<li>infekcje wirusowe, w tym spowodowane przez <a href=\"https:\/\/www.alab.pl\/centrum-wiedzy\/grypa-ostra-choroba-zakazna-ukladu-oddechowego\/\">wirusy grypy<\/a> i <a href=\"https:\/\/www.alab.pl\/centrum-wiedzy\/covid-19\/\">wirusa COVID-19<\/a>,<\/li>\n\n\n\n<li>schorzenia autoimmunologiczne, w tym <a href=\"https:\/\/www.alab.pl\/centrum-wiedzy\/toczen-ukladowy-sle\/\">tocze\u0144 rumieniowaty uk\u0142adowy (SLE)<\/a> czy <a href=\"https:\/\/www.alab.pl\/centrum-wiedzy\/czym-jest-rzs-jak-czesto-wystepuje-kogo-dotyka\/\">reumatoidalne zapalenie staw\u00f3w (RZS)<\/a>,<\/li>\n\n\n\n<li>schorzenia psychiatryczne, takie jak zesp\u00f3\u0142 stresu pourazowego, stany depresyjne, zaburzenia l\u0119kowe.<\/li>\n<\/ul>\n\n\n\n<p>Przeczulica mo\u017ce r\u00f3wnie\u017c towarzyszy\u0107 schorzeniom dermatologicznym, w tym <a href=\"https:\/\/www.alab.pl\/centrum-wiedzy\/atopowe-zapalenie-skory-azs\/\">atopowemu zapaleniu sk\u00f3ry<\/a>, <a href=\"https:\/\/www.alab.pl\/centrum-wiedzy\/luszczyca-rodzaje-objawy-rozpoznanie-leczenie\/\">\u0142uszczycy<\/a> czy <a href=\"https:\/\/www.alab.pl\/centrum-wiedzy\/liszaj-plaski-objawy-rodzaje-diagnostyka-i-leczenie\/\">liszajowi p\u0142askiemu<\/a>. Tego rodzaju odczucia mog\u0105 by\u0107 tak\u017ce efektem stosowanych lek\u00f3w, w tym lek\u00f3w onkologicznych i wyst\u0119powa\u0107 w przebiegu zatrucia metalami ci\u0119\u017ckimi.<\/p>\n\n\n\n<figure class=\"wp-block-image size-full\"><a href=\"https:\/\/www.alab.pl\/badanie\/witamina-b12-o83\"><img loading=\"lazy\" decoding=\"async\" width=\"800\" height=\"200\" src=\"https:\/\/www.alab.pl\/centrum-wiedzy\/wp-content\/uploads\/2025\/04\/Badanie-witaminy-B12.jpg\" alt=\"Badanie witaminy B12 banerek\" class=\"wp-image-22707\" srcset=\"https:\/\/www.alab.pl\/centrum-wiedzy\/wp-content\/uploads\/2025\/04\/Badanie-witaminy-B12.jpg 800w, https:\/\/www.alab.pl\/centrum-wiedzy\/wp-content\/uploads\/2025\/04\/Badanie-witaminy-B12-768x192.jpg 768w, https:\/\/www.alab.pl\/centrum-wiedzy\/wp-content\/uploads\/2025\/04\/Badanie-witaminy-B12-150x38.jpg 150w, https:\/\/www.alab.pl\/centrum-wiedzy\/wp-content\/uploads\/2025\/04\/Badanie-witaminy-B12-300x75.jpg 300w, https:\/\/www.alab.pl\/centrum-wiedzy\/wp-content\/uploads\/2025\/04\/Badanie-witaminy-B12-696x174.jpg 696w\" sizes=\"auto, (max-width: 800px) 100vw, 800px\" \/><\/a><\/figure>\n\n\n\n<h2 class=\"wp-block-heading\" id=\"Jak-objawia-si\u0119-przeczulica-sk\u00f3ry?\">Jak objawia si\u0119 przeczulica sk\u00f3ry?<\/h2>\n\n\n\n<p>Przeczulica objawia si\u0119 jako nadmierne odczuwanie bod\u017ac\u00f3w czuciowych w obr\u0119bie sk\u00f3ry. Objaw ten mo\u017ce dotyczy\u0107 ca\u0142ego obszaru sk\u00f3ry lub tylko jednego jej fragmentu, z zale\u017cno\u015bci od przyczyny. Mog\u0105 pojawi\u0107 si\u0119 r\u00f3wnie\u017c parestezje, a wi\u0119c nieprawid\u0142owe wra\u017cenia czuciowe takie jak na przyk\u0142ad pieczenie sk\u00f3ry czy wra\u017cenie jej dr\u0119twienia. U niekt\u00f3rych pacjent\u00f3w przeczulica jest na tyle nasilona, \u017ce objawia si\u0119 jako odczuwanie dolegliwo\u015bci b\u00f3lowych, utrudniaj\u0105c tym samym codzienne funkcjonowanie. Problematyczne mo\u017ce by\u0107 nawet noszenie odzie\u017cy czy zwyk\u0142y dotyk. Odczuwane objawy i ich nasilenie jest kwesti\u0105 indywidualn\u0105.<\/p>\n\n\n\n<p><strong>&gt;&gt; Przeczytaj: <\/strong><a href=\"https:\/\/www.alab.pl\/centrum-wiedzy\/liszajec-zakazny-u-dzieci-i-doroslych-objawy-diagnostyka-leczenie\/\"><strong>Liszajec zaka\u017any u dzieci i doros\u0142ych. Objawy, diagnostyka, leczenie<\/strong><\/a><strong><\/strong><\/p>\n\n\n\n<h2 class=\"wp-block-heading\" id=\"Jak-d\u0142ugo-mo\u017ce-trwa\u0107-przeczulica-sk\u00f3ry?\">Jak d\u0142ugo mo\u017ce trwa\u0107 przeczulica sk\u00f3ry?<\/h2>\n\n\n\n<p>Czas trwania przeczulicy zale\u017cy od stanu chorobowego, kt\u00f3ry do niej doprowadzi\u0142. Zaburzenia neurologiczne i neuralgia pop\u00f3\u0142pa\u015bcowa s\u0105 zazwyczaj d\u0142ugotrwa\u0142ymi dolegliwo\u015bciami i wymagaj\u0105 odpowiedniej terapii. Nale\u017cy jednak podkre\u015bli\u0107, \u017ce wczesna diagnostyka i rozpoznanie przyczyn przeczulicy sk\u00f3ry pozwala na w\u0142\u0105czenie odpowiedniego leczenia i przyspiesza ust\u0105pienie objaw\u00f3w.<\/p>\n\n\n\n<p><strong>>> Zobacz: <a href=\"https:\/\/www.alab.pl\/centrum-wiedzy\/polpasiec\/\"><strong>P\u00f3\u0142pasiec \u2013 choroba jednej po\u0142owy cia\u0142a<\/strong><\/a><\/strong><\/p>\n\n\n\n<h2 class=\"wp-block-heading\" id=\"Jak-sprawdzi\u0107,-co-wywo\u0142uje-przeczulic\u0119-sk\u00f3ry?\">Jak sprawdzi\u0107, co wywo\u0142uje przeczulic\u0119 sk\u00f3ry?<\/h2>\n\n\n\n<p>W pierwszej kolejno\u015bci nale\u017cy uda\u0107 si\u0119 na wizyt\u0119 do lekarza rodzinnego. Warto przygotowa\u0107 list\u0119 przyjmowanych przewlekle lek\u00f3w i dok\u0142adnie opisa\u0107 swoje dolegliwo\u015bci oraz czynniki im towarzysz\u0105ce. Lekarz po zebraniu dok\u0142adnego wywiadu chorobowego i zbadaniu pacjenta zadecyduje o dalszym krokach diagnostyczno-leczniczych. Konieczne mo\u017ce by\u0107 r\u00f3wnie\u017c zrealizowanie konsultacji neurologicznej.<\/p>\n\n\n\n<p>Badania i procedury, kt\u00f3re mog\u0105 by\u0107 niezwykle pomocne przy poszukiwaniu przyczyny parestezji to przede wszystkim:<\/p>\n\n\n\n<ul class=\"wp-block-list\">\n<li>st\u0119\u017cenie <a href=\"https:\/\/www.alab.pl\/badanie\/glukoza-l43\">glukozy<\/a> na czczo,<\/li>\n\n\n\n<li>oznaczenie <a href=\"https:\/\/www.alab.pl\/badanie\/hemoglobina-glikowana-hba1c-l55\">hemoglobiny glikowanej<\/a>,<\/li>\n\n\n\n<li>oznaczenie <a href=\"https:\/\/www.alab.pl\/badanie\/witamina-b12-o83\">st\u0119\u017cenia witaminy B12<\/a>,<\/li>\n\n\n\n<li>badania obrazowe, w tym rezonans magnetyczny czy tomografia komputerowa,<\/li>\n\n\n\n<li>oznaczenie st\u0119\u017cenia jon\u00f3w, w tym <a href=\"https:\/\/www.alab.pl\/centrum-wiedzy\/sod-rola-w-organizmie-czlowieka-zrodla-w-diecie\/\">sodu<\/a>, <a href=\"https:\/\/www.alab.pl\/centrum-wiedzy\/potas-podstawowy-kation-wnetrza-komorki\/\">potasu<\/a>, <a href=\"https:\/\/www.alab.pl\/centrum-wiedzy\/wapn-podstawowy-pierwiastek-ukladu-kostnego\/\">wapnia<\/a>, <a href=\"https:\/\/www.alab.pl\/centrum-wiedzy\/magnez-zapotrzebowanie-zrodla-suplementacja\/\">magnezu<\/a> czy chlork\u00f3w,<\/li>\n\n\n\n<li>st\u0119\u017cenie <a href=\"https:\/\/www.alab.pl\/badanie\/kreatynina-w-surowicy-m37\">kreatyniny<\/a>,<\/li>\n\n\n\n<li><a href=\"https:\/\/www.alab.pl\/badanie\/morfologia-krwi-c55\">morfologia krwi obwodowej<\/a> + rozmaz,<\/li>\n\n\n\n<li>oznaczenie przeciwcia\u0142 przeciwj\u0105drowych (ANA).<\/li>\n<\/ul>\n\n\n\n<figure class=\"wp-block-image size-full\"><a href=\"https:\/\/www.alab.pl\/pakiet\/pakiet-ryzyko-cukrzycy\"><img loading=\"lazy\" decoding=\"async\" width=\"800\" height=\"250\" src=\"https:\/\/www.alab.pl\/centrum-wiedzy\/wp-content\/uploads\/2025\/06\/Pakiet-ocena-ryzyka-cukrzycy-4-badania_mobile.jpg\" alt=\"Pakiet ocena ryzyka cukrzycy (4 badania)_mobile baner na kategori\u0119\" class=\"wp-image-24159\" srcset=\"https:\/\/www.alab.pl\/centrum-wiedzy\/wp-content\/uploads\/2025\/06\/Pakiet-ocena-ryzyka-cukrzycy-4-badania_mobile.jpg 800w, https:\/\/www.alab.pl\/centrum-wiedzy\/wp-content\/uploads\/2025\/06\/Pakiet-ocena-ryzyka-cukrzycy-4-badania_mobile-768x240.jpg 768w, https:\/\/www.alab.pl\/centrum-wiedzy\/wp-content\/uploads\/2025\/06\/Pakiet-ocena-ryzyka-cukrzycy-4-badania_mobile-150x47.jpg 150w, https:\/\/www.alab.pl\/centrum-wiedzy\/wp-content\/uploads\/2025\/06\/Pakiet-ocena-ryzyka-cukrzycy-4-badania_mobile-300x94.jpg 300w, https:\/\/www.alab.pl\/centrum-wiedzy\/wp-content\/uploads\/2025\/06\/Pakiet-ocena-ryzyka-cukrzycy-4-badania_mobile-696x218.jpg 696w\" sizes=\"auto, (max-width: 800px) 100vw, 800px\" \/><\/a><\/figure>\n\n\n\n<h2 class=\"wp-block-heading\" id=\"Przeczulica-sk\u00f3ry:-jak-leczy\u0107?\">Przeczulica sk\u00f3ry: jak leczy\u0107?<\/h2>\n\n\n\n<p>Leczenie przeczulicy zale\u017cy od przyczyny objaw\u00f3w, z tego powodu konieczne jest przeprowadzenie wnikliwej diagnostyki. W pewnych przypadkach konieczna mo\u017ce okaza\u0107 si\u0119 r\u00f3wnie\u017c konsultacja neurologiczna, z pe\u0142nym badaniem neurologicznym, a tak\u017ce konsultacja ortopedyczna. Pacjent powinien mie\u0107 r\u00f3wnie\u017c zapewnione wsparcie psychologiczne, poniewa\u017c przeczulica mo\u017ce istotnie obni\u017ca\u0107 jako\u015b\u0107 \u017cycia. Konieczne jest leczenie schorzenia podstawowego. W przebiegu zaburze\u0144 czucia zastosowanie znajduj\u0105 mi\u0119dzy innymi takie substancje jak pregabalina, czy gabapentyna.<\/p>\n\n\n\n<p><strong style=\"color: initial;\">>> Sprawd\u017a: <\/strong><a href=\"https:\/\/www.alab.pl\/centrum-wiedzy\/depresja-objawy-przyczyny-diagnostyka-i-leczenie\/\"><strong>Depresja. Objawy, przyczyny, diagnostyka i leczenie<\/strong><\/a><\/p>\n\n\n\n<h2 class=\"wp-block-heading\" id=\"Czy-istniej\u0105-inne-rodzaje-przeczulicy?\">Czy istniej\u0105 inne rodzaje przeczulicy?<\/h2>\n\n\n\n<p>Powy\u017csze akapity odnosi\u0142y si\u0119 do klasycznej przeczulicy czuciowej, jednak niekt\u00f3re \u017ar\u00f3d\u0142a medyczne dziel\u0105 t\u0119 dolegliwo\u015b\u0107 na kilka grup. Opr\u00f3cz przeczulicy czuciowej wyr\u00f3\u017cnia si\u0119 tak\u017ce:<\/p>\n\n\n\n<ul class=\"wp-block-list\">\n<li><strong>hiperalgezj\u0119 <\/strong>\u2013 jest to nadmierna odpowied\u017a b\u00f3lowa na bodziec, kt\u00f3ry w normalnych warunkach nie doprowadzi\u0142by do tak silnego b\u00f3lu,<\/li>\n\n\n\n<li><strong>allodyni\u0119 <\/strong>\u2013 w tej sytuacji bod\u017ace, kt\u00f3re nie powoduj\u0105 w prawid\u0142owych warunkach dolegliwo\u015bci b\u00f3lowych, u pacjenta s\u0105 odczuwane jako b\u00f3l,<\/li>\n\n\n\n<li><strong>przeczulic\u0119 termiczn\u0105 <\/strong>\u2013 w tym przypadku pacjent mo\u017ce odczuwa\u0107 b\u00f3l po zadzia\u0142ania bod\u017aca takiego jak ciep\u0142o czy zimno,<\/li>\n\n\n\n<li><strong>przeczulic\u0119 s\u0142uchow\u0105<\/strong> \u2013 objawia si\u0119 nadwra\u017cliwo\u015bci\u0105 na d\u017awi\u0119ki, cz\u0119sto pojawia si\u0119 w przebiegu migreny, <a href=\"https:\/\/www.alab.pl\/centrum-wiedzy\/czym-jest-autyzm-i-jak-go-rozpoznac-objawy-autyzmu-u-dzieci-i-doroslych\/\">autyzmu<\/a>,<\/li>\n\n\n\n<li><strong>przeczulic\u0119 w\u0119chow\u0105<\/strong> \u2013 reakcj\u0119 wywo\u0142uj\u0105 bod\u017ace zapachowe,<\/li>\n\n\n\n<li><strong>przeczulic\u0119 wzrokow\u0105<\/strong> \u2013 nadwra\u017cliwo\u015b\u0107 na \u015bwiat\u0142o, jest to cz\u0119ste zjawisko w przebiegu migreny,<\/li>\n\n\n\n<li><strong>przeczulic\u0119 smakow\u0105 <\/strong>\u2013a wi\u0119cnadwra\u017cliwo\u015b\u0107 na bod\u017ace smakowe.<\/li>\n<\/ul>\n\n\n\n<p><strong>&gt;&gt; Przeczytaj: <\/strong><a href=\"https:\/\/www.alab.pl\/centrum-wiedzy\/migrena-z-aura-oczna-objawy-przyczyny-badania-i-leczenie\/\"><strong>Migrena z aur\u0105 (oczna) \u2013 objawy, przyczyny, badania i leczenie<\/strong><\/a><strong><\/strong><\/p>\n\n\n\n<h2 class=\"wp-block-heading\" id=\"Przeczulica-sk\u00f3ry:-podsumowanie\">Przeczulica sk\u00f3ry: podsumowanie<\/h2>\n\n\n\n<ul class=\"wp-block-list\">\n<li>Przeczulica sk\u00f3ry to jedno z zaburze\u0144 czucia, kt\u00f3re mo\u017ce by\u0107 wywo\u0142ane przez liczne schorzenia neurologiczne, ale r\u00f3wnie\u017c dermatologiczne czy psychiatryczne.<\/li>\n\n\n\n<li>Przeczulica mo\u017ce objawia\u0107 si\u0119 jak nadwra\u017cliwo\u015b\u0107 na bod\u017ace dotykowe, ale r\u00f3wnie\u017c jako mniej oczywiste symptomy takie jak mrowienie czy pieczenie sk\u00f3ry.<\/li>\n\n\n\n<li>Diagnostyka przeczulicy wymaga wykonania licznych bada\u0144 laboratoryjnych i obrazowych.<\/li>\n\n\n\n<li>Leczenie przeczulicy powinno obejmowa\u0107 leczenie przyczyny dolegliwo\u015bci, a wi\u0119c choroby podstawowej.<\/li>\n<\/ul>\n\n\n\n<hr class=\"wp-block-separator has-alpha-channel-opacity\"\/>\n\n\n\n<p><strong>Bibliografia<\/strong><\/p>\n\n\n\n<ol class=\"wp-block-list\">\n<li>E. R. Kandel i inni, Zasady neurobiologii (Principles of Neural Science), Wydawnictwo Elsevier Urban &amp; Partner, 2022,<\/li>\n\n\n\n<li>A, Wr\u00f3bel, Neurologia, Wydawnictwo Lekarskie PZWL, 2019,<\/li>\n\n\n\n<li>A. Szczeklik, Choroby wewn\u0119trzne, Medycyna Praktyczna, Krak\u00f3w 2020.<\/li>\n<\/ol>\n","protected":false},"excerpt":{"rendered":"<p>Czym jest przeczulica i jakie s\u0105 jej najcz\u0119stsze przyczyny? Do jakiego lekarza nale\u017cy si\u0119 uda\u0107 z zaburzeniami czucia?<\/p>\n","protected":false},"author":165,"featured_media":25768,"comment_status":"closed","ping_status":"closed","sticky":false,"template":"","format":"standard","meta":{"_acf_changed":false,"inline_featured_image":false,"footnotes":""},"categories":[12],"tags":[],"coauthors":[176],"class_list":{"0":"post-25764","1":"post","2":"type-post","3":"status-publish","4":"format-standard","5":"has-post-thumbnail","7":"category-choroby-skory"},"acf":[],"yoast_head":"<!-- This site is optimized with the Yoast SEO plugin v27.5 - https:\/\/yoast.com\/product\/yoast-seo-wordpress\/ -->\n<title>Przeczulica sk\u00f3ry \u2013 przyczyny, objawy, leczenie hiperestezji - Centrum Wiedzy ALAB laboratoria<\/title>\n<meta name=\"description\" content=\"Czym jest przeczulica i jakie s\u0105 jej najcz\u0119stsze przyczyny? Do jakiego lekarza nale\u017cy si\u0119 uda\u0107 z zaburzeniami czucia?\" \/>\n<meta name=\"robots\" content=\"index, follow, max-snippet:-1, max-image-preview:large, max-video-preview:-1\" \/>\n<link rel=\"canonical\" href=\"https:\/\/www.alab.pl\/centrum-wiedzy\/przeczulica-skory-przyczyny-objawy-leczenie-hiperestezji\/\" \/>\n<meta property=\"og:locale\" content=\"pl_PL\" \/>\n<meta property=\"og:type\" content=\"article\" \/>\n<meta property=\"og:title\" content=\"Przeczulica sk\u00f3ry \u2013 przyczyny, objawy, leczenie hiperestezji - Centrum Wiedzy ALAB laboratoria\" \/>\n<meta property=\"og:description\" content=\"Czym jest przeczulica i jakie s\u0105 jej najcz\u0119stsze przyczyny? Do jakiego lekarza nale\u017cy si\u0119 uda\u0107 z zaburzeniami czucia?\" \/>\n<meta property=\"og:url\" content=\"https:\/\/www.alab.pl\/centrum-wiedzy\/przeczulica-skory-przyczyny-objawy-leczenie-hiperestezji\/\" \/>\n<meta property=\"og:site_name\" content=\"Centrum Wiedzy ALAB laboratoria\" \/>\n<meta property=\"article:publisher\" content=\"https:\/\/www.facebook.com\/ALABlaboratoria\" \/>\n<meta property=\"article:published_time\" content=\"2025-07-28T07:40:05+00:00\" \/>\n<meta property=\"article:modified_time\" content=\"2025-07-28T07:40:07+00:00\" \/>\n<meta property=\"og:image\" content=\"https:\/\/www.alab.pl\/centrum-wiedzy\/wp-content\/uploads\/2025\/07\/przeczulica_skory-scaled.jpg\" \/>\n\t<meta property=\"og:image:width\" content=\"2560\" \/>\n\t<meta property=\"og:image:height\" content=\"1706\" \/>\n\t<meta property=\"og:image:type\" content=\"image\/jpeg\" \/>\n<meta name=\"author\" content=\"Katarzyna Banaszczyk\" \/>\n<meta name=\"twitter:card\" content=\"summary_large_image\" \/>\n<meta name=\"twitter:label1\" content=\"Napisane przez\" \/>\n\t<meta name=\"twitter:data1\" content=\"Katarzyna Banaszczyk\" \/>\n\t<meta name=\"twitter:label2\" content=\"Szacowany czas czytania\" \/>\n\t<meta name=\"twitter:data2\" content=\"7 minut\" \/>\n\t<meta name=\"twitter:label3\" content=\"Written by\" \/>\n\t<meta name=\"twitter:data3\" content=\"Katarzyna Banaszczyk\" \/>\n<!-- \/ Yoast SEO plugin. -->","yoast_head_json":{"title":"Przeczulica sk\u00f3ry \u2013 przyczyny, objawy, leczenie hiperestezji - Centrum Wiedzy ALAB laboratoria","description":"Czym jest przeczulica i jakie s\u0105 jej najcz\u0119stsze przyczyny? Do jakiego lekarza nale\u017cy si\u0119 uda\u0107 z zaburzeniami czucia?","robots":{"index":"index","follow":"follow","max-snippet":"max-snippet:-1","max-image-preview":"max-image-preview:large","max-video-preview":"max-video-preview:-1"},"canonical":"https:\/\/www.alab.pl\/centrum-wiedzy\/przeczulica-skory-przyczyny-objawy-leczenie-hiperestezji\/","og_locale":"pl_PL","og_type":"article","og_title":"Przeczulica sk\u00f3ry \u2013 przyczyny, objawy, leczenie hiperestezji - Centrum Wiedzy ALAB laboratoria","og_description":"Czym jest przeczulica i jakie s\u0105 jej najcz\u0119stsze przyczyny? Do jakiego lekarza nale\u017cy si\u0119 uda\u0107 z zaburzeniami czucia?","og_url":"https:\/\/www.alab.pl\/centrum-wiedzy\/przeczulica-skory-przyczyny-objawy-leczenie-hiperestezji\/","og_site_name":"Centrum Wiedzy ALAB laboratoria","article_publisher":"https:\/\/www.facebook.com\/ALABlaboratoria","article_published_time":"2025-07-28T07:40:05+00:00","article_modified_time":"2025-07-28T07:40:07+00:00","og_image":[{"width":2560,"height":1706,"url":"https:\/\/www.alab.pl\/centrum-wiedzy\/wp-content\/uploads\/2025\/07\/przeczulica_skory-scaled.jpg","type":"image\/jpeg"}],"author":"Katarzyna Banaszczyk","twitter_card":"summary_large_image","twitter_misc":{"Napisane przez":"Katarzyna Banaszczyk","Szacowany czas czytania":"7 minut","Written by":"Katarzyna Banaszczyk"},"schema":{"@context":"https:\/\/schema.org","@graph":[{"@type":"Article","@id":"https:\/\/www.alab.pl\/centrum-wiedzy\/przeczulica-skory-przyczyny-objawy-leczenie-hiperestezji\/#article","isPartOf":{"@id":"https:\/\/www.alab.pl\/centrum-wiedzy\/przeczulica-skory-przyczyny-objawy-leczenie-hiperestezji\/"},"author":{"name":"Katarzyna Banaszczyk","@id":"https:\/\/www.alab.pl\/centrum-wiedzy\/#\/schema\/person\/308fb46be1959418e2e115e61c335941"},"headline":"Przeczulica sk\u00f3ry \u2013 przyczyny, objawy, leczenie hiperestezji","datePublished":"2025-07-28T07:40:05+00:00","dateModified":"2025-07-28T07:40:07+00:00","mainEntityOfPage":{"@id":"https:\/\/www.alab.pl\/centrum-wiedzy\/przeczulica-skory-przyczyny-objawy-leczenie-hiperestezji\/"},"wordCount":1154,"publisher":{"@id":"https:\/\/www.alab.pl\/centrum-wiedzy\/#organization"},"image":{"@id":"https:\/\/www.alab.pl\/centrum-wiedzy\/przeczulica-skory-przyczyny-objawy-leczenie-hiperestezji\/#primaryimage"},"thumbnailUrl":"https:\/\/www.alab.pl\/centrum-wiedzy\/wp-content\/uploads\/2025\/07\/przeczulica_skory-scaled.jpg","articleSection":["Choroby sk\u00f3ry"],"inLanguage":"pl-PL"},{"@type":"WebPage","@id":"https:\/\/www.alab.pl\/centrum-wiedzy\/przeczulica-skory-przyczyny-objawy-leczenie-hiperestezji\/","url":"https:\/\/www.alab.pl\/centrum-wiedzy\/przeczulica-skory-przyczyny-objawy-leczenie-hiperestezji\/","name":"Przeczulica sk\u00f3ry \u2013 przyczyny, objawy, leczenie hiperestezji - Centrum Wiedzy ALAB laboratoria","isPartOf":{"@id":"https:\/\/www.alab.pl\/centrum-wiedzy\/#website"},"primaryImageOfPage":{"@id":"https:\/\/www.alab.pl\/centrum-wiedzy\/przeczulica-skory-przyczyny-objawy-leczenie-hiperestezji\/#primaryimage"},"image":{"@id":"https:\/\/www.alab.pl\/centrum-wiedzy\/przeczulica-skory-przyczyny-objawy-leczenie-hiperestezji\/#primaryimage"},"thumbnailUrl":"https:\/\/www.alab.pl\/centrum-wiedzy\/wp-content\/uploads\/2025\/07\/przeczulica_skory-scaled.jpg","datePublished":"2025-07-28T07:40:05+00:00","dateModified":"2025-07-28T07:40:07+00:00","description":"Czym jest przeczulica i jakie s\u0105 jej najcz\u0119stsze przyczyny? Do jakiego lekarza nale\u017cy si\u0119 uda\u0107 z zaburzeniami czucia?","breadcrumb":{"@id":"https:\/\/www.alab.pl\/centrum-wiedzy\/przeczulica-skory-przyczyny-objawy-leczenie-hiperestezji\/#breadcrumb"},"inLanguage":"pl-PL","potentialAction":[{"@type":"ReadAction","target":["https:\/\/www.alab.pl\/centrum-wiedzy\/przeczulica-skory-przyczyny-objawy-leczenie-hiperestezji\/"]}]},{"@type":"ImageObject","inLanguage":"pl-PL","@id":"https:\/\/www.alab.pl\/centrum-wiedzy\/przeczulica-skory-przyczyny-objawy-leczenie-hiperestezji\/#primaryimage","url":"https:\/\/www.alab.pl\/centrum-wiedzy\/wp-content\/uploads\/2025\/07\/przeczulica_skory-scaled.jpg","contentUrl":"https:\/\/www.alab.pl\/centrum-wiedzy\/wp-content\/uploads\/2025\/07\/przeczulica_skory-scaled.jpg","width":2560,"height":1706,"caption":"przeczulica sk\u00f3ry"},{"@type":"BreadcrumbList","@id":"https:\/\/www.alab.pl\/centrum-wiedzy\/przeczulica-skory-przyczyny-objawy-leczenie-hiperestezji\/#breadcrumb","itemListElement":[{"@type":"ListItem","position":1,"name":"Strona g\u0142\u00f3wna","item":"https:\/\/www.alab.pl\/centrum-wiedzy\/"},{"@type":"ListItem","position":2,"name":"Przeczulica sk\u00f3ry \u2013 przyczyny, objawy, leczenie hiperestezji"}]},{"@type":"WebSite","@id":"https:\/\/www.alab.pl\/centrum-wiedzy\/#website","url":"https:\/\/www.alab.pl\/centrum-wiedzy\/","name":"Centrum Wiedzy ALAB laboratoria","description":"","publisher":{"@id":"https:\/\/www.alab.pl\/centrum-wiedzy\/#organization"},"potentialAction":[{"@type":"SearchAction","target":{"@type":"EntryPoint","urlTemplate":"https:\/\/www.alab.pl\/centrum-wiedzy\/?s={search_term_string}"},"query-input":{"@type":"PropertyValueSpecification","valueRequired":true,"valueName":"search_term_string"}}],"inLanguage":"pl-PL"},{"@type":"Organization","@id":"https:\/\/www.alab.pl\/centrum-wiedzy\/#organization","name":"Centrum Wiedzy ALAB laboratoria","url":"https:\/\/www.alab.pl\/centrum-wiedzy\/","logo":{"@type":"ImageObject","inLanguage":"pl-PL","@id":"https:\/\/www.alab.pl\/centrum-wiedzy\/#\/schema\/logo\/image\/","url":"https:\/\/www.alab.pl\/centrum-wiedzy\/wp-content\/uploads\/2022\/04\/alabek.jpg","contentUrl":"https:\/\/www.alab.pl\/centrum-wiedzy\/wp-content\/uploads\/2022\/04\/alabek.jpg","width":1250,"height":1251,"caption":"Centrum Wiedzy ALAB laboratoria"},"image":{"@id":"https:\/\/www.alab.pl\/centrum-wiedzy\/#\/schema\/logo\/image\/"},"sameAs":["https:\/\/www.facebook.com\/ALABlaboratoria"]},{"@type":"Person","@id":"https:\/\/www.alab.pl\/centrum-wiedzy\/#\/schema\/person\/308fb46be1959418e2e115e61c335941","name":"Katarzyna Banaszczyk","image":{"@type":"ImageObject","inLanguage":"pl-PL","@id":"https:\/\/www.alab.pl\/centrum-wiedzy\/wp-content\/uploads\/2024\/12\/Katarzyna-Banaszczyk-150x150.jpgdd037207674aeb9b7e97c9616a0cf536","url":"https:\/\/www.alab.pl\/centrum-wiedzy\/wp-content\/uploads\/2024\/12\/Katarzyna-Banaszczyk-150x150.jpg","contentUrl":"https:\/\/www.alab.pl\/centrum-wiedzy\/wp-content\/uploads\/2024\/12\/Katarzyna-Banaszczyk-150x150.jpg","caption":"Katarzyna Banaszczyk"},"description":"Lekarka w trakcie specjalizacji z dermatologii i wenerologii. Absolwentka Collegium Medicum UMK im. Ludwika Rydygiera w Bydgoszczy. Wyk\u0142adowca akademicki Collegium Medicum im. W\u0142adys\u0142awa Biega\u0144skiego w Cz\u0119stochowie.","url":"https:\/\/www.alab.pl\/centrum-wiedzy\/author\/katarzyna-banaszczyk\/"}]}},"_links":{"self":[{"href":"https:\/\/www.alab.pl\/centrum-wiedzy\/wp-json\/wp\/v2\/posts\/25764","targetHints":{"allow":["GET"]}}],"collection":[{"href":"https:\/\/www.alab.pl\/centrum-wiedzy\/wp-json\/wp\/v2\/posts"}],"about":[{"href":"https:\/\/www.alab.pl\/centrum-wiedzy\/wp-json\/wp\/v2\/types\/post"}],"author":[{"embeddable":true,"href":"https:\/\/www.alab.pl\/centrum-wiedzy\/wp-json\/wp\/v2\/users\/165"}],"replies":[{"embeddable":true,"href":"https:\/\/www.alab.pl\/centrum-wiedzy\/wp-json\/wp\/v2\/comments?post=25764"}],"version-history":[{"count":4,"href":"https:\/\/www.alab.pl\/centrum-wiedzy\/wp-json\/wp\/v2\/posts\/25764\/revisions"}],"predecessor-version":[{"id":25769,"href":"https:\/\/www.alab.pl\/centrum-wiedzy\/wp-json\/wp\/v2\/posts\/25764\/revisions\/25769"}],"wp:featuredmedia":[{"embeddable":true,"href":"https:\/\/www.alab.pl\/centrum-wiedzy\/wp-json\/wp\/v2\/media\/25768"}],"wp:attachment":[{"href":"https:\/\/www.alab.pl\/centrum-wiedzy\/wp-json\/wp\/v2\/media?parent=25764"}],"wp:term":[{"taxonomy":"category","embeddable":true,"href":"https:\/\/www.alab.pl\/centrum-wiedzy\/wp-json\/wp\/v2\/categories?post=25764"},{"taxonomy":"post_tag","embeddable":true,"href":"https:\/\/www.alab.pl\/centrum-wiedzy\/wp-json\/wp\/v2\/tags?post=25764"},{"taxonomy":"author","embeddable":true,"href":"https:\/\/www.alab.pl\/centrum-wiedzy\/wp-json\/wp\/v2\/coauthors?post=25764"}],"curies":[{"name":"wp","href":"https:\/\/api.w.org\/{rel}","templated":true}]}}