{"id":25790,"date":"2025-07-29T08:09:18","date_gmt":"2025-07-29T06:09:18","guid":{"rendered":"https:\/\/www.alab.pl\/centrum-wiedzy\/?p=25790"},"modified":"2025-07-29T08:09:20","modified_gmt":"2025-07-29T06:09:20","slug":"wstrzas-septyczny-czym-jest-i-jak-sie-objawia-przyczyny-rozpoznanie-leczenie","status":"publish","type":"post","link":"https:\/\/www.alab.pl\/centrum-wiedzy\/wstrzas-septyczny-czym-jest-i-jak-sie-objawia-przyczyny-rozpoznanie-leczenie\/","title":{"rendered":"Wstrz\u0105s septyczny \u2013 czym jest i jak si\u0119 objawia? Przyczyny, rozpoznanie, leczenie"},"content":{"rendered":"\n<p><strong>Wstrz\u0105s septyczny to stan bezpo\u015bredniego zagro\u017cenia \u017cycia, b\u0119d\u0105cy najci\u0119\u017csz\u0105 postaci\u0105 sepsy. Charakteryzuje si\u0119 gwa\u0142town\u0105, reakcj\u0105 organizmu na zaka\u017cenie, prowadz\u0105c\u0105 do niewydolno\u015bci narz\u0105d\u00f3w i spadku ci\u015bnienia krwi. W artykule om\u00f3wimy przyczyny, objawy, fazy rozwoju, metody rozpoznania oraz wsp\u00f3\u0142czesne standardy leczenia wstrz\u0105su septycznego. Dowiesz si\u0119 r\u00f3wnie\u017c, jakie s\u0105 rokowania i szanse na prze\u017cycie. Je\u015bli chcesz zrozumie\u0107, jak rozpozna\u0107 ten gro\u017any stan i jak mo\u017cna go leczy\u0107 \u2013 czytaj dalej!<\/strong><\/p>\n\n\n\n<p>Spis tre\u015bci:<\/p>\n\n\n\n<ol class=\"wp-block-list\">\n<li><a href=\"#Czym-jest-wstrz\u0105s-septyczny?\">Czym jest wstrz\u0105s septyczny?<\/a><\/li>\n\n\n\n<li><a href=\"#Przyczyny-wstrz\u0105su-septycznego\">Przyczyny wstrz\u0105su septycznego<\/a><\/li>\n\n\n\n<li><a href=\"#Wstrz\u0105s-septyczny-\u2013-objawy\">Wstrz\u0105s septyczny \u2013 objawy<\/a>\n<ul class=\"wp-block-list\">\n<li><span style=\"color: initial;\"><a href=\"#Ile-trwa-wstrz\u0105s-septyczny?\">Ile trwa wstrz\u0105s septyczny?<\/a><\/span><\/li>\n\n\n\n<li><a href=\"#Fazy-wstrz\u0105su-septycznego\">Fazy wstrz\u0105su septycznego<\/a><\/li>\n<\/ul>\n<\/li>\n\n\n\n<li><a href=\"#Jak-rozpozna\u0107-wstrz\u0105s-septyczny?-Badania\">Jak rozpozna\u0107 wstrz\u0105s septyczny? Badania<\/a><\/li>\n\n\n\n<li><a href=\"#Leczenie-wstrz\u0105su-septycznego\">Leczenie wstrz\u0105su septycznego<\/a>\n<ul class=\"wp-block-list\">\n<li><a href=\"#Jak-d\u0142ugo-trwa-leczenie-wstrz\u0105su-septycznego?\">Jak d\u0142ugo trwa leczenie wstrz\u0105su septycznego?<\/a><\/li>\n<\/ul>\n<\/li>\n\n\n\n<li><a href=\"#Wstrz\u0105s-septyczny-\u2013-rokowania\">Wstrz\u0105s septyczny \u2013 rokowania<\/a>\n<ul class=\"wp-block-list\">\n<li><a href=\"#Czy-mo\u017cna-prze\u017cy\u0107-wstrz\u0105s-septyczny?\">Czy mo\u017cna prze\u017cy\u0107 wstrz\u0105s septyczny?<\/a><\/li>\n<\/ul>\n<\/li>\n<\/ol>\n\n\n\n<h2 class=\"wp-block-heading\" id=\"Czym-jest-wstrz\u0105s-septyczny?\">Czym jest wstrz\u0105s septyczny?<\/h2>\n\n\n\n<p>Wstrz\u0105s septyczny to zaawansowana faza <a href=\"https:\/\/www.alab.pl\/centrum-wiedzy\/sepsa-dlaczego-budzi-niepokoj\/\" target=\"_blank\" rel=\"noreferrer noopener\">sepsy<\/a>, w kt\u00f3rej dochodzi do g\u0142\u0119bokich zaburze\u0144 hemodynamicznych, prowadz\u0105cych do niewydolno\u015bci wielonarz\u0105dowej. Definiuje si\u0119 go jako seps\u0119 po\u0142\u0105czon\u0105 z utrzymuj\u0105cym si\u0119 spadkiem ci\u015bnienia t\u0119tniczego (&lt; 65 mmHg), pomimo odpowiedniego wype\u0142nienia \u0142o\u017cyska naczyniowego, oraz konieczno\u015bci\u0105 stosowania lek\u00f3w obkurczaj\u0105cych naczynia (wazopresor\u00f3w), takich jak noradrenalina.<\/p>\n\n\n\n<p>Innymi s\u0142owy, we wstrz\u0105sie dochodzi do <strong>dysproporcji mi\u0119dzy zapotrzebowaniem na tlen, a mo\u017cliwo\u015bci\u0105 jego dostarczania do kom\u00f3rek<\/strong>, co prowadzi do post\u0119puj\u0105cych uszkodze\u0144.<\/p>\n\n\n\n<p>Jest to <strong>stan krytyczny, wymagaj\u0105cy natychmiastowej interwencji medycznej<\/strong>, poniewa\u017c <strong>nieleczony prowadzi do \u015bmierci w ci\u0105gu kilku godzin lub dni<\/strong>. Wstrz\u0105s septyczny wynika z nadmiernej reakcji uk\u0142adu immunologicznego na <a href=\"https:\/\/www.alab.pl\/centrum-wiedzy\/infekcja\/\" target=\"_blank\" rel=\"noreferrer noopener\">infekcj\u0119<\/a>, co prowadzi do masywnego uwalniania <a href=\"https:\/\/www.alab.pl\/centrum-wiedzy\/cytokiny-prozapalne-czym-sa-i-jaka-jest-ich-rola-w-organizmie\/\" target=\"_blank\" rel=\"noreferrer noopener\">cytokin prozapalnych<\/a>, uszkodzenia \u015br\u00f3db\u0142onka naczy\u0144 i zaburze\u0144 krzepni\u0119cia.<\/p>\n\n\n\n<figure class=\"wp-block-image size-full\"><a href=\"https:\/\/www.alab.pl\/badanie\/morfologia-krwi-c55\" target=\"_blank\" rel=\" noreferrer noopener\"><img loading=\"lazy\" decoding=\"async\" width=\"800\" height=\"200\" src=\"https:\/\/www.alab.pl\/centrum-wiedzy\/wp-content\/uploads\/2025\/02\/Morfologia.jpg\" alt=\"Morfologia banerek\" class=\"wp-image-21108\" srcset=\"https:\/\/www.alab.pl\/centrum-wiedzy\/wp-content\/uploads\/2025\/02\/Morfologia.jpg 800w, https:\/\/www.alab.pl\/centrum-wiedzy\/wp-content\/uploads\/2025\/02\/Morfologia-768x192.jpg 768w, https:\/\/www.alab.pl\/centrum-wiedzy\/wp-content\/uploads\/2025\/02\/Morfologia-150x38.jpg 150w, https:\/\/www.alab.pl\/centrum-wiedzy\/wp-content\/uploads\/2025\/02\/Morfologia-300x75.jpg 300w, https:\/\/www.alab.pl\/centrum-wiedzy\/wp-content\/uploads\/2025\/02\/Morfologia-696x174.jpg 696w\" sizes=\"auto, (max-width: 800px) 100vw, 800px\" \/><\/a><\/figure>\n\n\n\n<h2 class=\"wp-block-heading\" id=\"Przyczyny-wstrz\u0105su-septycznego\">Przyczyny wstrz\u0105su septycznego<\/h2>\n\n\n\n<p>G\u0142\u00f3wn\u0105 przyczyn\u0105 wstrz\u0105su septycznego jest <strong>zaka\u017cenie wywo\u0142ane przez bakterie<\/strong> (np. <a href=\"#https:\/\/www.alab.pl\/centrum-wiedzy\/gronkowiec-zlocisty-zakazenia-skory\/\" target=\"_blank\" rel=\"noreferrer noopener\"><em>Staphylococcus aureus<\/em><\/a>, <a href=\"https:\/\/www.alab.pl\/centrum-wiedzy\/escherichia-coli-bakteria-o-roznych-obliczach\/\" target=\"_blank\" rel=\"noreferrer noopener\"><em>Escherichia coli<\/em><\/a>), <strong>rzadziej przez wirusy, grzyby lub paso\u017cyty<\/strong>. Najcz\u0119stsze \u017ar\u00f3d\u0142a infekcji prowadz\u0105ce do sepsy i wstrz\u0105su to: zaka\u017cenia uk\u0142adu oddechowego (np. zapalenie p\u0142uc), zaka\u017cenia uk\u0142adu moczowego (np. odmiedniczkowe zapalenie nerek), zaka\u017cenia w obr\u0119bie jamy brzusznej (np. zapalenie <a href=\"https:\/\/www.alab.pl\/centrum-wiedzy\/otrzewna-czym-jest-i-gdzie-sie-znajduje-budowa-funkcje-polozenie\/\" target=\"_blank\" rel=\"noreferrer noopener\">otrzewnej<\/a>), zaka\u017cenia sk\u00f3ry i tkanek mi\u0119kkich (np. martwicze zapalenie powi\u0119zi), zaka\u017cenia o\u015brodkowego uk\u0142adu nerwowego (zapalenie opon m\u00f3zgowo-rdzeniowych).<\/p>\n\n\n\n<p><strong>>> Przeczytaj: <a href=\"https:\/\/www.alab.pl\/centrum-wiedzy\/zapalenie-opon-mozgowo-rdzeniowych-u-dzieci\/\" target=\"_blank\" rel=\"noreferrer noopener\">Zapalenie opon m\u00f3zgowo-rdzeniowych u dzieci<\/a><\/strong><\/p>\n\n\n\n<p>Czynniki ryzyka rozwoju wstrz\u0105su septycznego obejmuj\u0105:<\/p>\n\n\n\n<ul class=\"wp-block-list\">\n<li>os\u0142abion\u0105 odporno\u015b\u0107 (np. u pacjent\u00f3w z cukrzyc\u0105, nowotworami, po chemioterapii, po przeszczepieniu narz\u0105d\u00f3w, z wrodzonymi i nabytymi niedoborami odporno\u015bci),<\/li>\n\n\n\n<li>wiek: zaawansowany lub wcze\u015bniactwo,<\/li>\n\n\n\n<li>d\u0142ugotrwa\u0142\u0105 hospitalizacj\u0119 i stosowanie cewnik\u00f3w naczyniowych,<\/li>\n\n\n\n<li>rozleg\u0142e oparzenia lub urazy.<\/li>\n<\/ul>\n\n\n\n<p><strong>>> Sprawd\u017a: <a href=\"https:\/\/www.alab.pl\/centrum-wiedzy\/cukrzyca\/\" target=\"_blank\" rel=\"noreferrer noopener\">Cukrzyca typu 2 (insulinoniezale\u017cna)- objawy, przyczyny, badania i leczenie<\/a><\/strong><\/p>\n\n\n\n<h2 class=\"wp-block-heading\" id=\"Wstrz\u0105s-septyczny-\u2013-objawy\">Wstrz\u0105s septyczny \u2013 objawy<\/h2>\n\n\n\n<p>Objawy wstrz\u0105su septycznego s\u0105 <strong>wynikiem niewydolno\u015bci kr\u0105\u017cenia i narz\u0105d\u00f3w<\/strong>. Nale\u017c\u0105 do nich:<\/p>\n\n\n\n<ul class=\"wp-block-list\">\n<li>spadek ci\u015bnienia t\u0119tniczego (hipotensja oporna na p\u0142ynoterapi\u0119),<\/li>\n\n\n\n<li><a href=\"https:\/\/www.alab.pl\/centrum-wiedzy\/co-to-jest-tachykardia-czestoskurcz-objawy-przyczyny-i-leczenie\/\" target=\"_blank\" rel=\"noreferrer noopener\">tachykardia<\/a> (przyspieszone t\u0119tno),<\/li>\n\n\n\n<li>zaburzenia \u015bwiadomo\u015bci (spl\u0105tanie, pobudzenie lub \u015bpi\u0105czka),<\/li>\n\n\n\n<li><a href=\"https:\/\/www.alab.pl\/centrum-wiedzy\/oliguria-skapomocz-przyczyny-objawy-badania-i-leczenie\/\" target=\"_blank\" rel=\"noreferrer noopener\">oliguria<\/a> (zmniejszona ilo\u015b\u0107 oddawanego moczu),<\/li>\n\n\n\n<li><a href=\"https:\/\/www.alab.pl\/centrum-wiedzy\/dusznosc-punkt-wspolny-wielu-dramatycznych-chorob\/\" target=\"_blank\" rel=\"noreferrer noopener\">duszno\u015b\u0107<\/a> i przyspieszony oddech,<\/li>\n\n\n\n<li>zimna, blada lub marmurkowata sk\u00f3ra; niekiedy ciep\u0142a, zaczerwieniona (tzw. \u201eciep\u0142y\u201d wstrz\u0105s),<\/li>\n\n\n\n<li>gor\u0105czka lub hipotermia.<\/li>\n<\/ul>\n\n\n\n<p><strong>>> Zobacz: <a href=\"https:\/\/www.alab.pl\/centrum-wiedzy\/niskie-cisnienie-objawy-przyczyny-czym-grozi-i-kiedy-wymaga-leczenia\/\" target=\"_blank\" rel=\"noreferrer noopener\">Niskie ci\u015bnienie: objawy, przyczyny. Czym grozi i kiedy wymaga leczenia?<\/a><\/strong><\/p>\n\n\n\n<h3 class=\"wp-block-heading\" id=\"Ile-trwa-wstrz\u0105s-septyczny?\">Ile trwa wstrz\u0105s septyczny?<\/h3>\n\n\n\n<p>Czas trwania wstrz\u0105su septycznego zale\u017cy od szybko\u015bci wdro\u017cenia leczenia. <strong>Bez interwencji medycznej prowadzi do \u015bmierci w ci\u0105gu kilku- kilkunastu godzin.<\/strong> Przy odpowiedniej terapii stan pacjenta mo\u017ce si\u0119 stabilizowa\u0107 w ci\u0105gu kilku dni, ale pe\u0142na regeneracja organizmu trwa tygodnie lub miesi\u0105ce.<\/p>\n\n\n\n<figure class=\"wp-block-image size-full\"><a href=\"https:\/\/www.alab.pl\/badanie\/bialko-c-reaktywne-crp-ilosciowe-i81\" target=\"_blank\" rel=\" noreferrer noopener\"><img loading=\"lazy\" decoding=\"async\" width=\"800\" height=\"200\" src=\"https:\/\/www.alab.pl\/centrum-wiedzy\/wp-content\/uploads\/2025\/02\/Badanie-CRP-bialko-C-reaktywne.jpg\" alt=\"Badanie CRP - (bia\u0142ko C-reaktywne) banerek\" class=\"wp-image-21101\" srcset=\"https:\/\/www.alab.pl\/centrum-wiedzy\/wp-content\/uploads\/2025\/02\/Badanie-CRP-bialko-C-reaktywne.jpg 800w, https:\/\/www.alab.pl\/centrum-wiedzy\/wp-content\/uploads\/2025\/02\/Badanie-CRP-bialko-C-reaktywne-768x192.jpg 768w, https:\/\/www.alab.pl\/centrum-wiedzy\/wp-content\/uploads\/2025\/02\/Badanie-CRP-bialko-C-reaktywne-150x38.jpg 150w, https:\/\/www.alab.pl\/centrum-wiedzy\/wp-content\/uploads\/2025\/02\/Badanie-CRP-bialko-C-reaktywne-300x75.jpg 300w, https:\/\/www.alab.pl\/centrum-wiedzy\/wp-content\/uploads\/2025\/02\/Badanie-CRP-bialko-C-reaktywne-696x174.jpg 696w\" sizes=\"auto, (max-width: 800px) 100vw, 800px\" \/><\/a><\/figure>\n\n\n\n<h3 class=\"wp-block-heading\" id=\"Fazy-wstrz\u0105su-septycznego\">Fazy wstrz\u0105su septycznego<\/h3>\n\n\n\n<p>Wstrz\u0105s przebiega w kilku g\u0142\u00f3wnych fazach; <strong>bardzo wa\u017cna jest wczesna identyfikacja stanu zagro\u017cenia \u017cycia<\/strong> i wdro\u017cenie leczenia na jak najwcze\u015bniejszym etapie:<\/p>\n\n\n\n<ol class=\"wp-block-list\">\n<li><strong>Faza wczesna (hiperdynamiczna)<\/strong> \u2013 zwi\u0119kszona cz\u0119sto\u015b\u0107 akcji <a href=\"https:\/\/www.alab.pl\/centrum-wiedzy\/serce-czlowieka-budowa-polozenie-i-funkcje-w-organizmie\/\" target=\"_blank\" rel=\"noreferrer noopener\">serca<\/a>, rozszerzenie naczy\u0144, gor\u0105czka;<\/li>\n\n\n\n<li><strong>Faza p\u00f3\u017ana (hipodynamiczna)<\/strong> \u2013 spadek ci\u015bnienia, niewydolno\u015b\u0107 narz\u0105d\u00f3w, zaburzenia <a href=\"https:\/\/www.alab.pl\/centrum-wiedzy\/krzepniecie-krwi-na-czym-polega-jakie-czynniki-wplywaja-na-krzepliwosc-krwi\/\" target=\"_blank\" rel=\"noreferrer noopener\">krzepni\u0119cia<\/a>;<\/li>\n\n\n\n<li><strong>Faza nieodwracalna<\/strong> \u2013 martwica tkanek, ca\u0142kowita niewydolno\u015b\u0107 wielonarz\u0105dowa.<\/li>\n<\/ol>\n\n\n\n<p><strong>>> To mo\u017ce Ci\u0119 zainteresowa\u0107: <a href=\"https:\/\/www.alab.pl\/centrum-wiedzy\/martwica-jak-do-niej-dochodzi-objawy-przyczyny-rodzaje-martwicy-tkanek\/\" target=\"_blank\" rel=\"noreferrer noopener\">Martwica \u2013 jak do niej dochodzi? Objawy, przyczyny, rodzaje martwicy tkanek<\/a><\/strong><\/p>\n\n\n\n<h2 class=\"wp-block-heading\" id=\"Jak-rozpozna\u0107-wstrz\u0105s-septyczny?-Badania\">Jak rozpozna\u0107 wstrz\u0105s septyczny? Badania<\/h2>\n\n\n\n<p>Rozpoznanie opiera si\u0119 na szczeg\u00f3\u0142owym badaniu klinicznym i badaniach dodatkowych (uj\u0119te w kryteriach Sepsis-3):<\/p>\n\n\n\n<ul class=\"wp-block-list\">\n<li>obecno\u015b\u0107 zaka\u017cenia,<\/li>\n\n\n\n<li>wyst\u0119powanie dysfunkcji narz\u0105dowej (np. wzrost st\u0119\u017cenia mleczan\u00f3w > 2 mmol\/l),<\/li>\n\n\n\n<li>hipotensja wymagaj\u0105ca lek\u00f3w podnosz\u0105cych ci\u015bnienie krwi,<\/li>\n\n\n\n<li>badania laboratoryjne i obrazowe:\n<ul class=\"wp-block-list\">\n<li>morfologia krwi (leukocytoza lub leukopenia),<\/li>\n\n\n\n<li>markery stanu zapalnego: CRP (mo\u017ce by\u0107 niskie w pocz\u0105tkowej fazie!)<\/li>\n\n\n\n<li>prokalcytonina (ro\u015bnie wcze\u015bnie, w znacznej wi\u0119kszo\u015bci przypadk\u00f3w bardzo wysoka),<\/li>\n\n\n\n<li>posiewy pr\u00f3bek biologicznych (np. krwi i moczu &#8211; identyfikacja patogenu),<\/li>\n\n\n\n<li>gazometria krwi t\u0119tniczej (kwasica metaboliczna),<\/li>\n\n\n\n<li>USG, RTG, TK (lokalizacja ogniska infekcji).<\/li>\n<\/ul>\n<\/li>\n<\/ul>\n\n\n\n<figure class=\"wp-block-table\"><table class=\"has-fixed-layout\"><tbody><tr><td><strong>Warto wiedzie\u0107:<\/strong><br>Absolutn\u0105 podstaw\u0105, konieczn\u0105 do wczesnej identyfikacji pacjenta w stanie zagro\u017cenia \u017cycia, jest badanie podmiotowe i przedmiotowe \u2013 nie zast\u0105pi go \u017cadne badanie laboratoryjne i obrazowe. Je\u015bli podejrzewasz wstrz\u0105s u danej osoby &#8211; nie zwlekaj, dzwo\u0144 na 112. Tu liczy si\u0119 ka\u017cda godzina.<\/td><\/tr><\/tbody><\/table><\/figure>\n\n\n\n<figure class=\"wp-block-image size-full\"><a href=\"https:\/\/www.alab.pl\/badanie\/prokalcytonina-pct-n58\" target=\"_blank\" rel=\" noreferrer noopener\"><img loading=\"lazy\" decoding=\"async\" width=\"800\" height=\"200\" src=\"https:\/\/www.alab.pl\/centrum-wiedzy\/wp-content\/uploads\/2025\/03\/Badanie-prokalcytoniny-PCT.png\" alt=\"Badanie prokalcytoniny (PCT) banerek\" class=\"wp-image-22219\" srcset=\"https:\/\/www.alab.pl\/centrum-wiedzy\/wp-content\/uploads\/2025\/03\/Badanie-prokalcytoniny-PCT.png 800w, https:\/\/www.alab.pl\/centrum-wiedzy\/wp-content\/uploads\/2025\/03\/Badanie-prokalcytoniny-PCT-768x192.png 768w, https:\/\/www.alab.pl\/centrum-wiedzy\/wp-content\/uploads\/2025\/03\/Badanie-prokalcytoniny-PCT-150x38.png 150w, https:\/\/www.alab.pl\/centrum-wiedzy\/wp-content\/uploads\/2025\/03\/Badanie-prokalcytoniny-PCT-300x75.png 300w, https:\/\/www.alab.pl\/centrum-wiedzy\/wp-content\/uploads\/2025\/03\/Badanie-prokalcytoniny-PCT-696x174.png 696w\" sizes=\"auto, (max-width: 800px) 100vw, 800px\" \/><\/a><\/figure>\n\n\n\n<h2 class=\"wp-block-heading\" id=\"Leczenie-wstrz\u0105su-septycznego\">Leczenie wstrz\u0105su septycznego<\/h2>\n\n\n\n<p>Terapia jest z\u0142o\u017cona, wielokierunkowa i ma na celu <strong>eliminacj\u0119 <\/strong>zaka\u017cenia (antybiotyki o szerokim spektrum, ewentualnie opracowanie chirurgiczne ogniska zaka\u017cenia \u2013 je\u015bli konieczne i mo\u017cliwe), <strong>stabilizacj\u0119 hemodynamiczn\u0105<\/strong> (p\u0142ynoterapia, wazopresory \u2013 noradrenalina), <strong>wsparcie narz\u0105dowe<\/strong> (tlenoterapia, dializa, wentylacja mechaniczna) i <strong>leczenie objawowe<\/strong>.<\/p>\n\n\n\n<h2 class=\"wp-block-heading\" id=\"Jak-d\u0142ugo-trwa-leczenie-wstrz\u0105su-septycznego?\">Jak d\u0142ugo trwa leczenie wstrz\u0105su septycznego?<\/h2>\n\n\n\n<p>Leczenie szpitalne trwa zwykle <strong>2-4 tygodnie<\/strong>, ale rehabilitacja i powr\u00f3t do zdrowia mog\u0105 zaj\u0105\u0107 <strong>miesi\u0105ce<\/strong>. Wiele zale\u017cy od tego, czy s\u0105 obecne powik\u0142ania narz\u0105dowe i od stopnia ich ci\u0119\u017cko\u015bci.<\/p>\n\n\n\n<p><strong>>> Przeczytaj: <a href=\"https:\/\/www.alab.pl\/centrum-wiedzy\/sepsa-powazne-zagrozenie-dla-dziecka\/\" target=\"_blank\" rel=\"noreferrer noopener\">Sepsa u dziecka \u2013 powa\u017cne zagro\u017cenie dla malucha<\/a><\/strong><\/p>\n\n\n\n<h2 class=\"wp-block-heading\" id=\"Wstrz\u0105s-septyczny-\u2013-rokowania\">Wstrz\u0105s septyczny \u2013 rokowania<\/h2>\n\n\n\n<p><strong>\u015amiertelno\u015b\u0107 jest zr\u00f3\u017cnicowana, jednak wysoka \u2013 szacunkowo wynosi od 10 do 50%<\/strong>, w zale\u017cno\u015bci od szybko\u015bci wdro\u017cenia leczenia, stanu pacjenta i chor\u00f3b wsp\u00f3\u0142istniej\u0105cych.<\/p>\n\n\n\n<h3 class=\"wp-block-heading\" id=\"Czy-mo\u017cna-prze\u017cy\u0107-wstrz\u0105s-septyczny?\">Czy mo\u017cna prze\u017cy\u0107 wstrz\u0105s septyczny?<\/h3>\n\n\n\n<p>Tak, ale wymaga to <strong>natychmiastowej interwencji medycznej<\/strong>. Wed\u0142ug danych naukowych wczesne podanie antybiotyk\u00f3w i leczenie podtrzymuj\u0105ce istotnie zwi\u0119kszaj\u0105 szanse prze\u017cycia.<\/p>\n\n\n\n<hr class=\"wp-block-separator has-alpha-channel-opacity\"\/>\n\n\n\n<p><strong>\u0179r\u00f3d\u0142a<\/strong><\/p>\n\n\n\n<ol class=\"wp-block-list\">\n<li>Singer M, Deutschman CS, Seymour CW, Shankar-Hari M, Annane D, Bauer M, Bellomo R, Bernard GR, Chiche JD, Coopersmith CM, Hotchkiss RS, Levy MM, Marshall JC, Martin GS, Opal SM, Rubenfeld GD, van der Poll T, Vincent JL, Angus DC. The Third International Consensus Definitions for Sepsis and Septic Shock (Sepsis-3). JAMA. 2016 Feb 23;315(8):801-10. doi: 10.1001\/jama.2016.0287. PMID: 26903338; PMCID: PMC4968574., https:\/\/pmc.ncbi.nlm.nih.gov\/articles\/PMC4968574 (dost\u0119p: 02.07.2025).<\/li>\n\n\n\n<li>Rhodes A, Evans LE, Alhazzani W, Levy MM, Antonelli M, Ferrer R, Kumar A, Sevransky JE, Sprung CL, Nunnally ME, Rochwerg B, Rubenfeld GD, Angus DC, Annane D, Beale RJ, Bellinghan GJ, Bernard GR, Chiche JD, Coopersmith C, De Backer DP, French CJ, Fujishima S, Gerlach H, Hidalgo JL, Hollenberg SM, Jones AE, Karnad DR, Kleinpell RM, Koh Y, Lisboa TC, Machado FR, Marini JJ, Marshall JC, Mazuski JE, McIntyre LA, McLean AS, Mehta S, Moreno RP, Myburgh J, Navalesi P, Nishida O, Osborn TM, Perner A, Plunkett CM, Ranieri M, Schorr CA, Seckel MA, Seymour CW, Shieh L, Shukri KA, Simpson SQ, Singer M, Thompson BT, Townsend SR, Van der Poll T, Vincent JL, Wiersinga WJ, Zimmerman JL, Dellinger RP. Surviving Sepsis Campaign: International Guidelines for Management of Sepsis and Septic Shock: 2016. Intensive Care Med. 2017 Mar;43(3):304-377. doi: 10.1007\/s00134-017-4683-6. Epub 2017 Jan 18. PMID: 28101605., https:\/\/link.springer.com\/article\/10.1007\/s00134-017-4683-6 (dost\u0119p: 02.07.2025).<\/li>\n\n\n\n<li>Rudd KE, Johnson SC, Agesa KM, Shackelford KA, Tsoi D, Kievlan DR, Colombara DV, Ikuta KS, Kissoon N, Finfer S, Fleischmann-Struzek C, Machado FR, Reinhart KK, Rowan K, Seymour CW, Watson RS, West TE, Marinho F, Hay SI, Lozano R, Lopez AD, Angus DC, Murray CJL, Naghavi M. Global, regional, and national sepsis incidence and mortality, 1990-2017: analysis for the Global Burden of Disease Study. Lancet. 2020 Jan 18;395(10219):200-211. doi: 10.1016\/S0140-6736(19)32989-7. PMID: 31954465; PMCID: PMC6970225., https:\/\/pmc.ncbi.nlm.nih.gov\/articles\/PMC6970225 (dost\u0119p: 02.07.2025).<\/li>\n<\/ol>\n","protected":false},"excerpt":{"rendered":"<p>Wstrz\u0105s septyczny to najci\u0119\u017csza posta\u0107 sepsy. Jakie s\u0105 przyczyny, objawy i fazy rozwoju tego stanu? Sprawd\u017a.<\/p>\n","protected":false},"author":154,"featured_media":24739,"comment_status":"closed","ping_status":"closed","sticky":false,"template":"","format":"standard","meta":{"_acf_changed":false,"inline_featured_image":false,"footnotes":""},"categories":[23],"tags":[],"coauthors":[151],"class_list":{"0":"post-25790","1":"post","2":"type-post","3":"status-publish","4":"format-standard","5":"has-post-thumbnail","7":"category-infekcje-i-pasozyty"},"acf":[],"yoast_head":"<!-- This site is optimized with the Yoast SEO plugin v27.5 - https:\/\/yoast.com\/product\/yoast-seo-wordpress\/ -->\n<title>Wstrz\u0105s septyczny \u2013 czym jest i jak si\u0119 objawia? Przyczyny, rozpoznanie, leczenie - Centrum Wiedzy ALAB laboratoria<\/title>\n<meta name=\"description\" content=\"Wstrz\u0105s septyczny to najci\u0119\u017csza posta\u0107 sepsy. Jakie s\u0105 przyczyny, objawy i fazy rozwoju tego stanu? Sprawd\u017a.\" \/>\n<meta name=\"robots\" content=\"index, follow, max-snippet:-1, max-image-preview:large, max-video-preview:-1\" \/>\n<link rel=\"canonical\" href=\"https:\/\/www.alab.pl\/centrum-wiedzy\/wstrzas-septyczny-czym-jest-i-jak-sie-objawia-przyczyny-rozpoznanie-leczenie\/\" \/>\n<meta property=\"og:locale\" content=\"pl_PL\" \/>\n<meta property=\"og:type\" content=\"article\" \/>\n<meta property=\"og:title\" content=\"Wstrz\u0105s septyczny \u2013 czym jest i jak si\u0119 objawia? Przyczyny, rozpoznanie, leczenie - Centrum Wiedzy ALAB laboratoria\" \/>\n<meta property=\"og:description\" content=\"Wstrz\u0105s septyczny to najci\u0119\u017csza posta\u0107 sepsy. Jakie s\u0105 przyczyny, objawy i fazy rozwoju tego stanu? Sprawd\u017a.\" \/>\n<meta property=\"og:url\" content=\"https:\/\/www.alab.pl\/centrum-wiedzy\/wstrzas-septyczny-czym-jest-i-jak-sie-objawia-przyczyny-rozpoznanie-leczenie\/\" \/>\n<meta property=\"og:site_name\" content=\"Centrum Wiedzy ALAB laboratoria\" \/>\n<meta property=\"article:publisher\" content=\"https:\/\/www.facebook.com\/ALABlaboratoria\" \/>\n<meta property=\"article:published_time\" content=\"2025-07-29T06:09:18+00:00\" \/>\n<meta property=\"article:modified_time\" content=\"2025-07-29T06:09:20+00:00\" \/>\n<meta property=\"og:image\" content=\"https:\/\/www.alab.pl\/centrum-wiedzy\/wp-content\/uploads\/2025\/07\/Wstrzas_septyczny_cover-.jpg\" \/>\n\t<meta property=\"og:image:width\" content=\"1925\" \/>\n\t<meta property=\"og:image:height\" content=\"1285\" \/>\n\t<meta property=\"og:image:type\" content=\"image\/jpeg\" \/>\n<meta name=\"author\" content=\"Damian Matusiak\" \/>\n<meta name=\"twitter:card\" content=\"summary_large_image\" \/>\n<meta name=\"twitter:label1\" content=\"Napisane przez\" \/>\n\t<meta name=\"twitter:data1\" content=\"Damian Matusiak\" \/>\n\t<meta name=\"twitter:label2\" content=\"Szacowany czas czytania\" \/>\n\t<meta name=\"twitter:data2\" content=\"8 minut\" \/>\n\t<meta name=\"twitter:label3\" content=\"Written by\" \/>\n\t<meta name=\"twitter:data3\" content=\"Damian Matusiak\" \/>\n<!-- \/ Yoast SEO plugin. -->","yoast_head_json":{"title":"Wstrz\u0105s septyczny \u2013 czym jest i jak si\u0119 objawia? Przyczyny, rozpoznanie, leczenie - Centrum Wiedzy ALAB laboratoria","description":"Wstrz\u0105s septyczny to najci\u0119\u017csza posta\u0107 sepsy. Jakie s\u0105 przyczyny, objawy i fazy rozwoju tego stanu? Sprawd\u017a.","robots":{"index":"index","follow":"follow","max-snippet":"max-snippet:-1","max-image-preview":"max-image-preview:large","max-video-preview":"max-video-preview:-1"},"canonical":"https:\/\/www.alab.pl\/centrum-wiedzy\/wstrzas-septyczny-czym-jest-i-jak-sie-objawia-przyczyny-rozpoznanie-leczenie\/","og_locale":"pl_PL","og_type":"article","og_title":"Wstrz\u0105s septyczny \u2013 czym jest i jak si\u0119 objawia? Przyczyny, rozpoznanie, leczenie - Centrum Wiedzy ALAB laboratoria","og_description":"Wstrz\u0105s septyczny to najci\u0119\u017csza posta\u0107 sepsy. Jakie s\u0105 przyczyny, objawy i fazy rozwoju tego stanu? Sprawd\u017a.","og_url":"https:\/\/www.alab.pl\/centrum-wiedzy\/wstrzas-septyczny-czym-jest-i-jak-sie-objawia-przyczyny-rozpoznanie-leczenie\/","og_site_name":"Centrum Wiedzy ALAB laboratoria","article_publisher":"https:\/\/www.facebook.com\/ALABlaboratoria","article_published_time":"2025-07-29T06:09:18+00:00","article_modified_time":"2025-07-29T06:09:20+00:00","og_image":[{"width":1925,"height":1285,"url":"https:\/\/www.alab.pl\/centrum-wiedzy\/wp-content\/uploads\/2025\/07\/Wstrzas_septyczny_cover-.jpg","type":"image\/jpeg"}],"author":"Damian Matusiak","twitter_card":"summary_large_image","twitter_misc":{"Napisane przez":"Damian Matusiak","Szacowany czas czytania":"8 minut","Written by":"Damian Matusiak"},"schema":{"@context":"https:\/\/schema.org","@graph":[{"@type":"Article","@id":"https:\/\/www.alab.pl\/centrum-wiedzy\/wstrzas-septyczny-czym-jest-i-jak-sie-objawia-przyczyny-rozpoznanie-leczenie\/#article","isPartOf":{"@id":"https:\/\/www.alab.pl\/centrum-wiedzy\/wstrzas-septyczny-czym-jest-i-jak-sie-objawia-przyczyny-rozpoznanie-leczenie\/"},"author":{"name":"Damian Matusiak","@id":"https:\/\/www.alab.pl\/centrum-wiedzy\/#\/schema\/person\/5709fe1c1c909754033072d7f8155a44"},"headline":"Wstrz\u0105s septyczny \u2013 czym jest i jak si\u0119 objawia? Przyczyny, rozpoznanie, leczenie","datePublished":"2025-07-29T06:09:18+00:00","dateModified":"2025-07-29T06:09:20+00:00","mainEntityOfPage":{"@id":"https:\/\/www.alab.pl\/centrum-wiedzy\/wstrzas-septyczny-czym-jest-i-jak-sie-objawia-przyczyny-rozpoznanie-leczenie\/"},"wordCount":1317,"publisher":{"@id":"https:\/\/www.alab.pl\/centrum-wiedzy\/#organization"},"image":{"@id":"https:\/\/www.alab.pl\/centrum-wiedzy\/wstrzas-septyczny-czym-jest-i-jak-sie-objawia-przyczyny-rozpoznanie-leczenie\/#primaryimage"},"thumbnailUrl":"https:\/\/www.alab.pl\/centrum-wiedzy\/wp-content\/uploads\/2025\/07\/Wstrzas_septyczny_cover-.jpg","articleSection":["Infekcje i paso\u017cyty"],"inLanguage":"pl-PL"},{"@type":"WebPage","@id":"https:\/\/www.alab.pl\/centrum-wiedzy\/wstrzas-septyczny-czym-jest-i-jak-sie-objawia-przyczyny-rozpoznanie-leczenie\/","url":"https:\/\/www.alab.pl\/centrum-wiedzy\/wstrzas-septyczny-czym-jest-i-jak-sie-objawia-przyczyny-rozpoznanie-leczenie\/","name":"Wstrz\u0105s septyczny \u2013 czym jest i jak si\u0119 objawia? Przyczyny, rozpoznanie, leczenie - Centrum Wiedzy ALAB laboratoria","isPartOf":{"@id":"https:\/\/www.alab.pl\/centrum-wiedzy\/#website"},"primaryImageOfPage":{"@id":"https:\/\/www.alab.pl\/centrum-wiedzy\/wstrzas-septyczny-czym-jest-i-jak-sie-objawia-przyczyny-rozpoznanie-leczenie\/#primaryimage"},"image":{"@id":"https:\/\/www.alab.pl\/centrum-wiedzy\/wstrzas-septyczny-czym-jest-i-jak-sie-objawia-przyczyny-rozpoznanie-leczenie\/#primaryimage"},"thumbnailUrl":"https:\/\/www.alab.pl\/centrum-wiedzy\/wp-content\/uploads\/2025\/07\/Wstrzas_septyczny_cover-.jpg","datePublished":"2025-07-29T06:09:18+00:00","dateModified":"2025-07-29T06:09:20+00:00","description":"Wstrz\u0105s septyczny to najci\u0119\u017csza posta\u0107 sepsy. Jakie s\u0105 przyczyny, objawy i fazy rozwoju tego stanu? Sprawd\u017a.","breadcrumb":{"@id":"https:\/\/www.alab.pl\/centrum-wiedzy\/wstrzas-septyczny-czym-jest-i-jak-sie-objawia-przyczyny-rozpoznanie-leczenie\/#breadcrumb"},"inLanguage":"pl-PL","potentialAction":[{"@type":"ReadAction","target":["https:\/\/www.alab.pl\/centrum-wiedzy\/wstrzas-septyczny-czym-jest-i-jak-sie-objawia-przyczyny-rozpoznanie-leczenie\/"]}]},{"@type":"ImageObject","inLanguage":"pl-PL","@id":"https:\/\/www.alab.pl\/centrum-wiedzy\/wstrzas-septyczny-czym-jest-i-jak-sie-objawia-przyczyny-rozpoznanie-leczenie\/#primaryimage","url":"https:\/\/www.alab.pl\/centrum-wiedzy\/wp-content\/uploads\/2025\/07\/Wstrzas_septyczny_cover-.jpg","contentUrl":"https:\/\/www.alab.pl\/centrum-wiedzy\/wp-content\/uploads\/2025\/07\/Wstrzas_septyczny_cover-.jpg","width":1925,"height":1285,"caption":"Wstrzas_septyczny_cover"},{"@type":"BreadcrumbList","@id":"https:\/\/www.alab.pl\/centrum-wiedzy\/wstrzas-septyczny-czym-jest-i-jak-sie-objawia-przyczyny-rozpoznanie-leczenie\/#breadcrumb","itemListElement":[{"@type":"ListItem","position":1,"name":"Strona g\u0142\u00f3wna","item":"https:\/\/www.alab.pl\/centrum-wiedzy\/"},{"@type":"ListItem","position":2,"name":"Wstrz\u0105s septyczny \u2013 czym jest i jak si\u0119 objawia? Przyczyny, rozpoznanie, leczenie"}]},{"@type":"WebSite","@id":"https:\/\/www.alab.pl\/centrum-wiedzy\/#website","url":"https:\/\/www.alab.pl\/centrum-wiedzy\/","name":"Centrum Wiedzy ALAB laboratoria","description":"","publisher":{"@id":"https:\/\/www.alab.pl\/centrum-wiedzy\/#organization"},"potentialAction":[{"@type":"SearchAction","target":{"@type":"EntryPoint","urlTemplate":"https:\/\/www.alab.pl\/centrum-wiedzy\/?s={search_term_string}"},"query-input":{"@type":"PropertyValueSpecification","valueRequired":true,"valueName":"search_term_string"}}],"inLanguage":"pl-PL"},{"@type":"Organization","@id":"https:\/\/www.alab.pl\/centrum-wiedzy\/#organization","name":"Centrum Wiedzy ALAB laboratoria","url":"https:\/\/www.alab.pl\/centrum-wiedzy\/","logo":{"@type":"ImageObject","inLanguage":"pl-PL","@id":"https:\/\/www.alab.pl\/centrum-wiedzy\/#\/schema\/logo\/image\/","url":"https:\/\/www.alab.pl\/centrum-wiedzy\/wp-content\/uploads\/2022\/04\/alabek.jpg","contentUrl":"https:\/\/www.alab.pl\/centrum-wiedzy\/wp-content\/uploads\/2022\/04\/alabek.jpg","width":1250,"height":1251,"caption":"Centrum Wiedzy ALAB laboratoria"},"image":{"@id":"https:\/\/www.alab.pl\/centrum-wiedzy\/#\/schema\/logo\/image\/"},"sameAs":["https:\/\/www.facebook.com\/ALABlaboratoria"]},{"@type":"Person","@id":"https:\/\/www.alab.pl\/centrum-wiedzy\/#\/schema\/person\/5709fe1c1c909754033072d7f8155a44","name":"Damian Matusiak","image":{"@type":"ImageObject","inLanguage":"pl-PL","@id":"https:\/\/www.alab.pl\/centrum-wiedzy\/wp-content\/uploads\/2023\/10\/Damian-Matusiak-jpg-150x150.webp4a39f9a6ab8bdce93cc7d4859c6e6401","url":"https:\/\/www.alab.pl\/centrum-wiedzy\/wp-content\/uploads\/2023\/10\/Damian-Matusiak-jpg-150x150.webp","contentUrl":"https:\/\/www.alab.pl\/centrum-wiedzy\/wp-content\/uploads\/2023\/10\/Damian-Matusiak-jpg-150x150.webp","caption":"Damian Matusiak"},"description":"Specjalista pediatrii, kieruj\u0105cy Oddzia\u0142em Pediatrycznym w Lesznie, absolwent Uniwersytetu Medycznego im. Karola Marcinkowskiego w Poznaniu; pasjonat ultrasonografii i nowinek ze \u015bwiata nauki.","url":"https:\/\/www.alab.pl\/centrum-wiedzy\/author\/damian-matusiak\/"}]}},"_links":{"self":[{"href":"https:\/\/www.alab.pl\/centrum-wiedzy\/wp-json\/wp\/v2\/posts\/25790","targetHints":{"allow":["GET"]}}],"collection":[{"href":"https:\/\/www.alab.pl\/centrum-wiedzy\/wp-json\/wp\/v2\/posts"}],"about":[{"href":"https:\/\/www.alab.pl\/centrum-wiedzy\/wp-json\/wp\/v2\/types\/post"}],"author":[{"embeddable":true,"href":"https:\/\/www.alab.pl\/centrum-wiedzy\/wp-json\/wp\/v2\/users\/154"}],"replies":[{"embeddable":true,"href":"https:\/\/www.alab.pl\/centrum-wiedzy\/wp-json\/wp\/v2\/comments?post=25790"}],"version-history":[{"count":4,"href":"https:\/\/www.alab.pl\/centrum-wiedzy\/wp-json\/wp\/v2\/posts\/25790\/revisions"}],"predecessor-version":[{"id":25799,"href":"https:\/\/www.alab.pl\/centrum-wiedzy\/wp-json\/wp\/v2\/posts\/25790\/revisions\/25799"}],"wp:featuredmedia":[{"embeddable":true,"href":"https:\/\/www.alab.pl\/centrum-wiedzy\/wp-json\/wp\/v2\/media\/24739"}],"wp:attachment":[{"href":"https:\/\/www.alab.pl\/centrum-wiedzy\/wp-json\/wp\/v2\/media?parent=25790"}],"wp:term":[{"taxonomy":"category","embeddable":true,"href":"https:\/\/www.alab.pl\/centrum-wiedzy\/wp-json\/wp\/v2\/categories?post=25790"},{"taxonomy":"post_tag","embeddable":true,"href":"https:\/\/www.alab.pl\/centrum-wiedzy\/wp-json\/wp\/v2\/tags?post=25790"},{"taxonomy":"author","embeddable":true,"href":"https:\/\/www.alab.pl\/centrum-wiedzy\/wp-json\/wp\/v2\/coauthors?post=25790"}],"curies":[{"name":"wp","href":"https:\/\/api.w.org\/{rel}","templated":true}]}}