{"id":25809,"date":"2025-07-29T11:03:45","date_gmt":"2025-07-29T09:03:45","guid":{"rendered":"https:\/\/www.alab.pl\/centrum-wiedzy\/?p=25809"},"modified":"2025-07-29T11:03:47","modified_gmt":"2025-07-29T09:03:47","slug":"przepuklina-pepkowa-u-dzieci-i-niemowlat-objawy-i-sposoby-leczenia","status":"publish","type":"post","link":"https:\/\/www.alab.pl\/centrum-wiedzy\/przepuklina-pepkowa-u-dzieci-i-niemowlat-objawy-i-sposoby-leczenia\/","title":{"rendered":"Przepuklina p\u0119pkowa u dzieci i niemowl\u0105t \u2013 objawy i sposoby leczenia"},"content":{"rendered":"\n<p><strong>Przepuklina p\u0119pkowa to jedna z najcz\u0119stszych wad wrodzonych u niemowl\u0105t i ma\u0142ych dzieci. Cho\u0107 zwykle nie jest gro\u017ana, mo\u017ce budzi\u0107 niepok\u00f3j rodzic\u00f3w. W artykule wyja\u015bniamy, czym jest przepuklina p\u0119pkowa, jakie s\u0105 jej objawy u noworodk\u00f3w, niemowl\u0105t i starszych dzieci, oraz kiedy wymaga leczenia operacyjnego. Dowiesz si\u0119 r\u00f3wnie\u017c, czy przepuklina p\u0119pkowa mo\u017ce znikn\u0105\u0107 samoistnie i jakie \u0107wiczenia mog\u0105 pom\u00f3c w jej zmniejszeniu.<\/strong><\/p>\n\n\n\n<p>Spis tre\u015bci:<\/p>\n\n\n\n<ol class=\"wp-block-list\">\n<li><a href=\"#Przepuklina-p\u0119pkowa-u-dzieci-\u2013-co-to-jest-i-kiedy-wyst\u0119puje?\">Przepuklina p\u0119pkowa u dzieci \u2013 co to jest i kiedy wyst\u0119puje?<\/a><\/li>\n\n\n\n<li><a href=\"#Jak-cz\u0119sto-wyst\u0119puje-przepuklina-p\u0119pkowa-u-dziecka?\">Jak cz\u0119sto wyst\u0119puje przepuklina p\u0119pkowa u dziecka?<\/a><\/li>\n\n\n\n<li><a href=\"#Objawy-przepukliny-p\u0119pkowej-u-dzieci\">Objawy przepukliny p\u0119pkowej u dzieci<\/a>\n<ul class=\"wp-block-list\">\n<li><span style=\"color: initial;\"><a href=\"#Jak-wygl\u0105da-przepuklina-p\u0119pkowa-u-noworodka?\">Jak wygl\u0105da przepuklina p\u0119pkowa u noworodka?<\/a><\/span><\/li>\n\n\n\n<li><span style=\"color: initial;\"><a href=\"#Przepuklina-p\u0119pkowa-u-niemowl\u0119cia\">Przepuklina p\u0119pkowa u niemowl\u0119cia<\/a><\/span><\/li>\n\n\n\n<li><span style=\"color: initial;\"><a href=\"#Przepuklina-p\u0119pkowa-u-wcze\u015bniaka\">Przepuklina p\u0119pkowa u wcze\u015bniaka<\/a><\/span><\/li>\n\n\n\n<li><a href=\"#Przepuklina-p\u0119pkowa-u-kilkulatka\">Przepuklina p\u0119pkowa u kilkulatka<\/a><\/li>\n<\/ul>\n<\/li>\n\n\n\n<li><a href=\"#Czy-przepuklina-p\u0119pkowa-u-dzieci-jest-gro\u017ana?\">Czy przepuklina p\u0119pkowa u dzieci jest gro\u017ana?<\/a><\/li>\n\n\n\n<li><a href=\"#Rozpoznanie-przepukliny-p\u0119pkowej-u-dziecka\">Rozpoznanie przepukliny p\u0119pkowej u dziecka<\/a><\/li>\n\n\n\n<li><a href=\"#Jak-leczy\u0107-przepuklin\u0119-p\u0119pkow\u0105-u-dziecka?\">Jak leczy\u0107 przepuklin\u0119 p\u0119pkow\u0105 u dziecka?<\/a>\n<ul class=\"wp-block-list\">\n<li><span style=\"color: initial;\"><a href=\"#\u0106wiczenia-na-przepuklin\u0119-p\u0119pkow\u0105-u-dzieci\">\u0106wiczenia na przepuklin\u0119 p\u0119pkow\u0105 u dzieci<\/a><\/span><\/li>\n\n\n\n<li><a href=\"#Kiedy-nale\u017cy-operowa\u0107-przepuklin\u0119-p\u0119pkow\u0105-u-dzieci?\">Kiedy nale\u017cy operowa\u0107 przepuklin\u0119 p\u0119pkow\u0105 u dzieci?<\/a><\/li>\n<\/ul>\n<\/li>\n\n\n\n<li><a href=\"#Podsumowanie\">Podsumowanie<\/a><\/li>\n<\/ol>\n\n\n\n<h2 class=\"wp-block-heading\" id=\"Przepuklina-p\u0119pkowa-u-dzieci-\u2013-co-to-jest-i-kiedy-wyst\u0119puje?\">Przepuklina p\u0119pkowa u dzieci \u2013 co to jest i kiedy wyst\u0119puje?<\/h2>\n\n\n\n<p>Przepuklina p\u0119pkowa to uwypuklenie otrzewnej i fragment\u00f3w jelita przez os\u0142abione mi\u0119\u015bnie brzucha w okolicy p\u0119pka. Powstaje w wyniku niezamkni\u0119cia si\u0119 pier\u015bcienia p\u0119pkowego po odpadni\u0119ciu kikuta p\u0119powiny. U wi\u0119kszo\u015bci dzieci przepuklina jest niewielka (1-2 cm) i nie powoduje \u017cadnych dolegliwo\u015bci. Wyst\u0119puje g\u0142\u00f3wnie u:<\/p>\n\n\n\n<ul class=\"wp-block-list\">\n<li><strong>noworodk\u00f3w <\/strong>\u2013 szczeg\u00f3lnie tych z nisk\u0105 mas\u0105 urodzeniow\u0105,<\/li>\n\n\n\n<li><strong>wcze\u015bniak\u00f3w<\/strong> \u2013 u kt\u00f3rych mi\u0119\u015bnie brzucha s\u0105 s\u0142abiej rozwini\u0119te,<\/li>\n\n\n\n<li><strong>dzieci z niekt\u00f3rymi chorobami genetycznymi<\/strong> (np. <a href=\"https:\/\/www.alab.pl\/centrum-wiedzy\/rozwoj-dziecka-z-zespolem-downa\/\" target=\"_blank\" rel=\"noreferrer noopener\">zesp\u00f3\u0142em Downa<\/a>).<\/li>\n<\/ul>\n\n\n\n<p><strong>>> Sprawd\u017a: <a href=\"https:\/\/www.alab.pl\/centrum-wiedzy\/wady-postawy-u-dzieci-rodzaje-przyczyny-i-leczenie\/\" target=\"_blank\" rel=\"noreferrer noopener\">Wady postawy u dzieci \u2013 rodzaje, przyczyny i leczenie<\/a><\/strong><\/p>\n\n\n\n<h2 class=\"wp-block-heading\" id=\"Jak-cz\u0119sto-wyst\u0119puje-przepuklina-p\u0119pkowa-u-dziecka?\">Jak cz\u0119sto wyst\u0119puje przepuklina p\u0119pkowa u dziecka?<\/h2>\n\n\n\n<p>Przepuklina p\u0119pkowa dotyczy du\u017cego odsetka niemowl\u0105t \u2013 nawet do 20% z nich \u2013 przy czym <strong>cz\u0119\u015bciej wyst\u0119puje u:<\/strong><\/p>\n\n\n\n<ul class=\"wp-block-list\">\n<li>dziewczynek ni\u017c u ch\u0142opc\u00f3w,<\/li>\n\n\n\n<li>dzieci afroameryka\u0144skich (nawet 25-30% przypadk\u00f3w),<\/li>\n\n\n\n<li>noworodk\u00f3w z nisk\u0105 mas\u0105 urodzeniow\u0105 (poni\u017cej 2500 g).<\/li>\n<\/ul>\n\n\n\n<p>W wi\u0119kszo\u015bci przypadk\u00f3w <strong>przepuklina znika samoistnie do 5. roku \u017cycia<\/strong>, gdy mi\u0119\u015bnie brzucha wzmacniaj\u0105 si\u0119 wskutek nabycia zdolno\u015bci do chodzenia, a tym samym naturalnego wzmacniania si\u0119 mi\u0119\u015bni.<\/p>\n\n\n\n<p><strong>>> Przeczytaj: <a href=\"https:\/\/www.alab.pl\/centrum-wiedzy\/czym-jest-krzywica\/\" target=\"_blank\" rel=\"noreferrer noopener\">Czym jest krzywica?<\/a><\/strong><\/p>\n\n\n\n<figure class=\"wp-block-image size-full\"><a href=\"https:\/\/www.alab.pl\/pakiet\/pakiet-malego-dziecka\" target=\"_blank\" rel=\" noreferrer noopener\"><img loading=\"lazy\" decoding=\"async\" width=\"800\" height=\"200\" src=\"https:\/\/www.alab.pl\/centrum-wiedzy\/wp-content\/uploads\/2025\/02\/Pakiet-malego-dziecka-6-badan.jpg\" alt=\"Pakiet ma\u0142ego dziecka (6 badan\u0301) banerek\" class=\"wp-image-21535\" srcset=\"https:\/\/www.alab.pl\/centrum-wiedzy\/wp-content\/uploads\/2025\/02\/Pakiet-malego-dziecka-6-badan.jpg 800w, https:\/\/www.alab.pl\/centrum-wiedzy\/wp-content\/uploads\/2025\/02\/Pakiet-malego-dziecka-6-badan-768x192.jpg 768w, https:\/\/www.alab.pl\/centrum-wiedzy\/wp-content\/uploads\/2025\/02\/Pakiet-malego-dziecka-6-badan-150x38.jpg 150w, https:\/\/www.alab.pl\/centrum-wiedzy\/wp-content\/uploads\/2025\/02\/Pakiet-malego-dziecka-6-badan-300x75.jpg 300w, https:\/\/www.alab.pl\/centrum-wiedzy\/wp-content\/uploads\/2025\/02\/Pakiet-malego-dziecka-6-badan-696x174.jpg 696w\" sizes=\"auto, (max-width: 800px) 100vw, 800px\" \/><\/a><\/figure>\n\n\n\n<h2 class=\"wp-block-heading\" id=\"Objawy-przepukliny-p\u0119pkowej-u-dzieci\">Objawy przepukliny p\u0119pkowej u dzieci<\/h2>\n\n\n\n<p>G\u0142\u00f3wnym objawem jest <strong>mi\u0119kkie uwypuklenie w okolicy p\u0119pka<\/strong>, kt\u00f3re mo\u017ce powi\u0119ksza\u0107 si\u0119 podczas p\u0142aczu, kaszlu lub parcia. Rzadko zdarza si\u0119, \u017ce dochodzi do uwi\u0119\u017ani\u0119cia przepukliny, czyli \u201ewej\u015bcia\u201d cz\u0119\u015bci jelita wraz z p\u0119czkiem naczyniowym do worka przepuklinowego.<\/p>\n\n\n\n<p>Zazwyczaj towarzyszy temu silna p\u0142aczliwo\u015b\u0107, widoczny guzowaty tw\u00f3r w miejscu przepukliny i pogarszaj\u0105cy si\u0119 stan dziecka.<\/p>\n\n\n\n<h3 class=\"wp-block-heading\" id=\"Jak-wygl\u0105da-przepuklina-p\u0119pkowa-u-noworodka?\">Jak wygl\u0105da przepuklina p\u0119pkowa u noworodka?<\/h3>\n\n\n\n<p>Ma posta\u0107 ma\u0142ej, elastycznej wypuk\u0142o\u015bci (zwykle 1-3 cm). Mo\u017ce by\u0107 bardziej widoczna przy napinaniu mi\u0119\u015bni brzucha. <strong>W znacznej wi\u0119kszo\u015bci przypadk\u00f3w nie boli i daje si\u0119 \u0142atwo odprowadzi\u0107 palcem.<\/strong><\/p>\n\n\n\n<h3 class=\"wp-block-heading\" id=\"Przepuklina-p\u0119pkowa-u-niemowl\u0119cia\">Przepuklina p\u0119pkowa u niemowl\u0119cia<\/h3>\n\n\n\n<p>Najcz\u0119\u015bciej pojawia si\u0119 w pierwszych tygodniach \u017cycia. <strong>Zazwyczaj nie wymaga interwencji chirurgicznej.<\/strong> Zmniejsza si\u0119 samoistnie wraz z rozwojem mi\u0119\u015bni brzucha.<\/p>\n\n\n\n<h3 class=\"wp-block-heading\" id=\"Przepuklina-p\u0119pkowa-u-wcze\u015bniaka\">Przepuklina p\u0119pkowa u wcze\u015bniaka<\/h3>\n\n\n\n<p><strong>Wyst\u0119puje cz\u0119\u015bciej ni\u017c u donoszonych noworodk\u00f3w.<\/strong> Mo\u017ce by\u0107 proporcjonalnie wi\u0119ksza ze wzgl\u0119du na s\u0142absze mi\u0119\u015bnie brzucha. Wymaga obserwacji, ale <strong>rzadko prowadzi do powik\u0142a\u0144<\/strong>.<\/p>\n\n\n\n<h3 class=\"wp-block-heading\" id=\"Przepuklina-p\u0119pkowa-u-kilkulatka\">Przepuklina p\u0119pkowa u kilkulatka<\/h3>\n\n\n\n<p><strong>Utrzymywanie si\u0119 przepukliny po 5. roku \u017cycia wskazuje na konieczno\u015b\u0107 operacji.<\/strong> Je\u015bli przepuklina powi\u0119ksza si\u0119 lub boli, mo\u017ce wymaga\u0107 pilnej konsultacji chirurgicznej.<\/p>\n\n\n\n<p><strong>>> Sprawd\u017a: <a href=\"https:\/\/www.alab.pl\/centrum-wiedzy\/przepuklina-rozworu-przelykowego-czym-jest-objawy-przyczyny-diagnostyka-i-leczenie\/\" target=\"_blank\" rel=\"noreferrer noopener\">Przepuklina rozworu prze\u0142ykowego \u2013 czym jest? Objawy, przyczyny, diagnostyka i leczenie<\/a><\/strong><\/p>\n\n\n\n<h2 class=\"wp-block-heading\" id=\"Czy-przepuklina-p\u0119pkowa-u-dzieci-jest-gro\u017ana?\">Czy przepuklina p\u0119pkowa u dzieci jest gro\u017ana?<\/h2>\n\n\n\n<p>W wi\u0119kszo\u015bci przypadk\u00f3w nie stanowi zagro\u017cenia. <strong>Jednak w rzadkich sytuacjach mo\u017ce doj\u015b\u0107 do<\/strong> wspomnianego ju\u017c uwi\u0119\u017ani\u0119cia przepukliny (gdy jelito zostanie uci\u015bni\u0119te, co prowadzi do niedro\u017cno\u015bci i <a href=\"https:\/\/www.alab.pl\/centrum-wiedzy\/martwica-jak-do-niej-dochodzi-objawy-przyczyny-rodzaje-martwicy-tkanek\/\" target=\"_blank\" rel=\"noreferrer noopener\">martwicy<\/a>), a tak\u017ce do zaka\u017cenia przepukliny (je\u015bli sk\u00f3ra nad ni\u0105 ulegnie uszkodzeniu).<\/p>\n\n\n\n<p><strong>Rodzicu, koniecznie zwr\u00f3\u0107 uwag\u0119 na objawy alarmowe:<\/strong><\/p>\n\n\n\n<ul class=\"wp-block-list\">\n<li><a href=\"https:\/\/www.alab.pl\/centrum-wiedzy\/przewlekly-bol-brzucha-u-dzieci-kiedy-powinien-nas-niepokoic\/\" target=\"_blank\" rel=\"noreferrer noopener\">silny b\u00f3l brzucha u dziecka<\/a>,<\/li>\n\n\n\n<li>zaczerwienienie i obrz\u0119k w okolicy p\u0119pka,<\/li>\n\n\n\n<li>wymioty i brak stolca (mo\u017ce wskazywa\u0107 na niedro\u017cno\u015b\u0107).<\/li>\n<\/ul>\n\n\n\n<p><strong>>> Przeczytaj: <a href=\"https:\/\/www.alab.pl\/centrum-wiedzy\/zaparcia-u-dziecka-praktyczne-wskazowki-dla-rodzicow\/\" target=\"_blank\" rel=\"noreferrer noopener\">Zaparcia u dziecka \u2013 praktyczne wskaz\u00f3wki dla rodzic\u00f3w<\/a><\/strong><\/p>\n\n\n\n<h2 class=\"wp-block-heading\" id=\"Rozpoznanie-przepukliny-p\u0119pkowej-u-dziecka\">Rozpoznanie przepukliny p\u0119pkowej u dziecka<\/h2>\n\n\n\n<p>Diagnoza jest ma\u0142o skomplikowana i w znacznej wi\u0119kszo\u015bci przypadk\u00f3w opiera si\u0119 na: badaniu palpacyjnym (wyczuwalne mi\u0119kkie uwypuklenie), USG jamy brzusznej (w w\u0105tpliwych przypadkach) oraz konsultacji chirurgicznej (je\u015bli przepuklina jest du\u017ca lub bolesna).<\/p>\n\n\n\n<figure class=\"wp-block-image size-full\"><a href=\"https:\/\/www.alab.pl\/pakiet\/pakiet-malego-dziecka-rozszerzony\" target=\"_blank\" rel=\" noreferrer noopener\"><img loading=\"lazy\" decoding=\"async\" width=\"800\" height=\"200\" src=\"https:\/\/www.alab.pl\/centrum-wiedzy\/wp-content\/uploads\/2025\/02\/Pakiet-malego-dziecka-rozszerzony-9-badan.jpg\" alt=\"Pakiet ma\u0142ego dziecka rozszerzony (9 badan\u0301) banerek\" class=\"wp-image-21536\" srcset=\"https:\/\/www.alab.pl\/centrum-wiedzy\/wp-content\/uploads\/2025\/02\/Pakiet-malego-dziecka-rozszerzony-9-badan.jpg 800w, https:\/\/www.alab.pl\/centrum-wiedzy\/wp-content\/uploads\/2025\/02\/Pakiet-malego-dziecka-rozszerzony-9-badan-768x192.jpg 768w, https:\/\/www.alab.pl\/centrum-wiedzy\/wp-content\/uploads\/2025\/02\/Pakiet-malego-dziecka-rozszerzony-9-badan-150x38.jpg 150w, https:\/\/www.alab.pl\/centrum-wiedzy\/wp-content\/uploads\/2025\/02\/Pakiet-malego-dziecka-rozszerzony-9-badan-300x75.jpg 300w, https:\/\/www.alab.pl\/centrum-wiedzy\/wp-content\/uploads\/2025\/02\/Pakiet-malego-dziecka-rozszerzony-9-badan-696x174.jpg 696w\" sizes=\"auto, (max-width: 800px) 100vw, 800px\" \/><\/a><\/figure>\n\n\n\n<h2 class=\"wp-block-heading\" id=\"Jak-leczy\u0107-przepuklin\u0119-p\u0119pkow\u0105-u-dziecka?\">Jak leczy\u0107 przepuklin\u0119 p\u0119pkow\u0105 u dziecka?<\/h2>\n\n\n\n<h3 class=\"wp-block-heading\" id=\"\u0106wiczenia-na-przepuklin\u0119-p\u0119pkow\u0105-u-dzieci\">\u0106wiczenia na przepuklin\u0119 p\u0119pkow\u0105 u dzieci<\/h3>\n\n\n\n<p>\u0106wiczenia obejmuj\u0105 <strong>le\u017cenie na brzuchu<\/strong> (wzmacnia mi\u0119\u015bnie brzucha), <strong>delikatny masa\u017c okolicy p\u0119pka<\/strong> (mo\u017ce przyspieszy\u0107 zamykanie si\u0119 pier\u015bcienia) i <strong>unikanie d\u0142ugotrwa\u0142ego p\u0142aczu<\/strong> (zmniejsza nacisk na przepuklin\u0119).<\/p>\n\n\n\n<h3 class=\"wp-block-heading\" id=\"Kiedy-nale\u017cy-operowa\u0107-przepuklin\u0119-p\u0119pkow\u0105-u-dzieci?\">Kiedy nale\u017cy operowa\u0107 przepuklin\u0119 p\u0119pkow\u0105 u dzieci?<\/h3>\n\n\n\n<p>Operacja jest konieczna, gdy:<\/p>\n\n\n\n<ul class=\"wp-block-list\">\n<li>przepuklina nie zniknie do 5. roku \u017cycia,<\/li>\n\n\n\n<li>wyst\u0105pi uwi\u0119\u017ani\u0119cie lub niedro\u017cno\u015b\u0107 jelit,<\/li>\n\n\n\n<li>przepuklina jest du\u017ca (powy\u017cej 2 cm) i nie zmniejsza si\u0119.<\/li>\n<\/ul>\n\n\n\n<p>Zabieg polega na zszyciu pier\u015bcienia p\u0119pkowego i trwa ok. 30 minut. Powr\u00f3t do pe\u0142nej aktywno\u015bci zajmuje 1-2 tygodnie.<\/p>\n\n\n\n<p><strong>>> Przeczytaj: <a href=\"https:\/\/www.alab.pl\/centrum-wiedzy\/zaparcie-czynnosciowe-objawy-przyczyny-profilaktyka\/\" target=\"_blank\" rel=\"noreferrer noopener\">Zaparcie czynno\u015bciowe \u2013 problem wsp\u00f3\u0142czesnych czas\u00f3w<\/a><\/strong><\/p>\n\n\n\n<h2 class=\"wp-block-heading\" id=\"Podsumowanie\">Podsumowanie<\/h2>\n\n\n\n<p>Przepuklina p\u0119pkowa u dzieci to powszechne zjawisko, kt\u00f3re w wi\u0119kszo\u015bci przypadk\u00f3w nie stanowi powa\u017cnego zagro\u017cenia dla zdrowia. Wi\u0119kszo\u015b\u0107 zamyka si\u0119 samoistnie do 5. roku \u017cycia. Kluczowa jest regularna obserwacja przez rodzic\u00f3w i pediatr\u0119 oraz \u0107wiczenia wzmacniaj\u0105ce mi\u0119\u015bnie brzucha. G\u0142\u00f3wne wskazania do operacji to utrzymywanie si\u0119 przepukliny po 5. roku \u017cycia, \u015brednica pier\u015bcienia powy\u017cej 2 cm oraz wyst\u0105pienie powik\u0142a\u0144 (uwi\u0119\u017ani\u0119cie, niedro\u017cno\u015b\u0107).<\/p>\n\n\n\n<p>Badania laboratoryjne mog\u0105 by\u0107 pomocne w ocenie stanu zdrowia dziecka. Przyk\u0142adowy Pakiet Ma\u0142ego Dziecka jest dost\u0119pny w ALAB Laboratoria.<\/p>\n\n\n\n<hr class=\"wp-block-separator has-alpha-channel-opacity\"\/>\n\n\n\n<p><strong>\u0179r\u00f3d\u0142a<\/strong><\/p>\n\n\n\n<ol class=\"wp-block-list\">\n<li>Kaur M, Grandpierre V, Oltean I, Weir A, Nasr A. Predictors of spontaneous resolution of umbilical hernia in children. World J Pediatr Surg. 2021 Jun 22;4(3):e000287. doi: 10.1136\/wjps-2021-000287. PMID: 36474973; PMCID: PMC9716974., https:\/\/pmc.ncbi.nlm.nih.gov\/articles\/PMC9716974 (dost\u0119p: 03.07.2025).<\/li>\n\n\n\n<li>Troullioud Lucas AG, Bamarni S, Panda SK, et al. Pediatric Umbilical Hernia. [Updated 2023 Nov 18]. In: StatPearls [Internet]. Treasure Island (FL): StatPearls Publishing; 2025 Jan-. https:\/\/www.ncbi.nlm.nih.gov\/books\/NBK459294\/ (dost\u0119p: 03.07.2025).<\/li>\n\n\n\n<li>Gilleard O, Gee AS. Paediatric umbilical hernioplasty. Ann R Coll Surg Engl. 2008 Jul;90(5):426-7. doi: 10.1308\/rcsann.2008.90.5.426. PMID: 18642419; PMCID: PMC2645756., https:\/\/pmc.ncbi.nlm.nih.gov\/articles\/PMC2645756 (dost\u0119p: 03.07.2025).<\/li>\n\n\n\n<li>Zeng FTA, Gueye D, Ndoye NA, Mbaye PA, Iq-Lefqih O, Sagna A, Ngom G. Pediatric Umbilical Hernia: Is Repair with Continuous Suture Safe? J Indian Assoc Pediatr Surg. 2023 Jan-Feb;28(1):85. doi: 10.4103\/jiaps.jiaps_152_22. Epub 2023 Jan 10. PMID: 36910299; PMCID: PMC9997591., https:\/\/pmc.ncbi.nlm.nih.gov\/articles\/PMC9997591 (dost\u0119p: 03.07.2025).<\/li>\n<\/ol>\n","protected":false},"excerpt":{"rendered":"<p>Przepuklina p\u0119pkowa to jedna z wad wrodzonych u niemowl\u0105t i ma\u0142ych dzieci. Jak si\u0119 objawia i kiedy wymaga leczenia operacyjnego?<\/p>\n","protected":false},"author":154,"featured_media":24778,"comment_status":"closed","ping_status":"closed","sticky":false,"template":"","format":"standard","meta":{"_acf_changed":false,"inline_featured_image":false,"footnotes":""},"categories":[30],"tags":[],"coauthors":[151],"class_list":{"0":"post-25809","1":"post","2":"type-post","3":"status-publish","4":"format-standard","5":"has-post-thumbnail","7":"category-zdrowie-dzieci-i-mlodziezy"},"acf":[],"yoast_head":"<!-- This site is optimized with the Yoast SEO plugin v27.5 - https:\/\/yoast.com\/product\/yoast-seo-wordpress\/ -->\n<title>Przepuklina p\u0119pkowa u dzieci i niemowl\u0105t \u2013 objawy i sposoby leczenia - Centrum Wiedzy ALAB laboratoria<\/title>\n<meta name=\"description\" content=\"Przepuklina p\u0119pkowa to jedna z wad wrodzonych u niemowl\u0105t i ma\u0142ych dzieci. Jak si\u0119 objawia i kiedy wymaga leczenia operacyjnego?\" \/>\n<meta name=\"robots\" content=\"index, follow, max-snippet:-1, max-image-preview:large, max-video-preview:-1\" \/>\n<link rel=\"canonical\" href=\"https:\/\/www.alab.pl\/centrum-wiedzy\/przepuklina-pepkowa-u-dzieci-i-niemowlat-objawy-i-sposoby-leczenia\/\" \/>\n<meta property=\"og:locale\" content=\"pl_PL\" \/>\n<meta property=\"og:type\" content=\"article\" \/>\n<meta property=\"og:title\" content=\"Przepuklina p\u0119pkowa u dzieci i niemowl\u0105t \u2013 objawy i sposoby leczenia - Centrum Wiedzy ALAB laboratoria\" \/>\n<meta property=\"og:description\" content=\"Przepuklina p\u0119pkowa to jedna z wad wrodzonych u niemowl\u0105t i ma\u0142ych dzieci. Jak si\u0119 objawia i kiedy wymaga leczenia operacyjnego?\" \/>\n<meta property=\"og:url\" content=\"https:\/\/www.alab.pl\/centrum-wiedzy\/przepuklina-pepkowa-u-dzieci-i-niemowlat-objawy-i-sposoby-leczenia\/\" \/>\n<meta property=\"og:site_name\" content=\"Centrum Wiedzy ALAB laboratoria\" \/>\n<meta property=\"article:publisher\" content=\"https:\/\/www.facebook.com\/ALABlaboratoria\" \/>\n<meta property=\"article:published_time\" content=\"2025-07-29T09:03:45+00:00\" \/>\n<meta property=\"article:modified_time\" content=\"2025-07-29T09:03:47+00:00\" \/>\n<meta property=\"og:image\" content=\"https:\/\/www.alab.pl\/centrum-wiedzy\/wp-content\/uploads\/2025\/07\/Przepuklina_pepkowa_u_dzieci_i_niemowlat_cover.jpg\" \/>\n\t<meta property=\"og:image:width\" content=\"1925\" \/>\n\t<meta property=\"og:image:height\" content=\"1285\" \/>\n\t<meta property=\"og:image:type\" content=\"image\/jpeg\" \/>\n<meta name=\"author\" content=\"Damian Matusiak\" \/>\n<meta name=\"twitter:card\" content=\"summary_large_image\" \/>\n<meta name=\"twitter:label1\" content=\"Napisane przez\" \/>\n\t<meta name=\"twitter:data1\" content=\"Damian Matusiak\" \/>\n\t<meta name=\"twitter:label2\" content=\"Szacowany czas czytania\" \/>\n\t<meta name=\"twitter:data2\" content=\"6 minut\" \/>\n\t<meta name=\"twitter:label3\" content=\"Written by\" \/>\n\t<meta name=\"twitter:data3\" content=\"Damian Matusiak\" \/>\n<!-- \/ Yoast SEO plugin. -->","yoast_head_json":{"title":"Przepuklina p\u0119pkowa u dzieci i niemowl\u0105t \u2013 objawy i sposoby leczenia - Centrum Wiedzy ALAB laboratoria","description":"Przepuklina p\u0119pkowa to jedna z wad wrodzonych u niemowl\u0105t i ma\u0142ych dzieci. Jak si\u0119 objawia i kiedy wymaga leczenia operacyjnego?","robots":{"index":"index","follow":"follow","max-snippet":"max-snippet:-1","max-image-preview":"max-image-preview:large","max-video-preview":"max-video-preview:-1"},"canonical":"https:\/\/www.alab.pl\/centrum-wiedzy\/przepuklina-pepkowa-u-dzieci-i-niemowlat-objawy-i-sposoby-leczenia\/","og_locale":"pl_PL","og_type":"article","og_title":"Przepuklina p\u0119pkowa u dzieci i niemowl\u0105t \u2013 objawy i sposoby leczenia - Centrum Wiedzy ALAB laboratoria","og_description":"Przepuklina p\u0119pkowa to jedna z wad wrodzonych u niemowl\u0105t i ma\u0142ych dzieci. Jak si\u0119 objawia i kiedy wymaga leczenia operacyjnego?","og_url":"https:\/\/www.alab.pl\/centrum-wiedzy\/przepuklina-pepkowa-u-dzieci-i-niemowlat-objawy-i-sposoby-leczenia\/","og_site_name":"Centrum Wiedzy ALAB laboratoria","article_publisher":"https:\/\/www.facebook.com\/ALABlaboratoria","article_published_time":"2025-07-29T09:03:45+00:00","article_modified_time":"2025-07-29T09:03:47+00:00","og_image":[{"width":1925,"height":1285,"url":"https:\/\/www.alab.pl\/centrum-wiedzy\/wp-content\/uploads\/2025\/07\/Przepuklina_pepkowa_u_dzieci_i_niemowlat_cover.jpg","type":"image\/jpeg"}],"author":"Damian Matusiak","twitter_card":"summary_large_image","twitter_misc":{"Napisane przez":"Damian Matusiak","Szacowany czas czytania":"6 minut","Written by":"Damian Matusiak"},"schema":{"@context":"https:\/\/schema.org","@graph":[{"@type":"Article","@id":"https:\/\/www.alab.pl\/centrum-wiedzy\/przepuklina-pepkowa-u-dzieci-i-niemowlat-objawy-i-sposoby-leczenia\/#article","isPartOf":{"@id":"https:\/\/www.alab.pl\/centrum-wiedzy\/przepuklina-pepkowa-u-dzieci-i-niemowlat-objawy-i-sposoby-leczenia\/"},"author":{"name":"Damian Matusiak","@id":"https:\/\/www.alab.pl\/centrum-wiedzy\/#\/schema\/person\/5709fe1c1c909754033072d7f8155a44"},"headline":"Przepuklina p\u0119pkowa u dzieci i niemowl\u0105t \u2013 objawy i sposoby leczenia","datePublished":"2025-07-29T09:03:45+00:00","dateModified":"2025-07-29T09:03:47+00:00","mainEntityOfPage":{"@id":"https:\/\/www.alab.pl\/centrum-wiedzy\/przepuklina-pepkowa-u-dzieci-i-niemowlat-objawy-i-sposoby-leczenia\/"},"wordCount":1125,"publisher":{"@id":"https:\/\/www.alab.pl\/centrum-wiedzy\/#organization"},"image":{"@id":"https:\/\/www.alab.pl\/centrum-wiedzy\/przepuklina-pepkowa-u-dzieci-i-niemowlat-objawy-i-sposoby-leczenia\/#primaryimage"},"thumbnailUrl":"https:\/\/www.alab.pl\/centrum-wiedzy\/wp-content\/uploads\/2025\/07\/Przepuklina_pepkowa_u_dzieci_i_niemowlat_cover.jpg","articleSection":["Zdrowie dzieci i m\u0142odzie\u017cy"],"inLanguage":"pl-PL"},{"@type":"WebPage","@id":"https:\/\/www.alab.pl\/centrum-wiedzy\/przepuklina-pepkowa-u-dzieci-i-niemowlat-objawy-i-sposoby-leczenia\/","url":"https:\/\/www.alab.pl\/centrum-wiedzy\/przepuklina-pepkowa-u-dzieci-i-niemowlat-objawy-i-sposoby-leczenia\/","name":"Przepuklina p\u0119pkowa u dzieci i niemowl\u0105t \u2013 objawy i sposoby leczenia - Centrum Wiedzy ALAB laboratoria","isPartOf":{"@id":"https:\/\/www.alab.pl\/centrum-wiedzy\/#website"},"primaryImageOfPage":{"@id":"https:\/\/www.alab.pl\/centrum-wiedzy\/przepuklina-pepkowa-u-dzieci-i-niemowlat-objawy-i-sposoby-leczenia\/#primaryimage"},"image":{"@id":"https:\/\/www.alab.pl\/centrum-wiedzy\/przepuklina-pepkowa-u-dzieci-i-niemowlat-objawy-i-sposoby-leczenia\/#primaryimage"},"thumbnailUrl":"https:\/\/www.alab.pl\/centrum-wiedzy\/wp-content\/uploads\/2025\/07\/Przepuklina_pepkowa_u_dzieci_i_niemowlat_cover.jpg","datePublished":"2025-07-29T09:03:45+00:00","dateModified":"2025-07-29T09:03:47+00:00","description":"Przepuklina p\u0119pkowa to jedna z wad wrodzonych u niemowl\u0105t i ma\u0142ych dzieci. Jak si\u0119 objawia i kiedy wymaga leczenia operacyjnego?","breadcrumb":{"@id":"https:\/\/www.alab.pl\/centrum-wiedzy\/przepuklina-pepkowa-u-dzieci-i-niemowlat-objawy-i-sposoby-leczenia\/#breadcrumb"},"inLanguage":"pl-PL","potentialAction":[{"@type":"ReadAction","target":["https:\/\/www.alab.pl\/centrum-wiedzy\/przepuklina-pepkowa-u-dzieci-i-niemowlat-objawy-i-sposoby-leczenia\/"]}]},{"@type":"ImageObject","inLanguage":"pl-PL","@id":"https:\/\/www.alab.pl\/centrum-wiedzy\/przepuklina-pepkowa-u-dzieci-i-niemowlat-objawy-i-sposoby-leczenia\/#primaryimage","url":"https:\/\/www.alab.pl\/centrum-wiedzy\/wp-content\/uploads\/2025\/07\/Przepuklina_pepkowa_u_dzieci_i_niemowlat_cover.jpg","contentUrl":"https:\/\/www.alab.pl\/centrum-wiedzy\/wp-content\/uploads\/2025\/07\/Przepuklina_pepkowa_u_dzieci_i_niemowlat_cover.jpg","width":1925,"height":1285,"caption":"Przepuklina_pepkowa_u_dzieci_i_niemowlat_cover"},{"@type":"BreadcrumbList","@id":"https:\/\/www.alab.pl\/centrum-wiedzy\/przepuklina-pepkowa-u-dzieci-i-niemowlat-objawy-i-sposoby-leczenia\/#breadcrumb","itemListElement":[{"@type":"ListItem","position":1,"name":"Strona g\u0142\u00f3wna","item":"https:\/\/www.alab.pl\/centrum-wiedzy\/"},{"@type":"ListItem","position":2,"name":"Przepuklina p\u0119pkowa u dzieci i niemowl\u0105t \u2013 objawy i sposoby leczenia"}]},{"@type":"WebSite","@id":"https:\/\/www.alab.pl\/centrum-wiedzy\/#website","url":"https:\/\/www.alab.pl\/centrum-wiedzy\/","name":"Centrum Wiedzy ALAB laboratoria","description":"","publisher":{"@id":"https:\/\/www.alab.pl\/centrum-wiedzy\/#organization"},"potentialAction":[{"@type":"SearchAction","target":{"@type":"EntryPoint","urlTemplate":"https:\/\/www.alab.pl\/centrum-wiedzy\/?s={search_term_string}"},"query-input":{"@type":"PropertyValueSpecification","valueRequired":true,"valueName":"search_term_string"}}],"inLanguage":"pl-PL"},{"@type":"Organization","@id":"https:\/\/www.alab.pl\/centrum-wiedzy\/#organization","name":"Centrum Wiedzy ALAB laboratoria","url":"https:\/\/www.alab.pl\/centrum-wiedzy\/","logo":{"@type":"ImageObject","inLanguage":"pl-PL","@id":"https:\/\/www.alab.pl\/centrum-wiedzy\/#\/schema\/logo\/image\/","url":"https:\/\/www.alab.pl\/centrum-wiedzy\/wp-content\/uploads\/2022\/04\/alabek.jpg","contentUrl":"https:\/\/www.alab.pl\/centrum-wiedzy\/wp-content\/uploads\/2022\/04\/alabek.jpg","width":1250,"height":1251,"caption":"Centrum Wiedzy ALAB laboratoria"},"image":{"@id":"https:\/\/www.alab.pl\/centrum-wiedzy\/#\/schema\/logo\/image\/"},"sameAs":["https:\/\/www.facebook.com\/ALABlaboratoria"]},{"@type":"Person","@id":"https:\/\/www.alab.pl\/centrum-wiedzy\/#\/schema\/person\/5709fe1c1c909754033072d7f8155a44","name":"Damian Matusiak","image":{"@type":"ImageObject","inLanguage":"pl-PL","@id":"https:\/\/www.alab.pl\/centrum-wiedzy\/wp-content\/uploads\/2023\/10\/Damian-Matusiak-jpg-150x150.webp4a39f9a6ab8bdce93cc7d4859c6e6401","url":"https:\/\/www.alab.pl\/centrum-wiedzy\/wp-content\/uploads\/2023\/10\/Damian-Matusiak-jpg-150x150.webp","contentUrl":"https:\/\/www.alab.pl\/centrum-wiedzy\/wp-content\/uploads\/2023\/10\/Damian-Matusiak-jpg-150x150.webp","caption":"Damian Matusiak"},"description":"Specjalista pediatrii, kieruj\u0105cy Oddzia\u0142em Pediatrycznym w Lesznie, absolwent Uniwersytetu Medycznego im. Karola Marcinkowskiego w Poznaniu; pasjonat ultrasonografii i nowinek ze \u015bwiata nauki.","url":"https:\/\/www.alab.pl\/centrum-wiedzy\/author\/damian-matusiak\/"}]}},"_links":{"self":[{"href":"https:\/\/www.alab.pl\/centrum-wiedzy\/wp-json\/wp\/v2\/posts\/25809","targetHints":{"allow":["GET"]}}],"collection":[{"href":"https:\/\/www.alab.pl\/centrum-wiedzy\/wp-json\/wp\/v2\/posts"}],"about":[{"href":"https:\/\/www.alab.pl\/centrum-wiedzy\/wp-json\/wp\/v2\/types\/post"}],"author":[{"embeddable":true,"href":"https:\/\/www.alab.pl\/centrum-wiedzy\/wp-json\/wp\/v2\/users\/154"}],"replies":[{"embeddable":true,"href":"https:\/\/www.alab.pl\/centrum-wiedzy\/wp-json\/wp\/v2\/comments?post=25809"}],"version-history":[{"count":2,"href":"https:\/\/www.alab.pl\/centrum-wiedzy\/wp-json\/wp\/v2\/posts\/25809\/revisions"}],"predecessor-version":[{"id":25812,"href":"https:\/\/www.alab.pl\/centrum-wiedzy\/wp-json\/wp\/v2\/posts\/25809\/revisions\/25812"}],"wp:featuredmedia":[{"embeddable":true,"href":"https:\/\/www.alab.pl\/centrum-wiedzy\/wp-json\/wp\/v2\/media\/24778"}],"wp:attachment":[{"href":"https:\/\/www.alab.pl\/centrum-wiedzy\/wp-json\/wp\/v2\/media?parent=25809"}],"wp:term":[{"taxonomy":"category","embeddable":true,"href":"https:\/\/www.alab.pl\/centrum-wiedzy\/wp-json\/wp\/v2\/categories?post=25809"},{"taxonomy":"post_tag","embeddable":true,"href":"https:\/\/www.alab.pl\/centrum-wiedzy\/wp-json\/wp\/v2\/tags?post=25809"},{"taxonomy":"author","embeddable":true,"href":"https:\/\/www.alab.pl\/centrum-wiedzy\/wp-json\/wp\/v2\/coauthors?post=25809"}],"curies":[{"name":"wp","href":"https:\/\/api.w.org\/{rel}","templated":true}]}}