{"id":25856,"date":"2025-07-30T14:09:23","date_gmt":"2025-07-30T12:09:23","guid":{"rendered":"https:\/\/www.alab.pl\/centrum-wiedzy\/?p=25856"},"modified":"2025-07-30T14:09:25","modified_gmt":"2025-07-30T12:09:25","slug":"gorzki-smak-w-ustach-o-czym-moze-swiadczyc","status":"publish","type":"post","link":"https:\/\/www.alab.pl\/centrum-wiedzy\/gorzki-smak-w-ustach-o-czym-moze-swiadczyc\/","title":{"rendered":"Gorzki smak w ustach \u2013 o czym mo\u017ce \u015bwiadczy\u0107?"},"content":{"rendered":"\n<p><strong>Gorzki smak w ustach to dolegliwo\u015b\u0107, kt\u00f3ra mo\u017ce pojawi\u0107 si\u0119 nagle i utrzymywa\u0107 przez kr\u00f3tki czas, ale bywa te\u017c objawem nawracaj\u0105cym i trudnym do zignorowania. Cho\u0107 z pozoru wydaje si\u0119 b\u0142aha, w rzeczywisto\u015bci mo\u017ce by\u0107 sygna\u0142em r\u00f3\u017cnych zaburze\u0144. Co oznacza gorzki smak w ustach?<\/strong><\/p>\n\n\n\n<figure class=\"wp-block-table\"><table class=\"has-fixed-layout\"><tbody><tr><td><strong>Z tego artyku\u0142u dowiesz si\u0119, m.in.:<\/strong> <br>>> jakie s\u0105 najcz\u0119stsze przyczyny gorzkiego smaku w ustach \u2013 zar\u00f3wno te wynikaj\u0105ce z naturalnych proces\u00f3w fizjologicznych, jak i powa\u017cniejszych zaburze\u0144 zdrowotnych; <br>>> dlaczego gorycz mo\u017ce pojawia\u0107 si\u0119 po jedzeniu, po przebudzeniu lub w trakcie choroby; <br>>> jakie schorzenia mog\u0105 by\u0107 powi\u0105zane z gorzkim smakiem; <br>>> jak z\u0142agodzi\u0107 objaw, jakim jest gorzki smak; <br>>> kiedy nale\u017cy skonsultowa\u0107 si\u0119 z lekarzem<\/td><\/tr><\/tbody><\/table><\/figure>\n\n\n\n<p>Spis tre\u015bci:<\/p>\n\n\n\n<ol class=\"wp-block-list\">\n<li><a href=\"#Gorzki-smak-w-ustach-\u2013-przyczyny\">Gorzki smak w ustach \u2013 przyczyny<\/a><\/li>\n\n\n\n<li><a href=\"#Gorzki-smak-w-ustach-a-przyjmowane-leki-i-antybiotyki\">Gorzki smak w ustach a przyjmowane leki i antybiotyki<\/a><\/li>\n\n\n\n<li><a href=\"#Gorycz-w-ustach-\u2013-przyczyny-stomatologiczne\">Gorycz w ustach \u2013 przyczyny stomatologiczne<\/a><\/li>\n\n\n\n<li><a href=\"#Gorycz-w-ustach-a-chora-trzustka-i-w\u0105troba\">Gorycz w ustach a chora trzustka i w\u0105troba<\/a><\/li>\n\n\n\n<li><a href=\"#Refluks-a-gorzki-smak-w-ustach\">Refluks a gorzki smak w ustach<\/a><\/li>\n\n\n\n<li><a href=\"#Zaka\u017cenie-Helicobacter-pylori-\u2013-gorzki-smak-w-ustach\">Zaka\u017cenie <em>Helicobacter pylori<\/em> \u2013 gorzki smak w ustach<\/a><\/li>\n\n\n\n<li><a href=\"#Gorzki-smak-w-ustach-a-kamica-\u017c\u00f3\u0142ciowa\">Gorzki smak w ustach a kamica \u017c\u00f3\u0142ciowa<\/a><\/li>\n\n\n\n<li><a href=\"#Inne-mo\u017cliwe-przyczyny-goryczy-w-ustach\">Inne mo\u017cliwe przyczyny goryczy w ustach<\/a>\n<ul class=\"wp-block-list\">\n<li><a href=\"#Gorzki-smak-w-ustach-po-jedzeniu-\u2013-dlaczego-si\u0119-pojawia?\">Gorzki smak w ustach po jedzeniu \u2013 dlaczego si\u0119 pojawia?<\/a><\/li>\n\n\n\n<li><a href=\"#Gorzki-smak-w-ustach-po-przebudzeniu-\u2013-z-czym-si\u0119-wi\u0105\u017ce?\">Gorzki smak w ustach po przebudzeniu \u2013 z czym si\u0119 wi\u0105\u017ce?<\/a><\/li>\n<\/ul>\n<\/li>\n\n\n\n<li><a href=\"#Gorycz-w-ustach-\u2013-diagnostyka.-Kiedy-uda\u0107-si\u0119-do-lekarza?\">Gorycz w ustach \u2013 diagnostyka. Kiedy uda\u0107 si\u0119 do lekarza?<\/a><\/li>\n\n\n\n<li><a href=\"#Jak-pozby\u0107-si\u0119-gorzkiego-smaku-w-ustach?\">Jak pozby\u0107 si\u0119 gorzkiego smaku w ustach?<\/a><\/li>\n\n\n\n<li><a href=\"#Domowe-sposoby-na-gorzki-smak-w-ustach\">Domowe sposoby na gorzki smak w ustach<\/a><\/li>\n\n\n\n<li><a href=\"#FAQ.-Gorzki-smak-w-ustach---cz\u0119sto-zadawane-pytania\">FAQ. Gorzki smak w ustach &#8211; cz\u0119sto zadawane pytania<\/a><\/li>\n<\/ol>\n\n\n\n<h2 class=\"wp-block-heading\" id=\"Gorzki-smak-w-ustach-\u2013-przyczyny\">Gorzki smak w ustach \u2013 przyczyny<\/h2>\n\n\n\n<p>Gorzki smak w ustach podczas choroby to cz\u0119sty objaw, kt\u00f3ry mo\u017ce mie\u0107 r\u00f3\u017cne przyczyny:<\/p>\n\n\n\n<ul class=\"wp-block-list\">\n<li>przyjmowane leki;<\/li>\n\n\n\n<li>problemy stomatologiczne;<\/li>\n\n\n\n<li>choroby <a href=\"https:\/\/www.alab.pl\/centrum-wiedzy\/trzustka-budowa-funkcje-polozenie\/\">trzustki<\/a> i w\u0105troby;<\/li>\n\n\n\n<li>refluks \u017co\u0142\u0105dkowo-prze\u0142ykowy;<\/li>\n\n\n\n<li>zaka\u017cenie <a href=\"https:\/\/www.alab.pl\/centrum-wiedzy\/helicobacter-pylori\/\"><em>Helicobacter pylori<\/em><\/a>.<\/li>\n<\/ul>\n\n\n\n<p><strong>&gt;&gt; Zobacz: <\/strong><a href=\"https:\/\/www.alab.pl\/centrum-wiedzy\/metaliczny-posmak-w-ustach-skad-sie-bierze-i-co-oznacza\/\"><strong>Metaliczny posmak w ustach \u2013 sk\u0105d si\u0119 bierze i co oznacza?<\/strong><\/a><strong><\/strong><\/p>\n\n\n\n<h2 class=\"wp-block-heading\" id=\"Gorzki-smak-w-ustach-a-przyjmowane-leki-i-antybiotyki\">Gorzki smak w ustach a przyjmowane leki i antybiotyki<\/h2>\n\n\n\n<p>W praktyce klinicznej gorzki smak w ustach po antybiotyku stanowi relatywnie cz\u0119sty, cho\u0107 zazwyczaj nieszkodliwy, skutek uboczny farmakoterapii. Zjawisko to nie ogranicza si\u0119 wy\u0142\u0105cznie do bezpo\u015bredniego kontaktu substancji leczniczej z receptorami smakowymi \u2013 wiele <a href=\"https:\/\/www.alab.pl\/centrum-wiedzy\/antybiotyki-czy-nadal-sa-skuteczne\/\">antybiotyk\u00f3w<\/a>, jak r\u00f3wnie\u017c inne leki (np. moczop\u0119dne, inhibitory ACE czy preparaty stosowane w leczeniu POChP), po wch\u0142oni\u0119ciu z przewodu pokarmowego trafia do krwiobiegu, sk\u0105d przedostaj\u0105 si\u0119 do \u015bliny, wywo\u0142uj\u0105c uczucie goryczy.<\/p>\n\n\n\n<p>Dodatkowo niekt\u00f3re zwi\u0105zki czynne mog\u0105 wp\u0142ywa\u0107 na metabolizm <a href=\"https:\/\/www.alab.pl\/centrum-wiedzy\/cynk-w-organizmie-czlowieka-niedobor-i-nadmiar-cynku\/\">cynku<\/a> \u2013 pierwiastka kluczowego dla prawid\u0142owego odczuwania smaku \u2013 co pot\u0119guje nieprzyjemne wra\u017cenia smakowe. Cho\u0107 gorzki posmak w ustach po antybiotykoterapii bywa dokuczliwy, jego obecno\u015b\u0107 ma charakter przej\u015bciowy i ust\u0119puje wraz z zako\u0144czeniem leczenia.<\/p>\n\n\n\n<figure class=\"wp-block-image size-full\"><a href=\"https:\/\/www.alab.pl\/badanie\/cynk-w-surowicy-k15\"><img loading=\"lazy\" decoding=\"async\" width=\"800\" height=\"200\" src=\"https:\/\/www.alab.pl\/centrum-wiedzy\/wp-content\/uploads\/2025\/07\/Badanie_cynku-we-krwi.jpg\" alt=\"Badanie_cynku we krwi banerek\" class=\"wp-image-25105\" srcset=\"https:\/\/www.alab.pl\/centrum-wiedzy\/wp-content\/uploads\/2025\/07\/Badanie_cynku-we-krwi.jpg 800w, https:\/\/www.alab.pl\/centrum-wiedzy\/wp-content\/uploads\/2025\/07\/Badanie_cynku-we-krwi-768x192.jpg 768w, https:\/\/www.alab.pl\/centrum-wiedzy\/wp-content\/uploads\/2025\/07\/Badanie_cynku-we-krwi-150x38.jpg 150w, https:\/\/www.alab.pl\/centrum-wiedzy\/wp-content\/uploads\/2025\/07\/Badanie_cynku-we-krwi-300x75.jpg 300w, https:\/\/www.alab.pl\/centrum-wiedzy\/wp-content\/uploads\/2025\/07\/Badanie_cynku-we-krwi-696x174.jpg 696w\" sizes=\"auto, (max-width: 800px) 100vw, 800px\" \/><\/a><\/figure>\n\n\n\n<h2 class=\"wp-block-heading\" id=\"Gorycz-w-ustach-\u2013-przyczyny-stomatologiczne\">Gorycz w ustach \u2013 przyczyny stomatologiczne<\/h2>\n\n\n\n<p>Gorycz w ustach mo\u017ce mie\u0107 swoje \u017ar\u00f3d\u0142o nie tylko w <a href=\"https:\/\/www.alab.pl\/centrum-wiedzy\/budowa-funkcje-i-najczestsze-choroby-ukladu-pokarmowego-czlowieka\/\">uk\u0142adzie pokarmowym<\/a> czy farmakoterapii, ale r\u00f3wnie\u017c \u2013 i to bardzo cz\u0119sto \u2013 w problemach stomatologicznych. Niew\u0142a\u015bciwa higiena jamy ustnej sprzyja namna\u017caniu si\u0119 bakterii, kt\u00f3re kolonizuj\u0105 powierzchni\u0119 j\u0119zyka, szkliwo z\u0119b\u00f3w i b\u0142ony \u015bluzowe, prowadz\u0105c do rozwoju stan\u00f3w zapalnych oraz <a href=\"https:\/\/www.alab.pl\/centrum-wiedzy\/infekcja\/\">infekcji<\/a>. Gorzki smak mo\u017ce by\u0107 objawem tocz\u0105cych si\u0119 proces\u00f3w chorobowych w obr\u0119bie jamy ustnej, takich jak:<\/p>\n\n\n\n<ul class=\"wp-block-list\">\n<li><strong>zapalenie dzi\u0105se\u0142 i przyz\u0119bia<\/strong> \u2013 przewlek\u0142e stany zapalne tkanek oko\u0142oz\u0119bowych cz\u0119sto daj\u0105 sygna\u0142 w postaci metaliczno-gorzkiego posmaku;<\/li>\n\n\n\n<li><strong>pr\u00f3chnica <\/strong>\u2013 obecno\u015b\u0107 nieleczonych ubytk\u00f3w to efekt dzia\u0142ania bakterii rozk\u0142adaj\u0105cych cukry, co prowadzi do demineralizacji szkliwa i mo\u017ce objawia\u0107 si\u0119 nieprzyjemnym smakiem;<\/li>\n\n\n\n<li><strong>nagromadzenie kamienia naz\u0119bnego<\/strong> \u2013 z\u0142ogi mineralne stanowi\u0105 doskona\u0142e \u015brodowisko do rozwoju drobnoustroj\u00f3w, kt\u00f3re zaburzaj\u0105 r\u00f3wnowag\u0119 mikrobiologiczn\u0105 jamy ustnej;<\/li>\n\n\n\n<li><strong>zaka\u017cenia grzybicze i zapalenie j\u0119zyka <\/strong>\u2013 to stany, kt\u00f3rym cz\u0119sto towarzyszy posmak goryczy, pieczenie i dyskomfort podczas jedzenia;<\/li>\n\n\n\n<li><strong>nieprawid\u0142owa piel\u0119gnacja protez i aparat\u00f3w ortodontycznych<\/strong> \u2013 ich niew\u0142a\u015bciwe czyszczenie sprzyja gromadzeniu si\u0119 bakterii i grzyb\u00f3w, kt\u00f3re oddzia\u0142uj\u0105 na receptory smakowe.<\/li>\n<\/ul>\n\n\n\n<p><strong>&gt;&gt; To mo\u017ce Ci\u0119 zainteresowa\u0107: <\/strong><a href=\"https:\/\/www.alab.pl\/centrum-wiedzy\/wyglad-jezyka-a-choroby-jakie-zmiany-na-jezyku-powinny-niepokoic\/\"><strong>Wygl\u0105d j\u0119zyka a choroby. Jakie zmiany na j\u0119zyku powinny niepokoi\u0107?<\/strong><\/a><strong><\/strong><\/p>\n\n\n\n<h2 class=\"wp-block-heading\" id=\"Gorycz-w-ustach-a-chora-trzustka-i-w\u0105troba\">Gorycz w ustach a chora trzustka i w\u0105troba<\/h2>\n\n\n\n<p>Gorycz w ustach mo\u017ce by\u0107 subtelnym, ale istotnym sygna\u0142em, \u017ce w organizmie dzieje si\u0119 co\u015b niepokoj\u0105cego \u2013 zw\u0142aszcza w obr\u0119bie <a href=\"https:\/\/www.alab.pl\/centrum-wiedzy\/watroba-budowa-funkcje-najczestsze-choroby\/\">w\u0105troby<\/a> i trzustki. W przypadku w\u0105troby, zaburzenia jej funkcji metabolicznych \u2013 szczeg\u00f3lnie w przebiegu schorze\u0144 takich jak <a href=\"https:\/\/www.alab.pl\/centrum-wiedzy\/wirusowe-zapalenie-watroby-typu-b-objawy-przyczyny-leczenie-i-profilaktyka\/\">wirusowe zapalenie w\u0105troby typu B<\/a> i C, st\u0142uszczenie, <a href=\"https:\/\/www.alab.pl\/centrum-wiedzy\/marskosc-watroby-przyczyny-objawy-i-diagnostyka\/\">marsko\u015b\u0107<\/a> czy <a href=\"https:\/\/www.alab.pl\/centrum-wiedzy\/choroby-autoimmunologiczne-czym-sa-objawy-diagnostyka-i-leczenie\/\">choroby autoimmunologiczne<\/a> \u2013 prowadz\u0105 do zak\u0142\u00f3cenia gospodarki cynkowej.<\/p>\n\n\n\n<p>To w\u0142a\u015bnie niedob\u00f3r cynku, za kt\u00f3rego metabolizm odpowiada w\u0105troba, mo\u017ce nasila\u0107 wra\u017cliwo\u015b\u0107 receptor\u00f3w smakowych, skutkuj\u0105c trwa\u0142ym lub okresowym odczuwaniem gorzkiego posmaku, nawet po neutralnych potrawach. Podobnie trzustka, b\u0119d\u0105ca kluczowym narz\u0105dem w procesach trawienia i regulacji poziomu glukozy, mo\u017ce przyczynia\u0107 si\u0119 do zaburze\u0144 smakowych, zw\u0142aszcza w przebiegu przewlek\u0142ego zapalenia. Towarzyszy\u0107 temu mog\u0105 tak\u017ce inne objawy jak uczucie pe\u0142no\u015bci, nudno\u015bci, <a href=\"https:\/\/www.alab.pl\/centrum-wiedzy\/brak-apetytu-brak-laknienia-czym-jest-polecane-zywienie\/\">utrata apetytu<\/a> czy <a href=\"https:\/\/www.alab.pl\/centrum-wiedzy\/bialy-nalot-na-jezyku-co-moze-oznaczac\/\">bia\u0142y nalot<\/a> na j\u0119zyku.<\/p>\n\n\n\n<figure class=\"wp-block-image size-full\"><a href=\"https:\/\/www.alab.pl\/pakiet\/pakiet-watrobowy\"><img loading=\"lazy\" decoding=\"async\" width=\"800\" height=\"200\" src=\"https:\/\/www.alab.pl\/centrum-wiedzy\/wp-content\/uploads\/2025\/02\/Pakiet_watrobowy.jpg\" alt=\"Pakiet watrobowy banerek\" class=\"wp-image-21005\" srcset=\"https:\/\/www.alab.pl\/centrum-wiedzy\/wp-content\/uploads\/2025\/02\/Pakiet_watrobowy.jpg 800w, https:\/\/www.alab.pl\/centrum-wiedzy\/wp-content\/uploads\/2025\/02\/Pakiet_watrobowy-768x192.jpg 768w, https:\/\/www.alab.pl\/centrum-wiedzy\/wp-content\/uploads\/2025\/02\/Pakiet_watrobowy-150x38.jpg 150w, https:\/\/www.alab.pl\/centrum-wiedzy\/wp-content\/uploads\/2025\/02\/Pakiet_watrobowy-300x75.jpg 300w, https:\/\/www.alab.pl\/centrum-wiedzy\/wp-content\/uploads\/2025\/02\/Pakiet_watrobowy-696x174.jpg 696w\" sizes=\"auto, (max-width: 800px) 100vw, 800px\" \/><\/a><\/figure>\n\n\n\n<h2 class=\"wp-block-heading\" id=\"Refluks-a-gorzki-smak-w-ustach\">Refluks a gorzki smak w ustach<\/h2>\n\n\n\n<p>Gorzki smak w ustach to jeden z typowych objaw\u00f3w <a href=\"https:\/\/www.alab.pl\/centrum-wiedzy\/refluks-przelyku-farmakogenetyka-i-zoptymalizowane-podejscie-do-leczenia\/\">refluksu \u017co\u0142\u0105dkowo-prze\u0142ykowego<\/a> \u2013 przewlek\u0142ego zaburzenia, w kt\u00f3rym kwa\u015bna, a czasem tak\u017ce \u017c\u00f3\u0142ciowa tre\u015b\u0107 pokarmowa cofa si\u0119 z \u017co\u0142\u0105dka do prze\u0142yku, a niekiedy a\u017c do jamy ustnej. U podstaw tego zjawiska le\u017cy niewydolno\u015b\u0107 dolnego zwieracza prze\u0142yku, kt\u00f3ry w fizjologicznych warunkach pe\u0142ni funkcj\u0119 zaworu zapobiegaj\u0105cego cofaniu si\u0119 tre\u015bci \u017co\u0142\u0105dkowej.<\/p>\n\n\n\n<p>Gdy mechanizm ten zawodzi, nadtrawione resztki pokarmowe, kwasy \u017co\u0142\u0105dkowe, a nawet \u017c\u00f3\u0142\u0107, mog\u0105 dra\u017cni\u0107 b\u0142on\u0119 \u015bluzow\u0105 prze\u0142yku i jamy ustnej, pozostawiaj\u0105c uporczywy, gorzki posmak \u2013 szczeg\u00f3lnie po posi\u0142kach lub w pozycji le\u017c\u0105cej. Refluksowi cz\u0119sto towarzyszy tak\u017ce <a href=\"https:\/\/www.alab.pl\/centrum-wiedzy\/zgaga-objawy-przyczyny-leczenie-nawracajacej-zgagi\/\">zgaga<\/a>, uczucie pieczenia za mostkiem, odbijanie, nudno\u015bci, a niekiedy tak\u017ce czkawka czy b\u00f3l w nadbrzuszu.<\/p>\n\n\n\n<p><strong>&gt;&gt; Przeczytaj: <\/strong><a href=\"https:\/\/www.alab.pl\/centrum-wiedzy\/bol-brzucha-mozliwe-przyczyny-badania\/\"><strong>B\u00f3l brzucha \u2013 sk\u0105d si\u0119 bierze? Mo\u017cliwe przyczyny i diagnostyka<\/strong><\/a><strong><\/strong><\/p>\n\n\n\n<h2 class=\"wp-block-heading\" id=\"Zaka\u017cenie-Helicobacter-pylori-\u2013-gorzki-smak-w-ustach\">Zaka\u017cenie <em>Helicobacter pylori<\/em> \u2013 gorzki smak w ustach<\/h2>\n\n\n\n<p>Zaka\u017cenie bakteri\u0105 <em>Helicobacter pylori<\/em> to jedna z cz\u0119stszych, cho\u0107 cz\u0119sto niedostrzeganych przyczyn dolegliwo\u015bci ze strony przewodu pokarmowego \u2013 w tym tak\u017ce uporczywego, gorzkiego smaku w ustach. Drobnoustr\u00f3j ten bytuje g\u0142\u00f3wnie w b\u0142onie \u015bluzowej \u017co\u0142\u0105dka, gdzie wywo\u0142uje stan zapalny, prowadz\u0105cy do nadprodukcji kwasu solnego i zaburze\u0144 w trawieniu. Efektem tego mo\u017ce by\u0107 refluks \u017co\u0142\u0105dkowy lub cofanie si\u0119 tre\u015bci pokarmowej do prze\u0142yku i jamy ustnej, co daje nieprzyjemny, gorzki posmak, kt\u00f3ry pacjenci cz\u0119sto odczuwaj\u0105 rano lub po posi\u0142kach.<\/p>\n\n\n\n<figure class=\"wp-block-image size-full\"><a href=\"https:\/\/www.alab.pl\/badanie\/helicobacter-pylori-w-kale-antygen-metoda-automatyczna-u15\"><img loading=\"lazy\" decoding=\"async\" width=\"800\" height=\"200\" src=\"https:\/\/www.alab.pl\/centrum-wiedzy\/wp-content\/uploads\/2025\/01\/Helicobacter_pylori_w_kale.jpg\" alt=\"Helicobacter_pylori_w_kale metoda automatyczna banerek\" class=\"wp-image-20821\" srcset=\"https:\/\/www.alab.pl\/centrum-wiedzy\/wp-content\/uploads\/2025\/01\/Helicobacter_pylori_w_kale.jpg 800w, https:\/\/www.alab.pl\/centrum-wiedzy\/wp-content\/uploads\/2025\/01\/Helicobacter_pylori_w_kale-768x192.jpg 768w, https:\/\/www.alab.pl\/centrum-wiedzy\/wp-content\/uploads\/2025\/01\/Helicobacter_pylori_w_kale-150x38.jpg 150w, https:\/\/www.alab.pl\/centrum-wiedzy\/wp-content\/uploads\/2025\/01\/Helicobacter_pylori_w_kale-300x75.jpg 300w, https:\/\/www.alab.pl\/centrum-wiedzy\/wp-content\/uploads\/2025\/01\/Helicobacter_pylori_w_kale-696x174.jpg 696w\" sizes=\"auto, (max-width: 800px) 100vw, 800px\" \/><\/a><\/figure>\n\n\n\n<h2 class=\"wp-block-heading\" id=\"Gorzki-smak-w-ustach-a-kamica-\u017c\u00f3\u0142ciowa\">Gorzki smak w ustach a kamica \u017c\u00f3\u0142ciowa<\/h2>\n\n\n\n<p>Gorzki smak w ustach mo\u017ce by\u0107 nieoczywistym, ale istotnym objawem <a href=\"https:\/\/www.alab.pl\/centrum-wiedzy\/charakterystyka-kamicy-zolciowej\/\">kamicy \u017c\u00f3\u0142ciowej<\/a> \u2013 schorzenia, w kt\u00f3rym dochodzi do tworzenia si\u0119 z\u0142og\u00f3w w p\u0119cherzyku \u017c\u00f3\u0142ciowym lub przewodach \u017c\u00f3\u0142ciowych. Te kamienie, powstaj\u0105ce z wytr\u0105conych sk\u0142adnik\u00f3w \u017c\u00f3\u0142ci takich jak cholesterol, <a href=\"https:\/\/www.alab.pl\/centrum-wiedzy\/co-to-jest-bilirubina-calkowita-kiedy-i-w-jakim-celu-bada-sie-jej-poziom\/\">bilirubina<\/a> czy bia\u0142ka, mog\u0105 zaburza\u0107 prawid\u0142owy przep\u0142yw \u017c\u00f3\u0142ci do przewodu pokarmowego.<\/p>\n\n\n\n<p>W efekcie tre\u015b\u0107 \u017c\u00f3\u0142ciowa, zamiast wspomaga\u0107 trawienie t\u0142uszcz\u00f3w, zalega i mo\u017ce cofa\u0107 si\u0119 do \u017co\u0142\u0105dka lub prze\u0142yku, powoduj\u0105c uczucie goryczy w ustach, zw\u0142aszcza po spo\u017cyciu t\u0142ustych potraw. Smak ten bywa cz\u0119sto opisywany jako metaliczny, \u017c\u00f3\u0142ciowy lub piek\u0105cy i nierzadko towarzyszy mu zgaga, nudno\u015bci, brak apetytu, a w bardziej zaawansowanych przypadkach \u2013 silne <a href=\"https:\/\/www.alab.pl\/centrum-wiedzy\/kolka-watrobowa-zolciowa-objawy-przyczyny-diagnostyka-i-postepowanie\/\">napady kolki \u017c\u00f3\u0142ciowej<\/a>, objawiaj\u0105ce si\u0119 ostrym b\u00f3lem w prawym pod\u017cebrzu.<\/p>\n\n\n\n<p><strong>&gt;&gt; Sprawd\u017a: <\/strong><a href=\"https:\/\/www.alab.pl\/centrum-wiedzy\/kamica-zolciowa-u-dzieci-i-mlodziezy-kazuistyka-czy-realny-problem\/\"><strong>Kamica \u017c\u00f3\u0142ciowa u dzieci i m\u0142odzie\u017cy \u2013 kazuistyka czy realny problem?<\/strong><\/a><strong><\/strong><\/p>\n\n\n\n<h2 class=\"wp-block-heading\" id=\"Inne-mo\u017cliwe-przyczyny-goryczy-w-ustach\">Inne mo\u017cliwe przyczyny goryczy w ustach<\/h2>\n\n\n\n<h3 class=\"wp-block-heading\" id=\"Gorzki-smak-w-ustach-po-jedzeniu-\u2013-dlaczego-si\u0119-pojawia?\">Gorzki smak w ustach po jedzeniu \u2013 dlaczego si\u0119 pojawia?<\/h3>\n\n\n\n<p>W wielu przypadkach gorzki posmak w ustach jest wynikiem spo\u017cycia okre\u015blonych produkt\u00f3w o naturalnie gorzkim profilu smakowym \u2013 takich jak rukola, cykoria, orzechy w\u0142oskie, kawa czy czerwone wino. Tego typu posmak jest zazwyczaj chwilowy i przemija samoistnie. Problem pojawia si\u0119, gdy gorycz utrzymuje si\u0119 mimo wyeliminowania tych sk\u0142adnik\u00f3w z diety \u2013 w\u00f3wczas warto rozwa\u017cy\u0107 przyczyny zdrowotne, zw\u0142aszcza ze strony uk\u0142adu pokarmowego.<\/p>\n\n\n\n<figure class=\"wp-block-image size-full\"><img loading=\"lazy\" decoding=\"async\" width=\"800\" height=\"499\" src=\"https:\/\/www.alab.pl\/centrum-wiedzy\/wp-content\/uploads\/2025\/07\/Smaki_infografika.jpg\" alt=\"Smaki_infografika mapa smak\u00f3w na j\u0119zyku\" class=\"wp-image-25606\" srcset=\"https:\/\/www.alab.pl\/centrum-wiedzy\/wp-content\/uploads\/2025\/07\/Smaki_infografika.jpg 800w, https:\/\/www.alab.pl\/centrum-wiedzy\/wp-content\/uploads\/2025\/07\/Smaki_infografika-768x479.jpg 768w, https:\/\/www.alab.pl\/centrum-wiedzy\/wp-content\/uploads\/2025\/07\/Smaki_infografika-150x94.jpg 150w, https:\/\/www.alab.pl\/centrum-wiedzy\/wp-content\/uploads\/2025\/07\/Smaki_infografika-300x187.jpg 300w, https:\/\/www.alab.pl\/centrum-wiedzy\/wp-content\/uploads\/2025\/07\/Smaki_infografika-696x434.jpg 696w\" sizes=\"auto, (max-width: 800px) 100vw, 800px\" \/><\/figure>\n\n\n\n<h3 class=\"wp-block-heading\" id=\"Gorzki-smak-w-ustach-po-przebudzeniu-\u2013-z-czym-si\u0119-wi\u0105\u017ce?\">Gorzki smak w ustach po przebudzeniu \u2013 z czym si\u0119 wi\u0105\u017ce?<\/h3>\n\n\n\n<p>Poranny, gorzki smak w ustach to objaw, kt\u00f3ry mo\u017ce wydawa\u0107 si\u0119 b\u0142ahy, ale cz\u0119sto stanowi sygna\u0142 zak\u0142\u00f3ce\u0144 w funkcjonowaniu uk\u0142adu pokarmowego lub jamy ustnej. W czasie snu dochodzi do fizjologicznego spadku produkcji \u015bliny, kt\u00f3ra na co dzie\u0144 pe\u0142ni rol\u0119 naturalnej bariery ochronnej i oczyszczaj\u0105cej. Jej niedob\u00f3r sprzyja przesuszeniu \u015bluz\u00f3wek oraz namna\u017caniu si\u0119 bakterii odpowiedzialnych za nieprzyjemny smak i zapach.<\/p>\n\n\n\n<p><strong>&gt;&gt; Zobacz: <\/strong><a href=\"https:\/\/www.alab.pl\/centrum-wiedzy\/halitoza-i-nieswiezy-oddech-z-zoladka-przyczyny-diagnostyka-i-leczenie\/\"><strong>Halitoza i nie\u015bwie\u017cy oddech z \u017co\u0142\u0105dka. Przyczyny, diagnostyka i leczenie<\/strong><\/a><strong><\/strong><\/p>\n\n\n\n<p>Jednocze\u015bnie, w pozycji le\u017c\u0105cej zwi\u0119ksza si\u0119 ryzyko cofania si\u0119 tre\u015bci \u017co\u0142\u0105dkowej do prze\u0142yku, co w przypadku refluksu \u017co\u0142\u0105dkowo-prze\u0142ykowego lub refluksu \u017c\u00f3\u0142ciowego mo\u017ce skutkowa\u0107 kwa\u015bno-gorzkim posmakiem odczuwalnym zaraz po przebudzeniu. Dodatkowym czynnikiem s\u0105 ci\u0119\u017ckostrawne kolacje spo\u017cywane tu\u017c przed snem oraz niekt\u00f3re leki.<\/p>\n\n\n\n<p><strong>&gt;&gt; Sprawd\u017a: <\/strong><a href=\"https:\/\/www.alab.pl\/centrum-wiedzy\/zolc-w-zoladku-co-oznacza-i-czy-jest-grozna-objawy-przyczyny-i-leczenie-nadmiaru-zolci-w-zoladku\/\"><strong>\u017b\u00f3\u0142\u0107 w \u017co\u0142\u0105dku: co oznacza i czy jest gro\u017ana? Objawy, przyczyny i leczenie nadmiaru \u017c\u00f3\u0142ci w \u017co\u0142\u0105dku<\/strong><\/a><strong><\/strong><\/p>\n\n\n\n<h2 class=\"wp-block-heading\" id=\"Gorycz-w-ustach-\u2013-diagnostyka.-Kiedy-uda\u0107-si\u0119-do-lekarza?\">Gorycz w ustach \u2013 diagnostyka. Kiedy uda\u0107 si\u0119 do lekarza?<\/h2>\n\n\n\n<p>Kr\u00f3tkotrwa\u0142e zmiany smaku po spo\u017cyciu okre\u015blonych produkt\u00f3w czy przyjmowaniu lek\u00f3w nie wymagaj\u0105 interwencji medycznej, jednak gdy gorzki posmak utrzymuje si\u0119 przez d\u0142u\u017cszy czas \u2013 szczeg\u00f3lnie je\u015bli towarzysz\u0105 mu inne objawy \u2013 warto potraktowa\u0107 to jako sygna\u0142 ostrzegawczy. Do objaw\u00f3w, kt\u00f3re powinny sk\u0142oni\u0107 do konsultacji z lekarzem, nale\u017c\u0105 m.in.<\/p>\n\n\n\n<ul class=\"wp-block-list\">\n<li>nudno\u015bci;<\/li>\n\n\n\n<li>pieczenie w jamie ustnej;<\/li>\n\n\n\n<li><a href=\"https:\/\/www.alab.pl\/centrum-wiedzy\/bol-brzucha-mozliwe-przyczyny-badania\/\">b\u00f3le brzucha<\/a>;<\/li>\n\n\n\n<li>bia\u0142y nalot na j\u0119zyku;<\/li>\n\n\n\n<li><a href=\"https:\/\/www.alab.pl\/centrum-wiedzy\/powiekszone-wezly-chlonne-limfadenopatia-przyczyny-diagnostyka\/\">powi\u0119kszone w\u0119z\u0142y ch\u0142onne<\/a>;<\/li>\n\n\n\n<li>dolegliwo\u015bci stomatologiczne;<\/li>\n\n\n\n<li>niezamierzona utrata masy cia\u0142a.<\/li>\n<\/ul>\n\n\n\n<p>W takich przypadkach konieczna jest dok\u0142adna diagnostyka \u2013 od oceny stanu jamy ustnej, przez badania laboratoryjne, a\u017c po konsultacje specjalistyczne.<\/p>\n\n\n\n<p><strong>&gt;&gt; To mo\u017ce Ci\u0119 zainteresowa\u0107: <\/strong><a href=\"https:\/\/www.alab.pl\/centrum-wiedzy\/niedozywienie-objawy-przyczyny-i-leczenie-niedozywienia\/\"><strong>Niedo\u017cywienie \u2013 objawy, przyczyny i leczenie niedo\u017cywienia<\/strong><\/a><strong><\/strong><\/p>\n\n\n\n<h2 class=\"wp-block-heading\" id=\"Jak-pozby\u0107-si\u0119-gorzkiego-smaku-w-ustach?\">Jak pozby\u0107 si\u0119 gorzkiego smaku w ustach?<\/h2>\n\n\n\n<p>Gorzki smak w ustach mo\u017ce mie\u0107 wiele przyczyn \u2013 od niewinnych b\u0142\u0119d\u00f3w higienicznych po powa\u017cniejsze zaburzenia uk\u0142adu pokarmowego czy og\u00f3lnoustrojowe choroby. Dlatego kluczem do skutecznego pozbycia si\u0119 tego uci\u0105\u017cliwego objawu jest rozpoznanie jego \u017ar\u00f3d\u0142a. Pierwszym krokiem powinna by\u0107 wizyta u lekarza podstawowej opieki zdrowotnej, kt\u00f3ry oceni sytuacj\u0119 kliniczn\u0105 i \u2013 w razie potrzeby \u2013 skieruje pacjenta do odpowiedniego specjalisty, np. gastrologa, laryngologa lub stomatologa.<\/p>\n\n\n\n<p>Je\u015bli przyczyn\u0105 goryczy jest nieprawid\u0142owa higiena jamy ustnej, warto wdro\u017cy\u0107 codzienn\u0105 rutyn\u0119 obejmuj\u0105c\u0105 dok\u0142adne szczotkowanie z\u0119b\u00f3w i j\u0119zyka, nitkowanie przestrzeni mi\u0119dzyz\u0119bowych oraz stosowanie p\u0142yn\u00f3w do p\u0142ukania ust o dzia\u0142aniu antybakteryjnym. Niezwykle istotne s\u0105 tak\u017ce regularne kontrole stomatologiczne, dzi\u0119ki kt\u00f3rym mo\u017cliwe jest wczesne wykrycie i leczenie pr\u00f3chnicy, zapalenia dzi\u0105se\u0142 czy innych stan\u00f3w zapalnych.<\/p>\n\n\n\n<p><strong>&gt;&gt; Przeczytaj: <\/strong><a href=\"https:\/\/www.alab.pl\/centrum-wiedzy\/zolty-nalot-na-jezyku-co-moze-oznaczac-przyczyny-zoltego-jezyka\/\"><strong>\u017b\u00f3\u0142ty nalot na j\u0119zyku \u2013 co mo\u017ce oznacza\u0107? Przyczyny \u017c\u00f3\u0142tego j\u0119zyka<\/strong><\/a><strong><\/strong><\/p>\n\n\n\n<h2 class=\"wp-block-heading\" id=\"Domowe-sposoby-na-gorzki-smak-w-ustach\">Domowe sposoby na gorzki smak w ustach<\/h2>\n\n\n\n<p>Gorzki smak w ustach to dolegliwo\u015b\u0107, z kt\u00f3r\u0105 mo\u017cna spr\u00f3bowa\u0107 poradzi\u0107 sobie domowymi sposobami \u2013 szczeg\u00f3lnie je\u015bli objaw nie jest zwi\u0105zany z powa\u017cnym schorzeniem, a wynika np. z b\u0142\u0119d\u00f3w higienicznych, diety lub przej\u015bciowego zaburzenia trawienia. Warto w\u00f3wczas wprowadzi\u0107 kilka prostych nawyk\u00f3w, kt\u00f3re mog\u0105 zredukowa\u0107 lub ca\u0142kowicie wyeliminowa\u0107 uczucie goryczy:<\/p>\n\n\n\n<ul class=\"wp-block-list\">\n<li><strong>zwi\u0119ksz spo\u017cycie wody<\/strong> \u2013 <a href=\"https:\/\/www.alab.pl\/centrum-wiedzy\/nawadnianie-organizmu-suplementacja-elektrolitow\/\">nawodnienie<\/a> wspomaga naturalne oczyszczanie jamy ustnej i pobudza produkcj\u0119 \u015bliny, kt\u00f3ra neutralizuje nieprzyjemny smak;<\/li>\n\n\n\n<li><strong>\u017cuj \u015bwie\u017ce zio\u0142a<\/strong> \u2013 mi\u0119ta, pietruszka czy koper dzia\u0142aj\u0105 od\u015bwie\u017caj\u0105co i pomagaj\u0105 z\u0142agodzi\u0107 posmak;<\/li>\n\n\n\n<li><strong>wypr\u00f3buj napary zio\u0142owe<\/strong> \u2013 np. z rumianku, melisy, kopru w\u0142oskiego lub sza\u0142wii \u2013 wspieraj\u0105 trawienie, \u0142agodz\u0105 stany zapalne i od\u015bwie\u017caj\u0105 oddech;<\/li>\n\n\n\n<li><strong>ogranicz produkty nasilaj\u0105ce objaw<\/strong>, takie jak kawa, t\u0142uste potrawy, alkohol i ostre przyprawy \u2013 zw\u0142aszcza spo\u017cywane przed snem;<\/li>\n\n\n\n<li><strong>unikaj przejadania si\u0119 i k\u0142adzenia si\u0119 zaraz po posi\u0142ku<\/strong>, by zmniejszy\u0107 ryzyko refluksu, kt\u00f3ry cz\u0119sto odpowiada za gorzki smak.<\/li>\n<\/ul>\n\n\n\n<p>Je\u015bli jednak gorycz utrzymuje si\u0119 mimo zmian w stylu \u017cycia lub powraca regularnie, warto skonsultowa\u0107 si\u0119 z lekarzem i przeprowadzi\u0107 odpowiedni\u0105 diagnostyk\u0119. W ALAB laboratoriach mo\u017cesz wykona\u0107 szeroki zakres bada\u0144, kt\u00f3re pomog\u0105 ustali\u0107 przyczyn\u0119 dolegliwo\u015bci i podj\u0105\u0107 w\u0142a\u015bciwe leczenie.<\/p>\n\n\n\n<h2 class=\"wp-block-heading\" id=\"FAQ.-Gorzki-smak-w-ustach---cz\u0119sto-zadawane-pytania\">FAQ. Gorzki smak w ustach &#8211; cz\u0119sto zadawane pytania<\/h2>\n\n\n\n<div class=\"schema-faq wp-block-yoast-faq-block\"><div class=\"schema-faq-section\" id=\"faq-question-1753877001043\"><strong class=\"schema-faq-question\"><strong>Czy gorzki smak w ustach mo\u017ce by\u0107 objawem zaka\u017cenia <em>Helicobacter pylori?<\/em><\/strong><\/strong> <p class=\"schema-faq-answer\">Zaka\u017cenie <em>Helicobacter pylori<\/em> mo\u017ce prowadzi\u0107 do zapalenia b\u0142ony \u015bluzowej \u017co\u0142\u0105dka i nadprodukcji kwasu solnego, co sprzyja cofaniu si\u0119 tre\u015bci pokarmowej do prze\u0142yku i jamy ustnej. To z kolei mo\u017ce objawia\u0107 si\u0119 jako uporczywy, gorzki posmak \u2013 szczeg\u00f3lnie po jedzeniu lub rano.<\/p> <\/div> <div class=\"schema-faq-section\" id=\"faq-question-1753877044911\"><strong class=\"schema-faq-question\"><strong>Czy problemy z w\u0105trob\u0105 mog\u0105 powodowa\u0107 gorzki smak?<\/strong><\/strong> <p class=\"schema-faq-answer\">W\u0105troba odgrywa istotn\u0105 rol\u0119 w gospodarce cynkiem, pierwiastkiem wp\u0142ywaj\u0105cym na odczuwanie smaku. W chorobach takich jak st\u0142uszczenie, zapalenie czy marsko\u015b\u0107 w\u0105troby mo\u017ce doj\u015b\u0107 do zaburze\u0144 metabolicznych, kt\u00f3re skutkuj\u0105 przewlek\u0142ym uczuciem goryczy w ustach \u2013 nawet mimo braku innych objaw\u00f3w.<\/p> <\/div> <div class=\"schema-faq-section\" id=\"faq-question-1753877065939\"><strong class=\"schema-faq-question\"><strong>Czy refluks powoduje gorzki smak w ustach?<\/strong><\/strong> <p class=\"schema-faq-answer\">Refluks \u017co\u0142\u0105dkowo-prze\u0142ykowy to jedna z najcz\u0119stszych przyczyn goryczy w ustach. Cofanie si\u0119 kwa\u015bnej lub \u017c\u00f3\u0142ciowej tre\u015bci z \u017co\u0142\u0105dka do prze\u0142yku, a czasem a\u017c do jamy ustnej, powoduje dra\u017cni\u0105cy, gorzko-kwa\u015bny posmak.<\/p> <\/div> <div class=\"schema-faq-section\" id=\"faq-question-1753877084052\"><strong class=\"schema-faq-question\"><strong>Co pi\u0107 na gorzki smak w ustach?<\/strong><\/strong> <p class=\"schema-faq-answer\">Warto si\u0119ga\u0107 po napary zio\u0142owe (rumianek, koper w\u0142oski, sza\u0142wia), kt\u00f3re wspomagaj\u0105 trawienie i dzia\u0142aj\u0105 przeciwzapalnie. Pomocne mo\u017ce by\u0107 tak\u017ce regularne picie wody \u2013 nawodnienie zwi\u0119ksza produkcj\u0119 \u015bliny i przyspiesza wyp\u0142ukiwanie substancji dra\u017cni\u0105cych z jamy ustnej.<\/p> <\/div> <div class=\"schema-faq-section\" id=\"faq-question-1753877100439\"><strong class=\"schema-faq-question\"><strong>Po jakich lekach gorycz w ustach?<\/strong><\/strong> <p class=\"schema-faq-answer\">Gorzki posmak mo\u017ce towarzyszy\u0107 stosowaniu wielu lek\u00f3w, w tym antybiotyk\u00f3w, inhibitor\u00f3w ACE (stosowanych w nadci\u015bnieniu), preparat\u00f3w moczop\u0119dnych czy lek\u00f3w stosowanych w leczeniu POChP.<\/p> <\/div> <\/div>\n\n\n\n<p><\/p>\n\n\n\n<p><strong>Opieka merytoryczna: lek. Sara Aszkie\u0142owicz<\/strong><\/p>\n\n\n\n<hr class=\"wp-block-separator has-alpha-channel-opacity\"\/>\n\n\n\n<p><strong>Bibliografia<\/strong><\/p>\n\n\n\n<ol start=\"1\" class=\"wp-block-list\">\n<li>Korzeniowska K. i inni, Polekowe zaburzenia i utrata smaku, \u201eFarmacja Wsp\u00f3\u0142czesna\u201d 2016, nr 9, s. 105\u2013109.<\/li>\n\n\n\n<li>Prince A., The bitter taste of infection. J Clin Invest. 2012 Nov;122(11):3847-9.<\/li>\n\n\n\n<li>Altundag A., Laryngopharyngeal Reflux Has Negative Effects on Taste and Smell Functions. Otolaryngol Head Neck Surg. 2016 Jul;155(1):117-21.<\/li>\n\n\n\n<li>https:\/\/wylecz.to\/uklad-pokarmowy\/gorzki-posmak-w-ustach [dost\u0119p: 14.07.2025]<\/li>\n<\/ol>\n\n\n\n<p><\/p>\n","protected":false},"excerpt":{"rendered":"<p>Gorzki smak w ustach to dolegliwo\u015b\u0107, kt\u00f3ra mo\u017ce pojawi\u0107 si\u0119 nagle i utrzymywa\u0107 przez kr\u00f3tki czas, ale bywa te\u017c objawem nawracaj\u0105cym.<\/p>\n","protected":false},"author":185,"featured_media":25861,"comment_status":"closed","ping_status":"closed","sticky":false,"template":"","format":"standard","meta":{"_acf_changed":false,"inline_featured_image":false,"footnotes":""},"categories":[18],"tags":[],"coauthors":[224],"class_list":{"0":"post-25856","1":"post","2":"type-post","3":"status-publish","4":"format-standard","5":"has-post-thumbnail","7":"category-dysbioza-choroby-przewodu-pokarmowego"},"acf":[],"yoast_head":"<!-- This site is optimized with the Yoast SEO plugin v27.5 - https:\/\/yoast.com\/product\/yoast-seo-wordpress\/ -->\n<title>Gorzki smak w ustach \u2013 o czym mo\u017ce \u015bwiadczy\u0107? - Centrum Wiedzy ALAB laboratoria<\/title>\n<meta name=\"description\" content=\"Gorzki smak w ustach to dolegliwo\u015b\u0107, kt\u00f3ra mo\u017ce pojawi\u0107 si\u0119 nagle i utrzymywa\u0107 przez kr\u00f3tki czas, ale bywa te\u017c objawem nawracaj\u0105cym.\" \/>\n<meta name=\"robots\" content=\"index, follow, max-snippet:-1, max-image-preview:large, max-video-preview:-1\" \/>\n<link rel=\"canonical\" href=\"https:\/\/www.alab.pl\/centrum-wiedzy\/gorzki-smak-w-ustach-o-czym-moze-swiadczyc\/\" \/>\n<meta property=\"og:locale\" content=\"pl_PL\" \/>\n<meta property=\"og:type\" content=\"article\" \/>\n<meta property=\"og:title\" content=\"Gorzki smak w ustach \u2013 o czym mo\u017ce \u015bwiadczy\u0107? - Centrum Wiedzy ALAB laboratoria\" \/>\n<meta property=\"og:description\" content=\"Gorzki smak w ustach to dolegliwo\u015b\u0107, kt\u00f3ra mo\u017ce pojawi\u0107 si\u0119 nagle i utrzymywa\u0107 przez kr\u00f3tki czas, ale bywa te\u017c objawem nawracaj\u0105cym.\" \/>\n<meta property=\"og:url\" content=\"https:\/\/www.alab.pl\/centrum-wiedzy\/gorzki-smak-w-ustach-o-czym-moze-swiadczyc\/\" \/>\n<meta property=\"og:site_name\" content=\"Centrum Wiedzy ALAB laboratoria\" \/>\n<meta property=\"article:publisher\" content=\"https:\/\/www.facebook.com\/ALABlaboratoria\" \/>\n<meta property=\"article:published_time\" content=\"2025-07-30T12:09:23+00:00\" \/>\n<meta property=\"article:modified_time\" content=\"2025-07-30T12:09:25+00:00\" \/>\n<meta property=\"og:image\" content=\"https:\/\/www.alab.pl\/centrum-wiedzy\/wp-content\/uploads\/2025\/07\/gorzki_smak_w_ustach.jpg\" \/>\n\t<meta property=\"og:image:width\" content=\"2534\" \/>\n\t<meta property=\"og:image:height\" content=\"1689\" \/>\n\t<meta property=\"og:image:type\" content=\"image\/jpeg\" \/>\n<meta name=\"author\" content=\"Sandra S\u0142uszewska\" \/>\n<meta name=\"twitter:card\" content=\"summary_large_image\" \/>\n<meta name=\"twitter:label1\" content=\"Napisane przez\" \/>\n\t<meta name=\"twitter:data1\" content=\"Sandra S\u0142uszewska\" \/>\n\t<meta name=\"twitter:label2\" content=\"Szacowany czas czytania\" \/>\n\t<meta name=\"twitter:data2\" content=\"13 minut\" \/>\n\t<meta name=\"twitter:label3\" content=\"Written by\" \/>\n\t<meta name=\"twitter:data3\" content=\"Sandra S\u0142uszewska\" \/>\n<!-- \/ Yoast SEO plugin. -->","yoast_head_json":{"title":"Gorzki smak w ustach \u2013 o czym mo\u017ce \u015bwiadczy\u0107? - Centrum Wiedzy ALAB laboratoria","description":"Gorzki smak w ustach to dolegliwo\u015b\u0107, kt\u00f3ra mo\u017ce pojawi\u0107 si\u0119 nagle i utrzymywa\u0107 przez kr\u00f3tki czas, ale bywa te\u017c objawem nawracaj\u0105cym.","robots":{"index":"index","follow":"follow","max-snippet":"max-snippet:-1","max-image-preview":"max-image-preview:large","max-video-preview":"max-video-preview:-1"},"canonical":"https:\/\/www.alab.pl\/centrum-wiedzy\/gorzki-smak-w-ustach-o-czym-moze-swiadczyc\/","og_locale":"pl_PL","og_type":"article","og_title":"Gorzki smak w ustach \u2013 o czym mo\u017ce \u015bwiadczy\u0107? - Centrum Wiedzy ALAB laboratoria","og_description":"Gorzki smak w ustach to dolegliwo\u015b\u0107, kt\u00f3ra mo\u017ce pojawi\u0107 si\u0119 nagle i utrzymywa\u0107 przez kr\u00f3tki czas, ale bywa te\u017c objawem nawracaj\u0105cym.","og_url":"https:\/\/www.alab.pl\/centrum-wiedzy\/gorzki-smak-w-ustach-o-czym-moze-swiadczyc\/","og_site_name":"Centrum Wiedzy ALAB laboratoria","article_publisher":"https:\/\/www.facebook.com\/ALABlaboratoria","article_published_time":"2025-07-30T12:09:23+00:00","article_modified_time":"2025-07-30T12:09:25+00:00","og_image":[{"width":2534,"height":1689,"url":"https:\/\/www.alab.pl\/centrum-wiedzy\/wp-content\/uploads\/2025\/07\/gorzki_smak_w_ustach.jpg","type":"image\/jpeg"}],"author":"Sandra S\u0142uszewska","twitter_card":"summary_large_image","twitter_misc":{"Napisane przez":"Sandra S\u0142uszewska","Szacowany czas czytania":"13 minut","Written by":"Sandra S\u0142uszewska"},"schema":{"@context":"https:\/\/schema.org","@graph":[{"@type":"Article","@id":"https:\/\/www.alab.pl\/centrum-wiedzy\/gorzki-smak-w-ustach-o-czym-moze-swiadczyc\/#article","isPartOf":{"@id":"https:\/\/www.alab.pl\/centrum-wiedzy\/gorzki-smak-w-ustach-o-czym-moze-swiadczyc\/"},"author":{"name":"Sandra S\u0142uszewska","@id":"https:\/\/www.alab.pl\/centrum-wiedzy\/#\/schema\/person\/c615ff7d62d585a38d38cc93ab703793"},"headline":"Gorzki smak w ustach \u2013 o czym mo\u017ce \u015bwiadczy\u0107?","datePublished":"2025-07-30T12:09:23+00:00","dateModified":"2025-07-30T12:09:25+00:00","mainEntityOfPage":{"@id":"https:\/\/www.alab.pl\/centrum-wiedzy\/gorzki-smak-w-ustach-o-czym-moze-swiadczyc\/"},"wordCount":2337,"publisher":{"@id":"https:\/\/www.alab.pl\/centrum-wiedzy\/#organization"},"image":{"@id":"https:\/\/www.alab.pl\/centrum-wiedzy\/gorzki-smak-w-ustach-o-czym-moze-swiadczyc\/#primaryimage"},"thumbnailUrl":"https:\/\/www.alab.pl\/centrum-wiedzy\/wp-content\/uploads\/2025\/07\/gorzki_smak_w_ustach.jpg","articleSection":["Dysbioza, choroby przewodu pokarmowego"],"inLanguage":"pl-PL"},{"@type":["WebPage","FAQPage"],"@id":"https:\/\/www.alab.pl\/centrum-wiedzy\/gorzki-smak-w-ustach-o-czym-moze-swiadczyc\/","url":"https:\/\/www.alab.pl\/centrum-wiedzy\/gorzki-smak-w-ustach-o-czym-moze-swiadczyc\/","name":"Gorzki smak w ustach \u2013 o czym mo\u017ce \u015bwiadczy\u0107? - Centrum Wiedzy ALAB laboratoria","isPartOf":{"@id":"https:\/\/www.alab.pl\/centrum-wiedzy\/#website"},"primaryImageOfPage":{"@id":"https:\/\/www.alab.pl\/centrum-wiedzy\/gorzki-smak-w-ustach-o-czym-moze-swiadczyc\/#primaryimage"},"image":{"@id":"https:\/\/www.alab.pl\/centrum-wiedzy\/gorzki-smak-w-ustach-o-czym-moze-swiadczyc\/#primaryimage"},"thumbnailUrl":"https:\/\/www.alab.pl\/centrum-wiedzy\/wp-content\/uploads\/2025\/07\/gorzki_smak_w_ustach.jpg","datePublished":"2025-07-30T12:09:23+00:00","dateModified":"2025-07-30T12:09:25+00:00","description":"Gorzki smak w ustach to dolegliwo\u015b\u0107, kt\u00f3ra mo\u017ce pojawi\u0107 si\u0119 nagle i utrzymywa\u0107 przez kr\u00f3tki czas, ale bywa te\u017c objawem nawracaj\u0105cym.","breadcrumb":{"@id":"https:\/\/www.alab.pl\/centrum-wiedzy\/gorzki-smak-w-ustach-o-czym-moze-swiadczyc\/#breadcrumb"},"mainEntity":[{"@id":"https:\/\/www.alab.pl\/centrum-wiedzy\/gorzki-smak-w-ustach-o-czym-moze-swiadczyc\/#faq-question-1753877001043"},{"@id":"https:\/\/www.alab.pl\/centrum-wiedzy\/gorzki-smak-w-ustach-o-czym-moze-swiadczyc\/#faq-question-1753877044911"},{"@id":"https:\/\/www.alab.pl\/centrum-wiedzy\/gorzki-smak-w-ustach-o-czym-moze-swiadczyc\/#faq-question-1753877065939"},{"@id":"https:\/\/www.alab.pl\/centrum-wiedzy\/gorzki-smak-w-ustach-o-czym-moze-swiadczyc\/#faq-question-1753877084052"},{"@id":"https:\/\/www.alab.pl\/centrum-wiedzy\/gorzki-smak-w-ustach-o-czym-moze-swiadczyc\/#faq-question-1753877100439"}],"inLanguage":"pl-PL","potentialAction":[{"@type":"ReadAction","target":["https:\/\/www.alab.pl\/centrum-wiedzy\/gorzki-smak-w-ustach-o-czym-moze-swiadczyc\/"]}]},{"@type":"ImageObject","inLanguage":"pl-PL","@id":"https:\/\/www.alab.pl\/centrum-wiedzy\/gorzki-smak-w-ustach-o-czym-moze-swiadczyc\/#primaryimage","url":"https:\/\/www.alab.pl\/centrum-wiedzy\/wp-content\/uploads\/2025\/07\/gorzki_smak_w_ustach.jpg","contentUrl":"https:\/\/www.alab.pl\/centrum-wiedzy\/wp-content\/uploads\/2025\/07\/gorzki_smak_w_ustach.jpg","width":2534,"height":1689,"caption":"gorzki smak w ustach"},{"@type":"BreadcrumbList","@id":"https:\/\/www.alab.pl\/centrum-wiedzy\/gorzki-smak-w-ustach-o-czym-moze-swiadczyc\/#breadcrumb","itemListElement":[{"@type":"ListItem","position":1,"name":"Strona g\u0142\u00f3wna","item":"https:\/\/www.alab.pl\/centrum-wiedzy\/"},{"@type":"ListItem","position":2,"name":"Gorzki smak w ustach \u2013 o czym mo\u017ce \u015bwiadczy\u0107?"}]},{"@type":"WebSite","@id":"https:\/\/www.alab.pl\/centrum-wiedzy\/#website","url":"https:\/\/www.alab.pl\/centrum-wiedzy\/","name":"Centrum Wiedzy ALAB laboratoria","description":"","publisher":{"@id":"https:\/\/www.alab.pl\/centrum-wiedzy\/#organization"},"potentialAction":[{"@type":"SearchAction","target":{"@type":"EntryPoint","urlTemplate":"https:\/\/www.alab.pl\/centrum-wiedzy\/?s={search_term_string}"},"query-input":{"@type":"PropertyValueSpecification","valueRequired":true,"valueName":"search_term_string"}}],"inLanguage":"pl-PL"},{"@type":"Organization","@id":"https:\/\/www.alab.pl\/centrum-wiedzy\/#organization","name":"Centrum Wiedzy ALAB laboratoria","url":"https:\/\/www.alab.pl\/centrum-wiedzy\/","logo":{"@type":"ImageObject","inLanguage":"pl-PL","@id":"https:\/\/www.alab.pl\/centrum-wiedzy\/#\/schema\/logo\/image\/","url":"https:\/\/www.alab.pl\/centrum-wiedzy\/wp-content\/uploads\/2022\/04\/alabek.jpg","contentUrl":"https:\/\/www.alab.pl\/centrum-wiedzy\/wp-content\/uploads\/2022\/04\/alabek.jpg","width":1250,"height":1251,"caption":"Centrum Wiedzy ALAB laboratoria"},"image":{"@id":"https:\/\/www.alab.pl\/centrum-wiedzy\/#\/schema\/logo\/image\/"},"sameAs":["https:\/\/www.facebook.com\/ALABlaboratoria"]},{"@type":"Person","@id":"https:\/\/www.alab.pl\/centrum-wiedzy\/#\/schema\/person\/c615ff7d62d585a38d38cc93ab703793","name":"Sandra S\u0142uszewska","image":{"@type":"ImageObject","inLanguage":"pl-PL","@id":"https:\/\/www.alab.pl\/centrum-wiedzy\/wp-content\/uploads\/2025\/02\/Sandra-Sluszewska-150x150.jpg1b25111ddf6b1d444f36196b209215a6","url":"https:\/\/www.alab.pl\/centrum-wiedzy\/wp-content\/uploads\/2025\/02\/Sandra-Sluszewska-150x150.jpg","contentUrl":"https:\/\/www.alab.pl\/centrum-wiedzy\/wp-content\/uploads\/2025\/02\/Sandra-Sluszewska-150x150.jpg","caption":"Sandra S\u0142uszewska"},"description":"Z wykszta\u0142cenia biolog, absolwentka biologii na Uniwersytecie Gda\u0144skim. Od lat zwi\u0105zana z bran\u017c\u0105 medyczn\u0105, gdzie \u0142\u0105czy wiedz\u0119 biologiczn\u0105 z praktycznym do\u015bwiadczeniem zawodowym. Autorka licznych tekst\u00f3w zdrowotnych i edukacyjnych dotycz\u0105cych m.in. diagnostyki medycznej, dermatologii, profilaktyki zdrowotnej, \u017cywienia oraz zdrowego stylu \u017cycia. W swoich tekstach opiera si\u0119 na aktualnych danych naukowych, dbaj\u0105c o ich rzetelne, praktyczne i zrozumia\u0142e przedstawienie.","url":"https:\/\/www.alab.pl\/centrum-wiedzy\/author\/sandra-sluszewska\/"},{"@type":"Question","@id":"https:\/\/www.alab.pl\/centrum-wiedzy\/gorzki-smak-w-ustach-o-czym-moze-swiadczyc\/#faq-question-1753877001043","position":1,"url":"https:\/\/www.alab.pl\/centrum-wiedzy\/gorzki-smak-w-ustach-o-czym-moze-swiadczyc\/#faq-question-1753877001043","name":"Czy gorzki smak w ustach mo\u017ce by\u0107 objawem zaka\u017cenia Helicobacter pylori?","answerCount":1,"acceptedAnswer":{"@type":"Answer","text":"Zaka\u017cenie <em>Helicobacter pylori<\/em> mo\u017ce prowadzi\u0107 do zapalenia b\u0142ony \u015bluzowej \u017co\u0142\u0105dka i nadprodukcji kwasu solnego, co sprzyja cofaniu si\u0119 tre\u015bci pokarmowej do prze\u0142yku i jamy ustnej. To z kolei mo\u017ce objawia\u0107 si\u0119 jako uporczywy, gorzki posmak \u2013 szczeg\u00f3lnie po jedzeniu lub rano.","inLanguage":"pl-PL"},"inLanguage":"pl-PL"},{"@type":"Question","@id":"https:\/\/www.alab.pl\/centrum-wiedzy\/gorzki-smak-w-ustach-o-czym-moze-swiadczyc\/#faq-question-1753877044911","position":2,"url":"https:\/\/www.alab.pl\/centrum-wiedzy\/gorzki-smak-w-ustach-o-czym-moze-swiadczyc\/#faq-question-1753877044911","name":"Czy problemy z w\u0105trob\u0105 mog\u0105 powodowa\u0107 gorzki smak?","answerCount":1,"acceptedAnswer":{"@type":"Answer","text":"W\u0105troba odgrywa istotn\u0105 rol\u0119 w gospodarce cynkiem, pierwiastkiem wp\u0142ywaj\u0105cym na odczuwanie smaku. W chorobach takich jak st\u0142uszczenie, zapalenie czy marsko\u015b\u0107 w\u0105troby mo\u017ce doj\u015b\u0107 do zaburze\u0144 metabolicznych, kt\u00f3re skutkuj\u0105 przewlek\u0142ym uczuciem goryczy w ustach \u2013 nawet mimo braku innych objaw\u00f3w.","inLanguage":"pl-PL"},"inLanguage":"pl-PL"},{"@type":"Question","@id":"https:\/\/www.alab.pl\/centrum-wiedzy\/gorzki-smak-w-ustach-o-czym-moze-swiadczyc\/#faq-question-1753877065939","position":3,"url":"https:\/\/www.alab.pl\/centrum-wiedzy\/gorzki-smak-w-ustach-o-czym-moze-swiadczyc\/#faq-question-1753877065939","name":"Czy refluks powoduje gorzki smak w ustach?","answerCount":1,"acceptedAnswer":{"@type":"Answer","text":"Refluks \u017co\u0142\u0105dkowo-prze\u0142ykowy to jedna z najcz\u0119stszych przyczyn goryczy w ustach. Cofanie si\u0119 kwa\u015bnej lub \u017c\u00f3\u0142ciowej tre\u015bci z \u017co\u0142\u0105dka do prze\u0142yku, a czasem a\u017c do jamy ustnej, powoduje dra\u017cni\u0105cy, gorzko-kwa\u015bny posmak.","inLanguage":"pl-PL"},"inLanguage":"pl-PL"},{"@type":"Question","@id":"https:\/\/www.alab.pl\/centrum-wiedzy\/gorzki-smak-w-ustach-o-czym-moze-swiadczyc\/#faq-question-1753877084052","position":4,"url":"https:\/\/www.alab.pl\/centrum-wiedzy\/gorzki-smak-w-ustach-o-czym-moze-swiadczyc\/#faq-question-1753877084052","name":"Co pi\u0107 na gorzki smak w ustach?","answerCount":1,"acceptedAnswer":{"@type":"Answer","text":"Warto si\u0119ga\u0107 po napary zio\u0142owe (rumianek, koper w\u0142oski, sza\u0142wia), kt\u00f3re wspomagaj\u0105 trawienie i dzia\u0142aj\u0105 przeciwzapalnie. Pomocne mo\u017ce by\u0107 tak\u017ce regularne picie wody \u2013 nawodnienie zwi\u0119ksza produkcj\u0119 \u015bliny i przyspiesza wyp\u0142ukiwanie substancji dra\u017cni\u0105cych z jamy ustnej.","inLanguage":"pl-PL"},"inLanguage":"pl-PL"},{"@type":"Question","@id":"https:\/\/www.alab.pl\/centrum-wiedzy\/gorzki-smak-w-ustach-o-czym-moze-swiadczyc\/#faq-question-1753877100439","position":5,"url":"https:\/\/www.alab.pl\/centrum-wiedzy\/gorzki-smak-w-ustach-o-czym-moze-swiadczyc\/#faq-question-1753877100439","name":"Po jakich lekach gorycz w ustach?","answerCount":1,"acceptedAnswer":{"@type":"Answer","text":"Gorzki posmak mo\u017ce towarzyszy\u0107 stosowaniu wielu lek\u00f3w, w tym antybiotyk\u00f3w, inhibitor\u00f3w ACE (stosowanych w nadci\u015bnieniu), preparat\u00f3w moczop\u0119dnych czy lek\u00f3w stosowanych w leczeniu POChP.","inLanguage":"pl-PL"},"inLanguage":"pl-PL"}]}},"_links":{"self":[{"href":"https:\/\/www.alab.pl\/centrum-wiedzy\/wp-json\/wp\/v2\/posts\/25856","targetHints":{"allow":["GET"]}}],"collection":[{"href":"https:\/\/www.alab.pl\/centrum-wiedzy\/wp-json\/wp\/v2\/posts"}],"about":[{"href":"https:\/\/www.alab.pl\/centrum-wiedzy\/wp-json\/wp\/v2\/types\/post"}],"author":[{"embeddable":true,"href":"https:\/\/www.alab.pl\/centrum-wiedzy\/wp-json\/wp\/v2\/users\/185"}],"replies":[{"embeddable":true,"href":"https:\/\/www.alab.pl\/centrum-wiedzy\/wp-json\/wp\/v2\/comments?post=25856"}],"version-history":[{"count":4,"href":"https:\/\/www.alab.pl\/centrum-wiedzy\/wp-json\/wp\/v2\/posts\/25856\/revisions"}],"predecessor-version":[{"id":25862,"href":"https:\/\/www.alab.pl\/centrum-wiedzy\/wp-json\/wp\/v2\/posts\/25856\/revisions\/25862"}],"wp:featuredmedia":[{"embeddable":true,"href":"https:\/\/www.alab.pl\/centrum-wiedzy\/wp-json\/wp\/v2\/media\/25861"}],"wp:attachment":[{"href":"https:\/\/www.alab.pl\/centrum-wiedzy\/wp-json\/wp\/v2\/media?parent=25856"}],"wp:term":[{"taxonomy":"category","embeddable":true,"href":"https:\/\/www.alab.pl\/centrum-wiedzy\/wp-json\/wp\/v2\/categories?post=25856"},{"taxonomy":"post_tag","embeddable":true,"href":"https:\/\/www.alab.pl\/centrum-wiedzy\/wp-json\/wp\/v2\/tags?post=25856"},{"taxonomy":"author","embeddable":true,"href":"https:\/\/www.alab.pl\/centrum-wiedzy\/wp-json\/wp\/v2\/coauthors?post=25856"}],"curies":[{"name":"wp","href":"https:\/\/api.w.org\/{rel}","templated":true}]}}