{"id":26564,"date":"2025-08-31T17:38:52","date_gmt":"2025-08-31T15:38:52","guid":{"rendered":"https:\/\/www.alab.pl\/centrum-wiedzy\/?p=26564"},"modified":"2025-08-31T17:38:54","modified_gmt":"2025-08-31T15:38:54","slug":"adenowirusy-czym-sa-i-jakie-sa-objawy-zakazenia","status":"publish","type":"post","link":"https:\/\/www.alab.pl\/centrum-wiedzy\/adenowirusy-czym-sa-i-jakie-sa-objawy-zakazenia\/","title":{"rendered":"Adenowirusy \u2013 czym s\u0105 i jakie s\u0105 objawy zaka\u017cenia?"},"content":{"rendered":"\n<p><strong>Adenowirusy to powszechnie wyst\u0119puj\u0105ce drobnoustroje odpowiedzialne za choroby uk\u0142adu oddechowego, uk\u0142adu pokarmowego i oczu. Wirusy maj\u0105 zdolno\u015b\u0107 do szybkiego rozprzestrzeniania w populacji ludzkiej, atakuj\u0105c zar\u00f3wno dzieci, jak i doros\u0142ych. Jak dochodzi do zaka\u017cenia adenowirusami i kto jest najbardziej nara\u017cony? Czy infekcja jest gro\u017ana? W jaki spos\u00f3b zdiagnozowa\u0107 zaka\u017cenie i jak z nim walczy\u0107? Warto zna\u0107 odpowied\u017a na te pytania dla ograniczenia ryzyka powik\u0142a\u0144 zdrowotnych.<\/strong><\/p>\n\n\n\n<p>Spis tre\u015bci:<\/p>\n\n\n\n<ol class=\"wp-block-list\">\n<li><a href=\"#Czym-s\u0105-adenowirusy?\">Czym s\u0105 adenowirusy?<\/a><\/li>\n\n\n\n<li><a href=\"#Jak-dochodzi-do-zaka\u017cenia-adenowirusem?\">Jak dochodzi do zaka\u017cenia adenowirusem?<\/a><\/li>\n\n\n\n<li><a href=\"#Kto-jest-najbardziej-nara\u017cony-na-zaka\u017cenie-adenowirusem?\">Kto jest najbardziej nara\u017cony na zaka\u017cenie adenowirusem?<\/a><\/li>\n\n\n\n<li><a href=\"#Czy-adenowirusy-s\u0105-gro\u017ane?\">Czy adenowirusy s\u0105 gro\u017ane?<\/a><\/li>\n\n\n\n<li><a href=\"#Adenowirus-\u2013-objawy-zaka\u017cenia\">Adenowirus \u2013 objawy zaka\u017cenia<\/a><\/li>\n\n\n\n<li><a href=\"#Objawy-zaka\u017cenia-adenowirusem-u-dzieci-i-doros\u0142ych\">Objawy zaka\u017cenia adenowirusem u dzieci i doros\u0142ych<\/a><\/li>\n\n\n\n<li><a href=\"#Adenowirus-\u2013-objawy-ze-strony-uk\u0142adu-oddechowego\">Adenowirus \u2013 objawy ze strony uk\u0142adu oddechowego<\/a><\/li>\n\n\n\n<li><a href=\"#Adenowirus-\u2013-objawy-zaka\u017cenia-uk\u0142adu-pokarmowego\">Adenowirus \u2013 objawy zaka\u017cenia uk\u0142adu pokarmowego<\/a><\/li>\n\n\n\n<li><a href=\"#Adenowirus-\u2013-zaburzenia-funkcjonowania-uk\u0142adu-moczowego\">Adenowirus \u2013 zaburzenia funkcjonowania uk\u0142adu moczowego<\/a><\/li>\n\n\n\n<li><a href=\"#Adenowirus-\u2013-zapalenie-spoj\u00f3wek\">Adenowirus \u2013 zapalenie spoj\u00f3wek<\/a><\/li>\n\n\n\n<li><a href=\"#Skutki-zaka\u017cenia-adenowirusami\">Skutki zaka\u017cenia adenowirusami<\/a><\/li>\n\n\n\n<li><a href=\"#Diagnostyka-i-leczenie-adenowirus\u00f3w\">Diagnostyka i leczenie adenowirus\u00f3w<\/a>\n<ul class=\"wp-block-list\">\n<li><a href=\"#Leczenie-adenowirus\u00f3w\">Leczenie adenowirus\u00f3w<\/a><\/li>\n<\/ul>\n<\/li>\n\n\n\n<li><a href=\"#Adenowirusy-\u2013--podsumowanie-najwa\u017cniejszych-informacji\">Adenowirusy \u2013\u00a0 podsumowanie najwa\u017cniejszych informacji<\/a><\/li>\n<\/ol>\n\n\n\n<h2 class=\"wp-block-heading\" id=\"Czym-s\u0105-adenowirusy?\">Czym s\u0105 adenowirusy?<\/h2>\n\n\n\n<p>Adenowirusy wyizolowano po raz pierwszy w 1953 r. w ludzkiej tkance adenoidalnej (<a href=\"https:\/\/www.alab.pl\/centrum-wiedzy\/czym-sa-migdalki-gdzie-sie-znajduja-i-jaka-pelnia-funkcje\/\">migda\u0142ku<\/a> gard\u0142owym), st\u0105d ich nazwa. S\u0105 one <strong>bezos\u0142onkowymi wirusami, kt\u00f3rych genom stanowi podw\u00f3jna ni\u0107 kwasu dezoksyrybonukleinowego (DNA)<\/strong>. Istnieje oko\u0142o 100 serotyp\u00f3w adenowirus\u00f3w, spo\u015br\u00f3d kt\u00f3rych mniej wi\u0119cej po\u0142owa ma zdolno\u015b\u0107 zaka\u017cania ludzi. Ludzkie adenowirusy podzielono na siedem podgrup (gatunk\u00f3w) oznaczanych literami do A do G, w obr\u0119bie kt\u00f3rych znajduj\u0105 si\u0119 r\u00f3\u017cne genotypy oznaczone cyframi i liczbami.<\/p>\n\n\n\n<p>Adenowirusy wywo\u0142uj\u0105 u ludzi:<\/p>\n\n\n\n<ul class=\"wp-block-list\">\n<li><strong>zaka\u017cenia lityczne<\/strong> \u2013 wirusy powoduj\u0105 rozpad (liz\u0119) kom\u00f3rek, np. \u015bluzowo-nab\u0142onkowych, z uwolnieniem nowych cz\u0105stek wirusa zdolnych do dalszego zaka\u017cania,<\/li>\n\n\n\n<li><strong>zaka\u017cenia latentne<\/strong> \u2013 wirusy s\u0105 obecne w organizmie, np. w kom\u00f3rkach limfoidalnych i gruczo\u0142owych, ale nie wywo\u0142uj\u0105 objaw\u00f3w chorobowych. W przypadku spadku odporno\u015bci organizmu mo\u017ce doj\u015b\u0107 do reaktywacji wirus\u00f3w i wyst\u0105pienia objaw\u00f3w klinicznych.<\/li>\n<\/ul>\n\n\n\n<p>Adenowirusy s\u0105 odporne na wysychanie, dzia\u0142anie detergent\u00f3w, wydzieliny <a href=\"https:\/\/www.alab.pl\/centrum-wiedzy\/budowa-funkcje-i-najczestsze-choroby-ukladu-pokarmowego-czlowieka\/\">uk\u0142adu pokarmowego<\/a> (kwasy, proteazy) i dzia\u0142anie niskich st\u0119\u017ce\u0144 chloru. Wirusy gin\u0105 pod wp\u0142ywem ciep\u0142a, formaliny i&nbsp;\u015brodk\u00f3w utleniaj\u0105cych.<\/p>\n\n\n\n<h2 class=\"wp-block-heading\" id=\"Jak-dochodzi-do-zaka\u017cenia-adenowirusem?\">Jak dochodzi do zaka\u017cenia adenowirusem?<\/h2>\n\n\n\n<p>Rezerwuarem adenowirus\u00f3w wywo\u0142uj\u0105cych zaka\u017cenia u cz\u0142owieka s\u0105 wy\u0142\u0105cznie ludzie, zar\u00f3wno osoby chore, jak i bezobjawowi nosiciele. <strong>Wirusy zaka\u017caj\u0105 kom\u00f3rki nab\u0142onkowe ustnej cz\u0119\u015bci gard\u0142a oraz nab\u0142onek narz\u0105d\u00f3w oddechowych i jelitowych<\/strong>.<\/p>\n\n\n\n<p>&nbsp;Do zaka\u017cenia adenowirusami dochodzi:<\/p>\n\n\n\n<ul class=\"wp-block-list\">\n<li><strong>drog\u0105 kropelkow\u0105<\/strong> \u2013 poprzez kontakt z wydzielinami dr\u00f3g oddechowych zaka\u017conej osoby \u2013 wirusy przenosz\u0105 si\u0119 w trakcie kichania, kas\u0142ania, m\u00f3wienia,<\/li>\n\n\n\n<li><strong>drog\u0105 fekalno-oraln\u0105<\/strong>:\n<ul class=\"wp-block-list\">\n<li><span style=\"color: initial;\">poprzez spo\u017cywanie ska\u017conej wody, \u017cywno\u015bci,<\/span><\/li>\n\n\n\n<li>poprzez ska\u017cone przedmioty (r\u0119czniki, przybory toaletowe, odzie\u017c, sprz\u0119t medyczny, umywalki)<\/li>\n<\/ul>\n<\/li>\n<\/ul>\n\n\n\n<p>Okres wyl\u0119gania choroby trwa zazwyczaj 5-12 dni. Zaka\u017ano\u015b\u0107 (wydalanie wirusa) trwa od jednego dnia do nawet kilkunastu miesi\u0119cy, co jest zale\u017cne od obrazu klinicznego choroby oraz stanu uk\u0142adu odporno\u015bciowego pacjenta. Wirusy wydalane s\u0105 z wydzielin\u0105 <a href=\"https:\/\/www.alab.pl\/centrum-wiedzy\/budowa-funkcje-i-najczestsze-choroby-ukladu-oddechowego-czlowieka\/\">uk\u0142adu oddechowego<\/a> oraz z ka\u0142em.<\/p>\n\n\n\n<p><strong>>> Przeczytaj tak\u017ce: <a href=\"https:\/\/www.alab.pl\/centrum-wiedzy\/przedluzajacy-sie-kaszel-jakie-badania-laboratoryjne-wykonac-by-rozpoczac-skuteczne-leczenie\/\">Przed\u0142u\u017caj\u0105cy si\u0119 kaszel: jakie badania laboratoryjne wykona\u0107, by rozpocz\u0105\u0107 skuteczne leczenie<\/a><\/strong><\/p>\n\n\n\n<h2 class=\"wp-block-heading\" id=\"Kto-jest-najbardziej-nara\u017cony-na-zaka\u017cenie-adenowirusem?\">Kto jest najbardziej nara\u017cony na zaka\u017cenie adenowirusem?<\/h2>\n\n\n\n<p>Adenowirusy s\u0105 rozpowszechnione na ca\u0142ym \u015bwiecie. Wyst\u0105pieniu zaka\u017cenia sprzyja:<\/p>\n\n\n\n<ul class=\"wp-block-list\">\n<li>wiek \u2013 dzieci od 6 miesi\u0119cy do 5 lat, seniorzy,<\/li>\n\n\n\n<li>upo\u015bledzona odporno\u015b\u0107 (np. osoby po transplantacjach),<\/li>\n\n\n\n<li>przebywanie w du\u017cych skupiskach ludzkich (\u017c\u0142obki, przedszkola, szko\u0142y, szpitale, koszary wojskowe, otwarte przestrzenie biurowe itp.),<\/li>\n\n\n\n<li>noszenie soczewek kontaktowych,<\/li>\n\n\n\n<li>k\u0105piel w basenach,<\/li>\n\n\n\n<li>wsp\u00f3lne u\u017cywanie r\u0119cznik\u00f3w i przybor\u00f3w toaletowych.<\/li>\n<\/ul>\n\n\n\n<p><strong>>> Przeczytaj te\u017c: <a href=\"https:\/\/www.alab.pl\/centrum-wiedzy\/jak-wzmocnic-uklad-immunologiczny\/\">Jak wzmocni\u0107 uk\u0142ad immunologiczny u doros\u0142ych i dzieci?<\/a><\/strong><\/p>\n\n\n\n<h2 class=\"wp-block-heading\" id=\"Czy-adenowirusy-s\u0105-gro\u017ane?\">Czy adenowirusy s\u0105 gro\u017ane?<\/h2>\n\n\n\n<p>Wi\u0119kszo\u015b\u0107 zaka\u017ce\u0144 adenowirusami przebiega bezobjawowo lub z \u0142agodnymi objawami. Sporadycznie, szczeg\u00f3lnie u os\u00f3b z upo\u015bledzon\u0105 odporno\u015bci\u0105, os\u00f3b starszych i noworodk\u00f3w <strong>zaka\u017cenie mo\u017ce prowadzi\u0107 do powa\u017cnych powik\u0142a\u0144<\/strong>. Nast\u0119pstwem zaka\u017ce\u0144 mog\u0105 by\u0107 choroby przewlek\u0142e, stany zapalne r\u00f3\u017cnych narz\u0105d\u00f3w, ci\u0119\u017ckie zaka\u017cenia rozsiane.<\/p>\n\n\n\n<h2 class=\"wp-block-heading\" id=\"Adenowirus-\u2013-objawy-zaka\u017cenia\">Adenowirus \u2013 objawy zaka\u017cenia<\/h2>\n\n\n\n<p>Zaka\u017cenie adenowirusami mo\u017ce przebiega\u0107 bezobjawowo lub mo\u017ce prowadzi\u0107 do wyst\u0105pienia objaw\u00f3w klinicznych, kt\u00f3rych rodzaj i nasilenie zale\u017cne jest od typu wirusa i stanu uk\u0142adu odporno\u015bciowego pacjenta. Najcz\u0119\u015bciej zaka\u017cenie dotyczy uk\u0142adu oddechowego, pokarmowego oraz narz\u0105du wzroku.<\/p>\n\n\n\n<h2 class=\"wp-block-heading\" id=\"Objawy-zaka\u017cenia-adenowirusem-u-dzieci-i-doros\u0142ych\">Objawy zaka\u017cenia adenowirusem u dzieci i doros\u0142ych<\/h2>\n\n\n\n<p>Zaka\u017cenia adenowirusami mog\u0105 dotyczy\u0107 zar\u00f3wno dzieci, jak i doros\u0142ych. Ci\u0119\u017ckie zaka\u017cenia uog\u00f3lnione wyst\u0119puj\u0105 g\u0142\u00f3wnie u noworodk\u00f3w i os\u00f3b z upo\u015bledzon\u0105 odporno\u015bci\u0105.<\/p>\n\n\n\n<p><strong>Niemowl\u0119ta<\/strong> nara\u017cone s\u0105 na <strong>zapalenia g\u00f3rnych i dolnych dr\u00f3g oddechowych<\/strong> oraz <strong>ostr\u0105 biegunk\u0119<\/strong>.<\/p>\n\n\n\n<p>U <strong>dzieci<\/strong> zaka\u017cenia wyst\u0119puj\u0105 przede wszystkim pod postaci\u0105 <strong>przezi\u0119bie\u0144<\/strong>, rzadziej pojawia si\u0119 <a href=\"https:\/\/www.alab.pl\/centrum-wiedzy\/zapalenie-pluc-objawy-przyczyny-leczenie\/\">zapalenie p\u0142uc<\/a>, krwotoczne <a href=\"https:\/\/www.alab.pl\/centrum-wiedzy\/zapalenie-pecherza-moczowego-objawy-przyczyny-diagnostyka-i-leczenie\/\">zapalenie p\u0119cherza moczowego<\/a>, czy ostra biegunka.<\/p>\n\n\n\n<p><strong>Doro\u015bli <\/strong>przechodz\u0105 <a href=\"https:\/\/www.alab.pl\/centrum-wiedzy\/infekcja\/\">infekcje<\/a> \u0142agodniej ni\u017c dzieci, zazwyczaj s\u0105 to ostre zaka\u017cenia dr\u00f3g oddechowych i zapalenia spoj\u00f3wek.<\/p>\n\n\n\n<p><strong>>> Sprawd\u017a te\u017c: <a href=\"https:\/\/www.alab.pl\/centrum-wiedzy\/sezonowe-zakazenia-ukladu-oddechowego-ostre-zakazenia-gornych-drog-oddechowych\/\">Sezonowe zaka\u017cenia uk\u0142adu oddechowego \u2013 ostre zaka\u017cenia g\u00f3rnych dr\u00f3g oddechowych<\/a><\/strong><\/p>\n\n\n\n<h2 class=\"wp-block-heading\" id=\"Adenowirus-\u2013-objawy-ze-strony-uk\u0142adu-oddechowego\">Adenowirus \u2013 objawy ze strony uk\u0142adu oddechowego<\/h2>\n\n\n\n<ol class=\"wp-block-list\">\n<li><strong>Ostre zapalenie g\u00f3rnych dr\u00f3g oddechowych<\/strong> \u2013 najcz\u0119stsza posta\u0107 kliniczna, wyst\u0119puje gor\u0105czka, zapalenie gard\u0142a i migda\u0142k\u00f3w, nie\u017cyt b\u0142ony \u015bluzowej nosa.<\/li>\n\n\n\n<li><strong>Gor\u0105czka z\u00a0nie\u017cytem gard\u0142a i\u00a0spoj\u00f3wek<\/strong> \u2013 cz\u0119sto wyst\u0119puje w postaci zachorowa\u0144 epidemicznych w\u015br\u00f3d starszych dzieci przebywaj\u0105cych w du\u017cych grupach, rzadziej wyst\u0119puj\u0105 zachorowania pojedyncze. W przebiegu choroby pojawiaj\u0105 si\u0119 wysoka temperatura, zapalenia gard\u0142a, nie\u017cyt b\u0142ony \u015bluzowej nosa, nieropne zapalenie spoj\u00f3wek (pocz\u0105tkowo jednostronne, p\u00f3\u017aniej obustronne), tkliwo\u015b\u0107 i powi\u0119kszenie w\u0119z\u0142\u00f3w ch\u0142onnych przyusznych,\n<ul class=\"wp-block-list\">\n<li>zesp\u00f3\u0142 pseudokrztu\u015bcowy \u2013 przypomina przebieg <a href=\"https:\/\/www.alab.pl\/centrum-wiedzy\/krztusiec-choroba-napadowego-kaszlu\/\">krztu\u015bca<\/a> wywo\u0142ywanego przez bakterie z gatunku <em>Bordetella pertusis<\/em>, pojawia si\u0119 napadowy kaszel,<\/li>\n\n\n\n<li><a href=\"https:\/\/www.alab.pl\/centrum-wiedzy\/ostre-zapalenie-ucha-srodkowego-u-dzieci-jeden-z-najczestszych-problemow-malych-dzieci\/\">zapalenie ucha \u015brodkowego<\/a> \u2013 cz\u0119ste zaka\u017cenie u ma\u0142ych dzieci,<\/li>\n\n\n\n<li>zapalenie p\u0142uc i oskrzeli \u2013 wyst\u0119puje g\u0142\u00f3wnie u ma\u0142ych dzieci i os\u00f3b z upo\u015bledzon\u0105 odporno\u015bci\u0105.<\/li>\n<\/ul>\n<\/li>\n<\/ol>\n\n\n\n<p><strong>>> Przeczytaj te\u017c: <a href=\"https:\/\/www.alab.pl\/centrum-wiedzy\/niezyt-nosa-i-astma-czy-to-alergia\/\">Nie\u017cyt nosa i astma \u2013 czy to alergia?<\/a><\/strong><\/p>\n\n\n\n<h2 class=\"wp-block-heading\" id=\"Adenowirus-\u2013-objawy-zaka\u017cenia-uk\u0142adu-pokarmowego\">Adenowirus \u2013 objawy zaka\u017cenia uk\u0142adu pokarmowego<\/h2>\n\n\n\n<p>Adenowirusy s\u0105 g\u0142\u00f3wn\u0105 przyczyn\u0105 ostrego wirusowego zapalenia \u017co\u0142\u0105dka i jelit. S\u0105 cz\u0119st\u0105 przyczyn\u0105 szpitalnych zaka\u017ce\u0144 pokarmowych. Za ostr\u0105 biegunk\u0119 u ma\u0142ych dzieci odpowiadaj\u0105 g\u0142\u00f3wnie genotypy 40 i 41 adenowirusa. Objawom charakterystycznym dla zaka\u017cenia uk\u0142adu pokarmowego takim jak <strong>biegunka, nudno\u015bci, wymioty, <\/strong><a href=\"https:\/\/www.alab.pl\/centrum-wiedzy\/bol-brzucha-mozliwe-przyczyny-badania\/\">b\u00f3le brzucha<\/a><strong>, gor\u0105czka<\/strong> mog\u0105 towarzyszy\u0107 r\u00f3wnie\u017c objawy ze strony uk\u0142adu oddechowego.<\/p>\n\n\n\n<p><strong>>> Mo\u017ce Ci\u0119 zainteresowa\u0107: <a href=\"https:\/\/www.alab.pl\/centrum-wiedzy\/zapalenie-blony-sluzowej-zoladka-co-jesc-aby-zlagodzic-objawy\/\">Zapalenie b\u0142ony \u015bluzowej \u017co\u0142\u0105dka \u2013 co je\u015b\u0107, aby z\u0142agodzi\u0107 objawy?<\/a><\/strong><\/p>\n\n\n\n<h2 class=\"wp-block-heading\" id=\"Adenowirus-\u2013-zaburzenia-funkcjonowania-uk\u0142adu-moczowego\">Adenowirus \u2013 zaburzenia funkcjonowania uk\u0142adu moczowego<\/h2>\n\n\n\n<p>Adenowirusy mog\u0105 by\u0107 przyczyn\u0105 ostrego krwotocznego zapalenia p\u0119cherza moczowego. Choroba wyst\u0119puje przede wszystkim u dzieci w&nbsp;wieku 6\u201315 lat (dotyczy g\u0142\u00f3wnie ch\u0142opc\u00f3w) i u doros\u0142ych z upo\u015bledzonym uk\u0142adem odporno\u015bciowym. Za zaka\u017cenie odpowiedzialne s\u0105 genotypy 11 i 21 adenowirusa. Pocz\u0105tek choroby jest nag\u0142y, pojawia si\u0119 <a href=\"https:\/\/www.alab.pl\/centrum-wiedzy\/krwinkomocz-i-krwiomocz-co-trzeba-o-nich-wiedziec\/\">krwiomocz<\/a>, nie wyst\u0119puje gor\u0105czka ani zaburzenie pracy <a href=\"https:\/\/www.alab.pl\/centrum-wiedzy\/nerki-polozenie-budowa-funkcje-najczestsze-choroby-nerek\/\">nerek<\/a>. Zapalenie ust\u0119puje samoistnie. <strong><\/strong><\/p>\n\n\n\n<p>U doros\u0142ych adenowirusy sporadycznie wywo\u0142uj\u0105 <strong>ostre zapalenie cewki moczowej<\/strong>, a u os\u00f3b w immunosupresji <strong>zapalenie nerek<\/strong>.<\/p>\n\n\n\n<p><\/p>\n\n\n\n<h2 class=\"wp-block-heading\" id=\"Adenowirus-\u2013-zapalenie-spoj\u00f3wek\">Adenowirus \u2013 zapalenie spoj\u00f3wek<\/h2>\n\n\n\n<p>Adenowirusy s\u0105 najcz\u0119stsz\u0105 przyczyn\u0105 wirusowego zapalenia spoj\u00f3wek. Choroba dotyczy zazwyczaj os\u00f3b po 12. r.\u017c. Objawy zaka\u017cenia mog\u0105 wyst\u0119powa\u0107 jednostronnie lub pojawia\u0107 si\u0119 w obu oczach.<\/p>\n\n\n\n<p>Postaci adenowirusowego zapalenia spoj\u00f3wek:<\/p>\n\n\n\n<ul class=\"wp-block-list\">\n<li><strong>nagminne <\/strong><a href=\"https:\/\/www.alab.pl\/centrum-wiedzy\/zapalenie-spojowek-objawy-przyczyny-rodzaje-i-leczenie\/\">zapalenie spoj\u00f3wek<\/a><strong> i\u00a0rog\u00f3wki<\/strong> \u2013 najci\u0119\u017csza i najbardziej zara\u017aliwa posta\u0107 zaka\u017cenia. Pocz\u0105tkowo dochodzi do zapalenia spoj\u00f3wek, nast\u0119pnie rog\u00f3wki. W przebiegu choroby pojawia si\u0119 zaczerwienienie spoj\u00f3wek, \u0142zawienie, \u015bwiat\u0142owstr\u0119t, pieczenie, skurcz powiek. Przeduszne w\u0119z\u0142y ch\u0142onne ulegaj\u0105 powi\u0119kszeniu i s\u0105 tkliwe. Objawy ust\u0119puj\u0105 po 2-3 tygodniach, czasami dochodzi do powik\u0142a\u0144, takich jak zm\u0119tnienie rog\u00f3wki i zesp\u00f3\u0142 suchego oka.<\/li>\n\n\n\n<li><strong>p\u0119cherzykowe zapalenie spoj\u00f3wek<\/strong> \u2013 \u0142agodna posta\u0107 zaka\u017cenia, nie dochodzi do zaj\u0119cia rog\u00f3wki. Choroba ust\u0119puje do 10 dni.<\/li>\n\n\n\n<li>gor\u0105czka spoj\u00f3wkowo-gard\u0142owa \u2013 obok objaw\u00f3w ocznych wyst\u0119puj\u0105 objawy charakterystyczne dla zapalenia gard\u0142a i nie\u017cytu b\u0142ony \u015bluzowej nosa.<\/li>\n\n\n\n<li><strong>przewlek\u0142e zapalenie spoj\u00f3wek<\/strong> \u2013 zazwyczaj jest nast\u0119pstwem ostrego zaka\u017cenia. Objawy (\u0142zawienie, zaczerwienienie spoj\u00f3wek, \u015bwiat\u0142owstr\u0119t) pojawiaj\u0105 si\u0119 okresowo. Choroba mo\u017ce trwa\u0107 do kilkunastu miesi\u0119cy.<\/li>\n<\/ul>\n\n\n\n<h2 class=\"wp-block-heading\" id=\"Skutki-zaka\u017cenia-adenowirusami\">Skutki zaka\u017cenia adenowirusami<\/h2>\n\n\n\n<p>Nast\u0119pstwem zaka\u017cenia adenowirusami mo\u017ce by\u0107:<\/p>\n\n\n\n<ul class=\"wp-block-list\">\n<li>zapalenie p\u0142uc,<\/li>\n\n\n\n<li><a href=\"https:\/\/www.alab.pl\/centrum-wiedzy\/zapalenie-opon-mozgowych-rodzaje-objawy-przyczyny-badania\/\">zapalenie opon m\u00f3zgowo-rdzeniowych<\/a>,<\/li>\n\n\n\n<li>zapalenie mi\u0119\u015bnia sercowego,<\/li>\n\n\n\n<li>zapalenie w\u0105troby,<\/li>\n\n\n\n<li>zapalenie nerek,<\/li>\n\n\n\n<li><a href=\"https:\/\/www.alab.pl\/centrum-wiedzy\/przewlekla-biegunka-u-doroslych-i-dzieci-mozliwe-przyczyny-i-rekomendowane-badania\/\">przewlek\u0142e biegunki<\/a> prowadz\u0105ce do odwodnienia,<\/li>\n\n\n\n<li>ostre krwotoczne zapalenie p\u0119cherza moczowego,<\/li>\n\n\n\n<li>ci\u0119\u017ckie zaka\u017cenia rozsiane,<\/li>\n\n\n\n<li>zm\u0119tnienie rog\u00f3wki,<\/li>\n\n\n\n<li>zesp\u00f3\u0142 suchego oka,<\/li>\n\n\n\n<li>odrzucenia przeszczepu.<\/li>\n<\/ul>\n\n\n\n<h2 class=\"wp-block-heading\" id=\"Diagnostyka-i-leczenie-adenowirus\u00f3w\">Diagnostyka i leczenie adenowirus\u00f3w<\/h2>\n\n\n\n<p>Rozpoznanie zaka\u017cenia adenowirusami opiera si\u0119 na objawach klinicznych oraz na wynikach bada\u0144 laboratoryjnych potwierdzaj\u0105cych wst\u0119pn\u0105 diagnoz\u0119. W diagnostyce laboratoryjnej stosowane s\u0105 metody s\u0142u\u017c\u0105ce wykrywaniu materia\u0142u genetycznego i antygen\u00f3w adenowirus\u00f3w oraz wykrywaniu w <a href=\"https:\/\/www.alab.pl\/centrum-wiedzy\/krew-budowa-funkcje-w-organizmie-grupy-krwi-i-ich-dziedziczenie\/\">krwi<\/a> przeciwcia\u0142 przeciwko wirusom. Metody hodowlane nie s\u0105 stosowane w rutynowych laboratoriach.<\/p>\n\n\n\n<p><strong>Metody laboratoryjne:<\/strong><\/p>\n\n\n\n<ul class=\"wp-block-list\">\n<li><strong>Real-Time PCR<\/strong> \u2013 czu\u0142a i szybka metoda molekularna do wykrywania cz\u0105stek wirusa w materiale pobranym od pacjenta (wymaz z gard\u0142a, nosa, spoj\u00f3wek, odbytu, ka\u0142u, <a href=\"https:\/\/www.alab.pl\/centrum-wiedzy\/plyn-mozgowo-rdzeniowy-czym-jest-i-jakie-pelni-funkcje-pobieranie-i-badania\/\">p\u0142yn m\u00f3zgowo-rdzeniowy<\/a>, krew, mocz, aspirat z dr\u00f3g oddechowych). Technika umo\u017cliwia wykrycie wirusa na niskim poziomie. Dost\u0119pne s\u0105 testy jako\u015bciowe i ilo\u015bciowe. Oznaczanie ilo\u015bciowe jest szczeg\u00f3lnie przydatne w celu monitorowania odpowiedzi na leczenie antywirusowe. Badanie jako\u015bciowe dost\u0119pne jest r\u00f3wnie\u017c w formie pakietu (jednoczasowe wykrywanie r\u00f3\u017cnych drobnoustroj\u00f3w), co jest u\u017cyteczne w diagnostyce r\u00f3\u017cnicowej.<\/li>\n\n\n\n<li><strong>Test immunochromatograficzny<\/strong> \u2013 umo\u017cliwia szybkie wykrywanie antygen\u00f3w adenowirus\u00f3w w pr\u00f3bce pobranej od pacjenta (ka\u0142, wydzielina dr\u00f3g oddechowych). Testy wykazuj\u0105 najwi\u0119ksz\u0105 czu\u0142o\u015b\u0107 na pocz\u0105tku zaka\u017cenia.<\/li>\n\n\n\n<li><strong>Wykrywanie w krwi przeciwcia\u0142 w klasach IgM i IgG<\/strong> \u2013 badanie jest badaniem pomocniczym i ma znaczenie dla okre\u015blenia statusu immunologicznego pacjenta. Przeciwcia\u0142a IgM s\u0105 markerami \u015bwie\u017cego zaka\u017cenia, przeciwcia\u0142a IgG s\u0105 przeciwcia\u0142ami p\u00f3\u017anymi. Obecno\u015b\u0107 przeciwcia\u0142 IgG przy braku przeciwcia\u0142 IgM mo\u017ce \u015bwiadczy\u0107 o przebyciu zaka\u017cenia w przesz\u0142o\u015bci.<\/li>\n<\/ul>\n\n\n\n<p>Zalecane jest wykonanie powt\u00f3rnego badania po up\u0142ywie 2-3 tygodni. Wzrost poziomu IgG i spadek poziomu IgM \u015bwiadczy o niedawno przebytym zaka\u017ceniu.<\/p>\n\n\n\n<p class=\"has-text-align-center\"><strong>>>Badanie jako\u015bciowe Real-Time PCR mo\u017cesz zrobi\u0107 w ALAB laboratoria. Sprawd\u017a zakres pakietu:&lt;&lt;<\/strong><\/p>\n\n\n\n<figure class=\"wp-block-image size-full\"><a href=\"https:\/\/www.alab.pl\/badanie\/ilosciowe-oznaczanie-dna-adenowirusa-metoda-real-time-pcr\"><img loading=\"lazy\" decoding=\"async\" width=\"800\" height=\"200\" src=\"https:\/\/www.alab.pl\/centrum-wiedzy\/wp-content\/uploads\/2025\/08\/Badanie-ilosciowe-oznaczanie-DNA-adenowirusa-RT-PCR.jpg\" alt=\"Badanie ilos\u0301ciowe oznaczanie DNA adenowirusa (RT-PCR) banerek\" class=\"wp-image-25974\" srcset=\"https:\/\/www.alab.pl\/centrum-wiedzy\/wp-content\/uploads\/2025\/08\/Badanie-ilosciowe-oznaczanie-DNA-adenowirusa-RT-PCR.jpg 800w, https:\/\/www.alab.pl\/centrum-wiedzy\/wp-content\/uploads\/2025\/08\/Badanie-ilosciowe-oznaczanie-DNA-adenowirusa-RT-PCR-768x192.jpg 768w, https:\/\/www.alab.pl\/centrum-wiedzy\/wp-content\/uploads\/2025\/08\/Badanie-ilosciowe-oznaczanie-DNA-adenowirusa-RT-PCR-150x38.jpg 150w, https:\/\/www.alab.pl\/centrum-wiedzy\/wp-content\/uploads\/2025\/08\/Badanie-ilosciowe-oznaczanie-DNA-adenowirusa-RT-PCR-300x75.jpg 300w, https:\/\/www.alab.pl\/centrum-wiedzy\/wp-content\/uploads\/2025\/08\/Badanie-ilosciowe-oznaczanie-DNA-adenowirusa-RT-PCR-696x174.jpg 696w\" sizes=\"auto, (max-width: 800px) 100vw, 800px\" \/><\/a><\/figure>\n\n\n\n<h3 class=\"wp-block-heading\" id=\"Leczenie-adenowirus\u00f3w\">Leczenie adenowirus\u00f3w<\/h3>\n\n\n\n<p>Nie istnieje celowana terapia przeciwko adenowirusom. Leczenie zaka\u017ce\u0144 opiera si\u0119 na stosowaniu <strong>lek\u00f3w \u0142agodz\u0105cych objawy<\/strong> (leki przeciwgor\u0105czkowe, przeciwb\u00f3lowe, rozrzedzaj\u0105ce wydzielin\u0119). W przypadku wirusowego zapalenia spoj\u00f3wek mo\u017cliwe jest miejscowe podanie \u017celu z gancyklowirem, ale jego skuteczno\u015b\u0107 ogranicza si\u0119 tylko do niekt\u00f3rych serotyp\u00f3w adenowirus\u00f3w.<\/p>\n\n\n\n<h2 class=\"wp-block-heading\" id=\"Adenowirusy-\u2013--podsumowanie-najwa\u017cniejszych-informacji\">Adenowirusy \u2013 \u00a0podsumowanie najwa\u017cniejszych informacji<\/h2>\n\n\n\n<ul class=\"wp-block-list\">\n<li>Zaka\u017cenia adenowirusami, zar\u00f3wno dzieci, jak i doros\u0142ych, s\u0105 powszechne na ca\u0142ym \u015bwiecie.<\/li>\n\n\n\n<li>Do zaka\u017cenia adenowirusami dochodzi poprzez kontakt bezpo\u015bredni z zaka\u017conym cz\u0142owiekiem oraz po\u015brednio przez ska\u017cone przedmioty lub spo\u017cycie ska\u017conej wody i \u017cywno\u015bci.<\/li>\n\n\n\n<li>Wi\u0119kszo\u015b\u0107 przypadk\u00f3w zaka\u017ce\u0144 adenowirusami przebiega bezobjawowo lub \u0142agodnie i ko\u0144czy si\u0119 samowyleczeniem.<\/li>\n\n\n\n<li>Najcz\u0119stszymi postaciami objawowych zaka\u017ce\u0144 adenowirusami s\u0105 choroby dr\u00f3g oddechowych, przewodu pokarmowego i spoj\u00f3wek.<\/li>\n\n\n\n<li>Wp\u0142yw na rodzaj i przebieg zaka\u017cenia adenowirusami maj\u0105: wrota zaka\u017cenia, typ adenowirusa, stan uk\u0142adu odporno\u015bciowego pacjenta.<\/li>\n\n\n\n<li>Najci\u0119\u017cszy przebieg zaka\u017cenia adenowirusami oraz najwi\u0119ksze prawdopodobie\u0144stwo powik\u0142a\u0144 dotyczy noworodk\u00f3w i os\u00f3b z upo\u015bledzon\u0105 odporno\u015bci\u0105.<\/li>\n\n\n\n<li>Potwierdzeniem zaka\u017cenia adenowirusami s\u0105 wyniki bada\u0144 laboratoryjnych.<\/li>\n\n\n\n<li>Nie istnieje leczenie przyczynowe chor\u00f3b wywo\u0142ywanych przez adenowirusy, stosowane jest leczenie objawowe.<\/li>\n<\/ul>\n\n\n\n<hr class=\"wp-block-separator has-alpha-channel-opacity\"\/>\n\n\n\n<p><strong>Pi\u015bmiennictwo<\/strong><\/p>\n\n\n\n<ol class=\"wp-block-list\">\n<li>dr n. med. Magdalena Rogalska \u201eAdenowirusy\u201d https:\/\/www.mp.pl\/pacjent\/choroby-zakazne\/choroby\/zakazenia-wirusowe\/160803,adenowirusy (dost\u0119p 01.08.2025 r.)<\/li>\n\n\n\n<li>Ernest Kuchar \u201eZaka\u017cenia adenowirusowe\u201d<strong>\u00a0 <\/strong>https:\/\/www.mp.pl\/interna\/chapter\/B16.II.18.1.21.<strong>\u00a0 <\/strong>(dost\u0119p 02.08.2025 r.)<\/li>\n\n\n\n<li>prof. dr hab. n. med. Marek Prost \u201eWirusowe zapalenia spoj\u00f3wek\u201d https:\/\/www.mp.pl\/pacjent\/okulistyka\/chorobyoczu\/chorobyspojowki\/93499,wirusowe-zapalenia-spojowek (dost\u0119p 03.08.2025 r.)<\/li>\n\n\n\n<li>Patric R. Murray, K.S. Rozenthal, M.A.Pfaller \u2013\u00a0 Mikrobiologia wyd.VI Wroc\u0142aw 2011<\/li>\n<\/ol>\n","protected":false},"excerpt":{"rendered":"<p>Jak dochodzi do zaka\u017cenia adenowirusami i kto jest najbardziej nara\u017cony? Czy infekcja jest gro\u017ana? W jaki spos\u00f3b zdiagnozowa\u0107 zaka\u017cenie?<\/p>\n","protected":false},"author":95,"featured_media":25973,"comment_status":"closed","ping_status":"closed","sticky":false,"template":"","format":"standard","meta":{"_acf_changed":false,"inline_featured_image":false,"footnotes":""},"categories":[23],"tags":[],"coauthors":[154],"class_list":{"0":"post-26564","1":"post","2":"type-post","3":"status-publish","4":"format-standard","5":"has-post-thumbnail","7":"category-infekcje-i-pasozyty"},"acf":[],"yoast_head":"<!-- This site is optimized with the Yoast SEO plugin v27.4 - https:\/\/yoast.com\/product\/yoast-seo-wordpress\/ -->\n<title>Adenowirusy \u2013 czym s\u0105 i jakie s\u0105 objawy zaka\u017cenia? - Centrum Wiedzy ALAB laboratoria<\/title>\n<meta name=\"description\" content=\"Jak dochodzi do zaka\u017cenia adenowirusami i kto jest najbardziej nara\u017cony? Czy infekcja jest gro\u017ana? W jaki spos\u00f3b zdiagnozowa\u0107 zaka\u017cenie?\" \/>\n<meta name=\"robots\" content=\"index, follow, max-snippet:-1, max-image-preview:large, max-video-preview:-1\" \/>\n<link rel=\"canonical\" href=\"https:\/\/www.alab.pl\/centrum-wiedzy\/adenowirusy-czym-sa-i-jakie-sa-objawy-zakazenia\/\" \/>\n<meta property=\"og:locale\" content=\"pl_PL\" \/>\n<meta property=\"og:type\" content=\"article\" \/>\n<meta property=\"og:title\" content=\"Adenowirusy \u2013 czym s\u0105 i jakie s\u0105 objawy zaka\u017cenia? - Centrum Wiedzy ALAB laboratoria\" \/>\n<meta property=\"og:description\" content=\"Jak dochodzi do zaka\u017cenia adenowirusami i kto jest najbardziej nara\u017cony? Czy infekcja jest gro\u017ana? W jaki spos\u00f3b zdiagnozowa\u0107 zaka\u017cenie?\" \/>\n<meta property=\"og:url\" content=\"https:\/\/www.alab.pl\/centrum-wiedzy\/adenowirusy-czym-sa-i-jakie-sa-objawy-zakazenia\/\" \/>\n<meta property=\"og:site_name\" content=\"Centrum Wiedzy ALAB laboratoria\" \/>\n<meta property=\"article:publisher\" content=\"https:\/\/www.facebook.com\/ALABlaboratoria\" \/>\n<meta property=\"article:published_time\" content=\"2025-08-31T15:38:52+00:00\" \/>\n<meta property=\"article:modified_time\" content=\"2025-08-31T15:38:54+00:00\" \/>\n<meta property=\"og:image\" content=\"https:\/\/www.alab.pl\/centrum-wiedzy\/wp-content\/uploads\/2025\/08\/Adenowirusy_cover.jpg\" \/>\n\t<meta property=\"og:image:width\" content=\"800\" \/>\n\t<meta property=\"og:image:height\" content=\"534\" \/>\n\t<meta property=\"og:image:type\" content=\"image\/jpeg\" \/>\n<meta name=\"author\" content=\"Elwira Zawidzka\" \/>\n<meta name=\"twitter:card\" content=\"summary_large_image\" \/>\n<meta name=\"twitter:label1\" content=\"Napisane przez\" \/>\n\t<meta name=\"twitter:data1\" content=\"Elwira Zawidzka\" \/>\n\t<meta name=\"twitter:label2\" content=\"Szacowany czas czytania\" \/>\n\t<meta name=\"twitter:data2\" content=\"10 minut\" \/>\n\t<meta name=\"twitter:label3\" content=\"Written by\" \/>\n\t<meta name=\"twitter:data3\" content=\"Elwira Zawidzka\" \/>\n<!-- \/ Yoast SEO plugin. -->","yoast_head_json":{"title":"Adenowirusy \u2013 czym s\u0105 i jakie s\u0105 objawy zaka\u017cenia? - Centrum Wiedzy ALAB laboratoria","description":"Jak dochodzi do zaka\u017cenia adenowirusami i kto jest najbardziej nara\u017cony? Czy infekcja jest gro\u017ana? W jaki spos\u00f3b zdiagnozowa\u0107 zaka\u017cenie?","robots":{"index":"index","follow":"follow","max-snippet":"max-snippet:-1","max-image-preview":"max-image-preview:large","max-video-preview":"max-video-preview:-1"},"canonical":"https:\/\/www.alab.pl\/centrum-wiedzy\/adenowirusy-czym-sa-i-jakie-sa-objawy-zakazenia\/","og_locale":"pl_PL","og_type":"article","og_title":"Adenowirusy \u2013 czym s\u0105 i jakie s\u0105 objawy zaka\u017cenia? - Centrum Wiedzy ALAB laboratoria","og_description":"Jak dochodzi do zaka\u017cenia adenowirusami i kto jest najbardziej nara\u017cony? Czy infekcja jest gro\u017ana? W jaki spos\u00f3b zdiagnozowa\u0107 zaka\u017cenie?","og_url":"https:\/\/www.alab.pl\/centrum-wiedzy\/adenowirusy-czym-sa-i-jakie-sa-objawy-zakazenia\/","og_site_name":"Centrum Wiedzy ALAB laboratoria","article_publisher":"https:\/\/www.facebook.com\/ALABlaboratoria","article_published_time":"2025-08-31T15:38:52+00:00","article_modified_time":"2025-08-31T15:38:54+00:00","og_image":[{"width":800,"height":534,"url":"https:\/\/www.alab.pl\/centrum-wiedzy\/wp-content\/uploads\/2025\/08\/Adenowirusy_cover.jpg","type":"image\/jpeg"}],"author":"Elwira Zawidzka","twitter_card":"summary_large_image","twitter_misc":{"Napisane przez":"Elwira Zawidzka","Szacowany czas czytania":"10 minut","Written by":"Elwira Zawidzka"},"schema":{"@context":"https:\/\/schema.org","@graph":[{"@type":"Article","@id":"https:\/\/www.alab.pl\/centrum-wiedzy\/adenowirusy-czym-sa-i-jakie-sa-objawy-zakazenia\/#article","isPartOf":{"@id":"https:\/\/www.alab.pl\/centrum-wiedzy\/adenowirusy-czym-sa-i-jakie-sa-objawy-zakazenia\/"},"author":{"name":"Elwira Zawidzka","@id":"https:\/\/www.alab.pl\/centrum-wiedzy\/#\/schema\/person\/1ae34e072d82e416ba56554dcb881d62"},"headline":"Adenowirusy \u2013 czym s\u0105 i jakie s\u0105 objawy zaka\u017cenia?","datePublished":"2025-08-31T15:38:52+00:00","dateModified":"2025-08-31T15:38:54+00:00","mainEntityOfPage":{"@id":"https:\/\/www.alab.pl\/centrum-wiedzy\/adenowirusy-czym-sa-i-jakie-sa-objawy-zakazenia\/"},"wordCount":1996,"publisher":{"@id":"https:\/\/www.alab.pl\/centrum-wiedzy\/#organization"},"image":{"@id":"https:\/\/www.alab.pl\/centrum-wiedzy\/adenowirusy-czym-sa-i-jakie-sa-objawy-zakazenia\/#primaryimage"},"thumbnailUrl":"https:\/\/www.alab.pl\/centrum-wiedzy\/wp-content\/uploads\/2025\/08\/Adenowirusy_cover.jpg","articleSection":["Infekcje i paso\u017cyty"],"inLanguage":"pl-PL"},{"@type":"WebPage","@id":"https:\/\/www.alab.pl\/centrum-wiedzy\/adenowirusy-czym-sa-i-jakie-sa-objawy-zakazenia\/","url":"https:\/\/www.alab.pl\/centrum-wiedzy\/adenowirusy-czym-sa-i-jakie-sa-objawy-zakazenia\/","name":"Adenowirusy \u2013 czym s\u0105 i jakie s\u0105 objawy zaka\u017cenia? - Centrum Wiedzy ALAB laboratoria","isPartOf":{"@id":"https:\/\/www.alab.pl\/centrum-wiedzy\/#website"},"primaryImageOfPage":{"@id":"https:\/\/www.alab.pl\/centrum-wiedzy\/adenowirusy-czym-sa-i-jakie-sa-objawy-zakazenia\/#primaryimage"},"image":{"@id":"https:\/\/www.alab.pl\/centrum-wiedzy\/adenowirusy-czym-sa-i-jakie-sa-objawy-zakazenia\/#primaryimage"},"thumbnailUrl":"https:\/\/www.alab.pl\/centrum-wiedzy\/wp-content\/uploads\/2025\/08\/Adenowirusy_cover.jpg","datePublished":"2025-08-31T15:38:52+00:00","dateModified":"2025-08-31T15:38:54+00:00","description":"Jak dochodzi do zaka\u017cenia adenowirusami i kto jest najbardziej nara\u017cony? Czy infekcja jest gro\u017ana? W jaki spos\u00f3b zdiagnozowa\u0107 zaka\u017cenie?","breadcrumb":{"@id":"https:\/\/www.alab.pl\/centrum-wiedzy\/adenowirusy-czym-sa-i-jakie-sa-objawy-zakazenia\/#breadcrumb"},"inLanguage":"pl-PL","potentialAction":[{"@type":"ReadAction","target":["https:\/\/www.alab.pl\/centrum-wiedzy\/adenowirusy-czym-sa-i-jakie-sa-objawy-zakazenia\/"]}]},{"@type":"ImageObject","inLanguage":"pl-PL","@id":"https:\/\/www.alab.pl\/centrum-wiedzy\/adenowirusy-czym-sa-i-jakie-sa-objawy-zakazenia\/#primaryimage","url":"https:\/\/www.alab.pl\/centrum-wiedzy\/wp-content\/uploads\/2025\/08\/Adenowirusy_cover.jpg","contentUrl":"https:\/\/www.alab.pl\/centrum-wiedzy\/wp-content\/uploads\/2025\/08\/Adenowirusy_cover.jpg","width":800,"height":534,"caption":"Adenowirusy_cover"},{"@type":"BreadcrumbList","@id":"https:\/\/www.alab.pl\/centrum-wiedzy\/adenowirusy-czym-sa-i-jakie-sa-objawy-zakazenia\/#breadcrumb","itemListElement":[{"@type":"ListItem","position":1,"name":"Strona g\u0142\u00f3wna","item":"https:\/\/www.alab.pl\/centrum-wiedzy\/"},{"@type":"ListItem","position":2,"name":"Adenowirusy \u2013 czym s\u0105 i jakie s\u0105 objawy zaka\u017cenia?"}]},{"@type":"WebSite","@id":"https:\/\/www.alab.pl\/centrum-wiedzy\/#website","url":"https:\/\/www.alab.pl\/centrum-wiedzy\/","name":"Centrum Wiedzy ALAB laboratoria","description":"","publisher":{"@id":"https:\/\/www.alab.pl\/centrum-wiedzy\/#organization"},"potentialAction":[{"@type":"SearchAction","target":{"@type":"EntryPoint","urlTemplate":"https:\/\/www.alab.pl\/centrum-wiedzy\/?s={search_term_string}"},"query-input":{"@type":"PropertyValueSpecification","valueRequired":true,"valueName":"search_term_string"}}],"inLanguage":"pl-PL"},{"@type":"Organization","@id":"https:\/\/www.alab.pl\/centrum-wiedzy\/#organization","name":"Centrum Wiedzy ALAB laboratoria","url":"https:\/\/www.alab.pl\/centrum-wiedzy\/","logo":{"@type":"ImageObject","inLanguage":"pl-PL","@id":"https:\/\/www.alab.pl\/centrum-wiedzy\/#\/schema\/logo\/image\/","url":"https:\/\/www.alab.pl\/centrum-wiedzy\/wp-content\/uploads\/2022\/04\/alabek.jpg","contentUrl":"https:\/\/www.alab.pl\/centrum-wiedzy\/wp-content\/uploads\/2022\/04\/alabek.jpg","width":1250,"height":1251,"caption":"Centrum Wiedzy ALAB laboratoria"},"image":{"@id":"https:\/\/www.alab.pl\/centrum-wiedzy\/#\/schema\/logo\/image\/"},"sameAs":["https:\/\/www.facebook.com\/ALABlaboratoria"]},{"@type":"Person","@id":"https:\/\/www.alab.pl\/centrum-wiedzy\/#\/schema\/person\/1ae34e072d82e416ba56554dcb881d62","name":"Elwira Zawidzka","image":{"@type":"ImageObject","inLanguage":"pl-PL","@id":"https:\/\/www.alab.pl\/centrum-wiedzy\/wp-content\/uploads\/2022\/03\/Elwira-Zawidzka-scaled-1-150x149.jpg2f127cfeae6d9bf00c170f9c737413d3","url":"https:\/\/www.alab.pl\/centrum-wiedzy\/wp-content\/uploads\/2022\/03\/Elwira-Zawidzka-scaled-1-150x149.jpg","contentUrl":"https:\/\/www.alab.pl\/centrum-wiedzy\/wp-content\/uploads\/2022\/03\/Elwira-Zawidzka-scaled-1-150x149.jpg","caption":"Elwira Zawidzka"},"description":"Specjalista mikrobiologii medycznej, diagnosta laboratoryjny, cz\u0142onek Zespo\u0142u ds. Kontroli Zaka\u017ce\u0144 Szpitalnych. Absolwentka Uniwersytetu Warszawskiego, Warszawskiego Uniwersytetu Medycznego i Akademii Leona Ko\u017ami\u0144skiego.","url":"https:\/\/www.alab.pl\/centrum-wiedzy\/author\/elwira\/"}]}},"_links":{"self":[{"href":"https:\/\/www.alab.pl\/centrum-wiedzy\/wp-json\/wp\/v2\/posts\/26564","targetHints":{"allow":["GET"]}}],"collection":[{"href":"https:\/\/www.alab.pl\/centrum-wiedzy\/wp-json\/wp\/v2\/posts"}],"about":[{"href":"https:\/\/www.alab.pl\/centrum-wiedzy\/wp-json\/wp\/v2\/types\/post"}],"author":[{"embeddable":true,"href":"https:\/\/www.alab.pl\/centrum-wiedzy\/wp-json\/wp\/v2\/users\/95"}],"replies":[{"embeddable":true,"href":"https:\/\/www.alab.pl\/centrum-wiedzy\/wp-json\/wp\/v2\/comments?post=26564"}],"version-history":[{"count":2,"href":"https:\/\/www.alab.pl\/centrum-wiedzy\/wp-json\/wp\/v2\/posts\/26564\/revisions"}],"predecessor-version":[{"id":26568,"href":"https:\/\/www.alab.pl\/centrum-wiedzy\/wp-json\/wp\/v2\/posts\/26564\/revisions\/26568"}],"wp:featuredmedia":[{"embeddable":true,"href":"https:\/\/www.alab.pl\/centrum-wiedzy\/wp-json\/wp\/v2\/media\/25973"}],"wp:attachment":[{"href":"https:\/\/www.alab.pl\/centrum-wiedzy\/wp-json\/wp\/v2\/media?parent=26564"}],"wp:term":[{"taxonomy":"category","embeddable":true,"href":"https:\/\/www.alab.pl\/centrum-wiedzy\/wp-json\/wp\/v2\/categories?post=26564"},{"taxonomy":"post_tag","embeddable":true,"href":"https:\/\/www.alab.pl\/centrum-wiedzy\/wp-json\/wp\/v2\/tags?post=26564"},{"taxonomy":"author","embeddable":true,"href":"https:\/\/www.alab.pl\/centrum-wiedzy\/wp-json\/wp\/v2\/coauthors?post=26564"}],"curies":[{"name":"wp","href":"https:\/\/api.w.org\/{rel}","templated":true}]}}