{"id":26578,"date":"2025-08-31T18:48:40","date_gmt":"2025-08-31T16:48:40","guid":{"rendered":"https:\/\/www.alab.pl\/centrum-wiedzy\/?p=26578"},"modified":"2026-02-06T15:10:25","modified_gmt":"2026-02-06T14:10:25","slug":"rogowacenie-sloneczne-jak-wyglada-i-jakie-sa-jego-przyczyny","status":"publish","type":"post","link":"https:\/\/www.alab.pl\/centrum-wiedzy\/rogowacenie-sloneczne-jak-wyglada-i-jakie-sa-jego-przyczyny\/","title":{"rendered":"Rogowacenie s\u0142oneczne &#8211; jak wygl\u0105da i jakie s\u0105 jego przyczyny?"},"content":{"rendered":"\n<p><strong>Rogowacenie s\u0142oneczne to cz\u0119sto wyst\u0119puj\u0105ce schorzenie dermatologiczne, kt\u00f3re zwi\u0105zane jest z ryzykiem przekszta\u0142cenia do raka kolczystokom\u00f3rkowego sk\u00f3ry. Jak objawia si\u0119 rogowacenie s\u0142oneczne i jakie s\u0105 jego przyczyny? Przeczytaj poni\u017cszy artyku\u0142 i dowiedz si\u0119 wi\u0119cej na temat rogowacenia s\u0142onecznego.<\/strong><\/p>\n\n\n\n<p>Spis tre\u015bci:<\/p>\n\n\n\n<ol class=\"wp-block-list\">\n<li><a href=\"#Co-to-jest-rogowacenie-s\u0142oneczne?\">Co to jest rogowacenie s\u0142oneczne?<\/a><\/li>\n\n\n\n<li><a href=\"#Przyczyny-rogowacenia-s\u0142onecznego\">Przyczyny rogowacenia s\u0142onecznego<\/a><\/li>\n\n\n\n<li><a href=\"#Objawy-rogowacenia-s\u0142onecznego\">Objawy rogowacenia s\u0142onecznego<\/a>\n<ul class=\"wp-block-list\">\n<li><a href=\"#Rogowacenie-s\u0142oneczne:-kategorie-KIN\">Rogowacenie s\u0142oneczne: kategorie KIN<\/a><\/li>\n<\/ul>\n<\/li>\n\n\n\n<li><a href=\"#Jak-leczy\u0107-rogowacenie-s\u0142oneczne?\">Jak leczy\u0107 rogowacenie s\u0142oneczne?<\/a>\n<ul class=\"wp-block-list\">\n<li><a href=\"#Domowe-sposoby-na-rogowacenie-s\u0142oneczne\">Domowe sposoby na rogowacenie s\u0142oneczne<\/a><\/li>\n<\/ul>\n<\/li>\n\n\n\n<li><a href=\"#Jak-zapobiec-rogowaceniu-s\u0142onecznemu?\">Jak zapobiec rogowaceniu s\u0142onecznemu?<\/a><\/li>\n\n\n\n<li><a href=\"#FAQ.-Rogowacenie-s\u0142oneczne-\u2013-cz\u0119sto-zadawane-pytania\">FAQ. Rogowacenie s\u0142oneczne \u2013 cz\u0119sto zadawane pytania<\/a><\/li>\n\n\n\n<li><a href=\"#Rogowacenie-s\u0142oneczne-\u2013-podsumowanie\">Rogowacenie s\u0142oneczne \u2013 podsumowanie<\/a><\/li>\n<\/ol>\n\n\n\n<h2 class=\"wp-block-heading\" id=\"Co-to-jest-rogowacenie-s\u0142oneczne?\">Co to jest rogowacenie s\u0142oneczne?<\/h2>\n\n\n\n<p>Rogowacenie s\u0142oneczne, nazywane r\u00f3wnie\u017c rogowaceniem starczym, <strong>uznawane jest aktualnie za raka <em>in situ<\/em>, a wi\u0119c nowotw\u00f3r z\u0142o\u015bliwy sk\u00f3ry nieprzekraczaj\u0105cy b\u0142ony podstawnej.<\/strong><\/p>\n\n\n\n<p>B\u0142ona podstawna to granica pomi\u0119dzy nask\u00f3rkiem, b\u0119d\u0105cym najbardziej zewn\u0119trzn\u0105 warstw\u0105 sk\u00f3ry, a po\u0142o\u017con\u0105 g\u0142\u0119biej sk\u00f3r\u0105 w\u0142a\u015bciw\u0105. Oznacza to, \u017ce w przypadku rogowacenia s\u0142onecznego zmienione, nieprawid\u0142owe kom\u00f3rki nie dostaj\u0105 si\u0119 do sk\u00f3ry w\u0142a\u015bciwej. Je\u017celi do tego dojdzie, w\u00f3wczas m\u00f3wi si\u0119 ju\u017c o raku kolczystokom\u00f3rkowym sk\u00f3ry (SCC). <strong>Ryzyko transformacji rogowacenia s\u0142onecznego do raka kolczystokom\u00f3rkowego sk\u00f3ry to oko\u0142o 10% w ci\u0105gu 10 lat.<\/strong><\/p>\n\n\n\n<p>W dermatologii wyr\u00f3\u017cnia si\u0119 kilka postaci histologicznych rogowacenia s\u0142onecznego, a mianowicie:<\/p>\n\n\n\n<ul class=\"wp-block-list\">\n<li>posta\u0107 hipertroficzn\u0105,<\/li>\n\n\n\n<li>posta\u0107 akantolityczn\u0105,<\/li>\n\n\n\n<li>posta\u0107 atroficzn\u0105,<\/li>\n\n\n\n<li>posta\u0107 bowenoidaln\u0105,<\/li>\n\n\n\n<li>posta\u0107 barwnikow\u0105,<\/li>\n\n\n\n<li>posta\u0107 liszajowat\u0105.<br><br><strong>&gt;&gt; Zobacz: <\/strong><a href=\"https:\/\/www.alab.pl\/centrum-wiedzy\/liszaj-twardzinowy-objawy-przyczyny-i-leczenie\/\"><strong>Liszaj twardzinowy: objawy, przyczyny i leczenie<\/strong><\/a><\/li>\n<\/ul>\n\n\n\n<h2 class=\"wp-block-heading\" id=\"Przyczyny-rogowacenia-s\u0142onecznego\">Przyczyny rogowacenia s\u0142onecznego<\/h2>\n\n\n\n<p>Rogowacenie s\u0142oneczne (<em>keratosis actinica<\/em>) jest spowodowane d\u0142ugotrwa\u0142\u0105, przewlek\u0142\u0105 ekspozycj\u0105 na promieniowanie ultrafioletowe (przede wszystkim UVB). <strong>Promieniowanie ultrafioletowe prowadzi do zmian w materialne genetycznym kom\u00f3rek nask\u00f3rka<\/strong> (a wi\u0119c w DNA, tj. kwasie deoksyrybonukleinowym), pojawienia si\u0119 mutacji genetycznych, ale r\u00f3wnie\u017c prowadzi do stanu immunosupresji. Konsekwencj\u0105 tych zmian s\u0105 pojawiaj\u0105ce si\u0119 stopniowo niekontrolowane podzia\u0142y kom\u00f3rek nask\u00f3rka.<\/p>\n\n\n\n<p class=\"has-text-align-center\"><strong>&gt;&gt;Badanie witaminy D to badanie krwi, kt\u00f3re pozwala oceni\u0107 poziom tej witaminy. Wykonasz je w ALAB laboratoria:&lt;&lt;<\/strong><\/p>\n\n\n\n<figure class=\"wp-block-image size-full\"><a href=\"https:\/\/www.alab.pl\/badanie\/witamina-d-25oh\"><img loading=\"lazy\" decoding=\"async\" width=\"800\" height=\"200\" src=\"https:\/\/www.alab.pl\/centrum-wiedzy\/wp-content\/uploads\/2023\/11\/Badanie-witaminy-D-jpg.webp\" alt=\"badanie witaminy D\" class=\"wp-image-9847\" srcset=\"https:\/\/www.alab.pl\/centrum-wiedzy\/wp-content\/uploads\/2023\/11\/Badanie-witaminy-D-jpg.webp 800w, https:\/\/www.alab.pl\/centrum-wiedzy\/wp-content\/uploads\/2023\/11\/Badanie-witaminy-D-jpg-768x192.webp 768w, https:\/\/www.alab.pl\/centrum-wiedzy\/wp-content\/uploads\/2023\/11\/Badanie-witaminy-D-jpg-150x38.webp 150w, https:\/\/www.alab.pl\/centrum-wiedzy\/wp-content\/uploads\/2023\/11\/Badanie-witaminy-D-jpg-300x75.webp 300w, https:\/\/www.alab.pl\/centrum-wiedzy\/wp-content\/uploads\/2023\/11\/Badanie-witaminy-D-jpg-696x174.webp 696w\" sizes=\"auto, (max-width: 800px) 100vw, 800px\" \/><\/a><\/figure>\n\n\n\n<p><strong>Rogowacenie s\u0142oneczne istotnie cz\u0119\u015bciej pojawia si\u0119 u os\u00f3b starszych<\/strong> (powy\u017cej 60-65. roku \u017cycia), poniewa\u017c sk\u00f3ra tych os\u00f3b przez wiele lat by\u0142a eksponowana na promieniowanie ultrafioletowe.<\/p>\n\n\n\n<p><strong>&gt;&gt; Sprawd\u017a: <\/strong><a href=\"https:\/\/www.alab.pl\/centrum-wiedzy\/wplyw-promieni-slonecznych-na-skore\/\"><strong>Wp\u0142yw promieni s\u0142onecznych na sk\u00f3r\u0119<\/strong><\/a><\/p>\n\n\n\n<p>Czynniki ryzyka zwi\u0105zane z wyst\u0119powania rogowacenia s\u0142onecznego to mi\u0119dzy innymi:<\/p>\n\n\n\n<ul class=\"wp-block-list\">\n<li>jasny fototyp (I i II) \u2013 jasna cera, sk\u0142onna do poparze\u0144 s\u0142onecznych,<\/li>\n\n\n\n<li>zamieszkiwanie rejon\u00f3w oko\u0142or\u00f3wnikowych,<\/li>\n\n\n\n<li>p\u0142e\u0107 m\u0119ska,<\/li>\n\n\n\n<li>nara\u017cenie na arsen,<\/li>\n\n\n\n<li>czynniki genetyczne \u2013 zespo\u0142y genetyczne, cechuj\u0105ce si\u0119 du\u017cym ryzykiem nowotwor\u00f3w z\u0142o\u015bliwych sk\u00f3ry, na przyk\u0142ad <em>xeroderma pigmentosum<\/em>,<\/li>\n\n\n\n<li>albinizm,<\/li>\n\n\n\n<li>stan po transplantacjach narz\u0105d\u00f3w,<\/li>\n\n\n\n<li>przyjmowanie lek\u00f3w immunosupresyjnych, a wi\u0119c wyciszaj\u0105cych uk\u0142ad immunologiczny.<\/li>\n<\/ul>\n\n\n\n<p><strong>&gt;&gt; To mo\u017ce Ci\u0119 zainteresowa\u0107: <\/strong><a href=\"https:\/\/www.alab.pl\/centrum-wiedzy\/choroba-bowena-czym-jest-i-jakie-daje-objawy-przyczyny-i-leczenie\/\"><strong>Choroba Bowena \u2013 czym jest i jakie daje objawy? Przyczyny i leczenie<\/strong><\/a><strong><\/strong><\/p>\n\n\n\n<h2 class=\"wp-block-heading\" id=\"Objawy-rogowacenia-s\u0142onecznego\">Objawy rogowacenia s\u0142onecznego<\/h2>\n\n\n\n<p>Rogowacenie s\u0142oneczne wyst\u0119puje pod postaci\u0105 zmian owalnych, typowo rumieniowych, pojedynczych lub mnogich, kt\u00f3re pokryte s\u0105 \u0142usk\u0105. Sprawia to, \u017ce <strong>wykwity te s\u0105 szorstkie podczas palpacji sk\u00f3ry.<\/strong> Zmiany chorobowe lokalizuj\u0105 si\u0119 najcz\u0119\u015bciej na powierzchniach ods\u0142oni\u0119tych, a wi\u0119c na sk\u00f3rze twarzy, szyi, czy grzbietach r\u0105k.<\/p>\n\n\n\n<p>Cechy, kt\u00f3re budz\u0105 niepok\u00f3j onkologiczny i sprawiaj\u0105, \u017ce nale\u017cy bra\u0107 pod uwag\u0119 transformacj\u0119 do raka kolczystokom\u00f3rkowego to przede wszystkim:<\/p>\n\n\n\n<ul class=\"wp-block-list\">\n<li>nacieczenie zmiany u podstawy,<\/li>\n\n\n\n<li>pojawienie si\u0119 na powierzchni zmiany owrzodzenia,<\/li>\n\n\n\n<li>pojawienie si\u0119 wok\u00f3\u0142 zmiany r\u0105bka zapalnego.<\/li>\n<\/ul>\n\n\n\n<p>Warto wiedzie\u0107, \u017ce zmiana nazywana w dermatologii <strong>rogiem sk\u00f3rnym<\/strong> r\u00f3wnie\u017c jest zaliczana do rogowacenia s\u0142onecznego. Jest to twardy tw\u00f3r, zbudowany z bia\u0142ka keratyny, kt\u00f3ry przyjmuje kszta\u0142t lekko zagi\u0119tego, sto\u017ckowatego rogu. R\u00f3g sk\u00f3rny lokalizuje si\u0119 najcz\u0119\u015bciej na sk\u00f3rze twarzy.<\/p>\n\n\n\n<h3 class=\"wp-block-heading\" id=\"Rogowacenie-s\u0142oneczne:-kategorie-KIN\">Rogowacenie s\u0142oneczne: kategorie KIN<\/h3>\n\n\n\n<p>Zmiany wyst\u0119puj\u0105ce w przebiegu rogowacenia s\u0142onecznego zalicza si\u0119 do trzech kategorii KIN (z ang. <em>keratotic intraepithelial neoplasia<\/em>). Wyr\u00f3\u017cniamy:<\/p>\n\n\n\n<ul class=\"wp-block-list\">\n<li><strong>KIN1 <\/strong>\u2013 jest to najwcze\u015bniejszy rodzaj zmian w przebiegu rogowacenia s\u0142onecznego, w tym przypadku zmiany sk\u00f3rne nie wykazuj\u0105 szorstko\u015bci, a histopatologicznie kom\u00f3rki nask\u00f3rka (keratynocyty) wykazuj\u0105 tylko niewielkie nieprawid\u0142owo\u015bci i nie r\u00f3\u017cni\u0105 si\u0119 istotnie od prawid\u0142owych keratynocyt\u00f3w,<\/li>\n\n\n\n<li><strong>KIN2<\/strong> \u2013 w tym przypadku najcz\u0119\u015bciej pojawia si\u0119 ju\u017c wyczuwalna palpacyjnie szorstko\u015b\u0107, z zmiany histopatologiczne kom\u00f3rek uwidaczniaj\u0105 si\u0119 przede wszystkim w obr\u0119bie dolnych warstw nask\u00f3rka,<\/li>\n\n\n\n<li><strong>KIN3<\/strong> \u2013 s\u0105 to najbardziej zaawansowane zmiany, klinicznie cz\u0119sto maj\u0105 posta\u0107 strup\u00f3w, z kolei pod k\u0105tem histopatologicznym, nieprawid\u0142owe kom\u00f3rki s\u0105 obserwowane na ca\u0142ej grubo\u015bci nask\u00f3rka.<\/li>\n<\/ul>\n\n\n\n<p>W potwierdzeniu rozpoznania rogowacenia s\u0142onecznego niezwykle wa\u017cn\u0105 rol\u0119 odgrywa badanie dermatoskopowe. Warto wspomnie\u0107, \u017ce w diagnostyce r\u00f3\u017cnicowej rogowacenia s\u0142onecznego bierze si\u0119 pod uwag\u0119 takie schorzenia dermatologiczne jak:<\/p>\n\n\n\n<ul class=\"wp-block-list\">\n<li><strong>brodawka \u0142ojotokowa<\/strong>,<\/li>\n\n\n\n<li><strong>rogowacenie arsenowe<\/strong>,<\/li>\n\n\n\n<li><strong>podostra sk\u00f3rna posta\u0107 <\/strong><a href=\"https:\/\/www.alab.pl\/centrum-wiedzy\/toczen-ukladowy-sle\/\"><strong>tocznia rumieniowatego uk\u0142adowego<\/strong><\/a><strong> (SCLE)<\/strong>.<\/li>\n<\/ul>\n\n\n\n<p><strong>&gt;&gt; To mo\u017ce Ci\u0119 zainteresowa\u0107: <\/strong><a href=\"https:\/\/www.alab.pl\/centrum-wiedzy\/rumien-wielopostaciowy-objawy-przyczyny-i-leczenie\/\"><strong>Rumie\u0144 wielopostaciowy: objawy, przyczyny i leczenie<\/strong><\/a><strong><\/strong><\/p>\n\n\n\n<h2 class=\"wp-block-heading\" id=\"Jak-leczy\u0107-rogowacenie-s\u0142oneczne?\">Jak leczy\u0107 rogowacenie s\u0142oneczne?<\/h2>\n\n\n\n<p>W terapii rogowacenia s\u0142onecznego wykorzystuje si\u0119 zar\u00f3wno metody zachowawcze (farmakologiczne), jak i zabiegowe. Aktualnie dermatolodzy dysponuj\u0105 szerokim wachlarzem terapeutycznym rogowacenia s\u0142onecznego. Najcz\u0119\u015bciej zastosowanie znajduj\u0105 takie substancje i procedury medyczne jak:<\/p>\n\n\n\n<ul class=\"wp-block-list\">\n<li><strong>5% imikwimod w postaci kremu<\/strong> \u2013 preparat ten aplikuje si\u0119 na zmiany chorobowe dwa, trzy razy w tygodniu, przez oko\u0142o miesi\u0105c, krem stosuje si\u0119 na noc i powinien on pozostawa\u0107 na sk\u00f3rze przez oko\u0142o 8 godzin, po czym nale\u017cy go zmy\u0107,<\/li>\n\n\n\n<li><strong>5-fluorouracyl w postaci ma\u015bci<\/strong> \u2013 preparat ten stosuje si\u0119 dwa razy dziennie przez oko\u0142o 2-4 tygodnie,<\/li>\n\n\n\n<li><strong>diklofenak w postaci \u017celu<\/strong> \u2013 lek ten aplikuje si\u0119 na miejsca zmienione chorobowo dwa razy dziennie, a czas leczenia powinien wynosi\u0107 1-2 miesi\u0105ce.<\/li>\n\n\n\n<li><strong>miejscowe retinoidy<\/strong>,<\/li>\n\n\n\n<li><strong>krioterapia <\/strong>\u2013 a wi\u0119c potocznie m\u00f3wi\u0105c wymra\u017canie zmian sk\u00f3rnych,<\/li>\n\n\n\n<li><strong>laseroterapia<\/strong> \u2013 na przyk\u0142ad z wykorzystaniem lasera CO2,<\/li>\n\n\n\n<li><strong>terapia fotodynamiczna<\/strong> \u2013 najcz\u0119\u015bciej z zastosowaniem kwasu 5-aminolewulinowego,<\/li>\n\n\n\n<li><strong>w niekt\u00f3rych przypadkach konieczne mo\u017ce by\u0107 usuni\u0119cie chirurgiczne<\/strong>.<\/li>\n<\/ul>\n\n\n\n<p><strong>&gt;&gt; Sprawd\u017a: <\/strong><a href=\"https:\/\/www.alab.pl\/centrum-wiedzy\/choroby-skory-u-czlowieka-najczesciej-wystepujace-dermatozy\/\"><strong>Choroby sk\u00f3ry u cz\u0142owieka. Najcz\u0119\u015bciej wyst\u0119puj\u0105ce dermatozy<\/strong><\/a><strong><\/strong><\/p>\n\n\n\n<h3 class=\"wp-block-heading\" id=\"Domowe-sposoby-na-rogowacenie-s\u0142oneczne\">Domowe sposoby na rogowacenie s\u0142oneczne<\/h3>\n\n\n\n<p>W zwi\u0105zku z ryzykiem transformacji nowotworowej, rogowacenie s\u0142oneczne powinno by\u0107 odpowiednio leczone pod okiem lekarza dermatologa. Domowe sposoby nie b\u0119d\u0105 skuteczne w terapii rogowacenia s\u0142onecznego. Konieczne jest leczenie, kt\u00f3re przeprowadza si\u0119 pod okiem lekarza. O terapii rogowacenia s\u0142onecznego wi\u0119cej mo\u017cna przeczyta\u0107 w kolejnych akapitach tego artyku\u0142u.<\/p>\n\n\n\n<h2 class=\"wp-block-heading\" id=\"Jak-zapobiec-rogowaceniu-s\u0142onecznemu?\">Jak zapobiec rogowaceniu s\u0142onecznemu?<\/h2>\n\n\n\n<p>Najwa\u017cniejszym krokiem w profilaktyce rogowacenie s\u0142onecznego jest unikanie ekspozycji na promieniowanie ultrafioletowe. Nale\u017cy stosowa\u0107 kremy z filtrem, minimum SPF 50, a tak\u017ce unika\u0107 przebywania w pe\u0142nym s\u0142o\u0144cu, szczeg\u00f3lnie mi\u0119dzy godzin\u0105 11:00 a 15:00. Warto r\u00f3wnie\u017c pami\u0119ta\u0107 o noszeniu czapki z daszkiem lub kapelusza z szerokim rondem.<\/p>\n\n\n\n<p><strong>&gt;&gt; Przeczytaj: <\/strong><a href=\"https:\/\/www.alab.pl\/centrum-wiedzy\/uczulenie-na-slonce-fotodermatoza-objawy-przyczyny-leczenie\/\"><strong>Uczulenie na s\u0142o\u0144ce (fotodermatoza): objawy, przyczyny, leczenie<\/strong><\/a><\/p>\n\n\n\n<h2 class=\"wp-block-heading\" id=\"FAQ.-Rogowacenie-s\u0142oneczne-\u2013-cz\u0119sto-zadawane-pytania\">FAQ. Rogowacenie s\u0142oneczne \u2013 cz\u0119sto zadawane pytania<\/h2>\n\n\n\n<p>Omawiany w tym artykule problem dermatologiczny wi\u0105\u017ce si\u0119 z ryzykiem transformacji nowotworowej, co sprawia, \u017ce u pacjent\u00f3w pojawia si\u0119 wiele nurtuj\u0105cych pyta\u0144 i w\u0105tpliwo\u015bci. Poni\u017cej odpowiedzi na najcz\u0119\u015bciej zadawane pytania.<\/p>\n\n\n\n<div class=\"schema-faq wp-block-yoast-faq-block\"><div class=\"schema-faq-section\" id=\"faq-question-1756658374354\"><strong class=\"schema-faq-question\"><strong>Jak wygl\u0105da rogowacenie s\u0142oneczne?<\/strong><\/strong> <p class=\"schema-faq-answer\">Rogowacenie s\u0142oneczne najcz\u0119\u015bciej ma posta\u0107 rumieniowych wykwit\u00f3w, kt\u00f3re s\u0105 szorstkie w dotyku. Niekiedy pojawiaj\u0105 si\u0119 r\u00f3wnie\u017c zmiany o typie strup\u00f3w. Rogowacenie s\u0142oneczne cechuje si\u0119 charakterystycznym obrazem dermatoskopowym, w kt\u00f3rym obserwuje si\u0119 mi\u0119dzy innymi tak zwany <em>obraz truskawki<\/em>.<\/p> <\/div> <div class=\"schema-faq-section\" id=\"faq-question-1756658397682\"><strong class=\"schema-faq-question\"><strong>Jak usun\u0105\u0107 rogowacenie s\u0142oneczne?<\/strong><\/strong> <p class=\"schema-faq-answer\">Ust\u0105pienie zmian zwi\u0105zanych z rogowaceniem s\u0142onecznym mo\u017cna osi\u0105gn\u0105\u0107 zar\u00f3wno z wykorzystaniem lek\u00f3w stosowanych miejscowo, jak i metod zabiegowych (krioterapia, laseroterapia). Odpowiedni\u0105 metod\u0119 leczenia rogowacenia s\u0142onecznego zaproponuje lekarz dermatolog.<\/p> <\/div> <div class=\"schema-faq-section\" id=\"faq-question-1756658418583\"><strong class=\"schema-faq-question\"><strong>Jak d\u0142ugo trwa leczenie rogowacenia s\u0142onecznego?<\/strong><\/strong> <p class=\"schema-faq-answer\">Czas leczenia zale\u017cy przede wszystkim od wybranej metody terapeutycznej, jak i stosowania si\u0119 do zalece\u0144. Leczenie rogowacenia s\u0142onecznego mo\u017ce trwa\u0107 nawet kilka miesi\u0119cy.<\/p> <\/div> <div class=\"schema-faq-section\" id=\"faq-question-1756658436917\"><strong class=\"schema-faq-question\"><strong>Co zaostrza rogowacenie s\u0142oneczne?<\/strong><\/strong> <p class=\"schema-faq-answer\">Najwa\u017cniejszym czynnikiem pogarszaj\u0105cym przebieg i b\u0119d\u0105cym przyczyn\u0105 pojawiania si\u0119 zmian typowych dla rogowacenia s\u0142onecznego jest promieniowanie ultrafioletowe. Z tego powodu powinno si\u0119 unika\u0107 nara\u017cenia na promieniowanie ultrafioletowe i stosowa\u0107 regularnie kremy z filtrem, najlepiej minimum SPF 50.<\/p> <\/div> <div class=\"schema-faq-section\" id=\"faq-question-1756658454448\"><strong class=\"schema-faq-question\"><strong>Czy rogowacenie s\u0142oneczne to nowotw\u00f3r?<\/strong><\/strong> <p class=\"schema-faq-answer\">Rogowacenie s\u0142oneczne jest aktualnie zaliczane do tak zwanych rak\u00f3w <em>in situ<\/em>, co oznacza, \u017ce jest to przedinwazyjna posta\u0107 nowotworu z\u0142o\u015bliwego sk\u00f3ry. Przy braku podj\u0119cia leczenia istnieje ryzyko transformacji do inwazyjnej postaci <a href=\"https:\/\/www.alab.pl\/centrum-wiedzy\/rak-skory-rodzaje-objawy-badania-i-leczenie\/\">raka sk\u00f3ry<\/a> \u2013 mowa tutaj o raku kolczystokom\u00f3rkowym.<\/p> <\/div> <\/div>\n\n\n\n<h2 class=\"wp-block-heading\" id=\"Rogowacenie-s\u0142oneczne-\u2013-podsumowanie\">Rogowacenie s\u0142oneczne \u2013 podsumowanie<\/h2>\n\n\n\n<ul class=\"wp-block-list\">\n<li>Rogowacenie s\u0142oneczne to przedinwazyjna posta\u0107 raka kolczystokom\u00f3rkowego sk\u00f3ry, kt\u00f3ra powstaje na skutek przewlek\u0142ej ekspozycji na promieniowanie ultrafioletowe.<\/li>\n\n\n\n<li>Rogowacenie s\u0142oneczne ma posta\u0107 zmian rumieniowych o szorstkiej powierzchni, kt\u00f3re lokalizuj\u0105 si\u0119 przede wszystkim na sk\u00f3rze ods\u0142oni\u0119tej, a wi\u0119c na twarzy, szyi i grzbietach r\u0105k.<\/li>\n\n\n\n<li>W diagnostyce rogowacenia s\u0142onecznego najwa\u017cniejsz\u0105 rol\u0119 odgrywa badanie przedmiotowe i badanie dermatoskopowe zmian sk\u00f3rnych.<\/li>\n\n\n\n<li>W terapii rogowacenia s\u0142onecznego stosuje si\u0119 zar\u00f3wno leki miejscowe, jak i post\u0119powania zabiegowe. O sposobie leczenia powinien decydowa\u0107 lekarz dermatolog.<\/li>\n<\/ul>\n\n\n\n<hr class=\"wp-block-separator has-alpha-channel-opacity\"\/>\n\n\n\n<p><strong>Bibliografia<\/strong><\/p>\n\n\n\n<ol start=\"1\" class=\"wp-block-list\">\n<li>W. Placek, A. Markiewicz, N. Zaj\u0105c, M. Bzdawski, Rogowacenie s\u0142oneczne\u2013 definicja, etiopatogeneza i mo\u017cliwo\u015bci terapeutyczne, Przegl Dermatol 2013, 100, 171\u2013177,<\/li>\n\n\n\n<li>B. Worley, V. Harikumar, K. Reynolds, Jak leczy\u0107 rogowacenie s\u0142oneczne? Arch. Dermatol. Res. 2022 Dec 1,<\/li>\n\n\n\n<li>A. Nasierowska-Guttmejer, M. Ko\u0142os, Patomorfologia \u2013 S\u0142ownik Onkologiczny, Wydawnictwo Lekarskie PZWL 2024,<\/li>\n\n\n\n<li>L. Rudnicka i inni, Wsp\u00f3\u0142czesna Dermatologia, PZWL, Warszawa 2022.<\/li>\n<\/ol>\n\n\n\n<p><\/p>\n","protected":false},"excerpt":{"rendered":"<p>Jak objawia si\u0119 rogowacenie s\u0142oneczne i jakie s\u0105 jego przyczyny? Dowiedz si\u0119 wi\u0119cej na temat rogowacenia s\u0142onecznego.<\/p>\n","protected":false},"author":165,"featured_media":26580,"comment_status":"closed","ping_status":"closed","sticky":false,"template":"","format":"standard","meta":{"_acf_changed":false,"inline_featured_image":false,"footnotes":""},"categories":[12],"tags":[],"coauthors":[176],"class_list":{"0":"post-26578","1":"post","2":"type-post","3":"status-publish","4":"format-standard","5":"has-post-thumbnail","7":"category-choroby-skory"},"acf":[],"yoast_head":"<!-- This site is optimized with the Yoast SEO plugin v27.5 - https:\/\/yoast.com\/product\/yoast-seo-wordpress\/ -->\n<title>Rogowacenie s\u0142oneczne - jak wygl\u0105da i jakie s\u0105 jego przyczyny? - Centrum Wiedzy ALAB laboratoria<\/title>\n<meta name=\"description\" content=\"Jak objawia si\u0119 rogowacenie s\u0142oneczne i jakie s\u0105 jego przyczyny? Dowiedz si\u0119 wi\u0119cej na temat rogowacenia s\u0142onecznego.\" \/>\n<meta name=\"robots\" content=\"index, follow, max-snippet:-1, max-image-preview:large, max-video-preview:-1\" \/>\n<link rel=\"canonical\" href=\"https:\/\/www.alab.pl\/centrum-wiedzy\/rogowacenie-sloneczne-jak-wyglada-i-jakie-sa-jego-przyczyny\/\" \/>\n<meta property=\"og:locale\" content=\"pl_PL\" \/>\n<meta property=\"og:type\" content=\"article\" \/>\n<meta property=\"og:title\" content=\"Rogowacenie s\u0142oneczne - jak wygl\u0105da i jakie s\u0105 jego przyczyny? - Centrum Wiedzy ALAB laboratoria\" \/>\n<meta property=\"og:description\" content=\"Jak objawia si\u0119 rogowacenie s\u0142oneczne i jakie s\u0105 jego przyczyny? Dowiedz si\u0119 wi\u0119cej na temat rogowacenia s\u0142onecznego.\" \/>\n<meta property=\"og:url\" content=\"https:\/\/www.alab.pl\/centrum-wiedzy\/rogowacenie-sloneczne-jak-wyglada-i-jakie-sa-jego-przyczyny\/\" \/>\n<meta property=\"og:site_name\" content=\"Centrum Wiedzy ALAB laboratoria\" \/>\n<meta property=\"article:publisher\" content=\"https:\/\/www.facebook.com\/ALABlaboratoria\" \/>\n<meta property=\"article:published_time\" content=\"2025-08-31T16:48:40+00:00\" \/>\n<meta property=\"article:modified_time\" content=\"2026-02-06T14:10:25+00:00\" \/>\n<meta property=\"og:image\" content=\"https:\/\/www.alab.pl\/centrum-wiedzy\/wp-content\/uploads\/2025\/08\/rogowacenie_sloneczne-.jpg\" \/>\n\t<meta property=\"og:image:width\" content=\"2150\" \/>\n\t<meta property=\"og:image:height\" content=\"1229\" \/>\n\t<meta property=\"og:image:type\" content=\"image\/jpeg\" \/>\n<meta name=\"author\" content=\"Katarzyna Banaszczyk\" \/>\n<meta name=\"twitter:card\" content=\"summary_large_image\" \/>\n<meta name=\"twitter:label1\" content=\"Napisane przez\" \/>\n\t<meta name=\"twitter:data1\" content=\"Katarzyna Banaszczyk\" \/>\n\t<meta name=\"twitter:label2\" content=\"Szacowany czas czytania\" \/>\n\t<meta name=\"twitter:data2\" content=\"8 minut\" \/>\n\t<meta name=\"twitter:label3\" content=\"Written by\" \/>\n\t<meta name=\"twitter:data3\" content=\"Katarzyna Banaszczyk\" \/>\n<!-- \/ Yoast SEO plugin. -->","yoast_head_json":{"title":"Rogowacenie s\u0142oneczne - jak wygl\u0105da i jakie s\u0105 jego przyczyny? - Centrum Wiedzy ALAB laboratoria","description":"Jak objawia si\u0119 rogowacenie s\u0142oneczne i jakie s\u0105 jego przyczyny? Dowiedz si\u0119 wi\u0119cej na temat rogowacenia s\u0142onecznego.","robots":{"index":"index","follow":"follow","max-snippet":"max-snippet:-1","max-image-preview":"max-image-preview:large","max-video-preview":"max-video-preview:-1"},"canonical":"https:\/\/www.alab.pl\/centrum-wiedzy\/rogowacenie-sloneczne-jak-wyglada-i-jakie-sa-jego-przyczyny\/","og_locale":"pl_PL","og_type":"article","og_title":"Rogowacenie s\u0142oneczne - jak wygl\u0105da i jakie s\u0105 jego przyczyny? - Centrum Wiedzy ALAB laboratoria","og_description":"Jak objawia si\u0119 rogowacenie s\u0142oneczne i jakie s\u0105 jego przyczyny? Dowiedz si\u0119 wi\u0119cej na temat rogowacenia s\u0142onecznego.","og_url":"https:\/\/www.alab.pl\/centrum-wiedzy\/rogowacenie-sloneczne-jak-wyglada-i-jakie-sa-jego-przyczyny\/","og_site_name":"Centrum Wiedzy ALAB laboratoria","article_publisher":"https:\/\/www.facebook.com\/ALABlaboratoria","article_published_time":"2025-08-31T16:48:40+00:00","article_modified_time":"2026-02-06T14:10:25+00:00","og_image":[{"width":2150,"height":1229,"url":"https:\/\/www.alab.pl\/centrum-wiedzy\/wp-content\/uploads\/2025\/08\/rogowacenie_sloneczne-.jpg","type":"image\/jpeg"}],"author":"Katarzyna Banaszczyk","twitter_card":"summary_large_image","twitter_misc":{"Napisane przez":"Katarzyna Banaszczyk","Szacowany czas czytania":"8 minut","Written by":"Katarzyna Banaszczyk"},"schema":{"@context":"https:\/\/schema.org","@graph":[{"@type":"Article","@id":"https:\/\/www.alab.pl\/centrum-wiedzy\/rogowacenie-sloneczne-jak-wyglada-i-jakie-sa-jego-przyczyny\/#article","isPartOf":{"@id":"https:\/\/www.alab.pl\/centrum-wiedzy\/rogowacenie-sloneczne-jak-wyglada-i-jakie-sa-jego-przyczyny\/"},"author":{"name":"Katarzyna Banaszczyk","@id":"https:\/\/www.alab.pl\/centrum-wiedzy\/#\/schema\/person\/308fb46be1959418e2e115e61c335941"},"headline":"Rogowacenie s\u0142oneczne &#8211; jak wygl\u0105da i jakie s\u0105 jego przyczyny?","datePublished":"2025-08-31T16:48:40+00:00","dateModified":"2026-02-06T14:10:25+00:00","mainEntityOfPage":{"@id":"https:\/\/www.alab.pl\/centrum-wiedzy\/rogowacenie-sloneczne-jak-wyglada-i-jakie-sa-jego-przyczyny\/"},"wordCount":1581,"publisher":{"@id":"https:\/\/www.alab.pl\/centrum-wiedzy\/#organization"},"image":{"@id":"https:\/\/www.alab.pl\/centrum-wiedzy\/rogowacenie-sloneczne-jak-wyglada-i-jakie-sa-jego-przyczyny\/#primaryimage"},"thumbnailUrl":"https:\/\/www.alab.pl\/centrum-wiedzy\/wp-content\/uploads\/2025\/08\/rogowacenie_sloneczne-.jpg","articleSection":["Choroby sk\u00f3ry"],"inLanguage":"pl-PL"},{"@type":["WebPage","FAQPage"],"@id":"https:\/\/www.alab.pl\/centrum-wiedzy\/rogowacenie-sloneczne-jak-wyglada-i-jakie-sa-jego-przyczyny\/","url":"https:\/\/www.alab.pl\/centrum-wiedzy\/rogowacenie-sloneczne-jak-wyglada-i-jakie-sa-jego-przyczyny\/","name":"Rogowacenie s\u0142oneczne - jak wygl\u0105da i jakie s\u0105 jego przyczyny? - Centrum Wiedzy ALAB laboratoria","isPartOf":{"@id":"https:\/\/www.alab.pl\/centrum-wiedzy\/#website"},"primaryImageOfPage":{"@id":"https:\/\/www.alab.pl\/centrum-wiedzy\/rogowacenie-sloneczne-jak-wyglada-i-jakie-sa-jego-przyczyny\/#primaryimage"},"image":{"@id":"https:\/\/www.alab.pl\/centrum-wiedzy\/rogowacenie-sloneczne-jak-wyglada-i-jakie-sa-jego-przyczyny\/#primaryimage"},"thumbnailUrl":"https:\/\/www.alab.pl\/centrum-wiedzy\/wp-content\/uploads\/2025\/08\/rogowacenie_sloneczne-.jpg","datePublished":"2025-08-31T16:48:40+00:00","dateModified":"2026-02-06T14:10:25+00:00","description":"Jak objawia si\u0119 rogowacenie s\u0142oneczne i jakie s\u0105 jego przyczyny? Dowiedz si\u0119 wi\u0119cej na temat rogowacenia s\u0142onecznego.","breadcrumb":{"@id":"https:\/\/www.alab.pl\/centrum-wiedzy\/rogowacenie-sloneczne-jak-wyglada-i-jakie-sa-jego-przyczyny\/#breadcrumb"},"mainEntity":[{"@id":"https:\/\/www.alab.pl\/centrum-wiedzy\/rogowacenie-sloneczne-jak-wyglada-i-jakie-sa-jego-przyczyny\/#faq-question-1756658374354"},{"@id":"https:\/\/www.alab.pl\/centrum-wiedzy\/rogowacenie-sloneczne-jak-wyglada-i-jakie-sa-jego-przyczyny\/#faq-question-1756658397682"},{"@id":"https:\/\/www.alab.pl\/centrum-wiedzy\/rogowacenie-sloneczne-jak-wyglada-i-jakie-sa-jego-przyczyny\/#faq-question-1756658418583"},{"@id":"https:\/\/www.alab.pl\/centrum-wiedzy\/rogowacenie-sloneczne-jak-wyglada-i-jakie-sa-jego-przyczyny\/#faq-question-1756658436917"},{"@id":"https:\/\/www.alab.pl\/centrum-wiedzy\/rogowacenie-sloneczne-jak-wyglada-i-jakie-sa-jego-przyczyny\/#faq-question-1756658454448"}],"inLanguage":"pl-PL","potentialAction":[{"@type":"ReadAction","target":["https:\/\/www.alab.pl\/centrum-wiedzy\/rogowacenie-sloneczne-jak-wyglada-i-jakie-sa-jego-przyczyny\/"]}]},{"@type":"ImageObject","inLanguage":"pl-PL","@id":"https:\/\/www.alab.pl\/centrum-wiedzy\/rogowacenie-sloneczne-jak-wyglada-i-jakie-sa-jego-przyczyny\/#primaryimage","url":"https:\/\/www.alab.pl\/centrum-wiedzy\/wp-content\/uploads\/2025\/08\/rogowacenie_sloneczne-.jpg","contentUrl":"https:\/\/www.alab.pl\/centrum-wiedzy\/wp-content\/uploads\/2025\/08\/rogowacenie_sloneczne-.jpg","width":2150,"height":1229,"caption":"rogowacenie s\u0142oneczne"},{"@type":"BreadcrumbList","@id":"https:\/\/www.alab.pl\/centrum-wiedzy\/rogowacenie-sloneczne-jak-wyglada-i-jakie-sa-jego-przyczyny\/#breadcrumb","itemListElement":[{"@type":"ListItem","position":1,"name":"Strona g\u0142\u00f3wna","item":"https:\/\/www.alab.pl\/centrum-wiedzy\/"},{"@type":"ListItem","position":2,"name":"Rogowacenie s\u0142oneczne &#8211; jak wygl\u0105da i jakie s\u0105 jego przyczyny?"}]},{"@type":"WebSite","@id":"https:\/\/www.alab.pl\/centrum-wiedzy\/#website","url":"https:\/\/www.alab.pl\/centrum-wiedzy\/","name":"Centrum Wiedzy ALAB laboratoria","description":"","publisher":{"@id":"https:\/\/www.alab.pl\/centrum-wiedzy\/#organization"},"potentialAction":[{"@type":"SearchAction","target":{"@type":"EntryPoint","urlTemplate":"https:\/\/www.alab.pl\/centrum-wiedzy\/?s={search_term_string}"},"query-input":{"@type":"PropertyValueSpecification","valueRequired":true,"valueName":"search_term_string"}}],"inLanguage":"pl-PL"},{"@type":"Organization","@id":"https:\/\/www.alab.pl\/centrum-wiedzy\/#organization","name":"Centrum Wiedzy ALAB laboratoria","url":"https:\/\/www.alab.pl\/centrum-wiedzy\/","logo":{"@type":"ImageObject","inLanguage":"pl-PL","@id":"https:\/\/www.alab.pl\/centrum-wiedzy\/#\/schema\/logo\/image\/","url":"https:\/\/www.alab.pl\/centrum-wiedzy\/wp-content\/uploads\/2022\/04\/alabek.jpg","contentUrl":"https:\/\/www.alab.pl\/centrum-wiedzy\/wp-content\/uploads\/2022\/04\/alabek.jpg","width":1250,"height":1251,"caption":"Centrum Wiedzy ALAB laboratoria"},"image":{"@id":"https:\/\/www.alab.pl\/centrum-wiedzy\/#\/schema\/logo\/image\/"},"sameAs":["https:\/\/www.facebook.com\/ALABlaboratoria"]},{"@type":"Person","@id":"https:\/\/www.alab.pl\/centrum-wiedzy\/#\/schema\/person\/308fb46be1959418e2e115e61c335941","name":"Katarzyna Banaszczyk","image":{"@type":"ImageObject","inLanguage":"pl-PL","@id":"https:\/\/www.alab.pl\/centrum-wiedzy\/wp-content\/uploads\/2024\/12\/Katarzyna-Banaszczyk-150x150.jpgdd037207674aeb9b7e97c9616a0cf536","url":"https:\/\/www.alab.pl\/centrum-wiedzy\/wp-content\/uploads\/2024\/12\/Katarzyna-Banaszczyk-150x150.jpg","contentUrl":"https:\/\/www.alab.pl\/centrum-wiedzy\/wp-content\/uploads\/2024\/12\/Katarzyna-Banaszczyk-150x150.jpg","caption":"Katarzyna Banaszczyk"},"description":"Lekarka w trakcie specjalizacji z dermatologii i wenerologii. Absolwentka Collegium Medicum UMK im. Ludwika Rydygiera w Bydgoszczy. Wyk\u0142adowca akademicki Collegium Medicum im. W\u0142adys\u0142awa Biega\u0144skiego w Cz\u0119stochowie.","url":"https:\/\/www.alab.pl\/centrum-wiedzy\/author\/katarzyna-banaszczyk\/"},{"@type":"Question","@id":"https:\/\/www.alab.pl\/centrum-wiedzy\/rogowacenie-sloneczne-jak-wyglada-i-jakie-sa-jego-przyczyny\/#faq-question-1756658374354","position":1,"url":"https:\/\/www.alab.pl\/centrum-wiedzy\/rogowacenie-sloneczne-jak-wyglada-i-jakie-sa-jego-przyczyny\/#faq-question-1756658374354","name":"Jak wygl\u0105da rogowacenie s\u0142oneczne?","answerCount":1,"acceptedAnswer":{"@type":"Answer","text":"Rogowacenie s\u0142oneczne najcz\u0119\u015bciej ma posta\u0107 rumieniowych wykwit\u00f3w, kt\u00f3re s\u0105 szorstkie w dotyku. Niekiedy pojawiaj\u0105 si\u0119 r\u00f3wnie\u017c zmiany o typie strup\u00f3w. Rogowacenie s\u0142oneczne cechuje si\u0119 charakterystycznym obrazem dermatoskopowym, w kt\u00f3rym obserwuje si\u0119 mi\u0119dzy innymi tak zwany <em>obraz truskawki<\/em>.","inLanguage":"pl-PL"},"inLanguage":"pl-PL"},{"@type":"Question","@id":"https:\/\/www.alab.pl\/centrum-wiedzy\/rogowacenie-sloneczne-jak-wyglada-i-jakie-sa-jego-przyczyny\/#faq-question-1756658397682","position":2,"url":"https:\/\/www.alab.pl\/centrum-wiedzy\/rogowacenie-sloneczne-jak-wyglada-i-jakie-sa-jego-przyczyny\/#faq-question-1756658397682","name":"Jak usun\u0105\u0107 rogowacenie s\u0142oneczne?","answerCount":1,"acceptedAnswer":{"@type":"Answer","text":"Ust\u0105pienie zmian zwi\u0105zanych z rogowaceniem s\u0142onecznym mo\u017cna osi\u0105gn\u0105\u0107 zar\u00f3wno z wykorzystaniem lek\u00f3w stosowanych miejscowo, jak i metod zabiegowych (krioterapia, laseroterapia). Odpowiedni\u0105 metod\u0119 leczenia rogowacenia s\u0142onecznego zaproponuje lekarz dermatolog.","inLanguage":"pl-PL"},"inLanguage":"pl-PL"},{"@type":"Question","@id":"https:\/\/www.alab.pl\/centrum-wiedzy\/rogowacenie-sloneczne-jak-wyglada-i-jakie-sa-jego-przyczyny\/#faq-question-1756658418583","position":3,"url":"https:\/\/www.alab.pl\/centrum-wiedzy\/rogowacenie-sloneczne-jak-wyglada-i-jakie-sa-jego-przyczyny\/#faq-question-1756658418583","name":"Jak d\u0142ugo trwa leczenie rogowacenia s\u0142onecznego?","answerCount":1,"acceptedAnswer":{"@type":"Answer","text":"Czas leczenia zale\u017cy przede wszystkim od wybranej metody terapeutycznej, jak i stosowania si\u0119 do zalece\u0144. Leczenie rogowacenia s\u0142onecznego mo\u017ce trwa\u0107 nawet kilka miesi\u0119cy.","inLanguage":"pl-PL"},"inLanguage":"pl-PL"},{"@type":"Question","@id":"https:\/\/www.alab.pl\/centrum-wiedzy\/rogowacenie-sloneczne-jak-wyglada-i-jakie-sa-jego-przyczyny\/#faq-question-1756658436917","position":4,"url":"https:\/\/www.alab.pl\/centrum-wiedzy\/rogowacenie-sloneczne-jak-wyglada-i-jakie-sa-jego-przyczyny\/#faq-question-1756658436917","name":"Co zaostrza rogowacenie s\u0142oneczne?","answerCount":1,"acceptedAnswer":{"@type":"Answer","text":"Najwa\u017cniejszym czynnikiem pogarszaj\u0105cym przebieg i b\u0119d\u0105cym przyczyn\u0105 pojawiania si\u0119 zmian typowych dla rogowacenia s\u0142onecznego jest promieniowanie ultrafioletowe. Z tego powodu powinno si\u0119 unika\u0107 nara\u017cenia na promieniowanie ultrafioletowe i stosowa\u0107 regularnie kremy z filtrem, najlepiej minimum SPF 50.","inLanguage":"pl-PL"},"inLanguage":"pl-PL"},{"@type":"Question","@id":"https:\/\/www.alab.pl\/centrum-wiedzy\/rogowacenie-sloneczne-jak-wyglada-i-jakie-sa-jego-przyczyny\/#faq-question-1756658454448","position":5,"url":"https:\/\/www.alab.pl\/centrum-wiedzy\/rogowacenie-sloneczne-jak-wyglada-i-jakie-sa-jego-przyczyny\/#faq-question-1756658454448","name":"Czy rogowacenie s\u0142oneczne to nowotw\u00f3r?","answerCount":1,"acceptedAnswer":{"@type":"Answer","text":"Rogowacenie s\u0142oneczne jest aktualnie zaliczane do tak zwanych rak\u00f3w <em>in situ<\/em>, co oznacza, \u017ce jest to przedinwazyjna posta\u0107 nowotworu z\u0142o\u015bliwego sk\u00f3ry. Przy braku podj\u0119cia leczenia istnieje ryzyko transformacji do inwazyjnej postaci <a href=\"https:\/\/www.alab.pl\/centrum-wiedzy\/rak-skory-rodzaje-objawy-badania-i-leczenie\/\">raka sk\u00f3ry<\/a> \u2013 mowa tutaj o raku kolczystokom\u00f3rkowym.","inLanguage":"pl-PL"},"inLanguage":"pl-PL"}]}},"_links":{"self":[{"href":"https:\/\/www.alab.pl\/centrum-wiedzy\/wp-json\/wp\/v2\/posts\/26578","targetHints":{"allow":["GET"]}}],"collection":[{"href":"https:\/\/www.alab.pl\/centrum-wiedzy\/wp-json\/wp\/v2\/posts"}],"about":[{"href":"https:\/\/www.alab.pl\/centrum-wiedzy\/wp-json\/wp\/v2\/types\/post"}],"author":[{"embeddable":true,"href":"https:\/\/www.alab.pl\/centrum-wiedzy\/wp-json\/wp\/v2\/users\/165"}],"replies":[{"embeddable":true,"href":"https:\/\/www.alab.pl\/centrum-wiedzy\/wp-json\/wp\/v2\/comments?post=26578"}],"version-history":[{"count":4,"href":"https:\/\/www.alab.pl\/centrum-wiedzy\/wp-json\/wp\/v2\/posts\/26578\/revisions"}],"predecessor-version":[{"id":29695,"href":"https:\/\/www.alab.pl\/centrum-wiedzy\/wp-json\/wp\/v2\/posts\/26578\/revisions\/29695"}],"wp:featuredmedia":[{"embeddable":true,"href":"https:\/\/www.alab.pl\/centrum-wiedzy\/wp-json\/wp\/v2\/media\/26580"}],"wp:attachment":[{"href":"https:\/\/www.alab.pl\/centrum-wiedzy\/wp-json\/wp\/v2\/media?parent=26578"}],"wp:term":[{"taxonomy":"category","embeddable":true,"href":"https:\/\/www.alab.pl\/centrum-wiedzy\/wp-json\/wp\/v2\/categories?post=26578"},{"taxonomy":"post_tag","embeddable":true,"href":"https:\/\/www.alab.pl\/centrum-wiedzy\/wp-json\/wp\/v2\/tags?post=26578"},{"taxonomy":"author","embeddable":true,"href":"https:\/\/www.alab.pl\/centrum-wiedzy\/wp-json\/wp\/v2\/coauthors?post=26578"}],"curies":[{"name":"wp","href":"https:\/\/api.w.org\/{rel}","templated":true}]}}