{"id":27461,"date":"2025-10-21T14:11:59","date_gmt":"2025-10-21T12:11:59","guid":{"rendered":"https:\/\/www.alab.pl\/centrum-wiedzy\/?p=27461"},"modified":"2025-10-21T14:12:01","modified_gmt":"2025-10-21T12:12:01","slug":"adrenarche-czym-jest-i-jak-sie-objawia","status":"publish","type":"post","link":"https:\/\/www.alab.pl\/centrum-wiedzy\/adrenarche-czym-jest-i-jak-sie-objawia\/","title":{"rendered":"Adrenarche \u2013 czym jest i jak si\u0119 objawia?"},"content":{"rendered":"\n<p><strong>Adrenarche to jeden z etap\u00f3w ludzkiego rozwoju, kt\u00f3ry cz\u0119sto bywa mylony z prawdziwym dojrzewaniem p\u0142ciowym. To proces, kt\u00f3ry ujawnia si\u0119 subtelnymi, lecz niekiedy niepokoj\u0105cymi dla rodzic\u00f3w oznakami. Je\u015bli obserwujesz u swojego dziecka w wieku wczesnoszkolnym pojawienie si\u0119 ow\u0142osienia \u0142onowego lub zmian\u0119 zapachu potu i zastanawiasz si\u0119, czy to norma, ten artyku\u0142 jest dla Ciebie.<\/strong><\/p>\n\n\n\n<p>Spis tre\u015bci:<\/p>\n\n\n\n<ol start=\"1\" class=\"wp-block-list\">\n<li><a href=\"#Co-to-jest-adrenarche?\">Co to jest adrenarche?<\/a><\/li>\n\n\n\n<li><a href=\"#Czym-jest-przedwczesne-adrenarche-i-czy-mo\u017ce-by\u0107-gro\u017ane?\">Czym jest przedwczesne adrenarche i czy mo\u017ce by\u0107 gro\u017ane?<\/a><\/li>\n\n\n\n<li><a href=\"#Jakie-s\u0105-przyczyny-adrenarche?\">Jakie s\u0105 przyczyny adrenarche?<\/a><\/li>\n\n\n\n<li><a href=\"#Jak-objawia-si\u0119-adrenarche?\">Jak objawia si\u0119 adrenarche?<\/a>\n<ul class=\"wp-block-list\">\n<li><a href=\"#Objawy-u-dziewczynek\">Objawy u dziewczynek<\/a><\/li>\n\n\n\n<li><a href=\"#Objawy-u-ch\u0142opc\u00f3w\">Objawy u ch\u0142opc\u00f3w<\/a><\/li>\n<\/ul>\n<\/li>\n\n\n\n<li><a href=\"#Diagnostyka-adrenarche\">Diagnostyka adrenarche<\/a>\n<ul class=\"wp-block-list\">\n<li><a href=\"#Jakie-badania-s\u0105-niezb\u0119dne-w-diagnozie-przedwczesnego-adrenarche?\">Jakie badania s\u0105 niezb\u0119dne w diagnozie przedwczesnego adrenarche?<\/a><\/li>\n\n\n\n<li><a href=\"#Kiedy-potrzebna-jest-pog\u0142\u0119biona-diagnostyka-adrenarche?\">Kiedy potrzebna jest pog\u0142\u0119biona diagnostyka adrenarche?<\/a><\/li>\n<\/ul>\n<\/li>\n\n\n\n<li><a href=\"#Adrenarche-\u2013-podsumowanie-artyku\u0142u\">Adrenarche \u2013 podsumowanie artyku\u0142u<\/a><\/li>\n<\/ol>\n\n\n\n<ol start=\"3\" class=\"wp-block-list\"><\/ol>\n\n\n\n<ol start=\"5\" class=\"wp-block-list\"><\/ol>\n\n\n\n<ol start=\"6\" class=\"wp-block-list\"><\/ol>\n\n\n\n<h2 class=\"wp-block-heading\" id=\"Co-to-jest-adrenarche?\">Co to jest adrenarche?<\/h2>\n\n\n\n<p>Adrenarche jest fizjologicznym etapem rozwoju, kt\u00f3ry stanowi cz\u0119\u015b\u0107 procesu dojrzewania <a href=\"https:\/\/www.alab.pl\/centrum-wiedzy\/nadnercza\/\" target=\"_blank\" rel=\"noreferrer noopener\">nadnerczy<\/a> \u2013 niewielkich gruczo\u0142\u00f3w zlokalizowanych nad nerkami. Nie jest to r\u00f3wnoznaczne z\u00a0inicjacj\u0105 dojrzewania p\u0142ciowego. G\u0142\u00f3wnym przejawem tego procesu jest <strong>znacz\u0105cy wzrost produkcji hormon\u00f3w nadnerczowych zwanych <\/strong><a href=\"https:\/\/www.alab.pl\/centrum-wiedzy\/czym-sa-androgeny-i-za-co-odpowiadaja-kiedy-badac-ich-poziom\/\" target=\"_blank\" rel=\"noreferrer noopener\"><strong>androgenami<\/strong><\/a><strong> &#8211; czyli substancjami, kt\u00f3re pobudzaj\u0105 do rozwoju cech m\u0119skich<\/strong>.<\/p>\n\n\n\n<p>Adrenarche typowo rozpoczyna si\u0119 mi\u0119dzy 6. a 8. rokiem \u017cycia u dziewczynek i mi\u0119dzy 7. a 9. rokiem \u017cycia u ch\u0142opc\u00f3w, poprzedzaj\u0105c o\u00a0oko\u0142o 2-3 lata w\u0142a\u015bciwe <a href=\"https:\/\/www.alab.pl\/centrum-wiedzy\/krotkie-kompendium-wiedzy-o-dojrzewaniu-plciowym\/\" target=\"_blank\" rel=\"noreferrer noopener\">dojrzewanie p\u0142ciowe<\/a>. Jest to zatem proces ca\u0142kowicie odr\u0119bny, cho\u0107 cz\u0119sto wsp\u00f3\u0142wyst\u0119puj\u0105cy w czasie z p\u00f3\u017aniejszymi etapami pokwitania.<\/p>\n\n\n\n<h2 class=\"wp-block-heading\" id=\"Czym-jest-przedwczesne-adrenarche-i-czy-mo\u017ce-by\u0107-gro\u017ane?\">Czym jest przedwczesne adrenarche i czy mo\u017ce by\u0107 gro\u017ane?<\/h2>\n\n\n\n<p>Przedwczesne adrenarche to pojawienie si\u0119 klinicznych objaw\u00f3w nadmiernej aktywno\u015bci androgen\u00f3w nadnerczowych u dziewczynek przed 8. rokiem \u017cycia i u ch\u0142opc\u00f3w przed 9. rokiem \u017cycia. <strong>W zdecydowanej wi\u0119kszo\u015bci przypadk\u00f3w jest to stan \u0142agodny, izolowany i nie poci\u0105ga za sob\u0105 powa\u017cnych konsekwencji zdrowotnych<\/strong>. Dzieci z&nbsp;przedwczesnym adrenarche rozwijaj\u0105 si\u0119 prawid\u0142owo, a ich ostateczny wzrost i dojrzewanie p\u0142ciowe przebiegaj\u0105 typowo. Jednak\u017ce, w pewnym odsetku przypadk\u00f3w, przedwczesne adrenarche mo\u017ce by\u0107 nie tyle chorob\u0105 sam\u0105 w sobie, co objawem innych, powa\u017cniejszych zaburze\u0144.<\/p>\n\n\n\n<p><strong>>> To mo\u017ce Ci\u0119 zainteresowa\u0107: <a href=\"https:\/\/www.alab.pl\/centrum-wiedzy\/hiperandrogenizm-nadmiar-androgenow-objawy-przyczyny-badania-leczenie\/\" target=\"_blank\" rel=\"noreferrer noopener\">Hiperandrogenizm (nadmiar androgen\u00f3w): objawy, przyczyny, badania, leczenie<\/a><\/strong><\/p>\n\n\n\n<h2 class=\"wp-block-heading\" id=\"Jakie-s\u0105-przyczyny-adrenarche?\">Jakie s\u0105 przyczyny adrenarche?<\/h2>\n\n\n\n<p>Bezpo\u015brednia przyczyna uruchomienia procesu adrenarche pozostaje przedmiotem intensywnych bada\u0144 i nie jest w pe\u0142ni poznana. Istotny jest <strong>czynnik genetyczny<\/strong> \u2013 obserwuje si\u0119 rodzinne wyst\u0119powanie zar\u00f3wno prawid\u0142owego, jak i przedwczesnego adrenarche. Na czas jego wyst\u0105pienia mog\u0105 r\u00f3wnie\u017c wp\u0142ywa\u0107 <strong>czynniki \u015brodowiskowe, takie jak masa cia\u0142a<\/strong>. Dzieci z wy\u017csz\u0105 mas\u0105 urodzeniow\u0105 oraz te z nadwag\u0105 lub <a href=\"https:\/\/www.alab.pl\/centrum-wiedzy\/otylosc-u-dzieci-i-mlodziezy-powazna-choroba-i-duze-wyzwanie\/\" target=\"_blank\" rel=\"noreferrer noopener\">oty\u0142o\u015bci\u0105<\/a> w dzieci\u0144stwie maj\u0105 tendencj\u0119 do wcze\u015bniejszego rozpocz\u0119cia zar\u00f3wno adrenarche, jak i ca\u0142ego procesu dojrzewania. <strong><a href=\"https:\/\/www.alab.pl\/centrum-wiedzy\/stres-przyjaciel-czy-wrog\/\" target=\"_blank\" rel=\"noreferrer noopener\">Stres<\/a> w okresie wczesnego dzieci\u0144stwa jest r\u00f3wnie\u017c brany pod uwag\u0119 jako potencjalny modulator czasu wyst\u0105pienia tego zjawiska<\/strong>.<\/p>\n\n\n\n<h2 class=\"wp-block-heading\" id=\"Jak-objawia-si\u0119-adrenarche?\">Jak objawia si\u0119 adrenarche?<\/h2>\n\n\n\n<p>Objawy adrenarche s\u0105 stosunkowo dyskretne i wynikaj\u0105 bezpo\u015brednio z dzia\u0142ania s\u0142abych androgen\u00f3w nadnerczowych na sk\u00f3r\u0119 i jej przydatki. Nie obejmuj\u0105 one rozwoju cech p\u0142ciowych zale\u017cnych od gonad. G\u0142\u00f3wnymi manifestacjami klinicznymi s\u0105:<\/p>\n\n\n\n<ul class=\"wp-block-list\">\n<li>pojawienie si\u0119 ow\u0142osienia \u0142onowego (pubarche) oraz pachowego;<\/li>\n\n\n\n<li>zmiana zapachu potu na bardziej intensywny, &#8222;doros\u0142y&#8221;;<\/li>\n\n\n\n<li>przet\u0142uszczanie si\u0119 sk\u00f3ry i w\u0142os\u00f3w;<\/li>\n\n\n\n<li>pojawienie si\u0119 tr\u0105dziku, zwykle o \u0142agodnym nasileniu (zask\u00f3rniki, grudki).<\/li>\n<\/ul>\n\n\n\n<figure class=\"wp-block-table\"><table class=\"has-fixed-layout\"><tbody><tr><td><strong>Warto wiedzie\u0107:<\/strong><br>Warto podkre\u015bli\u0107, \u017ce adrenarche nie powoduje u ch\u0142opc\u00f3w powi\u0119kszenia j\u0105der ani pr\u0105cia, a u dziewczynek \u2013 rozwoju piersi (thelarche) ani krwawie\u0144 miesi\u0119cznych. Pojawienie si\u0119 tych objaw\u00f3w \u015bwiadczy ju\u017c o rozpocz\u0119ciu prawdziwego dojrzewania p\u0142ciowego.<\/td><\/tr><\/tbody><\/table><\/figure>\n\n\n\n<h3 class=\"wp-block-heading\" id=\"Objawy-u-dziewczynek\">Objawy u dziewczynek<\/h3>\n\n\n\n<p>U dziewczynek objawy adrenarche mog\u0105 by\u0107 wyra\u017aniejsze ni\u017c u ch\u0142opc\u00f3w i cz\u0119\u015bciej zwracaj\u0105 uwag\u0119 rodzic\u00f3w. Typowo obserwuje si\u0119 pojawienie si\u0119 pojedynczych, <strong>cienkich, prostych w\u0142os\u00f3w na wargach sromowych<\/strong> (adrenarche nie powoduje ow\u0142osienia typu \u017ce\u0144skiego \u2013 tr\u00f3jk\u0105tnego). R\u00f3wnolegle mo\u017ce wyst\u0105pi\u0107 <strong>ow\u0142osienie pach oraz charakterystyczna zmiana zapachu potu<\/strong>, wymagaj\u0105ca wprowadzenia codziennych zabieg\u00f3w higienicznych. Cz\u0119stsze jest tak\u017ce <strong>\u0142ojotok i <a href=\"https:\/\/www.alab.pl\/centrum-wiedzy\/tradzik-choroba-o-wielu-obliczach\/\" target=\"_blank\" rel=\"noreferrer noopener\">tr\u0105dzik na twarzy<\/a><\/strong>, szczeg\u00f3lnie w strefie T (czo\u0142o, nos, broda).<\/p>\n\n\n\n<h3 class=\"wp-block-heading\" id=\"Objawy-u-ch\u0142opc\u00f3w\">Objawy u ch\u0142opc\u00f3w<\/h3>\n\n\n\n<p>U ch\u0142opc\u00f3w objawy adrenarche s\u0105 cz\u0119sto mniej spektakularne i mog\u0105 zosta\u0107 przeoczone lub uznane za wczesny przejaw dojrzewania. Podstawowym objawem jest <strong>pojawienie si\u0119 ow\u0142osienia \u0142onowego u nasady pr\u0105cia<\/strong>, kt\u00f3re pocz\u0105tkowo jest delikatne i pojedyncze. Podobnie jak u dziewczynek, wyst\u0119puje <strong>ow\u0142osienie pach i zmiana zapachu potu<\/strong>. Mo\u017ce r\u00f3wnie\u017c pojawi\u0107 si\u0119 <strong>\u0142agodny tr\u0105dzik<\/strong>.<\/p>\n\n\n\n<p><strong>>> Przeczytaj: <a href=\"https:\/\/www.alab.pl\/centrum-wiedzy\/nadmierna-potliwosc-nadpotliwosc-przyczyny-badania-i-leczenie\/\" target=\"_blank\" rel=\"noreferrer noopener\">Nadmierna potliwo\u015b\u0107 (nadpotliwo\u015b\u0107) \u2013 przyczyny, badania i leczenie<\/a><\/strong><\/p>\n\n\n\n<h2 class=\"wp-block-heading\" id=\"Diagnostyka-adrenarche\">Diagnostyka adrenarche<\/h2>\n\n\n\n<p>Diagnostyka adrenarche, zw\u0142aszcza gdy wyst\u0119puje w typowym wieku, opiera si\u0119 g\u0142\u00f3wnie na wywiadzie i badaniu fizykalnym. Lekarz ocenia wyst\u0119powanie wy\u017cej opisanych objaw\u00f3w, a przede wszystkim wyklucza obecno\u015b\u0107 cech prawdziwego dojrzewania p\u0142ciowego. Kluczowym elementem jest <strong>ocena stopnia dojrza\u0142o\u015bci ow\u0142osienia \u0142onowego w skali Tannera oraz \u2014 u ch\u0142opc\u00f3w \u2014 pomiar obj\u0119to\u015bci j\u0105der przy pomocy orchidometru Pradera<\/strong>. W przypadku w\u0105tpliwo\u015bci lub przy podejrzeniu przedwczesnego adrenarche, wdra\u017ca si\u0119 diagnostyk\u0119 laboratoryjn\u0105 i obrazow\u0105.<\/p>\n\n\n\n<h3 class=\"wp-block-heading\" id=\"Jakie-badania-s\u0105-niezb\u0119dne-w-diagnozie-przedwczesnego-adrenarche?\">Jakie badania s\u0105 niezb\u0119dne w diagnozie przedwczesnego adrenarche?<\/h3>\n\n\n\n<p>Podstawowym badaniem laboratoryjnym, kt\u00f3re pozwala potwierdzi\u0107 rozpoznanie i oceni\u0107 stopie\u0144 zaawansowania adrenarche, jest oznaczenie st\u0119\u017cenia siarczanu dehydroepiandrosteronu (DHEA-S) we krwi. Jego podwy\u017cszony poziom, odpowiadaj\u0105cy wczesnym stadiom pokwitania (tzw. stadium II-III wg Tannera), przy jednoczesnym prawid\u0142owym lub nieznacznie <a href=\"https:\/\/www.alab.pl\/centrum-wiedzy\/nadmiar-testosteronu-przyczyny-objawy-leczenie\/\" target=\"_blank\" rel=\"noreferrer noopener\">podwy\u017cszonym poziomie testosteronu<\/a>, potwierdza rozpoznanie. Dodatkowo, w przypadku przedwczesnego adrenarche, standardem jest wykonanie zdj\u0119cia rentgenowskiego d\u0142oni i nadgarstka (tzw. ocena wieku kostnego). Wiek kostny w \u0142agodnym, izolowanym przedwczesnym adrenarche jest zwykle nieznacznie przyspieszony (o 1-2 lata) w stosunku do wieku kalendarzowego. Znaczne przyspieszenie (powy\u017cej 2,5 roku) nasuwa podejrzenie innych, powa\u017cniejszych zaburze\u0144.<\/p>\n\n\n\n<figure class=\"wp-block-image size-full\"><a href=\"https:\/\/www.alab.pl\/badanie\/siarczan-dehydroepiandrostendionu-dhea-s-k27\" target=\"_blank\" rel=\" noreferrer noopener\"><img loading=\"lazy\" decoding=\"async\" width=\"800\" height=\"200\" src=\"https:\/\/www.alab.pl\/centrum-wiedzy\/wp-content\/uploads\/2025\/10\/Badanie-DHEA-S.png\" alt=\"\" class=\"wp-image-27158\" srcset=\"https:\/\/www.alab.pl\/centrum-wiedzy\/wp-content\/uploads\/2025\/10\/Badanie-DHEA-S.png 800w, https:\/\/www.alab.pl\/centrum-wiedzy\/wp-content\/uploads\/2025\/10\/Badanie-DHEA-S-768x192.png 768w, https:\/\/www.alab.pl\/centrum-wiedzy\/wp-content\/uploads\/2025\/10\/Badanie-DHEA-S-150x38.png 150w, https:\/\/www.alab.pl\/centrum-wiedzy\/wp-content\/uploads\/2025\/10\/Badanie-DHEA-S-300x75.png 300w, https:\/\/www.alab.pl\/centrum-wiedzy\/wp-content\/uploads\/2025\/10\/Badanie-DHEA-S-696x174.png 696w\" sizes=\"auto, (max-width: 800px) 100vw, 800px\" \/><\/a><\/figure>\n\n\n\n<h3 class=\"wp-block-heading\" id=\"Kiedy-potrzebna-jest-pog\u0142\u0119biona-diagnostyka-adrenarche?\">Kiedy potrzebna jest pog\u0142\u0119biona diagnostyka adrenarche?<\/h3>\n\n\n\n<p>Pog\u0142\u0119biona diagnostyka jest konieczna, gdy w obrazie klinicznym wyst\u0119puj\u0105 tzw. \u201eczerwone flagi\u201d (red flags). Nale\u017c\u0105 do nich:<\/p>\n\n\n\n<ul class=\"wp-block-list\">\n<li><strong>objawy prawdziwego, przedwczesnego dojrzewania p\u0142ciowego<\/strong>: powi\u0119kszenie piersi u dziewczynek, powi\u0119kszenie j\u0105der u ch\u0142opc\u00f3w;<\/li>\n\n\n\n<li><strong>szybka progresja objaw\u00f3w<\/strong>: gwa\u0142towny przyrost ow\u0142osienia, nasilenie tr\u0105dziku, zmiana barwy g\u0142osu;<\/li>\n\n\n\n<li><strong>znaczne przyspieszenie tempa wzrostu i wieku kostnego<\/strong>;<\/li>\n\n\n\n<li><strong>objawy tzw. wirylizacji<\/strong> (nadmiernego dzia\u0142ania androgen\u00f3w) u dziewczynek: przerost \u0142echtaczki, obni\u017cenie barwy g\u0142osu, tr\u0105dzik o du\u017cym nasileniu, pojawienie si\u0119 ow\u0142osienia na twarzy;<\/li>\n\n\n\n<li><a href=\"https:\/\/www.alab.pl\/centrum-wiedzy\/nadcisnienie-tetnicze-klasyfikacja-przyczyny-jak-mierzyc-cisnienie\/\" target=\"_blank\" rel=\"noreferrer noopener\"><strong>nadci\u015bnienie t\u0119tnicze<\/strong><\/a>.<\/li>\n<\/ul>\n\n\n\n<p><strong>>> Zobacz: <a href=\"https:\/\/www.alab.pl\/centrum-wiedzy\/co-to-sa-estrogeny-za-co-odpowiadaja-i-kiedy-je-badac\/\" target=\"_blank\" rel=\"noreferrer noopener\">Co to s\u0105 estrogeny, za co odpowiadaj\u0105 i kiedy je bada\u0107?<\/a><\/strong><\/p>\n\n\n\n<h2 class=\"wp-block-heading\" id=\"Adrenarche-\u2013-podsumowanie-artyku\u0142u\">Adrenarche \u2013 podsumowanie artyku\u0142u<\/h2>\n\n\n\n<p>Adrenarche to naturalny i nieod\u0142\u0105czny etap rozwoju ka\u017cdego cz\u0142owieka, oznaczaj\u0105cy dojrzewanie kory nadnerczy i zwi\u0105zany z nim wzrost produkcji s\u0142abych androgen\u00f3w. Jego g\u0142\u00f3wne objawy to pojawienie si\u0119 ow\u0142osienia \u0142onowego i pachowego oraz zmiana zapachu potu, kt\u00f3re nie powinny budzi\u0107 niepokoju, gdy wyst\u0119puj\u0105 u dzieci po 8.-9. roku \u017cycia. Kluczowe jest odr\u00f3\u017cnienie tego procesu od w\u0142a\u015bciwego dojrzewania p\u0142ciowego, kt\u00f3re anga\u017cuje gonady i prowadzi do rozwoju drugorz\u0119dowych cech p\u0142ciowych. Szczeg\u00f3ln\u0105 uwag\u0119 nale\u017cy zwr\u00f3ci\u0107 na przedwczesne adrenarche, czyli pojawienie si\u0119 tych objaw\u00f3w u m\u0142odszych dzieci. Cho\u0107 cz\u0119sto jest ono \u0142agodne, w niekt\u00f3rych przypadkach mo\u017ce by\u0107 sygna\u0142em zaburze\u0144 endokrynologicznych lub metabolicznych. Pami\u0119taj &#8211; specjalistyczna ocena i ewentualna diagnostyka mog\u0105 da\u0107 pewno\u015b\u0107, \u017ce rozw\u00f3j Twojego dziecka przebiega prawid\u0142owo.<\/p>\n\n\n\n<hr class=\"wp-block-separator has-alpha-channel-opacity\"\/>\n\n\n\n<p><strong>\u0179r\u00f3d\u0142a<\/strong><\/p>\n\n\n\n<ol class=\"wp-block-list\">\n<li>Witchel SF, Pinto B, Burghard AC, Oberfield SE. Update on adrenarche. Curr Opin Pediatr. 2020 Aug;32(4):574-581. doi: 10.1097\/MOP.0000000000000928. PMID: 32692055; PMCID: PMC7891873., https:\/\/pmc.ncbi.nlm.nih.gov\/articles\/PMC7891873 (dost\u0119p: 14.10.2025).<\/li>\n\n\n\n<li>Rosenfield RL. Normal and Premature Adrenarche. Endocr Rev. 2021 Nov 16;42(6):783-814. doi: 10.1210\/endrev\/bnab009. PMID: 33788946; PMCID: PMC8599200., https:\/\/pmc.ncbi.nlm.nih.gov\/articles\/PMC8599200 (dost\u0119p: 14.10.2025).<\/li>\n\n\n\n<li>Farello G, Altieri C, Cutini M, Pozzobon G, Verrotti A. Review of the Literature on Current Changes in the Timing of Pubertal Development and the Incomplete Forms of Early Puberty. Front Pediatr. 2019 May 8;7:147. doi: 10.3389\/fped.2019.00147. PMID: 31139600; PMCID: PMC6519308., https:\/\/pmc.ncbi.nlm.nih.gov\/articles\/PMC6519308 (dost\u0119p: 14.10.2025).<\/li>\n<\/ol>\n","protected":false},"excerpt":{"rendered":"<p>Czym jest adrenache? Jak si\u0119 objawia i kiedy mo\u017ce si\u0119 rozpocz\u0105\u0107 u dzieci? Odpowiedzi na te i inne pytania o adrenarche znajdziesz w artykule.<\/p>\n","protected":false},"author":154,"featured_media":27343,"comment_status":"closed","ping_status":"closed","sticky":false,"template":"","format":"standard","meta":{"_acf_changed":false,"inline_featured_image":false,"footnotes":""},"categories":[30],"tags":[],"coauthors":[151],"class_list":{"0":"post-27461","1":"post","2":"type-post","3":"status-publish","4":"format-standard","5":"has-post-thumbnail","7":"category-zdrowie-dzieci-i-mlodziezy"},"acf":[],"yoast_head":"<!-- This site is optimized with the Yoast SEO plugin v27.4 - https:\/\/yoast.com\/product\/yoast-seo-wordpress\/ -->\n<title>Adrenarche \u2013 czym jest i jak si\u0119 objawia? - Centrum Wiedzy ALAB laboratoria<\/title>\n<meta name=\"description\" content=\"Czym jest adrenache? Jak si\u0119 objawia i kiedy mo\u017ce si\u0119 rozpocz\u0105\u0107 u dzieci? Odpowiedzi na te i inne pytania o adrenarche znajdziesz w artykule.\" \/>\n<meta name=\"robots\" content=\"index, follow, max-snippet:-1, max-image-preview:large, max-video-preview:-1\" \/>\n<link rel=\"canonical\" href=\"https:\/\/www.alab.pl\/centrum-wiedzy\/adrenarche-czym-jest-i-jak-sie-objawia\/\" \/>\n<meta property=\"og:locale\" content=\"pl_PL\" \/>\n<meta property=\"og:type\" content=\"article\" \/>\n<meta property=\"og:title\" content=\"Adrenarche \u2013 czym jest i jak si\u0119 objawia? - Centrum Wiedzy ALAB laboratoria\" \/>\n<meta property=\"og:description\" content=\"Czym jest adrenache? Jak si\u0119 objawia i kiedy mo\u017ce si\u0119 rozpocz\u0105\u0107 u dzieci? Odpowiedzi na te i inne pytania o adrenarche znajdziesz w artykule.\" \/>\n<meta property=\"og:url\" content=\"https:\/\/www.alab.pl\/centrum-wiedzy\/adrenarche-czym-jest-i-jak-sie-objawia\/\" \/>\n<meta property=\"og:site_name\" content=\"Centrum Wiedzy ALAB laboratoria\" \/>\n<meta property=\"article:publisher\" content=\"https:\/\/www.facebook.com\/ALABlaboratoria\" \/>\n<meta property=\"article:published_time\" content=\"2025-10-21T12:11:59+00:00\" \/>\n<meta property=\"article:modified_time\" content=\"2025-10-21T12:12:01+00:00\" \/>\n<meta property=\"og:image\" content=\"https:\/\/www.alab.pl\/centrum-wiedzy\/wp-content\/uploads\/2025\/10\/Adrenarche_cover.jpg\" \/>\n\t<meta property=\"og:image:width\" content=\"800\" \/>\n\t<meta property=\"og:image:height\" content=\"534\" \/>\n\t<meta property=\"og:image:type\" content=\"image\/jpeg\" \/>\n<meta name=\"author\" content=\"Damian Matusiak\" \/>\n<meta name=\"twitter:card\" content=\"summary_large_image\" \/>\n<meta name=\"twitter:label1\" content=\"Napisane przez\" \/>\n\t<meta name=\"twitter:data1\" content=\"Damian Matusiak\" \/>\n\t<meta name=\"twitter:label2\" content=\"Szacowany czas czytania\" \/>\n\t<meta name=\"twitter:data2\" content=\"7 minut\" \/>\n\t<meta name=\"twitter:label3\" content=\"Written by\" \/>\n\t<meta name=\"twitter:data3\" content=\"Damian Matusiak\" \/>\n<!-- \/ Yoast SEO plugin. -->","yoast_head_json":{"title":"Adrenarche \u2013 czym jest i jak si\u0119 objawia? - Centrum Wiedzy ALAB laboratoria","description":"Czym jest adrenache? Jak si\u0119 objawia i kiedy mo\u017ce si\u0119 rozpocz\u0105\u0107 u dzieci? Odpowiedzi na te i inne pytania o adrenarche znajdziesz w artykule.","robots":{"index":"index","follow":"follow","max-snippet":"max-snippet:-1","max-image-preview":"max-image-preview:large","max-video-preview":"max-video-preview:-1"},"canonical":"https:\/\/www.alab.pl\/centrum-wiedzy\/adrenarche-czym-jest-i-jak-sie-objawia\/","og_locale":"pl_PL","og_type":"article","og_title":"Adrenarche \u2013 czym jest i jak si\u0119 objawia? - Centrum Wiedzy ALAB laboratoria","og_description":"Czym jest adrenache? Jak si\u0119 objawia i kiedy mo\u017ce si\u0119 rozpocz\u0105\u0107 u dzieci? Odpowiedzi na te i inne pytania o adrenarche znajdziesz w artykule.","og_url":"https:\/\/www.alab.pl\/centrum-wiedzy\/adrenarche-czym-jest-i-jak-sie-objawia\/","og_site_name":"Centrum Wiedzy ALAB laboratoria","article_publisher":"https:\/\/www.facebook.com\/ALABlaboratoria","article_published_time":"2025-10-21T12:11:59+00:00","article_modified_time":"2025-10-21T12:12:01+00:00","og_image":[{"width":800,"height":534,"url":"https:\/\/www.alab.pl\/centrum-wiedzy\/wp-content\/uploads\/2025\/10\/Adrenarche_cover.jpg","type":"image\/jpeg"}],"author":"Damian Matusiak","twitter_card":"summary_large_image","twitter_misc":{"Napisane przez":"Damian Matusiak","Szacowany czas czytania":"7 minut","Written by":"Damian Matusiak"},"schema":{"@context":"https:\/\/schema.org","@graph":[{"@type":"Article","@id":"https:\/\/www.alab.pl\/centrum-wiedzy\/adrenarche-czym-jest-i-jak-sie-objawia\/#article","isPartOf":{"@id":"https:\/\/www.alab.pl\/centrum-wiedzy\/adrenarche-czym-jest-i-jak-sie-objawia\/"},"author":{"name":"Damian Matusiak","@id":"https:\/\/www.alab.pl\/centrum-wiedzy\/#\/schema\/person\/5709fe1c1c909754033072d7f8155a44"},"headline":"Adrenarche \u2013 czym jest i jak si\u0119 objawia?","datePublished":"2025-10-21T12:11:59+00:00","dateModified":"2025-10-21T12:12:01+00:00","mainEntityOfPage":{"@id":"https:\/\/www.alab.pl\/centrum-wiedzy\/adrenarche-czym-jest-i-jak-sie-objawia\/"},"wordCount":1313,"publisher":{"@id":"https:\/\/www.alab.pl\/centrum-wiedzy\/#organization"},"image":{"@id":"https:\/\/www.alab.pl\/centrum-wiedzy\/adrenarche-czym-jest-i-jak-sie-objawia\/#primaryimage"},"thumbnailUrl":"https:\/\/www.alab.pl\/centrum-wiedzy\/wp-content\/uploads\/2025\/10\/Adrenarche_cover.jpg","articleSection":["Zdrowie dzieci i m\u0142odzie\u017cy"],"inLanguage":"pl-PL"},{"@type":"WebPage","@id":"https:\/\/www.alab.pl\/centrum-wiedzy\/adrenarche-czym-jest-i-jak-sie-objawia\/","url":"https:\/\/www.alab.pl\/centrum-wiedzy\/adrenarche-czym-jest-i-jak-sie-objawia\/","name":"Adrenarche \u2013 czym jest i jak si\u0119 objawia? - Centrum Wiedzy ALAB laboratoria","isPartOf":{"@id":"https:\/\/www.alab.pl\/centrum-wiedzy\/#website"},"primaryImageOfPage":{"@id":"https:\/\/www.alab.pl\/centrum-wiedzy\/adrenarche-czym-jest-i-jak-sie-objawia\/#primaryimage"},"image":{"@id":"https:\/\/www.alab.pl\/centrum-wiedzy\/adrenarche-czym-jest-i-jak-sie-objawia\/#primaryimage"},"thumbnailUrl":"https:\/\/www.alab.pl\/centrum-wiedzy\/wp-content\/uploads\/2025\/10\/Adrenarche_cover.jpg","datePublished":"2025-10-21T12:11:59+00:00","dateModified":"2025-10-21T12:12:01+00:00","description":"Czym jest adrenache? Jak si\u0119 objawia i kiedy mo\u017ce si\u0119 rozpocz\u0105\u0107 u dzieci? Odpowiedzi na te i inne pytania o adrenarche znajdziesz w artykule.","breadcrumb":{"@id":"https:\/\/www.alab.pl\/centrum-wiedzy\/adrenarche-czym-jest-i-jak-sie-objawia\/#breadcrumb"},"inLanguage":"pl-PL","potentialAction":[{"@type":"ReadAction","target":["https:\/\/www.alab.pl\/centrum-wiedzy\/adrenarche-czym-jest-i-jak-sie-objawia\/"]}]},{"@type":"ImageObject","inLanguage":"pl-PL","@id":"https:\/\/www.alab.pl\/centrum-wiedzy\/adrenarche-czym-jest-i-jak-sie-objawia\/#primaryimage","url":"https:\/\/www.alab.pl\/centrum-wiedzy\/wp-content\/uploads\/2025\/10\/Adrenarche_cover.jpg","contentUrl":"https:\/\/www.alab.pl\/centrum-wiedzy\/wp-content\/uploads\/2025\/10\/Adrenarche_cover.jpg","width":800,"height":534,"caption":"Adrenarche_cover"},{"@type":"BreadcrumbList","@id":"https:\/\/www.alab.pl\/centrum-wiedzy\/adrenarche-czym-jest-i-jak-sie-objawia\/#breadcrumb","itemListElement":[{"@type":"ListItem","position":1,"name":"Strona g\u0142\u00f3wna","item":"https:\/\/www.alab.pl\/centrum-wiedzy\/"},{"@type":"ListItem","position":2,"name":"Adrenarche \u2013 czym jest i jak si\u0119 objawia?"}]},{"@type":"WebSite","@id":"https:\/\/www.alab.pl\/centrum-wiedzy\/#website","url":"https:\/\/www.alab.pl\/centrum-wiedzy\/","name":"Centrum Wiedzy ALAB laboratoria","description":"","publisher":{"@id":"https:\/\/www.alab.pl\/centrum-wiedzy\/#organization"},"potentialAction":[{"@type":"SearchAction","target":{"@type":"EntryPoint","urlTemplate":"https:\/\/www.alab.pl\/centrum-wiedzy\/?s={search_term_string}"},"query-input":{"@type":"PropertyValueSpecification","valueRequired":true,"valueName":"search_term_string"}}],"inLanguage":"pl-PL"},{"@type":"Organization","@id":"https:\/\/www.alab.pl\/centrum-wiedzy\/#organization","name":"Centrum Wiedzy ALAB laboratoria","url":"https:\/\/www.alab.pl\/centrum-wiedzy\/","logo":{"@type":"ImageObject","inLanguage":"pl-PL","@id":"https:\/\/www.alab.pl\/centrum-wiedzy\/#\/schema\/logo\/image\/","url":"https:\/\/www.alab.pl\/centrum-wiedzy\/wp-content\/uploads\/2022\/04\/alabek.jpg","contentUrl":"https:\/\/www.alab.pl\/centrum-wiedzy\/wp-content\/uploads\/2022\/04\/alabek.jpg","width":1250,"height":1251,"caption":"Centrum Wiedzy ALAB laboratoria"},"image":{"@id":"https:\/\/www.alab.pl\/centrum-wiedzy\/#\/schema\/logo\/image\/"},"sameAs":["https:\/\/www.facebook.com\/ALABlaboratoria"]},{"@type":"Person","@id":"https:\/\/www.alab.pl\/centrum-wiedzy\/#\/schema\/person\/5709fe1c1c909754033072d7f8155a44","name":"Damian Matusiak","image":{"@type":"ImageObject","inLanguage":"pl-PL","@id":"https:\/\/www.alab.pl\/centrum-wiedzy\/wp-content\/uploads\/2023\/10\/Damian-Matusiak-jpg-150x150.webp4a39f9a6ab8bdce93cc7d4859c6e6401","url":"https:\/\/www.alab.pl\/centrum-wiedzy\/wp-content\/uploads\/2023\/10\/Damian-Matusiak-jpg-150x150.webp","contentUrl":"https:\/\/www.alab.pl\/centrum-wiedzy\/wp-content\/uploads\/2023\/10\/Damian-Matusiak-jpg-150x150.webp","caption":"Damian Matusiak"},"description":"Specjalista pediatrii, kieruj\u0105cy Oddzia\u0142em Pediatrycznym w Lesznie, absolwent Uniwersytetu Medycznego im. Karola Marcinkowskiego w Poznaniu; pasjonat ultrasonografii i nowinek ze \u015bwiata nauki.","url":"https:\/\/www.alab.pl\/centrum-wiedzy\/author\/damian-matusiak\/"}]}},"_links":{"self":[{"href":"https:\/\/www.alab.pl\/centrum-wiedzy\/wp-json\/wp\/v2\/posts\/27461","targetHints":{"allow":["GET"]}}],"collection":[{"href":"https:\/\/www.alab.pl\/centrum-wiedzy\/wp-json\/wp\/v2\/posts"}],"about":[{"href":"https:\/\/www.alab.pl\/centrum-wiedzy\/wp-json\/wp\/v2\/types\/post"}],"author":[{"embeddable":true,"href":"https:\/\/www.alab.pl\/centrum-wiedzy\/wp-json\/wp\/v2\/users\/154"}],"replies":[{"embeddable":true,"href":"https:\/\/www.alab.pl\/centrum-wiedzy\/wp-json\/wp\/v2\/comments?post=27461"}],"version-history":[{"count":5,"href":"https:\/\/www.alab.pl\/centrum-wiedzy\/wp-json\/wp\/v2\/posts\/27461\/revisions"}],"predecessor-version":[{"id":27469,"href":"https:\/\/www.alab.pl\/centrum-wiedzy\/wp-json\/wp\/v2\/posts\/27461\/revisions\/27469"}],"wp:featuredmedia":[{"embeddable":true,"href":"https:\/\/www.alab.pl\/centrum-wiedzy\/wp-json\/wp\/v2\/media\/27343"}],"wp:attachment":[{"href":"https:\/\/www.alab.pl\/centrum-wiedzy\/wp-json\/wp\/v2\/media?parent=27461"}],"wp:term":[{"taxonomy":"category","embeddable":true,"href":"https:\/\/www.alab.pl\/centrum-wiedzy\/wp-json\/wp\/v2\/categories?post=27461"},{"taxonomy":"post_tag","embeddable":true,"href":"https:\/\/www.alab.pl\/centrum-wiedzy\/wp-json\/wp\/v2\/tags?post=27461"},{"taxonomy":"author","embeddable":true,"href":"https:\/\/www.alab.pl\/centrum-wiedzy\/wp-json\/wp\/v2\/coauthors?post=27461"}],"curies":[{"name":"wp","href":"https:\/\/api.w.org\/{rel}","templated":true}]}}