{"id":27596,"date":"2025-10-27T08:34:15","date_gmt":"2025-10-27T07:34:15","guid":{"rendered":"https:\/\/www.alab.pl\/centrum-wiedzy\/?p=27596"},"modified":"2025-10-27T08:34:30","modified_gmt":"2025-10-27T07:34:30","slug":"tradzik-grzybiczy-jak-go-rozpoznac-objawy-przyczyny-i-leczenie","status":"publish","type":"post","link":"https:\/\/www.alab.pl\/centrum-wiedzy\/tradzik-grzybiczy-jak-go-rozpoznac-objawy-przyczyny-i-leczenie\/","title":{"rendered":"Tr\u0105dzik grzybiczy &#8211; jak go rozpozna\u0107? Objawy, przyczyny i leczenie"},"content":{"rendered":"\n<p><strong>Krostkowe zmiany sk\u00f3rne mog\u0105 by\u0107 wywo\u0142ywane nie tylko przez bakterie. W przestrzeni publicznej i social mediach coraz wi\u0119cej m\u00f3wi si\u0119 o tak zwanym tr\u0105dziku grzybiczym.<\/strong><\/p>\n\n\n\n<p><strong>Przeczytaj poni\u017cszy artyku\u0142 i dowiedz si\u0119:<\/strong><\/p>\n\n\n\n<ul class=\"wp-block-list\">\n<li>Czy tr\u0105dzik grzybiczy to przyj\u0119te medycznie schorzenie?<\/li>\n\n\n\n<li>Czym jest zapalenie mieszk\u00f3w w\u0142osowych wywo\u0142ane przez grzyby?<\/li>\n\n\n\n<li>Jak diagnozuje si\u0119 grzybicze zapalenie mieszk\u00f3w w\u0142osowych?<\/li>\n\n\n\n<li>Na czym polega leczenie grzybiczego zapalenia mieszk\u00f3w w\u0142osowych?<\/li>\n<\/ul>\n\n\n\n<p>Spis tre\u015bci:<\/p>\n\n\n\n<ol class=\"wp-block-list\">\n<li><a href=\"#Czym-jest-tr\u0105dzik-grzybiczy?\">Czym jest tr\u0105dzik grzybiczy?<\/a><\/li>\n\n\n\n<li><a href=\"#Jak-wygl\u0105da-i-jak-rozpozna\u0107-tr\u0105dzik-grzybiczy?\">Jak wygl\u0105da i jak rozpozna\u0107 tr\u0105dzik grzybiczy?<\/a><\/li>\n\n\n\n<li><a href=\"#Objawy-tr\u0105dziku-grzybiczego\">Objawy tr\u0105dziku grzybiczego<\/a><\/li>\n\n\n\n<li><a href=\"#Przyczyny-tr\u0105dziku-grzybiczego\">Przyczyny tr\u0105dziku grzybiczego<\/a><\/li>\n\n\n\n<li><a href=\"#Diagnostyka-tr\u0105dziku-grzybiczego-\u2013-jakie-badania-wykona\u0107?\">Diagnostyka tr\u0105dziku grzybiczego \u2013 jakie badania wykona\u0107?<\/a><\/li>\n\n\n\n<li><a href=\"#Tr\u0105dzik-grzybiczy-a-hormonalny---czym-si\u0119-r\u00f3\u017cni\u0105?\">Tr\u0105dzik grzybiczy a hormonalny &#8211;\u00a0czym si\u0119 r\u00f3\u017cni\u0105?<\/a><\/li>\n\n\n\n<li><a href=\"#Leczenie-tr\u0105dziku-grzybiczego\">Leczenie tr\u0105dziku grzybiczego<\/a><\/li>\n\n\n\n<li><a href=\"#FAQ.-Tr\u0105dzik-grzybiczy--\u2013-cz\u0119sto-zadawane-pytania\">FAQ. Tr\u0105dzik grzybiczy\u00a0\u2013 cz\u0119sto zadawane pytania<\/a><\/li>\n\n\n\n<li><a href=\"#Tr\u0105dzik-grzybiczy---podsumowanie\">Tr\u0105dzik grzybiczy &#8211; podsumowanie<\/a><\/li>\n<\/ol>\n\n\n\n<h2 class=\"wp-block-heading\" id=\"Czym-jest-tr\u0105dzik-grzybiczy?\">Czym jest tr\u0105dzik grzybiczy?<\/h2>\n\n\n\n<figure class=\"wp-block-table\"><table class=\"has-fixed-layout\"><tbody><tr><td><strong>Wa\u017cne!<\/strong><br>Na wst\u0119pie nale\u017cy wyra\u017anie zaznaczy\u0107, \u017ce w \u015bwiecie dermatologii zgodnie z nomenklatur\u0105 medyczn\u0105 nie istnieje takie schorzenie, jak tr\u0105dzik grzybiczy. Pod tym potocznym okre\u015bleniem kryje si\u0119 nic innego, ni\u017c zapalenie mieszk\u00f3w w\u0142osowych wywo\u0142ane przez grzyby. Nie jest to jednak to samo, co tr\u0105dzik pospolity. Sformu\u0142owanie to mo\u017ce wprowadza\u0107 pacjent\u00f3w w b\u0142\u0105d, poniewa\u017c mo\u017ce sugerowa\u0107, \u017ce tr\u0105dzik pospolity spowodowany jest przez grzyby. Jednak dla uproszczenia i rozpowszechnienia tej wiedzy, artyku\u0142 ten b\u0119dzie zawiera\u0142 to potoczne okre\u015blenie.\u00a0<\/td><\/tr><\/tbody><\/table><\/figure>\n\n\n\n<p>Odnosz\u0105c si\u0119 do grzybiczego zapalenia mieszk\u00f3w w\u0142osowych &#8211; jest to infekcja dotykaj\u0105ca mieszek w\u0142osowy i jego okolic\u0119, za kt\u00f3r\u0105 odpowiadaj\u0105 grzyby. Warto wiedzie\u0107, \u017ce zapalenie mieszk\u00f3w w\u0142osowych najcz\u0119\u015bciej wywo\u0142uj\u0105 bakterie (typowo <a href=\"https:\/\/www.alab.pl\/centrum-wiedzy\/gronkowiec-zlocisty-zakazenia-skory\/\">gronkowiec z\u0142ocisty<\/a>), jednak w rzadkich przypadkach mo\u017ce by\u0107 wywo\u0142ywane r\u00f3wnie\u017c przez grzyby i wirusy.<\/p>\n\n\n\n<p><strong>>> Przeczytaj tak\u017ce: <a href=\"https:\/\/www.alab.pl\/centrum-wiedzy\/tradzik-choroba-o-wielu-obliczach\/\">Tr\u0105dzik \u2013 choroba o wielu obliczach<\/a><\/strong><\/p>\n\n\n\n<h2 class=\"wp-block-heading\" id=\"Jak-wygl\u0105da-i-jak-rozpozna\u0107-tr\u0105dzik-grzybiczy?\">Jak wygl\u0105da i jak rozpozna\u0107 tr\u0105dzik grzybiczy?<\/h2>\n\n\n\n<p>Grzybicze zapalenie mieszk\u00f3w w\u0142osowych i tr\u0105dzik pospolity mog\u0105 mie\u0107 wsp\u00f3lne objawy kliniczne i podobn\u0105 lokalizacj\u0119. Obszary, w kt\u00f3rych zmiany sk\u00f3rne pojawiaj\u0105 si\u0119 najcz\u0119\u015bciej to twarz, klatka piersiowa, ale r\u00f3wnie\u017c plecy. Do\u015bwiadczony dermatolog, w oparciu o badanie kliniczne i ewentualne wyniki bada\u0144 diagnostycznych b\u0119dzie jednak w stanie postawi\u0107 trafn\u0105 diagnoz\u0119.<\/p>\n\n\n\n<figure class=\"wp-block-image size-full is-resized\"><img loading=\"lazy\" decoding=\"async\" width=\"1739\" height=\"2160\" src=\"https:\/\/www.alab.pl\/centrum-wiedzy\/wp-content\/uploads\/2025\/10\/tradzik_grzybiczy_zdjecie.jpg\" alt=\"tr\u0105dzik grzybiczy\" class=\"wp-image-27599\" style=\"width:510px;height:auto\" srcset=\"https:\/\/www.alab.pl\/centrum-wiedzy\/wp-content\/uploads\/2025\/10\/tradzik_grzybiczy_zdjecie.jpg 1739w, https:\/\/www.alab.pl\/centrum-wiedzy\/wp-content\/uploads\/2025\/10\/tradzik_grzybiczy_zdjecie-768x954.jpg 768w, https:\/\/www.alab.pl\/centrum-wiedzy\/wp-content\/uploads\/2025\/10\/tradzik_grzybiczy_zdjecie-1237x1536.jpg 1237w, https:\/\/www.alab.pl\/centrum-wiedzy\/wp-content\/uploads\/2025\/10\/tradzik_grzybiczy_zdjecie-1649x2048.jpg 1649w, https:\/\/www.alab.pl\/centrum-wiedzy\/wp-content\/uploads\/2025\/10\/tradzik_grzybiczy_zdjecie-150x186.jpg 150w, https:\/\/www.alab.pl\/centrum-wiedzy\/wp-content\/uploads\/2025\/10\/tradzik_grzybiczy_zdjecie-300x373.jpg 300w, https:\/\/www.alab.pl\/centrum-wiedzy\/wp-content\/uploads\/2025\/10\/tradzik_grzybiczy_zdjecie-696x864.jpg 696w, https:\/\/www.alab.pl\/centrum-wiedzy\/wp-content\/uploads\/2025\/10\/tradzik_grzybiczy_zdjecie-1068x1327.jpg 1068w\" sizes=\"auto, (max-width: 1739px) 100vw, 1739px\" \/><figcaption class=\"wp-element-caption\">Tr\u0105dzik grzybiczy<\/figcaption><\/figure>\n\n\n\n<p><\/p>\n\n\n\n<h2 class=\"wp-block-heading\" id=\"Objawy-tr\u0105dziku-grzybiczego\">Objawy tr\u0105dziku grzybiczego<\/h2>\n\n\n\n<p>Warto wiedzie\u0107, \u017ce tr\u0105dzik pospolity i grzybicze zapalenie mieszk\u00f3w w\u0142osowych maj\u0105 wiele wsp\u00f3lnych objaw\u00f3w. W obu przypadkach mo\u017cemy obserwowa\u0107 na sk\u00f3rze takie wykwity chorobowe jak:<\/p>\n\n\n\n<ul class=\"wp-block-list\">\n<li><strong>krosty <\/strong>&#8211; wykwity wynios\u0142e ponad poziom sk\u00f3ry, wype\u0142nione tre\u015bci\u0105 ropn\u0105,<\/li>\n\n\n\n<li><strong>grudki <\/strong>&#8211; wykwity rumieniowe, r\u00f3\u017cni\u0105ce si\u0119 od otaczaj\u0105cej sk\u00f3ry spoisto\u015bci\u0105.<\/li>\n<\/ul>\n\n\n\n<p>Jednak w przypadku tr\u0105dziku pospolitego obserwuje si\u0119 obecno\u015b\u0107 zask\u00f3rnik\u00f3w (zar\u00f3wno otwartych, jak i zamkni\u0119tych), kt\u00f3re nie wyst\u0119puj\u0105 w przebiegu grzybiczego zapalenia mieszk\u00f3w w\u0142osowych. Jest to najwa\u017cniejsza kliniczna r\u00f3\u017cnica mi\u0119dzy tymi dwoma schorzeniami dermatologicznymi. Co wi\u0119cej, grzybicze zapalenie mieszk\u00f3w w\u0142osowych cz\u0119\u015bciej wi\u0105\u017ce si\u0119 z wyst\u0119powaniem \u015bwi\u0105du.<\/p>\n\n\n\n<h2 class=\"wp-block-heading\" id=\"Przyczyny-tr\u0105dziku-grzybiczego\">Przyczyny tr\u0105dziku grzybiczego<\/h2>\n\n\n\n<p>Grzybicze zapalenie mieszk\u00f3w w\u0142osowych to schorzenie, za kt\u00f3re odpowiada nadmierny wzrost dro\u017cd\u017cak\u00f3w z rodzaju <em>Malassezia<\/em>. Drobnoustroje te s\u0105 obecne na sk\u00f3rze ka\u017cdego z nas, jednak w pewnych warunkach dochodzi do ich nadmiernego namna\u017cania si\u0119, co powoduje pojawienie si\u0119 objaw\u00f3w dermatologicznych.<\/p>\n\n\n\n<p>Czynniki ryzyka, kt\u00f3re predysponuj\u0105 do rozwoju grzybiczego zapalenia mieszk\u00f3w w\u0142osowych:<\/p>\n\n\n\n<ul class=\"wp-block-list\">\n<li><strong>sk\u0142onno\u015b\u0107 do \u0142ojotoku,<\/strong> <strong>nadmierna aktywno\u015b\u0107 gruczo\u0142\u00f3w \u0142ojowych<\/strong> &#8211; kt\u00f3ra stymulowana jest mi\u0119dzy innymi przez hiperandrogenizm,<\/li>\n\n\n\n<li><strong>nara\u017cenie sk\u00f3ry na wilgotne i ciep\u0142e \u015brodowisko<\/strong>,<\/li>\n\n\n\n<li><strong>noszenie obcis\u0142ej odzie\u017cy<\/strong> &#8211; szczeg\u00f3lnie wykonanej ze sztucznych, nieprzewiewnych materia\u0142\u00f3w,<\/li>\n\n\n\n<li><strong>okluzyjne kosmetyki i b\u0142\u0119dy piel\u0119gnacyjne<\/strong>.<\/li>\n<\/ul>\n\n\n\n<h2 class=\"wp-block-heading\" id=\"Diagnostyka-tr\u0105dziku-grzybiczego-\u2013-jakie-badania-wykona\u0107?\">Diagnostyka tr\u0105dziku grzybiczego \u2013 jakie badania wykona\u0107?<\/h2>\n\n\n\n<p>Podstaw\u0105 rozpoznania grzybiczego zapalenia mieszk\u00f3w w\u0142osowych jest dok\u0142adnie przeprowadzone badanie sk\u00f3ry, z uwzgl\u0119dnieniem i rozr\u00f3\u017cnieniem obecnych na sk\u00f3rze wykwit\u00f3w chorobowych. Cho\u0107 tr\u0105dzik pospolity nie wymaga wykonywania wymaz\u00f3w ze sk\u00f3ry, to w przypadku podejrzenia grzybiczego zapalenia mieszk\u00f3w, badanie mikrobiologiczne (zeskrobiny ze sk\u00f3ry) mog\u0105 potwierdzi\u0107 rozpoznanie i przyspieszy\u0107 w\u0142\u0105czenie odpowiedniego leczenia.<\/p>\n\n\n\n<figure class=\"wp-block-image size-full\"><a href=\"https:\/\/www.alab.pl\/badanie\/posiew-ze-zmiany-tradzikowej-tlenowo-91831\"><img loading=\"lazy\" decoding=\"async\" width=\"800\" height=\"200\" src=\"https:\/\/www.alab.pl\/centrum-wiedzy\/wp-content\/uploads\/2025\/06\/Posiew-ze-zmiany-tradzikowej-tlenowo.jpg\" alt=\"Posiew ze zmiany tradzikowej (tlenowo) banerek\" class=\"wp-image-24099\" srcset=\"https:\/\/www.alab.pl\/centrum-wiedzy\/wp-content\/uploads\/2025\/06\/Posiew-ze-zmiany-tradzikowej-tlenowo.jpg 800w, https:\/\/www.alab.pl\/centrum-wiedzy\/wp-content\/uploads\/2025\/06\/Posiew-ze-zmiany-tradzikowej-tlenowo-768x192.jpg 768w, https:\/\/www.alab.pl\/centrum-wiedzy\/wp-content\/uploads\/2025\/06\/Posiew-ze-zmiany-tradzikowej-tlenowo-150x38.jpg 150w, https:\/\/www.alab.pl\/centrum-wiedzy\/wp-content\/uploads\/2025\/06\/Posiew-ze-zmiany-tradzikowej-tlenowo-300x75.jpg 300w, https:\/\/www.alab.pl\/centrum-wiedzy\/wp-content\/uploads\/2025\/06\/Posiew-ze-zmiany-tradzikowej-tlenowo-696x174.jpg 696w\" sizes=\"auto, (max-width: 800px) 100vw, 800px\" \/><\/a><\/figure>\n\n\n\n<h2 class=\"wp-block-heading\" id=\"Tr\u0105dzik-grzybiczy-a-hormonalny---czym-si\u0119-r\u00f3\u017cni\u0105?\">Tr\u0105dzik grzybiczy a hormonalny &#8211;\u00a0czym si\u0119 r\u00f3\u017cni\u0105?<\/h2>\n\n\n\n<p>Oba wymienione w powy\u017cszym nag\u0142\u00f3wku poj\u0119cia s\u0105 sformu\u0142owaniami potocznymi, cz\u0119sto u\u017cywanymi przez pacjent\u00f3w. Tr\u0105dzik pospolity mo\u017ce by\u0107 elementem obrazu klinicznego wielu zaburze\u0144 hormonalnych, w tym <a href=\"https:\/\/www.alab.pl\/centrum-wiedzy\/zespol-policystycznych-jajnikow-pcos-przyczyny-objawy-diagnostyka-leczenie\/\">zespo\u0142u policystycznych jajnik\u00f3w (PCOS)<\/a>. W tym przypadku zmiany tr\u0105dzikowe s\u0105 wywo\u0142ane mi\u0119dzy innymi przez hiperandrogenizm (podwy\u017cszenie st\u0119\u017cenia androgen\u00f3w), prowadz\u0105cy do zwi\u0119kszonej produkcji \u0142oju i zaburze\u0144 procesu keratynizacji, co sprzyja z kolei powstawaniu zask\u00f3rnik\u00f3w. Natomiast grzybicze zapalenie mieszk\u00f3w w\u0142osowych (potocznie tr\u0105dzik grzybiczy) nie ma zwi\u0105zku z wahaniami hormon\u00f3w i wynika z nadmiernego namna\u017cania si\u0119 grzyb\u00f3w.<\/p>\n\n\n\n<p><strong>>> Warto przeczyta\u0107: <a href=\"https:\/\/www.alab.pl\/centrum-wiedzy\/tradzik-hormonalny-jak-go-rozpoznac-i-leczyc-przyczyny-i-objawy\/\">Tr\u0105dzik hormonalny, jak go rozpozna\u0107 i leczy\u0107? Przyczyny i objawy<\/a><\/strong><\/p>\n\n\n\n<h2 class=\"wp-block-heading\" id=\"Leczenie-tr\u0105dziku-grzybiczego\">Leczenie tr\u0105dziku grzybiczego<\/h2>\n\n\n\n<p>W terapii grzybiczego zapalenia mieszk\u00f3w w\u0142osowych konieczne jest w\u0142\u0105czenie substancji o dzia\u0142aniu przeciwgrzybiczym. Mog\u0105 to by\u0107 leki miejscowe (na przyk\u0142ad ketokonazol lub klotrimazol w kremie) lub leki og\u00f3lne (w postaci tabletek lub kapsu\u0142ek). W mniej rozleg\u0142ych przypadkach wystarczy wy\u0142\u0105cznie zastosowanie leczenia miejscowego.<\/p>\n\n\n\n<h2 class=\"wp-block-heading\" id=\"FAQ.-Tr\u0105dzik-grzybiczy--\u2013-cz\u0119sto-zadawane-pytania\">FAQ. Tr\u0105dzik grzybiczy\u00a0 \u2013 cz\u0119sto zadawane pytania<\/h2>\n\n\n\n<p>Poj\u0119cie tr\u0105dziku grzybiczego ci\u0105gle budzi w\u015br\u00f3d pacjent\u00f3w wiele w\u0105tpliwo\u015bci, co wynika mi\u0119dzy innymi ze sprzecznych informacji, dost\u0119pnych w social mediach. Poni\u017cej odpowiedzi na najcz\u0119\u015bciej zadawane przez pacjent\u00f3w pytania.<\/p>\n\n\n\n<div class=\"schema-faq wp-block-yoast-faq-block\"><div class=\"schema-faq-section\" id=\"faq-question-1761549854338\"><strong class=\"schema-faq-question\"><strong>Czym tr\u0105dzik grzybiczy r\u00f3\u017cni si\u0119 od zwyk\u0142ego tr\u0105dziku?<\/strong><\/strong> <p class=\"schema-faq-answer\">Tr\u0105dzik grzybiczy to potoczne okre\u015blenie na grzybicze zapalenie mieszk\u00f3w w\u0142osowych. Tr\u0105dzik pospolity to zupe\u0142nie inne schorzenie dermatologiczne, u kt\u00f3rego podstawy le\u017c\u0105 m. in. zaburzenia keratynizacji uj\u015b\u0107 mieszk\u00f3w w\u0142osowych, a tak\u017ce namna\u017canie si\u0119 bakterii <em>Propionibacterium acne<\/em>. Opr\u00f3cz patogenezy, te dwie jednostki chorobowe r\u00f3\u017cni\u0105 si\u0119 r\u00f3wnie\u017c objawami klinicznymi. W przypadku tr\u0105dziku pospolitego, podstawowym wykwitem s\u0105 zask\u00f3rniki, kt\u00f3rych nie obserwujemy w przypadku grzybiczego zapalenia mieszk\u00f3w w\u0142osowych.<\/p> <\/div> <div class=\"schema-faq-section\" id=\"faq-question-1761549876421\"><strong class=\"schema-faq-question\"><strong>Jakie badania wykona\u0107, aby potwierdzi\u0107 tr\u0105dzik grzybiczy?<\/strong><\/strong> <p class=\"schema-faq-answer\">Podstaw\u0105 jest wnikliwe badanie przedmiotowe sk\u00f3ry przeprowadzone w gabinecie dermatologicznym. Lekarz mo\u017ce r\u00f3wnie\u017c zleci\u0107 wykonanie badania mykologicznego.<\/p> <\/div> <div class=\"schema-faq-section\" id=\"faq-question-1761549893430\"><strong class=\"schema-faq-question\"><strong>Jakie leki na tr\u0105dzik grzybiczy s\u0105 stosowane najcz\u0119\u015bciej?<\/strong><\/strong> <p class=\"schema-faq-answer\">Terapia grzybiczego zapalenia mieszk\u00f3w w\u0142osowych polega na stosowaniu lek\u00f3w przeciwgrzybiczych, zar\u00f3wno miejscowych (na przyk\u0142ad klotrimazol w kremie), jak i doustnych (flukonazol, itrakonazol). O sposobie terapii zadecyduje lekarz prowadz\u0105cy pacjenta.<\/p> <\/div> <div class=\"schema-faq-section\" id=\"faq-question-1761549911226\"><strong class=\"schema-faq-question\"><strong>Czy domowe sposoby mog\u0105 pom\u00f3c w leczeniu tr\u0105dziku grzybiczego?<\/strong><\/strong> <p class=\"schema-faq-answer\">Odpowiednie post\u0119powanie piel\u0119gnacyjne, kt\u00f3re pacjent mo\u017ce zastosowa\u0107 w domowym zaciszu ma du\u017ce du\u017ce znaczenie w terapii, jak i profilaktyce grzybiczego zapalenia mieszk\u00f3w w\u0142osowych. Warto skupi\u0107 si\u0119 na higienie i myciu sk\u00f3ry z wykorzystaniem dermokosmetyk\u00f3w, kt\u00f3re zawieraj\u0105 w swoim sk\u0142adzie substancje przeciwgrzybicze (mi\u0119dzy innymi oktopiroks).<\/p> <\/div> <div class=\"schema-faq-section\" id=\"faq-question-1761549915822\"><strong class=\"schema-faq-question\"><strong>Czego unika\u0107 przy tr\u0105dziku grzybiczym?<\/strong><\/strong> <p class=\"schema-faq-answer\">Niezwykle wa\u017cne jest unikanie noszenia syntetycznych ubra\u0144 i bielizny. Najlepiej wybiera\u0107 te wykonane z naturalnych materia\u0142\u00f3w.<\/p> <\/div> <div class=\"schema-faq-section\" id=\"faq-question-1761549942986\"><strong class=\"schema-faq-question\"><strong>Jakie pokarmy nasilaj\u0105 tr\u0105dzik grzybiczy?<\/strong><\/strong> <p class=\"schema-faq-answer\">W przypadku grzybiczego zapalenia mieszk\u00f3w w\u0142osowych warto zadba\u0107 r\u00f3wnie\u017c o odpowiedni\u0105 diet\u0119. Pacjent borykaj\u0105cy si\u0119 z tym problemem powinien ogranicza\u0107 produkty wysokoprzetworzone i o wysokim indeksie glikemicznym.<\/p> <\/div> <div class=\"schema-faq-section\" id=\"faq-question-1761549965285\"><strong class=\"schema-faq-question\"><strong>Czy tr\u0105dzik grzybiczy mo\u017cna wycisn\u0105\u0107?<\/strong><\/strong> <p class=\"schema-faq-answer\">Nie nale\u017cy manipulowa\u0107 przy wykwitach chorobowych w przebiegu tr\u0105dziku, poniewa\u017c mo\u017ce si\u0119 to wi\u0105za\u0107 z ryzykiem pojawienia si\u0119 bliznowacenia i trwa\u0142ych przebarwie\u0144.<\/p> <\/div> <div class=\"schema-faq-section\" id=\"faq-question-1761549980492\"><strong class=\"schema-faq-question\"><strong>Jak odr\u00f3\u017cni\u0107 tr\u0105dzik grzybiczy od zatkanych por\u00f3w?<\/strong><\/strong> <p class=\"schema-faq-answer\">W przypadku grzybiczego zapalenia mieszk\u00f3w na sk\u00f3rze twarzy obserwowa\u0107 b\u0119dziemy rumieniowe, niekiedy sw\u0119dz\u0105ce grudki. Nie ma natomiast zask\u00f3rnik\u00f3w. Pory to z kolei rozszerzone uj\u015bcia mieszk\u00f3w w\u0142osowych, kt\u00f3re prezentuj\u0105 si\u0119 jako ma\u0142e otwory na powierzchni sk\u00f3ry. S\u0105 to zmiany obecne r\u00f3wnie\u017c w fizjologicznych warunkach.<\/p> <\/div> <div class=\"schema-faq-section\" id=\"faq-question-1761549993696\"><strong class=\"schema-faq-question\"><strong>Jak odr\u00f3\u017cni\u0107 tr\u0105dzik grzybiczy od tr\u0105dziku bakteryjnego?<\/strong><\/strong> <p class=\"schema-faq-answer\">Oba sformu\u0142owania u\u017cyte w tym akapicie s\u0105 wy\u0142\u0105cznie okre\u015bleniami potocznymi. Pod poj\u0119ciem tr\u0105dziku bakteryjnego pacjenci rozumiej\u0105 najcz\u0119\u015bciej klasyczny tr\u0105dzik pospolity, u kt\u00f3rego pod\u0142o\u017ca le\u017cy mi\u0119dzy innymi namna\u017canie si\u0119 bakterii <em>Propionibacterium acne<\/em>. Tr\u0105dzik pospolity ma charakterystyczny obraz kliniczny, w kt\u00f3rego wpisuje si\u0119 obecno\u015b\u0107 zask\u00f3rnik\u00f3w otwartych i zamkni\u0119tych, a czego nie obserwujemy w przebiegu grzybiczego zapalenia mieszk\u00f3w w\u0142osowych.<\/p> <\/div> <div class=\"schema-faq-section\" id=\"faq-question-1761550009395\"><strong class=\"schema-faq-question\"><strong>Czy tr\u0105dzik grzybiczy jest zara\u017aliwy?<\/strong><\/strong> <p class=\"schema-faq-answer\">Grzybicze zapalenie mieszk\u00f3w w\u0142osowych jest infekcj\u0105 grzybicz\u0105, kt\u00f3ra wynika z nadmiernego namna\u017cania si\u0119 dro\u017cd\u017cak\u00f3w z rodzaju <em>Malassezia<\/em>. Infekcja ta nie charakteryzuje si\u0119 du\u017c\u0105 zaka\u017ano\u015bci\u0105, jednak jest mo\u017cliwe przeniesienie patogen\u00f3w poprzez kontakt bezpo\u015bredni lub u\u017cywanie tych samych przedmiot\u00f3w.<\/p> <\/div> <\/div>\n\n\n\n<h2 class=\"wp-block-heading\" id=\"Tr\u0105dzik-grzybiczy---podsumowanie\">Tr\u0105dzik grzybiczy &#8211; podsumowanie<\/h2>\n\n\n\n<ul class=\"wp-block-list\">\n<li>Tr\u0105dzik grzybiczy to potoczne sformu\u0142owanie, pod kt\u00f3rym dermatolodzy rozumiej\u0105 grzybicze zapalenie mieszk\u00f3w w\u0142osowych.<\/li>\n\n\n\n<li>Grzybicze zapalenie mieszk\u00f3w w\u0142osowych wynika z nadmiernego namna\u017cania si\u0119 dro\u017cd\u017cak\u00f3w.<\/li>\n\n\n\n<li>Grzybicze zapalenie mieszk\u00f3w w\u0142osowych objawia si\u0119 pojawieniem si\u0119 rumieniowych grudek, kt\u00f3rym nie towarzysz\u0105 zask\u00f3rniki, co jest najwa\u017cniejszym objawem r\u00f3\u017cnicuj\u0105cym t\u0119 jednostk\u0119 chorobow\u0105 z tr\u0105dzikiem pospolitym.<\/li>\n\n\n\n<li>W diagnostyce wa\u017cn\u0105 rol\u0119 odgrywa wywiad chorobowy, badanie przedmiotowe, a tak\u017ce badania mikrobiologiczne, w tym badanie mykologiczne.<\/li>\n\n\n\n<li>Terapia grzybiczego zapalenia mieszk\u00f3w w\u0142osowych polega na zastosowaniu substancji o dzia\u0142aniu przeciwgrzybiczym.<\/li>\n<\/ul>\n\n\n\n<hr class=\"wp-block-separator has-alpha-channel-opacity\"\/>\n\n\n\n<p><strong>Bibliografia<\/strong><\/p>\n\n\n\n<ol start=\"1\" class=\"wp-block-list\">\n<li>L. Rudnicka i inni, Wsp\u00f3\u0142czesna Dermatologia, PZWL, Warszawa 2022,<\/li>\n\n\n\n<li>A. Pola\u0144ska, Zapalenie mieszk\u00f3w w\u0142osowych, Medycyna praktyczna. [dost\u0119p online].<\/li>\n<\/ol>\n","protected":false},"excerpt":{"rendered":"<p>Krostkowe zmiany sk\u00f3rne mog\u0105 by\u0107 wywo\u0142ywane nie tylko przez bakterie. Mog\u0105 oznacza\u0107 tr\u0105dzik grzybiczy. Dowiedz si\u0119 wi\u0119cej.<\/p>\n","protected":false},"author":165,"featured_media":27603,"comment_status":"closed","ping_status":"closed","sticky":false,"template":"","format":"standard","meta":{"_acf_changed":false,"inline_featured_image":false,"footnotes":""},"categories":[12],"tags":[],"coauthors":[176],"class_list":{"0":"post-27596","1":"post","2":"type-post","3":"status-publish","4":"format-standard","5":"has-post-thumbnail","7":"category-choroby-skory"},"acf":[],"yoast_head":"<!-- This site is optimized with the Yoast SEO plugin v27.5 - https:\/\/yoast.com\/product\/yoast-seo-wordpress\/ -->\n<title>Tr\u0105dzik grzybiczy - jak go rozpozna\u0107? Objawy, przyczyny i leczenie - Centrum Wiedzy ALAB laboratoria<\/title>\n<meta name=\"description\" content=\"Krostkowe zmiany sk\u00f3rne mog\u0105 by\u0107 wywo\u0142ywane nie tylko przez bakterie. Mog\u0105 oznacza\u0107 tr\u0105dzik grzybiczy. Dowiedz si\u0119 wi\u0119cej.\" \/>\n<meta name=\"robots\" content=\"index, follow, max-snippet:-1, max-image-preview:large, max-video-preview:-1\" \/>\n<link rel=\"canonical\" href=\"https:\/\/www.alab.pl\/centrum-wiedzy\/tradzik-grzybiczy-jak-go-rozpoznac-objawy-przyczyny-i-leczenie\/\" \/>\n<meta property=\"og:locale\" content=\"pl_PL\" \/>\n<meta property=\"og:type\" content=\"article\" \/>\n<meta property=\"og:title\" content=\"Tr\u0105dzik grzybiczy - jak go rozpozna\u0107? Objawy, przyczyny i leczenie - Centrum Wiedzy ALAB laboratoria\" \/>\n<meta property=\"og:description\" content=\"Krostkowe zmiany sk\u00f3rne mog\u0105 by\u0107 wywo\u0142ywane nie tylko przez bakterie. Mog\u0105 oznacza\u0107 tr\u0105dzik grzybiczy. Dowiedz si\u0119 wi\u0119cej.\" \/>\n<meta property=\"og:url\" content=\"https:\/\/www.alab.pl\/centrum-wiedzy\/tradzik-grzybiczy-jak-go-rozpoznac-objawy-przyczyny-i-leczenie\/\" \/>\n<meta property=\"og:site_name\" content=\"Centrum Wiedzy ALAB laboratoria\" \/>\n<meta property=\"article:publisher\" content=\"https:\/\/www.facebook.com\/ALABlaboratoria\" \/>\n<meta property=\"article:published_time\" content=\"2025-10-27T07:34:15+00:00\" \/>\n<meta property=\"article:modified_time\" content=\"2025-10-27T07:34:30+00:00\" \/>\n<meta property=\"og:image\" content=\"https:\/\/www.alab.pl\/centrum-wiedzy\/wp-content\/uploads\/2025\/10\/tradzik_grzybiczy.jpg\" \/>\n\t<meta property=\"og:image:width\" content=\"2123\" \/>\n\t<meta property=\"og:image:height\" content=\"1194\" \/>\n\t<meta property=\"og:image:type\" content=\"image\/jpeg\" \/>\n<meta name=\"author\" content=\"Katarzyna Banaszczyk\" \/>\n<meta name=\"twitter:card\" content=\"summary_large_image\" \/>\n<meta name=\"twitter:label1\" content=\"Napisane przez\" \/>\n\t<meta name=\"twitter:data1\" content=\"Katarzyna Banaszczyk\" \/>\n\t<meta name=\"twitter:label2\" content=\"Szacowany czas czytania\" \/>\n\t<meta name=\"twitter:data2\" content=\"8 minut\" \/>\n\t<meta name=\"twitter:label3\" content=\"Written by\" \/>\n\t<meta name=\"twitter:data3\" content=\"Katarzyna Banaszczyk\" \/>\n<!-- \/ Yoast SEO plugin. -->","yoast_head_json":{"title":"Tr\u0105dzik grzybiczy - jak go rozpozna\u0107? Objawy, przyczyny i leczenie - Centrum Wiedzy ALAB laboratoria","description":"Krostkowe zmiany sk\u00f3rne mog\u0105 by\u0107 wywo\u0142ywane nie tylko przez bakterie. Mog\u0105 oznacza\u0107 tr\u0105dzik grzybiczy. Dowiedz si\u0119 wi\u0119cej.","robots":{"index":"index","follow":"follow","max-snippet":"max-snippet:-1","max-image-preview":"max-image-preview:large","max-video-preview":"max-video-preview:-1"},"canonical":"https:\/\/www.alab.pl\/centrum-wiedzy\/tradzik-grzybiczy-jak-go-rozpoznac-objawy-przyczyny-i-leczenie\/","og_locale":"pl_PL","og_type":"article","og_title":"Tr\u0105dzik grzybiczy - jak go rozpozna\u0107? Objawy, przyczyny i leczenie - Centrum Wiedzy ALAB laboratoria","og_description":"Krostkowe zmiany sk\u00f3rne mog\u0105 by\u0107 wywo\u0142ywane nie tylko przez bakterie. Mog\u0105 oznacza\u0107 tr\u0105dzik grzybiczy. Dowiedz si\u0119 wi\u0119cej.","og_url":"https:\/\/www.alab.pl\/centrum-wiedzy\/tradzik-grzybiczy-jak-go-rozpoznac-objawy-przyczyny-i-leczenie\/","og_site_name":"Centrum Wiedzy ALAB laboratoria","article_publisher":"https:\/\/www.facebook.com\/ALABlaboratoria","article_published_time":"2025-10-27T07:34:15+00:00","article_modified_time":"2025-10-27T07:34:30+00:00","og_image":[{"width":2123,"height":1194,"url":"https:\/\/www.alab.pl\/centrum-wiedzy\/wp-content\/uploads\/2025\/10\/tradzik_grzybiczy.jpg","type":"image\/jpeg"}],"author":"Katarzyna Banaszczyk","twitter_card":"summary_large_image","twitter_misc":{"Napisane przez":"Katarzyna Banaszczyk","Szacowany czas czytania":"8 minut","Written by":"Katarzyna Banaszczyk"},"schema":{"@context":"https:\/\/schema.org","@graph":[{"@type":"Article","@id":"https:\/\/www.alab.pl\/centrum-wiedzy\/tradzik-grzybiczy-jak-go-rozpoznac-objawy-przyczyny-i-leczenie\/#article","isPartOf":{"@id":"https:\/\/www.alab.pl\/centrum-wiedzy\/tradzik-grzybiczy-jak-go-rozpoznac-objawy-przyczyny-i-leczenie\/"},"author":{"name":"Katarzyna Banaszczyk","@id":"https:\/\/www.alab.pl\/centrum-wiedzy\/#\/schema\/person\/308fb46be1959418e2e115e61c335941"},"headline":"Tr\u0105dzik grzybiczy &#8211; jak go rozpozna\u0107? Objawy, przyczyny i leczenie","datePublished":"2025-10-27T07:34:15+00:00","dateModified":"2025-10-27T07:34:30+00:00","mainEntityOfPage":{"@id":"https:\/\/www.alab.pl\/centrum-wiedzy\/tradzik-grzybiczy-jak-go-rozpoznac-objawy-przyczyny-i-leczenie\/"},"wordCount":1605,"publisher":{"@id":"https:\/\/www.alab.pl\/centrum-wiedzy\/#organization"},"image":{"@id":"https:\/\/www.alab.pl\/centrum-wiedzy\/tradzik-grzybiczy-jak-go-rozpoznac-objawy-przyczyny-i-leczenie\/#primaryimage"},"thumbnailUrl":"https:\/\/www.alab.pl\/centrum-wiedzy\/wp-content\/uploads\/2025\/10\/tradzik_grzybiczy.jpg","articleSection":["Choroby sk\u00f3ry"],"inLanguage":"pl-PL"},{"@type":["WebPage","FAQPage"],"@id":"https:\/\/www.alab.pl\/centrum-wiedzy\/tradzik-grzybiczy-jak-go-rozpoznac-objawy-przyczyny-i-leczenie\/","url":"https:\/\/www.alab.pl\/centrum-wiedzy\/tradzik-grzybiczy-jak-go-rozpoznac-objawy-przyczyny-i-leczenie\/","name":"Tr\u0105dzik grzybiczy - jak go rozpozna\u0107? Objawy, przyczyny i leczenie - Centrum Wiedzy ALAB laboratoria","isPartOf":{"@id":"https:\/\/www.alab.pl\/centrum-wiedzy\/#website"},"primaryImageOfPage":{"@id":"https:\/\/www.alab.pl\/centrum-wiedzy\/tradzik-grzybiczy-jak-go-rozpoznac-objawy-przyczyny-i-leczenie\/#primaryimage"},"image":{"@id":"https:\/\/www.alab.pl\/centrum-wiedzy\/tradzik-grzybiczy-jak-go-rozpoznac-objawy-przyczyny-i-leczenie\/#primaryimage"},"thumbnailUrl":"https:\/\/www.alab.pl\/centrum-wiedzy\/wp-content\/uploads\/2025\/10\/tradzik_grzybiczy.jpg","datePublished":"2025-10-27T07:34:15+00:00","dateModified":"2025-10-27T07:34:30+00:00","description":"Krostkowe zmiany sk\u00f3rne mog\u0105 by\u0107 wywo\u0142ywane nie tylko przez bakterie. Mog\u0105 oznacza\u0107 tr\u0105dzik grzybiczy. Dowiedz si\u0119 wi\u0119cej.","breadcrumb":{"@id":"https:\/\/www.alab.pl\/centrum-wiedzy\/tradzik-grzybiczy-jak-go-rozpoznac-objawy-przyczyny-i-leczenie\/#breadcrumb"},"mainEntity":[{"@id":"https:\/\/www.alab.pl\/centrum-wiedzy\/tradzik-grzybiczy-jak-go-rozpoznac-objawy-przyczyny-i-leczenie\/#faq-question-1761549854338"},{"@id":"https:\/\/www.alab.pl\/centrum-wiedzy\/tradzik-grzybiczy-jak-go-rozpoznac-objawy-przyczyny-i-leczenie\/#faq-question-1761549876421"},{"@id":"https:\/\/www.alab.pl\/centrum-wiedzy\/tradzik-grzybiczy-jak-go-rozpoznac-objawy-przyczyny-i-leczenie\/#faq-question-1761549893430"},{"@id":"https:\/\/www.alab.pl\/centrum-wiedzy\/tradzik-grzybiczy-jak-go-rozpoznac-objawy-przyczyny-i-leczenie\/#faq-question-1761549911226"},{"@id":"https:\/\/www.alab.pl\/centrum-wiedzy\/tradzik-grzybiczy-jak-go-rozpoznac-objawy-przyczyny-i-leczenie\/#faq-question-1761549915822"},{"@id":"https:\/\/www.alab.pl\/centrum-wiedzy\/tradzik-grzybiczy-jak-go-rozpoznac-objawy-przyczyny-i-leczenie\/#faq-question-1761549942986"},{"@id":"https:\/\/www.alab.pl\/centrum-wiedzy\/tradzik-grzybiczy-jak-go-rozpoznac-objawy-przyczyny-i-leczenie\/#faq-question-1761549965285"},{"@id":"https:\/\/www.alab.pl\/centrum-wiedzy\/tradzik-grzybiczy-jak-go-rozpoznac-objawy-przyczyny-i-leczenie\/#faq-question-1761549980492"},{"@id":"https:\/\/www.alab.pl\/centrum-wiedzy\/tradzik-grzybiczy-jak-go-rozpoznac-objawy-przyczyny-i-leczenie\/#faq-question-1761549993696"},{"@id":"https:\/\/www.alab.pl\/centrum-wiedzy\/tradzik-grzybiczy-jak-go-rozpoznac-objawy-przyczyny-i-leczenie\/#faq-question-1761550009395"}],"inLanguage":"pl-PL","potentialAction":[{"@type":"ReadAction","target":["https:\/\/www.alab.pl\/centrum-wiedzy\/tradzik-grzybiczy-jak-go-rozpoznac-objawy-przyczyny-i-leczenie\/"]}]},{"@type":"ImageObject","inLanguage":"pl-PL","@id":"https:\/\/www.alab.pl\/centrum-wiedzy\/tradzik-grzybiczy-jak-go-rozpoznac-objawy-przyczyny-i-leczenie\/#primaryimage","url":"https:\/\/www.alab.pl\/centrum-wiedzy\/wp-content\/uploads\/2025\/10\/tradzik_grzybiczy.jpg","contentUrl":"https:\/\/www.alab.pl\/centrum-wiedzy\/wp-content\/uploads\/2025\/10\/tradzik_grzybiczy.jpg","width":2123,"height":1194,"caption":"tr\u0105dzik grzybiczy"},{"@type":"BreadcrumbList","@id":"https:\/\/www.alab.pl\/centrum-wiedzy\/tradzik-grzybiczy-jak-go-rozpoznac-objawy-przyczyny-i-leczenie\/#breadcrumb","itemListElement":[{"@type":"ListItem","position":1,"name":"Strona g\u0142\u00f3wna","item":"https:\/\/www.alab.pl\/centrum-wiedzy\/"},{"@type":"ListItem","position":2,"name":"Tr\u0105dzik grzybiczy &#8211; jak go rozpozna\u0107? Objawy, przyczyny i leczenie"}]},{"@type":"WebSite","@id":"https:\/\/www.alab.pl\/centrum-wiedzy\/#website","url":"https:\/\/www.alab.pl\/centrum-wiedzy\/","name":"Centrum Wiedzy ALAB laboratoria","description":"","publisher":{"@id":"https:\/\/www.alab.pl\/centrum-wiedzy\/#organization"},"potentialAction":[{"@type":"SearchAction","target":{"@type":"EntryPoint","urlTemplate":"https:\/\/www.alab.pl\/centrum-wiedzy\/?s={search_term_string}"},"query-input":{"@type":"PropertyValueSpecification","valueRequired":true,"valueName":"search_term_string"}}],"inLanguage":"pl-PL"},{"@type":"Organization","@id":"https:\/\/www.alab.pl\/centrum-wiedzy\/#organization","name":"Centrum Wiedzy ALAB laboratoria","url":"https:\/\/www.alab.pl\/centrum-wiedzy\/","logo":{"@type":"ImageObject","inLanguage":"pl-PL","@id":"https:\/\/www.alab.pl\/centrum-wiedzy\/#\/schema\/logo\/image\/","url":"https:\/\/www.alab.pl\/centrum-wiedzy\/wp-content\/uploads\/2022\/04\/alabek.jpg","contentUrl":"https:\/\/www.alab.pl\/centrum-wiedzy\/wp-content\/uploads\/2022\/04\/alabek.jpg","width":1250,"height":1251,"caption":"Centrum Wiedzy ALAB laboratoria"},"image":{"@id":"https:\/\/www.alab.pl\/centrum-wiedzy\/#\/schema\/logo\/image\/"},"sameAs":["https:\/\/www.facebook.com\/ALABlaboratoria"]},{"@type":"Person","@id":"https:\/\/www.alab.pl\/centrum-wiedzy\/#\/schema\/person\/308fb46be1959418e2e115e61c335941","name":"Katarzyna Banaszczyk","image":{"@type":"ImageObject","inLanguage":"pl-PL","@id":"https:\/\/www.alab.pl\/centrum-wiedzy\/wp-content\/uploads\/2024\/12\/Katarzyna-Banaszczyk-150x150.jpgdd037207674aeb9b7e97c9616a0cf536","url":"https:\/\/www.alab.pl\/centrum-wiedzy\/wp-content\/uploads\/2024\/12\/Katarzyna-Banaszczyk-150x150.jpg","contentUrl":"https:\/\/www.alab.pl\/centrum-wiedzy\/wp-content\/uploads\/2024\/12\/Katarzyna-Banaszczyk-150x150.jpg","caption":"Katarzyna Banaszczyk"},"description":"Lekarka w trakcie specjalizacji z dermatologii i wenerologii. Absolwentka Collegium Medicum UMK im. Ludwika Rydygiera w Bydgoszczy. Wyk\u0142adowca akademicki Collegium Medicum im. W\u0142adys\u0142awa Biega\u0144skiego w Cz\u0119stochowie.","url":"https:\/\/www.alab.pl\/centrum-wiedzy\/author\/katarzyna-banaszczyk\/"},{"@type":"Question","@id":"https:\/\/www.alab.pl\/centrum-wiedzy\/tradzik-grzybiczy-jak-go-rozpoznac-objawy-przyczyny-i-leczenie\/#faq-question-1761549854338","position":1,"url":"https:\/\/www.alab.pl\/centrum-wiedzy\/tradzik-grzybiczy-jak-go-rozpoznac-objawy-przyczyny-i-leczenie\/#faq-question-1761549854338","name":"Czym tr\u0105dzik grzybiczy r\u00f3\u017cni si\u0119 od zwyk\u0142ego tr\u0105dziku?","answerCount":1,"acceptedAnswer":{"@type":"Answer","text":"Tr\u0105dzik grzybiczy to potoczne okre\u015blenie na grzybicze zapalenie mieszk\u00f3w w\u0142osowych. Tr\u0105dzik pospolity to zupe\u0142nie inne schorzenie dermatologiczne, u kt\u00f3rego podstawy le\u017c\u0105 m. in. zaburzenia keratynizacji uj\u015b\u0107 mieszk\u00f3w w\u0142osowych, a tak\u017ce namna\u017canie si\u0119 bakterii <em>Propionibacterium acne<\/em>. Opr\u00f3cz patogenezy, te dwie jednostki chorobowe r\u00f3\u017cni\u0105 si\u0119 r\u00f3wnie\u017c objawami klinicznymi. W przypadku tr\u0105dziku pospolitego, podstawowym wykwitem s\u0105 zask\u00f3rniki, kt\u00f3rych nie obserwujemy w przypadku grzybiczego zapalenia mieszk\u00f3w w\u0142osowych.","inLanguage":"pl-PL"},"inLanguage":"pl-PL"},{"@type":"Question","@id":"https:\/\/www.alab.pl\/centrum-wiedzy\/tradzik-grzybiczy-jak-go-rozpoznac-objawy-przyczyny-i-leczenie\/#faq-question-1761549876421","position":2,"url":"https:\/\/www.alab.pl\/centrum-wiedzy\/tradzik-grzybiczy-jak-go-rozpoznac-objawy-przyczyny-i-leczenie\/#faq-question-1761549876421","name":"Jakie badania wykona\u0107, aby potwierdzi\u0107 tr\u0105dzik grzybiczy?","answerCount":1,"acceptedAnswer":{"@type":"Answer","text":"Podstaw\u0105 jest wnikliwe badanie przedmiotowe sk\u00f3ry przeprowadzone w gabinecie dermatologicznym. Lekarz mo\u017ce r\u00f3wnie\u017c zleci\u0107 wykonanie badania mykologicznego.","inLanguage":"pl-PL"},"inLanguage":"pl-PL"},{"@type":"Question","@id":"https:\/\/www.alab.pl\/centrum-wiedzy\/tradzik-grzybiczy-jak-go-rozpoznac-objawy-przyczyny-i-leczenie\/#faq-question-1761549893430","position":3,"url":"https:\/\/www.alab.pl\/centrum-wiedzy\/tradzik-grzybiczy-jak-go-rozpoznac-objawy-przyczyny-i-leczenie\/#faq-question-1761549893430","name":"Jakie leki na tr\u0105dzik grzybiczy s\u0105 stosowane najcz\u0119\u015bciej?","answerCount":1,"acceptedAnswer":{"@type":"Answer","text":"Terapia grzybiczego zapalenia mieszk\u00f3w w\u0142osowych polega na stosowaniu lek\u00f3w przeciwgrzybiczych, zar\u00f3wno miejscowych (na przyk\u0142ad klotrimazol w kremie), jak i doustnych (flukonazol, itrakonazol). O sposobie terapii zadecyduje lekarz prowadz\u0105cy pacjenta.","inLanguage":"pl-PL"},"inLanguage":"pl-PL"},{"@type":"Question","@id":"https:\/\/www.alab.pl\/centrum-wiedzy\/tradzik-grzybiczy-jak-go-rozpoznac-objawy-przyczyny-i-leczenie\/#faq-question-1761549911226","position":4,"url":"https:\/\/www.alab.pl\/centrum-wiedzy\/tradzik-grzybiczy-jak-go-rozpoznac-objawy-przyczyny-i-leczenie\/#faq-question-1761549911226","name":"Czy domowe sposoby mog\u0105 pom\u00f3c w leczeniu tr\u0105dziku grzybiczego?","answerCount":1,"acceptedAnswer":{"@type":"Answer","text":"Odpowiednie post\u0119powanie piel\u0119gnacyjne, kt\u00f3re pacjent mo\u017ce zastosowa\u0107 w domowym zaciszu ma du\u017ce du\u017ce znaczenie w terapii, jak i profilaktyce grzybiczego zapalenia mieszk\u00f3w w\u0142osowych. Warto skupi\u0107 si\u0119 na higienie i myciu sk\u00f3ry z wykorzystaniem dermokosmetyk\u00f3w, kt\u00f3re zawieraj\u0105 w swoim sk\u0142adzie substancje przeciwgrzybicze (mi\u0119dzy innymi oktopiroks).","inLanguage":"pl-PL"},"inLanguage":"pl-PL"},{"@type":"Question","@id":"https:\/\/www.alab.pl\/centrum-wiedzy\/tradzik-grzybiczy-jak-go-rozpoznac-objawy-przyczyny-i-leczenie\/#faq-question-1761549915822","position":5,"url":"https:\/\/www.alab.pl\/centrum-wiedzy\/tradzik-grzybiczy-jak-go-rozpoznac-objawy-przyczyny-i-leczenie\/#faq-question-1761549915822","name":"Czego unika\u0107 przy tr\u0105dziku grzybiczym?","answerCount":1,"acceptedAnswer":{"@type":"Answer","text":"Niezwykle wa\u017cne jest unikanie noszenia syntetycznych ubra\u0144 i bielizny. Najlepiej wybiera\u0107 te wykonane z naturalnych materia\u0142\u00f3w.","inLanguage":"pl-PL"},"inLanguage":"pl-PL"},{"@type":"Question","@id":"https:\/\/www.alab.pl\/centrum-wiedzy\/tradzik-grzybiczy-jak-go-rozpoznac-objawy-przyczyny-i-leczenie\/#faq-question-1761549942986","position":6,"url":"https:\/\/www.alab.pl\/centrum-wiedzy\/tradzik-grzybiczy-jak-go-rozpoznac-objawy-przyczyny-i-leczenie\/#faq-question-1761549942986","name":"Jakie pokarmy nasilaj\u0105 tr\u0105dzik grzybiczy?","answerCount":1,"acceptedAnswer":{"@type":"Answer","text":"W przypadku grzybiczego zapalenia mieszk\u00f3w w\u0142osowych warto zadba\u0107 r\u00f3wnie\u017c o odpowiedni\u0105 diet\u0119. Pacjent borykaj\u0105cy si\u0119 z tym problemem powinien ogranicza\u0107 produkty wysokoprzetworzone i o wysokim indeksie glikemicznym.","inLanguage":"pl-PL"},"inLanguage":"pl-PL"},{"@type":"Question","@id":"https:\/\/www.alab.pl\/centrum-wiedzy\/tradzik-grzybiczy-jak-go-rozpoznac-objawy-przyczyny-i-leczenie\/#faq-question-1761549965285","position":7,"url":"https:\/\/www.alab.pl\/centrum-wiedzy\/tradzik-grzybiczy-jak-go-rozpoznac-objawy-przyczyny-i-leczenie\/#faq-question-1761549965285","name":"Czy tr\u0105dzik grzybiczy mo\u017cna wycisn\u0105\u0107?","answerCount":1,"acceptedAnswer":{"@type":"Answer","text":"Nie nale\u017cy manipulowa\u0107 przy wykwitach chorobowych w przebiegu tr\u0105dziku, poniewa\u017c mo\u017ce si\u0119 to wi\u0105za\u0107 z ryzykiem pojawienia si\u0119 bliznowacenia i trwa\u0142ych przebarwie\u0144.","inLanguage":"pl-PL"},"inLanguage":"pl-PL"},{"@type":"Question","@id":"https:\/\/www.alab.pl\/centrum-wiedzy\/tradzik-grzybiczy-jak-go-rozpoznac-objawy-przyczyny-i-leczenie\/#faq-question-1761549980492","position":8,"url":"https:\/\/www.alab.pl\/centrum-wiedzy\/tradzik-grzybiczy-jak-go-rozpoznac-objawy-przyczyny-i-leczenie\/#faq-question-1761549980492","name":"Jak odr\u00f3\u017cni\u0107 tr\u0105dzik grzybiczy od zatkanych por\u00f3w?","answerCount":1,"acceptedAnswer":{"@type":"Answer","text":"W przypadku grzybiczego zapalenia mieszk\u00f3w na sk\u00f3rze twarzy obserwowa\u0107 b\u0119dziemy rumieniowe, niekiedy sw\u0119dz\u0105ce grudki. Nie ma natomiast zask\u00f3rnik\u00f3w. Pory to z kolei rozszerzone uj\u015bcia mieszk\u00f3w w\u0142osowych, kt\u00f3re prezentuj\u0105 si\u0119 jako ma\u0142e otwory na powierzchni sk\u00f3ry. S\u0105 to zmiany obecne r\u00f3wnie\u017c w fizjologicznych warunkach.","inLanguage":"pl-PL"},"inLanguage":"pl-PL"},{"@type":"Question","@id":"https:\/\/www.alab.pl\/centrum-wiedzy\/tradzik-grzybiczy-jak-go-rozpoznac-objawy-przyczyny-i-leczenie\/#faq-question-1761549993696","position":9,"url":"https:\/\/www.alab.pl\/centrum-wiedzy\/tradzik-grzybiczy-jak-go-rozpoznac-objawy-przyczyny-i-leczenie\/#faq-question-1761549993696","name":"Jak odr\u00f3\u017cni\u0107 tr\u0105dzik grzybiczy od tr\u0105dziku bakteryjnego?","answerCount":1,"acceptedAnswer":{"@type":"Answer","text":"Oba sformu\u0142owania u\u017cyte w tym akapicie s\u0105 wy\u0142\u0105cznie okre\u015bleniami potocznymi. Pod poj\u0119ciem tr\u0105dziku bakteryjnego pacjenci rozumiej\u0105 najcz\u0119\u015bciej klasyczny tr\u0105dzik pospolity, u kt\u00f3rego pod\u0142o\u017ca le\u017cy mi\u0119dzy innymi namna\u017canie si\u0119 bakterii <em>Propionibacterium acne<\/em>. Tr\u0105dzik pospolity ma charakterystyczny obraz kliniczny, w kt\u00f3rego wpisuje si\u0119 obecno\u015b\u0107 zask\u00f3rnik\u00f3w otwartych i zamkni\u0119tych, a czego nie obserwujemy w przebiegu grzybiczego zapalenia mieszk\u00f3w w\u0142osowych.","inLanguage":"pl-PL"},"inLanguage":"pl-PL"},{"@type":"Question","@id":"https:\/\/www.alab.pl\/centrum-wiedzy\/tradzik-grzybiczy-jak-go-rozpoznac-objawy-przyczyny-i-leczenie\/#faq-question-1761550009395","position":10,"url":"https:\/\/www.alab.pl\/centrum-wiedzy\/tradzik-grzybiczy-jak-go-rozpoznac-objawy-przyczyny-i-leczenie\/#faq-question-1761550009395","name":"Czy tr\u0105dzik grzybiczy jest zara\u017aliwy?","answerCount":1,"acceptedAnswer":{"@type":"Answer","text":"Grzybicze zapalenie mieszk\u00f3w w\u0142osowych jest infekcj\u0105 grzybicz\u0105, kt\u00f3ra wynika z nadmiernego namna\u017cania si\u0119 dro\u017cd\u017cak\u00f3w z rodzaju <em>Malassezia<\/em>. Infekcja ta nie charakteryzuje si\u0119 du\u017c\u0105 zaka\u017ano\u015bci\u0105, jednak jest mo\u017cliwe przeniesienie patogen\u00f3w poprzez kontakt bezpo\u015bredni lub u\u017cywanie tych samych przedmiot\u00f3w.","inLanguage":"pl-PL"},"inLanguage":"pl-PL"}]}},"_links":{"self":[{"href":"https:\/\/www.alab.pl\/centrum-wiedzy\/wp-json\/wp\/v2\/posts\/27596","targetHints":{"allow":["GET"]}}],"collection":[{"href":"https:\/\/www.alab.pl\/centrum-wiedzy\/wp-json\/wp\/v2\/posts"}],"about":[{"href":"https:\/\/www.alab.pl\/centrum-wiedzy\/wp-json\/wp\/v2\/types\/post"}],"author":[{"embeddable":true,"href":"https:\/\/www.alab.pl\/centrum-wiedzy\/wp-json\/wp\/v2\/users\/165"}],"replies":[{"embeddable":true,"href":"https:\/\/www.alab.pl\/centrum-wiedzy\/wp-json\/wp\/v2\/comments?post=27596"}],"version-history":[{"count":6,"href":"https:\/\/www.alab.pl\/centrum-wiedzy\/wp-json\/wp\/v2\/posts\/27596\/revisions"}],"predecessor-version":[{"id":27605,"href":"https:\/\/www.alab.pl\/centrum-wiedzy\/wp-json\/wp\/v2\/posts\/27596\/revisions\/27605"}],"wp:featuredmedia":[{"embeddable":true,"href":"https:\/\/www.alab.pl\/centrum-wiedzy\/wp-json\/wp\/v2\/media\/27603"}],"wp:attachment":[{"href":"https:\/\/www.alab.pl\/centrum-wiedzy\/wp-json\/wp\/v2\/media?parent=27596"}],"wp:term":[{"taxonomy":"category","embeddable":true,"href":"https:\/\/www.alab.pl\/centrum-wiedzy\/wp-json\/wp\/v2\/categories?post=27596"},{"taxonomy":"post_tag","embeddable":true,"href":"https:\/\/www.alab.pl\/centrum-wiedzy\/wp-json\/wp\/v2\/tags?post=27596"},{"taxonomy":"author","embeddable":true,"href":"https:\/\/www.alab.pl\/centrum-wiedzy\/wp-json\/wp\/v2\/coauthors?post=27596"}],"curies":[{"name":"wp","href":"https:\/\/api.w.org\/{rel}","templated":true}]}}