{"id":27608,"date":"2025-10-27T09:11:53","date_gmt":"2025-10-27T08:11:53","guid":{"rendered":"https:\/\/www.alab.pl\/centrum-wiedzy\/?p=27608"},"modified":"2025-10-27T09:17:51","modified_gmt":"2025-10-27T08:17:51","slug":"ospa-w-ciazy-objawy-leczenie-i-powiklania-czy-jest-niebezpieczna","status":"publish","type":"post","link":"https:\/\/www.alab.pl\/centrum-wiedzy\/ospa-w-ciazy-objawy-leczenie-i-powiklania-czy-jest-niebezpieczna\/","title":{"rendered":"Ospa w ci\u0105\u017cy \u2013 objawy, leczenie i powik\u0142ania. Czy jest niebezpieczna?"},"content":{"rendered":"\n<p><strong>Ospa wietrzna to schorzenie zaka\u017ane wywo\u0142ywane przez wirusa ospy wietrznej i p\u00f3\u0142pa\u015bca (VZV), kt\u00f3re mo\u017ce dotyka\u0107 nie tylko dzieci, ale r\u00f3wnie\u017c osoby doros\u0142e, w tym kobiety ci\u0119\u017carne. Okres ci\u0105\u017cy wi\u0105\u017ce si\u0119 ze zwi\u0119kszonym ryzykiem ci\u0119\u017ckiego przebiegu choroby i wyst\u0105pienia jej powik\u0142a\u0144, r\u00f3wnie\u017c u p\u0142odu.<\/strong><\/p>\n\n\n\n<figure class=\"wp-block-table\"><table class=\"has-fixed-layout\"><tbody><tr><td><strong>Z tego artyku\u0142u dowiesz si\u0119<\/strong>:<br>>> Ospa wietrzna to choroba zaka\u017ana, za kt\u00f3r\u0105 odpowiada wirus ospy i p\u00f3\u0142pa\u015bca (VZV).<br>>> Schorzenie to mo\u017ce wyst\u0105pi\u0107 w ka\u017cdym wieku, r\u00f3wnie\u017c u kobiet w ci\u0105\u017cy i po\u0142ogu.<br>>> Zachorowanie na osp\u0119 wietrzn\u0105 w czasie ci\u0105\u017cy zwi\u0119ksza ryzyko powik\u0142a\u0144, zar\u00f3wno w odniesieniu do p\u0142odu, jak i organizmu kobiety ci\u0119\u017carnej.<br>>> W diagnostyce ospy wietrznej w ci\u0105\u017cy najwa\u017cniejszy jest obraz kliniczny, ale r\u00f3wnie\u017c badania diagnostyczne, maj\u0105ce na celu wykrycie wirusa VZV.<br>>> Ka\u017cda kobieta w ci\u0105\u017cy powinna by\u0107 leczona przeciwwirusowo, jak i objawowo pod okiem do\u015bwiadczonego lekarza. Konieczne jest r\u00f3wnie\u017c monitorowanie dobrostanu p\u0142odu.<\/td><\/tr><\/tbody><\/table><\/figure>\n\n\n\n<p>Spis tre\u015bci:<\/p>\n\n\n\n<ol class=\"wp-block-list\">\n<li><a href=\"#Zachorowanie-na-osp\u0119-wietrzn\u0105-w-ci\u0105\u017cy:-czy-jest-mo\u017cliwe?\">Zachorowanie na osp\u0119 wietrzn\u0105 w ci\u0105\u017cy: czy jest mo\u017cliwe?<\/a><\/li>\n\n\n\n<li><a href=\"#Ryzyko-zachorowania-na-osp\u0119-wietrzn\u0105-w-ci\u0105\u017cy\">Ryzyko zachorowania na osp\u0119 wietrzn\u0105 w ci\u0105\u017cy<\/a><\/li>\n\n\n\n<li><a href=\"#Ospa-u-kobiet-w-ci\u0105\u017cy:-objawy-choroby\">Ospa u kobiet w ci\u0105\u017cy: objawy choroby<\/a><\/li>\n\n\n\n<li><a href=\"#Diagnostyka-ospy-u-kobiet-w-ci\u0105\u017cy:-jakie-badania-wykona\u0107?\">Diagnostyka ospy u kobiet w ci\u0105\u017cy: jakie badania wykona\u0107?<\/a><\/li>\n\n\n\n<li><a href=\"#Czy-ospa-jest-niebezpieczna-w-ci\u0105\u017cy?\">Czy ospa jest niebezpieczna w ci\u0105\u017cy?<\/a>\n<ul class=\"wp-block-list\">\n<li><span style=\"color: initial;\"><a href=\"#Ospa-w-ci\u0105\u017cy:-1.-trymestr\">Ospa w ci\u0105\u017cy: 1. trymestr<\/a><\/span><\/li>\n\n\n\n<li><span style=\"color: initial;\"><a href=\"#Ospa-w-ci\u0105\u017cy:-2.-trymestr\">Ospa w ci\u0105\u017cy: 2. trymestr<\/a><\/span><\/li>\n\n\n\n<li><a href=\"#Ospa-w-ci\u0105\u017cy:-3.-trymestr\">Ospa w ci\u0105\u017cy: 3. trymestr<\/a><\/li>\n<\/ul>\n<\/li>\n\n\n\n<li><a href=\"#Powik\u0142ania-ospy-w-ci\u0105\u017cy\">Powik\u0142ania ospy w ci\u0105\u017cy<\/a><\/li>\n\n\n\n<li><a href=\"#Ospa-wietrzna-w-ci\u0105\u017cy:-leczenie\">Ospa wietrzna w ci\u0105\u017cy: leczenie<\/a><\/li>\n<\/ol>\n\n\n\n<h2 class=\"wp-block-heading\" id=\"Zachorowanie-na-osp\u0119-wietrzn\u0105-w-ci\u0105\u017cy:-czy-jest-mo\u017cliwe?\">Zachorowanie na osp\u0119 wietrzn\u0105 w ci\u0105\u017cy: czy jest mo\u017cliwe?<\/h2>\n\n\n\n<p>Ospa wietrzna oznaczona jest w klasyfikacji ICD-10 kodem B01. Na osp\u0119 wietrzn\u0105 mo\u017cna zachorowa\u0107 w ka\u017cdym wieku, nie tylko w okresie dzieci\u0119cym. Schorzenie to mo\u017ce wyst\u0105pi\u0107 zar\u00f3wno w czasie ci\u0105\u017cy, jak i po\u0142ogu. Dotyczy to zar\u00f3wno ospy wietrznej, jak i p\u00f3\u0142pa\u015bca. Warto wiedzie\u0107, \u017ce po przechorowaniu ospy wietrznej, wirus ospy i <a href=\"https:\/\/www.alab.pl\/centrum-wiedzy\/polpasiec\/\">p\u00f3\u0142pa\u015bca<\/a> pozostaje w postaci utajonej w obr\u0119bie zwoj\u00f3w korzeni grzbietowych i po latach mo\u017ce doj\u015b\u0107 do jego reaktywacji w postaci p\u00f3\u0142pa\u015bca.<\/p>\n\n\n\n<p><strong>>> Sprawd\u017a: <\/strong><a href=\"https:\/\/www.alab.pl\/centrum-wiedzy\/szczepienie-na-polpasiec-jak-dziala-szczepionka-i-kiedy-je-zrobic\/\"><strong>Szczepienie na p\u00f3\u0142pasiec \u2013 jak dzia\u0142a szczepionka i kiedy je zrobi\u0107?<\/strong><\/a><\/p>\n\n\n\n<h2 class=\"wp-block-heading\" id=\"Ryzyko-zachorowania-na-osp\u0119-wietrzn\u0105-w-ci\u0105\u017cy\">Ryzyko zachorowania na osp\u0119 wietrzn\u0105 w ci\u0105\u017cy<\/h2>\n\n\n\n<p>Czynniki, kt\u00f3re zwi\u0119kszaj\u0105 ryzyko ci\u0119\u017cszego przebiegu i wyst\u0105pienia powik\u0142a\u0144 w przebiegu ospy wietrznej to przede wszystkim:<\/p>\n\n\n\n<ul class=\"wp-block-list\">\n<li><strong>wiek powy\u017cej 20 lat<\/strong>,<\/li>\n\n\n\n<li><strong>immunosupresja<\/strong> \u2013 w tym przyjmowanie lek\u00f3w obni\u017caj\u0105cych odpowied\u017a uk\u0142adu odporno\u015bciowego takich jak glikokortykosteroidy czy metotreksat,<\/li>\n\n\n\n<li><strong>zachorowanie na osp\u0119 w ci\u0105gu pi\u0119ciu dni przed porodem lub do 48 godzin po porodzie<\/strong> \u2013 dotyczy do ryzyka wyst\u0105pienia zachorowania u noworodka,<\/li>\n\n\n\n<li><strong>ci\u0105\u017ca <\/strong>\u2013 a szczeg\u00f3lnie II i III trymestr.<\/li>\n<\/ul>\n\n\n\n<p>Zgodnie z danymi statystycznymi ryzyko zaka\u017cenia wirusem ospy wietrznej i p\u00f3\u0142pa\u015bca u kobiet b\u0119d\u0105cych w wieku rozrodczym to oko\u0142o 5%.<\/p>\n\n\n\n<figure class=\"wp-block-table\"><table class=\"has-fixed-layout\"><tbody><tr><td><strong>Warto wiedzie\u0107:<\/strong><br>W ogromnej wi\u0119kszo\u015bci przypadku przechorowanie ospy wietrznej pozostawia po sobie trwa\u0142\u0105 odporno\u015b\u0107. W bardzo rzadkich przypadkach (przy istotnym obni\u017ceniu odporno\u015bci, na przyk\u0142ad w przebiegu <a href=\"https:\/\/www.alab.pl\/centrum-wiedzy\/aids-objawy-diagnostyka-i-leczenie\/\">AIDS<\/a>) mo\u017cliwe jest ponowne zachorowanie na osp\u0119 wietrzn\u0105.<\/td><\/tr><\/tbody><\/table><\/figure>\n\n\n\n<figure class=\"wp-block-image size-full\"><a href=\"https:\/\/www.alab.pl\/badanie\/varicella-zoster-pc-igg-w-surowicy-ospa-i-polpasiec-v68\"><img loading=\"lazy\" decoding=\"async\" width=\"800\" height=\"200\" src=\"https:\/\/www.alab.pl\/centrum-wiedzy\/wp-content\/uploads\/2025\/02\/Badanie-ospa-wietrzna-i-polpasiec-badanie-przeciwcial-IgG.jpg\" alt=\"Badanie ospa wietrzna i po\u0301\u0142pasiec - badanie przeciwcia\u0142 IgG banerek\" class=\"wp-image-21104\" srcset=\"https:\/\/www.alab.pl\/centrum-wiedzy\/wp-content\/uploads\/2025\/02\/Badanie-ospa-wietrzna-i-polpasiec-badanie-przeciwcial-IgG.jpg 800w, https:\/\/www.alab.pl\/centrum-wiedzy\/wp-content\/uploads\/2025\/02\/Badanie-ospa-wietrzna-i-polpasiec-badanie-przeciwcial-IgG-768x192.jpg 768w, https:\/\/www.alab.pl\/centrum-wiedzy\/wp-content\/uploads\/2025\/02\/Badanie-ospa-wietrzna-i-polpasiec-badanie-przeciwcial-IgG-150x38.jpg 150w, https:\/\/www.alab.pl\/centrum-wiedzy\/wp-content\/uploads\/2025\/02\/Badanie-ospa-wietrzna-i-polpasiec-badanie-przeciwcial-IgG-300x75.jpg 300w, https:\/\/www.alab.pl\/centrum-wiedzy\/wp-content\/uploads\/2025\/02\/Badanie-ospa-wietrzna-i-polpasiec-badanie-przeciwcial-IgG-696x174.jpg 696w\" sizes=\"auto, (max-width: 800px) 100vw, 800px\" \/><\/a><\/figure>\n\n\n\n<h2 class=\"wp-block-heading\" id=\"Ospa-u-kobiet-w-ci\u0105\u017cy:-objawy-choroby\">Ospa u kobiet w ci\u0105\u017cy: objawy choroby<\/h2>\n\n\n\n<p>Objawy ospy wietrznej pojawiaj\u0105 si\u0119 zazwyczaj po 10-21 dniach od zaka\u017cenia wirusem VZV. Okres zaka\u017ano\u015bci rozpoczyna si\u0119 oko\u0142o dwie doby przed pojawieniem si\u0119 objaw\u00f3w i trwa a\u017c do momentu, w kt\u00f3rym dojdzie do przyschni\u0119cia zmian sk\u00f3rnych (pojawiaj\u0105 si\u0119 strupki).<\/p>\n\n\n\n<p>Oko\u0142o 48 godzin przed wyst\u0105pieniem osutki, pojawiaj\u0105 si\u0119 objawy zwiastunowe, kt\u00f3re przypominaj\u0105 przezi\u0119bienie. Obserwuje si\u0119 w\u00f3wczas:<\/p>\n\n\n\n<ul class=\"wp-block-list\">\n<li>gor\u0105czk\u0119,<\/li>\n\n\n\n<li>b\u00f3l gard\u0142a,<\/li>\n\n\n\n<li><a href=\"https:\/\/www.alab.pl\/centrum-wiedzy\/bole-glowy-rodzaje-i-przyczyny-jakie-badania-wykonac-przy-czestych-przewleklych-bolach-glowy\/\">b\u00f3l g\u0142owy<\/a>,<\/li>\n\n\n\n<li>nie\u017cyt nosa,<\/li>\n\n\n\n<li>os\u0142abienie \u0142aknienia,<\/li>\n\n\n\n<li>niekiedy <a href=\"https:\/\/www.alab.pl\/centrum-wiedzy\/bol-brzucha-mozliwe-przyczyny-badania\/\">b\u00f3l brzucha<\/a>,<\/li>\n\n\n\n<li>rzadziej <a href=\"https:\/\/www.alab.pl\/centrum-wiedzy\/przewlekla-biegunka-u-doroslych-i-dzieci-mozliwe-przyczyny-i-rekomendowane-badania\/\">biegunk\u0119<\/a>.<\/li>\n<\/ul>\n\n\n\n<p>Po oko\u0142o 1-2 dniach na sk\u00f3rze pojawia si\u0119 charakterystyczna osutka sk\u00f3rna. Pocz\u0105tkowo obserwuje si\u0119 wyst\u0105pienie p\u0142askich, rumieniowych plamek, kt\u00f3re nast\u0119pnie przekszta\u0142caj\u0105 si\u0119 grudki, p\u0119cherzyki i ostatecznie w krostki. Krosty zasychaj\u0105 w postaci strupk\u00f3w, kt\u00f3re odpadaj\u0105 po oko\u0142o 3-4 dniach. Zmiany sk\u00f3rne typowo nie pozostawiaj\u0105 po sobie blizn, jednak przez jaki\u015b czas mog\u0105 utrzymywa\u0107 si\u0119 niewielkie przebarwienia pozapalne.<\/p>\n\n\n\n<p>Powy\u017cej opisano klasyczny przebieg ospy wietrznej, jednak nale\u017cy mie\u0107 \u015bwiadomo\u015b\u0107, \u017ce okres ci\u0105\u017cy wi\u0105\u017ce si\u0119 ze szczeg\u00f3lnym ryzykiem komplikacji, o czym wi\u0119cej b\u0119dzie mo\u017cna przeczyta\u0107 w kolejnych akapitach tego artyku\u0142u.<\/p>\n\n\n\n<p><strong>&gt;&gt; Przeczytaj: <\/strong><a href=\"https:\/\/www.alab.pl\/centrum-wiedzy\/polpasiec-rozsiany-co-to-jest-i-jakie-daje-objawy-diagnostyka-i-leczenie\/\"><strong>P\u00f3\u0142pasiec rozsiany \u2013 co to jest i jakie daje objawy? Diagnostyka i leczenie<\/strong><\/a><strong><\/strong><\/p>\n\n\n\n<h2 class=\"wp-block-heading\" id=\"Diagnostyka-ospy-u-kobiet-w-ci\u0105\u017cy:-jakie-badania-wykona\u0107?\">Diagnostyka ospy u kobiet w ci\u0105\u017cy: jakie badania wykona\u0107?<\/h2>\n\n\n\n<p>Kluczow\u0105 rol\u0119 odgrywa wnikliwie przeprowadzony wywiad chorobowy, a tak\u017ce badanie przedmiotowe, w tym ocena sk\u00f3ry i \u015bluz\u00f3wek. W diagnostyce ospy wietrznej w ci\u0105\u017cy wykorzystuje si\u0119 takie badania jak:<\/p>\n\n\n\n<ul class=\"wp-block-list\">\n<li><strong>hodowla kom\u00f3rkowa lub wykrywanie DNA wirusa metod\u0105 PCR <\/strong>\u2013 w tym przypadku materia\u0142em do badania jest p\u0142yn pochodz\u0105cy z p\u0119cherzyka,<\/li>\n\n\n\n<li><strong>wykrywanie antygen\u00f3w wirusa w kom\u00f3rkach nask\u00f3rka z wykorzystaniem immunofluorescencji bezpo\u015bredniej <\/strong>\u2013 materia\u0142em s\u0105 zeskrobiny z dna p\u0119cherzyka,<\/li>\n\n\n\n<li><strong>oznaczenie swoistych przeciwcia\u0142 IgG<\/strong> \u2013 jest to badanie wykonywane z pr\u00f3bki krwi \u017cylnej, wykorzystywane do potwierdzenia przebytego zaka\u017cenia i oceny nabytej odporno\u015bci.<\/li>\n<\/ul>\n\n\n\n<p>U kobiety z podejrzeniem ospy wietrznej konieczne jest jak najszybsze oznaczenie przeciwcia\u0142 IgG, a tak\u017ce specyficznych przeciwcia\u0142 przeciwko wirusowi ospy wietrznej i p\u00f3\u0142pa\u015bca. Wyniki tych\u017ce bada\u0144 decyduj\u0105 bowiem o dalszych krokach diagnostyczno-leczniczych. Do postawienia diagnozy ospy wietrznej u kobiety ci\u0119\u017carnej wymagane jest r\u00f3wnie\u017c wykrycie wirusa VZV z wykorzystaniem metod opisanych powy\u017cej (hodowla, PCR, immunofluorescencja bezpo\u015brednia). Nie powinno to jednak op\u00f3\u017ania\u0107 w\u0142\u0105czenia leczenia przeciwwirusowego.<\/p>\n\n\n\n<p><strong>&gt;&gt; To mo\u017ce Ci\u0119 zainteresowa\u0107:<\/strong><\/p>\n\n\n\n<ul class=\"wp-block-list\">\n<li><a href=\"https:\/\/www.alab.pl\/centrum-wiedzy\/ospa-wietrzna-u-dzieci-objawy-diagnostyka-i-leczenie\/\"><strong>Ospa wietrzna u dzieci. Objawy, diagnostyka i leczenie<\/strong><\/a><\/li>\n\n\n\n<li><a href=\"https:\/\/www.alab.pl\/centrum-wiedzy\/bostonka-u-dzieci-objawy-przyczyny-przebieg-choroby-i-leczenie\/\"><strong>Bostonka u dzieci \u2013 objawy, przyczyny, przebieg choroby i leczenie<\/strong><\/a><\/li>\n<\/ul>\n\n\n\n<h2 class=\"wp-block-heading\" id=\"Czy-ospa-jest-niebezpieczna-w-ci\u0105\u017cy?\">Czy ospa jest niebezpieczna w ci\u0105\u017cy?<\/h2>\n\n\n\n<p>Zaka\u017cenie wirusem ospy wietrznej i p\u00f3\u0142pa\u015bca w czasie ci\u0105\u017cy wi\u0105\u017ce si\u0119 z wy\u017cszym ryzykiem wyst\u0105pienia gro\u017anych powik\u0142a\u0144, zar\u00f3wno w odniesieniu do p\u0142odu, jak i organizmu kobiety. <strong>Nie mo\u017cna zapomina\u0107 o ryzyku wyst\u0105pienia wad wrodzonych.<\/strong> Ryzyko wyst\u0105pienia wad i powik\u0142a\u0144 zale\u017cy mi\u0119dzy innymi od okresu, w kt\u00f3rym dosz\u0142o do wyst\u0105pienia zaka\u017cenia VZV.<\/p>\n\n\n\n<h3 class=\"wp-block-heading\" id=\"Ospa-w-ci\u0105\u017cy:-1.-trymestr\">Ospa w ci\u0105\u017cy: 1. trymestr<\/h3>\n\n\n\n<p>Zaka\u017cenie osp\u0105 wietrzn\u0105 w pierwszym trymestrze ci\u0105\u017cy wi\u0105\u017ce si\u0119 <strong>z najwy\u017cszym ryzykiem wyst\u0105pienia ospy wietrznej wrodzonej, a nawet ryzykiem obumarcia p\u0142odu.<\/strong> Wady typowe dla zaka\u017cenia tym wirusem to przede wszystkim:<\/p>\n\n\n\n<ul class=\"wp-block-list\">\n<li>deformacje ko\u0144czyn,<\/li>\n\n\n\n<li>ma\u0142og\u0142owie,<\/li>\n\n\n\n<li>wodog\u0142owie<\/li>\n\n\n\n<li>nieprawid\u0142owo\u015bci okulistyczne (w tym <a href=\"https:\/\/www.alab.pl\/centrum-wiedzy\/zacma-objawy-przyczyny-diagnostyka-i-leczenie-choroby\/\">za\u0107ma<\/a>, zapalenie siatk\u00f3wki i zapalenie naczyni\u00f3wki),<\/li>\n\n\n\n<li>wady <a href=\"https:\/\/www.alab.pl\/centrum-wiedzy\/uklad-moczowy-czlowieka-budowa-i-funkcje\/\">uk\u0142adu moczowego<\/a>.<\/li>\n<\/ul>\n\n\n\n<p><strong>&gt;&gt; Sprawd\u017a: <\/strong><a href=\"https:\/\/www.alab.pl\/centrum-wiedzy\/wady-letalne-czym-sa-przyczyny-rodzaje-diagnostyka\/\"><strong>Wady letalne \u2013 czym s\u0105? Przyczyny, rodzaje, diagnostyka<\/strong><\/a><\/p>\n\n\n\n<h3 class=\"wp-block-heading\" id=\"Ospa-w-ci\u0105\u017cy:-2.-trymestr\">Ospa w ci\u0105\u017cy: 2. trymestr<\/h3>\n\n\n\n<p>Wyst\u0105pienie zaka\u017cenia w p\u00f3\u017aniejszych okresach, w tym po 20. tygodniu ci\u0105\u017cy, <strong>niesie ze sob\u0105 ryzyko wyst\u0105pienia p\u00f3\u0142pa\u015bca w pierwszych latach \u017cycia dziecka.<\/strong> Wynika to z reaktywacji zaka\u017cenia VZV, do kt\u00f3rego dosz\u0142o jeszcze w trakcie \u017cycia p\u0142odowego.<\/p>\n\n\n\n<h3 class=\"wp-block-heading\" id=\"Ospa-w-ci\u0105\u017cy:-3.-trymestr\">Ospa w ci\u0105\u017cy: 3. trymestr<\/h3>\n\n\n\n<p>Zar\u00f3wno w III., jak i w II. trymestrze ci\u0105\u017cy istnieje r\u00f3wnie\u017c wysokie ryzyko wyst\u0105pienia <a href=\"https:\/\/www.alab.pl\/centrum-wiedzy\/zapalenie-pluc-objawy-przyczyny-leczenie\/\">zapalenia p\u0142uc<\/a> u kobiety ci\u0119\u017carnej. Jest to tak zwane <strong>ospowe zapalenie p\u0142uc.<\/strong> Za powik\u0142anie to mog\u0105 odpowiada\u0107 r\u00f3wnie\u017c wt\u00f3rnie bakterie, najcz\u0119\u015bciej <a href=\"https:\/\/www.alab.pl\/centrum-wiedzy\/gronkowiec-zlocisty-zakazenia-skory\/\"><em>S. aureus<\/em><\/a>, <em>S. pneumoniae<\/em>, ale r\u00f3wnie\u017c <em>H. influenzae.<\/em><\/p>\n\n\n\n<h2 class=\"wp-block-heading\" id=\"Powik\u0142ania-ospy-w-ci\u0105\u017cy\">Powik\u0142ania ospy w ci\u0105\u017cy<\/h2>\n\n\n\n<p>W tym akapicie zostan\u0105 om\u00f3wione powik\u0142ania ospy wietrznej w odniesieniu do kobiety ci\u0119\u017carnej. Najcz\u0119stsze komplikacje w przebiegu tego schorzenia to:<\/p>\n\n\n\n<ul class=\"wp-block-list\">\n<li>nadka\u017cenie bakteryjne wykwit\u00f3w sk\u00f3rnych (wi\u0105\u017c\u0105ce si\u0119 z ryzykiem pozostawienia blizn),<\/li>\n\n\n\n<li>zapalenie p\u0142uc (najcz\u0119\u015bciej rozwija si\u0119 w 3-5 dobie zaka\u017cenia),<\/li>\n\n\n\n<li><a href=\"https:\/\/www.alab.pl\/centrum-wiedzy\/zapalenie-opon-mozgowych-rodzaje-objawy-przyczyny-badania\/\">zapalenie opon m\u00f3zgowych i m\u00f3zgu<\/a>,<\/li>\n\n\n\n<li>poprzeczne zapalenie rdzenia,<\/li>\n\n\n\n<li>pora\u017cenie nerw\u00f3w czaszkowych,<\/li>\n\n\n\n<li>zapalenie siatk\u00f3wki,<\/li>\n\n\n\n<li>rzadziej zapalenie mi\u0119\u015bnia sercowego, nerek czy p\u0119cherza moczowego.<\/li>\n<\/ul>\n\n\n\n<p><strong>>> Przeczytaj: <\/strong><a href=\"https:\/\/www.alab.pl\/centrum-wiedzy\/ospa-wietrzna\/\"><strong>Ospa wietrzna a ospa ma\u0142pia. Czy maj\u0105 ze sob\u0105 co\u015b wsp\u00f3lnego?<\/strong><\/a><\/p>\n\n\n\n<h2 class=\"wp-block-heading\" id=\"Ospa-wietrzna-w-ci\u0105\u017cy:-leczenie\">Ospa wietrzna w ci\u0105\u017cy: leczenie<\/h2>\n\n\n\n<p>Ospa wietrzna u kobiety ci\u0119\u017carnej jest bezwzgl\u0119dnym wskazaniem do w\u0142\u0105czenia leczenia przeciwwirusowego, bez wzgl\u0119du na zaawansowanie choroby. Wynika to z faktu, \u017ce <strong>leczenie to mo\u017ce zmniejsza\u0107 ryzyko transmisji wirusa przez \u0142o\u017cysko,<\/strong> a tym samym ryzyko wyst\u0105pienia wad u rozwijaj\u0105cego si\u0119 p\u0142odu. Substancj\u0105, kt\u00f3r\u0105 stosuje si\u0119 w tym celu jest acyklowir. W ci\u0119\u017ckich przypadkach mo\u017ce by\u0107 konieczne podawanie do\u017cylne tego leku. W leczeniu objawowym stosuje si\u0119 natomiast leki przeciwb\u00f3lowe i przeciwgor\u0105czkowe (<a href=\"https:\/\/www.alab.pl\/centrum-wiedzy\/paracetamol-dawkowanie-skutki-uboczne-interakcje\/\">paracetamol<\/a>), a tak\u017ce substancje przeciw\u015bwi\u0105dowe.<\/p>\n\n\n\n<p>Warto podkre\u015bli\u0107, \u017ce zgodnie z aktualnymi wytycznymi <strong>nie powinno si\u0119 stosowa\u0107 papek i pudr\u00f3w na zmiany sk\u00f3rne<\/strong> w przebiegu ospy wietrznej, poniewa\u017c zwi\u0119ksza to ryzyko wt\u00f3rnego nadka\u017cenia bakteryjnego, a co za tym idzie \u2013 bliznowacenia.<\/p>\n\n\n\n<hr class=\"wp-block-separator has-alpha-channel-opacity\"\/>\n\n\n\n<p><strong>Bibliografia<\/strong><\/p>\n\n\n\n<ol class=\"wp-block-list\">\n<li>G. Br\u0119borowicz i inni, Po\u0142o\u017cnictwo i Ginekologia. Repetytorium, 2010,<\/li>\n\n\n\n<li>J. Cianciara i inni, Choroby zaka\u017ane i paso\u017cytnicze, Lublin 2007, s. 515\u2013516,3.<\/li>\n\n\n\n<li>\u0141. Wysocza\u0144ski i inni, Ospa wietrzna i p\u00f3\u0142pasiec u kobiet w ci\u0105\u017cy i po\u0142ogu, Ginekologia i Perinatologia Praktyczna 2019, tom 4\/1, s. 8\u201315.4.<\/li>\n\n\n\n<li>J. Tato\u0144, A. Czech, Diagnostyka internistyczna, PZWL Wydawnictwo Lekarskie, Warszawa 2005,<\/li>\n\n\n\n<li>A. Szczeklik, Piotr Gajewski, Interna Szczeklika, Wydawnictwo Medycyna Praktyczna, Krak\u00f3w 2020\/2021.<\/li>\n<\/ol>\n","protected":false},"excerpt":{"rendered":"<p>Ospa wietrzna mo\u017ce dotyka\u0107 nie tylko dzieci, ale te\u017c doros\u0142ych. Okres ci\u0105\u017cy wi\u0105\u017ce si\u0119 ze zwi\u0119kszonym ryzykiem ci\u0119\u017ckiego przebiegu choroby.<\/p>\n","protected":false},"author":165,"featured_media":27570,"comment_status":"closed","ping_status":"closed","sticky":false,"template":"","format":"standard","meta":{"_acf_changed":false,"inline_featured_image":false,"footnotes":""},"categories":[6,23],"tags":[],"coauthors":[176],"class_list":{"0":"post-27608","1":"post","2":"type-post","3":"status-publish","4":"format-standard","5":"has-post-thumbnail","7":"category-badania-w-ciazy-testy-prenatalne","8":"category-infekcje-i-pasozyty"},"acf":[],"yoast_head":"<!-- This site is optimized with the Yoast SEO plugin v27.5 - https:\/\/yoast.com\/product\/yoast-seo-wordpress\/ -->\n<title>Ospa w ci\u0105\u017cy \u2013 objawy, leczenie i powik\u0142ania. Czy jest niebezpieczna? - Centrum Wiedzy ALAB laboratoria<\/title>\n<meta name=\"description\" content=\"Ospa wietrzna mo\u017ce dotyka\u0107 nie tylko dzieci, ale te\u017c doros\u0142ych. Okres ci\u0105\u017cy wi\u0105\u017ce si\u0119 ze zwi\u0119kszonym ryzykiem ci\u0119\u017ckiego przebiegu choroby.\" \/>\n<meta name=\"robots\" content=\"index, follow, max-snippet:-1, max-image-preview:large, max-video-preview:-1\" \/>\n<link rel=\"canonical\" href=\"https:\/\/www.alab.pl\/centrum-wiedzy\/ospa-w-ciazy-objawy-leczenie-i-powiklania-czy-jest-niebezpieczna\/\" \/>\n<meta property=\"og:locale\" content=\"pl_PL\" \/>\n<meta property=\"og:type\" content=\"article\" \/>\n<meta property=\"og:title\" content=\"Ospa w ci\u0105\u017cy \u2013 objawy, leczenie i powik\u0142ania. Czy jest niebezpieczna? - Centrum Wiedzy ALAB laboratoria\" \/>\n<meta property=\"og:description\" content=\"Ospa wietrzna mo\u017ce dotyka\u0107 nie tylko dzieci, ale te\u017c doros\u0142ych. Okres ci\u0105\u017cy wi\u0105\u017ce si\u0119 ze zwi\u0119kszonym ryzykiem ci\u0119\u017ckiego przebiegu choroby.\" \/>\n<meta property=\"og:url\" content=\"https:\/\/www.alab.pl\/centrum-wiedzy\/ospa-w-ciazy-objawy-leczenie-i-powiklania-czy-jest-niebezpieczna\/\" \/>\n<meta property=\"og:site_name\" content=\"Centrum Wiedzy ALAB laboratoria\" \/>\n<meta property=\"article:publisher\" content=\"https:\/\/www.facebook.com\/ALABlaboratoria\" \/>\n<meta property=\"article:published_time\" content=\"2025-10-27T08:11:53+00:00\" \/>\n<meta property=\"article:modified_time\" content=\"2025-10-27T08:17:51+00:00\" \/>\n<meta property=\"og:image\" content=\"https:\/\/www.alab.pl\/centrum-wiedzy\/wp-content\/uploads\/2025\/10\/ospa_w_ciazy_cover.jpg\" \/>\n\t<meta property=\"og:image:width\" content=\"1925\" \/>\n\t<meta property=\"og:image:height\" content=\"1285\" \/>\n\t<meta property=\"og:image:type\" content=\"image\/jpeg\" \/>\n<meta name=\"author\" content=\"Katarzyna Banaszczyk\" \/>\n<meta name=\"twitter:card\" content=\"summary_large_image\" \/>\n<meta name=\"twitter:label1\" content=\"Napisane przez\" \/>\n\t<meta name=\"twitter:data1\" content=\"Katarzyna Banaszczyk\" \/>\n\t<meta name=\"twitter:label2\" content=\"Szacowany czas czytania\" \/>\n\t<meta name=\"twitter:data2\" content=\"8 minut\" \/>\n\t<meta name=\"twitter:label3\" content=\"Written by\" \/>\n\t<meta name=\"twitter:data3\" content=\"Katarzyna Banaszczyk\" \/>\n<!-- \/ Yoast SEO plugin. -->","yoast_head_json":{"title":"Ospa w ci\u0105\u017cy \u2013 objawy, leczenie i powik\u0142ania. Czy jest niebezpieczna? - Centrum Wiedzy ALAB laboratoria","description":"Ospa wietrzna mo\u017ce dotyka\u0107 nie tylko dzieci, ale te\u017c doros\u0142ych. Okres ci\u0105\u017cy wi\u0105\u017ce si\u0119 ze zwi\u0119kszonym ryzykiem ci\u0119\u017ckiego przebiegu choroby.","robots":{"index":"index","follow":"follow","max-snippet":"max-snippet:-1","max-image-preview":"max-image-preview:large","max-video-preview":"max-video-preview:-1"},"canonical":"https:\/\/www.alab.pl\/centrum-wiedzy\/ospa-w-ciazy-objawy-leczenie-i-powiklania-czy-jest-niebezpieczna\/","og_locale":"pl_PL","og_type":"article","og_title":"Ospa w ci\u0105\u017cy \u2013 objawy, leczenie i powik\u0142ania. Czy jest niebezpieczna? - Centrum Wiedzy ALAB laboratoria","og_description":"Ospa wietrzna mo\u017ce dotyka\u0107 nie tylko dzieci, ale te\u017c doros\u0142ych. Okres ci\u0105\u017cy wi\u0105\u017ce si\u0119 ze zwi\u0119kszonym ryzykiem ci\u0119\u017ckiego przebiegu choroby.","og_url":"https:\/\/www.alab.pl\/centrum-wiedzy\/ospa-w-ciazy-objawy-leczenie-i-powiklania-czy-jest-niebezpieczna\/","og_site_name":"Centrum Wiedzy ALAB laboratoria","article_publisher":"https:\/\/www.facebook.com\/ALABlaboratoria","article_published_time":"2025-10-27T08:11:53+00:00","article_modified_time":"2025-10-27T08:17:51+00:00","og_image":[{"width":1925,"height":1285,"url":"https:\/\/www.alab.pl\/centrum-wiedzy\/wp-content\/uploads\/2025\/10\/ospa_w_ciazy_cover.jpg","type":"image\/jpeg"}],"author":"Katarzyna Banaszczyk","twitter_card":"summary_large_image","twitter_misc":{"Napisane przez":"Katarzyna Banaszczyk","Szacowany czas czytania":"8 minut","Written by":"Katarzyna Banaszczyk"},"schema":{"@context":"https:\/\/schema.org","@graph":[{"@type":"Article","@id":"https:\/\/www.alab.pl\/centrum-wiedzy\/ospa-w-ciazy-objawy-leczenie-i-powiklania-czy-jest-niebezpieczna\/#article","isPartOf":{"@id":"https:\/\/www.alab.pl\/centrum-wiedzy\/ospa-w-ciazy-objawy-leczenie-i-powiklania-czy-jest-niebezpieczna\/"},"author":{"name":"Katarzyna Banaszczyk","@id":"https:\/\/www.alab.pl\/centrum-wiedzy\/#\/schema\/person\/308fb46be1959418e2e115e61c335941"},"headline":"Ospa w ci\u0105\u017cy \u2013 objawy, leczenie i powik\u0142ania. Czy jest niebezpieczna?","datePublished":"2025-10-27T08:11:53+00:00","dateModified":"2025-10-27T08:17:51+00:00","mainEntityOfPage":{"@id":"https:\/\/www.alab.pl\/centrum-wiedzy\/ospa-w-ciazy-objawy-leczenie-i-powiklania-czy-jest-niebezpieczna\/"},"wordCount":1536,"publisher":{"@id":"https:\/\/www.alab.pl\/centrum-wiedzy\/#organization"},"image":{"@id":"https:\/\/www.alab.pl\/centrum-wiedzy\/ospa-w-ciazy-objawy-leczenie-i-powiklania-czy-jest-niebezpieczna\/#primaryimage"},"thumbnailUrl":"https:\/\/www.alab.pl\/centrum-wiedzy\/wp-content\/uploads\/2025\/10\/ospa_w_ciazy_cover.jpg","articleSection":["Badania w ci\u0105\u017cy, testy prenatalne","Infekcje i paso\u017cyty"],"inLanguage":"pl-PL"},{"@type":"WebPage","@id":"https:\/\/www.alab.pl\/centrum-wiedzy\/ospa-w-ciazy-objawy-leczenie-i-powiklania-czy-jest-niebezpieczna\/","url":"https:\/\/www.alab.pl\/centrum-wiedzy\/ospa-w-ciazy-objawy-leczenie-i-powiklania-czy-jest-niebezpieczna\/","name":"Ospa w ci\u0105\u017cy \u2013 objawy, leczenie i powik\u0142ania. Czy jest niebezpieczna? - Centrum Wiedzy ALAB laboratoria","isPartOf":{"@id":"https:\/\/www.alab.pl\/centrum-wiedzy\/#website"},"primaryImageOfPage":{"@id":"https:\/\/www.alab.pl\/centrum-wiedzy\/ospa-w-ciazy-objawy-leczenie-i-powiklania-czy-jest-niebezpieczna\/#primaryimage"},"image":{"@id":"https:\/\/www.alab.pl\/centrum-wiedzy\/ospa-w-ciazy-objawy-leczenie-i-powiklania-czy-jest-niebezpieczna\/#primaryimage"},"thumbnailUrl":"https:\/\/www.alab.pl\/centrum-wiedzy\/wp-content\/uploads\/2025\/10\/ospa_w_ciazy_cover.jpg","datePublished":"2025-10-27T08:11:53+00:00","dateModified":"2025-10-27T08:17:51+00:00","description":"Ospa wietrzna mo\u017ce dotyka\u0107 nie tylko dzieci, ale te\u017c doros\u0142ych. Okres ci\u0105\u017cy wi\u0105\u017ce si\u0119 ze zwi\u0119kszonym ryzykiem ci\u0119\u017ckiego przebiegu choroby.","breadcrumb":{"@id":"https:\/\/www.alab.pl\/centrum-wiedzy\/ospa-w-ciazy-objawy-leczenie-i-powiklania-czy-jest-niebezpieczna\/#breadcrumb"},"inLanguage":"pl-PL","potentialAction":[{"@type":"ReadAction","target":["https:\/\/www.alab.pl\/centrum-wiedzy\/ospa-w-ciazy-objawy-leczenie-i-powiklania-czy-jest-niebezpieczna\/"]}]},{"@type":"ImageObject","inLanguage":"pl-PL","@id":"https:\/\/www.alab.pl\/centrum-wiedzy\/ospa-w-ciazy-objawy-leczenie-i-powiklania-czy-jest-niebezpieczna\/#primaryimage","url":"https:\/\/www.alab.pl\/centrum-wiedzy\/wp-content\/uploads\/2025\/10\/ospa_w_ciazy_cover.jpg","contentUrl":"https:\/\/www.alab.pl\/centrum-wiedzy\/wp-content\/uploads\/2025\/10\/ospa_w_ciazy_cover.jpg","width":1925,"height":1285,"caption":"ospa_w_ciazy_cover"},{"@type":"BreadcrumbList","@id":"https:\/\/www.alab.pl\/centrum-wiedzy\/ospa-w-ciazy-objawy-leczenie-i-powiklania-czy-jest-niebezpieczna\/#breadcrumb","itemListElement":[{"@type":"ListItem","position":1,"name":"Strona g\u0142\u00f3wna","item":"https:\/\/www.alab.pl\/centrum-wiedzy\/"},{"@type":"ListItem","position":2,"name":"Ospa w ci\u0105\u017cy \u2013 objawy, leczenie i powik\u0142ania. Czy jest niebezpieczna?"}]},{"@type":"WebSite","@id":"https:\/\/www.alab.pl\/centrum-wiedzy\/#website","url":"https:\/\/www.alab.pl\/centrum-wiedzy\/","name":"Centrum Wiedzy ALAB laboratoria","description":"","publisher":{"@id":"https:\/\/www.alab.pl\/centrum-wiedzy\/#organization"},"potentialAction":[{"@type":"SearchAction","target":{"@type":"EntryPoint","urlTemplate":"https:\/\/www.alab.pl\/centrum-wiedzy\/?s={search_term_string}"},"query-input":{"@type":"PropertyValueSpecification","valueRequired":true,"valueName":"search_term_string"}}],"inLanguage":"pl-PL"},{"@type":"Organization","@id":"https:\/\/www.alab.pl\/centrum-wiedzy\/#organization","name":"Centrum Wiedzy ALAB laboratoria","url":"https:\/\/www.alab.pl\/centrum-wiedzy\/","logo":{"@type":"ImageObject","inLanguage":"pl-PL","@id":"https:\/\/www.alab.pl\/centrum-wiedzy\/#\/schema\/logo\/image\/","url":"https:\/\/www.alab.pl\/centrum-wiedzy\/wp-content\/uploads\/2022\/04\/alabek.jpg","contentUrl":"https:\/\/www.alab.pl\/centrum-wiedzy\/wp-content\/uploads\/2022\/04\/alabek.jpg","width":1250,"height":1251,"caption":"Centrum Wiedzy ALAB laboratoria"},"image":{"@id":"https:\/\/www.alab.pl\/centrum-wiedzy\/#\/schema\/logo\/image\/"},"sameAs":["https:\/\/www.facebook.com\/ALABlaboratoria"]},{"@type":"Person","@id":"https:\/\/www.alab.pl\/centrum-wiedzy\/#\/schema\/person\/308fb46be1959418e2e115e61c335941","name":"Katarzyna Banaszczyk","image":{"@type":"ImageObject","inLanguage":"pl-PL","@id":"https:\/\/www.alab.pl\/centrum-wiedzy\/wp-content\/uploads\/2024\/12\/Katarzyna-Banaszczyk-150x150.jpgdd037207674aeb9b7e97c9616a0cf536","url":"https:\/\/www.alab.pl\/centrum-wiedzy\/wp-content\/uploads\/2024\/12\/Katarzyna-Banaszczyk-150x150.jpg","contentUrl":"https:\/\/www.alab.pl\/centrum-wiedzy\/wp-content\/uploads\/2024\/12\/Katarzyna-Banaszczyk-150x150.jpg","caption":"Katarzyna Banaszczyk"},"description":"Lekarka w trakcie specjalizacji z dermatologii i wenerologii. Absolwentka Collegium Medicum UMK im. Ludwika Rydygiera w Bydgoszczy. Wyk\u0142adowca akademicki Collegium Medicum im. W\u0142adys\u0142awa Biega\u0144skiego w Cz\u0119stochowie.","url":"https:\/\/www.alab.pl\/centrum-wiedzy\/author\/katarzyna-banaszczyk\/"}]}},"_links":{"self":[{"href":"https:\/\/www.alab.pl\/centrum-wiedzy\/wp-json\/wp\/v2\/posts\/27608","targetHints":{"allow":["GET"]}}],"collection":[{"href":"https:\/\/www.alab.pl\/centrum-wiedzy\/wp-json\/wp\/v2\/posts"}],"about":[{"href":"https:\/\/www.alab.pl\/centrum-wiedzy\/wp-json\/wp\/v2\/types\/post"}],"author":[{"embeddable":true,"href":"https:\/\/www.alab.pl\/centrum-wiedzy\/wp-json\/wp\/v2\/users\/165"}],"replies":[{"embeddable":true,"href":"https:\/\/www.alab.pl\/centrum-wiedzy\/wp-json\/wp\/v2\/comments?post=27608"}],"version-history":[{"count":5,"href":"https:\/\/www.alab.pl\/centrum-wiedzy\/wp-json\/wp\/v2\/posts\/27608\/revisions"}],"predecessor-version":[{"id":27614,"href":"https:\/\/www.alab.pl\/centrum-wiedzy\/wp-json\/wp\/v2\/posts\/27608\/revisions\/27614"}],"wp:featuredmedia":[{"embeddable":true,"href":"https:\/\/www.alab.pl\/centrum-wiedzy\/wp-json\/wp\/v2\/media\/27570"}],"wp:attachment":[{"href":"https:\/\/www.alab.pl\/centrum-wiedzy\/wp-json\/wp\/v2\/media?parent=27608"}],"wp:term":[{"taxonomy":"category","embeddable":true,"href":"https:\/\/www.alab.pl\/centrum-wiedzy\/wp-json\/wp\/v2\/categories?post=27608"},{"taxonomy":"post_tag","embeddable":true,"href":"https:\/\/www.alab.pl\/centrum-wiedzy\/wp-json\/wp\/v2\/tags?post=27608"},{"taxonomy":"author","embeddable":true,"href":"https:\/\/www.alab.pl\/centrum-wiedzy\/wp-json\/wp\/v2\/coauthors?post=27608"}],"curies":[{"name":"wp","href":"https:\/\/api.w.org\/{rel}","templated":true}]}}