{"id":27615,"date":"2025-10-27T09:49:32","date_gmt":"2025-10-27T08:49:32","guid":{"rendered":"https:\/\/www.alab.pl\/centrum-wiedzy\/?p=27615"},"modified":"2025-10-27T09:49:35","modified_gmt":"2025-10-27T08:49:35","slug":"zespol-suchego-oka-objawy-przyczyny-i-leczenie-zso","status":"publish","type":"post","link":"https:\/\/www.alab.pl\/centrum-wiedzy\/zespol-suchego-oka-objawy-przyczyny-i-leczenie-zso\/","title":{"rendered":"Zesp\u00f3\u0142 suchego oka \u2013 objawy, przyczyny i leczenie ZSO"},"content":{"rendered":"\n<p><strong>Pieczenie, \u0142zawienie i zaczerwienienie oczu po pracy przy komputerze to jedne z cz\u0119stszych objaw\u00f3w zespo\u0142u suchego oka \u2013 dolegliwo\u015bci, kt\u00f3ra dotyka coraz wi\u0119cej os\u00f3b. Schorzenie to wynika z zaburze\u0144 w produkcji lub sk\u0142adzie \u0142ez, co prowadzi do podra\u017cnienia powierzchni oka i pogorszenia komfortu widzenia. W artykule wyja\u015bniamy, czym dok\u0142adnie jest zesp\u00f3\u0142 suchego oka, jakie s\u0105 jego przyczyny, objawy oraz dost\u0119pne metody leczenia.<\/strong><\/p>\n\n\n\n<figure class=\"wp-block-table\"><table class=\"has-fixed-layout\"><tbody><tr><td><strong>Kluczowe informacje \u2013 w skr\u00f3cie:<\/strong> <br>>> Zesp\u00f3\u0142 suchego oka to przewlek\u0142a choroba filmu \u0142zowego i powierzchni oka. <br>>> Objawia si\u0119 pieczeniem, uczuciem \u201epiasku\u201d pod powiekami,<a href=\"https:\/\/www.alab.pl\/centrum-wiedzy\/jakie-moga-byc-przyczyny-drgajacej-powieki-i-jak-sobie-z-tym-radzic\/\"> \u0142zawieniem<\/a>, zamazanym widzeniem. <br>>> Najcz\u0119stsze czynniki ryzyka to: wiek, praca przy komputerze, leki, zaburzenia hormonalne i choroby autoimmunologiczne. <br>>> Diagnostyka obejmuje test Schirmera, ocen\u0119 czasu przerwania filmu \u0142zowego (TBUT) i barwienie fluorescein\u0105. <br>>> Leczenie polega g\u0142\u00f3wnie na nawil\u017caniu oczu, higienie powiek i eliminacji czynnik\u00f3w nasilaj\u0105cych objawy.<\/td><\/tr><\/tbody><\/table><\/figure>\n\n\n\n<p><strong>Spis tre\u015bci:<\/strong><\/p>\n\n\n\n<ol class=\"wp-block-list\">\n<li><a href=\"#Zesp\u00f3\u0142-suchego-oka-\u2013-co-to-za-schorzenie?\">Zesp\u00f3\u0142 suchego oka \u2013 co to za schorzenie?<\/a><\/li>\n\n\n\n<li><a href=\"#Zesp\u00f3\u0142-suchego-oka-\u2013-objawy\">Zesp\u00f3\u0142 suchego oka \u2013 objawy<\/a><\/li>\n\n\n\n<li><a href=\"#Przyczyny-rozwoju-zespo\u0142u-suchego-oka\">Przyczyny rozwoju zespo\u0142u suchego oka<\/a><\/li>\n\n\n\n<li><a href=\"#Diagnostyka-zespo\u0142u-suchego-oka-\u2013-jakie-badania-wykona\u0107?\">Diagnostyka zespo\u0142u suchego oka \u2013 jakie badania wykona\u0107?<\/a><\/li>\n\n\n\n<li><a href=\"#Co-na-zesp\u00f3\u0142-suchego-oka-\u2013-leczenie-ZSO\">Co na zesp\u00f3\u0142 suchego oka \u2013 leczenie ZSO<\/a>\n<ul class=\"wp-block-list\">\n<li><a href=\"#Zesp\u00f3\u0142-suchego-oka-\u2013-domowe-sposoby-na-dolegliwo\u015b\u0107\">Zesp\u00f3\u0142 suchego oka \u2013 domowe sposoby na dolegliwo\u015b\u0107<\/a><\/li>\n<\/ul>\n<\/li>\n\n\n\n<li><a href=\"#Czy-mo\u017cna-zapobiec-zespo\u0142owi-suchego-oka?\">Czy mo\u017cna zapobiec zespo\u0142owi suchego oka?<\/a><\/li>\n\n\n\n<li><a href=\"#ZSO-\u2013-najcz\u0119stsze-pytania-(FAQ)\">ZSO \u2013 najcz\u0119stsze pytania (FAQ)<\/a><\/li>\n\n\n\n<li><a href=\"#Zesp\u00f3\u0142-suchego-oka-\u2013-podsumowanie-informacji\">Zesp\u00f3\u0142 suchego oka \u2013 podsumowanie informacji<\/a><\/li>\n<\/ol>\n\n\n\n<h2 class=\"wp-block-heading\" id=\"Zesp\u00f3\u0142-suchego-oka-\u2013-co-to-za-schorzenie?\">Zesp\u00f3\u0142 suchego oka \u2013 co to za schorzenie?<\/h2>\n\n\n\n<p>Zesp\u00f3\u0142 suchego oka (ZSO, kod ICD-10: H04) to przewlek\u0142a choroba, kt\u00f3ra <strong>prowadzi do niedostatecznego nawil\u017cenia powierzchni oka.<\/strong> W prawid\u0142owych warunkach film \u0142zowy chroni rog\u00f3wk\u0119 i spoj\u00f3wk\u0119, zapewniaj\u0105c komfort widzenia. Gdy \u0142zy s\u0105 produkowane w zbyt ma\u0142ej ilo\u015bci lub maj\u0105 zaburzony sk\u0142ad, powierzchnia oka staje si\u0119 podatna na podra\u017cnienia i mikrourazy.<\/p>\n\n\n\n<p>Objawy mog\u0105 rozwija\u0107 si\u0119 stopniowo i pocz\u0105tkowo nie s\u0105 \u0142atwe do uchwycenia. Wraz z post\u0119pem choroby <strong>pojawiaj\u0105 si\u0119 m.in. zaburzenia widzenia, zm\u0119czenie oczu i trudno\u015bci z koncentracj\u0105<\/strong> podczas pracy wzrokowej.<\/p>\n\n\n\n<p><strong>>> Przeczytaj: <\/strong><a href=\"https:\/\/www.alab.pl\/centrum-wiedzy\/zapalenie-spojowek-objawy-przyczyny-rodzaje-i-leczenie\/\"><strong>Zapalenie spoj\u00f3wek: objawy, przyczyny, rodzaje i leczenie<\/strong><\/a><\/p>\n\n\n\n<h2 class=\"wp-block-heading\" id=\"Zesp\u00f3\u0142-suchego-oka-\u2013-objawy\">Zesp\u00f3\u0142 suchego oka \u2013 objawy<\/h2>\n\n\n\n<p>Zesp\u00f3\u0142 suchego oka mo\u017ce dawa\u0107 r\u00f3\u017cne dolegliwo\u015bci \u2013 od niewielkiego dyskomfortu po znaczne utrudnienia w codziennym funkcjonowaniu.<\/p>\n\n\n\n<p><strong>Najcz\u0119stsze objawy to:<\/strong><\/p>\n\n\n\n<ul class=\"wp-block-list\">\n<li>uczucie sucho\u015bci, pieczenia lub \u201epiasku\u201d pod powiekami,<\/li>\n\n\n\n<li>zaczerwienienie i podra\u017cnienie oczu,<\/li>\n\n\n\n<li>nadwra\u017cliwo\u015b\u0107 na \u015bwiat\u0142o,<\/li>\n\n\n\n<li>zamazane, faluj\u0105ce widzenie (szczeg\u00f3lnie wieczorem),<\/li>\n\n\n\n<li>\u0142zawienie (paradoksalnie) \u2013 \u0142zy s\u0105 produkowane, ale nie nawil\u017caj\u0105 prawid\u0142owo,<\/li>\n\n\n\n<li>trudno\u015bci w noszeniu soczewek kontaktowych.<\/li>\n<\/ul>\n\n\n\n<figure class=\"wp-block-image size-full\"><img loading=\"lazy\" decoding=\"async\" width=\"800\" height=\"200\" src=\"https:\/\/www.alab.pl\/centrum-wiedzy\/wp-content\/uploads\/2024\/08\/Badania-przeciwcial-anty-SLA_LP-jpg.webp\" alt=\"Badania przeciwcia\u0142 anty-SLA_LP\" class=\"wp-image-16420\" srcset=\"https:\/\/www.alab.pl\/centrum-wiedzy\/wp-content\/uploads\/2024\/08\/Badania-przeciwcial-anty-SLA_LP-jpg.webp 800w, https:\/\/www.alab.pl\/centrum-wiedzy\/wp-content\/uploads\/2024\/08\/Badania-przeciwcial-anty-SLA_LP-jpg-768x192.webp 768w, https:\/\/www.alab.pl\/centrum-wiedzy\/wp-content\/uploads\/2024\/08\/Badania-przeciwcial-anty-SLA_LP-jpg-150x38.webp 150w, https:\/\/www.alab.pl\/centrum-wiedzy\/wp-content\/uploads\/2024\/08\/Badania-przeciwcial-anty-SLA_LP-jpg-300x75.webp 300w, https:\/\/www.alab.pl\/centrum-wiedzy\/wp-content\/uploads\/2024\/08\/Badania-przeciwcial-anty-SLA_LP-jpg-696x174.webp 696w\" sizes=\"auto, (max-width: 800px) 100vw, 800px\" \/><\/figure>\n\n\n\n<p><strong>Objawy nasilaj\u0105 si\u0119 podczas pracy przy komputerze, w klimatyzowanych pomieszczeniach, zim\u0105 lub przy wietrze.<\/strong><\/p>\n\n\n\n<p><strong>&gt;&gt; Zobacz r\u00f3wnie\u017c: <\/strong><a href=\"https:\/\/www.alab.pl\/centrum-wiedzy\/lzawienie-oczu-przyczyny-leczenie-nadmiernego-lzawienia\/\"><strong>\u0141zawienie oczu: przyczyny, leczenie nadmiernego \u0142zawienia<\/strong><\/a><strong><\/strong><\/p>\n\n\n\n<h2 class=\"wp-block-heading\" id=\"Przyczyny-rozwoju-zespo\u0142u-suchego-oka\">Przyczyny rozwoju zespo\u0142u suchego oka<\/h2>\n\n\n\n<p>Zesp\u00f3\u0142 suchego oka mo\u017ce mie\u0107 wiele przyczyn \u2013 zar\u00f3wno og\u00f3lnoustrojowych, jak i \u015brodowiskowych. Cz\u0119sto wsp\u00f3\u0142istnieje kilka czynnik\u00f3w, kt\u00f3re razem nasilaj\u0105 dolegliwo\u015bci. Do najcz\u0119stszych nale\u017c\u0105:<\/p>\n\n\n\n<ul class=\"wp-block-list\">\n<li><strong>zmniejszona produkcja \u0142ez<\/strong> \u2013 np. w przebiegu <a href=\"https:\/\/www.alab.pl\/centrum-wiedzy\/zespol-sjogrena\/\">zespo\u0142u Sj\u00f6grena<\/a>, <a href=\"https:\/\/www.alab.pl\/centrum-wiedzy\/czym-jest-rzs-jak-czesto-wystepuje-kogo-dotyka\/\">reumatoidalnego zapalenia staw\u00f3w<\/a>, po radioterapii,<\/li>\n\n\n\n<li><strong>zwi\u0119kszone parowanie \u0142ez<\/strong> \u2013 wynikaj\u0105ce z dysfunkcji gruczo\u0142\u00f3w Meiboma (odpowiedzialnych za wydzielanie lipidowej warstwy filmu \u0142zowego) lub zbyt rzadkiego mrugania,<\/li>\n\n\n\n<li><strong>zaburzenia hormonalne<\/strong> \u2013 niedobory <a href=\"https:\/\/www.alab.pl\/centrum-wiedzy\/niski-poziom-estrogenu-przyczyny-objawy-badania-leczenie\/\">estrogen\u00f3w<\/a> i <a href=\"https:\/\/www.alab.pl\/centrum-wiedzy\/czym-sa-androgeny-i-za-co-odpowiadaja-kiedy-badac-ich-poziom\/\">androgen\u00f3w<\/a>, szczeg\u00f3lnie u kobiet po <a href=\"https:\/\/www.alab.pl\/centrum-wiedzy\/menopauza-wazny-okres-w-zyciu-kobiety\/\">menopauzie<\/a>,<\/li>\n\n\n\n<li><strong>dzia\u0142anie niekt\u00f3rych lek\u00f3w<\/strong> \u2013 m.in. przeciwhistaminowych, przeciwdepresyjnych, beta-bloker\u00f3w, diuretyk\u00f3w czy antykoncepcji doustnej,<\/li>\n\n\n\n<li><strong>niekorzystne warunki zewn\u0119trzne<\/strong> \u2013 klimatyzacja, dym tytoniowy, zanieczyszczone powietrze,<\/li>\n\n\n\n<li><strong>zabiegi okulistyczne<\/strong> \u2013 takie jak laserowa korekcja wzroku, mog\u0105 czasowo zaburza\u0107 film \u0142zowy.<\/li>\n<\/ul>\n\n\n\n<figure class=\"wp-block-table\"><table class=\"has-fixed-layout\"><tbody><tr><td><strong>Warto wiedzie\u0107:<\/strong> <br>Zesp\u00f3\u0142 suchego oka cz\u0119\u015bciej wyst\u0119puje u kobiet, os\u00f3b w starszym wieku oraz pacjent\u00f3w z <a href=\"https:\/\/www.alab.pl\/centrum-wiedzy\/choroby-autoimmunologiczne-czym-sa-objawy-diagnostyka-i-leczenie\/\">chorobami autoimmunologicznymi<\/a>.<\/td><\/tr><\/tbody><\/table><\/figure>\n\n\n\n<h2 class=\"wp-block-heading\" id=\"Diagnostyka-zespo\u0142u-suchego-oka-\u2013-jakie-badania-wykona\u0107?\">Diagnostyka zespo\u0142u suchego oka \u2013 jakie badania wykona\u0107?<\/h2>\n\n\n\n<p>Rozpoznanie zespo\u0142u suchego oka opiera si\u0119 na po\u0142\u0105czeniu dok\u0142adnego wywiadu lekarskiego z prostymi badaniami okulistycznymi. Ich celem jest ocena ilo\u015bci i jako\u015bci \u0142ez oraz stanu powierzchni oka. Najcz\u0119\u015bciej wykonywane testy:<\/p>\n\n\n\n<ul class=\"wp-block-list\">\n<li><strong>kwestionariusz OSDI<\/strong> \u2013 formularz wype\u0142niany przez pacjenta, pozwalaj\u0105cy okre\u015bli\u0107 subiektywne nasilenie objaw\u00f3w.<\/li>\n\n\n\n<li><strong>test Schirmera<\/strong> \u2013 badanie ilo\u015bci \u0142ez, polegaj\u0105ce na umieszczeniu paska bibu\u0142y pod doln\u0105 powiek\u0105; po 5 minutach ocenia si\u0119 d\u0142ugo\u015b\u0107 zwil\u017cenia.<\/li>\n\n\n\n<li><strong>test przerwania filmu \u0142zowego (TBUT)<\/strong> \u2013 ocena stabilno\u015bci \u0142ez; mierzy czas od ostatniego mrugni\u0119cia do pojawienia si\u0119 suchych plam na rog\u00f3wce.<\/li>\n\n\n\n<li><strong>barwienie fluorescein\u0105 lub zieleni\u0105 lizaminow\u0105<\/strong> \u2013 proste, bezbolesne badanie z u\u017cyciem specjalnych barwnik\u00f3w, kt\u00f3re pozwalaj\u0105 uwidoczni\u0107 mikrourazy nab\u0142onka rog\u00f3wki.<\/li>\n\n\n\n<li><strong>ocena gruczo\u0142\u00f3w Meiboma<\/strong> \u2013 specjalistyczne badanie, kt\u00f3re pomaga rozpozna\u0107 posta\u0107 paruj\u0105c\u0105 zespo\u0142u suchego oka.<\/li>\n<\/ul>\n\n\n\n<figure class=\"wp-block-image size-full\"><a href=\"https:\/\/www.alab.pl\/badanie\/pc-przeciw-jadrowe-ana-wykrywanie-metoda-iift-miano-o21\"><img loading=\"lazy\" decoding=\"async\" width=\"800\" height=\"200\" src=\"https:\/\/www.alab.pl\/centrum-wiedzy\/wp-content\/uploads\/2025\/05\/Badanie-przeciwcial-przeciwjadrowych-ANA.png\" alt=\"Badanie przeciwcia\u0142 przeciwja\u0328drowych ANA banerek\" class=\"wp-image-23892\" srcset=\"https:\/\/www.alab.pl\/centrum-wiedzy\/wp-content\/uploads\/2025\/05\/Badanie-przeciwcial-przeciwjadrowych-ANA.png 800w, https:\/\/www.alab.pl\/centrum-wiedzy\/wp-content\/uploads\/2025\/05\/Badanie-przeciwcial-przeciwjadrowych-ANA-768x192.png 768w, https:\/\/www.alab.pl\/centrum-wiedzy\/wp-content\/uploads\/2025\/05\/Badanie-przeciwcial-przeciwjadrowych-ANA-150x38.png 150w, https:\/\/www.alab.pl\/centrum-wiedzy\/wp-content\/uploads\/2025\/05\/Badanie-przeciwcial-przeciwjadrowych-ANA-300x75.png 300w, https:\/\/www.alab.pl\/centrum-wiedzy\/wp-content\/uploads\/2025\/05\/Badanie-przeciwcial-przeciwjadrowych-ANA-696x174.png 696w\" sizes=\"auto, (max-width: 800px) 100vw, 800px\" \/><\/a><\/figure>\n\n\n\n<p><strong>Wi\u0119kszo\u015b\u0107 bada\u0144 mo\u017cna wykona\u0107 podczas jednej wizyty u okulisty<\/strong> \u2013 s\u0105 one szybkie, nieinwazyjne i bezpieczne.<\/p>\n\n\n\n<p><strong>&gt;&gt; Zobacz: <\/strong><a href=\"https:\/\/www.alab.pl\/centrum-wiedzy\/nuzeniec\/\"><strong>Nu\u017ceniec \u2013 przyczyna dokuczliwej choroby oczu i sk\u00f3ry<\/strong><\/a><strong><\/strong><\/p>\n\n\n\n<h2 class=\"wp-block-heading\" id=\"Co-na-zesp\u00f3\u0142-suchego-oka-\u2013-leczenie-ZSO\">Co na zesp\u00f3\u0142 suchego oka \u2013 leczenie ZSO<\/h2>\n\n\n\n<p>Leczenie ma na celu przywr\u00f3cenie r\u00f3wnowagi filmu \u0142zowego i \u0142agodzenie objaw\u00f3w. Najwa\u017cniejsze jest wyeliminowanie czynnik\u00f3w nasilaj\u0105cych chorob\u0119 oraz regularne nawil\u017canie powierzchni oka.<\/p>\n\n\n\n<p><strong>Podstawowe metody leczenia:<\/strong><\/p>\n\n\n\n<ul class=\"wp-block-list\">\n<li><strong>sztuczne \u0142zy bez konserwant\u00f3w<\/strong> \u2013 podstawowy spos\u00f3b \u0142agodzenia dolegliwo\u015bci; w ci\u0119\u017cszych przypadkach zaleca si\u0119 \u017cele lub ma\u015bci na noc.<\/li>\n\n\n\n<li><strong>preparaty lipidowe<\/strong> \u2013 uzupe\u0142niaj\u0105 warstw\u0119 t\u0142uszczow\u0105 \u0142ez przy dysfunkcji gruczo\u0142\u00f3w Meiboma.<\/li>\n\n\n\n<li><strong>leki przeciwzapalne<\/strong> \u2013 krople z cyklosporyn\u0105 A lub kr\u00f3tkotrwa\u0142a terapia kortykosteroidami.<\/li>\n\n\n\n<li><strong>zatyczki punkt\u00f3w \u0142zowych<\/strong> \u2013 zapobiegaj\u0105 odp\u0142ywowi \u0142ez z oka.<\/li>\n\n\n\n<li><strong>w ci\u0119\u017cszych przypadkach<\/strong> \u2013 surowica autologiczna, intensywne \u015bwiat\u0142o pulsacyjne (IPL), soczewki opatrunkowe.<\/li>\n<\/ul>\n\n\n\n<figure class=\"wp-block-image size-full\"><a href=\"https:\/\/www.alab.pl\/badanie\/ssb-la\"><img loading=\"lazy\" decoding=\"async\" width=\"800\" height=\"200\" src=\"https:\/\/www.alab.pl\/centrum-wiedzy\/wp-content\/uploads\/2025\/10\/Badanie-przeciwcial-przeciw-SS-BLa.png\" alt=\"Badanie przeciwcia\u0142 przeciw SS-BLa banerek\" class=\"wp-image-27161\" srcset=\"https:\/\/www.alab.pl\/centrum-wiedzy\/wp-content\/uploads\/2025\/10\/Badanie-przeciwcial-przeciw-SS-BLa.png 800w, https:\/\/www.alab.pl\/centrum-wiedzy\/wp-content\/uploads\/2025\/10\/Badanie-przeciwcial-przeciw-SS-BLa-768x192.png 768w, https:\/\/www.alab.pl\/centrum-wiedzy\/wp-content\/uploads\/2025\/10\/Badanie-przeciwcial-przeciw-SS-BLa-150x38.png 150w, https:\/\/www.alab.pl\/centrum-wiedzy\/wp-content\/uploads\/2025\/10\/Badanie-przeciwcial-przeciw-SS-BLa-300x75.png 300w, https:\/\/www.alab.pl\/centrum-wiedzy\/wp-content\/uploads\/2025\/10\/Badanie-przeciwcial-przeciw-SS-BLa-696x174.png 696w\" sizes=\"auto, (max-width: 800px) 100vw, 800px\" \/><\/a><\/figure>\n\n\n\n<p><strong>&gt;&gt; To mo\u017ce Ci\u0119 zainteresowa\u0107: <\/strong><a href=\"https:\/\/www.alab.pl\/centrum-wiedzy\/opuchniete-oczy-alergia-i-inne-mozliwe-przyczyny\/\"><strong>Opuchni\u0119te oczy \u2013 alergia i inne mo\u017cliwe przyczyny<\/strong><\/a><strong><\/strong><\/p>\n\n\n\n<h3 class=\"wp-block-heading\" id=\"Zesp\u00f3\u0142-suchego-oka-\u2013-domowe-sposoby-na-dolegliwo\u015b\u0107\">Zesp\u00f3\u0142 suchego oka \u2013 domowe sposoby na dolegliwo\u015b\u0107<\/h3>\n\n\n\n<p>W \u0142agodnych postaciach ZSO pomocne mog\u0105 by\u0107 dzia\u0142ania, kt\u00f3re zmniejszaj\u0105 parowanie \u0142ez i wspieraj\u0105 regeneracj\u0119 oka:<\/p>\n\n\n\n<ul class=\"wp-block-list\">\n<li>cz\u0119ste, \u015bwiadome mruganie podczas pracy przy komputerze,<\/li>\n\n\n\n<li>przerwy wzrokowe co 20 minut (regu\u0142a 20-20-20),<\/li>\n\n\n\n<li>unikanie dymu, wiatru, klimatyzacji,<\/li>\n\n\n\n<li>nawil\u017canie powietrza w pomieszczeniach,<\/li>\n\n\n\n<li>dieta bogata w kwasy t\u0142uszczowe <a href=\"https:\/\/www.alab.pl\/centrum-wiedzy\/kwasy-omega-3-i-omega-6-czy-masz-ich-wystarczajaca-ilosc-w-diecie\/\">omega-3<\/a> (ryby morskie, <a href=\"https:\/\/www.alab.pl\/centrum-wiedzy\/siemie-lniane-jakie-ma-wlasciwosci-i-na-co-pomaga-wartosci-odzywcze-i-przeciwwskazania\/\">siemi\u0119 lniane<\/a>, orzechy),<\/li>\n\n\n\n<li>odpowiednie nawodnienie organizmu.<\/li>\n<\/ul>\n\n\n\n<h2 class=\"wp-block-heading\" id=\"Czy-mo\u017cna-zapobiec-zespo\u0142owi-suchego-oka?\">Czy mo\u017cna zapobiec zespo\u0142owi suchego oka?<\/h2>\n\n\n\n<p>Nie zawsze da si\u0119 zapobiec wyst\u0105pieniu ZSO, ale mo\u017cna znacz\u0105co zmniejszy\u0107 jego ryzyko. Warto dba\u0107 o prawid\u0142owe warunki pracy przy komputerze, higien\u0119 powiek i ochron\u0119 oczu przed czynnikami dra\u017cni\u0105cymi. U os\u00f3b z predyspozycjami (np. po 50. roku \u017cycia, w trakcie terapii hormonalnej) wskazane s\u0105 regularne kontrole okulistyczne.<\/p>\n\n\n\n<p><strong>&gt;&gt; Sprawd\u017a: <\/strong><a href=\"https:\/\/www.alab.pl\/centrum-wiedzy\/cienie-i-since-pod-oczami-mozliwe-przyczyny-kiedy-moga-swiadczyc-o-chorobie\/\"><strong>Cienie i si\u0144ce pod oczami \u2013 mo\u017cliwe przyczyny. Kiedy mog\u0105 \u015bwiadczy\u0107 o chorobie?<\/strong><\/a><strong><\/strong><\/p>\n\n\n\n<h2 class=\"wp-block-heading\" id=\"ZSO-\u2013-najcz\u0119stsze-pytania-(FAQ)\">ZSO \u2013 najcz\u0119stsze pytania (FAQ)<\/h2>\n\n\n\n<div class=\"schema-faq wp-block-yoast-faq-block\"><div class=\"schema-faq-section\" id=\"faq-question-1761554295099\"><strong class=\"schema-faq-question\"><strong>Jakich witamin brakuje przy zespole suchego oka?<\/strong><\/strong> <p class=\"schema-faq-answer\">Najcz\u0119\u015bciej niedob\u00f3r dotyczy <a href=\"https:\/\/www.alab.pl\/centrum-wiedzy\/witamina-a\/\">witaminy A<\/a> oraz kwas\u00f3w t\u0142uszczowych omega-3, kt\u00f3re wspieraj\u0105 regeneracj\u0119 nab\u0142onka rog\u00f3wki.<\/p> <\/div> <div class=\"schema-faq-section\" id=\"faq-question-1761554330005\"><strong class=\"schema-faq-question\"><strong>Do czego mo\u017ce doprowadzi\u0107 zesp\u00f3\u0142 suchego oka?<\/strong><\/strong> <p class=\"schema-faq-answer\">Nieleczony ZSO mo\u017ce prowadzi\u0107 do przewlek\u0142ego zapalenia rog\u00f3wki, owrzodze\u0144 i pogorszenia ostro\u015bci wzroku.<\/p> <\/div> <div class=\"schema-faq-section\" id=\"faq-question-1761554346320\"><strong class=\"schema-faq-question\"><strong>Jak sprawdzi\u0107, czy ma si\u0119 zesp\u00f3\u0142 suchego oka?<\/strong><\/strong> <p class=\"schema-faq-answer\">Warto wykona\u0107 test OSDI lub zg\u0142osi\u0107 si\u0119 do okulisty na badania: test Schirmera i test TBUT.<\/p> <\/div> <div class=\"schema-faq-section\" id=\"faq-question-1761554360484\"><strong class=\"schema-faq-question\"><strong>Jak d\u0142ugo trwa zesp\u00f3\u0142 suchego oka?<\/strong><\/strong> <p class=\"schema-faq-answer\">Choroba ma charakter przewlek\u0142y. Objawy mog\u0105 si\u0119 utrzymywa\u0107 przez lata, ale odpowiednia terapia pozwala je skutecznie kontrolowa\u0107.<\/p> <\/div> <div class=\"schema-faq-section\" id=\"faq-question-1761554374951\"><strong class=\"schema-faq-question\"><strong>Czy przy zespole suchego oka boli oko?<\/strong><\/strong> <p class=\"schema-faq-answer\">Zazwyczaj wyst\u0119puje uczucie pieczenia lub k\u0142ucia. Ostry b\u00f3l wymaga konsultacji okulistycznej \u2013 mo\u017ce wskazywa\u0107 na inne schorzenie.<\/p> <\/div> <\/div>\n\n\n\n<h2 class=\"wp-block-heading\" id=\"Zesp\u00f3\u0142-suchego-oka-\u2013-podsumowanie-informacji\">Zesp\u00f3\u0142 suchego oka \u2013 podsumowanie informacji<\/h2>\n\n\n\n<ul class=\"wp-block-list\">\n<li>ZSO to cz\u0119sta choroba spowodowana zaburzeniem sk\u0142adu lub ilo\u015bci \u0142ez.<\/li>\n\n\n\n<li>Objawy obejmuj\u0105 sucho\u015b\u0107, pieczenie, zamazane widzenie i \u0142zawienie.<\/li>\n\n\n\n<li>Diagnostyka opiera si\u0119 na prostych testach okulistycznych (Schirmera, TBUT).<\/li>\n\n\n\n<li>Leczenie polega g\u0142\u00f3wnie na regularnym nawil\u017caniu oczu i dbaniu o higien\u0119 powiek.<\/li>\n\n\n\n<li>W trudniejszych przypadkach stosuje si\u0119 leki przeciwzapalne lub zabiegi okulistyczne.<\/li>\n<\/ul>\n\n\n\n<hr class=\"wp-block-separator has-alpha-channel-opacity\"\/>\n\n\n\n<p><strong>Bibliografia<\/strong><\/p>\n\n\n\n<ol class=\"wp-block-list\">\n<li>Prost M. <em>Zesp\u00f3\u0142 suchego oka.<\/em> Medycyna Praktyczna, mp.pl, dost\u0119p 15.10.2025.<\/li>\n\n\n\n<li>Pogrzebielski A. <em>Zesp\u00f3\u0142 suchego oka (DES) \u2013 post\u0119powanie.<\/em> Okulistyka, Medycyna Praktyczna, 2024.<\/li>\n\n\n\n<li>Stodolska-Nowak A., Siwiec-Pro\u015bci\u0144ska J. <em>Zesp\u00f3\u0142 suchego oka.<\/em> Okulistyka po Dyplomie, 2023.<\/li>\n\n\n\n<li>Polskie Towarzystwo Okulistyczne. <em>Wytyczne diagnostyki i leczenia zespo\u0142u suchego oka<\/em>, 2024.<\/li>\n<\/ol>\n","protected":false},"excerpt":{"rendered":"<p>Sprawd\u017a, czym jest zesp\u00f3\u0142 suchego oka. Dowiedz si\u0119, jakie s\u0105 jego przyczyny, objawy oraz dost\u0119pne metody leczenia.<\/p>\n","protected":false},"author":176,"featured_media":27618,"comment_status":"closed","ping_status":"closed","sticky":false,"template":"","format":"standard","meta":{"_acf_changed":false,"inline_featured_image":false,"footnotes":""},"categories":[28],"tags":[],"coauthors":[177],"class_list":{"0":"post-27615","1":"post","2":"type-post","3":"status-publish","4":"format-standard","5":"has-post-thumbnail","7":"category-warto-wiedziec"},"acf":[],"yoast_head":"<!-- This site is optimized with the Yoast SEO plugin v27.5 - https:\/\/yoast.com\/product\/yoast-seo-wordpress\/ -->\n<title>Zesp\u00f3\u0142 suchego oka \u2013 objawy, przyczyny i leczenie ZSO - Centrum Wiedzy ALAB laboratoria<\/title>\n<meta name=\"description\" content=\"Sprawd\u017a, czym jest zesp\u00f3\u0142 suchego oka. Dowiedz si\u0119, jakie s\u0105 jego przyczyny, objawy oraz dost\u0119pne metody leczenia.\" \/>\n<meta name=\"robots\" content=\"index, follow, max-snippet:-1, max-image-preview:large, max-video-preview:-1\" \/>\n<link rel=\"canonical\" href=\"https:\/\/www.alab.pl\/centrum-wiedzy\/zespol-suchego-oka-objawy-przyczyny-i-leczenie-zso\/\" \/>\n<meta property=\"og:locale\" content=\"pl_PL\" \/>\n<meta property=\"og:type\" content=\"article\" \/>\n<meta property=\"og:title\" content=\"Zesp\u00f3\u0142 suchego oka \u2013 objawy, przyczyny i leczenie ZSO - Centrum Wiedzy ALAB laboratoria\" \/>\n<meta property=\"og:description\" content=\"Sprawd\u017a, czym jest zesp\u00f3\u0142 suchego oka. Dowiedz si\u0119, jakie s\u0105 jego przyczyny, objawy oraz dost\u0119pne metody leczenia.\" \/>\n<meta property=\"og:url\" content=\"https:\/\/www.alab.pl\/centrum-wiedzy\/zespol-suchego-oka-objawy-przyczyny-i-leczenie-zso\/\" \/>\n<meta property=\"og:site_name\" content=\"Centrum Wiedzy ALAB laboratoria\" \/>\n<meta property=\"article:publisher\" content=\"https:\/\/www.facebook.com\/ALABlaboratoria\" \/>\n<meta property=\"article:published_time\" content=\"2025-10-27T08:49:32+00:00\" \/>\n<meta property=\"article:modified_time\" content=\"2025-10-27T08:49:35+00:00\" \/>\n<meta property=\"og:image\" content=\"https:\/\/www.alab.pl\/centrum-wiedzy\/wp-content\/uploads\/2025\/10\/zespol_suchego_oka.jpg\" \/>\n\t<meta property=\"og:image:width\" content=\"2304\" \/>\n\t<meta property=\"og:image:height\" content=\"1536\" \/>\n\t<meta property=\"og:image:type\" content=\"image\/jpeg\" \/>\n<meta name=\"author\" content=\"Katarzyna Ciep\u0142ucha\" \/>\n<meta name=\"twitter:card\" content=\"summary_large_image\" \/>\n<meta name=\"twitter:label1\" content=\"Napisane przez\" \/>\n\t<meta name=\"twitter:data1\" content=\"Katarzyna Ciep\u0142ucha\" \/>\n\t<meta name=\"twitter:label2\" content=\"Szacowany czas czytania\" \/>\n\t<meta name=\"twitter:data2\" content=\"8 minut\" \/>\n\t<meta name=\"twitter:label3\" content=\"Written by\" \/>\n\t<meta name=\"twitter:data3\" content=\"Katarzyna Ciep\u0142ucha\" \/>\n<!-- \/ Yoast SEO plugin. -->","yoast_head_json":{"title":"Zesp\u00f3\u0142 suchego oka \u2013 objawy, przyczyny i leczenie ZSO - Centrum Wiedzy ALAB laboratoria","description":"Sprawd\u017a, czym jest zesp\u00f3\u0142 suchego oka. Dowiedz si\u0119, jakie s\u0105 jego przyczyny, objawy oraz dost\u0119pne metody leczenia.","robots":{"index":"index","follow":"follow","max-snippet":"max-snippet:-1","max-image-preview":"max-image-preview:large","max-video-preview":"max-video-preview:-1"},"canonical":"https:\/\/www.alab.pl\/centrum-wiedzy\/zespol-suchego-oka-objawy-przyczyny-i-leczenie-zso\/","og_locale":"pl_PL","og_type":"article","og_title":"Zesp\u00f3\u0142 suchego oka \u2013 objawy, przyczyny i leczenie ZSO - Centrum Wiedzy ALAB laboratoria","og_description":"Sprawd\u017a, czym jest zesp\u00f3\u0142 suchego oka. Dowiedz si\u0119, jakie s\u0105 jego przyczyny, objawy oraz dost\u0119pne metody leczenia.","og_url":"https:\/\/www.alab.pl\/centrum-wiedzy\/zespol-suchego-oka-objawy-przyczyny-i-leczenie-zso\/","og_site_name":"Centrum Wiedzy ALAB laboratoria","article_publisher":"https:\/\/www.facebook.com\/ALABlaboratoria","article_published_time":"2025-10-27T08:49:32+00:00","article_modified_time":"2025-10-27T08:49:35+00:00","og_image":[{"width":2304,"height":1536,"url":"https:\/\/www.alab.pl\/centrum-wiedzy\/wp-content\/uploads\/2025\/10\/zespol_suchego_oka.jpg","type":"image\/jpeg"}],"author":"Katarzyna Ciep\u0142ucha","twitter_card":"summary_large_image","twitter_misc":{"Napisane przez":"Katarzyna Ciep\u0142ucha","Szacowany czas czytania":"8 minut","Written by":"Katarzyna Ciep\u0142ucha"},"schema":{"@context":"https:\/\/schema.org","@graph":[{"@type":"Article","@id":"https:\/\/www.alab.pl\/centrum-wiedzy\/zespol-suchego-oka-objawy-przyczyny-i-leczenie-zso\/#article","isPartOf":{"@id":"https:\/\/www.alab.pl\/centrum-wiedzy\/zespol-suchego-oka-objawy-przyczyny-i-leczenie-zso\/"},"author":{"name":"Katarzyna Ciep\u0142ucha","@id":"https:\/\/www.alab.pl\/centrum-wiedzy\/#\/schema\/person\/5b9d2ed3c7e50aef107e24ef797f7690"},"headline":"Zesp\u00f3\u0142 suchego oka \u2013 objawy, przyczyny i leczenie ZSO","datePublished":"2025-10-27T08:49:32+00:00","dateModified":"2025-10-27T08:49:35+00:00","mainEntityOfPage":{"@id":"https:\/\/www.alab.pl\/centrum-wiedzy\/zespol-suchego-oka-objawy-przyczyny-i-leczenie-zso\/"},"wordCount":1253,"publisher":{"@id":"https:\/\/www.alab.pl\/centrum-wiedzy\/#organization"},"image":{"@id":"https:\/\/www.alab.pl\/centrum-wiedzy\/zespol-suchego-oka-objawy-przyczyny-i-leczenie-zso\/#primaryimage"},"thumbnailUrl":"https:\/\/www.alab.pl\/centrum-wiedzy\/wp-content\/uploads\/2025\/10\/zespol_suchego_oka.jpg","articleSection":["Warto wiedzie\u0107"],"inLanguage":"pl-PL"},{"@type":["WebPage","FAQPage"],"@id":"https:\/\/www.alab.pl\/centrum-wiedzy\/zespol-suchego-oka-objawy-przyczyny-i-leczenie-zso\/","url":"https:\/\/www.alab.pl\/centrum-wiedzy\/zespol-suchego-oka-objawy-przyczyny-i-leczenie-zso\/","name":"Zesp\u00f3\u0142 suchego oka \u2013 objawy, przyczyny i leczenie ZSO - Centrum Wiedzy ALAB laboratoria","isPartOf":{"@id":"https:\/\/www.alab.pl\/centrum-wiedzy\/#website"},"primaryImageOfPage":{"@id":"https:\/\/www.alab.pl\/centrum-wiedzy\/zespol-suchego-oka-objawy-przyczyny-i-leczenie-zso\/#primaryimage"},"image":{"@id":"https:\/\/www.alab.pl\/centrum-wiedzy\/zespol-suchego-oka-objawy-przyczyny-i-leczenie-zso\/#primaryimage"},"thumbnailUrl":"https:\/\/www.alab.pl\/centrum-wiedzy\/wp-content\/uploads\/2025\/10\/zespol_suchego_oka.jpg","datePublished":"2025-10-27T08:49:32+00:00","dateModified":"2025-10-27T08:49:35+00:00","description":"Sprawd\u017a, czym jest zesp\u00f3\u0142 suchego oka. Dowiedz si\u0119, jakie s\u0105 jego przyczyny, objawy oraz dost\u0119pne metody leczenia.","breadcrumb":{"@id":"https:\/\/www.alab.pl\/centrum-wiedzy\/zespol-suchego-oka-objawy-przyczyny-i-leczenie-zso\/#breadcrumb"},"mainEntity":[{"@id":"https:\/\/www.alab.pl\/centrum-wiedzy\/zespol-suchego-oka-objawy-przyczyny-i-leczenie-zso\/#faq-question-1761554295099"},{"@id":"https:\/\/www.alab.pl\/centrum-wiedzy\/zespol-suchego-oka-objawy-przyczyny-i-leczenie-zso\/#faq-question-1761554330005"},{"@id":"https:\/\/www.alab.pl\/centrum-wiedzy\/zespol-suchego-oka-objawy-przyczyny-i-leczenie-zso\/#faq-question-1761554346320"},{"@id":"https:\/\/www.alab.pl\/centrum-wiedzy\/zespol-suchego-oka-objawy-przyczyny-i-leczenie-zso\/#faq-question-1761554360484"},{"@id":"https:\/\/www.alab.pl\/centrum-wiedzy\/zespol-suchego-oka-objawy-przyczyny-i-leczenie-zso\/#faq-question-1761554374951"}],"inLanguage":"pl-PL","potentialAction":[{"@type":"ReadAction","target":["https:\/\/www.alab.pl\/centrum-wiedzy\/zespol-suchego-oka-objawy-przyczyny-i-leczenie-zso\/"]}]},{"@type":"ImageObject","inLanguage":"pl-PL","@id":"https:\/\/www.alab.pl\/centrum-wiedzy\/zespol-suchego-oka-objawy-przyczyny-i-leczenie-zso\/#primaryimage","url":"https:\/\/www.alab.pl\/centrum-wiedzy\/wp-content\/uploads\/2025\/10\/zespol_suchego_oka.jpg","contentUrl":"https:\/\/www.alab.pl\/centrum-wiedzy\/wp-content\/uploads\/2025\/10\/zespol_suchego_oka.jpg","width":2304,"height":1536,"caption":"zesp\u00f3\u0142 suchego oka"},{"@type":"BreadcrumbList","@id":"https:\/\/www.alab.pl\/centrum-wiedzy\/zespol-suchego-oka-objawy-przyczyny-i-leczenie-zso\/#breadcrumb","itemListElement":[{"@type":"ListItem","position":1,"name":"Strona g\u0142\u00f3wna","item":"https:\/\/www.alab.pl\/centrum-wiedzy\/"},{"@type":"ListItem","position":2,"name":"Zesp\u00f3\u0142 suchego oka \u2013 objawy, przyczyny i leczenie ZSO"}]},{"@type":"WebSite","@id":"https:\/\/www.alab.pl\/centrum-wiedzy\/#website","url":"https:\/\/www.alab.pl\/centrum-wiedzy\/","name":"Centrum Wiedzy ALAB laboratoria","description":"","publisher":{"@id":"https:\/\/www.alab.pl\/centrum-wiedzy\/#organization"},"potentialAction":[{"@type":"SearchAction","target":{"@type":"EntryPoint","urlTemplate":"https:\/\/www.alab.pl\/centrum-wiedzy\/?s={search_term_string}"},"query-input":{"@type":"PropertyValueSpecification","valueRequired":true,"valueName":"search_term_string"}}],"inLanguage":"pl-PL"},{"@type":"Organization","@id":"https:\/\/www.alab.pl\/centrum-wiedzy\/#organization","name":"Centrum Wiedzy ALAB laboratoria","url":"https:\/\/www.alab.pl\/centrum-wiedzy\/","logo":{"@type":"ImageObject","inLanguage":"pl-PL","@id":"https:\/\/www.alab.pl\/centrum-wiedzy\/#\/schema\/logo\/image\/","url":"https:\/\/www.alab.pl\/centrum-wiedzy\/wp-content\/uploads\/2022\/04\/alabek.jpg","contentUrl":"https:\/\/www.alab.pl\/centrum-wiedzy\/wp-content\/uploads\/2022\/04\/alabek.jpg","width":1250,"height":1251,"caption":"Centrum Wiedzy ALAB laboratoria"},"image":{"@id":"https:\/\/www.alab.pl\/centrum-wiedzy\/#\/schema\/logo\/image\/"},"sameAs":["https:\/\/www.facebook.com\/ALABlaboratoria"]},{"@type":"Person","@id":"https:\/\/www.alab.pl\/centrum-wiedzy\/#\/schema\/person\/5b9d2ed3c7e50aef107e24ef797f7690","name":"Katarzyna Ciep\u0142ucha","image":{"@type":"ImageObject","inLanguage":"pl-PL","@id":"https:\/\/www.alab.pl\/centrum-wiedzy\/wp-content\/uploads\/2024\/12\/Katarzyna-Cieplucha-150x150.jpgbaf6965d3f805215a2efa790220e3239","url":"https:\/\/www.alab.pl\/centrum-wiedzy\/wp-content\/uploads\/2024\/12\/Katarzyna-Cieplucha-150x150.jpg","contentUrl":"https:\/\/www.alab.pl\/centrum-wiedzy\/wp-content\/uploads\/2024\/12\/Katarzyna-Cieplucha-150x150.jpg","caption":"Katarzyna Ciep\u0142ucha"},"description":"Lekarka Oddzia\u0142u Chor\u00f3b Wewn\u0119trznych w Szpitalu Specjalistycznym im. Ludwika Rydygiera w Krakowie, absolwentka Uniwersytetu Medycznego w \u0141odzi. Pasjonatka hematologii, w szczeg\u00f3lno\u015bci chor\u00f3b uk\u0142adu krzepni\u0119cia. Do\u015bwiadczenie zdobywa\u0142a podczas zagranicznych sta\u017cy, m.in. na Oddziale Hematologii Szpitala Uniwersyteckiego w Genewie (Szwajcaria).","url":"https:\/\/www.alab.pl\/centrum-wiedzy\/author\/katarzyna-cieplucha\/"},{"@type":"Question","@id":"https:\/\/www.alab.pl\/centrum-wiedzy\/zespol-suchego-oka-objawy-przyczyny-i-leczenie-zso\/#faq-question-1761554295099","position":1,"url":"https:\/\/www.alab.pl\/centrum-wiedzy\/zespol-suchego-oka-objawy-przyczyny-i-leczenie-zso\/#faq-question-1761554295099","name":"Jakich witamin brakuje przy zespole suchego oka?","answerCount":1,"acceptedAnswer":{"@type":"Answer","text":"Najcz\u0119\u015bciej niedob\u00f3r dotyczy <a href=\"https:\/\/www.alab.pl\/centrum-wiedzy\/witamina-a\/\">witaminy A<\/a> oraz kwas\u00f3w t\u0142uszczowych omega-3, kt\u00f3re wspieraj\u0105 regeneracj\u0119 nab\u0142onka rog\u00f3wki.","inLanguage":"pl-PL"},"inLanguage":"pl-PL"},{"@type":"Question","@id":"https:\/\/www.alab.pl\/centrum-wiedzy\/zespol-suchego-oka-objawy-przyczyny-i-leczenie-zso\/#faq-question-1761554330005","position":2,"url":"https:\/\/www.alab.pl\/centrum-wiedzy\/zespol-suchego-oka-objawy-przyczyny-i-leczenie-zso\/#faq-question-1761554330005","name":"Do czego mo\u017ce doprowadzi\u0107 zesp\u00f3\u0142 suchego oka?","answerCount":1,"acceptedAnswer":{"@type":"Answer","text":"Nieleczony ZSO mo\u017ce prowadzi\u0107 do przewlek\u0142ego zapalenia rog\u00f3wki, owrzodze\u0144 i pogorszenia ostro\u015bci wzroku.","inLanguage":"pl-PL"},"inLanguage":"pl-PL"},{"@type":"Question","@id":"https:\/\/www.alab.pl\/centrum-wiedzy\/zespol-suchego-oka-objawy-przyczyny-i-leczenie-zso\/#faq-question-1761554346320","position":3,"url":"https:\/\/www.alab.pl\/centrum-wiedzy\/zespol-suchego-oka-objawy-przyczyny-i-leczenie-zso\/#faq-question-1761554346320","name":"Jak sprawdzi\u0107, czy ma si\u0119 zesp\u00f3\u0142 suchego oka?","answerCount":1,"acceptedAnswer":{"@type":"Answer","text":"Warto wykona\u0107 test OSDI lub zg\u0142osi\u0107 si\u0119 do okulisty na badania: test Schirmera i test TBUT.","inLanguage":"pl-PL"},"inLanguage":"pl-PL"},{"@type":"Question","@id":"https:\/\/www.alab.pl\/centrum-wiedzy\/zespol-suchego-oka-objawy-przyczyny-i-leczenie-zso\/#faq-question-1761554360484","position":4,"url":"https:\/\/www.alab.pl\/centrum-wiedzy\/zespol-suchego-oka-objawy-przyczyny-i-leczenie-zso\/#faq-question-1761554360484","name":"Jak d\u0142ugo trwa zesp\u00f3\u0142 suchego oka?","answerCount":1,"acceptedAnswer":{"@type":"Answer","text":"Choroba ma charakter przewlek\u0142y. Objawy mog\u0105 si\u0119 utrzymywa\u0107 przez lata, ale odpowiednia terapia pozwala je skutecznie kontrolowa\u0107.","inLanguage":"pl-PL"},"inLanguage":"pl-PL"},{"@type":"Question","@id":"https:\/\/www.alab.pl\/centrum-wiedzy\/zespol-suchego-oka-objawy-przyczyny-i-leczenie-zso\/#faq-question-1761554374951","position":5,"url":"https:\/\/www.alab.pl\/centrum-wiedzy\/zespol-suchego-oka-objawy-przyczyny-i-leczenie-zso\/#faq-question-1761554374951","name":"Czy przy zespole suchego oka boli oko?","answerCount":1,"acceptedAnswer":{"@type":"Answer","text":"Zazwyczaj wyst\u0119puje uczucie pieczenia lub k\u0142ucia. Ostry b\u00f3l wymaga konsultacji okulistycznej \u2013 mo\u017ce wskazywa\u0107 na inne schorzenie.","inLanguage":"pl-PL"},"inLanguage":"pl-PL"}]}},"_links":{"self":[{"href":"https:\/\/www.alab.pl\/centrum-wiedzy\/wp-json\/wp\/v2\/posts\/27615","targetHints":{"allow":["GET"]}}],"collection":[{"href":"https:\/\/www.alab.pl\/centrum-wiedzy\/wp-json\/wp\/v2\/posts"}],"about":[{"href":"https:\/\/www.alab.pl\/centrum-wiedzy\/wp-json\/wp\/v2\/types\/post"}],"author":[{"embeddable":true,"href":"https:\/\/www.alab.pl\/centrum-wiedzy\/wp-json\/wp\/v2\/users\/176"}],"replies":[{"embeddable":true,"href":"https:\/\/www.alab.pl\/centrum-wiedzy\/wp-json\/wp\/v2\/comments?post=27615"}],"version-history":[{"count":3,"href":"https:\/\/www.alab.pl\/centrum-wiedzy\/wp-json\/wp\/v2\/posts\/27615\/revisions"}],"predecessor-version":[{"id":27619,"href":"https:\/\/www.alab.pl\/centrum-wiedzy\/wp-json\/wp\/v2\/posts\/27615\/revisions\/27619"}],"wp:featuredmedia":[{"embeddable":true,"href":"https:\/\/www.alab.pl\/centrum-wiedzy\/wp-json\/wp\/v2\/media\/27618"}],"wp:attachment":[{"href":"https:\/\/www.alab.pl\/centrum-wiedzy\/wp-json\/wp\/v2\/media?parent=27615"}],"wp:term":[{"taxonomy":"category","embeddable":true,"href":"https:\/\/www.alab.pl\/centrum-wiedzy\/wp-json\/wp\/v2\/categories?post=27615"},{"taxonomy":"post_tag","embeddable":true,"href":"https:\/\/www.alab.pl\/centrum-wiedzy\/wp-json\/wp\/v2\/tags?post=27615"},{"taxonomy":"author","embeddable":true,"href":"https:\/\/www.alab.pl\/centrum-wiedzy\/wp-json\/wp\/v2\/coauthors?post=27615"}],"curies":[{"name":"wp","href":"https:\/\/api.w.org\/{rel}","templated":true}]}}