{"id":27681,"date":"2025-10-29T11:33:12","date_gmt":"2025-10-29T10:33:12","guid":{"rendered":"https:\/\/www.alab.pl\/centrum-wiedzy\/?p=27681"},"modified":"2025-10-29T11:33:55","modified_gmt":"2025-10-29T10:33:55","slug":"zapalenie-mieszkow-wlosowych-przyczyny-objawy-i-leczenie","status":"publish","type":"post","link":"https:\/\/www.alab.pl\/centrum-wiedzy\/zapalenie-mieszkow-wlosowych-przyczyny-objawy-i-leczenie\/","title":{"rendered":"Zapalenie mieszk\u00f3w w\u0142osowych: przyczyny, objawy i leczenie"},"content":{"rendered":"\n<p><strong>Zapalenie mieszk\u00f3w w\u0142osowych to jedna z najcz\u0119stszych infekcji sk\u00f3ry, kt\u00f3ra jest cz\u0119st\u0105 przyczyn\u0105 wizyt w gabinetach dermatologicznych. Cho\u0107 jest to w wi\u0119kszo\u015bci przypadk\u00f3w niegro\u017ane schorzenie, kt\u00f3re mija pod wp\u0142ywem odpowiedniego leczenia, to w pewnych sytuacjach przechodzi w form\u0119 przewlek\u0142\u0105.<\/strong><\/p>\n\n\n\n<figure class=\"wp-block-table\"><table class=\"has-fixed-layout\"><tbody><tr><td><strong>Z tego artyku\u0142u dowiesz si\u0119:<\/strong> <br>&#8211; jakie s\u0105 przyczyny zapalenia mieszk\u00f3w w\u0142osowych,<br>&#8211; jak objawia si\u0119 zapalenie mieszk\u00f3w w\u0142osowych,<br>&#8211; czym charakteryzuje si\u0119 przewlek\u0142e zapalenie mieszk\u00f3w w\u0142osowych,<br>&#8211; na czym polega diagnostyka i leczenie zapalenia mieszk\u00f3w w\u0142osowych.<\/td><\/tr><\/tbody><\/table><\/figure>\n\n\n\n<p><strong>Spis tre\u015bci:<\/strong><\/p>\n\n\n\n<ol class=\"wp-block-list\">\n<li><a href=\"#Czym-jest-zapalenie-mieszk\u00f3w-w\u0142osowych?\">Czym jest zapalenie mieszk\u00f3w w\u0142osowych?<\/a><\/li>\n\n\n\n<li><a href=\"#Objawy-zapalenia-mieszk\u00f3w-w\u0142osowych\">Objawy zapalenia mieszk\u00f3w w\u0142osowych<\/a><\/li>\n\n\n\n<li><a href=\"#Jak-wygl\u0105da-zapalenie-mieszk\u00f3w-w\u0142osowych?\">Jak wygl\u0105da zapalenie mieszk\u00f3w w\u0142osowych?<\/a><\/li>\n\n\n\n<li><a href=\"#Lokalizacja-zmian-sk\u00f3rnych\">Lokalizacja zmian sk\u00f3rnych<\/a>\n<ul class=\"wp-block-list\">\n<li><span style=\"color: initial;\"><a href=\"#Zapalenie-mieszk\u00f3w-w\u0142osowych-na-g\u0142owie\">Zapalenie mieszk\u00f3w w\u0142osowych na g\u0142owie<\/a><\/span><\/li>\n\n\n\n<li><span style=\"color: initial;\"><a href=\"#Zapalenie-mieszk\u00f3w-w\u0142osowych-na-twarzy\">Zapalenie mieszk\u00f3w w\u0142osowych na twarzy<\/a><\/span><\/li>\n\n\n\n<li><span style=\"color: initial;\"><a href=\"#Zapalenie-mieszk\u00f3w-w\u0142osowych-pod-pachami\">Zapalenie mieszk\u00f3w w\u0142osowych pod pachami<\/a><\/span><\/li>\n\n\n\n<li><a href=\"#Inne-lokalizacje:-pachwiny,-uda,-po\u015bladki\">Inne lokalizacje: pachwiny, uda, po\u015bladki<\/a><\/li>\n<\/ul>\n<\/li>\n\n\n\n<li><a href=\"#Diagnostyka-zapalenia-mieszk\u00f3w-w\u0142osowych\">Diagnostyka zapalenia mieszk\u00f3w w\u0142osowych<\/a><\/li>\n\n\n\n<li><a href=\"#Leczenie-zapalenia-mieszk\u00f3w-w\u0142osowych\">Leczenie zapalenia mieszk\u00f3w w\u0142osowych<\/a><\/li>\n\n\n\n<li><a href=\"#Leczenie-domowe-i-profilaktyka-zapalenia-mieszk\u00f3w-w\u0142osowych\">Leczenie domowe i profilaktyka zapalenia mieszk\u00f3w w\u0142osowych<\/a><\/li>\n\n\n\n<li><a href=\"#FAQ.-Zapalenie-mieszk\u00f3w-w\u0142osowych-\u2013-cz\u0119sto-zadawane-pytania\">FAQ. Zapalenie mieszk\u00f3w w\u0142osowych \u2013 cz\u0119sto zadawane pytania<\/a><\/li>\n\n\n\n<li><a href=\"#Zapalenie-mieszk\u00f3w-w\u0142osowych-\u2013-podsumowanie\">Zapalenie mieszk\u00f3w w\u0142osowych \u2013 podsumowanie<\/a><\/li>\n<\/ol>\n\n\n\n<h2 class=\"wp-block-heading\" id=\"Czym-jest-zapalenie-mieszk\u00f3w-w\u0142osowych?\">Czym jest zapalenie mieszk\u00f3w w\u0142osowych?<\/h2>\n\n\n\n<p>Zapalenie mieszk\u00f3w w\u0142osowych (<em>folliculitis<\/em>; w klasyfikacji ICD-10 oznaczane kodem L73.8) to stan zapalny dotycz\u0105cy mieszka w\u0142osowego i jego otoczenia, wywo\u0142any najcz\u0119\u015bciej przez infekcj\u0119 bakteryjn\u0105. Warto mie\u0107 jednak \u015bwiadomo\u015b\u0107, \u017ce za zapalenie mieszk\u00f3w w\u0142osowych mo\u017ce r\u00f3wnie\u017c odpowiada\u0107 infekcja grzybicza lub wirusowa, cho\u0107 jest to zdecydowanie rzadsze zjawisko.<\/p>\n\n\n\n<p>Wyr\u00f3\u017cnia si\u0119 liczne czynniki predysponuj\u0105ce do wyst\u0105pienia zapalenia mieszk\u00f3w w\u0142osowych. Najwa\u017cniejsze z nich to:<\/p>\n\n\n\n<ul class=\"wp-block-list\">\n<li>dra\u017cnienie sk\u00f3ry,<\/li>\n\n\n\n<li>d\u0142ugotrwa\u0142e przebywanie w pozycji siedz\u0105cej,<\/li>\n\n\n\n<li>stosowanie opatrunk\u00f3w pod okluzj\u0105,<\/li>\n\n\n\n<li>obni\u017cenie odporno\u015bci, zaka\u017cenie <a href=\"https:\/\/www.alab.pl\/centrum-wiedzy\/hiv-objawy-drogi-zakazenia-diagnostyka-i-leczenie\/\">wirusem HIV<\/a>,<\/li>\n\n\n\n<li><a href=\"https:\/\/www.alab.pl\/centrum-wiedzy\/cukrzyca-objawy-przyczyny-diagnostyka-i-leczenie\/\">cukrzyca<\/a>, szczeg\u00f3lnie niekontrolowana,<\/li>\n\n\n\n<li>przyjmowanie lek\u00f3w immunosupresyjnych, w tym glikokortykosteroid\u00f3w,<\/li>\n\n\n\n<li>nadwaga, <a href=\"https:\/\/www.alab.pl\/centrum-wiedzy\/otylosc-i-jej-zapobieganie-profilaktyka-otylosci-pierwotnej-i-wtornej\/\">oty\u0142o\u015b\u0107<\/a>,<\/li>\n\n\n\n<li>nadmierne pocenie si\u0119,<\/li>\n\n\n\n<li>korzystanie z saun, jacuzzi, basen\u00f3w,<\/li>\n\n\n\n<li>ekspozycja zawodowa na oleje, smo\u0142\u0119.<\/li>\n<\/ul>\n\n\n\n<p><strong>&gt;&gt; Zobacz: <\/strong><a href=\"https:\/\/www.alab.pl\/centrum-wiedzy\/tradzik-choroba-o-wielu-obliczach\/\"><strong>Tr\u0105dzik \u2013 choroba o wielu obliczach<\/strong><\/a><strong><\/strong><\/p>\n\n\n\n<h2 class=\"wp-block-heading\" id=\"Objawy-zapalenia-mieszk\u00f3w-w\u0142osowych\">Objawy zapalenia mieszk\u00f3w w\u0142osowych<\/h2>\n\n\n\n<p>Charakterystycznym objawem zapalenia mieszk\u00f3w w\u0142osowych jest pojawienie si\u0119 krost, zwi\u0105zanych z mieszkami w\u0142osowymi. Taki wykwit chorobowy jest wynios\u0142y ponad poziom sk\u00f3ry (wyczuwalny podczas palpacji) i wype\u0142niony \u017c\u00f3\u0142taw\u0105 tre\u015bci\u0105 ropn\u0105. Zmiany krostkowe s\u0105 cz\u0119sto przebite w\u0142osem i otoczone rumieniem, a wi\u0119c zaczerwieniem, co wynika ze <a href=\"https:\/\/www.alab.pl\/centrum-wiedzy\/wybrane-wskazniki-stanu-zapalnego\/\">stanu zapalnego<\/a> w otoczeniu mieszka w\u0142osowego.<\/p>\n\n\n\n<figure class=\"wp-block-image size-full\"><a href=\"https:\/\/www.alab.pl\/pakiet\/pakiet-zdrowa-skora-wlosy-i-paznokcie-suplementacja\"><img loading=\"lazy\" decoding=\"async\" width=\"800\" height=\"200\" src=\"https:\/\/www.alab.pl\/centrum-wiedzy\/wp-content\/uploads\/2025\/10\/Pakiet-zdrowa-skora-wlosy-i-paznokcie-suplementacja-4-badania.png\" alt=\"Pakiet zdrowa sk\u00f3ra, w\u0142osy i paznokcie - suplementacja (4 badania) banerek\" class=\"wp-image-27168\" srcset=\"https:\/\/www.alab.pl\/centrum-wiedzy\/wp-content\/uploads\/2025\/10\/Pakiet-zdrowa-skora-wlosy-i-paznokcie-suplementacja-4-badania.png 800w, https:\/\/www.alab.pl\/centrum-wiedzy\/wp-content\/uploads\/2025\/10\/Pakiet-zdrowa-skora-wlosy-i-paznokcie-suplementacja-4-badania-768x192.png 768w, https:\/\/www.alab.pl\/centrum-wiedzy\/wp-content\/uploads\/2025\/10\/Pakiet-zdrowa-skora-wlosy-i-paznokcie-suplementacja-4-badania-150x38.png 150w, https:\/\/www.alab.pl\/centrum-wiedzy\/wp-content\/uploads\/2025\/10\/Pakiet-zdrowa-skora-wlosy-i-paznokcie-suplementacja-4-badania-300x75.png 300w, https:\/\/www.alab.pl\/centrum-wiedzy\/wp-content\/uploads\/2025\/10\/Pakiet-zdrowa-skora-wlosy-i-paznokcie-suplementacja-4-badania-696x174.png 696w\" sizes=\"auto, (max-width: 800px) 100vw, 800px\" \/><\/a><\/figure>\n\n\n\n<h2 class=\"wp-block-heading\" id=\"Jak-wygl\u0105da-zapalenie-mieszk\u00f3w-w\u0142osowych?\">Jak wygl\u0105da zapalenie mieszk\u00f3w w\u0142osowych?<\/h2>\n\n\n\n<p>Omawiane w tym artykule schorzenie manifestuje si\u0119 nag\u0142ym pojawieniem si\u0119 krost, znajduj\u0105cych si\u0119 na rumieniowym pod\u0142o\u017cu. Zazwyczaj w zapaleniu mieszk\u00f3w w\u0142osowych zmiany s\u0105 liczne, cho\u0107 oczywi\u015bcie mo\u017cemy mie\u0107 do czynienia z zapaleniem pojedynczego mieszka w\u0142osowego.<\/p>\n\n\n\n<p><strong>Przewlek\u0142e zapalenie mieszk\u00f3w w\u0142osowych<\/strong> (tak zwana fig\u00f3wka) ma bardziej r\u00f3\u017cnorodny obraz kliniczny, w kt\u00f3rym opr\u00f3cz krost obserwuje si\u0119 tak\u017ce zmiany grudkowe, s\u0105cz\u0105ce, a niekiedy r\u00f3wnie\u017c strupy i guzy, kt\u00f3re mog\u0105 pozostawi\u0107 po sobie blizny.<\/p>\n\n\n\n<figure class=\"wp-block-image size-full is-resized\"><img loading=\"lazy\" decoding=\"async\" width=\"2560\" height=\"1463\" src=\"https:\/\/www.alab.pl\/centrum-wiedzy\/wp-content\/uploads\/2025\/10\/zapalenie-mieszkow-wlosowych_zdjecie-scaled.jpeg\" alt=\"jak wygl\u0105da zapalenie mieszk\u00f3w w\u0142osowych\" class=\"wp-image-27683\" style=\"width:735px;height:auto\" srcset=\"https:\/\/www.alab.pl\/centrum-wiedzy\/wp-content\/uploads\/2025\/10\/zapalenie-mieszkow-wlosowych_zdjecie-scaled.jpeg 2560w, https:\/\/www.alab.pl\/centrum-wiedzy\/wp-content\/uploads\/2025\/10\/zapalenie-mieszkow-wlosowych_zdjecie-768x439.jpeg 768w, https:\/\/www.alab.pl\/centrum-wiedzy\/wp-content\/uploads\/2025\/10\/zapalenie-mieszkow-wlosowych_zdjecie-1536x878.jpeg 1536w, https:\/\/www.alab.pl\/centrum-wiedzy\/wp-content\/uploads\/2025\/10\/zapalenie-mieszkow-wlosowych_zdjecie-2048x1170.jpeg 2048w, https:\/\/www.alab.pl\/centrum-wiedzy\/wp-content\/uploads\/2025\/10\/zapalenie-mieszkow-wlosowych_zdjecie-150x86.jpeg 150w, https:\/\/www.alab.pl\/centrum-wiedzy\/wp-content\/uploads\/2025\/10\/zapalenie-mieszkow-wlosowych_zdjecie-300x171.jpeg 300w, https:\/\/www.alab.pl\/centrum-wiedzy\/wp-content\/uploads\/2025\/10\/zapalenie-mieszkow-wlosowych_zdjecie-696x398.jpeg 696w, https:\/\/www.alab.pl\/centrum-wiedzy\/wp-content\/uploads\/2025\/10\/zapalenie-mieszkow-wlosowych_zdjecie-1068x610.jpeg 1068w, https:\/\/www.alab.pl\/centrum-wiedzy\/wp-content\/uploads\/2025\/10\/zapalenie-mieszkow-wlosowych_zdjecie-1920x1097.jpeg 1920w\" sizes=\"auto, (max-width: 2560px) 100vw, 2560px\" \/><figcaption class=\"wp-element-caption\">Zapalenie mieszk\u00f3w w\u0142osowych<\/figcaption><\/figure>\n\n\n\n<h2 class=\"wp-block-heading\" id=\"Lokalizacja-zmian-sk\u00f3rnych\">Lokalizacja zmian sk\u00f3rnych<\/h2>\n\n\n\n<p>Zmiany sk\u00f3rne w przebiegu zapalenia mieszk\u00f3w w\u0142osowych mog\u0105 pojawia\u0107 si\u0119 w wielu lokalizacjach \u2013 wi\u0119c wsz\u0119dzie tam, gdzie znajduj\u0105 si\u0119 mieszki w\u0142osowe. Poni\u017cej przedstawiamy najcz\u0119\u015bciej zajmowane obszary.<\/p>\n\n\n\n<h3 class=\"wp-block-heading\" id=\"Zapalenie-mieszk\u00f3w-w\u0142osowych-na-g\u0142owie\">Zapalenie mieszk\u00f3w w\u0142osowych na g\u0142owie<\/h3>\n\n\n\n<p>Krosty w przebiegu zapalenia mieszk\u00f3w w\u0142osowych mog\u0105 pojawi\u0107 si\u0119 nie tylko na sk\u00f3rze g\u0142adkiej, ale r\u00f3wnie\u017c na ow\u0142osionej sk\u00f3rze g\u0142owy. Ta lokalizacja zapalenia mieszk\u00f3w w\u0142osowych jest cz\u0119sta u pacjent\u00f3w p\u0142ci m\u0119skiej, co bywa zwi\u0105zane z zabiegami fryzjerskimi.<\/p>\n\n\n\n<h3 class=\"wp-block-heading\" id=\"Zapalenie-mieszk\u00f3w-w\u0142osowych-na-twarzy\">Zapalenie mieszk\u00f3w w\u0142osowych na twarzy<\/h3>\n\n\n\n<p>Sk\u00f3ra twarzy jest cz\u0119st\u0105 lokalizacj\u0105 krost. Problem ten mo\u017ce by\u0107 wywo\u0142ywany przez golenie, ale r\u00f3wnie\u017c stosowanie okluzyjnych kosmetyk\u00f3w i inne b\u0142\u0119dy piel\u0119gnacyjne.<\/p>\n\n\n\n<h3 class=\"wp-block-heading\" id=\"Zapalenie-mieszk\u00f3w-w\u0142osowych-pod-pachami\">Zapalenie mieszk\u00f3w w\u0142osowych pod pachami<\/h3>\n\n\n\n<p>To kolejny obszar sk\u00f3ry, gdzie cz\u0119sto pojawia si\u0119 zapalenie mieszk\u00f3w w\u0142osowych. Wynika to mi\u0119dzy innymi z podra\u017cnienia podczas depilacji tej delikatnej okolicy. Warto regularnie zmienia\u0107 maszynki do golenia, poniewa\u017c pozwala to na zmniejszenie ryzyka nadka\u017cenia bakteryjnego.<\/p>\n\n\n\n<p><strong>&gt;&gt; Przeczytaj: <\/strong><a href=\"https:\/\/www.alab.pl\/centrum-wiedzy\/tradzik-odwrocony-jak-rozpoznac-sygnaly-ostrzegawcze\/\"><strong>Tr\u0105dzik odwr\u00f3cony \u2013 jak rozpozna\u0107 sygna\u0142y ostrzegawcze?<\/strong><\/a><strong><\/strong><\/p>\n\n\n\n<h3 class=\"wp-block-heading\" id=\"Inne-lokalizacje:-pachwiny,-uda,-po\u015bladki\">Inne lokalizacje: pachwiny, uda, po\u015bladki<\/h3>\n\n\n\n<p>Uda i po\u015bladki s\u0105 cz\u0119st\u0105 lokalizacj\u0105 zapalenia mieszk\u00f3w w\u0142osowych u tych pacjent\u00f3w, kt\u00f3rzy prowadz\u0105 siedz\u0105cy tryb \u017cycia. Dotyczy to mi\u0119dzy innymi kierowc\u00f3w zawodowych. Sprzyja temu r\u00f3wnie\u017c noszenie ciasnej i okluzyjnej bielizny.<\/p>\n\n\n\n<p><strong>&gt;&gt; To mo\u017ce Ci\u0119 zainteresowa\u0107:<\/strong><\/p>\n\n\n\n<ul class=\"wp-block-list\">\n<li><a href=\"https:\/\/www.alab.pl\/centrum-wiedzy\/krosty-na-posladkach-mozliwe-przyczyny-i-leczenie\/\"><strong>Krosty na po\u015bladkach \u2013 mo\u017cliwe przyczyny i leczenie<\/strong><\/a><\/li>\n\n\n\n<li><a href=\"https:\/\/www.alab.pl\/centrum-wiedzy\/krosty-na-plecach-mozliwe-przyczyny-i-leczenie\/\"><strong>Krosty na plecach \u2013 mo\u017cliwe przyczyny i leczenie<\/strong><\/a><\/li>\n<\/ul>\n\n\n\n<h2 class=\"wp-block-heading\" id=\"Diagnostyka-zapalenia-mieszk\u00f3w-w\u0142osowych\">Diagnostyka zapalenia mieszk\u00f3w w\u0142osowych<\/h2>\n\n\n\n<p>Rozpoznanie zapalenia mieszk\u00f3w w\u0142osowych stawiane jest typowo na podstawie obrazu klinicznego i badania sk\u00f3ry pacjenta. Jednak w przypadku rozleg\u0142ych zmian, w tym zmian na twarzy, a tak\u017ce w sytuacji przewlek\u0142ego zapalenia mieszk\u00f3w w\u0142osowych, konieczne jest wykonanie bada\u0144 mikrobiologicznych takich jak:<\/p>\n\n\n\n<ul class=\"wp-block-list\">\n<li><strong>wymaz ze zmian sk\u00f3rnych<\/strong> \u2013 pozwala na okre\u015blenie gatunku bakterii, kt\u00f3ry odpowiada za chorob\u0119, a tak\u017ce jego lekowra\u017cliwo\u015bci,<\/li>\n\n\n\n<li><strong>badanie mykologiczne<\/strong> \u2013 w przypadku podejrzenia etiologii grzybiczej,<\/li>\n\n\n\n<li><strong>wymaz z nosa w kierunku nosicielstwa <\/strong><a href=\"https:\/\/www.alab.pl\/centrum-wiedzy\/gronkowiec-zlocisty-zakazenia-skory\/\"><strong>gronkowca z\u0142ocistego<\/strong><\/a> \u2013 szczeg\u00f3lnie w przypadkach nawracaj\u0105cych.<\/li>\n<\/ul>\n\n\n\n<p>Je\u017celi zapalenia mieszk\u00f3w w\u0142osowych nawracaj\u0105 pomimo leczenia i diagnostyki mikrobiologicznej, warto rozwa\u017cy\u0107 wykonanie takich bada\u0144 laboratoryjnych jak:<\/p>\n\n\n\n<ul class=\"wp-block-list\">\n<li><strong>oznaczenie st\u0119\u017cenia <\/strong><a href=\"https:\/\/www.alab.pl\/badanie\/glukoza-l43\"><strong>glukozy we krwi<\/strong><\/a><strong> na czczo, <\/strong><a href=\"https:\/\/www.alab.pl\/badanie\/hemoglobina-glikowana-hba1c-l55\"><strong>oznaczenie hemoglobiny glikowanej<\/strong><\/a> &#8211; w celu wykluczenia wsp\u00f3\u0142istniej\u0105cej cukrzycy,<\/li>\n\n\n\n<li><strong>bada\u0144 w kierunku zaka\u017cenia wirusem HIV.<\/strong><\/li>\n<\/ul>\n\n\n\n<figure class=\"wp-block-image size-full\"><a href=\"https:\/\/www.alab.pl\/pakiet\/pakiet-zdrowa-skora-wlosy-i-paznokcie-suplementacja-rozszerzony\"><img loading=\"lazy\" decoding=\"async\" width=\"800\" height=\"200\" src=\"https:\/\/www.alab.pl\/centrum-wiedzy\/wp-content\/uploads\/2025\/10\/Pakiet-zdrowa-skora-wlosy-i-paznokcie-suplementacja-rozszerzony-4-badania.png\" alt=\"Pakiet zdrowa sk\u00f3ra, w\u0142osy i paznokcie - suplementacja rozszerzony (4 badania) banerek\" class=\"wp-image-27167\" srcset=\"https:\/\/www.alab.pl\/centrum-wiedzy\/wp-content\/uploads\/2025\/10\/Pakiet-zdrowa-skora-wlosy-i-paznokcie-suplementacja-rozszerzony-4-badania.png 800w, https:\/\/www.alab.pl\/centrum-wiedzy\/wp-content\/uploads\/2025\/10\/Pakiet-zdrowa-skora-wlosy-i-paznokcie-suplementacja-rozszerzony-4-badania-768x192.png 768w, https:\/\/www.alab.pl\/centrum-wiedzy\/wp-content\/uploads\/2025\/10\/Pakiet-zdrowa-skora-wlosy-i-paznokcie-suplementacja-rozszerzony-4-badania-150x38.png 150w, https:\/\/www.alab.pl\/centrum-wiedzy\/wp-content\/uploads\/2025\/10\/Pakiet-zdrowa-skora-wlosy-i-paznokcie-suplementacja-rozszerzony-4-badania-300x75.png 300w, https:\/\/www.alab.pl\/centrum-wiedzy\/wp-content\/uploads\/2025\/10\/Pakiet-zdrowa-skora-wlosy-i-paznokcie-suplementacja-rozszerzony-4-badania-696x174.png 696w\" sizes=\"auto, (max-width: 800px) 100vw, 800px\" \/><\/a><\/figure>\n\n\n\n<h2 class=\"wp-block-heading\" id=\"Leczenie-zapalenia-mieszk\u00f3w-w\u0142osowych\">Leczenie zapalenia mieszk\u00f3w w\u0142osowych<\/h2>\n\n\n\n<p>Leczenie zapalenia mieszk\u00f3w w\u0142osowych jest uzale\u017cnione od jego przyczyny. W wi\u0119kszo\u015bci przypadk\u00f3w zapalenie mieszk\u00f3w w\u0142osowych jest wywo\u0142ane przez bakterie (najcz\u0119\u015bciej s\u0105 to gronkowce), co sprawia, \u017ce leczeniem w tym przypadku jest antybiotykoterapia. W ma\u0142o nasilonych przypadkach stosuje si\u0119 wy\u0142\u0105cznie antybiotyki miejscowe takie jak mupirocyna czy kwas fusydowy (np. w postaci ma\u015bci, czy kremu).<\/p>\n\n\n\n<p>Rozleg\u0142e, a tak\u017ce przewlek\u0142e zapalenie mieszk\u00f3w w\u0142osowych mo\u017ce wymaga\u0107 zastosowania antybiotykoterapii og\u00f3lnej (w postaci doustnej lub do\u017cylnej). Taka antybiotykoterapia powinna by\u0107 dobrana na podstawie wyniku antybiogramu (jest to w\u00f3wczas antybiotykoterapia celowana).<\/p>\n\n\n\n<p><strong>&gt;&gt; Sprawd\u017a: <\/strong><a href=\"https:\/\/www.alab.pl\/centrum-wiedzy\/czyrak-czym-jest-i-jak-wyglada-rodzaje-przyczyny-i-leczenie-czyrakow\/\"><strong>Czyrak \u2013 czym jest i jak wygl\u0105da? Rodzaje, przyczyny i leczenie czyrak\u00f3w<\/strong><\/a><strong><\/strong><\/p>\n\n\n\n<h2 class=\"wp-block-heading\" id=\"Leczenie-domowe-i-profilaktyka-zapalenia-mieszk\u00f3w-w\u0142osowych\">Leczenie domowe i profilaktyka zapalenia mieszk\u00f3w w\u0142osowych<\/h2>\n\n\n\n<p>W warunkach domowych warto zastosowa\u0107 si\u0119 do kilku zalece\u0144, kt\u00f3re zmniejsz\u0105 ryzyko nawrot\u00f3w zapalenia mieszk\u00f3w w\u0142osowych. Nale\u017cy pami\u0119ta\u0107 przede wszystkim o:<\/p>\n\n\n\n<ul class=\"wp-block-list\">\n<li>unikaniu noszenia zbyt ciasnych ubra\u0144, w tym ciasnej bielizny, wykonanej z syntetycznych materia\u0142\u00f3w,<\/li>\n\n\n\n<li>je\u017celi stosujemy jednorazowe maszynki do golenia \u2013 warto zmienia\u0107 je przed ka\u017cdym u\u017cyciem,<\/li>\n\n\n\n<li>utrzymywaniu prawid\u0142owej masy cia\u0142a,<\/li>\n\n\n\n<li><a href=\"https:\/\/www.alab.pl\/centrum-wiedzy\/co-jesc-by-wzmocnic-odpornosc-zasady-zdrowego-zywienia\/\">wspieraniu odporno\u015bci<\/a> (zr\u00f3\u017cnicowana dieta, aktywno\u015b\u0107 fizyczna),<\/li>\n\n\n\n<li>kontrolowaniu schorze\u0144 przewlek\u0142ych, w tym cukrzycy.<\/li>\n<\/ul>\n\n\n\n<p><strong>&gt;&gt; To interesuj\u0105ce: <\/strong><a href=\"https:\/\/www.alab.pl\/centrum-wiedzy\/krosty-na-twarzy-rodzaje-i-mozliwe-przyczyny-jak-pozbyc-sie-krost-na-twarzy\/\"><strong>Krosty na twarzy: rodzaje i mo\u017cliwe przyczyny. Jak pozby\u0107 si\u0119 krost na twarzy?<\/strong><\/a><strong><\/strong><\/p>\n\n\n\n<h2 class=\"wp-block-heading\" id=\"FAQ.-Zapalenie-mieszk\u00f3w-w\u0142osowych-\u2013-cz\u0119sto-zadawane-pytania\">FAQ. Zapalenie mieszk\u00f3w w\u0142osowych \u2013 cz\u0119sto zadawane pytania<\/h2>\n\n\n\n<p>Zapalenie mieszk\u00f3w w\u0142osowych to jedna z cz\u0119stych przypad\u0142o\u015bci dermatologicznych. Poni\u017cej odpowiedzi na pytania najcz\u0119\u015bciej zadawane przez pacjent\u00f3w.<\/p>\n\n\n\n<div class=\"schema-faq wp-block-yoast-faq-block\"><div class=\"schema-faq-section\" id=\"faq-question-1761733564124\"><strong class=\"schema-faq-question\"><strong>Jak rozpozna\u0107 zapalenie mieszka w\u0142osowego?<\/strong><\/strong> <p class=\"schema-faq-answer\">Zapalenie mieszka w\u0142osowego mo\u017cna rozpozna\u0107 na podstawie wykwit\u00f3w obecnych na sk\u00f3rze pacjenta. W celu okre\u015blenia etiologii infekcji wykonuje si\u0119 badania mikrobiologiczne.<\/p> <\/div> <div class=\"schema-faq-section\" id=\"faq-question-1761733584986\"><strong class=\"schema-faq-question\"><strong>Czy zapalenie mieszk\u00f3w w\u0142osowych samo przejdzie?<\/strong><\/strong> <p class=\"schema-faq-answer\">Zapalenie mieszka w\u0142osowego mo\u017ce niekiedy ust\u0105pi\u0107 samoistnie, jednak w celu eliminacji czynnika sprawczego i przyspieszeniu gojenia zmian sk\u00f3rnych konieczne jest w\u0142\u0105czenie odpowiedniego leczenia.<\/p> <\/div> <div class=\"schema-faq-section\" id=\"faq-question-1761733603088\"><strong class=\"schema-faq-question\"><strong>Czy zapalenie mieszk\u00f3w w\u0142osowych jest zara\u017aliwe?<\/strong><\/strong> <p class=\"schema-faq-answer\">Zapalenie mieszk\u00f3w w\u0142osowych jest schorzeniem infekcyjnym, co sprawia, \u017ce mo\u017cliwe jest przeniesienie drobnoustroju chorobotw\u00f3rczego na przyk\u0142ad poprzez kontakt bezpo\u015bredni ze sk\u00f3r\u0105 pacjenta lub poprzez u\u017cywanie tych samych przedmiot\u00f3w.<\/p> <\/div> <div class=\"schema-faq-section\" id=\"faq-question-1761733617306\"><strong class=\"schema-faq-question\"><strong>Z czym mo\u017cna pomyli\u0107 zapalenie mieszk\u00f3w w\u0142osowych?<\/strong><\/strong> <p class=\"schema-faq-answer\">Krosty na rumieniowym pod\u0142o\u017cu s\u0105 elementem obrazu klinicznego wielu schorze\u0144 dermatologicznych. Zapalenie mieszk\u00f3w w\u0142osowych powinno si\u0119 r\u00f3\u017cnicowa\u0107 mi\u0119dzy innymi z takimi jednostkami chorobowymi jak:<br\/>&#8211; tr\u0105dzik pospolity, <br\/>&#8211; <a href=\"https:\/\/www.alab.pl\/centrum-wiedzy\/luszczyca-krostkowa-objawy-przyczyny-badania-i-leczenie\/\">\u0142uszczyca krostkowa<\/a>,<br\/>&#8211; zesp\u00f3\u0142 Sneddona-Wilkinsona, <br\/>&#8211; <a href=\"https:\/\/www.alab.pl\/centrum-wiedzy\/osutka-rodzaje-przyczyny-i-leczenie\/\">krostkowe osutki<\/a> polekowe.<\/p> <\/div> <div class=\"schema-faq-section\" id=\"faq-question-1761733702043\"><strong class=\"schema-faq-question\"><strong>Jaka bakteria najcz\u0119\u015bciej powoduje zapalenie mieszk\u00f3w w\u0142osowych?<\/strong><\/strong> <p class=\"schema-faq-answer\">Drobnoustr\u00f3j, kt\u00f3ry najcz\u0119\u015bciej odpowiada za zapalenie mieszk\u00f3w w\u0142osowych, to gronkowiec z\u0142ocisty (<em>Staphylococcus aureus<\/em>).<\/p> <\/div> <div class=\"schema-faq-section\" id=\"faq-question-1761733724277\"><strong class=\"schema-faq-question\"><strong>Jak rozpozna\u0107, czy to tr\u0105dzik, czy zapalenie mieszk\u00f3w w\u0142osowych?<\/strong><\/strong> <p class=\"schema-faq-answer\">Najwa\u017cniejsz\u0105 r\u00f3\u017cnic\u0105 mi\u0119dzy tr\u0105dzikiem pospolitym a zapaleniem mieszk\u00f3w w\u0142osowych jest obecno\u015b\u0107 zask\u00f3rnik\u00f3w w przypadku tr\u0105dziku pospolitego. S\u0105 to wykwity charakterystyczne w\u0142a\u015bnie dla tr\u0105dziku pospolitego.<\/p> <\/div> <div class=\"schema-faq-section\" id=\"faq-question-1761733761391\"><strong class=\"schema-faq-question\"><strong>Dlaczego czasami dochodzi do przewlek\u0142ego zapalenia mieszk\u00f3w w\u0142osowych?<\/strong><\/strong> <p class=\"schema-faq-answer\">Przewlek\u0142emu zapaleniu mieszk\u00f3w w\u0142osowych sprzyja przede wszystkim nosicielstwo gronkowca z\u0142ocistego, obni\u017cenie odporno\u015bci, ale r\u00f3wnie\u017c mikrouszkodzenia i przewlek\u0142e dra\u017cnienie sk\u00f3ry oraz wsp\u00f3\u0142istnienie schorze\u0144 przewlek\u0142ych, w tym niekontrolowanej cukrzycy.<\/p> <\/div> <\/div>\n\n\n\n<h2 class=\"wp-block-heading\" id=\"Zapalenie-mieszk\u00f3w-w\u0142osowych-\u2013-podsumowanie\">Zapalenie mieszk\u00f3w w\u0142osowych \u2013 podsumowanie<\/h2>\n\n\n\n<ul class=\"wp-block-list\">\n<li>Zapalenie mieszk\u00f3w w\u0142osowych to schorzenie infekcyjne, za kt\u00f3re najcz\u0119\u015bciej odpowiadaj\u0105 bakterie.<\/li>\n\n\n\n<li>Schorzenie to objawia si\u0119 krostami, znajduj\u0105cymi si\u0119 na rumieniowym pod\u0142o\u017cu, kt\u00f3re najcz\u0119\u015bciej lokalizuj\u0105 si\u0119 na tu\u0142owiu, ko\u0144czynach i twarzy.<\/li>\n\n\n\n<li>W diagnostyce zapalenia mieszk\u00f3w w\u0142osowych istotn\u0105 rol\u0119 odgrywaj\u0105 <a href=\"https:\/\/www.alab.pl\/centrum-wiedzy\/badanie-mikrobiologiczne-czym-jest-i-dlaczego-warto-je-wykonac\/\">badania mikrobiologiczne<\/a>, w tym wymaz wraz z antybiogramem oraz badanie mykologiczne.<\/li>\n\n\n\n<li>Terapia zapalenia mieszk\u00f3w w\u0142osowych polega na stosowaniu antybiotyk\u00f3w, zar\u00f3wno w postaci miejscowej, jak i niekiedy w postaci og\u00f3lnej.<\/li>\n<\/ul>\n\n\n\n<hr class=\"wp-block-separator has-alpha-channel-opacity\"\/>\n\n\n\n<p><strong>Bibliografia<\/strong><\/p>\n\n\n\n<ol class=\"wp-block-list\">\n<li>L. Rudnicka i inni, Wsp\u00f3\u0142czesna Dermatologia, PZWL, Warszawa 2022,<\/li>\n\n\n\n<li>A. Pola\u0144ska, Zapalenie mieszk\u00f3w w\u0142osowych, Medycyna praktyczna., https:\/\/www.mp.pl\/pacjent\/dermatologia\/choroby\/chorobyskory\/171080,zapalenie-mieszkow-wlosowych (dost\u0119p: 05.10.2025).<\/li>\n<\/ol>\n\n\n\n<p><\/p>\n","protected":false},"excerpt":{"rendered":"<p>Zapalenie mieszk\u00f3w w\u0142osowych to w wi\u0119kszo\u015bci przypadk\u00f3w niegro\u017ane schorzenie, kt\u00f3re mija pod wp\u0142ywem odpowiedniego leczenia.<\/p>\n","protected":false},"author":165,"featured_media":27682,"comment_status":"closed","ping_status":"closed","sticky":false,"template":"","format":"standard","meta":{"_acf_changed":false,"inline_featured_image":false,"footnotes":""},"categories":[12],"tags":[],"coauthors":[176],"class_list":{"0":"post-27681","1":"post","2":"type-post","3":"status-publish","4":"format-standard","5":"has-post-thumbnail","7":"category-choroby-skory"},"acf":[],"yoast_head":"<!-- This site is optimized with the Yoast SEO plugin v27.5 - https:\/\/yoast.com\/product\/yoast-seo-wordpress\/ -->\n<title>Zapalenie mieszk\u00f3w w\u0142osowych: przyczyny, objawy i leczenie - Centrum Wiedzy ALAB laboratoria<\/title>\n<meta name=\"description\" content=\"Zapalenie mieszk\u00f3w w\u0142osowych to w wi\u0119kszo\u015bci przypadk\u00f3w niegro\u017ane schorzenie, kt\u00f3re mija pod wp\u0142ywem odpowiedniego leczenia.\" \/>\n<meta name=\"robots\" content=\"index, follow, max-snippet:-1, max-image-preview:large, max-video-preview:-1\" \/>\n<link rel=\"canonical\" href=\"https:\/\/www.alab.pl\/centrum-wiedzy\/zapalenie-mieszkow-wlosowych-przyczyny-objawy-i-leczenie\/\" \/>\n<meta property=\"og:locale\" content=\"pl_PL\" \/>\n<meta property=\"og:type\" content=\"article\" \/>\n<meta property=\"og:title\" content=\"Zapalenie mieszk\u00f3w w\u0142osowych: przyczyny, objawy i leczenie - Centrum Wiedzy ALAB laboratoria\" \/>\n<meta property=\"og:description\" content=\"Zapalenie mieszk\u00f3w w\u0142osowych to w wi\u0119kszo\u015bci przypadk\u00f3w niegro\u017ane schorzenie, kt\u00f3re mija pod wp\u0142ywem odpowiedniego leczenia.\" \/>\n<meta property=\"og:url\" content=\"https:\/\/www.alab.pl\/centrum-wiedzy\/zapalenie-mieszkow-wlosowych-przyczyny-objawy-i-leczenie\/\" \/>\n<meta property=\"og:site_name\" content=\"Centrum Wiedzy ALAB laboratoria\" \/>\n<meta property=\"article:publisher\" content=\"https:\/\/www.facebook.com\/ALABlaboratoria\" \/>\n<meta property=\"article:published_time\" content=\"2025-10-29T10:33:12+00:00\" \/>\n<meta property=\"article:modified_time\" content=\"2025-10-29T10:33:55+00:00\" \/>\n<meta property=\"og:image\" content=\"https:\/\/www.alab.pl\/centrum-wiedzy\/wp-content\/uploads\/2025\/10\/zapalenie_mieszkow_wlosowych-scaled.jpg\" \/>\n\t<meta property=\"og:image:width\" content=\"2560\" \/>\n\t<meta property=\"og:image:height\" content=\"1706\" \/>\n\t<meta property=\"og:image:type\" content=\"image\/jpeg\" \/>\n<meta name=\"author\" content=\"Katarzyna Banaszczyk\" \/>\n<meta name=\"twitter:card\" content=\"summary_large_image\" \/>\n<meta name=\"twitter:label1\" content=\"Napisane przez\" \/>\n\t<meta name=\"twitter:data1\" content=\"Katarzyna Banaszczyk\" \/>\n\t<meta name=\"twitter:label2\" content=\"Szacowany czas czytania\" \/>\n\t<meta name=\"twitter:data2\" content=\"9 minut\" \/>\n\t<meta name=\"twitter:label3\" content=\"Written by\" \/>\n\t<meta name=\"twitter:data3\" content=\"Katarzyna Banaszczyk\" \/>\n<!-- \/ Yoast SEO plugin. -->","yoast_head_json":{"title":"Zapalenie mieszk\u00f3w w\u0142osowych: przyczyny, objawy i leczenie - Centrum Wiedzy ALAB laboratoria","description":"Zapalenie mieszk\u00f3w w\u0142osowych to w wi\u0119kszo\u015bci przypadk\u00f3w niegro\u017ane schorzenie, kt\u00f3re mija pod wp\u0142ywem odpowiedniego leczenia.","robots":{"index":"index","follow":"follow","max-snippet":"max-snippet:-1","max-image-preview":"max-image-preview:large","max-video-preview":"max-video-preview:-1"},"canonical":"https:\/\/www.alab.pl\/centrum-wiedzy\/zapalenie-mieszkow-wlosowych-przyczyny-objawy-i-leczenie\/","og_locale":"pl_PL","og_type":"article","og_title":"Zapalenie mieszk\u00f3w w\u0142osowych: przyczyny, objawy i leczenie - Centrum Wiedzy ALAB laboratoria","og_description":"Zapalenie mieszk\u00f3w w\u0142osowych to w wi\u0119kszo\u015bci przypadk\u00f3w niegro\u017ane schorzenie, kt\u00f3re mija pod wp\u0142ywem odpowiedniego leczenia.","og_url":"https:\/\/www.alab.pl\/centrum-wiedzy\/zapalenie-mieszkow-wlosowych-przyczyny-objawy-i-leczenie\/","og_site_name":"Centrum Wiedzy ALAB laboratoria","article_publisher":"https:\/\/www.facebook.com\/ALABlaboratoria","article_published_time":"2025-10-29T10:33:12+00:00","article_modified_time":"2025-10-29T10:33:55+00:00","og_image":[{"width":2560,"height":1706,"url":"https:\/\/www.alab.pl\/centrum-wiedzy\/wp-content\/uploads\/2025\/10\/zapalenie_mieszkow_wlosowych-scaled.jpg","type":"image\/jpeg"}],"author":"Katarzyna Banaszczyk","twitter_card":"summary_large_image","twitter_misc":{"Napisane przez":"Katarzyna Banaszczyk","Szacowany czas czytania":"9 minut","Written by":"Katarzyna Banaszczyk"},"schema":{"@context":"https:\/\/schema.org","@graph":[{"@type":"Article","@id":"https:\/\/www.alab.pl\/centrum-wiedzy\/zapalenie-mieszkow-wlosowych-przyczyny-objawy-i-leczenie\/#article","isPartOf":{"@id":"https:\/\/www.alab.pl\/centrum-wiedzy\/zapalenie-mieszkow-wlosowych-przyczyny-objawy-i-leczenie\/"},"author":{"name":"Katarzyna Banaszczyk","@id":"https:\/\/www.alab.pl\/centrum-wiedzy\/#\/schema\/person\/308fb46be1959418e2e115e61c335941"},"headline":"Zapalenie mieszk\u00f3w w\u0142osowych: przyczyny, objawy i leczenie","datePublished":"2025-10-29T10:33:12+00:00","dateModified":"2025-10-29T10:33:55+00:00","mainEntityOfPage":{"@id":"https:\/\/www.alab.pl\/centrum-wiedzy\/zapalenie-mieszkow-wlosowych-przyczyny-objawy-i-leczenie\/"},"wordCount":1616,"publisher":{"@id":"https:\/\/www.alab.pl\/centrum-wiedzy\/#organization"},"image":{"@id":"https:\/\/www.alab.pl\/centrum-wiedzy\/zapalenie-mieszkow-wlosowych-przyczyny-objawy-i-leczenie\/#primaryimage"},"thumbnailUrl":"https:\/\/www.alab.pl\/centrum-wiedzy\/wp-content\/uploads\/2025\/10\/zapalenie_mieszkow_wlosowych-scaled.jpg","articleSection":["Choroby sk\u00f3ry"],"inLanguage":"pl-PL"},{"@type":["WebPage","FAQPage"],"@id":"https:\/\/www.alab.pl\/centrum-wiedzy\/zapalenie-mieszkow-wlosowych-przyczyny-objawy-i-leczenie\/","url":"https:\/\/www.alab.pl\/centrum-wiedzy\/zapalenie-mieszkow-wlosowych-przyczyny-objawy-i-leczenie\/","name":"Zapalenie mieszk\u00f3w w\u0142osowych: przyczyny, objawy i leczenie - Centrum Wiedzy ALAB laboratoria","isPartOf":{"@id":"https:\/\/www.alab.pl\/centrum-wiedzy\/#website"},"primaryImageOfPage":{"@id":"https:\/\/www.alab.pl\/centrum-wiedzy\/zapalenie-mieszkow-wlosowych-przyczyny-objawy-i-leczenie\/#primaryimage"},"image":{"@id":"https:\/\/www.alab.pl\/centrum-wiedzy\/zapalenie-mieszkow-wlosowych-przyczyny-objawy-i-leczenie\/#primaryimage"},"thumbnailUrl":"https:\/\/www.alab.pl\/centrum-wiedzy\/wp-content\/uploads\/2025\/10\/zapalenie_mieszkow_wlosowych-scaled.jpg","datePublished":"2025-10-29T10:33:12+00:00","dateModified":"2025-10-29T10:33:55+00:00","description":"Zapalenie mieszk\u00f3w w\u0142osowych to w wi\u0119kszo\u015bci przypadk\u00f3w niegro\u017ane schorzenie, kt\u00f3re mija pod wp\u0142ywem odpowiedniego leczenia.","breadcrumb":{"@id":"https:\/\/www.alab.pl\/centrum-wiedzy\/zapalenie-mieszkow-wlosowych-przyczyny-objawy-i-leczenie\/#breadcrumb"},"mainEntity":[{"@id":"https:\/\/www.alab.pl\/centrum-wiedzy\/zapalenie-mieszkow-wlosowych-przyczyny-objawy-i-leczenie\/#faq-question-1761733564124"},{"@id":"https:\/\/www.alab.pl\/centrum-wiedzy\/zapalenie-mieszkow-wlosowych-przyczyny-objawy-i-leczenie\/#faq-question-1761733584986"},{"@id":"https:\/\/www.alab.pl\/centrum-wiedzy\/zapalenie-mieszkow-wlosowych-przyczyny-objawy-i-leczenie\/#faq-question-1761733603088"},{"@id":"https:\/\/www.alab.pl\/centrum-wiedzy\/zapalenie-mieszkow-wlosowych-przyczyny-objawy-i-leczenie\/#faq-question-1761733617306"},{"@id":"https:\/\/www.alab.pl\/centrum-wiedzy\/zapalenie-mieszkow-wlosowych-przyczyny-objawy-i-leczenie\/#faq-question-1761733702043"},{"@id":"https:\/\/www.alab.pl\/centrum-wiedzy\/zapalenie-mieszkow-wlosowych-przyczyny-objawy-i-leczenie\/#faq-question-1761733724277"},{"@id":"https:\/\/www.alab.pl\/centrum-wiedzy\/zapalenie-mieszkow-wlosowych-przyczyny-objawy-i-leczenie\/#faq-question-1761733761391"}],"inLanguage":"pl-PL","potentialAction":[{"@type":"ReadAction","target":["https:\/\/www.alab.pl\/centrum-wiedzy\/zapalenie-mieszkow-wlosowych-przyczyny-objawy-i-leczenie\/"]}]},{"@type":"ImageObject","inLanguage":"pl-PL","@id":"https:\/\/www.alab.pl\/centrum-wiedzy\/zapalenie-mieszkow-wlosowych-przyczyny-objawy-i-leczenie\/#primaryimage","url":"https:\/\/www.alab.pl\/centrum-wiedzy\/wp-content\/uploads\/2025\/10\/zapalenie_mieszkow_wlosowych-scaled.jpg","contentUrl":"https:\/\/www.alab.pl\/centrum-wiedzy\/wp-content\/uploads\/2025\/10\/zapalenie_mieszkow_wlosowych-scaled.jpg","width":2560,"height":1706,"caption":"zapalenie mieszk\u00f3w w\u0142osowych"},{"@type":"BreadcrumbList","@id":"https:\/\/www.alab.pl\/centrum-wiedzy\/zapalenie-mieszkow-wlosowych-przyczyny-objawy-i-leczenie\/#breadcrumb","itemListElement":[{"@type":"ListItem","position":1,"name":"Strona g\u0142\u00f3wna","item":"https:\/\/www.alab.pl\/centrum-wiedzy\/"},{"@type":"ListItem","position":2,"name":"Zapalenie mieszk\u00f3w w\u0142osowych: przyczyny, objawy i leczenie"}]},{"@type":"WebSite","@id":"https:\/\/www.alab.pl\/centrum-wiedzy\/#website","url":"https:\/\/www.alab.pl\/centrum-wiedzy\/","name":"Centrum Wiedzy ALAB laboratoria","description":"","publisher":{"@id":"https:\/\/www.alab.pl\/centrum-wiedzy\/#organization"},"potentialAction":[{"@type":"SearchAction","target":{"@type":"EntryPoint","urlTemplate":"https:\/\/www.alab.pl\/centrum-wiedzy\/?s={search_term_string}"},"query-input":{"@type":"PropertyValueSpecification","valueRequired":true,"valueName":"search_term_string"}}],"inLanguage":"pl-PL"},{"@type":"Organization","@id":"https:\/\/www.alab.pl\/centrum-wiedzy\/#organization","name":"Centrum Wiedzy ALAB laboratoria","url":"https:\/\/www.alab.pl\/centrum-wiedzy\/","logo":{"@type":"ImageObject","inLanguage":"pl-PL","@id":"https:\/\/www.alab.pl\/centrum-wiedzy\/#\/schema\/logo\/image\/","url":"https:\/\/www.alab.pl\/centrum-wiedzy\/wp-content\/uploads\/2022\/04\/alabek.jpg","contentUrl":"https:\/\/www.alab.pl\/centrum-wiedzy\/wp-content\/uploads\/2022\/04\/alabek.jpg","width":1250,"height":1251,"caption":"Centrum Wiedzy ALAB laboratoria"},"image":{"@id":"https:\/\/www.alab.pl\/centrum-wiedzy\/#\/schema\/logo\/image\/"},"sameAs":["https:\/\/www.facebook.com\/ALABlaboratoria"]},{"@type":"Person","@id":"https:\/\/www.alab.pl\/centrum-wiedzy\/#\/schema\/person\/308fb46be1959418e2e115e61c335941","name":"Katarzyna Banaszczyk","image":{"@type":"ImageObject","inLanguage":"pl-PL","@id":"https:\/\/www.alab.pl\/centrum-wiedzy\/wp-content\/uploads\/2024\/12\/Katarzyna-Banaszczyk-150x150.jpgdd037207674aeb9b7e97c9616a0cf536","url":"https:\/\/www.alab.pl\/centrum-wiedzy\/wp-content\/uploads\/2024\/12\/Katarzyna-Banaszczyk-150x150.jpg","contentUrl":"https:\/\/www.alab.pl\/centrum-wiedzy\/wp-content\/uploads\/2024\/12\/Katarzyna-Banaszczyk-150x150.jpg","caption":"Katarzyna Banaszczyk"},"description":"Lekarka w trakcie specjalizacji z dermatologii i wenerologii. Absolwentka Collegium Medicum UMK im. Ludwika Rydygiera w Bydgoszczy. Wyk\u0142adowca akademicki Collegium Medicum im. W\u0142adys\u0142awa Biega\u0144skiego w Cz\u0119stochowie.","url":"https:\/\/www.alab.pl\/centrum-wiedzy\/author\/katarzyna-banaszczyk\/"},{"@type":"Question","@id":"https:\/\/www.alab.pl\/centrum-wiedzy\/zapalenie-mieszkow-wlosowych-przyczyny-objawy-i-leczenie\/#faq-question-1761733564124","position":1,"url":"https:\/\/www.alab.pl\/centrum-wiedzy\/zapalenie-mieszkow-wlosowych-przyczyny-objawy-i-leczenie\/#faq-question-1761733564124","name":"Jak rozpozna\u0107 zapalenie mieszka w\u0142osowego?","answerCount":1,"acceptedAnswer":{"@type":"Answer","text":"Zapalenie mieszka w\u0142osowego mo\u017cna rozpozna\u0107 na podstawie wykwit\u00f3w obecnych na sk\u00f3rze pacjenta. W celu okre\u015blenia etiologii infekcji wykonuje si\u0119 badania mikrobiologiczne.","inLanguage":"pl-PL"},"inLanguage":"pl-PL"},{"@type":"Question","@id":"https:\/\/www.alab.pl\/centrum-wiedzy\/zapalenie-mieszkow-wlosowych-przyczyny-objawy-i-leczenie\/#faq-question-1761733584986","position":2,"url":"https:\/\/www.alab.pl\/centrum-wiedzy\/zapalenie-mieszkow-wlosowych-przyczyny-objawy-i-leczenie\/#faq-question-1761733584986","name":"Czy zapalenie mieszk\u00f3w w\u0142osowych samo przejdzie?","answerCount":1,"acceptedAnswer":{"@type":"Answer","text":"Zapalenie mieszka w\u0142osowego mo\u017ce niekiedy ust\u0105pi\u0107 samoistnie, jednak w celu eliminacji czynnika sprawczego i przyspieszeniu gojenia zmian sk\u00f3rnych konieczne jest w\u0142\u0105czenie odpowiedniego leczenia.","inLanguage":"pl-PL"},"inLanguage":"pl-PL"},{"@type":"Question","@id":"https:\/\/www.alab.pl\/centrum-wiedzy\/zapalenie-mieszkow-wlosowych-przyczyny-objawy-i-leczenie\/#faq-question-1761733603088","position":3,"url":"https:\/\/www.alab.pl\/centrum-wiedzy\/zapalenie-mieszkow-wlosowych-przyczyny-objawy-i-leczenie\/#faq-question-1761733603088","name":"Czy zapalenie mieszk\u00f3w w\u0142osowych jest zara\u017aliwe?","answerCount":1,"acceptedAnswer":{"@type":"Answer","text":"Zapalenie mieszk\u00f3w w\u0142osowych jest schorzeniem infekcyjnym, co sprawia, \u017ce mo\u017cliwe jest przeniesienie drobnoustroju chorobotw\u00f3rczego na przyk\u0142ad poprzez kontakt bezpo\u015bredni ze sk\u00f3r\u0105 pacjenta lub poprzez u\u017cywanie tych samych przedmiot\u00f3w.","inLanguage":"pl-PL"},"inLanguage":"pl-PL"},{"@type":"Question","@id":"https:\/\/www.alab.pl\/centrum-wiedzy\/zapalenie-mieszkow-wlosowych-przyczyny-objawy-i-leczenie\/#faq-question-1761733617306","position":4,"url":"https:\/\/www.alab.pl\/centrum-wiedzy\/zapalenie-mieszkow-wlosowych-przyczyny-objawy-i-leczenie\/#faq-question-1761733617306","name":"Z czym mo\u017cna pomyli\u0107 zapalenie mieszk\u00f3w w\u0142osowych?","answerCount":1,"acceptedAnswer":{"@type":"Answer","text":"Krosty na rumieniowym pod\u0142o\u017cu s\u0105 elementem obrazu klinicznego wielu schorze\u0144 dermatologicznych. Zapalenie mieszk\u00f3w w\u0142osowych powinno si\u0119 r\u00f3\u017cnicowa\u0107 mi\u0119dzy innymi z takimi jednostkami chorobowymi jak:<br\/>- tr\u0105dzik pospolity, <br\/>- <a href=\"https:\/\/www.alab.pl\/centrum-wiedzy\/luszczyca-krostkowa-objawy-przyczyny-badania-i-leczenie\/\">\u0142uszczyca krostkowa<\/a>,<br\/>- zesp\u00f3\u0142 Sneddona-Wilkinsona, <br\/>- <a href=\"https:\/\/www.alab.pl\/centrum-wiedzy\/osutka-rodzaje-przyczyny-i-leczenie\/\">krostkowe osutki<\/a> polekowe.","inLanguage":"pl-PL"},"inLanguage":"pl-PL"},{"@type":"Question","@id":"https:\/\/www.alab.pl\/centrum-wiedzy\/zapalenie-mieszkow-wlosowych-przyczyny-objawy-i-leczenie\/#faq-question-1761733702043","position":5,"url":"https:\/\/www.alab.pl\/centrum-wiedzy\/zapalenie-mieszkow-wlosowych-przyczyny-objawy-i-leczenie\/#faq-question-1761733702043","name":"Jaka bakteria najcz\u0119\u015bciej powoduje zapalenie mieszk\u00f3w w\u0142osowych?","answerCount":1,"acceptedAnswer":{"@type":"Answer","text":"Drobnoustr\u00f3j, kt\u00f3ry najcz\u0119\u015bciej odpowiada za zapalenie mieszk\u00f3w w\u0142osowych, to gronkowiec z\u0142ocisty (<em>Staphylococcus aureus<\/em>).","inLanguage":"pl-PL"},"inLanguage":"pl-PL"},{"@type":"Question","@id":"https:\/\/www.alab.pl\/centrum-wiedzy\/zapalenie-mieszkow-wlosowych-przyczyny-objawy-i-leczenie\/#faq-question-1761733724277","position":6,"url":"https:\/\/www.alab.pl\/centrum-wiedzy\/zapalenie-mieszkow-wlosowych-przyczyny-objawy-i-leczenie\/#faq-question-1761733724277","name":"Jak rozpozna\u0107, czy to tr\u0105dzik, czy zapalenie mieszk\u00f3w w\u0142osowych?","answerCount":1,"acceptedAnswer":{"@type":"Answer","text":"Najwa\u017cniejsz\u0105 r\u00f3\u017cnic\u0105 mi\u0119dzy tr\u0105dzikiem pospolitym a zapaleniem mieszk\u00f3w w\u0142osowych jest obecno\u015b\u0107 zask\u00f3rnik\u00f3w w przypadku tr\u0105dziku pospolitego. S\u0105 to wykwity charakterystyczne w\u0142a\u015bnie dla tr\u0105dziku pospolitego.","inLanguage":"pl-PL"},"inLanguage":"pl-PL"},{"@type":"Question","@id":"https:\/\/www.alab.pl\/centrum-wiedzy\/zapalenie-mieszkow-wlosowych-przyczyny-objawy-i-leczenie\/#faq-question-1761733761391","position":7,"url":"https:\/\/www.alab.pl\/centrum-wiedzy\/zapalenie-mieszkow-wlosowych-przyczyny-objawy-i-leczenie\/#faq-question-1761733761391","name":"Dlaczego czasami dochodzi do przewlek\u0142ego zapalenia mieszk\u00f3w w\u0142osowych?","answerCount":1,"acceptedAnswer":{"@type":"Answer","text":"Przewlek\u0142emu zapaleniu mieszk\u00f3w w\u0142osowych sprzyja przede wszystkim nosicielstwo gronkowca z\u0142ocistego, obni\u017cenie odporno\u015bci, ale r\u00f3wnie\u017c mikrouszkodzenia i przewlek\u0142e dra\u017cnienie sk\u00f3ry oraz wsp\u00f3\u0142istnienie schorze\u0144 przewlek\u0142ych, w tym niekontrolowanej cukrzycy.","inLanguage":"pl-PL"},"inLanguage":"pl-PL"}]}},"_links":{"self":[{"href":"https:\/\/www.alab.pl\/centrum-wiedzy\/wp-json\/wp\/v2\/posts\/27681","targetHints":{"allow":["GET"]}}],"collection":[{"href":"https:\/\/www.alab.pl\/centrum-wiedzy\/wp-json\/wp\/v2\/posts"}],"about":[{"href":"https:\/\/www.alab.pl\/centrum-wiedzy\/wp-json\/wp\/v2\/types\/post"}],"author":[{"embeddable":true,"href":"https:\/\/www.alab.pl\/centrum-wiedzy\/wp-json\/wp\/v2\/users\/165"}],"replies":[{"embeddable":true,"href":"https:\/\/www.alab.pl\/centrum-wiedzy\/wp-json\/wp\/v2\/comments?post=27681"}],"version-history":[{"count":5,"href":"https:\/\/www.alab.pl\/centrum-wiedzy\/wp-json\/wp\/v2\/posts\/27681\/revisions"}],"predecessor-version":[{"id":27688,"href":"https:\/\/www.alab.pl\/centrum-wiedzy\/wp-json\/wp\/v2\/posts\/27681\/revisions\/27688"}],"wp:featuredmedia":[{"embeddable":true,"href":"https:\/\/www.alab.pl\/centrum-wiedzy\/wp-json\/wp\/v2\/media\/27682"}],"wp:attachment":[{"href":"https:\/\/www.alab.pl\/centrum-wiedzy\/wp-json\/wp\/v2\/media?parent=27681"}],"wp:term":[{"taxonomy":"category","embeddable":true,"href":"https:\/\/www.alab.pl\/centrum-wiedzy\/wp-json\/wp\/v2\/categories?post=27681"},{"taxonomy":"post_tag","embeddable":true,"href":"https:\/\/www.alab.pl\/centrum-wiedzy\/wp-json\/wp\/v2\/tags?post=27681"},{"taxonomy":"author","embeddable":true,"href":"https:\/\/www.alab.pl\/centrum-wiedzy\/wp-json\/wp\/v2\/coauthors?post=27681"}],"curies":[{"name":"wp","href":"https:\/\/api.w.org\/{rel}","templated":true}]}}