{"id":27706,"date":"2025-10-29T21:07:34","date_gmt":"2025-10-29T20:07:34","guid":{"rendered":"https:\/\/www.alab.pl\/centrum-wiedzy\/?p=27706"},"modified":"2025-10-29T21:07:36","modified_gmt":"2025-10-29T20:07:36","slug":"tradzik-niemowlecy-i-noworodkowy-co-go-powoduje-i-ile-trwa-rozpoznanie-i-leczenie","status":"publish","type":"post","link":"https:\/\/www.alab.pl\/centrum-wiedzy\/tradzik-niemowlecy-i-noworodkowy-co-go-powoduje-i-ile-trwa-rozpoznanie-i-leczenie\/","title":{"rendered":"Tr\u0105dzik niemowl\u0119cy i noworodkowy \u2013 co go powoduje i ile trwa? Rozpoznanie i leczenie"},"content":{"rendered":"\n<p><strong>Tr\u0105dzik niemowl\u0119cy i noworodkowy to stosunkowo rzadkie schorzeni<\/strong><strong>a. Ich patogeneza jest z\u0142o\u017cona i wieloczynnikowa. Dowiedz si\u0119, jak wygl\u0105da ta odmiana tr\u0105dziku i na czym polega jej leczenie.<\/strong><\/p>\n\n\n\n<figure class=\"wp-block-table\"><table class=\"has-fixed-layout\"><tbody><tr><td><strong>Z tego artyku\u0142u dowiesz si\u0119:<\/strong> <br>>> jak wygl\u0105da tr\u0105dzik niemowl\u0119cy i noworodkowy, <br>>> kto jest na niego najbardziej nara\u017cony, <br>>> na czym polega leczenie tr\u0105dziku niemowl\u0119cego i noworodkowego, <br>>> z czym jest cz\u0119sto mylony.<\/td><\/tr><\/tbody><\/table><\/figure>\n\n\n\n<p><strong>Spis tre\u015bci:<\/strong><\/p>\n\n\n\n<ol class=\"wp-block-list\">\n<li><a href=\"#Tr\u0105dzik-niemowl\u0119cy-\u2013-czym-jest?\">Tr\u0105dzik niemowl\u0119cy \u2013 czym jest?<\/a>\n<ul class=\"wp-block-list\">\n<li><a href=\"#Tr\u0105dzik-niemowl\u0119cy-a-pot\u00f3wki:-r\u00f3\u017cnice\">Tr\u0105dzik niemowl\u0119cy a pot\u00f3wki: r\u00f3\u017cnice<\/a><\/li>\n<\/ul>\n<\/li>\n\n\n\n<li><a href=\"#Tr\u0105dzik-niemowl\u0119cy-i-noworodkowy:-objawy\">Tr\u0105dzik niemowl\u0119cy i noworodkowy: objawy<\/a>\n<ul class=\"wp-block-list\">\n<li><span style=\"color: initial;\"><a href=\"#Jak-wygl\u0105da-tr\u0105dzik-niemowl\u0119cy?\">Jak wygl\u0105da tr\u0105dzik niemowl\u0119cy?<\/a><\/span><\/li>\n\n\n\n<li><a href=\"#Ile-trwa-tr\u0105dzik-niemowl\u0119cy?\">Ile trwa tr\u0105dzik niemowl\u0119cy?<\/a><\/li>\n<\/ul>\n<\/li>\n\n\n\n<li><a href=\"#Tr\u0105dzik-niemowl\u0119cy:-przyczyny-zmian-sk\u00f3rnych-u-dzieci\">Tr\u0105dzik niemowl\u0119cy: przyczyny zmian sk\u00f3rnych u dzieci<\/a><\/li>\n\n\n\n<li><a href=\"#Badania-przy-tr\u0105dziku-niemowl\u0119cym:-diagnostyka-choroby\">Badania przy tr\u0105dziku niemowl\u0119cym: diagnostyka choroby<\/a><\/li>\n\n\n\n<li><a href=\"#Tr\u0105dzik-niemowl\u0119cy:-leczenie\">Tr\u0105dzik niemowl\u0119cy: leczenie<\/a>\n<ul class=\"wp-block-list\">\n<li><a href=\"#Czym-smarowa\u0107-tr\u0105dzik-niemowl\u0119cy?\">Czym smarowa\u0107 tr\u0105dzik niemowl\u0119cy?<\/a><\/li>\n<\/ul>\n<\/li>\n\n\n\n<li><a href=\"#Tr\u0105dzik-niemowl\u0119cy-i-noworodkowy.-Najcz\u0119stsze-pytania-(FAQ)\">Tr\u0105dzik niemowl\u0119cy i noworodkowy. Najcz\u0119stsze pytania (FAQ)<\/a><\/li>\n\n\n\n<li><a href=\"#Podsumowanie-informacji-o-tr\u0105dziku-niemowl\u0119cym\">Podsumowanie informacji o tr\u0105dziku niemowl\u0119cym<\/a><\/li>\n<\/ol>\n\n\n\n<h2 class=\"wp-block-heading\" id=\"Tr\u0105dzik-niemowl\u0119cy-\u2013-czym-jest?\">Tr\u0105dzik niemowl\u0119cy \u2013 czym jest?<\/h2>\n\n\n\n<p>Tr\u0105dzik niemowl\u0119cy i noworodkowy to rzadka choroba sk\u00f3ry wieku dzieci\u0119cego. Dok\u0142adna etiologia nie zosta\u0142a jeszcze ustalona, jednak podejrzewa si\u0119, \u017ce do jego powstawania przyczyniaj\u0105 si\u0119 czynniki genetyczne oraz wzmo\u017cona aktywno\u015b\u0107 gruczo\u0142\u00f3w \u0142ojowych w odpowiedzi na <a href=\"https:\/\/www.alab.pl\/centrum-wiedzy\/czym-sa-androgeny-i-za-co-odpowiadaja-kiedy-badac-ich-poziom\/\">androgeny<\/a> pochodzenia matczynego. <strong>Niekiedy, cho\u0107 bardzo rzadko, wyst\u0119powanie tr\u0105dziku niemowl\u0119cego mo\u017ce by\u0107 objawem <\/strong><strong>schorze\u0144 <\/strong><a href=\"https:\/\/www.alab.pl\/centrum-wiedzy\/nadnercza\/\"><strong>nadnerczy<\/strong><\/a><strong>, dlatego znalezienie przyczyny i prawid\u0142owa diagnostyka s\u0105 bardzo istotne<\/strong>.<\/p>\n\n\n\n<p>Tr\u0105dzik niemowl\u0119cy dotyka mniej ni\u017c 2% dzieci i mo\u017ce dotyczy\u0107 obu p\u0142ci, jednak cz\u0119\u015bciej jest on diagnozowany u ch\u0142opc\u00f3w ni\u017c u dziewcz\u0105t. Z kolei tr\u0105dzik noworodkowy mo\u017ce dotyczy\u0107 a\u017c co 5. malucha.<\/p>\n\n\n\n<figure class=\"wp-block-image size-full\"><a href=\"https:\/\/www.alab.pl\/badanie\/siarczan-dehydroepiandrostendionu-dhea-s-k27\"><img loading=\"lazy\" decoding=\"async\" width=\"800\" height=\"200\" src=\"https:\/\/www.alab.pl\/centrum-wiedzy\/wp-content\/uploads\/2025\/10\/Badanie-DHEA-S.png\" alt=\"\" class=\"wp-image-27158\" srcset=\"https:\/\/www.alab.pl\/centrum-wiedzy\/wp-content\/uploads\/2025\/10\/Badanie-DHEA-S.png 800w, https:\/\/www.alab.pl\/centrum-wiedzy\/wp-content\/uploads\/2025\/10\/Badanie-DHEA-S-768x192.png 768w, https:\/\/www.alab.pl\/centrum-wiedzy\/wp-content\/uploads\/2025\/10\/Badanie-DHEA-S-150x38.png 150w, https:\/\/www.alab.pl\/centrum-wiedzy\/wp-content\/uploads\/2025\/10\/Badanie-DHEA-S-300x75.png 300w, https:\/\/www.alab.pl\/centrum-wiedzy\/wp-content\/uploads\/2025\/10\/Badanie-DHEA-S-696x174.png 696w\" sizes=\"auto, (max-width: 800px) 100vw, 800px\" \/><\/a><\/figure>\n\n\n\n<h3 class=\"wp-block-heading\" id=\"Tr\u0105dzik-niemowl\u0119cy-a-pot\u00f3wki:-r\u00f3\u017cnice\">Tr\u0105dzik niemowl\u0119cy a pot\u00f3wki: r\u00f3\u017cnice<\/h3>\n\n\n\n<p>Czy \u0142atwo jest odr\u00f3\u017cni\u0107 tr\u0105dzik niemowl\u0119cy od pot\u00f3wek? G\u0142\u00f3wn\u0105 r\u00f3\u017cnic\u0105 jest wygl\u0105d zmian. <strong>Klasyczne pot\u00f3wki maj\u0105 posta\u0107 jasnych p\u0119cherzyk\u00f3w.<\/strong> Zlokalizowane s\u0105 g\u0142\u00f3wnie na szyi, karku, plecach, po\u015bladkach lub zgi\u0119ciach \u0142okciowych i kolanowych. Pojawiaj\u0105 si\u0119 w wyniku przegrzewania organizmu dziecka i nieprawid\u0142owej piel\u0119gnacji sk\u00f3ry.<\/p>\n\n\n\n<p>Wygl\u0105d tr\u0105dziku niemowl\u0119cego jest zdecydowanie inny. Pojawiaj\u0105 si\u0119 bowiem zask\u00f3rniki, kt\u00f3re s\u0105 charakterystycznymi zmianami tr\u0105dzikowymi.<\/p>\n\n\n\n<p><strong>&gt;&gt; Zobacz: <\/strong><a href=\"https:\/\/www.alab.pl\/centrum-wiedzy\/tradzik-choroba-o-wielu-obliczach\/\"><strong>Tr\u0105dzik \u2013 choroba o wielu obliczach<\/strong><\/a><strong><\/strong><\/p>\n\n\n\n<h2 class=\"wp-block-heading\" id=\"Tr\u0105dzik-niemowl\u0119cy-i-noworodkowy:-objawy\">Tr\u0105dzik niemowl\u0119cy i noworodkowy: objawy<\/h2>\n\n\n\n<p>Tr\u0105dzik noworodkowy pojawia si\u0119 zazwyczaj w pierwszych 4 tygodniach \u017cycia dziecka. Objawia si\u0119 zask\u00f3rnikami zlokalizowanymi najcz\u0119\u015bciej na czole i policzkach. <strong>Towarzyszy im zwi\u0119kszona praca gruczo\u0142\u00f3w \u0142ojowych.<\/strong> Zmiany te mog\u0105 by\u0107 niekiedy mylone z zaka\u017ceniami wirusowymi, bakteryjnymi i grzybiczymi, prosakami, toksycznym rumieniem noworodk\u00f3w lub krostkow\u0105 melanoz\u0105.<\/p>\n\n\n\n<p>Tr\u0105dzik niemowl\u0119cy dotyczy dzieci w wieku od uko\u0144czenia pierwszego miesi\u0105ca \u017cycia do 12. miesi\u0105ca. Przebieg choroby jest powa\u017cniejszy ni\u017c w przypadku tr\u0105dziku noworodkowego, dlatego post\u0119powanie lecznicze mo\u017ce si\u0119 nieco r\u00f3\u017cni\u0107.<\/p>\n\n\n\n<figure class=\"wp-block-table\"><table class=\"has-fixed-layout\"><tbody><tr><td><strong>Warto wiedzie\u0107:<\/strong> <br>Zmiany w tr\u0105dziku noworodkowym i niemowl\u0119cym mog\u0105 przypomina\u0107 inne choroby i schorzenia, jak pot\u00f3wki,, krostkowa melanoza czy prosaki.<\/td><\/tr><\/tbody><\/table><\/figure>\n\n\n\n<p><strong>&gt;&gt; Sprawd\u017a: <\/strong><a href=\"https:\/\/www.alab.pl\/centrum-wiedzy\/luszczyca-krostkowa-objawy-przyczyny-badania-i-leczenie\/\"><strong>\u0141uszczyca krostkowa \u2013 objawy, przyczyny, badania i leczenie<\/strong><\/a><strong><\/strong><\/p>\n\n\n\n<h3 class=\"wp-block-heading\" id=\"Jak-wygl\u0105da-tr\u0105dzik-niemowl\u0119cy?\">Jak wygl\u0105da tr\u0105dzik niemowl\u0119cy?<\/h3>\n\n\n\n<p><strong>Tr\u0105dzik niemowl\u0119cy cz\u0119\u015bciej dotyczy ch\u0142opc\u00f3w ni\u017c dziewcz<\/strong><strong>\u0105t. <\/strong>Na ich sk\u00f3rze pojawiaj\u0105 si\u0119 zask\u00f3rniki i zmiany zapalne, takie jak grudki, krostki i torbiele, kt\u00f3re najcz\u0119\u015bciej obejmuj\u0105 policzki. Mog\u0105 r\u00f3wnie\u017c pojawi\u0107 si\u0119 na podbr\u00f3dku i szyi.<\/p>\n\n\n\n<h3 class=\"wp-block-heading\" id=\"Ile-trwa-tr\u0105dzik-niemowl\u0119cy?\">Ile trwa tr\u0105dzik niemowl\u0119cy?<\/h3>\n\n\n\n<p>Choroba powinna by\u0107 prawid\u0142owo rozpoznana, aby w\u0142\u0105czone leczenie przynosi\u0142o po\u017c\u0105dane efekty. Pomimo tego, \u017ce wielu lekarzy wie, jak wygl\u0105da tr\u0105dzik niemowl\u0119cy, to niestety jego objawy cz\u0119sto s\u0105 mylone z innymi chorobami wieku dzieci\u0119cego, co mo\u017ce utrudnia\u0107 leczenie. <strong>U wi\u0119kszo\u015bci dzieci <\/strong><strong>wykwity ust\u0119puj\u0105 w ci\u0105gu 1-3 miesi\u0119cy. <\/strong>Rzadko utrzymuj\u0105 si\u0119 do <a href=\"https:\/\/www.alab.pl\/centrum-wiedzy\/krotkie-kompendium-wiedzy-o-dojrzewaniu-plciowym\/\">okresu dojrzewania<\/a>. Zmiany mog\u0105 niekiedy powodowa\u0107 powstawanie blizn, dlatego mo\u017ce by\u0107 konieczne zastosowanie odpowiednich lek\u00f3w.<\/p>\n\n\n\n<p><strong>&gt;&gt; Przeczytaj: <\/strong><a href=\"https:\/\/www.alab.pl\/centrum-wiedzy\/adrenarche-czym-jest-i-jak-sie-objawia\/\"><strong>Adrenarche \u2013 czym jest i jak si\u0119 objawia?<\/strong><\/a><strong><\/strong><\/p>\n\n\n\n<figure class=\"wp-block-image size-full\"><a href=\"https:\/\/www.alab.pl\/badanie\/testosteron-wolny-o41\"><img loading=\"lazy\" decoding=\"async\" width=\"800\" height=\"200\" src=\"https:\/\/www.alab.pl\/centrum-wiedzy\/wp-content\/uploads\/2025\/08\/Badanie-testosteronu-wolnego.jpg\" alt=\"Badanie testosteronu wolnego banerek\" class=\"wp-image-26185\" srcset=\"https:\/\/www.alab.pl\/centrum-wiedzy\/wp-content\/uploads\/2025\/08\/Badanie-testosteronu-wolnego.jpg 800w, https:\/\/www.alab.pl\/centrum-wiedzy\/wp-content\/uploads\/2025\/08\/Badanie-testosteronu-wolnego-768x192.jpg 768w, https:\/\/www.alab.pl\/centrum-wiedzy\/wp-content\/uploads\/2025\/08\/Badanie-testosteronu-wolnego-150x38.jpg 150w, https:\/\/www.alab.pl\/centrum-wiedzy\/wp-content\/uploads\/2025\/08\/Badanie-testosteronu-wolnego-300x75.jpg 300w, https:\/\/www.alab.pl\/centrum-wiedzy\/wp-content\/uploads\/2025\/08\/Badanie-testosteronu-wolnego-696x174.jpg 696w\" sizes=\"auto, (max-width: 800px) 100vw, 800px\" \/><\/a><\/figure>\n\n\n\n<h2 class=\"wp-block-heading\" id=\"Tr\u0105dzik-niemowl\u0119cy:-przyczyny-zmian-sk\u00f3rnych-u-dzieci\">Tr\u0105dzik niemowl\u0119cy: przyczyny zmian sk\u00f3rnych u dzieci<\/h2>\n\n\n\n<p>U pod\u0142o\u017ca tego schorzenia le\u017c\u0105 zmiany hormonalne \u2013 a dok\u0142adniej podwy\u017cszone st\u0119\u017cenie &nbsp;androgen\u00f3w pochodzenia matczynego (hormony mog\u0105 przedosta\u0107 si\u0119 drog\u0105 \u0142o\u017cyska w trakcie \u017cycia p\u0142odowego dziecka). S\u0105 to tak zwane m\u0119skie hormony p\u0142ciowe. Do pojawienia si\u0119 tr\u0105dziku noworodkowego i niemowl\u0119cego mo\u017ce predysponowa\u0107 r\u00f3wnie\u017c nieprawid\u0142owa piel\u0119gnacja sk\u00f3ry, na przyk\u0142ad z wykorzystaniem olej\u00f3w mineralnych.<\/p>\n\n\n\n<h2 class=\"wp-block-heading\" id=\"Badania-przy-tr\u0105dziku-niemowl\u0119cym:-diagnostyka-choroby\">Badania przy tr\u0105dziku niemowl\u0119cym: diagnostyka choroby<\/h2>\n\n\n\n<p><strong>W wi\u0119kszo\u015bci przypadk\u00f3w tr\u0105dzik noworodkowy i niemowl\u0119cy rozpoznawany jest na podstawie obrazu klinicznego i badania przedmiotowego. <\/strong>Jednak w niekt\u00f3rych sytuacjach mo\u017cemy mie\u0107 do czynienia z wyj\u0105tkowo nasilonymi zmianami sk\u00f3rnymi i obecno\u015bci\u0105 dodatkowych symptom\u00f3w, wskazuj\u0105cych na zaburzenia natury endokrynologicznej.<\/p>\n\n\n\n<p>Jest to w\u00f3wczas uzasadniony pow\u00f3d do skorzystania z pomocy endokrynologa dzieci\u0119cego. Diagnostyka endokrynologiczna mo\u017ce wymaga\u0107 wykonania takich oznacze\u0144 laboratoryjnych jak na przyk\u0142ad: :<\/p>\n\n\n\n<ul class=\"wp-block-list\">\n<li>st\u0119\u017cenie siarczanu dehydroepiandrosteronu (DHEAS),<\/li>\n\n\n\n<li>st\u0119\u017cenie hormonu luteinizuj\u0105cego (LH),<\/li>\n\n\n\n<li>st\u0119\u017cenie hormonu folikulotropowego (FSH),<\/li>\n\n\n\n<li><a href=\"https:\/\/www.alab.pl\/badanie\/kortyzol-m31\">st\u0119\u017cenie kortyzolu<\/a>, test z deksametazonem,<\/li>\n\n\n\n<li>st\u0119\u017cenie <a href=\"https:\/\/www.alab.pl\/badanie\/tyreotropina-tsh-trzeciej-generacji-l69\">TSH<\/a>, <a href=\"https:\/\/www.alab.pl\/badanie\/wolna-trijodotyronina-ft3-o55\">fT3<\/a>, <a href=\"https:\/\/www.alab.pl\/badanie\/wolna-tyroksyna-ft4-o69\">fT4<\/a>,<\/li>\n\n\n\n<li>st\u0119\u017cenie <a href=\"https:\/\/www.alab.pl\/badanie\/17-oh-progesteron-l79\">17-OH-progesteronu<\/a>,<\/li>\n\n\n\n<li>wolnego testosteronu,<\/li>\n\n\n\n<li>ocena dobowego wydalania 17-ketosteroid\u00f3w i\/lub 17-OH-kortykosteroid\u00f3w w moczu.<\/li>\n<\/ul>\n\n\n\n<p>Na podstawie wynik\u00f3w bada\u0144 lekarz zadecyduje o dalszym post\u0119powaniu diagnostyczno-leczniczym.<\/p>\n\n\n\n<figure class=\"wp-block-image size-full\"><a href=\"https:\/\/www.alab.pl\/badanie\/luteotropina-lh-l67\"><img loading=\"lazy\" decoding=\"async\" width=\"800\" height=\"200\" src=\"https:\/\/www.alab.pl\/centrum-wiedzy\/wp-content\/uploads\/2025\/10\/Badanie-luteotropiny-LH.png\" alt=\"Badanie luteotropiny (LH) banerek\" class=\"wp-image-27159\" srcset=\"https:\/\/www.alab.pl\/centrum-wiedzy\/wp-content\/uploads\/2025\/10\/Badanie-luteotropiny-LH.png 800w, https:\/\/www.alab.pl\/centrum-wiedzy\/wp-content\/uploads\/2025\/10\/Badanie-luteotropiny-LH-768x192.png 768w, https:\/\/www.alab.pl\/centrum-wiedzy\/wp-content\/uploads\/2025\/10\/Badanie-luteotropiny-LH-150x38.png 150w, https:\/\/www.alab.pl\/centrum-wiedzy\/wp-content\/uploads\/2025\/10\/Badanie-luteotropiny-LH-300x75.png 300w, https:\/\/www.alab.pl\/centrum-wiedzy\/wp-content\/uploads\/2025\/10\/Badanie-luteotropiny-LH-696x174.png 696w\" sizes=\"auto, (max-width: 800px) 100vw, 800px\" \/><\/a><\/figure>\n\n\n\n<h2 class=\"wp-block-heading\" id=\"Tr\u0105dzik-niemowl\u0119cy:-leczenie\">Tr\u0105dzik niemowl\u0119cy: leczenie<\/h2>\n\n\n\n<p>U wi\u0119kszo\u015bci dzieci nie ma konieczno\u015bci w\u0142\u0105czenia leczenia farmakologicznego. Zmiany sk\u00f3rne zazwyczaj ust\u0119puj\u0105 samoistnie w ci\u0105gu kilku miesi\u0119cy od momentu wyst\u0105pienia pierwszych objaw\u00f3w. W przypadku ostrego przebiegu choroby leczenie opiera si\u0119 na tych samych za\u0142o\u017ceniach co w przypadku tr\u0105dziku pospolitego u starszych dzieci lub doros\u0142ych.<\/p>\n\n\n\n<p>\u0141agodna posta\u0107 tr\u0105dziku niemowl\u0119cego mo\u017ce by\u0107 leczona, <strong>\u015brodkami miejscowymi na bazie retinoid\u00f3w, miejscowych <\/strong><a href=\"https:\/\/www.alab.pl\/centrum-wiedzy\/antybiotyk\/\"><strong>antybiotyk\u00f3w<\/strong><\/a><strong> lub nadtlenku benzoilu.<\/strong> Procedur\u0119 ustala lekarz na podstawie ilo\u015bci i nasilenia zmian. Substancje te mog\u0105 by\u0107 stosowane w monoterapii lub skojarzeniu. W przypadku umiarkowanych lub ci\u0119\u017ckich zmian z ryzykiem bliznowacenia rozwi\u0105zaniem mo\u017ce by\u0107 doustne podanie lek\u00f3w, w tym antybiotyk\u00f3w.<\/p>\n\n\n\n<h3 class=\"wp-block-heading\" id=\"Czym-smarowa\u0107-tr\u0105dzik-niemowl\u0119cy?\">Czym smarowa\u0107 tr\u0105dzik niemowl\u0119cy?<\/h3>\n\n\n\n<p>Bardzo istotne jest stosowanie dermokosmetyk\u00f3w &nbsp;kt\u00f3re b\u0119d\u0105 wspiera\u0107 barier\u0119 hydrolipidow\u0105 sk\u00f3ry, \u0142agodzi\u0107 podra\u017cnienia i nawil\u017ca\u0107. Powinny mie\u0107 one lekk\u0105 konsystencj\u0119, a tak\u017ce by\u0107 pozbawione substancji komedogennych. Piel\u0119gnacja mo\u017ce by\u0107 uzupe\u0142nieniem leczenia farmakologicznego.<\/p>\n\n\n\n<figure class=\"wp-block-image size-full\"><a href=\"https:\/\/www.alab.pl\/badanie\/folikulotropina-fsh-l65\"><img loading=\"lazy\" decoding=\"async\" width=\"800\" height=\"200\" src=\"https:\/\/www.alab.pl\/centrum-wiedzy\/wp-content\/uploads\/2025\/02\/Badanie-FSH-folikulotropiny.jpg\" alt=\"Badanie FSH (folikulotropiny) banerek\" class=\"wp-image-21545\" srcset=\"https:\/\/www.alab.pl\/centrum-wiedzy\/wp-content\/uploads\/2025\/02\/Badanie-FSH-folikulotropiny.jpg 800w, https:\/\/www.alab.pl\/centrum-wiedzy\/wp-content\/uploads\/2025\/02\/Badanie-FSH-folikulotropiny-768x192.jpg 768w, https:\/\/www.alab.pl\/centrum-wiedzy\/wp-content\/uploads\/2025\/02\/Badanie-FSH-folikulotropiny-150x38.jpg 150w, https:\/\/www.alab.pl\/centrum-wiedzy\/wp-content\/uploads\/2025\/02\/Badanie-FSH-folikulotropiny-300x75.jpg 300w, https:\/\/www.alab.pl\/centrum-wiedzy\/wp-content\/uploads\/2025\/02\/Badanie-FSH-folikulotropiny-696x174.jpg 696w\" sizes=\"auto, (max-width: 800px) 100vw, 800px\" \/><\/a><\/figure>\n\n\n\n<h2 class=\"wp-block-heading\" id=\"Tr\u0105dzik-niemowl\u0119cy-i-noworodkowy.-Najcz\u0119stsze-pytania-(FAQ)\">Tr\u0105dzik niemowl\u0119cy i noworodkowy. Najcz\u0119stsze pytania (FAQ)<\/h2>\n\n\n\n<p>Poznaj odpowiedzi na najcz\u0119\u015bciej pojawiaj\u0105ce si\u0119 pytania dotycz\u0105ce tr\u0105dziku niemowl\u0119cego i noworodkowego.<\/p>\n\n\n\n<div class=\"schema-faq wp-block-yoast-faq-block\"><div class=\"schema-faq-section\" id=\"faq-question-1761768054310\"><strong class=\"schema-faq-question\"><strong>Jak odr\u00f3\u017cni\u0107 tr\u0105dzik niemowl\u0119cy od skazy bia\u0142kowej?<\/strong><\/strong> <p class=\"schema-faq-answer\">Tr\u0105dzik niemowl\u0119cy mo\u017ce by\u0107 mylony z tak zwan\u0105 <a href=\"https:\/\/www.alab.pl\/centrum-wiedzy\/skaza-bialkowa-u-niemowlecia-a-karmienie-piersia\/\"><em>skaz\u0105 bia\u0142kow\u0105<\/em><\/a> (s\u0105 to zmiany sk\u00f3rne towarzysz\u0105ce <a href=\"https:\/\/www.alab.pl\/centrum-wiedzy\/alergia-pokarmowa\/\">alergii pokarmowej<\/a>), jednak warto wiedzie\u0107, \u017ce te zmiany r\u00f3\u017cni\u0105 si\u0119 od siebie. W tr\u0105dziku podstawowymi wykwitami s\u0105 zask\u00f3rniki , a w przypadku <em>skazy bia\u0142kowej<\/em> mog\u0105 wyst\u0119powa\u0107 zmiany rumieniowo-z\u0142uszczaj\u0105ce, wypryskowe.<\/p> <\/div> <div class=\"schema-faq-section\" id=\"faq-question-1761768073467\"><strong class=\"schema-faq-question\"><strong>Czym my\u0107 buzi\u0119 niemowlaka z tr\u0105dzikiem?<\/strong><\/strong> <p class=\"schema-faq-answer\">Sk\u00f3r\u0119 z tr\u0105dzikiem niemowl\u0119cym nale\u017cy odpowiednio piel\u0119gnowa\u0107. Zalecane s\u0105 delikatne \u015brodki myj\u0105ce b\u0119d\u0105ce dermokosmetykami , kt\u00f3re b\u0119d\u0105 oczyszcza\u0107 bez podra\u017cniania. Nale\u017cy unika\u0107 substancji potencjalnie alergizuj\u0105cych i komedogennych, takich jak wazelina, parafina i oleje mineralne.<\/p> <\/div> <div class=\"schema-faq-section\" id=\"faq-question-1761768089231\"><strong class=\"schema-faq-question\"><strong>Kiedy znika tr\u0105dzik niemowl\u0119cy?<\/strong><\/strong> <p class=\"schema-faq-answer\">Czas trwania choroby jest kwesti\u0105 indywidualn\u0105, jednak zmiany tr\u0105dzikowe u niemowl\u0105t najcz\u0119\u015bciej znikaj\u0105 po kilku miesi\u0105cach. Im szybciej zostanie w\u0142\u0105czone odpowiednie leczenie i piel\u0119gnacja , tym lepiej.<\/p> <\/div> <div class=\"schema-faq-section\" id=\"faq-question-1761768121206\"><strong class=\"schema-faq-question\"><strong>Co pogarsza tr\u0105dzik niemowl\u0119cy?<\/strong><\/strong> <p class=\"schema-faq-answer\">Do zaostrzenia tr\u0105dziku niemowl\u0119cego mo\u017ce doj\u015b\u0107 w wyniku zbyt agresywnej piel\u0119gnacji, przegrzewania organizmu dziecka czy te\u017c nieodpowiedniej higieny. Nale\u017cy pami\u0119ta\u0107 o regularnej wymianie po\u015bcieli oraz r\u0119cznika.<\/p> <\/div> <div class=\"schema-faq-section\" id=\"faq-question-1761768141905\"><strong class=\"schema-faq-question\"><strong>Czy tr\u0105dzik niemowl\u0119cy nawraca?<\/strong><\/strong> <p class=\"schema-faq-answer\">Tr\u0105dzik niemowl\u0119cy zazwyczaj mija samoistnie, ale u niekt\u00f3rych mo\u017ce on nawraca\u0107. Nie ma jednak powtarzalnej regu\u0142y. Tr\u0105dzik pojawiaj\u0105cy si\u0119 u starszych dzieci, m\u0142odzie\u017cy lub doros\u0142ych nie jest nazywany tr\u0105dzikiem niemowl\u0119cym i mo\u017ce si\u0119 r\u00f3\u017cni\u0107 wygl\u0105dem zmian.<\/p> <\/div> <\/div>\n\n\n\n<h2 class=\"wp-block-heading\" id=\"Podsumowanie-informacji-o-tr\u0105dziku-niemowl\u0119cym\">Podsumowanie informacji o tr\u0105dziku niemowl\u0119cym<\/h2>\n\n\n\n<p>Tr\u0105dzik niemowl\u0119cy:<\/p>\n\n\n\n<ul class=\"wp-block-list\">\n<li>mo\u017ce przypomina\u0107 inne choroby i problemy sk\u00f3rne.<\/li>\n\n\n\n<li>cz\u0119\u015bciej pojawia si\u0119 u ch\u0142opc\u00f3w ni\u017c u dziewcz\u0105t.<\/li>\n\n\n\n<li>w wi\u0119kszo\u015bci przypadk\u00f3w mija samoistnie.<\/li>\n\n\n\n<li>leczenie polega na stosowaniu odpowiedniej piel\u0119gnacji, lek\u00f3w miejscowych, rzadziej lek\u00f3w og\u00f3lnoustrojowych.<\/li>\n<\/ul>\n\n\n\n<p><strong>Opieka merytoryczna: lek. Katarzyna Banaszczyk<\/strong><\/p>\n\n\n\n<hr class=\"wp-block-separator has-alpha-channel-opacity\"\/>\n\n\n\n<p><strong>Bibliografia<\/strong><\/p>\n\n\n\n<ol class=\"wp-block-list\">\n<li>M. Filo-Rogulska, D. Wcis\u0142o-Dziadecka, L.Brzezi\u0144ska-Wcis\u0142o, Neonatal and infantile acne \u2013 ethiopathogenesis, clinical presentation and treatment possibilities \u201ePost\u0119py Nauk Medycznych\u201d, 1a\/2018, s. 45-48.<\/li>\n\n\n\n<li>C. Serna-Tamayo, MD; C. K. Janniger, MD; G. Micali, MD; R. A. Schwartz, MD, MPH, Neonatal and Infantile Acne Vulgaris: An Update \u201ePetriadic Dermatology\u201d VOLUME 94, JULY 2014 s. 13-16.<\/li>\n\n\n\n<li>Infantile Acne. Poole CN, McNair V. [W]: StatPearls [Internet]. Treasure Island (FL): StatPearls Publishing 2024.<\/li>\n<\/ol>\n","protected":false},"excerpt":{"rendered":"<p>Tr\u0105dzik niemowl\u0119cy i noworodkowy to stosunkowo rzadkie schorzenia. Dowiedz si\u0119, jak wygl\u0105da ten tr\u0105dzik i na czym polega jego leczenie.<\/p>\n","protected":false},"author":173,"featured_media":27707,"comment_status":"closed","ping_status":"closed","sticky":false,"template":"","format":"standard","meta":{"_acf_changed":false,"inline_featured_image":false,"footnotes":""},"categories":[12,30],"tags":[],"coauthors":[215],"class_list":{"0":"post-27706","1":"post","2":"type-post","3":"status-publish","4":"format-standard","5":"has-post-thumbnail","8":"category-zdrowie-dzieci-i-mlodziezy"},"acf":[],"yoast_head":"<!-- This site is optimized with the Yoast SEO plugin v27.5 - https:\/\/yoast.com\/product\/yoast-seo-wordpress\/ -->\n<title>Tr\u0105dzik niemowl\u0119cy i noworodkowy \u2013 co go powoduje i ile trwa? Rozpoznanie i leczenie - Centrum Wiedzy ALAB laboratoria<\/title>\n<meta name=\"description\" content=\"Tr\u0105dzik niemowl\u0119cy i noworodkowy to stosunkowo rzadkie schorzenia. Dowiedz si\u0119, jak wygl\u0105da ten tr\u0105dzik i na czym polega jego leczenie.\" \/>\n<meta name=\"robots\" content=\"index, follow, max-snippet:-1, max-image-preview:large, max-video-preview:-1\" \/>\n<link rel=\"canonical\" href=\"https:\/\/www.alab.pl\/centrum-wiedzy\/tradzik-niemowlecy-i-noworodkowy-co-go-powoduje-i-ile-trwa-rozpoznanie-i-leczenie\/\" \/>\n<meta property=\"og:locale\" content=\"pl_PL\" \/>\n<meta property=\"og:type\" content=\"article\" \/>\n<meta property=\"og:title\" content=\"Tr\u0105dzik niemowl\u0119cy i noworodkowy \u2013 co go powoduje i ile trwa? Rozpoznanie i leczenie - Centrum Wiedzy ALAB laboratoria\" \/>\n<meta property=\"og:description\" content=\"Tr\u0105dzik niemowl\u0119cy i noworodkowy to stosunkowo rzadkie schorzenia. Dowiedz si\u0119, jak wygl\u0105da ten tr\u0105dzik i na czym polega jego leczenie.\" \/>\n<meta property=\"og:url\" content=\"https:\/\/www.alab.pl\/centrum-wiedzy\/tradzik-niemowlecy-i-noworodkowy-co-go-powoduje-i-ile-trwa-rozpoznanie-i-leczenie\/\" \/>\n<meta property=\"og:site_name\" content=\"Centrum Wiedzy ALAB laboratoria\" \/>\n<meta property=\"article:publisher\" content=\"https:\/\/www.facebook.com\/ALABlaboratoria\" \/>\n<meta property=\"article:published_time\" content=\"2025-10-29T20:07:34+00:00\" \/>\n<meta property=\"article:modified_time\" content=\"2025-10-29T20:07:36+00:00\" \/>\n<meta property=\"og:image\" content=\"https:\/\/www.alab.pl\/centrum-wiedzy\/wp-content\/uploads\/2025\/10\/tradzik_niemowlecy-scaled.jpg\" \/>\n\t<meta property=\"og:image:width\" content=\"2560\" \/>\n\t<meta property=\"og:image:height\" content=\"1704\" \/>\n\t<meta property=\"og:image:type\" content=\"image\/jpeg\" \/>\n<meta name=\"author\" content=\"Sylwia Brodniewska\" \/>\n<meta name=\"twitter:card\" content=\"summary_large_image\" \/>\n<meta name=\"twitter:label1\" content=\"Napisane przez\" \/>\n\t<meta name=\"twitter:data1\" content=\"Sylwia Brodniewska\" \/>\n\t<meta name=\"twitter:label2\" content=\"Szacowany czas czytania\" \/>\n\t<meta name=\"twitter:data2\" content=\"8 minut\" \/>\n\t<meta name=\"twitter:label3\" content=\"Written by\" \/>\n\t<meta name=\"twitter:data3\" content=\"Sylwia Brodniewska\" \/>\n<!-- \/ Yoast SEO plugin. -->","yoast_head_json":{"title":"Tr\u0105dzik niemowl\u0119cy i noworodkowy \u2013 co go powoduje i ile trwa? Rozpoznanie i leczenie - Centrum Wiedzy ALAB laboratoria","description":"Tr\u0105dzik niemowl\u0119cy i noworodkowy to stosunkowo rzadkie schorzenia. Dowiedz si\u0119, jak wygl\u0105da ten tr\u0105dzik i na czym polega jego leczenie.","robots":{"index":"index","follow":"follow","max-snippet":"max-snippet:-1","max-image-preview":"max-image-preview:large","max-video-preview":"max-video-preview:-1"},"canonical":"https:\/\/www.alab.pl\/centrum-wiedzy\/tradzik-niemowlecy-i-noworodkowy-co-go-powoduje-i-ile-trwa-rozpoznanie-i-leczenie\/","og_locale":"pl_PL","og_type":"article","og_title":"Tr\u0105dzik niemowl\u0119cy i noworodkowy \u2013 co go powoduje i ile trwa? Rozpoznanie i leczenie - Centrum Wiedzy ALAB laboratoria","og_description":"Tr\u0105dzik niemowl\u0119cy i noworodkowy to stosunkowo rzadkie schorzenia. Dowiedz si\u0119, jak wygl\u0105da ten tr\u0105dzik i na czym polega jego leczenie.","og_url":"https:\/\/www.alab.pl\/centrum-wiedzy\/tradzik-niemowlecy-i-noworodkowy-co-go-powoduje-i-ile-trwa-rozpoznanie-i-leczenie\/","og_site_name":"Centrum Wiedzy ALAB laboratoria","article_publisher":"https:\/\/www.facebook.com\/ALABlaboratoria","article_published_time":"2025-10-29T20:07:34+00:00","article_modified_time":"2025-10-29T20:07:36+00:00","og_image":[{"width":2560,"height":1704,"url":"https:\/\/www.alab.pl\/centrum-wiedzy\/wp-content\/uploads\/2025\/10\/tradzik_niemowlecy-scaled.jpg","type":"image\/jpeg"}],"author":"Sylwia Brodniewska","twitter_card":"summary_large_image","twitter_misc":{"Napisane przez":"Sylwia Brodniewska","Szacowany czas czytania":"8 minut","Written by":"Sylwia Brodniewska"},"schema":{"@context":"https:\/\/schema.org","@graph":[{"@type":"Article","@id":"https:\/\/www.alab.pl\/centrum-wiedzy\/tradzik-niemowlecy-i-noworodkowy-co-go-powoduje-i-ile-trwa-rozpoznanie-i-leczenie\/#article","isPartOf":{"@id":"https:\/\/www.alab.pl\/centrum-wiedzy\/tradzik-niemowlecy-i-noworodkowy-co-go-powoduje-i-ile-trwa-rozpoznanie-i-leczenie\/"},"author":{"name":"Sylwia Brodniewska","@id":"https:\/\/www.alab.pl\/centrum-wiedzy\/#\/schema\/person\/995af3d4809324c2d7dc28904c928aba"},"headline":"Tr\u0105dzik niemowl\u0119cy i noworodkowy \u2013 co go powoduje i ile trwa? Rozpoznanie i leczenie","datePublished":"2025-10-29T20:07:34+00:00","dateModified":"2025-10-29T20:07:36+00:00","mainEntityOfPage":{"@id":"https:\/\/www.alab.pl\/centrum-wiedzy\/tradzik-niemowlecy-i-noworodkowy-co-go-powoduje-i-ile-trwa-rozpoznanie-i-leczenie\/"},"wordCount":1477,"publisher":{"@id":"https:\/\/www.alab.pl\/centrum-wiedzy\/#organization"},"image":{"@id":"https:\/\/www.alab.pl\/centrum-wiedzy\/tradzik-niemowlecy-i-noworodkowy-co-go-powoduje-i-ile-trwa-rozpoznanie-i-leczenie\/#primaryimage"},"thumbnailUrl":"https:\/\/www.alab.pl\/centrum-wiedzy\/wp-content\/uploads\/2025\/10\/tradzik_niemowlecy-scaled.jpg","articleSection":["Choroby sk\u00f3ry","Zdrowie dzieci i m\u0142odzie\u017cy"],"inLanguage":"pl-PL"},{"@type":["WebPage","FAQPage"],"@id":"https:\/\/www.alab.pl\/centrum-wiedzy\/tradzik-niemowlecy-i-noworodkowy-co-go-powoduje-i-ile-trwa-rozpoznanie-i-leczenie\/","url":"https:\/\/www.alab.pl\/centrum-wiedzy\/tradzik-niemowlecy-i-noworodkowy-co-go-powoduje-i-ile-trwa-rozpoznanie-i-leczenie\/","name":"Tr\u0105dzik niemowl\u0119cy i noworodkowy \u2013 co go powoduje i ile trwa? Rozpoznanie i leczenie - Centrum Wiedzy ALAB laboratoria","isPartOf":{"@id":"https:\/\/www.alab.pl\/centrum-wiedzy\/#website"},"primaryImageOfPage":{"@id":"https:\/\/www.alab.pl\/centrum-wiedzy\/tradzik-niemowlecy-i-noworodkowy-co-go-powoduje-i-ile-trwa-rozpoznanie-i-leczenie\/#primaryimage"},"image":{"@id":"https:\/\/www.alab.pl\/centrum-wiedzy\/tradzik-niemowlecy-i-noworodkowy-co-go-powoduje-i-ile-trwa-rozpoznanie-i-leczenie\/#primaryimage"},"thumbnailUrl":"https:\/\/www.alab.pl\/centrum-wiedzy\/wp-content\/uploads\/2025\/10\/tradzik_niemowlecy-scaled.jpg","datePublished":"2025-10-29T20:07:34+00:00","dateModified":"2025-10-29T20:07:36+00:00","description":"Tr\u0105dzik niemowl\u0119cy i noworodkowy to stosunkowo rzadkie schorzenia. Dowiedz si\u0119, jak wygl\u0105da ten tr\u0105dzik i na czym polega jego leczenie.","breadcrumb":{"@id":"https:\/\/www.alab.pl\/centrum-wiedzy\/tradzik-niemowlecy-i-noworodkowy-co-go-powoduje-i-ile-trwa-rozpoznanie-i-leczenie\/#breadcrumb"},"mainEntity":[{"@id":"https:\/\/www.alab.pl\/centrum-wiedzy\/tradzik-niemowlecy-i-noworodkowy-co-go-powoduje-i-ile-trwa-rozpoznanie-i-leczenie\/#faq-question-1761768054310"},{"@id":"https:\/\/www.alab.pl\/centrum-wiedzy\/tradzik-niemowlecy-i-noworodkowy-co-go-powoduje-i-ile-trwa-rozpoznanie-i-leczenie\/#faq-question-1761768073467"},{"@id":"https:\/\/www.alab.pl\/centrum-wiedzy\/tradzik-niemowlecy-i-noworodkowy-co-go-powoduje-i-ile-trwa-rozpoznanie-i-leczenie\/#faq-question-1761768089231"},{"@id":"https:\/\/www.alab.pl\/centrum-wiedzy\/tradzik-niemowlecy-i-noworodkowy-co-go-powoduje-i-ile-trwa-rozpoznanie-i-leczenie\/#faq-question-1761768121206"},{"@id":"https:\/\/www.alab.pl\/centrum-wiedzy\/tradzik-niemowlecy-i-noworodkowy-co-go-powoduje-i-ile-trwa-rozpoznanie-i-leczenie\/#faq-question-1761768141905"}],"inLanguage":"pl-PL","potentialAction":[{"@type":"ReadAction","target":["https:\/\/www.alab.pl\/centrum-wiedzy\/tradzik-niemowlecy-i-noworodkowy-co-go-powoduje-i-ile-trwa-rozpoznanie-i-leczenie\/"]}]},{"@type":"ImageObject","inLanguage":"pl-PL","@id":"https:\/\/www.alab.pl\/centrum-wiedzy\/tradzik-niemowlecy-i-noworodkowy-co-go-powoduje-i-ile-trwa-rozpoznanie-i-leczenie\/#primaryimage","url":"https:\/\/www.alab.pl\/centrum-wiedzy\/wp-content\/uploads\/2025\/10\/tradzik_niemowlecy-scaled.jpg","contentUrl":"https:\/\/www.alab.pl\/centrum-wiedzy\/wp-content\/uploads\/2025\/10\/tradzik_niemowlecy-scaled.jpg","width":2560,"height":1704,"caption":"tr\u0105dzik niemowl\u0119cy"},{"@type":"BreadcrumbList","@id":"https:\/\/www.alab.pl\/centrum-wiedzy\/tradzik-niemowlecy-i-noworodkowy-co-go-powoduje-i-ile-trwa-rozpoznanie-i-leczenie\/#breadcrumb","itemListElement":[{"@type":"ListItem","position":1,"name":"Strona g\u0142\u00f3wna","item":"https:\/\/www.alab.pl\/centrum-wiedzy\/"},{"@type":"ListItem","position":2,"name":"Tr\u0105dzik niemowl\u0119cy i noworodkowy \u2013 co go powoduje i ile trwa? Rozpoznanie i leczenie"}]},{"@type":"WebSite","@id":"https:\/\/www.alab.pl\/centrum-wiedzy\/#website","url":"https:\/\/www.alab.pl\/centrum-wiedzy\/","name":"Centrum Wiedzy ALAB laboratoria","description":"","publisher":{"@id":"https:\/\/www.alab.pl\/centrum-wiedzy\/#organization"},"potentialAction":[{"@type":"SearchAction","target":{"@type":"EntryPoint","urlTemplate":"https:\/\/www.alab.pl\/centrum-wiedzy\/?s={search_term_string}"},"query-input":{"@type":"PropertyValueSpecification","valueRequired":true,"valueName":"search_term_string"}}],"inLanguage":"pl-PL"},{"@type":"Organization","@id":"https:\/\/www.alab.pl\/centrum-wiedzy\/#organization","name":"Centrum Wiedzy ALAB laboratoria","url":"https:\/\/www.alab.pl\/centrum-wiedzy\/","logo":{"@type":"ImageObject","inLanguage":"pl-PL","@id":"https:\/\/www.alab.pl\/centrum-wiedzy\/#\/schema\/logo\/image\/","url":"https:\/\/www.alab.pl\/centrum-wiedzy\/wp-content\/uploads\/2022\/04\/alabek.jpg","contentUrl":"https:\/\/www.alab.pl\/centrum-wiedzy\/wp-content\/uploads\/2022\/04\/alabek.jpg","width":1250,"height":1251,"caption":"Centrum Wiedzy ALAB laboratoria"},"image":{"@id":"https:\/\/www.alab.pl\/centrum-wiedzy\/#\/schema\/logo\/image\/"},"sameAs":["https:\/\/www.facebook.com\/ALABlaboratoria"]},{"@type":"Person","@id":"https:\/\/www.alab.pl\/centrum-wiedzy\/#\/schema\/person\/995af3d4809324c2d7dc28904c928aba","name":"Sylwia Brodniewska","image":{"@type":"ImageObject","inLanguage":"pl-PL","@id":"https:\/\/www.alab.pl\/centrum-wiedzy\/wp-content\/uploads\/2024\/12\/Sylwia-Brodniewska-150x150.jpg24c9a81a17b8e789859a5423499b7dad","url":"https:\/\/www.alab.pl\/centrum-wiedzy\/wp-content\/uploads\/2024\/12\/Sylwia-Brodniewska-150x150.jpg","contentUrl":"https:\/\/www.alab.pl\/centrum-wiedzy\/wp-content\/uploads\/2024\/12\/Sylwia-Brodniewska-150x150.jpg","caption":"Sylwia Brodniewska"},"description":"Kosmetolog i psychodietetyk, stale rozwijaj\u0105ca swoj\u0105 wiedz\u0119 z zakresu wp\u0142ywu suplementacji diety na stan sk\u00f3ry oraz psychologicznych aspekt\u00f3w leczenia oty\u0142o\u015bci. Obecnie w trakcie pog\u0142\u0119biania zagadnie\u0144 z zakresu trudno\u015bci w od\u017cywianiu u os\u00f3b z ADHD. Autorka wielu publikacji z dziedziny kosmetologii, dietetyki i zdrowego trybu \u017cycia.","url":"https:\/\/www.alab.pl\/centrum-wiedzy\/author\/sylwia-brodniewska\/"},{"@type":"Question","@id":"https:\/\/www.alab.pl\/centrum-wiedzy\/tradzik-niemowlecy-i-noworodkowy-co-go-powoduje-i-ile-trwa-rozpoznanie-i-leczenie\/#faq-question-1761768054310","position":1,"url":"https:\/\/www.alab.pl\/centrum-wiedzy\/tradzik-niemowlecy-i-noworodkowy-co-go-powoduje-i-ile-trwa-rozpoznanie-i-leczenie\/#faq-question-1761768054310","name":"Jak odr\u00f3\u017cni\u0107 tr\u0105dzik niemowl\u0119cy od skazy bia\u0142kowej?","answerCount":1,"acceptedAnswer":{"@type":"Answer","text":"Tr\u0105dzik niemowl\u0119cy mo\u017ce by\u0107 mylony z tak zwan\u0105 <a href=\"https:\/\/www.alab.pl\/centrum-wiedzy\/skaza-bialkowa-u-niemowlecia-a-karmienie-piersia\/\"><em>skaz\u0105 bia\u0142kow\u0105<\/em><\/a> (s\u0105 to zmiany sk\u00f3rne towarzysz\u0105ce <a href=\"https:\/\/www.alab.pl\/centrum-wiedzy\/alergia-pokarmowa\/\">alergii pokarmowej<\/a>), jednak warto wiedzie\u0107, \u017ce te zmiany r\u00f3\u017cni\u0105 si\u0119 od siebie. W tr\u0105dziku podstawowymi wykwitami s\u0105 zask\u00f3rniki , a w przypadku <em>skazy bia\u0142kowej<\/em> mog\u0105 wyst\u0119powa\u0107 zmiany rumieniowo-z\u0142uszczaj\u0105ce, wypryskowe.","inLanguage":"pl-PL"},"inLanguage":"pl-PL"},{"@type":"Question","@id":"https:\/\/www.alab.pl\/centrum-wiedzy\/tradzik-niemowlecy-i-noworodkowy-co-go-powoduje-i-ile-trwa-rozpoznanie-i-leczenie\/#faq-question-1761768073467","position":2,"url":"https:\/\/www.alab.pl\/centrum-wiedzy\/tradzik-niemowlecy-i-noworodkowy-co-go-powoduje-i-ile-trwa-rozpoznanie-i-leczenie\/#faq-question-1761768073467","name":"Czym my\u0107 buzi\u0119 niemowlaka z tr\u0105dzikiem?","answerCount":1,"acceptedAnswer":{"@type":"Answer","text":"Sk\u00f3r\u0119 z tr\u0105dzikiem niemowl\u0119cym nale\u017cy odpowiednio piel\u0119gnowa\u0107. Zalecane s\u0105 delikatne \u015brodki myj\u0105ce b\u0119d\u0105ce dermokosmetykami , kt\u00f3re b\u0119d\u0105 oczyszcza\u0107 bez podra\u017cniania. Nale\u017cy unika\u0107 substancji potencjalnie alergizuj\u0105cych i komedogennych, takich jak wazelina, parafina i oleje mineralne.","inLanguage":"pl-PL"},"inLanguage":"pl-PL"},{"@type":"Question","@id":"https:\/\/www.alab.pl\/centrum-wiedzy\/tradzik-niemowlecy-i-noworodkowy-co-go-powoduje-i-ile-trwa-rozpoznanie-i-leczenie\/#faq-question-1761768089231","position":3,"url":"https:\/\/www.alab.pl\/centrum-wiedzy\/tradzik-niemowlecy-i-noworodkowy-co-go-powoduje-i-ile-trwa-rozpoznanie-i-leczenie\/#faq-question-1761768089231","name":"Kiedy znika tr\u0105dzik niemowl\u0119cy?","answerCount":1,"acceptedAnswer":{"@type":"Answer","text":"Czas trwania choroby jest kwesti\u0105 indywidualn\u0105, jednak zmiany tr\u0105dzikowe u niemowl\u0105t najcz\u0119\u015bciej znikaj\u0105 po kilku miesi\u0105cach. Im szybciej zostanie w\u0142\u0105czone odpowiednie leczenie i piel\u0119gnacja , tym lepiej.","inLanguage":"pl-PL"},"inLanguage":"pl-PL"},{"@type":"Question","@id":"https:\/\/www.alab.pl\/centrum-wiedzy\/tradzik-niemowlecy-i-noworodkowy-co-go-powoduje-i-ile-trwa-rozpoznanie-i-leczenie\/#faq-question-1761768121206","position":4,"url":"https:\/\/www.alab.pl\/centrum-wiedzy\/tradzik-niemowlecy-i-noworodkowy-co-go-powoduje-i-ile-trwa-rozpoznanie-i-leczenie\/#faq-question-1761768121206","name":"Co pogarsza tr\u0105dzik niemowl\u0119cy?","answerCount":1,"acceptedAnswer":{"@type":"Answer","text":"Do zaostrzenia tr\u0105dziku niemowl\u0119cego mo\u017ce doj\u015b\u0107 w wyniku zbyt agresywnej piel\u0119gnacji, przegrzewania organizmu dziecka czy te\u017c nieodpowiedniej higieny. Nale\u017cy pami\u0119ta\u0107 o regularnej wymianie po\u015bcieli oraz r\u0119cznika.","inLanguage":"pl-PL"},"inLanguage":"pl-PL"},{"@type":"Question","@id":"https:\/\/www.alab.pl\/centrum-wiedzy\/tradzik-niemowlecy-i-noworodkowy-co-go-powoduje-i-ile-trwa-rozpoznanie-i-leczenie\/#faq-question-1761768141905","position":5,"url":"https:\/\/www.alab.pl\/centrum-wiedzy\/tradzik-niemowlecy-i-noworodkowy-co-go-powoduje-i-ile-trwa-rozpoznanie-i-leczenie\/#faq-question-1761768141905","name":"Czy tr\u0105dzik niemowl\u0119cy nawraca?","answerCount":1,"acceptedAnswer":{"@type":"Answer","text":"Tr\u0105dzik niemowl\u0119cy zazwyczaj mija samoistnie, ale u niekt\u00f3rych mo\u017ce on nawraca\u0107. Nie ma jednak powtarzalnej regu\u0142y. Tr\u0105dzik pojawiaj\u0105cy si\u0119 u starszych dzieci, m\u0142odzie\u017cy lub doros\u0142ych nie jest nazywany tr\u0105dzikiem niemowl\u0119cym i mo\u017ce si\u0119 r\u00f3\u017cni\u0107 wygl\u0105dem zmian.","inLanguage":"pl-PL"},"inLanguage":"pl-PL"}]}},"_links":{"self":[{"href":"https:\/\/www.alab.pl\/centrum-wiedzy\/wp-json\/wp\/v2\/posts\/27706","targetHints":{"allow":["GET"]}}],"collection":[{"href":"https:\/\/www.alab.pl\/centrum-wiedzy\/wp-json\/wp\/v2\/posts"}],"about":[{"href":"https:\/\/www.alab.pl\/centrum-wiedzy\/wp-json\/wp\/v2\/types\/post"}],"author":[{"embeddable":true,"href":"https:\/\/www.alab.pl\/centrum-wiedzy\/wp-json\/wp\/v2\/users\/173"}],"replies":[{"embeddable":true,"href":"https:\/\/www.alab.pl\/centrum-wiedzy\/wp-json\/wp\/v2\/comments?post=27706"}],"version-history":[{"count":2,"href":"https:\/\/www.alab.pl\/centrum-wiedzy\/wp-json\/wp\/v2\/posts\/27706\/revisions"}],"predecessor-version":[{"id":27710,"href":"https:\/\/www.alab.pl\/centrum-wiedzy\/wp-json\/wp\/v2\/posts\/27706\/revisions\/27710"}],"wp:featuredmedia":[{"embeddable":true,"href":"https:\/\/www.alab.pl\/centrum-wiedzy\/wp-json\/wp\/v2\/media\/27707"}],"wp:attachment":[{"href":"https:\/\/www.alab.pl\/centrum-wiedzy\/wp-json\/wp\/v2\/media?parent=27706"}],"wp:term":[{"taxonomy":"category","embeddable":true,"href":"https:\/\/www.alab.pl\/centrum-wiedzy\/wp-json\/wp\/v2\/categories?post=27706"},{"taxonomy":"post_tag","embeddable":true,"href":"https:\/\/www.alab.pl\/centrum-wiedzy\/wp-json\/wp\/v2\/tags?post=27706"},{"taxonomy":"author","embeddable":true,"href":"https:\/\/www.alab.pl\/centrum-wiedzy\/wp-json\/wp\/v2\/coauthors?post=27706"}],"curies":[{"name":"wp","href":"https:\/\/api.w.org\/{rel}","templated":true}]}}