{"id":27905,"date":"2025-11-18T12:16:39","date_gmt":"2025-11-18T11:16:39","guid":{"rendered":"https:\/\/www.alab.pl\/centrum-wiedzy\/?p=27905"},"modified":"2025-11-18T12:27:20","modified_gmt":"2025-11-18T11:27:20","slug":"lysienie-plackowate-u-dzieci-przyczyny-i-leczenie-lysienia","status":"publish","type":"post","link":"https:\/\/www.alab.pl\/centrum-wiedzy\/lysienie-plackowate-u-dzieci-przyczyny-i-leczenie-lysienia\/","title":{"rendered":"\u0141ysienie plackowate u dzieci \u2013 przyczyny i leczenie \u0142ysienia"},"content":{"rendered":"\n<p><strong>\u0141ysienie plackowate u dzieci to choroba autoimmunologiczna, w kt\u00f3rej uk\u0142ad odporno\u015bciowy atakuje mieszki w\u0142osowe, prowadz\u0105c do miejscowego wypadania w\u0142os\u00f3w. Cho\u0107 nie stanowi ono zagro\u017cenia dla zdrowia fizycznego, cz\u0119sto wp\u0142ywa na samoocen\u0119 i rozw\u00f3j emocjonalny dziecka.<\/strong><\/p>\n\n\n\n<figure class=\"wp-block-table\"><table class=\"has-fixed-layout\"><tbody><tr><td><strong>Z tego artyku\u0142u dowiesz si\u0119:<\/strong> &nbsp; <br>&gt;&gt; jakie s\u0105 przyczyny \u0142ysienia plackowatego u dzieci, <br>&gt;&gt; poznasz wp\u0142yw stresu i czynnik\u00f3w genetycznych na rozw\u00f3j choroby, <br>&gt;&gt; w jakim wieku mo\u017ce wyst\u0105pi\u0107 choroba, <br>&gt;&gt; jakie objawy powinny zaniepokoi\u0107 rodzic\u00f3w, <br>&gt;&gt; jak wygl\u0105da diagnostyka \u2013 od badania trychologicznego po testy laboratoryjne, <br>&gt;&gt; jakie leki i terapie s\u0105 stosowane u dzieci, <br>&gt;&gt; kiedy mo\u017cna zauwa\u017cy\u0107 pierwsze efekty leczenia, <br>&gt;&gt; jakie s\u0105 szanse na ca\u0142kowite wyleczenie, <br>&gt;&gt; jak \u0142ysienie wp\u0142ywa na psychik\u0119 i rozw\u00f3j dziecka. &nbsp;<\/td><\/tr><\/tbody><\/table><\/figure>\n\n\n\n<p>Spis tre\u015bci:<\/p>\n\n\n\n<ol class=\"wp-block-list\">\n<li><a href=\"#Jakie-s\u0105-przyczyny-\u0142ysienia-plackowatego-u-dzieci?\">Jakie s\u0105 przyczyny \u0142ysienia plackowatego u dzieci?<\/a>\n<ul class=\"wp-block-list\">\n<li><span style=\"color: initial;\"><a href=\"#\u0141ysienie-plackowate-u-dzieci-a-stres\">\u0141ysienie plackowate u dzieci a stres<\/a><\/span><\/li>\n\n\n\n<li><span style=\"color: initial;\"><a href=\"#\u0141ysienie-plackowate-u-dzieci-a-paso\u017cyty\">\u0141ysienie plackowate u dzieci a paso\u017cyty<\/a><\/span><\/li>\n\n\n\n<li><a href=\"#Czy-uwarunkowania-genetyczne-maj\u0105-wp\u0142yw?\">Czy uwarunkowania genetyczne maj\u0105 wp\u0142yw?<\/a><\/li>\n<\/ul>\n<\/li>\n\n\n\n<li><a href=\"#W-jakim-wieku-mo\u017ce-wyst\u0105pi\u0107-\u0142ysienie-plackowate-u-dzieci\">W jakim wieku mo\u017ce wyst\u0105pi\u0107 \u0142ysienie plackowate u dzieci<\/a><\/li>\n\n\n\n<li><a href=\"#Jak-objawia-si\u0119-\u0142ysienie-plackowate-u-dzieci?\">Jak objawia si\u0119 \u0142ysienie plackowate u dzieci?<\/a><\/li>\n\n\n\n<li><a href=\"#Czy-\u0142ysienie-plackowate-u-dzieci-wp\u0142ywa-na-rozw\u00f3j-dziecka?\">Czy \u0142ysienie plackowate u dzieci wp\u0142ywa na rozw\u00f3j dziecka?<\/a><\/li>\n\n\n\n<li><a href=\"#Diagnostyka-\u0142ysienia-plackowatego-u-dzieci\">Diagnostyka \u0142ysienia plackowatego u dzieci<\/a>\n<ul class=\"wp-block-list\">\n<li><a href=\"#Badanie-trychologiczne\">Badanie trychologiczne<\/a><\/li>\n\n\n\n<li><a href=\"#Czy-badania-krwi-pomagaj\u0105-w-diagnozie?\">Czy badania krwi pomagaj\u0105 w diagnozie?<\/a><\/li>\n<\/ul>\n<\/li>\n\n\n\n<li><a href=\"#Leczenie-\u0142ysienia-plackowatego-u-dzieci\">Leczenie \u0142ysienia plackowatego u dzieci<\/a>\n<ul class=\"wp-block-list\">\n<li><a href=\"#Leki-rekomendowane\">Leki rekomendowane<\/a><\/li>\n\n\n\n<li><a href=\"#Kiedy-pojawiaj\u0105-si\u0119-efekty-leczenia?\">Kiedy pojawiaj\u0105 si\u0119 efekty leczenia?<\/a><\/li>\n<\/ul>\n<\/li>\n\n\n\n<li><a href=\"#Czy-mo\u017cna-wyleczy\u0107-\u0142ysienie-plackowate-u-dzieci?\">Czy mo\u017cna wyleczy\u0107 \u0142ysienie plackowate u dzieci?<\/a><\/li>\n\n\n\n<li><a href=\"#Podsumowanie\">Podsumowanie<\/a><\/li>\n\n\n\n<li><a href=\"#\u0141ysienie-plackowate-u-dzieci-\u2013-sekcja-FAQ\">\u0141ysienie plackowate u dzieci \u2013 sekcja FAQ<\/a><\/li>\n<\/ol>\n\n\n\n<h2 class=\"wp-block-heading\" id=\"Jakie-s\u0105-przyczyny-\u0142ysienia-plackowatego-u-dzieci?\">Jakie s\u0105 przyczyny \u0142ysienia plackowatego u dzieci?<\/h2>\n\n\n\n<p>\u0141ysienie plackowate ma charakter wieloczynnikowy, a jego <strong>pod\u0142o\u017ce jest g\u0142\u00f3wnie autoimmunologiczne<\/strong>. Uk\u0142ad odporno\u015bciowy atakuje w\u0142asne mieszki w\u0142osowe, prowadz\u0105c do ich przej\u015bciowego \u201eu\u015bpienia\u201d. Wp\u0142yw mog\u0105 mie\u0107 zar\u00f3wno czynniki genetyczne, jak i \u015brodowiskowe, w tym stres, <a href=\"https:\/\/www.alab.pl\/centrum-wiedzy\/infekcja\/\">infekcje<\/a> czy zaburzenia hormonalne.<\/p>\n\n\n\n<p><strong>&gt;&gt; Warto przeczyta\u0107 tak\u017ce: <a href=\"https:\/\/www.alab.pl\/centrum-wiedzy\/wypadanie-wlosow-lysienie-przyczyny-diagnostyka\/\">Problemy z w\u0142osami \u2013 jak zdefiniowa\u0107 i dzia\u0142a\u0107 na przyczyn\u0119?<\/a><\/strong><\/p>\n\n\n\n<h3 class=\"wp-block-heading\" id=\"\u0141ysienie-plackowate-u-dzieci-a-stres\">\u0141ysienie plackowate u dzieci a stres<\/h3>\n\n\n\n<p><a href=\"https:\/\/www.alab.pl\/centrum-wiedzy\/stres-przyjaciel-czy-wrog\/\">Stres<\/a> jest jednym z czynnik\u00f3w mog\u0105cych nasila\u0107 lub inicjowa\u0107 \u0142ysienie. U dzieci, kt\u00f3re prze\u017cy\u0142y silne emocje, np. rozw\u00f3d rodzic\u00f3w, zmian\u0119 szko\u0142y czy \u015bmier\u0107 bliskiej osoby, cz\u0119sto obserwuje si\u0119 pojawienie ognisk \u0142ysienia. <strong>Stres aktywuje odpowied\u017a immunologiczn\u0105, kt\u00f3ra mo\u017ce prowadzi\u0107 do uszkodzenia mieszk\u00f3w w\u0142osowych<\/strong>.<\/p>\n\n\n\n<p><strong>&gt;&gt; Sprawd\u017a te\u017c: <a href=\"https:\/\/www.alab.pl\/centrum-wiedzy\/ptsd-zespol-stresu-pourazowego-czym-jest-i-jakie-daje-objawy\/\">PTSD (zesp\u00f3\u0142 stresu pourazowego) \u2013 czym jest i jakie daje objawy?<\/a><\/strong><\/p>\n\n\n\n<figure class=\"wp-block-image size-full\"><a href=\"https:\/\/www.alab.pl\/pakiet\/pakiet-tarczycowy-rozszerzony\"><img loading=\"lazy\" decoding=\"async\" width=\"800\" height=\"250\" src=\"https:\/\/www.alab.pl\/centrum-wiedzy\/wp-content\/uploads\/2025\/06\/tarczycowy_rozszerzony_mobile.jpg\" alt=\"tarczycowy_rozszerzony_mobile baner na kategori\u0119\" class=\"wp-image-24169\" srcset=\"https:\/\/www.alab.pl\/centrum-wiedzy\/wp-content\/uploads\/2025\/06\/tarczycowy_rozszerzony_mobile.jpg 800w, https:\/\/www.alab.pl\/centrum-wiedzy\/wp-content\/uploads\/2025\/06\/tarczycowy_rozszerzony_mobile-768x240.jpg 768w, https:\/\/www.alab.pl\/centrum-wiedzy\/wp-content\/uploads\/2025\/06\/tarczycowy_rozszerzony_mobile-150x47.jpg 150w, https:\/\/www.alab.pl\/centrum-wiedzy\/wp-content\/uploads\/2025\/06\/tarczycowy_rozszerzony_mobile-300x94.jpg 300w, https:\/\/www.alab.pl\/centrum-wiedzy\/wp-content\/uploads\/2025\/06\/tarczycowy_rozszerzony_mobile-696x218.jpg 696w\" sizes=\"auto, (max-width: 800px) 100vw, 800px\" \/><\/a><\/figure>\n\n\n\n<h3 class=\"wp-block-heading\" id=\"\u0141ysienie-plackowate-u-dzieci-a-paso\u017cyty\">\u0141ysienie plackowate u dzieci a paso\u017cyty<\/h3>\n\n\n\n<p>Cho\u0107 <strong>infekcje paso\u017cytnicze sk\u00f3ry g\u0142owy (np. grzybice) mog\u0105 powodowa\u0107 utrat\u0119 w\u0142os\u00f3w, to nie s\u0105 bezpo\u015bredni\u0105 przyczyn\u0105 \u0142ysienia plackowatego<\/strong>. Warto jednak zawsze wykluczy\u0107 infekcje sk\u00f3ry g\u0142owy w diagnostyce r\u00f3\u017cnicowej, zw\u0142aszcza gdy dziecko ucz\u0119szcza do \u017c\u0142obka lub przedszkola.<\/p>\n\n\n\n<p><strong>&gt;&gt; Mo\u017ce Ci si\u0119 przyda\u0107 tak\u017ce: <a href=\"https:\/\/www.alab.pl\/centrum-wiedzy\/kiedy-podejrzewac-infekcje-pasozytnicza-u-dziecka\/\">Kiedy podejrzewa\u0107 infekcj\u0119 paso\u017cytnicz\u0105 u dziecka?<\/a><\/strong><\/p>\n\n\n\n<h3 class=\"wp-block-heading\" id=\"Czy-uwarunkowania-genetyczne-maj\u0105-wp\u0142yw?\">Czy uwarunkowania genetyczne maj\u0105 wp\u0142yw?<\/h3>\n\n\n\n<p>Tak. Badania wskazuj\u0105, \u017ce oko\u0142o 10-20% dzieci z \u0142ysieniem plackowatym ma w rodzinie osob\u0119 choruj\u0105c\u0105 na t\u0119 sam\u0105 dolegliwo\u015b\u0107.<\/p>\n\n\n\n<h2 class=\"wp-block-heading\" id=\"W-jakim-wieku-mo\u017ce-wyst\u0105pi\u0107-\u0142ysienie-plackowate-u-dzieci\">W jakim wieku mo\u017ce wyst\u0105pi\u0107 \u0142ysienie plackowate u dzieci<\/h2>\n\n\n\n<p>Choroba <strong>mo\u017ce wyst\u0105pi\u0107 w ka\u017cdym wieku, jednak najcz\u0119\u015bciej pierwsze ogniska pojawiaj\u0105 si\u0119 mi\u0119dzy 5. a 10. rokiem \u017cycia<\/strong>. Im wcze\u015bniej rozpoczyna si\u0119 choroba, tym wi\u0119ksze ryzyko nawrot\u00f3w i ci\u0119\u017cszego przebiegu. Wczesny wiek zachorowania wi\u0105\u017ce si\u0119 te\u017c cz\u0119\u015bciej z postaci\u0105 ca\u0142kowit\u0105 lub uog\u00f3lnion\u0105 \u0142ysienia.<\/p>\n\n\n\n<h2 class=\"wp-block-heading\" id=\"Jak-objawia-si\u0119-\u0142ysienie-plackowate-u-dzieci?\">Jak objawia si\u0119 \u0142ysienie plackowate u dzieci?<\/h2>\n\n\n\n<p>Objawy to najcz\u0119\u015bciej <strong>dobrze odgraniczone, okr\u0105g\u0142e lub owalne ogniska pozbawione w\u0142os\u00f3w<\/strong>. Sk\u00f3ra w tych miejscach jest g\u0142adka, nie sw\u0119dzi i nie boli. W niekt\u00f3rych przypadkach mo\u017ce doj\u015b\u0107 do utraty wszystkich w\u0142os\u00f3w na g\u0142owie (\u0142ysienie ca\u0142kowite) lub na ca\u0142ym ciele (tzw. \u0142ysienie uniwersalne).<\/p>\n\n\n\n<h2 class=\"wp-block-heading\" id=\"Czy-\u0142ysienie-plackowate-u-dzieci-wp\u0142ywa-na-rozw\u00f3j-dziecka?\">Czy \u0142ysienie plackowate u dzieci wp\u0142ywa na rozw\u00f3j dziecka?<\/h2>\n\n\n\n<p>Cho\u0107 sama choroba nie zaburza wzrostu ani zdrowia fizycznego, <strong>mo\u017ce negatywnie wp\u0142ywa\u0107 na samoocen\u0119, relacje r\u00f3wie\u015bnicze i emocje dziecka<\/strong>. Dzieci z widocznym \u0142ysieniem cz\u0119sto do\u015bwiadczaj\u0105 wstydu, izolacji i obni\u017conego nastroju. Dlatego, opr\u00f3cz leczenia dermatologicznego warto rozwa\u017cy\u0107 wsparcie psychologiczne.<\/p>\n\n\n\n<h2 class=\"wp-block-heading\" id=\"Diagnostyka-\u0142ysienia-plackowatego-u-dzieci\">Diagnostyka \u0142ysienia plackowatego u dzieci<\/h2>\n\n\n\n<h3 class=\"wp-block-heading\" id=\"Badanie-trychologiczne\">Badanie trychologiczne<\/h3>\n\n\n\n<p>Podstaw\u0105 rozpoznania jest <strong>ocena sk\u00f3ry g\u0142owy i wygl\u0105du w\u0142os\u00f3w<\/strong>. Trycholog lub dermatolog wykorzystuje dermatoskop, lub kamer\u0119 trichoskopow\u0105, by uwidoczni\u0107 charakterystyczne cechy wygl\u0105du w\u0142osa. W typowych przypadkach nie ma potrzeby wykonywania biopsji sk\u00f3ry.<\/p>\n\n\n\n<p><strong>>> Przeczytaj r\u00f3wnie\u017c: <a href=\"https:\/\/www.alab.pl\/centrum-wiedzy\/wypadanie-wlosow-najczestsze-przyczyny-i-diagnostyka\/\">Wypadanie w\u0142os\u00f3w \u2013 najcz\u0119stsze przyczyny i diagnostyka<\/a><\/strong><\/p>\n\n\n\n<h3 class=\"wp-block-heading\" id=\"Czy-badania-krwi-pomagaj\u0105-w-diagnozie?\">Czy badania krwi pomagaj\u0105 w diagnozie?<\/h3>\n\n\n\n<p>Nie istnieje jedno badanie krwi potwierdzaj\u0105ce \u0142ysienie plackowate, ale zaleca si\u0119 oznaczenie parametr\u00f3w pomocniczych:<\/p>\n\n\n\n<ul class=\"wp-block-list\">\n<li><a href=\"https:\/\/www.alab.pl\/badanie\/morfologia-krwi-c55\">morfologii krwi<\/a> obwodowej,<\/li>\n\n\n\n<li>st\u0119\u017cenia ferrytyny,<\/li>\n\n\n\n<li>TSH oraz przeciwcia\u0142 przeciwtarczycowych.<\/li>\n<\/ul>\n\n\n\n<p>Pozwala to wykry\u0107 <a href=\"https:\/\/www.alab.pl\/centrum-wiedzy\/choroby-autoimmunologiczne-czym-sa-objawy-diagnostyka-i-leczenie\/\">choroby autoimmunologiczne<\/a> cz\u0119sto wsp\u00f3\u0142istniej\u0105ce, np. <a href=\"https:\/\/www.alab.pl\/centrum-wiedzy\/choroba-hashimoto\/\">chorob\u0119 Hashimoto<\/a>.<\/p>\n\n\n\n<figure class=\"wp-block-image size-full\"><a href=\"https:\/\/www.alab.pl\/badanie\/ferrytyna-l05\"><img loading=\"lazy\" decoding=\"async\" width=\"800\" height=\"200\" src=\"https:\/\/www.alab.pl\/centrum-wiedzy\/wp-content\/uploads\/2025\/08\/Badanie-ferrytyny.jpg\" alt=\"Badanie ferrytyny banerek\" class=\"wp-image-26230\" srcset=\"https:\/\/www.alab.pl\/centrum-wiedzy\/wp-content\/uploads\/2025\/08\/Badanie-ferrytyny.jpg 800w, https:\/\/www.alab.pl\/centrum-wiedzy\/wp-content\/uploads\/2025\/08\/Badanie-ferrytyny-768x192.jpg 768w, https:\/\/www.alab.pl\/centrum-wiedzy\/wp-content\/uploads\/2025\/08\/Badanie-ferrytyny-150x38.jpg 150w, https:\/\/www.alab.pl\/centrum-wiedzy\/wp-content\/uploads\/2025\/08\/Badanie-ferrytyny-300x75.jpg 300w, https:\/\/www.alab.pl\/centrum-wiedzy\/wp-content\/uploads\/2025\/08\/Badanie-ferrytyny-696x174.jpg 696w\" sizes=\"auto, (max-width: 800px) 100vw, 800px\" \/><\/a><\/figure>\n\n\n\n<h2 class=\"wp-block-heading\" id=\"Leczenie-\u0142ysienia-plackowatego-u-dzieci\">Leczenie \u0142ysienia plackowatego u dzieci<\/h2>\n\n\n\n<h3 class=\"wp-block-heading\" id=\"Leki-rekomendowane\">Leki rekomendowane<\/h3>\n\n\n\n<p>W leczeniu dzieci stosuje si\u0119:<\/p>\n\n\n\n<ul class=\"wp-block-list\">\n<li>miejscowe glikokortykosteroidy \u2013 podstawowa forma terapii w \u0142agodnych przypadkach,<\/li>\n\n\n\n<li>leczenie og\u00f3lnoustrojowe \u2013 w ci\u0119\u017cszych przypadkach (kortykosteroidy, metotreksat, cyklosporyna),<\/li>\n\n\n\n<li>inhibitory JAK \u2013 nowoczesna metoda, obiecuj\u0105ca zw\u0142aszcza w postaciach opornych, cho\u0107 wymaga dalszych bada\u0144 bezpiecze\u0144stwa u dzieci,<\/li>\n\n\n\n<li>wsparcie psychologiczne \u2013 kluczowe dla poprawy jako\u015bci \u017cycia i samooceny dziecka.<\/li>\n<\/ul>\n\n\n\n<h3 class=\"wp-block-heading\" id=\"Kiedy-pojawiaj\u0105-si\u0119-efekty-leczenia?\">Kiedy pojawiaj\u0105 si\u0119 efekty leczenia?<\/h3>\n\n\n\n<p>Pierwsze oznaki odrastania w\u0142os\u00f3w (kr\u00f3tkie, mi\u0119kkie w\u0142oski) <strong>mog\u0105 pojawi\u0107 si\u0119 po 6-12 tygodniach terapii<\/strong>. Pe\u0142ne efekty s\u0105 widoczne po 3-6 miesi\u0105cach. Choroba ma jednak charakter nawrotowy, dlatego cz\u0119sto wymaga d\u0142ugoterminowego monitorowania.<\/p>\n\n\n\n<h2 class=\"wp-block-heading\" id=\"Czy-mo\u017cna-wyleczy\u0107-\u0142ysienie-plackowate-u-dzieci?\">Czy mo\u017cna wyleczy\u0107 \u0142ysienie plackowate u dzieci?<\/h2>\n\n\n\n<p>Wielu pacjent\u00f3w uzyskuje ca\u0142kowity odrost w\u0142os\u00f3w, zw\u0142aszcza w postaciach ograniczonych. Szacuje si\u0119, \u017ce oko\u0142o 1\/3 dzieci odzyskuje w\u0142osy w ci\u0105gu roku. W przypadku postaci uog\u00f3lnionej lub ca\u0142kowitej leczenie jest trudniejsze, a nawroty cz\u0119stsze. Im wcze\u015bniej rozpocznie si\u0119 terapi\u0119, tym wi\u0119ksza szansa na trwa\u0142\u0105 popraw\u0119.<\/p>\n\n\n\n<h2 class=\"wp-block-heading\" id=\"Podsumowanie\">Podsumowanie<\/h2>\n\n\n\n<p>\u0141ysienie plackowate u dzieci to przewlek\u0142a choroba autoimmunologiczna, kt\u00f3rej leczenie wymaga cierpliwo\u015bci i kompleksowego podej\u015bcia \u2013 zar\u00f3wno medycznego, jak i emocjonalnego. Wczesna diagnoza i wdro\u017cenie terapii zwi\u0119kszaj\u0105 szanse na odrost w\u0142os\u00f3w i popraw\u0119 komfortu \u017cycia dziecka.<\/p>\n\n\n\n<h2 class=\"wp-block-heading\" id=\"\u0141ysienie-plackowate-u-dzieci-\u2013-sekcja-FAQ\">\u0141ysienie plackowate u dzieci \u2013 sekcja FAQ<\/h2>\n\n\n\n<div class=\"schema-faq wp-block-yoast-faq-block\"><div class=\"schema-faq-section\" id=\"faq-question-1763464334838\"><strong class=\"schema-faq-question\"><strong>Czy \u0142ysienie plackowate to rak?<\/strong><\/strong> <p class=\"schema-faq-answer\">Nie. To choroba autoimmunologiczna, a nie nowotworowa. Uk\u0142ad odporno\u015bciowy atakuje mieszki w\u0142osowe, ale nie prowadzi to do zmian nowotworowych.<\/p> <\/div> <div class=\"schema-faq-section\" id=\"faq-question-1763464350671\"><strong class=\"schema-faq-question\"><strong>Czy zakola u dziecka \u015bwiadcz\u0105 o powa\u017cnej chorobie?<\/strong><\/strong> <p class=\"schema-faq-answer\">Nie zawsze. Zakola mog\u0105 by\u0107 fizjologicznym elementem dojrzewania lub cech\u0105 budowy linii w\u0142os\u00f3w. Je\u015bli jednak towarzyszy im wypadanie w\u0142os\u00f3w w innych miejscach, warto skonsultowa\u0107 si\u0119 z dermatologiem.<\/p> <\/div> <div class=\"schema-faq-section\" id=\"faq-question-1763464363016\"><strong class=\"schema-faq-question\"><strong>Czy w\u0142osy przy \u0142ysieniu plackowatym u dzieci odrosn\u0105?<\/strong><\/strong> <p class=\"schema-faq-answer\">W wielu przypadkach tak. W\u0142osy cz\u0119sto odrastaj\u0105 po kilku miesi\u0105cach leczenia, cho\u0107 mog\u0105 by\u0107 cie\u0144sze lub ja\u015bniejsze. Choroba ma jednak tendencj\u0119 do nawrot\u00f3w.<\/p> <\/div> <\/div>\n\n\n\n<hr class=\"wp-block-separator has-alpha-channel-opacity\"\/>\n\n\n\n<p><strong>\u0179r\u00f3d\u0142a<\/strong><\/p>\n\n\n\n<ol class=\"wp-block-list\">\n<li>Barton VR, Toussi A, Awasthi S, Kiuru M. Treatment of pediatric alopecia areata: A systematic review. J Am Acad Dermatol. 2022 Jun;86(6):1318-1334. doi: 10.1016\/j.jaad.2021.04.077. Epub 2021 Apr 30. PMID: 33940103; PMCID: PMC8556406.<br>https:\/\/pmc.ncbi.nlm.nih.gov\/articles\/PMC8556406\/ [dost\u0119p: 17.11.2025 r.]<\/li>\n\n\n\n<li>Jang YH, Eun DH, Kim DW. Long-Term Prognosis of Alopecia Areata in Children and Adolescents. Ann Dermatol. 2019 Apr;31(2):231-234. doi: 10.5021\/ad.2019.31.2.231. Epub 2019 Feb 28. PMID: 33911578; PMCID: PMC7992685.<br>https:\/\/pmc.ncbi.nlm.nih.gov\/articles\/PMC7992685\/ [dost\u0119p: 17.11.2025 r.]<\/li>\n\n\n\n<li>Ma T, Zhang T, Miao F, Liu J, Zhu Q, Chen Z, Tai Z, He Z. Alopecia Areata: Pathogenesis, Diagnosis, and Therapies. MedComm (2020). 2025 Apr 21;6(5):e70182. doi: 10.1002\/mco2.70182. PMID: 40260013; PMCID: PMC12010142.<br>https:\/\/pmc.ncbi.nlm.nih.gov\/articles\/PMC12010142\/ [dost\u0119p: 17.11.2025 r.]<\/li>\n<\/ol>\n\n\n\n<p><\/p>\n","protected":false},"excerpt":{"rendered":"<p>\u0141ysienie plackowate u dzieci to choroba autoimmunologiczna, kt\u00f3ra prowadzi do miejscowego wypadania w\u0142os\u00f3w. Dowiedz si\u0119 wi\u0119cej.<\/p>\n","protected":false},"author":154,"featured_media":27815,"comment_status":"closed","ping_status":"closed","sticky":false,"template":"","format":"standard","meta":{"_acf_changed":false,"inline_featured_image":false,"footnotes":""},"categories":[12,30],"tags":[],"coauthors":[151],"class_list":{"0":"post-27905","1":"post","2":"type-post","3":"status-publish","4":"format-standard","5":"has-post-thumbnail","8":"category-zdrowie-dzieci-i-mlodziezy"},"acf":[],"yoast_head":"<!-- This site is optimized with the Yoast SEO plugin v27.5 - https:\/\/yoast.com\/product\/yoast-seo-wordpress\/ -->\n<title>\u0141ysienie plackowate u dzieci \u2013 przyczyny i leczenie \u0142ysienia - Centrum Wiedzy ALAB laboratoria<\/title>\n<meta name=\"description\" content=\"\u0141ysienie plackowate u dzieci to choroba autoimmunologiczna, kt\u00f3ra prowadzi do miejscowego wypadania w\u0142os\u00f3w. Dowiedz si\u0119 wi\u0119cej.\" \/>\n<meta name=\"robots\" content=\"index, follow, max-snippet:-1, max-image-preview:large, max-video-preview:-1\" \/>\n<link rel=\"canonical\" href=\"https:\/\/www.alab.pl\/centrum-wiedzy\/lysienie-plackowate-u-dzieci-przyczyny-i-leczenie-lysienia\/\" \/>\n<meta property=\"og:locale\" content=\"pl_PL\" \/>\n<meta property=\"og:type\" content=\"article\" \/>\n<meta property=\"og:title\" content=\"\u0141ysienie plackowate u dzieci \u2013 przyczyny i leczenie \u0142ysienia - Centrum Wiedzy ALAB laboratoria\" \/>\n<meta property=\"og:description\" content=\"\u0141ysienie plackowate u dzieci to choroba autoimmunologiczna, kt\u00f3ra prowadzi do miejscowego wypadania w\u0142os\u00f3w. Dowiedz si\u0119 wi\u0119cej.\" \/>\n<meta property=\"og:url\" content=\"https:\/\/www.alab.pl\/centrum-wiedzy\/lysienie-plackowate-u-dzieci-przyczyny-i-leczenie-lysienia\/\" \/>\n<meta property=\"og:site_name\" content=\"Centrum Wiedzy ALAB laboratoria\" \/>\n<meta property=\"article:publisher\" content=\"https:\/\/www.facebook.com\/ALABlaboratoria\" \/>\n<meta property=\"article:published_time\" content=\"2025-11-18T11:16:39+00:00\" \/>\n<meta property=\"article:modified_time\" content=\"2025-11-18T11:27:20+00:00\" \/>\n<meta property=\"og:image\" content=\"https:\/\/www.alab.pl\/centrum-wiedzy\/wp-content\/uploads\/2025\/11\/Lysienie_plackowate_u_dzieci_cover.jpg\" \/>\n\t<meta property=\"og:image:width\" content=\"1925\" \/>\n\t<meta property=\"og:image:height\" content=\"1284\" \/>\n\t<meta property=\"og:image:type\" content=\"image\/jpeg\" \/>\n<meta name=\"author\" content=\"Damian Matusiak\" \/>\n<meta name=\"twitter:card\" content=\"summary_large_image\" \/>\n<meta name=\"twitter:label1\" content=\"Napisane przez\" \/>\n\t<meta name=\"twitter:data1\" content=\"Damian Matusiak\" \/>\n\t<meta name=\"twitter:label2\" content=\"Szacowany czas czytania\" \/>\n\t<meta name=\"twitter:data2\" content=\"7 minut\" \/>\n\t<meta name=\"twitter:label3\" content=\"Written by\" \/>\n\t<meta name=\"twitter:data3\" content=\"Damian Matusiak\" \/>\n<!-- \/ Yoast SEO plugin. -->","yoast_head_json":{"title":"\u0141ysienie plackowate u dzieci \u2013 przyczyny i leczenie \u0142ysienia - Centrum Wiedzy ALAB laboratoria","description":"\u0141ysienie plackowate u dzieci to choroba autoimmunologiczna, kt\u00f3ra prowadzi do miejscowego wypadania w\u0142os\u00f3w. Dowiedz si\u0119 wi\u0119cej.","robots":{"index":"index","follow":"follow","max-snippet":"max-snippet:-1","max-image-preview":"max-image-preview:large","max-video-preview":"max-video-preview:-1"},"canonical":"https:\/\/www.alab.pl\/centrum-wiedzy\/lysienie-plackowate-u-dzieci-przyczyny-i-leczenie-lysienia\/","og_locale":"pl_PL","og_type":"article","og_title":"\u0141ysienie plackowate u dzieci \u2013 przyczyny i leczenie \u0142ysienia - Centrum Wiedzy ALAB laboratoria","og_description":"\u0141ysienie plackowate u dzieci to choroba autoimmunologiczna, kt\u00f3ra prowadzi do miejscowego wypadania w\u0142os\u00f3w. Dowiedz si\u0119 wi\u0119cej.","og_url":"https:\/\/www.alab.pl\/centrum-wiedzy\/lysienie-plackowate-u-dzieci-przyczyny-i-leczenie-lysienia\/","og_site_name":"Centrum Wiedzy ALAB laboratoria","article_publisher":"https:\/\/www.facebook.com\/ALABlaboratoria","article_published_time":"2025-11-18T11:16:39+00:00","article_modified_time":"2025-11-18T11:27:20+00:00","og_image":[{"width":1925,"height":1284,"url":"https:\/\/www.alab.pl\/centrum-wiedzy\/wp-content\/uploads\/2025\/11\/Lysienie_plackowate_u_dzieci_cover.jpg","type":"image\/jpeg"}],"author":"Damian Matusiak","twitter_card":"summary_large_image","twitter_misc":{"Napisane przez":"Damian Matusiak","Szacowany czas czytania":"7 minut","Written by":"Damian Matusiak"},"schema":{"@context":"https:\/\/schema.org","@graph":[{"@type":"Article","@id":"https:\/\/www.alab.pl\/centrum-wiedzy\/lysienie-plackowate-u-dzieci-przyczyny-i-leczenie-lysienia\/#article","isPartOf":{"@id":"https:\/\/www.alab.pl\/centrum-wiedzy\/lysienie-plackowate-u-dzieci-przyczyny-i-leczenie-lysienia\/"},"author":{"name":"Damian Matusiak","@id":"https:\/\/www.alab.pl\/centrum-wiedzy\/#\/schema\/person\/5709fe1c1c909754033072d7f8155a44"},"headline":"\u0141ysienie plackowate u dzieci \u2013 przyczyny i leczenie \u0142ysienia","datePublished":"2025-11-18T11:16:39+00:00","dateModified":"2025-11-18T11:27:20+00:00","mainEntityOfPage":{"@id":"https:\/\/www.alab.pl\/centrum-wiedzy\/lysienie-plackowate-u-dzieci-przyczyny-i-leczenie-lysienia\/"},"wordCount":1239,"publisher":{"@id":"https:\/\/www.alab.pl\/centrum-wiedzy\/#organization"},"image":{"@id":"https:\/\/www.alab.pl\/centrum-wiedzy\/lysienie-plackowate-u-dzieci-przyczyny-i-leczenie-lysienia\/#primaryimage"},"thumbnailUrl":"https:\/\/www.alab.pl\/centrum-wiedzy\/wp-content\/uploads\/2025\/11\/Lysienie_plackowate_u_dzieci_cover.jpg","articleSection":["Choroby sk\u00f3ry","Zdrowie dzieci i m\u0142odzie\u017cy"],"inLanguage":"pl-PL"},{"@type":["WebPage","FAQPage"],"@id":"https:\/\/www.alab.pl\/centrum-wiedzy\/lysienie-plackowate-u-dzieci-przyczyny-i-leczenie-lysienia\/","url":"https:\/\/www.alab.pl\/centrum-wiedzy\/lysienie-plackowate-u-dzieci-przyczyny-i-leczenie-lysienia\/","name":"\u0141ysienie plackowate u dzieci \u2013 przyczyny i leczenie \u0142ysienia - Centrum Wiedzy ALAB laboratoria","isPartOf":{"@id":"https:\/\/www.alab.pl\/centrum-wiedzy\/#website"},"primaryImageOfPage":{"@id":"https:\/\/www.alab.pl\/centrum-wiedzy\/lysienie-plackowate-u-dzieci-przyczyny-i-leczenie-lysienia\/#primaryimage"},"image":{"@id":"https:\/\/www.alab.pl\/centrum-wiedzy\/lysienie-plackowate-u-dzieci-przyczyny-i-leczenie-lysienia\/#primaryimage"},"thumbnailUrl":"https:\/\/www.alab.pl\/centrum-wiedzy\/wp-content\/uploads\/2025\/11\/Lysienie_plackowate_u_dzieci_cover.jpg","datePublished":"2025-11-18T11:16:39+00:00","dateModified":"2025-11-18T11:27:20+00:00","description":"\u0141ysienie plackowate u dzieci to choroba autoimmunologiczna, kt\u00f3ra prowadzi do miejscowego wypadania w\u0142os\u00f3w. Dowiedz si\u0119 wi\u0119cej.","breadcrumb":{"@id":"https:\/\/www.alab.pl\/centrum-wiedzy\/lysienie-plackowate-u-dzieci-przyczyny-i-leczenie-lysienia\/#breadcrumb"},"mainEntity":[{"@id":"https:\/\/www.alab.pl\/centrum-wiedzy\/lysienie-plackowate-u-dzieci-przyczyny-i-leczenie-lysienia\/#faq-question-1763464334838"},{"@id":"https:\/\/www.alab.pl\/centrum-wiedzy\/lysienie-plackowate-u-dzieci-przyczyny-i-leczenie-lysienia\/#faq-question-1763464350671"},{"@id":"https:\/\/www.alab.pl\/centrum-wiedzy\/lysienie-plackowate-u-dzieci-przyczyny-i-leczenie-lysienia\/#faq-question-1763464363016"}],"inLanguage":"pl-PL","potentialAction":[{"@type":"ReadAction","target":["https:\/\/www.alab.pl\/centrum-wiedzy\/lysienie-plackowate-u-dzieci-przyczyny-i-leczenie-lysienia\/"]}]},{"@type":"ImageObject","inLanguage":"pl-PL","@id":"https:\/\/www.alab.pl\/centrum-wiedzy\/lysienie-plackowate-u-dzieci-przyczyny-i-leczenie-lysienia\/#primaryimage","url":"https:\/\/www.alab.pl\/centrum-wiedzy\/wp-content\/uploads\/2025\/11\/Lysienie_plackowate_u_dzieci_cover.jpg","contentUrl":"https:\/\/www.alab.pl\/centrum-wiedzy\/wp-content\/uploads\/2025\/11\/Lysienie_plackowate_u_dzieci_cover.jpg","width":1925,"height":1284,"caption":"\u0142ysienie plackowate u dzieci cover"},{"@type":"BreadcrumbList","@id":"https:\/\/www.alab.pl\/centrum-wiedzy\/lysienie-plackowate-u-dzieci-przyczyny-i-leczenie-lysienia\/#breadcrumb","itemListElement":[{"@type":"ListItem","position":1,"name":"Strona g\u0142\u00f3wna","item":"https:\/\/www.alab.pl\/centrum-wiedzy\/"},{"@type":"ListItem","position":2,"name":"\u0141ysienie plackowate u dzieci \u2013 przyczyny i leczenie \u0142ysienia"}]},{"@type":"WebSite","@id":"https:\/\/www.alab.pl\/centrum-wiedzy\/#website","url":"https:\/\/www.alab.pl\/centrum-wiedzy\/","name":"Centrum Wiedzy ALAB laboratoria","description":"","publisher":{"@id":"https:\/\/www.alab.pl\/centrum-wiedzy\/#organization"},"potentialAction":[{"@type":"SearchAction","target":{"@type":"EntryPoint","urlTemplate":"https:\/\/www.alab.pl\/centrum-wiedzy\/?s={search_term_string}"},"query-input":{"@type":"PropertyValueSpecification","valueRequired":true,"valueName":"search_term_string"}}],"inLanguage":"pl-PL"},{"@type":"Organization","@id":"https:\/\/www.alab.pl\/centrum-wiedzy\/#organization","name":"Centrum Wiedzy ALAB laboratoria","url":"https:\/\/www.alab.pl\/centrum-wiedzy\/","logo":{"@type":"ImageObject","inLanguage":"pl-PL","@id":"https:\/\/www.alab.pl\/centrum-wiedzy\/#\/schema\/logo\/image\/","url":"https:\/\/www.alab.pl\/centrum-wiedzy\/wp-content\/uploads\/2022\/04\/alabek.jpg","contentUrl":"https:\/\/www.alab.pl\/centrum-wiedzy\/wp-content\/uploads\/2022\/04\/alabek.jpg","width":1250,"height":1251,"caption":"Centrum Wiedzy ALAB laboratoria"},"image":{"@id":"https:\/\/www.alab.pl\/centrum-wiedzy\/#\/schema\/logo\/image\/"},"sameAs":["https:\/\/www.facebook.com\/ALABlaboratoria"]},{"@type":"Person","@id":"https:\/\/www.alab.pl\/centrum-wiedzy\/#\/schema\/person\/5709fe1c1c909754033072d7f8155a44","name":"Damian Matusiak","image":{"@type":"ImageObject","inLanguage":"pl-PL","@id":"https:\/\/www.alab.pl\/centrum-wiedzy\/wp-content\/uploads\/2023\/10\/Damian-Matusiak-jpg-150x150.webp4a39f9a6ab8bdce93cc7d4859c6e6401","url":"https:\/\/www.alab.pl\/centrum-wiedzy\/wp-content\/uploads\/2023\/10\/Damian-Matusiak-jpg-150x150.webp","contentUrl":"https:\/\/www.alab.pl\/centrum-wiedzy\/wp-content\/uploads\/2023\/10\/Damian-Matusiak-jpg-150x150.webp","caption":"Damian Matusiak"},"description":"Specjalista pediatrii, kieruj\u0105cy Oddzia\u0142em Pediatrycznym w Lesznie, absolwent Uniwersytetu Medycznego im. Karola Marcinkowskiego w Poznaniu; pasjonat ultrasonografii i nowinek ze \u015bwiata nauki.","url":"https:\/\/www.alab.pl\/centrum-wiedzy\/author\/damian-matusiak\/"},{"@type":"Question","@id":"https:\/\/www.alab.pl\/centrum-wiedzy\/lysienie-plackowate-u-dzieci-przyczyny-i-leczenie-lysienia\/#faq-question-1763464334838","position":1,"url":"https:\/\/www.alab.pl\/centrum-wiedzy\/lysienie-plackowate-u-dzieci-przyczyny-i-leczenie-lysienia\/#faq-question-1763464334838","name":"Czy \u0142ysienie plackowate to rak?","answerCount":1,"acceptedAnswer":{"@type":"Answer","text":"Nie. To choroba autoimmunologiczna, a nie nowotworowa. Uk\u0142ad odporno\u015bciowy atakuje mieszki w\u0142osowe, ale nie prowadzi to do zmian nowotworowych.","inLanguage":"pl-PL"},"inLanguage":"pl-PL"},{"@type":"Question","@id":"https:\/\/www.alab.pl\/centrum-wiedzy\/lysienie-plackowate-u-dzieci-przyczyny-i-leczenie-lysienia\/#faq-question-1763464350671","position":2,"url":"https:\/\/www.alab.pl\/centrum-wiedzy\/lysienie-plackowate-u-dzieci-przyczyny-i-leczenie-lysienia\/#faq-question-1763464350671","name":"Czy zakola u dziecka \u015bwiadcz\u0105 o powa\u017cnej chorobie?","answerCount":1,"acceptedAnswer":{"@type":"Answer","text":"Nie zawsze. Zakola mog\u0105 by\u0107 fizjologicznym elementem dojrzewania lub cech\u0105 budowy linii w\u0142os\u00f3w. Je\u015bli jednak towarzyszy im wypadanie w\u0142os\u00f3w w innych miejscach, warto skonsultowa\u0107 si\u0119 z dermatologiem.","inLanguage":"pl-PL"},"inLanguage":"pl-PL"},{"@type":"Question","@id":"https:\/\/www.alab.pl\/centrum-wiedzy\/lysienie-plackowate-u-dzieci-przyczyny-i-leczenie-lysienia\/#faq-question-1763464363016","position":3,"url":"https:\/\/www.alab.pl\/centrum-wiedzy\/lysienie-plackowate-u-dzieci-przyczyny-i-leczenie-lysienia\/#faq-question-1763464363016","name":"Czy w\u0142osy przy \u0142ysieniu plackowatym u dzieci odrosn\u0105?","answerCount":1,"acceptedAnswer":{"@type":"Answer","text":"W wielu przypadkach tak. W\u0142osy cz\u0119sto odrastaj\u0105 po kilku miesi\u0105cach leczenia, cho\u0107 mog\u0105 by\u0107 cie\u0144sze lub ja\u015bniejsze. Choroba ma jednak tendencj\u0119 do nawrot\u00f3w.","inLanguage":"pl-PL"},"inLanguage":"pl-PL"}]}},"_links":{"self":[{"href":"https:\/\/www.alab.pl\/centrum-wiedzy\/wp-json\/wp\/v2\/posts\/27905","targetHints":{"allow":["GET"]}}],"collection":[{"href":"https:\/\/www.alab.pl\/centrum-wiedzy\/wp-json\/wp\/v2\/posts"}],"about":[{"href":"https:\/\/www.alab.pl\/centrum-wiedzy\/wp-json\/wp\/v2\/types\/post"}],"author":[{"embeddable":true,"href":"https:\/\/www.alab.pl\/centrum-wiedzy\/wp-json\/wp\/v2\/users\/154"}],"replies":[{"embeddable":true,"href":"https:\/\/www.alab.pl\/centrum-wiedzy\/wp-json\/wp\/v2\/comments?post=27905"}],"version-history":[{"count":5,"href":"https:\/\/www.alab.pl\/centrum-wiedzy\/wp-json\/wp\/v2\/posts\/27905\/revisions"}],"predecessor-version":[{"id":27915,"href":"https:\/\/www.alab.pl\/centrum-wiedzy\/wp-json\/wp\/v2\/posts\/27905\/revisions\/27915"}],"wp:featuredmedia":[{"embeddable":true,"href":"https:\/\/www.alab.pl\/centrum-wiedzy\/wp-json\/wp\/v2\/media\/27815"}],"wp:attachment":[{"href":"https:\/\/www.alab.pl\/centrum-wiedzy\/wp-json\/wp\/v2\/media?parent=27905"}],"wp:term":[{"taxonomy":"category","embeddable":true,"href":"https:\/\/www.alab.pl\/centrum-wiedzy\/wp-json\/wp\/v2\/categories?post=27905"},{"taxonomy":"post_tag","embeddable":true,"href":"https:\/\/www.alab.pl\/centrum-wiedzy\/wp-json\/wp\/v2\/tags?post=27905"},{"taxonomy":"author","embeddable":true,"href":"https:\/\/www.alab.pl\/centrum-wiedzy\/wp-json\/wp\/v2\/coauthors?post=27905"}],"curies":[{"name":"wp","href":"https:\/\/api.w.org\/{rel}","templated":true}]}}