{"id":27967,"date":"2025-11-20T10:40:15","date_gmt":"2025-11-20T09:40:15","guid":{"rendered":"https:\/\/www.alab.pl\/centrum-wiedzy\/?p=27967"},"modified":"2025-11-20T10:40:17","modified_gmt":"2025-11-20T09:40:17","slug":"bole-miesni-jakie-moga-byc-przyczyny-kiedy-swiadcza-o-chorobie","status":"publish","type":"post","link":"https:\/\/www.alab.pl\/centrum-wiedzy\/bole-miesni-jakie-moga-byc-przyczyny-kiedy-swiadcza-o-chorobie\/","title":{"rendered":"B\u00f3le mi\u0119\u015bni: jakie mog\u0105 by\u0107 przyczyny? Kiedy \u015bwiadcz\u0105 o chorobie?"},"content":{"rendered":"\n<p><strong>Od zakwas\u00f3w po choroby zapalne: przyczyn b\u00f3lu mi\u0119\u015bni mo\u017ce by\u0107 wiele. Poznaj mo\u017cliwe \u017ar\u00f3d\u0142a b\u00f3l\u00f3w mi\u0119\u015bniowych i sprawd\u017a, kiedy nie nale\u017cy ich bagatelizowa\u0107.<\/strong><\/p>\n\n\n\n<figure class=\"wp-block-table\"><table class=\"has-fixed-layout\"><tbody><tr><td><strong>Z tego artyku\u0142u dowiesz si\u0119, \u017ce:<\/strong> <br>>> b\u00f3l mi\u0119\u015bni (myalgia) mo\u017ce mie\u0107 charakter ostry lub przewlek\u0142y, a jego przyczyny s\u0105 bardzo zr\u00f3\u017cnicowane,<br>>> wi\u0119kszo\u015b\u0107 mi\u0119\u015bniob\u00f3li ma charakter nocyceptywny i wynika z przeci\u0105\u017cenia, infekcji lub niedobor\u00f3w,<br>>> b\u00f3le mog\u0105 te\u017c mie\u0107 pod\u0142o\u017ce neurologiczne, zapalne lub psychosomatyczne,<br>>> do objaw\u00f3w alarmowych, wymagaj\u0105cych konsultacji lekarskiej, nale\u017c\u0105: przewlek\u0142y b\u00f3l trwaj\u0105cy ponad kilka tygodni, nasilaj\u0105cy si\u0119 w nocy, z niewyja\u015bnionymi objawami og\u00f3lnymi (gor\u0105czk\u0105, spadkiem masy cia\u0142a, przewlek\u0142ym zm\u0119czeniem) i zmianami sk\u00f3rnymi,<br>>> rozpoznanie opiera si\u0119 na dok\u0142adnym wywiadzie i badaniu fizykalnym oraz, zale\u017cnie od sytuacji klinicznej, badaniach laboratoryjnych, neurofizjologicznych i obrazowych.<\/td><\/tr><\/tbody><\/table><\/figure>\n\n\n\n<p><strong>Spis tre\u015bci:<\/strong><\/p>\n\n\n\n<ol class=\"wp-block-list\">\n<li><a href=\"#B\u00f3le-mi\u0119\u015bni-\u2013-czym-s\u0105-i-sk\u0105d-si\u0119-bior\u0105?\">B\u00f3le mi\u0119\u015bni \u2013 czym s\u0105 i sk\u0105d si\u0119 bior\u0105?<\/a><\/li>\n\n\n\n<li><a href=\"#Najcz\u0119stsze-przyczyny-b\u00f3lu-mi\u0119\u015bni\">Najcz\u0119stsze przyczyny b\u00f3lu mi\u0119\u015bni<\/a><\/li>\n\n\n\n<li><a href=\"#B\u00f3le-mi\u0119\u015bni-w-zale\u017cno\u015bci-od-lokalizacji\">B\u00f3le mi\u0119\u015bni w zale\u017cno\u015bci od lokalizacji<\/a>\n<ul class=\"wp-block-list\">\n<li><a href=\"#B\u00f3le-mi\u0119\u015bni-n\u00f3g\">B\u00f3le mi\u0119\u015bni n\u00f3g<\/a><\/li>\n\n\n\n<li><a href=\"#B\u00f3le-mi\u0119\u015bni-r\u0105k-i-bark\u00f3w\">B\u00f3le mi\u0119\u015bni r\u0105k i bark\u00f3w<\/a><\/li>\n\n\n\n<li><a href=\"#W\u0119druj\u0105ce-b\u00f3le-mi\u0119\u015bni\">W\u0119druj\u0105ce b\u00f3le mi\u0119\u015bni<\/a><\/li>\n<\/ul>\n<\/li>\n\n\n\n<li><a href=\"#Jakie-badania-wykona\u0107-przy-b\u00f3lach-mi\u0119\u015bni?\">Jakie badania wykona\u0107 przy b\u00f3lach mi\u0119\u015bni?<\/a><\/li>\n\n\n\n<li><a href=\"#Przewlek\u0142e-i-nocne-b\u00f3le-mi\u0119\u015bni-\u2013-kiedy-i\u015b\u0107-do-lekarza?\">Przewlek\u0142e i nocne b\u00f3le mi\u0119\u015bni \u2013 kiedy i\u015b\u0107 do lekarza?<\/a><\/li>\n\n\n\n<li><a href=\"#B\u00f3le-mi\u0119\u015bni:-odpowiedzi-na-najcz\u0119stsze-pytania-(FAQ)\">B\u00f3le mi\u0119\u015bni: odpowiedzi na najcz\u0119stsze pytania (FAQ)<\/a><\/li>\n<\/ol>\n\n\n\n<h2 class=\"wp-block-heading\" id=\"B\u00f3le-mi\u0119\u015bni-\u2013-czym-s\u0105-i-sk\u0105d-si\u0119-bior\u0105?\">B\u00f3le mi\u0119\u015bni \u2013 czym s\u0105 i sk\u0105d si\u0119 bior\u0105?<\/h2>\n\n\n\n<p><strong>B\u00f3l mi\u0119\u015bniowy<\/strong> (myalgia, w klasyfikacji ICD-10 oznaczona kodem M79.1) to uczucie <strong>b\u00f3lu, napi\u0119cia lub sztywno\u015bci w obr\u0119bie jednej lub wielu grup mi\u0119\u015bniowych<\/strong>. Mo\u017ce mie\u0107 charakter miejscowy (np. kark, \u0142ydka) lub rozlany, trudny do jednoznacznego zlokalizowania.<\/p>\n\n\n\n<p>Z punktu widzenia mechanizmu wyr\u00f3\u017cnia si\u0119 b\u00f3le:<\/p>\n\n\n\n<ul class=\"wp-block-list\">\n<li><strong>nocyceptywne:<\/strong> spowodowane urazem, przeci\u0105\u017ceniem (np. po intensywnym wysi\u0142ku) lub procesem zapalnym; mo\u017ce towarzyszy\u0107 im obrz\u0119k, tkliwo\u015b\u0107 i ograniczenie ruchomo\u015bci,<\/li>\n\n\n\n<li><strong>neuropatyczne:<\/strong> wynikaj\u0105ce z uszkodzenia lub dysfunkcji nerw\u00f3w, z towarzysz\u0105cym mrowieniem, pieczeniem lub dr\u0119twieniem,<\/li>\n\n\n\n<li><strong>mieszane:<\/strong> \u0142\u0105cz\u0105ce cechy obu powy\u017cszych.<\/li>\n<\/ul>\n\n\n\n<p>Wi\u0119kszo\u015b\u0107 mi\u0119\u015bniob\u00f3li to <strong>b\u00f3le somatyczne g\u0142\u0119bokie<\/strong>: dobrze zlokalizowane, wywodz\u0105ce si\u0119 bezpo\u015brednio z tkanek mi\u0119\u015bniowych. Zwykle maj\u0105 charakter przej\u015bciowy i wi\u0105\u017c\u0105 si\u0119 z przeci\u0105\u017ceniem, mikrourazami, nadmiernym rozci\u0105ganiem, infekcj\u0105 lub niedoborami. Niekiedy jednak mog\u0105 towarzyszy\u0107 chorobom og\u00f3lnoustrojowym, np. uk\u0142adowym zapaleniom tkanki \u0142\u0105cznej czy niekt\u00f3rym nowotworom. Z tego wzgl\u0119du wyr\u00f3\u017cnia si\u0119 b\u00f3le <strong>pierwotne<\/strong> (samoistne) oraz <strong>wt\u00f3rne<\/strong> (wynikaj\u0105ce z uchwytnej patologii).<\/p>\n\n\n\n<p>Natomiast w zale\u017cno\u015bci od <strong>czasu trwania<\/strong>, <strong>b\u00f3l mi\u0119\u015bni<\/strong> mo\u017ce mie\u0107 charakter <strong>ostry<\/strong> (do kilku dni) lub <strong>przewlek\u0142y<\/strong> (utrzymuj\u0105cy si\u0119 powy\u017cej 3 miesi\u0119cy).<\/p>\n\n\n\n<h2 class=\"wp-block-heading\" id=\"Najcz\u0119stsze-przyczyny-b\u00f3lu-mi\u0119\u015bni\">Najcz\u0119stsze przyczyny b\u00f3lu mi\u0119\u015bni<\/h2>\n\n\n\n<p>Dolegliwo\u015bci b\u00f3lowe w obr\u0119bie mi\u0119\u015bni mog\u0105 by\u0107 wywo\u0142ane przez r\u00f3\u017cne czynniki. Do najcz\u0119stszych nale\u017c\u0105:<\/p>\n\n\n\n<ul class=\"wp-block-list\">\n<li><strong>wysi\u0142ek fizyczny:<\/strong> tzw. DOMS (Delayed Onset Muscle Soreness), pojawiaj\u0105cy si\u0119 12-48 h po aktywno\u015bci,<\/li>\n\n\n\n<li><strong>infekcje wirusowe:<\/strong> np. <a href=\"https:\/\/www.alab.pl\/centrum-wiedzy\/grypa-ostra-choroba-zakazna-ukladu-oddechowego\/\">grypa<\/a>, <a href=\"https:\/\/www.alab.pl\/centrum-wiedzy\/covid-19\/\">COVID-19<\/a>, <a href=\"https:\/\/www.alab.pl\/centrum-wiedzy\/mononukleoza-zakazna-im-infectious-mononucleosis\/\">mononukleoza<\/a>, <a href=\"https:\/\/www.alab.pl\/centrum-wiedzy\/hiv-objawy-drogi-zakazenia-diagnostyka-i-leczenie\/\">HIV<\/a>, <a href=\"https:\/\/www.alab.pl\/centrum-wiedzy\/wirusowe-zapalenie-watroby-typu-b-objawy-przyczyny-leczenie-i-profilaktyka\/\">HBV<\/a>, <a href=\"https:\/\/www.alab.pl\/centrum-wiedzy\/hcv\/\">HCV<\/a>,<\/li>\n\n\n\n<li><strong>niedobory metaboliczne:<\/strong> zw\u0142aszcza <a href=\"https:\/\/www.alab.pl\/centrum-wiedzy\/witamina-d-suplementacja\/\">niedob\u00f3r witaminy D<\/a>, <a href=\"https:\/\/www.alab.pl\/centrum-wiedzy\/niedobor-witaminy-b12-objawy-przyczyny-badania\/\">B12<\/a>, <a href=\"https:\/\/www.alab.pl\/centrum-wiedzy\/niedobor-magnezu-objawy-przyczyny-i-skutki-hipomagnezemii\/\">magnezu<\/a>, <a href=\"https:\/\/www.alab.pl\/centrum-wiedzy\/wapn-podstawowy-pierwiastek-ukladu-kostnego\/\">wapnia<\/a>, <a href=\"https:\/\/www.alab.pl\/centrum-wiedzy\/niedobor-potasu-hipokaliemia-jakie-daje-objawy-przyczyny-i-diagnostyka\/\">potasu<\/a>,<\/li>\n\n\n\n<li><strong>neuropatie:<\/strong> np. w <a href=\"https:\/\/www.alab.pl\/centrum-wiedzy\/cukrzyca-objawy-przyczyny-diagnostyka-i-leczenie\/\">cukrzycy<\/a>, po chemioterapii,<\/li>\n\n\n\n<li><strong>choroby reumatyczne:<\/strong> np. <a href=\"https:\/\/www.alab.pl\/centrum-wiedzy\/zapalenie-wielomiesniowe-przyczyny-objawy-diagnostyka-leczenie\/\">zapalenie wielomi\u0119\u015bniowe<\/a>, <a href=\"https:\/\/www.alab.pl\/centrum-wiedzy\/polimialgia-reumatyczna-co-to-za-schorzenie-objawy-przyczyny-badania-i-leczenie\/\">polimialgia reumatyczna<\/a><\/li>\n\n\n\n<li><a href=\"https:\/\/www.alab.pl\/centrum-wiedzy\/fibromialgia-co-to-za-choroba-objawy-przyczyny-diagnostyka-i-leczenie\/\"><strong>fibromialgia<\/strong><\/a><strong>:<\/strong> przewlek\u0142a posta\u0107 zespo\u0142u b\u00f3lowego z zaburzeniem odczuwania bod\u017ac\u00f3w b\u00f3lowych,<\/li>\n\n\n\n<li><strong>dzia\u0142ania niepo\u017c\u0105dane lek\u00f3w:<\/strong> zw\u0142aszcza <a href=\"https:\/\/www.alab.pl\/centrum-wiedzy\/statyny-bezpieczenstwo-ich-stosowania\/\">statyn<\/a> (miopatia statynowa), glikokortykosteroid\u00f3w, retinoid\u00f3w<\/li>\n\n\n\n<li><strong>zaburzenia endokrynologiczne:<\/strong> <a href=\"https:\/\/www.alab.pl\/centrum-wiedzy\/niedoczynnosc-tarczycy\/\">niedoczynno\u015b\u0107 tarczycy<\/a>, <a href=\"https:\/\/www.alab.pl\/centrum-wiedzy\/zespol-cushinga-jakie-badania-wykonac-w-kierunku-wykrycia-choroby\/\">choroba Cushinga<\/a>.<\/li>\n<\/ul>\n\n\n\n<figure class=\"wp-block-image size-full\"><a href=\"https:\/\/www.alab.pl\/pakiet\/pakiet-reumatyczny-rozszerzony\"><img loading=\"lazy\" decoding=\"async\" width=\"800\" height=\"200\" src=\"https:\/\/www.alab.pl\/centrum-wiedzy\/wp-content\/uploads\/2025\/07\/Pakiet-reumatyczny-rozszerzony-7-badan.jpg\" alt=\"Pakiet reumatyczny rozszerzony (7 badan\u0301) banerek\" class=\"wp-image-25106\" srcset=\"https:\/\/www.alab.pl\/centrum-wiedzy\/wp-content\/uploads\/2025\/07\/Pakiet-reumatyczny-rozszerzony-7-badan.jpg 800w, https:\/\/www.alab.pl\/centrum-wiedzy\/wp-content\/uploads\/2025\/07\/Pakiet-reumatyczny-rozszerzony-7-badan-768x192.jpg 768w, https:\/\/www.alab.pl\/centrum-wiedzy\/wp-content\/uploads\/2025\/07\/Pakiet-reumatyczny-rozszerzony-7-badan-150x38.jpg 150w, https:\/\/www.alab.pl\/centrum-wiedzy\/wp-content\/uploads\/2025\/07\/Pakiet-reumatyczny-rozszerzony-7-badan-300x75.jpg 300w, https:\/\/www.alab.pl\/centrum-wiedzy\/wp-content\/uploads\/2025\/07\/Pakiet-reumatyczny-rozszerzony-7-badan-696x174.jpg 696w\" sizes=\"auto, (max-width: 800px) 100vw, 800px\" \/><\/a><\/figure>\n\n\n\n<p>Warto podkre\u015bli\u0107, \u017ce b\u00f3l mi\u0119\u015bni mo\u017ce mie\u0107 pod\u0142o\u017ce zar\u00f3wno <strong>somatyczne<\/strong>, jak i <strong>psychosomatyczne<\/strong> (np. w depresji, somatyzacji l\u0119ku).<\/p>\n\n\n\n<h2 class=\"wp-block-heading\" id=\"B\u00f3le-mi\u0119\u015bni-w-zale\u017cno\u015bci-od-lokalizacji\">B\u00f3le mi\u0119\u015bni w zale\u017cno\u015bci od lokalizacji<\/h2>\n\n\n\n<p>Analiza lokalizacji b\u00f3lu mo\u017ce dostarczy\u0107 cennych wskaz\u00f3wek diagnostycznych.<\/p>\n\n\n\n<h3 class=\"wp-block-heading\" id=\"B\u00f3le-mi\u0119\u015bni-n\u00f3g\">B\u00f3le mi\u0119\u015bni n\u00f3g<\/h3>\n\n\n\n<p>B\u00f3le mi\u0119\u015bni n\u00f3g mog\u0105 by\u0107 zwi\u0105zane z <a href=\"https:\/\/www.alab.pl\/centrum-wiedzy\/zakrzepica-zylna-choroba-zakrzepowo-zatorowa\/\"><strong>niewydolno\u015bci\u0105 \u017cyln\u0105<\/strong><\/a>, <a href=\"https:\/\/www.alab.pl\/centrum-wiedzy\/zakrzepica-zylna-choroba-zakrzepowo-zatorowa\/\"><strong>zakrzepic\u0105 \u017cy\u0142 g\u0142\u0119bokich<\/strong><\/a>, <strong>niedokrwieniem ko\u0144czyn<\/strong> (<a href=\"https:\/\/www.alab.pl\/centrum-wiedzy\/chromanie-przestankowe-co-je-powoduje-objawy-przyczyny-i-leczenie\/\">chromanie przestankowe<\/a>), <strong>zaburzeniami elektrolitowymi<\/strong> (niedoborami magnezu, wapnia), a tak\u017ce z <strong>neuropati\u0105 cukrzycow\u0105<\/strong>. Uczucie b\u00f3lu lub napi\u0119cia mo\u017ce r\u00f3wnie\u017c wyst\u0119powa\u0107 w <a href=\"https:\/\/www.alab.pl\/centrum-wiedzy\/zespol-niespokojnych-nog-czym-jest-rls-i-co-go-powoduje\/\"><strong>zespole niespokojnych n\u00f3g<\/strong><\/a>, zw\u0142aszcza wieczorem i w nocy.<\/p>\n\n\n\n<h3 class=\"wp-block-heading\" id=\"B\u00f3le-mi\u0119\u015bni-r\u0105k-i-bark\u00f3w\">B\u00f3le mi\u0119\u015bni r\u0105k i bark\u00f3w<\/h3>\n\n\n\n<p>B\u00f3le mi\u0119\u015bni r\u0105k i bark\u00f3w mog\u0105 wynika\u0107 z <strong>przewlek\u0142ego napi\u0119cia mi\u0119\u015bni przy pracy siedz\u0105cej<\/strong> (np. przy komputerze), <strong>zespo\u0142u bolesnego barku<\/strong>, <strong>zmian zwyrodnieniowych kr\u0119gos\u0142upa szyjnego<\/strong> oraz <strong>zapalenia pochewek \u015bci\u0119gnistych<\/strong>. Objawy mog\u0105 r\u00f3wnie\u017c towarzyszy\u0107 fibromialgii lub by\u0107 wt\u00f3rne do patologii stawowo-\u015bci\u0119gnistych promieniuj\u0105cych do ko\u0144czyn g\u00f3rnych.<\/p>\n\n\n\n<h3 class=\"wp-block-heading\" id=\"W\u0119druj\u0105ce-b\u00f3le-mi\u0119\u015bni\">W\u0119druj\u0105ce b\u00f3le mi\u0119\u015bni<\/h3>\n\n\n\n<p>Mi\u0119\u015bniob\u00f3le o zmiennej lokalizacji (\u201ew\u0119druj\u0105ce\u201d) mog\u0105 sugerowa\u0107 <strong>zaburzenia o charakterze og\u00f3lnoustrojowym<\/strong>. Do mo\u017cliwych przyczyn nale\u017c\u0105:<\/p>\n\n\n\n<ul class=\"wp-block-list\">\n<li><a href=\"https:\/\/www.alab.pl\/centrum-wiedzy\/fibromialgia-co-to-za-choroba-objawy-przyczyny-diagnostyka-i-leczenie\/\"><strong>fibromialgia<\/strong><\/a>,<\/li>\n\n\n\n<li><a href=\"https:\/\/www.alab.pl\/centrum-wiedzy\/choroby-autoimmunologiczne-czym-sa-objawy-diagnostyka-i-leczenie\/\"><strong>choroby autoimmunologiczne<\/strong><\/a> (np. zapalenie sk\u00f3rno-mi\u0119\u015bniowe, tocze\u0144),<\/li>\n\n\n\n<li><strong>przewlek\u0142e infekcje<\/strong> (HIV, HCV),<\/li>\n\n\n\n<li><a href=\"https:\/\/www.alab.pl\/centrum-wiedzy\/zespol-przewleklego-zmeczenia-gdy-odpoczynek-nie-pomaga\/\"><strong>zesp\u00f3\u0142 przewlek\u0142ego zm\u0119czenia,<\/strong><\/a><\/li>\n\n\n\n<li><a href=\"https:\/\/www.alab.pl\/centrum-wiedzy\/depresja-objawy-przyczyny-diagnostyka-i-leczenie\/\"><strong>zaburzenia depresyjne z komponent\u0105 somatyczn\u0105<\/strong><\/a><strong>,<\/strong><\/li>\n\n\n\n<li><a href=\"https:\/\/www.alab.pl\/centrum-wiedzy\/miopatia-rodzaje-objawy-diagnostyka-i-leczenie\/\"><strong>miopatie<\/strong><\/a><strong> metaboliczne i mitochondrialne<\/strong>,<\/li>\n\n\n\n<li><strong>dzia\u0142ania niepo\u017c\u0105dane lek\u00f3w<\/strong> (np. statyn, interferonu),<\/li>\n\n\n\n<li><strong>zaburzenia hormonalne<\/strong>, takie jak niedoczynno\u015b\u0107 tarczycy.<\/li>\n<\/ul>\n\n\n\n<p>W\u0119druj\u0105ce b\u00f3le mi\u0119\u015bni cz\u0119sto wymagaj\u0105 szerszej diagnostyki ni\u017c dolegliwo\u015bci miejscowe.<\/p>\n\n\n\n<h2 class=\"wp-block-heading\" id=\"Jakie-badania-wykona\u0107-przy-b\u00f3lach-mi\u0119\u015bni?\">Jakie badania wykona\u0107 przy b\u00f3lach mi\u0119\u015bni?<\/h2>\n\n\n\n<p>Rozpoznanie b\u00f3lu mi\u0119\u015bni opiera si\u0119 na dok\u0142adnym wywiadzie i badaniu fizykalnym. W przypadku utrzymuj\u0105cych si\u0119, nasilonych lub nietypowych b\u00f3l\u00f3w mi\u0119\u015bniowych lekarz mo\u017ce zleci\u0107 badania:<\/p>\n\n\n\n<ul class=\"wp-block-list\">\n<li><a href=\"https:\/\/www.alab.pl\/badanie\/morfologia-krwi-c55\"><strong>morfologi\u0119 krwi<\/strong><\/a><strong>,<\/strong><\/li>\n\n\n\n<li><strong>poziomy marker\u00f3w zapalnych:<\/strong> <a href=\"https:\/\/www.alab.pl\/badanie\/odczyn-biernackiego-c59\">OB<\/a>, CRP,<\/li>\n\n\n\n<li><strong>aktywno\u015b\u0107 kinazy kreatynowej (CK):<\/strong>\u00a0wska\u017anik uszkodzenia mi\u0119\u015bni (np. w zapaleniach, rabdomiolizie),<\/li>\n\n\n\n<li><a href=\"https:\/\/www.alab.pl\/badanie\/kwas-mlekowy-mleczany-n11\"><strong>st\u0119\u017cenie mleczan\u00f3w we krwi<\/strong><\/a>,<\/li>\n\n\n\n<li><strong>transaminazy (<\/strong><a href=\"https:\/\/www.alab.pl\/badanie\/aminotransferaza-asparaginianowa-ast-i19\"><strong>AST<\/strong><\/a><strong>\/<\/strong><a href=\"https:\/\/www.alab.pl\/badanie\/aminotransferaza-alaninowa-alt-i17\"><strong>ALT<\/strong><\/a><strong>) i <\/strong><a href=\"https:\/\/www.alab.pl\/badanie\/dehydrogenaza-mleczanowa-ldh-k33\"><strong>LDH<\/strong><\/a><strong>:<\/strong> enzymy niespecyficzne, kt\u00f3rych podwy\u017cszone warto\u015bci mog\u0105 wyst\u0119powa\u0107 w uszkodzeniach mi\u0119\u015bni lub w\u0105troby,<\/li>\n\n\n\n<li><a href=\"https:\/\/www.alab.pl\/badanie\/witamina-d-25oh\"><strong>poziomy witaminy D<\/strong><\/a><strong>, <\/strong><a href=\"https:\/\/www.alab.pl\/badanie\/witamina-b12-o83\"><strong>B12<\/strong><\/a><strong> i <\/strong><a href=\"https:\/\/www.alab.pl\/pakiet\/pakiet-elektrolitow\"><strong>elektrolit\u00f3w<\/strong><\/a><strong>: <\/strong>zaburzenia w ich zakresie mog\u0105 powodowa\u0107 b\u00f3l, skurcze lub os\u0142abienie mi\u0119\u015bni,<\/li>\n\n\n\n<li><a href=\"https:\/\/www.alab.pl\/pakiet\/pakiet-tarczycowy\"><strong>st\u0119\u017cenia hormon\u00f3w tarczycy<\/strong><\/a><strong> i <\/strong><a href=\"https:\/\/www.alab.pl\/badanie\/parathormon-pth-n30\"><strong>parathormonu<\/strong><\/a><strong>,<\/strong><\/li>\n\n\n\n<li><strong>poziomy przeciwcia\u0142 ANA, ENA oraz przeciwcia\u0142 przeciw mi\u0119\u015bniom (np. anty-Jo-1):<\/strong> istotne w rozpoznawaniu autoimmunologicznych zapale\u0144 mi\u0119\u015bni,<\/li>\n\n\n\n<li><strong>EMG (elektromiografia):<\/strong> przy podejrzeniu miopatii, neuropatii, zaburze\u0144 przewodnictwa nerwowo-mi\u0119\u015bniowego (np. miastenii),<\/li>\n\n\n\n<li><strong>rezonans magnetyczny:<\/strong> w przypadku lokalnego podejrzenia procesu zapalnego lub guza.<\/li>\n<\/ul>\n\n\n\n<figure class=\"wp-block-image size-full\"><a href=\"https:\/\/www.alab.pl\/badanie\/bialko-c-reaktywne-crp-ilosciowe-i81 \"><img loading=\"lazy\" decoding=\"async\" width=\"800\" height=\"200\" src=\"https:\/\/www.alab.pl\/centrum-wiedzy\/wp-content\/uploads\/2025\/02\/Badanie-CRP-bialko-C-reaktywne.jpg\" alt=\"Badanie CRP - (bia\u0142ko C-reaktywne) banerek\" class=\"wp-image-21101\" srcset=\"https:\/\/www.alab.pl\/centrum-wiedzy\/wp-content\/uploads\/2025\/02\/Badanie-CRP-bialko-C-reaktywne.jpg 800w, https:\/\/www.alab.pl\/centrum-wiedzy\/wp-content\/uploads\/2025\/02\/Badanie-CRP-bialko-C-reaktywne-768x192.jpg 768w, https:\/\/www.alab.pl\/centrum-wiedzy\/wp-content\/uploads\/2025\/02\/Badanie-CRP-bialko-C-reaktywne-150x38.jpg 150w, https:\/\/www.alab.pl\/centrum-wiedzy\/wp-content\/uploads\/2025\/02\/Badanie-CRP-bialko-C-reaktywne-300x75.jpg 300w, https:\/\/www.alab.pl\/centrum-wiedzy\/wp-content\/uploads\/2025\/02\/Badanie-CRP-bialko-C-reaktywne-696x174.jpg 696w\" sizes=\"auto, (max-width: 800px) 100vw, 800px\" \/><\/a><\/figure>\n\n\n\n<p>W niekt\u00f3rych przypadkach, zw\u0142aszcza gdy inne badania nie przynosz\u0105 rozstrzygaj\u0105cych wynik\u00f3w, lekarz mo\u017ce zaleci\u0107 <strong>biopsj\u0119 mi\u0119\u015bnia<\/strong> w celu dok\u0142adnego rozpoznania rodzaju uszkodzenia. Zakres diagnostyki zawsze powinien by\u0107 dostosowany do objaw\u00f3w, czasu trwania dolegliwo\u015bci oraz og\u00f3lnego stanu zdrowia pacjenta.<\/p>\n\n\n\n<figure class=\"wp-block-image size-full\"><a href=\"https:\/\/www.alab.pl\/badanie\/kinaza-kreatynowa-ck-m18\"><img loading=\"lazy\" decoding=\"async\" width=\"800\" height=\"200\" src=\"https:\/\/www.alab.pl\/centrum-wiedzy\/wp-content\/uploads\/2025\/02\/Badanie-kinazy-kreatynowej-CK.jpg\" alt=\"Badanie kinazy kreatynowej (CK) banerek\" class=\"wp-image-21381\" srcset=\"https:\/\/www.alab.pl\/centrum-wiedzy\/wp-content\/uploads\/2025\/02\/Badanie-kinazy-kreatynowej-CK.jpg 800w, https:\/\/www.alab.pl\/centrum-wiedzy\/wp-content\/uploads\/2025\/02\/Badanie-kinazy-kreatynowej-CK-768x192.jpg 768w, https:\/\/www.alab.pl\/centrum-wiedzy\/wp-content\/uploads\/2025\/02\/Badanie-kinazy-kreatynowej-CK-150x38.jpg 150w, https:\/\/www.alab.pl\/centrum-wiedzy\/wp-content\/uploads\/2025\/02\/Badanie-kinazy-kreatynowej-CK-300x75.jpg 300w, https:\/\/www.alab.pl\/centrum-wiedzy\/wp-content\/uploads\/2025\/02\/Badanie-kinazy-kreatynowej-CK-696x174.jpg 696w\" sizes=\"auto, (max-width: 800px) 100vw, 800px\" \/><\/a><\/figure>\n\n\n\n<h2 class=\"wp-block-heading\" id=\"Przewlek\u0142e-i-nocne-b\u00f3le-mi\u0119\u015bni-\u2013-kiedy-i\u015b\u0107-do-lekarza?\">Przewlek\u0142e i nocne b\u00f3le mi\u0119\u015bni \u2013 kiedy i\u015b\u0107 do lekarza?<\/h2>\n\n\n\n<p>Wi\u0119kszo\u015b\u0107 b\u00f3l\u00f3w mi\u0119\u015bniowych ma charakter <strong>przej\u015bciowy<\/strong> i nie wymaga interwencji lekarskiej. S\u0105 jednak sytuacje, w kt\u00f3rych dolegliwo\u015bci mog\u0105 sygnalizowa\u0107 powa\u017cniejsze zaburzenia i wymagaj\u0105 pog\u0142\u0119bionej diagnostyki. Dotyczy to szczeg\u00f3lnie przypadk\u00f3w, gdy b\u00f3l:<\/p>\n\n\n\n<ul class=\"wp-block-list\">\n<li><strong>utrzymuje si\u0119 przewlekle<\/strong> (powy\u017cej kilku tygodni): zw\u0142aszcza je\u015bli ma tendencj\u0119 do stopniowego nasilania si\u0119 mimo odpoczynku i leczenia objawowego,<\/li>\n\n\n\n<li><strong>pojawia si\u0119 g\u0142\u00f3wnie w nocy, utrudnia zasypianie lub wybudza ze snu<\/strong>,<\/li>\n\n\n\n<li><strong>towarzyszy mu narastaj\u0105ce os\u0142abienie mi\u0119\u015bni<\/strong>, <strong>ograniczenie ruchomo\u015bci<\/strong>,<\/li>\n\n\n\n<li><strong>wyst\u0119puj\u0105 objawy og\u00f3lne:<\/strong> np.niewyja\u015bniona gor\u0105czka, nieuzasadniony spadek masy cia\u0142a, przewlek\u0142e, nieproporcjonalne do codziennego wysi\u0142ku zm\u0119czenie,<\/li>\n\n\n\n<li><strong>wyst\u0119puj\u0105 zmiany sk\u00f3rne w okolicy b\u00f3lu: <\/strong>np.rumie\u0144, obrz\u0119k, wybroczyny lub guzki podsk\u00f3rne,<\/li>\n\n\n\n<li><strong>wsp\u00f3\u0142istniej\u0105 zaburzenia czucia: <\/strong>mrowienie, dr\u0119twienie, pieczenie, mog\u0105ce sugerowa\u0107 komponent\u0119 neuropatyczn\u0105,<\/li>\n\n\n\n<li><strong>pojawiaj\u0105 si\u0119 objawy neurologiczne: <\/strong>np. opadanie stopy, zaburzenia chodu, trudno\u015bci z utrzymaniem r\u00f3wnowagi.<\/li>\n<\/ul>\n\n\n\n<p>W takich przypadkach warto skonsultowa\u0107 si\u0119 z lekarzem, kt\u00f3ry dobierze odpowiednie post\u0119powanie.<\/p>\n\n\n\n<h2 class=\"wp-block-heading\" id=\"B\u00f3le-mi\u0119\u015bni:-odpowiedzi-na-najcz\u0119stsze-pytania-(FAQ)\">B\u00f3le mi\u0119\u015bni: odpowiedzi na najcz\u0119stsze pytania (FAQ)<\/h2>\n\n\n\n<p>Odpowiedzi na najcz\u0119stsze pytania dotycz\u0105ce b\u00f3l\u00f3w mi\u0119\u015bni.<\/p>\n\n\n\n<div class=\"schema-faq wp-block-yoast-faq-block\"><div class=\"schema-faq-section\" id=\"faq-question-1763630875258\"><strong class=\"schema-faq-question\"><strong>Jakie s\u0105 najcz\u0119stsze przyczyny b\u00f3lu mi\u0119\u015bni?<\/strong><\/strong> <p class=\"schema-faq-answer\">Przeci\u0105\u017cenie fizyczne, mikrourazy, infekcje wirusowe, niedobory witamin i elektrolit\u00f3w, stres i napi\u0119cie mi\u0119\u015bniowe.<\/p> <\/div> <div class=\"schema-faq-section\" id=\"faq-question-1763630894561\"><strong class=\"schema-faq-question\"><strong>Jaka choroba atakuje mi\u0119\u015bnie?<\/strong><\/strong> <p class=\"schema-faq-answer\">Mi\u0119\u015bnie mog\u0105 by\u0107 zaj\u0119te m.in. w chorobach autoimmunologicznych (<a href=\"https:\/\/www.alab.pl\/centrum-wiedzy\/miastenia-choroba-zmeczonych-miesni\/\">miastenii<\/a>, zapaleniu wielomi\u0119\u015bniowym, <a href=\"https:\/\/www.alab.pl\/centrum-wiedzy\/zapalenie-skorno-miesniowe-co-to-jest-objawy-przyczyny-badania-i-leczenie\/\">zapaleniu sk\u00f3rno-mi\u0119\u015bniowym<\/a>, toczniu uk\u0142adowym), ale tak\u017ce w przebiegu miopatii polekowych (np. po statynach), chor\u00f3b infekcyjnych lub nowotworowych.<\/p> <\/div> <div class=\"schema-faq-section\" id=\"faq-question-1763630910047\"><strong class=\"schema-faq-question\"><strong>Jakie mog\u0105 by\u0107 przyczyny b\u00f3lu mi\u0119\u015bni w ca\u0142ym ciele?<\/strong><\/strong> <p class=\"schema-faq-answer\">Uog\u00f3lniony b\u00f3l mi\u0119\u015bni mo\u017ce wyst\u0119powa\u0107 w fibromialgii, przewlek\u0142ych infekcjach, chorobach zapalnych, zaburzeniach hormonalnych (niedoczynno\u015bci tarczycy, cukrzycy, choroby Cushinga) oraz jako efekt og\u00f3lnego przeci\u0105\u017cenia organizmu lub niedobor\u00f3w witaminy D.<\/p> <\/div> <div class=\"schema-faq-section\" id=\"faq-question-1763630927663\"><strong class=\"schema-faq-question\"><strong>Jak wykry\u0107 choroby mi\u0119\u015bni?<\/strong><\/strong> <p class=\"schema-faq-answer\">Diagnostyka obejmuje wywiad, badanie fizykalne oraz w zale\u017cno\u015bci od sytuacji klinicznej: badania laboratoryjne (m.in. CK, CRP, przeciwcia\u0142a ANA), neurofizjologiczne lub obrazowe.<\/p> <\/div> <\/div>\n\n\n\n<hr class=\"wp-block-separator has-alpha-channel-opacity\"\/>\n\n\n\n<p><strong>Bibliografia<\/strong><\/p>\n\n\n\n<ol class=\"wp-block-list\">\n<li>Shmerling RH, Aggarwal R. Approach to the patient with myalgia. UpToDate. Wersja aktualna na listopad 2025 r.<\/li>\n\n\n\n<li>Nicpo\u0144 KW. B\u00f3le mi\u0119\u015bniowe i kurcze bolesne w praktyce neurologa. Polski Przegl\u0105d Neurologiczny. 2007;3(4):171\u2013177.<\/li>\n\n\n\n<li>Kocot-K\u0119pska M. B\u00f3l mi\u0119\u015bniowo-szkieletowy \u2013 epidemiologia, patofizjologia, leczenie. Medycyna Praktyczna \u2013 B\u00f3l. 2021.<\/li>\n\n\n\n<li>Woro\u0144 J, Tymi\u0144ski R, Wordliczek J. Mialgia jako niepo\u017c\u0105dane dzia\u0142anie interakcji celekoksybu stosowanego w polifarmakoterapii \u2013 opis przypadku. B\u00f3l. 2022;23(2):35\u201338. doi:10.5604\/01.3001.0016.0383<\/li>\n\n\n\n<li>Mogole O, Kandiwa R, Babarinde O, Ismail H, Dlamini N, Maluleke L, Labuschagne Q, Malan L, Natalie. Muscle pain: causes, diagnosis and treatment. South African Family Practice. 2017;59(3):24\u201332.<\/li>\n<\/ol>\n\n\n\n<p><a id=\"_msocom_1\"><\/a><\/p>\n\n\n\n<p><\/p>\n","protected":false},"excerpt":{"rendered":"<p>Przyczyn b\u00f3lu mi\u0119\u015bni mo\u017ce by\u0107 wiele. Poznaj mo\u017cliwe \u017ar\u00f3d\u0142a b\u00f3l\u00f3w mi\u0119\u015bniowych i sprawd\u017a, kiedy nie nale\u017cy ich bagatelizowa\u0107.<\/p>\n","protected":false},"author":191,"featured_media":27971,"comment_status":"closed","ping_status":"closed","sticky":false,"template":"","format":"standard","meta":{"_acf_changed":false,"inline_featured_image":false,"footnotes":""},"categories":[28],"tags":[],"coauthors":[234],"class_list":{"0":"post-27967","1":"post","2":"type-post","3":"status-publish","4":"format-standard","5":"has-post-thumbnail","7":"category-warto-wiedziec"},"acf":[],"yoast_head":"<!-- This site is optimized with the Yoast SEO plugin v27.5 - https:\/\/yoast.com\/product\/yoast-seo-wordpress\/ -->\n<title>B\u00f3le mi\u0119\u015bni: jakie mog\u0105 by\u0107 przyczyny? Kiedy \u015bwiadcz\u0105 o chorobie? - Centrum Wiedzy ALAB laboratoria<\/title>\n<meta name=\"description\" content=\"Przyczyn b\u00f3lu mi\u0119\u015bni mo\u017ce by\u0107 wiele. Poznaj mo\u017cliwe \u017ar\u00f3d\u0142a b\u00f3l\u00f3w mi\u0119\u015bniowych i sprawd\u017a, kiedy nie nale\u017cy ich bagatelizowa\u0107.\" \/>\n<meta name=\"robots\" content=\"index, follow, max-snippet:-1, max-image-preview:large, max-video-preview:-1\" \/>\n<link rel=\"canonical\" href=\"https:\/\/www.alab.pl\/centrum-wiedzy\/bole-miesni-jakie-moga-byc-przyczyny-kiedy-swiadcza-o-chorobie\/\" \/>\n<meta property=\"og:locale\" content=\"pl_PL\" \/>\n<meta property=\"og:type\" content=\"article\" \/>\n<meta property=\"og:title\" content=\"B\u00f3le mi\u0119\u015bni: jakie mog\u0105 by\u0107 przyczyny? Kiedy \u015bwiadcz\u0105 o chorobie? - Centrum Wiedzy ALAB laboratoria\" \/>\n<meta property=\"og:description\" content=\"Przyczyn b\u00f3lu mi\u0119\u015bni mo\u017ce by\u0107 wiele. Poznaj mo\u017cliwe \u017ar\u00f3d\u0142a b\u00f3l\u00f3w mi\u0119\u015bniowych i sprawd\u017a, kiedy nie nale\u017cy ich bagatelizowa\u0107.\" \/>\n<meta property=\"og:url\" content=\"https:\/\/www.alab.pl\/centrum-wiedzy\/bole-miesni-jakie-moga-byc-przyczyny-kiedy-swiadcza-o-chorobie\/\" \/>\n<meta property=\"og:site_name\" content=\"Centrum Wiedzy ALAB laboratoria\" \/>\n<meta property=\"article:publisher\" content=\"https:\/\/www.facebook.com\/ALABlaboratoria\" \/>\n<meta property=\"article:published_time\" content=\"2025-11-20T09:40:15+00:00\" \/>\n<meta property=\"article:modified_time\" content=\"2025-11-20T09:40:17+00:00\" \/>\n<meta property=\"og:image\" content=\"https:\/\/www.alab.pl\/centrum-wiedzy\/wp-content\/uploads\/2025\/11\/bole_miesni.jpg\" \/>\n\t<meta property=\"og:image:width\" content=\"2032\" \/>\n\t<meta property=\"og:image:height\" content=\"1361\" \/>\n\t<meta property=\"og:image:type\" content=\"image\/jpeg\" \/>\n<meta name=\"author\" content=\"Maria Wydra\" \/>\n<meta name=\"twitter:card\" content=\"summary_large_image\" \/>\n<meta name=\"twitter:label1\" content=\"Napisane przez\" \/>\n\t<meta name=\"twitter:data1\" content=\"Maria Wydra\" \/>\n\t<meta name=\"twitter:label2\" content=\"Szacowany czas czytania\" \/>\n\t<meta name=\"twitter:data2\" content=\"8 minut\" \/>\n\t<meta name=\"twitter:label3\" content=\"Written by\" \/>\n\t<meta name=\"twitter:data3\" content=\"Maria Wydra\" \/>\n<!-- \/ Yoast SEO plugin. -->","yoast_head_json":{"title":"B\u00f3le mi\u0119\u015bni: jakie mog\u0105 by\u0107 przyczyny? Kiedy \u015bwiadcz\u0105 o chorobie? - Centrum Wiedzy ALAB laboratoria","description":"Przyczyn b\u00f3lu mi\u0119\u015bni mo\u017ce by\u0107 wiele. Poznaj mo\u017cliwe \u017ar\u00f3d\u0142a b\u00f3l\u00f3w mi\u0119\u015bniowych i sprawd\u017a, kiedy nie nale\u017cy ich bagatelizowa\u0107.","robots":{"index":"index","follow":"follow","max-snippet":"max-snippet:-1","max-image-preview":"max-image-preview:large","max-video-preview":"max-video-preview:-1"},"canonical":"https:\/\/www.alab.pl\/centrum-wiedzy\/bole-miesni-jakie-moga-byc-przyczyny-kiedy-swiadcza-o-chorobie\/","og_locale":"pl_PL","og_type":"article","og_title":"B\u00f3le mi\u0119\u015bni: jakie mog\u0105 by\u0107 przyczyny? Kiedy \u015bwiadcz\u0105 o chorobie? - Centrum Wiedzy ALAB laboratoria","og_description":"Przyczyn b\u00f3lu mi\u0119\u015bni mo\u017ce by\u0107 wiele. Poznaj mo\u017cliwe \u017ar\u00f3d\u0142a b\u00f3l\u00f3w mi\u0119\u015bniowych i sprawd\u017a, kiedy nie nale\u017cy ich bagatelizowa\u0107.","og_url":"https:\/\/www.alab.pl\/centrum-wiedzy\/bole-miesni-jakie-moga-byc-przyczyny-kiedy-swiadcza-o-chorobie\/","og_site_name":"Centrum Wiedzy ALAB laboratoria","article_publisher":"https:\/\/www.facebook.com\/ALABlaboratoria","article_published_time":"2025-11-20T09:40:15+00:00","article_modified_time":"2025-11-20T09:40:17+00:00","og_image":[{"width":2032,"height":1361,"url":"https:\/\/www.alab.pl\/centrum-wiedzy\/wp-content\/uploads\/2025\/11\/bole_miesni.jpg","type":"image\/jpeg"}],"author":"Maria Wydra","twitter_card":"summary_large_image","twitter_misc":{"Napisane przez":"Maria Wydra","Szacowany czas czytania":"8 minut","Written by":"Maria Wydra"},"schema":{"@context":"https:\/\/schema.org","@graph":[{"@type":"Article","@id":"https:\/\/www.alab.pl\/centrum-wiedzy\/bole-miesni-jakie-moga-byc-przyczyny-kiedy-swiadcza-o-chorobie\/#article","isPartOf":{"@id":"https:\/\/www.alab.pl\/centrum-wiedzy\/bole-miesni-jakie-moga-byc-przyczyny-kiedy-swiadcza-o-chorobie\/"},"author":{"name":"Maria Wydra","@id":"https:\/\/www.alab.pl\/centrum-wiedzy\/#\/schema\/person\/94fd544696b53c7986f6123189cfc545"},"headline":"B\u00f3le mi\u0119\u015bni: jakie mog\u0105 by\u0107 przyczyny? Kiedy \u015bwiadcz\u0105 o chorobie?","datePublished":"2025-11-20T09:40:15+00:00","dateModified":"2025-11-20T09:40:17+00:00","mainEntityOfPage":{"@id":"https:\/\/www.alab.pl\/centrum-wiedzy\/bole-miesni-jakie-moga-byc-przyczyny-kiedy-swiadcza-o-chorobie\/"},"wordCount":1508,"publisher":{"@id":"https:\/\/www.alab.pl\/centrum-wiedzy\/#organization"},"image":{"@id":"https:\/\/www.alab.pl\/centrum-wiedzy\/bole-miesni-jakie-moga-byc-przyczyny-kiedy-swiadcza-o-chorobie\/#primaryimage"},"thumbnailUrl":"https:\/\/www.alab.pl\/centrum-wiedzy\/wp-content\/uploads\/2025\/11\/bole_miesni.jpg","articleSection":["Warto wiedzie\u0107"],"inLanguage":"pl-PL"},{"@type":["WebPage","FAQPage"],"@id":"https:\/\/www.alab.pl\/centrum-wiedzy\/bole-miesni-jakie-moga-byc-przyczyny-kiedy-swiadcza-o-chorobie\/","url":"https:\/\/www.alab.pl\/centrum-wiedzy\/bole-miesni-jakie-moga-byc-przyczyny-kiedy-swiadcza-o-chorobie\/","name":"B\u00f3le mi\u0119\u015bni: jakie mog\u0105 by\u0107 przyczyny? Kiedy \u015bwiadcz\u0105 o chorobie? - Centrum Wiedzy ALAB laboratoria","isPartOf":{"@id":"https:\/\/www.alab.pl\/centrum-wiedzy\/#website"},"primaryImageOfPage":{"@id":"https:\/\/www.alab.pl\/centrum-wiedzy\/bole-miesni-jakie-moga-byc-przyczyny-kiedy-swiadcza-o-chorobie\/#primaryimage"},"image":{"@id":"https:\/\/www.alab.pl\/centrum-wiedzy\/bole-miesni-jakie-moga-byc-przyczyny-kiedy-swiadcza-o-chorobie\/#primaryimage"},"thumbnailUrl":"https:\/\/www.alab.pl\/centrum-wiedzy\/wp-content\/uploads\/2025\/11\/bole_miesni.jpg","datePublished":"2025-11-20T09:40:15+00:00","dateModified":"2025-11-20T09:40:17+00:00","description":"Przyczyn b\u00f3lu mi\u0119\u015bni mo\u017ce by\u0107 wiele. Poznaj mo\u017cliwe \u017ar\u00f3d\u0142a b\u00f3l\u00f3w mi\u0119\u015bniowych i sprawd\u017a, kiedy nie nale\u017cy ich bagatelizowa\u0107.","breadcrumb":{"@id":"https:\/\/www.alab.pl\/centrum-wiedzy\/bole-miesni-jakie-moga-byc-przyczyny-kiedy-swiadcza-o-chorobie\/#breadcrumb"},"mainEntity":[{"@id":"https:\/\/www.alab.pl\/centrum-wiedzy\/bole-miesni-jakie-moga-byc-przyczyny-kiedy-swiadcza-o-chorobie\/#faq-question-1763630875258"},{"@id":"https:\/\/www.alab.pl\/centrum-wiedzy\/bole-miesni-jakie-moga-byc-przyczyny-kiedy-swiadcza-o-chorobie\/#faq-question-1763630894561"},{"@id":"https:\/\/www.alab.pl\/centrum-wiedzy\/bole-miesni-jakie-moga-byc-przyczyny-kiedy-swiadcza-o-chorobie\/#faq-question-1763630910047"},{"@id":"https:\/\/www.alab.pl\/centrum-wiedzy\/bole-miesni-jakie-moga-byc-przyczyny-kiedy-swiadcza-o-chorobie\/#faq-question-1763630927663"}],"inLanguage":"pl-PL","potentialAction":[{"@type":"ReadAction","target":["https:\/\/www.alab.pl\/centrum-wiedzy\/bole-miesni-jakie-moga-byc-przyczyny-kiedy-swiadcza-o-chorobie\/"]}]},{"@type":"ImageObject","inLanguage":"pl-PL","@id":"https:\/\/www.alab.pl\/centrum-wiedzy\/bole-miesni-jakie-moga-byc-przyczyny-kiedy-swiadcza-o-chorobie\/#primaryimage","url":"https:\/\/www.alab.pl\/centrum-wiedzy\/wp-content\/uploads\/2025\/11\/bole_miesni.jpg","contentUrl":"https:\/\/www.alab.pl\/centrum-wiedzy\/wp-content\/uploads\/2025\/11\/bole_miesni.jpg","width":2032,"height":1361,"caption":"b\u00f3le mi\u0119\u015bni"},{"@type":"BreadcrumbList","@id":"https:\/\/www.alab.pl\/centrum-wiedzy\/bole-miesni-jakie-moga-byc-przyczyny-kiedy-swiadcza-o-chorobie\/#breadcrumb","itemListElement":[{"@type":"ListItem","position":1,"name":"Strona g\u0142\u00f3wna","item":"https:\/\/www.alab.pl\/centrum-wiedzy\/"},{"@type":"ListItem","position":2,"name":"B\u00f3le mi\u0119\u015bni: jakie mog\u0105 by\u0107 przyczyny? Kiedy \u015bwiadcz\u0105 o chorobie?"}]},{"@type":"WebSite","@id":"https:\/\/www.alab.pl\/centrum-wiedzy\/#website","url":"https:\/\/www.alab.pl\/centrum-wiedzy\/","name":"Centrum Wiedzy ALAB laboratoria","description":"","publisher":{"@id":"https:\/\/www.alab.pl\/centrum-wiedzy\/#organization"},"potentialAction":[{"@type":"SearchAction","target":{"@type":"EntryPoint","urlTemplate":"https:\/\/www.alab.pl\/centrum-wiedzy\/?s={search_term_string}"},"query-input":{"@type":"PropertyValueSpecification","valueRequired":true,"valueName":"search_term_string"}}],"inLanguage":"pl-PL"},{"@type":"Organization","@id":"https:\/\/www.alab.pl\/centrum-wiedzy\/#organization","name":"Centrum Wiedzy ALAB laboratoria","url":"https:\/\/www.alab.pl\/centrum-wiedzy\/","logo":{"@type":"ImageObject","inLanguage":"pl-PL","@id":"https:\/\/www.alab.pl\/centrum-wiedzy\/#\/schema\/logo\/image\/","url":"https:\/\/www.alab.pl\/centrum-wiedzy\/wp-content\/uploads\/2022\/04\/alabek.jpg","contentUrl":"https:\/\/www.alab.pl\/centrum-wiedzy\/wp-content\/uploads\/2022\/04\/alabek.jpg","width":1250,"height":1251,"caption":"Centrum Wiedzy ALAB laboratoria"},"image":{"@id":"https:\/\/www.alab.pl\/centrum-wiedzy\/#\/schema\/logo\/image\/"},"sameAs":["https:\/\/www.facebook.com\/ALABlaboratoria"]},{"@type":"Person","@id":"https:\/\/www.alab.pl\/centrum-wiedzy\/#\/schema\/person\/94fd544696b53c7986f6123189cfc545","name":"Maria Wydra","image":{"@type":"ImageObject","inLanguage":"pl-PL","@id":"https:\/\/www.alab.pl\/centrum-wiedzy\/wp-content\/uploads\/2025\/08\/Maria-Wydra-150x150.jpgcdb7f42165260e2c4ffdf15c534a5afa","url":"https:\/\/www.alab.pl\/centrum-wiedzy\/wp-content\/uploads\/2025\/08\/Maria-Wydra-150x150.jpg","contentUrl":"https:\/\/www.alab.pl\/centrum-wiedzy\/wp-content\/uploads\/2025\/08\/Maria-Wydra-150x150.jpg","caption":"Maria Wydra"},"description":"Lekarka Oddzia\u0142u Chor\u00f3b Wewn\u0119trznych w Szpitalu Specjalistycznym im. Ludwika Rydygiera w Krakowie. Absolwentka Wydzia\u0142u Lekarskiego Uniwersytetu Medycznego w \u0141odzi oraz studi\u00f3w podyplomowych Zarz\u0105dzanie biznesem medycznym Szko\u0142y G\u0142\u00f3wnej Handlowej (SGH) w Warszawie. Jej zainteresowania zawodowe koncentruj\u0105 si\u0119 na zdrowiu publicznym w wymiarze lokalnym i mi\u0119dzynarodowym, ze szczeg\u00f3lnym uwzgl\u0119dnieniem profilaktyki, edukacji zdrowotnej i nowoczesnych modeli opieki. Wykszta\u0142cenie teoretyczne i do\u015bwiadczenie kliniczne poszerza\u0142a w ramach program\u00f3w akademickich oraz sta\u017cy zagranicznych m.in. w Anglii (Guy\u2019s Hospital w Londynie), Hiszpanii (Hospital Cl\u00ednico Universitario w Walencji), W\u0142oszech (Fondazione I.R.C.C.S. Policlinico San Matteo w Pavii) oraz Portugalii (Hospital Dr. N\u00e9lio Mendon\u00e7a w Funchal).","url":"https:\/\/www.alab.pl\/centrum-wiedzy\/author\/maria-wydra\/"},{"@type":"Question","@id":"https:\/\/www.alab.pl\/centrum-wiedzy\/bole-miesni-jakie-moga-byc-przyczyny-kiedy-swiadcza-o-chorobie\/#faq-question-1763630875258","position":1,"url":"https:\/\/www.alab.pl\/centrum-wiedzy\/bole-miesni-jakie-moga-byc-przyczyny-kiedy-swiadcza-o-chorobie\/#faq-question-1763630875258","name":"Jakie s\u0105 najcz\u0119stsze przyczyny b\u00f3lu mi\u0119\u015bni?","answerCount":1,"acceptedAnswer":{"@type":"Answer","text":"Przeci\u0105\u017cenie fizyczne, mikrourazy, infekcje wirusowe, niedobory witamin i elektrolit\u00f3w, stres i napi\u0119cie mi\u0119\u015bniowe.","inLanguage":"pl-PL"},"inLanguage":"pl-PL"},{"@type":"Question","@id":"https:\/\/www.alab.pl\/centrum-wiedzy\/bole-miesni-jakie-moga-byc-przyczyny-kiedy-swiadcza-o-chorobie\/#faq-question-1763630894561","position":2,"url":"https:\/\/www.alab.pl\/centrum-wiedzy\/bole-miesni-jakie-moga-byc-przyczyny-kiedy-swiadcza-o-chorobie\/#faq-question-1763630894561","name":"Jaka choroba atakuje mi\u0119\u015bnie?","answerCount":1,"acceptedAnswer":{"@type":"Answer","text":"Mi\u0119\u015bnie mog\u0105 by\u0107 zaj\u0119te m.in. w chorobach autoimmunologicznych (<a href=\"https:\/\/www.alab.pl\/centrum-wiedzy\/miastenia-choroba-zmeczonych-miesni\/\">miastenii<\/a>, zapaleniu wielomi\u0119\u015bniowym, <a href=\"https:\/\/www.alab.pl\/centrum-wiedzy\/zapalenie-skorno-miesniowe-co-to-jest-objawy-przyczyny-badania-i-leczenie\/\">zapaleniu sk\u00f3rno-mi\u0119\u015bniowym<\/a>, toczniu uk\u0142adowym), ale tak\u017ce w przebiegu miopatii polekowych (np. po statynach), chor\u00f3b infekcyjnych lub nowotworowych.","inLanguage":"pl-PL"},"inLanguage":"pl-PL"},{"@type":"Question","@id":"https:\/\/www.alab.pl\/centrum-wiedzy\/bole-miesni-jakie-moga-byc-przyczyny-kiedy-swiadcza-o-chorobie\/#faq-question-1763630910047","position":3,"url":"https:\/\/www.alab.pl\/centrum-wiedzy\/bole-miesni-jakie-moga-byc-przyczyny-kiedy-swiadcza-o-chorobie\/#faq-question-1763630910047","name":"Jakie mog\u0105 by\u0107 przyczyny b\u00f3lu mi\u0119\u015bni w ca\u0142ym ciele?","answerCount":1,"acceptedAnswer":{"@type":"Answer","text":"Uog\u00f3lniony b\u00f3l mi\u0119\u015bni mo\u017ce wyst\u0119powa\u0107 w fibromialgii, przewlek\u0142ych infekcjach, chorobach zapalnych, zaburzeniach hormonalnych (niedoczynno\u015bci tarczycy, cukrzycy, choroby Cushinga) oraz jako efekt og\u00f3lnego przeci\u0105\u017cenia organizmu lub niedobor\u00f3w witaminy D.","inLanguage":"pl-PL"},"inLanguage":"pl-PL"},{"@type":"Question","@id":"https:\/\/www.alab.pl\/centrum-wiedzy\/bole-miesni-jakie-moga-byc-przyczyny-kiedy-swiadcza-o-chorobie\/#faq-question-1763630927663","position":4,"url":"https:\/\/www.alab.pl\/centrum-wiedzy\/bole-miesni-jakie-moga-byc-przyczyny-kiedy-swiadcza-o-chorobie\/#faq-question-1763630927663","name":"Jak wykry\u0107 choroby mi\u0119\u015bni?","answerCount":1,"acceptedAnswer":{"@type":"Answer","text":"Diagnostyka obejmuje wywiad, badanie fizykalne oraz w zale\u017cno\u015bci od sytuacji klinicznej: badania laboratoryjne (m.in. CK, CRP, przeciwcia\u0142a ANA), neurofizjologiczne lub obrazowe.","inLanguage":"pl-PL"},"inLanguage":"pl-PL"}]}},"_links":{"self":[{"href":"https:\/\/www.alab.pl\/centrum-wiedzy\/wp-json\/wp\/v2\/posts\/27967","targetHints":{"allow":["GET"]}}],"collection":[{"href":"https:\/\/www.alab.pl\/centrum-wiedzy\/wp-json\/wp\/v2\/posts"}],"about":[{"href":"https:\/\/www.alab.pl\/centrum-wiedzy\/wp-json\/wp\/v2\/types\/post"}],"author":[{"embeddable":true,"href":"https:\/\/www.alab.pl\/centrum-wiedzy\/wp-json\/wp\/v2\/users\/191"}],"replies":[{"embeddable":true,"href":"https:\/\/www.alab.pl\/centrum-wiedzy\/wp-json\/wp\/v2\/comments?post=27967"}],"version-history":[{"count":4,"href":"https:\/\/www.alab.pl\/centrum-wiedzy\/wp-json\/wp\/v2\/posts\/27967\/revisions"}],"predecessor-version":[{"id":27972,"href":"https:\/\/www.alab.pl\/centrum-wiedzy\/wp-json\/wp\/v2\/posts\/27967\/revisions\/27972"}],"wp:featuredmedia":[{"embeddable":true,"href":"https:\/\/www.alab.pl\/centrum-wiedzy\/wp-json\/wp\/v2\/media\/27971"}],"wp:attachment":[{"href":"https:\/\/www.alab.pl\/centrum-wiedzy\/wp-json\/wp\/v2\/media?parent=27967"}],"wp:term":[{"taxonomy":"category","embeddable":true,"href":"https:\/\/www.alab.pl\/centrum-wiedzy\/wp-json\/wp\/v2\/categories?post=27967"},{"taxonomy":"post_tag","embeddable":true,"href":"https:\/\/www.alab.pl\/centrum-wiedzy\/wp-json\/wp\/v2\/tags?post=27967"},{"taxonomy":"author","embeddable":true,"href":"https:\/\/www.alab.pl\/centrum-wiedzy\/wp-json\/wp\/v2\/coauthors?post=27967"}],"curies":[{"name":"wp","href":"https:\/\/api.w.org\/{rel}","templated":true}]}}