{"id":28000,"date":"2025-11-23T16:03:25","date_gmt":"2025-11-23T15:03:25","guid":{"rendered":"https:\/\/www.alab.pl\/centrum-wiedzy\/?p=28000"},"modified":"2025-11-23T16:03:27","modified_gmt":"2025-11-23T15:03:27","slug":"enterococcus-faecalis-jakie-sa-drogi-i-objawy-zakazenia-diagnostyka-i-leczenie","status":"publish","type":"post","link":"https:\/\/www.alab.pl\/centrum-wiedzy\/enterococcus-faecalis-jakie-sa-drogi-i-objawy-zakazenia-diagnostyka-i-leczenie\/","title":{"rendered":"Enterococcus faecalis \u2013 jakie s\u0105 drogi i objawy zaka\u017cenia? Diagnostyka i leczenie"},"content":{"rendered":"\n<p><strong>Zaka\u017cenia wywo\u0142ane przez <em>Enterococcus faecalis <\/em>mog\u0105 dotyczy\u0107 wielu uk\u0142ad\u00f3w organizmu cz\u0142owieka, w tym uk\u0142adu moczowego, sercowo-naczyniowego, a tak\u017ce nerwowego. Bakteria ta mo\u017ce by\u0107 elementem flory kolonizuj\u0105cej pewne obszary organizmu, ale mo\u017ce by\u0107 r\u00f3wnie\u017c przyczyn\u0105 powa\u017cnych zaka\u017ce\u0144.<\/strong><\/p>\n\n\n\n<figure class=\"wp-block-table\"><table class=\"has-fixed-layout\"><tbody><tr><td><strong>Z tego artyku\u0142u dowiesz si\u0119<\/strong>: <br>>> czym charakteryzuje si\u0119 gatunek bakterii <em>Enterococcus faecalis<\/em>? <br>>> jakie choroby mo\u017ce powodowa\u0107 <em>Enterococcus faecalis<\/em>? <br>>> na czym polega diagnostyka zaka\u017ce\u0144 wywo\u0142anych przez enterokoki? <br>>> na czym polega leczenie infekcji wywo\u0142anych przez <em>Enterococcus faecalis<\/em>?<\/td><\/tr><\/tbody><\/table><\/figure>\n\n\n\n<p><strong>Spis tre\u015bci:<\/strong><\/p>\n\n\n\n<ol class=\"wp-block-list\">\n<li><a href=\"#Enterococcus-faecalis-\u2013-co-to-za-bakteria?\"><em>Enterococcus faecalis<\/em> \u2013 co to za bakteria?<\/a><\/li>\n\n\n\n<li><a href=\"#Jak-mo\u017cna-zarazi\u0107-si\u0119-Enterococcus-faecalis?\">Jak mo\u017cna zarazi\u0107 si\u0119 <em>Enterococcus faecalis<\/em>?<\/a><\/li>\n\n\n\n<li><a href=\"#Jakie-choroby-wywo\u0142uje-Enterococcus-faecalis?\">Jakie choroby wywo\u0142uje <em>Enterococcus faecalis<\/em>?<\/a><\/li>\n\n\n\n<li><a href=\"#Zaka\u017cenie-Enterococcus-faecalis:-objawy\">Zaka\u017cenie <em>Enterococcus faecalis<\/em>: objawy<\/a><\/li>\n\n\n\n<li><a href=\"#Enterococcus-faecalis:-diagnostyka-zaka\u017cenia-enterokokami\"><em>Enterococcus faecalis<\/em>: diagnostyka zaka\u017cenia enterokokami<\/a><\/li>\n\n\n\n<li><a href=\"#Zaka\u017cenie-Enterococcus-faecalis:-czy-mo\u017cna-je-wyleczy\u0107?\">Zaka\u017cenie <em>Enterococcus faecalis<\/em>: czy mo\u017cna je wyleczy\u0107?<\/a><\/li>\n\n\n\n<li><a href=\"#Czy-mo\u017cna-zapobiec-zaka\u017ceniu-Enterococcus-faecalis?\">Czy mo\u017cna zapobiec zaka\u017ceniu <em>Enterococcus faecalis<\/em>?<\/a><\/li>\n\n\n\n<li><a href=\"#Enterococcus-faecalis:-podsumowanie-najwa\u017cniejszych-informacji\"><em>Enterococcus faecalis<\/em>: podsumowanie najwa\u017cniejszych informacji<\/a><\/li>\n<\/ol>\n\n\n\n<h2 class=\"wp-block-heading\" id=\"Enterococcus-faecalis-\u2013-co-to-za-bakteria?\"><em>Enterococcus faecalis<\/em> \u2013 co to za bakteria?<\/h2>\n\n\n\n<p><em>Enterococcus faecalis<\/em> to Gram-dodatnia bakteria, nazywana r\u00f3wnie\u017c paciorkowcem ka\u0142owym, nale\u017c\u0105ca do rodzaju <em>Enterococcus<\/em>. <strong>Bakterie te s\u0105 wzgl\u0119dnie beztlenowe i wyst\u0119puj\u0105 w dolnym odcinku przewodu pokarmowego cz\u0142owieka,<\/strong> ale r\u00f3wnie\u017c w obr\u0119bie jamy ustnej i okolicy moczowo-p\u0142ciowej. S\u0105 zdolne do wywo\u0142ywania zaka\u017ce\u0144, przede wszystkim w obr\u0119bie <a href=\"https:\/\/www.alab.pl\/centrum-wiedzy\/uklad-moczowy-czlowieka-budowa-i-funkcje\/\">uk\u0142adu moczowego<\/a>, wsierdzia, ale i <a href=\"https:\/\/www.alab.pl\/centrum-wiedzy\/uklad-nerwowy-czlowieka-budowa-funkcje-podzial\/\">uk\u0142adu nerwowego<\/a>. Czynniki, kt\u00f3re u\u0142atwiaj\u0105 tym bakteriom kolonizacj\u0119, jak i wywo\u0142ywanie infekcji, to przede wszystkim:<\/p>\n\n\n\n<ul class=\"wp-block-list\">\n<li><strong>obecno\u015b\u0107 bia\u0142ka powierzchniowego Esp<\/strong> \u2013 ten element usprawnia przyleganie bakterii do nab\u0142onka,<\/li>\n\n\n\n<li><strong>enzym hialuronidaza <\/strong>\u2013 enzym ten jest zdolny do rozk\u0142adania mukopolisacharyd\u00f3w, co u\u0142atwia rozprzestrzenianie si\u0119 bakterii,<\/li>\n\n\n\n<li><strong>enzym \u017celatynaza<\/strong> \u2013 jest to zwi\u0105zek rozk\u0142adaj\u0105cy bia\u0142ko kolagen i lamininy, u\u0142atwiaj\u0105c tym samym ekspansj\u0119 bakterii.<\/li>\n<\/ul>\n\n\n\n<p><strong>&gt;&gt; Zobacz: <\/strong><a href=\"https:\/\/www.alab.pl\/centrum-wiedzy\/kolagen-czym-jest-jakie-pelni-funkcje-w-organizmie-kolagenozy\/\"><strong>Kolagen \u2013 czym jest, jakie pe\u0142ni funkcje w organizmie, kolagenozy<\/strong><\/a><strong><\/strong><\/p>\n\n\n\n<h2 class=\"wp-block-heading\" id=\"Jak-mo\u017cna-zarazi\u0107-si\u0119-Enterococcus-faecalis?\">Jak mo\u017cna zarazi\u0107 si\u0119 <em>Enterococcus faecalis<\/em>?<\/h2>\n\n\n\n<p>Bakteria opisywana w tym artykule jest typowo drobnoustrojem wywo\u0142uj\u0105cym zaka\u017cenia w \u015brodowiskach szpitalnych, co jest zwi\u0105zane r\u00f3wnie\u017c z oporno\u015bci\u0105 na <a href=\"https:\/\/www.alab.pl\/centrum-wiedzy\/antybiotyk\/\">antybiotyki<\/a>. Do przenoszenia zaka\u017cenia mo\u017ce doj\u015b\u0107 mi\u0119dzy innymi poprzez:<\/p>\n\n\n\n<ul class=\"wp-block-list\">\n<li><strong>u\u017cywany sprz\u0119t medyczny <\/strong>(na przyk\u0142ad cewniki),<\/li>\n\n\n\n<li><strong>r\u0119ce personelu,<\/strong><\/li>\n\n\n\n<li><strong>przedostanie si\u0119 w\u0142asnej flory jelitowej do innego obszaru, gdzie <em>Enterococcus faecalis<\/em> w prawid\u0142owych warunkach nie wyst\u0119puje<\/strong>,<\/li>\n\n\n\n<li><strong>wykonywany zabieg operacyjny<\/strong>.<\/li>\n<\/ul>\n\n\n\n<p>Czynniki ryzyka sprzyjaj\u0105ce wyst\u0105pieniu zaka\u017cenia spowodowanego przez <em>Enterococcus faecalis<\/em> to przede wszystkim:<\/p>\n\n\n\n<ul class=\"wp-block-list\">\n<li><strong>os\u0142abienie odporno\u015bci <\/strong>\u2013 przyjmowanie lek\u00f3w immunosupresyjnych (na przyk\u0142ad glikokortykosteroid\u00f3w, cyklosporyny, metotreksatu), zaka\u017cenie <a href=\"https:\/\/www.alab.pl\/centrum-wiedzy\/hiv-objawy-drogi-zakazenia-diagnostyka-i-leczenie\/\">wirusem HIV<\/a>,<\/li>\n\n\n\n<li><strong>choroby wsp\u00f3\u0142istniej\u0105ce, szczeg\u00f3lnie niekontrolowane<\/strong> \u2013 w tym choroby uk\u0142adu sercowo-naczyniowego, <a href=\"https:\/\/www.alab.pl\/centrum-wiedzy\/cukrzyca-objawy-przyczyny-diagnostyka-i-leczenie\/\">cukrzyca<\/a>, niewydolno\u015b\u0107 nerek,<\/li>\n\n\n\n<li><strong>leczenie antybiotykami o szerokim spektrum<\/strong>,<\/li>\n\n\n\n<li><strong>d\u0142ugi czas hospitalizacji<\/strong>,<\/li>\n\n\n\n<li><strong>stan po przeszczepach narz\u0105d\u00f3w<\/strong>.<\/li>\n<\/ul>\n\n\n\n<figure class=\"wp-block-image size-full\"><a href=\"https:\/\/www.alab.pl\/pakiet\/zakazenie-ukladu-moczowego\"><img loading=\"lazy\" decoding=\"async\" width=\"800\" height=\"200\" src=\"https:\/\/www.alab.pl\/centrum-wiedzy\/wp-content\/uploads\/2025\/02\/Pakiet-zakazenie-ukladu-moczowego-2-badania.jpg\" alt=\"Pakiet zakaz\u0307enie uk\u0142adu moczowego (2 badania) banerek\" class=\"wp-image-21115\" srcset=\"https:\/\/www.alab.pl\/centrum-wiedzy\/wp-content\/uploads\/2025\/02\/Pakiet-zakazenie-ukladu-moczowego-2-badania.jpg 800w, https:\/\/www.alab.pl\/centrum-wiedzy\/wp-content\/uploads\/2025\/02\/Pakiet-zakazenie-ukladu-moczowego-2-badania-768x192.jpg 768w, https:\/\/www.alab.pl\/centrum-wiedzy\/wp-content\/uploads\/2025\/02\/Pakiet-zakazenie-ukladu-moczowego-2-badania-150x38.jpg 150w, https:\/\/www.alab.pl\/centrum-wiedzy\/wp-content\/uploads\/2025\/02\/Pakiet-zakazenie-ukladu-moczowego-2-badania-300x75.jpg 300w, https:\/\/www.alab.pl\/centrum-wiedzy\/wp-content\/uploads\/2025\/02\/Pakiet-zakazenie-ukladu-moczowego-2-badania-696x174.jpg 696w\" sizes=\"auto, (max-width: 800px) 100vw, 800px\" \/><\/a><\/figure>\n\n\n\n<h2 class=\"wp-block-heading\" id=\"Jakie-choroby-wywo\u0142uje-Enterococcus-faecalis?\">Jakie choroby wywo\u0142uje <em>Enterococcus faecalis<\/em>?<\/h2>\n\n\n\n<p>Za jakie schorzenia mo\u017ce odpowiada\u0107 paciorkowiec ka\u0142owy? Nale\u017cy w tym miejscu wymieni\u0107 przede wszystkim:<\/p>\n\n\n\n<ul class=\"wp-block-list\">\n<li><a href=\"https:\/\/www.alab.pl\/centrum-wiedzy\/zakazenia-ukladu-moczowego-zum\/\"><strong>zaka\u017cenia uk\u0142adu moczowego<\/strong> <strong>(ZUM)<\/strong><\/a> \u2013 w tym <a href=\"https:\/\/www.alab.pl\/centrum-wiedzy\/zapalenie-pecherza-moczowego-objawy-przyczyny-diagnostyka-i-leczenie\/\">zapalenie p\u0119cherza moczowego<\/a>, czy te\u017c ostre odmiedniczkowe zapalenie nerek,<\/li>\n\n\n\n<li><strong>zapalenie wsierdzia (<em>endocarditis<\/em>),<\/strong><\/li>\n\n\n\n<li><strong>zaka\u017cenia sk\u00f3ry,<\/strong><\/li>\n\n\n\n<li><strong>zaka\u017cenia w obr\u0119bie ran,<\/strong><\/li>\n\n\n\n<li><strong>zapalenie macicy, jajnik\u00f3w, a tak\u017ce jajowod\u00f3w,<\/strong><\/li>\n\n\n\n<li><strong>ropnie wewn\u0105trzbrzuszne,<\/strong><\/li>\n\n\n\n<li><a href=\"https:\/\/www.alab.pl\/centrum-wiedzy\/zapalenie-opon-mozgowych-rodzaje-objawy-przyczyny-badania\/\"><strong>zapalenie opon m\u00f3zgowo-rdzeniowych<\/strong><\/a><strong>,<\/strong><\/li>\n\n\n\n<li><strong>zaka\u017cenia ko\u015bci i staw\u00f3w,<\/strong><\/li>\n\n\n\n<li><strong>zaka\u017cenia og\u00f3lnoustrojowe, <\/strong><a href=\"https:\/\/www.alab.pl\/centrum-wiedzy\/sepsa-dlaczego-budzi-niepokoj\/\"><strong>sepsa<\/strong><\/a><strong>.<\/strong><\/li>\n<\/ul>\n\n\n\n<p><strong>&gt;&gt; Sprawd\u017a: <\/strong><a href=\"https:\/\/www.alab.pl\/centrum-wiedzy\/sepsa-powazne-zagrozenie-dla-dziecka\/\"><strong>Sepsa u dziecka \u2013 powa\u017cne zagro\u017cenie dla malucha<\/strong><\/a><strong><\/strong><\/p>\n\n\n\n<h2 class=\"wp-block-heading\" id=\"Zaka\u017cenie-Enterococcus-faecalis:-objawy\">Zaka\u017cenie <em>Enterococcus faecalis<\/em>: objawy<\/h2>\n\n\n\n<p>Symptomy kliniczne zale\u017c\u0105 przede wszystkim od postaci klinicznej zaka\u017cenia, za kt\u00f3re odpowiada <em>Enterococcus faecalis<\/em>. Najcz\u0119stsze objawy zaka\u017cenia<em> Enterococcus faecalis<\/em> to w przypadku:<\/p>\n\n\n\n<ul class=\"wp-block-list\">\n<li><strong>zapalenia wsierdzia<\/strong> \u2013 nawracaj\u0105ce gor\u0105czki, os\u0142abienie, <a href=\"https:\/\/www.alab.pl\/centrum-wiedzy\/dusznosc-punkt-wspolny-wielu-dramatycznych-chorob\/\">duszno\u015b\u0107<\/a>, pogorszenie wydolno\u015bci organizmu, <a href=\"https:\/\/www.alab.pl\/centrum-wiedzy\/brak-apetytu-brak-laknienia-czym-jest-polecane-zywienie\/\">utrata apetytu<\/a> i spadek masy cia\u0142a,<\/li>\n\n\n\n<li><strong>zaka\u017cenia uk\u0142adu moczowego <\/strong>\u2013 <a href=\"https:\/\/www.alab.pl\/centrum-wiedzy\/czestomocz-wielomocz-i-oddawanie-moczu-w-nocy-jakie-sa-przyczyny\/\">cz\u0119stomocz<\/a>, gor\u0105czka, pieczenie przy oddawaniu moczu, b\u00f3le w okolicy l\u0119d\u017awiowej, b\u00f3le w obr\u0119bie podbrzusza,<\/li>\n\n\n\n<li><strong>zaka\u017cenie og\u00f3lnoustrojowe, sepsa<\/strong> \u2013 gor\u0105czka, dreszcze, znaczne os\u0142abienie, przyspieszenie akcji serca, spadek ci\u015bnienia t\u0119tniczego,<\/li>\n\n\n\n<li><strong>zaka\u017cenie sk\u00f3ry <\/strong>\u2013 pojawienie si\u0119 owrzodze\u0144, zaczerwienienia, wzmo\u017conego ucieplenia, niekiedy pogorszenie samopoczucia, dreszcze, gor\u0105czka,<\/li>\n\n\n\n<li><strong>zaka\u017cenia ginekologiczne<\/strong> \u2013 <a href=\"https:\/\/www.alab.pl\/centrum-wiedzy\/czym-sa-uplawy-i-co-oznaczaja-rodzaje-przyczyny-i-leczenie-uplawow\/\">up\u0142awy<\/a> o nieprzyjemnym zapachu, b\u00f3l w podbrzuszu, gor\u0105czka, plamienia mi\u0119dzymiesi\u0105czkowe, niekiedy nudno\u015bci i <a href=\"https:\/\/www.alab.pl\/centrum-wiedzy\/wymioty-czym-sa-mozliwe-przyczyny-diagnostyka-i-leczenie\/\">wymioty<\/a>,<\/li>\n\n\n\n<li><strong>ropnie wewn\u0105trzbrzuszne<\/strong> \u2013 gor\u0105czka, <a href=\"https:\/\/www.alab.pl\/centrum-wiedzy\/bol-brzucha-mozliwe-przyczyny-badania\/\">b\u00f3l brzucha<\/a>, tkliwo\u015b\u0107 i napi\u0119cie pow\u0142ok brzusznych, nudno\u015bci, wymioty,<\/li>\n\n\n\n<li><strong>zaka\u017cenie w obr\u0119bie ko\u015bci i staw\u00f3w <\/strong>\u2013 gor\u0105czka, dolegliwo\u015bci b\u00f3lowe, zaczerwienie sk\u00f3ry, tkliwo\u015b\u0107 przy dotyku lub ucisku, ograniczenie ruchomo\u015bci, problemy z poruszaniem si\u0119.<\/li>\n<\/ul>\n\n\n\n<p><strong>&gt;&gt; To mo\u017ce Ci\u0119 zainteresowa\u0107: <\/strong><a href=\"https:\/\/www.alab.pl\/centrum-wiedzy\/przewlekly-bol-brzucha-u-dzieci-kiedy-powinien-nas-niepokoic\/\"><strong>Przewlek\u0142y b\u00f3l brzucha u dzieci. Kiedy powinien nas niepokoi\u0107?<\/strong><\/a><strong><\/strong><\/p>\n\n\n\n<h2 class=\"wp-block-heading\" id=\"Enterococcus-faecalis:-diagnostyka-zaka\u017cenia-enterokokami\"><em>Enterococcus faecalis<\/em>: diagnostyka zaka\u017cenia enterokokami<\/h2>\n\n\n\n<p>W pierwszym kroku konieczne jest przeprowadzenie wnikliwego wywiadu chorobowego i pe\u0142nego badania przedmiotowego. <strong>W przypadku podejrzenia zapalenia opon m\u00f3zgowo-rdzeniowych niezb\u0119dne jest przeprowadzenia badania neurologicznego.<\/strong><\/p>\n\n\n\n<p>Badania laboratoryjne, obrazowe i mikrobiologiczne wykorzystywane w diagnostyce zaka\u017ce\u0144 wywo\u0142anych przez enterokoki to przede wszystkim:<\/p>\n\n\n\n<ul class=\"wp-block-list\">\n<li>morfologia krwi obwodowej,<\/li>\n\n\n\n<li><a href=\"https:\/\/www.alab.pl\/badanie\/bialko-c-reaktywne-crp-ilosciowe-i81\">st\u0119\u017cenie bia\u0142ka CRP<\/a>,<\/li>\n\n\n\n<li>st\u0119\u017cenie <a href=\"https:\/\/www.alab.pl\/badanie\/prokalcytonina-pct-n58\">prokalcytoniny<\/a>,<\/li>\n\n\n\n<li><a href=\"https:\/\/www.alab.pl\/badanie\/badanie-ogolne-moczu-a01\">badanie og\u00f3lne moczu<\/a> wraz z ocen\u0105 osadu,<\/li>\n\n\n\n<li><a href=\"https:\/\/www.alab.pl\/badanie\/posiew-moczu-9133\">posiew moczu<\/a>,<\/li>\n\n\n\n<li>posiew krwi,<\/li>\n\n\n\n<li>posiew z owrzodzenia,<\/li>\n\n\n\n<li>posiew p\u0142ynu stawowego, p\u0142ynu otrzewnowego,<\/li>\n\n\n\n<li>echokardiografia (ECHO serca),<\/li>\n\n\n\n<li>USG jamy brzusznej,<\/li>\n\n\n\n<li>tomografia komputerowa jamy brzusznej i\/lub miednicy mniejszej,<\/li>\n\n\n\n<li>badanie <a href=\"https:\/\/www.alab.pl\/centrum-wiedzy\/plyn-mozgowo-rdzeniowy-czym-jest-i-jakie-pelni-funkcje-pobieranie-i-badania\/\">p\u0142ynu m\u00f3zgowo rdzeniowego<\/a>.<\/li>\n<\/ul>\n\n\n\n<h2 class=\"wp-block-heading\" id=\"Zaka\u017cenie-Enterococcus-faecalis:-czy-mo\u017cna-je-wyleczy\u0107?\">Zaka\u017cenie <em>Enterococcus faecalis<\/em>: czy mo\u017cna je wyleczy\u0107?<\/h2>\n\n\n\n<p>Zaka\u017cenie wywo\u0142ane przez <em>Enterococcus faecalis <\/em>wymaga w\u0142\u0105czenia celowanej antybiotykoterapii zgodnej z wynikiem antybiogramu. <strong>Spos\u00f3b, droga podania antybiotyku i czas leczenia jest uzale\u017cniony od postaci klinicznej zaka\u017cenia enterokokami.<\/strong><\/p>\n\n\n\n<p>W przypadku infekcyjnego zapalenia wsierdzia wywo\u0142anego przez<em> Enterococcus faecalis <\/em>konieczna jest d\u0142ugotrwa\u0142a antybiotykoterapia, a w przypadku zaka\u017cenia dotycz\u0105cego wszczepionej zastawki czas leczenia mo\u017ce wynosi\u0107 nawet powy\u017cej 6 tygodni. Infekcyjne zapalenie wsierdzia wymaga hospitalizacji, poniewa\u017c jest to powa\u017cny stan kliniczny, kt\u00f3ry mo\u017ce wi\u0105za\u0107 si\u0119 z wyst\u0105pieniem powik\u0142a\u0144 takich jak:<\/p>\n\n\n\n<ul class=\"wp-block-list\">\n<li><a href=\"https:\/\/www.alab.pl\/centrum-wiedzy\/objawy-zatoru-plucnego-pierwsze-oznaki-przyczyny-i-rokowania\/\">zatorowo\u015b\u0107 p\u0142ucna<\/a>,<\/li>\n\n\n\n<li>uszkodzenie zastawek serca,<\/li>\n\n\n\n<li><a href=\"https:\/\/www.alab.pl\/centrum-wiedzy\/niewydolnosc-serca-przyczyny-diagnostyka-objawy-leczenie\/\">niewydolno\u015b\u0107 serca<\/a>,<\/li>\n\n\n\n<li>zaburzenia rytmu serca,<\/li>\n\n\n\n<li>niewydolno\u015b\u0107 nerek.<\/li>\n<\/ul>\n\n\n\n<p><strong>&gt;&gt; Przeczytaj: <\/strong><a href=\"https:\/\/www.alab.pl\/centrum-wiedzy\/najczestsze-choroby-serca-objawy-i-diagnostyka\/\"><strong>Najcz\u0119stsze choroby serca \u2013 objawy i diagnostyka<\/strong><\/a><strong><\/strong><\/p>\n\n\n\n<h2 class=\"wp-block-heading\" id=\"Czy-mo\u017cna-zapobiec-zaka\u017ceniu-Enterococcus-faecalis?\">Czy mo\u017cna zapobiec zaka\u017ceniu <em>Enterococcus faecalis<\/em>?<\/h2>\n\n\n\n<p>Zasady zmniejszaj\u0105ce ryzyko zaka\u017cenia wywo\u0142anego przez <em>Enterococcus faecalis <\/em>to mi\u0119dzy innymi:<\/p>\n\n\n\n<ul class=\"wp-block-list\">\n<li>stosowanie si\u0119 do procedur dezynfekcji, jak i sterylizacji sprz\u0119tu medycznego,<\/li>\n\n\n\n<li>regularne <a href=\"https:\/\/www.alab.pl\/centrum-wiedzy\/higiena-rak-jak-skutecznie-myc-rece\/\">mycie r\u0105k<\/a>, zw\u0142aszcza przez personel medyczny,<\/li>\n\n\n\n<li>stosowanie antybiotykoterapii zgodnie ze wskazaniami medycznymi,<\/li>\n\n\n\n<li>stosowanie cewnikowania tylko w odpowiednich wskazaniach,<\/li>\n\n\n\n<li>odpowiednia piel\u0119gnacja ran.<\/li>\n<\/ul>\n\n\n\n<h2 class=\"wp-block-heading\" id=\"Enterococcus-faecalis:-podsumowanie-najwa\u017cniejszych-informacji\"><em>Enterococcus faecalis<\/em>: podsumowanie najwa\u017cniejszych informacji<\/h2>\n\n\n\n<ul class=\"wp-block-list\">\n<li><em>Enterococcus faecalis <\/em>to bakterie kolonizuj\u0105ce przew\u00f3d pokarmowy, jam\u0119 ustn\u0105 oraz okolic\u0119 moczowo-p\u0142ciow\u0105, kt\u00f3re mog\u0105 by\u0107 przyczyn\u0105 powa\u017cnych zaka\u017ce\u0144.<\/li>\n\n\n\n<li>Enterokoki mog\u0105 wywo\u0142a\u0107 mi\u0119dzy innymi zapalenie wsierdzia, ostre odmiedniczkowe zapalenie nerek, ale r\u00f3wnie\u017c zapalenie ko\u015bci czy zapalenie opon m\u00f3zgowo-rdzeniowych.<\/li>\n\n\n\n<li>Diagnostyka zaka\u017ce\u0144 wywo\u0142anych przez <em>Enterococcus faecalis <\/em>opiera si\u0119 na wnikliwym wywiadzie chorobowym i badaniu przedmiotowym, ale przede wszystkim na <a href=\"https:\/\/www.alab.pl\/centrum-wiedzy\/badanie-mikrobiologiczne-czym-jest-i-dlaczego-warto-je-wykonac\/\">badaniach mikrobiologicznych<\/a>.<\/li>\n\n\n\n<li>W leczeniu zaka\u017ce\u0144 wywo\u0142anych przez enterokoki stosuje si\u0119 antybiotykoterapi\u0119, kt\u00f3ra powinna by\u0107 dobrana na podstawie wyniku antybiogramu.<\/li>\n<\/ul>\n\n\n\n<hr class=\"wp-block-separator has-alpha-channel-opacity\"\/>\n\n\n\n<p><strong>Bibliografia<\/strong><\/p>\n\n\n\n<ol start=\"1\" class=\"wp-block-list\">\n<li>D. Adrych, Enterococcus faecalis jako przyczyna zapalenia wsierdzia i otrzewnej u pacjenta dializowanego otrzewnowo, Forum Nefrologiczne 2013, tom 6, nr 2, 112\u2013115, 2013 Via Medica ISSN 1899\u20133338,<\/li>\n\n\n\n<li>J. Tato\u0144, A. Czech, Diagnostyka internistyczna, PZWL Wydawnictwo Lekarskie, Warszawa 2005,<\/li>\n\n\n\n<li>A. Szczeklik, Piotr Gajewski, Interna Szczeklika, Wydawnictwo Medycyna Praktyczna, Krak\u00f3w 2020\/2021,<\/li>\n\n\n\n<li>A. Dembi\u0144ska-Kie\u0107 i inni, Diagnostyka laboratoryjna z elementami biochemii klinicznej, Urban &amp; Partner, Wroc\u0142aw 2005 (dodruk), s. 654-659.<\/li>\n<\/ol>\n","protected":false},"excerpt":{"rendered":"<p>Zaka\u017cenia wywo\u0142ane przez Enterococcus faecalis mog\u0105 dotyczy\u0107 wielu uk\u0142ad\u00f3w organizmu cz\u0142owieka. Dowiedz si\u0119 wi\u0119cej. <\/p>\n","protected":false},"author":165,"featured_media":28002,"comment_status":"closed","ping_status":"closed","sticky":false,"template":"","format":"standard","meta":{"_acf_changed":false,"inline_featured_image":false,"footnotes":""},"categories":[23],"tags":[],"coauthors":[176],"class_list":{"0":"post-28000","1":"post","2":"type-post","3":"status-publish","4":"format-standard","5":"has-post-thumbnail","7":"category-infekcje-i-pasozyty"},"acf":[],"yoast_head":"<!-- This site is optimized with the Yoast SEO plugin v27.4 - https:\/\/yoast.com\/product\/yoast-seo-wordpress\/ -->\n<title>Enterococcus faecalis \u2013 jakie s\u0105 drogi i objawy zaka\u017cenia? Diagnostyka i leczenie - Centrum Wiedzy ALAB laboratoria<\/title>\n<meta name=\"description\" content=\"Zaka\u017cenia wywo\u0142ane przez Enterococcus faecalis mog\u0105 dotyczy\u0107 wielu uk\u0142ad\u00f3w organizmu cz\u0142owieka. Dowiedz si\u0119 wi\u0119cej.\" \/>\n<meta name=\"robots\" content=\"index, follow, max-snippet:-1, max-image-preview:large, max-video-preview:-1\" \/>\n<link rel=\"canonical\" href=\"https:\/\/www.alab.pl\/centrum-wiedzy\/enterococcus-faecalis-jakie-sa-drogi-i-objawy-zakazenia-diagnostyka-i-leczenie\/\" \/>\n<meta property=\"og:locale\" content=\"pl_PL\" \/>\n<meta property=\"og:type\" content=\"article\" \/>\n<meta property=\"og:title\" content=\"Enterococcus faecalis \u2013 jakie s\u0105 drogi i objawy zaka\u017cenia? Diagnostyka i leczenie - Centrum Wiedzy ALAB laboratoria\" \/>\n<meta property=\"og:description\" content=\"Zaka\u017cenia wywo\u0142ane przez Enterococcus faecalis mog\u0105 dotyczy\u0107 wielu uk\u0142ad\u00f3w organizmu cz\u0142owieka. Dowiedz si\u0119 wi\u0119cej.\" \/>\n<meta property=\"og:url\" content=\"https:\/\/www.alab.pl\/centrum-wiedzy\/enterococcus-faecalis-jakie-sa-drogi-i-objawy-zakazenia-diagnostyka-i-leczenie\/\" \/>\n<meta property=\"og:site_name\" content=\"Centrum Wiedzy ALAB laboratoria\" \/>\n<meta property=\"article:publisher\" content=\"https:\/\/www.facebook.com\/ALABlaboratoria\" \/>\n<meta property=\"article:published_time\" content=\"2025-11-23T15:03:25+00:00\" \/>\n<meta property=\"article:modified_time\" content=\"2025-11-23T15:03:27+00:00\" \/>\n<meta property=\"og:image\" content=\"https:\/\/www.alab.pl\/centrum-wiedzy\/wp-content\/uploads\/2025\/11\/enterococcus_faecalis.jpg\" \/>\n\t<meta property=\"og:image:width\" content=\"1440\" \/>\n\t<meta property=\"og:image:height\" content=\"900\" \/>\n\t<meta property=\"og:image:type\" content=\"image\/jpeg\" \/>\n<meta name=\"author\" content=\"Katarzyna Banaszczyk\" \/>\n<meta name=\"twitter:card\" content=\"summary_large_image\" \/>\n<meta name=\"twitter:label1\" content=\"Napisane przez\" \/>\n\t<meta name=\"twitter:data1\" content=\"Katarzyna Banaszczyk\" \/>\n\t<meta name=\"twitter:label2\" content=\"Szacowany czas czytania\" \/>\n\t<meta name=\"twitter:data2\" content=\"7 minut\" \/>\n\t<meta name=\"twitter:label3\" content=\"Written by\" \/>\n\t<meta name=\"twitter:data3\" content=\"Katarzyna Banaszczyk\" \/>\n<!-- \/ Yoast SEO plugin. -->","yoast_head_json":{"title":"Enterococcus faecalis \u2013 jakie s\u0105 drogi i objawy zaka\u017cenia? Diagnostyka i leczenie - Centrum Wiedzy ALAB laboratoria","description":"Zaka\u017cenia wywo\u0142ane przez Enterococcus faecalis mog\u0105 dotyczy\u0107 wielu uk\u0142ad\u00f3w organizmu cz\u0142owieka. Dowiedz si\u0119 wi\u0119cej.","robots":{"index":"index","follow":"follow","max-snippet":"max-snippet:-1","max-image-preview":"max-image-preview:large","max-video-preview":"max-video-preview:-1"},"canonical":"https:\/\/www.alab.pl\/centrum-wiedzy\/enterococcus-faecalis-jakie-sa-drogi-i-objawy-zakazenia-diagnostyka-i-leczenie\/","og_locale":"pl_PL","og_type":"article","og_title":"Enterococcus faecalis \u2013 jakie s\u0105 drogi i objawy zaka\u017cenia? Diagnostyka i leczenie - Centrum Wiedzy ALAB laboratoria","og_description":"Zaka\u017cenia wywo\u0142ane przez Enterococcus faecalis mog\u0105 dotyczy\u0107 wielu uk\u0142ad\u00f3w organizmu cz\u0142owieka. Dowiedz si\u0119 wi\u0119cej.","og_url":"https:\/\/www.alab.pl\/centrum-wiedzy\/enterococcus-faecalis-jakie-sa-drogi-i-objawy-zakazenia-diagnostyka-i-leczenie\/","og_site_name":"Centrum Wiedzy ALAB laboratoria","article_publisher":"https:\/\/www.facebook.com\/ALABlaboratoria","article_published_time":"2025-11-23T15:03:25+00:00","article_modified_time":"2025-11-23T15:03:27+00:00","og_image":[{"width":1440,"height":900,"url":"https:\/\/www.alab.pl\/centrum-wiedzy\/wp-content\/uploads\/2025\/11\/enterococcus_faecalis.jpg","type":"image\/jpeg"}],"author":"Katarzyna Banaszczyk","twitter_card":"summary_large_image","twitter_misc":{"Napisane przez":"Katarzyna Banaszczyk","Szacowany czas czytania":"7 minut","Written by":"Katarzyna Banaszczyk"},"schema":{"@context":"https:\/\/schema.org","@graph":[{"@type":"Article","@id":"https:\/\/www.alab.pl\/centrum-wiedzy\/enterococcus-faecalis-jakie-sa-drogi-i-objawy-zakazenia-diagnostyka-i-leczenie\/#article","isPartOf":{"@id":"https:\/\/www.alab.pl\/centrum-wiedzy\/enterococcus-faecalis-jakie-sa-drogi-i-objawy-zakazenia-diagnostyka-i-leczenie\/"},"author":{"name":"Katarzyna Banaszczyk","@id":"https:\/\/www.alab.pl\/centrum-wiedzy\/#\/schema\/person\/308fb46be1959418e2e115e61c335941"},"headline":"Enterococcus faecalis \u2013 jakie s\u0105 drogi i objawy zaka\u017cenia? Diagnostyka i leczenie","datePublished":"2025-11-23T15:03:25+00:00","dateModified":"2025-11-23T15:03:27+00:00","mainEntityOfPage":{"@id":"https:\/\/www.alab.pl\/centrum-wiedzy\/enterococcus-faecalis-jakie-sa-drogi-i-objawy-zakazenia-diagnostyka-i-leczenie\/"},"wordCount":1195,"publisher":{"@id":"https:\/\/www.alab.pl\/centrum-wiedzy\/#organization"},"image":{"@id":"https:\/\/www.alab.pl\/centrum-wiedzy\/enterococcus-faecalis-jakie-sa-drogi-i-objawy-zakazenia-diagnostyka-i-leczenie\/#primaryimage"},"thumbnailUrl":"https:\/\/www.alab.pl\/centrum-wiedzy\/wp-content\/uploads\/2025\/11\/enterococcus_faecalis.jpg","articleSection":["Infekcje i paso\u017cyty"],"inLanguage":"pl-PL"},{"@type":"WebPage","@id":"https:\/\/www.alab.pl\/centrum-wiedzy\/enterococcus-faecalis-jakie-sa-drogi-i-objawy-zakazenia-diagnostyka-i-leczenie\/","url":"https:\/\/www.alab.pl\/centrum-wiedzy\/enterococcus-faecalis-jakie-sa-drogi-i-objawy-zakazenia-diagnostyka-i-leczenie\/","name":"Enterococcus faecalis \u2013 jakie s\u0105 drogi i objawy zaka\u017cenia? Diagnostyka i leczenie - Centrum Wiedzy ALAB laboratoria","isPartOf":{"@id":"https:\/\/www.alab.pl\/centrum-wiedzy\/#website"},"primaryImageOfPage":{"@id":"https:\/\/www.alab.pl\/centrum-wiedzy\/enterococcus-faecalis-jakie-sa-drogi-i-objawy-zakazenia-diagnostyka-i-leczenie\/#primaryimage"},"image":{"@id":"https:\/\/www.alab.pl\/centrum-wiedzy\/enterococcus-faecalis-jakie-sa-drogi-i-objawy-zakazenia-diagnostyka-i-leczenie\/#primaryimage"},"thumbnailUrl":"https:\/\/www.alab.pl\/centrum-wiedzy\/wp-content\/uploads\/2025\/11\/enterococcus_faecalis.jpg","datePublished":"2025-11-23T15:03:25+00:00","dateModified":"2025-11-23T15:03:27+00:00","description":"Zaka\u017cenia wywo\u0142ane przez Enterococcus faecalis mog\u0105 dotyczy\u0107 wielu uk\u0142ad\u00f3w organizmu cz\u0142owieka. Dowiedz si\u0119 wi\u0119cej.","breadcrumb":{"@id":"https:\/\/www.alab.pl\/centrum-wiedzy\/enterococcus-faecalis-jakie-sa-drogi-i-objawy-zakazenia-diagnostyka-i-leczenie\/#breadcrumb"},"inLanguage":"pl-PL","potentialAction":[{"@type":"ReadAction","target":["https:\/\/www.alab.pl\/centrum-wiedzy\/enterococcus-faecalis-jakie-sa-drogi-i-objawy-zakazenia-diagnostyka-i-leczenie\/"]}]},{"@type":"ImageObject","inLanguage":"pl-PL","@id":"https:\/\/www.alab.pl\/centrum-wiedzy\/enterococcus-faecalis-jakie-sa-drogi-i-objawy-zakazenia-diagnostyka-i-leczenie\/#primaryimage","url":"https:\/\/www.alab.pl\/centrum-wiedzy\/wp-content\/uploads\/2025\/11\/enterococcus_faecalis.jpg","contentUrl":"https:\/\/www.alab.pl\/centrum-wiedzy\/wp-content\/uploads\/2025\/11\/enterococcus_faecalis.jpg","width":1440,"height":900,"caption":"enterococcus faecalis"},{"@type":"BreadcrumbList","@id":"https:\/\/www.alab.pl\/centrum-wiedzy\/enterococcus-faecalis-jakie-sa-drogi-i-objawy-zakazenia-diagnostyka-i-leczenie\/#breadcrumb","itemListElement":[{"@type":"ListItem","position":1,"name":"Strona g\u0142\u00f3wna","item":"https:\/\/www.alab.pl\/centrum-wiedzy\/"},{"@type":"ListItem","position":2,"name":"Enterococcus faecalis \u2013 jakie s\u0105 drogi i objawy zaka\u017cenia? Diagnostyka i leczenie"}]},{"@type":"WebSite","@id":"https:\/\/www.alab.pl\/centrum-wiedzy\/#website","url":"https:\/\/www.alab.pl\/centrum-wiedzy\/","name":"Centrum Wiedzy ALAB laboratoria","description":"","publisher":{"@id":"https:\/\/www.alab.pl\/centrum-wiedzy\/#organization"},"potentialAction":[{"@type":"SearchAction","target":{"@type":"EntryPoint","urlTemplate":"https:\/\/www.alab.pl\/centrum-wiedzy\/?s={search_term_string}"},"query-input":{"@type":"PropertyValueSpecification","valueRequired":true,"valueName":"search_term_string"}}],"inLanguage":"pl-PL"},{"@type":"Organization","@id":"https:\/\/www.alab.pl\/centrum-wiedzy\/#organization","name":"Centrum Wiedzy ALAB laboratoria","url":"https:\/\/www.alab.pl\/centrum-wiedzy\/","logo":{"@type":"ImageObject","inLanguage":"pl-PL","@id":"https:\/\/www.alab.pl\/centrum-wiedzy\/#\/schema\/logo\/image\/","url":"https:\/\/www.alab.pl\/centrum-wiedzy\/wp-content\/uploads\/2022\/04\/alabek.jpg","contentUrl":"https:\/\/www.alab.pl\/centrum-wiedzy\/wp-content\/uploads\/2022\/04\/alabek.jpg","width":1250,"height":1251,"caption":"Centrum Wiedzy ALAB laboratoria"},"image":{"@id":"https:\/\/www.alab.pl\/centrum-wiedzy\/#\/schema\/logo\/image\/"},"sameAs":["https:\/\/www.facebook.com\/ALABlaboratoria"]},{"@type":"Person","@id":"https:\/\/www.alab.pl\/centrum-wiedzy\/#\/schema\/person\/308fb46be1959418e2e115e61c335941","name":"Katarzyna Banaszczyk","image":{"@type":"ImageObject","inLanguage":"pl-PL","@id":"https:\/\/www.alab.pl\/centrum-wiedzy\/wp-content\/uploads\/2024\/12\/Katarzyna-Banaszczyk-150x150.jpgdd037207674aeb9b7e97c9616a0cf536","url":"https:\/\/www.alab.pl\/centrum-wiedzy\/wp-content\/uploads\/2024\/12\/Katarzyna-Banaszczyk-150x150.jpg","contentUrl":"https:\/\/www.alab.pl\/centrum-wiedzy\/wp-content\/uploads\/2024\/12\/Katarzyna-Banaszczyk-150x150.jpg","caption":"Katarzyna Banaszczyk"},"description":"Lekarka w trakcie specjalizacji z dermatologii i wenerologii. Absolwentka Collegium Medicum UMK im. Ludwika Rydygiera w Bydgoszczy. Wyk\u0142adowca akademicki Collegium Medicum im. W\u0142adys\u0142awa Biega\u0144skiego w Cz\u0119stochowie.","url":"https:\/\/www.alab.pl\/centrum-wiedzy\/author\/katarzyna-banaszczyk\/"}]}},"_links":{"self":[{"href":"https:\/\/www.alab.pl\/centrum-wiedzy\/wp-json\/wp\/v2\/posts\/28000","targetHints":{"allow":["GET"]}}],"collection":[{"href":"https:\/\/www.alab.pl\/centrum-wiedzy\/wp-json\/wp\/v2\/posts"}],"about":[{"href":"https:\/\/www.alab.pl\/centrum-wiedzy\/wp-json\/wp\/v2\/types\/post"}],"author":[{"embeddable":true,"href":"https:\/\/www.alab.pl\/centrum-wiedzy\/wp-json\/wp\/v2\/users\/165"}],"replies":[{"embeddable":true,"href":"https:\/\/www.alab.pl\/centrum-wiedzy\/wp-json\/wp\/v2\/comments?post=28000"}],"version-history":[{"count":2,"href":"https:\/\/www.alab.pl\/centrum-wiedzy\/wp-json\/wp\/v2\/posts\/28000\/revisions"}],"predecessor-version":[{"id":28003,"href":"https:\/\/www.alab.pl\/centrum-wiedzy\/wp-json\/wp\/v2\/posts\/28000\/revisions\/28003"}],"wp:featuredmedia":[{"embeddable":true,"href":"https:\/\/www.alab.pl\/centrum-wiedzy\/wp-json\/wp\/v2\/media\/28002"}],"wp:attachment":[{"href":"https:\/\/www.alab.pl\/centrum-wiedzy\/wp-json\/wp\/v2\/media?parent=28000"}],"wp:term":[{"taxonomy":"category","embeddable":true,"href":"https:\/\/www.alab.pl\/centrum-wiedzy\/wp-json\/wp\/v2\/categories?post=28000"},{"taxonomy":"post_tag","embeddable":true,"href":"https:\/\/www.alab.pl\/centrum-wiedzy\/wp-json\/wp\/v2\/tags?post=28000"},{"taxonomy":"author","embeddable":true,"href":"https:\/\/www.alab.pl\/centrum-wiedzy\/wp-json\/wp\/v2\/coauthors?post=28000"}],"curies":[{"name":"wp","href":"https:\/\/api.w.org\/{rel}","templated":true}]}}