{"id":28392,"date":"2025-12-09T15:08:06","date_gmt":"2025-12-09T14:08:06","guid":{"rendered":"https:\/\/www.alab.pl\/centrum-wiedzy\/?p=28392"},"modified":"2025-12-09T15:08:09","modified_gmt":"2025-12-09T14:08:09","slug":"uczulenie-na-twarzy-jakie-moga-przyczyny-i-jak-sobie-z-nim-radzic","status":"publish","type":"post","link":"https:\/\/www.alab.pl\/centrum-wiedzy\/uczulenie-na-twarzy-jakie-moga-przyczyny-i-jak-sobie-z-nim-radzic\/","title":{"rendered":"Uczulenie na twarzy \u2013 jakie mog\u0105 przyczyny i jak sobie z nim radzi\u0107?"},"content":{"rendered":"\n<p><strong>Uczulenie na twarzy mo\u017ce mie\u0107 r\u00f3\u017cne przyczyny, dlatego bardzo wa\u017cne jest postawienie prawid\u0142owej diagnozy. Pozwala ona zastosowa\u0107 odpowiednie dzia\u0142ania, kt\u00f3rych celem jest z\u0142agodzenie objaw\u00f3w.<\/strong><\/p>\n\n\n\n<figure class=\"wp-block-table\"><table class=\"has-fixed-layout\"><tbody><tr><td><strong>Z tego artyku\u0142u dowiesz si\u0119:<\/strong> <br>>> jak wygl\u0105da alergia na twarzy? <br>>> jakie s\u0105 jej przyczyny? <br>>> jak mo\u017cna z\u0142agodzi\u0107 objawy uczulenia na twarzy? <br>>> czy domowe sposoby s\u0105 skuteczne w \u0142agodzeniu alergii na twarzy? <br><br>Ten artyku\u0142 pomo\u017ce Ci dobra\u0107 odpowiedni\u0105 piel\u0119gnacj\u0119, a tak\u017ce zrozumie\u0107, co powoduje uczulenie. Dzi\u0119ki temu \u0142atwiej b\u0119dzie Ci unika\u0107 potencjalnych alergen\u00f3w.<\/td><\/tr><\/tbody><\/table><\/figure>\n\n\n\n<p><strong>Spis tre\u015bci:<\/strong><\/p>\n\n\n\n<ol class=\"wp-block-list\">\n<li><a href=\"#Objawy-reakcji-alergicznej-na-twarzy:-jak-wygl\u0105da-uczulenie?\">Objawy reakcji alergicznej na twarzy: jak wygl\u0105da uczulenie?<\/a>\n<ul class=\"wp-block-list\">\n<li><a href=\"#Inne-objawy-towarzysz\u0105ce-alergii-na-twarzy\">Inne objawy towarzysz\u0105ce alergii na twarzy<\/a><\/li>\n<\/ul>\n<\/li>\n\n\n\n<li><a href=\"#Alergia-na-twarzy:-przyczyny-dolegliwo\u015bci\">Alergia na twarzy: przyczyny dolegliwo\u015bci<\/a><\/li>\n\n\n\n<li><a href=\"#Diagnostyka-alergii-na-twarzy:-jakie-badania-wykona\u0107?\">Diagnostyka alergii na twarzy: jakie badania wykona\u0107?<\/a><\/li>\n\n\n\n<li><a href=\"#Uczulenie-na-twarzy:-czym-z\u0142agodzi\u0107?\">Uczulenie na twarzy: czym z\u0142agodzi\u0107?<\/a>\n<ul class=\"wp-block-list\">\n<li><a href=\"#Jak-z\u0142agodzi\u0107-domowymi-sposobami-reakcj\u0119-alergiczn\u0105-na-twarzy?\">Jak z\u0142agodzi\u0107 domowymi sposobami reakcj\u0119 alergiczn\u0105 na twarzy?<\/a><\/li>\n<\/ul>\n<\/li>\n\n\n\n<li><a href=\"#Uczulenie-na-twarzy:-odpowiedzi-na-najcz\u0119\u015bciej-zadawane-pytania-(FAQ)\">Uczulenie na twarzy: odpowiedzi na najcz\u0119\u015bciej zadawane pytania (FAQ)<\/a><\/li>\n\n\n\n<li><a href=\"#Uczulenie-na-twarzy:-podsumowanie\">Uczulenie na twarzy: podsumowanie<\/a><\/li>\n<\/ol>\n\n\n\n<h2 class=\"wp-block-heading\" id=\"Objawy-reakcji-alergicznej-na-twarzy:-jak-wygl\u0105da-uczulenie?\">Objawy reakcji alergicznej na twarzy: jak wygl\u0105da uczulenie?<\/h2>\n\n\n\n<p>Sk\u00f3ra stanowi barier\u0119 ochronn\u0105 przed czynnikami termicznymi, fizycznymi, chemicznymi i mechanicznymi. Kiedy bariera nask\u00f3rkowa &nbsp;jest naruszona, pojawia si\u0119 sucho\u015b\u0107, szorstko\u015b\u0107 i odwodnienie. Staje si\u0119 r\u00f3wnie\u017c bardziej podatna na wszelkiego rodzaju reakcje alergiczne. Mog\u0105 mie\u0107 one r\u00f3\u017cnego rodzaju przyczyny, jak i r\u00f3wnie\u017c objawy.<\/p>\n\n\n\n<p><strong>Uczulenie na twarzy to nadmierna odpowied\u017a uk\u0142adu immunologicznego na kontakt z konkretnym czynnikiem, kt\u00f3ry u innych os\u00f3b nie wywo\u0142uje objaw\u00f3w.<\/strong> Najcz\u0119\u015bciej charakteryzuje si\u0119:<\/p>\n\n\n\n<ul class=\"wp-block-list\">\n<li>zaczerwienieniem,<\/li>\n\n\n\n<li>\u015bwi\u0105dem,<\/li>\n\n\n\n<li>pieczeniem,<\/li>\n\n\n\n<li>obrz\u0119kiem,<\/li>\n\n\n\n<li>zmianami sk\u00f3rnymi, takimi jak p\u0119cherze czy b\u0105ble.<\/li>\n<\/ul>\n\n\n\n<p>Sk\u00f3ra jest podra\u017cniona, szorstka w dotyku. Mo\u017ce silnie reagowa\u0107 w kontakcie z r\u00f3\u017cnymi czynnikami, np. detergentami, gor\u0105c\u0105 wod\u0105 czy kosmetykami.<\/p>\n\n\n\n<p><strong>&gt;&gt; Zobacz: <\/strong><a href=\"https:\/\/www.alab.pl\/centrum-wiedzy\/pokrzywka-alergiczna-objawy-przyczyny-leczenie\/\"><strong>Pokrzywka alergiczna: objawy, przyczyny, leczenie<\/strong><\/a><strong><\/strong><\/p>\n\n\n\n<h3 class=\"wp-block-heading\" id=\"Inne-objawy-towarzysz\u0105ce-alergii-na-twarzy\">Inne objawy towarzysz\u0105ce alergii na twarzy<\/h3>\n\n\n\n<p><strong>Alergia na twarzy mo\u017ce obejmowa\u0107 nie tylko sk\u00f3r\u0119, ale r\u00f3wnie\u017c okolice ocz<\/strong><strong>u i ust<\/strong>. Towarzyszy jej obrz\u0119k powiek, \u0142zawienie i zaczerwienienie spoj\u00f3wek. Mo\u017ce pojawi\u0107 si\u0119 obrz\u0119k w obr\u0119bie czerwieni wargowej , kt\u00f3ry cz\u0119sto wymaga pilnej interwencji lekarskiej, poniewa\u017c mo\u017ce by\u0107 objawem <a href=\"https:\/\/www.alab.pl\/centrum-wiedzy\/anafilaksja\/\">wstrz\u0105su anafilaktycznego<\/a>, zw\u0142aszcza je\u015bli opuchlizna obejmuje tak\u017ce j\u0119zyk i gard\u0142o. Silna reakcja alergiczna na twarzy wymaga&nbsp; konsultacji lekarskiej.<\/p>\n\n\n\n<p><strong>&gt;&gt; Przeczytaj: <\/strong><a href=\"https:\/\/www.alab.pl\/centrum-wiedzy\/zapalenie-spojowek-objawy-przyczyny-rodzaje-i-leczenie\/\"><strong>Zapalenie spoj\u00f3wek: objawy, przyczyny, rodzaje i leczenie<\/strong><\/a><strong><\/strong><\/p>\n\n\n\n<h2 class=\"wp-block-heading\" id=\"Alergia-na-twarzy:-przyczyny-dolegliwo\u015bci\">Alergia na twarzy: przyczyny dolegliwo\u015bci<\/h2>\n\n\n\n<p><strong>Reakcja alergiczna czy uczulenie na twarzy mo\u017ce mie\u0107 r\u00f3\u017cne przyczyny.<\/strong> Nie istnieje jeden czynnik, kt\u00f3ry wywo\u0142uje dolegliwo\u015bci. Co wi\u0119cej, u ka\u017cdego mog\u0105 by\u0107 one bardziej lub mniej nasilone, o czym warto pami\u0119ta\u0107. <a href=\"https:\/\/www.alab.pl\/centrum-wiedzy\/pokrzywka-objawy-przyczyny-rodzaje\/\">Pokrzywka<\/a> na twarzy, zaczerwienienie czy \u015bwi\u0105d mog\u0105 wynika\u0107 z uwarunkowa\u0144 genetycznych, a tak\u017ce z nieprawid\u0142owej reakcji sk\u00f3ry na <a href=\"https:\/\/www.alab.pl\/centrum-wiedzy\/alergeny-czyli-co-najczesciej-uczula-rodzaje-i-lista-alergenow\/\">alergeny<\/a>. Dolegliwo\u015bci zwi\u0105zane z uczuleniem na twarzy mog\u0105 wywo\u0142ywa\u0107:<\/p>\n\n\n\n<ul class=\"wp-block-list\">\n<li><strong>alergeny pokarmowe<\/strong> \u2013 <a href=\"https:\/\/www.alab.pl\/centrum-wiedzy\/gluten-alergia-celiakia-nieceliakalna-nadwrazliwosc-na-gluten\/\">gluten<\/a>, bia\u0142ko mleka krowiego, owoce morza, <a href=\"https:\/\/www.alab.pl\/centrum-wiedzy\/alergia-na-truskawki-objawy-u-dzieci-i-doroslych\/\">truskawki<\/a>, orzechy,<\/li>\n\n\n\n<li><strong>alergeny wziewne<\/strong> \u2013 <a href=\"https:\/\/www.alab.pl\/centrum-wiedzy\/alergia-na-psy-i-koty-i-inne-zwierzeta\/\">sier\u015b\u0107 zwierz\u0105t<\/a>, kurz, zarodniki ple\u015bni, py\u0142ki ro\u015blin, smog,<\/li>\n\n\n\n<li><strong>sk\u0142adniki kosmetyk\u00f3w<\/strong> \u2013 konserwanty, substancje zapachowe, barwniki, parabeny,<\/li>\n\n\n\n<li><strong>detergenty i \u015brodki pior\u0105ce<\/strong>,<\/li>\n\n\n\n<li><strong>wybrane leki<\/strong>,<\/li>\n\n\n\n<li><strong>jad owad\u00f3w b\u0142onkoskrzyd\u0142ych<\/strong>.<\/li>\n<\/ul>\n\n\n\n<p><strong>&gt;&gt; To mo\u017ce Ci\u0119 zainteresowa\u0107: <\/strong><a href=\"https:\/\/www.alab.pl\/centrum-wiedzy\/uczulenie-na-jad-pszczoly-i-osy-bolesna-przyczyna-ciezkich-reakcji-alergicznych\/\"><strong>Uczulenie na jad pszczo\u0142y i osy \u2013 bolesna przyczyna ci\u0119\u017ckich reakcji alergicznych<\/strong><\/a><strong><\/strong><\/p>\n\n\n\n<h2 class=\"wp-block-heading\" id=\"Diagnostyka-alergii-na-twarzy:-jakie-badania-wykona\u0107?\">Diagnostyka alergii na twarzy: jakie badania wykona\u0107?<\/h2>\n\n\n\n<p>Alergia na twarzy wymaga kompleksowej diagnostyki, kt\u00f3ra opiera si\u0119 zar\u00f3wno na wywiadzie lekarskim, jak i r\u00f3\u017cnego rodzaju badaniach oraz testach. Wykonywane s\u0105:<\/p>\n\n\n\n<ul class=\"wp-block-list\">\n<li><strong>testy sk\u00f3rne (nask\u00f3rkowe testy p\u0142atkowe, testy punktowe)<\/strong> \u2013 pomagaj\u0105 wykry\u0107 lub potwierdzi\u0107 uczulenie na dany alergen,<\/li>\n\n\n\n<li><strong>badania z krwi<\/strong> \u2013 st\u0119\u017cenie IgE ca\u0142kowitego, oznaczenie IgE swoistych, , morfologia krwi obwodowej z rozmazem,<\/li>\n\n\n\n<li><strong>badania z ka\u0142u<\/strong> \u2013 w kierunku <a href=\"https:\/\/www.alab.pl\/centrum-wiedzy\/lamblioza-giardioza\/\">lambliozy<\/a>, w kierunku <a href=\"https:\/\/www.alab.pl\/centrum-wiedzy\/infekcje-pasozytnicze-u-doroslych\/\">infekcji paso\u017cytniczych<\/a>.<\/li>\n<\/ul>\n\n\n\n<p>Testy na alergeny mo\u017cna r\u00f3wnie\u017c wykona\u0107 z krwi, dlatego o metodzie decyduje lekarz kieruj\u0105cy.<\/p>\n\n\n\n<figure class=\"wp-block-image size-full\"><a href=\"https:\/\/www.alab.pl\/badanie\/alex-panel-295-diagnostyka-molekularna-alergii\"><img loading=\"lazy\" decoding=\"async\" width=\"800\" height=\"200\" src=\"https:\/\/www.alab.pl\/centrum-wiedzy\/wp-content\/uploads\/2025\/03\/Panel-molekularny-alergii-ALEX-295-alergenow.png\" alt=\"Panel molekularny alergii ALEX - 295 alergen\u00f3w banerek\" class=\"wp-image-22169\" srcset=\"https:\/\/www.alab.pl\/centrum-wiedzy\/wp-content\/uploads\/2025\/03\/Panel-molekularny-alergii-ALEX-295-alergenow.png 800w, https:\/\/www.alab.pl\/centrum-wiedzy\/wp-content\/uploads\/2025\/03\/Panel-molekularny-alergii-ALEX-295-alergenow-768x192.png 768w, https:\/\/www.alab.pl\/centrum-wiedzy\/wp-content\/uploads\/2025\/03\/Panel-molekularny-alergii-ALEX-295-alergenow-150x38.png 150w, https:\/\/www.alab.pl\/centrum-wiedzy\/wp-content\/uploads\/2025\/03\/Panel-molekularny-alergii-ALEX-295-alergenow-300x75.png 300w, https:\/\/www.alab.pl\/centrum-wiedzy\/wp-content\/uploads\/2025\/03\/Panel-molekularny-alergii-ALEX-295-alergenow-696x174.png 696w\" sizes=\"auto, (max-width: 800px) 100vw, 800px\" \/><\/a><\/figure>\n\n\n\n<h2 class=\"wp-block-heading\" id=\"Uczulenie-na-twarzy:-czym-z\u0142agodzi\u0107?\">Uczulenie na twarzy: czym z\u0142agodzi\u0107?<\/h2>\n\n\n\n<p>Zaczerwieniona, sw\u0119dz\u0105ca, silnie przesuszona i szorstka sk\u00f3ra potrzebuje odpowiedniego wsparcia. Czym z\u0142agodzi\u0107 uczulenie na twarzy? Przede wszystkim <strong>warto zadba\u0107 o barier\u0119 hydrolipidow\u0105 sk\u00f3ry, stosuj\u0105c kosmetyki przeznaczone do piel\u0119gnacji sk\u00f3ry alergicznej i wra\u017cliwej<\/strong>. W swoim sk\u0142adzie zawieraj\u0105 m.in. ceramidy, mas\u0142o shea, panthenol, alantoin\u0119 czy gliceryn\u0119. Maj\u0105 one w\u0142a\u015bciwo\u015bci nawil\u017caj\u0105ce i koj\u0105ce, dzi\u0119ki czemu wspieraj\u0105 regeneracj\u0119 sk\u00f3ry.<\/p>\n\n\n\n<h3 class=\"wp-block-heading\" id=\"Jak-z\u0142agodzi\u0107-domowymi-sposobami-reakcj\u0119-alergiczn\u0105-na-twarzy?\">Jak z\u0142agodzi\u0107 domowymi sposobami reakcj\u0119 alergiczn\u0105 na twarzy?<\/h3>\n\n\n\n<p>Uczulenie na twarzy, w tym czerwone plamy, mo\u017cna z\u0142agodzi\u0107 stosuj\u0105c delikatne dermokosmetyki dost\u0119pne w aptekach bez recepty. Warto wybiera\u0107 te, kt\u00f3re zawieraj\u0105 w swoim sk\u0142adzie substancje dzia\u0142aj\u0105ce przeciw\u015bwi\u0105dowo i przeciwzapalnie (na przyk\u0142ad polidokanol, czy ektoina).<\/p>\n\n\n\n<p><strong>&gt;&gt; Sprawd\u017a: <\/strong><a href=\"https:\/\/www.alab.pl\/centrum-wiedzy\/bezpieczne-oraz-zakazane-kosmetyki-w-ciazy\/\"><strong>Bezpieczne oraz zakazane kosmetyki w ci\u0105\u017cy \u2013 co stosowa\u0107, a czego unika\u0107?<\/strong><\/a><strong><\/strong><\/p>\n\n\n\n<h2 class=\"wp-block-heading\" id=\"Uczulenie-na-twarzy:-odpowiedzi-na-najcz\u0119\u015bciej-zadawane-pytania-(FAQ)\">Uczulenie na twarzy: odpowiedzi na najcz\u0119\u015bciej zadawane pytania (FAQ)<\/h2>\n\n\n\n<p>Pokrzywka na twarzy jest nie tylko problemem natury estetycznej, ale r\u00f3wnie\u017c mo\u017ce \u015bwiadczy\u0107 o chorobie sk\u00f3ry. Poznaj odpowiedzi na najcz\u0119\u015bciej zadawane pytania.<\/p>\n\n\n\n<div class=\"schema-faq wp-block-yoast-faq-block\"><div class=\"schema-faq-section\" id=\"faq-question-1765288983466\"><strong class=\"schema-faq-question\"><strong>Co najbardziej uczula na twarzy?<\/strong><\/strong> <p class=\"schema-faq-answer\">Uczulenie na twarzy kaszka najcz\u0119\u015bciej pojawia si\u0119 w wyniku nieprawid\u0142owej piel\u0119gnacji. Niedok\u0142adnie zmywany makija\u017c, stosowanie zbyt silnych kosmetyk\u00f3w czy mocne tarcie sk\u00f3ry mo\u017ce prowadzi\u0107 do naruszenia bariery hydrolipidowej i zwi\u0119kszy\u0107 jej podatno\u015b\u0107 na czynniki alergizuj\u0105ce.<\/p> <\/div> <div class=\"schema-faq-section\" id=\"faq-question-1765289002974\"><strong class=\"schema-faq-question\"><strong>Po jakim czasie znika alergia z twarzy?<\/strong><\/strong> <p class=\"schema-faq-answer\">Czas trwania alergii na twarzy jest kwesti\u0105 indywidualn\u0105 i zale\u017cy od nasilenia objaw\u00f3w, czynnika wywo\u0142uj\u0105cego i osobistych predyspozycji. Zmiany na sk\u00f3rze mog\u0105 znikn\u0105\u0107 zar\u00f3wno po kilku godzinach, jak i kilku dniach. W niekt\u00f3rych przypadkach uczulenie na twarzy mo\u017ce utrzymywa\u0107 si\u0119 nawet kilka tygodni i wymaga\u0107 w\u0142\u0105czenia odpowiedniego leczenia.<\/p> <\/div> <div class=\"schema-faq-section\" id=\"faq-question-1765289022771\"><strong class=\"schema-faq-question\"><strong>Jak szybko pozby\u0107 si\u0119 uczulenia na twarzy?<\/strong><\/strong> <p class=\"schema-faq-answer\">Skutecznym sposobem jest wyeliminowanie czynnika, kt\u00f3ry wywo\u0142uje alergi\u0119 na twarzy. Pomocne mo\u017ce by\u0107 r\u00f3wnie\u017c stosowanie delikatnych, hipoalergicznych kosmetyk\u00f3w, a tak\u017ce wprowadzenie do piel\u0119gnacji sk\u0142adnik\u00f3w nawil\u017caj\u0105cych i koj\u0105cych. U niekt\u00f3rych pomocne b\u0119dzie stosowanie lek\u00f3w przeciwhistaminowych, jednak przed ich wprowadzeniem warto zasi\u0119gn\u0105\u0107 porady lekarskiej.<\/p> <\/div> <\/div>\n\n\n\n<h2 class=\"wp-block-heading\" id=\"Uczulenie-na-twarzy:-podsumowanie\">Uczulenie na twarzy: podsumowanie<\/h2>\n\n\n\n<ul class=\"wp-block-list\">\n<li>Uczulenie na twarzy mo\u017ce mie\u0107 r\u00f3\u017cne przyczyny.<\/li>\n\n\n\n<li>Nale\u017cy znale\u017a\u0107 czynnik wywo\u0142uj\u0105cy reakcje alergiczne i wyeliminowa\u0107 go.<\/li>\n\n\n\n<li>Najcz\u0119stszymi objawami uczulenia na twarzy s\u0105 zaczerwienienie, \u015bwi\u0105d i pieczenie.<\/li>\n\n\n\n<li>Silna reakcja alergiczna na twarzy, kt\u00f3rej towarzyszy obrz\u0119k, powinna by\u0107 pilnie skonsultowana z lekarzem.<\/li>\n<\/ul>\n\n\n\n<p><strong>Opieka merytoryczna: lek. Katarzyna Banaszczyk<\/strong><\/p>\n\n\n\n<hr class=\"wp-block-separator has-alpha-channel-opacity\"\/>\n\n\n\n<p><strong>Bibliografia<\/strong><\/p>\n\n\n\n<ol class=\"wp-block-list\">\n<li>Standardy w alergologii. Stanowiska panel\u00f3w eksperckich Polskiego Towarzystwa Alergologicznego, pod red. prof. Dr. Hab. J. Kruszewskiego, Termedia, Pozna\u0144 2019.<\/li>\n\n\n\n<li>Bulanda M. i inni, Narastaj\u0105cy problem alergii kontaktowej i alergicznego kontaktowego zapalenia sk\u00f3ry u dzieci i doros\u0142ych \u201ePrzegl\u0105d Lekarski\u201d 2018\/75\/05; 251-256.<\/li>\n\n\n\n<li>Narbutt J., Choroby alergiczne sk\u00f3ry w praktyce lekarza rodzinnego, Wydawnictwo Edra Urban &amp; Partner, Wroc\u0142aw 2021.<\/li>\n\n\n\n<li>Karczewska J. i inni, Alergia pokarmowa a atopowe zapalenie sk\u00f3ry. Aktualne pogl\u0105dy i opinie \u201eAlergia Astma Immunologia\u201d 2019, 24 (4): 156-163.<\/li>\n<\/ol>\n\n\n\n<p><\/p>\n","protected":false},"excerpt":{"rendered":"<p>Uczulenie na twarzy mo\u017ce mie\u0107 r\u00f3\u017cne przyczyny, dlatego bardzo wa\u017cne jest postawienie prawid\u0142owej diagnozy. Dowiedz si\u0119 wi\u0119cej. <\/p>\n","protected":false},"author":173,"featured_media":28394,"comment_status":"closed","ping_status":"closed","sticky":false,"template":"","format":"standard","meta":{"_acf_changed":false,"inline_featured_image":false,"footnotes":""},"categories":[4],"tags":[],"coauthors":[215],"class_list":{"0":"post-28392","1":"post","2":"type-post","3":"status-publish","4":"format-standard","5":"has-post-thumbnail","7":"category-alergia"},"acf":[],"yoast_head":"<!-- This site is optimized with the Yoast SEO plugin v27.4 - https:\/\/yoast.com\/product\/yoast-seo-wordpress\/ -->\n<title>Uczulenie na twarzy \u2013 jakie mog\u0105 przyczyny i jak sobie z nim radzi\u0107? - Centrum Wiedzy ALAB laboratoria<\/title>\n<meta name=\"description\" content=\"Uczulenie na twarzy mo\u017ce mie\u0107 r\u00f3\u017cne przyczyny, dlatego bardzo wa\u017cne jest postawienie prawid\u0142owej diagnozy. Dowiedz si\u0119 wi\u0119cej.\" \/>\n<meta name=\"robots\" content=\"index, follow, max-snippet:-1, max-image-preview:large, max-video-preview:-1\" \/>\n<link rel=\"canonical\" href=\"https:\/\/www.alab.pl\/centrum-wiedzy\/uczulenie-na-twarzy-jakie-moga-przyczyny-i-jak-sobie-z-nim-radzic\/\" \/>\n<meta property=\"og:locale\" content=\"pl_PL\" \/>\n<meta property=\"og:type\" content=\"article\" \/>\n<meta property=\"og:title\" content=\"Uczulenie na twarzy \u2013 jakie mog\u0105 przyczyny i jak sobie z nim radzi\u0107? - Centrum Wiedzy ALAB laboratoria\" \/>\n<meta property=\"og:description\" content=\"Uczulenie na twarzy mo\u017ce mie\u0107 r\u00f3\u017cne przyczyny, dlatego bardzo wa\u017cne jest postawienie prawid\u0142owej diagnozy. Dowiedz si\u0119 wi\u0119cej.\" \/>\n<meta property=\"og:url\" content=\"https:\/\/www.alab.pl\/centrum-wiedzy\/uczulenie-na-twarzy-jakie-moga-przyczyny-i-jak-sobie-z-nim-radzic\/\" \/>\n<meta property=\"og:site_name\" content=\"Centrum Wiedzy ALAB laboratoria\" \/>\n<meta property=\"article:publisher\" content=\"https:\/\/www.facebook.com\/ALABlaboratoria\" \/>\n<meta property=\"article:published_time\" content=\"2025-12-09T14:08:06+00:00\" \/>\n<meta property=\"article:modified_time\" content=\"2025-12-09T14:08:09+00:00\" \/>\n<meta property=\"og:image\" content=\"https:\/\/www.alab.pl\/centrum-wiedzy\/wp-content\/uploads\/2025\/12\/uczulenie_na_twarzy-.jpg\" \/>\n\t<meta property=\"og:image:width\" content=\"2150\" \/>\n\t<meta property=\"og:image:height\" content=\"1433\" \/>\n\t<meta property=\"og:image:type\" content=\"image\/jpeg\" \/>\n<meta name=\"author\" content=\"Sylwia Brodniewska\" \/>\n<meta name=\"twitter:card\" content=\"summary_large_image\" \/>\n<meta name=\"twitter:label1\" content=\"Napisane przez\" \/>\n\t<meta name=\"twitter:data1\" content=\"Sylwia Brodniewska\" \/>\n\t<meta name=\"twitter:label2\" content=\"Szacowany czas czytania\" \/>\n\t<meta name=\"twitter:data2\" content=\"6 minut\" \/>\n\t<meta name=\"twitter:label3\" content=\"Written by\" \/>\n\t<meta name=\"twitter:data3\" content=\"Sylwia Brodniewska\" \/>\n<!-- \/ Yoast SEO plugin. -->","yoast_head_json":{"title":"Uczulenie na twarzy \u2013 jakie mog\u0105 przyczyny i jak sobie z nim radzi\u0107? - Centrum Wiedzy ALAB laboratoria","description":"Uczulenie na twarzy mo\u017ce mie\u0107 r\u00f3\u017cne przyczyny, dlatego bardzo wa\u017cne jest postawienie prawid\u0142owej diagnozy. Dowiedz si\u0119 wi\u0119cej.","robots":{"index":"index","follow":"follow","max-snippet":"max-snippet:-1","max-image-preview":"max-image-preview:large","max-video-preview":"max-video-preview:-1"},"canonical":"https:\/\/www.alab.pl\/centrum-wiedzy\/uczulenie-na-twarzy-jakie-moga-przyczyny-i-jak-sobie-z-nim-radzic\/","og_locale":"pl_PL","og_type":"article","og_title":"Uczulenie na twarzy \u2013 jakie mog\u0105 przyczyny i jak sobie z nim radzi\u0107? - Centrum Wiedzy ALAB laboratoria","og_description":"Uczulenie na twarzy mo\u017ce mie\u0107 r\u00f3\u017cne przyczyny, dlatego bardzo wa\u017cne jest postawienie prawid\u0142owej diagnozy. Dowiedz si\u0119 wi\u0119cej.","og_url":"https:\/\/www.alab.pl\/centrum-wiedzy\/uczulenie-na-twarzy-jakie-moga-przyczyny-i-jak-sobie-z-nim-radzic\/","og_site_name":"Centrum Wiedzy ALAB laboratoria","article_publisher":"https:\/\/www.facebook.com\/ALABlaboratoria","article_published_time":"2025-12-09T14:08:06+00:00","article_modified_time":"2025-12-09T14:08:09+00:00","og_image":[{"width":2150,"height":1433,"url":"https:\/\/www.alab.pl\/centrum-wiedzy\/wp-content\/uploads\/2025\/12\/uczulenie_na_twarzy-.jpg","type":"image\/jpeg"}],"author":"Sylwia Brodniewska","twitter_card":"summary_large_image","twitter_misc":{"Napisane przez":"Sylwia Brodniewska","Szacowany czas czytania":"6 minut","Written by":"Sylwia Brodniewska"},"schema":{"@context":"https:\/\/schema.org","@graph":[{"@type":"Article","@id":"https:\/\/www.alab.pl\/centrum-wiedzy\/uczulenie-na-twarzy-jakie-moga-przyczyny-i-jak-sobie-z-nim-radzic\/#article","isPartOf":{"@id":"https:\/\/www.alab.pl\/centrum-wiedzy\/uczulenie-na-twarzy-jakie-moga-przyczyny-i-jak-sobie-z-nim-radzic\/"},"author":{"name":"Sylwia Brodniewska","@id":"https:\/\/www.alab.pl\/centrum-wiedzy\/#\/schema\/person\/995af3d4809324c2d7dc28904c928aba"},"headline":"Uczulenie na twarzy \u2013 jakie mog\u0105 przyczyny i jak sobie z nim radzi\u0107?","datePublished":"2025-12-09T14:08:06+00:00","dateModified":"2025-12-09T14:08:09+00:00","mainEntityOfPage":{"@id":"https:\/\/www.alab.pl\/centrum-wiedzy\/uczulenie-na-twarzy-jakie-moga-przyczyny-i-jak-sobie-z-nim-radzic\/"},"wordCount":1143,"publisher":{"@id":"https:\/\/www.alab.pl\/centrum-wiedzy\/#organization"},"image":{"@id":"https:\/\/www.alab.pl\/centrum-wiedzy\/uczulenie-na-twarzy-jakie-moga-przyczyny-i-jak-sobie-z-nim-radzic\/#primaryimage"},"thumbnailUrl":"https:\/\/www.alab.pl\/centrum-wiedzy\/wp-content\/uploads\/2025\/12\/uczulenie_na_twarzy-.jpg","articleSection":["Alergia"],"inLanguage":"pl-PL"},{"@type":["WebPage","FAQPage"],"@id":"https:\/\/www.alab.pl\/centrum-wiedzy\/uczulenie-na-twarzy-jakie-moga-przyczyny-i-jak-sobie-z-nim-radzic\/","url":"https:\/\/www.alab.pl\/centrum-wiedzy\/uczulenie-na-twarzy-jakie-moga-przyczyny-i-jak-sobie-z-nim-radzic\/","name":"Uczulenie na twarzy \u2013 jakie mog\u0105 przyczyny i jak sobie z nim radzi\u0107? - Centrum Wiedzy ALAB laboratoria","isPartOf":{"@id":"https:\/\/www.alab.pl\/centrum-wiedzy\/#website"},"primaryImageOfPage":{"@id":"https:\/\/www.alab.pl\/centrum-wiedzy\/uczulenie-na-twarzy-jakie-moga-przyczyny-i-jak-sobie-z-nim-radzic\/#primaryimage"},"image":{"@id":"https:\/\/www.alab.pl\/centrum-wiedzy\/uczulenie-na-twarzy-jakie-moga-przyczyny-i-jak-sobie-z-nim-radzic\/#primaryimage"},"thumbnailUrl":"https:\/\/www.alab.pl\/centrum-wiedzy\/wp-content\/uploads\/2025\/12\/uczulenie_na_twarzy-.jpg","datePublished":"2025-12-09T14:08:06+00:00","dateModified":"2025-12-09T14:08:09+00:00","description":"Uczulenie na twarzy mo\u017ce mie\u0107 r\u00f3\u017cne przyczyny, dlatego bardzo wa\u017cne jest postawienie prawid\u0142owej diagnozy. Dowiedz si\u0119 wi\u0119cej.","breadcrumb":{"@id":"https:\/\/www.alab.pl\/centrum-wiedzy\/uczulenie-na-twarzy-jakie-moga-przyczyny-i-jak-sobie-z-nim-radzic\/#breadcrumb"},"mainEntity":[{"@id":"https:\/\/www.alab.pl\/centrum-wiedzy\/uczulenie-na-twarzy-jakie-moga-przyczyny-i-jak-sobie-z-nim-radzic\/#faq-question-1765288983466"},{"@id":"https:\/\/www.alab.pl\/centrum-wiedzy\/uczulenie-na-twarzy-jakie-moga-przyczyny-i-jak-sobie-z-nim-radzic\/#faq-question-1765289002974"},{"@id":"https:\/\/www.alab.pl\/centrum-wiedzy\/uczulenie-na-twarzy-jakie-moga-przyczyny-i-jak-sobie-z-nim-radzic\/#faq-question-1765289022771"}],"inLanguage":"pl-PL","potentialAction":[{"@type":"ReadAction","target":["https:\/\/www.alab.pl\/centrum-wiedzy\/uczulenie-na-twarzy-jakie-moga-przyczyny-i-jak-sobie-z-nim-radzic\/"]}]},{"@type":"ImageObject","inLanguage":"pl-PL","@id":"https:\/\/www.alab.pl\/centrum-wiedzy\/uczulenie-na-twarzy-jakie-moga-przyczyny-i-jak-sobie-z-nim-radzic\/#primaryimage","url":"https:\/\/www.alab.pl\/centrum-wiedzy\/wp-content\/uploads\/2025\/12\/uczulenie_na_twarzy-.jpg","contentUrl":"https:\/\/www.alab.pl\/centrum-wiedzy\/wp-content\/uploads\/2025\/12\/uczulenie_na_twarzy-.jpg","width":2150,"height":1433,"caption":"uczulenie na twarzy"},{"@type":"BreadcrumbList","@id":"https:\/\/www.alab.pl\/centrum-wiedzy\/uczulenie-na-twarzy-jakie-moga-przyczyny-i-jak-sobie-z-nim-radzic\/#breadcrumb","itemListElement":[{"@type":"ListItem","position":1,"name":"Strona g\u0142\u00f3wna","item":"https:\/\/www.alab.pl\/centrum-wiedzy\/"},{"@type":"ListItem","position":2,"name":"Uczulenie na twarzy \u2013 jakie mog\u0105 przyczyny i jak sobie z nim radzi\u0107?"}]},{"@type":"WebSite","@id":"https:\/\/www.alab.pl\/centrum-wiedzy\/#website","url":"https:\/\/www.alab.pl\/centrum-wiedzy\/","name":"Centrum Wiedzy ALAB laboratoria","description":"","publisher":{"@id":"https:\/\/www.alab.pl\/centrum-wiedzy\/#organization"},"potentialAction":[{"@type":"SearchAction","target":{"@type":"EntryPoint","urlTemplate":"https:\/\/www.alab.pl\/centrum-wiedzy\/?s={search_term_string}"},"query-input":{"@type":"PropertyValueSpecification","valueRequired":true,"valueName":"search_term_string"}}],"inLanguage":"pl-PL"},{"@type":"Organization","@id":"https:\/\/www.alab.pl\/centrum-wiedzy\/#organization","name":"Centrum Wiedzy ALAB laboratoria","url":"https:\/\/www.alab.pl\/centrum-wiedzy\/","logo":{"@type":"ImageObject","inLanguage":"pl-PL","@id":"https:\/\/www.alab.pl\/centrum-wiedzy\/#\/schema\/logo\/image\/","url":"https:\/\/www.alab.pl\/centrum-wiedzy\/wp-content\/uploads\/2022\/04\/alabek.jpg","contentUrl":"https:\/\/www.alab.pl\/centrum-wiedzy\/wp-content\/uploads\/2022\/04\/alabek.jpg","width":1250,"height":1251,"caption":"Centrum Wiedzy ALAB laboratoria"},"image":{"@id":"https:\/\/www.alab.pl\/centrum-wiedzy\/#\/schema\/logo\/image\/"},"sameAs":["https:\/\/www.facebook.com\/ALABlaboratoria"]},{"@type":"Person","@id":"https:\/\/www.alab.pl\/centrum-wiedzy\/#\/schema\/person\/995af3d4809324c2d7dc28904c928aba","name":"Sylwia Brodniewska","image":{"@type":"ImageObject","inLanguage":"pl-PL","@id":"https:\/\/www.alab.pl\/centrum-wiedzy\/wp-content\/uploads\/2024\/12\/Sylwia-Brodniewska-150x150.jpg24c9a81a17b8e789859a5423499b7dad","url":"https:\/\/www.alab.pl\/centrum-wiedzy\/wp-content\/uploads\/2024\/12\/Sylwia-Brodniewska-150x150.jpg","contentUrl":"https:\/\/www.alab.pl\/centrum-wiedzy\/wp-content\/uploads\/2024\/12\/Sylwia-Brodniewska-150x150.jpg","caption":"Sylwia Brodniewska"},"description":"Kosmetolog i psychodietetyk, stale rozwijaj\u0105ca swoj\u0105 wiedz\u0119 z zakresu wp\u0142ywu suplementacji diety na stan sk\u00f3ry oraz psychologicznych aspekt\u00f3w leczenia oty\u0142o\u015bci. Obecnie w trakcie pog\u0142\u0119biania zagadnie\u0144 z zakresu trudno\u015bci w od\u017cywianiu u os\u00f3b z ADHD. Autorka wielu publikacji z dziedziny kosmetologii, dietetyki i zdrowego trybu \u017cycia.","url":"https:\/\/www.alab.pl\/centrum-wiedzy\/author\/sylwia-brodniewska\/"},{"@type":"Question","@id":"https:\/\/www.alab.pl\/centrum-wiedzy\/uczulenie-na-twarzy-jakie-moga-przyczyny-i-jak-sobie-z-nim-radzic\/#faq-question-1765288983466","position":1,"url":"https:\/\/www.alab.pl\/centrum-wiedzy\/uczulenie-na-twarzy-jakie-moga-przyczyny-i-jak-sobie-z-nim-radzic\/#faq-question-1765288983466","name":"Co najbardziej uczula na twarzy?","answerCount":1,"acceptedAnswer":{"@type":"Answer","text":"Uczulenie na twarzy kaszka najcz\u0119\u015bciej pojawia si\u0119 w wyniku nieprawid\u0142owej piel\u0119gnacji. Niedok\u0142adnie zmywany makija\u017c, stosowanie zbyt silnych kosmetyk\u00f3w czy mocne tarcie sk\u00f3ry mo\u017ce prowadzi\u0107 do naruszenia bariery hydrolipidowej i zwi\u0119kszy\u0107 jej podatno\u015b\u0107 na czynniki alergizuj\u0105ce.","inLanguage":"pl-PL"},"inLanguage":"pl-PL"},{"@type":"Question","@id":"https:\/\/www.alab.pl\/centrum-wiedzy\/uczulenie-na-twarzy-jakie-moga-przyczyny-i-jak-sobie-z-nim-radzic\/#faq-question-1765289002974","position":2,"url":"https:\/\/www.alab.pl\/centrum-wiedzy\/uczulenie-na-twarzy-jakie-moga-przyczyny-i-jak-sobie-z-nim-radzic\/#faq-question-1765289002974","name":"Po jakim czasie znika alergia z twarzy?","answerCount":1,"acceptedAnswer":{"@type":"Answer","text":"Czas trwania alergii na twarzy jest kwesti\u0105 indywidualn\u0105 i zale\u017cy od nasilenia objaw\u00f3w, czynnika wywo\u0142uj\u0105cego i osobistych predyspozycji. Zmiany na sk\u00f3rze mog\u0105 znikn\u0105\u0107 zar\u00f3wno po kilku godzinach, jak i kilku dniach. W niekt\u00f3rych przypadkach uczulenie na twarzy mo\u017ce utrzymywa\u0107 si\u0119 nawet kilka tygodni i wymaga\u0107 w\u0142\u0105czenia odpowiedniego leczenia.","inLanguage":"pl-PL"},"inLanguage":"pl-PL"},{"@type":"Question","@id":"https:\/\/www.alab.pl\/centrum-wiedzy\/uczulenie-na-twarzy-jakie-moga-przyczyny-i-jak-sobie-z-nim-radzic\/#faq-question-1765289022771","position":3,"url":"https:\/\/www.alab.pl\/centrum-wiedzy\/uczulenie-na-twarzy-jakie-moga-przyczyny-i-jak-sobie-z-nim-radzic\/#faq-question-1765289022771","name":"Jak szybko pozby\u0107 si\u0119 uczulenia na twarzy?","answerCount":1,"acceptedAnswer":{"@type":"Answer","text":"Skutecznym sposobem jest wyeliminowanie czynnika, kt\u00f3ry wywo\u0142uje alergi\u0119 na twarzy. Pomocne mo\u017ce by\u0107 r\u00f3wnie\u017c stosowanie delikatnych, hipoalergicznych kosmetyk\u00f3w, a tak\u017ce wprowadzenie do piel\u0119gnacji sk\u0142adnik\u00f3w nawil\u017caj\u0105cych i koj\u0105cych. U niekt\u00f3rych pomocne b\u0119dzie stosowanie lek\u00f3w przeciwhistaminowych, jednak przed ich wprowadzeniem warto zasi\u0119gn\u0105\u0107 porady lekarskiej.","inLanguage":"pl-PL"},"inLanguage":"pl-PL"}]}},"_links":{"self":[{"href":"https:\/\/www.alab.pl\/centrum-wiedzy\/wp-json\/wp\/v2\/posts\/28392","targetHints":{"allow":["GET"]}}],"collection":[{"href":"https:\/\/www.alab.pl\/centrum-wiedzy\/wp-json\/wp\/v2\/posts"}],"about":[{"href":"https:\/\/www.alab.pl\/centrum-wiedzy\/wp-json\/wp\/v2\/types\/post"}],"author":[{"embeddable":true,"href":"https:\/\/www.alab.pl\/centrum-wiedzy\/wp-json\/wp\/v2\/users\/173"}],"replies":[{"embeddable":true,"href":"https:\/\/www.alab.pl\/centrum-wiedzy\/wp-json\/wp\/v2\/comments?post=28392"}],"version-history":[{"count":2,"href":"https:\/\/www.alab.pl\/centrum-wiedzy\/wp-json\/wp\/v2\/posts\/28392\/revisions"}],"predecessor-version":[{"id":28396,"href":"https:\/\/www.alab.pl\/centrum-wiedzy\/wp-json\/wp\/v2\/posts\/28392\/revisions\/28396"}],"wp:featuredmedia":[{"embeddable":true,"href":"https:\/\/www.alab.pl\/centrum-wiedzy\/wp-json\/wp\/v2\/media\/28394"}],"wp:attachment":[{"href":"https:\/\/www.alab.pl\/centrum-wiedzy\/wp-json\/wp\/v2\/media?parent=28392"}],"wp:term":[{"taxonomy":"category","embeddable":true,"href":"https:\/\/www.alab.pl\/centrum-wiedzy\/wp-json\/wp\/v2\/categories?post=28392"},{"taxonomy":"post_tag","embeddable":true,"href":"https:\/\/www.alab.pl\/centrum-wiedzy\/wp-json\/wp\/v2\/tags?post=28392"},{"taxonomy":"author","embeddable":true,"href":"https:\/\/www.alab.pl\/centrum-wiedzy\/wp-json\/wp\/v2\/coauthors?post=28392"}],"curies":[{"name":"wp","href":"https:\/\/api.w.org\/{rel}","templated":true}]}}