{"id":28847,"date":"2026-01-05T14:44:51","date_gmt":"2026-01-05T13:44:51","guid":{"rendered":"https:\/\/www.alab.pl\/centrum-wiedzy\/?p=28847"},"modified":"2026-01-20T12:49:36","modified_gmt":"2026-01-20T11:49:36","slug":"uczulenie-na-pomidory-jak-sie-objawia-alergia-i-jak-ja-rozpoznac-diagnostyka-i-leczenie","status":"publish","type":"post","link":"https:\/\/www.alab.pl\/centrum-wiedzy\/uczulenie-na-pomidory-jak-sie-objawia-alergia-i-jak-ja-rozpoznac-diagnostyka-i-leczenie\/","title":{"rendered":"Uczulenie na pomidory \u2013 jak si\u0119 objawia alergia i jak j\u0105 rozpozna\u0107? Diagnostyka i leczenie"},"content":{"rendered":"\n<p><strong>Pomidor to warzywo, kt\u00f3re niejednokrotnie pojawia si\u0119 na polskich sto\u0142ach w r\u00f3\u017cnych formach. Jest cenione nie tylko za smak, ale tak\u017ce za cenne sk\u0142adniki, kt\u00f3rych dostarcza (m.in. likopen o w\u0142a\u015bciwo\u015bciach antyoksydacyjnych). Jednak pomimo tego nie ka\u017cdy powinien je\u015b\u0107 pomidory. U niekt\u00f3rych os\u00f3b mo\u017ce pojawi\u0107 si\u0119 uczulenie na pomidory. Jakie daje objawy i jak si\u0119 je leczy?<\/strong><\/p>\n\n\n\n<figure class=\"wp-block-table\"><table class=\"has-fixed-layout\"><tbody><tr><td><strong>Z tego artyku\u0142u dowiesz si\u0119:<\/strong> <br>&gt;&gt; czym jest alergia na pomidory,<br>&gt;&gt; co uczula w pomidorach,<br>&gt;&gt; jakie objawy daje uczulenie na pomidory,<br>&gt;&gt; jak przebiegaj\u0105 diagnostyka i leczenie alergii na pomidory.<\/td><\/tr><\/tbody><\/table><\/figure>\n\n\n\n<p><strong>Spis tre\u015bci:<\/strong><\/p>\n\n\n\n<ol class=\"wp-block-list\">\n<li><a href=\"#Czy-mo\u017cna-mie\u0107-uczulenie-na-pomidory?\">Czy mo\u017cna mie\u0107 uczulenie na pomidory?<\/a><\/li>\n\n\n\n<li><a href=\"#Jak-wygl\u0105da-uczulenie-na-pomidory?-Objawy-sk\u00f3rne-i-og\u00f3lnoustrojowe\">Jak wygl\u0105da uczulenie na pomidory? Objawy sk\u00f3rne i og\u00f3lnoustrojowe<\/a>\n<ul class=\"wp-block-list\">\n<li><a href=\"#Objawy-na-twarzy\">Objawy na twarzy<\/a><\/li>\n\n\n\n<li><a href=\"#Wysypka-i-zmiany-sk\u00f3rne\">Wysypka i zmiany sk\u00f3rne<\/a><\/li>\n<\/ul>\n<\/li>\n\n\n\n<li><a href=\"#Diagnostyka-alergii-na-pomidory\">Diagnostyka alergii na pomidory<\/a><\/li>\n\n\n\n<li><a href=\"#Alergia-na-pomidory-u-dzieci-i-niemowl\u0105t\">Alergia na pomidory u dzieci i niemowl\u0105t<\/a>\n<ul class=\"wp-block-list\">\n<li><a href=\"#Objawy-u-najm\u0142odszych-\u2013-jak-rozpozna\u0107-niepokoj\u0105ce-sygna\u0142y?\">Objawy u najm\u0142odszych \u2013 jak rozpozna\u0107 niepokoj\u0105ce sygna\u0142y?<\/a><\/li>\n<\/ul>\n<\/li>\n\n\n\n<li><a href=\"#Uczulenie-na-pomidory-\u2013-jak-leczy\u0107-i-\u0142agodzi\u0107-objawy?\">Uczulenie na pomidory \u2013 jak leczy\u0107 i \u0142agodzi\u0107 objawy?<\/a><\/li>\n\n\n\n<li><a href=\"#Alergia-na-pomidory:-odpowiedzi-na-najcz\u0119stsze-pytania-(FAQ)\">Alergia na pomidory: odpowiedzi na najcz\u0119stsze pytania (FAQ)<\/a><\/li>\n<\/ol>\n\n\n\n<h2 class=\"wp-block-heading\" id=\"Czy-mo\u017cna-mie\u0107-uczulenie-na-pomidory?\"><a><\/a>Czy mo\u017cna mie\u0107 uczulenie na pomidory?<\/h2>\n\n\n\n<p>Alergia pokarmowa to nieprawid\u0142owa i niewsp\u00f3\u0142mierna do bod\u017aca reakcja uk\u0142adu immunologicznego na alergen, w tym przypadku alergen pokarmowy. <strong>Najcz\u0119\u015bciej uczulaj\u0105ce alergeny to: jajka, mleko krowie, orzechy, ryby, orzeszki arachidowe, pszenica, skorupiaki i soja. Jednak warto mie\u0107 na uwadze, \u017ce alergia pokarmowa mo\u017ce dotyczy\u0107 te\u017c innych produkt\u00f3w<\/strong> \u2013 nawet tych uznawanych za bardzo zdrowe i zalecane przez dietetyk\u00f3w, takich jak np. warzywa.<\/p>\n\n\n\n<p>Jednym z popularniejszych warzyw w polskiej kuchni jest pomidor. Tu pojawia si\u0119 pytanie, czy uczulenie na te warzywa jest mo\u017cliwe i co uczula w pomidorach? <strong>Tak, alergia na pomidory jest mo\u017cliwa i wyr\u00f3\u017cnia si\u0119 trzy g\u0142\u00f3wne bia\u0142ka, kt\u00f3re mog\u0105 wywo\u0142ywa\u0107 reakcje alergiczne to:<\/strong><\/p>\n\n\n\n<ul class=\"wp-block-list\">\n<li>Sola I 1 \u2013 zlokalizowana przede wszystkim w mi\u0105\u017cszu i uznawana za najsilniej uczulaj\u0105cy sk\u0142adnik tego warzywa.<\/li>\n\n\n\n<li>Sola I \u2013 beta \u2013 fruktofuranozydaza pomidorowa, kt\u00f3ra r\u00f3wnie\u017c wykazuje w\u0142a\u015bciwo\u015bci uczulaj\u0105ce.<\/li>\n\n\n\n<li>Sola I 3 \u2013&nbsp; obecna w mi\u0105\u017cszu, sk\u00f3rce oraz pestkach i stanowi\u0105ca bardzo rzadk\u0105, ale mo\u017cliw\u0105 przyczyn\u0119 ci\u0119\u017ckich, uog\u00f3lnionych reakcji alergicznych.<\/li>\n<\/ul>\n\n\n\n<p>Ponadto pomidory zawieraj\u0105 aminy biogenne (m.in. tryptamin\u0119), kt\u00f3re nie s\u0105 alergenami, ale mog\u0105 wyzwala\u0107 podobne objawy.<\/p>\n\n\n\n<p><strong>&gt;&gt; Warto przeczyta\u0107: <a href=\"https:\/\/www.alab.pl\/centrum-wiedzy\/alergia-pokarmowa\/\">Alergia pokarmowa \u2013 z czym si\u0119 wi\u0105\u017ce?<\/a><\/strong><\/p>\n\n\n\n<h2 class=\"wp-block-heading\" id=\"Jak-wygl\u0105da-uczulenie-na-pomidory?-Objawy-sk\u00f3rne-i-og\u00f3lnoustrojowe\"><a><\/a>Jak wygl\u0105da uczulenie na pomidory? Objawy sk\u00f3rne i og\u00f3lnoustrojowe<\/h2>\n\n\n\n<p>Objawy alergii na pomidory maj\u0105 przede wszystkim posta\u0107 reakcji sk\u00f3rnej. Rzadziej pojawiaj\u0105 si\u0119 tak\u017ce objawy og\u00f3lnoustrojowe.<\/p>\n\n\n\n<h3 class=\"wp-block-heading\" id=\"Objawy-na-twarzy\"><a><\/a>Objawy na twarzy<\/h3>\n\n\n\n<p>U os\u00f3b uczulonych objawy alergii mog\u0105 pojawi\u0107 si\u0119 na twarzy. Obejmuj\u0105 one m.in. <strong>uczucie pieczenia i szczypania w miejscu kontaktu z warzywem, \u0142zawienie i pieczenie oczu, a tak\u017ce uczucie goryczy w ustach.<\/strong> W niekt\u00f3rych przypadkach towarzysz\u0105 im r\u00f3wnie\u017c objawy, takie jak: <a href=\"https:\/\/www.alab.pl\/centrum-wiedzy\/alergiczny-niezyt-nosa-najczesciej-diagnozowana-choroba-alergiczna-w-polsce\/\">alergiczny nie\u017cyt nosa<\/a>, <a href=\"https:\/\/www.alab.pl\/centrum-wiedzy\/kaszel-alergiczny-objawy-jak-odroznic-kaszel-alergiczny-od-przeziebienia\/\">kaszel<\/a> czy uczucie \u015bciskania wywo\u0142ane obrz\u0119kiem krtani.&nbsp;<\/p>\n\n\n\n<h3 class=\"wp-block-heading\" id=\"Wysypka-i-zmiany-sk\u00f3rne\"><a><\/a>Wysypka i zmiany sk\u00f3rne<\/h3>\n\n\n\n<p>Jak wygl\u0105da uczulenie na pomidory? Jego objawy widoczne s\u0105 nie tylko na twarzy. <strong>U alergik\u00f3w cz\u0119sto pojawia si\u0119 te\u017c pokrzywka, manifestuj\u0105ca si\u0119 licznymi b\u0105blami pokrzywkowymi. <\/strong>&nbsp;Opr\u00f3cz tego w miejscu kontaktu z pomidorem mog\u0105 pojawi\u0107 si\u0119 \u015bwi\u0105d&nbsp; i pieczenie sk\u00f3ry.<\/p>\n\n\n\n<p><strong>&gt;&gt; Przeczytaj tak\u017ce: <a href=\"https:\/\/www.alab.pl\/centrum-wiedzy\/pokrzywka-alergiczna-objawy-przyczyny-leczenie\/\">Pokrzywka alergiczna: objawy, przyczyny, leczenie<\/a><\/strong><\/p>\n\n\n\n<h2 class=\"wp-block-heading\" id=\"Diagnostyka-alergii-na-pomidory\"><a><\/a>Diagnostyka alergii na pomidory<\/h2>\n\n\n\n<p>Diagnostyka alergii na pomidory zaczyna si\u0119 od szczeg\u00f3\u0142owego wywiadu lekarskiego. Lekarz ustala objawy, a tak\u017ce czynniki, kt\u00f3re mog\u0142y je wywo\u0142a\u0107.<\/p>\n\n\n\n<p><strong>Je\u015bli istnieje podejrzenie alergii pokarmowej, pacjent kierowany jest na <\/strong><a href=\"https:\/\/www.alab.pl\/badanie\/immunoglobulina-ig-e-calk-w-surowicy-l89\"><strong>oznaczenie poziomu swoistych przeciwcia\u0142 IgE w surowicy<\/strong><\/a><strong> i\/lub testy sk\u00f3rne.<\/strong> Badanie z krwi jest szczeg\u00f3lnie przydatne, gdy wykonanie test\u00f3w sk\u00f3rnych jest trudne np. u os\u00f3b z uog\u00f3lnionym zapaleniem sk\u00f3ry czy niemowl\u0105t.<\/p>\n\n\n\n<figure class=\"wp-block-image size-full\"><a href=\"https:\/\/www.alab.pl\/badanie\/pomidor-f25-ige-swoiste-l91\" target=\"_blank\" rel=\" noreferrer noopener\"><img loading=\"lazy\" decoding=\"async\" width=\"800\" height=\"200\" src=\"https:\/\/www.alab.pl\/centrum-wiedzy\/wp-content\/uploads\/2025\/12\/Badanie-pomidor-\u2013-IgE-swoiste.jpg\" alt=\"Badanie pomidor \u2013 IgE swoiste banerek\" class=\"wp-image-28189\" srcset=\"https:\/\/www.alab.pl\/centrum-wiedzy\/wp-content\/uploads\/2025\/12\/Badanie-pomidor-\u2013-IgE-swoiste.jpg 800w, https:\/\/www.alab.pl\/centrum-wiedzy\/wp-content\/uploads\/2025\/12\/Badanie-pomidor-\u2013-IgE-swoiste-768x192.jpg 768w, https:\/\/www.alab.pl\/centrum-wiedzy\/wp-content\/uploads\/2025\/12\/Badanie-pomidor-\u2013-IgE-swoiste-150x38.jpg 150w, https:\/\/www.alab.pl\/centrum-wiedzy\/wp-content\/uploads\/2025\/12\/Badanie-pomidor-\u2013-IgE-swoiste-300x75.jpg 300w, https:\/\/www.alab.pl\/centrum-wiedzy\/wp-content\/uploads\/2025\/12\/Badanie-pomidor-\u2013-IgE-swoiste-696x174.jpg 696w\" sizes=\"auto, (max-width: 800px) 100vw, 800px\" \/><\/a><\/figure>\n\n\n\n<p>Stosowanie test\u00f3w IgG i podklas IgG w diagnostyce alergii pokarmowej jest odradzane. Ich wyniki nie powinny stanowi\u0107 podstawy do wyeliminowania pomidor\u00f3w z jad\u0142ospisu.<\/p>\n\n\n\n<p><strong>&gt;&gt; Sprawd\u017a r\u00f3wnie\u017c artyku\u0142: <a href=\"https:\/\/www.alab.pl\/centrum-wiedzy\/nowe-wytyczne-dotyczace-diagnostyki-alergii-pokarmowej-co-to-oznacza-dla-pacjenta\/\">Nowe wytyczne dotycz\u0105ce diagnostyki alergii pokarmowej \u2013 co to oznacza dla pacjenta?<\/a><\/strong><\/p>\n\n\n\n<h2 class=\"wp-block-heading\" id=\"Alergia-na-pomidory-u-dzieci-i-niemowl\u0105t\"><a><\/a>Alergia na pomidory u dzieci i niemowl\u0105t<\/h2>\n\n\n\n<p>Alergia na pomidory wyst\u0119puje nie tylko u os\u00f3b doros\u0142ych, ale i dzieci \u2013 w tej grupie wiekowej jest nawet cz\u0119stsza. Jak objawia si\u0119 uczulenie na pomidory u dziecka?<\/p>\n\n\n\n<h3 class=\"wp-block-heading\" id=\"Objawy-u-najm\u0142odszych-\u2013-jak-rozpozna\u0107-niepokoj\u0105ce-sygna\u0142y?\"><a><\/a>Objawy u najm\u0142odszych \u2013 jak rozpozna\u0107 niepokoj\u0105ce sygna\u0142y?<\/h3>\n\n\n\n<p>U dzieci typowe objawy alergii pokarmowej obejmuj\u0105:<\/p>\n\n\n\n<ul class=\"wp-block-list\">\n<li>mrowienie i sw\u0119dzenie w ustach,<\/li>\n\n\n\n<li>obrz\u0119k powiek, ust, j\u0119zyka lub gard\u0142a,<\/li>\n\n\n\n<li>trudno\u015bci w po\u0142ykaniu.<\/li>\n<\/ul>\n\n\n\n<p>Mog\u0105 pojawi\u0107 si\u0119 te\u017c \u015bwiszcz\u0105cy oddech, trudno\u015bci w oddychaniu, wydzielina z nosa czy napady kichania. Alergia na pomidory u dziecka objawia si\u0119 r\u00f3wnie\u017c dolegliwo\u015bciami ze strony przewodu pokarmowego, takimi jak m.in. wymioty, ulewanie i kolki u niemowl\u0105t, zaparcia i b\u00f3le brzucha.<\/p>\n\n\n\n<p><strong>Uczulenie na pomidory mo\u017ce ujawnia\u0107 si\u0119 r\u00f3wnie\u017c na sk\u00f3rze dziecka. <\/strong>Po spo\u017cyciu warzywa mog\u0105 pojawia\u0107 si\u0119 zmiany rumieniowe, grudki lub b\u0105ble pokrzywkowe, a tak\u017ce niewielkie nad\u017cerki. Sk\u00f3ra staje si\u0119 sucha, podra\u017cniona i mo\u017ce piec lub sw\u0119dzie\u0107. U najm\u0142odszych dzieci objawy te s\u0105 szczeg\u00f3lnie cz\u0119ste i mog\u0105 prowadzi\u0107 do zaostrzenia w przebiegu atopowego zapalenia sk\u00f3ry (AZS).<\/p>\n\n\n\n<figure class=\"wp-block-image size-full\"><a href=\"https:\/\/www.alab.pl\/badanie\/alex-panel-295-diagnostyka-molekularna-alergii\" target=\"_blank\" rel=\" noreferrer noopener\"><img loading=\"lazy\" decoding=\"async\" width=\"800\" height=\"200\" src=\"https:\/\/www.alab.pl\/centrum-wiedzy\/wp-content\/uploads\/2025\/03\/Panel-molekularny-alergii-ALEX-295-alergenow.png\" alt=\"Panel molekularny alergii ALEX - 295 alergen\u00f3w banerek\" class=\"wp-image-22169\" srcset=\"https:\/\/www.alab.pl\/centrum-wiedzy\/wp-content\/uploads\/2025\/03\/Panel-molekularny-alergii-ALEX-295-alergenow.png 800w, https:\/\/www.alab.pl\/centrum-wiedzy\/wp-content\/uploads\/2025\/03\/Panel-molekularny-alergii-ALEX-295-alergenow-768x192.png 768w, https:\/\/www.alab.pl\/centrum-wiedzy\/wp-content\/uploads\/2025\/03\/Panel-molekularny-alergii-ALEX-295-alergenow-150x38.png 150w, https:\/\/www.alab.pl\/centrum-wiedzy\/wp-content\/uploads\/2025\/03\/Panel-molekularny-alergii-ALEX-295-alergenow-300x75.png 300w, https:\/\/www.alab.pl\/centrum-wiedzy\/wp-content\/uploads\/2025\/03\/Panel-molekularny-alergii-ALEX-295-alergenow-696x174.png 696w\" sizes=\"auto, (max-width: 800px) 100vw, 800px\" \/><\/a><\/figure>\n\n\n\n<p><strong>&gt;&gt; Sprawd\u017a r\u00f3wnie\u017c artyku\u0142: <a href=\"https:\/\/www.alab.pl\/centrum-wiedzy\/atopowe-zapalenie-skory-azs\/\">Atopowe zapalenie sk\u00f3ry (AZS): objawy, przyczyny i leczenie. Jakie badania wykona\u0107?<\/a><\/strong><\/p>\n\n\n\n<p><strong>W ci\u0119\u017ckich przypadkach reakcja na alergen doprowadza do wstrz\u0105su anafilaktycznego<\/strong>, objawiaj\u0105cego si\u0119 gwa\u0142townym spadkiem ci\u015bnienia t\u0119tniczego krwi,&nbsp; zas\u0142abni\u0119ciem lub utrat\u0105 przytomno\u015bci i ci\u0119\u017ckimi problemami z oddychaniem. <strong>W takiej sytuacji konieczne jest natychmiastowe wezwanie pomocy medycznej.<\/strong><\/p>\n\n\n\n<p>Czas pojawienia si\u0119 reakcji alergicznej po zjedzeniu pomidor\u00f3w jest r\u00f3\u017cny. Zazwyczaj niepokoj\u0105ce objawy wyst\u0119puj\u0105 do kilku godzin od spo\u017cycia, ale nie jest to regu\u0142\u0105.<\/p>\n\n\n\n<h2 class=\"wp-block-heading\" id=\"Uczulenie-na-pomidory-\u2013-jak-leczy\u0107-i-\u0142agodzi\u0107-objawy?\"><a><\/a>Uczulenie na pomidory \u2013 jak leczy\u0107 i \u0142agodzi\u0107 objawy?<\/h2>\n\n\n\n<p>Jak leczy\u0107 uczulenie na pomidory? <strong>Leczenie opiera si\u0119 przede wszystkim na unikaniu kontaktu z alergenem.<\/strong> Alergia na pomidory zazwyczaj powoduje ma\u0142o nasilone objawy, dlatego farmakoterapi\u0119 wdra\u017ca si\u0119 rzadko. Je\u015bli jednak jest ona potrzebna, lekarz mo\u017ce przepisa\u0107 leki przeciwhistaminowe, kt\u00f3re hamuj\u0105 reakcj\u0119 alergiczn\u0105 lub glikokortykosteroidy o dzia\u0142aniu przeciwzapalnym.<\/p>\n\n\n\n<h2 class=\"wp-block-heading\" id=\"Alergia-na-pomidory:-odpowiedzi-na-najcz\u0119stsze-pytania-(FAQ)\"><a><\/a>Alergia na pomidory: odpowiedzi na najcz\u0119stsze pytania (FAQ)<\/h2>\n\n\n\n<p>Poni\u017cej zosta\u0142y przedstawione odpowiedzi na najcz\u0119stsze pytania (FAQ) dotycz\u0105ce alergii na pomidory.<\/p>\n\n\n\n<div class=\"schema-faq wp-block-yoast-faq-block\"><div class=\"schema-faq-section\" id=\"faq-question-1767620159311\"><strong class=\"schema-faq-question\">Co w pomidorach uczula?<\/strong> <p class=\"schema-faq-answer\">W pomidorze wyst\u0119puj\u0105 r\u00f3\u017cne bia\u0142ka, kt\u00f3re mog\u0105 uczula\u0107. G\u0142\u00f3wny alergen to Sola I 1, kt\u00f3ra znajduje si\u0119 w mi\u0105\u017cszu warzywa.<\/p> <\/div> <div class=\"schema-faq-section\" id=\"faq-question-1767620182409\"><strong class=\"schema-faq-question\">Jak sprawdzi\u0107, czy ma si\u0119 uczulenie na pomidory?<\/strong> <p class=\"schema-faq-answer\">Nale\u017cy zg\u0142osi\u0107 si\u0119 do lekarza, kt\u00f3ry przeprowadzi szczeg\u00f3\u0142owy wywiad, a tak\u017ce zleci badania diagnostyczne w kierunku alergii (testy sk\u00f3rne i\/lub oznaczenie poziomu swoistych przeciwcia\u0142 IgE w surowicy).<\/p> <\/div> <div class=\"schema-faq-section\" id=\"faq-question-1767620202454\"><strong class=\"schema-faq-question\">Po jakim czasie wychodzi reakcja alergiczna?<\/strong> <p class=\"schema-faq-answer\">Czas pojawienia si\u0119 objaw\u00f3w alergii na pomidory jest r\u00f3\u017cny. Zazwyczaj od czasu spo\u017cycia warzyw do wyst\u0105pienia niepokoj\u0105cych symptom\u00f3w, mija kilka godzin.<\/p> <\/div> <\/div>\n\n\n\n<p><\/p>\n\n\n\n<p><strong>Opieka merytoryczna: lek. Katarzyna Banaszczyk<\/strong><\/p>\n\n\n\n<hr class=\"wp-block-separator has-alpha-channel-opacity\"\/>\n\n\n\n<p><strong>Bibliografia<\/strong><\/p>\n\n\n\n<ol start=\"1\" class=\"wp-block-list\">\n<li>https:\/\/www.alab.pl\/centrum-wiedzy\/nowe-wytyczne-dotyczace-diagnostyki-alergii-pokarmowej-co-to-oznacza-dla-pacjenta\/<\/li>\n\n\n\n<li>https:\/\/www.alab.pl\/centrum-wiedzy\/atopowe-zapalenie-skory-azs\/<\/li>\n\n\n\n<li>https:\/\/www.mp.pl\/pacjent\/pediatria\/choroby\/choroby-alergiczne\/138480,alergia-pokarmowa-u-dzieci<\/li>\n\n\n\n<li>Bartuzi, Z. (2009). Alergia na pokarmy u doros\u0142ych w praktyce lekarskiej. Post Dermatol Alergol, 26, 385-387.<\/li>\n\n\n\n<li>Protasiewicz, M., &amp; Iwaniak, A. (2014). Alergie pokarmowe i alergeny \u017cywno\u015bci. Bromatologia i Chemia toksykologiczna. XLVII, 2014, 2, str. 237, 242.<\/li>\n<\/ol>\n","protected":false},"excerpt":{"rendered":"<p>Pomidor cz\u0119sto pojawia si\u0119 na polskich sto\u0142ach. U niekt\u00f3rych os\u00f3b mo\u017ce powodowa\u0107  uczulenie. Jakie daje objawy i jak si\u0119 je leczy?<\/p>\n","protected":false},"author":171,"featured_media":28850,"comment_status":"closed","ping_status":"closed","sticky":false,"template":"","format":"standard","meta":{"_acf_changed":false,"inline_featured_image":false,"footnotes":""},"categories":[4],"tags":[],"coauthors":[207],"class_list":{"0":"post-28847","1":"post","2":"type-post","3":"status-publish","4":"format-standard","5":"has-post-thumbnail","7":"category-alergia"},"acf":[],"yoast_head":"<!-- This site is optimized with the Yoast SEO plugin v27.5 - https:\/\/yoast.com\/product\/yoast-seo-wordpress\/ -->\n<title>Uczulenie na pomidory \u2013 jak si\u0119 objawia alergia i jak j\u0105 rozpozna\u0107? Diagnostyka i leczenie - Centrum Wiedzy ALAB laboratoria<\/title>\n<meta name=\"description\" content=\"Pomidor cz\u0119sto pojawia si\u0119 na polskich sto\u0142ach. U niekt\u00f3rych os\u00f3b mo\u017ce powodowa\u0107 uczulenie. Jakie daje objawy i jak si\u0119 je leczy?\" \/>\n<meta name=\"robots\" content=\"index, follow, max-snippet:-1, max-image-preview:large, max-video-preview:-1\" \/>\n<link rel=\"canonical\" href=\"https:\/\/www.alab.pl\/centrum-wiedzy\/uczulenie-na-pomidory-jak-sie-objawia-alergia-i-jak-ja-rozpoznac-diagnostyka-i-leczenie\/\" \/>\n<meta property=\"og:locale\" content=\"pl_PL\" \/>\n<meta property=\"og:type\" content=\"article\" \/>\n<meta property=\"og:title\" content=\"Uczulenie na pomidory \u2013 jak si\u0119 objawia alergia i jak j\u0105 rozpozna\u0107? Diagnostyka i leczenie - Centrum Wiedzy ALAB laboratoria\" \/>\n<meta property=\"og:description\" content=\"Pomidor cz\u0119sto pojawia si\u0119 na polskich sto\u0142ach. U niekt\u00f3rych os\u00f3b mo\u017ce powodowa\u0107 uczulenie. Jakie daje objawy i jak si\u0119 je leczy?\" \/>\n<meta property=\"og:url\" content=\"https:\/\/www.alab.pl\/centrum-wiedzy\/uczulenie-na-pomidory-jak-sie-objawia-alergia-i-jak-ja-rozpoznac-diagnostyka-i-leczenie\/\" \/>\n<meta property=\"og:site_name\" content=\"Centrum Wiedzy ALAB laboratoria\" \/>\n<meta property=\"article:publisher\" content=\"https:\/\/www.facebook.com\/ALABlaboratoria\" \/>\n<meta property=\"article:published_time\" content=\"2026-01-05T13:44:51+00:00\" \/>\n<meta property=\"article:modified_time\" content=\"2026-01-20T11:49:36+00:00\" \/>\n<meta property=\"og:image\" content=\"https:\/\/www.alab.pl\/centrum-wiedzy\/wp-content\/uploads\/2026\/01\/uczulenie_na_pomidory.jpg\" \/>\n\t<meta property=\"og:image:width\" content=\"2131\" \/>\n\t<meta property=\"og:image:height\" content=\"1421\" \/>\n\t<meta property=\"og:image:type\" content=\"image\/jpeg\" \/>\n<meta name=\"author\" content=\"Paulina G\u00f3rska\" \/>\n<meta name=\"twitter:card\" content=\"summary_large_image\" \/>\n<meta name=\"twitter:label1\" content=\"Napisane przez\" \/>\n\t<meta name=\"twitter:data1\" content=\"Paulina G\u00f3rska\" \/>\n\t<meta name=\"twitter:label2\" content=\"Szacowany czas czytania\" \/>\n\t<meta name=\"twitter:data2\" content=\"7 minut\" \/>\n\t<meta name=\"twitter:label3\" content=\"Written by\" \/>\n\t<meta name=\"twitter:data3\" content=\"Paulina G\u00f3rska\" \/>\n<!-- \/ Yoast SEO plugin. -->","yoast_head_json":{"title":"Uczulenie na pomidory \u2013 jak si\u0119 objawia alergia i jak j\u0105 rozpozna\u0107? Diagnostyka i leczenie - Centrum Wiedzy ALAB laboratoria","description":"Pomidor cz\u0119sto pojawia si\u0119 na polskich sto\u0142ach. U niekt\u00f3rych os\u00f3b mo\u017ce powodowa\u0107 uczulenie. Jakie daje objawy i jak si\u0119 je leczy?","robots":{"index":"index","follow":"follow","max-snippet":"max-snippet:-1","max-image-preview":"max-image-preview:large","max-video-preview":"max-video-preview:-1"},"canonical":"https:\/\/www.alab.pl\/centrum-wiedzy\/uczulenie-na-pomidory-jak-sie-objawia-alergia-i-jak-ja-rozpoznac-diagnostyka-i-leczenie\/","og_locale":"pl_PL","og_type":"article","og_title":"Uczulenie na pomidory \u2013 jak si\u0119 objawia alergia i jak j\u0105 rozpozna\u0107? Diagnostyka i leczenie - Centrum Wiedzy ALAB laboratoria","og_description":"Pomidor cz\u0119sto pojawia si\u0119 na polskich sto\u0142ach. U niekt\u00f3rych os\u00f3b mo\u017ce powodowa\u0107 uczulenie. Jakie daje objawy i jak si\u0119 je leczy?","og_url":"https:\/\/www.alab.pl\/centrum-wiedzy\/uczulenie-na-pomidory-jak-sie-objawia-alergia-i-jak-ja-rozpoznac-diagnostyka-i-leczenie\/","og_site_name":"Centrum Wiedzy ALAB laboratoria","article_publisher":"https:\/\/www.facebook.com\/ALABlaboratoria","article_published_time":"2026-01-05T13:44:51+00:00","article_modified_time":"2026-01-20T11:49:36+00:00","og_image":[{"width":2131,"height":1421,"url":"https:\/\/www.alab.pl\/centrum-wiedzy\/wp-content\/uploads\/2026\/01\/uczulenie_na_pomidory.jpg","type":"image\/jpeg"}],"author":"Paulina G\u00f3rska","twitter_card":"summary_large_image","twitter_misc":{"Napisane przez":"Paulina G\u00f3rska","Szacowany czas czytania":"7 minut","Written by":"Paulina G\u00f3rska"},"schema":{"@context":"https:\/\/schema.org","@graph":[{"@type":"Article","@id":"https:\/\/www.alab.pl\/centrum-wiedzy\/uczulenie-na-pomidory-jak-sie-objawia-alergia-i-jak-ja-rozpoznac-diagnostyka-i-leczenie\/#article","isPartOf":{"@id":"https:\/\/www.alab.pl\/centrum-wiedzy\/uczulenie-na-pomidory-jak-sie-objawia-alergia-i-jak-ja-rozpoznac-diagnostyka-i-leczenie\/"},"author":{"name":"Paulina G\u00f3rska","@id":"https:\/\/www.alab.pl\/centrum-wiedzy\/#\/schema\/person\/f8d1487cca7c4ee26953e2e2b924ad69"},"headline":"Uczulenie na pomidory \u2013 jak si\u0119 objawia alergia i jak j\u0105 rozpozna\u0107? Diagnostyka i leczenie","datePublished":"2026-01-05T13:44:51+00:00","dateModified":"2026-01-20T11:49:36+00:00","mainEntityOfPage":{"@id":"https:\/\/www.alab.pl\/centrum-wiedzy\/uczulenie-na-pomidory-jak-sie-objawia-alergia-i-jak-ja-rozpoznac-diagnostyka-i-leczenie\/"},"wordCount":1223,"publisher":{"@id":"https:\/\/www.alab.pl\/centrum-wiedzy\/#organization"},"image":{"@id":"https:\/\/www.alab.pl\/centrum-wiedzy\/uczulenie-na-pomidory-jak-sie-objawia-alergia-i-jak-ja-rozpoznac-diagnostyka-i-leczenie\/#primaryimage"},"thumbnailUrl":"https:\/\/www.alab.pl\/centrum-wiedzy\/wp-content\/uploads\/2026\/01\/uczulenie_na_pomidory.jpg","articleSection":["Alergia"],"inLanguage":"pl-PL"},{"@type":["WebPage","FAQPage"],"@id":"https:\/\/www.alab.pl\/centrum-wiedzy\/uczulenie-na-pomidory-jak-sie-objawia-alergia-i-jak-ja-rozpoznac-diagnostyka-i-leczenie\/","url":"https:\/\/www.alab.pl\/centrum-wiedzy\/uczulenie-na-pomidory-jak-sie-objawia-alergia-i-jak-ja-rozpoznac-diagnostyka-i-leczenie\/","name":"Uczulenie na pomidory \u2013 jak si\u0119 objawia alergia i jak j\u0105 rozpozna\u0107? Diagnostyka i leczenie - Centrum Wiedzy ALAB laboratoria","isPartOf":{"@id":"https:\/\/www.alab.pl\/centrum-wiedzy\/#website"},"primaryImageOfPage":{"@id":"https:\/\/www.alab.pl\/centrum-wiedzy\/uczulenie-na-pomidory-jak-sie-objawia-alergia-i-jak-ja-rozpoznac-diagnostyka-i-leczenie\/#primaryimage"},"image":{"@id":"https:\/\/www.alab.pl\/centrum-wiedzy\/uczulenie-na-pomidory-jak-sie-objawia-alergia-i-jak-ja-rozpoznac-diagnostyka-i-leczenie\/#primaryimage"},"thumbnailUrl":"https:\/\/www.alab.pl\/centrum-wiedzy\/wp-content\/uploads\/2026\/01\/uczulenie_na_pomidory.jpg","datePublished":"2026-01-05T13:44:51+00:00","dateModified":"2026-01-20T11:49:36+00:00","description":"Pomidor cz\u0119sto pojawia si\u0119 na polskich sto\u0142ach. U niekt\u00f3rych os\u00f3b mo\u017ce powodowa\u0107 uczulenie. Jakie daje objawy i jak si\u0119 je leczy?","breadcrumb":{"@id":"https:\/\/www.alab.pl\/centrum-wiedzy\/uczulenie-na-pomidory-jak-sie-objawia-alergia-i-jak-ja-rozpoznac-diagnostyka-i-leczenie\/#breadcrumb"},"mainEntity":[{"@id":"https:\/\/www.alab.pl\/centrum-wiedzy\/uczulenie-na-pomidory-jak-sie-objawia-alergia-i-jak-ja-rozpoznac-diagnostyka-i-leczenie\/#faq-question-1767620159311"},{"@id":"https:\/\/www.alab.pl\/centrum-wiedzy\/uczulenie-na-pomidory-jak-sie-objawia-alergia-i-jak-ja-rozpoznac-diagnostyka-i-leczenie\/#faq-question-1767620182409"},{"@id":"https:\/\/www.alab.pl\/centrum-wiedzy\/uczulenie-na-pomidory-jak-sie-objawia-alergia-i-jak-ja-rozpoznac-diagnostyka-i-leczenie\/#faq-question-1767620202454"}],"inLanguage":"pl-PL","potentialAction":[{"@type":"ReadAction","target":["https:\/\/www.alab.pl\/centrum-wiedzy\/uczulenie-na-pomidory-jak-sie-objawia-alergia-i-jak-ja-rozpoznac-diagnostyka-i-leczenie\/"]}]},{"@type":"ImageObject","inLanguage":"pl-PL","@id":"https:\/\/www.alab.pl\/centrum-wiedzy\/uczulenie-na-pomidory-jak-sie-objawia-alergia-i-jak-ja-rozpoznac-diagnostyka-i-leczenie\/#primaryimage","url":"https:\/\/www.alab.pl\/centrum-wiedzy\/wp-content\/uploads\/2026\/01\/uczulenie_na_pomidory.jpg","contentUrl":"https:\/\/www.alab.pl\/centrum-wiedzy\/wp-content\/uploads\/2026\/01\/uczulenie_na_pomidory.jpg","width":2131,"height":1421,"caption":"uczulenie na pomidory"},{"@type":"BreadcrumbList","@id":"https:\/\/www.alab.pl\/centrum-wiedzy\/uczulenie-na-pomidory-jak-sie-objawia-alergia-i-jak-ja-rozpoznac-diagnostyka-i-leczenie\/#breadcrumb","itemListElement":[{"@type":"ListItem","position":1,"name":"Strona g\u0142\u00f3wna","item":"https:\/\/www.alab.pl\/centrum-wiedzy\/"},{"@type":"ListItem","position":2,"name":"Uczulenie na pomidory \u2013 jak si\u0119 objawia alergia i jak j\u0105 rozpozna\u0107? Diagnostyka i leczenie"}]},{"@type":"WebSite","@id":"https:\/\/www.alab.pl\/centrum-wiedzy\/#website","url":"https:\/\/www.alab.pl\/centrum-wiedzy\/","name":"Centrum Wiedzy ALAB laboratoria","description":"","publisher":{"@id":"https:\/\/www.alab.pl\/centrum-wiedzy\/#organization"},"potentialAction":[{"@type":"SearchAction","target":{"@type":"EntryPoint","urlTemplate":"https:\/\/www.alab.pl\/centrum-wiedzy\/?s={search_term_string}"},"query-input":{"@type":"PropertyValueSpecification","valueRequired":true,"valueName":"search_term_string"}}],"inLanguage":"pl-PL"},{"@type":"Organization","@id":"https:\/\/www.alab.pl\/centrum-wiedzy\/#organization","name":"Centrum Wiedzy ALAB laboratoria","url":"https:\/\/www.alab.pl\/centrum-wiedzy\/","logo":{"@type":"ImageObject","inLanguage":"pl-PL","@id":"https:\/\/www.alab.pl\/centrum-wiedzy\/#\/schema\/logo\/image\/","url":"https:\/\/www.alab.pl\/centrum-wiedzy\/wp-content\/uploads\/2022\/04\/alabek.jpg","contentUrl":"https:\/\/www.alab.pl\/centrum-wiedzy\/wp-content\/uploads\/2022\/04\/alabek.jpg","width":1250,"height":1251,"caption":"Centrum Wiedzy ALAB laboratoria"},"image":{"@id":"https:\/\/www.alab.pl\/centrum-wiedzy\/#\/schema\/logo\/image\/"},"sameAs":["https:\/\/www.facebook.com\/ALABlaboratoria"]},{"@type":"Person","@id":"https:\/\/www.alab.pl\/centrum-wiedzy\/#\/schema\/person\/f8d1487cca7c4ee26953e2e2b924ad69","name":"Paulina G\u00f3rska","image":{"@type":"ImageObject","inLanguage":"pl-PL","@id":"https:\/\/www.alab.pl\/centrum-wiedzy\/wp-content\/uploads\/2024\/12\/Paulina-Gorska-150x150.jpg71020f074e632c4273fae4fe00410bae","url":"https:\/\/www.alab.pl\/centrum-wiedzy\/wp-content\/uploads\/2024\/12\/Paulina-Gorska-150x150.jpg","contentUrl":"https:\/\/www.alab.pl\/centrum-wiedzy\/wp-content\/uploads\/2024\/12\/Paulina-Gorska-150x150.jpg","caption":"Paulina G\u00f3rska"},"description":"Doktor nauk medycznych i nauk u zdrowiu. Absolwentka Warszawskiego Uniwersytetu Medycznego i Uniwersytetu Medycznego w Poznaniu (dietetyka) oraz Szko\u0142y Doktorskiej Uniwersytetu Medycznego w Poznaniu. Autorka licznych artyku\u0142\u00f3w blogowych oraz publikacji naukowych w czasopismach: Nutrients, Foods, Nutrition &amp; Food Science i Acta Poloniae Pharmaceutica - Drug Research. W\u0142a\u015bcicielka poradni dietetycznej Kobieca Strona Dietetyki, specjalizuj\u0105cej si\u0119 w dietoterapii chor\u00f3b kobiecych (endometriozy, adenomiozy, PCOS), niep\u0142odno\u015bci oraz \u017cywieniu kobiet w ci\u0105\u017cy.","sameAs":["https:\/\/www.instagram.com\/kobieca.strona.dietetyki\/"],"url":"https:\/\/www.alab.pl\/centrum-wiedzy\/author\/paulina-gorska\/"},{"@type":"Question","@id":"https:\/\/www.alab.pl\/centrum-wiedzy\/uczulenie-na-pomidory-jak-sie-objawia-alergia-i-jak-ja-rozpoznac-diagnostyka-i-leczenie\/#faq-question-1767620159311","position":1,"url":"https:\/\/www.alab.pl\/centrum-wiedzy\/uczulenie-na-pomidory-jak-sie-objawia-alergia-i-jak-ja-rozpoznac-diagnostyka-i-leczenie\/#faq-question-1767620159311","name":"Co w pomidorach uczula?","answerCount":1,"acceptedAnswer":{"@type":"Answer","text":"W pomidorze wyst\u0119puj\u0105 r\u00f3\u017cne bia\u0142ka, kt\u00f3re mog\u0105 uczula\u0107. G\u0142\u00f3wny alergen to Sola I 1, kt\u00f3ra znajduje si\u0119 w mi\u0105\u017cszu warzywa.","inLanguage":"pl-PL"},"inLanguage":"pl-PL"},{"@type":"Question","@id":"https:\/\/www.alab.pl\/centrum-wiedzy\/uczulenie-na-pomidory-jak-sie-objawia-alergia-i-jak-ja-rozpoznac-diagnostyka-i-leczenie\/#faq-question-1767620182409","position":2,"url":"https:\/\/www.alab.pl\/centrum-wiedzy\/uczulenie-na-pomidory-jak-sie-objawia-alergia-i-jak-ja-rozpoznac-diagnostyka-i-leczenie\/#faq-question-1767620182409","name":"Jak sprawdzi\u0107, czy ma si\u0119 uczulenie na pomidory?","answerCount":1,"acceptedAnswer":{"@type":"Answer","text":"Nale\u017cy zg\u0142osi\u0107 si\u0119 do lekarza, kt\u00f3ry przeprowadzi szczeg\u00f3\u0142owy wywiad, a tak\u017ce zleci badania diagnostyczne w kierunku alergii (testy sk\u00f3rne i\/lub oznaczenie poziomu swoistych przeciwcia\u0142 IgE w surowicy).","inLanguage":"pl-PL"},"inLanguage":"pl-PL"},{"@type":"Question","@id":"https:\/\/www.alab.pl\/centrum-wiedzy\/uczulenie-na-pomidory-jak-sie-objawia-alergia-i-jak-ja-rozpoznac-diagnostyka-i-leczenie\/#faq-question-1767620202454","position":3,"url":"https:\/\/www.alab.pl\/centrum-wiedzy\/uczulenie-na-pomidory-jak-sie-objawia-alergia-i-jak-ja-rozpoznac-diagnostyka-i-leczenie\/#faq-question-1767620202454","name":"Po jakim czasie wychodzi reakcja alergiczna?","answerCount":1,"acceptedAnswer":{"@type":"Answer","text":"Czas pojawienia si\u0119 objaw\u00f3w alergii na pomidory jest r\u00f3\u017cny. Zazwyczaj od czasu spo\u017cycia warzyw do wyst\u0105pienia niepokoj\u0105cych symptom\u00f3w, mija kilka godzin.","inLanguage":"pl-PL"},"inLanguage":"pl-PL"}]}},"_links":{"self":[{"href":"https:\/\/www.alab.pl\/centrum-wiedzy\/wp-json\/wp\/v2\/posts\/28847","targetHints":{"allow":["GET"]}}],"collection":[{"href":"https:\/\/www.alab.pl\/centrum-wiedzy\/wp-json\/wp\/v2\/posts"}],"about":[{"href":"https:\/\/www.alab.pl\/centrum-wiedzy\/wp-json\/wp\/v2\/types\/post"}],"author":[{"embeddable":true,"href":"https:\/\/www.alab.pl\/centrum-wiedzy\/wp-json\/wp\/v2\/users\/171"}],"replies":[{"embeddable":true,"href":"https:\/\/www.alab.pl\/centrum-wiedzy\/wp-json\/wp\/v2\/comments?post=28847"}],"version-history":[{"count":4,"href":"https:\/\/www.alab.pl\/centrum-wiedzy\/wp-json\/wp\/v2\/posts\/28847\/revisions"}],"predecessor-version":[{"id":29178,"href":"https:\/\/www.alab.pl\/centrum-wiedzy\/wp-json\/wp\/v2\/posts\/28847\/revisions\/29178"}],"wp:featuredmedia":[{"embeddable":true,"href":"https:\/\/www.alab.pl\/centrum-wiedzy\/wp-json\/wp\/v2\/media\/28850"}],"wp:attachment":[{"href":"https:\/\/www.alab.pl\/centrum-wiedzy\/wp-json\/wp\/v2\/media?parent=28847"}],"wp:term":[{"taxonomy":"category","embeddable":true,"href":"https:\/\/www.alab.pl\/centrum-wiedzy\/wp-json\/wp\/v2\/categories?post=28847"},{"taxonomy":"post_tag","embeddable":true,"href":"https:\/\/www.alab.pl\/centrum-wiedzy\/wp-json\/wp\/v2\/tags?post=28847"},{"taxonomy":"author","embeddable":true,"href":"https:\/\/www.alab.pl\/centrum-wiedzy\/wp-json\/wp\/v2\/coauthors?post=28847"}],"curies":[{"name":"wp","href":"https:\/\/api.w.org\/{rel}","templated":true}]}}