{"id":28876,"date":"2026-01-07T08:49:19","date_gmt":"2026-01-07T07:49:19","guid":{"rendered":"https:\/\/www.alab.pl\/centrum-wiedzy\/?p=28876"},"modified":"2026-01-07T08:49:22","modified_gmt":"2026-01-07T07:49:22","slug":"bol-duzego-palca-u-nogi-mozliwe-przyczyny-i-leczenie","status":"publish","type":"post","link":"https:\/\/www.alab.pl\/centrum-wiedzy\/bol-duzego-palca-u-nogi-mozliwe-przyczyny-i-leczenie\/","title":{"rendered":"B\u00f3l du\u017cego palca u nogi \u2013 mo\u017cliwe przyczyny i leczenie"},"content":{"rendered":"\n<p><strong>Podczas chodzenia nawet 40\u201360% obci\u0105\u017cenia przodostopia przenoszone jest w\u0142a\u015bnie przez paluch. Ka\u017cde zaburzenie jego ruchomo\u015bci lub osi ustawienia skutkuje nieprawid\u0142owym rozk\u0142adem si\u0142, co szybko prowadzi do b\u00f3lu i stanu zapalnego. Z tego powodu pacjenci cz\u0119sto zg\u0142aszaj\u0105 si\u0119 do lekarza z pytaniem, dlaczego boli du\u017cy palec u nogi, nie zdaj\u0105c sobie sprawy, \u017ce przyczyna mo\u017ce le\u017ce\u0107 nie tylko w samym palcu, ale w ca\u0142ej biomechanice stopy.<\/strong><\/p>\n\n\n\n<figure class=\"wp-block-table\"><table class=\"has-fixed-layout\"><tbody><tr><td><strong>Z tego artyku\u0142u dowiesz si\u0119, m.in.:<\/strong> <br>>> jakie s\u0105 najcz\u0119stsze przyczyny b\u00f3lu du\u017cego palca u nogi;<br>>> czy przy dnie moczanowej boli du\u017cy palec u nogi;<br>>> na czym polega diagnostyka b\u00f3lu du\u017cego palca u nogi;<br>>> jak leczy\u0107 b\u00f3l du\u017cego palca u nogi.<\/td><\/tr><\/tbody><\/table><\/figure>\n\n\n\n<p><strong>Spis tre\u015bci:<\/strong><\/p>\n\n\n\n<ol class=\"wp-block-list\">\n<li><a href=\"#B\u00f3l-du\u017cego-palca-u-nogi-\u2013-najcz\u0119stsze-przyczyny\">B\u00f3l du\u017cego palca u nogi \u2013 najcz\u0119stsze przyczyny<\/a>\n<ul class=\"wp-block-list\">\n<li><a href=\"#Przeci\u0105\u017cenia-i-czynniki-mechaniczne\">Przeci\u0105\u017cenia i czynniki mechaniczne<\/a><\/li>\n\n\n\n<li><a href=\"#Zmiany-zwyrodnieniowe-stawu-\u015br\u00f3dstopno-paliczkowego\">Zmiany zwyrodnieniowe stawu \u015br\u00f3dstopno-paliczkowego<\/a><\/li>\n\n\n\n<li><a href=\"#Choroby-zapalne-staw\u00f3w\">Choroby zapalne staw\u00f3w<\/a><\/li>\n\n\n\n<li><a href=\"#Dna-moczanowa-\u2013-ostry-b\u00f3l-i-stan-zapalny\">Dna moczanowa \u2013 ostry b\u00f3l i stan zapalny<\/a><\/li>\n\n\n\n<li><a href=\"#Haluksy-i-deformacje-przodostopia\">Haluksy i deformacje przodostopia<\/a><\/li>\n<\/ul>\n<\/li>\n\n\n\n<li><a href=\"#Kiedy-objawy-wskazuj\u0105-na-powa\u017cniejsze-schorzenia?-Analiza-symptom\u00f3w-towarzysz\u0105cych\">Kiedy objawy wskazuj\u0105 na powa\u017cniejsze schorzenia? Analiza symptom\u00f3w towarzysz\u0105cych<\/a><\/li>\n\n\n\n<li><a href=\"#Diagnostyka-b\u00f3lu-du\u017cego-palca-u-nogi\">Diagnostyka b\u00f3lu du\u017cego palca u nogi<\/a><\/li>\n\n\n\n<li><a href=\"#Jak-leczy\u0107-b\u00f3l-du\u017cego-palca-u-nogi?\">Jak leczy\u0107 b\u00f3l du\u017cego palca u nogi?<\/a>\n<ul class=\"wp-block-list\">\n<li><a href=\"#Leczenie-zachowawcze-\u2013-pierwszy-i-najwa\u017cniejszy-krok\">Leczenie zachowawcze \u2013 pierwszy i najwa\u017cniejszy krok<\/a><\/li>\n\n\n\n<li><a href=\"#Farmakoterapia\">Farmakoterapia<\/a><\/li>\n\n\n\n<li><a href=\"#Fizjoterapia-\u2013-przywracanie-funkcji-i-zapobieganie-nawrotom\">Fizjoterapia \u2013 przywracanie funkcji i zapobieganie nawrotom<\/a><\/li>\n<\/ul>\n<\/li>\n\n\n\n<li><a href=\"#Podsumowanie-\u2013-jakie-s\u0105-przyczyny-b\u00f3lu-du\u017cego-palca-u-nogi\">Podsumowanie \u2013 jakie s\u0105 przyczyny b\u00f3lu du\u017cego palca u nogi<\/a><\/li>\n<\/ol>\n\n\n\n<h2 class=\"wp-block-heading\" id=\"B\u00f3l-du\u017cego-palca-u-nogi-\u2013-najcz\u0119stsze-przyczyny\">B\u00f3l du\u017cego palca u nogi \u2013 najcz\u0119stsze przyczyny<\/h2>\n\n\n\n<p>Du\u017cy palec stopy, mimo niepozornych rozmiar\u00f3w, odgrywa kluczow\u0105 rol\u0119 w utrzymaniu prawid\u0142owej postawy oraz mechaniki chodu. Odpowiada za stabilizacj\u0119 przodostopia, przenoszenie ci\u0119\u017caru cia\u0142a i faz\u0119 wybicia w trakcie kroku. Gdy pojawia si\u0119 b\u00f3l w tej okolicy, szybko dochodzi do kompensacji ruchowych, kt\u00f3re mog\u0105 prowadzi\u0107 do przeci\u0105\u017ce\u0144 kolan, bioder i kr\u0119gos\u0142upa. Aby zrozumie\u0107, dlaczego dolegliwo\u015b\u0107 ta bywa tak dokuczliwa, warto przyjrze\u0107 si\u0119 jej najcz\u0119stszym przyczynom.<\/p>\n\n\n\n<h3 class=\"wp-block-heading\" id=\"Przeci\u0105\u017cenia-i-czynniki-mechaniczne\">Przeci\u0105\u017cenia i czynniki mechaniczne<\/h3>\n\n\n\n<p><strong>Jedn\u0105 z najcz\u0119stszych przyczyn dolegliwo\u015bci s\u0105 przeci\u0105\u017cenia wynikaj\u0105ce z d\u0142ugotrwa\u0142ego stania, intensywnej aktywno\u015bci fizycznej lub noszenia nieodpowiedniego obuwia<\/strong>. W\u0105skie czubki but\u00f3w, wysokie obcasy czy brak amortyzacji prowadz\u0105 do mikrouraz\u00f3w struktur stawowych i \u015bci\u0119gnistych. W takich przypadkach pojawia si\u0119 bol\u0105cy du\u017cy palec u nogi, kt\u00f3ry szczeg\u00f3lnie dokucza po ca\u0142ym dniu aktywno\u015bci.<\/p>\n\n\n\n<p><strong>&gt;&gt; Zobacz te\u017c: <\/strong><a href=\"https:\/\/www.alab.pl\/centrum-wiedzy\/czym-jest-rzs-jak-czesto-wystepuje-kogo-dotyka\/\"><strong>Czym jest RZS? Jak cz\u0119sto wyst\u0119puje, kogo dotyka?<\/strong><\/a><strong><\/strong><\/p>\n\n\n\n<h3 class=\"wp-block-heading\" id=\"Zmiany-zwyrodnieniowe-stawu-\u015br\u00f3dstopno-paliczkowego\">Zmiany zwyrodnieniowe stawu \u015br\u00f3dstopno-paliczkowego<\/h3>\n\n\n\n<p>Procesy zwyrodnieniowe s\u0105 naturalnym elementem starzenia si\u0119 narz\u0105du ruchu, jednak mog\u0105 pojawia\u0107 si\u0119 tak\u017ce u os\u00f3b m\u0142odszych. Dochodzi w\u00f3wczas do stopniowego zu\u017cycia chrz\u0105stki stawowej, co skutkuje<strong> b\u00f3lem, sztywno\u015bci\u0105 i ograniczeniem zakresu ruchu<\/strong>. Charakterystycznym objawem jest b\u00f3l du\u017cego palca w stopie przy zginaniu, kt\u00f3ry nasila si\u0119 podczas chodzenia po schodach lub przy pr\u00f3bie dynamicznego wybicia stopy.<\/p>\n\n\n\n<h3 class=\"wp-block-heading\" id=\"Choroby-zapalne-staw\u00f3w\">Choroby zapalne staw\u00f3w<\/h3>\n\n\n\n<p><a href=\"https:\/\/www.alab.pl\/centrum-wiedzy\/czym-jest-rzs-jak-czesto-wystepuje-kogo-dotyka\/\">Reumatoidalne zapalenie staw\u00f3w<\/a> oraz inne choroby autoimmunologiczne cz\u0119sto obejmuj\u0105 drobne stawy st\u00f3p.<strong> B\u00f3l palucha w ich przebiegu ma charakter przewlek\u0142y, towarzyszy mu poranna sztywno\u015b\u0107, obrz\u0119k oraz symetryczne zaj\u0119cie obu ko\u0144czyn<\/strong>. W zaawansowanych stadiach dochodzi do deformacji stawu i znacznego ograniczenia sprawno\u015bci ruchowej.<\/p>\n\n\n\n<h3 class=\"wp-block-heading\" id=\"Dna-moczanowa-\u2013-ostry-b\u00f3l-i-stan-zapalny\">Dna moczanowa \u2013 ostry b\u00f3l i stan zapalny<\/h3>\n\n\n\n<p>Jedn\u0105 z najbardziej charakterystycznych przyczyn nag\u0142ego b\u00f3lu palucha jest dna moczanowa. Napad choroby objawia si\u0119 silnym b\u00f3lem, zaczerwienieniem i wzmo\u017conym uciepleniem w obr\u0119bie stawu, a pacjent cz\u0119sto opisuje problem jako <strong>spuchni\u0119ty du\u017cy palec u nogi<\/strong>. Dolegliwo\u015bci pojawiaj\u0105 si\u0119 nagle, najcz\u0119\u015bciej w nocy, i wymagaj\u0105 pilnej diagnostyki oraz leczenia.<\/p>\n\n\n\n<p><strong>>> Przeczytaj te\u017c: <a href=\"https:\/\/www.alab.pl\/centrum-wiedzy\/dna-moczanowa-artretyzm\/\">Dna moczanowa: objawy, przyczyny, badania i leczenie podagry<\/a><\/strong><\/p>\n\n\n\n<h3 class=\"wp-block-heading\" id=\"Haluksy-i-deformacje-przodostopia\">Haluksy i deformacje przodostopia<\/h3>\n\n\n\n<p>Paluch ko\u015blawy to deformacja, w kt\u00f3rej du\u017cy palec odchyla si\u0119 w stron\u0119 pozosta\u0142ych palc\u00f3w, a po przy\u015brodkowej stronie stopy tworzy si\u0119 bolesna naro\u015bl.W zale\u017cno\u015bci od stopnia zaawansowania deformacji b\u00f3l <strong>mo\u017ce dotyczy\u0107 jednej lub obu st\u00f3p<\/strong> \u2013 pacjenci zg\u0142aszaj\u0105 zar\u00f3wno b\u00f3l du\u017cego palca w prawej stopie, jak i b\u00f3l du\u017cego palca w lewej stopie. Haluksy prowadz\u0105 do przewlek\u0142ego stanu zapalnego, problem\u00f3w z doborem obuwia i stopniowego pogorszenia jako\u015bci chodu.<\/p>\n\n\n\n<h2 class=\"wp-block-heading\" id=\"Kiedy-objawy-wskazuj\u0105-na-powa\u017cniejsze-schorzenia?-Analiza-symptom\u00f3w-towarzysz\u0105cych\">Kiedy objawy wskazuj\u0105 na powa\u017cniejsze schorzenia? Analiza symptom\u00f3w towarzysz\u0105cych<\/h2>\n\n\n\n<p>Nie ka\u017cdy b\u00f3l palucha jest niegro\u017any. Istniej\u0105 objawy, kt\u00f3re powinny sk\u0142oni\u0107 do szybkiej konsultacji lekarskiej, poniewa\u017c mog\u0105 \u015bwiadczy\u0107 o chorobach og\u00f3lnoustrojowych lub neurologicznych:<\/p>\n\n\n\n<ul class=\"wp-block-list\">\n<li><strong>szczeg\u00f3ln\u0105 uwag\u0119 nale\u017cy zwr\u00f3ci\u0107 na zaburzenia czucia<\/strong>. Dr\u0119twienie du\u017cego palca u nogi lub dr\u0119twienie du\u017cego palca u stopy mo\u017ce wskazywa\u0107 na neuropati\u0119 obwodow\u0105, ucisk nerwu lub zaburzenia metaboliczne. Objawy te cz\u0119sto pojawiaj\u0105 si\u0119 stopniowo i bywaj\u0105 bagatelizowane, mimo \u017ce stanowi\u0105 wa\u017cny sygna\u0142 ostrzegawczy;<\/li>\n\n\n\n<li>istotnym zagadnieniem klinicznym jest r\u00f3wnie\u017c korelacja <strong>b\u00f3lu du\u017cego palca w stopie z <\/strong><a href=\"https:\/\/www.alab.pl\/centrum-wiedzy\/cukrzyca-objawy-przyczyny-diagnostyka-i-leczenie\/\"><strong>cukrzyc\u0105<\/strong><\/a>. U os\u00f3b z cukrzyc\u0105 nawet niewielkie urazy czy przeci\u0105\u017cenia mog\u0105 prowadzi\u0107 do powa\u017cnych powik\u0142a\u0144, a wsp\u00f3\u0142istniej\u0105ca neuropatia mo\u017ce maskowa\u0107 rozwijaj\u0105cy si\u0119 stan zapalny lub infekcj\u0119.<\/li>\n<\/ul>\n\n\n\n<figure class=\"wp-block-image size-full\"><a href=\"https:\/\/www.alab.pl\/pakiet\/pakiet-reumatyczny\"><img loading=\"lazy\" decoding=\"async\" width=\"800\" height=\"200\" src=\"https:\/\/www.alab.pl\/centrum-wiedzy\/wp-content\/uploads\/2025\/03\/Pakiet-reumatyczny-7-badan.png\" alt=\"Pakiet reumatyczny (7 bada\u0144) banerek\" class=\"wp-image-22166\" srcset=\"https:\/\/www.alab.pl\/centrum-wiedzy\/wp-content\/uploads\/2025\/03\/Pakiet-reumatyczny-7-badan.png 800w, https:\/\/www.alab.pl\/centrum-wiedzy\/wp-content\/uploads\/2025\/03\/Pakiet-reumatyczny-7-badan-768x192.png 768w, https:\/\/www.alab.pl\/centrum-wiedzy\/wp-content\/uploads\/2025\/03\/Pakiet-reumatyczny-7-badan-150x38.png 150w, https:\/\/www.alab.pl\/centrum-wiedzy\/wp-content\/uploads\/2025\/03\/Pakiet-reumatyczny-7-badan-300x75.png 300w, https:\/\/www.alab.pl\/centrum-wiedzy\/wp-content\/uploads\/2025\/03\/Pakiet-reumatyczny-7-badan-696x174.png 696w\" sizes=\"auto, (max-width: 800px) 100vw, 800px\" \/><\/a><\/figure>\n\n\n\n<h2 class=\"wp-block-heading\" id=\"Diagnostyka-b\u00f3lu-du\u017cego-palca-u-nogi\">Diagnostyka b\u00f3lu du\u017cego palca u nogi<\/h2>\n\n\n\n<p>Prawid\u0142owa diagnostyka rozpoczyna si\u0119 od dok\u0142adnego wywiadu oraz badania klinicznego stopy. Lekarz ocenia ustawienie palucha, zakres ruchu, obecno\u015b\u0107 obrz\u0119ku i bolesno\u015b\u0107 uciskow\u0105. W zale\u017cno\u015bci od podejrze\u0144 zlecane s\u0105 badania obrazowe, takie jak RTG, USG lub rezonans magnetyczny. W sytuacji, gdy istnieje podejrzenie chor\u00f3b zapalnych, metabolicznych lub og\u00f3lnoustrojowych, diagnostyka powinna zosta\u0107 poszerzona o badania laboratoryjne:<\/p>\n\n\n\n<ul class=\"wp-block-list\">\n<li><a href=\"https:\/\/www.alab.pl\/badanie\/morfologia-krwi-c55\"><strong>morfologia krwi<\/strong><\/a> \u2013 umo\u017cliwia ocen\u0119 og\u00f3lnego stanu zdrowia oraz wykrycie cech stanu zapalnego lub infekcji;<\/li>\n\n\n\n<li><a href=\"https:\/\/www.alab.pl\/badanie\/odczyn-biernackiego-c59\"><strong>OB<\/strong><\/a><strong> i <\/strong><a href=\"https:\/\/www.alab.pl\/badanie\/bialko-c-reaktywne-crp-ilosciowe-i81\"><strong>CRP<\/strong><\/a> \u2013 markery stanu zapalnego, kt\u00f3re bywaj\u0105 podwy\u017cszone w chorobach reumatycznych, dnie moczanowej czy zaka\u017ceniach;<\/li>\n\n\n\n<li><a href=\"https:\/\/www.alab.pl\/badanie\/kwas-moczowy-w-surowicy-m45\"><strong>st\u0119\u017cenie kwasu moczowego we krwi<\/strong><\/a> \u2013 kluczowe badanie w diagnostyce dny moczanowej (podagry);<\/li>\n\n\n\n<li><a href=\"https:\/\/www.alab.pl\/badanie\/czynnik-reumatoidalny-rf-igm-k21\"><strong>czynnik reumatoidalny (RF)<\/strong><\/a> oraz <a href=\"https:\/\/www.alab.pl\/badanie\/pc-przeciw-cyklicznemu-cytrulinowanemu-peptydowi-3-accp-n66\"><strong>przeciwcia\u0142a anty-CCP<\/strong><\/a> \u2013 pomocne w rozpoznaniu reumatoidalnego zapalenia staw\u00f3w;<\/li>\n\n\n\n<li><a href=\"https:\/\/www.alab.pl\/badanie\/glukoza-l43\"><strong>poziom glukozy we krwi<\/strong><\/a><strong> oraz HbA1c<\/strong> \u2013 istotne u pacjent\u00f3w z podejrzeniem lub rozpoznan\u0105 cukrzyc\u0105, zw\u0142aszcza gdy wyst\u0119puj\u0105 zaburzenia czucia.<\/li>\n<\/ul>\n\n\n\n<h2 class=\"wp-block-heading\" id=\"Jak-leczy\u0107-b\u00f3l-du\u017cego-palca-u-nogi?\">Jak leczy\u0107 b\u00f3l du\u017cego palca u nogi?<\/h2>\n\n\n\n<p>Leczenie b\u00f3lu du\u017cego palca u nogi powinno by\u0107 zawsze ukierunkowane na przyczyn\u0119 \u2013 inaczej post\u0119puje si\u0119 w dnie moczanowej, inaczej w zmianach zwyrodnieniowych, a jeszcze inaczej w deformacjach takich jak haluksy czy w przypadku urazu. Celem terapii jest nie tylko zmniejszenie b\u00f3lu, ale te\u017c ograniczenie stanu zapalnego, poprawa funkcji stawu \u015br\u00f3dstopno-paliczkowego oraz zapobieganie nawrotom i pog\u0142\u0119bianiu si\u0119 zmian.<\/p>\n\n\n\n<h3 class=\"wp-block-heading\" id=\"Leczenie-zachowawcze-\u2013-pierwszy-i-najwa\u017cniejszy-krok\">Leczenie zachowawcze \u2013 pierwszy i najwa\u017cniejszy krok<\/h3>\n\n\n\n<p>W wielu przypadkach popraw\u0119 przynosi ju\u017c odpowiednie odci\u0105\u017cenie stopy i korekta czynnik\u00f3w wywo\u0142uj\u0105cych przeci\u0105\u017cenie. Podstawowe dzia\u0142ania obejmuj\u0105:<\/p>\n\n\n\n<ul class=\"wp-block-list\">\n<li><strong>modyfikacj\u0119 aktywno\u015bci<\/strong>: czasowe ograniczenie biegania, skok\u00f3w, d\u0142ugich spacer\u00f3w oraz pracy stoj\u0105cej;<\/li>\n\n\n\n<li><strong>odpoczynek i odci\u0105\u017cenie<\/strong>: zmniejszenie liczby krok\u00f3w w okresie zaostrzenia, unikanie b\u00f3lu \u201ena si\u0142\u0119\u201d;<\/li>\n\n\n\n<li><strong>zimne ok\u0142ady (przy obrz\u0119ku i zapaleniu)<\/strong> oraz uniesienie stopy po urazie lub przy nasilonych dolegliwo\u015bciach;<\/li>\n\n\n\n<li><strong>dob\u00f3r obuwia<\/strong>: szeroki czubek, stabilna podeszwa, dobra amortyzacja, unikanie wysokich obcas\u00f3w i sztywnych, w\u0105skich but\u00f3w;<\/li>\n\n\n\n<li><strong>redukcj\u0119 masy cia\u0142a<\/strong>, je\u015bli nadwaga zwi\u0119ksza przeci\u0105\u017cenia przodostopia.<\/li>\n<\/ul>\n\n\n\n<h3 class=\"wp-block-heading\" id=\"Farmakoterapia\">Farmakoterapia<\/h3>\n\n\n\n<p>Dob\u00f3r lek\u00f3w zale\u017cy od rozpoznania oraz stanu pacjenta. Najcz\u0119\u015bciej stosuje si\u0119:<\/p>\n\n\n\n<ul class=\"wp-block-list\">\n<li><strong>leki przeciwb\u00f3lowe i przeciwzapalne<\/strong> (zgodnie z zaleceniami lekarza\/farmaceuty);<\/li>\n\n\n\n<li>w przypadku dny moczanowej \u2013 leczenie napadu oraz terapi\u0119 obni\u017caj\u0105c\u0105 st\u0119\u017cenie kwasu moczowego, wraz z modyfikacj\u0105 diety i stylu \u017cycia;<\/li>\n\n\n\n<li>w chorobach autoimmunologicznych \u2013 leczenie prowadzone przez reumatologa (terapia choroby podstawowej), poniewa\u017c samo \u201egaszenie b\u00f3lu\u201d nie zatrzymuje post\u0119pu zmian.<\/li>\n<\/ul>\n\n\n\n<h3 class=\"wp-block-heading\" id=\"Fizjoterapia-\u2013-przywracanie-funkcji-i-zapobieganie-nawrotom\">Fizjoterapia \u2013 przywracanie funkcji i zapobieganie nawrotom<\/h3>\n\n\n\n<p>Fizjoterapia jest kluczowa szczeg\u00f3lnie przy przeci\u0105\u017ceniach, ograniczeniu ruchomo\u015bci, zmianach zwyrodnieniowych oraz w deformacjach. Najcz\u0119\u015bciej wykorzystywane metody to:<\/p>\n\n\n\n<ul class=\"wp-block-list\">\n<li><strong>terapia manualna stawu i tkanek mi\u0119kkich<\/strong> (poprawa ruchomo\u015bci, zmniejszenie napi\u0119\u0107);<\/li>\n\n\n\n<li><strong>\u0107wiczenia funkcjonalne <\/strong>wzmacniaj\u0105ce mi\u0119\u015bnie kr\u00f3tkie stopy oraz stabilizuj\u0105ce przodostopie;<\/li>\n\n\n\n<li><strong>rozlu\u017anianie tkanek<\/strong> (np. masa\u017c manualny, techniki powi\u0119ziowe) w celu redukcji przeci\u0105\u017ce\u0144;<\/li>\n\n\n\n<li><strong>fizykoterapia<\/strong> wspomagaj\u0105ca dzia\u0142anie przeciwb\u00f3lowe i przeciwzapalne, m.in.:\n<ul class=\"wp-block-list\">\n<li>krioterapia;<\/li>\n\n\n\n<li>laseroterapia;<\/li>\n\n\n\n<li>ultrad\u017awi\u0119ki;<\/li>\n\n\n\n<li>magnetoterapia;<\/li>\n<\/ul>\n<\/li>\n\n\n\n<li><strong>kinesiotaping<\/strong>, kt\u00f3ry mo\u017ce wspiera\u0107 ustawienie palucha i redukowa\u0107 dolegliwo\u015bci w czasie chodzenia.<\/li>\n<\/ul>\n\n\n\n<h2 class=\"wp-block-heading\" id=\"Podsumowanie-\u2013-jakie-s\u0105-przyczyny-b\u00f3lu-du\u017cego-palca-u-nogi\">Podsumowanie \u2013 jakie s\u0105 przyczyny b\u00f3lu du\u017cego palca u nogi<\/h2>\n\n\n\n<p><strong>Podsumowuj\u0105c:<\/strong><\/p>\n\n\n\n<ul class=\"wp-block-list\">\n<li><strong>du\u017cy palec stopy odgrywa kluczow\u0105 rol\u0119 w biomechanice chodu<\/strong>, dlatego nawet niewielkie zaburzenia w jego obr\u0119bie mog\u0105 prowadzi\u0107 do istotnych dolegliwo\u015bci b\u00f3lowych i problem\u00f3w z poruszaniem si\u0119;<\/li>\n\n\n\n<li>najcz\u0119stsze przyczyny b\u00f3lu palucha to przeci\u0105\u017cenia mechaniczne, zmiany zwyrodnieniowe, choroby zapalne staw\u00f3w, dna moczanowa, deformacje przodostopia (haluksy) oraz urazy;<\/li>\n\n\n\n<li>objawy towarzysz\u0105ce, takie jak obrz\u0119k, zaczerwienienie, dr\u0119twienie czy zaburzenia czucia, mog\u0105 wskazywa\u0107 na choroby og\u00f3lnoustrojowe lub neurologiczne i wymagaj\u0105 pog\u0142\u0119bionej diagnostyki;<\/li>\n\n\n\n<li>diagnostyka b\u00f3lu du\u017cego palca obejmuje badanie kliniczne, badania obrazowe (RTG, USG, MRI) oraz <strong>badania laboratoryjne, kt\u00f3re pozwalaj\u0105 wykry\u0107 stan<\/strong> <strong>zapalny, zaburzenia metaboliczne i choroby autoimmunologiczne<\/strong>.<\/li>\n<\/ul>\n\n\n\n<p><strong>Opieka merytoryczna: lek. Katarzyna Banaszczyk<\/strong><\/p>\n\n\n\n<hr class=\"wp-block-separator has-alpha-channel-opacity\"\/>\n\n\n\n<p><strong>Bibliografia<\/strong><\/p>\n\n\n\n<ol start=\"1\" class=\"wp-block-list\">\n<li>Pe\u0142czewska A., B\u00f3l du\u017cego palca w stopie \u2013 przyczyny i metody leczenia, wylecz.to, 2022.<\/li>\n\n\n\n<li>R. Yang, Y. Chu, Hallucal sesamoiditis manifested on bone scan, Clinical Nuclear Medicine, nr 38 2013.<\/li>\n\n\n\n<li>T. Petnehazy, J. Schalamon, C. Hartwig i in., Fractures of the hallux in children, Foot &amp; Ankle International, nr 36 2015.<\/li>\n\n\n\n<li>E. George, A. H. S. Harris, J. L. Dragoo, K. J. Hunt, Incidence and risk factors for turf toe injuries in intercollegiate football: data from the National Collegiate Athletic Association Injury Surveillance System, Foot &amp; Ankle International, nr 35 2014.<\/li>\n<\/ol>\n","protected":false},"excerpt":{"rendered":"<p>Ka\u017cde zaburzenie ruchomo\u015bci palucha lub osi ustawienia skutkuje nieprawid\u0142owym rozk\u0142adem si\u0142, co szybko prowadzi do b\u00f3lu i stanu zapalnego. <\/p>\n","protected":false},"author":185,"featured_media":28878,"comment_status":"closed","ping_status":"closed","sticky":false,"template":"","format":"standard","meta":{"_acf_changed":false,"inline_featured_image":false,"footnotes":""},"categories":[28],"tags":[],"coauthors":[224],"class_list":{"0":"post-28876","1":"post","2":"type-post","3":"status-publish","4":"format-standard","5":"has-post-thumbnail","7":"category-warto-wiedziec"},"acf":[],"yoast_head":"<!-- This site is optimized with the Yoast SEO plugin v27.5 - https:\/\/yoast.com\/product\/yoast-seo-wordpress\/ -->\n<title>B\u00f3l du\u017cego palca u nogi \u2013 mo\u017cliwe przyczyny i leczenie - Centrum Wiedzy ALAB laboratoria<\/title>\n<meta name=\"description\" content=\"Ka\u017cde zaburzenie ruchomo\u015bci palucha lub osi ustawienia skutkuje nieprawid\u0142owym rozk\u0142adem si\u0142, co szybko prowadzi do b\u00f3lu i stanu zapalnego.\" \/>\n<meta name=\"robots\" content=\"index, follow, max-snippet:-1, max-image-preview:large, max-video-preview:-1\" \/>\n<link rel=\"canonical\" href=\"https:\/\/www.alab.pl\/centrum-wiedzy\/bol-duzego-palca-u-nogi-mozliwe-przyczyny-i-leczenie\/\" \/>\n<meta property=\"og:locale\" content=\"pl_PL\" \/>\n<meta property=\"og:type\" content=\"article\" \/>\n<meta property=\"og:title\" content=\"B\u00f3l du\u017cego palca u nogi \u2013 mo\u017cliwe przyczyny i leczenie - Centrum Wiedzy ALAB laboratoria\" \/>\n<meta property=\"og:description\" content=\"Ka\u017cde zaburzenie ruchomo\u015bci palucha lub osi ustawienia skutkuje nieprawid\u0142owym rozk\u0142adem si\u0142, co szybko prowadzi do b\u00f3lu i stanu zapalnego.\" \/>\n<meta property=\"og:url\" content=\"https:\/\/www.alab.pl\/centrum-wiedzy\/bol-duzego-palca-u-nogi-mozliwe-przyczyny-i-leczenie\/\" \/>\n<meta property=\"og:site_name\" content=\"Centrum Wiedzy ALAB laboratoria\" \/>\n<meta property=\"article:publisher\" content=\"https:\/\/www.facebook.com\/ALABlaboratoria\" \/>\n<meta property=\"article:published_time\" content=\"2026-01-07T07:49:19+00:00\" \/>\n<meta property=\"article:modified_time\" content=\"2026-01-07T07:49:22+00:00\" \/>\n<meta property=\"og:image\" content=\"https:\/\/www.alab.pl\/centrum-wiedzy\/wp-content\/uploads\/2026\/01\/bol_duzego_palca_u_nogi--scaled.jpg\" \/>\n\t<meta property=\"og:image:width\" content=\"2560\" \/>\n\t<meta property=\"og:image:height\" content=\"1920\" \/>\n\t<meta property=\"og:image:type\" content=\"image\/jpeg\" \/>\n<meta name=\"author\" content=\"Sandra S\u0142uszewska\" \/>\n<meta name=\"twitter:card\" content=\"summary_large_image\" \/>\n<meta name=\"twitter:label1\" content=\"Napisane przez\" \/>\n\t<meta name=\"twitter:data1\" content=\"Sandra S\u0142uszewska\" \/>\n\t<meta name=\"twitter:label2\" content=\"Szacowany czas czytania\" \/>\n\t<meta name=\"twitter:data2\" content=\"9 minut\" \/>\n\t<meta name=\"twitter:label3\" content=\"Written by\" \/>\n\t<meta name=\"twitter:data3\" content=\"Sandra S\u0142uszewska\" \/>\n<!-- \/ Yoast SEO plugin. -->","yoast_head_json":{"title":"B\u00f3l du\u017cego palca u nogi \u2013 mo\u017cliwe przyczyny i leczenie - Centrum Wiedzy ALAB laboratoria","description":"Ka\u017cde zaburzenie ruchomo\u015bci palucha lub osi ustawienia skutkuje nieprawid\u0142owym rozk\u0142adem si\u0142, co szybko prowadzi do b\u00f3lu i stanu zapalnego.","robots":{"index":"index","follow":"follow","max-snippet":"max-snippet:-1","max-image-preview":"max-image-preview:large","max-video-preview":"max-video-preview:-1"},"canonical":"https:\/\/www.alab.pl\/centrum-wiedzy\/bol-duzego-palca-u-nogi-mozliwe-przyczyny-i-leczenie\/","og_locale":"pl_PL","og_type":"article","og_title":"B\u00f3l du\u017cego palca u nogi \u2013 mo\u017cliwe przyczyny i leczenie - Centrum Wiedzy ALAB laboratoria","og_description":"Ka\u017cde zaburzenie ruchomo\u015bci palucha lub osi ustawienia skutkuje nieprawid\u0142owym rozk\u0142adem si\u0142, co szybko prowadzi do b\u00f3lu i stanu zapalnego.","og_url":"https:\/\/www.alab.pl\/centrum-wiedzy\/bol-duzego-palca-u-nogi-mozliwe-przyczyny-i-leczenie\/","og_site_name":"Centrum Wiedzy ALAB laboratoria","article_publisher":"https:\/\/www.facebook.com\/ALABlaboratoria","article_published_time":"2026-01-07T07:49:19+00:00","article_modified_time":"2026-01-07T07:49:22+00:00","og_image":[{"width":2560,"height":1920,"url":"https:\/\/www.alab.pl\/centrum-wiedzy\/wp-content\/uploads\/2026\/01\/bol_duzego_palca_u_nogi--scaled.jpg","type":"image\/jpeg"}],"author":"Sandra S\u0142uszewska","twitter_card":"summary_large_image","twitter_misc":{"Napisane przez":"Sandra S\u0142uszewska","Szacowany czas czytania":"9 minut","Written by":"Sandra S\u0142uszewska"},"schema":{"@context":"https:\/\/schema.org","@graph":[{"@type":"Article","@id":"https:\/\/www.alab.pl\/centrum-wiedzy\/bol-duzego-palca-u-nogi-mozliwe-przyczyny-i-leczenie\/#article","isPartOf":{"@id":"https:\/\/www.alab.pl\/centrum-wiedzy\/bol-duzego-palca-u-nogi-mozliwe-przyczyny-i-leczenie\/"},"author":{"name":"Sandra S\u0142uszewska","@id":"https:\/\/www.alab.pl\/centrum-wiedzy\/#\/schema\/person\/c615ff7d62d585a38d38cc93ab703793"},"headline":"B\u00f3l du\u017cego palca u nogi \u2013 mo\u017cliwe przyczyny i leczenie","datePublished":"2026-01-07T07:49:19+00:00","dateModified":"2026-01-07T07:49:22+00:00","mainEntityOfPage":{"@id":"https:\/\/www.alab.pl\/centrum-wiedzy\/bol-duzego-palca-u-nogi-mozliwe-przyczyny-i-leczenie\/"},"wordCount":1563,"publisher":{"@id":"https:\/\/www.alab.pl\/centrum-wiedzy\/#organization"},"image":{"@id":"https:\/\/www.alab.pl\/centrum-wiedzy\/bol-duzego-palca-u-nogi-mozliwe-przyczyny-i-leczenie\/#primaryimage"},"thumbnailUrl":"https:\/\/www.alab.pl\/centrum-wiedzy\/wp-content\/uploads\/2026\/01\/bol_duzego_palca_u_nogi--scaled.jpg","articleSection":["Warto wiedzie\u0107"],"inLanguage":"pl-PL"},{"@type":"WebPage","@id":"https:\/\/www.alab.pl\/centrum-wiedzy\/bol-duzego-palca-u-nogi-mozliwe-przyczyny-i-leczenie\/","url":"https:\/\/www.alab.pl\/centrum-wiedzy\/bol-duzego-palca-u-nogi-mozliwe-przyczyny-i-leczenie\/","name":"B\u00f3l du\u017cego palca u nogi \u2013 mo\u017cliwe przyczyny i leczenie - Centrum Wiedzy ALAB laboratoria","isPartOf":{"@id":"https:\/\/www.alab.pl\/centrum-wiedzy\/#website"},"primaryImageOfPage":{"@id":"https:\/\/www.alab.pl\/centrum-wiedzy\/bol-duzego-palca-u-nogi-mozliwe-przyczyny-i-leczenie\/#primaryimage"},"image":{"@id":"https:\/\/www.alab.pl\/centrum-wiedzy\/bol-duzego-palca-u-nogi-mozliwe-przyczyny-i-leczenie\/#primaryimage"},"thumbnailUrl":"https:\/\/www.alab.pl\/centrum-wiedzy\/wp-content\/uploads\/2026\/01\/bol_duzego_palca_u_nogi--scaled.jpg","datePublished":"2026-01-07T07:49:19+00:00","dateModified":"2026-01-07T07:49:22+00:00","description":"Ka\u017cde zaburzenie ruchomo\u015bci palucha lub osi ustawienia skutkuje nieprawid\u0142owym rozk\u0142adem si\u0142, co szybko prowadzi do b\u00f3lu i stanu zapalnego.","breadcrumb":{"@id":"https:\/\/www.alab.pl\/centrum-wiedzy\/bol-duzego-palca-u-nogi-mozliwe-przyczyny-i-leczenie\/#breadcrumb"},"inLanguage":"pl-PL","potentialAction":[{"@type":"ReadAction","target":["https:\/\/www.alab.pl\/centrum-wiedzy\/bol-duzego-palca-u-nogi-mozliwe-przyczyny-i-leczenie\/"]}]},{"@type":"ImageObject","inLanguage":"pl-PL","@id":"https:\/\/www.alab.pl\/centrum-wiedzy\/bol-duzego-palca-u-nogi-mozliwe-przyczyny-i-leczenie\/#primaryimage","url":"https:\/\/www.alab.pl\/centrum-wiedzy\/wp-content\/uploads\/2026\/01\/bol_duzego_palca_u_nogi--scaled.jpg","contentUrl":"https:\/\/www.alab.pl\/centrum-wiedzy\/wp-content\/uploads\/2026\/01\/bol_duzego_palca_u_nogi--scaled.jpg","width":2560,"height":1920,"caption":"b\u00f3l du\u017cego palca u nogi"},{"@type":"BreadcrumbList","@id":"https:\/\/www.alab.pl\/centrum-wiedzy\/bol-duzego-palca-u-nogi-mozliwe-przyczyny-i-leczenie\/#breadcrumb","itemListElement":[{"@type":"ListItem","position":1,"name":"Strona g\u0142\u00f3wna","item":"https:\/\/www.alab.pl\/centrum-wiedzy\/"},{"@type":"ListItem","position":2,"name":"B\u00f3l du\u017cego palca u nogi \u2013 mo\u017cliwe przyczyny i leczenie"}]},{"@type":"WebSite","@id":"https:\/\/www.alab.pl\/centrum-wiedzy\/#website","url":"https:\/\/www.alab.pl\/centrum-wiedzy\/","name":"Centrum Wiedzy ALAB laboratoria","description":"","publisher":{"@id":"https:\/\/www.alab.pl\/centrum-wiedzy\/#organization"},"potentialAction":[{"@type":"SearchAction","target":{"@type":"EntryPoint","urlTemplate":"https:\/\/www.alab.pl\/centrum-wiedzy\/?s={search_term_string}"},"query-input":{"@type":"PropertyValueSpecification","valueRequired":true,"valueName":"search_term_string"}}],"inLanguage":"pl-PL"},{"@type":"Organization","@id":"https:\/\/www.alab.pl\/centrum-wiedzy\/#organization","name":"Centrum Wiedzy ALAB laboratoria","url":"https:\/\/www.alab.pl\/centrum-wiedzy\/","logo":{"@type":"ImageObject","inLanguage":"pl-PL","@id":"https:\/\/www.alab.pl\/centrum-wiedzy\/#\/schema\/logo\/image\/","url":"https:\/\/www.alab.pl\/centrum-wiedzy\/wp-content\/uploads\/2022\/04\/alabek.jpg","contentUrl":"https:\/\/www.alab.pl\/centrum-wiedzy\/wp-content\/uploads\/2022\/04\/alabek.jpg","width":1250,"height":1251,"caption":"Centrum Wiedzy ALAB laboratoria"},"image":{"@id":"https:\/\/www.alab.pl\/centrum-wiedzy\/#\/schema\/logo\/image\/"},"sameAs":["https:\/\/www.facebook.com\/ALABlaboratoria"]},{"@type":"Person","@id":"https:\/\/www.alab.pl\/centrum-wiedzy\/#\/schema\/person\/c615ff7d62d585a38d38cc93ab703793","name":"Sandra S\u0142uszewska","image":{"@type":"ImageObject","inLanguage":"pl-PL","@id":"https:\/\/www.alab.pl\/centrum-wiedzy\/wp-content\/uploads\/2025\/02\/Sandra-Sluszewska-150x150.jpg1b25111ddf6b1d444f36196b209215a6","url":"https:\/\/www.alab.pl\/centrum-wiedzy\/wp-content\/uploads\/2025\/02\/Sandra-Sluszewska-150x150.jpg","contentUrl":"https:\/\/www.alab.pl\/centrum-wiedzy\/wp-content\/uploads\/2025\/02\/Sandra-Sluszewska-150x150.jpg","caption":"Sandra S\u0142uszewska"},"description":"Z wykszta\u0142cenia biolog, absolwentka biologii na Uniwersytecie Gda\u0144skim. Od lat zwi\u0105zana z bran\u017c\u0105 medyczn\u0105, gdzie \u0142\u0105czy wiedz\u0119 biologiczn\u0105 z praktycznym do\u015bwiadczeniem zawodowym. Autorka licznych tekst\u00f3w zdrowotnych i edukacyjnych dotycz\u0105cych m.in. diagnostyki medycznej, dermatologii, profilaktyki zdrowotnej, \u017cywienia oraz zdrowego stylu \u017cycia. W swoich tekstach opiera si\u0119 na aktualnych danych naukowych, dbaj\u0105c o ich rzetelne, praktyczne i zrozumia\u0142e przedstawienie.","url":"https:\/\/www.alab.pl\/centrum-wiedzy\/author\/sandra-sluszewska\/"}]}},"_links":{"self":[{"href":"https:\/\/www.alab.pl\/centrum-wiedzy\/wp-json\/wp\/v2\/posts\/28876","targetHints":{"allow":["GET"]}}],"collection":[{"href":"https:\/\/www.alab.pl\/centrum-wiedzy\/wp-json\/wp\/v2\/posts"}],"about":[{"href":"https:\/\/www.alab.pl\/centrum-wiedzy\/wp-json\/wp\/v2\/types\/post"}],"author":[{"embeddable":true,"href":"https:\/\/www.alab.pl\/centrum-wiedzy\/wp-json\/wp\/v2\/users\/185"}],"replies":[{"embeddable":true,"href":"https:\/\/www.alab.pl\/centrum-wiedzy\/wp-json\/wp\/v2\/comments?post=28876"}],"version-history":[{"count":2,"href":"https:\/\/www.alab.pl\/centrum-wiedzy\/wp-json\/wp\/v2\/posts\/28876\/revisions"}],"predecessor-version":[{"id":28879,"href":"https:\/\/www.alab.pl\/centrum-wiedzy\/wp-json\/wp\/v2\/posts\/28876\/revisions\/28879"}],"wp:featuredmedia":[{"embeddable":true,"href":"https:\/\/www.alab.pl\/centrum-wiedzy\/wp-json\/wp\/v2\/media\/28878"}],"wp:attachment":[{"href":"https:\/\/www.alab.pl\/centrum-wiedzy\/wp-json\/wp\/v2\/media?parent=28876"}],"wp:term":[{"taxonomy":"category","embeddable":true,"href":"https:\/\/www.alab.pl\/centrum-wiedzy\/wp-json\/wp\/v2\/categories?post=28876"},{"taxonomy":"post_tag","embeddable":true,"href":"https:\/\/www.alab.pl\/centrum-wiedzy\/wp-json\/wp\/v2\/tags?post=28876"},{"taxonomy":"author","embeddable":true,"href":"https:\/\/www.alab.pl\/centrum-wiedzy\/wp-json\/wp\/v2\/coauthors?post=28876"}],"curies":[{"name":"wp","href":"https:\/\/api.w.org\/{rel}","templated":true}]}}