{"id":28946,"date":"2026-01-08T14:58:32","date_gmt":"2026-01-08T13:58:32","guid":{"rendered":"https:\/\/www.alab.pl\/centrum-wiedzy\/?p=28946"},"modified":"2026-01-08T14:58:35","modified_gmt":"2026-01-08T13:58:35","slug":"uchylek-meckela-czym-jest-objawy-przyczyny-diagnostyka-i-leczenie","status":"publish","type":"post","link":"https:\/\/www.alab.pl\/centrum-wiedzy\/uchylek-meckela-czym-jest-objawy-przyczyny-diagnostyka-i-leczenie\/","title":{"rendered":"Uchy\u0142ek Meckela \u2013 czym jest? Objawy, przyczyny, diagnostyka i leczenie"},"content":{"rendered":"\n<p><strong>Uchy\u0142ek Meckela to wrodzona anomalia w jelicie cienkim, kt\u00f3ra przez lata mo\u017ce nie dawa\u0107 \u017cadnych objaw\u00f3w. Gdy jednak dochodzi do powik\u0142a\u0144, mo\u017ce powodowa\u0107 silny b\u00f3l brzucha, krwawienia lub niedro\u017cno\u015b\u0107 jelit. Sprawd\u017a, jak rozpozna\u0107 uchy\u0142ek Meckela, jakie s\u0105 metody diagnostyki i kiedy konieczne jest leczenie.<\/strong><\/p>\n\n\n\n<figure class=\"wp-block-table\"><table class=\"has-fixed-layout\"><tbody><tr><td><strong>Z tego artyku\u0142u dowiesz si\u0119, \u017ce:<\/strong> <br>>> uchy\u0142ek Meckela to wrodzone uwypuklenie \u015bciany jelita cienkiego, kt\u00f3re u wi\u0119kszo\u015bci os\u00f3b nie powoduje objaw\u00f3w, ale mo\u017ce prowadzi\u0107 do komplikacji, <br>>> objawy (b\u00f3l brzucha, krwawienie z przewodu pokarmowego, niedro\u017cno\u015b\u0107 jelit), najcz\u0119\u015bciej pojawiaj\u0105 si\u0119 u dzieci i m\u0142odych doros\u0142ych,<br>>> do najgro\u017aniejszych powik\u0142a\u0144 nale\u017c\u0105 zapalenie uchy\u0142ka, perforacja oraz niedro\u017cno\u015b\u0107 jelit, <br>>> aby potwierdzi\u0107 obecno\u015b\u0107 uchy\u0142ka Meckela, konieczne s\u0105 badania obrazowe, <br>>> leczenie polega na chirurgicznym usuni\u0119ciu uchy\u0142ka, a decyzja o resekcji zale\u017cy m.in. od wieku pacjenta, d\u0142ugo\u015bci uchy\u0142ka i obecno\u015bci tkanki ektopowej.<\/td><\/tr><\/tbody><\/table><\/figure>\n\n\n\n<p><strong>Spis tre\u015bci:<\/strong><\/p>\n\n\n\n<ol class=\"wp-block-list\">\n<li><a href=\"#Czym-jest-uchy\u0142ek-Meckela?\">Czym jest uchy\u0142ek Meckela?<\/a><\/li>\n\n\n\n<li><a href=\"#Wyst\u0119powanie-(epidemiologia)-uchy\u0142ku-Meckela\">Wyst\u0119powanie (epidemiologia) uchy\u0142ku Meckela<\/a>\n<ul class=\"wp-block-list\">\n<li><a href=\"#Czynniki-ryzyka-wyst\u0105pienia-uchy\u0142ku-Meckela\">Czynniki ryzyka wyst\u0105pienia uchy\u0142ku Meckela<\/a><\/li>\n<\/ul>\n<\/li>\n\n\n\n<li><a href=\"#Przyczyny-wyst\u0119powania-uchy\u0142ku-Meckela\">Przyczyny wyst\u0119powania uchy\u0142ku Meckela<\/a><\/li>\n\n\n\n<li><a href=\"#Uchy\u0142ek-Meckela:-objawy-chorobowe-zwi\u0105zane-z-uchy\u0142kiem-jelita-kr\u0119tego\">Uchy\u0142ek Meckela: objawy chorobowe zwi\u0105zane z uchy\u0142kiem jelita kr\u0119tego<\/a>\n<ul class=\"wp-block-list\">\n<li><span style=\"color: initial;\"><a href=\"#Zapalenie-uchy\u0142ka-Meckela\">Zapalenie uchy\u0142ka Meckela<\/a><\/span><\/li>\n\n\n\n<li><span style=\"color: initial;\"><a href=\"#Niedro\u017cno\u015b\u0107-jelit-przy-uchy\u0142ku-jelita-kr\u0119tego\">Niedro\u017cno\u015b\u0107 jelit przy uchy\u0142ku jelita kr\u0119tego<\/a><\/span><\/li>\n\n\n\n<li><a href=\"#Owrzodzenia-i-krwawienia-z-uchy\u0142ku-Meckela\">Owrzodzenia i krwawienia z uchy\u0142ku Meckela<\/a><\/li>\n<\/ul>\n<\/li>\n\n\n\n<li><a href=\"#Diagnostyka-uchy\u0142ku-Mechela:-jak-lekarz-stawia-rozpoznanie?\">Diagnostyka uchy\u0142ku Mechela: jak lekarz stawia rozpoznanie?<\/a><\/li>\n\n\n\n<li><a href=\"#Uchy\u0142ek-Meckela:-leczenie-przypad\u0142o\u015bci\">Uchy\u0142ek Meckela: leczenie przypad\u0142o\u015bci<\/a>\n<ul class=\"wp-block-list\">\n<li><a href=\"#Znaczenie-diety-i-stylu-\u017cycia-przy-uchy\u0142ku-jelita-kr\u0119tego\">Znaczenie diety i stylu \u017cycia przy uchy\u0142ku jelita kr\u0119tego<\/a><\/li>\n<\/ul>\n<\/li>\n\n\n\n<li><a href=\"#Uchy\u0142ek-Meckela:-powik\u0142ania-nieleczonego-uchy\u0142ku-jelita\">Uchy\u0142ek Meckela: powik\u0142ania nieleczonego uchy\u0142ku jelita<\/a><\/li>\n\n\n\n<li><a href=\"#Uchy\u0142ek-jelita-kr\u0119tego:-najcz\u0119stsze-pytania-(FAQ)\">Uchy\u0142ek jelita kr\u0119tego: najcz\u0119stsze pytania (FAQ)<\/a><\/li>\n\n\n\n<li><a href=\"#Uchy\u0142ek-Meckela:-zako\u0144czenie\">Uchy\u0142ek Meckela: zako\u0144czenie<\/a><\/li>\n<\/ol>\n\n\n\n<h2 class=\"wp-block-heading\" id=\"Czym-jest-uchy\u0142ek-Meckela?\">Czym jest uchy\u0142ek Meckela?<\/h2>\n\n\n\n<p><strong>Uchy\u0142ek Meckela<\/strong> (w klasyfikacji ICD-10 oznaczony kodem Q43.0) to niewielkie <strong>uwypuklenie \u015bciany jelita cienkiego<\/strong>, kt\u00f3re powstaje <strong>w \u017cyciu p\u0142odowym<\/strong> i stanowi pozosta\u0142o\u015b\u0107 po <strong>przewodzie \u017c\u00f3\u0142tkowo-jelitowym<\/strong>.<\/p>\n\n\n\n<p>Uchy\u0142ek to struktura odchodz\u0105ca od \u015bwiat\u0142a jelita, najcz\u0119\u015bciej o \u015blepym zako\u0144czeniu, kt\u00f3ra nie pe\u0142ni funkcji czynnych w <a href=\"https:\/\/www.alab.pl\/centrum-wiedzy\/budowa-funkcje-i-najczestsze-choroby-ukladu-pokarmowego-czlowieka\/\">uk\u0142adzie pokarmowym<\/a>. W przypadku uchy\u0142ka Meckela m\u00f3wimy o tzw. <strong>uchy\u0142ku prawdziwym<\/strong>. Oznacza to, \u017ce zbudowany jest ze <strong>wszystkich warstw \u015bciany jelita<\/strong>.<\/p>\n\n\n\n<p>Zazwyczaj znajduje si\u0119 na <strong>przeciwkrezkowej stronie jelita kr\u0119tego<\/strong>, <strong>w odleg\u0142o\u015bci 40-60 cm od zastawki kr\u0119tniczo-k\u0105tniczej<\/strong>, a jego typowe wymiary to oko\u0142o <strong>2-5 cm d\u0142ugo\u015bci i 1-2 cm \u015brednicy<\/strong>.<\/p>\n\n\n\n<figure class=\"wp-block-image size-full\"><a href=\"https:\/\/www.alab.pl\/pakiet\/pakiet-zdrowe-jelita\"><img loading=\"lazy\" decoding=\"async\" width=\"800\" height=\"200\" src=\"https:\/\/www.alab.pl\/centrum-wiedzy\/wp-content\/uploads\/2025\/03\/Pakiet-zdrowe-jelita-1.jpg\" alt=\"Pakiet zdrowe jelita banerek\" class=\"wp-image-22066\" srcset=\"https:\/\/www.alab.pl\/centrum-wiedzy\/wp-content\/uploads\/2025\/03\/Pakiet-zdrowe-jelita-1.jpg 800w, https:\/\/www.alab.pl\/centrum-wiedzy\/wp-content\/uploads\/2025\/03\/Pakiet-zdrowe-jelita-1-768x192.jpg 768w, https:\/\/www.alab.pl\/centrum-wiedzy\/wp-content\/uploads\/2025\/03\/Pakiet-zdrowe-jelita-1-150x38.jpg 150w, https:\/\/www.alab.pl\/centrum-wiedzy\/wp-content\/uploads\/2025\/03\/Pakiet-zdrowe-jelita-1-300x75.jpg 300w, https:\/\/www.alab.pl\/centrum-wiedzy\/wp-content\/uploads\/2025\/03\/Pakiet-zdrowe-jelita-1-696x174.jpg 696w\" sizes=\"auto, (max-width: 800px) 100vw, 800px\" \/><\/a><\/figure>\n\n\n\n<h2 class=\"wp-block-heading\" id=\"Wyst\u0119powanie-(epidemiologia)-uchy\u0142ku-Meckela\">Wyst\u0119powanie (epidemiologia) uchy\u0142ku Meckela<\/h2>\n\n\n\n<p>Uchy\u0142ek Meckela jest <strong>najcz\u0119stsz\u0105 wrodzon\u0105 anomali\u0105 przewodu pokarmowego<\/strong>, wyst\u0119puj\u0105ca u 0,3-4% populacji. Zmiana ta cz\u0119\u015bciej wyst\u0119puje u m\u0119\u017cczyzn, nawet dwukrotnie cz\u0119\u015bciej ni\u017c u kobiet.<\/p>\n\n\n\n<figure class=\"wp-block-table\"><table class=\"has-fixed-layout\"><tbody><tr><td><strong>Warto wiedzie\u0107:<\/strong> <br>Uchy\u0142ek Meckela bywa opisywany za pomoc\u0105 tzw. <strong>regu\u0142y dw\u00f3jek<\/strong>: wyst\u0119puje u <strong>oko\u0142o 2% populacji<\/strong>, jest <strong>dwukrotnie<\/strong> cz\u0119stszy u m\u0119\u017cczyzn, ma d\u0142ugo\u015b\u0107 <strong>oko\u0142o 2 cali <\/strong>(ok. 5 cm) i zwykle zlokalizowany jest <strong>oko\u0142o<\/strong> <strong>2 stopy<\/strong> (ok. 60 cm) od zastawki kr\u0119tniczo\u2011k\u0105tniczej.<\/td><\/tr><\/tbody><\/table><\/figure>\n\n\n\n<h3 class=\"wp-block-heading\" id=\"Czynniki-ryzyka-wyst\u0105pienia-uchy\u0142ku-Meckela\">Czynniki ryzyka wyst\u0105pienia uchy\u0142ku Meckela<\/h3>\n\n\n\n<p>Uchy\u0142ek Meckela jest <strong>wad\u0105 rozwojow\u0105 powstaj\u0105c\u0105 w \u017cyciu p\u0142odowym<\/strong>. Nie zidentyfikowano jednoznacznych czynnik\u00f3w ryzyka jego wyst\u0105pienia. Mo\u017ce jednak cz\u0119\u015bciej wyst\u0119powa\u0107 u os\u00f3b z innymi wadami wrodzonymi, zw\u0142aszcza uk\u0142adu pokarmowego, <a href=\"https:\/\/www.alab.pl\/centrum-wiedzy\/uklad-nerwowy-czlowieka-budowa-funkcje-podzial\/\">nerwowego<\/a> i sercowo-naczyniowego.<\/p>\n\n\n\n<h2 class=\"wp-block-heading\" id=\"Przyczyny-wyst\u0119powania-uchy\u0142ku-Meckela\">Przyczyny wyst\u0119powania uchy\u0142ku Meckela<\/h2>\n\n\n\n<p>Przyczyn\u0105 uchy\u0142ku Meckela jest <strong>przetrwanie cz\u0119\u015bci przewodu \u017c\u00f3\u0142tkowo-jelitowego<\/strong> \u2013 struktury, kt\u00f3ra w \u017cyciu p\u0142odowym \u0142\u0105czy jelito z p\u0119cherzykiem \u017c\u00f3\u0142tkowym i zwykle zanika mi\u0119dzy 5. a 7. tygodniem ci\u0105\u017cy. W efekcie mo\u017ce powsta\u0107 \u015blepo zako\u0144czone uwypuklenie jelita kr\u0119tego, czyli uchy\u0142ek Meckela.<\/p>\n\n\n\n<h2 class=\"wp-block-heading\" id=\"Uchy\u0142ek-Meckela:-objawy-chorobowe-zwi\u0105zane-z-uchy\u0142kiem-jelita-kr\u0119tego\">Uchy\u0142ek Meckela: objawy chorobowe zwi\u0105zane z uchy\u0142kiem jelita kr\u0119tego<\/h2>\n\n\n\n<p>U wi\u0119kszo\u015bci os\u00f3b uchy\u0142ek Meckela <strong>nie powoduje \u017cadnych dolegliwo\u015bci<\/strong> i pozostaje niewykryty przez ca\u0142e \u017cycie. Objawy wyst\u0119puj\u0105 u oko\u0142o 4-6% pacjent\u00f3w i zwykle s\u0105 <strong>zwi\u0105zane z powik\u0142aniami<\/strong>. Najcz\u0119\u015bciej pojawiaj\u0105 si\u0119 przed 10. rokiem \u017cycia, ale mog\u0105 wyst\u0105pi\u0107 r\u00f3wnie\u017c u doros\u0142ych.<\/p>\n\n\n\n<h3 class=\"wp-block-heading\" id=\"Zapalenie-uchy\u0142ka-Meckela\">Zapalenie uchy\u0142ka Meckela<\/h3>\n\n\n\n<p><strong>Zapalenie uchy\u0142ka<\/strong> (tzw. <em>Meckelitis<\/em>) mo\u017ce wyst\u0105pi\u0107 w wyniku zatkania jego uj\u015bcia przez tre\u015b\u0107 jelitow\u0105, kamie\u0144 ka\u0142owy, a rzadziej zmian\u0119 nowotworow\u0105. Stan ten przypomina <a href=\"https:\/\/www.alab.pl\/centrum-wiedzy\/zapalenie-wyrostka-robaczkowego-gdzie-jest-wyrostek-i-jak-rozpoznac-objawy-zapalenia\/\">zapalenie wyrostka robaczkowego<\/a>. Objawy obejmuj\u0105:<\/p>\n\n\n\n<ul class=\"wp-block-list\">\n<li><a href=\"https:\/\/www.alab.pl\/centrum-wiedzy\/bol-brzucha-mozliwe-przyczyny-badania\/\">b\u00f3l w dolnej cz\u0119\u015bci brzucha<\/a> (najcz\u0119\u015bciej po prawej stronie),<\/li>\n\n\n\n<li>gor\u0105czk\u0119,<\/li>\n\n\n\n<li>nudno\u015bci, <a href=\"https:\/\/www.alab.pl\/centrum-wiedzy\/wymioty-czym-sa-mozliwe-przyczyny-diagnostyka-i-leczenie\/\">wymioty<\/a>,<\/li>\n\n\n\n<li><a href=\"https:\/\/www.alab.pl\/centrum-wiedzy\/objaw-blumberga-czym-jest-i-na-co-wskazuje\/\">tkliwo\u015b\u0107 uciskow\u0105 brzucha<\/a> oraz cechy podra\u017cnienia otrzewnej.<\/li>\n<\/ul>\n\n\n\n<p>W przypadku progresji zapalenia mo\u017ce doj\u015b\u0107 do <strong>perforacji uchy\u0142ka<\/strong> i <strong>rozwoju zapalenia otrzewnej<\/strong>, wymagaj\u0105cego pilnej interwencji chirurgicznej.<\/p>\n\n\n\n<h3 class=\"wp-block-heading\" id=\"Niedro\u017cno\u015b\u0107-jelit-przy-uchy\u0142ku-jelita-kr\u0119tego\">Niedro\u017cno\u015b\u0107 jelit przy uchy\u0142ku jelita kr\u0119tego<\/h3>\n\n\n\n<p>U doros\u0142ych uchy\u0142ek Meckela cz\u0119\u015bciej prowadzi do <strong>niedro\u017cno\u015bci mechanicznej jelit<\/strong>. Mo\u017ce do niej doj\u015b\u0107 poprzez:<\/p>\n\n\n\n<ul class=\"wp-block-list\">\n<li>wsuni\u0119cie si\u0119 fragmentu jelita w jego inny odcinek i zablokowanie jego dro\u017cno\u015bci (wg\u0142obienie),<\/li>\n\n\n\n<li>skr\u0119cenie jelita wok\u00f3\u0142 pasma tkanki \u0142\u0105cznej,<\/li>\n\n\n\n<li>wyst\u0119powanie zrost\u00f3w powsta\u0142ych po wcze\u015bniejszych stanach zapalnych uchy\u0142ka,<\/li>\n\n\n\n<li>uciskanie i zw\u0119\u017cenie \u015bwiat\u0142a jelita przez powi\u0119kszony lub obj\u0119ty stanem zapalnym uchy\u0142ek.<\/li>\n<\/ul>\n\n\n\n<p>Objawy niedro\u017cno\u015bci jelit obejmuj\u0105:<\/p>\n\n\n\n<ul class=\"wp-block-list\">\n<li><a href=\"https:\/\/www.alab.pl\/centrum-wiedzy\/wzdecia-brzucha-kiedy-zglosic-sie-do-lekarza\/\">wzd\u0119cia, rozd\u0119cie brzucha<\/a>,<\/li>\n\n\n\n<li>b\u00f3l o charakterze kolkowym,<\/li>\n\n\n\n<li>nudno\u015bci, wymioty,<\/li>\n\n\n\n<li>zatrzymanie gaz\u00f3w i stolca.<\/li>\n<\/ul>\n\n\n\n<p><strong>&gt;&gt; Przeczytaj: <\/strong><a href=\"https:\/\/www.alab.pl\/centrum-wiedzy\/niedroznosc-jelit-objawy-przyczyny-i-leczenie\/\"><strong>Niedro\u017cno\u015b\u0107 jelit \u2013 objawy, przyczyny i leczenie<\/strong><\/a><strong><\/strong><\/p>\n\n\n\n<h3 class=\"wp-block-heading\" id=\"Owrzodzenia-i-krwawienia-z-uchy\u0142ku-Meckela\">Owrzodzenia i krwawienia z uchy\u0142ku Meckela<\/h3>\n\n\n\n<p>Krwawienie z uchy\u0142ka Meckela jest najcz\u0119stszym powik\u0142aniem u dzieci. Zazwyczaj spowodowane jest obecno\u015bci\u0105 <strong>ektopowej b\u0142ony \u015bluzowej \u017co\u0142\u0105dka<\/strong> w uchy\u0142ku, kt\u00f3ra wydziela kwas solny i prowadzi do powstania owrzodze\u0144 w przylegaj\u0105cym jelicie.<\/p>\n\n\n\n<p>Do typowych objaw\u00f3w nale\u017c\u0105:<\/p>\n\n\n\n<ul class=\"wp-block-list\">\n<li><strong>u dzieci:<\/strong> <a href=\"https:\/\/www.alab.pl\/centrum-wiedzy\/krew-w-kale-u-dziecka-i-niemowlaka-co-moze-oznaczac-i-jakie-badania-wykonac\/\">obecno\u015b\u0107 \u015bwie\u017cej, czerwonej krwi w stolcu<\/a>, najcz\u0119\u015bciej bez b\u00f3lu,<\/li>\n\n\n\n<li><strong>u doros\u0142ych:<\/strong> <a href=\"https:\/\/www.alab.pl\/centrum-wiedzy\/czarny-stolec-smolisty-stolec-przyczyny-diagnostyka-postepowanie\/\">melena (smoliste stolce)<\/a> lub objawy przewlek\u0142ej utraty krwi (<a href=\"https:\/\/www.alab.pl\/centrum-wiedzy\/rodzaje-anemii-i-ich-przyczyny\/\">niedokrwisto\u015bci<\/a>).<\/li>\n<\/ul>\n\n\n\n<p>Rzadziej \u017ar\u00f3d\u0142em krwawienia bywa ektopowa tkanka trzustkowa lub zmiana nowotworowa w uchy\u0142ku.<\/p>\n\n\n\n<h2 class=\"wp-block-heading\" id=\"Diagnostyka-uchy\u0142ku-Mechela:-jak-lekarz-stawia-rozpoznanie?\">Diagnostyka uchy\u0142ku Mechela: jak lekarz stawia rozpoznanie?<\/h2>\n\n\n\n<p>W post\u0119powaniu diagnostycznym lekarz bierze pod uwag\u0119 wiek pacjenta, charakter objaw\u00f3w oraz wyniki bada\u0144 dodatkowych. W diagnostyce stosuje si\u0119:<\/p>\n\n\n\n<ul class=\"wp-block-list\">\n<li><strong>Badania obrazowe<\/strong>:\n<ul class=\"wp-block-list\">\n<li><strong>Scyntygrafia z technetem-99m:<\/strong> wykrywa ektopow\u0105 \u015bluz\u00f3wk\u0119 \u017co\u0142\u0105dka w uchy\u0142ku,<\/li>\n\n\n\n<li><strong>TK jamy brzusznej z kontrastem:<\/strong> przy podejrzeniu niedro\u017cno\u015bci, zapalenia lub perforacji,<\/li>\n\n\n\n<li><strong>Endoskopia kapsu\u0142kowa lub enteroskopia dwubalonowa:<\/strong> w przypadku przewlek\u0142ego, trudnego do zlokalizowania krwawienia.<br><\/li>\n<\/ul>\n<\/li>\n\n\n\n<li><strong>Badania laboratoryjne<\/strong>:\n<ul class=\"wp-block-list\">\n<li><a href=\"https:\/\/www.alab.pl\/pakiet\/pakiet-morfologia-z-ocena-mikroskopowa-rozmazu-krwi-obwodowej\"><strong>Morfologia krwi<\/strong><\/a><strong>:<\/strong> mo\u017ce ujawni\u0107 niedokrwisto\u015b\u0107 (spadek hemoglobiny, hematokrytu),<\/li>\n\n\n\n<li><a href=\"https:\/\/www.alab.pl\/badanie\/ferrytyna-l05\"><strong>Poziomy ferrytyny<\/strong><\/a><strong>, <\/strong><a href=\"https:\/\/www.alab.pl\/badanie\/zelazo-w-surowicy-o95\"><strong>\u017celaza<\/strong><\/a><strong>:<\/strong> pomocne w ocenie niedokrwisto\u015bci z niedoboru \u017celaza,<\/li>\n\n\n\n<li><a href=\"https:\/\/www.alab.pl\/badanie\/bialko-c-reaktywne-crp-hs-wysokiej-czulosci-i81\"><strong>CRP<\/strong><\/a><strong>,<\/strong> <strong>poziom leukocyt\u00f3w:<\/strong> wska\u017aniki stanu zapalnego.<\/li>\n<\/ul>\n<\/li>\n<\/ul>\n\n\n\n<p>U wielu pacjent\u00f3w uchy\u0142ek Meckela rozpoznawany jest dopiero podczas zabiegu operacyjnego, najcz\u0119\u015bciej wykonywanego z powodu ostrego b\u00f3lu brzucha lub podejrzenia <a href=\"https:\/\/www.alab.pl\/centrum-wiedzy\/zapalenie-wyrostka-robaczkowego-gdzie-jest-wyrostek-i-jak-rozpoznac-objawy-zapalenia\/\">zapalenia wyrostka robaczkowego<\/a>, poniewa\u017c objawy obu schorze\u0144 mog\u0105 by\u0107 bardzo podobne.<\/p>\n\n\n\n<h2 class=\"wp-block-heading\" id=\"Uchy\u0142ek-Meckela:-leczenie-przypad\u0142o\u015bci\">Uchy\u0142ek Meckela: leczenie przypad\u0142o\u015bci<\/h2>\n\n\n\n<p>Leczenie uchy\u0142ka Meckela zale\u017cy od jego przebiegu klinicznego. W przypadku <strong>wyst\u0105pienia objaw\u00f3w<\/strong> lub <strong>powik\u0142a\u0144<\/strong> (krwawienia, zapalenia, niedro\u017cno\u015bci, perforacji), konieczne jest leczenie chirurgiczne:<\/p>\n\n\n\n<ul class=\"wp-block-list\">\n<li><strong>proste wyci\u0119cie uchy\u0142ka (divertikulektomia):<\/strong> wyci\u0119cie samego uchy\u0142ka,<\/li>\n\n\n\n<li><strong>resekcja odcinkowa jelita:<\/strong> usuni\u0119cie fragmentu jelita cienkiego z uchy\u0142kiem i zespolenie ko\u0144c\u00f3w jelita. Wybierana, gdy uchy\u0142ek ma szerok\u0105 podstaw\u0119, zawiera zmian\u0119 nowotworow\u0105, ektopow\u0105 tkank\u0119 lub gdy dosz\u0142o do martwicy.<\/li>\n<\/ul>\n\n\n\n<p>W przypadku wykrycia uchy\u0142ka Meckela podczas operacji wykonywanej z innego powodu decyzja o jego usuni\u0119ciu zale\u017cy od wieku pacjenta, p\u0142ci oraz cech anatomicznych uchy\u0142ka.<\/p>\n\n\n\n<p>Zazwyczaj zaleca si\u0119 <strong>profilaktyczne usuni\u0119cie u dzieci i m\u0142odych doros\u0142ych,<\/strong> zw\u0142aszcza m\u0119\u017cczyzn, oraz w przypadku uchy\u0142k\u00f3w d\u0142u\u017cszych ni\u017c 2 cm, zawieraj\u0105cych tkank\u0119 ektopow\u0105 lub po\u0142\u0105czonych pasmem \u0142\u0105cznotkankowym z p\u0119pkiem.<\/p>\n\n\n\n<p><strong>&gt;&gt; Przeczytaj: <\/strong><a href=\"https:\/\/www.alab.pl\/centrum-wiedzy\/zespol-krotkiego-jelita-przyczyny-objawy-leczenie-i-dieta\/\"><strong>Zesp\u00f3\u0142 kr\u00f3tkiego jelita: przyczyny, objawy, leczenie i dieta<\/strong><\/a><strong><\/strong><\/p>\n\n\n\n<h3 class=\"wp-block-heading\" id=\"Znaczenie-diety-i-stylu-\u017cycia-przy-uchy\u0142ku-jelita-kr\u0119tego\">Znaczenie diety i stylu \u017cycia przy uchy\u0142ku jelita kr\u0119tego<\/h3>\n\n\n\n<p>Uchy\u0142ek Meckela to wada wrodzona, <strong>niezale\u017cna od diety czy stylu \u017cycia<\/strong>. Nie ma dowod\u00f3w, \u017ce spos\u00f3b od\u017cywiania wp\u0142ywa na ryzyko jego powik\u0142a\u0144.<\/p>\n\n\n\n<p>Po <strong>leczeniu operacyjnym uchy\u0142ka<\/strong> zaleca si\u0119 <a href=\"https:\/\/www.alab.pl\/centrum-wiedzy\/dieta-lekkostrawna-komu-jest-zalecana-i-na-czym-polega\/\"><strong>diet\u0119 lekkostrawn\u0105<\/strong><\/a> z ograniczeniem produkt\u00f3w wzdymaj\u0105cych, ostrych przypraw i t\u0142uszcz\u00f3w zwierz\u0119cych. W dalszym okresie warto dba\u0107 o <strong>regularno\u015b\u0107 posi\u0142k\u00f3w<\/strong>, <a href=\"https:\/\/www.alab.pl\/centrum-wiedzy\/jedz-blonnik-twoje-jelita-beda-ci-wdzieczne\/\"><strong>odpowiedni\u0105 ilo\u015b\u0107 b\u0142onnika<\/strong><\/a>, <a href=\"https:\/\/www.alab.pl\/centrum-wiedzy\/nawadnianie-organizmu-suplementacja-elektrolitow\/\"><strong>nawodnienie<\/strong><\/a> i <strong>unikanie <\/strong><a href=\"https:\/\/www.alab.pl\/centrum-wiedzy\/zaparcie-czynnosciowe-objawy-przyczyny-profilaktyka\/\"><strong>zapar\u0107<\/strong><\/a>, by wspiera\u0107 prawid\u0142ow\u0105 prac\u0119 jelit.<\/p>\n\n\n\n<h2 class=\"wp-block-heading\" id=\"Uchy\u0142ek-Meckela:-powik\u0142ania-nieleczonego-uchy\u0142ku-jelita\">Uchy\u0142ek Meckela: powik\u0142ania nieleczonego uchy\u0142ku jelita<\/h2>\n\n\n\n<p>Nieleczony, objawowy uchy\u0142ek mo\u017ce prowadzi\u0107 do:<\/p>\n\n\n\n<ul class=\"wp-block-list\">\n<li>krwawienia z przewodu pokarmowego,<\/li>\n\n\n\n<li>zapalenia i perforacji,<\/li>\n\n\n\n<li>mechanicznej niedro\u017cno\u015bci jelit (np. wskutek wg\u0142obienia lub skr\u0119tu),<\/li>\n\n\n\n<li>rzadziej: nowotworu (rakowiak, GIST, gruczolakorak).<\/li>\n<\/ul>\n\n\n\n<p>Ryzyko powik\u0142a\u0144 jest wy\u017csze u m\u0142odszych pacjent\u00f3w, szczeg\u00f3lnie m\u0119\u017cczyzn oraz przy obecno\u015bci tkanki ektopowej w uchy\u0142ku.<\/p>\n\n\n\n<h2 class=\"wp-block-heading\" id=\"Uchy\u0142ek-jelita-kr\u0119tego:-najcz\u0119stsze-pytania-(FAQ)\">Uchy\u0142ek jelita kr\u0119tego: najcz\u0119stsze pytania (FAQ)<\/h2>\n\n\n\n<p>Odpowiedzi na najcz\u0119stsze pytania dotycz\u0105ce uchy\u0142ka Meckela.<\/p>\n\n\n\n<div class=\"schema-faq wp-block-yoast-faq-block\"><div class=\"schema-faq-section\" id=\"faq-question-1767880429871\"><strong class=\"schema-faq-question\"><strong>Co to jest uchy\u0142ek Meckela?<\/strong><\/strong> <p class=\"schema-faq-answer\">To wrodzone uwypuklenie \u015bciany jelita cienkiego, b\u0119d\u0105ce pozosta\u0142o\u015bci\u0105 przewodu \u017c\u00f3\u0142tkowo-jelitowego. Mo\u017ce zawiera\u0107 tkanki typowe dla innych narz\u0105d\u00f3w, np. \u017co\u0142\u0105dka lub <a href=\"https:\/\/www.alab.pl\/centrum-wiedzy\/trzustka-budowa-funkcje-polozenie\/\">trzustki<\/a>.<\/p> <\/div> <div class=\"schema-faq-section\" id=\"faq-question-1767880454745\"><strong class=\"schema-faq-question\"><strong>Gdzie boli uchy\u0142ek Meckela?<\/strong><\/strong> <p class=\"schema-faq-answer\">B\u00f3l najcz\u0119\u015bciej pojawia si\u0119 w dolnej cz\u0119\u015bci brzucha, zwykle po prawej stronie.<\/p> <\/div> <div class=\"schema-faq-section\" id=\"faq-question-1767880472335\"><strong class=\"schema-faq-question\"><strong>Jakie s\u0105 objawy uchy\u0142ka Meckela u dzieci?<\/strong><\/strong> <p class=\"schema-faq-answer\">Najcz\u0119stszy objaw to bezbolesne krwawienie z odbytu, cz\u0119sto w postaci krwistych stolc\u00f3w. Rzadziej wyst\u0119puj\u0105 b\u00f3le brzucha, objawy zapalenia lub niedro\u017cno\u015bci jelit.<\/p> <\/div> <\/div>\n\n\n\n<h2 class=\"wp-block-heading\" id=\"Uchy\u0142ek-Meckela:-zako\u0144czenie\">Uchy\u0142ek Meckela: zako\u0144czenie<\/h2>\n\n\n\n<p>Uchy\u0142ek Meckela to najcz\u0119stsza wada wrodzona przewodu pokarmowego, kt\u00f3ra u wi\u0119kszo\u015bci os\u00f3b nie powoduje dolegliwo\u015bci, ale w niekt\u00f3rych przypadkach mo\u017ce prowadzi\u0107 do powa\u017cnych powik\u0142a\u0144. Kluczowe znaczenie ma szybka diagnostyka w przypadku krwawie\u0144, b\u00f3lu brzucha czy objaw\u00f3w niedro\u017cno\u015bci jelit.<\/p>\n\n\n\n<p>Je\u015bli do\u015bwiadczasz nawracaj\u0105cych dolegliwo\u015bci ze strony jamy brzusznej o niejasnym pochodzeniu, skonsultuj si\u0119 z lekarzem i wykonaj odpowiednie badania. Wczesna diagnoza mo\u017ce zapobiec gro\u017anym nast\u0119pstwom i pozwoli\u0107 na skuteczne leczenie.<\/p>\n\n\n\n<hr class=\"wp-block-separator has-alpha-channel-opacity\"\/>\n\n\n\n<p><strong>Bibliografia<\/strong><\/p>\n\n\n\n<ol class=\"wp-block-list\">\n<li>Eder P., Szczepanek M., Bartnik W. Uchy\u0142ki jelita grubego. W: Medycyna Praktyczna. Interna. Ma\u0142y podr\u0119cznik: Choroby przewodu pokarmowego. Krak\u00f3w: Medycyna Praktyczna.<\/li>\n\n\n\n<li>Javid P.J., Pauli E.M. Meckel&#8217;s diverticulum. W: UpToDate. Red. Soybel D.I., Heyman M.B.<\/li>\n\n\n\n<li>Sagar J., Kumar V., Shah D.K. Meckel&#8217;s diverticulum: a systematic review. J R Soc Med 2006; 99:501\u2013505.<\/li>\n\n\n\n<li>Wro\u0144ski K., Bocian R., Tenderenda M. Chirurgiczne leczenie zapalenia uchy\u0142ka Meckela \u2013 opis przypadku i przegl\u0105d pi\u015bmiennictwa. Nowa Medycyna 2012; 3:80\u201383.<\/li>\n<\/ol>\n","protected":false},"excerpt":{"rendered":"<p>Uchy\u0142ek Meckela to wrodzona anomalia w jelicie cienkim, kt\u00f3ra przez lata mo\u017ce nie dawa\u0107 \u017cadnych objaw\u00f3w. Dowiedz si\u0119 wi\u0119cej.<\/p>\n","protected":false},"author":191,"featured_media":28951,"comment_status":"closed","ping_status":"closed","sticky":false,"template":"","format":"standard","meta":{"_acf_changed":false,"inline_featured_image":false,"footnotes":""},"categories":[18],"tags":[],"coauthors":[234],"class_list":{"0":"post-28946","1":"post","2":"type-post","3":"status-publish","4":"format-standard","5":"has-post-thumbnail","7":"category-dysbioza-choroby-przewodu-pokarmowego"},"acf":[],"yoast_head":"<!-- This site is optimized with the Yoast SEO plugin v27.5 - https:\/\/yoast.com\/product\/yoast-seo-wordpress\/ -->\n<title>Uchy\u0142ek Meckela \u2013 czym jest? Objawy, przyczyny, diagnostyka i leczenie - Centrum Wiedzy ALAB laboratoria<\/title>\n<meta name=\"description\" content=\"Uchy\u0142ek Meckela to wrodzona anomalia w jelicie cienkim, kt\u00f3ra przez lata mo\u017ce nie dawa\u0107 \u017cadnych objaw\u00f3w. Dowiedz si\u0119 wi\u0119cej.\" \/>\n<meta name=\"robots\" content=\"index, follow, max-snippet:-1, max-image-preview:large, max-video-preview:-1\" \/>\n<link rel=\"canonical\" href=\"https:\/\/www.alab.pl\/centrum-wiedzy\/uchylek-meckela-czym-jest-objawy-przyczyny-diagnostyka-i-leczenie\/\" \/>\n<meta property=\"og:locale\" content=\"pl_PL\" \/>\n<meta property=\"og:type\" content=\"article\" \/>\n<meta property=\"og:title\" content=\"Uchy\u0142ek Meckela \u2013 czym jest? Objawy, przyczyny, diagnostyka i leczenie - Centrum Wiedzy ALAB laboratoria\" \/>\n<meta property=\"og:description\" content=\"Uchy\u0142ek Meckela to wrodzona anomalia w jelicie cienkim, kt\u00f3ra przez lata mo\u017ce nie dawa\u0107 \u017cadnych objaw\u00f3w. Dowiedz si\u0119 wi\u0119cej.\" \/>\n<meta property=\"og:url\" content=\"https:\/\/www.alab.pl\/centrum-wiedzy\/uchylek-meckela-czym-jest-objawy-przyczyny-diagnostyka-i-leczenie\/\" \/>\n<meta property=\"og:site_name\" content=\"Centrum Wiedzy ALAB laboratoria\" \/>\n<meta property=\"article:publisher\" content=\"https:\/\/www.facebook.com\/ALABlaboratoria\" \/>\n<meta property=\"article:published_time\" content=\"2026-01-08T13:58:32+00:00\" \/>\n<meta property=\"article:modified_time\" content=\"2026-01-08T13:58:35+00:00\" \/>\n<meta property=\"og:image\" content=\"https:\/\/www.alab.pl\/centrum-wiedzy\/wp-content\/uploads\/2026\/01\/uchylek_meckela.jpg\" \/>\n\t<meta property=\"og:image:width\" content=\"2437\" \/>\n\t<meta property=\"og:image:height\" content=\"1075\" \/>\n\t<meta property=\"og:image:type\" content=\"image\/jpeg\" \/>\n<meta name=\"author\" content=\"Maria Wydra\" \/>\n<meta name=\"twitter:card\" content=\"summary_large_image\" \/>\n<meta name=\"twitter:label1\" content=\"Napisane przez\" \/>\n\t<meta name=\"twitter:data1\" content=\"Maria Wydra\" \/>\n\t<meta name=\"twitter:label2\" content=\"Szacowany czas czytania\" \/>\n\t<meta name=\"twitter:data2\" content=\"9 minut\" \/>\n\t<meta name=\"twitter:label3\" content=\"Written by\" \/>\n\t<meta name=\"twitter:data3\" content=\"Maria Wydra\" \/>\n<!-- \/ Yoast SEO plugin. -->","yoast_head_json":{"title":"Uchy\u0142ek Meckela \u2013 czym jest? Objawy, przyczyny, diagnostyka i leczenie - Centrum Wiedzy ALAB laboratoria","description":"Uchy\u0142ek Meckela to wrodzona anomalia w jelicie cienkim, kt\u00f3ra przez lata mo\u017ce nie dawa\u0107 \u017cadnych objaw\u00f3w. Dowiedz si\u0119 wi\u0119cej.","robots":{"index":"index","follow":"follow","max-snippet":"max-snippet:-1","max-image-preview":"max-image-preview:large","max-video-preview":"max-video-preview:-1"},"canonical":"https:\/\/www.alab.pl\/centrum-wiedzy\/uchylek-meckela-czym-jest-objawy-przyczyny-diagnostyka-i-leczenie\/","og_locale":"pl_PL","og_type":"article","og_title":"Uchy\u0142ek Meckela \u2013 czym jest? Objawy, przyczyny, diagnostyka i leczenie - Centrum Wiedzy ALAB laboratoria","og_description":"Uchy\u0142ek Meckela to wrodzona anomalia w jelicie cienkim, kt\u00f3ra przez lata mo\u017ce nie dawa\u0107 \u017cadnych objaw\u00f3w. Dowiedz si\u0119 wi\u0119cej.","og_url":"https:\/\/www.alab.pl\/centrum-wiedzy\/uchylek-meckela-czym-jest-objawy-przyczyny-diagnostyka-i-leczenie\/","og_site_name":"Centrum Wiedzy ALAB laboratoria","article_publisher":"https:\/\/www.facebook.com\/ALABlaboratoria","article_published_time":"2026-01-08T13:58:32+00:00","article_modified_time":"2026-01-08T13:58:35+00:00","og_image":[{"width":2437,"height":1075,"url":"https:\/\/www.alab.pl\/centrum-wiedzy\/wp-content\/uploads\/2026\/01\/uchylek_meckela.jpg","type":"image\/jpeg"}],"author":"Maria Wydra","twitter_card":"summary_large_image","twitter_misc":{"Napisane przez":"Maria Wydra","Szacowany czas czytania":"9 minut","Written by":"Maria Wydra"},"schema":{"@context":"https:\/\/schema.org","@graph":[{"@type":"Article","@id":"https:\/\/www.alab.pl\/centrum-wiedzy\/uchylek-meckela-czym-jest-objawy-przyczyny-diagnostyka-i-leczenie\/#article","isPartOf":{"@id":"https:\/\/www.alab.pl\/centrum-wiedzy\/uchylek-meckela-czym-jest-objawy-przyczyny-diagnostyka-i-leczenie\/"},"author":{"name":"Maria Wydra","@id":"https:\/\/www.alab.pl\/centrum-wiedzy\/#\/schema\/person\/94fd544696b53c7986f6123189cfc545"},"headline":"Uchy\u0142ek Meckela \u2013 czym jest? Objawy, przyczyny, diagnostyka i leczenie","datePublished":"2026-01-08T13:58:32+00:00","dateModified":"2026-01-08T13:58:35+00:00","mainEntityOfPage":{"@id":"https:\/\/www.alab.pl\/centrum-wiedzy\/uchylek-meckela-czym-jest-objawy-przyczyny-diagnostyka-i-leczenie\/"},"wordCount":1693,"publisher":{"@id":"https:\/\/www.alab.pl\/centrum-wiedzy\/#organization"},"image":{"@id":"https:\/\/www.alab.pl\/centrum-wiedzy\/uchylek-meckela-czym-jest-objawy-przyczyny-diagnostyka-i-leczenie\/#primaryimage"},"thumbnailUrl":"https:\/\/www.alab.pl\/centrum-wiedzy\/wp-content\/uploads\/2026\/01\/uchylek_meckela.jpg","articleSection":["Dysbioza, choroby przewodu pokarmowego"],"inLanguage":"pl-PL"},{"@type":["WebPage","FAQPage"],"@id":"https:\/\/www.alab.pl\/centrum-wiedzy\/uchylek-meckela-czym-jest-objawy-przyczyny-diagnostyka-i-leczenie\/","url":"https:\/\/www.alab.pl\/centrum-wiedzy\/uchylek-meckela-czym-jest-objawy-przyczyny-diagnostyka-i-leczenie\/","name":"Uchy\u0142ek Meckela \u2013 czym jest? Objawy, przyczyny, diagnostyka i leczenie - Centrum Wiedzy ALAB laboratoria","isPartOf":{"@id":"https:\/\/www.alab.pl\/centrum-wiedzy\/#website"},"primaryImageOfPage":{"@id":"https:\/\/www.alab.pl\/centrum-wiedzy\/uchylek-meckela-czym-jest-objawy-przyczyny-diagnostyka-i-leczenie\/#primaryimage"},"image":{"@id":"https:\/\/www.alab.pl\/centrum-wiedzy\/uchylek-meckela-czym-jest-objawy-przyczyny-diagnostyka-i-leczenie\/#primaryimage"},"thumbnailUrl":"https:\/\/www.alab.pl\/centrum-wiedzy\/wp-content\/uploads\/2026\/01\/uchylek_meckela.jpg","datePublished":"2026-01-08T13:58:32+00:00","dateModified":"2026-01-08T13:58:35+00:00","description":"Uchy\u0142ek Meckela to wrodzona anomalia w jelicie cienkim, kt\u00f3ra przez lata mo\u017ce nie dawa\u0107 \u017cadnych objaw\u00f3w. Dowiedz si\u0119 wi\u0119cej.","breadcrumb":{"@id":"https:\/\/www.alab.pl\/centrum-wiedzy\/uchylek-meckela-czym-jest-objawy-przyczyny-diagnostyka-i-leczenie\/#breadcrumb"},"mainEntity":[{"@id":"https:\/\/www.alab.pl\/centrum-wiedzy\/uchylek-meckela-czym-jest-objawy-przyczyny-diagnostyka-i-leczenie\/#faq-question-1767880429871"},{"@id":"https:\/\/www.alab.pl\/centrum-wiedzy\/uchylek-meckela-czym-jest-objawy-przyczyny-diagnostyka-i-leczenie\/#faq-question-1767880454745"},{"@id":"https:\/\/www.alab.pl\/centrum-wiedzy\/uchylek-meckela-czym-jest-objawy-przyczyny-diagnostyka-i-leczenie\/#faq-question-1767880472335"}],"inLanguage":"pl-PL","potentialAction":[{"@type":"ReadAction","target":["https:\/\/www.alab.pl\/centrum-wiedzy\/uchylek-meckela-czym-jest-objawy-przyczyny-diagnostyka-i-leczenie\/"]}]},{"@type":"ImageObject","inLanguage":"pl-PL","@id":"https:\/\/www.alab.pl\/centrum-wiedzy\/uchylek-meckela-czym-jest-objawy-przyczyny-diagnostyka-i-leczenie\/#primaryimage","url":"https:\/\/www.alab.pl\/centrum-wiedzy\/wp-content\/uploads\/2026\/01\/uchylek_meckela.jpg","contentUrl":"https:\/\/www.alab.pl\/centrum-wiedzy\/wp-content\/uploads\/2026\/01\/uchylek_meckela.jpg","width":2437,"height":1075,"caption":"uchy\u0142ek meckela"},{"@type":"BreadcrumbList","@id":"https:\/\/www.alab.pl\/centrum-wiedzy\/uchylek-meckela-czym-jest-objawy-przyczyny-diagnostyka-i-leczenie\/#breadcrumb","itemListElement":[{"@type":"ListItem","position":1,"name":"Strona g\u0142\u00f3wna","item":"https:\/\/www.alab.pl\/centrum-wiedzy\/"},{"@type":"ListItem","position":2,"name":"Uchy\u0142ek Meckela \u2013 czym jest? Objawy, przyczyny, diagnostyka i leczenie"}]},{"@type":"WebSite","@id":"https:\/\/www.alab.pl\/centrum-wiedzy\/#website","url":"https:\/\/www.alab.pl\/centrum-wiedzy\/","name":"Centrum Wiedzy ALAB laboratoria","description":"","publisher":{"@id":"https:\/\/www.alab.pl\/centrum-wiedzy\/#organization"},"potentialAction":[{"@type":"SearchAction","target":{"@type":"EntryPoint","urlTemplate":"https:\/\/www.alab.pl\/centrum-wiedzy\/?s={search_term_string}"},"query-input":{"@type":"PropertyValueSpecification","valueRequired":true,"valueName":"search_term_string"}}],"inLanguage":"pl-PL"},{"@type":"Organization","@id":"https:\/\/www.alab.pl\/centrum-wiedzy\/#organization","name":"Centrum Wiedzy ALAB laboratoria","url":"https:\/\/www.alab.pl\/centrum-wiedzy\/","logo":{"@type":"ImageObject","inLanguage":"pl-PL","@id":"https:\/\/www.alab.pl\/centrum-wiedzy\/#\/schema\/logo\/image\/","url":"https:\/\/www.alab.pl\/centrum-wiedzy\/wp-content\/uploads\/2022\/04\/alabek.jpg","contentUrl":"https:\/\/www.alab.pl\/centrum-wiedzy\/wp-content\/uploads\/2022\/04\/alabek.jpg","width":1250,"height":1251,"caption":"Centrum Wiedzy ALAB laboratoria"},"image":{"@id":"https:\/\/www.alab.pl\/centrum-wiedzy\/#\/schema\/logo\/image\/"},"sameAs":["https:\/\/www.facebook.com\/ALABlaboratoria"]},{"@type":"Person","@id":"https:\/\/www.alab.pl\/centrum-wiedzy\/#\/schema\/person\/94fd544696b53c7986f6123189cfc545","name":"Maria Wydra","image":{"@type":"ImageObject","inLanguage":"pl-PL","@id":"https:\/\/www.alab.pl\/centrum-wiedzy\/wp-content\/uploads\/2025\/08\/Maria-Wydra-150x150.jpgcdb7f42165260e2c4ffdf15c534a5afa","url":"https:\/\/www.alab.pl\/centrum-wiedzy\/wp-content\/uploads\/2025\/08\/Maria-Wydra-150x150.jpg","contentUrl":"https:\/\/www.alab.pl\/centrum-wiedzy\/wp-content\/uploads\/2025\/08\/Maria-Wydra-150x150.jpg","caption":"Maria Wydra"},"description":"Lekarka Oddzia\u0142u Chor\u00f3b Wewn\u0119trznych w Szpitalu Specjalistycznym im. Ludwika Rydygiera w Krakowie. Absolwentka Wydzia\u0142u Lekarskiego Uniwersytetu Medycznego w \u0141odzi oraz studi\u00f3w podyplomowych Zarz\u0105dzanie biznesem medycznym Szko\u0142y G\u0142\u00f3wnej Handlowej (SGH) w Warszawie. Jej zainteresowania zawodowe koncentruj\u0105 si\u0119 na zdrowiu publicznym w wymiarze lokalnym i mi\u0119dzynarodowym, ze szczeg\u00f3lnym uwzgl\u0119dnieniem profilaktyki, edukacji zdrowotnej i nowoczesnych modeli opieki. Wykszta\u0142cenie teoretyczne i do\u015bwiadczenie kliniczne poszerza\u0142a w ramach program\u00f3w akademickich oraz sta\u017cy zagranicznych m.in. w Anglii (Guy\u2019s Hospital w Londynie), Hiszpanii (Hospital Cl\u00ednico Universitario w Walencji), W\u0142oszech (Fondazione I.R.C.C.S. Policlinico San Matteo w Pavii) oraz Portugalii (Hospital Dr. N\u00e9lio Mendon\u00e7a w Funchal).","url":"https:\/\/www.alab.pl\/centrum-wiedzy\/author\/maria-wydra\/"},{"@type":"Question","@id":"https:\/\/www.alab.pl\/centrum-wiedzy\/uchylek-meckela-czym-jest-objawy-przyczyny-diagnostyka-i-leczenie\/#faq-question-1767880429871","position":1,"url":"https:\/\/www.alab.pl\/centrum-wiedzy\/uchylek-meckela-czym-jest-objawy-przyczyny-diagnostyka-i-leczenie\/#faq-question-1767880429871","name":"Co to jest uchy\u0142ek Meckela?","answerCount":1,"acceptedAnswer":{"@type":"Answer","text":"To wrodzone uwypuklenie \u015bciany jelita cienkiego, b\u0119d\u0105ce pozosta\u0142o\u015bci\u0105 przewodu \u017c\u00f3\u0142tkowo-jelitowego. Mo\u017ce zawiera\u0107 tkanki typowe dla innych narz\u0105d\u00f3w, np. \u017co\u0142\u0105dka lub <a href=\"https:\/\/www.alab.pl\/centrum-wiedzy\/trzustka-budowa-funkcje-polozenie\/\">trzustki<\/a>.","inLanguage":"pl-PL"},"inLanguage":"pl-PL"},{"@type":"Question","@id":"https:\/\/www.alab.pl\/centrum-wiedzy\/uchylek-meckela-czym-jest-objawy-przyczyny-diagnostyka-i-leczenie\/#faq-question-1767880454745","position":2,"url":"https:\/\/www.alab.pl\/centrum-wiedzy\/uchylek-meckela-czym-jest-objawy-przyczyny-diagnostyka-i-leczenie\/#faq-question-1767880454745","name":"Gdzie boli uchy\u0142ek Meckela?","answerCount":1,"acceptedAnswer":{"@type":"Answer","text":"B\u00f3l najcz\u0119\u015bciej pojawia si\u0119 w dolnej cz\u0119\u015bci brzucha, zwykle po prawej stronie.","inLanguage":"pl-PL"},"inLanguage":"pl-PL"},{"@type":"Question","@id":"https:\/\/www.alab.pl\/centrum-wiedzy\/uchylek-meckela-czym-jest-objawy-przyczyny-diagnostyka-i-leczenie\/#faq-question-1767880472335","position":3,"url":"https:\/\/www.alab.pl\/centrum-wiedzy\/uchylek-meckela-czym-jest-objawy-przyczyny-diagnostyka-i-leczenie\/#faq-question-1767880472335","name":"Jakie s\u0105 objawy uchy\u0142ka Meckela u dzieci?","answerCount":1,"acceptedAnswer":{"@type":"Answer","text":"Najcz\u0119stszy objaw to bezbolesne krwawienie z odbytu, cz\u0119sto w postaci krwistych stolc\u00f3w. Rzadziej wyst\u0119puj\u0105 b\u00f3le brzucha, objawy zapalenia lub niedro\u017cno\u015bci jelit.","inLanguage":"pl-PL"},"inLanguage":"pl-PL"}]}},"_links":{"self":[{"href":"https:\/\/www.alab.pl\/centrum-wiedzy\/wp-json\/wp\/v2\/posts\/28946","targetHints":{"allow":["GET"]}}],"collection":[{"href":"https:\/\/www.alab.pl\/centrum-wiedzy\/wp-json\/wp\/v2\/posts"}],"about":[{"href":"https:\/\/www.alab.pl\/centrum-wiedzy\/wp-json\/wp\/v2\/types\/post"}],"author":[{"embeddable":true,"href":"https:\/\/www.alab.pl\/centrum-wiedzy\/wp-json\/wp\/v2\/users\/191"}],"replies":[{"embeddable":true,"href":"https:\/\/www.alab.pl\/centrum-wiedzy\/wp-json\/wp\/v2\/comments?post=28946"}],"version-history":[{"count":5,"href":"https:\/\/www.alab.pl\/centrum-wiedzy\/wp-json\/wp\/v2\/posts\/28946\/revisions"}],"predecessor-version":[{"id":28952,"href":"https:\/\/www.alab.pl\/centrum-wiedzy\/wp-json\/wp\/v2\/posts\/28946\/revisions\/28952"}],"wp:featuredmedia":[{"embeddable":true,"href":"https:\/\/www.alab.pl\/centrum-wiedzy\/wp-json\/wp\/v2\/media\/28951"}],"wp:attachment":[{"href":"https:\/\/www.alab.pl\/centrum-wiedzy\/wp-json\/wp\/v2\/media?parent=28946"}],"wp:term":[{"taxonomy":"category","embeddable":true,"href":"https:\/\/www.alab.pl\/centrum-wiedzy\/wp-json\/wp\/v2\/categories?post=28946"},{"taxonomy":"post_tag","embeddable":true,"href":"https:\/\/www.alab.pl\/centrum-wiedzy\/wp-json\/wp\/v2\/tags?post=28946"},{"taxonomy":"author","embeddable":true,"href":"https:\/\/www.alab.pl\/centrum-wiedzy\/wp-json\/wp\/v2\/coauthors?post=28946"}],"curies":[{"name":"wp","href":"https:\/\/api.w.org\/{rel}","templated":true}]}}