{"id":29247,"date":"2026-01-25T16:00:12","date_gmt":"2026-01-25T15:00:12","guid":{"rendered":"https:\/\/www.alab.pl\/centrum-wiedzy\/?p=29247"},"modified":"2026-01-25T16:00:14","modified_gmt":"2026-01-25T15:00:14","slug":"zespol-tourettea-co-to-za-choroba-i-jak-sie-objawia-przyczyny-diagnostyka-i-leczenie","status":"publish","type":"post","link":"https:\/\/www.alab.pl\/centrum-wiedzy\/zespol-tourettea-co-to-za-choroba-i-jak-sie-objawia-przyczyny-diagnostyka-i-leczenie\/","title":{"rendered":"Zesp\u00f3\u0142 Tourette&#8217;a \u2013 co to za choroba i jak si\u0119 objawia? Przyczyny, diagnostyka i leczenie"},"content":{"rendered":"\n<p><strong>Zesp\u00f3\u0142 Tourette\u2019a to zaburzenie neurologiczne, kt\u00f3re mo\u017ce znacz\u0105co wp\u0142ywa\u0107 na codzienne \u017cycie osoby dotkni\u0119tej chorob\u0105. W artykule wyja\u015bnimy, czym dok\u0142adnie jest zesp\u00f3\u0142 Tourette\u2019a, jakie s\u0105 jego objawy, przyczyny oraz dost\u0119pne metody diagnozy i leczenia.<\/strong><\/p>\n\n\n\n<figure class=\"wp-block-table\"><table class=\"has-fixed-layout\"><tbody><tr><td><strong>Z tego artyku\u0142u dowiesz si\u0119, \u017ce\u2026<\/strong> <br>>> zesp\u00f3\u0142 Tourette\u2019a to choroba neurologiczna \u2013 zrozumiesz mechanizmy powstawania tik\u00f3w motorycznych i wokalnych oraz na czym polega to zaburzenie,<br>>> pierwsze objawy mog\u0105 pojawi\u0107 si\u0119 ju\u017c w dzieci\u0144stwie \u2013 poznasz symptomy wyst\u0119puj\u0105ce zar\u00f3wno u dzieci, jak i u doros\u0142ych,<br>>> przyczyny zespo\u0142u Tourette\u2019a maj\u0105 pod\u0142o\u017ce genetyczne i neurologiczne \u2013 wyja\u015bnimy rol\u0119 czynnik\u00f3w dziedzicznych i nieprawid\u0142owo\u015bci w funkcjonowaniu m\u00f3zgu,<br>>> diagnostyka i leczenie pozwalaj\u0105 kontrolowa\u0107 objawy \u2013 dowiesz si\u0119, jakie badania s\u0105 zalecane oraz jakie metody terapeutyczne mog\u0105 pom\u00f3c,<br>>> styl \u017cycia, dieta i wsparcie psychologiczne wp\u0142ywaj\u0105 na komfort \u017cycia \u2013 poznasz sposoby na popraw\u0119, codziennego funkcjonowania os\u00f3b z zespo\u0142em Tourette\u2019a.<\/td><\/tr><\/tbody><\/table><\/figure>\n\n\n\n<p><strong>Spis tre\u015bci:<\/strong><\/p>\n\n\n\n<ol class=\"wp-block-list\">\n<li><a href=\"#Zesp\u00f3\u0142-Tourette\u2019a-\u2013-co-to-jest-i-na-czym-polega-choroba?\">Zesp\u00f3\u0142 Tourette\u2019a \u2013 co to jest i na czym polega choroba?<\/a><\/li>\n\n\n\n<li><a href=\"#Zesp\u00f3\u0142-Tourette\u2019a-\u2013-pierwsze-objawy-i-pe\u0142ne-spektrum-symptom\u00f3w\">Zesp\u00f3\u0142 Tourette\u2019a \u2013 pierwsze objawy i pe\u0142ne spektrum symptom\u00f3w<\/a>\n<ul class=\"wp-block-list\">\n<li><a href=\"#Zesp\u00f3\u0142-Tourette\u2019a-u-dzieci-\u2013-objawy-i-codzienne-funkcjonowanie\">Zesp\u00f3\u0142 Tourette\u2019a u dzieci \u2013 objawy i codzienne funkcjonowanie<\/a><\/li>\n\n\n\n<li><a href=\"#Zesp\u00f3\u0142-Tourette\u2019a-u-doros\u0142ych-\u2013-objawy-utrzymuj\u0105ce-si\u0119-lub-nierozpoznane-w-dzieci\u0144stwie\">Zesp\u00f3\u0142 Tourette\u2019a u doros\u0142ych \u2013 objawy utrzymuj\u0105ce si\u0119 lub nierozpoznane w dzieci\u0144stwie<\/a><\/li>\n<\/ul>\n<\/li>\n\n\n\n<li><a href=\"#Zesp\u00f3\u0142-Tourette\u2019a-\u2013-przyczyny-i-pod\u0142o\u017ce-choroby\">Zesp\u00f3\u0142 Tourette\u2019a \u2013 przyczyny i pod\u0142o\u017ce choroby<\/a>\n<ul class=\"wp-block-list\">\n<li><a href=\"#Czy-zesp\u00f3\u0142-Tourette\u2019a-jest-dziedziczny-i-czy-ma-pod\u0142o\u017ce-genetyczne?\">Czy zesp\u00f3\u0142 Tourette\u2019a jest dziedziczny i czy ma pod\u0142o\u017ce genetyczne?<\/a><\/li>\n<\/ul>\n<\/li>\n\n\n\n<li><a href=\"#Jak-diagnozuje-si\u0119-zesp\u00f3\u0142-Tourette\u2019a?-Zalecane-badania-diagnostyczne\">Jak diagnozuje si\u0119 zesp\u00f3\u0142 Tourette\u2019a? Zalecane badania diagnostyczne<\/a><\/li>\n\n\n\n<li><a href=\"#Zesp\u00f3\u0142-Tourette\u2019a-\u2013-leczenie,-terapia-i-dalsze-post\u0119powanie-po-diagnozie\">Zesp\u00f3\u0142 Tourette\u2019a \u2013 leczenie, terapia i dalsze post\u0119powanie po diagnozie<\/a>\n<ul class=\"wp-block-list\">\n<li><a href=\"#Zesp\u00f3\u0142-Tourette\u2019a-\u2013-dieta-i-styl-\u017cycia\">Zesp\u00f3\u0142 Tourette\u2019a \u2013 dieta i styl \u017cycia<\/a><\/li>\n\n\n\n<li><a href=\"#Czy-zesp\u00f3\u0142-Tourette\u2019a-jest-uleczalny?-Rokowania-i-kontrola-objaw\u00f3w\">Czy zesp\u00f3\u0142 Tourette\u2019a jest uleczalny? Rokowania i kontrola objaw\u00f3w<\/a><\/li>\n<\/ul>\n<\/li>\n\n\n\n<li><a href=\"#Zesp\u00f3\u0142-Tourette\u2019a-\u2013-d\u0142ugo\u015b\u0107-\u017cycia-i-wp\u0142yw-choroby-na-zdrowie-og\u00f3lne\">Zesp\u00f3\u0142 Tourette\u2019a \u2013 d\u0142ugo\u015b\u0107 \u017cycia i wp\u0142yw choroby na zdrowie og\u00f3lne<\/a><\/li>\n\n\n\n<li><a href=\"#FAQ.-Zesp\u00f3\u0142-Tourette\u2019a---cz\u0119sto-zadawane-pytania\">FAQ. Zesp\u00f3\u0142 Tourette\u2019a &#8211; cz\u0119sto zadawane pytania<\/a><\/li>\n<\/ol>\n\n\n\n<h2 class=\"wp-block-heading\" id=\"Zesp\u00f3\u0142-Tourette\u2019a-\u2013-co-to-jest-i-na-czym-polega-choroba?\">Zesp\u00f3\u0142 Tourette\u2019a \u2013 co to jest i na czym polega choroba?<\/h2>\n\n\n\n<p><strong>Zesp<\/strong><strong>\u00f3\u0142 <\/strong><strong>Tourette<\/strong><strong>\u2019<\/strong><strong>a<\/strong> (w klasyfikacji ICD-10 oznaczony kodem F95.2) to przewlek\u0142e zaburzenie neurologiczne charakteryzuj\u0105ce si\u0119 obecno\u015bci\u0105 <strong>tik<\/strong><strong>\u00f3<\/strong><strong>w motorycznych i wokalnych<\/strong>, kt\u00f3re wyst\u0119puj\u0105 wielokrotnie i utrzymuj\u0105 si\u0119 przez ponad rok. Tiki motoryczne to mimowolne ruchy, np. mruganie, grymasy twarzy czy potrz\u0105sanie g\u0142ow\u0105. Tiki wokalne obejmuj\u0105 d\u017awi\u0119ki, mruczenie, a czasem wypowiadanie s\u0142\u00f3w lub fraz. Choroba cz\u0119sto zaczyna si\u0119 w dzieci\u0144stwie i mo\u017ce utrzymywa\u0107 si\u0119 w doros\u0142ym \u017cyciu, cho\u0107 w wielu przypadkach objawy \u0142agodniej\u0105 z wiekiem.<\/p>\n\n\n\n<p>Zrozumienie mechanizmu powstawania tik\u00f3w jest kluczowe \u2013 wynikaj\u0105 one z nieprawid\u0142owej aktywno\u015bci w uk\u0142adzie nerwowym, zw\u0142aszcza w obszarach m\u00f3zgu odpowiedzialnych za kontrol\u0119 ruch\u00f3w i zachowa\u0144. Cho\u0107 objawy s\u0105 najbardziej zauwa\u017calne na zewn\u0105trz, zesp\u00f3\u0142 Tourette\u2019a wp\u0142ywa tak\u017ce na funkcjonowanie emocjonalne i spo\u0142eczne.<\/p>\n\n\n\n<p><strong>>> Zobacz te\u017c: <a href=\"https:\/\/www.alab.pl\/centrum-wiedzy\/tiki-nerwowe-i-ich-przyczyny-jak-sie-ich-pozbyc\/\">Tiki nerwowe i ich przyczyny. Co mog\u0105 oznacza\u0107 i jak si\u0119 ich pozby\u0107?<\/a><\/strong><\/p>\n\n\n\n<h2 class=\"wp-block-heading\" id=\"Zesp\u00f3\u0142-Tourette\u2019a-\u2013-pierwsze-objawy-i-pe\u0142ne-spektrum-symptom\u00f3w\">Zesp\u00f3\u0142 Tourette\u2019a \u2013 pierwsze objawy i pe\u0142ne spektrum symptom\u00f3w<\/h2>\n\n\n\n<p>Pierwsze objawy zwykle pojawiaj\u0105 si\u0119 <strong>mi\u0119dzy 5. a 10. rokiem \u017cycia<\/strong>. Najcz\u0119\u015bciej s\u0105 to proste tiki motoryczne, takie jak mruganie, grymaszenie czy potrz\u0105sanie ramionami. Z czasem mog\u0105 pojawi\u0107 si\u0119 tiki z\u0142o\u017cone, obejmuj\u0105ce ruchy ca\u0142ego cia\u0142a lub wypowiadanie s\u0142\u00f3w i d\u017awi\u0119k\u00f3w.<strong><\/strong><\/p>\n\n\n\n<h3 class=\"wp-block-heading\" id=\"Zesp\u00f3\u0142-Tourette\u2019a-u-dzieci-\u2013-objawy-i-codzienne-funkcjonowanie\">Zesp\u00f3\u0142 Tourette\u2019a u dzieci \u2013 objawy i codzienne funkcjonowanie<\/h3>\n\n\n\n<p>U dzieci zesp\u00f3\u0142 Tourette\u2019a objawia si\u0119 g\u0142\u00f3wnie tikami motorycznymi, kt\u00f3re mog\u0105 utrudnia\u0107 nauk\u0119 i zabaw\u0119. Dodatkowo cz\u0119sto wyst\u0119puj\u0105 objawy towarzysz\u0105ce, takie jak:<\/p>\n\n\n\n<ul class=\"wp-block-list\">\n<li><a href=\"https:\/\/www.alab.pl\/centrum-wiedzy\/problemy-z-koncentracja-z-czego-moga-wynikac-i-jak-znalezc-przyczyne\/\">trudno\u015bci z koncentracj\u0105<\/a>,<\/li>\n\n\n\n<li>nadpobudliwo\u015b\u0107 i impulsywno\u015b\u0107,<\/li>\n\n\n\n<li>problemy ze snem,<\/li>\n\n\n\n<li>l\u0119k i niska samoocena.<\/li>\n<\/ul>\n\n\n\n<p>Codzienne funkcjonowanie dziecka mo\u017cna poprawi\u0107 dzi\u0119ki terapii behawioralnej, wsparciu szko\u0142y i odpowiednim strategiom radzenia sobie z tikami.<\/p>\n\n\n\n<h3 class=\"wp-block-heading\" id=\"Zesp\u00f3\u0142-Tourette\u2019a-u-doros\u0142ych-\u2013-objawy-utrzymuj\u0105ce-si\u0119-lub-nierozpoznane-w-dzieci\u0144stwie\">Zesp\u00f3\u0142 Tourette\u2019a u doros\u0142ych \u2013 objawy utrzymuj\u0105ce si\u0119 lub nierozpoznane w dzieci\u0144stwie<\/h3>\n\n\n\n<p>U doros\u0142ych tiki mog\u0105 si\u0119 zmniejsza\u0107, ale czasem utrzymuj\u0105 si\u0119 lub nie by\u0142y wcze\u015bniej diagnozowane. Objawy obejmuj\u0105 zar\u00f3wno proste, jak i z\u0142o\u017cone tiki, a tak\u017ce stres i trudno\u015bci w relacjach spo\u0142ecznych. Doros\u0142ym zaleca si\u0119 kontynuacj\u0119 terapii i wsparcia psychologicznego, aby zmniejszy\u0107 wp\u0142yw choroby na \u017cycie zawodowe i prywatne.<strong><\/strong><\/p>\n\n\n\n<h2 class=\"wp-block-heading\" id=\"Zesp\u00f3\u0142-Tourette\u2019a-\u2013-przyczyny-i-pod\u0142o\u017ce-choroby\">Zesp\u00f3\u0142 Tourette\u2019a \u2013 przyczyny i pod\u0142o\u017ce choroby<\/h2>\n\n\n\n<p>Przyczyny zespo\u0142u Tourette\u2019a nie s\u0105 w pe\u0142ni poznane, ale wiadomo, \u017ce choroba ma z\u0142o\u017cone pod\u0142o\u017ce neurologiczne. Zaburzenia w funkcjonowaniu neurotransmiter\u00f3w, takich jak dopamina, prowadz\u0105 do mimowolnych tik\u00f3w.<strong><\/strong><\/p>\n\n\n\n<h3 class=\"wp-block-heading\" id=\"Czy-zesp\u00f3\u0142-Tourette\u2019a-jest-dziedziczny-i-czy-ma-pod\u0142o\u017ce-genetyczne?\">Czy zesp\u00f3\u0142 Tourette\u2019a jest dziedziczny i czy ma pod\u0142o\u017ce genetyczne?<\/h3>\n\n\n\n<p>Badania wskazuj\u0105 na silne pod\u0142o\u017ce genetyczne \u2013 choroba cz\u0119sto wyst\u0119puje u cz\u0142onk\u00f3w rodziny. Nie oznacza to jednak, \u017ce ka\u017cdy potomek osoby chorej zachoruje, poniewa\u017c wp\u0142yw maj\u0105 tak\u017ce czynniki \u015brodowiskowe i epigenetyczne.<\/p>\n\n\n\n<h2 class=\"wp-block-heading\" id=\"Jak-diagnozuje-si\u0119-zesp\u00f3\u0142-Tourette\u2019a?-Zalecane-badania-diagnostyczne\">Jak diagnozuje si\u0119 zesp\u00f3\u0142 Tourette\u2019a? Zalecane badania diagnostyczne<\/h2>\n\n\n\n<p>Diagnostyka zespo\u0142u Tourette\u2019a opiera si\u0119 g\u0142\u00f3wnie na obserwacji tik\u00f3w i wywiadzie lekarskim. Lekarz neurolog lub psychiatra dzieci\u0119cy ocenia:<\/p>\n\n\n\n<ul class=\"wp-block-list\">\n<li>typ i cz\u0119stotliwo\u015b\u0107 tik\u00f3w,<\/li>\n\n\n\n<li>wiek pojawienia si\u0119 pierwszych objaw\u00f3w,<\/li>\n\n\n\n<li>wp\u0142yw tik\u00f3w na codzienne \u017cycie.<\/li>\n<\/ul>\n\n\n\n<p>Dodatkowo wykonuje si\u0119 badania wykluczaj\u0105ce inne schorzenia neurologiczne, np. EEG czy badania obrazowe m\u00f3zgu, w zale\u017cno\u015bci od potrzeb.<strong><\/strong><\/p>\n\n\n\n<h2 class=\"wp-block-heading\" id=\"Zesp\u00f3\u0142-Tourette\u2019a-\u2013-leczenie,-terapia-i-dalsze-post\u0119powanie-po-diagnozie\">Zesp\u00f3\u0142 Tourette\u2019a \u2013 leczenie, terapia i dalsze post\u0119powanie po diagnozie<\/h2>\n\n\n\n<p>Leczenie jest indywidualne i zale\u017cy od nasilenia objaw\u00f3w. Mo\u017ce obejmowa\u0107:<\/p>\n\n\n\n<ul class=\"wp-block-list\">\n<li>farmakoterapi\u0119 \u2013 leki zmniejszaj\u0105ce nasilenie tik\u00f3w,<\/li>\n\n\n\n<li>terapi\u0119 behawioraln\u0105 \u2013 techniki kontroli tik\u00f3w,<\/li>\n\n\n\n<li>wsparcie psychologiczne \u2013 redukcja stresu i poprawa funkcjonowania spo\u0142ecznego.<\/li>\n<\/ul>\n\n\n\n<h3 class=\"wp-block-heading\" id=\"Zesp\u00f3\u0142-Tourette\u2019a-\u2013-dieta-i-styl-\u017cycia\">Zesp\u00f3\u0142 Tourette\u2019a \u2013 dieta i styl \u017cycia<\/h3>\n\n\n\n<p>Cho\u0107 nie istnieje specyficzna dieta dla os\u00f3b z zespo\u0142em Tourette\u2019a, zdrowy styl \u017cycia mo\u017ce \u0142agodzi\u0107 nasilenie objaw\u00f3w. Wa\u017cne s\u0105:<\/p>\n\n\n\n<ul class=\"wp-block-list\">\n<li>regularny sen,<\/li>\n\n\n\n<li>aktywno\u015b\u0107 fizyczna,<\/li>\n\n\n\n<li>unikanie nadmiernego stresu, <a href=\"https:\/\/www.alab.pl\/centrum-wiedzy\/kofeina-wlasciwosci-dzialanie-optymalne-dawki\/\">kofeiny<\/a> i substancji pobudzaj\u0105cych.<\/li>\n<\/ul>\n\n\n\n<h3 class=\"wp-block-heading\" id=\"Czy-zesp\u00f3\u0142-Tourette\u2019a-jest-uleczalny?-Rokowania-i-kontrola-objaw\u00f3w\">Czy zesp\u00f3\u0142 Tourette\u2019a jest uleczalny? Rokowania i kontrola objaw\u00f3w<\/h3>\n\n\n\n<p>Choroba nie jest ca\u0142kowicie uleczalna, ale objawy mo\u017cna skutecznie kontrolowa\u0107. Wiele os\u00f3b do\u015bwiadcza zmniejszenia tik\u00f3w w wieku doros\u0142ym i prowadzi normalne \u017cycie zawodowe i spo\u0142eczne.<strong><\/strong><\/p>\n\n\n\n<h2 class=\"wp-block-heading\" id=\"Zesp\u00f3\u0142-Tourette\u2019a-\u2013-d\u0142ugo\u015b\u0107-\u017cycia-i-wp\u0142yw-choroby-na-zdrowie-og\u00f3lne\">Zesp\u00f3\u0142 Tourette\u2019a \u2013 d\u0142ugo\u015b\u0107 \u017cycia i wp\u0142yw choroby na zdrowie og\u00f3lne<\/h2>\n\n\n\n<p>Zesp\u00f3\u0142 Tourette\u2019a nie skraca d\u0142ugo\u015bci \u017cycia ani nie prowadzi do powa\u017cnych powik\u0142a\u0144 somatycznych. Najwi\u0119ksze wyzwania to codzienne funkcjonowanie, stres i wsp\u00f3\u0142istniej\u0105ce zaburzenia, np. ADHD czy l\u0119k. <\/p>\n\n\n\n<h2 class=\"wp-block-heading\" id=\"FAQ.-Zesp\u00f3\u0142-Tourette\u2019a---cz\u0119sto-zadawane-pytania\">FAQ. Zesp\u00f3\u0142 Tourette\u2019a &#8211; cz\u0119sto zadawane pytania<\/h2>\n\n\n\n<div class=\"schema-faq wp-block-yoast-faq-block\"><div class=\"schema-faq-section\" id=\"faq-question-1769352613937\"><strong class=\"schema-faq-question\"><strong>Czy zesp\u00f3\u0142 Tourette\u2019a wp\u0142ywa na d\u0142ugo\u015b\u0107 \u017cycia?<\/strong><\/strong> <p class=\"schema-faq-answer\">Nie, choroba nie skraca \u017cycia ani nie powoduje powa\u017cnych powik\u0142a\u0144 zdrowotnych.<\/p> <\/div> <div class=\"schema-faq-section\" id=\"faq-question-1769352634239\"><strong class=\"schema-faq-question\"><strong>Jakie s\u0105 pierwsze objawy zespo\u0142u Tourette\u2019a?<\/strong><\/strong> <p class=\"schema-faq-answer\">Najcz\u0119\u015bciej s\u0105 to proste tiki motoryczne, np. mruganie, grymas twarzy czy potrz\u0105sanie g\u0142ow\u0105.<\/p> <\/div> <div class=\"schema-faq-section\" id=\"faq-question-1769352647704\"><strong class=\"schema-faq-question\"><strong>Czy zesp\u00f3\u0142 Tourette\u2019a jest chorob\u0105 dziedziczn\u0105?<\/strong><\/strong> <p class=\"schema-faq-answer\">Tak, ma silne pod\u0142o\u017ce genetyczne, cho\u0107 nie ka\u017cdy potomek chorego zachoruje.<\/p> <\/div> <div class=\"schema-faq-section\" id=\"faq-question-1769352662989\"><strong class=\"schema-faq-question\"><strong>Czy zesp\u00f3\u0142 Tourette\u2019a jest uleczalny?<\/strong><\/strong> <p class=\"schema-faq-answer\">Nie, choroba nie jest w pe\u0142ni uleczalna, ale objawy mo\u017cna skutecznie kontrolowa\u0107.<\/p> <\/div> <div class=\"schema-faq-section\" id=\"faq-question-1769352688117\"><strong class=\"schema-faq-question\"><strong>Czy dzieci z zespo\u0142em Tourette\u2019a mog\u0105 normalnie funkcjonowa\u0107?<\/strong><\/strong> <p class=\"schema-faq-answer\">Tak, przy wsparciu terapii i odpowiednich strategiach radzenia sobie z tikami dzieci mog\u0105 prowadzi\u0107 aktywne \u017cycie szkolne i spo\u0142eczne.<\/p> <\/div> <div class=\"schema-faq-section\" id=\"faq-question-1769352717232\"><strong class=\"schema-faq-question\"><strong>Kiedy zg\u0142osi\u0107 si\u0119 na diagnostyk\u0119 zespo\u0142u Tourette\u2019a?<\/strong><\/strong> <p class=\"schema-faq-answer\">W przypadku pojawienia si\u0119 mimowolnych, powtarzaj\u0105cych si\u0119 tik\u00f3w trwaj\u0105cych ponad rok, zw\u0142aszcza je\u015bli wp\u0142ywaj\u0105 na codzienne \u017cycie.<\/p> <\/div> <\/div>\n\n\n\n<hr class=\"wp-block-separator has-alpha-channel-opacity\"\/>\n\n\n\n<p><strong>Bibliografia<\/strong><\/p>\n\n\n\n<ol class=\"wp-block-list\">\n<li>M\u00fcller-Vahl KR, et al. European clinical guidelines for Tourette syndrome and other tic disorders: summary statement. Eur Child Adolesc Psychiatry. 2022<\/li>\n\n\n\n<li>Johnson KA, et al. Tourette syndrome: clinical features, pathophysiology, and treatment. Lancet Neurol. 2023<\/li>\n<\/ol>\n","protected":false},"excerpt":{"rendered":"<p>Sprawd\u017a, czym dok\u0142adnie jest zesp\u00f3\u0142 Tourette\u2019a, jakie s\u0105 jego objawy, przyczyny oraz dost\u0119pne metody diagnozy i leczenia.<\/p>\n","protected":false},"author":175,"featured_media":29249,"comment_status":"closed","ping_status":"closed","sticky":false,"template":"","format":"standard","meta":{"_acf_changed":false,"inline_featured_image":false,"footnotes":""},"categories":[13],"tags":[],"coauthors":[214],"class_list":{"0":"post-29247","1":"post","2":"type-post","3":"status-publish","4":"format-standard","5":"has-post-thumbnail","7":"category-choroby-ukladu-nerwowego"},"acf":[],"yoast_head":"<!-- This site is optimized with the Yoast SEO plugin v27.5 - https:\/\/yoast.com\/product\/yoast-seo-wordpress\/ -->\n<title>Zesp\u00f3\u0142 Tourette&#039;a \u2013 co to za choroba i jak si\u0119 objawia? Przyczyny, diagnostyka i leczenie - Centrum Wiedzy ALAB laboratoria<\/title>\n<meta name=\"description\" content=\"Sprawd\u017a, czym dok\u0142adnie jest zesp\u00f3\u0142 Tourette\u2019a, jakie s\u0105 jego objawy, przyczyny oraz dost\u0119pne metody diagnozy i leczenia.\" \/>\n<meta name=\"robots\" content=\"index, follow, max-snippet:-1, max-image-preview:large, max-video-preview:-1\" \/>\n<link rel=\"canonical\" href=\"https:\/\/www.alab.pl\/centrum-wiedzy\/zespol-tourettea-co-to-za-choroba-i-jak-sie-objawia-przyczyny-diagnostyka-i-leczenie\/\" \/>\n<meta property=\"og:locale\" content=\"pl_PL\" \/>\n<meta property=\"og:type\" content=\"article\" \/>\n<meta property=\"og:title\" content=\"Zesp\u00f3\u0142 Tourette&#039;a \u2013 co to za choroba i jak si\u0119 objawia? Przyczyny, diagnostyka i leczenie - Centrum Wiedzy ALAB laboratoria\" \/>\n<meta property=\"og:description\" content=\"Sprawd\u017a, czym dok\u0142adnie jest zesp\u00f3\u0142 Tourette\u2019a, jakie s\u0105 jego objawy, przyczyny oraz dost\u0119pne metody diagnozy i leczenia.\" \/>\n<meta property=\"og:url\" content=\"https:\/\/www.alab.pl\/centrum-wiedzy\/zespol-tourettea-co-to-za-choroba-i-jak-sie-objawia-przyczyny-diagnostyka-i-leczenie\/\" \/>\n<meta property=\"og:site_name\" content=\"Centrum Wiedzy ALAB laboratoria\" \/>\n<meta property=\"article:publisher\" content=\"https:\/\/www.facebook.com\/ALABlaboratoria\" \/>\n<meta property=\"article:published_time\" content=\"2026-01-25T15:00:12+00:00\" \/>\n<meta property=\"article:modified_time\" content=\"2026-01-25T15:00:14+00:00\" \/>\n<meta property=\"og:image\" content=\"https:\/\/www.alab.pl\/centrum-wiedzy\/wp-content\/uploads\/2026\/01\/zespol_touretta.jpg\" \/>\n\t<meta property=\"og:image:width\" content=\"2298\" \/>\n\t<meta property=\"og:image:height\" content=\"1400\" \/>\n\t<meta property=\"og:image:type\" content=\"image\/jpeg\" \/>\n<meta name=\"author\" content=\"Sara Aszkie\u0142owicz\" \/>\n<meta name=\"twitter:card\" content=\"summary_large_image\" \/>\n<meta name=\"twitter:label1\" content=\"Napisane przez\" \/>\n\t<meta name=\"twitter:data1\" content=\"Sara Aszkie\u0142owicz\" \/>\n\t<meta name=\"twitter:label2\" content=\"Szacowany czas czytania\" \/>\n\t<meta name=\"twitter:data2\" content=\"7 minut\" \/>\n\t<meta name=\"twitter:label3\" content=\"Written by\" \/>\n\t<meta name=\"twitter:data3\" content=\"Sara Aszkie\u0142owicz\" \/>\n<!-- \/ Yoast SEO plugin. -->","yoast_head_json":{"title":"Zesp\u00f3\u0142 Tourette'a \u2013 co to za choroba i jak si\u0119 objawia? Przyczyny, diagnostyka i leczenie - Centrum Wiedzy ALAB laboratoria","description":"Sprawd\u017a, czym dok\u0142adnie jest zesp\u00f3\u0142 Tourette\u2019a, jakie s\u0105 jego objawy, przyczyny oraz dost\u0119pne metody diagnozy i leczenia.","robots":{"index":"index","follow":"follow","max-snippet":"max-snippet:-1","max-image-preview":"max-image-preview:large","max-video-preview":"max-video-preview:-1"},"canonical":"https:\/\/www.alab.pl\/centrum-wiedzy\/zespol-tourettea-co-to-za-choroba-i-jak-sie-objawia-przyczyny-diagnostyka-i-leczenie\/","og_locale":"pl_PL","og_type":"article","og_title":"Zesp\u00f3\u0142 Tourette'a \u2013 co to za choroba i jak si\u0119 objawia? Przyczyny, diagnostyka i leczenie - Centrum Wiedzy ALAB laboratoria","og_description":"Sprawd\u017a, czym dok\u0142adnie jest zesp\u00f3\u0142 Tourette\u2019a, jakie s\u0105 jego objawy, przyczyny oraz dost\u0119pne metody diagnozy i leczenia.","og_url":"https:\/\/www.alab.pl\/centrum-wiedzy\/zespol-tourettea-co-to-za-choroba-i-jak-sie-objawia-przyczyny-diagnostyka-i-leczenie\/","og_site_name":"Centrum Wiedzy ALAB laboratoria","article_publisher":"https:\/\/www.facebook.com\/ALABlaboratoria","article_published_time":"2026-01-25T15:00:12+00:00","article_modified_time":"2026-01-25T15:00:14+00:00","og_image":[{"width":2298,"height":1400,"url":"https:\/\/www.alab.pl\/centrum-wiedzy\/wp-content\/uploads\/2026\/01\/zespol_touretta.jpg","type":"image\/jpeg"}],"author":"Sara Aszkie\u0142owicz","twitter_card":"summary_large_image","twitter_misc":{"Napisane przez":"Sara Aszkie\u0142owicz","Szacowany czas czytania":"7 minut","Written by":"Sara Aszkie\u0142owicz"},"schema":{"@context":"https:\/\/schema.org","@graph":[{"@type":"Article","@id":"https:\/\/www.alab.pl\/centrum-wiedzy\/zespol-tourettea-co-to-za-choroba-i-jak-sie-objawia-przyczyny-diagnostyka-i-leczenie\/#article","isPartOf":{"@id":"https:\/\/www.alab.pl\/centrum-wiedzy\/zespol-tourettea-co-to-za-choroba-i-jak-sie-objawia-przyczyny-diagnostyka-i-leczenie\/"},"author":{"name":"Sara Aszkie\u0142owicz","@id":"https:\/\/www.alab.pl\/centrum-wiedzy\/#\/schema\/person\/e1bd348f3902b896c4bf8ccdc5f54b4f"},"headline":"Zesp\u00f3\u0142 Tourette&#8217;a \u2013 co to za choroba i jak si\u0119 objawia? Przyczyny, diagnostyka i leczenie","datePublished":"2026-01-25T15:00:12+00:00","dateModified":"2026-01-25T15:00:14+00:00","mainEntityOfPage":{"@id":"https:\/\/www.alab.pl\/centrum-wiedzy\/zespol-tourettea-co-to-za-choroba-i-jak-sie-objawia-przyczyny-diagnostyka-i-leczenie\/"},"wordCount":1231,"publisher":{"@id":"https:\/\/www.alab.pl\/centrum-wiedzy\/#organization"},"image":{"@id":"https:\/\/www.alab.pl\/centrum-wiedzy\/zespol-tourettea-co-to-za-choroba-i-jak-sie-objawia-przyczyny-diagnostyka-i-leczenie\/#primaryimage"},"thumbnailUrl":"https:\/\/www.alab.pl\/centrum-wiedzy\/wp-content\/uploads\/2026\/01\/zespol_touretta.jpg","articleSection":["Choroby uk\u0142adu nerwowego"],"inLanguage":"pl-PL"},{"@type":["WebPage","FAQPage"],"@id":"https:\/\/www.alab.pl\/centrum-wiedzy\/zespol-tourettea-co-to-za-choroba-i-jak-sie-objawia-przyczyny-diagnostyka-i-leczenie\/","url":"https:\/\/www.alab.pl\/centrum-wiedzy\/zespol-tourettea-co-to-za-choroba-i-jak-sie-objawia-przyczyny-diagnostyka-i-leczenie\/","name":"Zesp\u00f3\u0142 Tourette'a \u2013 co to za choroba i jak si\u0119 objawia? Przyczyny, diagnostyka i leczenie - Centrum Wiedzy ALAB laboratoria","isPartOf":{"@id":"https:\/\/www.alab.pl\/centrum-wiedzy\/#website"},"primaryImageOfPage":{"@id":"https:\/\/www.alab.pl\/centrum-wiedzy\/zespol-tourettea-co-to-za-choroba-i-jak-sie-objawia-przyczyny-diagnostyka-i-leczenie\/#primaryimage"},"image":{"@id":"https:\/\/www.alab.pl\/centrum-wiedzy\/zespol-tourettea-co-to-za-choroba-i-jak-sie-objawia-przyczyny-diagnostyka-i-leczenie\/#primaryimage"},"thumbnailUrl":"https:\/\/www.alab.pl\/centrum-wiedzy\/wp-content\/uploads\/2026\/01\/zespol_touretta.jpg","datePublished":"2026-01-25T15:00:12+00:00","dateModified":"2026-01-25T15:00:14+00:00","description":"Sprawd\u017a, czym dok\u0142adnie jest zesp\u00f3\u0142 Tourette\u2019a, jakie s\u0105 jego objawy, przyczyny oraz dost\u0119pne metody diagnozy i leczenia.","breadcrumb":{"@id":"https:\/\/www.alab.pl\/centrum-wiedzy\/zespol-tourettea-co-to-za-choroba-i-jak-sie-objawia-przyczyny-diagnostyka-i-leczenie\/#breadcrumb"},"mainEntity":[{"@id":"https:\/\/www.alab.pl\/centrum-wiedzy\/zespol-tourettea-co-to-za-choroba-i-jak-sie-objawia-przyczyny-diagnostyka-i-leczenie\/#faq-question-1769352613937"},{"@id":"https:\/\/www.alab.pl\/centrum-wiedzy\/zespol-tourettea-co-to-za-choroba-i-jak-sie-objawia-przyczyny-diagnostyka-i-leczenie\/#faq-question-1769352634239"},{"@id":"https:\/\/www.alab.pl\/centrum-wiedzy\/zespol-tourettea-co-to-za-choroba-i-jak-sie-objawia-przyczyny-diagnostyka-i-leczenie\/#faq-question-1769352647704"},{"@id":"https:\/\/www.alab.pl\/centrum-wiedzy\/zespol-tourettea-co-to-za-choroba-i-jak-sie-objawia-przyczyny-diagnostyka-i-leczenie\/#faq-question-1769352662989"},{"@id":"https:\/\/www.alab.pl\/centrum-wiedzy\/zespol-tourettea-co-to-za-choroba-i-jak-sie-objawia-przyczyny-diagnostyka-i-leczenie\/#faq-question-1769352688117"},{"@id":"https:\/\/www.alab.pl\/centrum-wiedzy\/zespol-tourettea-co-to-za-choroba-i-jak-sie-objawia-przyczyny-diagnostyka-i-leczenie\/#faq-question-1769352717232"}],"inLanguage":"pl-PL","potentialAction":[{"@type":"ReadAction","target":["https:\/\/www.alab.pl\/centrum-wiedzy\/zespol-tourettea-co-to-za-choroba-i-jak-sie-objawia-przyczyny-diagnostyka-i-leczenie\/"]}]},{"@type":"ImageObject","inLanguage":"pl-PL","@id":"https:\/\/www.alab.pl\/centrum-wiedzy\/zespol-tourettea-co-to-za-choroba-i-jak-sie-objawia-przyczyny-diagnostyka-i-leczenie\/#primaryimage","url":"https:\/\/www.alab.pl\/centrum-wiedzy\/wp-content\/uploads\/2026\/01\/zespol_touretta.jpg","contentUrl":"https:\/\/www.alab.pl\/centrum-wiedzy\/wp-content\/uploads\/2026\/01\/zespol_touretta.jpg","width":2298,"height":1400,"caption":"zesp\u00f3\u0142 tourette'a"},{"@type":"BreadcrumbList","@id":"https:\/\/www.alab.pl\/centrum-wiedzy\/zespol-tourettea-co-to-za-choroba-i-jak-sie-objawia-przyczyny-diagnostyka-i-leczenie\/#breadcrumb","itemListElement":[{"@type":"ListItem","position":1,"name":"Strona g\u0142\u00f3wna","item":"https:\/\/www.alab.pl\/centrum-wiedzy\/"},{"@type":"ListItem","position":2,"name":"Zesp\u00f3\u0142 Tourette&#8217;a \u2013 co to za choroba i jak si\u0119 objawia? Przyczyny, diagnostyka i leczenie"}]},{"@type":"WebSite","@id":"https:\/\/www.alab.pl\/centrum-wiedzy\/#website","url":"https:\/\/www.alab.pl\/centrum-wiedzy\/","name":"Centrum Wiedzy ALAB laboratoria","description":"","publisher":{"@id":"https:\/\/www.alab.pl\/centrum-wiedzy\/#organization"},"potentialAction":[{"@type":"SearchAction","target":{"@type":"EntryPoint","urlTemplate":"https:\/\/www.alab.pl\/centrum-wiedzy\/?s={search_term_string}"},"query-input":{"@type":"PropertyValueSpecification","valueRequired":true,"valueName":"search_term_string"}}],"inLanguage":"pl-PL"},{"@type":"Organization","@id":"https:\/\/www.alab.pl\/centrum-wiedzy\/#organization","name":"Centrum Wiedzy ALAB laboratoria","url":"https:\/\/www.alab.pl\/centrum-wiedzy\/","logo":{"@type":"ImageObject","inLanguage":"pl-PL","@id":"https:\/\/www.alab.pl\/centrum-wiedzy\/#\/schema\/logo\/image\/","url":"https:\/\/www.alab.pl\/centrum-wiedzy\/wp-content\/uploads\/2022\/04\/alabek.jpg","contentUrl":"https:\/\/www.alab.pl\/centrum-wiedzy\/wp-content\/uploads\/2022\/04\/alabek.jpg","width":1250,"height":1251,"caption":"Centrum Wiedzy ALAB laboratoria"},"image":{"@id":"https:\/\/www.alab.pl\/centrum-wiedzy\/#\/schema\/logo\/image\/"},"sameAs":["https:\/\/www.facebook.com\/ALABlaboratoria"]},{"@type":"Person","@id":"https:\/\/www.alab.pl\/centrum-wiedzy\/#\/schema\/person\/e1bd348f3902b896c4bf8ccdc5f54b4f","name":"Sara Aszkie\u0142owicz","image":{"@type":"ImageObject","inLanguage":"pl-PL","@id":"https:\/\/www.alab.pl\/centrum-wiedzy\/wp-content\/uploads\/2024\/12\/Sara-Aszkielowicz.jpga3c8b438ba9bbe816fb0922931f740b7","url":"https:\/\/www.alab.pl\/centrum-wiedzy\/wp-content\/uploads\/2024\/12\/Sara-Aszkielowicz.jpg","contentUrl":"https:\/\/www.alab.pl\/centrum-wiedzy\/wp-content\/uploads\/2024\/12\/Sara-Aszkielowicz.jpg","caption":"Sara Aszkie\u0142owicz"},"description":"Absolwentka Wydzia\u0142u Lekarskiego Uniwersytetu Medycznego w \u0141odzi, obecnie odbywaj\u0105ca szkolenie specjalizacyjne w Klinice Endokrynologii i Chor\u00f3b Metabolicznych Instytutu Centrum Zdrowia Matki Polki w \u0141odzi. Jej zainteresowania naukowe koncentruj\u0105 si\u0119 na zaburzeniach wzrastania, przedwczesnym i op\u00f3\u017aniaj\u0105cym si\u0119 dojrzewaniu p\u0142ciowym, chorobach nadnerczy oraz zaburzeniach mineralizacji ko\u015bci i gospodarki wapniowo-fosforanowej u dzieci.","url":"https:\/\/www.alab.pl\/centrum-wiedzy\/author\/sara-aszkielowicz\/"},{"@type":"Question","@id":"https:\/\/www.alab.pl\/centrum-wiedzy\/zespol-tourettea-co-to-za-choroba-i-jak-sie-objawia-przyczyny-diagnostyka-i-leczenie\/#faq-question-1769352613937","position":1,"url":"https:\/\/www.alab.pl\/centrum-wiedzy\/zespol-tourettea-co-to-za-choroba-i-jak-sie-objawia-przyczyny-diagnostyka-i-leczenie\/#faq-question-1769352613937","name":"Czy zesp\u00f3\u0142 Tourette\u2019a wp\u0142ywa na d\u0142ugo\u015b\u0107 \u017cycia?","answerCount":1,"acceptedAnswer":{"@type":"Answer","text":"Nie, choroba nie skraca \u017cycia ani nie powoduje powa\u017cnych powik\u0142a\u0144 zdrowotnych.","inLanguage":"pl-PL"},"inLanguage":"pl-PL"},{"@type":"Question","@id":"https:\/\/www.alab.pl\/centrum-wiedzy\/zespol-tourettea-co-to-za-choroba-i-jak-sie-objawia-przyczyny-diagnostyka-i-leczenie\/#faq-question-1769352634239","position":2,"url":"https:\/\/www.alab.pl\/centrum-wiedzy\/zespol-tourettea-co-to-za-choroba-i-jak-sie-objawia-przyczyny-diagnostyka-i-leczenie\/#faq-question-1769352634239","name":"Jakie s\u0105 pierwsze objawy zespo\u0142u Tourette\u2019a?","answerCount":1,"acceptedAnswer":{"@type":"Answer","text":"Najcz\u0119\u015bciej s\u0105 to proste tiki motoryczne, np. mruganie, grymas twarzy czy potrz\u0105sanie g\u0142ow\u0105.","inLanguage":"pl-PL"},"inLanguage":"pl-PL"},{"@type":"Question","@id":"https:\/\/www.alab.pl\/centrum-wiedzy\/zespol-tourettea-co-to-za-choroba-i-jak-sie-objawia-przyczyny-diagnostyka-i-leczenie\/#faq-question-1769352647704","position":3,"url":"https:\/\/www.alab.pl\/centrum-wiedzy\/zespol-tourettea-co-to-za-choroba-i-jak-sie-objawia-przyczyny-diagnostyka-i-leczenie\/#faq-question-1769352647704","name":"Czy zesp\u00f3\u0142 Tourette\u2019a jest chorob\u0105 dziedziczn\u0105?","answerCount":1,"acceptedAnswer":{"@type":"Answer","text":"Tak, ma silne pod\u0142o\u017ce genetyczne, cho\u0107 nie ka\u017cdy potomek chorego zachoruje.","inLanguage":"pl-PL"},"inLanguage":"pl-PL"},{"@type":"Question","@id":"https:\/\/www.alab.pl\/centrum-wiedzy\/zespol-tourettea-co-to-za-choroba-i-jak-sie-objawia-przyczyny-diagnostyka-i-leczenie\/#faq-question-1769352662989","position":4,"url":"https:\/\/www.alab.pl\/centrum-wiedzy\/zespol-tourettea-co-to-za-choroba-i-jak-sie-objawia-przyczyny-diagnostyka-i-leczenie\/#faq-question-1769352662989","name":"Czy zesp\u00f3\u0142 Tourette\u2019a jest uleczalny?","answerCount":1,"acceptedAnswer":{"@type":"Answer","text":"Nie, choroba nie jest w pe\u0142ni uleczalna, ale objawy mo\u017cna skutecznie kontrolowa\u0107.","inLanguage":"pl-PL"},"inLanguage":"pl-PL"},{"@type":"Question","@id":"https:\/\/www.alab.pl\/centrum-wiedzy\/zespol-tourettea-co-to-za-choroba-i-jak-sie-objawia-przyczyny-diagnostyka-i-leczenie\/#faq-question-1769352688117","position":5,"url":"https:\/\/www.alab.pl\/centrum-wiedzy\/zespol-tourettea-co-to-za-choroba-i-jak-sie-objawia-przyczyny-diagnostyka-i-leczenie\/#faq-question-1769352688117","name":"Czy dzieci z zespo\u0142em Tourette\u2019a mog\u0105 normalnie funkcjonowa\u0107?","answerCount":1,"acceptedAnswer":{"@type":"Answer","text":"Tak, przy wsparciu terapii i odpowiednich strategiach radzenia sobie z tikami dzieci mog\u0105 prowadzi\u0107 aktywne \u017cycie szkolne i spo\u0142eczne.","inLanguage":"pl-PL"},"inLanguage":"pl-PL"},{"@type":"Question","@id":"https:\/\/www.alab.pl\/centrum-wiedzy\/zespol-tourettea-co-to-za-choroba-i-jak-sie-objawia-przyczyny-diagnostyka-i-leczenie\/#faq-question-1769352717232","position":6,"url":"https:\/\/www.alab.pl\/centrum-wiedzy\/zespol-tourettea-co-to-za-choroba-i-jak-sie-objawia-przyczyny-diagnostyka-i-leczenie\/#faq-question-1769352717232","name":"Kiedy zg\u0142osi\u0107 si\u0119 na diagnostyk\u0119 zespo\u0142u Tourette\u2019a?","answerCount":1,"acceptedAnswer":{"@type":"Answer","text":"W przypadku pojawienia si\u0119 mimowolnych, powtarzaj\u0105cych si\u0119 tik\u00f3w trwaj\u0105cych ponad rok, zw\u0142aszcza je\u015bli wp\u0142ywaj\u0105 na codzienne \u017cycie.","inLanguage":"pl-PL"},"inLanguage":"pl-PL"}]}},"_links":{"self":[{"href":"https:\/\/www.alab.pl\/centrum-wiedzy\/wp-json\/wp\/v2\/posts\/29247","targetHints":{"allow":["GET"]}}],"collection":[{"href":"https:\/\/www.alab.pl\/centrum-wiedzy\/wp-json\/wp\/v2\/posts"}],"about":[{"href":"https:\/\/www.alab.pl\/centrum-wiedzy\/wp-json\/wp\/v2\/types\/post"}],"author":[{"embeddable":true,"href":"https:\/\/www.alab.pl\/centrum-wiedzy\/wp-json\/wp\/v2\/users\/175"}],"replies":[{"embeddable":true,"href":"https:\/\/www.alab.pl\/centrum-wiedzy\/wp-json\/wp\/v2\/comments?post=29247"}],"version-history":[{"count":2,"href":"https:\/\/www.alab.pl\/centrum-wiedzy\/wp-json\/wp\/v2\/posts\/29247\/revisions"}],"predecessor-version":[{"id":29250,"href":"https:\/\/www.alab.pl\/centrum-wiedzy\/wp-json\/wp\/v2\/posts\/29247\/revisions\/29250"}],"wp:featuredmedia":[{"embeddable":true,"href":"https:\/\/www.alab.pl\/centrum-wiedzy\/wp-json\/wp\/v2\/media\/29249"}],"wp:attachment":[{"href":"https:\/\/www.alab.pl\/centrum-wiedzy\/wp-json\/wp\/v2\/media?parent=29247"}],"wp:term":[{"taxonomy":"category","embeddable":true,"href":"https:\/\/www.alab.pl\/centrum-wiedzy\/wp-json\/wp\/v2\/categories?post=29247"},{"taxonomy":"post_tag","embeddable":true,"href":"https:\/\/www.alab.pl\/centrum-wiedzy\/wp-json\/wp\/v2\/tags?post=29247"},{"taxonomy":"author","embeddable":true,"href":"https:\/\/www.alab.pl\/centrum-wiedzy\/wp-json\/wp\/v2\/coauthors?post=29247"}],"curies":[{"name":"wp","href":"https:\/\/api.w.org\/{rel}","templated":true}]}}