{"id":29291,"date":"2026-01-27T10:36:42","date_gmt":"2026-01-27T09:36:42","guid":{"rendered":"https:\/\/www.alab.pl\/centrum-wiedzy\/?p=29291"},"modified":"2026-01-27T10:36:45","modified_gmt":"2026-01-27T09:36:45","slug":"nabial-a-tradzik-fakty-i-mity-jak-produkty-mleczne-wplywaja-na-cere","status":"publish","type":"post","link":"https:\/\/www.alab.pl\/centrum-wiedzy\/nabial-a-tradzik-fakty-i-mity-jak-produkty-mleczne-wplywaja-na-cere\/","title":{"rendered":"Nabia\u0142 a tr\u0105dzik \u2013 fakty i mity. Jak produkty mleczne wp\u0142ywaj\u0105 na cer\u0119?"},"content":{"rendered":"\n<p><strong>Najcz\u0119stsz\u0105 chorob\u0105 sk\u00f3ry jest tr\u0105dzik. Dotyka on szczeg\u00f3lnie osoby m\u0142ode, przed 30. rokiem \u017cycia i w wi\u0119kszo\u015bci przypadk\u00f3w przebiega \u0142agodnie. Coraz wi\u0119cej bada\u0144 naukowych potwierdza, \u017ce dieta wp\u0142ywa na kondycj\u0119 sk\u00f3ry, a nabia\u0142 zajmuje wysokie miejsce w\u015br\u00f3d produkt\u00f3w, na kt\u00f3re zwraca si\u0119 szczeg\u00f3ln\u0105 uwag\u0119.<\/strong><\/p>\n\n\n\n<figure class=\"wp-block-table\"><table class=\"has-fixed-layout\"><tbody><tr><td><strong>Z tego artyku\u0142u dowiesz si\u0119:<\/strong> <br>>> jakie mechanizmy \u0142\u0105cz\u0105 spo\u017cycie mleka z tr\u0105dzikiem, <br>>> dlaczego nie ka\u017cdy produkt mleczny dzia\u0142a na cer\u0119 w ten sam spos\u00f3b, <br>>> czy jest zwi\u0105zek mi\u0119dzy alergi\u0105 i nietolerancj\u0105 pokarmow\u0105 a tr\u0105dzikiem, <br>>> jakie badania laboratoryjne mog\u0105 by\u0107 pomocne przy problemie z cer\u0119, <br>>> jak bezpiecznie ograniczy\u0107 produkty mleczne w diecie.<\/td><\/tr><\/tbody><\/table><\/figure>\n\n\n\n<p><strong>Spis tre\u015bci:<\/strong><\/p>\n\n\n\n<ol class=\"wp-block-list\">\n<li><a href=\"#Wp\u0142yw-diety-na-cer\u0119-\u2013-czy-mleko-powoduje-tr\u0105dzik?\">Wp\u0142yw diety na cer\u0119 \u2013 czy mleko powoduje tr\u0105dzik?<\/a><\/li>\n\n\n\n<li><a href=\"#Nabia\u0142-a-tr\u0105dzik.-Dlaczego-produkty-mleczne-mog\u0105-pogarsza\u0107-cer\u0119?\">Nabia\u0142 a tr\u0105dzik. Dlaczego produkty mleczne mog\u0105 pogarsza\u0107 cer\u0119?<\/a><\/li>\n\n\n\n<li><a href=\"#Choroby-przewlek\u0142e-a-tr\u0105dzik:-czy-jest-mi\u0119dzy-nimi-zale\u017cno\u015b\u0107?\">Choroby przewlek\u0142e a tr\u0105dzik: czy jest mi\u0119dzy nimi zale\u017cno\u015b\u0107?<\/a><\/li>\n\n\n\n<li><a href=\"#Nabia\u0142-a-tr\u0105dzik-r\u00f3\u017cowaty\">Nabia\u0142 a tr\u0105dzik r\u00f3\u017cowaty<\/a><\/li>\n\n\n\n<li><a href=\"#Alergia-i-nietolerancja-nabia\u0142u-a-tr\u0105dzik\">Alergia i nietolerancja nabia\u0142u a tr\u0105dzik<\/a><\/li>\n\n\n\n<li><a href=\"#Jak-sprawdzi\u0107,-czy-mleko-negatywnie-wp\u0142ywa-na-stan-sk\u00f3ry?\">Jak sprawdzi\u0107, czy mleko negatywnie wp\u0142ywa na stan sk\u00f3ry?<\/a>\n<ul class=\"wp-block-list\">\n<li><a href=\"#1.-Dieta-eliminacyjna-(z\u0142oty-standard)\">1. Dieta eliminacyjna (z\u0142oty standard)<\/a><\/li>\n\n\n\n<li><a href=\"#2.-Obserwacja-stanu-sk\u00f3ry\">2. Obserwacja stanu sk\u00f3ry<\/a><\/li>\n\n\n\n<li><a href=\"#3.-Test-prowokacji\">3. Test prowokacji<\/a><\/li>\n<\/ul>\n<\/li>\n\n\n\n<li><a href=\"#Jakie-produkty-mleczne-mog\u0105-stanowi\u0107-problem-dla-zdrowia-sk\u00f3ry?\">Jakie produkty mleczne mog\u0105 stanowi\u0107 problem dla zdrowia sk\u00f3ry?<\/a><\/li>\n\n\n\n<li><a href=\"#Czy-ograniczenie-produkt\u00f3w-mlecznych-mo\u017ce-zmniejszy\u0107-tr\u0105dzik?\">Czy ograniczenie produkt\u00f3w mlecznych mo\u017ce zmniejszy\u0107 tr\u0105dzik?<\/a><\/li>\n\n\n\n<li><a href=\"#Jak-sobie-radzi\u0107-w-sytuacji,-gdy-nabia\u0142-pogarsza-stan-sk\u00f3ry?\">Jak sobie radzi\u0107 w sytuacji, gdy nabia\u0142 pogarsza stan sk\u00f3ry?<\/a><\/li>\n\n\n\n<li><a href=\"#Zako\u0144czenie\">Zako\u0144czenie<\/a><\/li>\n<\/ol>\n\n\n\n<h2 class=\"wp-block-heading\" id=\"Wp\u0142yw-diety-na-cer\u0119-\u2013-czy-mleko-powoduje-tr\u0105dzik?\">Wp\u0142yw diety na cer\u0119 \u2013 czy mleko powoduje tr\u0105dzik?<\/h2>\n\n\n\n<p>Dawniej rola diety w dermatologii by\u0142a marginalizowana, jednak aktualne badania wskazuj\u0105, \u017ce spos\u00f3b \u017cywienia jest istotnym czynnikiem modyfikuj\u0105cym przebieg, m.in. tr\u0105dziku pospolitego (ang. <em>acne vulgaris<\/em>).<\/p>\n\n\n\n<p><strong>Mleko krowie nie jest bezpo\u015bredni\u0105 przyczyn\u0105 <\/strong><a href=\"https:\/\/www.alab.pl\/centrum-wiedzy\/tradzik-choroba-o-wielu-obliczach\/\"><strong>tr\u0105dziku<\/strong><\/a><strong>, <\/strong>jednak wysokie spo\u017cycie produkt\u00f3w mlecznych, u niekt\u00f3rych os\u00f3b mo\u017ce zwi\u0119ksza\u0107 ryzyko nasilenia zmian sk\u00f3rnych. Jest to szczeg\u00f3lnie widoczne u nastolatk\u00f3w i m\u0142odych doros\u0142ych. U nich gospodarka hormonalna jest najbardziej reaktywna, czyli gdy organizm nadmiernie i\/lub nieadekwatnie reaguje na r\u00f3\u017cne bod\u017ace (np. produkty spo\u017cywcze czy <a href=\"https:\/\/www.alab.pl\/centrum-wiedzy\/stres-przyjaciel-czy-wrog\/\">stres<\/a>).<\/p>\n\n\n\n<p><strong>>> Sprawd\u017a te\u017c: <a href=\"https:\/\/www.alab.pl\/centrum-wiedzy\/wplyw-diety-na-tradzik-co-jesc-a-czego-unikac\/\">Wp\u0142yw diety na tr\u0105dzik. Co je\u015b\u0107 a czego unika\u0107?<\/a><\/strong><\/p>\n\n\n\n<figure class=\"wp-block-image size-full\"><a href=\"https:\/\/www.alab.pl\/pakiet\/pakiet-cera-nastolatka\"><img loading=\"lazy\" decoding=\"async\" width=\"800\" height=\"200\" src=\"https:\/\/www.alab.pl\/centrum-wiedzy\/wp-content\/uploads\/2026\/01\/Pakiet-cera-nastolatka-11-badan.jpg\" alt=\"Pakiet cera nastolatka (11 badan\u0301) baner\" class=\"wp-image-29138\" srcset=\"https:\/\/www.alab.pl\/centrum-wiedzy\/wp-content\/uploads\/2026\/01\/Pakiet-cera-nastolatka-11-badan.jpg 800w, https:\/\/www.alab.pl\/centrum-wiedzy\/wp-content\/uploads\/2026\/01\/Pakiet-cera-nastolatka-11-badan-768x192.jpg 768w, https:\/\/www.alab.pl\/centrum-wiedzy\/wp-content\/uploads\/2026\/01\/Pakiet-cera-nastolatka-11-badan-150x38.jpg 150w, https:\/\/www.alab.pl\/centrum-wiedzy\/wp-content\/uploads\/2026\/01\/Pakiet-cera-nastolatka-11-badan-300x75.jpg 300w, https:\/\/www.alab.pl\/centrum-wiedzy\/wp-content\/uploads\/2026\/01\/Pakiet-cera-nastolatka-11-badan-696x174.jpg 696w\" sizes=\"auto, (max-width: 800px) 100vw, 800px\" \/><\/a><\/figure>\n\n\n\n<h2 class=\"wp-block-heading\" id=\"Nabia\u0142-a-tr\u0105dzik.-Dlaczego-produkty-mleczne-mog\u0105-pogarsza\u0107-cer\u0119?\">Nabia\u0142 a tr\u0105dzik. Dlaczego produkty mleczne mog\u0105 pogarsza\u0107 cer\u0119?<\/h2>\n\n\n\n<p>G\u0142\u00f3wnym powodem, dla kt\u00f3rego nabia\u0142 pogarsza stan sk\u00f3ry, jest jego wp\u0142yw na gospodark\u0119 hormonaln\u0105 organizmu. Mleko krowie naturalnie zawiera prekursory hormon\u00f3w oraz substancje, kt\u00f3re stymuluj\u0105 <a href=\"https:\/\/www.alab.pl\/centrum-wiedzy\/watroba-budowa-funkcje-najczestsze-choroby\/\">w\u0105trob\u0119<\/a> do produkcji insulinopodobnego czynnika wzrostu 1 (IGF-1).<\/p>\n\n\n\n<p>To w\u0142a\u015bnie IGF-1 oraz towarzysz\u0105cy mu wyrzut insuliny uruchamiaj\u0105 kaskad\u0119 niekorzystnych zmian w sk\u00f3rze. Dochodzi do wzrostu produkcji sebum (naturalnego \u0142oju) przez gruczo\u0142y \u0142ojowe, co tworzy \u015brodowisko sprzyjaj\u0105ce namna\u017caniu si\u0119 bakterii, m.in. z rodzaju <em>Cutibacterium acnes<\/em>. R\u00f3wnocze\u015bnie dochodzi do zaburze\u0144 keratynizacji, czyli nadmiernego i zbyt szybkiego namna\u017cania si\u0119 kom\u00f3rek wy\u015bcielaj\u0105cych przewody wyprowadzaj\u0105ce gruczo\u0142\u00f3w \u0142ojowych, co skutkuje ich zatykaniem i powstawaniem zask\u00f3rnik\u00f3w.<\/p>\n\n\n\n<p>Dodatkowo nabia\u0142, b\u0119d\u0105cy bogatym \u017ar\u00f3d\u0142em <a href=\"https:\/\/www.alab.pl\/centrum-wiedzy\/aminokwasy-czym-sa-rodzaje-rola-w-organizmie-i-zrodla\/\">aminokwas\u00f3w<\/a> rozga\u0142\u0119zionych, takich jak leucyna, aktywuje szlak metaboliczny mTORC1. Jego pobudzenie nasila stany zapalne oraz produkcj\u0119 lipid\u00f3w w sk\u00f3rze, co bezpo\u015brednio przek\u0142ada si\u0119 na zaostrzenie zmian tr\u0105dzikowych.<\/p>\n\n\n\n<h2 class=\"wp-block-heading\" id=\"Choroby-przewlek\u0142e-a-tr\u0105dzik:-czy-jest-mi\u0119dzy-nimi-zale\u017cno\u015b\u0107?\">Choroby przewlek\u0142e a tr\u0105dzik: czy jest mi\u0119dzy nimi zale\u017cno\u015b\u0107?<\/h2>\n\n\n\n<p>Negatywny wp\u0142yw nabia\u0142u jest szczeg\u00f3lnie widoczny u os\u00f3b ze wsp\u00f3\u0142istniej\u0105cymi zaburzeniami metabolicznymi, takimi jak <a href=\"https:\/\/www.alab.pl\/centrum-wiedzy\/zapytaj-eksperta-insulinoopornosc-cz-1-czy-insulinoopornosc-to-choroba-i-komu-zagraza\/\">insulinooporno\u015b\u0107<\/a> czy <a href=\"https:\/\/www.alab.pl\/centrum-wiedzy\/zespol-policystycznych-jajnikow-pcos-przyczyny-objawy-diagnostyka-leczenie\/\">zesp\u00f3\u0142 policystycznych jajnik\u00f3w<\/a> (PCOS).<\/p>\n\n\n\n<p>W takich sytuacjach poziom insuliny jest zazwyczaj podwy\u017cszony, a spo\u017cywanie produkt\u00f3w mlecznych dodatkowo nasila ten stan. Jest to spowodowane efektem synergii \u2013 nabia\u0142 dodatkowo destabilizuje gospodark\u0119 hormonaln\u0105, gdzie przy istniej\u0105cych ju\u017c zaburzeniach dochodzi do nasilenia stan\u00f3w zapalnych. Skutkuje to bolesnymi, g\u0142\u0119bokimi zmianami tr\u0105dzikowymi, kt\u00f3re wykazuj\u0105 wysok\u0105 oporno\u015b\u0107 na leczenie wy\u0142\u0105cznie preparatami miejscowymi.<\/p>\n\n\n\n<figure class=\"wp-block-image size-full\"><a href=\"https:\/\/www.alab.pl\/pakiet\/pakiet-zdrowa-skora-wlosy-i-paznokcie-hormony\"><img loading=\"lazy\" decoding=\"async\" width=\"800\" height=\"200\" src=\"https:\/\/www.alab.pl\/centrum-wiedzy\/wp-content\/uploads\/2025\/06\/Pakiet-zdrowa-skora-wlosy-i-paznokcie-hormony-3-badania.jpg\" alt=\"Pakiet zdrowa skora, wlosy i paznokcie - hormony (3 badania) banerek\" class=\"wp-image-24098\" srcset=\"https:\/\/www.alab.pl\/centrum-wiedzy\/wp-content\/uploads\/2025\/06\/Pakiet-zdrowa-skora-wlosy-i-paznokcie-hormony-3-badania.jpg 800w, https:\/\/www.alab.pl\/centrum-wiedzy\/wp-content\/uploads\/2025\/06\/Pakiet-zdrowa-skora-wlosy-i-paznokcie-hormony-3-badania-768x192.jpg 768w, https:\/\/www.alab.pl\/centrum-wiedzy\/wp-content\/uploads\/2025\/06\/Pakiet-zdrowa-skora-wlosy-i-paznokcie-hormony-3-badania-150x38.jpg 150w, https:\/\/www.alab.pl\/centrum-wiedzy\/wp-content\/uploads\/2025\/06\/Pakiet-zdrowa-skora-wlosy-i-paznokcie-hormony-3-badania-300x75.jpg 300w, https:\/\/www.alab.pl\/centrum-wiedzy\/wp-content\/uploads\/2025\/06\/Pakiet-zdrowa-skora-wlosy-i-paznokcie-hormony-3-badania-696x174.jpg 696w\" sizes=\"auto, (max-width: 800px) 100vw, 800px\" \/><\/a><\/figure>\n\n\n\n<h2 class=\"wp-block-heading\" id=\"Nabia\u0142-a-tr\u0105dzik-r\u00f3\u017cowaty\">Nabia\u0142 a tr\u0105dzik r\u00f3\u017cowaty<\/h2>\n\n\n\n<p>Zale\u017cno\u015b\u0107 mi\u0119dzy spo\u017cywaniem nabia\u0142u a <a href=\"https:\/\/www.alab.pl\/centrum-wiedzy\/tradzik-rozowaty-acne-rosacea\/\">tr\u0105dzikiem r\u00f3\u017cowatym<\/a> (ang. <em>rosacea<\/em>)jest mniej istotna i opiera si\u0119 na innych mechanizmach, ni\u017c w przypadku tr\u0105dziku pospolitego. W tr\u0105dziku r\u00f3\u017cowatym kluczowym problemem nie jest nadprodukcja sebum, lecz nadreaktywno\u015b\u0107 naczy\u0144 krwiono\u015bnych oraz przewlek\u0142y stan zapalny sk\u00f3ry.<\/p>\n\n\n\n<p>Produkty mleczne s\u0105 wymieniane przez pacjent\u00f3w jako jeden z cz\u0119stszych \u201ewyzwalaczy\u201d powoduj\u0105cych nag\u0142e zaczerwienienie twarzy oraz zaostrzenie zmian grudkowo-krostkowych.<\/p>\n\n\n\n<p>Badania ankietowe prowadzone w\u015br\u00f3d chorych sugeruj\u0105, \u017ce nabia\u0142 \u2013 obok ostrych przypraw i alkoholu \u2013 mo\u017ce stymulowa\u0107 receptory przej\u015bciowego potencja\u0142u (TRP, ang. <em>transient receptor potential<\/em>) w uk\u0142adzie nerwowym sk\u00f3ry. Ich aktywacja prowadzi do gwa\u0142townego rozszerzenia naczy\u0144 krwiono\u015bnych i wydzielania czynnik\u00f3w zapalnych w organizmie.<\/p>\n\n\n\n<p>Szczeg\u00f3ln\u0105 uwag\u0119 zwraca si\u0119 na jogurty i sery dojrzewaj\u0105ce, kt\u00f3re u niekt\u00f3rych os\u00f3b mog\u0105 wywo\u0142ywa\u0107 reakcj\u0119 ze wzgl\u0119du na zawarto\u015b\u0107 histaminy lub innych amin biogennych, dzia\u0142aj\u0105cych rozszerzaj\u0105co na naczynia krwiono\u015bne.<\/p>\n\n\n\n<h2 class=\"wp-block-heading\" id=\"Alergia-i-nietolerancja-nabia\u0142u-a-tr\u0105dzik\">Alergia i nietolerancja nabia\u0142u a tr\u0105dzik<\/h2>\n\n\n\n<p>Cho\u0107 w j\u0119zyku potocznym alergia i nietolerancja na mleko s\u0105 u\u017cywane zamiennie, s\u0105 to dwa r\u00f3\u017cne stany, a ich wp\u0142yw na stan sk\u00f3ry ma zupe\u0142nie inne pod\u0142o\u017ce. Wa\u017cne jest, aby odr\u00f3\u017cni\u0107 reakcj\u0119 uk\u0142adu odporno\u015bciowego (alergi\u0119) od problem\u00f3w z trawieniem sk\u0142adnik\u00f3w mleka (<a href=\"https:\/\/www.alab.pl\/centrum-wiedzy\/nietolerancja-pokarmowa-co-to-jest-rodzaje-objawy-i-badania\/\">nietolerancj\u0119 pokarmow\u0105<\/a>).<\/p>\n\n\n\n<p>Alergia na bia\u0142ka mleka krowiego (np. kazein\u0119, \u03b2-laktoglobulin\u0119) jest odpowiedzi\u0105 uk\u0142adu immunologicznego, kt\u00f3ra u os\u00f3b doros\u0142ych zmagaj\u0105cych si\u0119 z tr\u0105dzikiem mo\u017ce przybra\u0107 form\u0119 reakcji op\u00f3\u017anionej. W tym przypadku organizm traktuje bia\u0142ka mleka jako intruza, co prowadzi do uwalniania czynnik\u00f3w stanu zapalnego. Cho\u0107 typowa alergia objawia si\u0119 najcz\u0119\u015bciej <a href=\"https:\/\/www.alab.pl\/centrum-wiedzy\/pokrzywka-objawy-przyczyny-rodzaje\/\">pokrzywk\u0105<\/a> lub <a href=\"https:\/\/www.alab.pl\/centrum-wiedzy\/atopowe-zapalenie-skory-azs\/\">atopowym zapaleniem sk\u00f3ry<\/a>, przewlek\u0142y stan zapalny wywo\u0142any alergenem mo\u017ce znacz\u0105co zaostrza\u0107 zmiany tr\u0105dzikowe, czyni\u0105c je bardziej czerwonymi, bolesnymi i trudniejszymi do wyciszenia.<\/p>\n\n\n\n<p><a href=\"https:\/\/www.alab.pl\/centrum-wiedzy\/nietolerancja-laktozy\/\">Nietolerancja laktozy<\/a> za\u015b, wynika z braku lub niedoboru enzymu \u2013 laktazy, kt\u00f3ry odpowiada za rozk\u0142ad cukru mlecznego czyli laktozy. Cho\u0107 sama nietolerancja objawia si\u0119 g\u0142\u00f3wnie problemami ze strony uk\u0142adu pokarmowego (np. wzd\u0119cia, b\u00f3le brzucha), jej po\u015bredni wp\u0142yw na tr\u0105dzik jest zwi\u0105zany ze stanem jelit. Niestrawiona laktoza fermentuje, co mo\u017ce prowadzi\u0107 do zaburzenia mikrobioty jelitowej (dysbiozy). Wed\u0142ug koncepcji \u201eosi jelito-m\u00f3zg-sk\u00f3ra\u201d (ang. <em>gut-brain-skin axis<\/em>), nieszczelna bariera jelitowa i stan zapalny w przewodzie pokarmowym mog\u0105 nasila\u0107 procesy zapalne w obr\u0119bie jednostek w\u0142osowo-\u0142ojowych na twarzy.<\/p>\n\n\n\n<p>Warto podkre\u015bli\u0107, \u017ce mo\u017cna nie mie\u0107 ani alergii ani nietolerancji laktozy, a mimo to do\u015bwiadcza\u0107 pogorszenia stanu cery po spo\u017cyciu du\u017cej ilo\u015bci mleka i produkt\u00f3w mlecznych.<\/p>\n\n\n\n<h2 class=\"wp-block-heading\" id=\"Jak-sprawdzi\u0107,-czy-mleko-negatywnie-wp\u0142ywa-na-stan-sk\u00f3ry?\">Jak sprawdzi\u0107, czy mleko negatywnie wp\u0142ywa na stan sk\u00f3ry?<\/h2>\n\n\n\n<p>W celu sprawdzenia, czy to w\u0142a\u015bnie produkty mleczne powoduj\u0105 pogorszenie stanu cery, <strong>najlepiej przeprowadzi\u0107<\/strong> <strong>usystematyzowany proces obserwacji<\/strong>. Mo\u017cna to zrobi\u0107 w kilku krokach:<\/p>\n\n\n\n<h3 class=\"wp-block-heading\" id=\"1.-Dieta-eliminacyjna-(z\u0142oty-standard)\">1. Dieta eliminacyjna (z\u0142oty standard)<\/h3>\n\n\n\n<p>Najskuteczniejszym sposobem jest ca\u0142kowite <strong>odstawienie nabia\u0142u na okres od 3 do 4 tygodni<\/strong>. Dlaczego tak d\u0142ugo? Poniewa\u017c cykl odnowy nask\u00f3rka trwa oko\u0142o 28 dni, a proces wyciszania stan\u00f3w zapalnych wywo\u0142anych przez szlaki hormonalne (IGF-1) wymaga czasu.<\/p>\n\n\n\n<p>Nale\u017cy wykluczy\u0107 z diety takie produkty, jak:<\/p>\n\n\n\n<ul class=\"wp-block-list\">\n<li>mleko (szczeg\u00f3lnie odt\u0142uszczone),<\/li>\n\n\n\n<li>ser twarogowy,<\/li>\n\n\n\n<li>sery \u017c\u00f3\u0142te,<\/li>\n\n\n\n<li>jogurty,<\/li>\n\n\n\n<li>kefiry,<\/li>\n\n\n\n<li>od\u017cywki bia\u0142kowe na bazie serwatki (<em>whey protein<\/em>).<\/li>\n<\/ul>\n\n\n\n<p>Aby unikn\u0105\u0107 niedobor\u00f3w <a href=\"https:\/\/www.alab.pl\/centrum-wiedzy\/wapn-podstawowy-pierwiastek-ukladu-kostnego\/\">wapnia<\/a> \u2013 kt\u00f3rego najlepszym \u017ar\u00f3d\u0142em s\u0105 w\u0142a\u015bnie produkty mleczne \u2013 nale\u017cy wprowadzi\u0107 do diety napoje i inne produkty ro\u015blinne fortyfikowane wapniem, a tak\u017ce sezam, mak, jarmu\u017c, ryby z o\u015b\u0107mi czy nasiona ro\u015blin str\u0105czkowych.<\/p>\n\n\n\n<p><strong>>> Zobacz: <a href=\"https:\/\/www.alab.pl\/centrum-wiedzy\/dieta-eliminacyjna-na-czym-polega-i-kto-powinien-ja-stosowac-niepozadane-skutki\/\">Dieta eliminacyjna \u2013 na czym polega i kto powinien j\u0105 stosowa\u0107? Niepo\u017c\u0105dane skutki<\/a><\/strong><\/p>\n\n\n\n<h3 class=\"wp-block-heading\" id=\"2.-Obserwacja-stanu-sk\u00f3ry\">2. Obserwacja stanu sk\u00f3ry<\/h3>\n\n\n\n<p>W trakcie diety eliminacyjnej nale\u017cy zwr\u00f3\u0107 uwag\u0119 nie tylko na liczb\u0119 nowych zmian na sk\u00f3rze, ale tak\u017ce na ich charakter (czy s\u0105 mniej bolesne, mniej czerwone) oraz na stopie\u0144 przet\u0142uszczania si\u0119 sk\u00f3ry.<\/p>\n\n\n\n<figure class=\"wp-block-image size-full\"><a href=\"https:\/\/www.alab.pl\/pakiet\/pakiet-zdrowa-skora-wlosy-i-paznokcie-suplementacja\"><img loading=\"lazy\" decoding=\"async\" width=\"800\" height=\"200\" src=\"https:\/\/www.alab.pl\/centrum-wiedzy\/wp-content\/uploads\/2025\/10\/Pakiet-zdrowa-skora-wlosy-i-paznokcie-suplementacja-4-badania.png\" alt=\"Pakiet zdrowa sk\u00f3ra, w\u0142osy i paznokcie - suplementacja (4 badania) banerek\" class=\"wp-image-27168\" srcset=\"https:\/\/www.alab.pl\/centrum-wiedzy\/wp-content\/uploads\/2025\/10\/Pakiet-zdrowa-skora-wlosy-i-paznokcie-suplementacja-4-badania.png 800w, https:\/\/www.alab.pl\/centrum-wiedzy\/wp-content\/uploads\/2025\/10\/Pakiet-zdrowa-skora-wlosy-i-paznokcie-suplementacja-4-badania-768x192.png 768w, https:\/\/www.alab.pl\/centrum-wiedzy\/wp-content\/uploads\/2025\/10\/Pakiet-zdrowa-skora-wlosy-i-paznokcie-suplementacja-4-badania-150x38.png 150w, https:\/\/www.alab.pl\/centrum-wiedzy\/wp-content\/uploads\/2025\/10\/Pakiet-zdrowa-skora-wlosy-i-paznokcie-suplementacja-4-badania-300x75.png 300w, https:\/\/www.alab.pl\/centrum-wiedzy\/wp-content\/uploads\/2025\/10\/Pakiet-zdrowa-skora-wlosy-i-paznokcie-suplementacja-4-badania-696x174.png 696w\" sizes=\"auto, (max-width: 800px) 100vw, 800px\" \/><\/a><\/figure>\n\n\n\n<h3 class=\"wp-block-heading\" id=\"3.-Test-prowokacji\">3. Test prowokacji<\/h3>\n\n\n\n<p>Po okresie eliminacji wprowadza si\u0119 nabia\u0142 stopniowo ponownie do diety przez 2-3 dni. Je\u015bli tr\u0105dzik jest powi\u0105zany z mlekiem, nast\u0105pi pogorszenie stanu cery.<\/p>\n\n\n\n<p>Tr\u0105dzik o pod\u0142o\u017cu hormonalnym, kt\u00f3ry mo\u017ce by\u0107 wra\u017cliwy na czynniki dietetyczne, cz\u0119sto lokalizuje si\u0119 w:<\/p>\n\n\n\n<ul class=\"wp-block-list\">\n<li>dolnej cz\u0119\u015bci twarzy \u2013 linia \u017cuchwy, broda, okolice ust,<\/li>\n\n\n\n<li>na plecach i klatce piersiowej \u2013 obszary o du\u017cej g\u0119sto\u015bci gruczo\u0142\u00f3w \u0142ojowych.<\/li>\n<\/ul>\n\n\n\n<p>Dodatkowo mo\u017cna wykona\u0107 badania, kt\u00f3re pomog\u0105 potwierdzi\u0107 mechanizmy hormonalne i metaboliczne w nasileniu si\u0119 tr\u0105dziku, w tym:<\/p>\n\n\n\n<ul class=\"wp-block-list\">\n<li>st\u0119\u017cenie <a href=\"https:\/\/www.alab.pl\/badanie\/insulina-l97\">insuliny<\/a> i glukozy na czczo (wyliczenie wska\u017anika HOMA-IR) \u2013 u os\u00f3b z insulinooporno\u015b\u0107, nabia\u0142 mo\u017ce wywo\u0142ywa\u0107 silniejsze reakcje sk\u00f3rne,<\/li>\n\n\n\n<li>badanie poziomu IGF-1 \u2013 cho\u0107 rzadko zlecane rutynowo, jego wysoki poziom koreluje z ci\u0119\u017cko\u015bci\u0105 przebiegu tr\u0105dziku. Wysoki poziom IGF-1 bezpo\u015brednio stymuluje gruczo\u0142y \u0142ojowe do produkcji sebum,<\/li>\n\n\n\n<li>panel alergii pokarmowych (IgE swoiste) \u2013 pozwala wykluczy\u0107 lub potwierdzi\u0107 alergi\u0119 na bia\u0142ka mleka (np. kazein\u0119, alfa-laktoalbumin\u0119, beta-laktoglobulin\u0119),<\/li>\n\n\n\n<li>wodorowy test oddechowy \u2013 s\u0142u\u017cy do potwierdzenia nietolerancji laktozy (cukru mlecznego), kt\u00f3ra mo\u017ce powodowa\u0107 zaburzenia <a href=\"https:\/\/www.alab.pl\/centrum-wiedzy\/mikrobiota-jelitowa\/\">mikrobioty jelitowej<\/a> i wp\u0142ywa\u0107 na cer\u0119.<\/li>\n<\/ul>\n\n\n\n<p>Je\u015bli tr\u0105dzik nasila si\u0119 po nabiale, mo\u017cna sprawdzi\u0107, czy wsp\u00f3\u0142istniej\u0105 zaburzenia hormon\u00f3w p\u0142ciowych, kt\u00f3re dodatkowo pogarszaj\u0105 stan cery. W tym celu we krwi nale\u017cy oznaczy\u0107:<\/p>\n\n\n\n<ul class=\"wp-block-list\">\n<li><a href=\"https:\/\/www.alab.pl\/badanie\/testosteron-wolny-o41\">testosteron wolny<\/a> i ca\u0142kowity, <a href=\"https:\/\/www.alab.pl\/badanie\/androstendion-i31\">androstendion<\/a>, DHEA-S -hormony te stymuluj\u0105 produkcj\u0119 \u0142oju,<\/li>\n\n\n\n<li>globulin\u0119 wi\u0105\u017c\u0105c\u0105 hormony p\u0142ciowe (SHBG) \u2013 jego niski poziom cz\u0119sto koreluje z wysokim IGF-1 i tr\u0105dzikiem,<\/li>\n\n\n\n<li><a href=\"https:\/\/www.alab.pl\/badanie\/prolaktyna-prl-n59\">prolaktyn\u0119<\/a><strong> \u2013<\/strong> przewlek\u0142y stres i nabia\u0142 mog\u0105 podnosi\u0107 jej poziom, co r\u00f3wnie\u017c pogarsza stan cery.<\/li>\n<\/ul>\n\n\n\n<p>Ponadto osoby z tr\u0105dzikiem cz\u0119sto maj\u0105 niedobory witamin i sk\u0142adnik\u00f3w mineralnych, kt\u00f3re \u0142agodz\u0105 wp\u0142yw nabia\u0142u na sk\u00f3r\u0119, np.:<\/p>\n\n\n\n<ul class=\"wp-block-list\">\n<li><a href=\"https:\/\/www.alab.pl\/badanie\/witamina-d-25oh\">witamina D3<\/a> \u2013 jej niedob\u00f3r nasila stan zapalny organizmu,<\/li>\n\n\n\n<li>cynk i selen<strong> \u2013 <\/strong>sk\u0142adniki mineralne wa\u017cne dla regeneracji sk\u00f3ry i hamowania produkcji sebum.<\/li>\n<\/ul>\n\n\n\n<figure class=\"wp-block-table\"><table class=\"has-fixed-layout\"><tbody><tr><td><strong>Pami\u0119taj,<\/strong> by zakres bada\u0144 oraz ich wynik zawsze skonsultuj z lekarzem.<\/td><\/tr><\/tbody><\/table><\/figure>\n\n\n\n<p><strong>>> Warto przeczyta\u0107 nasz artyku\u0142: <a href=\"https:\/\/www.alab.pl\/centrum-wiedzy\/tradzik-hormonalny-jak-go-rozpoznac-i-leczyc-przyczyny-i-objawy\/\">Tr\u0105dzik hormonalny, jak go rozpozna\u0107 i leczy\u0107? Przyczyny i objawy<\/a><\/strong><\/p>\n\n\n\n<h2 class=\"wp-block-heading\" id=\"Jakie-produkty-mleczne-mog\u0105-stanowi\u0107-problem-dla-zdrowia-sk\u00f3ry?\">Jakie produkty mleczne mog\u0105 stanowi\u0107 problem dla zdrowia sk\u00f3ry?<\/h2>\n\n\n\n<p>Nie ka\u017cdy produkt mleczny wp\u0142ywa na sk\u00f3r\u0119 w ten sam spos\u00f3b. Nabia\u0142, kt\u00f3ry mo\u017ce silniej wzmacnia\u0107 zmiany tr\u0105dzikowe, to:<\/p>\n\n\n\n<ul class=\"wp-block-list\">\n<li><strong>mleko odt\u0142uszczone<\/strong> \u2013 paradoksalnie to w\u0142a\u015bnie mleko o niskiej zawarto\u015bci t\u0142uszczu (0,5-0%) jest najsilniej powi\u0105zane z zaostrzeniem tr\u0105dziku. Badania sugeruj\u0105, \u017ce usuwanie t\u0142uszczu zmienia stosunek hormon\u00f3w w mleku i zwi\u0119ksza biodost\u0119pno\u015b\u0107 substancji stymuluj\u0105cych IGF-1. Dodatkowo mleko chude ma wy\u017cszy indeks glikemiczny ni\u017c pe\u0142ne, co powoduje szybszy wzrost st\u0119\u017cenia <a href=\"https:\/\/www.alab.pl\/badanie\/glukoza-l43\">glukozy<\/a> we krwi i tym samym wi\u0119ksz\u0105 produkcj\u0119 insuliny.<\/li>\n\n\n\n<li><strong>s\u0142odzone produkty mleczne<\/strong> \u2013 jogurty owocowe, desery mleczne, kawa typu latte z syropami czy lody \u0142\u0105cz\u0105 dwa czynniki mog\u0105ce negatywnie wp\u0142ywa\u0107 na cer\u0119 \u2013 nabia\u0142 i wysoki indeks glikemiczny. Taka kombinacja prowadzi do szybkiego wyrzutu insuliny, co nasila stany zapalne.<\/li>\n<\/ul>\n\n\n\n<p>Bezpieczniejszym wyborem s\u0105 produkty, takie jak:<\/p>\n\n\n\n<ul class=\"wp-block-list\">\n<li>kefir, <a href=\"https:\/\/www.alab.pl\/centrum-wiedzy\/wlasciwosci-jogurtu-naturalnego-jak-wybrac-jogurt-z-dobrym-skladem\/\">jogurt naturalny<\/a> \u2013 zawieraj\u0105 bakterie probiotyczne (np. <em>Lactobacillus<\/em>), kt\u00f3re mog\u0105 \u0142agodzi\u0107 stan zapalny poprzez o\u015b jelito-sk\u00f3ra,<\/li>\n\n\n\n<li>t\u0142uste mleko (2-3,2%),<\/li>\n\n\n\n<li>nabia\u0142 kozi i owczy \u2013 ma nieco inny sk\u0142ad bia\u0142kowy i cz\u0119sto jest lepiej tolerowany ni\u017c krowi,<\/li>\n\n\n\n<li>mas\u0142o klarowane (<em>ghee<\/em>) \u2013 zawiera \u015bladowe ilo\u015bci bia\u0142ek, wi\u0119c zazwyczaj nie wp\u0142ywa na cer\u0119,<\/li>\n\n\n\n<li>sery \u017c\u00f3\u0142te i d\u0142ugo dojrzewaj\u0105ce (np. parmezan) \u2013 maj\u0105 minimaln\u0105 zawarto\u015b\u0107 laktozy i naturalnych hormon\u00f3w w por\u00f3wnaniu do \u015bwie\u017cego mleka.<\/li>\n<\/ul>\n\n\n\n<h2 class=\"wp-block-heading\" id=\"Czy-ograniczenie-produkt\u00f3w-mlecznych-mo\u017ce-zmniejszy\u0107-tr\u0105dzik?\">Czy ograniczenie produkt\u00f3w mlecznych mo\u017ce zmniejszy\u0107 tr\u0105dzik?<\/h2>\n\n\n\n<p>Badania kliniczne wykazuj\u0105, \u017ce odstawienie mleka, u niekt\u00f3rych os\u00f3b skutkuje wyra\u017anym wyciszeniem stan\u00f3w zapalnych. Nale\u017cy jednak pami\u0119ta\u0107, \u017ce sk\u00f3ra potrzebuje czasu na regeneracj\u0119 \u2013 efekty diety eliminacyjnej s\u0105 zazwyczaj widoczne po oko\u0142o 4-12 tygodniach.<\/p>\n\n\n\n<h2 class=\"wp-block-heading\" id=\"Jak-sobie-radzi\u0107-w-sytuacji,-gdy-nabia\u0142-pogarsza-stan-sk\u00f3ry?\">Jak sobie radzi\u0107 w sytuacji, gdy nabia\u0142 pogarsza stan sk\u00f3ry?<\/h2>\n\n\n\n<p>Gdy obserwowane jest pogorszenie stanu sk\u00f3ry na skutek spo\u017cywania mleka, nale\u017cy ograniczy\u0107 jego spo\u017cycie. Ca\u0142kowite odstawienie nabia\u0142u na miesi\u0105c pozwala sk\u00f3rze przej\u015b\u0107 pe\u0142ny cykl regeneracji i obni\u017cy\u0107 nadprodukcj\u0119 sebum. W tym celu nale\u017cy uwa\u017cnie czyta\u0107 etykiety na opakowaniach produkt\u00f3w spo\u017cywczych \u2013 serwatka lub mleko w proszku cz\u0119sto znajduj\u0105 si\u0119 w w\u0119dlinach, sosach, gotowych daniach i s\u0142odyczach. Osoby trenuj\u0105ce i stosuj\u0105ce od\u017cywki bia\u0142kowe zawieraj\u0105ce serwatk\u0119, powinny zast\u0105pi\u0107 je izolatami bia\u0142ka grochu, ry\u017cu lub konopii.<\/p>\n\n\n\n<p>Wyeliminowane produkty mleczne, nale\u017cy zast\u0105pi\u0107 innymi o podobnych walorach od\u017cywczych, w celu unikni\u0119cia niedobor\u00f3w (g\u0142\u00f3wnie wapnia), a tak\u017ce dyskomfortu zwi\u0105zanego z brakiem danego produktu. Mo\u017cna stosowa\u0107:<\/p>\n\n\n\n<ul class=\"wp-block-list\">\n<li>napoje ro\u015blinne \u2013 np. migda\u0142owe, konopne czy sojowe nies\u0142odzone. Nale\u017cy unika\u0107 napoju ry\u017cowego i owsianego w du\u017cych ilo\u015bciach, ze wzgl\u0119du na wysoki indeks glikemiczny,<\/li>\n\n\n\n<li>ro\u015blinne \u017ar\u00f3d\u0142a wapnia \u2013 sezam, mak, jarmu\u017c, sardynki (z o\u015b\u0107mi), ro\u015bliny str\u0105czkowe (np. fasola, soja, soczewica),<\/li>\n\n\n\n<li>wod\u0119 mineraln\u0105 bogat\u0105 w wap\u0144,<\/li>\n\n\n\n<li>jogurty kokosowe lub sojowe z \u017cywymi kulturami bakterii.<\/li>\n<\/ul>\n\n\n\n<ul class=\"wp-block-list\">\n<li>probiotyki<strong> \u2013 <\/strong>szczepy bakterii, takie jak <em>Lactobacillus rhamnosus SP1<\/em> mog\u0105 poprawia\u0107 stan cery poprzez normalizacj\u0119 sygna\u0142\u00f3w insulinowych w sk\u00f3rze,<\/li>\n\n\n\n<li>produkty bogate w kwasy t\u0142uszczowe omega-3 \u2013 np. t\u0142uste ryby morskie, olej lniany i orzechy w\u0142oskie. Pomagaj\u0105 one obni\u017ca\u0107 poziom IGF-1 i dzia\u0142aj\u0105 silnie przeciwzapalnie.<\/li>\n<\/ul>\n\n\n\n<p>Ponadto, nale\u017cy ograniczy\u0107 cukier i produkty o wysokim indeksie glikemicznym.<\/p>\n\n\n\n<p>Poza stosowaniem odpowiedniej diety, nale\u017cy piel\u0119gnowa\u0107 sk\u00f3r\u0119 odpowiednimi preparatami, np. zawieraj\u0105cymi <a href=\"https:\/\/www.alab.pl\/centrum-wiedzy\/niacyna-dzialanie-wlasciwosci-i-rola-w-organizmie\/\">niacynamid<\/a> (witamin\u0119 B3 \u2013 zmniejsza produkcj\u0119 \u0142oju) czy kwas salicylowy (BHA \u2013 pomaga odblokowa\u0107 pory, kt\u00f3re zatyka\u0142y si\u0119 pod wp\u0142ywem zaburze\u0144 rogowacenia nask\u00f3rka).<\/p>\n\n\n\n<h2 class=\"wp-block-heading\" id=\"Zako\u0144czenie\">Zako\u0144czenie<\/h2>\n\n\n\n<p>Wp\u0142yw nabia\u0142u na cer\u0119 jest procesem z\u0142o\u017conym, wynikaj\u0105cym przede wszystkim z jego oddzia\u0142ywania na szlaki hormonalne i metaboliczne organizmu. Cho\u0107 dla wielu os\u00f3b eliminacja mleka mo\u017ce sta\u0107 si\u0119 elementem terapii przeciwtr\u0105dzikowej, ka\u017cda decyzja o zmianie nawyk\u00f3w \u017cywieniowych powinna by\u0107 poprzedzona uwa\u017cn\u0105 obserwacj\u0105 organizmu, a tak\u017ce profesjonaln\u0105 diagnostyk\u0105.<\/p>\n\n\n\n<p>Wa\u017cna jest nie tylko rezygnacja z problematycznych produkt\u00f3w, ale tak\u017ce wprowadzenie warto\u015bciowych zamiennik\u00f3w, bogatych w wap\u0144 oraz kwasy t\u0142uszczowe omega-3. Odpowiedni spos\u00f3b \u017cywienia stanowi istotne wsparcie dla leczenia dermatologicznego, przyspieszaj\u0105c regeneracj\u0119 sk\u00f3ry i zmniejszaj\u0105c ryzyko nawrot\u00f3w zmian zapalnych.<\/p>\n\n\n\n<hr class=\"wp-block-separator has-alpha-channel-opacity\"\/>\n\n\n\n<p><strong>Pi\u015bmiennictwo<\/strong><\/p>\n\n\n\n<ol class=\"wp-block-list\">\n<li>KhanA. i Chang M.W. The role of nutrition in acne vulgaris and hidradenitis suppurativa. Clin Dermatol, 2022, 40(2), 114-121.<\/li>\n\n\n\n<li>Dall&#8217;OglioF.,\u00a0NascaM.R.,\u00a0Fiorentin F. i in. Diet and acne: review of the evidence from 2009 to 2020. Int J Dermatol, 2021, 60(6), 672-685<\/li>\n\n\n\n<li>Conforti C., Agozzino M., Emendato G. i in. Acne and diet: a review. Int J Dermatol, 2022, 61(8), 930-934,<\/li>\n\n\n\n<li>Rygu\u0142a I., Pikiewicz W. i Kamini\u00f3w K. Impact of Diet and Nutrition in Patients with Acne Vulgaris. Nutrients. 2024,16(10), 1476,<\/li>\n\n\n\n<li>Gonz\u00e1lez-Mondrag\u00f3n E.A., Ganoza-Granados L.D.C., Toledo-Bahena M.E. i in. Acne and diet: a review of pathogenic mechanisms. Bol Med Hosp Infant Mex, 2022, 79(2), 83-90<\/li>\n<\/ol>\n","protected":false},"excerpt":{"rendered":"<p>Coraz wi\u0119cej bada\u0144 potwierdza, \u017ce dieta (w tym r\u00f3wnie\u017c nabia\u0142), wp\u0142ywa na kondycj\u0119 sk\u00f3ry. Dowiedz si\u0119 wi\u0119cej.<\/p>\n","protected":false},"author":179,"featured_media":29137,"comment_status":"closed","ping_status":"closed","sticky":false,"template":"","format":"standard","meta":{"_acf_changed":false,"inline_featured_image":false,"footnotes":""},"categories":[12,17],"tags":[],"coauthors":[163],"class_list":{"0":"post-29291","1":"post","2":"type-post","3":"status-publish","4":"format-standard","5":"has-post-thumbnail","7":"category-choroby-skory","8":"category-dieta"},"acf":[],"yoast_head":"<!-- This site is optimized with the Yoast SEO plugin v27.5 - https:\/\/yoast.com\/product\/yoast-seo-wordpress\/ -->\n<title>Nabia\u0142 a tr\u0105dzik \u2013 fakty i mity. Jak produkty mleczne wp\u0142ywaj\u0105 na cer\u0119? - Centrum Wiedzy ALAB laboratoria<\/title>\n<meta name=\"description\" content=\"Coraz wi\u0119cej bada\u0144 potwierdza, \u017ce dieta (w tym r\u00f3wnie\u017c nabia\u0142), wp\u0142ywa na kondycj\u0119 sk\u00f3ry. Dowiedz si\u0119 wi\u0119cej.\" \/>\n<meta name=\"robots\" content=\"index, follow, max-snippet:-1, max-image-preview:large, max-video-preview:-1\" \/>\n<link rel=\"canonical\" href=\"https:\/\/www.alab.pl\/centrum-wiedzy\/nabial-a-tradzik-fakty-i-mity-jak-produkty-mleczne-wplywaja-na-cere\/\" \/>\n<meta property=\"og:locale\" content=\"pl_PL\" \/>\n<meta property=\"og:type\" content=\"article\" \/>\n<meta property=\"og:title\" content=\"Nabia\u0142 a tr\u0105dzik \u2013 fakty i mity. Jak produkty mleczne wp\u0142ywaj\u0105 na cer\u0119? - Centrum Wiedzy ALAB laboratoria\" \/>\n<meta property=\"og:description\" content=\"Coraz wi\u0119cej bada\u0144 potwierdza, \u017ce dieta (w tym r\u00f3wnie\u017c nabia\u0142), wp\u0142ywa na kondycj\u0119 sk\u00f3ry. Dowiedz si\u0119 wi\u0119cej.\" \/>\n<meta property=\"og:url\" content=\"https:\/\/www.alab.pl\/centrum-wiedzy\/nabial-a-tradzik-fakty-i-mity-jak-produkty-mleczne-wplywaja-na-cere\/\" \/>\n<meta property=\"og:site_name\" content=\"Centrum Wiedzy ALAB laboratoria\" \/>\n<meta property=\"article:publisher\" content=\"https:\/\/www.facebook.com\/ALABlaboratoria\" \/>\n<meta property=\"article:published_time\" content=\"2026-01-27T09:36:42+00:00\" \/>\n<meta property=\"article:modified_time\" content=\"2026-01-27T09:36:45+00:00\" \/>\n<meta property=\"og:image\" content=\"https:\/\/www.alab.pl\/centrum-wiedzy\/wp-content\/uploads\/2026\/01\/Nabial_a_tradzik_cover.jpg\" \/>\n\t<meta property=\"og:image:width\" content=\"1925\" \/>\n\t<meta property=\"og:image:height\" content=\"1285\" \/>\n\t<meta property=\"og:image:type\" content=\"image\/jpeg\" \/>\n<meta name=\"author\" content=\"Izabela Grabowska\" \/>\n<meta name=\"twitter:card\" content=\"summary_large_image\" \/>\n<meta name=\"twitter:label1\" content=\"Napisane przez\" \/>\n\t<meta name=\"twitter:data1\" content=\"Izabela Grabowska\" \/>\n\t<meta name=\"twitter:label2\" content=\"Szacowany czas czytania\" \/>\n\t<meta name=\"twitter:data2\" content=\"13 minut\" \/>\n\t<meta name=\"twitter:label3\" content=\"Written by\" \/>\n\t<meta name=\"twitter:data3\" content=\"Izabela Grabowska\" \/>\n<!-- \/ Yoast SEO plugin. -->","yoast_head_json":{"title":"Nabia\u0142 a tr\u0105dzik \u2013 fakty i mity. Jak produkty mleczne wp\u0142ywaj\u0105 na cer\u0119? - Centrum Wiedzy ALAB laboratoria","description":"Coraz wi\u0119cej bada\u0144 potwierdza, \u017ce dieta (w tym r\u00f3wnie\u017c nabia\u0142), wp\u0142ywa na kondycj\u0119 sk\u00f3ry. Dowiedz si\u0119 wi\u0119cej.","robots":{"index":"index","follow":"follow","max-snippet":"max-snippet:-1","max-image-preview":"max-image-preview:large","max-video-preview":"max-video-preview:-1"},"canonical":"https:\/\/www.alab.pl\/centrum-wiedzy\/nabial-a-tradzik-fakty-i-mity-jak-produkty-mleczne-wplywaja-na-cere\/","og_locale":"pl_PL","og_type":"article","og_title":"Nabia\u0142 a tr\u0105dzik \u2013 fakty i mity. Jak produkty mleczne wp\u0142ywaj\u0105 na cer\u0119? - Centrum Wiedzy ALAB laboratoria","og_description":"Coraz wi\u0119cej bada\u0144 potwierdza, \u017ce dieta (w tym r\u00f3wnie\u017c nabia\u0142), wp\u0142ywa na kondycj\u0119 sk\u00f3ry. Dowiedz si\u0119 wi\u0119cej.","og_url":"https:\/\/www.alab.pl\/centrum-wiedzy\/nabial-a-tradzik-fakty-i-mity-jak-produkty-mleczne-wplywaja-na-cere\/","og_site_name":"Centrum Wiedzy ALAB laboratoria","article_publisher":"https:\/\/www.facebook.com\/ALABlaboratoria","article_published_time":"2026-01-27T09:36:42+00:00","article_modified_time":"2026-01-27T09:36:45+00:00","og_image":[{"width":1925,"height":1285,"url":"https:\/\/www.alab.pl\/centrum-wiedzy\/wp-content\/uploads\/2026\/01\/Nabial_a_tradzik_cover.jpg","type":"image\/jpeg"}],"author":"Izabela Grabowska","twitter_card":"summary_large_image","twitter_misc":{"Napisane przez":"Izabela Grabowska","Szacowany czas czytania":"13 minut","Written by":"Izabela Grabowska"},"schema":{"@context":"https:\/\/schema.org","@graph":[{"@type":"Article","@id":"https:\/\/www.alab.pl\/centrum-wiedzy\/nabial-a-tradzik-fakty-i-mity-jak-produkty-mleczne-wplywaja-na-cere\/#article","isPartOf":{"@id":"https:\/\/www.alab.pl\/centrum-wiedzy\/nabial-a-tradzik-fakty-i-mity-jak-produkty-mleczne-wplywaja-na-cere\/"},"author":{"name":"Izabela Grabowska","@id":"https:\/\/www.alab.pl\/centrum-wiedzy\/#\/schema\/person\/091a3bba2df1373d9675ab910e722881"},"headline":"Nabia\u0142 a tr\u0105dzik \u2013 fakty i mity. Jak produkty mleczne wp\u0142ywaj\u0105 na cer\u0119?","datePublished":"2026-01-27T09:36:42+00:00","dateModified":"2026-01-27T09:36:45+00:00","mainEntityOfPage":{"@id":"https:\/\/www.alab.pl\/centrum-wiedzy\/nabial-a-tradzik-fakty-i-mity-jak-produkty-mleczne-wplywaja-na-cere\/"},"wordCount":2467,"publisher":{"@id":"https:\/\/www.alab.pl\/centrum-wiedzy\/#organization"},"image":{"@id":"https:\/\/www.alab.pl\/centrum-wiedzy\/nabial-a-tradzik-fakty-i-mity-jak-produkty-mleczne-wplywaja-na-cere\/#primaryimage"},"thumbnailUrl":"https:\/\/www.alab.pl\/centrum-wiedzy\/wp-content\/uploads\/2026\/01\/Nabial_a_tradzik_cover.jpg","articleSection":["Choroby sk\u00f3ry","Dieta i suplementacja"],"inLanguage":"pl-PL"},{"@type":"WebPage","@id":"https:\/\/www.alab.pl\/centrum-wiedzy\/nabial-a-tradzik-fakty-i-mity-jak-produkty-mleczne-wplywaja-na-cere\/","url":"https:\/\/www.alab.pl\/centrum-wiedzy\/nabial-a-tradzik-fakty-i-mity-jak-produkty-mleczne-wplywaja-na-cere\/","name":"Nabia\u0142 a tr\u0105dzik \u2013 fakty i mity. Jak produkty mleczne wp\u0142ywaj\u0105 na cer\u0119? - Centrum Wiedzy ALAB laboratoria","isPartOf":{"@id":"https:\/\/www.alab.pl\/centrum-wiedzy\/#website"},"primaryImageOfPage":{"@id":"https:\/\/www.alab.pl\/centrum-wiedzy\/nabial-a-tradzik-fakty-i-mity-jak-produkty-mleczne-wplywaja-na-cere\/#primaryimage"},"image":{"@id":"https:\/\/www.alab.pl\/centrum-wiedzy\/nabial-a-tradzik-fakty-i-mity-jak-produkty-mleczne-wplywaja-na-cere\/#primaryimage"},"thumbnailUrl":"https:\/\/www.alab.pl\/centrum-wiedzy\/wp-content\/uploads\/2026\/01\/Nabial_a_tradzik_cover.jpg","datePublished":"2026-01-27T09:36:42+00:00","dateModified":"2026-01-27T09:36:45+00:00","description":"Coraz wi\u0119cej bada\u0144 potwierdza, \u017ce dieta (w tym r\u00f3wnie\u017c nabia\u0142), wp\u0142ywa na kondycj\u0119 sk\u00f3ry. Dowiedz si\u0119 wi\u0119cej.","breadcrumb":{"@id":"https:\/\/www.alab.pl\/centrum-wiedzy\/nabial-a-tradzik-fakty-i-mity-jak-produkty-mleczne-wplywaja-na-cere\/#breadcrumb"},"inLanguage":"pl-PL","potentialAction":[{"@type":"ReadAction","target":["https:\/\/www.alab.pl\/centrum-wiedzy\/nabial-a-tradzik-fakty-i-mity-jak-produkty-mleczne-wplywaja-na-cere\/"]}]},{"@type":"ImageObject","inLanguage":"pl-PL","@id":"https:\/\/www.alab.pl\/centrum-wiedzy\/nabial-a-tradzik-fakty-i-mity-jak-produkty-mleczne-wplywaja-na-cere\/#primaryimage","url":"https:\/\/www.alab.pl\/centrum-wiedzy\/wp-content\/uploads\/2026\/01\/Nabial_a_tradzik_cover.jpg","contentUrl":"https:\/\/www.alab.pl\/centrum-wiedzy\/wp-content\/uploads\/2026\/01\/Nabial_a_tradzik_cover.jpg","width":1925,"height":1285,"caption":"Nabial_a_tradzik_cover"},{"@type":"BreadcrumbList","@id":"https:\/\/www.alab.pl\/centrum-wiedzy\/nabial-a-tradzik-fakty-i-mity-jak-produkty-mleczne-wplywaja-na-cere\/#breadcrumb","itemListElement":[{"@type":"ListItem","position":1,"name":"Strona g\u0142\u00f3wna","item":"https:\/\/www.alab.pl\/centrum-wiedzy\/"},{"@type":"ListItem","position":2,"name":"Nabia\u0142 a tr\u0105dzik \u2013 fakty i mity. Jak produkty mleczne wp\u0142ywaj\u0105 na cer\u0119?"}]},{"@type":"WebSite","@id":"https:\/\/www.alab.pl\/centrum-wiedzy\/#website","url":"https:\/\/www.alab.pl\/centrum-wiedzy\/","name":"Centrum Wiedzy ALAB laboratoria","description":"","publisher":{"@id":"https:\/\/www.alab.pl\/centrum-wiedzy\/#organization"},"potentialAction":[{"@type":"SearchAction","target":{"@type":"EntryPoint","urlTemplate":"https:\/\/www.alab.pl\/centrum-wiedzy\/?s={search_term_string}"},"query-input":{"@type":"PropertyValueSpecification","valueRequired":true,"valueName":"search_term_string"}}],"inLanguage":"pl-PL"},{"@type":"Organization","@id":"https:\/\/www.alab.pl\/centrum-wiedzy\/#organization","name":"Centrum Wiedzy ALAB laboratoria","url":"https:\/\/www.alab.pl\/centrum-wiedzy\/","logo":{"@type":"ImageObject","inLanguage":"pl-PL","@id":"https:\/\/www.alab.pl\/centrum-wiedzy\/#\/schema\/logo\/image\/","url":"https:\/\/www.alab.pl\/centrum-wiedzy\/wp-content\/uploads\/2022\/04\/alabek.jpg","contentUrl":"https:\/\/www.alab.pl\/centrum-wiedzy\/wp-content\/uploads\/2022\/04\/alabek.jpg","width":1250,"height":1251,"caption":"Centrum Wiedzy ALAB laboratoria"},"image":{"@id":"https:\/\/www.alab.pl\/centrum-wiedzy\/#\/schema\/logo\/image\/"},"sameAs":["https:\/\/www.facebook.com\/ALABlaboratoria"]},{"@type":"Person","@id":"https:\/\/www.alab.pl\/centrum-wiedzy\/#\/schema\/person\/091a3bba2df1373d9675ab910e722881","name":"Izabela Grabowska","image":{"@type":"ImageObject","inLanguage":"pl-PL","@id":"https:\/\/www.alab.pl\/centrum-wiedzy\/wp-content\/uploads\/2025\/10\/Izabela-Grabowska-1-150x150.jpg4ac8d18fcd7ffe50f1412b472c017979","url":"https:\/\/www.alab.pl\/centrum-wiedzy\/wp-content\/uploads\/2025\/10\/Izabela-Grabowska-1-150x150.jpg","contentUrl":"https:\/\/www.alab.pl\/centrum-wiedzy\/wp-content\/uploads\/2025\/10\/Izabela-Grabowska-1-150x150.jpg","caption":"Izabela Grabowska"},"description":"Dietetyk sportowy, psychodietetyk. Absolwentka studi\u00f3w doktoranckich w Zak\u0142adzie Fizjologii Stosowanej w Instytucie Medycyny Do\u015bwiadczalnej Klinicznej PAN w Warszawie. Uko\u0144czy\u0142a Wydzia\u0142 Nauk o \u017bywieniu Cz\u0142owieka i Konsumpcji SGGW w Warszawie. Dietetyk z szerok\u0105 wiedz\u0105 z zakresu \u017cywienia cz\u0142owieka, fizjologii wysi\u0142ku fizycznego (studia podyplomowe na Akademii Wychowania Fizycznego w Warszawie \u2013 \u017bywienie i Wspomaganie Dietetyczne w Sporcie) oraz psychodietetyki (studia podyplomowe w Szkole Wy\u017cszej Psychologii Spo\u0142ecznej w Warszawie \u2013 Psychodietetyka), z do\u015bwiadczeniem w pracy naukowej, a tak\u017ce w poradnictwie dietetycznym. Autorka licznych artyku\u0142\u00f3w naukowych i popularno-naukowych oraz rozdzia\u0142u w ksi\u0105\u017cce \u201eDietetyka Sportowa\u201d wyd. PZWL, jak r\u00f3wnie\u017c redaktorka naukowa MN \u017bywienie w praktyce klinicznej wyd. Medical Tribune.","url":"https:\/\/www.alab.pl\/centrum-wiedzy\/author\/izabela-grabowska\/"}]}},"_links":{"self":[{"href":"https:\/\/www.alab.pl\/centrum-wiedzy\/wp-json\/wp\/v2\/posts\/29291","targetHints":{"allow":["GET"]}}],"collection":[{"href":"https:\/\/www.alab.pl\/centrum-wiedzy\/wp-json\/wp\/v2\/posts"}],"about":[{"href":"https:\/\/www.alab.pl\/centrum-wiedzy\/wp-json\/wp\/v2\/types\/post"}],"author":[{"embeddable":true,"href":"https:\/\/www.alab.pl\/centrum-wiedzy\/wp-json\/wp\/v2\/users\/179"}],"replies":[{"embeddable":true,"href":"https:\/\/www.alab.pl\/centrum-wiedzy\/wp-json\/wp\/v2\/comments?post=29291"}],"version-history":[{"count":5,"href":"https:\/\/www.alab.pl\/centrum-wiedzy\/wp-json\/wp\/v2\/posts\/29291\/revisions"}],"predecessor-version":[{"id":29300,"href":"https:\/\/www.alab.pl\/centrum-wiedzy\/wp-json\/wp\/v2\/posts\/29291\/revisions\/29300"}],"wp:featuredmedia":[{"embeddable":true,"href":"https:\/\/www.alab.pl\/centrum-wiedzy\/wp-json\/wp\/v2\/media\/29137"}],"wp:attachment":[{"href":"https:\/\/www.alab.pl\/centrum-wiedzy\/wp-json\/wp\/v2\/media?parent=29291"}],"wp:term":[{"taxonomy":"category","embeddable":true,"href":"https:\/\/www.alab.pl\/centrum-wiedzy\/wp-json\/wp\/v2\/categories?post=29291"},{"taxonomy":"post_tag","embeddable":true,"href":"https:\/\/www.alab.pl\/centrum-wiedzy\/wp-json\/wp\/v2\/tags?post=29291"},{"taxonomy":"author","embeddable":true,"href":"https:\/\/www.alab.pl\/centrum-wiedzy\/wp-json\/wp\/v2\/coauthors?post=29291"}],"curies":[{"name":"wp","href":"https:\/\/api.w.org\/{rel}","templated":true}]}}