{"id":29314,"date":"2026-01-27T21:23:57","date_gmt":"2026-01-27T20:23:57","guid":{"rendered":"https:\/\/www.alab.pl\/centrum-wiedzy\/?p=29314"},"modified":"2026-01-27T21:23:59","modified_gmt":"2026-01-27T20:23:59","slug":"jakie-moga-byc-przyczyny-bolu-jezyka","status":"publish","type":"post","link":"https:\/\/www.alab.pl\/centrum-wiedzy\/jakie-moga-byc-przyczyny-bolu-jezyka\/","title":{"rendered":"Jakie mog\u0105 by\u0107 przyczyny b\u00f3lu j\u0119zyka?"},"content":{"rendered":"\n<p><strong>B\u00f3l j\u0119zyka mo\u017ce utrudnia\u0107 m\u00f3wienie, jedzenie i codzienne funkcjonowanie. Cho\u0107 cz\u0119sto ust\u0119puje samoistnie, w niekt\u00f3rych przypadkach konieczna jest ocena specjalisty. Sprawd\u017a, co mo\u017ce oznacza\u0107 bol\u0105cy j\u0119zyk &#8211; przyczyny nie zawsze s\u0105 oczywiste.<\/strong><\/p>\n\n\n\n<figure class=\"wp-block-table\"><table class=\"has-fixed-layout\"><tbody><tr><td><strong>Z tego artyku\u0142u dowiesz si\u0119, \u017ce:<\/strong> <br>>> jakie mog\u0105 by\u0107 przyczyny b\u00f3lu j\u0119zyka \u2013 od uraz\u00f3w i infekcji po choroby og\u00f3lnoustrojowe,<br>>> jak lokalizacja dolegliwo\u015bci pomaga zaw\u0119zi\u0107 mo\u017cliwe \u017ar\u00f3d\u0142a b\u00f3lu,<br>>> kiedy bol\u0105cy j\u0119zyk wi\u0105\u017ce si\u0119 z niedoborami witamin, zaburzeniami hormonalnymi lub chorobami przewlek\u0142ymi,<br>>> jakie schorzenia najcz\u0119\u015bciej powoduj\u0105 b\u00f3l j\u0119zyka u dziecka,<br>>> jakie badania warto wykona\u0107 przy utrzymuj\u0105cych si\u0119 dolegliwo\u015bciach,<br>>> w jakich sytuacjach b\u00f3l j\u0119zyka wymaga pilnej diagnostyki.<\/td><\/tr><\/tbody><\/table><\/figure>\n\n\n\n<p><strong>Spis tre\u015bci:<\/strong><\/p>\n\n\n\n<ol class=\"wp-block-list\">\n<li><a href=\"#Najcz\u0119stsze-przyczyny-b\u00f3lu-j\u0119zyka\">Najcz\u0119stsze przyczyny b\u00f3lu j\u0119zyka<\/a><\/li>\n\n\n\n<li><a href=\"#B\u00f3l-j\u0119zyka-a-jego-lokalizacja\">B\u00f3l j\u0119zyka a jego lokalizacja<\/a>\n<ul class=\"wp-block-list\">\n<li><span style=\"color: initial;\"><a href=\"#B\u00f3l-j\u0119zyka-po-boku\">B\u00f3l j\u0119zyka po boku<\/a><\/span><\/li>\n\n\n\n<li><span style=\"color: initial;\"><a href=\"#B\u00f3l-j\u0119zyka-z-boku-przy-gardle\">B\u00f3l j\u0119zyka z boku przy gardle\u00a0<\/a><\/span><\/li>\n\n\n\n<li><span style=\"color: initial;\"><a href=\"#B\u00f3l-j\u0119zyka-z-ty\u0142u\">B\u00f3l j\u0119zyka z ty\u0142u<\/a><\/span><\/li>\n\n\n\n<li><a href=\"#B\u00f3l-pod-j\u0119zykiem\">B\u00f3l pod j\u0119zykiem<\/a><\/li>\n<\/ul>\n<\/li>\n\n\n\n<li><a href=\"#B\u00f3l-j\u0119zyka-u-dziecka\">B\u00f3l j\u0119zyka u dziecka<\/a><\/li>\n\n\n\n<li><a href=\"#B\u00f3l-j\u0119zyka-a-niedobory-witamin-i-minera\u0142\u00f3w\">B\u00f3l j\u0119zyka a niedobory witamin i minera\u0142\u00f3w<\/a><\/li>\n\n\n\n<li><a href=\"#B\u00f3l-j\u0119zyka-a-choroby-og\u00f3lnoustrojowe\">B\u00f3l j\u0119zyka a choroby og\u00f3lnoustrojowe<\/a><\/li>\n\n\n\n<li><a href=\"#B\u00f3l-j\u0119zyka-\u2013-jakie-badania-wykona\u0107?\">B\u00f3l j\u0119zyka \u2013 jakie badania wykona\u0107?<\/a><\/li>\n\n\n\n<li><a href=\"#Kiedy-b\u00f3l-j\u0119zyka-jest-powodem-do-niepokoju?\">Kiedy b\u00f3l j\u0119zyka jest powodem do niepokoju?<\/a><\/li>\n<\/ol>\n\n\n\n<h2 class=\"wp-block-heading\" id=\"Najcz\u0119stsze-przyczyny-b\u00f3lu-j\u0119zyka\"><a><\/a>Najcz\u0119stsze przyczyny b\u00f3lu j\u0119zyka<\/h2>\n\n\n\n<p>Poparzenie lub spo\u017cywanie ostrych potraw cz\u0119sto ko\u0144czy si\u0119 b\u00f3lem j\u0119zyka. Przyczyny tego objawu mog\u0105 by\u0107 jednak znacznie bardziej zr\u00f3\u017cnicowane \u2013 od drobnych zmian po powa\u017cne choroby og\u00f3lnoustrojowe. Za b\u00f3l j\u0119zyka mog\u0105 by\u0107 odpowiedzialne:<\/p>\n\n\n\n<ul class=\"wp-block-list\">\n<li><strong>urazy mechaniczne<\/strong> \u2013 np. przygryzienie, obtarcia od aparatu ortodontycznego lub protez.<\/li>\n\n\n\n<li><strong>afty i nad\u017cerki<\/strong> \u2013 bolesne zmiany w b\u0142onie \u015bluzowej j\u0119zyka,<\/li>\n\n\n\n<li><strong>infekcje<\/strong> \u2013 grzybicze (np. <a href=\"https:\/\/www.alab.pl\/centrum-wiedzy\/nawracajace-infekcje-grzybicze-candida-albicans-jak-objawia-sie-kandydoza\/\">kandydoza<\/a>), wirusowe (np. opryszczka) lub bakteryjne,<\/li>\n\n\n\n<li><strong>zapalenie j\u0119zyka (glossitis)<\/strong>,<\/li>\n\n\n\n<li><strong>niedobory witamin i minera\u0142\u00f3w<\/strong> \u2013 szczeg\u00f3lnie B12, \u017celaza i kwasu foliowego,<\/li>\n\n\n\n<li><strong>choroby og\u00f3lnoustrojowe<\/strong> \u2013 m.in. cukrzyca, <a href=\"https:\/\/www.alab.pl\/centrum-wiedzy\/anemia-przyczyny-objawy-i-rodzaje-niedokrwistosci\/\">niedokrwisto\u015b\u0107<\/a>, zaburzenia hormonalne,<\/li>\n\n\n\n<li><strong>reakcje alergiczne i na czynniki dra\u017cni\u0105ce<\/strong> \u2013 np. na pokarmy, leki, pasty do z\u0119b\u00f3w,<\/li>\n\n\n\n<li><strong>zmiany dermatologiczne<\/strong> \u2013 takie jak j\u0119zyk geograficzny lub <a href=\"https:\/\/www.alab.pl\/centrum-wiedzy\/liszaj-plaski-objawy-rodzaje-diagnostyka-i-leczenie\/\">liszaj p\u0142aski<\/a>.<br><br>Najcz\u0119\u015bciej za bol\u0105cy j\u0119zyk odpowiadaj\u0105 niegro\u017ane, miejscowe zmiany \u2013 jak urazy, nad\u017cerki czy infekcje. Warto jednak pami\u0119ta\u0107, \u017ce w niekt\u00f3rych przypadkach mo\u017ce on pochodzi\u0107 od choroby podstawowej, o czym wi\u0119cej w dalszej cz\u0119\u015bci tekstu.<\/li>\n<\/ul>\n\n\n\n<figure class=\"wp-block-image size-full\"><a href=\"https:\/\/www.alab.pl\/pakiet\/pakiet-anemii\"><img loading=\"lazy\" decoding=\"async\" width=\"800\" height=\"200\" src=\"https:\/\/www.alab.pl\/centrum-wiedzy\/wp-content\/uploads\/2025\/08\/Pakiet-anemii4-badania.png\" alt=\"Pakiet anemii(4 badania) banerek\" class=\"wp-image-25922\" srcset=\"https:\/\/www.alab.pl\/centrum-wiedzy\/wp-content\/uploads\/2025\/08\/Pakiet-anemii4-badania.png 800w, https:\/\/www.alab.pl\/centrum-wiedzy\/wp-content\/uploads\/2025\/08\/Pakiet-anemii4-badania-768x192.png 768w, https:\/\/www.alab.pl\/centrum-wiedzy\/wp-content\/uploads\/2025\/08\/Pakiet-anemii4-badania-150x38.png 150w, https:\/\/www.alab.pl\/centrum-wiedzy\/wp-content\/uploads\/2025\/08\/Pakiet-anemii4-badania-300x75.png 300w, https:\/\/www.alab.pl\/centrum-wiedzy\/wp-content\/uploads\/2025\/08\/Pakiet-anemii4-badania-696x174.png 696w\" sizes=\"auto, (max-width: 800px) 100vw, 800px\" \/><\/a><\/figure>\n\n\n\n<h2 class=\"wp-block-heading\" id=\"B\u00f3l-j\u0119zyka-a-jego-lokalizacja\"><a><\/a>B\u00f3l j\u0119zyka a jego lokalizacja<\/h2>\n\n\n\n<p>Zmiany, takie jak nad\u017cerki, liszaj czy afty mog\u0105 pojawia\u0107 si\u0119 w r\u00f3\u017cnych miejscach w jamie ustnej. Jednak niekt\u00f3re przyczyny b\u00f3lu j\u0119zyka maj\u0105 swoj\u0105 charakterystyczn\u0105 lokalizacj\u0119. Poni\u017cej wyja\u015bniamy, co mo\u017ce oznacza\u0107 b\u00f3l j\u0119zyka w zale\u017cno\u015bci od jego umiejscowienia.<\/p>\n\n\n\n<h3 class=\"wp-block-heading\" id=\"B\u00f3l-j\u0119zyka-po-boku\">B\u00f3l j\u0119zyka po boku<\/h3>\n\n\n\n<p>B\u00f3l j\u0119zyka po boku cz\u0119sto wynika z miejscowego urazu \u2013 np. przygryzienia, otarcia o nieprawid\u0142owo dopasowane wype\u0142nienie, ostry z\u0105b, aparat ortodontyczny lub \u017ale dopasowan\u0105 protez\u0119. Mo\u017ce pojawi\u0107 si\u0119 tak\u017ce po wizycie u stomatologa, zw\u0142aszcza je\u015bli dosz\u0142o do podra\u017cnienia mechanicznego. W\u015br\u00f3d innych przyczyn wymienia si\u0119 afty, grzybic\u0119 jamy ustnej i stany zapalne.<\/p>\n\n\n\n<h3 class=\"wp-block-heading\" id=\"B\u00f3l-j\u0119zyka-z-boku-przy-gardle\">B\u00f3l j\u0119zyka z boku przy gardle<\/h3>\n\n\n\n<p>B\u00f3l j\u0119zyka z boku przy gardle cz\u0119sto wi\u0105\u017ce si\u0119 z infekcjami g\u00f3rnych dr\u00f3g oddechowych, zw\u0142aszcza gard\u0142a i migda\u0142k\u00f3w. Mo\u017ce towarzyszy\u0107 takim schorzeniom jak angina czy mononukleoza zaka\u017ana, w kt\u00f3rych wyst\u0119puje tak\u017ce obrz\u0119k tkanek i trudno\u015bci z prze\u0142ykaniem.<\/p>\n\n\n\n<h3 class=\"wp-block-heading\" id=\"B\u00f3l-j\u0119zyka-z-ty\u0142u\">B\u00f3l j\u0119zyka z ty\u0142u<\/h3>\n\n\n\n<p>B\u00f3l j\u0119zyka z ty\u0142u r\u00f3wnie\u017c cz\u0119sto wyst\u0119puje w przebiegu infekcji. Mo\u017ce te\u017c towarzyszy\u0107 kandydozie jamy ustnej lub refluksowi \u017co\u0142\u0105dkowo-prze\u0142ykowemu, kt\u00f3ry powoduje pieczenie tylnej cz\u0119\u015bci j\u0119zyka. Rzadsz\u0105 przyczyn\u0105 bywa <strong>neuralgia nerwu j\u0119zykowo-gard\u0142owego<\/strong>, objawiaj\u0105ca si\u0119 jednostronnymi, kr\u00f3tkimi epizodami ostrego b\u00f3lu.<\/p>\n\n\n\n<h3 class=\"wp-block-heading\" id=\"B\u00f3l-pod-j\u0119zykiem\">B\u00f3l pod j\u0119zykiem<\/h3>\n\n\n\n<p>B\u00f3l pod j\u0119zykiem najcz\u0119\u015bciej wi\u0105\u017ce si\u0119 z otarciami od protez, kr\u00f3tkim w\u0119dzide\u0142kiem czy skaleczeniem przy jedzeniu. Gdy b\u00f3l nasila si\u0119 podczas jedzenia cz\u0119st\u0105 przyczyn\u0105 bywa r\u00f3wnie\u017c kamica lub zapalenie \u015blinianki. B\u00f3l pod j\u0119zykiem mo\u017ce te\u017c wynika\u0107 z obecno\u015bci aft lub ple\u015bniawek, kt\u00f3re powoduj\u0105 dyskomfort w obr\u0119bie jamy ustnej.<\/p>\n\n\n\n<h2 class=\"wp-block-heading\" id=\"B\u00f3l-j\u0119zyka-u-dziecka\"><a><\/a>B\u00f3l j\u0119zyka u dziecka<\/h2>\n\n\n\n<p>B\u00f3l j\u0119zyka u dziecka najcz\u0119\u015bciej wyst\u0119puje w przebiegu infekcji wirusowych lub bakteryjnych, takich jak <a href=\"https:\/\/www.alab.pl\/centrum-wiedzy\/szkarlatyna-plonica-objawy-powiklania-diagnostyka\/\">szkarlatyna<\/a>, <a href=\"https:\/\/www.alab.pl\/centrum-wiedzy\/herpangina-jak-wygladaja-objawy-przyczyny-i-leczenie\/\">herpangina<\/a>, angina paciorkowcowa czy choroba d\u0142oni, st\u00f3p i jamy ustnej (HFMD, tzw. <a href=\"https:\/\/www.alab.pl\/centrum-wiedzy\/bostonka-u-dzieci-objawy-przyczyny-przebieg-choroby-i-leczenie\/\">bostonka<\/a>). W przypadku szkarlatyny charakterystyczny jest tzw. <a href=\"https:\/\/www.alab.pl\/centrum-wiedzy\/malinowy-truskawkowy-jezyk-co-moze-oznaczac-mozliwe-przyczyny\/\">j\u0119zyk malinowy<\/a> \u2013 intensywnie r\u00f3\u017cowy, nadwra\u017cliwy, z widocznymi brodawkami. W anginie paciorkowcowej do b\u00f3lu mo\u017ce do\u0142\u0105czy\u0107 bia\u0142y nalot na migda\u0142kach i w gardle, a w ,,bostonce\u2019\u2019 \u2013 czerwone plamki zmieniaj\u0105ce si\u0119 w bolesne p\u0119cherzyki.<\/p>\n\n\n\n<h2 class=\"wp-block-heading\" id=\"B\u00f3l-j\u0119zyka-a-niedobory-witamin-i-minera\u0142\u00f3w\"><a><\/a>B\u00f3l j\u0119zyka a niedobory witamin i minera\u0142\u00f3w<\/h2>\n\n\n\n<p>B\u00f3l j\u0119zyka mo\u017ce wsp\u00f3\u0142wyst\u0119powa\u0107 z niedoborami witamin z grupy B (szczeg\u00f3lnie B12 i B6), \u017celaza oraz kwasu foliowego. Zaburzenia te cz\u0119sto towarzysz\u0105 zapaleniu j\u0119zyka z charakterystycznym objawem tzw. \u201eg\u0142adkiego j\u0119zyka\u201d. Obserwuje si\u0119 wtedy wyg\u0142adzenie brodawek, zaczerwienienie, pieczenie oraz uczucie palenia powierzchni j\u0119zyka.<\/p>\n\n\n\n<figure class=\"wp-block-image size-full\"><a href=\"https:\/\/www.alab.pl\/badanie\/witamina-b12-o83\"><img loading=\"lazy\" decoding=\"async\" width=\"800\" height=\"200\" src=\"https:\/\/www.alab.pl\/centrum-wiedzy\/wp-content\/uploads\/2025\/04\/Badanie-witaminy-B12.jpg\" alt=\"Badanie witaminy B12 banerek\" class=\"wp-image-22707\" srcset=\"https:\/\/www.alab.pl\/centrum-wiedzy\/wp-content\/uploads\/2025\/04\/Badanie-witaminy-B12.jpg 800w, https:\/\/www.alab.pl\/centrum-wiedzy\/wp-content\/uploads\/2025\/04\/Badanie-witaminy-B12-768x192.jpg 768w, https:\/\/www.alab.pl\/centrum-wiedzy\/wp-content\/uploads\/2025\/04\/Badanie-witaminy-B12-150x38.jpg 150w, https:\/\/www.alab.pl\/centrum-wiedzy\/wp-content\/uploads\/2025\/04\/Badanie-witaminy-B12-300x75.jpg 300w, https:\/\/www.alab.pl\/centrum-wiedzy\/wp-content\/uploads\/2025\/04\/Badanie-witaminy-B12-696x174.jpg 696w\" sizes=\"auto, (max-width: 800px) 100vw, 800px\" \/><\/a><\/figure>\n\n\n\n<h2 class=\"wp-block-heading\" id=\"B\u00f3l-j\u0119zyka-a-choroby-og\u00f3lnoustrojowe\"><a><\/a>B\u00f3l j\u0119zyka a choroby og\u00f3lnoustrojowe<\/h2>\n\n\n\n<p>B\u00f3l j\u0119zyka mo\u017ce wsp\u00f3\u0142istnie\u0107 z r\u00f3\u017cnymi schorzeniami og\u00f3lnoustrojowymi, wp\u0142ywaj\u0105cymi na stan b\u0142ony \u015bluzowej jamy ustnej, unerwienie lub mechanizmy odporno\u015bciowe:<\/p>\n\n\n\n<ul class=\"wp-block-list\">\n<li><a href=\"https:\/\/www.alab.pl\/centrum-wiedzy\/cukrzyca\/\"><strong>Cukrzyca<\/strong><\/a><strong> <\/strong>\u2013 przewlek\u0142a hiperglikemia sprzyja rozwojowi infekcji grzybiczych (np. kandydozy). U os\u00f3b z cukrzyc\u0105 cz\u0119\u015bciej obserwuje si\u0119 te\u017c niekt\u00f3re przewlek\u0142e zmiany zapalne b\u0142ony \u015bluzowej jamy ustnej, np. liszaj p\u0142aski.<\/li>\n\n\n\n<li><a href=\"https:\/\/www.alab.pl\/centrum-wiedzy\/niedoczynnosc-tarczycy\/\"><strong>Niedoczynno\u015b\u0107 tarczycy<\/strong><\/a> \u2013 mo\u017ce wsp\u00f3\u0142wyst\u0119powa\u0107 z zespo\u0142em pieczenia jamy ustnej\/glossodyni\u0105 (w klasyfikacji ICD-10 kod K14.6), czyli piek\u0105cym, pal\u0105cym b\u00f3lem j\u0119zyka lub jamy ustnej bez uchwytnych zmian \u015bluz\u00f3wkowych (rozpoznanie po wykluczeniu innych przyczyn). Dodatkowo chorobie tej cz\u0119sto towarzyszy kserostomia, czyli sucho\u015b\u0107 w jamie ustnej, kt\u00f3ra r\u00f3wnie\u017c mo\u017ce przyczynia\u0107 si\u0119 do nasilenia dolegliwo\u015bci b\u00f3lowych.<\/li>\n\n\n\n<li><a href=\"https:\/\/www.alab.pl\/centrum-wiedzy\/refluks-przelyku-farmakogenetyka-i-zoptymalizowane-podejscie-do-leczenia\/\"><strong>Refluks \u017co\u0142\u0105dkowo-prze\u0142ykowy (GERD)<\/strong><\/a><strong> <\/strong>\u2013 cofanie si\u0119 kwa\u015bnej tre\u015bci \u017co\u0142\u0105dkowej mo\u017ce prowadzi\u0107 do podra\u017cnienia tylnej cz\u0119\u015bci j\u0119zyka i gard\u0142a, wywo\u0142uj\u0105c uczucie pieczenia i b\u00f3lu w tylnej cz\u0119\u015bci j\u0119zyka.<\/li>\n\n\n\n<li><a href=\"https:\/\/www.alab.pl\/centrum-wiedzy\/choroby-autoimmunologiczne-czym-sa-objawy-diagnostyka-i-leczenie\/\"><strong>Choroby autoimmunologiczne<\/strong><\/a> \u2013 takie jak zesp\u00f3\u0142 Sj\u00f6grena, czy niedokrwisto\u015b\u0107 z\u0142o\u015bliwa mog\u0105 objawia\u0107 si\u0119 b\u00f3lem j\u0119zyka.<\/li>\n<\/ul>\n\n\n\n<h2 class=\"wp-block-heading\" id=\"B\u00f3l-j\u0119zyka-\u2013-jakie-badania-wykona\u0107?\"><a><\/a>B\u00f3l j\u0119zyka \u2013 jakie badania wykona\u0107?<\/h2>\n\n\n\n<p>D\u0142ugotrwa\u0142y lub nawracaj\u0105cy b\u00f3l j\u0119zyka mo\u017ce wymaga\u0107 diagnostyki laboratoryjnej i oceny laryngologicznej, szczeg\u00f3lnie je\u015bli nie ust\u0119puje mimo leczenia objawowego. Dob\u00f3r bada\u0144 zale\u017cy od towarzysz\u0105cych objaw\u00f3w, ale w wielu przypadkach pomocne s\u0105:<\/p>\n\n\n\n<ul class=\"wp-block-list\">\n<li><a href=\"https:\/\/www.alab.pl\/badanie\/morfologia-krwi-c55\">morfologia krwi<\/a> z rozmazem.<\/li>\n\n\n\n<li><a href=\"https:\/\/www.alab.pl\/badanie\/zelazo-w-surowicy-o95\">poziom \u017celaza<\/a> i <a href=\"https:\/\/www.alab.pl\/badanie\/ferrytyna-l05\">ferrytyny<\/a>,<\/li>\n\n\n\n<li>st\u0119\u017cenie witaminy B12 i <a href=\"https:\/\/www.alab.pl\/badanie\/kwas-foliowy-m41\">kwasu foliowego<\/a>,<\/li>\n\n\n\n<li><a href=\"https:\/\/www.alab.pl\/badanie\/glukoza-l43\">glukoza na czczo<\/a> \u2013 diagnostyka cukrzycy.<\/li>\n\n\n\n<li><a href=\"https:\/\/www.alab.pl\/badanie\/tyreotropina-tsh-trzeciej-generacji-l69\">TSH<\/a> \u2013 oznaczenie poziomu hormonu tyreotropowego mo\u017ce pom\u00f3c w diagnostyce niedoczynno\u015bci tarczycy,<\/li>\n\n\n\n<li>wymaz z jamy ustnej \u2013 zalecany przy podejrzeniu infekcji grzybiczej (np. Candida) lub bakteryjnej; przy podejrzeniu opryszczki (HSV) pomocne mo\u017ce by\u0107 badanie materia\u0142u z aktywnej zmiany.<\/li>\n<\/ul>\n\n\n\n<figure class=\"wp-block-image size-full\"><a href=\"https:\/\/www.alab.pl\/badanie\/posiew-wymazu-z-jamy-ustnej-tlenowo-91831\"><img loading=\"lazy\" decoding=\"async\" width=\"800\" height=\"200\" src=\"https:\/\/www.alab.pl\/centrum-wiedzy\/wp-content\/uploads\/2025\/04\/Badanie-posiew-wymazu-z-jamy-ustnej-tlenowo.jpg\" alt=\"Badanie posiew wymazu z jamy ustnej (tlenowo) banerek\" class=\"wp-image-22706\" srcset=\"https:\/\/www.alab.pl\/centrum-wiedzy\/wp-content\/uploads\/2025\/04\/Badanie-posiew-wymazu-z-jamy-ustnej-tlenowo.jpg 800w, https:\/\/www.alab.pl\/centrum-wiedzy\/wp-content\/uploads\/2025\/04\/Badanie-posiew-wymazu-z-jamy-ustnej-tlenowo-768x192.jpg 768w, https:\/\/www.alab.pl\/centrum-wiedzy\/wp-content\/uploads\/2025\/04\/Badanie-posiew-wymazu-z-jamy-ustnej-tlenowo-150x38.jpg 150w, https:\/\/www.alab.pl\/centrum-wiedzy\/wp-content\/uploads\/2025\/04\/Badanie-posiew-wymazu-z-jamy-ustnej-tlenowo-300x75.jpg 300w, https:\/\/www.alab.pl\/centrum-wiedzy\/wp-content\/uploads\/2025\/04\/Badanie-posiew-wymazu-z-jamy-ustnej-tlenowo-696x174.jpg 696w\" sizes=\"auto, (max-width: 800px) 100vw, 800px\" \/><\/a><\/figure>\n\n\n\n<p>W diagnostyce nie nale\u017cy te\u017c pomija\u0107 badania stomatologicznego, kt\u00f3re mo\u017ce ujawni\u0107 miejscowe przyczyny b\u00f3lu j\u0119zyka, takie jak urazy, stany zapalne czy niew\u0142a\u015bciwie dopasowane aparaty protetyczne.<\/p>\n\n\n\n<h2 class=\"wp-block-heading\" id=\"Kiedy-b\u00f3l-j\u0119zyka-jest-powodem-do-niepokoju?\">Kiedy b\u00f3l j\u0119zyka jest powodem do niepokoju?<\/h2>\n\n\n\n<p>B\u00f3l j\u0119zyka, kt\u00f3ry utrzymuje si\u0119 d\u0142u\u017cej ni\u017c dwa tygodnie, mo\u017ce by\u0107 sygna\u0142em powa\u017cniejszego problemu. Niepok\u00f3j powinny budzi\u0107 r\u00f3wnie\u017c twarde guzki, owrzodzenia lub inne zmiany, kt\u00f3re nie goj\u0105 si\u0119 mimo up\u0142ywu czasu. Je\u015bli objawy utrzymuj\u0105 si\u0119 przez 14\u201321 dni, konieczna jest konsultacja z lekarzem.<\/p>\n\n\n\n<p><strong>Opieka merytoryczna: lek. Katarzyna Ciep\u0142ucha<\/strong><\/p>\n\n\n\n<hr class=\"wp-block-separator has-alpha-channel-opacity\"\/>\n\n\n\n<p><strong>Bibliografia<\/strong><\/p>\n\n\n\n<ol start=\"1\" class=\"wp-block-list\">\n<li>Chiang CP, Chang JY, Wang YP, Wu YH, Wu YC, Sun A. <em>Atrophic glossitis: Etiology, serum autoantibodies, anemia, hematinic deficiencies, hyperhomocysteinemia, and management<\/em>. J Formos Med Assoc. 2020;119(1):1\u20139.<\/li>\n\n\n\n<li>Sharabi AF, Winters R. <em>Glossitis<\/em> [aktualizacja: 8 sierpnia 2023]. W: StatPearls [Internet]. Treasure Island (FL): StatPearls Publishing; 2025\u2013. Dost\u0119pne na:<a href=\"http:\/\/www.ncbi.nlm.nih.gov\/books\/NBK560627\/\"> <\/a>www.ncbi.nlm.nih.gov\/books\/NBK560627\/<\/li>\n\n\n\n<li>Rohani B. <em>Oral manifestations in patients with diabetes mellitus<\/em>. World J Diabetes. 2019 Sep 15;10(9):485\u2013489. doi: 10.4239\/wjd.v10.i9.485.<\/li>\n\n\n\n<li>Trentin MS, Verardi G, De C Ferreira M, de Carli JP, da Silva SO, Lima IF, Paranhos LR. <em>Most Frequent Oral Lesions in Patients with Type 2 Diabetes Mellitus<\/em>. J Contemp Dent Pract. 2017 Feb 1;18(2):107\u2013111. doi: 10.5005\/jp-journals-10024-1999.<\/li>\n\n\n\n<li>Chandna S, Bathla M. <em>Oral manifestations of thyroid disorders and its management<\/em>. Indian J Endocrinol Metab. 2011 Jul;15(Suppl 2):S113\u20136. doi: 10.4103\/2230-8210.83343.<\/li>\n\n\n\n<li>Repass GL, Palmer WC, Stancampiano FF. <em>Hand, foot, and mouth disease: identifying and managing an acute viral syndrome<\/em>. Cleve Clin J Med. 2014 Sep;81(9):537\u2013543. doi: 10.3949\/ccjm.81a.13132.<\/li>\n\n\n\n<li>Polskie Towarzystwo Badania B\u00f3lu. <em>Nerwob\u00f3l j\u0119zykowo-gard\u0142owy<\/em> [Internet]. Dost\u0119pne na: ptbb.pl\/images\/__new\/GlobalYear\/2013-2014\/07%20Glossopharyngeal_NeuralgiaPL.pdf<\/li>\n\n\n\n<li>Medycyna Praktyczna. <em>Awitaminoza \u2013 co to jest, objawy, przyczyny, skutki<\/em> [Internet]. Dost\u0119pne na:<a href=\"http:\/\/www.mp.pl\/pacjent\/objawy\/353413,awitaminoza-co-to-jest-objawy-przyczyny-skutki\"> <\/a>www.mp.pl\/pacjent\/objawy\/353413,awitaminoza-co-to-jest-objawy-przyczyny-skutki<\/li>\n\n\n\n<li>Uniwersytet Jagiello\u0144ski \u2013 Repozystorium. <em>Zanikowe zapalenie j\u0119zyka i niedobory<\/em> [Internet]. Dost\u0119pne na: ruj.uj.edu.pl\/server\/api\/core\/bitstreams\/84fae795-b3ef-436a-ab2e-5c0a73dfedb8\/content<\/li>\n<\/ol>\n","protected":false},"excerpt":{"rendered":"<p>B\u00f3l j\u0119zyka mo\u017ce utrudnia\u0107 m\u00f3wienie, jedzenie i codzienne funkcjonowanie. Sprawd\u017a, co mo\u017ce oznacza\u0107 bol\u0105cy j\u0119zyk.<\/p>\n","protected":false},"author":192,"featured_media":29318,"comment_status":"closed","ping_status":"closed","sticky":false,"template":"","format":"standard","meta":{"_acf_changed":false,"inline_featured_image":false,"footnotes":""},"categories":[28],"tags":[],"coauthors":[235],"class_list":{"0":"post-29314","1":"post","2":"type-post","3":"status-publish","4":"format-standard","5":"has-post-thumbnail","7":"category-warto-wiedziec"},"acf":[],"yoast_head":"<!-- This site is optimized with the Yoast SEO plugin v27.5 - https:\/\/yoast.com\/product\/yoast-seo-wordpress\/ -->\n<title>Jakie mog\u0105 by\u0107 przyczyny b\u00f3lu j\u0119zyka? - Centrum Wiedzy ALAB laboratoria<\/title>\n<meta name=\"description\" content=\"B\u00f3l j\u0119zyka mo\u017ce utrudnia\u0107 m\u00f3wienie, jedzenie i codzienne funkcjonowanie. Sprawd\u017a, co mo\u017ce oznacza\u0107 bol\u0105cy j\u0119zyk.\" \/>\n<meta name=\"robots\" content=\"index, follow, max-snippet:-1, max-image-preview:large, max-video-preview:-1\" \/>\n<link rel=\"canonical\" href=\"https:\/\/www.alab.pl\/centrum-wiedzy\/jakie-moga-byc-przyczyny-bolu-jezyka\/\" \/>\n<meta property=\"og:locale\" content=\"pl_PL\" \/>\n<meta property=\"og:type\" content=\"article\" \/>\n<meta property=\"og:title\" content=\"Jakie mog\u0105 by\u0107 przyczyny b\u00f3lu j\u0119zyka? - Centrum Wiedzy ALAB laboratoria\" \/>\n<meta property=\"og:description\" content=\"B\u00f3l j\u0119zyka mo\u017ce utrudnia\u0107 m\u00f3wienie, jedzenie i codzienne funkcjonowanie. Sprawd\u017a, co mo\u017ce oznacza\u0107 bol\u0105cy j\u0119zyk.\" \/>\n<meta property=\"og:url\" content=\"https:\/\/www.alab.pl\/centrum-wiedzy\/jakie-moga-byc-przyczyny-bolu-jezyka\/\" \/>\n<meta property=\"og:site_name\" content=\"Centrum Wiedzy ALAB laboratoria\" \/>\n<meta property=\"article:publisher\" content=\"https:\/\/www.facebook.com\/ALABlaboratoria\" \/>\n<meta property=\"article:published_time\" content=\"2026-01-27T20:23:57+00:00\" \/>\n<meta property=\"article:modified_time\" content=\"2026-01-27T20:23:59+00:00\" \/>\n<meta property=\"og:image\" content=\"https:\/\/www.alab.pl\/centrum-wiedzy\/wp-content\/uploads\/2026\/01\/bol_jezyka.jpg\" \/>\n\t<meta property=\"og:image:width\" content=\"2304\" \/>\n\t<meta property=\"og:image:height\" content=\"1296\" \/>\n\t<meta property=\"og:image:type\" content=\"image\/jpeg\" \/>\n<meta name=\"author\" content=\"Katarzyna Kopyci\u0144ska\" \/>\n<meta name=\"twitter:card\" content=\"summary_large_image\" \/>\n<meta name=\"twitter:label1\" content=\"Napisane przez\" \/>\n\t<meta name=\"twitter:data1\" content=\"Katarzyna Kopyci\u0144ska\" \/>\n\t<meta name=\"twitter:label2\" content=\"Szacowany czas czytania\" \/>\n\t<meta name=\"twitter:data2\" content=\"8 minut\" \/>\n\t<meta name=\"twitter:label3\" content=\"Written by\" \/>\n\t<meta name=\"twitter:data3\" content=\"Katarzyna Kopyci\u0144ska\" \/>\n<!-- \/ Yoast SEO plugin. -->","yoast_head_json":{"title":"Jakie mog\u0105 by\u0107 przyczyny b\u00f3lu j\u0119zyka? - Centrum Wiedzy ALAB laboratoria","description":"B\u00f3l j\u0119zyka mo\u017ce utrudnia\u0107 m\u00f3wienie, jedzenie i codzienne funkcjonowanie. Sprawd\u017a, co mo\u017ce oznacza\u0107 bol\u0105cy j\u0119zyk.","robots":{"index":"index","follow":"follow","max-snippet":"max-snippet:-1","max-image-preview":"max-image-preview:large","max-video-preview":"max-video-preview:-1"},"canonical":"https:\/\/www.alab.pl\/centrum-wiedzy\/jakie-moga-byc-przyczyny-bolu-jezyka\/","og_locale":"pl_PL","og_type":"article","og_title":"Jakie mog\u0105 by\u0107 przyczyny b\u00f3lu j\u0119zyka? - Centrum Wiedzy ALAB laboratoria","og_description":"B\u00f3l j\u0119zyka mo\u017ce utrudnia\u0107 m\u00f3wienie, jedzenie i codzienne funkcjonowanie. Sprawd\u017a, co mo\u017ce oznacza\u0107 bol\u0105cy j\u0119zyk.","og_url":"https:\/\/www.alab.pl\/centrum-wiedzy\/jakie-moga-byc-przyczyny-bolu-jezyka\/","og_site_name":"Centrum Wiedzy ALAB laboratoria","article_publisher":"https:\/\/www.facebook.com\/ALABlaboratoria","article_published_time":"2026-01-27T20:23:57+00:00","article_modified_time":"2026-01-27T20:23:59+00:00","og_image":[{"width":2304,"height":1296,"url":"https:\/\/www.alab.pl\/centrum-wiedzy\/wp-content\/uploads\/2026\/01\/bol_jezyka.jpg","type":"image\/jpeg"}],"author":"Katarzyna Kopyci\u0144ska","twitter_card":"summary_large_image","twitter_misc":{"Napisane przez":"Katarzyna Kopyci\u0144ska","Szacowany czas czytania":"8 minut","Written by":"Katarzyna Kopyci\u0144ska"},"schema":{"@context":"https:\/\/schema.org","@graph":[{"@type":"Article","@id":"https:\/\/www.alab.pl\/centrum-wiedzy\/jakie-moga-byc-przyczyny-bolu-jezyka\/#article","isPartOf":{"@id":"https:\/\/www.alab.pl\/centrum-wiedzy\/jakie-moga-byc-przyczyny-bolu-jezyka\/"},"author":{"name":"Katarzyna Kopyci\u0144ska","@id":"https:\/\/www.alab.pl\/centrum-wiedzy\/#\/schema\/person\/12c09863aca190f2f14dcb8e81972cd4"},"headline":"Jakie mog\u0105 by\u0107 przyczyny b\u00f3lu j\u0119zyka?","datePublished":"2026-01-27T20:23:57+00:00","dateModified":"2026-01-27T20:23:59+00:00","mainEntityOfPage":{"@id":"https:\/\/www.alab.pl\/centrum-wiedzy\/jakie-moga-byc-przyczyny-bolu-jezyka\/"},"wordCount":1507,"publisher":{"@id":"https:\/\/www.alab.pl\/centrum-wiedzy\/#organization"},"image":{"@id":"https:\/\/www.alab.pl\/centrum-wiedzy\/jakie-moga-byc-przyczyny-bolu-jezyka\/#primaryimage"},"thumbnailUrl":"https:\/\/www.alab.pl\/centrum-wiedzy\/wp-content\/uploads\/2026\/01\/bol_jezyka.jpg","articleSection":["Warto wiedzie\u0107"],"inLanguage":"pl-PL"},{"@type":"WebPage","@id":"https:\/\/www.alab.pl\/centrum-wiedzy\/jakie-moga-byc-przyczyny-bolu-jezyka\/","url":"https:\/\/www.alab.pl\/centrum-wiedzy\/jakie-moga-byc-przyczyny-bolu-jezyka\/","name":"Jakie mog\u0105 by\u0107 przyczyny b\u00f3lu j\u0119zyka? - Centrum Wiedzy ALAB laboratoria","isPartOf":{"@id":"https:\/\/www.alab.pl\/centrum-wiedzy\/#website"},"primaryImageOfPage":{"@id":"https:\/\/www.alab.pl\/centrum-wiedzy\/jakie-moga-byc-przyczyny-bolu-jezyka\/#primaryimage"},"image":{"@id":"https:\/\/www.alab.pl\/centrum-wiedzy\/jakie-moga-byc-przyczyny-bolu-jezyka\/#primaryimage"},"thumbnailUrl":"https:\/\/www.alab.pl\/centrum-wiedzy\/wp-content\/uploads\/2026\/01\/bol_jezyka.jpg","datePublished":"2026-01-27T20:23:57+00:00","dateModified":"2026-01-27T20:23:59+00:00","description":"B\u00f3l j\u0119zyka mo\u017ce utrudnia\u0107 m\u00f3wienie, jedzenie i codzienne funkcjonowanie. Sprawd\u017a, co mo\u017ce oznacza\u0107 bol\u0105cy j\u0119zyk.","breadcrumb":{"@id":"https:\/\/www.alab.pl\/centrum-wiedzy\/jakie-moga-byc-przyczyny-bolu-jezyka\/#breadcrumb"},"inLanguage":"pl-PL","potentialAction":[{"@type":"ReadAction","target":["https:\/\/www.alab.pl\/centrum-wiedzy\/jakie-moga-byc-przyczyny-bolu-jezyka\/"]}]},{"@type":"ImageObject","inLanguage":"pl-PL","@id":"https:\/\/www.alab.pl\/centrum-wiedzy\/jakie-moga-byc-przyczyny-bolu-jezyka\/#primaryimage","url":"https:\/\/www.alab.pl\/centrum-wiedzy\/wp-content\/uploads\/2026\/01\/bol_jezyka.jpg","contentUrl":"https:\/\/www.alab.pl\/centrum-wiedzy\/wp-content\/uploads\/2026\/01\/bol_jezyka.jpg","width":2304,"height":1296,"caption":"b\u00f3l j\u0119zyka"},{"@type":"BreadcrumbList","@id":"https:\/\/www.alab.pl\/centrum-wiedzy\/jakie-moga-byc-przyczyny-bolu-jezyka\/#breadcrumb","itemListElement":[{"@type":"ListItem","position":1,"name":"Strona g\u0142\u00f3wna","item":"https:\/\/www.alab.pl\/centrum-wiedzy\/"},{"@type":"ListItem","position":2,"name":"Jakie mog\u0105 by\u0107 przyczyny b\u00f3lu j\u0119zyka?"}]},{"@type":"WebSite","@id":"https:\/\/www.alab.pl\/centrum-wiedzy\/#website","url":"https:\/\/www.alab.pl\/centrum-wiedzy\/","name":"Centrum Wiedzy ALAB laboratoria","description":"","publisher":{"@id":"https:\/\/www.alab.pl\/centrum-wiedzy\/#organization"},"potentialAction":[{"@type":"SearchAction","target":{"@type":"EntryPoint","urlTemplate":"https:\/\/www.alab.pl\/centrum-wiedzy\/?s={search_term_string}"},"query-input":{"@type":"PropertyValueSpecification","valueRequired":true,"valueName":"search_term_string"}}],"inLanguage":"pl-PL"},{"@type":"Organization","@id":"https:\/\/www.alab.pl\/centrum-wiedzy\/#organization","name":"Centrum Wiedzy ALAB laboratoria","url":"https:\/\/www.alab.pl\/centrum-wiedzy\/","logo":{"@type":"ImageObject","inLanguage":"pl-PL","@id":"https:\/\/www.alab.pl\/centrum-wiedzy\/#\/schema\/logo\/image\/","url":"https:\/\/www.alab.pl\/centrum-wiedzy\/wp-content\/uploads\/2022\/04\/alabek.jpg","contentUrl":"https:\/\/www.alab.pl\/centrum-wiedzy\/wp-content\/uploads\/2022\/04\/alabek.jpg","width":1250,"height":1251,"caption":"Centrum Wiedzy ALAB laboratoria"},"image":{"@id":"https:\/\/www.alab.pl\/centrum-wiedzy\/#\/schema\/logo\/image\/"},"sameAs":["https:\/\/www.facebook.com\/ALABlaboratoria"]},{"@type":"Person","@id":"https:\/\/www.alab.pl\/centrum-wiedzy\/#\/schema\/person\/12c09863aca190f2f14dcb8e81972cd4","name":"Katarzyna Kopyci\u0144ska","image":{"@type":"ImageObject","inLanguage":"pl-PL","@id":"https:\/\/www.alab.pl\/centrum-wiedzy\/wp-content\/uploads\/2025\/08\/Katarzyna-Kopycinska-150x150.jpg59bbcfce95acd114b4b9cc43c0fe0c2e","url":"https:\/\/www.alab.pl\/centrum-wiedzy\/wp-content\/uploads\/2025\/08\/Katarzyna-Kopycinska-150x150.jpg","contentUrl":"https:\/\/www.alab.pl\/centrum-wiedzy\/wp-content\/uploads\/2025\/08\/Katarzyna-Kopycinska-150x150.jpg","caption":"Katarzyna Kopyci\u0144ska"},"description":"Technik farmaceutyczny i biotechnolog z dyplomem Uniwersytetu Miko\u0142aja Kopernika w Toruniu. Autorka licznych artyku\u0142\u00f3w z pogranicza zielarstwa, medycyny oraz \u015bwiadomej piel\u0119gnacji sk\u00f3ry i w\u0142os\u00f3w. Interesuje si\u0119 nowoczesnymi metodami leczenia i terapiami wspomagaj\u0105cymi gojenie ran. Na co dzie\u0144 pracuje w aptece, gdzie \u0142\u0105czy wiedz\u0119 teoretyczn\u0105 z praktyk\u0105.","url":"https:\/\/www.alab.pl\/centrum-wiedzy\/author\/katarzyna-kopycinska\/"}]}},"_links":{"self":[{"href":"https:\/\/www.alab.pl\/centrum-wiedzy\/wp-json\/wp\/v2\/posts\/29314","targetHints":{"allow":["GET"]}}],"collection":[{"href":"https:\/\/www.alab.pl\/centrum-wiedzy\/wp-json\/wp\/v2\/posts"}],"about":[{"href":"https:\/\/www.alab.pl\/centrum-wiedzy\/wp-json\/wp\/v2\/types\/post"}],"author":[{"embeddable":true,"href":"https:\/\/www.alab.pl\/centrum-wiedzy\/wp-json\/wp\/v2\/users\/192"}],"replies":[{"embeddable":true,"href":"https:\/\/www.alab.pl\/centrum-wiedzy\/wp-json\/wp\/v2\/comments?post=29314"}],"version-history":[{"count":4,"href":"https:\/\/www.alab.pl\/centrum-wiedzy\/wp-json\/wp\/v2\/posts\/29314\/revisions"}],"predecessor-version":[{"id":29319,"href":"https:\/\/www.alab.pl\/centrum-wiedzy\/wp-json\/wp\/v2\/posts\/29314\/revisions\/29319"}],"wp:featuredmedia":[{"embeddable":true,"href":"https:\/\/www.alab.pl\/centrum-wiedzy\/wp-json\/wp\/v2\/media\/29318"}],"wp:attachment":[{"href":"https:\/\/www.alab.pl\/centrum-wiedzy\/wp-json\/wp\/v2\/media?parent=29314"}],"wp:term":[{"taxonomy":"category","embeddable":true,"href":"https:\/\/www.alab.pl\/centrum-wiedzy\/wp-json\/wp\/v2\/categories?post=29314"},{"taxonomy":"post_tag","embeddable":true,"href":"https:\/\/www.alab.pl\/centrum-wiedzy\/wp-json\/wp\/v2\/tags?post=29314"},{"taxonomy":"author","embeddable":true,"href":"https:\/\/www.alab.pl\/centrum-wiedzy\/wp-json\/wp\/v2\/coauthors?post=29314"}],"curies":[{"name":"wp","href":"https:\/\/api.w.org\/{rel}","templated":true}]}}