{"id":29335,"date":"2026-01-28T12:29:33","date_gmt":"2026-01-28T11:29:33","guid":{"rendered":"https:\/\/www.alab.pl\/centrum-wiedzy\/?p=29335"},"modified":"2026-01-28T12:29:36","modified_gmt":"2026-01-28T11:29:36","slug":"kurza-slepota-objawy-przyczyny-i-leczenie","status":"publish","type":"post","link":"https:\/\/www.alab.pl\/centrum-wiedzy\/kurza-slepota-objawy-przyczyny-i-leczenie\/","title":{"rendered":"Kurza \u015blepota \u2013 objawy, przyczyny i leczenie"},"content":{"rendered":"\n<p><strong>Kurza \u015blepota to zaburzenie widzenia, kt\u00f3re cz\u0119sto rozwija si\u0119 podst\u0119pnie i przez d\u0142ugi czas pozostaje niezauwa\u017cone, mimo \u017ce realnie wp\u0142ywa na bezpiecze\u0144stwo i komfort codziennego funkcjonowania. Trudno\u015bci z widzeniem po zmroku, dezorientacja w s\u0142abo o\u015bwietlonych przestrzeniach czy poczucie \u201egubienia obrazu\u201d po zapadni\u0119ciu ciemno\u015bci nie zawsze s\u0105 od razu kojarzone z problemem okulistycznym. Tymczasem \u015blepota zmierzchowa mo\u017ce stanowi\u0107 sygna\u0142 g\u0142\u0119bszych zaburze\u0144 w obr\u0119bie narz\u0105du wzroku lub ca\u0142ego organizmu. Na czym polega kurza \u015blepota?<\/strong><strong><\/strong><\/p>\n\n\n\n<figure class=\"wp-block-table\"><table class=\"has-fixed-layout\"><tbody><tr><td><strong>Z tego artyku\u0142u dowiesz si\u0119, m.in.:<\/strong> <br>>> czym jest kurza \u015blepota;<br>>> jakie s\u0105 objawy oraz przyczyny kurzej \u015blepoty;<br>>> brak jakiej witaminy przyczynia si\u0119 do kurzej \u015blepoty;<br>>> czy da si\u0119 wyleczy\u0107 kurz\u0105 \u015blepot\u0119;<br>>> jak zdiagnozowa\u0107 kurz\u0105 \u015blepot\u0119.<\/td><\/tr><\/tbody><\/table><\/figure>\n\n\n\n<p><strong>Spis tre\u015bci:<\/strong><\/p>\n\n\n\n<ol class=\"wp-block-list\">\n<li><a href=\"#Co-to-jest-kurza-\u015blepota?\">Co to jest kurza \u015blepota?<\/a>\n<ul class=\"wp-block-list\">\n<li><a href=\"#Kurza-\u015blepota-a-astygmatyzm\">Kurza \u015blepota a astygmatyzm<\/a><\/li>\n<\/ul>\n<\/li>\n\n\n\n<li><a href=\"#Kurza-\u015blepota-\u2013-objawy\">Kurza \u015blepota \u2013 objawy<\/a><\/li>\n\n\n\n<li><a href=\"#Przyczyny-kurzej-\u015blepoty\">Przyczyny kurzej \u015blepoty<\/a>\n<ul class=\"wp-block-list\">\n<li><a href=\"#Uwarunkowania-genetyczne-i-choroby-siatk\u00f3wki\">Uwarunkowania genetyczne i choroby siatk\u00f3wki<\/a><\/li>\n\n\n\n<li><a href=\"#Niedob\u00f3r-witaminy-A-i-zaburzenia-od\u017cywiania\">Niedob\u00f3r witaminy A i zaburzenia od\u017cywiania<\/a><\/li>\n\n\n\n<li><a href=\"#Choroby-oczu-i-czynniki-sprzyjaj\u0105ce\">Choroby oczu i czynniki sprzyjaj\u0105ce<\/a><\/li>\n<\/ul>\n<\/li>\n\n\n\n<li><a href=\"#Jak-zdiagnozowa\u0107-kurz\u0105-\u015blepot\u0119?\">Jak zdiagnozowa\u0107 kurz\u0105 \u015blepot\u0119?<\/a><\/li>\n\n\n\n<li><a href=\"#Leczenie-kurzej-\u015blepoty\">Leczenie kurzej \u015blepoty<\/a><\/li>\n\n\n\n<li><a href=\"#Kurza-\u015blepota-\u2013-rokowanie-i-\u017cycie-z-chorob\u0105\">Kurza \u015blepota \u2013 rokowanie i \u017cycie z chorob\u0105<\/a><\/li>\n\n\n\n<li><a href=\"#Kurza-\u015blepota:-odpowiedzi-na-najcz\u0119stsze-pytania-(FAQ)\">Kurza \u015blepota: odpowiedzi na najcz\u0119stsze pytania (FAQ)<\/a><\/li>\n<\/ol>\n\n\n\n<h2 class=\"wp-block-heading\" id=\"Co-to-jest-kurza-\u015blepota?\">Co to jest kurza \u015blepota?<\/h2>\n\n\n\n<p>Kurza \u015blepota, nazywana r\u00f3wnie\u017c \u015blepot\u0105 zmierzchow\u0105 lub nyktalopi\u0105, to potoczne okre\u015blenie <strong>zaburzenia widzenia objawiaj\u0105cego si\u0119 znacznym pogorszeniem widzenia po zmroku oraz w warunkach s\u0142abego o\u015bwietlenia<\/strong>. U podstaw tego problemu le\u017cy nieprawid\u0142owe funkcjonowanie pr\u0119cik\u00f3w \u2013 wyspecjalizowanych receptor\u00f3w siatk\u00f3wki oka odpowiedzialnych za widzenie w ciemno\u015bci.<\/p>\n\n\n\n<p><strong>Pr\u0119ciki zawieraj\u0105 rodopsyn\u0119, czyli barwnik wzrokowy, kt\u00f3rego prawid\u0142owe dzia\u0142anie jest \u015bci\u015ble uzale\u017cnione od obecno\u015bci <\/strong><a href=\"https:\/\/www.alab.pl\/centrum-wiedzy\/witamina-a\/\"><strong>witaminy A<\/strong><\/a>. Jej niedob\u00f3r zaburza proces adaptacji oka do zmiany o\u015bwietlenia, prowadz\u0105c do stopniowej utraty zdolno\u015bci widzenia w warunkach niedostatecznego \u015bwiat\u0142a. Nazwa kurza \u015blepota nawi\u0105zuje do obserwacji, \u017ce niekt\u00f3re ptaki \u2013 w tym kury \u2013 r\u00f3wnie\u017c maj\u0105 znacznie ograniczone widzenie po zmroku.<\/p>\n\n\n\n<h3 class=\"wp-block-heading\" id=\"Kurza-\u015blepota-a-astygmatyzm\">Kurza \u015blepota a astygmatyzm<\/h3>\n\n\n\n<p>Cho\u0107 zar\u00f3wno kurza \u015blepota, jak i astygmatyzm dotycz\u0105 narz\u0105du wzroku, s\u0105 to schorzenia o zupe\u0142nie innym mechanizmie powstawania. Astygmatyzm jest wad\u0105 refrakcji wynikaj\u0105c\u0105 z nieregularnej krzywizny rog\u00f3wki lub soczewki, co powoduje nieprawid\u0142owe za\u0142amywanie promieni \u015bwietlnych i zniekszta\u0142cony, nieostry obraz \u2013 niezale\u017cnie od pory dnia. Kurza \u015blepota natomiast nie jest klasyczn\u0105 wad\u0105 optyczn\u0105 oka, lecz zaburzeniem czynno\u015bciowym siatk\u00f3wki, zwi\u0105zanym z upo\u015bledzon\u0105 adaptacj\u0105 do ciemno\u015bci.<\/p>\n\n\n\n<p>Co to oznacza? <strong>Osoba z astygmatyzmem mo\u017ce widzie\u0107 niewyra\u017anie zar\u00f3wno w dzie\u0144, jak i w nocy<\/strong>, natomiast pacjent z kurz\u0105 \u015blepot\u0105 najcz\u0119\u015bciej funkcjonuje prawid\u0142owo przy dobrym o\u015bwietleniu, a trudno\u015bci pojawiaj\u0105 si\u0119 dopiero po zmroku lub w s\u0142abo o\u015bwietlonych przestrzeniach.<\/p>\n\n\n\n<h2 class=\"wp-block-heading\" id=\"Kurza-\u015blepota-\u2013-objawy\">Kurza \u015blepota \u2013 objawy<\/h2>\n\n\n\n<p>Objawy \u015blepoty zmierzchowej narastaj\u0105 stopniowo i cz\u0119sto przez d\u0142ugi czas pozostaj\u0105 bagatelizowane. Pocz\u0105tkowo dotycz\u0105 g\u0142\u00f3wnie problem\u00f3w z adaptacj\u0105 wzroku do ciemno\u015bci, jednak wraz z post\u0119pem zaburze\u0144 mog\u0105 znacz\u0105co utrudnia\u0107 codzienne funkcjonowanie. Do najcz\u0119\u015bciej obserwowanych symptom\u00f3w nale\u017c\u0105:<\/p>\n\n\n\n<ul class=\"wp-block-list\">\n<li><strong>pogorszenie widzenia po zmroku<\/strong> oraz w s\u0142abo o\u015bwietlonych pomieszczeniach;<\/li>\n\n\n\n<li><strong>trudno\u015bci przy przechodzeniu z jasnego do ciemnego otoczenia<\/strong>;<\/li>\n\n\n\n<li>dezorientacja przestrzenna, niezdarno\u015b\u0107 i zwi\u0119kszone ryzyko potkni\u0119\u0107 lub upadk\u00f3w;<\/li>\n\n\n\n<li>uczucie o\u015blepiania przez \u015bwiat\u0142a lamp ulicznych lub reflektory samochod\u00f3w;<\/li>\n\n\n\n<li>stopniowe zw\u0119\u017canie pola widzenia, prowadz\u0105ce w zaawansowanych przypadkach do tzw. widzenia tunelowego;<\/li>\n\n\n\n<li><strong>sucho\u015b\u0107, podra\u017cnienie i zaczerwienienie oczu<\/strong>.<\/li>\n<\/ul>\n\n\n\n<p>W sytuacji, gdy przyczyn\u0105 kurzej \u015blepoty jest niedob\u00f3r witaminy A, objawom okulistycznym mog\u0105 towarzyszy\u0107 r\u00f3wnie\u017c symptomy og\u00f3lnoustrojowe, takie jak <strong>sucho\u015b\u0107 sk\u00f3ry, \u0142amliwo\u015b\u0107 w\u0142os\u00f3w i paznokci czy obni\u017cona odporno\u015b\u0107<\/strong>. <strong><\/strong><\/p>\n\n\n\n<h2 class=\"wp-block-heading\" id=\"Przyczyny-kurzej-\u015blepoty\">Przyczyny kurzej \u015blepoty<\/h2>\n\n\n\n<p>Kurza \u015blepota, czyli \u015blepota zmierzchowa, nie jest jednorodnym schorzeniem \u2013 jej przyczyny mog\u0105 mie\u0107 zar\u00f3wno charakter wrodzony, jak i nabyty. Wsp\u00f3lnym mianownikiem pozostaje zaburzone funkcjonowanie pr\u0119cik\u00f3w siatk\u00f3wki, odpowiedzialnych za widzenie w warunkach s\u0142abego o\u015bwietlenia. W zale\u017cno\u015bci od \u017ar\u00f3d\u0142a problemu mechanizm ten mo\u017ce wynika\u0107 z defekt\u00f3w genetycznych, niedobor\u00f3w \u017cywieniowych lub wsp\u00f3\u0142istniej\u0105cych chor\u00f3b narz\u0105du wzroku.<\/p>\n\n\n\n<h3 class=\"wp-block-heading\" id=\"Uwarunkowania-genetyczne-i-choroby-siatk\u00f3wki\">Uwarunkowania genetyczne i choroby siatk\u00f3wki<\/h3>\n\n\n\n<p>Jedn\u0105 z istotnych przyczyn kurzej \u015blepoty s\u0105 schorzenia o pod\u0142o\u017cu genetycznym. <strong>Do najcz\u0119\u015bciej rozpoznawanych nale\u017cy zwyrodnienie barwnikowe siatk\u00f3wki, czyli post\u0119puj\u0105ca dystrofia pr\u0119cikowo-czopkowa<\/strong>. Choroba ta mo\u017ce by\u0107 dziedziczona w r\u00f3\u017cny spos\u00f3b \u2013 autosomalnie dominuj\u0105co, autosomalnie recesywnie lub w spos\u00f3b sprz\u0119\u017cony z chromosomem X \u2013 a jej istot\u0105 jest stopniowy zanik kom\u00f3rek \u015bwiat\u0142oczu\u0142ych.<\/p>\n\n\n\n<p>W efekcie dochodzi najpierw do pogorszenia widzenia po zmroku, a z czasem r\u00f3wnie\u017c do zaw\u0119\u017cenia pola widzenia. Kurza \u015blepota mo\u017ce by\u0107 tak\u017ce elementem obrazu klinicznego wrodzonej stacjonarnej \u015blepoty zmierzchowej, kt\u00f3ra ujawnia si\u0119 ju\u017c we wczesnym dzieci\u0144stwie i zazwyczaj nie ma charakteru post\u0119puj\u0105cego.<\/p>\n\n\n\n<h3 class=\"wp-block-heading\" id=\"Niedob\u00f3r-witaminy-A-i-zaburzenia-od\u017cywiania\">Niedob\u00f3r witaminy A i zaburzenia od\u017cywiania<\/h3>\n\n\n\n<p>Najbardziej znan\u0105 i jednocze\u015bnie potencjalnie odwracaln\u0105 przyczyn\u0105 kurzej \u015blepoty jest niedob\u00f3r witaminy A. Sk\u0142adnik ten odgrywa kluczow\u0105 rol\u0119 w syntezie rodopsyny \u2013 barwnika wzrokowego niezb\u0119dnego do prawid\u0142owej pracy pr\u0119cik\u00f3w. <strong>Jego deficyt prowadzi do zaburze\u0144 adaptacji oka do ciemno\u015bci, a w konsekwencji do pogorszenia widzenia po zmroku<\/strong>. Ryzyko niedobor\u00f3w wzrasta u os\u00f3b niedo\u017cywionych, cierpi\u0105cych na zaburzenia od\u017cywiania, takie jak anoreksja, bulimia czy ortoreksja, a tak\u017ce u pacjent\u00f3w z zaburzeniami wch\u0142aniania sk\u0142adnik\u00f3w od\u017cywczych oraz u os\u00f3b nadu\u017cywaj\u0105cych alkoholu.<\/p>\n\n\n\n<p><strong>>> Zobacz tak\u017ce: <a href=\"https:\/\/www.alab.pl\/centrum-wiedzy\/zapalenie-nerwu-wzrokowego-objawy-przyczyny-diagnostyka-i-leczenie\/\">Zapalenie nerwu wzrokowego \u2013 objawy, przyczyny, diagnostyka i leczenie<\/a><\/strong><\/p>\n\n\n\n<h3 class=\"wp-block-heading\" id=\"Choroby-oczu-i-czynniki-sprzyjaj\u0105ce\">Choroby oczu i czynniki sprzyjaj\u0105ce<\/h3>\n\n\n\n<p>Kurza \u015blepota mo\u017ce r\u00f3wnie\u017c towarzyszy\u0107 innym schorzeniom narz\u0105du wzroku, kt\u00f3re po\u015brednio wp\u0142ywaj\u0105 na funkcjonowanie siatk\u00f3wki lub drogi wzrokowej. <strong>Do czynnik\u00f3w zwi\u0119kszaj\u0105cych ryzyko rozwoju \u015blepoty zmierzchowej zalicza si\u0119 m.in.<\/strong>:<\/p>\n\n\n\n<ul class=\"wp-block-list\">\n<li>za\u0107m\u0119, powoduj\u0105c\u0105 zmniejszenie ilo\u015bci \u015bwiat\u0142a docieraj\u0105cego do siatk\u00f3wki;<\/li>\n\n\n\n<li>zaawansowan\u0105 jaskr\u0119 oraz d\u0142ugotrwa\u0142e stosowanie lek\u00f3w zw\u0119\u017caj\u0105cych \u017arenice;<\/li>\n\n\n\n<li>wysok\u0105 kr\u00f3tkowzroczno\u015b\u0107 i zwi\u0105zane z ni\u0105 zmiany degeneracyjne siatk\u00f3wki;<\/li>\n\n\n\n<li>zaburzenia przyswajania witamin i mikroelement\u00f3w, w tym cynku.<\/li>\n<\/ul>\n\n\n\n<figure class=\"wp-block-image size-full\"><a href=\"https:\/\/www.alab.pl\/badanie\/witamina-a-retinol-w-surowicy-o81\"><img loading=\"lazy\" decoding=\"async\" width=\"800\" height=\"200\" src=\"https:\/\/www.alab.pl\/centrum-wiedzy\/wp-content\/uploads\/2025\/12\/Badanie-witaminy-A-retinolu.jpg\" alt=\"Badanie witaminy A (retinolu) banerek\" class=\"wp-image-28585\" srcset=\"https:\/\/www.alab.pl\/centrum-wiedzy\/wp-content\/uploads\/2025\/12\/Badanie-witaminy-A-retinolu.jpg 800w, https:\/\/www.alab.pl\/centrum-wiedzy\/wp-content\/uploads\/2025\/12\/Badanie-witaminy-A-retinolu-768x192.jpg 768w, https:\/\/www.alab.pl\/centrum-wiedzy\/wp-content\/uploads\/2025\/12\/Badanie-witaminy-A-retinolu-150x38.jpg 150w, https:\/\/www.alab.pl\/centrum-wiedzy\/wp-content\/uploads\/2025\/12\/Badanie-witaminy-A-retinolu-300x75.jpg 300w, https:\/\/www.alab.pl\/centrum-wiedzy\/wp-content\/uploads\/2025\/12\/Badanie-witaminy-A-retinolu-696x174.jpg 696w\" sizes=\"auto, (max-width: 800px) 100vw, 800px\" \/><\/a><\/figure>\n\n\n\n<h2 class=\"wp-block-heading\" id=\"Jak-zdiagnozowa\u0107-kurz\u0105-\u015blepot\u0119?\">Jak zdiagnozowa\u0107 kurz\u0105 \u015blepot\u0119?<\/h2>\n\n\n\n<p>Pierwszym i kluczowym krokiem jest konsultacja okulistyczna, szczeg\u00f3lnie gdy pacjent zauwa\u017ca pogorszenie widzenia po zmroku lub trudno\u015bci z adaptacj\u0105 wzroku do zmieniaj\u0105cego si\u0119 o\u015bwietlenia. Proces rozpoznania rozpoczyna si\u0119 od szczeg\u00f3\u0142owego wywiadu medycznego, kt\u00f3ry pozwala okre\u015bli\u0107 czas trwania dolegliwo\u015bci, ich nasilenie, ewentualne obci\u0105\u017cenia genetyczne oraz styl \u017cycia i spos\u00f3b od\u017cywiania. Nast\u0119pnie lekarz przechodzi do badania przedmiotowego, rozszerzaj\u0105c diagnostyk\u0119 o specjalistyczne testy oceniaj\u0105ce funkcjonowanie siatk\u00f3wki i dr\u00f3g wzrokowych.<\/p>\n\n\n\n<p>W celu potwierdzenia rozpoznania oraz ustalenia przyczyny kurzej \u015blepoty wykonuje si\u0119 szereg bada\u0144 okulistycznych i laboratoryjnych, takich jak:<\/p>\n\n\n\n<ul class=\"wp-block-list\">\n<li><strong>oftalmoskopia<\/strong>, czyli badanie dna oka pozwalaj\u0105ce oceni\u0107 stan siatk\u00f3wki i nerwu wzrokowego;<\/li>\n\n\n\n<li><strong>perymetria<\/strong>, s\u0142u\u017c\u0105ca do oceny pola widzenia i wykrycia ewentualnego widzenia tunelowego;<\/li>\n\n\n\n<li><strong>badania elektrofizjologiczne<\/strong>, w tym elektroretinogram (ERG), kt\u00f3ry obiektywnie ocenia czynno\u015b\u0107 pr\u0119cik\u00f3w i czopk\u00f3w ca\u0142ej siatk\u00f3wki;<\/li>\n\n\n\n<li><strong>optyczna koherentna tomografia<\/strong> (OCT) siatk\u00f3wki, wykonywana w przypadku w\u0105tpliwo\u015bci diagnostycznych lub podejrzenia zmian strukturalnych;<\/li>\n\n\n\n<li><strong>badania laboratoryjne<\/strong>, obejmuj\u0105ce <a href=\"https:\/\/www.alab.pl\/badanie\/morfologia-krwi-c55\"><strong>morfologi\u0119 krwi<\/strong><\/a>, <strong>oznaczenie <\/strong><a href=\"https:\/\/www.alab.pl\/badanie\/glukoza-l43\"><strong>st\u0119\u017cenia glukozy<\/strong><\/a> oraz <strong>poziomu witaminy A w organizmie<\/strong>, kt\u00f3rego niedob\u00f3r jest jedn\u0105 z klasycznych, a zarazem odwracalnych przyczyn \u015blepoty zmierzchowej.<\/li>\n<\/ul>\n\n\n\n<h2 class=\"wp-block-heading\" id=\"Leczenie-kurzej-\u015blepoty\">Leczenie kurzej \u015blepoty<\/h2>\n\n\n\n<p>Leczenie kurzej \u015blepoty zale\u017cy przede wszystkim od jej przyczyny, poniewa\u017c \u015blepota zmierzchowa jest objawem r\u00f3\u017cnych zaburze\u0144 pracy siatk\u00f3wki, a nie jedn\u0105 chorob\u0105. W przypadkach wynikaj\u0105cych z <strong>niedoboru witaminy A<\/strong> kluczowe znaczenie ma szybkie uzupe\u0142nienie jej poziomu poprzez odpowiednio zbilansowan\u0105 diet\u0119 lub suplementacj\u0119 pod kontrol\u0105 lekarza.<\/p>\n\n\n\n<p>Je\u017celi kurza \u015blepota towarzyszy <strong>chorobom genetycznym siatk\u00f3wki<\/strong>, takim jak zwyrodnienie barwnikowe, leczenie przyczynowe nie jest obecnie mo\u017cliwe, a terapia ma charakter objawowy i wspieraj\u0105cy. W praktyce obejmuje ona:<\/p>\n\n\n\n<ul class=\"wp-block-list\">\n<li>leczenie chor\u00f3b wsp\u00f3\u0142istniej\u0105cych;<\/li>\n\n\n\n<li>w\u0142a\u015bciwy dob\u00f3r korekcji okularowej;<\/li>\n\n\n\n<li>stosowanie pomocy optycznych dla os\u00f3b s\u0142abowidz\u0105cych;<\/li>\n\n\n\n<li>regularne kontrole okulistyczne.<\/li>\n<\/ul>\n\n\n\n<h2 class=\"wp-block-heading\" id=\"Kurza-\u015blepota-\u2013-rokowanie-i-\u017cycie-z-chorob\u0105\">Kurza \u015blepota \u2013 rokowanie i \u017cycie z chorob\u0105<\/h2>\n\n\n\n<p><strong>Rokowanie w kurzej \u015blepocie zale\u017cy przede wszystkim od jej przyczyny<\/strong>. W postaciach nabytych, zw\u0142aszcza zwi\u0105zanych z niedoborem witaminy A, wczesna diagnoza i leczenie pozwalaj\u0105 na wyra\u017an\u0105 popraw\u0119 widzenia, a nawet ca\u0142kowite ust\u0105pienie objaw\u00f3w. W przypadkach uwarunkowanych genetycznie choroba ma charakter przewlek\u0142y i wymaga d\u0142ugoterminowego post\u0119powania wspieraj\u0105cego oraz adaptacji do ogranicze\u0144 wzrokowych.<\/p>\n\n\n\n<p><strong>Cho\u0107 nie zawsze mo\u017cna zapobiec kurzej \u015blepocie, w wielu sytuacjach istotn\u0105 rol\u0119 odgrywa profilaktyka<\/strong>. Obejmuje ona przede wszystkim dobrze zbilansowan\u0105 diet\u0119 bogat\u0105 w witamin\u0119 A, regularne badania okulistyczne, ochron\u0119 oczu przed promieniowaniem UV, kontrol\u0119 poziomu witaminy A.<\/p>\n\n\n\n<p><strong>Podsumowanie<\/strong><\/p>\n\n\n\n<ul class=\"wp-block-list\">\n<li>Kurza \u015blepota (\u015blepota zmierzchowa) to zaburzenie widzenia objawiaj\u0105ce si\u0119 pogorszeniem wzroku po zmroku i w s\u0142abym o\u015bwietleniu.<\/li>\n\n\n\n<li>Jej przyczyn\u0105 jest nieprawid\u0142owe funkcjonowanie pr\u0119cik\u00f3w siatk\u00f3wki, cz\u0119sto zwi\u0105zane z niedoborem witaminy A lub chorobami genetycznymi.<\/li>\n\n\n\n<li>Choroba mo\u017ce mie\u0107 charakter wrodzony lub nabyty i bywa objawem innych schorze\u0144 oczu.<\/li>\n\n\n\n<li>Diagnostyka opiera si\u0119 na badaniach okulistycznych oraz analizie poziomu witaminy A.<\/li>\n\n\n\n<li>Leczenie zale\u017cy od przyczyny \u2013 w cz\u0119\u015bci przypadk\u00f3w mo\u017cliwa jest poprawa widzenia, w innych stosuje si\u0119 leczenie wspomagaj\u0105ce.<\/li>\n<\/ul>\n\n\n\n<h2 class=\"wp-block-heading\" id=\"Kurza-\u015blepota:-odpowiedzi-na-najcz\u0119stsze-pytania-(FAQ)\">Kurza \u015blepota: odpowiedzi na najcz\u0119stsze pytania (FAQ)<\/h2>\n\n\n\n<div class=\"schema-faq wp-block-yoast-faq-block\"><div class=\"schema-faq-section\" id=\"faq-question-1769599384055\"><strong class=\"schema-faq-question\"><strong>Czy kurza \u015blepota jest dziedziczna?<\/strong><\/strong> <p class=\"schema-faq-answer\">Tak, kurza \u015blepota mo\u017ce mie\u0107 pod\u0142o\u017ce genetyczne, szczeg\u00f3lnie gdy wyst\u0119puje w przebiegu chor\u00f3b siatk\u00f3wki, takich jak zwyrodnienie barwnikowe.<\/p> <\/div> <div class=\"schema-faq-section\" id=\"faq-question-1769599400324\"><strong class=\"schema-faq-question\"><strong>Kto cierpi na \u015blepot\u0119 nocn\u0105?<\/strong><\/strong> <p class=\"schema-faq-answer\">Na \u015blepot\u0119 nocn\u0105 nara\u017cone s\u0105 osoby z chorobami siatk\u00f3wki, niedoborami witaminy A, zaburzeniami od\u017cywiania, a tak\u017ce pacjenci z za\u0107m\u0105, jaskr\u0105 lub innymi chorobami oczu.<\/p> <\/div> <div class=\"schema-faq-section\" id=\"faq-question-1769599414065\"><strong class=\"schema-faq-question\"><strong>Jaki jest pierwszy etap \u015blepoty nocnej?<\/strong><\/strong> <p class=\"schema-faq-answer\">Pierwszym objawem jest pogorszenie widzenia po zmroku oraz trudno\u015bci z adaptacj\u0105 wzroku przy przechodzeniu z jasnego do ciemnego otoczenia.<\/p> <\/div> <div class=\"schema-faq-section\" id=\"faq-question-1769599429228\"><strong class=\"schema-faq-question\"><strong>Co pomaga na kurz\u0105 \u015blepot\u0119?<\/strong><\/strong> <p class=\"schema-faq-answer\">Pomocne jest leczenie przyczyny choroby, m.in. uzupe\u0142nienie niedoboru witaminy A, regularne kontrole okulistyczne oraz stosowanie odpowiedniej korekcji wzroku.<\/p> <\/div> <\/div>\n\n\n\n<p><strong>Opieka merytoryczna: lek. Katarzyna Ciep\u0142ucha<\/strong><\/p>\n\n\n\n<hr class=\"wp-block-separator has-alpha-channel-opacity\"\/>\n\n\n\n<p><strong>Bibliografia<\/strong><\/p>\n\n\n\n<ol start=\"1\" class=\"wp-block-list\">\n<li>Stodolska-Nowak A., Siwiec-Pro\u015bci\u0144ska J., \u015alepota zmierzchowa, \u201eOkulistyka po Dyplomie\u201d 2018, nr 4, dost\u0119p online: 15.11.2023;<\/li>\n\n\n\n<li>Zeitz C., Friedburg C., Preising M. L. i wsp., Overview of Congenital Stationary Night Blindness with Predominantly Normal Fundus Appearance, \u201cKlinische Monatsbl\u00e4tter f\u00fcr Augenheilkunde\u201d 2018, t. 235, nr 3, s. 281\u2013289.<\/li>\n\n\n\n<li>Gregory-Evans K., Weleber RG., Pennesi ME. Retinitis Pigmentosa and Allied Disorders. In: Ryan&#8217;s Retina. 6th edition. Elsevier, 2018, s. 861-35.<\/li>\n\n\n\n<li>Zasada M., Adamczyk A. Witamina A. Budowa i mechanizm dzia\u0142ania. Kosmetologia estetyczna 5.7 (2018): 517-521.<\/li>\n<\/ol>\n","protected":false},"excerpt":{"rendered":"<p>Kurza \u015blepota mo\u017ce stanowi\u0107 sygna\u0142 g\u0142\u0119bszych zaburze\u0144 w obr\u0119bie narz\u0105du wzroku lub ca\u0142ego organizmu. Na czym polega kurza \u015blepota?<\/p>\n","protected":false},"author":185,"featured_media":29337,"comment_status":"closed","ping_status":"closed","sticky":false,"template":"","format":"standard","meta":{"_acf_changed":false,"inline_featured_image":false,"footnotes":""},"categories":[28],"tags":[],"coauthors":[224],"class_list":{"0":"post-29335","1":"post","2":"type-post","3":"status-publish","4":"format-standard","5":"has-post-thumbnail","7":"category-warto-wiedziec"},"acf":[],"yoast_head":"<!-- This site is optimized with the Yoast SEO plugin v27.5 - https:\/\/yoast.com\/product\/yoast-seo-wordpress\/ -->\n<title>Kurza \u015blepota \u2013 objawy, przyczyny i leczenie - Centrum Wiedzy ALAB laboratoria<\/title>\n<meta name=\"description\" content=\"Kurza \u015blepota mo\u017ce stanowi\u0107 sygna\u0142 g\u0142\u0119bszych zaburze\u0144 w obr\u0119bie narz\u0105du wzroku lub ca\u0142ego organizmu. Na czym polega kurza \u015blepota?\" \/>\n<meta name=\"robots\" content=\"index, follow, max-snippet:-1, max-image-preview:large, max-video-preview:-1\" \/>\n<link rel=\"canonical\" href=\"https:\/\/www.alab.pl\/centrum-wiedzy\/kurza-slepota-objawy-przyczyny-i-leczenie\/\" \/>\n<meta property=\"og:locale\" content=\"pl_PL\" \/>\n<meta property=\"og:type\" content=\"article\" \/>\n<meta property=\"og:title\" content=\"Kurza \u015blepota \u2013 objawy, przyczyny i leczenie - Centrum Wiedzy ALAB laboratoria\" \/>\n<meta property=\"og:description\" content=\"Kurza \u015blepota mo\u017ce stanowi\u0107 sygna\u0142 g\u0142\u0119bszych zaburze\u0144 w obr\u0119bie narz\u0105du wzroku lub ca\u0142ego organizmu. Na czym polega kurza \u015blepota?\" \/>\n<meta property=\"og:url\" content=\"https:\/\/www.alab.pl\/centrum-wiedzy\/kurza-slepota-objawy-przyczyny-i-leczenie\/\" \/>\n<meta property=\"og:site_name\" content=\"Centrum Wiedzy ALAB laboratoria\" \/>\n<meta property=\"article:publisher\" content=\"https:\/\/www.facebook.com\/ALABlaboratoria\" \/>\n<meta property=\"article:published_time\" content=\"2026-01-28T11:29:33+00:00\" \/>\n<meta property=\"article:modified_time\" content=\"2026-01-28T11:29:36+00:00\" \/>\n<meta property=\"og:image\" content=\"https:\/\/www.alab.pl\/centrum-wiedzy\/wp-content\/uploads\/2026\/01\/kurza_slepota-.jpg\" \/>\n\t<meta property=\"og:image:width\" content=\"2208\" \/>\n\t<meta property=\"og:image:height\" content=\"1474\" \/>\n\t<meta property=\"og:image:type\" content=\"image\/jpeg\" \/>\n<meta name=\"author\" content=\"Sandra S\u0142uszewska\" \/>\n<meta name=\"twitter:card\" content=\"summary_large_image\" \/>\n<meta name=\"twitter:label1\" content=\"Napisane przez\" \/>\n\t<meta name=\"twitter:data1\" content=\"Sandra S\u0142uszewska\" \/>\n\t<meta name=\"twitter:label2\" content=\"Szacowany czas czytania\" \/>\n\t<meta name=\"twitter:data2\" content=\"9 minut\" \/>\n\t<meta name=\"twitter:label3\" content=\"Written by\" \/>\n\t<meta name=\"twitter:data3\" content=\"Sandra S\u0142uszewska\" \/>\n<!-- \/ Yoast SEO plugin. -->","yoast_head_json":{"title":"Kurza \u015blepota \u2013 objawy, przyczyny i leczenie - Centrum Wiedzy ALAB laboratoria","description":"Kurza \u015blepota mo\u017ce stanowi\u0107 sygna\u0142 g\u0142\u0119bszych zaburze\u0144 w obr\u0119bie narz\u0105du wzroku lub ca\u0142ego organizmu. Na czym polega kurza \u015blepota?","robots":{"index":"index","follow":"follow","max-snippet":"max-snippet:-1","max-image-preview":"max-image-preview:large","max-video-preview":"max-video-preview:-1"},"canonical":"https:\/\/www.alab.pl\/centrum-wiedzy\/kurza-slepota-objawy-przyczyny-i-leczenie\/","og_locale":"pl_PL","og_type":"article","og_title":"Kurza \u015blepota \u2013 objawy, przyczyny i leczenie - Centrum Wiedzy ALAB laboratoria","og_description":"Kurza \u015blepota mo\u017ce stanowi\u0107 sygna\u0142 g\u0142\u0119bszych zaburze\u0144 w obr\u0119bie narz\u0105du wzroku lub ca\u0142ego organizmu. Na czym polega kurza \u015blepota?","og_url":"https:\/\/www.alab.pl\/centrum-wiedzy\/kurza-slepota-objawy-przyczyny-i-leczenie\/","og_site_name":"Centrum Wiedzy ALAB laboratoria","article_publisher":"https:\/\/www.facebook.com\/ALABlaboratoria","article_published_time":"2026-01-28T11:29:33+00:00","article_modified_time":"2026-01-28T11:29:36+00:00","og_image":[{"width":2208,"height":1474,"url":"https:\/\/www.alab.pl\/centrum-wiedzy\/wp-content\/uploads\/2026\/01\/kurza_slepota-.jpg","type":"image\/jpeg"}],"author":"Sandra S\u0142uszewska","twitter_card":"summary_large_image","twitter_misc":{"Napisane przez":"Sandra S\u0142uszewska","Szacowany czas czytania":"9 minut","Written by":"Sandra S\u0142uszewska"},"schema":{"@context":"https:\/\/schema.org","@graph":[{"@type":"Article","@id":"https:\/\/www.alab.pl\/centrum-wiedzy\/kurza-slepota-objawy-przyczyny-i-leczenie\/#article","isPartOf":{"@id":"https:\/\/www.alab.pl\/centrum-wiedzy\/kurza-slepota-objawy-przyczyny-i-leczenie\/"},"author":{"name":"Sandra S\u0142uszewska","@id":"https:\/\/www.alab.pl\/centrum-wiedzy\/#\/schema\/person\/c615ff7d62d585a38d38cc93ab703793"},"headline":"Kurza \u015blepota \u2013 objawy, przyczyny i leczenie","datePublished":"2026-01-28T11:29:33+00:00","dateModified":"2026-01-28T11:29:36+00:00","mainEntityOfPage":{"@id":"https:\/\/www.alab.pl\/centrum-wiedzy\/kurza-slepota-objawy-przyczyny-i-leczenie\/"},"wordCount":1714,"publisher":{"@id":"https:\/\/www.alab.pl\/centrum-wiedzy\/#organization"},"image":{"@id":"https:\/\/www.alab.pl\/centrum-wiedzy\/kurza-slepota-objawy-przyczyny-i-leczenie\/#primaryimage"},"thumbnailUrl":"https:\/\/www.alab.pl\/centrum-wiedzy\/wp-content\/uploads\/2026\/01\/kurza_slepota-.jpg","articleSection":["Warto wiedzie\u0107"],"inLanguage":"pl-PL"},{"@type":["WebPage","FAQPage"],"@id":"https:\/\/www.alab.pl\/centrum-wiedzy\/kurza-slepota-objawy-przyczyny-i-leczenie\/","url":"https:\/\/www.alab.pl\/centrum-wiedzy\/kurza-slepota-objawy-przyczyny-i-leczenie\/","name":"Kurza \u015blepota \u2013 objawy, przyczyny i leczenie - Centrum Wiedzy ALAB laboratoria","isPartOf":{"@id":"https:\/\/www.alab.pl\/centrum-wiedzy\/#website"},"primaryImageOfPage":{"@id":"https:\/\/www.alab.pl\/centrum-wiedzy\/kurza-slepota-objawy-przyczyny-i-leczenie\/#primaryimage"},"image":{"@id":"https:\/\/www.alab.pl\/centrum-wiedzy\/kurza-slepota-objawy-przyczyny-i-leczenie\/#primaryimage"},"thumbnailUrl":"https:\/\/www.alab.pl\/centrum-wiedzy\/wp-content\/uploads\/2026\/01\/kurza_slepota-.jpg","datePublished":"2026-01-28T11:29:33+00:00","dateModified":"2026-01-28T11:29:36+00:00","description":"Kurza \u015blepota mo\u017ce stanowi\u0107 sygna\u0142 g\u0142\u0119bszych zaburze\u0144 w obr\u0119bie narz\u0105du wzroku lub ca\u0142ego organizmu. Na czym polega kurza \u015blepota?","breadcrumb":{"@id":"https:\/\/www.alab.pl\/centrum-wiedzy\/kurza-slepota-objawy-przyczyny-i-leczenie\/#breadcrumb"},"mainEntity":[{"@id":"https:\/\/www.alab.pl\/centrum-wiedzy\/kurza-slepota-objawy-przyczyny-i-leczenie\/#faq-question-1769599384055"},{"@id":"https:\/\/www.alab.pl\/centrum-wiedzy\/kurza-slepota-objawy-przyczyny-i-leczenie\/#faq-question-1769599400324"},{"@id":"https:\/\/www.alab.pl\/centrum-wiedzy\/kurza-slepota-objawy-przyczyny-i-leczenie\/#faq-question-1769599414065"},{"@id":"https:\/\/www.alab.pl\/centrum-wiedzy\/kurza-slepota-objawy-przyczyny-i-leczenie\/#faq-question-1769599429228"}],"inLanguage":"pl-PL","potentialAction":[{"@type":"ReadAction","target":["https:\/\/www.alab.pl\/centrum-wiedzy\/kurza-slepota-objawy-przyczyny-i-leczenie\/"]}]},{"@type":"ImageObject","inLanguage":"pl-PL","@id":"https:\/\/www.alab.pl\/centrum-wiedzy\/kurza-slepota-objawy-przyczyny-i-leczenie\/#primaryimage","url":"https:\/\/www.alab.pl\/centrum-wiedzy\/wp-content\/uploads\/2026\/01\/kurza_slepota-.jpg","contentUrl":"https:\/\/www.alab.pl\/centrum-wiedzy\/wp-content\/uploads\/2026\/01\/kurza_slepota-.jpg","width":2208,"height":1474,"caption":"kurza \u015blepota"},{"@type":"BreadcrumbList","@id":"https:\/\/www.alab.pl\/centrum-wiedzy\/kurza-slepota-objawy-przyczyny-i-leczenie\/#breadcrumb","itemListElement":[{"@type":"ListItem","position":1,"name":"Strona g\u0142\u00f3wna","item":"https:\/\/www.alab.pl\/centrum-wiedzy\/"},{"@type":"ListItem","position":2,"name":"Kurza \u015blepota \u2013 objawy, przyczyny i leczenie"}]},{"@type":"WebSite","@id":"https:\/\/www.alab.pl\/centrum-wiedzy\/#website","url":"https:\/\/www.alab.pl\/centrum-wiedzy\/","name":"Centrum Wiedzy ALAB laboratoria","description":"","publisher":{"@id":"https:\/\/www.alab.pl\/centrum-wiedzy\/#organization"},"potentialAction":[{"@type":"SearchAction","target":{"@type":"EntryPoint","urlTemplate":"https:\/\/www.alab.pl\/centrum-wiedzy\/?s={search_term_string}"},"query-input":{"@type":"PropertyValueSpecification","valueRequired":true,"valueName":"search_term_string"}}],"inLanguage":"pl-PL"},{"@type":"Organization","@id":"https:\/\/www.alab.pl\/centrum-wiedzy\/#organization","name":"Centrum Wiedzy ALAB laboratoria","url":"https:\/\/www.alab.pl\/centrum-wiedzy\/","logo":{"@type":"ImageObject","inLanguage":"pl-PL","@id":"https:\/\/www.alab.pl\/centrum-wiedzy\/#\/schema\/logo\/image\/","url":"https:\/\/www.alab.pl\/centrum-wiedzy\/wp-content\/uploads\/2022\/04\/alabek.jpg","contentUrl":"https:\/\/www.alab.pl\/centrum-wiedzy\/wp-content\/uploads\/2022\/04\/alabek.jpg","width":1250,"height":1251,"caption":"Centrum Wiedzy ALAB laboratoria"},"image":{"@id":"https:\/\/www.alab.pl\/centrum-wiedzy\/#\/schema\/logo\/image\/"},"sameAs":["https:\/\/www.facebook.com\/ALABlaboratoria"]},{"@type":"Person","@id":"https:\/\/www.alab.pl\/centrum-wiedzy\/#\/schema\/person\/c615ff7d62d585a38d38cc93ab703793","name":"Sandra S\u0142uszewska","image":{"@type":"ImageObject","inLanguage":"pl-PL","@id":"https:\/\/www.alab.pl\/centrum-wiedzy\/wp-content\/uploads\/2025\/02\/Sandra-Sluszewska-150x150.jpg1b25111ddf6b1d444f36196b209215a6","url":"https:\/\/www.alab.pl\/centrum-wiedzy\/wp-content\/uploads\/2025\/02\/Sandra-Sluszewska-150x150.jpg","contentUrl":"https:\/\/www.alab.pl\/centrum-wiedzy\/wp-content\/uploads\/2025\/02\/Sandra-Sluszewska-150x150.jpg","caption":"Sandra S\u0142uszewska"},"description":"Z wykszta\u0142cenia biolog, absolwentka biologii na Uniwersytecie Gda\u0144skim. Od lat zwi\u0105zana z bran\u017c\u0105 medyczn\u0105, gdzie \u0142\u0105czy wiedz\u0119 biologiczn\u0105 z praktycznym do\u015bwiadczeniem zawodowym. Autorka licznych tekst\u00f3w zdrowotnych i edukacyjnych dotycz\u0105cych m.in. diagnostyki medycznej, dermatologii, profilaktyki zdrowotnej, \u017cywienia oraz zdrowego stylu \u017cycia. W swoich tekstach opiera si\u0119 na aktualnych danych naukowych, dbaj\u0105c o ich rzetelne, praktyczne i zrozumia\u0142e przedstawienie.","url":"https:\/\/www.alab.pl\/centrum-wiedzy\/author\/sandra-sluszewska\/"},{"@type":"Question","@id":"https:\/\/www.alab.pl\/centrum-wiedzy\/kurza-slepota-objawy-przyczyny-i-leczenie\/#faq-question-1769599384055","position":1,"url":"https:\/\/www.alab.pl\/centrum-wiedzy\/kurza-slepota-objawy-przyczyny-i-leczenie\/#faq-question-1769599384055","name":"Czy kurza \u015blepota jest dziedziczna?","answerCount":1,"acceptedAnswer":{"@type":"Answer","text":"Tak, kurza \u015blepota mo\u017ce mie\u0107 pod\u0142o\u017ce genetyczne, szczeg\u00f3lnie gdy wyst\u0119puje w przebiegu chor\u00f3b siatk\u00f3wki, takich jak zwyrodnienie barwnikowe.","inLanguage":"pl-PL"},"inLanguage":"pl-PL"},{"@type":"Question","@id":"https:\/\/www.alab.pl\/centrum-wiedzy\/kurza-slepota-objawy-przyczyny-i-leczenie\/#faq-question-1769599400324","position":2,"url":"https:\/\/www.alab.pl\/centrum-wiedzy\/kurza-slepota-objawy-przyczyny-i-leczenie\/#faq-question-1769599400324","name":"Kto cierpi na \u015blepot\u0119 nocn\u0105?","answerCount":1,"acceptedAnswer":{"@type":"Answer","text":"Na \u015blepot\u0119 nocn\u0105 nara\u017cone s\u0105 osoby z chorobami siatk\u00f3wki, niedoborami witaminy A, zaburzeniami od\u017cywiania, a tak\u017ce pacjenci z za\u0107m\u0105, jaskr\u0105 lub innymi chorobami oczu.","inLanguage":"pl-PL"},"inLanguage":"pl-PL"},{"@type":"Question","@id":"https:\/\/www.alab.pl\/centrum-wiedzy\/kurza-slepota-objawy-przyczyny-i-leczenie\/#faq-question-1769599414065","position":3,"url":"https:\/\/www.alab.pl\/centrum-wiedzy\/kurza-slepota-objawy-przyczyny-i-leczenie\/#faq-question-1769599414065","name":"Jaki jest pierwszy etap \u015blepoty nocnej?","answerCount":1,"acceptedAnswer":{"@type":"Answer","text":"Pierwszym objawem jest pogorszenie widzenia po zmroku oraz trudno\u015bci z adaptacj\u0105 wzroku przy przechodzeniu z jasnego do ciemnego otoczenia.","inLanguage":"pl-PL"},"inLanguage":"pl-PL"},{"@type":"Question","@id":"https:\/\/www.alab.pl\/centrum-wiedzy\/kurza-slepota-objawy-przyczyny-i-leczenie\/#faq-question-1769599429228","position":4,"url":"https:\/\/www.alab.pl\/centrum-wiedzy\/kurza-slepota-objawy-przyczyny-i-leczenie\/#faq-question-1769599429228","name":"Co pomaga na kurz\u0105 \u015blepot\u0119?","answerCount":1,"acceptedAnswer":{"@type":"Answer","text":"Pomocne jest leczenie przyczyny choroby, m.in. uzupe\u0142nienie niedoboru witaminy A, regularne kontrole okulistyczne oraz stosowanie odpowiedniej korekcji wzroku.","inLanguage":"pl-PL"},"inLanguage":"pl-PL"}]}},"_links":{"self":[{"href":"https:\/\/www.alab.pl\/centrum-wiedzy\/wp-json\/wp\/v2\/posts\/29335","targetHints":{"allow":["GET"]}}],"collection":[{"href":"https:\/\/www.alab.pl\/centrum-wiedzy\/wp-json\/wp\/v2\/posts"}],"about":[{"href":"https:\/\/www.alab.pl\/centrum-wiedzy\/wp-json\/wp\/v2\/types\/post"}],"author":[{"embeddable":true,"href":"https:\/\/www.alab.pl\/centrum-wiedzy\/wp-json\/wp\/v2\/users\/185"}],"replies":[{"embeddable":true,"href":"https:\/\/www.alab.pl\/centrum-wiedzy\/wp-json\/wp\/v2\/comments?post=29335"}],"version-history":[{"count":2,"href":"https:\/\/www.alab.pl\/centrum-wiedzy\/wp-json\/wp\/v2\/posts\/29335\/revisions"}],"predecessor-version":[{"id":29339,"href":"https:\/\/www.alab.pl\/centrum-wiedzy\/wp-json\/wp\/v2\/posts\/29335\/revisions\/29339"}],"wp:featuredmedia":[{"embeddable":true,"href":"https:\/\/www.alab.pl\/centrum-wiedzy\/wp-json\/wp\/v2\/media\/29337"}],"wp:attachment":[{"href":"https:\/\/www.alab.pl\/centrum-wiedzy\/wp-json\/wp\/v2\/media?parent=29335"}],"wp:term":[{"taxonomy":"category","embeddable":true,"href":"https:\/\/www.alab.pl\/centrum-wiedzy\/wp-json\/wp\/v2\/categories?post=29335"},{"taxonomy":"post_tag","embeddable":true,"href":"https:\/\/www.alab.pl\/centrum-wiedzy\/wp-json\/wp\/v2\/tags?post=29335"},{"taxonomy":"author","embeddable":true,"href":"https:\/\/www.alab.pl\/centrum-wiedzy\/wp-json\/wp\/v2\/coauthors?post=29335"}],"curies":[{"name":"wp","href":"https:\/\/api.w.org\/{rel}","templated":true}]}}