{"id":29348,"date":"2026-01-28T17:42:51","date_gmt":"2026-01-28T16:42:51","guid":{"rendered":"https:\/\/www.alab.pl\/centrum-wiedzy\/?p=29348"},"modified":"2026-01-28T17:43:06","modified_gmt":"2026-01-28T16:43:06","slug":"wypalenie-zawodowe-objawy-przyczyny-i-skutki","status":"publish","type":"post","link":"https:\/\/www.alab.pl\/centrum-wiedzy\/wypalenie-zawodowe-objawy-przyczyny-i-skutki\/","title":{"rendered":"Wypalenie zawodowe \u2013 objawy, przyczyny i skutki. Jak wypalenie wp\u0142ywa na zdrowie?\u00a0"},"content":{"rendered":"\n<p><strong>Czujesz nieustanne zm\u0119czenie, a na sam\u0105 my\u015bl o kolejnym dniu w pracy zaczyna bole\u0107 Ci\u0119 brzuch lub g\u0142owa? To mo\u017ce by\u0107 co\u015b wi\u0119cej ni\u017c zwyk\u0142e przem\u0119czenie! Ten artyku\u0142 wyja\u015bnia, czym jest wypalenie zawodowe, jak rozpozna\u0107 ten stan i co najwa\u017cniejsze \u2013 jak odzyska\u0107 r\u00f3wnowag\u0119.<\/strong><\/p>\n\n\n\n<figure class=\"wp-block-table\"><table class=\"has-fixed-layout\"><tbody><tr><td><strong>Z tego artyku\u0142u dowiesz si\u0119, \u017ce:<\/strong> <br>>><strong> Wypalenie zawodowe<\/strong> to stan wynikaj\u0105cy z przewlek\u0142ego stresu zwi\u0105zanego z prac\u0105, kt\u00f3ry charakteryzuje si\u0119 wyczerpaniem fizycznym oraz emocjonalnym; <br>>><strong> Objawy wypalenia zawodowego <\/strong>to mi\u0119dzy innymi zm\u0119czenie, problemy ze snem i obni\u017cona efektywno\u015b\u0107 w pracy; <br>>><strong> Etapy wypalenia zawodowego<\/strong> obejmuj\u0105 kilka faz, a nieleczone wypalenie mo\u017ce prowadzi\u0107 do depresji i problem\u00f3w zdrowotnych; <br>>><strong> Wyczerpanie zawodowe <\/strong>mo\u017ce wymaga\u0107 zmiany stylu \u017cycia, terapii, a nawet wsparcia farmakologicznego.<\/td><\/tr><\/tbody><\/table><\/figure>\n\n\n\n<p><strong>Spis tre\u015bci:<\/strong><\/p>\n\n\n\n<ol class=\"wp-block-list\">\n<li><a href=\"#Co-to-jest-wypalenie-zawodowe?\">Co to jest wypalenie zawodowe?<\/a><\/li>\n\n\n\n<li><a href=\"#Objawy-wypalenia-zawodowego\">Objawy wypalenia zawodowego<\/a><\/li>\n\n\n\n<li><a href=\"#Etapy-(fazy)-wypalenia-zawodowego\">Etapy (fazy) wypalenia zawodowego<\/a><\/li>\n\n\n\n<li><a href=\"#Przyczyny-wypalenia-zawodowego\">Przyczyny wypalenia zawodowego<\/a><\/li>\n\n\n\n<li><a href=\"#Wypalenie-zawodowe-a-depresja\">Wypalenie zawodowe a depresja<\/a><\/li>\n\n\n\n<li><a href=\"#Skutki-wypalenia-zawodowego\">Skutki wypalenia zawodowego<\/a><\/li>\n\n\n\n<li><a href=\"#Jak-leczy\u0107-wypalenie-zawodowe?\">Jak leczy\u0107 wypalenie zawodowe?<\/a><\/li>\n\n\n\n<li><a href=\"#Zapobieganie-wypaleniu-zawodowemu\">Zapobieganie wypaleniu zawodowemu<\/a><\/li>\n\n\n\n<li><a href=\"#Wypalenie-zawodowe:-odpowiedzi-na-najcz\u0119stsze-pytania-(FAQ)\">Wypalenie zawodowe: odpowiedzi na najcz\u0119stsze pytania (FAQ)<\/a><\/li>\n\n\n\n<li><a href=\"#Podsumowanie\">Podsumowanie<\/a><\/li>\n<\/ol>\n\n\n\n<h2 class=\"wp-block-heading\" id=\"Co-to-jest-wypalenie-zawodowe?\">Co to jest wypalenie zawodowe?<\/h2>\n\n\n\n<p><strong>Wypalenie zawodowe<\/strong> to stan fizycznego, emocjonalnego i psychicznego wyczerpania, spowodowany d\u0142ugotrwa\u0142ym nara\u017ceniem na stres w miejscu pracy. Nie jest formalnie uznawane za jednostk\u0119 chorobow\u0105 \u2013 w obowi\u0105zuj\u0105cej w Polsce Mi\u0119dzynarodowej Klasyfikacji Chor\u00f3b ICD-10 wyst\u0119puje pod kodem Z73.0 jako \u201ewypalenie si\u0119\u201d, czyli stan wyczerpania \u017cyciowego, w grupie czynnik\u00f3w wp\u0142ywaj\u0105cych na stan zdrowia. W najnowszej klasyfikacji ICD-11 \u015awiatowa Organizacja Zdrowia opisuje wypalenie zawodowe jako \u201eburn-out\u201d \u2013 zjawisko zawodowe (occupational phenomenon), wynikaj\u0105ce z przewlek\u0142ego stresu w pracy, kt\u00f3ry nie zosta\u0142 skutecznie opanowany.<\/p>\n\n\n\n<figure class=\"wp-block-image size-full\"><a href=\"https:\/\/www.alab.pl\/pakiet\/pakiet-stres\"><img loading=\"lazy\" decoding=\"async\" width=\"800\" height=\"200\" src=\"https:\/\/www.alab.pl\/centrum-wiedzy\/wp-content\/uploads\/2025\/03\/Pakiet-stres-12-badan.png\" alt=\"Pakiet stres (12 bada\u0144) banerek\" class=\"wp-image-22206\" srcset=\"https:\/\/www.alab.pl\/centrum-wiedzy\/wp-content\/uploads\/2025\/03\/Pakiet-stres-12-badan.png 800w, https:\/\/www.alab.pl\/centrum-wiedzy\/wp-content\/uploads\/2025\/03\/Pakiet-stres-12-badan-768x192.png 768w, https:\/\/www.alab.pl\/centrum-wiedzy\/wp-content\/uploads\/2025\/03\/Pakiet-stres-12-badan-150x38.png 150w, https:\/\/www.alab.pl\/centrum-wiedzy\/wp-content\/uploads\/2025\/03\/Pakiet-stres-12-badan-300x75.png 300w, https:\/\/www.alab.pl\/centrum-wiedzy\/wp-content\/uploads\/2025\/03\/Pakiet-stres-12-badan-696x174.png 696w\" sizes=\"auto, (max-width: 800px) 100vw, 800px\" \/><\/a><\/figure>\n\n\n\n<p><strong>Zesp\u00f3\u0142 wypalenia zawodowego<\/strong> nie jest stanem chorobowym; opisuje si\u0119 go jako zjawisko zwi\u0105zane z wykonywaniem pracy zawodowej i czynnik wp\u0142ywaj\u0105cy na stan zdrowia. Cho\u0107 <strong>stres i wypalenie zawodowe <\/strong>zwykle id\u0105 w parze, wypalenie nie jest oznak\u0105 s\u0142abo\u015bci czy braku kompetencji. To reakcja organizmu na przeci\u0105\u017cenie oraz brak r\u00f3wnowagi mi\u0119dzy wymaganiami zawodowymi a zasobami jednostki. Je\u015bli czujesz, \u017ce Twoja praca nie przynosi Ci ju\u017c satysfakcji, a nawet staje si\u0119 \u017ar\u00f3d\u0142em cierpienia, mo\u017cesz mie\u0107 do czynienia w\u0142a\u015bnie z tym zjawiskiem.<\/p>\n\n\n\n<h2 class=\"wp-block-heading\" id=\"Objawy-wypalenia-zawodowego\">Objawy wypalenia zawodowego<\/h2>\n\n\n\n<p>Jakie s\u0105 <strong>oznaki wypalenia zawodowego<\/strong>? Jak pozna\u0107, \u017ce nie jest to ju\u017c zwyk\u0142e zm\u0119czenie, tylko pe\u0142noprawne <strong>wypalenie zawodowe? Objawy<\/strong> cz\u0119sto bywaj\u0105 mylone ze znu\u017ceniem po ci\u0119\u017ckim tygodniu pracy, jednak w przeciwie\u0144stwie do niego, zwykle nie ust\u0119puj\u0105 w pe\u0142ni po weekendowym odpoczynku lub nawet d\u0142u\u017cszym urlopie. <strong>Objawy wypalenia zawodowego<\/strong> dzieli si\u0119 na:<\/p>\n\n\n\n<p>Emocjonalne:<\/p>\n\n\n\n<ul class=\"wp-block-list\">\n<li>poczucie przyt\u0142oczenia i bezsilno\u015bci<\/li>\n\n\n\n<li>utrata energii i motywacji, brak poczucia sensu<\/li>\n\n\n\n<li>oboj\u0119tno\u015b\u0107 lub negatywne nastawienie do pracy, dystansowanie si\u0119 od wsp\u00f3\u0142pracownik\u00f3w i klient\u00f3w, utrata empatii<\/li>\n\n\n\n<li>wyczerpanie emocjonalne, dra\u017cliwo\u015b\u0107<\/li>\n\n\n\n<li>spadek efektywno\u015bci, problemy z koncentracj\u0105<\/li>\n\n\n\n<li>brak wiary we w\u0142asne mo\u017cliwo\u015bci, obni\u017cone poczucie osobistej satysfakcji.<\/li>\n<\/ul>\n\n\n\n<p>Fizyczne:<\/p>\n\n\n\n<ul class=\"wp-block-list\">\n<li>przewlek\u0142e zm\u0119czenie, wyczerpanie, nieustanny brak energii utrudniaj\u0105cy funkcjonowanie<\/li>\n\n\n\n<li>b\u00f3le napi\u0119ciowe szyi, plec\u00f3w i karku<\/li>\n\n\n\n<li>b\u00f3le g\u0142owy, migreny<\/li>\n\n\n\n<li>zaburzenia snu: bezsenno\u015b\u0107, wybudzanie nocne, trudno\u015bci z zasypianiem<\/li>\n\n\n\n<li>spadek odporno\u015bci, cz\u0119ste infekcje, os\u0142abienie organizmu<\/li>\n\n\n\n<li>problemy \u017co\u0142\u0105dkowe: zgaga, zaparcia, biegunki, utrata apetytu<\/li>\n<\/ul>\n\n\n\n<p>Nie bagatelizuj tych symptom\u00f3w \u2013 to sygna\u0142y, \u017ce Tw\u00f3j organizm m\u00f3wi \u201edo\u015b\u0107\u201d.<\/p>\n\n\n\n<p><strong>>> Przeczytaj tak\u017ce: <a href=\"https:\/\/www.alab.pl\/centrum-wiedzy\/problemy-z-koncentracja-z-czego-moga-wynikac-i-jak-znalezc-przyczyne\/\">Problemy z koncentracj\u0105, z czego mog\u0105 wynika\u0107 i jak znale\u017a\u0107 przyczyn\u0119?<\/a><\/strong><\/p>\n\n\n\n<p>Przy podejrzeniu wypalenia zawodowego warto wykona\u0107 dodatkowo podstawowe badania, poniewa\u017c niekt\u00f3re objawy mog\u0105 wynika\u0107 z zaburze\u0144 somatycznych lub by\u0107 przez nie nasilane. Przewlek\u0142e zm\u0119czenie, problemy z koncentracj\u0105 czy obni\u017cony nastr\u00f3j mog\u0105 sygnalizowa\u0107 m.in. niedobory \u017cywieniowe, anemi\u0119 lub zaburzenia hormonalne, kt\u00f3re wymagaj\u0105 odr\u0119bnego leczenia. Pomocne w r\u00f3\u017cnicowaniu b\u0119d\u0105 m.in. <a href=\"https:\/\/www.alab.pl\/badanie\/morfologia-krwi-c55\">morfologia krwi<\/a> oraz <a href=\"https:\/\/www.alab.pl\/pakiet\/pakiet-tarczycowy-rozszerzony\">panel tarczycowy<\/a>. Istotne jest r\u00f3wnie\u017c sprawdzenie poziomu <a href=\"https:\/\/www.alab.pl\/badanie\/witamina-d-25oh\">witaminy D3<\/a> i witamin z grupy B (zw\u0142aszcza B12) oraz <a href=\"https:\/\/www.alab.pl\/badanie\/zelazo-w-surowicy-o95\">\u017celaza<\/a> i <a href=\"https:\/\/www.alab.pl\/badanie\/ferrytyna-l05\">ferrytyny<\/a>, kt\u00f3rych niedobory mog\u0105 znacz\u0105co obni\u017ca\u0107 poziom energii i pogarsza\u0107 samopoczucie.<\/p>\n\n\n\n<figure class=\"wp-block-image size-full\"><a href=\"https:\/\/www.alab.pl\/pakiet\/pakiet-ciagle-zmeczenie-kobieta\"><img loading=\"lazy\" decoding=\"async\" width=\"800\" height=\"200\" src=\"https:\/\/www.alab.pl\/centrum-wiedzy\/wp-content\/uploads\/2025\/02\/Pakiet-ciagle-zmeczenie-kobieta-12-badan.jpg\" alt=\"Pakiet cia\u0328g\u0142e zme\u0328czenie kobieta (12 badan\u0301) banerek\" class=\"wp-image-21197\" srcset=\"https:\/\/www.alab.pl\/centrum-wiedzy\/wp-content\/uploads\/2025\/02\/Pakiet-ciagle-zmeczenie-kobieta-12-badan.jpg 800w, https:\/\/www.alab.pl\/centrum-wiedzy\/wp-content\/uploads\/2025\/02\/Pakiet-ciagle-zmeczenie-kobieta-12-badan-768x192.jpg 768w, https:\/\/www.alab.pl\/centrum-wiedzy\/wp-content\/uploads\/2025\/02\/Pakiet-ciagle-zmeczenie-kobieta-12-badan-150x38.jpg 150w, https:\/\/www.alab.pl\/centrum-wiedzy\/wp-content\/uploads\/2025\/02\/Pakiet-ciagle-zmeczenie-kobieta-12-badan-300x75.jpg 300w, https:\/\/www.alab.pl\/centrum-wiedzy\/wp-content\/uploads\/2025\/02\/Pakiet-ciagle-zmeczenie-kobieta-12-badan-696x174.jpg 696w\" sizes=\"auto, (max-width: 800px) 100vw, 800px\" \/><\/a><\/figure>\n\n\n\n<h2 class=\"wp-block-heading\" id=\"Etapy-(fazy)-wypalenia-zawodowego\">Etapy (fazy) wypalenia zawodowego<\/h2>\n\n\n\n<p><strong>Wypalenie zawodowe<\/strong> nie pojawia si\u0119 z dnia na dzie\u0144 \u2013 to proces, rozci\u0105gni\u0119ty w czasie, w kt\u00f3rym wyr\u00f3\u017cniamy trzy charakterystyczne etapy. Psychologowie wyr\u00f3\u017cniaj\u0105 trzy konkretne <strong>fazy wypalenia zawodowego<\/strong>. Im szybciej zrozumiesz, w kt\u00f3rym punkcie si\u0119 znajdujesz, tym szybciej mo\u017cesz podj\u0105\u0107 skuteczne dzia\u0142ania naprawcze.<\/p>\n\n\n\n<p>Schemat rozwoju wypalenia zawodowego przebiega najcz\u0119\u015bciej wed\u0142ug nast\u0119puj\u0105cego schematu:<\/p>\n\n\n\n<ul class=\"wp-block-list\">\n<li><strong>Wyczerpanie emocjonalne<\/strong> \u2013 to pierwszy sygna\u0142 alarmowy, w kt\u00f3rym dominuj\u0105 objawy psychosomatyczne. Organizm zaczyna si\u0119 buntowa\u0107: pojawiaj\u0105 si\u0119 przewlek\u0142e b\u00f3le g\u0142owy, <a href=\"https:\/\/www.alab.pl\/centrum-wiedzy\/bezsennosc-objawy-leczenie-skutki\/\">bezsenno\u015b\u0107<\/a>, nieustanne zm\u0119czenie, a tak\u017ce dra\u017cliwo\u015b\u0107.<\/li>\n\n\n\n<li><strong>Depersonalizacja i cynizm<\/strong> \u2013 na tym etapie charakterystyczny jest oboj\u0119tny, cz\u0119sto wr\u0119cz \u201ezdehumanizowany\u201d stosunek do klient\u00f3w, podopiecznych, pacjent\u00f3w lub petent\u00f3w. Osoba wypalona zaczyna traktowa\u0107 ludzi wok\u00f3\u0142 siebie przedmiotowo; klienci staj\u0105 si\u0119 \u201enumerkami\u201d, pacjenci \u2013 \u201ejednostkami chorobowymi\u201d. Jako\u015b\u0107 pracy zaczyna spada\u0107, a pracownik unika emocjonalnego zaanga\u017cowania, a nawet kontaktu wzrokowego.<\/li>\n\n\n\n<li><strong>Obni\u017cone poczucie dokona\u0144 osobistych<\/strong> \u2013 etap krytyczny, w kt\u00f3rym pracownik traci poczucie sensu i wypada ze swojej roli zawodowej. Praca staje si\u0119 \u017ar\u00f3d\u0142em udr\u0119ki i cierpienia, co cz\u0119sto prowadzi do rezygnacji z zatrudnienia. W tej fazie wiele os\u00f3b mo\u017ce pr\u00f3bowa\u0107 \u0142agodzi\u0107 trudne emocje, si\u0119gaj\u0105c po alkohol lub inne u\u017cywki, co dodatkowo pog\u0142\u0119bia kryzys.<\/li>\n<\/ul>\n\n\n\n<figure class=\"wp-block-image size-full\"><a href=\"https:\/\/www.alab.pl\/pakiet\/pakiet-ciagle-zmeczenie-mezczyzna\"><img loading=\"lazy\" decoding=\"async\" width=\"800\" height=\"200\" src=\"https:\/\/www.alab.pl\/centrum-wiedzy\/wp-content\/uploads\/2025\/02\/Pakiet-ciagle-zmeczenie-mezczyzna-12-badan.jpg\" alt=\"Pakiet cia\u0328g\u0142e zme\u0328czenie me\u0328z\u0307czyzna (12 badan\u0301) banerek\" class=\"wp-image-21198\" srcset=\"https:\/\/www.alab.pl\/centrum-wiedzy\/wp-content\/uploads\/2025\/02\/Pakiet-ciagle-zmeczenie-mezczyzna-12-badan.jpg 800w, https:\/\/www.alab.pl\/centrum-wiedzy\/wp-content\/uploads\/2025\/02\/Pakiet-ciagle-zmeczenie-mezczyzna-12-badan-768x192.jpg 768w, https:\/\/www.alab.pl\/centrum-wiedzy\/wp-content\/uploads\/2025\/02\/Pakiet-ciagle-zmeczenie-mezczyzna-12-badan-150x38.jpg 150w, https:\/\/www.alab.pl\/centrum-wiedzy\/wp-content\/uploads\/2025\/02\/Pakiet-ciagle-zmeczenie-mezczyzna-12-badan-300x75.jpg 300w, https:\/\/www.alab.pl\/centrum-wiedzy\/wp-content\/uploads\/2025\/02\/Pakiet-ciagle-zmeczenie-mezczyzna-12-badan-696x174.jpg 696w\" sizes=\"auto, (max-width: 800px) 100vw, 800px\" \/><\/a><\/figure>\n\n\n\n<p>W praktyce warto zwr\u00f3ci\u0107 si\u0119 po pomoc ju\u017c w momencie przej\u015bcia z fizycznego zm\u0119czenia w stan oboj\u0119tno\u015bci i cynizmu; to ostatni moment na reakcj\u0119, zanim <strong>wypalenie zawodowe<\/strong> wejdzie w faz\u0119 zaawansowan\u0105, zagra\u017caj\u0105c\u0105 Twojemu zdrowiu i karierze.<\/p>\n\n\n\n<h2 class=\"wp-block-heading\" id=\"Przyczyny-wypalenia-zawodowego\">Przyczyny wypalenia zawodowego<\/h2>\n\n\n\n<p>Je\u015bli chodzi o <strong>przyczyny wypalenia zawodowego, <\/strong>s\u0105 one z\u0142o\u017cone i le\u017c\u0105 zar\u00f3wno po stronie \u015brodowiska pracy, jak i cech osobowo\u015bci pracownika. Do czynnik\u00f3w zewn\u0119trznych zaliczamy nadmierne obci\u0105\u017cenie prac\u0105, presj\u0119 czasu, brak kontroli nad wykonywanymi zadaniami lub sprawiedliwego wynagrodzenia, a tak\u017ce konflikty w zespole. Z kolei wewn\u0119trzne <strong>przyczyny wypalenia zawodowego<\/strong> to perfekcjonizm, nadmierna ambicja, trudno\u015bci w stawianiu granic i niska odporno\u015b\u0107 na stres. Mog\u0105 one zwi\u0119ksza\u0107 osobist\u0105 podatno\u015b\u0107, jednak kluczow\u0105 rol\u0119 odgrywaj\u0105 d\u0142ugotrwa\u0142e przeci\u0105\u017cenie oraz warunki organizacyjne pracy.<\/p>\n\n\n\n<p><strong>>> Dowiedz si\u0119 wi\u0119cej: <a href=\"https:\/\/www.alab.pl\/centrum-wiedzy\/stres-przyjaciel-czy-wrog\/\">Stres \u2013 przyjaciel czy wr\u00f3g? Czy mo\u017cna to zbada\u0107?<\/a><\/strong><\/p>\n\n\n\n<h2 class=\"wp-block-heading\" id=\"Wypalenie-zawodowe-a-depresja\">Wypalenie zawodowe a depresja<\/h2>\n\n\n\n<p><strong>Wypalenie zawodowe a depresja<\/strong> to dwa odr\u0119bne zagadnienia \u2013 objawy (np. smutek, brak energii, problemy ze snem) mog\u0105 by\u0107 jednak zbli\u017cone, dlatego wiele os\u00f3b zastanawia si\u0119, czy ich stan to wypalenie zawodowe, czy <a href=\"https:\/\/www.alab.pl\/centrum-wiedzy\/depresja-objawy-przyczyny-diagnostyka-i-leczenie\/\">depresja<\/a>. Wypalenie zawodowe dotyczy sfery zawodowej i cz\u0119sto ust\u0119puje po zmianie pracy lub warunk\u00f3w zatrudnienia. Depresja natomiast obejmuje wszystkie obszary \u017cycia \u2013 nie tylko zawodow\u0105, ale tak\u017ce relacje interpersonalne, codzienn\u0105 aktywno\u015b\u0107, sen, apetyt i poczucie w\u0142asnej warto\u015bci. Mo\u017ce odebra\u0107 rado\u015b\u0107 nie tylko z pracy, ale r\u00f3wnie\u017c d\u0142u\u017cszego urlopu, relacji z bliskimi i znajomymi czy hobby. Warto jednak pami\u0119ta\u0107, \u017ce nieleczone wypalenie zawodowe mo\u017ce prowadzi\u0107 do rozwoju pe\u0142noobjawowej depresji, dlatego tak wa\u017cna jest wczesna interwencja.<\/p>\n\n\n\n<h2 class=\"wp-block-heading\" id=\"Skutki-wypalenia-zawodowego\">Skutki wypalenia zawodowego<\/h2>\n\n\n\n<p><strong>Skutki wypalenia zawodowego<\/strong> wykraczaj\u0105 daleko poza sfer\u0119 zawodow\u0105 i mog\u0105 znacz\u0105co wp\u0142ywa\u0107 na zdrowie psychiczne oraz fizyczne. D\u0142ugofalowe konsekwencje obejmuj\u0105 problemy zdrowotne: choroby uk\u0142adu kr\u0105\u017cenia, zaburzenia metaboliczne, os\u0142abienie odporno\u015bci czy przewlek\u0142e b\u00f3le. D\u0142ugotrwa\u0142y stres w pracy mo\u017ce wp\u0142ywa\u0107 na wydzielanie kortyzolu, kt\u00f3ry niekorzystnie wp\u0142ywa na zdrowie fizyczne. Je\u015bli podejrzewasz u siebie wypalenie zawodowe, <a href=\"https:\/\/www.alab.pl\/badanie\/kortyzol-m31\">badanie kortyzolu<\/a> nie jest testem potwierdzaj\u0105cym to rozpoznanie, ale mo\u017ce by\u0107 zlecone przez lekarza w ramach diagnostyki r\u00f3\u017cnicowej. Wyniki zawsze nale\u017cy interpretowa\u0107 w kontek\u015bcie ca\u0142ej sytuacji klinicznej.<\/p>\n\n\n\n<p><strong>Skutki wypalenia zawodowego <\/strong>obejmuj\u0105 tak\u017ce zaburzenia psychiczne: depresj\u0119, l\u0119ki, nisk\u0105 samoocen\u0119, problemy z koncentracj\u0105. Pojawiaj\u0105 si\u0119 r\u00f3wnie\u017c problemy w relacjach, konflikty rodzinne i izolacja spo\u0142eczna. Wypalenie zawodowe zwi\u0119ksza ryzyko si\u0119gania po alkohol, leki i inne substancje psychoaktywne. Nie zapominajmy o konsekwencjach zawodowych: absencja w pracy, zmiana miejsca zatrudnienia lub nawet ca\u0142kowita rezygnacja z kariery mog\u0105 bezpo\u015brednio wi\u0105za\u0107 si\u0119 z wypaleniem zawodowym.<\/p>\n\n\n\n<h2 class=\"wp-block-heading\" id=\"Jak-leczy\u0107-wypalenie-zawodowe?\">Jak leczy\u0107 wypalenie zawodowe?<\/h2>\n\n\n\n<p>Powr\u00f3t do zdrowia jest mo\u017cliwy, ale wymaga kompleksowego podej\u015bcia oraz czasu i zaanga\u017cowania. Oto, <strong>co robi\u0107 przy wypaleniu zawodowym:<\/strong><\/p>\n\n\n\n<ul class=\"wp-block-list\">\n<li>psychoterapia &#8211; szczeg\u00f3lnie nurt poznawczo-behawioralny, kt\u00f3ry pomaga zmieni\u0107 szkodliwe wzorce my\u015blenia i zachowania;<\/li>\n\n\n\n<li>zmiana w miejscu pracy \u2013 modyfikacja obowi\u0105zk\u00f3w, zmiana dzia\u0142u lub ca\u0142kowita zmiana miejsca pracy lub zawodu;<\/li>\n\n\n\n<li>farmakoterapia &#8211; w przypadku nasilonych objaw\u00f3w l\u0119kowych lub depresyjnych lekarz mo\u017ce podj\u0105\u0107 decyzj\u0119 o konieczno\u015bci wdro\u017cenia lek\u00f3w;<\/li>\n\n\n\n<li>odpoczynek &#8211; w niekt\u00f3rych przypadkach konieczne mo\u017ce by\u0107 zwolnienie lekarskie, aby odci\u0105\u0107 si\u0119 od \u017ar\u00f3d\u0142a stresu<\/li>\n<\/ul>\n\n\n\n<p>Pomocne mog\u0105 by\u0107 tak\u017ce techniki relaksacyjne i dbanie o higien\u0119 snu, a tak\u017ce aktywno\u015b\u0107 fizyczna \u2013 regularne \u0107wiczenia poprawiaj\u0105 samopoczucie i pomagaj\u0105 radzi\u0107 sobie ze stresem. Pami\u0119taj, \u017ce je\u015bli zastanawiasz si\u0119, <strong>jak sobie radzi\u0107 z wypaleniem zawodowym<\/strong>, najlepszym rozwi\u0105zaniem b\u0119dzie wizyta u lekarza psychiatry lub psychologa, kt\u00f3rzy udziel\u0105 Ci wszystkich niezb\u0119dnych informacji oraz przeprowadz\u0105 ocen\u0119 objaw\u00f3w i zaproponuj\u0105 odpowiednie post\u0119powanie.<\/p>\n\n\n\n<h2 class=\"wp-block-heading\" id=\"Zapobieganie-wypaleniu-zawodowemu\">Zapobieganie wypaleniu zawodowemu<\/h2>\n\n\n\n<p><strong>Zapobieganie wypaleniu zawodowemu<\/strong> opiera si\u0119 przede wszystkim na budowaniu zdrowego balansu mi\u0119dzy prac\u0105 a \u017cyciem prywatnym (work-life balance). Aby unikn\u0105\u0107 wyczerpania zawodowego, stawiaj wyra\u017ane granice \u2013 nie odbieraj telefon\u00f3w i maili po godzinach pracy, je\u015bli Twoje stanowisko nie wymaga tego od Ciebie. Piel\u0119gnuj swoje pasje poza prac\u0105, buduj sie\u0107 wsparcia i utrzymuj dobre relacje nie tylko ze wsp\u00f3\u0142pracownikami, ale r\u00f3wnie\u017c rodzin\u0105 i przyjaci\u00f3\u0142mi. Pami\u0119taj o regularnych przerwach: korzystaj z kr\u00f3tkich chwil odpoczynku w ci\u0105gu pracy, wolnych weekend\u00f3w oraz korzystaj z urlopu. Nie b\u00f3j si\u0119 tak\u017ce zg\u0142osi\u0107 po pomoc, gdy zauwa\u017cysz u siebie pierwsze oznaki wypalenia zawodowego.<strong><\/strong><\/p>\n\n\n\n<h2 class=\"wp-block-heading\" id=\"Wypalenie-zawodowe:-odpowiedzi-na-najcz\u0119stsze-pytania-(FAQ)\">Wypalenie zawodowe: odpowiedzi na najcz\u0119stsze pytania (FAQ)<\/h2>\n\n\n\n<p>Poni\u017cej odpowiedzi na najcz\u0119\u015bciej zadawane pytania zwi\u0105zane z <strong>wypaleniem zawodowym.<\/strong><\/p>\n\n\n\n<div class=\"schema-faq wp-block-yoast-faq-block\"><div class=\"schema-faq-section\" id=\"faq-question-1769617976782\"><strong class=\"schema-faq-question\"><strong>Ile czasu trwa wypalenie zawodowe?<\/strong><\/strong> <p class=\"schema-faq-answer\">Nie ma jednoznacznej odpowiedzi, ile trwa <strong>wypalenie zawodowe i po ilu latach<\/strong> mo\u017ce wyst\u0105pi\u0107. Zjawisko to mo\u017ce rozwija\u0107 si\u0119 od kilku miesi\u0119cy do kilku lat pracy. Czas trwania wypalenia i powrotu do zdrowia zale\u017cy od wielu czynnik\u00f3w: nasilenia objaw\u00f3w, czasu trwania problemu przed podj\u0119ciem leczenia oraz skuteczno\u015bci zastosowanej terapii.<\/p> <\/div> <div class=\"schema-faq-section\" id=\"faq-question-1769617991971\"><strong class=\"schema-faq-question\"><strong>Jakie s\u0105 oznaki wypalenia zawodowego?<\/strong><\/strong> <p class=\"schema-faq-answer\">G\u0142\u00f3wne oznaki wypalenia zawodowego to chroniczne zm\u0119czenie mimo odpoczynku, cynizm wobec pracy, utrata motywacji, obni\u017cona efektywno\u015b\u0107, problemy ze snem oraz objawy fizyczne jak b\u00f3le g\u0142owy czy problemy \u017co\u0142\u0105dkowe.<\/p> <\/div> <div class=\"schema-faq-section\" id=\"faq-question-1769618008245\"><strong class=\"schema-faq-question\"><strong>Jaki lekarz stwierdza wypalenie zawodowe?<\/strong><\/strong> <p class=\"schema-faq-answer\">Objawy wypalenia zawodowego najcz\u0119\u015bciej ocenia psycholog lub psychiatra na podstawie wywiadu klinicznego. Mo\u017cesz zacz\u0105\u0107 od wizyty u lekarza rodzinnego, kt\u00f3ry skieruje Ci\u0119 do odpowiedniego specjalisty. W przypadku wsp\u00f3\u0142wyst\u0119powania objaw\u00f3w fizycznych pomocna mo\u017ce by\u0107 r\u00f3wnie\u017c konsultacja internisty oraz wykonanie bada\u0144.<\/p> <\/div> <div class=\"schema-faq-section\" id=\"faq-question-1769618027551\"><strong class=\"schema-faq-question\"><strong>Czy wypalenie zawodowe jest stanem chorobowym?<\/strong><\/strong> <p class=\"schema-faq-answer\">Wypalenie zawodowe nie jest klasyfikowane jako choroba lub zaburzenie psychiczne w oficjalnych systemach diagnostycznych. WHO okre\u015bla je jako \u201ezjawisko zawodowe&#8221; \u2013 stan wynikaj\u0105cy z chronicznego stresu w miejscu pracy. Mimo to wymaga interwencji i mo\u017ce prowadzi\u0107 do rozwoju chor\u00f3b psychicznych, jak depresja.<\/p> <\/div> <div class=\"schema-faq-section\" id=\"faq-question-1769618043726\"><strong class=\"schema-faq-question\"><strong>Co dzieje si\u0119 z m\u00f3zgiem podczas wypalenia?<\/strong><\/strong> <p class=\"schema-faq-answer\">Podczas wypalenia zawodowego w m\u00f3zgu zachodz\u0105 realne zmiany. Chroniczny stres prowadzi do zmniejszenia obj\u0119to\u015bci hipokampa (obszar odpowiedzialny za pami\u0119\u0107) oraz nadmiernej aktywno\u015bci cia\u0142a migda\u0142owatego (o\u015brodek emocji). Wzrasta r\u00f3wnie\u017c poziom kortyzolu, hormonu stresu, co mo\u017ce prowadzi\u0107 do problem\u00f3w z koncentracj\u0105, pami\u0119ci\u0105 i regulacj\u0105 emocji.<\/p> <\/div> <\/div>\n\n\n\n<h2 class=\"wp-block-heading\" id=\"Podsumowanie\">Podsumowanie<\/h2>\n\n\n\n<p>Wypalenie zawodowe stanowi reakcj\u0119 na przewlek\u0142y stres w miejscu pracy, objawiaj\u0105c\u0105 si\u0119 mi\u0119dzy innymi wyczerpaniem oraz dolegliwo\u015bciami psychicznymi i fizycznymi. Proces ten przebiega zazwyczaj przez kilka g\u0142\u00f3wnych faz. Leczenie obejmuje po\u0142\u0105czenie psychoterapii ze zmian\u0105 stylu \u017cycia, a w trudniejszych przypadkach \u2013 tak\u017ce farmakoterapi\u0119, jednak kluczem do zachowania zdrowia psychicznego pozostaje dba\u0142o\u015b\u0107 o work-life balance.<\/p>\n\n\n\n<p><strong>Opieka merytoryczna: lek. Maria Wydra<\/strong><\/p>\n\n\n\n<hr class=\"wp-block-separator has-alpha-channel-opacity\"\/>\n\n\n\n<p><strong>Bibliografia<\/strong><\/p>\n\n\n\n<ol class=\"wp-block-list\">\n<li>Anczewska, M., \u015awitaj, P., &amp; Roszczy\u0144ska, J. (2005). Wypalenie zawodowe. <em>Post\u0119py Psychiatrii i Neurologii, 14<\/em>(2), 67\u201377.<\/li>\n\n\n\n<li>Chodkiewicz, J. (2005). <em>Psychologia zdrowia. Wybrane zagadnienia<\/em>. Wy\u017csza Szko\u0142a Humanistyczno-Ekonomiczna.<\/li>\n\n\n\n<li>Jab\u0142owska, K., &amp; Borkowska, A. (2005). Ocena nasilenia stresu w pracy a cechy zespo\u0142u wypalenia zawodowego u mened\u017cer\u00f3w. <em>Medycyna Pracy, 56<\/em>(6), 439\u2013444.<\/li>\n\n\n\n<li>Kaczmarek, A. (2019). Wypalenie zawodowe \u2013 nast\u0119pstwo stresu zawodowego. <em>Nowoczesne Systemy Zarz\u0105dzania<\/em>, 14(1), stycze\u0144\u2013marzec.<\/li>\n\n\n\n<li>Kraczla, M. (2013). Wypalenie zawodowe jako efekt d\u0142ugotrwa\u0142ego stresu. <em>Zeszyty Naukowe Wy\u017cszej Szko\u0142y Humanitas. Zarz\u0105dzanie<\/em>, (2), 69\u201381.<\/li>\n\n\n\n<li>Ogi\u0144ska-Bulik, N. (2006). <em>Stres zawodowy w zawodach us\u0142ug spo\u0142ecznych. \u0179r\u00f3d\u0142a \u2013 konsekwencje \u2013 zapobieganie<\/em>. Difin.<\/li>\n\n\n\n<li>Ogi\u0144ska-Bulik, N., &amp; Juczy\u0144ski, Z. (2008). <em>Osobowo\u015b\u0107, stres a zdrowie<\/em>. Difin.<\/li>\n\n\n\n<li>S\u0119k, H. (Red.). (2014). <em>Wypalenie zawodowe. Przyczyny, mechanizmy, zapobieganie<\/em>. Wydawnictwo Naukowe PWN.<\/li>\n\n\n\n<li>Siemi\u0144ski, M., Nitka-Siemi\u0144ska, A., &amp; Nyka, W. M. (2007). Zesp\u00f3\u0142 wypalenia. <em>Forum Medycyny Rodzinnej, 1<\/em>(1), 45\u201349.<\/li>\n\n\n\n<li>Uniwersytet Gda\u0144ski: <em>Wypalenie zawodowe<\/em>. Centrum Wsparcia.<\/li>\n<\/ol>\n","protected":false},"excerpt":{"rendered":"<p>Sprawd\u017a, czym jest wypalenie zawodowe, jak rozpozna\u0107 ten stan i co najwa\u017cniejsze \u2013 jak odzyska\u0107 r\u00f3wnowag\u0119.<\/p>\n","protected":false},"author":186,"featured_media":29352,"comment_status":"closed","ping_status":"closed","sticky":false,"template":"","format":"standard","meta":{"_acf_changed":false,"inline_featured_image":false,"footnotes":""},"categories":[28,228],"tags":[],"coauthors":[227],"class_list":{"0":"post-29348","1":"post","2":"type-post","3":"status-publish","4":"format-standard","5":"has-post-thumbnail","8":"category-zdrowie-psychiczne"},"acf":[],"yoast_head":"<!-- This site is optimized with the Yoast SEO plugin v27.5 - https:\/\/yoast.com\/product\/yoast-seo-wordpress\/ -->\n<title>Wypalenie zawodowe \u2013 objawy, przyczyny i skutki. Jak wypalenie wp\u0142ywa na zdrowie?\u00a0 - Centrum Wiedzy ALAB laboratoria<\/title>\n<meta name=\"description\" content=\"Sprawd\u017a, czym jest wypalenie zawodowe, jak rozpozna\u0107 ten stan i co najwa\u017cniejsze \u2013 jak odzyska\u0107 r\u00f3wnowag\u0119.\" \/>\n<meta name=\"robots\" content=\"index, follow, max-snippet:-1, max-image-preview:large, max-video-preview:-1\" \/>\n<link rel=\"canonical\" href=\"https:\/\/www.alab.pl\/centrum-wiedzy\/wypalenie-zawodowe-objawy-przyczyny-i-skutki\/\" \/>\n<meta property=\"og:locale\" content=\"pl_PL\" \/>\n<meta property=\"og:type\" content=\"article\" \/>\n<meta property=\"og:title\" content=\"Wypalenie zawodowe \u2013 objawy, przyczyny i skutki. Jak wypalenie wp\u0142ywa na zdrowie?\u00a0 - Centrum Wiedzy ALAB laboratoria\" \/>\n<meta property=\"og:description\" content=\"Sprawd\u017a, czym jest wypalenie zawodowe, jak rozpozna\u0107 ten stan i co najwa\u017cniejsze \u2013 jak odzyska\u0107 r\u00f3wnowag\u0119.\" \/>\n<meta property=\"og:url\" content=\"https:\/\/www.alab.pl\/centrum-wiedzy\/wypalenie-zawodowe-objawy-przyczyny-i-skutki\/\" \/>\n<meta property=\"og:site_name\" content=\"Centrum Wiedzy ALAB laboratoria\" \/>\n<meta property=\"article:publisher\" content=\"https:\/\/www.facebook.com\/ALABlaboratoria\" \/>\n<meta property=\"article:published_time\" content=\"2026-01-28T16:42:51+00:00\" \/>\n<meta property=\"article:modified_time\" content=\"2026-01-28T16:43:06+00:00\" \/>\n<meta property=\"og:image\" content=\"https:\/\/www.alab.pl\/centrum-wiedzy\/wp-content\/uploads\/2026\/01\/wypalenie_zawodowe.jpg\" \/>\n\t<meta property=\"og:image:width\" content=\"2434\" \/>\n\t<meta property=\"og:image:height\" content=\"1624\" \/>\n\t<meta property=\"og:image:type\" content=\"image\/jpeg\" \/>\n<meta name=\"author\" content=\"Agnieszka Ko\u015bcielniak\" \/>\n<meta name=\"twitter:card\" content=\"summary_large_image\" \/>\n<meta name=\"twitter:label1\" content=\"Napisane przez\" \/>\n\t<meta name=\"twitter:data1\" content=\"Agnieszka Ko\u015bcielniak\" \/>\n\t<meta name=\"twitter:label2\" content=\"Szacowany czas czytania\" \/>\n\t<meta name=\"twitter:data2\" content=\"12 minut\" \/>\n\t<meta name=\"twitter:label3\" content=\"Written by\" \/>\n\t<meta name=\"twitter:data3\" content=\"Agnieszka Ko\u015bcielniak\" \/>\n<!-- \/ Yoast SEO plugin. -->","yoast_head_json":{"title":"Wypalenie zawodowe \u2013 objawy, przyczyny i skutki. Jak wypalenie wp\u0142ywa na zdrowie?\u00a0 - Centrum Wiedzy ALAB laboratoria","description":"Sprawd\u017a, czym jest wypalenie zawodowe, jak rozpozna\u0107 ten stan i co najwa\u017cniejsze \u2013 jak odzyska\u0107 r\u00f3wnowag\u0119.","robots":{"index":"index","follow":"follow","max-snippet":"max-snippet:-1","max-image-preview":"max-image-preview:large","max-video-preview":"max-video-preview:-1"},"canonical":"https:\/\/www.alab.pl\/centrum-wiedzy\/wypalenie-zawodowe-objawy-przyczyny-i-skutki\/","og_locale":"pl_PL","og_type":"article","og_title":"Wypalenie zawodowe \u2013 objawy, przyczyny i skutki. Jak wypalenie wp\u0142ywa na zdrowie?\u00a0 - Centrum Wiedzy ALAB laboratoria","og_description":"Sprawd\u017a, czym jest wypalenie zawodowe, jak rozpozna\u0107 ten stan i co najwa\u017cniejsze \u2013 jak odzyska\u0107 r\u00f3wnowag\u0119.","og_url":"https:\/\/www.alab.pl\/centrum-wiedzy\/wypalenie-zawodowe-objawy-przyczyny-i-skutki\/","og_site_name":"Centrum Wiedzy ALAB laboratoria","article_publisher":"https:\/\/www.facebook.com\/ALABlaboratoria","article_published_time":"2026-01-28T16:42:51+00:00","article_modified_time":"2026-01-28T16:43:06+00:00","og_image":[{"width":2434,"height":1624,"url":"https:\/\/www.alab.pl\/centrum-wiedzy\/wp-content\/uploads\/2026\/01\/wypalenie_zawodowe.jpg","type":"image\/jpeg"}],"author":"Agnieszka Ko\u015bcielniak","twitter_card":"summary_large_image","twitter_misc":{"Napisane przez":"Agnieszka Ko\u015bcielniak","Szacowany czas czytania":"12 minut","Written by":"Agnieszka Ko\u015bcielniak"},"schema":{"@context":"https:\/\/schema.org","@graph":[{"@type":"Article","@id":"https:\/\/www.alab.pl\/centrum-wiedzy\/wypalenie-zawodowe-objawy-przyczyny-i-skutki\/#article","isPartOf":{"@id":"https:\/\/www.alab.pl\/centrum-wiedzy\/wypalenie-zawodowe-objawy-przyczyny-i-skutki\/"},"author":{"name":"Agnieszka Ko\u015bcielniak","@id":"https:\/\/www.alab.pl\/centrum-wiedzy\/#\/schema\/person\/bc2054847638a9cbcaaaed55adb05076"},"headline":"Wypalenie zawodowe \u2013 objawy, przyczyny i skutki. Jak wypalenie wp\u0142ywa na zdrowie?\u00a0","datePublished":"2026-01-28T16:42:51+00:00","dateModified":"2026-01-28T16:43:06+00:00","mainEntityOfPage":{"@id":"https:\/\/www.alab.pl\/centrum-wiedzy\/wypalenie-zawodowe-objawy-przyczyny-i-skutki\/"},"wordCount":2131,"publisher":{"@id":"https:\/\/www.alab.pl\/centrum-wiedzy\/#organization"},"image":{"@id":"https:\/\/www.alab.pl\/centrum-wiedzy\/wypalenie-zawodowe-objawy-przyczyny-i-skutki\/#primaryimage"},"thumbnailUrl":"https:\/\/www.alab.pl\/centrum-wiedzy\/wp-content\/uploads\/2026\/01\/wypalenie_zawodowe.jpg","articleSection":["Warto wiedzie\u0107","Zdrowie psychiczne"],"inLanguage":"pl-PL"},{"@type":["WebPage","FAQPage"],"@id":"https:\/\/www.alab.pl\/centrum-wiedzy\/wypalenie-zawodowe-objawy-przyczyny-i-skutki\/","url":"https:\/\/www.alab.pl\/centrum-wiedzy\/wypalenie-zawodowe-objawy-przyczyny-i-skutki\/","name":"Wypalenie zawodowe \u2013 objawy, przyczyny i skutki. Jak wypalenie wp\u0142ywa na zdrowie?\u00a0 - Centrum Wiedzy ALAB laboratoria","isPartOf":{"@id":"https:\/\/www.alab.pl\/centrum-wiedzy\/#website"},"primaryImageOfPage":{"@id":"https:\/\/www.alab.pl\/centrum-wiedzy\/wypalenie-zawodowe-objawy-przyczyny-i-skutki\/#primaryimage"},"image":{"@id":"https:\/\/www.alab.pl\/centrum-wiedzy\/wypalenie-zawodowe-objawy-przyczyny-i-skutki\/#primaryimage"},"thumbnailUrl":"https:\/\/www.alab.pl\/centrum-wiedzy\/wp-content\/uploads\/2026\/01\/wypalenie_zawodowe.jpg","datePublished":"2026-01-28T16:42:51+00:00","dateModified":"2026-01-28T16:43:06+00:00","description":"Sprawd\u017a, czym jest wypalenie zawodowe, jak rozpozna\u0107 ten stan i co najwa\u017cniejsze \u2013 jak odzyska\u0107 r\u00f3wnowag\u0119.","breadcrumb":{"@id":"https:\/\/www.alab.pl\/centrum-wiedzy\/wypalenie-zawodowe-objawy-przyczyny-i-skutki\/#breadcrumb"},"mainEntity":[{"@id":"https:\/\/www.alab.pl\/centrum-wiedzy\/wypalenie-zawodowe-objawy-przyczyny-i-skutki\/#faq-question-1769617976782"},{"@id":"https:\/\/www.alab.pl\/centrum-wiedzy\/wypalenie-zawodowe-objawy-przyczyny-i-skutki\/#faq-question-1769617991971"},{"@id":"https:\/\/www.alab.pl\/centrum-wiedzy\/wypalenie-zawodowe-objawy-przyczyny-i-skutki\/#faq-question-1769618008245"},{"@id":"https:\/\/www.alab.pl\/centrum-wiedzy\/wypalenie-zawodowe-objawy-przyczyny-i-skutki\/#faq-question-1769618027551"},{"@id":"https:\/\/www.alab.pl\/centrum-wiedzy\/wypalenie-zawodowe-objawy-przyczyny-i-skutki\/#faq-question-1769618043726"}],"inLanguage":"pl-PL","potentialAction":[{"@type":"ReadAction","target":["https:\/\/www.alab.pl\/centrum-wiedzy\/wypalenie-zawodowe-objawy-przyczyny-i-skutki\/"]}]},{"@type":"ImageObject","inLanguage":"pl-PL","@id":"https:\/\/www.alab.pl\/centrum-wiedzy\/wypalenie-zawodowe-objawy-przyczyny-i-skutki\/#primaryimage","url":"https:\/\/www.alab.pl\/centrum-wiedzy\/wp-content\/uploads\/2026\/01\/wypalenie_zawodowe.jpg","contentUrl":"https:\/\/www.alab.pl\/centrum-wiedzy\/wp-content\/uploads\/2026\/01\/wypalenie_zawodowe.jpg","width":2434,"height":1624,"caption":"wypalenie zawodowe"},{"@type":"BreadcrumbList","@id":"https:\/\/www.alab.pl\/centrum-wiedzy\/wypalenie-zawodowe-objawy-przyczyny-i-skutki\/#breadcrumb","itemListElement":[{"@type":"ListItem","position":1,"name":"Strona g\u0142\u00f3wna","item":"https:\/\/www.alab.pl\/centrum-wiedzy\/"},{"@type":"ListItem","position":2,"name":"Wypalenie zawodowe \u2013 objawy, przyczyny i skutki. Jak wypalenie wp\u0142ywa na zdrowie?\u00a0"}]},{"@type":"WebSite","@id":"https:\/\/www.alab.pl\/centrum-wiedzy\/#website","url":"https:\/\/www.alab.pl\/centrum-wiedzy\/","name":"Centrum Wiedzy ALAB laboratoria","description":"","publisher":{"@id":"https:\/\/www.alab.pl\/centrum-wiedzy\/#organization"},"potentialAction":[{"@type":"SearchAction","target":{"@type":"EntryPoint","urlTemplate":"https:\/\/www.alab.pl\/centrum-wiedzy\/?s={search_term_string}"},"query-input":{"@type":"PropertyValueSpecification","valueRequired":true,"valueName":"search_term_string"}}],"inLanguage":"pl-PL"},{"@type":"Organization","@id":"https:\/\/www.alab.pl\/centrum-wiedzy\/#organization","name":"Centrum Wiedzy ALAB laboratoria","url":"https:\/\/www.alab.pl\/centrum-wiedzy\/","logo":{"@type":"ImageObject","inLanguage":"pl-PL","@id":"https:\/\/www.alab.pl\/centrum-wiedzy\/#\/schema\/logo\/image\/","url":"https:\/\/www.alab.pl\/centrum-wiedzy\/wp-content\/uploads\/2022\/04\/alabek.jpg","contentUrl":"https:\/\/www.alab.pl\/centrum-wiedzy\/wp-content\/uploads\/2022\/04\/alabek.jpg","width":1250,"height":1251,"caption":"Centrum Wiedzy ALAB laboratoria"},"image":{"@id":"https:\/\/www.alab.pl\/centrum-wiedzy\/#\/schema\/logo\/image\/"},"sameAs":["https:\/\/www.facebook.com\/ALABlaboratoria"]},{"@type":"Person","@id":"https:\/\/www.alab.pl\/centrum-wiedzy\/#\/schema\/person\/bc2054847638a9cbcaaaed55adb05076","name":"Agnieszka Ko\u015bcielniak","image":{"@type":"ImageObject","inLanguage":"pl-PL","@id":"https:\/\/www.alab.pl\/centrum-wiedzy\/wp-content\/uploads\/2025\/03\/Agnieszka-Koscielniak-150x150.jpg2e1d4b6c34cade5524703aedde87f4e5","url":"https:\/\/www.alab.pl\/centrum-wiedzy\/wp-content\/uploads\/2025\/03\/Agnieszka-Koscielniak-150x150.jpg","contentUrl":"https:\/\/www.alab.pl\/centrum-wiedzy\/wp-content\/uploads\/2025\/03\/Agnieszka-Koscielniak-150x150.jpg","caption":"Agnieszka Ko\u015bcielniak"},"description":"Psycholo\u017cka, absolwentka Uniwersytetu \u0141\u00f3dzkiego (spec. Psychologia zdrowia i kliniczna). Pasj\u0119 do psychologii \u0142\u0105czy z mi\u0142o\u015bci\u0105 do pisania i tworzy artyku\u0142y z zakresu profilaktyki, zdrowia, zaburze\u0144 oraz psychodietetyki.","url":"https:\/\/www.alab.pl\/centrum-wiedzy\/author\/agnieszka-koscielniak\/"},{"@type":"Question","@id":"https:\/\/www.alab.pl\/centrum-wiedzy\/wypalenie-zawodowe-objawy-przyczyny-i-skutki\/#faq-question-1769617976782","position":1,"url":"https:\/\/www.alab.pl\/centrum-wiedzy\/wypalenie-zawodowe-objawy-przyczyny-i-skutki\/#faq-question-1769617976782","name":"Ile czasu trwa wypalenie zawodowe?","answerCount":1,"acceptedAnswer":{"@type":"Answer","text":"Nie ma jednoznacznej odpowiedzi, ile trwa <strong>wypalenie zawodowe i po ilu latach<\/strong> mo\u017ce wyst\u0105pi\u0107. Zjawisko to mo\u017ce rozwija\u0107 si\u0119 od kilku miesi\u0119cy do kilku lat pracy. Czas trwania wypalenia i powrotu do zdrowia zale\u017cy od wielu czynnik\u00f3w: nasilenia objaw\u00f3w, czasu trwania problemu przed podj\u0119ciem leczenia oraz skuteczno\u015bci zastosowanej terapii.","inLanguage":"pl-PL"},"inLanguage":"pl-PL"},{"@type":"Question","@id":"https:\/\/www.alab.pl\/centrum-wiedzy\/wypalenie-zawodowe-objawy-przyczyny-i-skutki\/#faq-question-1769617991971","position":2,"url":"https:\/\/www.alab.pl\/centrum-wiedzy\/wypalenie-zawodowe-objawy-przyczyny-i-skutki\/#faq-question-1769617991971","name":"Jakie s\u0105 oznaki wypalenia zawodowego?","answerCount":1,"acceptedAnswer":{"@type":"Answer","text":"G\u0142\u00f3wne oznaki wypalenia zawodowego to chroniczne zm\u0119czenie mimo odpoczynku, cynizm wobec pracy, utrata motywacji, obni\u017cona efektywno\u015b\u0107, problemy ze snem oraz objawy fizyczne jak b\u00f3le g\u0142owy czy problemy \u017co\u0142\u0105dkowe.","inLanguage":"pl-PL"},"inLanguage":"pl-PL"},{"@type":"Question","@id":"https:\/\/www.alab.pl\/centrum-wiedzy\/wypalenie-zawodowe-objawy-przyczyny-i-skutki\/#faq-question-1769618008245","position":3,"url":"https:\/\/www.alab.pl\/centrum-wiedzy\/wypalenie-zawodowe-objawy-przyczyny-i-skutki\/#faq-question-1769618008245","name":"Jaki lekarz stwierdza wypalenie zawodowe?","answerCount":1,"acceptedAnswer":{"@type":"Answer","text":"Objawy wypalenia zawodowego najcz\u0119\u015bciej ocenia psycholog lub psychiatra na podstawie wywiadu klinicznego. Mo\u017cesz zacz\u0105\u0107 od wizyty u lekarza rodzinnego, kt\u00f3ry skieruje Ci\u0119 do odpowiedniego specjalisty. W przypadku wsp\u00f3\u0142wyst\u0119powania objaw\u00f3w fizycznych pomocna mo\u017ce by\u0107 r\u00f3wnie\u017c konsultacja internisty oraz wykonanie bada\u0144.","inLanguage":"pl-PL"},"inLanguage":"pl-PL"},{"@type":"Question","@id":"https:\/\/www.alab.pl\/centrum-wiedzy\/wypalenie-zawodowe-objawy-przyczyny-i-skutki\/#faq-question-1769618027551","position":4,"url":"https:\/\/www.alab.pl\/centrum-wiedzy\/wypalenie-zawodowe-objawy-przyczyny-i-skutki\/#faq-question-1769618027551","name":"Czy wypalenie zawodowe jest stanem chorobowym?","answerCount":1,"acceptedAnswer":{"@type":"Answer","text":"Wypalenie zawodowe nie jest klasyfikowane jako choroba lub zaburzenie psychiczne w oficjalnych systemach diagnostycznych. WHO okre\u015bla je jako \u201ezjawisko zawodowe\" \u2013 stan wynikaj\u0105cy z chronicznego stresu w miejscu pracy. Mimo to wymaga interwencji i mo\u017ce prowadzi\u0107 do rozwoju chor\u00f3b psychicznych, jak depresja.","inLanguage":"pl-PL"},"inLanguage":"pl-PL"},{"@type":"Question","@id":"https:\/\/www.alab.pl\/centrum-wiedzy\/wypalenie-zawodowe-objawy-przyczyny-i-skutki\/#faq-question-1769618043726","position":5,"url":"https:\/\/www.alab.pl\/centrum-wiedzy\/wypalenie-zawodowe-objawy-przyczyny-i-skutki\/#faq-question-1769618043726","name":"Co dzieje si\u0119 z m\u00f3zgiem podczas wypalenia?","answerCount":1,"acceptedAnswer":{"@type":"Answer","text":"Podczas wypalenia zawodowego w m\u00f3zgu zachodz\u0105 realne zmiany. Chroniczny stres prowadzi do zmniejszenia obj\u0119to\u015bci hipokampa (obszar odpowiedzialny za pami\u0119\u0107) oraz nadmiernej aktywno\u015bci cia\u0142a migda\u0142owatego (o\u015brodek emocji). Wzrasta r\u00f3wnie\u017c poziom kortyzolu, hormonu stresu, co mo\u017ce prowadzi\u0107 do problem\u00f3w z koncentracj\u0105, pami\u0119ci\u0105 i regulacj\u0105 emocji.","inLanguage":"pl-PL"},"inLanguage":"pl-PL"}]}},"_links":{"self":[{"href":"https:\/\/www.alab.pl\/centrum-wiedzy\/wp-json\/wp\/v2\/posts\/29348","targetHints":{"allow":["GET"]}}],"collection":[{"href":"https:\/\/www.alab.pl\/centrum-wiedzy\/wp-json\/wp\/v2\/posts"}],"about":[{"href":"https:\/\/www.alab.pl\/centrum-wiedzy\/wp-json\/wp\/v2\/types\/post"}],"author":[{"embeddable":true,"href":"https:\/\/www.alab.pl\/centrum-wiedzy\/wp-json\/wp\/v2\/users\/186"}],"replies":[{"embeddable":true,"href":"https:\/\/www.alab.pl\/centrum-wiedzy\/wp-json\/wp\/v2\/comments?post=29348"}],"version-history":[{"count":4,"href":"https:\/\/www.alab.pl\/centrum-wiedzy\/wp-json\/wp\/v2\/posts\/29348\/revisions"}],"predecessor-version":[{"id":29353,"href":"https:\/\/www.alab.pl\/centrum-wiedzy\/wp-json\/wp\/v2\/posts\/29348\/revisions\/29353"}],"wp:featuredmedia":[{"embeddable":true,"href":"https:\/\/www.alab.pl\/centrum-wiedzy\/wp-json\/wp\/v2\/media\/29352"}],"wp:attachment":[{"href":"https:\/\/www.alab.pl\/centrum-wiedzy\/wp-json\/wp\/v2\/media?parent=29348"}],"wp:term":[{"taxonomy":"category","embeddable":true,"href":"https:\/\/www.alab.pl\/centrum-wiedzy\/wp-json\/wp\/v2\/categories?post=29348"},{"taxonomy":"post_tag","embeddable":true,"href":"https:\/\/www.alab.pl\/centrum-wiedzy\/wp-json\/wp\/v2\/tags?post=29348"},{"taxonomy":"author","embeddable":true,"href":"https:\/\/www.alab.pl\/centrum-wiedzy\/wp-json\/wp\/v2\/coauthors?post=29348"}],"curies":[{"name":"wp","href":"https:\/\/api.w.org\/{rel}","templated":true}]}}