{"id":29354,"date":"2026-01-29T07:00:00","date_gmt":"2026-01-29T06:00:00","guid":{"rendered":"https:\/\/www.alab.pl\/centrum-wiedzy\/?p=29354"},"modified":"2026-01-28T21:33:13","modified_gmt":"2026-01-28T20:33:13","slug":"sine-paznokcie-co-moga-oznaczac-mozliwe-przyczyny","status":"publish","type":"post","link":"https:\/\/www.alab.pl\/centrum-wiedzy\/sine-paznokcie-co-moga-oznaczac-mozliwe-przyczyny\/","title":{"rendered":"Sine paznokcie \u2013 co mog\u0105 oznacza\u0107? Mo\u017cliwe przyczyny"},"content":{"rendered":"\n<p><strong>Zar\u00f3\u017cowione paznokcie zwykle postrzegamy jako oznak\u0119 zdrowia. Kiedy zauwa\u017calnie bledn\u0105, przyci\u0105gaj\u0105 nasz\u0105 uwag\u0119. Sprawd\u017a, o czym \u015bwiadcz\u0105 sine paznokcie i kiedy warto skonsultowa\u0107 si\u0119 z lekarzem.<\/strong><\/p>\n\n\n\n<figure class=\"wp-block-table\"><table class=\"has-fixed-layout\"><tbody><tr><td><strong>Z tego artyku\u0142u dowiesz si\u0119:<\/strong> <br>>> jakie s\u0105 najcz\u0119stsze przyczyny zasinienia \u2013 od uraz\u00f3w po choroby serca, p\u0142uc i krwi, <br>>> co oznaczaj\u0105 sine paznokcie u dzieci, noworodk\u00f3w i kobiet w ci\u0105\u017cy, <br>>> jakie badania warto wykona\u0107 i kiedy potrzebna jest pilna diagnostyka, <br>>> jak zmniejszy\u0107 ryzyko pojawienia si\u0119 tego objawu na co dzie\u0144.<\/td><\/tr><\/tbody><\/table><\/figure>\n\n\n\n<p><strong>Spis tre\u015bci:<\/strong><\/p>\n\n\n\n<ol class=\"wp-block-list\">\n<li><a href=\"#Jak-wygl\u0105daj\u0105-sine-paznokcie-u-st\u00f3p-i-r\u0105k?\">Jak wygl\u0105daj\u0105 sine paznokcie u st\u00f3p i r\u0105k?<\/a><\/li>\n\n\n\n<li><a href=\"#Sine-paznokcie-\u2013-przyczyny-niepokoj\u0105cego-objawu\">Sine paznokcie \u2013 przyczyny niepokoj\u0105cego objawu<\/a>\n<ul class=\"wp-block-list\">\n<li><span style=\"color: initial;\"><a href=\"#Choroby-p\u0142uc\">Choroby p\u0142uc<\/a><\/span><\/li>\n\n\n\n<li><span style=\"color: initial;\"><a href=\"#Choroby-serca\">Choroby serca<\/a><\/span><\/li>\n\n\n\n<li><span style=\"color: initial;\"><a href=\"#Zaburzenia-krwi-i-uk\u0142adu-naczyniowego\">Zaburzenia krwi i uk\u0142adu naczyniowego<\/a><\/span><\/li>\n\n\n\n<li><a href=\"#Cukrzyca\">Cukrzyca<\/a><\/li>\n<\/ul>\n<\/li>\n\n\n\n<li><a href=\"#Sine-paznokcie-u-dzieci-i-noworodk\u00f3w-\u2013-co-mog\u0105-oznacza\u0107?\">Sine paznokcie u dzieci i noworodk\u00f3w \u2013 co mog\u0105 oznacza\u0107?<\/a><\/li>\n\n\n\n<li><a href=\"#Sine-paznokcie-w-ci\u0105\u017cy-\u2013-czy-to-gro\u017any-objaw?\">Sine paznokcie w ci\u0105\u017cy \u2013 czy to gro\u017any objaw?<\/a><\/li>\n\n\n\n<li><a href=\"#Czy-sine-paznokcie-zawsze-oznaczaj\u0105-chorob\u0119?\">Czy sine paznokcie zawsze oznaczaj\u0105 chorob\u0119?<\/a><\/li>\n\n\n\n<li><a href=\"#Jakie-badania-zrobi\u0107-przy-sinych-paznokciach-u-d\u0142oni-i-n\u00f3g?\">Jakie badania zrobi\u0107 przy sinych paznokciach u d\u0142oni i n\u00f3g?<\/a><\/li>\n\n\n\n<li><a href=\"#Post\u0119powanie-i-leczenie-sinych-paznokci-u-r\u0105k-i-st\u00f3p\">Post\u0119powanie i leczenie sinych paznokci u r\u0105k i st\u00f3p<\/a><\/li>\n\n\n\n<li><a href=\"#Sine-paznokcie-\u2013-jak-im-zapobiec?\">Sine paznokcie \u2013 jak im zapobiec?<\/a><\/li>\n\n\n\n<li><a href=\"#Sine-paznokcie-u-r\u0105k-i-st\u00f3p-\u2013-podsumowanie\">Sine paznokcie u r\u0105k i st\u00f3p \u2013 podsumowanie<\/a><\/li>\n<\/ol>\n\n\n\n<h2 class=\"wp-block-heading\" id=\"Jak-wygl\u0105daj\u0105-sine-paznokcie-u-st\u00f3p-i-r\u0105k?\">Jak wygl\u0105daj\u0105 sine paznokcie u st\u00f3p i r\u0105k?<\/h2>\n\n\n\n<p>Zasinienie paznokci mo\u017ce by\u0107 r\u00f3wnomierne i obejmowa\u0107 ca\u0142\u0105 p\u0142ytk\u0119 albo ogranicza\u0107 si\u0119 do jej fragmentu \u2013 na przyk\u0142ad jej cz\u0119\u015bci bli\u017cszej lub wolnego brzegu. Najcz\u0119\u015bciej przybiera odcie\u0144 niebieski lub fioletowy, cho\u0107 w przypadku uraz\u00f3w zdarzaj\u0105 si\u0119 te\u017c kolory brunatnoczerwone lub niemal czarne.<\/p>\n\n\n\n<p>Sine paznokcie u r\u0105k lub st\u00f3p <strong>mog\u0105 wyst\u0119powa\u0107 pojedynczo lub obejmowa\u0107 wszystkie palce jednocze\u015bnie.<\/strong> Zmiana barwy jednego paznokcia zazwyczaj wskazuje na problem miejscowy, taki jak krwiak podpaznokciowy czy d\u0142ugotrwa\u0142y ucisk.<\/p>\n\n\n\n<h2 class=\"wp-block-heading\" id=\"Sine-paznokcie-\u2013-przyczyny-niepokoj\u0105cego-objawu\">Sine paznokcie \u2013 przyczyny niepokoj\u0105cego objawu<\/h2>\n\n\n\n<p>Utrzymuj\u0105ce si\u0119 lub cz\u0119sto nawracaj\u0105ce zasinienie paznokci zwykle wi\u0105\u017ce si\u0119 z zaburzeniami dop\u0142ywu tlenu do tkanek obwodowych. Niedotlenienie mo\u017ce by\u0107 nast\u0119pstwem chor\u00f3b uk\u0142adu oddechowego, sercowo-naczyniowego lub nieprawid\u0142owo\u015bci w transporcie tlenu.<\/p>\n\n\n\n<h3 class=\"wp-block-heading\" id=\"Choroby-p\u0142uc\">Choroby p\u0142uc<\/h3>\n\n\n\n<p>Kiedy p\u0142uca nie s\u0105 w stanie efektywnie natlenia\u0107 organizmu, mo\u017ce doj\u015b\u0107 do sinicy, w kt\u00f3rej jednym z widocznych objaw\u00f3w s\u0105 sine paznokcie u n\u00f3g i r\u0105k. Przyczynami mog\u0105 by\u0107 m.in.:<\/p>\n\n\n\n<ul class=\"wp-block-list\">\n<li><a href=\"https:\/\/www.alab.pl\/centrum-wiedzy\/pochp-przewlekla-obturacyjna-choroba-pluc-objawy-przyczyny-diagnostyka-i-leczenie\/\">POChP (przewlek\u0142a obturacyjna choroba p\u0142uc)<\/a>,<\/li>\n\n\n\n<li>astma,<\/li>\n\n\n\n<li>zapalenie p\u0142uc,<\/li>\n\n\n\n<li>zatorowo\u015b\u0107 p\u0142ucna,<\/li>\n\n\n\n<li>choroby genetyczne, np. <a href=\"https:\/\/www.alab.pl\/centrum-wiedzy\/mukowiscydoza-co-to-za-choroba-objawy-przyczyny-leczenie-mukowiscydozy\/\">mukowiscydoza<\/a>.<\/li>\n<\/ul>\n\n\n\n<p><strong>&gt;&gt; Zobacz: <\/strong><a href=\"https:\/\/www.alab.pl\/centrum-wiedzy\/zapalenie-pluc-objawy-przyczyny-leczenie\/\"><strong>Zapalenie p\u0142uc: objawy, przyczyny, leczenie<\/strong><\/a><strong><\/strong><\/p>\n\n\n\n<h3 class=\"wp-block-heading\" id=\"Choroby-serca\">Choroby serca<\/h3>\n\n\n\n<p>Zaburzona praca serca mo\u017ce ogranicza\u0107 ilo\u015b\u0107 natlenowanej krwi docieraj\u0105cej do ko\u0144czyn.Przyczyny kardiologiczne mog\u0105 obejmowa\u0107:<\/p>\n\n\n\n<ul class=\"wp-block-list\">\n<li>wrodzone wady serca, takie jak przetrwa\u0142y przew\u00f3d t\u0119tniczy czy ubytek przegrody mi\u0119dzykomorowej,<\/li>\n\n\n\n<li>zesp\u00f3\u0142 Eisenmengera \u2013 powik\u0142anie nieleczonej wady serca,<\/li>\n\n\n\n<li><a href=\"https:\/\/www.alab.pl\/centrum-wiedzy\/niewydolnosc-serca-przyczyny-diagnostyka-objawy-leczenie\/\">niewydolno\u015b\u0107 serca<\/a>,<\/li>\n\n\n\n<li>wady zastawek serca.<\/li>\n<\/ul>\n\n\n\n<p><strong>&gt;&gt; Przeczytaj: <\/strong><a href=\"https:\/\/www.alab.pl\/centrum-wiedzy\/serce-czlowieka-budowa-polozenie-i-funkcje-w-organizmie\/\"><strong>Serce cz\u0142owieka \u2014 budowa, po\u0142o\u017cenie i funkcje w organizmie<\/strong><\/a><strong><\/strong><\/p>\n\n\n\n<h3 class=\"wp-block-heading\" id=\"Zaburzenia-krwi-i-uk\u0142adu-naczyniowego\">Zaburzenia krwi i uk\u0142adu naczyniowego<\/h3>\n\n\n\n<p>Sine paznokcie u r\u0105k i n\u00f3g mog\u0105 by\u0107 zwi\u0105zane z nieprawid\u0142owo\u015bciami hematologicznymi lub dotycz\u0105cymi uk\u0142adu&nbsp; naczyniowego&nbsp; \u2013 zar\u00f3wno t\u0119tniczego , jak i \u017cylnego. W takich przypadkach zasinienie zwykle ma charakter przewlek\u0142y i towarzysz\u0105 mu inne objawy, np. uczucie zimnych d\u0142oni lub st\u00f3p. Schorzenia te to mi\u0119dzy innymi:<\/p>\n\n\n\n<ul class=\"wp-block-list\">\n<li><strong>methemoglobinemia<\/strong>,<\/li>\n\n\n\n<li><a href=\"https:\/\/www.alab.pl\/centrum-wiedzy\/czerwienica-prawdziwa-co-to-jest-objawy-przyczyny-diagnostyka-i-leczenie\/\"><strong>czerwienica prawdziwa<\/strong><\/a>,<\/li>\n\n\n\n<li><strong>mia\u017cd\u017cyca naczy\u0144 obwodowych<\/strong> \u2013 przewlek\u0142e zw\u0119\u017cenie t\u0119tnic,<\/li>\n\n\n\n<li><a href=\"https:\/\/www.alab.pl\/centrum-wiedzy\/zespol-raynauda-objawy-przyczyny-i-metody-leczenia\/\"><strong>objaw Raynauda<\/strong><\/a> \u2013 napadowe skurcze naczy\u0144 krwiono\u015bnych,<\/li>\n\n\n\n<li><strong>zaburzenia odp\u0142ywu \u017cylnego<\/strong> \u2013 np. w przebiegu zakrzepicy\u00a0 lub zesp\u00f3\u0142 pozakrzepowego,<\/li>\n\n\n\n<li><strong>zwi\u0119kszona lepko\u015b\u0107 krwi<\/strong> \u2013 np. w przebiegu gammapatii czy krioglobulinemii.<\/li>\n<\/ul>\n\n\n\n<figure class=\"wp-block-image size-full\"><a href=\"https:\/\/www.alab.pl\/pakiet\/pakiet-anemii\"><img loading=\"lazy\" decoding=\"async\" width=\"800\" height=\"200\" src=\"https:\/\/www.alab.pl\/centrum-wiedzy\/wp-content\/uploads\/2025\/08\/Pakiet-anemii4-badania.png\" alt=\"Pakiet anemii(4 badania) banerek\" class=\"wp-image-25922\" srcset=\"https:\/\/www.alab.pl\/centrum-wiedzy\/wp-content\/uploads\/2025\/08\/Pakiet-anemii4-badania.png 800w, https:\/\/www.alab.pl\/centrum-wiedzy\/wp-content\/uploads\/2025\/08\/Pakiet-anemii4-badania-768x192.png 768w, https:\/\/www.alab.pl\/centrum-wiedzy\/wp-content\/uploads\/2025\/08\/Pakiet-anemii4-badania-150x38.png 150w, https:\/\/www.alab.pl\/centrum-wiedzy\/wp-content\/uploads\/2025\/08\/Pakiet-anemii4-badania-300x75.png 300w, https:\/\/www.alab.pl\/centrum-wiedzy\/wp-content\/uploads\/2025\/08\/Pakiet-anemii4-badania-696x174.png 696w\" sizes=\"auto, (max-width: 800px) 100vw, 800px\" \/><\/a><\/figure>\n\n\n\n<h3 class=\"wp-block-heading\" id=\"Cukrzyca\">Cukrzyca<\/h3>\n\n\n\n<p>U os\u00f3b z d\u0142ugo trwaj\u0105c\u0105 <a href=\"https:\/\/www.alab.pl\/centrum-wiedzy\/cukrzyca-objawy-przyczyny-diagnostyka-i-leczenie\/\">cukrzyc\u0105<\/a> znacznie wzrasta ryzyko niedokrwienia ko\u0144czyn dolnych \u2013 mog\u0105 pojawi\u0107 si\u0119 sine paznokcie u st\u00f3p, och\u0142odzenie sk\u00f3ry, dr\u0119twienie lub mrowienie palc\u00f3w. Takie symptomy bywaj\u0105 jednym z wczesnych sygna\u0142\u00f3w rozwoju stopy cukrzycowej.<\/p>\n\n\n\n<h2 class=\"wp-block-heading\" id=\"Sine-paznokcie-u-dzieci-i-noworodk\u00f3w-\u2013-co-mog\u0105-oznacza\u0107?\">Sine paznokcie u dzieci i noworodk\u00f3w \u2013 co mog\u0105 oznacza\u0107?<\/h2>\n\n\n\n<p><strong>Sine paznokcie u dziecka<\/strong> nie zawsze musz\u0105 oznacza\u0107 chorob\u0119. U niemowl\u0105t mog\u0105 by\u0107 wynikiem wra\u017cliwo\u015bci na zimno i ust\u0119powa\u0107 po ogrzaniu sk\u00f3ry. U noworodk\u00f3w z kolei zwi\u0105zane s\u0105 z adaptacj\u0105 uk\u0142adu kr\u0105\u017cenia. Przy zasinieniu wszystkich paznokci, zw\u0142aszcza je\u015bli towarzyszy mu <a href=\"https:\/\/www.alab.pl\/centrum-wiedzy\/dusznosc-punkt-wspolny-wielu-dramatycznych-chorob\/\">duszno\u015b\u0107<\/a>, senno\u015b\u0107, blado\u015b\u0107 czy trudno\u015bci z karmieniem wskazana jest pilna diagnostyka.<\/p>\n\n\n\n<h2 class=\"wp-block-heading\" id=\"Sine-paznokcie-w-ci\u0105\u017cy-\u2013-czy-to-gro\u017any-objaw?\">Sine paznokcie w ci\u0105\u017cy \u2013 czy to gro\u017any objaw?<\/h2>\n\n\n\n<p>Ci\u0105\u017ca zawsze wi\u0105\u017ce si\u0119 z licznymi zmianami w ciele kobiety, jednak <strong>sine paznokcie nie s\u0105 objawem fizjologicznym<\/strong>. Ich pojawienie si\u0119 mo\u017ce wskazywa\u0107 na <a href=\"https:\/\/www.alab.pl\/centrum-wiedzy\/anemia-przyczyny-objawy-i-rodzaje-niedokrwistosci\/\">niedokrwisto\u015b\u0107<\/a>, <a href=\"https:\/\/www.alab.pl\/centrum-wiedzy\/najczestsze-choroby-serca-objawy-i-diagnostyka\/\">choroby serca<\/a>, zaburzenia oddychania lub zakrzepic\u0119. Ci\u0105\u017ca sprzyja te\u017c zaburzeniom krzepni\u0119cia, kt\u00f3re mog\u0105 upo\u015bledza\u0107 przep\u0142yw krwi. Utrzymuj\u0105ce si\u0119 zasinienie, zw\u0142aszcza gdy towarzyszy mu duszno\u015b\u0107, b\u00f3l ko\u0144czyny lub og\u00f3lne os\u0142abienie, powinno\u00a0 sk\u0142oni\u0107 do szybkiej reakcji i konsultacji u lekarza.<\/p>\n\n\n\n<figure class=\"wp-block-table\"><table class=\"has-fixed-layout\"><tbody><tr><td><strong>To wa\u017cne:<\/strong> <br>Je\u015bli zauwa\u017cysz sine palce, kt\u00f3re pojawi\u0142y si\u0119 nagle i dodatkowe niepokoj\u0105ce objawy \u2013 takie jak: <br>>> duszno\u015b\u0107 lub trudno\u015bci z oddychaniem, <br>>> b\u00f3l w klatce piersiowej, <br>>> silne pocenie si\u0119, <br>>> <a href=\"https:\/\/www.alab.pl\/centrum-wiedzy\/zawroty-glowy-i-ich-mozliwe-przyczyny-jakie-badania-przeprowadzic\/\">zawroty g\u0142owy<\/a> lub <a href=\"https:\/\/www.alab.pl\/centrum-wiedzy\/omdlenia-u-doroslych-i-dzieci-przyczyny-objawy-rodzaje-jakie-badania-wykonac\/\">omdlenie<\/a>, <br>niezw\u0142ocznie wezwij pogotowie ratunkowe.<\/td><\/tr><\/tbody><\/table><\/figure>\n\n\n\n<p><\/p>\n\n\n\n<h2 class=\"wp-block-heading\" id=\"Czy-sine-paznokcie-zawsze-oznaczaj\u0105-chorob\u0119?\">Czy sine paznokcie zawsze oznaczaj\u0105 chorob\u0119?<\/h2>\n\n\n\n<p>Ciemniejsze, fioletowe paznokcie mog\u0105 by\u0107 reakcj\u0105 organizmu na <strong>nisk\u0105 temperatur\u0119<\/strong> lub <strong>niedotlenienie<\/strong> wyst\u0119puj\u0105ce na du\u017cych wysoko\u015bciach w g\u00f3rach. W takich przypadkach zasinienie zwykle ust\u0119puje samoistnie po zmianie otoczenia.<\/p>\n\n\n\n<p>Inn\u0105 przyczyn\u0105 mog\u0105 by\u0107 <strong>urazy<\/strong>, w wyniku kt\u00f3rych powstaj\u0105 krwiaki podpaznokciowe nadaj\u0105ce p\u0142ytce siny lub brunatny kolor. W zale\u017cno\u015bci od stopnia ich zaawansowania mog\u0105 one wymaga\u0107 wizyty u podologa. Do pozosta\u0142ych przyczyn zmiany zabarwienia zaliczamy <strong>zaka\u017cenia p\u0142ytki paznokcia<\/strong> oraz stosowanie niekt\u00f3rych <strong>lek\u00f3w<\/strong>, takich jak minocyklina, tetracyklina czy zydowudyna.<\/p>\n\n\n\n<h2 class=\"wp-block-heading\" id=\"Jakie-badania-zrobi\u0107-przy-sinych-paznokciach-u-d\u0142oni-i-n\u00f3g?\">Jakie badania zrobi\u0107 przy sinych paznokciach u d\u0142oni i n\u00f3g?<\/h2>\n\n\n\n<p>Zakres diagnostyki zale\u017cy od przyczyny i objaw\u00f3w towarzysz\u0105cych. W diagnostyce sinych paznokci lekarz mo\u017ce zleci\u0107:<\/p>\n\n\n\n<ul class=\"wp-block-list\">\n<li>badania krwi: <a href=\"https:\/\/www.alab.pl\/badanie\/morfologia-krwi-c55\">morfologia<\/a>, <a href=\"https:\/\/www.alab.pl\/badanie\/methemoglobina-p61\">methemoglobina<\/a>, ferrytyna, CRP, parametry krzepni\u0119cia,<\/li>\n\n\n\n<li>gazometria,<\/li>\n\n\n\n<li>pulsoksymetria,<\/li>\n\n\n\n<li>RTG klatki piersiowej,<\/li>\n\n\n\n<li>USG naczy\u0144, echo serca,<\/li>\n\n\n\n<li>EKG.<\/li>\n<\/ul>\n\n\n\n<p>W zale\u017cno\u015bci od podejrze\u0144 diagnostyk\u0119 mo\u017cna poszerzy\u0107 o testy czynno\u015bciowe uk\u0142adu oddechowego lub badania genetyczne.<\/p>\n\n\n\n<figure class=\"wp-block-image size-full\"><a href=\"https:\/\/www.alab.pl\/pakiet\/pakiet-anemii-rozszerzony\"><img loading=\"lazy\" decoding=\"async\" width=\"800\" height=\"200\" src=\"https:\/\/www.alab.pl\/centrum-wiedzy\/wp-content\/uploads\/2025\/08\/Pakiet-anemii-rozszerzony-7-badan.png\" alt=\"Pakiet anemii rozszerzony (7 badan) banerek\" class=\"wp-image-25921\" srcset=\"https:\/\/www.alab.pl\/centrum-wiedzy\/wp-content\/uploads\/2025\/08\/Pakiet-anemii-rozszerzony-7-badan.png 800w, https:\/\/www.alab.pl\/centrum-wiedzy\/wp-content\/uploads\/2025\/08\/Pakiet-anemii-rozszerzony-7-badan-768x192.png 768w, https:\/\/www.alab.pl\/centrum-wiedzy\/wp-content\/uploads\/2025\/08\/Pakiet-anemii-rozszerzony-7-badan-150x38.png 150w, https:\/\/www.alab.pl\/centrum-wiedzy\/wp-content\/uploads\/2025\/08\/Pakiet-anemii-rozszerzony-7-badan-300x75.png 300w, https:\/\/www.alab.pl\/centrum-wiedzy\/wp-content\/uploads\/2025\/08\/Pakiet-anemii-rozszerzony-7-badan-696x174.png 696w\" sizes=\"auto, (max-width: 800px) 100vw, 800px\" \/><\/a><\/figure>\n\n\n\n<h2 class=\"wp-block-heading\" id=\"Post\u0119powanie-i-leczenie-sinych-paznokci-u-r\u0105k-i-st\u00f3p\">Post\u0119powanie i leczenie sinych paznokci u r\u0105k i st\u00f3p<\/h2>\n\n\n\n<p>W przypadkach fizjologicznych (np. zimno, ucisk) wystarczy rozgrzanie lub zmiana pozycji. Je\u015bli sine paznokcie s\u0105 objawem choroby, konieczne jest leczenie przyczynowe \u2013 np. leczenie niewydolno\u015bci serca, p\u0142uc, zakrzepicy czy chor\u00f3b krwi. W razie urazu, stosuje si\u0119 leczenie miejscowe lub zabiegi podologiczne.<\/p>\n\n\n\n<h2 class=\"wp-block-heading\" id=\"Sine-paznokcie-\u2013-jak-im-zapobiec?\">Sine paznokcie \u2013 jak im zapobiec?<\/h2>\n\n\n\n<p>Sine paznokcie mog\u0105 \u015bwiadczy\u0107 o chorobie, ale cz\u0119sto wynikaj\u0105 z czynnik\u00f3w, kt\u00f3re da si\u0119 ograniczy\u0107. Aby zmniejszy\u0107 ryzyko ich wyst\u0119powania, nale\u017cy:<\/p>\n\n\n\n<ul class=\"wp-block-list\">\n<li><strong>chroni\u0107 d\u0142onie i stopy przed zimnem (np. nosi\u0107 r\u0119kawiczki i odpowiednie obuwie),<\/strong><\/li>\n\n\n\n<li><strong>unika\u0107 zbyt ciasnych but\u00f3w lub odzie\u017cy utrudniaj\u0105cej kr\u0105\u017cenie,<\/strong><\/li>\n\n\n\n<li><strong>utrzymywa\u0107 regularn\u0105 aktywno\u015b\u0107 fizyczn\u0105,<\/strong><\/li>\n\n\n\n<li><strong>unika\u0107 d\u0142ugotrwa\u0142ego unieruchomienia.<\/strong><\/li>\n<\/ul>\n\n\n\n<p>Ograniczenie na\u0142og\u00f3w, takich jak palenie tytoniu, r\u00f3wnie\u017c mo\u017ce wspom\u00f3c prawid\u0142owe kr\u0105\u017cenie i dotlenienie tkanek.<\/p>\n\n\n\n<p><strong>&gt;&gt; Zobacz: <\/strong><a href=\"https:\/\/www.alab.pl\/centrum-wiedzy\/palenie-papierosow-negatywne-skutki-i-wplyw-na-zdrowie-palenia-tytoniu\/\"><strong>Palenie papieros\u00f3w \u2013 negatywne skutki i wp\u0142yw na zdrowie palenia tytoniu<\/strong><\/a><strong><\/strong><\/p>\n\n\n\n<h2 class=\"wp-block-heading\" id=\"Sine-paznokcie-u-r\u0105k-i-st\u00f3p-\u2013-podsumowanie\">Sine paznokcie u r\u0105k i st\u00f3p \u2013 podsumowanie<\/h2>\n\n\n\n<p>Sine paznokcie to objaw, kt\u00f3ry mo\u017ce by\u0107 reakcj\u0105 na zimno, ucisk czy stres. Jednak je\u015bli zasinienie jest trwa\u0142e lub towarzysz\u0105 mu inne dolegliwo\u015bci, warto skonsultowa\u0107 si\u0119 z lekarzem. W codziennym \u017cyciu ryzyko tego typu zmian mo\u017cna zmniejszy\u0107, dbaj\u0105c o ciep\u0142o, wygodne ubranie i regularny ruch.<\/p>\n\n\n\n<p><strong>Opieka merytoryczna: lek. Katarzyna Banaszczyk<\/strong><\/p>\n\n\n\n<hr class=\"wp-block-separator has-alpha-channel-opacity\"\/>\n\n\n\n<p><strong>Bibliografia<\/strong><\/p>\n\n\n\n<ol class=\"wp-block-list\">\n<li>NHS. Blue skin or lips (cyanosis) [Internet]. [cited 2026 Jan 10]. Available from:<a href=\"https:\/\/www.nhs.uk\/symptoms\/blue-skin-or-lips-cyanosis\/?utm_source=chatgpt.com\"> <\/a>https:\/\/www.nhs.uk\/symptoms\/blue-skin-or-lips-cyanosis\/<\/li>\n\n\n\n<li>Tosti A, Iorizzo M, Piraccini BM, Starace M. The nail in systemic diseases. Dermatol Clin. 2006;24(3):341\u2013347.<\/li>\n\n\n\n<li>Interna Szczeklika. Sinica \u2013 Cyanosis [Internet]. [cited 2026 Jan 10]. Available from:<a href=\"https:\/\/www.mp.pl\/interna\/chapter\/B16.II.2.12.5\"> <\/a>https:\/\/www.mp.pl\/interna\/chapter\/B16.II.2.12.5.<\/li>\n\n\n\n<li>MP.pl. Czerwienica prawdziwa \u2013 objawy, badania, leczenie [Internet]. [cited 2026 Jan 10]. Available from:<a href=\"https:\/\/www.mp.pl\/pacjent\/hematologia\/choroby\/170462,czerwienica-prawdziwa-objawy-badania-leczenie\"> <\/a>https:\/\/www.mp.pl\/pacjent\/hematologia\/choroby\/170462,czerwienica-prawdziwa-objawy-badania-leczenie<\/li>\n\n\n\n<li>Steinhorn RH. Evaluation and management of the cyanotic neonate. Clin Pediatr Emerg Med. 2008 Sep;9(3):169\u2013175. doi: 10.1016\/j.cpem.2008.06.006. PMID: 19727322; PMCID: PMC2598396.<\/li>\n\n\n\n<li>Soma-Pillay P, Nelson-Piercy C, Tolppanen H, Mebazaa A. Physiological changes in pregnancy. Cardiovasc J Afr. 2016;27(2):89\u201394. doi:10.5830\/CVJA-2016-021. PMID: 27213856; PMCID: PMC4928162.<\/li>\n\n\n\n<li>Pahal P, Goyal A. Central and Peripheral Cyanosis. In: StatPearls [Internet]. Treasure Island (FL): StatPearls Publishing; [updated regularly; cited 2026 Jan 10].<\/li>\n<\/ol>\n","protected":false},"excerpt":{"rendered":"<p>Sprawd\u017a, o czym \u015bwiadcz\u0105 sine paznokcie i kiedy warto skonsultowa\u0107 si\u0119 z lekarzem. Dowiedz si\u0119, jakie badania wykona\u0107.<\/p>\n","protected":false},"author":192,"featured_media":29357,"comment_status":"closed","ping_status":"closed","sticky":false,"template":"","format":"standard","meta":{"_acf_changed":false,"inline_featured_image":false,"footnotes":""},"categories":[11],"tags":[],"coauthors":[235],"class_list":{"0":"post-29354","1":"post","2":"type-post","3":"status-publish","4":"format-standard","5":"has-post-thumbnail","7":"category-choroby-ukladu-krazenia"},"acf":[],"yoast_head":"<!-- This site is optimized with the Yoast SEO plugin v27.5 - https:\/\/yoast.com\/product\/yoast-seo-wordpress\/ -->\n<title>Sine paznokcie \u2013 co mog\u0105 oznacza\u0107? Mo\u017cliwe przyczyny - Centrum Wiedzy ALAB laboratoria<\/title>\n<meta name=\"description\" content=\"Sprawd\u017a, o czym \u015bwiadcz\u0105 sine paznokcie i kiedy warto skonsultowa\u0107 si\u0119 z lekarzem. Dowiedz si\u0119, jakie badania wykona\u0107.\" \/>\n<meta name=\"robots\" content=\"index, follow, max-snippet:-1, max-image-preview:large, max-video-preview:-1\" \/>\n<link rel=\"canonical\" href=\"https:\/\/www.alab.pl\/centrum-wiedzy\/sine-paznokcie-co-moga-oznaczac-mozliwe-przyczyny\/\" \/>\n<meta property=\"og:locale\" content=\"pl_PL\" \/>\n<meta property=\"og:type\" content=\"article\" \/>\n<meta property=\"og:title\" content=\"Sine paznokcie \u2013 co mog\u0105 oznacza\u0107? Mo\u017cliwe przyczyny - Centrum Wiedzy ALAB laboratoria\" \/>\n<meta property=\"og:description\" content=\"Sprawd\u017a, o czym \u015bwiadcz\u0105 sine paznokcie i kiedy warto skonsultowa\u0107 si\u0119 z lekarzem. Dowiedz si\u0119, jakie badania wykona\u0107.\" \/>\n<meta property=\"og:url\" content=\"https:\/\/www.alab.pl\/centrum-wiedzy\/sine-paznokcie-co-moga-oznaczac-mozliwe-przyczyny\/\" \/>\n<meta property=\"og:site_name\" content=\"Centrum Wiedzy ALAB laboratoria\" \/>\n<meta property=\"article:publisher\" content=\"https:\/\/www.facebook.com\/ALABlaboratoria\" \/>\n<meta property=\"article:published_time\" content=\"2026-01-29T06:00:00+00:00\" \/>\n<meta property=\"og:image\" content=\"https:\/\/www.alab.pl\/centrum-wiedzy\/wp-content\/uploads\/2026\/01\/sine_paznokcie-.jpg\" \/>\n\t<meta property=\"og:image:width\" content=\"1797\" \/>\n\t<meta property=\"og:image:height\" content=\"1198\" \/>\n\t<meta property=\"og:image:type\" content=\"image\/jpeg\" \/>\n<meta name=\"author\" content=\"Katarzyna Kopyci\u0144ska\" \/>\n<meta name=\"twitter:card\" content=\"summary_large_image\" \/>\n<meta name=\"twitter:label1\" content=\"Napisane przez\" \/>\n\t<meta name=\"twitter:data1\" content=\"Katarzyna Kopyci\u0144ska\" \/>\n\t<meta name=\"twitter:label2\" content=\"Szacowany czas czytania\" \/>\n\t<meta name=\"twitter:data2\" content=\"8 minut\" \/>\n\t<meta name=\"twitter:label3\" content=\"Written by\" \/>\n\t<meta name=\"twitter:data3\" content=\"Katarzyna Kopyci\u0144ska\" \/>\n<!-- \/ Yoast SEO plugin. -->","yoast_head_json":{"title":"Sine paznokcie \u2013 co mog\u0105 oznacza\u0107? Mo\u017cliwe przyczyny - Centrum Wiedzy ALAB laboratoria","description":"Sprawd\u017a, o czym \u015bwiadcz\u0105 sine paznokcie i kiedy warto skonsultowa\u0107 si\u0119 z lekarzem. Dowiedz si\u0119, jakie badania wykona\u0107.","robots":{"index":"index","follow":"follow","max-snippet":"max-snippet:-1","max-image-preview":"max-image-preview:large","max-video-preview":"max-video-preview:-1"},"canonical":"https:\/\/www.alab.pl\/centrum-wiedzy\/sine-paznokcie-co-moga-oznaczac-mozliwe-przyczyny\/","og_locale":"pl_PL","og_type":"article","og_title":"Sine paznokcie \u2013 co mog\u0105 oznacza\u0107? Mo\u017cliwe przyczyny - Centrum Wiedzy ALAB laboratoria","og_description":"Sprawd\u017a, o czym \u015bwiadcz\u0105 sine paznokcie i kiedy warto skonsultowa\u0107 si\u0119 z lekarzem. Dowiedz si\u0119, jakie badania wykona\u0107.","og_url":"https:\/\/www.alab.pl\/centrum-wiedzy\/sine-paznokcie-co-moga-oznaczac-mozliwe-przyczyny\/","og_site_name":"Centrum Wiedzy ALAB laboratoria","article_publisher":"https:\/\/www.facebook.com\/ALABlaboratoria","article_published_time":"2026-01-29T06:00:00+00:00","og_image":[{"width":1797,"height":1198,"url":"https:\/\/www.alab.pl\/centrum-wiedzy\/wp-content\/uploads\/2026\/01\/sine_paznokcie-.jpg","type":"image\/jpeg"}],"author":"Katarzyna Kopyci\u0144ska","twitter_card":"summary_large_image","twitter_misc":{"Napisane przez":"Katarzyna Kopyci\u0144ska","Szacowany czas czytania":"8 minut","Written by":"Katarzyna Kopyci\u0144ska"},"schema":{"@context":"https:\/\/schema.org","@graph":[{"@type":"Article","@id":"https:\/\/www.alab.pl\/centrum-wiedzy\/sine-paznokcie-co-moga-oznaczac-mozliwe-przyczyny\/#article","isPartOf":{"@id":"https:\/\/www.alab.pl\/centrum-wiedzy\/sine-paznokcie-co-moga-oznaczac-mozliwe-przyczyny\/"},"author":{"name":"Katarzyna Kopyci\u0144ska","@id":"https:\/\/www.alab.pl\/centrum-wiedzy\/#\/schema\/person\/12c09863aca190f2f14dcb8e81972cd4"},"headline":"Sine paznokcie \u2013 co mog\u0105 oznacza\u0107? Mo\u017cliwe przyczyny","datePublished":"2026-01-29T06:00:00+00:00","mainEntityOfPage":{"@id":"https:\/\/www.alab.pl\/centrum-wiedzy\/sine-paznokcie-co-moga-oznaczac-mozliwe-przyczyny\/"},"wordCount":1344,"publisher":{"@id":"https:\/\/www.alab.pl\/centrum-wiedzy\/#organization"},"image":{"@id":"https:\/\/www.alab.pl\/centrum-wiedzy\/sine-paznokcie-co-moga-oznaczac-mozliwe-przyczyny\/#primaryimage"},"thumbnailUrl":"https:\/\/www.alab.pl\/centrum-wiedzy\/wp-content\/uploads\/2026\/01\/sine_paznokcie-.jpg","articleSection":["Choroby serca i uk\u0142adu kr\u0105\u017cenia"],"inLanguage":"pl-PL"},{"@type":"WebPage","@id":"https:\/\/www.alab.pl\/centrum-wiedzy\/sine-paznokcie-co-moga-oznaczac-mozliwe-przyczyny\/","url":"https:\/\/www.alab.pl\/centrum-wiedzy\/sine-paznokcie-co-moga-oznaczac-mozliwe-przyczyny\/","name":"Sine paznokcie \u2013 co mog\u0105 oznacza\u0107? Mo\u017cliwe przyczyny - Centrum Wiedzy ALAB laboratoria","isPartOf":{"@id":"https:\/\/www.alab.pl\/centrum-wiedzy\/#website"},"primaryImageOfPage":{"@id":"https:\/\/www.alab.pl\/centrum-wiedzy\/sine-paznokcie-co-moga-oznaczac-mozliwe-przyczyny\/#primaryimage"},"image":{"@id":"https:\/\/www.alab.pl\/centrum-wiedzy\/sine-paznokcie-co-moga-oznaczac-mozliwe-przyczyny\/#primaryimage"},"thumbnailUrl":"https:\/\/www.alab.pl\/centrum-wiedzy\/wp-content\/uploads\/2026\/01\/sine_paznokcie-.jpg","datePublished":"2026-01-29T06:00:00+00:00","description":"Sprawd\u017a, o czym \u015bwiadcz\u0105 sine paznokcie i kiedy warto skonsultowa\u0107 si\u0119 z lekarzem. Dowiedz si\u0119, jakie badania wykona\u0107.","breadcrumb":{"@id":"https:\/\/www.alab.pl\/centrum-wiedzy\/sine-paznokcie-co-moga-oznaczac-mozliwe-przyczyny\/#breadcrumb"},"inLanguage":"pl-PL","potentialAction":[{"@type":"ReadAction","target":["https:\/\/www.alab.pl\/centrum-wiedzy\/sine-paznokcie-co-moga-oznaczac-mozliwe-przyczyny\/"]}]},{"@type":"ImageObject","inLanguage":"pl-PL","@id":"https:\/\/www.alab.pl\/centrum-wiedzy\/sine-paznokcie-co-moga-oznaczac-mozliwe-przyczyny\/#primaryimage","url":"https:\/\/www.alab.pl\/centrum-wiedzy\/wp-content\/uploads\/2026\/01\/sine_paznokcie-.jpg","contentUrl":"https:\/\/www.alab.pl\/centrum-wiedzy\/wp-content\/uploads\/2026\/01\/sine_paznokcie-.jpg","width":1797,"height":1198,"caption":"sine paznokcie"},{"@type":"BreadcrumbList","@id":"https:\/\/www.alab.pl\/centrum-wiedzy\/sine-paznokcie-co-moga-oznaczac-mozliwe-przyczyny\/#breadcrumb","itemListElement":[{"@type":"ListItem","position":1,"name":"Strona g\u0142\u00f3wna","item":"https:\/\/www.alab.pl\/centrum-wiedzy\/"},{"@type":"ListItem","position":2,"name":"Sine paznokcie \u2013 co mog\u0105 oznacza\u0107? Mo\u017cliwe przyczyny"}]},{"@type":"WebSite","@id":"https:\/\/www.alab.pl\/centrum-wiedzy\/#website","url":"https:\/\/www.alab.pl\/centrum-wiedzy\/","name":"Centrum Wiedzy ALAB laboratoria","description":"","publisher":{"@id":"https:\/\/www.alab.pl\/centrum-wiedzy\/#organization"},"potentialAction":[{"@type":"SearchAction","target":{"@type":"EntryPoint","urlTemplate":"https:\/\/www.alab.pl\/centrum-wiedzy\/?s={search_term_string}"},"query-input":{"@type":"PropertyValueSpecification","valueRequired":true,"valueName":"search_term_string"}}],"inLanguage":"pl-PL"},{"@type":"Organization","@id":"https:\/\/www.alab.pl\/centrum-wiedzy\/#organization","name":"Centrum Wiedzy ALAB laboratoria","url":"https:\/\/www.alab.pl\/centrum-wiedzy\/","logo":{"@type":"ImageObject","inLanguage":"pl-PL","@id":"https:\/\/www.alab.pl\/centrum-wiedzy\/#\/schema\/logo\/image\/","url":"https:\/\/www.alab.pl\/centrum-wiedzy\/wp-content\/uploads\/2022\/04\/alabek.jpg","contentUrl":"https:\/\/www.alab.pl\/centrum-wiedzy\/wp-content\/uploads\/2022\/04\/alabek.jpg","width":1250,"height":1251,"caption":"Centrum Wiedzy ALAB laboratoria"},"image":{"@id":"https:\/\/www.alab.pl\/centrum-wiedzy\/#\/schema\/logo\/image\/"},"sameAs":["https:\/\/www.facebook.com\/ALABlaboratoria"]},{"@type":"Person","@id":"https:\/\/www.alab.pl\/centrum-wiedzy\/#\/schema\/person\/12c09863aca190f2f14dcb8e81972cd4","name":"Katarzyna Kopyci\u0144ska","image":{"@type":"ImageObject","inLanguage":"pl-PL","@id":"https:\/\/www.alab.pl\/centrum-wiedzy\/wp-content\/uploads\/2025\/08\/Katarzyna-Kopycinska-150x150.jpg59bbcfce95acd114b4b9cc43c0fe0c2e","url":"https:\/\/www.alab.pl\/centrum-wiedzy\/wp-content\/uploads\/2025\/08\/Katarzyna-Kopycinska-150x150.jpg","contentUrl":"https:\/\/www.alab.pl\/centrum-wiedzy\/wp-content\/uploads\/2025\/08\/Katarzyna-Kopycinska-150x150.jpg","caption":"Katarzyna Kopyci\u0144ska"},"description":"Technik farmaceutyczny i biotechnolog z dyplomem Uniwersytetu Miko\u0142aja Kopernika w Toruniu. Autorka licznych artyku\u0142\u00f3w z pogranicza zielarstwa, medycyny oraz \u015bwiadomej piel\u0119gnacji sk\u00f3ry i w\u0142os\u00f3w. Interesuje si\u0119 nowoczesnymi metodami leczenia i terapiami wspomagaj\u0105cymi gojenie ran. Na co dzie\u0144 pracuje w aptece, gdzie \u0142\u0105czy wiedz\u0119 teoretyczn\u0105 z praktyk\u0105.","url":"https:\/\/www.alab.pl\/centrum-wiedzy\/author\/katarzyna-kopycinska\/"}]}},"_links":{"self":[{"href":"https:\/\/www.alab.pl\/centrum-wiedzy\/wp-json\/wp\/v2\/posts\/29354","targetHints":{"allow":["GET"]}}],"collection":[{"href":"https:\/\/www.alab.pl\/centrum-wiedzy\/wp-json\/wp\/v2\/posts"}],"about":[{"href":"https:\/\/www.alab.pl\/centrum-wiedzy\/wp-json\/wp\/v2\/types\/post"}],"author":[{"embeddable":true,"href":"https:\/\/www.alab.pl\/centrum-wiedzy\/wp-json\/wp\/v2\/users\/192"}],"replies":[{"embeddable":true,"href":"https:\/\/www.alab.pl\/centrum-wiedzy\/wp-json\/wp\/v2\/comments?post=29354"}],"version-history":[{"count":4,"href":"https:\/\/www.alab.pl\/centrum-wiedzy\/wp-json\/wp\/v2\/posts\/29354\/revisions"}],"predecessor-version":[{"id":29359,"href":"https:\/\/www.alab.pl\/centrum-wiedzy\/wp-json\/wp\/v2\/posts\/29354\/revisions\/29359"}],"wp:featuredmedia":[{"embeddable":true,"href":"https:\/\/www.alab.pl\/centrum-wiedzy\/wp-json\/wp\/v2\/media\/29357"}],"wp:attachment":[{"href":"https:\/\/www.alab.pl\/centrum-wiedzy\/wp-json\/wp\/v2\/media?parent=29354"}],"wp:term":[{"taxonomy":"category","embeddable":true,"href":"https:\/\/www.alab.pl\/centrum-wiedzy\/wp-json\/wp\/v2\/categories?post=29354"},{"taxonomy":"post_tag","embeddable":true,"href":"https:\/\/www.alab.pl\/centrum-wiedzy\/wp-json\/wp\/v2\/tags?post=29354"},{"taxonomy":"author","embeddable":true,"href":"https:\/\/www.alab.pl\/centrum-wiedzy\/wp-json\/wp\/v2\/coauthors?post=29354"}],"curies":[{"name":"wp","href":"https:\/\/api.w.org\/{rel}","templated":true}]}}