{"id":29367,"date":"2026-01-29T09:00:00","date_gmt":"2026-01-29T08:00:00","guid":{"rendered":"https:\/\/www.alab.pl\/centrum-wiedzy\/?p=29367"},"modified":"2026-01-29T07:54:05","modified_gmt":"2026-01-29T06:54:05","slug":"zespol-barttera-na-czym-polega-i-jak-sie-objawia-przyczyny-i-leczenie","status":"publish","type":"post","link":"https:\/\/www.alab.pl\/centrum-wiedzy\/zespol-barttera-na-czym-polega-i-jak-sie-objawia-przyczyny-i-leczenie\/","title":{"rendered":"Zesp\u00f3\u0142 Barttera \u2013 na czym polega i jak si\u0119 objawia? Przyczyny i leczenie"},"content":{"rendered":"\n<p><strong>Zesp\u00f3\u0142 Barttera to rzadkie, wrodzone schorzenie nerek, kt\u00f3re prowadzi do powa\u017cnych zaburze\u0144 gospodarki wodno-elektrolitowej. Choroba cz\u0119sto ujawnia si\u0119 ju\u017c w dzieci\u0144stwie i mo\u017ce powodowa\u0107 liczne, niespecyficzne objawy, utrudniaj\u0105ce szybk\u0105 diagnoz\u0119. W artykule wyja\u015bniamy, na czym polega ta tubulopatia, jakie s\u0105 jej przyczyny, objawy oraz aktualne mo\u017cliwo\u015bci leczenia.<\/strong><strong><\/strong><\/p>\n\n\n\n<figure class=\"wp-block-table\"><table class=\"has-fixed-layout\"><tbody><tr><td><strong>Z tego artyku\u0142u dowiesz si\u0119, \u017ce:<\/strong> <br>>> zesp\u00f3\u0142 Barttera jest rzadk\u0105, wrodzon\u0105 tubulopati\u0105 nerek prowadz\u0105c\u0105 do zaburze\u0144 gospodarki wodno-elektrolitowej, <br>>> wyr\u00f3\u017cnia si\u0119 kilka typ\u00f3w zespo\u0142u Barttera, kt\u00f3re r\u00f3\u017cni\u0105 si\u0119 pod\u0142o\u017cem genetycznym i przebiegiem klinicznym, <br>>> choroba najcz\u0119\u015bciej rozpoznawana jest u dzieci, cho\u0107 \u0142agodniejsze postacie mog\u0105 ujawni\u0107 si\u0119 tak\u017ce u doros\u0142ych, <br>>> przyczyn\u0105 zespo\u0142u Barttera s\u0105 mutacje genetyczne zaburzaj\u0105ce transport jon\u00f3w w kanalikach nerkowych, <br>>> objawy zespo\u0142u Barttera obejmuj\u0105 m.in. wielomocz, zahamowanie wzrostu, os\u0142abienie mi\u0119\u015bni i zaburzenia elektrolitowe, <br>>> rozpoznanie opiera si\u0119 na badaniach laboratoryjnych oraz diagnostyce genetycznej, <br>>> leczenie zespo\u0142u Barttera polega g\u0142\u00f3wnie na d\u0142ugotrwa\u0142ym wyr\u00f3wnywaniu zaburze\u0144 elektrolitowych zgodnie z aktualnymi wytycznymi,<br>>> rokowanie zale\u017cy od typu choroby i szybko\u015bci wdro\u017cenia leczenia.<\/td><\/tr><\/tbody><\/table><\/figure>\n\n\n\n<p><strong>Spis tre\u015bci:<\/strong><\/p>\n\n\n\n<ol class=\"wp-block-list\">\n<li><a href=\"#Zesp\u00f3\u0142-Barttera:-co-to-za-choroba?\">Zesp\u00f3\u0142 Barttera: co to za choroba?<\/a>\n<ul class=\"wp-block-list\">\n<li><a href=\"#Typy-zespo\u0142u-Barttera\">Typy zespo\u0142u Barttera<\/a><\/li>\n<\/ul>\n<\/li>\n\n\n\n<li><a href=\"#Jak-cz\u0119sto-wyst\u0119puje-zesp\u00f3\u0142-Barttera?\">Jak cz\u0119sto wyst\u0119puje zesp\u00f3\u0142 Barttera?<\/a><\/li>\n\n\n\n<li><a href=\"#Przyczyny-rozwoju-zespo\u0142u-Barttera\">Przyczyny rozwoju zespo\u0142u Barttera<\/a><\/li>\n\n\n\n<li><a href=\"#Zesp\u00f3\u0142-Barttera:-objawy\">Zesp\u00f3\u0142 Barttera: objawy<\/a><\/li>\n\n\n\n<li><a href=\"#Zesp\u00f3\u0142-Barttera:-jak-diagnozowana-jest-choroba?\">Zesp\u00f3\u0142 Barttera: jak diagnozowana jest choroba?<\/a>\n<ul class=\"wp-block-list\">\n<li><a href=\"#Badania-laboratoryjne-w-zespole-Barttera\">Badania laboratoryjne w zespole Barttera<\/a><\/li>\n<\/ul>\n<\/li>\n\n\n\n<li><a href=\"#Leczenie-zespo\u0142u-Barttera\">Leczenie zespo\u0142u Barttera<\/a><\/li>\n\n\n\n<li><a href=\"#Rokowanie-przy-zespole-Barttera\">Rokowanie przy zespole Barttera<\/a><\/li>\n\n\n\n<li><a href=\"#Zesp\u00f3\u0142-Barttera:-podsumowanie\">Zesp\u00f3\u0142 Barttera: podsumowanie<\/a><\/li>\n<\/ol>\n\n\n\n<h2 class=\"wp-block-heading\" id=\"Zesp\u00f3\u0142-Barttera:-co-to-za-choroba?\">Zesp\u00f3\u0142 Barttera: co to za choroba?<\/h2>\n\n\n\n<p>Zesp\u00f3\u0142 Barttera (ICD-10 E26.8) to rzadka, <strong>genetycznie uwarunkowana choroba nerek zaliczana do wrodzonych tubulopatii.<\/strong> Jej istot\u0105 jest nieprawid\u0142owe dzia\u0142anie kanalik\u00f3w nerkowych, g\u0142\u00f3wnie w obr\u0119bie p\u0119tli Henlego, co prowadzi do nadmiernej utraty <a href=\"https:\/\/www.alab.pl\/centrum-wiedzy\/sod-rola-w-organizmie-czlowieka-zrodla-w-diecie\/\">sodu<\/a>, potasu i chlork\u00f3w z moczem. Skutkiem s\u0105 charakterystyczne zaburzenia elektrolitowe oraz zasadowica metaboliczna, mimo prawid\u0142owego lub obni\u017conego ci\u015bnienia t\u0119tniczego.<\/p>\n\n\n\n<figure class=\"wp-block-image size-full\"><a href=\"https:\/\/www.alab.pl\/pakiet\/pakiet-elektrolitow\"><img loading=\"lazy\" decoding=\"async\" width=\"800\" height=\"200\" src=\"https:\/\/www.alab.pl\/centrum-wiedzy\/wp-content\/uploads\/2025\/02\/Pakiet-elektrolity-4-badania.jpg\" alt=\"Pakiet elektrolity (4 badania) banerek\" class=\"wp-image-21211\" srcset=\"https:\/\/www.alab.pl\/centrum-wiedzy\/wp-content\/uploads\/2025\/02\/Pakiet-elektrolity-4-badania.jpg 800w, https:\/\/www.alab.pl\/centrum-wiedzy\/wp-content\/uploads\/2025\/02\/Pakiet-elektrolity-4-badania-768x192.jpg 768w, https:\/\/www.alab.pl\/centrum-wiedzy\/wp-content\/uploads\/2025\/02\/Pakiet-elektrolity-4-badania-150x38.jpg 150w, https:\/\/www.alab.pl\/centrum-wiedzy\/wp-content\/uploads\/2025\/02\/Pakiet-elektrolity-4-badania-300x75.jpg 300w, https:\/\/www.alab.pl\/centrum-wiedzy\/wp-content\/uploads\/2025\/02\/Pakiet-elektrolity-4-badania-696x174.jpg 696w\" sizes=\"auto, (max-width: 800px) 100vw, 800px\" \/><\/a><\/figure>\n\n\n\n<h3 class=\"wp-block-heading\" id=\"Typy-zespo\u0142u-Barttera\">Typy zespo\u0142u Barttera<\/h3>\n\n\n\n<p>Wyr\u00f3\u017cnia si\u0119 kilka typ\u00f3w zespo\u0142u Barttera, kt\u00f3re r\u00f3\u017cni\u0105 si\u0119 mutacj\u0105 genetyczn\u0105 oraz nasileniem objaw\u00f3w. <strong>Klasyfikacja obejmuje m.in. typ I-V,<\/strong> zwi\u0105zane z mutacjami gen\u00f3w koduj\u0105cych kana\u0142y i transportery jonowe. Postacie antenatalne (typ I i II) maj\u0105 zwykle ci\u0119\u017cszy przebieg i ujawniaj\u0105 si\u0119 ju\u017c w okresie prenatalnym lub tu\u017c po urodzeniu. Typ klasyczny (III) pojawia si\u0119 najcz\u0119\u015bciej w dzieci\u0144stwie i ma \u0142agodniejszy przebieg.<\/p>\n\n\n\n<p><strong>&gt;&gt; Przeczytaj: <\/strong><a href=\"https:\/\/www.alab.pl\/centrum-wiedzy\/choroby-genetyczne-u-dzieci-jakie-wystepuja-i-jak-je-diagnozowac\/\"><strong>Choroby genetyczne u dzieci \u2013 jakie wyst\u0119puj\u0105 i jak je diagnozowa\u0107<\/strong><\/a><strong><\/strong><\/p>\n\n\n\n<h2 class=\"wp-block-heading\" id=\"Jak-cz\u0119sto-wyst\u0119puje-zesp\u00f3\u0142-Barttera?\">Jak cz\u0119sto wyst\u0119puje zesp\u00f3\u0142 Barttera?<\/h2>\n\n\n\n<p>Zesp\u00f3\u0142 Barttera nale\u017cy do chor\u00f3b rzadkich. Szacuje si\u0119, \u017ce wyst\u0119puje <strong>z cz\u0119sto\u015bci\u0105 oko\u0142o 1:1 000 000 urodze\u0144<\/strong>. Ze wzgl\u0119du na wrodzony charakter, zesp\u00f3\u0142 Barttera u dzieci rozpoznawany jest znacznie cz\u0119\u015bciej ni\u017c u doros\u0142ych, cho\u0107 \u0142agodniejsze postacie mog\u0105 by\u0107 diagnozowane p\u00f3\u017aniej.<\/p>\n\n\n\n<p><strong>&gt;&gt; Zobacz te\u017c: <\/strong><a href=\"https:\/\/www.alab.pl\/centrum-wiedzy\/choroby-rzadkie-i-ultrarzadkie\/\"><strong>Choroby rzadkie i ultrarzadkie<\/strong><\/a><strong><\/strong><\/p>\n\n\n\n<h2 class=\"wp-block-heading\" id=\"Przyczyny-rozwoju-zespo\u0142u-Barttera\">Przyczyny rozwoju zespo\u0142u Barttera<\/h2>\n\n\n\n<p>Przyczyn\u0105 choroby s\u0105 mutacje genetyczne dziedziczone <strong>autosomalnie recesywnie<\/strong>. Prowadz\u0105 one do uszkodzenia mechanizm\u00f3w transportu jon\u00f3w w kanalikach nerkowych. W efekcie dochodzi do przewlek\u0142ej utraty elektrolit\u00f3w, aktywacji uk\u0142adu <em>renina-angiotensyna-aldosteron<\/em> oraz wt\u00f3rnych zaburze\u0144 metabolicznych.<\/p>\n\n\n\n<h2 class=\"wp-block-heading\" id=\"Zesp\u00f3\u0142-Barttera:-objawy\">Zesp\u00f3\u0142 Barttera: objawy<\/h2>\n\n\n\n<p>Objawy zespo\u0142u Barttera mog\u0105 by\u0107 zr\u00f3\u017cnicowane i zale\u017c\u0105 od typu choroby oraz wieku pacjenta. Najcz\u0119\u015bciej obserwuje si\u0119:<\/p>\n\n\n\n<ul class=\"wp-block-list\">\n<li><a href=\"https:\/\/www.alab.pl\/centrum-wiedzy\/czestomocz-wielomocz-i-oddawanie-moczu-w-nocy-jakie-sa-przyczyny\/\">wielomocz<\/a> i wzmo\u017cone pragnienie,<\/li>\n\n\n\n<li>zahamowanie wzrastania i przybierania masy cia\u0142a u dzieci,<\/li>\n\n\n\n<li>os\u0142abienie mi\u0119\u015bni, skurcze,<\/li>\n\n\n\n<li>nudno\u015bci, <a href=\"https:\/\/www.alab.pl\/centrum-wiedzy\/wymioty-czym-sa-mozliwe-przyczyny-diagnostyka-i-leczenie\/\">wymioty<\/a> i zaparcia,<\/li>\n\n\n\n<li><a href=\"https:\/\/www.alab.pl\/centrum-wiedzy\/nawadnianie-organizmu-suplementacja-elektrolitow\/\">odwodnienie<\/a> i sk\u0142onno\u015b\u0107 do zasadowicy metabolicznej.<\/li>\n<\/ul>\n\n\n\n<p>U niemowl\u0105t objawy bywaj\u0105 niespecyficzne, co mo\u017ce op\u00f3\u017ania\u0107 rozpoznanie.<\/p>\n\n\n\n<h2 class=\"wp-block-heading\" id=\"Zesp\u00f3\u0142-Barttera:-jak-diagnozowana-jest-choroba?\">Zesp\u00f3\u0142 Barttera: jak diagnozowana jest choroba?<\/h2>\n\n\n\n<p>Rozpoznanie zespo\u0142u Barttera opiera si\u0119 na kompleksowej ocenie objaw\u00f3w klinicznych oraz wynik\u00f3w bada\u0144 potwierdzaj\u0105cych nerkow\u0105 utrat\u0119 elektrolit\u00f3w.<\/p>\n\n\n\n<p>Podstaw\u0105 diagnostyki s\u0105 <strong>badania laboratoryjne krwi<\/strong>, kt\u00f3re obejmuj\u0105:<\/p>\n\n\n\n<ul class=\"wp-block-list\">\n<li><strong>ocen\u0119 st\u0119\u017ce\u0144 elektrolit\u00f3w<\/strong> \u2013 potasu, sodu i chlork\u00f3w (typowo stwierdza si\u0119 <a href=\"https:\/\/www.alab.pl\/centrum-wiedzy\/niedobor-potasu-hipokaliemia-jakie-daje-objawy-przyczyny-i-diagnostyka\/\">hipokaliemi\u0119<\/a> i hipochloremi\u0119),<\/li>\n\n\n\n<li><a href=\"https:\/\/www.alab.pl\/badanie\/rownowaga-kwasowo-zasadowa-o29\"><strong>gazometri\u0119 krwi\/oznaczenie r\u00f3wnowagi kwasowo-zasadowej<\/strong><\/a> w surowicy w celu potwierdzenia zasadowicy metabolicznej,<\/li>\n\n\n\n<li>oznaczenie <a href=\"https:\/\/www.alab.pl\/badanie\/renina-w-osoczu-o27\"><strong>aktywno\u015bci reniny osoczowej<\/strong><\/a>,<\/li>\n\n\n\n<li><strong>oznaczenie <\/strong><a href=\"https:\/\/www.alab.pl\/badanie\/aldosteron-i15\"><strong>st\u0119\u017cenia aldosteronu<\/strong><\/a>, kt\u00f3re jest podwy\u017cszone mimo prawid\u0142owego ci\u015bnienia t\u0119tniczego.<\/li>\n\n\n\n<li><strong>badania oceniaj\u0105ce funkcje nerek.<\/strong><\/li>\n<\/ul>\n\n\n\n<p>Kolejnym etapem s\u0105 <a href=\"https:\/\/www.alab.pl\/badanie\/badanie-ogolne-moczu-a01\">badania moczu<\/a>, pozwalaj\u0105ce potwierdzi\u0107 nerkow\u0105 przyczyn\u0119 utraty jon\u00f3w. Wykonuje si\u0119 w\u00f3wczas:<\/p>\n\n\n\n<ul class=\"wp-block-list\">\n<li>oznaczenie elektrolit\u00f3w w moczu (s\u00f3d, potas, chlorki),<\/li>\n\n\n\n<li>ocen\u0119 dobowej zbi\u00f3rki moczu lub frakcyjnego wydalania chlork\u00f3w,<\/li>\n\n\n\n<li>oznaczenie <a href=\"https:\/\/www.alab.pl\/badanie\/wapn-w-moczu-o77\">wydalania wapnia z moczem<\/a>, cz\u0119sto zwi\u0119kszonego w zespole Barttera.<\/li>\n<\/ul>\n\n\n\n<p>Uzupe\u0142nieniem diagnostyki jest <strong>badanie USG nerek<\/strong>, wykonywane w celu oceny obecno\u015bci nefrokalcynozy lub kamicy nerkowej. Istotnym elementem potwierdzenia rozpoznania jest tak\u017ce <strong>diagnostyka genetyczna<\/strong>, obejmuj\u0105ca panele gen\u00f3w zwi\u0105zanych z wrodzonymi tubulopatiami. Badanie to umo\u017cliwia jednoznaczne potwierdzenie choroby, okre\u015blenie jej typu oraz zaplanowanie poradnictwa genetycznego dla rodziny.<\/p>\n\n\n\n<p>Na ka\u017cdym etapie diagnostyki konieczne jest r\u00f3wnie\u017c wykluczenie innych przyczyn hipokaliemii i zasadowicy metabolicznej, takich jak zesp\u00f3\u0142 Gitelmana, przewlek\u0142e wymioty, stosowanie lek\u00f3w moczop\u0119dnych czy tzw. pseudo-Bartter.<\/p>\n\n\n\n<figure class=\"wp-block-image size-full\"><a href=\"https:\/\/www.alab.pl\/pakiet\/pakiet-nerkowy\"><img loading=\"lazy\" decoding=\"async\" width=\"800\" height=\"250\" src=\"https:\/\/www.alab.pl\/centrum-wiedzy\/wp-content\/uploads\/2025\/06\/Pakiet-nerkowy-7-badan_mobile.jpg\" alt=\"Pakiet nerkowy (7 badan)_mobile baner na kategori\u0119\" class=\"wp-image-24157\" srcset=\"https:\/\/www.alab.pl\/centrum-wiedzy\/wp-content\/uploads\/2025\/06\/Pakiet-nerkowy-7-badan_mobile.jpg 800w, https:\/\/www.alab.pl\/centrum-wiedzy\/wp-content\/uploads\/2025\/06\/Pakiet-nerkowy-7-badan_mobile-768x240.jpg 768w, https:\/\/www.alab.pl\/centrum-wiedzy\/wp-content\/uploads\/2025\/06\/Pakiet-nerkowy-7-badan_mobile-150x47.jpg 150w, https:\/\/www.alab.pl\/centrum-wiedzy\/wp-content\/uploads\/2025\/06\/Pakiet-nerkowy-7-badan_mobile-300x94.jpg 300w, https:\/\/www.alab.pl\/centrum-wiedzy\/wp-content\/uploads\/2025\/06\/Pakiet-nerkowy-7-badan_mobile-696x218.jpg 696w\" sizes=\"auto, (max-width: 800px) 100vw, 800px\" \/><\/a><\/figure>\n\n\n\n<h3 class=\"wp-block-heading\" id=\"Badania-laboratoryjne-w-zespole-Barttera\">Badania laboratoryjne w zespole Barttera<\/h3>\n\n\n\n<p>W badaniach laboratoryjnych stwierdza si\u0119 typowo:<\/p>\n\n\n\n<ul class=\"wp-block-list\">\n<li>hipokaliemi\u0119 i hipochloremi\u0119,<\/li>\n\n\n\n<li>zasadowic\u0119 metaboliczn\u0105,<\/li>\n\n\n\n<li>podwy\u017cszon\u0105 aktywno\u015b\u0107 reniny i aldosteronu,<\/li>\n\n\n\n<li>zwi\u0119kszone wydalanie sodu i potasu z moczem przy prawid\u0142owej czynno\u015bci nerek.<\/li>\n<\/ul>\n\n\n\n<p>Wyniki te s\u0105 kluczowe dla r\u00f3\u017cnicowania zespo\u0142u Barttera z innymi tubulopatiami.<\/p>\n\n\n\n<p><strong>&gt;&gt; Przeczytaj: <\/strong><a href=\"https:\/\/www.alab.pl\/centrum-wiedzy\/test-prenatalny-harmony\/\"><strong>Inwazyjne badania prenatalne to ostateczno\u015b\u0107 \u2013 wykonaj badania przesiewowe, by wykluczy\u0107 wady wrodzone jeszcze w czasie ci\u0105\u017cy<\/strong><\/a><strong><\/strong><\/p>\n\n\n\n<h2 class=\"wp-block-heading\" id=\"Leczenie-zespo\u0142u-Barttera\">Leczenie zespo\u0142u Barttera<\/h2>\n\n\n\n<p>Leczenie ma charakter objawowy i d\u0142ugoterminowy. Zgodnie z aktualnymi wytycznymi stosuje si\u0119 suplementacj\u0119 potasu i sodu, leki oszcz\u0119dzaj\u0105ce potas oraz niesteroidowe leki przeciwzapalne (np. indometacyn\u0119), kt\u00f3re zmniejszaj\u0105 utrat\u0119 elektrolit\u00f3w. Terapia powinna by\u0107 indywidualnie dostosowana i prowadzona pod kontrol\u0105 nefrologa.<\/p>\n\n\n\n<h2 class=\"wp-block-heading\" id=\"Rokowanie-przy-zespole-Barttera\">Rokowanie przy zespole Barttera<\/h2>\n\n\n\n<p>Rokowanie zale\u017cy od typu choroby i szybko\u015bci wdro\u017cenia leczenia. Przy odpowiedniej terapii wielu pacjent\u00f3w prowadzi wzgl\u0119dnie normalne \u017cycie. Nieleczony zesp\u00f3\u0142 Barttera mo\u017ce jednak prowadzi\u0107 do powik\u0142a\u0144, takich jak <a href=\"https:\/\/www.alab.pl\/centrum-wiedzy\/przewlekla-choroba-nerek-objawy-przyczyny-powiklania-diagnostyka\/\">przewlek\u0142a choroba nerek<\/a> czy zaburzenia rozwoju u dzieci.<\/p>\n\n\n\n<h2 class=\"wp-block-heading\" id=\"Zesp\u00f3\u0142-Barttera:-podsumowanie\">Zesp\u00f3\u0142 Barttera: podsumowanie<\/h2>\n\n\n\n<p>Zesp\u00f3\u0142 Barttera to rzadka, wrodzona tubulopatia nerek, wymagaj\u0105ca czujno\u015bci diagnostycznej. Wczesne rozpoznanie i systematyczne leczenie pozwalaj\u0105 ograniczy\u0107 objawy i poprawi\u0107 jako\u015b\u0107 \u017cycia pacjenta. Je\u015bli obserwujesz u siebie lub dziecka przewlek\u0142e zaburzenia elektrolitowe, warto skonsultowa\u0107 si\u0119 ze specjalist\u0105 i wykona\u0107 odpowiednie badania.<\/p>\n\n\n\n<hr class=\"wp-block-separator has-alpha-channel-opacity\"\/>\n\n\n\n<p><strong>Bibliografia<\/strong><strong><\/strong><\/p>\n\n\n\n<ol class=\"wp-block-list\">\n<li>Konrad M, et al. Diagnosis and management of Bartter syndrome: executive summary of the consensus and recommendations from the European Rare Kidney Disease Reference Network Working Group for Tubular Disorders. Kidney Int. 2021\u00a0<\/li>\n\n\n\n<li>Fulchiero R, Seo-Mayer P. Bartter Syndrome and Gitelman Syndrome. Pediatr Clin North Am. 2019<\/li>\n<\/ol>\n","protected":false},"excerpt":{"rendered":"<p>Sprawd\u017a, na czym polega zesp\u00f3\u0142 Barttera, jakie s\u0105 jego przyczyny, objawy oraz aktualne mo\u017cliwo\u015bci leczenia.<\/p>\n","protected":false},"author":175,"featured_media":29368,"comment_status":"closed","ping_status":"closed","sticky":false,"template":"","format":"standard","meta":{"_acf_changed":false,"inline_featured_image":false,"footnotes":""},"categories":[9],"tags":[],"coauthors":[214],"class_list":{"0":"post-29367","1":"post","2":"type-post","3":"status-publish","4":"format-standard","5":"has-post-thumbnail","7":"category-choroby-nerek"},"acf":[],"yoast_head":"<!-- This site is optimized with the Yoast SEO plugin v27.5 - https:\/\/yoast.com\/product\/yoast-seo-wordpress\/ -->\n<title>Zesp\u00f3\u0142 Barttera \u2013 na czym polega i jak si\u0119 objawia? Przyczyny i leczenie - Centrum Wiedzy ALAB laboratoria<\/title>\n<meta name=\"description\" content=\"Sprawd\u017a, na czym polega zesp\u00f3\u0142 Barttera, jakie s\u0105 jego przyczyny, objawy oraz aktualne mo\u017cliwo\u015bci leczenia.\" \/>\n<meta name=\"robots\" content=\"index, follow, max-snippet:-1, max-image-preview:large, max-video-preview:-1\" \/>\n<link rel=\"canonical\" href=\"https:\/\/www.alab.pl\/centrum-wiedzy\/zespol-barttera-na-czym-polega-i-jak-sie-objawia-przyczyny-i-leczenie\/\" \/>\n<meta property=\"og:locale\" content=\"pl_PL\" \/>\n<meta property=\"og:type\" content=\"article\" \/>\n<meta property=\"og:title\" content=\"Zesp\u00f3\u0142 Barttera \u2013 na czym polega i jak si\u0119 objawia? Przyczyny i leczenie - Centrum Wiedzy ALAB laboratoria\" \/>\n<meta property=\"og:description\" content=\"Sprawd\u017a, na czym polega zesp\u00f3\u0142 Barttera, jakie s\u0105 jego przyczyny, objawy oraz aktualne mo\u017cliwo\u015bci leczenia.\" \/>\n<meta property=\"og:url\" content=\"https:\/\/www.alab.pl\/centrum-wiedzy\/zespol-barttera-na-czym-polega-i-jak-sie-objawia-przyczyny-i-leczenie\/\" \/>\n<meta property=\"og:site_name\" content=\"Centrum Wiedzy ALAB laboratoria\" \/>\n<meta property=\"article:publisher\" content=\"https:\/\/www.facebook.com\/ALABlaboratoria\" \/>\n<meta property=\"article:published_time\" content=\"2026-01-29T08:00:00+00:00\" \/>\n<meta property=\"og:image\" content=\"https:\/\/www.alab.pl\/centrum-wiedzy\/wp-content\/uploads\/2026\/01\/zespol_barttera.jpg\" \/>\n\t<meta property=\"og:image:width\" content=\"2048\" \/>\n\t<meta property=\"og:image:height\" content=\"1366\" \/>\n\t<meta property=\"og:image:type\" content=\"image\/jpeg\" \/>\n<meta name=\"author\" content=\"Sara Aszkie\u0142owicz\" \/>\n<meta name=\"twitter:card\" content=\"summary_large_image\" \/>\n<meta name=\"twitter:label1\" content=\"Napisane przez\" \/>\n\t<meta name=\"twitter:data1\" content=\"Sara Aszkie\u0142owicz\" \/>\n\t<meta name=\"twitter:label2\" content=\"Szacowany czas czytania\" \/>\n\t<meta name=\"twitter:data2\" content=\"6 minut\" \/>\n\t<meta name=\"twitter:label3\" content=\"Written by\" \/>\n\t<meta name=\"twitter:data3\" content=\"Sara Aszkie\u0142owicz\" \/>\n<!-- \/ Yoast SEO plugin. -->","yoast_head_json":{"title":"Zesp\u00f3\u0142 Barttera \u2013 na czym polega i jak si\u0119 objawia? Przyczyny i leczenie - Centrum Wiedzy ALAB laboratoria","description":"Sprawd\u017a, na czym polega zesp\u00f3\u0142 Barttera, jakie s\u0105 jego przyczyny, objawy oraz aktualne mo\u017cliwo\u015bci leczenia.","robots":{"index":"index","follow":"follow","max-snippet":"max-snippet:-1","max-image-preview":"max-image-preview:large","max-video-preview":"max-video-preview:-1"},"canonical":"https:\/\/www.alab.pl\/centrum-wiedzy\/zespol-barttera-na-czym-polega-i-jak-sie-objawia-przyczyny-i-leczenie\/","og_locale":"pl_PL","og_type":"article","og_title":"Zesp\u00f3\u0142 Barttera \u2013 na czym polega i jak si\u0119 objawia? Przyczyny i leczenie - Centrum Wiedzy ALAB laboratoria","og_description":"Sprawd\u017a, na czym polega zesp\u00f3\u0142 Barttera, jakie s\u0105 jego przyczyny, objawy oraz aktualne mo\u017cliwo\u015bci leczenia.","og_url":"https:\/\/www.alab.pl\/centrum-wiedzy\/zespol-barttera-na-czym-polega-i-jak-sie-objawia-przyczyny-i-leczenie\/","og_site_name":"Centrum Wiedzy ALAB laboratoria","article_publisher":"https:\/\/www.facebook.com\/ALABlaboratoria","article_published_time":"2026-01-29T08:00:00+00:00","og_image":[{"width":2048,"height":1366,"url":"https:\/\/www.alab.pl\/centrum-wiedzy\/wp-content\/uploads\/2026\/01\/zespol_barttera.jpg","type":"image\/jpeg"}],"author":"Sara Aszkie\u0142owicz","twitter_card":"summary_large_image","twitter_misc":{"Napisane przez":"Sara Aszkie\u0142owicz","Szacowany czas czytania":"6 minut","Written by":"Sara Aszkie\u0142owicz"},"schema":{"@context":"https:\/\/schema.org","@graph":[{"@type":"Article","@id":"https:\/\/www.alab.pl\/centrum-wiedzy\/zespol-barttera-na-czym-polega-i-jak-sie-objawia-przyczyny-i-leczenie\/#article","isPartOf":{"@id":"https:\/\/www.alab.pl\/centrum-wiedzy\/zespol-barttera-na-czym-polega-i-jak-sie-objawia-przyczyny-i-leczenie\/"},"author":{"name":"Sara Aszkie\u0142owicz","@id":"https:\/\/www.alab.pl\/centrum-wiedzy\/#\/schema\/person\/e1bd348f3902b896c4bf8ccdc5f54b4f"},"headline":"Zesp\u00f3\u0142 Barttera \u2013 na czym polega i jak si\u0119 objawia? Przyczyny i leczenie","datePublished":"2026-01-29T08:00:00+00:00","mainEntityOfPage":{"@id":"https:\/\/www.alab.pl\/centrum-wiedzy\/zespol-barttera-na-czym-polega-i-jak-sie-objawia-przyczyny-i-leczenie\/"},"wordCount":1064,"publisher":{"@id":"https:\/\/www.alab.pl\/centrum-wiedzy\/#organization"},"image":{"@id":"https:\/\/www.alab.pl\/centrum-wiedzy\/zespol-barttera-na-czym-polega-i-jak-sie-objawia-przyczyny-i-leczenie\/#primaryimage"},"thumbnailUrl":"https:\/\/www.alab.pl\/centrum-wiedzy\/wp-content\/uploads\/2026\/01\/zespol_barttera.jpg","articleSection":["Choroby nerek"],"inLanguage":"pl-PL"},{"@type":"WebPage","@id":"https:\/\/www.alab.pl\/centrum-wiedzy\/zespol-barttera-na-czym-polega-i-jak-sie-objawia-przyczyny-i-leczenie\/","url":"https:\/\/www.alab.pl\/centrum-wiedzy\/zespol-barttera-na-czym-polega-i-jak-sie-objawia-przyczyny-i-leczenie\/","name":"Zesp\u00f3\u0142 Barttera \u2013 na czym polega i jak si\u0119 objawia? Przyczyny i leczenie - Centrum Wiedzy ALAB laboratoria","isPartOf":{"@id":"https:\/\/www.alab.pl\/centrum-wiedzy\/#website"},"primaryImageOfPage":{"@id":"https:\/\/www.alab.pl\/centrum-wiedzy\/zespol-barttera-na-czym-polega-i-jak-sie-objawia-przyczyny-i-leczenie\/#primaryimage"},"image":{"@id":"https:\/\/www.alab.pl\/centrum-wiedzy\/zespol-barttera-na-czym-polega-i-jak-sie-objawia-przyczyny-i-leczenie\/#primaryimage"},"thumbnailUrl":"https:\/\/www.alab.pl\/centrum-wiedzy\/wp-content\/uploads\/2026\/01\/zespol_barttera.jpg","datePublished":"2026-01-29T08:00:00+00:00","description":"Sprawd\u017a, na czym polega zesp\u00f3\u0142 Barttera, jakie s\u0105 jego przyczyny, objawy oraz aktualne mo\u017cliwo\u015bci leczenia.","breadcrumb":{"@id":"https:\/\/www.alab.pl\/centrum-wiedzy\/zespol-barttera-na-czym-polega-i-jak-sie-objawia-przyczyny-i-leczenie\/#breadcrumb"},"inLanguage":"pl-PL","potentialAction":[{"@type":"ReadAction","target":["https:\/\/www.alab.pl\/centrum-wiedzy\/zespol-barttera-na-czym-polega-i-jak-sie-objawia-przyczyny-i-leczenie\/"]}]},{"@type":"ImageObject","inLanguage":"pl-PL","@id":"https:\/\/www.alab.pl\/centrum-wiedzy\/zespol-barttera-na-czym-polega-i-jak-sie-objawia-przyczyny-i-leczenie\/#primaryimage","url":"https:\/\/www.alab.pl\/centrum-wiedzy\/wp-content\/uploads\/2026\/01\/zespol_barttera.jpg","contentUrl":"https:\/\/www.alab.pl\/centrum-wiedzy\/wp-content\/uploads\/2026\/01\/zespol_barttera.jpg","width":2048,"height":1366,"caption":"zesp\u00f3\u0142 barttera"},{"@type":"BreadcrumbList","@id":"https:\/\/www.alab.pl\/centrum-wiedzy\/zespol-barttera-na-czym-polega-i-jak-sie-objawia-przyczyny-i-leczenie\/#breadcrumb","itemListElement":[{"@type":"ListItem","position":1,"name":"Strona g\u0142\u00f3wna","item":"https:\/\/www.alab.pl\/centrum-wiedzy\/"},{"@type":"ListItem","position":2,"name":"Zesp\u00f3\u0142 Barttera \u2013 na czym polega i jak si\u0119 objawia? Przyczyny i leczenie"}]},{"@type":"WebSite","@id":"https:\/\/www.alab.pl\/centrum-wiedzy\/#website","url":"https:\/\/www.alab.pl\/centrum-wiedzy\/","name":"Centrum Wiedzy ALAB laboratoria","description":"","publisher":{"@id":"https:\/\/www.alab.pl\/centrum-wiedzy\/#organization"},"potentialAction":[{"@type":"SearchAction","target":{"@type":"EntryPoint","urlTemplate":"https:\/\/www.alab.pl\/centrum-wiedzy\/?s={search_term_string}"},"query-input":{"@type":"PropertyValueSpecification","valueRequired":true,"valueName":"search_term_string"}}],"inLanguage":"pl-PL"},{"@type":"Organization","@id":"https:\/\/www.alab.pl\/centrum-wiedzy\/#organization","name":"Centrum Wiedzy ALAB laboratoria","url":"https:\/\/www.alab.pl\/centrum-wiedzy\/","logo":{"@type":"ImageObject","inLanguage":"pl-PL","@id":"https:\/\/www.alab.pl\/centrum-wiedzy\/#\/schema\/logo\/image\/","url":"https:\/\/www.alab.pl\/centrum-wiedzy\/wp-content\/uploads\/2022\/04\/alabek.jpg","contentUrl":"https:\/\/www.alab.pl\/centrum-wiedzy\/wp-content\/uploads\/2022\/04\/alabek.jpg","width":1250,"height":1251,"caption":"Centrum Wiedzy ALAB laboratoria"},"image":{"@id":"https:\/\/www.alab.pl\/centrum-wiedzy\/#\/schema\/logo\/image\/"},"sameAs":["https:\/\/www.facebook.com\/ALABlaboratoria"]},{"@type":"Person","@id":"https:\/\/www.alab.pl\/centrum-wiedzy\/#\/schema\/person\/e1bd348f3902b896c4bf8ccdc5f54b4f","name":"Sara Aszkie\u0142owicz","image":{"@type":"ImageObject","inLanguage":"pl-PL","@id":"https:\/\/www.alab.pl\/centrum-wiedzy\/wp-content\/uploads\/2024\/12\/Sara-Aszkielowicz.jpga3c8b438ba9bbe816fb0922931f740b7","url":"https:\/\/www.alab.pl\/centrum-wiedzy\/wp-content\/uploads\/2024\/12\/Sara-Aszkielowicz.jpg","contentUrl":"https:\/\/www.alab.pl\/centrum-wiedzy\/wp-content\/uploads\/2024\/12\/Sara-Aszkielowicz.jpg","caption":"Sara Aszkie\u0142owicz"},"description":"Absolwentka Wydzia\u0142u Lekarskiego Uniwersytetu Medycznego w \u0141odzi, obecnie odbywaj\u0105ca szkolenie specjalizacyjne w Klinice Endokrynologii i Chor\u00f3b Metabolicznych Instytutu Centrum Zdrowia Matki Polki w \u0141odzi. Jej zainteresowania naukowe koncentruj\u0105 si\u0119 na zaburzeniach wzrastania, przedwczesnym i op\u00f3\u017aniaj\u0105cym si\u0119 dojrzewaniu p\u0142ciowym, chorobach nadnerczy oraz zaburzeniach mineralizacji ko\u015bci i gospodarki wapniowo-fosforanowej u dzieci.","url":"https:\/\/www.alab.pl\/centrum-wiedzy\/author\/sara-aszkielowicz\/"}]}},"_links":{"self":[{"href":"https:\/\/www.alab.pl\/centrum-wiedzy\/wp-json\/wp\/v2\/posts\/29367","targetHints":{"allow":["GET"]}}],"collection":[{"href":"https:\/\/www.alab.pl\/centrum-wiedzy\/wp-json\/wp\/v2\/posts"}],"about":[{"href":"https:\/\/www.alab.pl\/centrum-wiedzy\/wp-json\/wp\/v2\/types\/post"}],"author":[{"embeddable":true,"href":"https:\/\/www.alab.pl\/centrum-wiedzy\/wp-json\/wp\/v2\/users\/175"}],"replies":[{"embeddable":true,"href":"https:\/\/www.alab.pl\/centrum-wiedzy\/wp-json\/wp\/v2\/comments?post=29367"}],"version-history":[{"count":3,"href":"https:\/\/www.alab.pl\/centrum-wiedzy\/wp-json\/wp\/v2\/posts\/29367\/revisions"}],"predecessor-version":[{"id":29371,"href":"https:\/\/www.alab.pl\/centrum-wiedzy\/wp-json\/wp\/v2\/posts\/29367\/revisions\/29371"}],"wp:featuredmedia":[{"embeddable":true,"href":"https:\/\/www.alab.pl\/centrum-wiedzy\/wp-json\/wp\/v2\/media\/29368"}],"wp:attachment":[{"href":"https:\/\/www.alab.pl\/centrum-wiedzy\/wp-json\/wp\/v2\/media?parent=29367"}],"wp:term":[{"taxonomy":"category","embeddable":true,"href":"https:\/\/www.alab.pl\/centrum-wiedzy\/wp-json\/wp\/v2\/categories?post=29367"},{"taxonomy":"post_tag","embeddable":true,"href":"https:\/\/www.alab.pl\/centrum-wiedzy\/wp-json\/wp\/v2\/tags?post=29367"},{"taxonomy":"author","embeddable":true,"href":"https:\/\/www.alab.pl\/centrum-wiedzy\/wp-json\/wp\/v2\/coauthors?post=29367"}],"curies":[{"name":"wp","href":"https:\/\/api.w.org\/{rel}","templated":true}]}}