{"id":29403,"date":"2026-01-29T14:34:11","date_gmt":"2026-01-29T13:34:11","guid":{"rendered":"https:\/\/www.alab.pl\/centrum-wiedzy\/?p=29403"},"modified":"2026-01-29T14:34:14","modified_gmt":"2026-01-29T13:34:14","slug":"porazenie-nerwu-twarzowego-porazenie-bella-objawy-przyczyny-i-leczenie","status":"publish","type":"post","link":"https:\/\/www.alab.pl\/centrum-wiedzy\/porazenie-nerwu-twarzowego-porazenie-bella-objawy-przyczyny-i-leczenie\/","title":{"rendered":"Pora\u017cenie nerwu twarzowego (pora\u017cenie Bella) \u2013 objawy, przyczyny i leczenie"},"content":{"rendered":"\n<p><strong>Pora\u017cenie nerwu twarzowego, znane tak\u017ce jako pora\u017cenie Bella, to nag\u0142e schorzenie neurologiczne prowadz\u0105ce do asymetrii twarzy i zaburze\u0144 mimiki. Objawy cz\u0119sto pojawiaj\u0105 si\u0119 gwa\u0142townie i mog\u0105 budzi\u0107 du\u017cy niepok\u00f3j.<\/strong><strong><\/strong><\/p>\n\n\n\n<figure class=\"wp-block-table\"><table class=\"has-fixed-layout\"><tbody><tr><td><strong>Z tego artyku\u0142u dowiesz si\u0119, \u017ce:<\/strong> <br>>> pora\u017cenie nerwu twarzowego (pora\u017cenie Bella) to nag\u0142e, zwykle jednostronne pora\u017cenie mi\u0119\u015bni twarzy wynikaj\u0105ce z uszkodzenia VII nerwu czaszkowego, <br>>> najcz\u0119stsze objawy to asymetria twarzy, opadanie k\u0105cika ust, trudno\u015bci z zamykaniem oka, zaburzenia smaku oraz b\u00f3l za uchem, <br>>> w diagnostyce kluczowe jest odr\u00f3\u017cnienie pora\u017cenia Bella od udaru m\u00f3zgu oraz wykluczenie innych przyczyn, m.in. infekcji takich jak borelioza, <br>>> leczenie opiera si\u0119 g\u0142\u00f3wnie na wczesnym zastosowaniu glikokortykosteroid\u00f3w, ochronie oka i odpowiednio dobranej rehabilitacji, <br>>> regularne \u0107wiczenia mi\u0119\u015bni twarzy wspomagaj\u0105 powr\u00f3t do sprawno\u015bci i zmniejszaj\u0105 ryzyko powik\u0142a\u0144, <br>>> rokowania s\u0105 zazwyczaj dobre \u2013 wi\u0119kszo\u015b\u0107 pacjent\u00f3w odzyskuje pe\u0142n\u0105 sprawno\u015b\u0107 w ci\u0105gu kilku tygodni lub miesi\u0119cy.<\/td><\/tr><\/tbody><\/table><\/figure>\n\n\n\n<p><strong>Spis tre\u015bci:<\/strong><\/p>\n\n\n\n<ol class=\"wp-block-list\">\n<li><a href=\"#Pora\u017cenie-nerwu-twarzowego-\u2013-czym-jest?\">Pora\u017cenie nerwu twarzowego \u2013 czym jest?<\/a>\n<ul class=\"wp-block-list\">\n<li><a href=\"#Jak-cz\u0119sto-wyst\u0119puje-pora\u017cenie-nerwu-twarzowego?\">Jak cz\u0119sto wyst\u0119puje pora\u017cenie nerwu twarzowego?<\/a><\/li>\n\n\n\n<li><a href=\"#Ile-trwa-pora\u017cenie-nerwu-twarzowego?\">Ile trwa pora\u017cenie nerwu twarzowego?<\/a><\/li>\n<\/ul>\n<\/li>\n\n\n\n<li><a href=\"#Pora\u017cenie-Bella-\u2013-przyczyny-pora\u017cenia-nerwu-twarzowego\">Pora\u017cenie Bella \u2013 przyczyny pora\u017cenia nerwu twarzowego<\/a><\/li>\n\n\n\n<li><a href=\"#Pora\u017cenie-nerwu-twarzowego-\u2013-objawy-dolegliwo\u015bci\">Pora\u017cenie nerwu twarzowego \u2013 objawy dolegliwo\u015bci<\/a><\/li>\n\n\n\n<li><a href=\"#Pora\u017cenie-nerwu-twarzowego-u-dzieci-\u2013-co-warto-wiedzie\u0107?\">Pora\u017cenie nerwu twarzowego u dzieci \u2013 co warto wiedzie\u0107?<\/a><\/li>\n\n\n\n<li><a href=\"#Obwodowe-pora\u017cenie-nerwu-twarzowego-\u2013-diagnostyka-przypad\u0142o\u015bci\">Obwodowe pora\u017cenie nerwu twarzowego \u2013 diagnostyka przypad\u0142o\u015bci<\/a>\n<ul class=\"wp-block-list\">\n<li><a href=\"#Badania-laboratoryjne-w-diagnozie-pora\u017cenia-Bella\">Badania laboratoryjne w diagnozie pora\u017cenia Bella<\/a><\/li>\n<\/ul>\n<\/li>\n\n\n\n<li><a href=\"#Pora\u017cenie-Bella-\u2013-leczenie\">Pora\u017cenie Bella \u2013 leczenie<\/a>\n<ul class=\"wp-block-list\">\n<li><a href=\"#Rehabilitacja-i-\u0107wiczenia-w-obwodowym-pora\u017ceniu-nerwu-twarzowego\">Rehabilitacja i \u0107wiczenia w obwodowym pora\u017ceniu nerwu twarzowego<\/a><\/li>\n<\/ul>\n<\/li>\n\n\n\n<li><a href=\"#Pora\u017cenie-nerwu-twarzowego-\u2013-rokowania\">Pora\u017cenie nerwu twarzowego \u2013 rokowania<\/a>\n<ul class=\"wp-block-list\">\n<li><a href=\"#Czy-mo\u017cliwe-jest-ca\u0142kowite-wyleczenie-pora\u017cenia-Bella?\">Czy mo\u017cliwe jest ca\u0142kowite wyleczenie pora\u017cenia Bella?<\/a><\/li>\n\n\n\n<li><a href=\"#Czy-trzeba-co\u015b-robi\u0107-po-zako\u0144czeniu-leczenia-pora\u017cenia-nerwu-twarzowego?\">Czy trzeba co\u015b robi\u0107 po zako\u0144czeniu leczenia pora\u017cenia nerwu twarzowego?<\/a><\/li>\n<\/ul>\n<\/li>\n\n\n\n<li><a href=\"#Parali\u017c-Bella-\u2013-powik\u0142ania\">Parali\u017c Bella \u2013 powik\u0142ania<\/a><\/li>\n\n\n\n<li><a href=\"#Obwodowe-pora\u017cenie-nerwu-twarzowego-\u2013-FAQ\">Obwodowe pora\u017cenie nerwu twarzowego \u2013 FAQ<\/a><\/li>\n<\/ol>\n\n\n\n<h2 class=\"wp-block-heading\" id=\"Pora\u017cenie-nerwu-twarzowego-\u2013-czym-jest?\">Pora\u017cenie nerwu twarzowego \u2013 czym jest?<\/h2>\n\n\n\n<p>Pora\u017cenie nerwu twarzowego \u2013 VII nerwu czaszkowego (ICD-10 G51.0) \u2013 to <strong>najcz\u0119stsza posta\u0107 obwodowego pora\u017cenia nerwu twarzowego<\/strong>. Dochodzi w nim do nag\u0142ego os\u0142abienia lub ca\u0142kowitego pora\u017cenia mi\u0119\u015bni jednej strony twarzy. Pora\u017cenie Bella jest rozpoznaniem z wykluczenia, co oznacza, \u017ce stawia si\u0119 je po wyeliminowaniu innych przyczyn, takich jak <a href=\"https:\/\/www.alab.pl\/centrum-wiedzy\/udar-mozgu-objawy-przyczyny-pierwsza-pomoc-i-profilaktyka\/\">udar m\u00f3zgu<\/a> czy guzy.<\/p>\n\n\n\n<h3 class=\"wp-block-heading\" id=\"Jak-cz\u0119sto-wyst\u0119puje-pora\u017cenie-nerwu-twarzowego?\">Jak cz\u0119sto wyst\u0119puje pora\u017cenie nerwu twarzowego?<\/h3>\n\n\n\n<p>Parali\u017c Bella wyst\u0119puje z cz\u0119sto\u015bci\u0105 <strong>oko\u0142o 20-30 przypadk\u00f3w na 100 000 os\u00f3b rocznie<\/strong>. Mo\u017ce dotyczy\u0107 os\u00f3b w ka\u017cdym wieku, r\u00f3wnie\u017c dzieci, jednak najcz\u0119\u015bciej diagnozuje si\u0119 go u doros\u0142ych mi\u0119dzy 15. a 60. rokiem \u017cycia.<\/p>\n\n\n\n<h3 class=\"wp-block-heading\" id=\"Ile-trwa-pora\u017cenie-nerwu-twarzowego?\">Ile trwa pora\u017cenie nerwu twarzowego?<\/h3>\n\n\n\n<p>Czas trwania choroby jest zr\u00f3\u017cnicowany. U wi\u0119kszo\u015bci pacjent\u00f3w poprawa nast\u0119puje w ci\u0105gu kilku tygodni. Pe\u0142ne ust\u0105pienie objaw\u00f3w pora\u017cenia Bella zwykle obserwuje si\u0119 w <strong>okresie od 3 do 6 miesi\u0119cy<\/strong>, cho\u0107 u cz\u0119\u015bci chorych objawy mog\u0105 utrzymywa\u0107 si\u0119 d\u0142u\u017cej.<\/p>\n\n\n\n<p><strong>&gt;&gt; Przeczytaj: <\/strong><a href=\"https:\/\/www.alab.pl\/centrum-wiedzy\/mrowienie-i-dretwienie-twarzy-czego-moze-byc-objawem-mozliwe-przyczyny-i-diagnostyka\/\"><strong>Mrowienie i dr\u0119twienie twarzy \u2013 czego mo\u017ce by\u0107 objawem? Mo\u017cliwe przyczyny i diagnostyka<\/strong><\/a><strong><\/strong><\/p>\n\n\n\n<h2 class=\"wp-block-heading\" id=\"Pora\u017cenie-Bella-\u2013-przyczyny-pora\u017cenia-nerwu-twarzowego\">Pora\u017cenie Bella \u2013 przyczyny pora\u017cenia nerwu twarzowego<\/h2>\n\n\n\n<p>Dok\u0142adna przyczyna pora\u017cenia Bella <strong>nie zawsze jest znana<\/strong>. Obecnie uwa\u017ca si\u0119, \u017ce kluczow\u0105 rol\u0119 odgrywa proces zapalny nerwu, cz\u0119sto zwi\u0105zany z reaktywacj\u0105 wirus\u00f3w (np. HSV-1). Do mo\u017cliwych przyczyn nale\u017c\u0105 r\u00f3wnie\u017c infekcje bakteryjne, w tym <a href=\"https:\/\/www.alab.pl\/centrum-wiedzy\/borelioza\/\">borelioza<\/a>, zaburzenia autoimmunologiczne oraz czynniki naczyniowe.<\/p>\n\n\n\n<h2 class=\"wp-block-heading\" id=\"Pora\u017cenie-nerwu-twarzowego-\u2013-objawy-dolegliwo\u015bci\">Pora\u017cenie nerwu twarzowego \u2013 objawy dolegliwo\u015bci<\/h2>\n\n\n\n<p>Objawy pojawiaj\u0105 si\u0119 nagle, zwykle w <strong>ci\u0105gu 24-48 godzin<\/strong>. Najcz\u0119stsze symptomy to:<\/p>\n\n\n\n<ul class=\"wp-block-list\">\n<li>opadanie k\u0105cika ust i wyg\u0142adzenie fa\u0142du nosowo-wargowego,<\/li>\n\n\n\n<li>trudno\u015bci z zamykaniem oka po stronie pora\u017cenia,<\/li>\n\n\n\n<li>zaburzenia smaku,<\/li>\n\n\n\n<li>nadwra\u017cliwo\u015b\u0107 na d\u017awi\u0119ki,<\/li>\n\n\n\n<li>b\u00f3l za uchem.<\/li>\n<\/ul>\n\n\n\n<p>Nasilenie objaw\u00f3w mo\u017ce by\u0107 r\u00f3\u017cne \u2013 od \u0142agodnego os\u0142abienia mimiki po ca\u0142kowity parali\u017c twarzy.<\/p>\n\n\n\n<p><strong>&gt;&gt; Zobacz: <\/strong><a href=\"https:\/\/www.alab.pl\/centrum-wiedzy\/zapalenie-nerwu-trojdzielnego-czym-jest-i-jak-sie-objawia-przyczyny-i-leczenie\/\"><strong>Zapalenie nerwu tr\u00f3jdzielnego \u2013 czym jest i jak si\u0119 objawia? Przyczyny i leczenie<\/strong><\/a><strong><\/strong><\/p>\n\n\n\n<h2 class=\"wp-block-heading\" id=\"Pora\u017cenie-nerwu-twarzowego-u-dzieci-\u2013-co-warto-wiedzie\u0107?\">Pora\u017cenie nerwu twarzowego u dzieci \u2013 co warto wiedzie\u0107?<\/h2>\n\n\n\n<p>Pora\u017cenie nerwu twarzowego u dzieci wyst\u0119puje rzadziej ni\u017c u doros\u0142ych, ale rokowania s\u0105 zazwyczaj bardzo dobre. U dzieci szczeg\u00f3lnie wa\u017cne jest wykluczenie boreliozy oraz <a href=\"https:\/\/www.alab.pl\/centrum-wiedzy\/ostre-zapalenie-ucha-srodkowego-u-dzieci-jeden-z-najczestszych-problemow-malych-dzieci\/\">infekcji ucha \u015brodkowego<\/a>. W wi\u0119kszo\u015bci przypadk\u00f3w dochodzi do pe\u0142nego wyzdrowienia.<\/p>\n\n\n\n<h2 class=\"wp-block-heading\" id=\"Obwodowe-pora\u017cenie-nerwu-twarzowego-\u2013-diagnostyka-przypad\u0142o\u015bci\">Obwodowe pora\u017cenie nerwu twarzowego \u2013 diagnostyka przypad\u0142o\u015bci<\/h2>\n\n\n\n<p>Diagnostyka opiera si\u0119 g\u0142\u00f3wnie na badaniu neurologicznym. Lekarz ocenia symetri\u0119 twarzy, odruchy oraz funkcj\u0119 innych nerw\u00f3w czaszkowych. Kluczowe jest odr\u00f3\u017cnienie pora\u017cenia Bella od udaru m\u00f3zgu, kt\u00f3ry zwykle nie powoduje pora\u017cenia mi\u0119\u015bni czo\u0142a.<\/p>\n\n\n\n<p><strong>&gt;&gt; Warto przeczyta\u0107: <\/strong><a href=\"https:\/\/www.alab.pl\/centrum-wiedzy\/objawy-udaru-jak-rozpoznac-zblizajacy-sie-udar-mozgu\/\"><strong>Objawy udaru. Jak rozpozna\u0107 zbli\u017caj\u0105cy si\u0119 udar m\u00f3<\/strong><strong>zgu?<\/strong><\/a><strong><\/strong><\/p>\n\n\n\n<h3 class=\"wp-block-heading\" id=\"Badania-laboratoryjne-w-diagnozie-pora\u017cenia-Bella\">Badania laboratoryjne w diagnozie pora\u017cenia Bella<\/h3>\n\n\n\n<p>Badania laboratoryjne nie s\u0105 rutynowo wykonywane u ka\u017cdego pacjenta z podejrzeniem pora\u017cenia Bella, jednak <strong>maj\u0105 istotne znaczenie w sytuacjach, gdy obraz kliniczny jest nietypowy,<\/strong> objawy utrzymuj\u0105 si\u0119 d\u0142u\u017cej lub istnieje podejrzenie wt\u00f3rnej przyczyny pora\u017cenia nerwu twarzowego.<\/p>\n\n\n\n<p>U pacjent\u00f3w z wywiadem uk\u0142ucia przez kleszcza, objawami og\u00f3lnymi lub pora\u017ceniem nerwu twarzowego u dzieci zaleca si\u0119 wykonanie bada\u0144 serologicznych. Pomocnym rozwi\u0105zaniem mo\u017ce by\u0107 pakiet przesiewowy w kierunku boreliozy, kt\u00f3ry obejmuje oznaczenie przeciwcia\u0142 i pozwala na wczesne wykrycie zaka\u017cenia oraz szybkie wdro\u017cenie leczenia antybiotykiem.<\/p>\n\n\n\n<figure class=\"wp-block-image size-full\"><a href=\"https:\/\/www.alab.pl\/pakiet\/borelioza-pakiet-przesiewowy\"><img loading=\"lazy\" decoding=\"async\" width=\"800\" height=\"200\" src=\"https:\/\/www.alab.pl\/centrum-wiedzy\/wp-content\/uploads\/2025\/04\/Pakiet-borelioza-pakiet-przesiewowy-pierwszy-etap-diagnostyki.png\" alt=\"Pakiet borelioza - pakiet przesiewowy (pierwszy etap diagnostyki) banerek\" class=\"wp-image-23082\" srcset=\"https:\/\/www.alab.pl\/centrum-wiedzy\/wp-content\/uploads\/2025\/04\/Pakiet-borelioza-pakiet-przesiewowy-pierwszy-etap-diagnostyki.png 800w, https:\/\/www.alab.pl\/centrum-wiedzy\/wp-content\/uploads\/2025\/04\/Pakiet-borelioza-pakiet-przesiewowy-pierwszy-etap-diagnostyki-768x192.png 768w, https:\/\/www.alab.pl\/centrum-wiedzy\/wp-content\/uploads\/2025\/04\/Pakiet-borelioza-pakiet-przesiewowy-pierwszy-etap-diagnostyki-150x38.png 150w, https:\/\/www.alab.pl\/centrum-wiedzy\/wp-content\/uploads\/2025\/04\/Pakiet-borelioza-pakiet-przesiewowy-pierwszy-etap-diagnostyki-300x75.png 300w, https:\/\/www.alab.pl\/centrum-wiedzy\/wp-content\/uploads\/2025\/04\/Pakiet-borelioza-pakiet-przesiewowy-pierwszy-etap-diagnostyki-696x174.png 696w\" sizes=\"auto, (max-width: 800px) 100vw, 800px\" \/><\/a><\/figure>\n\n\n\n<p>W wybranych przypadkach lekarz mo\u017ce zleci\u0107 r\u00f3wnie\u017c inne badania laboratoryjne, takie jak:<\/p>\n\n\n\n<ul class=\"wp-block-list\">\n<li><a href=\"https:\/\/www.alab.pl\/badanie\/morfologia-krwi-c55\">morfologia krwi<\/a> oraz wska\u017aniki stanu zapalnego (<a href=\"https:\/\/www.alab.pl\/badanie\/bialko-c-reaktywne-crp-ilosciowe-i81\">CRP<\/a>, <a href=\"https:\/\/www.alab.pl\/badanie\/odczyn-biernackiego-c59\">OB<\/a>),<\/li>\n\n\n\n<li><a href=\"https:\/\/www.alab.pl\/badanie\/glukoza-l43\">glikemia<\/a> lub <a href=\"https:\/\/www.alab.pl\/badanie\/hemoglobina-glikowana-hba1c-l55\">HbA1c<\/a> w celu oceny zaburze\u0144 metabolicznych,<\/li>\n\n\n\n<li>badania w kierunku <a href=\"https:\/\/www.alab.pl\/centrum-wiedzy\/choroby-autoimmunologiczne-czym-sa-objawy-diagnostyka-i-leczenie\/\">chor\u00f3b autoimmunologicznych<\/a>, je\u015bli podejrzewa si\u0119 ich udzia\u0142 w patogenezie.<\/li>\n<\/ul>\n\n\n\n<p><strong>&gt;&gt; To wa\u017cne: <\/strong><a href=\"https:\/\/www.alab.pl\/centrum-wiedzy\/neuroborelioza-objawy-przyczyny-diagnostyka-i-leczenie\/\"><strong>Neuroborelioza \u2013 objawy, przyczyny, diagnostyka i leczenie<\/strong><\/a><strong><\/strong><\/p>\n\n\n\n<h2 class=\"wp-block-heading\" id=\"Pora\u017cenie-Bella-\u2013-leczenie\">Pora\u017cenie Bella \u2013 leczenie<\/h2>\n\n\n\n<p>Zgodnie z aktualnymi wytycznymi podstaw\u0105 leczenia jest wczesne zastosowanie <strong>glikokortykosteroid\u00f3w<\/strong>, najlepiej w ci\u0105gu 72 godzin od wyst\u0105pienia objaw\u00f3w. W wybranych przypadkach rozwa\u017ca si\u0119 leczenie przeciwwirusowe. Niezwykle wa\u017cna jest tak\u017ce ochrona oka przed wysychaniem.<\/p>\n\n\n\n<h3 class=\"wp-block-heading\" id=\"Rehabilitacja-i-\u0107wiczenia-w-obwodowym-pora\u017ceniu-nerwu-twarzowego\">Rehabilitacja i \u0107wiczenia w obwodowym pora\u017ceniu nerwu twarzowego<\/h3>\n\n\n\n<p>Rehabilitacja odgrywa istotn\u0105 rol\u0119 w powrocie do sprawno\u015bci. Przy pora\u017ceniu nerwu twarzowego \u0107wiczenia obejmuj\u0105 delikatne ruchy mimiczne, masa\u017c oraz terapi\u0119 prowadzon\u0105 przez fizjoterapeut\u0119. Regularne \u0107wiczenia mog\u0105 zmniejszy\u0107 ryzyko trwa\u0142ych nast\u0119pstw.<\/p>\n\n\n\n<h2 class=\"wp-block-heading\" id=\"Pora\u017cenie-nerwu-twarzowego-\u2013-rokowania\">Pora\u017cenie nerwu twarzowego \u2013 rokowania<\/h2>\n\n\n\n<p>Rokowanie jest na og\u00f3\u0142 dobre. Oko\u0142o 70-85% pacjent\u00f3w odzyskuje pe\u0142n\u0105 sprawno\u015b\u0107 bez trwa\u0142ych deficyt\u00f3w. Gorsze rokowanie dotyczy os\u00f3b z ca\u0142kowitym pora\u017ceniem oraz wsp\u00f3\u0142istniej\u0105cymi chorobami.<\/p>\n\n\n\n<h3 class=\"wp-block-heading\" id=\"Czy-mo\u017cliwe-jest-ca\u0142kowite-wyleczenie-pora\u017cenia-Bella?\">Czy mo\u017cliwe jest ca\u0142kowite wyleczenie pora\u017cenia Bella?<\/h3>\n\n\n\n<p>Tak, w wi\u0119kszo\u015bci przypadk\u00f3w pora\u017cenie Bella jest odwracalne. Kluczowe znaczenie ma szybkie rozpoznanie i wdro\u017cenie leczenia.<\/p>\n\n\n\n<h3 class=\"wp-block-heading\" id=\"Czy-trzeba-co\u015b-robi\u0107-po-zako\u0144czeniu-leczenia-pora\u017cenia-nerwu-twarzowego?\">Czy trzeba co\u015b robi\u0107 po zako\u0144czeniu leczenia pora\u017cenia nerwu twarzowego?<\/h3>\n\n\n\n<p>Po ust\u0105pieniu objaw\u00f3w warto kontynuowa\u0107 \u0107wiczenia mi\u0119\u015bni twarzy oraz zg\u0142osi\u0107 si\u0119 na kontrol\u0119 neurologiczn\u0105, zw\u0142aszcza je\u015bli utrzymuj\u0105 si\u0119 resztkowe dolegliwo\u015bci.<\/p>\n\n\n\n<p><strong>&gt;&gt; Zobacz: <\/strong><a href=\"https:\/\/www.alab.pl\/centrum-wiedzy\/nerw-trojdzielny-budowa-przebieg-i-obszary-unerwienia\/\"><strong>Nerw tr\u00f3jdzielny: budowa, przebieg i obszary unerwienia<\/strong><\/a><strong><\/strong><\/p>\n\n\n\n<h2 class=\"wp-block-heading\" id=\"Parali\u017c-Bella-\u2013-powik\u0142ania\">Parali\u017c Bella \u2013 powik\u0142ania<\/h2>\n\n\n\n<p>Rzadko mog\u0105 wyst\u0105pi\u0107 powik\u0142ania, takie jak synkinezy (nieprawid\u0142owe wsp\u00f3\u0142ruchy mi\u0119\u015bni), przewlek\u0142e \u0142zawienie oka czy trwa\u0142a asymetria twarzy.<\/p>\n\n\n\n<h2 class=\"wp-block-heading\" id=\"Obwodowe-pora\u017cenie-nerwu-twarzowego-\u2013-FAQ\">Obwodowe pora\u017cenie nerwu twarzowego \u2013 FAQ<\/h2>\n\n\n\n<div class=\"schema-faq wp-block-yoast-faq-block\"><div class=\"schema-faq-section\" id=\"faq-question-1769693314485\"><strong class=\"schema-faq-question\"><strong>Jak odr\u00f3\u017cni\u0107 pora\u017cenie Bella od udaru?<\/strong><\/strong> <p class=\"schema-faq-answer\">W pora\u017ceniu Bella dochodzi do pora\u017cenia ca\u0142ej po\u0142owy twarzy, \u0142\u0105cznie z czo\u0142em. W udarze mi\u0119\u015bnie czo\u0142a zwykle pozostaj\u0105 sprawne.<\/p> <\/div> <div class=\"schema-faq-section\" id=\"faq-question-1769693341960\"><strong class=\"schema-faq-question\"><strong>Czy pora\u017cenie nerwu twarzowego jest gro\u017ane?<\/strong><\/strong> <p class=\"schema-faq-answer\">Samo w sobie rzadko zagra\u017ca \u017cyciu, ale zawsze wymaga diagnostyki.<\/p> <\/div> <div class=\"schema-faq-section\" id=\"faq-question-1769693362777\"><strong class=\"schema-faq-question\"><strong>Czy pora\u017cenie nerwu twarzowego jest odwracalne?<\/strong><\/strong> <p class=\"schema-faq-answer\">W wi\u0119kszo\u015bci przypadk\u00f3w tak, zw\u0142aszcza przy szybkim leczeniu.<\/p> <\/div> <div class=\"schema-faq-section\" id=\"faq-question-1769693386461\"><strong class=\"schema-faq-question\"><strong>Czy pora\u017cenie Bella powoduje b\u00f3l za uchem?<\/strong><\/strong> <p class=\"schema-faq-answer\">Tak, b\u00f3l za uchem jest cz\u0119stym objawem pocz\u0105tkowym.<\/p> <\/div> <div class=\"schema-faq-section\" id=\"faq-question-1769693403158\"><strong class=\"schema-faq-question\"><strong>Czy stres mo\u017ce powodowa\u0107 pora\u017cenie nerwu twarzowego?<\/strong><\/strong> <p class=\"schema-faq-answer\"><a href=\"https:\/\/www.alab.pl\/centrum-wiedzy\/stres-przyjaciel-czy-wrog\/\">Stres<\/a> nie jest bezpo\u015bredni\u0105 przyczyn\u0105, ale mo\u017ce sprzyja\u0107 os\u0142abieniu odporno\u015bci.<\/p> <\/div> <div class=\"schema-faq-section\" id=\"faq-question-1769693418927\"><strong class=\"schema-faq-question\"><strong>Po jakim czasie mija pora\u017cenie Bella?<\/strong><\/strong> <p class=\"schema-faq-answer\">Najcz\u0119\u015bciej w ci\u0105gu kilku tygodni do kilku miesi\u0119cy.<\/p> <\/div> <\/div>\n\n\n\n<hr class=\"wp-block-separator has-alpha-channel-opacity\"\/>\n\n\n\n<p><strong>Bibliografia<\/strong><strong><\/strong><\/p>\n\n\n\n<ol class=\"wp-block-list\">\n<li>Murthy JM, et al. Bell&#8217;s palsy: Treatment guidelines. Ann Indian Acad Neurol. 2011<\/li>\n\n\n\n<li>Holland J, et al. Bell&#8217;s palsy. BMJ Clin Evid. 2011\u00a0<\/li>\n<\/ol>\n","protected":false},"excerpt":{"rendered":"<p>Pora\u017cenie nerwu twarzowego to nag\u0142e schorzenie neurologiczne prowadz\u0105ce do asymetrii twarzy i zaburze\u0144 mimiki. <\/p>\n","protected":false},"author":175,"featured_media":29406,"comment_status":"closed","ping_status":"closed","sticky":false,"template":"","format":"standard","meta":{"_acf_changed":false,"inline_featured_image":false,"footnotes":""},"categories":[13],"tags":[],"coauthors":[214],"class_list":{"0":"post-29403","1":"post","2":"type-post","3":"status-publish","4":"format-standard","5":"has-post-thumbnail","7":"category-choroby-ukladu-nerwowego"},"acf":[],"yoast_head":"<!-- This site is optimized with the Yoast SEO plugin v27.5 - https:\/\/yoast.com\/product\/yoast-seo-wordpress\/ -->\n<title>Pora\u017cenie nerwu twarzowego (pora\u017cenie Bella) \u2013 objawy, przyczyny i leczenie - Centrum Wiedzy ALAB laboratoria<\/title>\n<meta name=\"description\" content=\"Pora\u017cenie nerwu twarzowego to nag\u0142e schorzenie neurologiczne prowadz\u0105ce do asymetrii twarzy i zaburze\u0144 mimiki.\" \/>\n<meta name=\"robots\" content=\"index, follow, max-snippet:-1, max-image-preview:large, max-video-preview:-1\" \/>\n<link rel=\"canonical\" href=\"https:\/\/www.alab.pl\/centrum-wiedzy\/porazenie-nerwu-twarzowego-porazenie-bella-objawy-przyczyny-i-leczenie\/\" \/>\n<meta property=\"og:locale\" content=\"pl_PL\" \/>\n<meta property=\"og:type\" content=\"article\" \/>\n<meta property=\"og:title\" content=\"Pora\u017cenie nerwu twarzowego (pora\u017cenie Bella) \u2013 objawy, przyczyny i leczenie - Centrum Wiedzy ALAB laboratoria\" \/>\n<meta property=\"og:description\" content=\"Pora\u017cenie nerwu twarzowego to nag\u0142e schorzenie neurologiczne prowadz\u0105ce do asymetrii twarzy i zaburze\u0144 mimiki.\" \/>\n<meta property=\"og:url\" content=\"https:\/\/www.alab.pl\/centrum-wiedzy\/porazenie-nerwu-twarzowego-porazenie-bella-objawy-przyczyny-i-leczenie\/\" \/>\n<meta property=\"og:site_name\" content=\"Centrum Wiedzy ALAB laboratoria\" \/>\n<meta property=\"article:publisher\" content=\"https:\/\/www.facebook.com\/ALABlaboratoria\" \/>\n<meta property=\"article:published_time\" content=\"2026-01-29T13:34:11+00:00\" \/>\n<meta property=\"article:modified_time\" content=\"2026-01-29T13:34:14+00:00\" \/>\n<meta property=\"og:image\" content=\"https:\/\/www.alab.pl\/centrum-wiedzy\/wp-content\/uploads\/2026\/01\/porazenie_nerwu_twarzowego.jpg\" \/>\n\t<meta property=\"og:image:width\" content=\"2000\" \/>\n\t<meta property=\"og:image:height\" content=\"1333\" \/>\n\t<meta property=\"og:image:type\" content=\"image\/jpeg\" \/>\n<meta name=\"author\" content=\"Sara Aszkie\u0142owicz\" \/>\n<meta name=\"twitter:card\" content=\"summary_large_image\" \/>\n<meta name=\"twitter:label1\" content=\"Napisane przez\" \/>\n\t<meta name=\"twitter:data1\" content=\"Sara Aszkie\u0142owicz\" \/>\n\t<meta name=\"twitter:label2\" content=\"Szacowany czas czytania\" \/>\n\t<meta name=\"twitter:data2\" content=\"7 minut\" \/>\n\t<meta name=\"twitter:label3\" content=\"Written by\" \/>\n\t<meta name=\"twitter:data3\" content=\"Sara Aszkie\u0142owicz\" \/>\n<!-- \/ Yoast SEO plugin. -->","yoast_head_json":{"title":"Pora\u017cenie nerwu twarzowego (pora\u017cenie Bella) \u2013 objawy, przyczyny i leczenie - Centrum Wiedzy ALAB laboratoria","description":"Pora\u017cenie nerwu twarzowego to nag\u0142e schorzenie neurologiczne prowadz\u0105ce do asymetrii twarzy i zaburze\u0144 mimiki.","robots":{"index":"index","follow":"follow","max-snippet":"max-snippet:-1","max-image-preview":"max-image-preview:large","max-video-preview":"max-video-preview:-1"},"canonical":"https:\/\/www.alab.pl\/centrum-wiedzy\/porazenie-nerwu-twarzowego-porazenie-bella-objawy-przyczyny-i-leczenie\/","og_locale":"pl_PL","og_type":"article","og_title":"Pora\u017cenie nerwu twarzowego (pora\u017cenie Bella) \u2013 objawy, przyczyny i leczenie - Centrum Wiedzy ALAB laboratoria","og_description":"Pora\u017cenie nerwu twarzowego to nag\u0142e schorzenie neurologiczne prowadz\u0105ce do asymetrii twarzy i zaburze\u0144 mimiki.","og_url":"https:\/\/www.alab.pl\/centrum-wiedzy\/porazenie-nerwu-twarzowego-porazenie-bella-objawy-przyczyny-i-leczenie\/","og_site_name":"Centrum Wiedzy ALAB laboratoria","article_publisher":"https:\/\/www.facebook.com\/ALABlaboratoria","article_published_time":"2026-01-29T13:34:11+00:00","article_modified_time":"2026-01-29T13:34:14+00:00","og_image":[{"width":2000,"height":1333,"url":"https:\/\/www.alab.pl\/centrum-wiedzy\/wp-content\/uploads\/2026\/01\/porazenie_nerwu_twarzowego.jpg","type":"image\/jpeg"}],"author":"Sara Aszkie\u0142owicz","twitter_card":"summary_large_image","twitter_misc":{"Napisane przez":"Sara Aszkie\u0142owicz","Szacowany czas czytania":"7 minut","Written by":"Sara Aszkie\u0142owicz"},"schema":{"@context":"https:\/\/schema.org","@graph":[{"@type":"Article","@id":"https:\/\/www.alab.pl\/centrum-wiedzy\/porazenie-nerwu-twarzowego-porazenie-bella-objawy-przyczyny-i-leczenie\/#article","isPartOf":{"@id":"https:\/\/www.alab.pl\/centrum-wiedzy\/porazenie-nerwu-twarzowego-porazenie-bella-objawy-przyczyny-i-leczenie\/"},"author":{"name":"Sara Aszkie\u0142owicz","@id":"https:\/\/www.alab.pl\/centrum-wiedzy\/#\/schema\/person\/e1bd348f3902b896c4bf8ccdc5f54b4f"},"headline":"Pora\u017cenie nerwu twarzowego (pora\u017cenie Bella) \u2013 objawy, przyczyny i leczenie","datePublished":"2026-01-29T13:34:11+00:00","dateModified":"2026-01-29T13:34:14+00:00","mainEntityOfPage":{"@id":"https:\/\/www.alab.pl\/centrum-wiedzy\/porazenie-nerwu-twarzowego-porazenie-bella-objawy-przyczyny-i-leczenie\/"},"wordCount":1298,"publisher":{"@id":"https:\/\/www.alab.pl\/centrum-wiedzy\/#organization"},"image":{"@id":"https:\/\/www.alab.pl\/centrum-wiedzy\/porazenie-nerwu-twarzowego-porazenie-bella-objawy-przyczyny-i-leczenie\/#primaryimage"},"thumbnailUrl":"https:\/\/www.alab.pl\/centrum-wiedzy\/wp-content\/uploads\/2026\/01\/porazenie_nerwu_twarzowego.jpg","articleSection":["Choroby uk\u0142adu nerwowego"],"inLanguage":"pl-PL"},{"@type":["WebPage","FAQPage"],"@id":"https:\/\/www.alab.pl\/centrum-wiedzy\/porazenie-nerwu-twarzowego-porazenie-bella-objawy-przyczyny-i-leczenie\/","url":"https:\/\/www.alab.pl\/centrum-wiedzy\/porazenie-nerwu-twarzowego-porazenie-bella-objawy-przyczyny-i-leczenie\/","name":"Pora\u017cenie nerwu twarzowego (pora\u017cenie Bella) \u2013 objawy, przyczyny i leczenie - Centrum Wiedzy ALAB laboratoria","isPartOf":{"@id":"https:\/\/www.alab.pl\/centrum-wiedzy\/#website"},"primaryImageOfPage":{"@id":"https:\/\/www.alab.pl\/centrum-wiedzy\/porazenie-nerwu-twarzowego-porazenie-bella-objawy-przyczyny-i-leczenie\/#primaryimage"},"image":{"@id":"https:\/\/www.alab.pl\/centrum-wiedzy\/porazenie-nerwu-twarzowego-porazenie-bella-objawy-przyczyny-i-leczenie\/#primaryimage"},"thumbnailUrl":"https:\/\/www.alab.pl\/centrum-wiedzy\/wp-content\/uploads\/2026\/01\/porazenie_nerwu_twarzowego.jpg","datePublished":"2026-01-29T13:34:11+00:00","dateModified":"2026-01-29T13:34:14+00:00","description":"Pora\u017cenie nerwu twarzowego to nag\u0142e schorzenie neurologiczne prowadz\u0105ce do asymetrii twarzy i zaburze\u0144 mimiki.","breadcrumb":{"@id":"https:\/\/www.alab.pl\/centrum-wiedzy\/porazenie-nerwu-twarzowego-porazenie-bella-objawy-przyczyny-i-leczenie\/#breadcrumb"},"mainEntity":[{"@id":"https:\/\/www.alab.pl\/centrum-wiedzy\/porazenie-nerwu-twarzowego-porazenie-bella-objawy-przyczyny-i-leczenie\/#faq-question-1769693314485"},{"@id":"https:\/\/www.alab.pl\/centrum-wiedzy\/porazenie-nerwu-twarzowego-porazenie-bella-objawy-przyczyny-i-leczenie\/#faq-question-1769693341960"},{"@id":"https:\/\/www.alab.pl\/centrum-wiedzy\/porazenie-nerwu-twarzowego-porazenie-bella-objawy-przyczyny-i-leczenie\/#faq-question-1769693362777"},{"@id":"https:\/\/www.alab.pl\/centrum-wiedzy\/porazenie-nerwu-twarzowego-porazenie-bella-objawy-przyczyny-i-leczenie\/#faq-question-1769693386461"},{"@id":"https:\/\/www.alab.pl\/centrum-wiedzy\/porazenie-nerwu-twarzowego-porazenie-bella-objawy-przyczyny-i-leczenie\/#faq-question-1769693403158"},{"@id":"https:\/\/www.alab.pl\/centrum-wiedzy\/porazenie-nerwu-twarzowego-porazenie-bella-objawy-przyczyny-i-leczenie\/#faq-question-1769693418927"}],"inLanguage":"pl-PL","potentialAction":[{"@type":"ReadAction","target":["https:\/\/www.alab.pl\/centrum-wiedzy\/porazenie-nerwu-twarzowego-porazenie-bella-objawy-przyczyny-i-leczenie\/"]}]},{"@type":"ImageObject","inLanguage":"pl-PL","@id":"https:\/\/www.alab.pl\/centrum-wiedzy\/porazenie-nerwu-twarzowego-porazenie-bella-objawy-przyczyny-i-leczenie\/#primaryimage","url":"https:\/\/www.alab.pl\/centrum-wiedzy\/wp-content\/uploads\/2026\/01\/porazenie_nerwu_twarzowego.jpg","contentUrl":"https:\/\/www.alab.pl\/centrum-wiedzy\/wp-content\/uploads\/2026\/01\/porazenie_nerwu_twarzowego.jpg","width":2000,"height":1333,"caption":"pora\u017cenie nerwu twarzowego"},{"@type":"BreadcrumbList","@id":"https:\/\/www.alab.pl\/centrum-wiedzy\/porazenie-nerwu-twarzowego-porazenie-bella-objawy-przyczyny-i-leczenie\/#breadcrumb","itemListElement":[{"@type":"ListItem","position":1,"name":"Strona g\u0142\u00f3wna","item":"https:\/\/www.alab.pl\/centrum-wiedzy\/"},{"@type":"ListItem","position":2,"name":"Pora\u017cenie nerwu twarzowego (pora\u017cenie Bella) \u2013 objawy, przyczyny i leczenie"}]},{"@type":"WebSite","@id":"https:\/\/www.alab.pl\/centrum-wiedzy\/#website","url":"https:\/\/www.alab.pl\/centrum-wiedzy\/","name":"Centrum Wiedzy ALAB laboratoria","description":"","publisher":{"@id":"https:\/\/www.alab.pl\/centrum-wiedzy\/#organization"},"potentialAction":[{"@type":"SearchAction","target":{"@type":"EntryPoint","urlTemplate":"https:\/\/www.alab.pl\/centrum-wiedzy\/?s={search_term_string}"},"query-input":{"@type":"PropertyValueSpecification","valueRequired":true,"valueName":"search_term_string"}}],"inLanguage":"pl-PL"},{"@type":"Organization","@id":"https:\/\/www.alab.pl\/centrum-wiedzy\/#organization","name":"Centrum Wiedzy ALAB laboratoria","url":"https:\/\/www.alab.pl\/centrum-wiedzy\/","logo":{"@type":"ImageObject","inLanguage":"pl-PL","@id":"https:\/\/www.alab.pl\/centrum-wiedzy\/#\/schema\/logo\/image\/","url":"https:\/\/www.alab.pl\/centrum-wiedzy\/wp-content\/uploads\/2022\/04\/alabek.jpg","contentUrl":"https:\/\/www.alab.pl\/centrum-wiedzy\/wp-content\/uploads\/2022\/04\/alabek.jpg","width":1250,"height":1251,"caption":"Centrum Wiedzy ALAB laboratoria"},"image":{"@id":"https:\/\/www.alab.pl\/centrum-wiedzy\/#\/schema\/logo\/image\/"},"sameAs":["https:\/\/www.facebook.com\/ALABlaboratoria"]},{"@type":"Person","@id":"https:\/\/www.alab.pl\/centrum-wiedzy\/#\/schema\/person\/e1bd348f3902b896c4bf8ccdc5f54b4f","name":"Sara Aszkie\u0142owicz","image":{"@type":"ImageObject","inLanguage":"pl-PL","@id":"https:\/\/www.alab.pl\/centrum-wiedzy\/wp-content\/uploads\/2024\/12\/Sara-Aszkielowicz.jpga3c8b438ba9bbe816fb0922931f740b7","url":"https:\/\/www.alab.pl\/centrum-wiedzy\/wp-content\/uploads\/2024\/12\/Sara-Aszkielowicz.jpg","contentUrl":"https:\/\/www.alab.pl\/centrum-wiedzy\/wp-content\/uploads\/2024\/12\/Sara-Aszkielowicz.jpg","caption":"Sara Aszkie\u0142owicz"},"description":"Absolwentka Wydzia\u0142u Lekarskiego Uniwersytetu Medycznego w \u0141odzi, obecnie odbywaj\u0105ca szkolenie specjalizacyjne w Klinice Endokrynologii i Chor\u00f3b Metabolicznych Instytutu Centrum Zdrowia Matki Polki w \u0141odzi. Jej zainteresowania naukowe koncentruj\u0105 si\u0119 na zaburzeniach wzrastania, przedwczesnym i op\u00f3\u017aniaj\u0105cym si\u0119 dojrzewaniu p\u0142ciowym, chorobach nadnerczy oraz zaburzeniach mineralizacji ko\u015bci i gospodarki wapniowo-fosforanowej u dzieci.","url":"https:\/\/www.alab.pl\/centrum-wiedzy\/author\/sara-aszkielowicz\/"},{"@type":"Question","@id":"https:\/\/www.alab.pl\/centrum-wiedzy\/porazenie-nerwu-twarzowego-porazenie-bella-objawy-przyczyny-i-leczenie\/#faq-question-1769693314485","position":1,"url":"https:\/\/www.alab.pl\/centrum-wiedzy\/porazenie-nerwu-twarzowego-porazenie-bella-objawy-przyczyny-i-leczenie\/#faq-question-1769693314485","name":"Jak odr\u00f3\u017cni\u0107 pora\u017cenie Bella od udaru?","answerCount":1,"acceptedAnswer":{"@type":"Answer","text":"W pora\u017ceniu Bella dochodzi do pora\u017cenia ca\u0142ej po\u0142owy twarzy, \u0142\u0105cznie z czo\u0142em. W udarze mi\u0119\u015bnie czo\u0142a zwykle pozostaj\u0105 sprawne.","inLanguage":"pl-PL"},"inLanguage":"pl-PL"},{"@type":"Question","@id":"https:\/\/www.alab.pl\/centrum-wiedzy\/porazenie-nerwu-twarzowego-porazenie-bella-objawy-przyczyny-i-leczenie\/#faq-question-1769693341960","position":2,"url":"https:\/\/www.alab.pl\/centrum-wiedzy\/porazenie-nerwu-twarzowego-porazenie-bella-objawy-przyczyny-i-leczenie\/#faq-question-1769693341960","name":"Czy pora\u017cenie nerwu twarzowego jest gro\u017ane?","answerCount":1,"acceptedAnswer":{"@type":"Answer","text":"Samo w sobie rzadko zagra\u017ca \u017cyciu, ale zawsze wymaga diagnostyki.","inLanguage":"pl-PL"},"inLanguage":"pl-PL"},{"@type":"Question","@id":"https:\/\/www.alab.pl\/centrum-wiedzy\/porazenie-nerwu-twarzowego-porazenie-bella-objawy-przyczyny-i-leczenie\/#faq-question-1769693362777","position":3,"url":"https:\/\/www.alab.pl\/centrum-wiedzy\/porazenie-nerwu-twarzowego-porazenie-bella-objawy-przyczyny-i-leczenie\/#faq-question-1769693362777","name":"Czy pora\u017cenie nerwu twarzowego jest odwracalne?","answerCount":1,"acceptedAnswer":{"@type":"Answer","text":"W wi\u0119kszo\u015bci przypadk\u00f3w tak, zw\u0142aszcza przy szybkim leczeniu.","inLanguage":"pl-PL"},"inLanguage":"pl-PL"},{"@type":"Question","@id":"https:\/\/www.alab.pl\/centrum-wiedzy\/porazenie-nerwu-twarzowego-porazenie-bella-objawy-przyczyny-i-leczenie\/#faq-question-1769693386461","position":4,"url":"https:\/\/www.alab.pl\/centrum-wiedzy\/porazenie-nerwu-twarzowego-porazenie-bella-objawy-przyczyny-i-leczenie\/#faq-question-1769693386461","name":"Czy pora\u017cenie Bella powoduje b\u00f3l za uchem?","answerCount":1,"acceptedAnswer":{"@type":"Answer","text":"Tak, b\u00f3l za uchem jest cz\u0119stym objawem pocz\u0105tkowym.","inLanguage":"pl-PL"},"inLanguage":"pl-PL"},{"@type":"Question","@id":"https:\/\/www.alab.pl\/centrum-wiedzy\/porazenie-nerwu-twarzowego-porazenie-bella-objawy-przyczyny-i-leczenie\/#faq-question-1769693403158","position":5,"url":"https:\/\/www.alab.pl\/centrum-wiedzy\/porazenie-nerwu-twarzowego-porazenie-bella-objawy-przyczyny-i-leczenie\/#faq-question-1769693403158","name":"Czy stres mo\u017ce powodowa\u0107 pora\u017cenie nerwu twarzowego?","answerCount":1,"acceptedAnswer":{"@type":"Answer","text":"<a href=\"https:\/\/www.alab.pl\/centrum-wiedzy\/stres-przyjaciel-czy-wrog\/\">Stres<\/a> nie jest bezpo\u015bredni\u0105 przyczyn\u0105, ale mo\u017ce sprzyja\u0107 os\u0142abieniu odporno\u015bci.","inLanguage":"pl-PL"},"inLanguage":"pl-PL"},{"@type":"Question","@id":"https:\/\/www.alab.pl\/centrum-wiedzy\/porazenie-nerwu-twarzowego-porazenie-bella-objawy-przyczyny-i-leczenie\/#faq-question-1769693418927","position":6,"url":"https:\/\/www.alab.pl\/centrum-wiedzy\/porazenie-nerwu-twarzowego-porazenie-bella-objawy-przyczyny-i-leczenie\/#faq-question-1769693418927","name":"Po jakim czasie mija pora\u017cenie Bella?","answerCount":1,"acceptedAnswer":{"@type":"Answer","text":"Najcz\u0119\u015bciej w ci\u0105gu kilku tygodni do kilku miesi\u0119cy.","inLanguage":"pl-PL"},"inLanguage":"pl-PL"}]}},"_links":{"self":[{"href":"https:\/\/www.alab.pl\/centrum-wiedzy\/wp-json\/wp\/v2\/posts\/29403","targetHints":{"allow":["GET"]}}],"collection":[{"href":"https:\/\/www.alab.pl\/centrum-wiedzy\/wp-json\/wp\/v2\/posts"}],"about":[{"href":"https:\/\/www.alab.pl\/centrum-wiedzy\/wp-json\/wp\/v2\/types\/post"}],"author":[{"embeddable":true,"href":"https:\/\/www.alab.pl\/centrum-wiedzy\/wp-json\/wp\/v2\/users\/175"}],"replies":[{"embeddable":true,"href":"https:\/\/www.alab.pl\/centrum-wiedzy\/wp-json\/wp\/v2\/comments?post=29403"}],"version-history":[{"count":3,"href":"https:\/\/www.alab.pl\/centrum-wiedzy\/wp-json\/wp\/v2\/posts\/29403\/revisions"}],"predecessor-version":[{"id":29407,"href":"https:\/\/www.alab.pl\/centrum-wiedzy\/wp-json\/wp\/v2\/posts\/29403\/revisions\/29407"}],"wp:featuredmedia":[{"embeddable":true,"href":"https:\/\/www.alab.pl\/centrum-wiedzy\/wp-json\/wp\/v2\/media\/29406"}],"wp:attachment":[{"href":"https:\/\/www.alab.pl\/centrum-wiedzy\/wp-json\/wp\/v2\/media?parent=29403"}],"wp:term":[{"taxonomy":"category","embeddable":true,"href":"https:\/\/www.alab.pl\/centrum-wiedzy\/wp-json\/wp\/v2\/categories?post=29403"},{"taxonomy":"post_tag","embeddable":true,"href":"https:\/\/www.alab.pl\/centrum-wiedzy\/wp-json\/wp\/v2\/tags?post=29403"},{"taxonomy":"author","embeddable":true,"href":"https:\/\/www.alab.pl\/centrum-wiedzy\/wp-json\/wp\/v2\/coauthors?post=29403"}],"curies":[{"name":"wp","href":"https:\/\/api.w.org\/{rel}","templated":true}]}}