{"id":29416,"date":"2026-01-30T07:22:07","date_gmt":"2026-01-30T06:22:07","guid":{"rendered":"https:\/\/www.alab.pl\/centrum-wiedzy\/?p=29416"},"modified":"2026-02-02T08:03:15","modified_gmt":"2026-02-02T07:03:15","slug":"podwyzszone-leukocyty-w-ciazy-o-czym-moga-swiadczyc","status":"publish","type":"post","link":"https:\/\/www.alab.pl\/centrum-wiedzy\/podwyzszone-leukocyty-w-ciazy-o-czym-moga-swiadczyc\/","title":{"rendered":"Podwy\u017cszone leukocyty w ci\u0105\u017cy \u2013 o czym mog\u0105 \u015bwiadczy\u0107?"},"content":{"rendered":"\n<p><strong>Ci\u0105\u017ca to stan, w kt\u00f3rym kobiety szczeg\u00f3lnie cz\u0119sto si\u0119 badaj\u0105. Z powodu zmian fizjologicznych, wyniki niekt\u00f3rych bada\u0144 maj\u0105 w\u00f3wczas inne zakresy referencyjne (tzw. normy). Jakie zmiany zachodz\u0105 w morfologii? Kiedy niepokoi\u0107 si\u0119 z powodu zbyt wysokich leukocyt\u00f3w? Zapraszamy do przeczytania.<\/strong><\/p>\n\n\n\n<figure class=\"wp-block-table\"><table class=\"has-fixed-layout\"><tbody><tr><td><strong>Z tego artyku\u0142u dowiesz si\u0119: <br><\/strong>&gt;&gt; dlaczego w przebiegu ci\u0105\u017cy zachodz\u0105 zmiany w morfologii, <br>&gt;&gt; \u017ce podwy\u017cszone leukocyty w ci\u0105\u017cy s\u0105 zjawiskiem fizjologicznym, <br>&gt;&gt; \u017ce liczba leukocyt\u00f3w w ci\u0105\u017cy mo\u017ce wynosi\u0107 nawet 20 tys\/\u03bcL, <br>&gt;&gt; \u017ce podwy\u017cszone neutrofile w ci\u0105\u017cy s\u0105 zmian\u0105 fizjologiczn\u0105, <br>&gt;&gt; \u017ce zaleca si\u0119 5-6 bada\u0144 morfologii krwi w ci\u0105gu ca\u0142ej ci\u0105\u017cy, <br>&gt;&gt; je\u015bli podwy\u017cszonym leukocytom towarzysz\u0105 objawy infekcji trzeba zg\u0142osi\u0107 si\u0119 do lekarza. &nbsp;<\/td><\/tr><\/tbody><\/table><\/figure>\n\n\n\n<p><strong>Spis tre\u015bci:<\/strong><\/p>\n\n\n\n<ol class=\"wp-block-list\">\n<li><a href=\"#Morfologia-krwi-w-ci\u0105\u017cy-\u2013-jak-cz\u0119sto-nale\u017cy-wykonywa\u0107-badanie?\">Morfologia krwi w ci\u0105\u017cy \u2013 jak cz\u0119sto nale\u017cy wykonywa\u0107 badanie?<\/a><\/li>\n\n\n\n<li><a href=\"#Jakie-zmiany-zachodz\u0105-w-morfologii-krwi-w-ci\u0105\u017cy?\">Jakie zmiany zachodz\u0105 w morfologii krwi w ci\u0105\u017cy?<\/a>\n<ul class=\"wp-block-list\">\n<li><span style=\"color: initial;\"><a href=\"#Erytrocyty-w-ci\u0105\u017cy\">Erytrocyty w ci\u0105\u017cy<\/a><\/span><\/li>\n\n\n\n<li><span style=\"color: initial;\"><a href=\"#P\u0142ytki-krwi-w-ci\u0105\u017cy\">P\u0142ytki krwi w ci\u0105\u017cy<\/a><\/span><\/li>\n\n\n\n<li><a href=\"#Liczba-leukocyt\u00f3w-w-ci\u0105\u017cy\">Liczba leukocyt\u00f3w w ci\u0105\u017cy<\/a><\/li>\n<\/ul>\n<\/li>\n\n\n\n<li><a href=\"#Leukocyty-w-ci\u0105\u017cy-\u2013-jakie-s\u0105-normy-(warto\u015bci-referencyjne)?\">Leukocyty w ci\u0105\u017cy \u2013 jakie s\u0105 normy (warto\u015bci referencyjne)?<\/a><\/li>\n\n\n\n<li><a href=\"#Leukocytoza-w-ci\u0105\u017cy-\u2013-kiedy-zg\u0142osi\u0107-si\u0119-do-lekarza?\">Leukocytoza w ci\u0105\u017cy \u2013 kiedy zg\u0142osi\u0107 si\u0119 do lekarza?<\/a><\/li>\n\n\n\n<li><a href=\"#Podwy\u017cszone-leukocyty-w-ci\u0105\u017cy-\u2013-FAQ\">Podwy\u017cszone leukocyty w ci\u0105\u017cy \u2013 FAQ<\/a><\/li>\n\n\n\n<li><a href=\"#Zako\u0144czenie\">Zako\u0144czenie<\/a><\/li>\n<\/ol>\n\n\n\n<h2 class=\"wp-block-heading\" id=\"Morfologia-krwi-w-ci\u0105\u017cy-\u2013-jak-cz\u0119sto-nale\u017cy-wykonywa\u0107-badanie?\">Morfologia krwi w ci\u0105\u017cy \u2013 jak cz\u0119sto nale\u017cy wykonywa\u0107 badanie?<\/h2>\n\n\n\n<p>Morfologia to badanie wykonywane przez kobiet\u0119 w ci\u0105\u017cy kilka razy. Ju\u017c na pierwszej konsultacji medycznej powinno zosta\u0107 wystawione skierowanie na to badanie. Kolejne badania morfologii krwi w ci\u0105\u017cy powinny by\u0107 przeprowadzone:<\/p>\n\n\n\n<ul class=\"wp-block-list\">\n<li>mi\u0119dzy 15 a 20 tygodniem,<\/li>\n\n\n\n<li>mi\u0119dzy 21 a 26 tygodniem,<\/li>\n\n\n\n<li>mi\u0119dzy 27 a 32 tygodniem,<\/li>\n\n\n\n<li>mi\u0119dzy 33 a 37 tygodniem,<\/li>\n\n\n\n<li>ostanie badanie przed 40 tygodniem \u2013 mi\u0119dzy 38 a 39 tygodniem ci\u0105\u017cy.<\/li>\n<\/ul>\n\n\n\n<p><strong>&gt;&gt; Przeczytaj tak\u017ce: <a href=\"https:\/\/www.alab.pl\/centrum-wiedzy\/kalendarz-badan-w-ciazy-kiedy-i-jakie-badania-nalezy-wykonac\/\">Kalendarz bada\u0144 w ci\u0105\u017cy. Kiedy i jakie badania nale\u017cy wykona\u0107?<\/a><\/strong><\/p>\n\n\n\n<figure class=\"wp-block-image size-full\"><a href=\"https:\/\/www.alab.pl\/badanie\/morfologia-krwi-c55\"><img loading=\"lazy\" decoding=\"async\" width=\"800\" height=\"200\" src=\"https:\/\/www.alab.pl\/centrum-wiedzy\/wp-content\/uploads\/2025\/02\/Morfologia.jpg\" alt=\"Morfologia banerek\" class=\"wp-image-21108\" srcset=\"https:\/\/www.alab.pl\/centrum-wiedzy\/wp-content\/uploads\/2025\/02\/Morfologia.jpg 800w, https:\/\/www.alab.pl\/centrum-wiedzy\/wp-content\/uploads\/2025\/02\/Morfologia-768x192.jpg 768w, https:\/\/www.alab.pl\/centrum-wiedzy\/wp-content\/uploads\/2025\/02\/Morfologia-150x38.jpg 150w, https:\/\/www.alab.pl\/centrum-wiedzy\/wp-content\/uploads\/2025\/02\/Morfologia-300x75.jpg 300w, https:\/\/www.alab.pl\/centrum-wiedzy\/wp-content\/uploads\/2025\/02\/Morfologia-696x174.jpg 696w\" sizes=\"auto, (max-width: 800px) 100vw, 800px\" \/><\/a><\/figure>\n\n\n\n<h2 class=\"wp-block-heading\" id=\"Jakie-zmiany-zachodz\u0105-w-morfologii-krwi-w-ci\u0105\u017cy?\">Jakie zmiany zachodz\u0105 w morfologii krwi w ci\u0105\u017cy?<\/h2>\n\n\n\n<p>W morfologii krwi w ci\u0105\u017cy obserwuje si\u0119 fizjologiczne zmiany w ka\u017cdym z trzech uk\u0142ad\u00f3w: czerwonokrwinkowym, bia\u0142okrwinkowym i w <a href=\"https:\/\/www.alab.pl\/centrum-wiedzy\/plytki-krwi-trombocyty-czym-sa-co-oznacza-ich-podwyzszony-lub-obnizony-poziom\/\">p\u0142ytkach krwi<\/a>. S\u0105 one spowodowane:<\/p>\n\n\n\n<ul class=\"wp-block-list\">\n<li>hiperwolemi\u0105 \u2013 stanem nadmiaru p\u0142yn\u00f3w w krwiobiegu i tkankach, co powoduje relatywne rozcie\u0144czenie krwi. W 16. tygodniu ci\u0105\u017cy obj\u0119to\u015b\u0107 osocza zwi\u0119ksza si\u0119 o oko\u0142o 10%, w 26 tygodniu a\u017c o 50% i utrzymuje si\u0119 do ko\u0144ca ci\u0105\u017cy;<\/li>\n\n\n\n<li>zwi\u0119kszonym zapotrzebowaniem metabolicznym p\u0142odu, kt\u00f3re jest pokrywane m.in. dzi\u0119ki zwi\u0119kszonemu przep\u0142ywowi krwi przez ci\u0119\u017carn\u0105 <a href=\"https:\/\/www.alab.pl\/centrum-wiedzy\/macica-budowa-funkcje-umiejscowienie\/\">macic\u0119<\/a>;<\/li>\n\n\n\n<li>zmianami hormonalnymi \u2013 dzia\u0142aniem estrogenu i progesteronu oraz wzrostem poziomu aldosteronu, co prowadzi do zatrzymywania w ustroju sodu i wody.<\/li>\n<\/ul>\n\n\n\n<p><strong>&gt;&gt; Warto sprawdzi\u0107: <a href=\"https:\/\/www.alab.pl\/centrum-wiedzy\/morfologia-krwi-badanie-ktore-moze-uratowac-zycie\/\">Morfologia krwi \u2013 co oznaczaj\u0105 wyniki i jak je odczyta\u0107?<\/a><\/strong><\/p>\n\n\n\n<h3 class=\"wp-block-heading\" id=\"Erytrocyty-w-ci\u0105\u017cy\">Erytrocyty w ci\u0105\u017cy<\/h3>\n\n\n\n<p>U kobiety w ci\u0105\u017cy wzrost obj\u0119to\u015bci <a href=\"https:\/\/www.alab.pl\/centrum-wiedzy\/osocze-jaka-pelni-role-i-kiedy-sie-je-podaje-sklad-i-zastosowanie\/\">osocza<\/a> to 40-50% stanu sprzed ci\u0105\u017cy. Zwi\u0119ksza si\u0119 r\u00f3wnie\u017c masa <a href=\"https:\/\/www.alab.pl\/centrum-wiedzy\/badanie-rbc-liczby-erytrocytow-po-co-sie-je-wykonuje-interpretacja-wynikow\/\">erytrocyt\u00f3w<\/a>, jednak jest to wzrost o ok. 20%. Z tego powodu u kobiet w ci\u0105\u017cy wyst\u0119puje fizjologiczna niedokrwisto\u015b\u0107 ci\u0119\u017carnych, wyra\u017caj\u0105ca si\u0119 w spadku bezwzgl\u0119dnej liczby erytrocyt\u00f3w oraz poziomu hemoglobiny.<\/p>\n\n\n\n<h3 class=\"wp-block-heading\" id=\"P\u0142ytki-krwi-w-ci\u0105\u017cy\">P\u0142ytki krwi w ci\u0105\u017cy<\/h3>\n\n\n\n<p>Liczba p\u0142ytek krwi (trombocyt\u00f3w) w ci\u0105\u017cy spada w II i III trymestrze o ok. 10%. Jest nie tylko skutkiem zwi\u0119kszenia obj\u0119to\u015bci osocza, ale r\u00f3wnie\u017c wzmo\u017conego rozpadu trombocyt\u00f3w. Jest to zjawisko szczeg\u00f3lnie widoczne w ci\u0105\u017cy mnogiej. Pomimo tych zmian proces <a href=\"https:\/\/www.alab.pl\/centrum-wiedzy\/krzepniecie-krwi-na-czym-polega-jakie-czynniki-wplywaja-na-krzepliwosc-krwi\/\">krzepni\u0119cia krwi<\/a>, w kt\u00f3ry zaanga\u017cowane s\u0105 p\u0142ytki, przebiega prawid\u0142owo.<\/p>\n\n\n\n<h3 class=\"wp-block-heading\" id=\"Liczba-leukocyt\u00f3w-w-ci\u0105\u017cy\">Liczba leukocyt\u00f3w w ci\u0105\u017cy<\/h3>\n\n\n\n<p>W ci\u0105\u017cy dochodzi do fizjologicznej leukocytozy, czyli zwi\u0119kszenia ca\u0142kowitej liczby krwinek bia\u0142ych. Szczyt tego zjawiska obserwuje si\u0119 zw\u0142aszcza w III trymestrze, a nasila si\u0119 ono po porodzie i we wczesnym po\u0142ogu.<\/p>\n\n\n\n<p>Przyczyna wzrostu liczby leukocyt\u00f3w w ci\u0105\u017cy nie jest znana, jednak zaobserwowano zwi\u0105zek ze wzmo\u017conym wysi\u0142kiem fizycznym.<\/p>\n\n\n\n<p><strong>>> Mo\u017ce Ci\u0119 zainteresowa\u0107 r\u00f3wnie\u017c: <a href=\"https:\/\/www.alab.pl\/centrum-wiedzy\/podwyzszony-poziom-leukocytow-we-krwi-o-czym-moze-swiadczyc-objawy-i-diagnostyka-leukocytozy\/\">Podwy\u017cszony poziom leukocyt\u00f3w we krwi \u2013 o czym mo\u017ce \u015bwiadczy\u0107? Objawy i diagnostyka leukocytozy<\/a><\/strong><\/p>\n\n\n\n<figure class=\"wp-block-image size-full\"><a href=\"https:\/\/www.alab.pl\/pakiet\/pakiet-kobiety-w-ciazy\"><img loading=\"lazy\" decoding=\"async\" width=\"800\" height=\"200\" src=\"https:\/\/www.alab.pl\/centrum-wiedzy\/wp-content\/uploads\/2025\/02\/Pakiet-kobiety-w-ciazy-16-badan.jpg\" alt=\"Pakiet kobiety w cia\u0328z\u0307y (16 badan\u0301) banerek\" class=\"wp-image-21710\" srcset=\"https:\/\/www.alab.pl\/centrum-wiedzy\/wp-content\/uploads\/2025\/02\/Pakiet-kobiety-w-ciazy-16-badan.jpg 800w, https:\/\/www.alab.pl\/centrum-wiedzy\/wp-content\/uploads\/2025\/02\/Pakiet-kobiety-w-ciazy-16-badan-768x192.jpg 768w, https:\/\/www.alab.pl\/centrum-wiedzy\/wp-content\/uploads\/2025\/02\/Pakiet-kobiety-w-ciazy-16-badan-150x38.jpg 150w, https:\/\/www.alab.pl\/centrum-wiedzy\/wp-content\/uploads\/2025\/02\/Pakiet-kobiety-w-ciazy-16-badan-300x75.jpg 300w, https:\/\/www.alab.pl\/centrum-wiedzy\/wp-content\/uploads\/2025\/02\/Pakiet-kobiety-w-ciazy-16-badan-696x174.jpg 696w\" sizes=\"auto, (max-width: 800px) 100vw, 800px\" \/><\/a><\/figure>\n\n\n\n<h2 class=\"wp-block-heading\" id=\"Leukocyty-w-ci\u0105\u017cy-\u2013-jakie-s\u0105-normy-(warto\u015bci-referencyjne)?\">Leukocyty w ci\u0105\u017cy \u2013 jakie s\u0105 normy (warto\u015bci referencyjne)?<\/h2>\n\n\n\n<p>Leukocytoza w ci\u0105\u017cy to zjawisko fizjologiczne, dlatego normy laboratoryjne dla kobiet w ci\u0105\u017cy s\u0105 wy\u017csze, ni\u017c u kobiet nieci\u0105\u017carnych.<\/p>\n\n\n\n<p>Og\u00f3lna norma leukocyt\u00f3w wynosi 4-10 tys.\/\u00b5L. <strong>Natomiast u kobiet w ci\u0105\u017cy wzrost liczby krwinek bia\u0142ych mo\u017ce wynosi\u0107 do 15-16 tys.\/\u00b5L, a w III trymestrze nawet 20 tys.\/\u00b5L<\/strong>.<\/p>\n\n\n\n<p>Jest to spowodowane zw\u0142aszcza wzrostem liczby neutrofil\u00f3w \u2013 granulocyt\u00f3w oboj\u0119tnoch\u0142onnych. Warto\u015bci referencyjne poza ci\u0105\u017c\u0105 dopuszczaj\u0105 5-7 tys.\/\u00b5L, natomiast dopuszczalna ich liczba w ci\u0105\u017cy to 10-11 tys.\/\u00b5L, a w III trymestrze nawet 13-14 tys.\/\u00b5L.<\/p>\n\n\n\n<p>Nale\u017cy podkre\u015bli\u0107, \u017ce <strong>s\u0105 to<\/strong> <strong>warto\u015bci orientacyjne, precyzyjne informacje s\u0105 zawsze zamieszone na wyniku z laboratorium<\/strong>. Je\u015bli przy liczbie leukocyt\u00f3w, cz\u0119sto oznaczonej jako WBC, widnieje literka H, oznacza to stan zbyt wysoki poziom bia\u0142ych krwinek. (H oznacza \u201e<em>high<\/em>\u201d \u2013 a angielskiego \u201epodwy\u017cszony\u201d).<\/p>\n\n\n\n<p><strong>&gt;&gt; Dowiedz si\u0119 wi\u0119cej z artyku\u0142u: <a href=\"https:\/\/www.alab.pl\/centrum-wiedzy\/leukocyty-i-bakterie-w-moczu-w-ciazy-kiedy-wyniki-badania-powinny-niepokoic\/\">Leukocyty i bakterie w moczu w ci\u0105\u017cy. Kiedy wyniki badania powinny niepokoi\u0107?<\/a><\/strong><\/p>\n\n\n\n<figure class=\"wp-block-table\"><table class=\"has-fixed-layout\"><tbody><tr><td><strong>WA\u017bNE:<br><\/strong>Poziom leukocyt\u00f3w u kobiety ci\u0119\u017carnej mo\u017ce osi\u0105ga\u0107 16 tys.\/\u00b5L, a w III trymestrze nawet 20 tys.\/\u00b5L.<\/td><\/tr><\/tbody><\/table><\/figure>\n\n\n\n<h2 class=\"wp-block-heading\" id=\"Leukocytoza-w-ci\u0105\u017cy-\u2013-kiedy-zg\u0142osi\u0107-si\u0119-do-lekarza?\">Leukocytoza w ci\u0105\u017cy \u2013 kiedy zg\u0142osi\u0107 si\u0119 do lekarza?<\/h2>\n\n\n\n<p>Dla bezpiecze\u0144stwa kobiety ci\u0119\u017carnej i dziecka, wszystkie wyniki bada\u0144 powinny by\u0107 konsultowane z lekarzem prowadz\u0105cym, na wyznaczonych zgodnie z harmonogramem wizytach.<\/p>\n\n\n\n<p>Jednak nale\u017cy koniecznie zg\u0142osi\u0107 si\u0119 do lekarza, nie czekaj\u0105c na wyznaczon\u0105 wizyt\u0119 je\u015bli:<\/p>\n\n\n\n<ul class=\"wp-block-list\">\n<li><strong>leukocytoza przekracza warto\u015bci 20 tys.\/\u00b5L<\/strong> <strong>lub warto\u015bci podane na wyniku<\/strong> z laboratorium;<\/li>\n\n\n\n<li>pacjentka obserwuje u siebie <strong>objawy <\/strong><a href=\"https:\/\/www.alab.pl\/centrum-wiedzy\/infekcja\/\"><strong>infekcji<\/strong><\/a>, np. gor\u0105czk\u0119;<\/li>\n\n\n\n<li><strong>leukocytoza nie ust\u0119puje w po\u0142ogu<\/strong>.<\/li>\n<\/ul>\n\n\n\n<p>Je\u015bli widoczne s\u0105 objawy infekcji mo\u017ce to wymaga\u0107 dalszej diagnostyki, np. <a href=\"https:\/\/www.alab.pl\/badanie\/bialko-c-reaktywne-crp-ilosciowe-i81\">badania CRP<\/a> czy <a href=\"https:\/\/www.alab.pl\/badanie\/badanie-ogolne-moczu-a01\">badania og\u00f3lnego moczu<\/a>.<\/p>\n\n\n\n<p>Je\u015bli natomiast nie ma objaw\u00f3w infekcji kluczowe b\u0119dzie przyjrzenie si\u0119 rozmazowi w morfologii, w kt\u00f3rym widoczne jest kt\u00f3re kom\u00f3rki powoduj\u0105 podwy\u017cszony wynik. W ci\u0105\u017cy ro\u015bnie liczba neutrofil\u00f3w, mog\u0105 pojawia\u0107 si\u0119 niedojrza\u0142e ich formy. Je\u015bli natomiast lekarz zobaczy inne niepokoj\u0105ce zmiany, np. kom\u00f3rki nieprawid\u0142owe, tzw. blasty, mo\u017ce zdecydowa\u0107 o dalszej diagnostyce.<\/p>\n\n\n\n<p><strong>&gt;&gt; Mo\u017ce Ci\u0119 zainteresowa\u0107: <a href=\"https:\/\/www.alab.pl\/centrum-wiedzy\/crp-w-ciazy-co-oznacza-podwyzszony-wynik\/\">CRP w ci\u0105\u017cy \u2013 co oznacza podwy\u017cszony wynik?<\/a><\/strong><\/p>\n\n\n\n<h2 class=\"wp-block-heading\" id=\"Podwy\u017cszone-leukocyty-w-ci\u0105\u017cy-\u2013-FAQ\">Podwy\u017cszone leukocyty w ci\u0105\u017cy \u2013 FAQ<\/h2>\n\n\n\n<div class=\"schema-faq wp-block-yoast-faq-block\"><div class=\"schema-faq-section\" id=\"faq-question-1769753825569\"><strong class=\"schema-faq-question\"><strong>Podwy\u017cszone leukocyty w ci\u0105\u017cy w 3. trymestrze \u2013 czy to pow\u00f3d do niepokoju?<\/strong><\/strong> <p class=\"schema-faq-answer\">Podwy\u017cszone leukocyty w ci\u0105\u017cy, zw\u0142aszcza w III trymestrze, s\u0105 fizjologi\u0105. Natomiast je\u015bli ich poziom przekracza 20 tys.\/\u00b5L lub warto\u015bci podane na wyniku danego laboratorium, oraz kobieta obserwuje dodatkowe objawy, nale\u017cy zg\u0142osi\u0107 si\u0119 do lekarza.<\/p> <\/div> <\/div>\n\n\n\n<h2 class=\"wp-block-heading\" id=\"Zako\u0144czenie\">Zako\u0144czenie<\/h2>\n\n\n\n<p>Badania laboratoryjne w ci\u0105\u017cy to bardzo wa\u017cny elementy prawid\u0142owej opieki nad matk\u0105 i dzieckiem. Dlatego ka\u017cda kobieta powinna przestrzega\u0107 rekomendowanego harmonogramu tych bada\u0144, w tym regularnie wykonywa\u0107 badanie morfologii krwi.<\/p>\n\n\n\n<hr class=\"wp-block-separator has-alpha-channel-opacity\"\/>\n\n\n\n<p><strong>Bibliografia<\/strong><\/p>\n\n\n\n<ol class=\"wp-block-list\">\n<li>https:\/\/www.mp.pl\/medycynarodzinna\/praktyka-kliniczna\/343408,morfologia-krwi-obwodowej-27-letnia-ciezarna-kobieta-z-leukocytoza,1<\/li>\n\n\n\n<li>Sieroszewski P., Haus O., Zimmer M. i in. Recommendations for prenatal diagnostics of the Polish Society of Gynaecologists and Obstetricians and the Polish Society of Human Genetics. Ginekol Pol, 2022, 93(5),427-437, (dost\u0119p 02.01.2026 r.)<\/li>\n\n\n\n<li>Dz. U. poz. 1756, Rozporz\u0105dzenie Ministra Zdrowia z dnia 16 sierpnia 2018 r w sprawie standardu organizacyjnego opieki oko\u0142oporodowej, (dost\u0119p 02.01.2026 r.)<\/li>\n\n\n\n<li>Pietruczuk M, Eusebio M, Gola\u0144ski J et al. Wytyczne Polskiego Towarzystwa Diagnostyki Laboratoryjnej i Kolegium Medycyny Laboratoryjnej dotycz\u0105ce badania morfologii krwi do stosowania w medycznych laboratoriach diagnostycznych. 2024. Diagn Lab.. (2024);60(3):139-172. https:\/\/doi.org\/10.5604\/01.3001.0054.7416.<\/li>\n\n\n\n<li>Dembi\u0144ska-Kie\u0107 A., Naskalski J.W., B. Solnica B. ; Diagnostyka laboratoryjna z elementami biochemii klinicznej; Edra Urban &amp; Partner; Wroc\u0142aw 2017; s.708-710.<\/li>\n<\/ol>\n\n\n\n<p><\/p>\n","protected":false},"excerpt":{"rendered":"<p>Sprawd\u017a, jakie zmiany zachodz\u0105 w morfologii podczas ci\u0105\u017cy. Dowiedz si\u0119, kiedy niepokoi\u0107 si\u0119 z powodu zbyt wysokich leukocyt\u00f3w.<\/p>\n","protected":false},"author":102,"featured_media":28904,"comment_status":"closed","ping_status":"closed","sticky":false,"template":"","format":"standard","meta":{"_acf_changed":false,"inline_featured_image":false,"footnotes":""},"categories":[6],"tags":[],"coauthors":[134],"class_list":{"0":"post-29416","1":"post","2":"type-post","3":"status-publish","4":"format-standard","5":"has-post-thumbnail","7":"category-badania-w-ciazy-testy-prenatalne"},"acf":[],"yoast_head":"<!-- This site is optimized with the Yoast SEO plugin v27.5 - https:\/\/yoast.com\/product\/yoast-seo-wordpress\/ -->\n<title>Podwy\u017cszone leukocyty w ci\u0105\u017cy \u2013 o czym mog\u0105 \u015bwiadczy\u0107? - Centrum Wiedzy ALAB laboratoria<\/title>\n<meta name=\"description\" content=\"Sprawd\u017a, jakie zmiany zachodz\u0105 w morfologii podczas ci\u0105\u017cy. Dowiedz si\u0119, kiedy niepokoi\u0107 si\u0119 z powodu zbyt wysokich leukocyt\u00f3w.\" \/>\n<meta name=\"robots\" content=\"index, follow, max-snippet:-1, max-image-preview:large, max-video-preview:-1\" \/>\n<link rel=\"canonical\" href=\"https:\/\/www.alab.pl\/centrum-wiedzy\/podwyzszone-leukocyty-w-ciazy-o-czym-moga-swiadczyc\/\" \/>\n<meta property=\"og:locale\" content=\"pl_PL\" \/>\n<meta property=\"og:type\" content=\"article\" \/>\n<meta property=\"og:title\" content=\"Podwy\u017cszone leukocyty w ci\u0105\u017cy \u2013 o czym mog\u0105 \u015bwiadczy\u0107? - Centrum Wiedzy ALAB laboratoria\" \/>\n<meta property=\"og:description\" content=\"Sprawd\u017a, jakie zmiany zachodz\u0105 w morfologii podczas ci\u0105\u017cy. Dowiedz si\u0119, kiedy niepokoi\u0107 si\u0119 z powodu zbyt wysokich leukocyt\u00f3w.\" \/>\n<meta property=\"og:url\" content=\"https:\/\/www.alab.pl\/centrum-wiedzy\/podwyzszone-leukocyty-w-ciazy-o-czym-moga-swiadczyc\/\" \/>\n<meta property=\"og:site_name\" content=\"Centrum Wiedzy ALAB laboratoria\" \/>\n<meta property=\"article:publisher\" content=\"https:\/\/www.facebook.com\/ALABlaboratoria\" \/>\n<meta property=\"article:author\" content=\"https:\/\/www.facebook.com\/agatastrukow\/\" \/>\n<meta property=\"article:published_time\" content=\"2026-01-30T06:22:07+00:00\" \/>\n<meta property=\"article:modified_time\" content=\"2026-02-02T07:03:15+00:00\" \/>\n<meta property=\"og:image\" content=\"https:\/\/www.alab.pl\/centrum-wiedzy\/wp-content\/uploads\/2026\/01\/Leukocytoza_w_ciazy_cover.jpg\" \/>\n\t<meta property=\"og:image:width\" content=\"1925\" \/>\n\t<meta property=\"og:image:height\" content=\"1285\" \/>\n\t<meta property=\"og:image:type\" content=\"image\/jpeg\" \/>\n<meta name=\"author\" content=\"Agata Strukow\" \/>\n<meta name=\"twitter:card\" content=\"summary_large_image\" \/>\n<meta name=\"twitter:label1\" content=\"Napisane przez\" \/>\n\t<meta name=\"twitter:data1\" content=\"Agata Strukow\" \/>\n\t<meta name=\"twitter:label2\" content=\"Szacowany czas czytania\" \/>\n\t<meta name=\"twitter:data2\" content=\"7 minut\" \/>\n\t<meta name=\"twitter:label3\" content=\"Written by\" \/>\n\t<meta name=\"twitter:data3\" content=\"Agata Strukow\" \/>\n<!-- \/ Yoast SEO plugin. -->","yoast_head_json":{"title":"Podwy\u017cszone leukocyty w ci\u0105\u017cy \u2013 o czym mog\u0105 \u015bwiadczy\u0107? - Centrum Wiedzy ALAB laboratoria","description":"Sprawd\u017a, jakie zmiany zachodz\u0105 w morfologii podczas ci\u0105\u017cy. Dowiedz si\u0119, kiedy niepokoi\u0107 si\u0119 z powodu zbyt wysokich leukocyt\u00f3w.","robots":{"index":"index","follow":"follow","max-snippet":"max-snippet:-1","max-image-preview":"max-image-preview:large","max-video-preview":"max-video-preview:-1"},"canonical":"https:\/\/www.alab.pl\/centrum-wiedzy\/podwyzszone-leukocyty-w-ciazy-o-czym-moga-swiadczyc\/","og_locale":"pl_PL","og_type":"article","og_title":"Podwy\u017cszone leukocyty w ci\u0105\u017cy \u2013 o czym mog\u0105 \u015bwiadczy\u0107? - Centrum Wiedzy ALAB laboratoria","og_description":"Sprawd\u017a, jakie zmiany zachodz\u0105 w morfologii podczas ci\u0105\u017cy. Dowiedz si\u0119, kiedy niepokoi\u0107 si\u0119 z powodu zbyt wysokich leukocyt\u00f3w.","og_url":"https:\/\/www.alab.pl\/centrum-wiedzy\/podwyzszone-leukocyty-w-ciazy-o-czym-moga-swiadczyc\/","og_site_name":"Centrum Wiedzy ALAB laboratoria","article_publisher":"https:\/\/www.facebook.com\/ALABlaboratoria","article_author":"https:\/\/www.facebook.com\/agatastrukow\/","article_published_time":"2026-01-30T06:22:07+00:00","article_modified_time":"2026-02-02T07:03:15+00:00","og_image":[{"width":1925,"height":1285,"url":"https:\/\/www.alab.pl\/centrum-wiedzy\/wp-content\/uploads\/2026\/01\/Leukocytoza_w_ciazy_cover.jpg","type":"image\/jpeg"}],"author":"Agata Strukow","twitter_card":"summary_large_image","twitter_misc":{"Napisane przez":"Agata Strukow","Szacowany czas czytania":"7 minut","Written by":"Agata Strukow"},"schema":{"@context":"https:\/\/schema.org","@graph":[{"@type":"Article","@id":"https:\/\/www.alab.pl\/centrum-wiedzy\/podwyzszone-leukocyty-w-ciazy-o-czym-moga-swiadczyc\/#article","isPartOf":{"@id":"https:\/\/www.alab.pl\/centrum-wiedzy\/podwyzszone-leukocyty-w-ciazy-o-czym-moga-swiadczyc\/"},"author":{"name":"Agata Strukow","@id":"https:\/\/www.alab.pl\/centrum-wiedzy\/#\/schema\/person\/4c4346aaa370a9ca773ee865bfbec588"},"headline":"Podwy\u017cszone leukocyty w ci\u0105\u017cy \u2013 o czym mog\u0105 \u015bwiadczy\u0107?","datePublished":"2026-01-30T06:22:07+00:00","dateModified":"2026-02-02T07:03:15+00:00","mainEntityOfPage":{"@id":"https:\/\/www.alab.pl\/centrum-wiedzy\/podwyzszone-leukocyty-w-ciazy-o-czym-moga-swiadczyc\/"},"wordCount":1258,"publisher":{"@id":"https:\/\/www.alab.pl\/centrum-wiedzy\/#organization"},"image":{"@id":"https:\/\/www.alab.pl\/centrum-wiedzy\/podwyzszone-leukocyty-w-ciazy-o-czym-moga-swiadczyc\/#primaryimage"},"thumbnailUrl":"https:\/\/www.alab.pl\/centrum-wiedzy\/wp-content\/uploads\/2026\/01\/Leukocytoza_w_ciazy_cover.jpg","articleSection":["Badania w ci\u0105\u017cy, testy prenatalne"],"inLanguage":"pl-PL"},{"@type":["WebPage","FAQPage"],"@id":"https:\/\/www.alab.pl\/centrum-wiedzy\/podwyzszone-leukocyty-w-ciazy-o-czym-moga-swiadczyc\/","url":"https:\/\/www.alab.pl\/centrum-wiedzy\/podwyzszone-leukocyty-w-ciazy-o-czym-moga-swiadczyc\/","name":"Podwy\u017cszone leukocyty w ci\u0105\u017cy \u2013 o czym mog\u0105 \u015bwiadczy\u0107? - Centrum Wiedzy ALAB laboratoria","isPartOf":{"@id":"https:\/\/www.alab.pl\/centrum-wiedzy\/#website"},"primaryImageOfPage":{"@id":"https:\/\/www.alab.pl\/centrum-wiedzy\/podwyzszone-leukocyty-w-ciazy-o-czym-moga-swiadczyc\/#primaryimage"},"image":{"@id":"https:\/\/www.alab.pl\/centrum-wiedzy\/podwyzszone-leukocyty-w-ciazy-o-czym-moga-swiadczyc\/#primaryimage"},"thumbnailUrl":"https:\/\/www.alab.pl\/centrum-wiedzy\/wp-content\/uploads\/2026\/01\/Leukocytoza_w_ciazy_cover.jpg","datePublished":"2026-01-30T06:22:07+00:00","dateModified":"2026-02-02T07:03:15+00:00","description":"Sprawd\u017a, jakie zmiany zachodz\u0105 w morfologii podczas ci\u0105\u017cy. Dowiedz si\u0119, kiedy niepokoi\u0107 si\u0119 z powodu zbyt wysokich leukocyt\u00f3w.","breadcrumb":{"@id":"https:\/\/www.alab.pl\/centrum-wiedzy\/podwyzszone-leukocyty-w-ciazy-o-czym-moga-swiadczyc\/#breadcrumb"},"mainEntity":[{"@id":"https:\/\/www.alab.pl\/centrum-wiedzy\/podwyzszone-leukocyty-w-ciazy-o-czym-moga-swiadczyc\/#faq-question-1769753825569"}],"inLanguage":"pl-PL","potentialAction":[{"@type":"ReadAction","target":["https:\/\/www.alab.pl\/centrum-wiedzy\/podwyzszone-leukocyty-w-ciazy-o-czym-moga-swiadczyc\/"]}]},{"@type":"ImageObject","inLanguage":"pl-PL","@id":"https:\/\/www.alab.pl\/centrum-wiedzy\/podwyzszone-leukocyty-w-ciazy-o-czym-moga-swiadczyc\/#primaryimage","url":"https:\/\/www.alab.pl\/centrum-wiedzy\/wp-content\/uploads\/2026\/01\/Leukocytoza_w_ciazy_cover.jpg","contentUrl":"https:\/\/www.alab.pl\/centrum-wiedzy\/wp-content\/uploads\/2026\/01\/Leukocytoza_w_ciazy_cover.jpg","width":1925,"height":1285,"caption":"Leukocytoza_w_ciazy_cover"},{"@type":"BreadcrumbList","@id":"https:\/\/www.alab.pl\/centrum-wiedzy\/podwyzszone-leukocyty-w-ciazy-o-czym-moga-swiadczyc\/#breadcrumb","itemListElement":[{"@type":"ListItem","position":1,"name":"Strona g\u0142\u00f3wna","item":"https:\/\/www.alab.pl\/centrum-wiedzy\/"},{"@type":"ListItem","position":2,"name":"Podwy\u017cszone leukocyty w ci\u0105\u017cy \u2013 o czym mog\u0105 \u015bwiadczy\u0107?"}]},{"@type":"WebSite","@id":"https:\/\/www.alab.pl\/centrum-wiedzy\/#website","url":"https:\/\/www.alab.pl\/centrum-wiedzy\/","name":"Centrum Wiedzy ALAB laboratoria","description":"","publisher":{"@id":"https:\/\/www.alab.pl\/centrum-wiedzy\/#organization"},"potentialAction":[{"@type":"SearchAction","target":{"@type":"EntryPoint","urlTemplate":"https:\/\/www.alab.pl\/centrum-wiedzy\/?s={search_term_string}"},"query-input":{"@type":"PropertyValueSpecification","valueRequired":true,"valueName":"search_term_string"}}],"inLanguage":"pl-PL"},{"@type":"Organization","@id":"https:\/\/www.alab.pl\/centrum-wiedzy\/#organization","name":"Centrum Wiedzy ALAB laboratoria","url":"https:\/\/www.alab.pl\/centrum-wiedzy\/","logo":{"@type":"ImageObject","inLanguage":"pl-PL","@id":"https:\/\/www.alab.pl\/centrum-wiedzy\/#\/schema\/logo\/image\/","url":"https:\/\/www.alab.pl\/centrum-wiedzy\/wp-content\/uploads\/2022\/04\/alabek.jpg","contentUrl":"https:\/\/www.alab.pl\/centrum-wiedzy\/wp-content\/uploads\/2022\/04\/alabek.jpg","width":1250,"height":1251,"caption":"Centrum Wiedzy ALAB laboratoria"},"image":{"@id":"https:\/\/www.alab.pl\/centrum-wiedzy\/#\/schema\/logo\/image\/"},"sameAs":["https:\/\/www.facebook.com\/ALABlaboratoria"]},{"@type":"Person","@id":"https:\/\/www.alab.pl\/centrum-wiedzy\/#\/schema\/person\/4c4346aaa370a9ca773ee865bfbec588","name":"Agata Strukow","image":{"@type":"ImageObject","inLanguage":"pl-PL","@id":"https:\/\/www.alab.pl\/centrum-wiedzy\/wp-content\/uploads\/2022\/04\/Agata-Strukow-150x150.jpgcb933d2055e86ab33ade5d5259364a59","url":"https:\/\/www.alab.pl\/centrum-wiedzy\/wp-content\/uploads\/2022\/04\/Agata-Strukow-150x150.jpg","contentUrl":"https:\/\/www.alab.pl\/centrum-wiedzy\/wp-content\/uploads\/2022\/04\/Agata-Strukow-150x150.jpg","caption":"Agata Strukow"},"description":"Absolwentka Wydzia\u0142u Lekarskiego Pomorskiej Akademii Medycznej oraz studi\u00f3w podyplomowych Dietetyka w chorobach wewn\u0119trznych i metabolicznych Warszawskiego Uniwersytetu Medycznego i Psychologii biznesu dla mened\u017cer\u00f3w na Akademii Leona Ko\u017ami\u0144skiego. Nauczycielka jogi kundalini i jogi hormonalnej.","sameAs":["https:\/\/www.facebook.com\/agatastrukow\/","https:\/\/www.instagram.com\/strukowagata\/","https:\/\/pl.linkedin.com\/in\/agata-strukow-7b87205"],"url":"https:\/\/www.alab.pl\/centrum-wiedzy\/author\/agata\/"},{"@type":"Question","@id":"https:\/\/www.alab.pl\/centrum-wiedzy\/podwyzszone-leukocyty-w-ciazy-o-czym-moga-swiadczyc\/#faq-question-1769753825569","position":1,"url":"https:\/\/www.alab.pl\/centrum-wiedzy\/podwyzszone-leukocyty-w-ciazy-o-czym-moga-swiadczyc\/#faq-question-1769753825569","name":"Podwy\u017cszone leukocyty w ci\u0105\u017cy w 3. trymestrze \u2013 czy to pow\u00f3d do niepokoju?","answerCount":1,"acceptedAnswer":{"@type":"Answer","text":"Podwy\u017cszone leukocyty w ci\u0105\u017cy, zw\u0142aszcza w III trymestrze, s\u0105 fizjologi\u0105. Natomiast je\u015bli ich poziom przekracza 20 tys.\/\u00b5L lub warto\u015bci podane na wyniku danego laboratorium, oraz kobieta obserwuje dodatkowe objawy, nale\u017cy zg\u0142osi\u0107 si\u0119 do lekarza.","inLanguage":"pl-PL"},"inLanguage":"pl-PL"}]}},"_links":{"self":[{"href":"https:\/\/www.alab.pl\/centrum-wiedzy\/wp-json\/wp\/v2\/posts\/29416","targetHints":{"allow":["GET"]}}],"collection":[{"href":"https:\/\/www.alab.pl\/centrum-wiedzy\/wp-json\/wp\/v2\/posts"}],"about":[{"href":"https:\/\/www.alab.pl\/centrum-wiedzy\/wp-json\/wp\/v2\/types\/post"}],"author":[{"embeddable":true,"href":"https:\/\/www.alab.pl\/centrum-wiedzy\/wp-json\/wp\/v2\/users\/102"}],"replies":[{"embeddable":true,"href":"https:\/\/www.alab.pl\/centrum-wiedzy\/wp-json\/wp\/v2\/comments?post=29416"}],"version-history":[{"count":3,"href":"https:\/\/www.alab.pl\/centrum-wiedzy\/wp-json\/wp\/v2\/posts\/29416\/revisions"}],"predecessor-version":[{"id":29467,"href":"https:\/\/www.alab.pl\/centrum-wiedzy\/wp-json\/wp\/v2\/posts\/29416\/revisions\/29467"}],"wp:featuredmedia":[{"embeddable":true,"href":"https:\/\/www.alab.pl\/centrum-wiedzy\/wp-json\/wp\/v2\/media\/28904"}],"wp:attachment":[{"href":"https:\/\/www.alab.pl\/centrum-wiedzy\/wp-json\/wp\/v2\/media?parent=29416"}],"wp:term":[{"taxonomy":"category","embeddable":true,"href":"https:\/\/www.alab.pl\/centrum-wiedzy\/wp-json\/wp\/v2\/categories?post=29416"},{"taxonomy":"post_tag","embeddable":true,"href":"https:\/\/www.alab.pl\/centrum-wiedzy\/wp-json\/wp\/v2\/tags?post=29416"},{"taxonomy":"author","embeddable":true,"href":"https:\/\/www.alab.pl\/centrum-wiedzy\/wp-json\/wp\/v2\/coauthors?post=29416"}],"curies":[{"name":"wp","href":"https:\/\/api.w.org\/{rel}","templated":true}]}}