{"id":30281,"date":"2026-03-13T09:36:57","date_gmt":"2026-03-13T08:36:57","guid":{"rendered":"https:\/\/www.alab.pl\/centrum-wiedzy\/?p=30281"},"modified":"2026-03-13T09:37:00","modified_gmt":"2026-03-13T08:37:00","slug":"lysienie-bliznowaciejace-objawy-przyczyny-i-leczenie","status":"publish","type":"post","link":"https:\/\/www.alab.pl\/centrum-wiedzy\/lysienie-bliznowaciejace-objawy-przyczyny-i-leczenie\/","title":{"rendered":"\u0141ysienie bliznowaciej\u0105ce &#8211; objawy, przyczyny i leczenie"},"content":{"rendered":"\n<p><strong>\u0141ysienie bliznowaciej\u0105ce to szeroka grupa schorze\u0144, kt\u00f3rych leczeniem zajmuj\u0105 si\u0119 lekarze dermatolodzy. Choroby te mog\u0105 wi\u0105za\u0107 si\u0119 z istotnym defektem natury estetycznej, kt\u00f3ry jest nieodwracalny, co sprawia, \u017ce istotne jest wczesne podj\u0119cie diagnostyki i odpowiedniego leczenia.<\/strong><\/p>\n\n\n\n<figure class=\"wp-block-table\"><table class=\"has-fixed-layout\"><tbody><tr><td><strong>Z tego artyku\u0142u dowiesz si\u0119<\/strong>: <br>>> jakie s\u0105 rodzaje \u0142ysienia bliznowaciej\u0105cego, <br>>> jak objawia si\u0119 \u0142ysienie bliznowaciej\u0105ce i czy utrata w\u0142os\u00f3w w jego przebiegu jest odwracalna, <br>>> kt\u00f3ry rodzaj \u0142ysienia bliznowaciej\u0105cego jest najcz\u0119stszy, <br>>> na czym polega diagnostyka \u0142ysienia bliznowaciej\u0105cego, <br>>> jakie s\u0105 skuteczne metody leczenia \u0142ysienia bliznowaciej\u0105cego.<\/td><\/tr><\/tbody><\/table><\/figure>\n\n\n\n<p><strong>Spis tre\u015bci:<\/strong><\/p>\n\n\n\n<ol class=\"wp-block-list\">\n<li><a href=\"#Czym-jest-\u0142ysienie-bliznowaciej\u0105ce?\">Czym jest \u0142ysienie bliznowaciej\u0105ce?<\/a>\n<ul class=\"wp-block-list\">\n<li><a href=\"#Epidemiologia-\u0142ysienia-bliznowatego\">Epidemiologia \u0142ysienia bliznowatego<\/a><\/li>\n<\/ul>\n<\/li>\n\n\n\n<li><a href=\"#\u0141ysienie-bliznowaciej\u0105ce:-przyczyny-choroby\">\u0141ysienie bliznowaciej\u0105ce: przyczyny choroby<\/a><\/li>\n\n\n\n<li><a href=\"#\u0141ysienie-bliznowaciej\u0105ce:-objawy-i-symptomy-towarzysz\u0105ce\">\u0141ysienie bliznowaciej\u0105ce: objawy i symptomy towarzysz\u0105ce<\/a><\/li>\n\n\n\n<li><a href=\"#Jak-diagnozuje-si\u0119-\u0142ysienie-bliznowaciej\u0105ce?\">Jak diagnozuje si\u0119 \u0142ysienie bliznowaciej\u0105ce?<\/a>\n<ul class=\"wp-block-list\">\n<li><a href=\"#Badania-laboratoryjne-w-diagnostyce-\u0142ysienia-bliznowaciej\u0105cego\">Badania laboratoryjne w diagnostyce \u0142ysienia bliznowaciej\u0105cego<\/a><\/li>\n<\/ul>\n<\/li>\n\n\n\n<li><a href=\"#\u0141ysienie-bliznowaciej\u0105ce-\u2013-jak-leczy\u0107?\">\u0141ysienie bliznowaciej\u0105ce \u2013 jak leczy\u0107?<\/a>\n<ul class=\"wp-block-list\">\n<li><a href=\"#Czy-mo\u017cna-zapobiec-\u0142ysieniu-bliznowaciej\u0105cemu-u-kobiet-i-m\u0119\u017cczyzn?\">Czy mo\u017cna zapobiec \u0142ysieniu bliznowaciej\u0105cemu u kobiet i m\u0119\u017cczyzn?<\/a><\/li>\n<\/ul>\n<\/li>\n\n\n\n<li><a href=\"#\u0141ysienie-bliznowaciej\u0105ce:-najcz\u0119stsze-pytania-(FAQ)\">\u0141ysienie bliznowaciej\u0105ce: najcz\u0119stsze pytania (FAQ)<\/a><\/li>\n\n\n\n<li><a href=\"#\u0141ysienie-bliznowaciej\u0105ce-\u2013-podsumowanie\">\u0141ysienie bliznowaciej\u0105ce \u2013 podsumowanie<\/a><\/li>\n<\/ol>\n\n\n\n<h2 class=\"wp-block-heading\" id=\"Czym-jest-\u0142ysienie-bliznowaciej\u0105ce?\">Czym jest \u0142ysienie bliznowaciej\u0105ce?<\/h2>\n\n\n\n<p>\u0141ysienie bliznowaciej\u0105ce to choroba, kt\u00f3ra zwi\u0105zana jest z trwa\u0142\u0105 i nieodwracaln\u0105 utrat\u0105 w\u0142os\u00f3w. W klasyfikacji ICD-10 ten rodzaj \u0142ysienia oznaczany jest kodem L66.1. <strong>W przebiegu \u0142ysienia bliznowaciej\u0105cego dochodzi do zaniku mieszk\u00f3w w\u0142osowych i zast\u0105pienia ich tkank\u0105 \u0142\u0105czn\u0105,<\/strong> co prowadzi do uniemo\u017cliwienia odrostu w\u0142os\u00f3w.<\/p>\n\n\n\n<p>W dermatologii wyr\u00f3\u017cnia si\u0119 ponad 500 klinicznych rodzaj\u00f3w \u0142ysienia. \u0141ysienie bliznowaciej\u0105ce jest niejednorodn\u0105 grup\u0105 zaburze\u0144. Najcz\u0119stsze odmiany \u0142ysienia bliznowaciej\u0105cego to:<\/p>\n\n\n\n<ul class=\"wp-block-list\">\n<li><strong>liszaj p\u0142aski mieszkowy<\/strong> \u2013 mieszki w\u0142osowe uszkadzane s\u0105 w tym przypadku przez limfocyty T (a wi\u0119c kom\u00f3rki uk\u0142adu odporno\u015bciowego),<\/li>\n\n\n\n<li><strong>\u0142ysienie czo\u0142owe bliznowaciej\u0105ce<\/strong> \u2013 uwa\u017cane jest za schorzenie wpisuj\u0105ce si\u0119 w spektrum liszaja p\u0142askiego mieszkowego,<\/li>\n\n\n\n<li><strong>tocze\u0144 ogniskowy sk\u00f3ry ow\u0142osionej<\/strong> <strong>(DLE)<\/strong> \u2013 mo\u017ce by\u0107 odr\u0119bn\u0105 jednostk\u0105 chorobow\u0105 lub wpisywa\u0107 si\u0119 w obraz kliniczny <a href=\"https:\/\/www.alab.pl\/centrum-wiedzy\/toczen-ukladowy-sle\/\">tocznia rumieniowatego uk\u0142adowego (SLE)<\/a>,<\/li>\n\n\n\n<li><strong>mucynoza mieszkowa<\/strong> \u2013 mo\u017ce by\u0107 zwi\u0105zana z ch\u0142oniakami, w tym ch\u0142oniakiem sk\u00f3rnym T-kom\u00f3rkowym,<\/li>\n\n\n\n<li><strong>wy\u0142ysiaj\u0105ce zapalenie mieszk\u00f3w w\u0142osowych<\/strong> \u2013 jest zwi\u0105zane z oko\u0142omieszkowym naciekiem neutrofilowym,<\/li>\n\n\n\n<li><strong>rozwarstwiaj\u0105ce zapalenie mieszk\u00f3w w\u0142osowych<\/strong> \u2013 podobnie jak wy\u0142ysiaj\u0105ce zapalenie mieszk\u00f3w w\u0142osowych, jest zwi\u0105zane z naciekiem z\u0142o\u017conym z <a href=\"https:\/\/www.alab.pl\/centrum-wiedzy\/neutrofile-neutrocyty-czym-sa-o-czym-swiadczy-podwyzszony-i-obnizony-poziom\/\">neutrofil\u00f3w<\/a>, a co wi\u0119cej mo\u017ce wsp\u00f3\u0142istnie\u0107 z ci\u0119\u017ckimi postaciami tr\u0105dziku, w tym z tr\u0105dzikiem skupionym,<\/li>\n\n\n\n<li><strong>nad\u017cerkowe krostkowe zapalenie sk\u00f3ry g\u0142owy<\/strong> \u2013 ten rodzaj \u0142ysienia mo\u017ce by\u0107 wywo\u0142ywany przez urazy, oparzenia, ale r\u00f3wnie\u017c przeszczep w\u0142os\u00f3w czy stosowanie niekt\u00f3rych substancji leczniczych, w tym imikwimodu,<\/li>\n\n\n\n<li><strong>\u0142ysienie rzekomoplackowate<\/strong> \u2013 uwa\u017cane jest przez niekt\u00f3rych badaczy za niezapaln\u0105 form\u0119 liszaja p\u0142askiego mieszkowego.<\/li>\n<\/ul>\n\n\n\n<p><strong>&gt;&gt; Zobacz: <\/strong><a href=\"https:\/\/www.alab.pl\/centrum-wiedzy\/liszaj-plaski-objawy-rodzaje-diagnostyka-i-leczenie\/\"><strong>Liszaj p\u0142aski \u2013 objawy, rodzaje, diagnostyka i leczenie<\/strong><\/a><strong><\/strong><\/p>\n\n\n\n<h3 class=\"wp-block-heading\" id=\"Epidemiologia-\u0142ysienia-bliznowatego\">Epidemiologia \u0142ysienia bliznowatego<\/h3>\n\n\n\n<p>Najcz\u0119stsz\u0105 przyczyn\u0105 \u0142ysienia bliznowaciej\u0105cego jest liszaj p\u0142aski mieszkowy. Schorzenie to istotnie cz\u0119\u015bciej dotyczy kobiet w wieku pomi\u0119dzy 40. a 60. rokiem \u017cycia. Z kolei rozwarstwiaj\u0105ce i wy\u0142ysiaj\u0105ce zapalenie mieszk\u00f3w w\u0142osowych wyst\u0119puje zdecydowanie cz\u0119\u015bciej u m\u0142odych m\u0119\u017cczyzn. <strong>\u0141ysienie czo\u0142owe bliznowaciej\u0105ce dotyczy zazwyczaj kobiet po okresie menopauzy.<\/strong> Natomiast, nad\u017cerkowe krostkowe zapalenie sk\u00f3ry g\u0142owy wyst\u0119puje najcz\u0119\u015bciej u pacjent\u00f3w powy\u017cej 70. roku \u017cycia.<\/p>\n\n\n\n<figure class=\"wp-block-image size-full\"><a href=\"https:\/\/www.alab.pl\/pakiet\/pakiet-zdrowa-skora-wlosy-i-paznokcie-hormony-rozszerzony\"><img loading=\"lazy\" decoding=\"async\" width=\"800\" height=\"200\" src=\"https:\/\/www.alab.pl\/centrum-wiedzy\/wp-content\/uploads\/2026\/01\/Pakiet-zdrowa-skora-wlosy-i-paznokcie-hormony-rozszerzony-5badan.jpg\" alt=\"Pakiet zdrowa sko\u0301ra, w\u0142osy i paznokcie - hormony rozszerzony (5badan\u0301) baner\" class=\"wp-image-29271\" srcset=\"https:\/\/www.alab.pl\/centrum-wiedzy\/wp-content\/uploads\/2026\/01\/Pakiet-zdrowa-skora-wlosy-i-paznokcie-hormony-rozszerzony-5badan.jpg 800w, https:\/\/www.alab.pl\/centrum-wiedzy\/wp-content\/uploads\/2026\/01\/Pakiet-zdrowa-skora-wlosy-i-paznokcie-hormony-rozszerzony-5badan-768x192.jpg 768w, https:\/\/www.alab.pl\/centrum-wiedzy\/wp-content\/uploads\/2026\/01\/Pakiet-zdrowa-skora-wlosy-i-paznokcie-hormony-rozszerzony-5badan-150x38.jpg 150w, https:\/\/www.alab.pl\/centrum-wiedzy\/wp-content\/uploads\/2026\/01\/Pakiet-zdrowa-skora-wlosy-i-paznokcie-hormony-rozszerzony-5badan-300x75.jpg 300w, https:\/\/www.alab.pl\/centrum-wiedzy\/wp-content\/uploads\/2026\/01\/Pakiet-zdrowa-skora-wlosy-i-paznokcie-hormony-rozszerzony-5badan-696x174.jpg 696w\" sizes=\"auto, (max-width: 800px) 100vw, 800px\" \/><\/a><\/figure>\n\n\n\n<h2 class=\"wp-block-heading\" id=\"\u0141ysienie-bliznowaciej\u0105ce:-przyczyny-choroby\">\u0141ysienie bliznowaciej\u0105ce: przyczyny choroby<\/h2>\n\n\n\n<p>Ogromna wi\u0119kszo\u015b\u0107 schorze\u0144 zwi\u0105zanych z \u0142ysieniem bliznowaciej\u0105cym ma pod\u0142o\u017ce immunologiczne. W przypadku mucynozy mieszkowej obserwuje si\u0119 odpowied\u017a limfocyt\u00f3w T, kt\u00f3re skierowane s\u0105 przeciwko mieszkom w\u0142osowym. W patogenezie wy\u0142ysiaj\u0105cego zapalenia mieszk\u00f3w w\u0142osowych podnosi si\u0119 temat odpowiedzi zapalnej skierowanej przeciwko antygenom <a href=\"https:\/\/www.alab.pl\/centrum-wiedzy\/gronkowiec-zlocisty-zakazenia-skory\/\">gronkowca z\u0142ocistego<\/a>.<\/p>\n\n\n\n<p><strong>Nie ma jednej konkretnej przyczyny odpowiedzialnej za \u0142ysienie bliznowaciej\u0105ce.<\/strong> W patogenezie tego schorzenia bior\u0105 udzia\u0142 nie tylko czynniki immunologiczne, ale i genetyczne czy \u015brodowiskowe.<\/p>\n\n\n\n<p><strong>&gt;&gt; Sprawd\u017a: <\/strong><a href=\"https:\/\/www.alab.pl\/centrum-wiedzy\/lysienie-plackowate-co-je-powoduje-objawy-przyczyny-i-leczenie\/\"><strong>\u0141ysienie plackowate \u2013 co je powoduje? Objawy, przyczyny i leczenie<\/strong><\/a><strong><\/strong><\/p>\n\n\n\n<h2 class=\"wp-block-heading\" id=\"\u0141ysienie-bliznowaciej\u0105ce:-objawy-i-symptomy-towarzysz\u0105ce\">\u0141ysienie bliznowaciej\u0105ce: objawy i symptomy towarzysz\u0105ce<\/h2>\n\n\n\n<p>\u0141ysienie bliznowaciej\u0105ce ma zr\u00f3\u017cnicowany obraz kliniczny. Najwa\u017cniejsze cechy poszczeg\u00f3lnych rodzaj\u00f3w \u0142ysienia bliznowaciej\u0105cego to w przypadku:<\/p>\n\n\n\n<ul class=\"wp-block-list\">\n<li><strong>liszaja p\u0142askiego mieszkowego<\/strong> \u2013 obecno\u015b\u0107 ognisk \u0142ysienia w obr\u0119bie szczytu g\u0142owy, kt\u00f3rym towarzyszy silny \u015bwi\u0105d i pieczenie, ogniska z czasem si\u0119 powi\u0119kszaj\u0105 i mog\u0105 zajmowa\u0107 ca\u0142\u0105 powierzchni\u0119 sk\u00f3ry ow\u0142osionej g\u0142owy,<\/li>\n\n\n\n<li><strong>\u0142ysienia czo\u0142owego bliznowaciej\u0105cego <\/strong>\u2013 obserwuje si\u0119 stopniowe przesuwanie si\u0119 linii czo\u0142owo-skroniowej do ty\u0142u, mo\u017ce wyst\u0105pi\u0107 utrata brwi i pojawienie si\u0119 grudek oko\u0142omieszkowych w obr\u0119bie twarzy,<\/li>\n\n\n\n<li><strong>tocznia ogniskowego<\/strong> \u2013 obserwuje si\u0119 obecno\u015b\u0107 zmian rumieniowo-naciekowych z towarzysz\u0105cym z\u0142uszczaniem, kt\u00f3rym towarzyszy przeczulica i \u015bwi\u0105d,<\/li>\n\n\n\n<li><strong>mucynowy mieszkowej<\/strong> \u2013 pojawia si\u0119 \u015bwi\u0105d i zmiany rumieniowo-naciekowe,<\/li>\n\n\n\n<li><strong>wy\u0142ysiaj\u0105cego zapalenia mieszk\u00f3w w\u0142osowych<\/strong> \u2013 obserwuje si\u0119 obecno\u015b\u0107 charakterystycznych k\u0119pek w\u0142osowych, z\u0142o\u017conych z kilku w\u0142os\u00f3w, poza tym wyst\u0119puj\u0105 zmiany o typie nad\u017cerek i krwotocznych strup\u00f3w,<\/li>\n\n\n\n<li><strong>rozwarstwiaj\u0105cego zapalenia mieszk\u00f3w w\u0142osowych <\/strong>\u2013 obserwuje si\u0119 guzki, krosty, a tak\u017ce cysty, wype\u0142nione niekiedy tre\u015bci\u0105 ropn\u0105, zmianom mog\u0105 towarzyszy\u0107 dolegliwo\u015bci b\u00f3lowe,<\/li>\n\n\n\n<li><strong>nad\u017cerkowego krostkowego zapalenia sk\u00f3ry g\u0142owy<\/strong> \u2013 na ow\u0142osionej sk\u00f3rze g\u0142owy obserwuje si\u0119 niegoj\u0105ce si\u0119 nad\u017cerki, a tak\u017ce strupy i tre\u015b\u0107 ropn\u0105,<\/li>\n\n\n\n<li><strong>\u0142ysienia rzekomoplackowatego<\/strong> \u2013 obserwuje si\u0119 atroficzne ogniska \u0142ysienia, kt\u00f3re uk\u0142adaj\u0105 si\u0119 w spos\u00f3b podobny do <em>\u015blad\u00f3w st\u00f3p na \u015bniegu<\/em>.<\/li>\n<\/ul>\n\n\n\n<p><strong>&gt;&gt; Przeczytaj: <\/strong><a href=\"https:\/\/www.alab.pl\/centrum-wiedzy\/zapalenie-mieszkow-wlosowych-przyczyny-objawy-i-leczenie\/\"><strong>Zapalenie mieszk\u00f3w w\u0142osowych: przyczyny, objawy i leczenie<\/strong><\/a><strong><\/strong><\/p>\n\n\n\n<h2 class=\"wp-block-heading\" id=\"Jak-diagnozuje-si\u0119-\u0142ysienie-bliznowaciej\u0105ce?\">Jak diagnozuje si\u0119 \u0142ysienie bliznowaciej\u0105ce?<\/h2>\n\n\n\n<p>W pierwszym kroku konieczne jest przeprowadzenie wnikliwego wywiadu chorobowego oraz badania dermatologicznego. Niezwykle pomocne jest badanie ow\u0142osionej sk\u00f3ry g\u0142owy w powi\u0119kszeniu z wykorzystaniem dermatoskopu. Takie badanie okre\u015blane jest mianem trichoskopii. W cz\u0119\u015bci przypadk\u00f3w procedura ta pozwala na rozpoznanie konkretnego rodzaju \u0142ysienia bliznowaciej\u0105cego.<\/p>\n\n\n\n<p><strong>W niekt\u00f3rych sytuacjach klinicznych konieczne jest pobranie biopsji sk\u00f3ry<\/strong> i wykonanie <a href=\"https:\/\/www.alab.pl\/centrum-wiedzy\/badanie-histopatologiczne-co-to-jest-co-wykrywa\/\">badania histopatologicznego<\/a>. W diagnostyce tocznia rumieniowatego ogniskowego podstaw\u0105 rozpoznania jest natomiast badanie immunopatologiczne (r\u00f3wnie\u017c pobiera si\u0119 w tym celu biopsj\u0119 sk\u00f3ry).<\/p>\n\n\n\n<h3 class=\"wp-block-heading\" id=\"Badania-laboratoryjne-w-diagnostyce-\u0142ysienia-bliznowaciej\u0105cego\">Badania laboratoryjne w diagnostyce \u0142ysienia bliznowaciej\u0105cego<\/h3>\n\n\n\n<p>W diagnostyce \u0142ysienia bliznowaciej\u0105cego badania laboratoryjne pe\u0142n\u0105 pomocnicz\u0105, ale nadal istotn\u0105 rol\u0119. Lekarz mo\u017ce zleci\u0107 takie oznaczenia laboratoryjne jak na przyk\u0142ad:<\/p>\n\n\n\n<ul class=\"wp-block-list\">\n<li><a href=\"https:\/\/www.alab.pl\/badanie\/morfologia-krwi-c55\"><strong>morfologia krwi obwodowej<\/strong><\/a>,<\/li>\n\n\n\n<li><strong>parametry zapalne<\/strong> \u2013 st\u0119\u017cenie bia\u0142ka CRP, oznaczenie OB,<\/li>\n\n\n\n<li><strong>st\u0119\u017cenie glukozy na czczo<\/strong>,<\/li>\n\n\n\n<li><strong>przeciwcia\u0142a przeciwj\u0105drowe (ANA)<\/strong> \u2013 w przypadku podejrzenia chor\u00f3b tkanki \u0142\u0105cznej,<\/li>\n\n\n\n<li><strong>odczyny ki\u0142owe VDRL\/TPHA<\/strong> \u2013 jest to badanie w kierunku <a href=\"https:\/\/www.alab.pl\/badanie\/test-kilowy-przesiewowy-wr\">ki\u0142y<\/a>, a wi\u0119c schorzenia wenerycznego, kt\u00f3re mo\u017ce objawia\u0107 si\u0119 \u0142ysieniem, imituj\u0105cym niekiedy choroby w\u0142os\u00f3w opisywane w tym artykule,<\/li>\n\n\n\n<li><strong>panel tarczycowy (st\u0119\u017cenie TSH, fT3, fT4), st\u0119\u017cenie <\/strong><a href=\"https:\/\/www.alab.pl\/badanie\/ferrytyna-l05\"><strong>ferrytyny<\/strong><\/a><strong> <\/strong>\u2013 w przypadku podejrzenia schorze\u0144 metabolicznych.\u00a0<\/li>\n<\/ul>\n\n\n\n<figure class=\"wp-block-image size-full\"><a href=\"https:\/\/www.alab.pl\/pakiet\/pakiet-tarczycowy-rozszerzony\"><img loading=\"lazy\" decoding=\"async\" width=\"800\" height=\"200\" src=\"https:\/\/www.alab.pl\/centrum-wiedzy\/wp-content\/uploads\/2026\/01\/Pakiet-tarczycowy-rozszerzoy-6-badan.jpg\" alt=\"Pakiet tarczycowy rozszerzoy (6 badan\u0301)\" class=\"wp-image-28927\" srcset=\"https:\/\/www.alab.pl\/centrum-wiedzy\/wp-content\/uploads\/2026\/01\/Pakiet-tarczycowy-rozszerzoy-6-badan.jpg 800w, https:\/\/www.alab.pl\/centrum-wiedzy\/wp-content\/uploads\/2026\/01\/Pakiet-tarczycowy-rozszerzoy-6-badan-768x192.jpg 768w, https:\/\/www.alab.pl\/centrum-wiedzy\/wp-content\/uploads\/2026\/01\/Pakiet-tarczycowy-rozszerzoy-6-badan-150x38.jpg 150w, https:\/\/www.alab.pl\/centrum-wiedzy\/wp-content\/uploads\/2026\/01\/Pakiet-tarczycowy-rozszerzoy-6-badan-300x75.jpg 300w, https:\/\/www.alab.pl\/centrum-wiedzy\/wp-content\/uploads\/2026\/01\/Pakiet-tarczycowy-rozszerzoy-6-badan-696x174.jpg 696w\" sizes=\"auto, (max-width: 800px) 100vw, 800px\" \/><\/a><\/figure>\n\n\n\n<h2 class=\"wp-block-heading\" id=\"\u0141ysienie-bliznowaciej\u0105ce-\u2013-jak-leczy\u0107?\">\u0141ysienie bliznowaciej\u0105ce \u2013 jak leczy\u0107?<\/h2>\n\n\n\n<p>Terapia \u0142ysienia bliznowaciej\u0105cego zale\u017cy od konkretnego rodzaju \u0142ysienia. Celem prowadzonego leczenia jest zahamowanie progresji choroby. Substancje wykorzystywane w terapii tych schorze\u0144 to przede wszystkim:<\/p>\n\n\n\n<ul class=\"wp-block-list\">\n<li><strong>zewn\u0119trzne preparaty glikokortykosteroidowe<\/strong> \u2013 o silnej mocy dzia\u0142ania,<\/li>\n\n\n\n<li><strong>substancje o dzia\u0142aniu immunosupresyjnym<\/strong> \u2013 na przyk\u0142ad metotreksat czy cyklosporyna,<\/li>\n\n\n\n<li><strong>leki antymalaryczne<\/strong> \u2013 w tym chlorochina, hydroksychlorochina,<\/li>\n\n\n\n<li><strong>retinoidy doustne<\/strong> \u2013 izotretynoin\u0119, acytretyna,<\/li>\n\n\n\n<li><strong>antybiotyki, w tym klindamycyna, ryfampicyna<\/strong>, <strong>kotrimoksazol <\/strong>\u2013 maj\u0105 zastosowanie w leczenie wy\u0142ysiaj\u0105cego zapalenia mieszk\u00f3w w\u0142osowych,<\/li>\n\n\n\n<li><strong>dapson<\/strong>,<\/li>\n\n\n\n<li><strong>inhibitory TNF-alfa<\/strong>.<\/li>\n<\/ul>\n\n\n\n<p>W przypadku mucynozy mieszkowej konieczne mo\u017ce by\u0107 leczenie schorzenia podstawowego, np. ch\u0142oniak\u00f3w.<\/p>\n\n\n\n<h3 class=\"wp-block-heading\" id=\"Czy-mo\u017cna-zapobiec-\u0142ysieniu-bliznowaciej\u0105cemu-u-kobiet-i-m\u0119\u017cczyzn?\">Czy mo\u017cna zapobiec \u0142ysieniu bliznowaciej\u0105cemu u kobiet i m\u0119\u017cczyzn?<\/h3>\n\n\n\n<p>Nie ma prostej recepty na zapobieganie zachorowaniu na \u0142ysienie bliznowaciej\u0105ce. W patogenezie schorze\u0144 tych pewn\u0105 rol\u0119 odgrywaj\u0105 infekcje, urazy sk\u00f3ry, a tak\u017ce schorzenia przewlek\u0142e dotykaj\u0105ce sk\u00f3ry ow\u0142osionej g\u0142owy. Z tego powodu warto dba\u0107 o prawid\u0142ow\u0105 odporno\u015b\u0107 i kontrolowa\u0107 przewlek\u0142e choroby sk\u00f3ry pod opiek\u0105 lekarza dermatologa.<\/p>\n\n\n\n<figure class=\"wp-block-image size-full\"><a href=\"https:\/\/www.alab.pl\/pakiet\/pakiet-zdrowa-skora-wlosy-i-paznokcie-suplementacja\"><img loading=\"lazy\" decoding=\"async\" width=\"800\" height=\"200\" src=\"https:\/\/www.alab.pl\/centrum-wiedzy\/wp-content\/uploads\/2025\/10\/Pakiet-zdrowa-skora-wlosy-i-paznokcie-suplementacja-4-badania.png\" alt=\"Pakiet zdrowa sk\u00f3ra, w\u0142osy i paznokcie - suplementacja (4 badania) banerek\" class=\"wp-image-27168\" srcset=\"https:\/\/www.alab.pl\/centrum-wiedzy\/wp-content\/uploads\/2025\/10\/Pakiet-zdrowa-skora-wlosy-i-paznokcie-suplementacja-4-badania.png 800w, https:\/\/www.alab.pl\/centrum-wiedzy\/wp-content\/uploads\/2025\/10\/Pakiet-zdrowa-skora-wlosy-i-paznokcie-suplementacja-4-badania-768x192.png 768w, https:\/\/www.alab.pl\/centrum-wiedzy\/wp-content\/uploads\/2025\/10\/Pakiet-zdrowa-skora-wlosy-i-paznokcie-suplementacja-4-badania-150x38.png 150w, https:\/\/www.alab.pl\/centrum-wiedzy\/wp-content\/uploads\/2025\/10\/Pakiet-zdrowa-skora-wlosy-i-paznokcie-suplementacja-4-badania-300x75.png 300w, https:\/\/www.alab.pl\/centrum-wiedzy\/wp-content\/uploads\/2025\/10\/Pakiet-zdrowa-skora-wlosy-i-paznokcie-suplementacja-4-badania-696x174.png 696w\" sizes=\"auto, (max-width: 800px) 100vw, 800px\" \/><\/a><\/figure>\n\n\n\n<h2 class=\"wp-block-heading\" id=\"\u0141ysienie-bliznowaciej\u0105ce:-najcz\u0119stsze-pytania-(FAQ)\">\u0141ysienie bliznowaciej\u0105ce: najcz\u0119stsze pytania (FAQ)<\/h2>\n\n\n\n<p>\u0141ysienie bliznowaciej\u0105ce budzi w\u015br\u00f3d pacjent\u00f3w wiele obaw i w\u0105tpliwo\u015bci, co wynika przede wszystkim z jego nieodwracalnego charakteru. Poni\u017cej znajduj\u0105 si\u0119 odpowiedzi na najcz\u0119\u015bciej zadawane pytania dotycz\u0105ce \u0142ysienia bliznowaciej\u0105cego.<\/p>\n\n\n\n<div class=\"schema-faq wp-block-yoast-faq-block\"><div class=\"schema-faq-section\" id=\"faq-question-1773390652400\"><strong class=\"schema-faq-question\"><strong>Czy \u0142ysienie bliznowaciej\u0105ce mo\u017cna zatrzyma\u0107?<\/strong><\/strong> <p class=\"schema-faq-answer\">Zatrzymanie bliznowaciej\u0105cej utraty w\u0142os\u00f3w jest podstawowym i najwa\u017cniejszym celem leczenia tego schorzenia. Odpowiednio dobrana terapia daje szans\u0119 na zatrzymanie procesu chorobowego.<\/p> <\/div> <div class=\"schema-faq-section\" id=\"faq-question-1773390674821\"><strong class=\"schema-faq-question\"><strong>Czy \u0142ysienie bliznowaciej\u0105ce jest dziedziczne?<\/strong><\/strong> <p class=\"schema-faq-answer\">Czynniki genetyczne odgrywaj\u0105 pewn\u0105 rol\u0119 w etiopatogenezie \u0142ysienia bliznowaciej\u0105cego, jednak nie jest znany jeden, konkretny gen odpowiedzialny za pojawienie si\u0119 tego schorzenia.<\/p> <\/div> <div class=\"schema-faq-section\" id=\"faq-question-1773390696988\"><strong class=\"schema-faq-question\"><strong>Czy \u0142ysienie bliznowaciej\u0105ce jest chorob\u0105 autoimmunologiczn\u0105?<\/strong><\/strong> <p class=\"schema-faq-answer\">To zale\u017cy od danego rodzaju \u0142ysienia bliznowaciej\u0105cego. Czynniki autoimmunologiczne odgrywaj\u0105 istotn\u0105 rol\u0119 mi\u0119dzy innymi w przebiegu liszaja p\u0142askiego mieszkowego, tocznia ogniskowego sk\u00f3ry ow\u0142osionej, a tak\u017ce \u0142ysienia czo\u0142owego bliznowaciej\u0105cego.<\/p> <\/div> <div class=\"schema-faq-section\" id=\"faq-question-1773390710121\"><strong class=\"schema-faq-question\"><strong>Czy niedob\u00f3r witamin mo\u017ce by\u0107 przyczyn\u0105 \u0142ysienia bliznowaciej\u0105cego?<\/strong><\/strong> <p class=\"schema-faq-answer\">Sam niedob\u00f3r witamin i minera\u0142\u00f3w nie jest przyczyn\u0105 bliznowacenia. Mo\u017ce jednak predysponowa\u0107 do pojawienia si\u0119 \u0142ysienia telogenowego, kt\u00f3re jest odwracalne i niebliznowaciej\u0105ce. Niedobory utrudniaj\u0105 jednak leczenie wszystkich rodzaj\u00f3w \u0142ysie\u0144.<\/p> <\/div> <div class=\"schema-faq-section\" id=\"faq-question-1773390730105\"><strong class=\"schema-faq-question\"><strong>Jak rozpozna\u0107 \u0142ysienie bliznowaciej\u0105ce?<\/strong><\/strong> <p class=\"schema-faq-answer\">W celu identyfikacji \u0142ysienia bliznowaciej\u0105cego niezb\u0119dne jest badanie dermatologiczne, w tym trichoskopia, a w niekt\u00f3rych przypadkach wykonanie badania histopatologicznego i immunopatologicznego.<\/p> <\/div> <\/div>\n\n\n\n<h2 class=\"wp-block-heading\" id=\"\u0141ysienie-bliznowaciej\u0105ce-\u2013-podsumowanie\">\u0141ysienie bliznowaciej\u0105ce \u2013 podsumowanie<\/h2>\n\n\n\n<ul class=\"wp-block-list\">\n<li>\u0141ysienie bliznowaciej\u0105ce to szeroka grupa schorze\u0144, kt\u00f3rej istot\u0105 jest trwa\u0142a utrata w\u0142os\u00f3w i zanik mieszk\u00f3w w\u0142osowych.<\/li>\n\n\n\n<li>Najcz\u0119stsz\u0105 postaci\u0105 \u0142ysienia bliznowaciej\u0105cego jest liszaj p\u0142aski mieszkowy, w przebiegu kt\u00f3rego obserwuje si\u0119 uszkodzenie mieszk\u00f3w w\u0142osowych przez limfocyty T.<\/li>\n\n\n\n<li>Objawy \u0142ysienia bliznowaciej\u0105cego s\u0105 nieco inne w ka\u017cdej odmianie tego schorzenia.<\/li>\n\n\n\n<li>W diagnostyce \u0142ysienia bliznowaciej\u0105cego najwa\u017cniejsz\u0105 rol\u0119 odgrywa trichoskopia, a w wybranych przypadkach badanie histopatologiczne i immunopatologiczne.<\/li>\n\n\n\n<li>W leczeniu \u0142ysienia bliznowaciej\u0105cego wykorzystuje si\u0119 zar\u00f3wno terapie zewn\u0119trzne, og\u00f3lne (m. in. doustne czy te\u017c mi\u0119\u015bniowe), jak i procedury zabiegowe.<\/li>\n<\/ul>\n\n\n\n<hr class=\"wp-block-separator has-alpha-channel-opacity\"\/>\n\n\n\n<p><strong>Bibliografia<\/strong><\/p>\n\n\n\n<ol class=\"wp-block-list\">\n<li>L. Rudnicka i inni, Wsp\u00f3\u0142czesna Dermatologia, PZWL, Warszawa 2022,<\/li>\n\n\n\n<li>L. Bolognia i inni, Fourth Edition Dermatologia, Medipage, Warszawa 2022,<\/li>\n\n\n\n<li>A. C. Katoulis i inni, Choroby w\u0142os\u00f3w &#8211; rozpoznanie i leczenie, Wydawnictwo Edra Urban &amp; Partner Wroc\u0142aw 2022,<\/li>\n\n\n\n<li>A. Dembi\u0144ska-Kie\u0107 i inni, Diagnostyka laboratoryjna z elementami biochemii klinicznej, Urban &amp; Partner, Wroc\u0142aw 2005 (dodruk), s. 654\u2013659.<\/li>\n<\/ol>\n\n\n\n<p><a id=\"_msocom_1\"><\/a><\/p>\n","protected":false},"excerpt":{"rendered":"<p>\u0141ysienie bliznowaciej\u0105ce to szeroka grupa schorze\u0144, kt\u00f3rych leczeniem zajmuj\u0105 si\u0119 lekarze dermatolodzy. Dowiedz si\u0119 wi\u0119cej.<\/p>\n","protected":false},"author":165,"featured_media":30285,"comment_status":"closed","ping_status":"closed","sticky":false,"template":"","format":"standard","meta":{"_acf_changed":false,"inline_featured_image":false,"footnotes":""},"categories":[12],"tags":[],"coauthors":[176],"class_list":{"0":"post-30281","1":"post","2":"type-post","3":"status-publish","4":"format-standard","5":"has-post-thumbnail","7":"category-choroby-skory"},"acf":[],"yoast_head":"<!-- This site is optimized with the Yoast SEO plugin v27.5 - https:\/\/yoast.com\/product\/yoast-seo-wordpress\/ -->\n<title>\u0141ysienie bliznowaciej\u0105ce - objawy, przyczyny i leczenie - Centrum Wiedzy ALAB laboratoria<\/title>\n<meta name=\"description\" content=\"\u0141ysienie bliznowaciej\u0105ce to szeroka grupa schorze\u0144, kt\u00f3rych leczeniem zajmuj\u0105 si\u0119 lekarze dermatolodzy. Dowiedz si\u0119 wi\u0119cej.\" \/>\n<meta name=\"robots\" content=\"index, follow, max-snippet:-1, max-image-preview:large, max-video-preview:-1\" \/>\n<link rel=\"canonical\" href=\"https:\/\/www.alab.pl\/centrum-wiedzy\/lysienie-bliznowaciejace-objawy-przyczyny-i-leczenie\/\" \/>\n<meta property=\"og:locale\" content=\"pl_PL\" \/>\n<meta property=\"og:type\" content=\"article\" \/>\n<meta property=\"og:title\" content=\"\u0141ysienie bliznowaciej\u0105ce - objawy, przyczyny i leczenie - Centrum Wiedzy ALAB laboratoria\" \/>\n<meta property=\"og:description\" content=\"\u0141ysienie bliznowaciej\u0105ce to szeroka grupa schorze\u0144, kt\u00f3rych leczeniem zajmuj\u0105 si\u0119 lekarze dermatolodzy. Dowiedz si\u0119 wi\u0119cej.\" \/>\n<meta property=\"og:url\" content=\"https:\/\/www.alab.pl\/centrum-wiedzy\/lysienie-bliznowaciejace-objawy-przyczyny-i-leczenie\/\" \/>\n<meta property=\"og:site_name\" content=\"Centrum Wiedzy ALAB laboratoria\" \/>\n<meta property=\"article:publisher\" content=\"https:\/\/www.facebook.com\/ALABlaboratoria\" \/>\n<meta property=\"article:published_time\" content=\"2026-03-13T08:36:57+00:00\" \/>\n<meta property=\"article:modified_time\" content=\"2026-03-13T08:37:00+00:00\" \/>\n<meta property=\"og:image\" content=\"https:\/\/www.alab.pl\/centrum-wiedzy\/wp-content\/uploads\/2026\/03\/Lysienie_bliznowaciejace.jpg\" \/>\n\t<meta property=\"og:image:width\" content=\"2554\" \/>\n\t<meta property=\"og:image:height\" content=\"1703\" \/>\n\t<meta property=\"og:image:type\" content=\"image\/jpeg\" \/>\n<meta name=\"author\" content=\"Katarzyna Banaszczyk\" \/>\n<meta name=\"twitter:card\" content=\"summary_large_image\" \/>\n<meta name=\"twitter:label1\" content=\"Napisane przez\" \/>\n\t<meta name=\"twitter:data1\" content=\"Katarzyna Banaszczyk\" \/>\n\t<meta name=\"twitter:label2\" content=\"Szacowany czas czytania\" \/>\n\t<meta name=\"twitter:data2\" content=\"9 minut\" \/>\n\t<meta name=\"twitter:label3\" content=\"Written by\" \/>\n\t<meta name=\"twitter:data3\" content=\"Katarzyna Banaszczyk\" \/>\n<!-- \/ Yoast SEO plugin. -->","yoast_head_json":{"title":"\u0141ysienie bliznowaciej\u0105ce - objawy, przyczyny i leczenie - Centrum Wiedzy ALAB laboratoria","description":"\u0141ysienie bliznowaciej\u0105ce to szeroka grupa schorze\u0144, kt\u00f3rych leczeniem zajmuj\u0105 si\u0119 lekarze dermatolodzy. Dowiedz si\u0119 wi\u0119cej.","robots":{"index":"index","follow":"follow","max-snippet":"max-snippet:-1","max-image-preview":"max-image-preview:large","max-video-preview":"max-video-preview:-1"},"canonical":"https:\/\/www.alab.pl\/centrum-wiedzy\/lysienie-bliznowaciejace-objawy-przyczyny-i-leczenie\/","og_locale":"pl_PL","og_type":"article","og_title":"\u0141ysienie bliznowaciej\u0105ce - objawy, przyczyny i leczenie - Centrum Wiedzy ALAB laboratoria","og_description":"\u0141ysienie bliznowaciej\u0105ce to szeroka grupa schorze\u0144, kt\u00f3rych leczeniem zajmuj\u0105 si\u0119 lekarze dermatolodzy. Dowiedz si\u0119 wi\u0119cej.","og_url":"https:\/\/www.alab.pl\/centrum-wiedzy\/lysienie-bliznowaciejace-objawy-przyczyny-i-leczenie\/","og_site_name":"Centrum Wiedzy ALAB laboratoria","article_publisher":"https:\/\/www.facebook.com\/ALABlaboratoria","article_published_time":"2026-03-13T08:36:57+00:00","article_modified_time":"2026-03-13T08:37:00+00:00","og_image":[{"width":2554,"height":1703,"url":"https:\/\/www.alab.pl\/centrum-wiedzy\/wp-content\/uploads\/2026\/03\/Lysienie_bliznowaciejace.jpg","type":"image\/jpeg"}],"author":"Katarzyna Banaszczyk","twitter_card":"summary_large_image","twitter_misc":{"Napisane przez":"Katarzyna Banaszczyk","Szacowany czas czytania":"9 minut","Written by":"Katarzyna Banaszczyk"},"schema":{"@context":"https:\/\/schema.org","@graph":[{"@type":"Article","@id":"https:\/\/www.alab.pl\/centrum-wiedzy\/lysienie-bliznowaciejace-objawy-przyczyny-i-leczenie\/#article","isPartOf":{"@id":"https:\/\/www.alab.pl\/centrum-wiedzy\/lysienie-bliznowaciejace-objawy-przyczyny-i-leczenie\/"},"author":{"name":"Katarzyna Banaszczyk","@id":"https:\/\/www.alab.pl\/centrum-wiedzy\/#\/schema\/person\/308fb46be1959418e2e115e61c335941"},"headline":"\u0141ysienie bliznowaciej\u0105ce &#8211; objawy, przyczyny i leczenie","datePublished":"2026-03-13T08:36:57+00:00","dateModified":"2026-03-13T08:37:00+00:00","mainEntityOfPage":{"@id":"https:\/\/www.alab.pl\/centrum-wiedzy\/lysienie-bliznowaciejace-objawy-przyczyny-i-leczenie\/"},"wordCount":1655,"publisher":{"@id":"https:\/\/www.alab.pl\/centrum-wiedzy\/#organization"},"image":{"@id":"https:\/\/www.alab.pl\/centrum-wiedzy\/lysienie-bliznowaciejace-objawy-przyczyny-i-leczenie\/#primaryimage"},"thumbnailUrl":"https:\/\/www.alab.pl\/centrum-wiedzy\/wp-content\/uploads\/2026\/03\/Lysienie_bliznowaciejace.jpg","articleSection":["Choroby sk\u00f3ry"],"inLanguage":"pl-PL"},{"@type":["WebPage","FAQPage"],"@id":"https:\/\/www.alab.pl\/centrum-wiedzy\/lysienie-bliznowaciejace-objawy-przyczyny-i-leczenie\/","url":"https:\/\/www.alab.pl\/centrum-wiedzy\/lysienie-bliznowaciejace-objawy-przyczyny-i-leczenie\/","name":"\u0141ysienie bliznowaciej\u0105ce - objawy, przyczyny i leczenie - Centrum Wiedzy ALAB laboratoria","isPartOf":{"@id":"https:\/\/www.alab.pl\/centrum-wiedzy\/#website"},"primaryImageOfPage":{"@id":"https:\/\/www.alab.pl\/centrum-wiedzy\/lysienie-bliznowaciejace-objawy-przyczyny-i-leczenie\/#primaryimage"},"image":{"@id":"https:\/\/www.alab.pl\/centrum-wiedzy\/lysienie-bliznowaciejace-objawy-przyczyny-i-leczenie\/#primaryimage"},"thumbnailUrl":"https:\/\/www.alab.pl\/centrum-wiedzy\/wp-content\/uploads\/2026\/03\/Lysienie_bliznowaciejace.jpg","datePublished":"2026-03-13T08:36:57+00:00","dateModified":"2026-03-13T08:37:00+00:00","description":"\u0141ysienie bliznowaciej\u0105ce to szeroka grupa schorze\u0144, kt\u00f3rych leczeniem zajmuj\u0105 si\u0119 lekarze dermatolodzy. Dowiedz si\u0119 wi\u0119cej.","breadcrumb":{"@id":"https:\/\/www.alab.pl\/centrum-wiedzy\/lysienie-bliznowaciejace-objawy-przyczyny-i-leczenie\/#breadcrumb"},"mainEntity":[{"@id":"https:\/\/www.alab.pl\/centrum-wiedzy\/lysienie-bliznowaciejace-objawy-przyczyny-i-leczenie\/#faq-question-1773390652400"},{"@id":"https:\/\/www.alab.pl\/centrum-wiedzy\/lysienie-bliznowaciejace-objawy-przyczyny-i-leczenie\/#faq-question-1773390674821"},{"@id":"https:\/\/www.alab.pl\/centrum-wiedzy\/lysienie-bliznowaciejace-objawy-przyczyny-i-leczenie\/#faq-question-1773390696988"},{"@id":"https:\/\/www.alab.pl\/centrum-wiedzy\/lysienie-bliznowaciejace-objawy-przyczyny-i-leczenie\/#faq-question-1773390710121"},{"@id":"https:\/\/www.alab.pl\/centrum-wiedzy\/lysienie-bliznowaciejace-objawy-przyczyny-i-leczenie\/#faq-question-1773390730105"}],"inLanguage":"pl-PL","potentialAction":[{"@type":"ReadAction","target":["https:\/\/www.alab.pl\/centrum-wiedzy\/lysienie-bliznowaciejace-objawy-przyczyny-i-leczenie\/"]}]},{"@type":"ImageObject","inLanguage":"pl-PL","@id":"https:\/\/www.alab.pl\/centrum-wiedzy\/lysienie-bliznowaciejace-objawy-przyczyny-i-leczenie\/#primaryimage","url":"https:\/\/www.alab.pl\/centrum-wiedzy\/wp-content\/uploads\/2026\/03\/Lysienie_bliznowaciejace.jpg","contentUrl":"https:\/\/www.alab.pl\/centrum-wiedzy\/wp-content\/uploads\/2026\/03\/Lysienie_bliznowaciejace.jpg","width":2554,"height":1703,"caption":"\u0141ysienie bliznowaciej\u0105ce"},{"@type":"BreadcrumbList","@id":"https:\/\/www.alab.pl\/centrum-wiedzy\/lysienie-bliznowaciejace-objawy-przyczyny-i-leczenie\/#breadcrumb","itemListElement":[{"@type":"ListItem","position":1,"name":"Strona g\u0142\u00f3wna","item":"https:\/\/www.alab.pl\/centrum-wiedzy\/"},{"@type":"ListItem","position":2,"name":"\u0141ysienie bliznowaciej\u0105ce &#8211; objawy, przyczyny i leczenie"}]},{"@type":"WebSite","@id":"https:\/\/www.alab.pl\/centrum-wiedzy\/#website","url":"https:\/\/www.alab.pl\/centrum-wiedzy\/","name":"Centrum Wiedzy ALAB laboratoria","description":"","publisher":{"@id":"https:\/\/www.alab.pl\/centrum-wiedzy\/#organization"},"potentialAction":[{"@type":"SearchAction","target":{"@type":"EntryPoint","urlTemplate":"https:\/\/www.alab.pl\/centrum-wiedzy\/?s={search_term_string}"},"query-input":{"@type":"PropertyValueSpecification","valueRequired":true,"valueName":"search_term_string"}}],"inLanguage":"pl-PL"},{"@type":"Organization","@id":"https:\/\/www.alab.pl\/centrum-wiedzy\/#organization","name":"Centrum Wiedzy ALAB laboratoria","url":"https:\/\/www.alab.pl\/centrum-wiedzy\/","logo":{"@type":"ImageObject","inLanguage":"pl-PL","@id":"https:\/\/www.alab.pl\/centrum-wiedzy\/#\/schema\/logo\/image\/","url":"https:\/\/www.alab.pl\/centrum-wiedzy\/wp-content\/uploads\/2022\/04\/alabek.jpg","contentUrl":"https:\/\/www.alab.pl\/centrum-wiedzy\/wp-content\/uploads\/2022\/04\/alabek.jpg","width":1250,"height":1251,"caption":"Centrum Wiedzy ALAB laboratoria"},"image":{"@id":"https:\/\/www.alab.pl\/centrum-wiedzy\/#\/schema\/logo\/image\/"},"sameAs":["https:\/\/www.facebook.com\/ALABlaboratoria"]},{"@type":"Person","@id":"https:\/\/www.alab.pl\/centrum-wiedzy\/#\/schema\/person\/308fb46be1959418e2e115e61c335941","name":"Katarzyna Banaszczyk","image":{"@type":"ImageObject","inLanguage":"pl-PL","@id":"https:\/\/www.alab.pl\/centrum-wiedzy\/wp-content\/uploads\/2024\/12\/Katarzyna-Banaszczyk-150x150.jpgdd037207674aeb9b7e97c9616a0cf536","url":"https:\/\/www.alab.pl\/centrum-wiedzy\/wp-content\/uploads\/2024\/12\/Katarzyna-Banaszczyk-150x150.jpg","contentUrl":"https:\/\/www.alab.pl\/centrum-wiedzy\/wp-content\/uploads\/2024\/12\/Katarzyna-Banaszczyk-150x150.jpg","caption":"Katarzyna Banaszczyk"},"description":"Lekarka w trakcie specjalizacji z dermatologii i wenerologii. Absolwentka Collegium Medicum UMK im. Ludwika Rydygiera w Bydgoszczy. Wyk\u0142adowca akademicki Collegium Medicum im. W\u0142adys\u0142awa Biega\u0144skiego w Cz\u0119stochowie.","url":"https:\/\/www.alab.pl\/centrum-wiedzy\/author\/katarzyna-banaszczyk\/"},{"@type":"Question","@id":"https:\/\/www.alab.pl\/centrum-wiedzy\/lysienie-bliznowaciejace-objawy-przyczyny-i-leczenie\/#faq-question-1773390652400","position":1,"url":"https:\/\/www.alab.pl\/centrum-wiedzy\/lysienie-bliznowaciejace-objawy-przyczyny-i-leczenie\/#faq-question-1773390652400","name":"Czy \u0142ysienie bliznowaciej\u0105ce mo\u017cna zatrzyma\u0107?","answerCount":1,"acceptedAnswer":{"@type":"Answer","text":"Zatrzymanie bliznowaciej\u0105cej utraty w\u0142os\u00f3w jest podstawowym i najwa\u017cniejszym celem leczenia tego schorzenia. Odpowiednio dobrana terapia daje szans\u0119 na zatrzymanie procesu chorobowego.","inLanguage":"pl-PL"},"inLanguage":"pl-PL"},{"@type":"Question","@id":"https:\/\/www.alab.pl\/centrum-wiedzy\/lysienie-bliznowaciejace-objawy-przyczyny-i-leczenie\/#faq-question-1773390674821","position":2,"url":"https:\/\/www.alab.pl\/centrum-wiedzy\/lysienie-bliznowaciejace-objawy-przyczyny-i-leczenie\/#faq-question-1773390674821","name":"Czy \u0142ysienie bliznowaciej\u0105ce jest dziedziczne?","answerCount":1,"acceptedAnswer":{"@type":"Answer","text":"Czynniki genetyczne odgrywaj\u0105 pewn\u0105 rol\u0119 w etiopatogenezie \u0142ysienia bliznowaciej\u0105cego, jednak nie jest znany jeden, konkretny gen odpowiedzialny za pojawienie si\u0119 tego schorzenia.","inLanguage":"pl-PL"},"inLanguage":"pl-PL"},{"@type":"Question","@id":"https:\/\/www.alab.pl\/centrum-wiedzy\/lysienie-bliznowaciejace-objawy-przyczyny-i-leczenie\/#faq-question-1773390696988","position":3,"url":"https:\/\/www.alab.pl\/centrum-wiedzy\/lysienie-bliznowaciejace-objawy-przyczyny-i-leczenie\/#faq-question-1773390696988","name":"Czy \u0142ysienie bliznowaciej\u0105ce jest chorob\u0105 autoimmunologiczn\u0105?","answerCount":1,"acceptedAnswer":{"@type":"Answer","text":"To zale\u017cy od danego rodzaju \u0142ysienia bliznowaciej\u0105cego. Czynniki autoimmunologiczne odgrywaj\u0105 istotn\u0105 rol\u0119 mi\u0119dzy innymi w przebiegu liszaja p\u0142askiego mieszkowego, tocznia ogniskowego sk\u00f3ry ow\u0142osionej, a tak\u017ce \u0142ysienia czo\u0142owego bliznowaciej\u0105cego.","inLanguage":"pl-PL"},"inLanguage":"pl-PL"},{"@type":"Question","@id":"https:\/\/www.alab.pl\/centrum-wiedzy\/lysienie-bliznowaciejace-objawy-przyczyny-i-leczenie\/#faq-question-1773390710121","position":4,"url":"https:\/\/www.alab.pl\/centrum-wiedzy\/lysienie-bliznowaciejace-objawy-przyczyny-i-leczenie\/#faq-question-1773390710121","name":"Czy niedob\u00f3r witamin mo\u017ce by\u0107 przyczyn\u0105 \u0142ysienia bliznowaciej\u0105cego?","answerCount":1,"acceptedAnswer":{"@type":"Answer","text":"Sam niedob\u00f3r witamin i minera\u0142\u00f3w nie jest przyczyn\u0105 bliznowacenia. Mo\u017ce jednak predysponowa\u0107 do pojawienia si\u0119 \u0142ysienia telogenowego, kt\u00f3re jest odwracalne i niebliznowaciej\u0105ce. Niedobory utrudniaj\u0105 jednak leczenie wszystkich rodzaj\u00f3w \u0142ysie\u0144.","inLanguage":"pl-PL"},"inLanguage":"pl-PL"},{"@type":"Question","@id":"https:\/\/www.alab.pl\/centrum-wiedzy\/lysienie-bliznowaciejace-objawy-przyczyny-i-leczenie\/#faq-question-1773390730105","position":5,"url":"https:\/\/www.alab.pl\/centrum-wiedzy\/lysienie-bliznowaciejace-objawy-przyczyny-i-leczenie\/#faq-question-1773390730105","name":"Jak rozpozna\u0107 \u0142ysienie bliznowaciej\u0105ce?","answerCount":1,"acceptedAnswer":{"@type":"Answer","text":"W celu identyfikacji \u0142ysienia bliznowaciej\u0105cego niezb\u0119dne jest badanie dermatologiczne, w tym trichoskopia, a w niekt\u00f3rych przypadkach wykonanie badania histopatologicznego i immunopatologicznego.","inLanguage":"pl-PL"},"inLanguage":"pl-PL"}]}},"_links":{"self":[{"href":"https:\/\/www.alab.pl\/centrum-wiedzy\/wp-json\/wp\/v2\/posts\/30281","targetHints":{"allow":["GET"]}}],"collection":[{"href":"https:\/\/www.alab.pl\/centrum-wiedzy\/wp-json\/wp\/v2\/posts"}],"about":[{"href":"https:\/\/www.alab.pl\/centrum-wiedzy\/wp-json\/wp\/v2\/types\/post"}],"author":[{"embeddable":true,"href":"https:\/\/www.alab.pl\/centrum-wiedzy\/wp-json\/wp\/v2\/users\/165"}],"replies":[{"embeddable":true,"href":"https:\/\/www.alab.pl\/centrum-wiedzy\/wp-json\/wp\/v2\/comments?post=30281"}],"version-history":[{"count":4,"href":"https:\/\/www.alab.pl\/centrum-wiedzy\/wp-json\/wp\/v2\/posts\/30281\/revisions"}],"predecessor-version":[{"id":30286,"href":"https:\/\/www.alab.pl\/centrum-wiedzy\/wp-json\/wp\/v2\/posts\/30281\/revisions\/30286"}],"wp:featuredmedia":[{"embeddable":true,"href":"https:\/\/www.alab.pl\/centrum-wiedzy\/wp-json\/wp\/v2\/media\/30285"}],"wp:attachment":[{"href":"https:\/\/www.alab.pl\/centrum-wiedzy\/wp-json\/wp\/v2\/media?parent=30281"}],"wp:term":[{"taxonomy":"category","embeddable":true,"href":"https:\/\/www.alab.pl\/centrum-wiedzy\/wp-json\/wp\/v2\/categories?post=30281"},{"taxonomy":"post_tag","embeddable":true,"href":"https:\/\/www.alab.pl\/centrum-wiedzy\/wp-json\/wp\/v2\/tags?post=30281"},{"taxonomy":"author","embeddable":true,"href":"https:\/\/www.alab.pl\/centrum-wiedzy\/wp-json\/wp\/v2\/coauthors?post=30281"}],"curies":[{"name":"wp","href":"https:\/\/api.w.org\/{rel}","templated":true}]}}