{"id":30949,"date":"2026-04-28T12:19:36","date_gmt":"2026-04-28T10:19:36","guid":{"rendered":"https:\/\/www.alab.pl\/centrum-wiedzy\/?p=30949"},"modified":"2026-04-28T13:11:25","modified_gmt":"2026-04-28T11:11:25","slug":"zaburzenia-afektywne-dwubiegunowe-chad-przyczyny-objawy-diagnostyka-i-leczenie-zaburzenia","status":"publish","type":"post","link":"https:\/\/www.alab.pl\/centrum-wiedzy\/zaburzenia-afektywne-dwubiegunowe-chad-przyczyny-objawy-diagnostyka-i-leczenie-zaburzenia\/","title":{"rendered":"Zaburzenia afektywne dwubiegunowe (ChAD) \u2013 przyczyny, objawy, diagnostyka i leczenie zaburzenia"},"content":{"rendered":"\n<p><strong>Zaburzenia afektywne dwubiegunowe to z\u0142o\u017cone zagadnienie, kt\u00f3re wykracza poza zwyk\u0142e wahania nastroju oraz wp\u0142ywa na ka\u017cdy aspekt \u017cycia pacjenta. Z tego artyku\u0142u dowiesz si\u0119, co to jest choroba dwubiegunowa, jak rozpozna\u0107 pierwsze sygna\u0142y choroby, jakie s\u0105 r\u00f3\u017cnice mi\u0119dzy jej typami oraz jakie metody terapeutyczne oferuje wsp\u00f3\u0142czesna medycyna. Po lekturze lepiej zrozumiesz natur\u0119 tego zaburzenia.<\/strong><\/p>\n\n\n\n<figure class=\"wp-block-table\"><table class=\"has-fixed-layout\"><tbody><tr><td><strong>Z tego artyku\u0142u dowiesz si\u0119:<\/strong> <br>&gt;&gt; Czym dok\u0142adnie charakteryzuje si\u0119 choroba afektywna dwubiegunowa (ChAD); <br>&gt;&gt; Jakie s\u0105 r\u00f3\u017cnice mi\u0119dzy chorob\u0105 afektywn\u0105 dwubiegunow\u0105 typu 1 a typu 2; <br>&gt;&gt; Kto jest najbardziej nara\u017cony na zachorowanie; <br>&gt;&gt; Jak przebiegaj\u0105 epizody maniakalne, hipomaniakalne oraz depresyjne; <br>&gt;&gt; Na czym polega nowoczesna diagnostyka i leczenie.<\/td><\/tr><\/tbody><\/table><\/figure>\n\n\n\n<p><strong>Spis tre\u015bci:<\/strong><\/p>\n\n\n\n<ol class=\"wp-block-list\">\n<li><a href=\"#Zaburzenia-afektywne-dwubiegunowe:-czym-jest-ChAD?\">Zaburzenia afektywne dwubiegunowe: czym jest ChAD?<\/a>\n<ul class=\"wp-block-list\">\n<li><span style=\"color: initial;\"><a href=\"#Dwubiegunowo\u015b\u0107-typu-1\">Dwubiegunowo\u015b\u0107 typu 1<\/a><\/span><\/li>\n\n\n\n<li><a href=\"#Dwubiegunowo\u015b\u0107-typu-2\">Dwubiegunowo\u015b\u0107 typu 2<\/a><\/li>\n<\/ul>\n<\/li>\n\n\n\n<li><a href=\"#Jak-cz\u0119sto-wyst\u0119puje-tzw.-dwubiegunowo\u015b\u0107?\">Jak cz\u0119sto wyst\u0119puje tzw. dwubiegunowo\u015b\u0107?<\/a><\/li>\n\n\n\n<li><a href=\"#Kto-choruje-na-chorob\u0119-dwubiegunow\u0105?\">Kto choruje na chorob\u0119 dwubiegunow\u0105?<\/a>\n<ul class=\"wp-block-list\">\n<li><a href=\"#Dwubiegunowo\u015b\u0107-u-dzieci\">Dwubiegunowo\u015b\u0107 u dzieci<\/a><\/li>\n<\/ul>\n<\/li>\n\n\n\n<li><a href=\"#Przyczyny-zaburze\u0144-afektywnych-dwubiegunowych\">Przyczyny zaburze\u0144 afektywnych dwubiegunowych<\/a><\/li>\n\n\n\n<li><a href=\"#Objawy-zaburze\u0144-afektywnych-dwubiegunowych\">Objawy zaburze\u0144 afektywnych dwubiegunowych<\/a>\n<ul class=\"wp-block-list\">\n<li><span style=\"color: initial;\"><a href=\"#Epizody-maniakalne\">Epizody maniakalne<\/a><\/span><\/li>\n\n\n\n<li><span style=\"color: initial;\"><a href=\"#Hipomania\">Hipomania<\/a><\/span><\/li>\n\n\n\n<li><a href=\"#Epizody-depresyjne\">Epizody depresyjne<\/a><\/li>\n<\/ul>\n<\/li>\n\n\n\n<li><a href=\"#ChAD:-diagnostyka-zaburze\u0144-afektywnych-dwubiegunowych\">ChAD: diagnostyka zaburze\u0144 afektywnych dwubiegunowych<\/a>\n<ul class=\"wp-block-list\">\n<li><a href=\"#Jakie-badania-wykona\u0107-przy-bipolar?\">Jakie badania wykona\u0107 przy <em>bipolar<\/em>?<\/a><\/li>\n<\/ul>\n<\/li>\n\n\n\n<li><a href=\"#Jak-leczy-si\u0119-zaburzenia-afektywne-dwubiegunowe?\">Jak leczy si\u0119 zaburzenia afektywne dwubiegunowe?<\/a>\n<ul class=\"wp-block-list\">\n<li><a href=\"#Czy-choroba-afektywna-dwubiegunowa-jest-wyleczalna?\">Czy choroba afektywna dwubiegunowa jest wyleczalna?<\/a><\/li>\n<\/ul>\n<\/li>\n\n\n\n<li><a href=\"#Podsumowanie\">Podsumowanie<\/a><\/li>\n\n\n\n<li><a href=\"#FAQ:-najcz\u0119stsze-pytania-o-zaburzenia-afektywne-dwubiegunowe\">FAQ: najcz\u0119stsze pytania o zaburzenia afektywne dwubiegunowe<\/a><\/li>\n<\/ol>\n\n\n\n<h2 class=\"wp-block-heading\" id=\"Zaburzenia-afektywne-dwubiegunowe:-czym-jest-ChAD?\">Zaburzenia afektywne dwubiegunowe: czym jest ChAD?<\/h2>\n\n\n\n<p>Zaburzenia afektywne dwubiegunowe, okre\u015blane tak\u017ce jako ChAD lub bipolar, to grupa zaburze\u0144 nastroju <strong>charakteryzuj\u0105ca si\u0119 wyst\u0119powaniem nawracaj\u0105cych <\/strong><a href=\"https:\/\/www.alab.pl\/centrum-wiedzy\/depresja-objawy-przyczyny-diagnostyka-i-leczenie\/\"><strong>epizod\u00f3w depresji<\/strong><\/a><strong> oraz manii lub hipomanii.<\/strong> Mi\u0119dzy epizodami objawy mog\u0105 si\u0119 wycisza\u0107, a cz\u0119\u015b\u0107 pacjent\u00f3w funkcjonuje wzgl\u0119dnie dobrze, co bywa jedn\u0105 z przyczyn op\u00f3\u017anienia rozpoznania.<\/p>\n\n\n\n<p>W przeciwie\u0144stwie do przej\u015bciowych waha\u0144 nastroju choroba ta wi\u0105\u017ce si\u0119 z wyra\u017anymi zmianami poziomu energii, aktywno\u015bci i zdolno\u015bci do codziennego funkcjonowania. ChAD jest przewlek\u0142ym, nawrotowym zaburzeniem psychicznym. Wyr\u00f3\u017cnia si\u0119 dwa g\u0142\u00f3wne typy choroby afektywnej dwubiegunowej.<\/p>\n\n\n\n<figure class=\"wp-block-image size-full\"><a href=\"https:\/\/www.alab.pl\/pakiet\/pakiet-zdrowie-psychiczne-podstawowy\"><img loading=\"lazy\" decoding=\"async\" width=\"800\" height=\"200\" src=\"https:\/\/www.alab.pl\/centrum-wiedzy\/wp-content\/uploads\/2025\/04\/Pakiet-zdrowie-psychiczne-podstwowy-13-badan.jpg\" alt=\"Pakiet zdrowie psychiczne podstwowy (13 badan\u0301) banerek\" class=\"wp-image-22709\" srcset=\"https:\/\/www.alab.pl\/centrum-wiedzy\/wp-content\/uploads\/2025\/04\/Pakiet-zdrowie-psychiczne-podstwowy-13-badan.jpg 800w, https:\/\/www.alab.pl\/centrum-wiedzy\/wp-content\/uploads\/2025\/04\/Pakiet-zdrowie-psychiczne-podstwowy-13-badan-768x192.jpg 768w, https:\/\/www.alab.pl\/centrum-wiedzy\/wp-content\/uploads\/2025\/04\/Pakiet-zdrowie-psychiczne-podstwowy-13-badan-150x38.jpg 150w, https:\/\/www.alab.pl\/centrum-wiedzy\/wp-content\/uploads\/2025\/04\/Pakiet-zdrowie-psychiczne-podstwowy-13-badan-300x75.jpg 300w, https:\/\/www.alab.pl\/centrum-wiedzy\/wp-content\/uploads\/2025\/04\/Pakiet-zdrowie-psychiczne-podstwowy-13-badan-696x174.jpg 696w\" sizes=\"auto, (max-width: 800px) 100vw, 800px\" \/><\/a><\/figure>\n\n\n\n<h3 class=\"wp-block-heading\" id=\"Dwubiegunowo\u015b\u0107-typu-1\">Dwubiegunowo\u015b\u0107 typu 1<\/h3>\n\n\n\n<p>Dwubiegunowo\u015b\u0107 typu 1 jest uznawana za klasyczn\u0105 form\u0119 schorzenia. Rozpoznaje si\u0119 j\u0105 wtedy, gdy u pacjenta w ci\u0105gu \u017cycia wyst\u0105pi co najmniej jeden pe\u0142ny epizod maniakalny, trwaj\u0105cy minimum 7 dni (lub kr\u00f3cej, je\u015bli konieczna by\u0142a hospitalizacja). <strong>Epizody depresyjne nie s\u0105 konieczne do postawienia diagnozy, cho\u0107 w praktyce niemal zawsze si\u0119 pojawiaj\u0105.<\/strong> Mania w typie 1 mo\u017ce prowadzi\u0107 do zachowa\u0144 ryzykownych, a w skrajnych przypadkach \u2013 do psychozy.<strong><\/strong><\/p>\n\n\n\n<h3 class=\"wp-block-heading\" id=\"Dwubiegunowo\u015b\u0107-typu-2\">Dwubiegunowo\u015b\u0107 typu 2<\/h3>\n\n\n\n<p>Dwubiegunowo\u015b\u0107 typu 2 charakteryzuje si\u0119 wyst\u0119powaniem co najmniej jednego epizodu depresji oraz co najmniej jednego epizodu hipomanii (\u0142agodniejszej formy manii). <strong>Typ 2 jest cz\u0119sto mylony z depresj\u0105 nawracaj\u0105c\u0105,<\/strong> co prowadzi do b\u0142\u0119dnego leczenia i nasilenia objaw\u00f3w. Pacjenci rzadziej skar\u017c\u0105 si\u0119 tak\u017ce na stan podwy\u017cszonego nastroju, poniewa\u017c traktuj\u0105 go jako okres wyj\u0105tkowej produktywno\u015bci.<\/p>\n\n\n\n<p><strong>&gt;&gt; Sprawd\u017a: <\/strong><a href=\"https:\/\/www.alab.pl\/centrum-wiedzy\/depresja-maskowana-objawy-przyczyny-leczenie-jakie-badania-zrobic-przy-depresji\/\"><strong>Depresja maskowana \u2013 objawy, przyczyny, leczenie. Jakie badania zrobi\u0107 przy depresji?<\/strong><\/a><strong><\/strong><\/p>\n\n\n\n<h2 class=\"wp-block-heading\" id=\"Jak-cz\u0119sto-wyst\u0119puje-tzw.-dwubiegunowo\u015b\u0107?\">Jak cz\u0119sto wyst\u0119puje tzw. dwubiegunowo\u015b\u0107?<\/h2>\n\n\n\n<p>Szacuje si\u0119, \u017ce dwubiegunowo\u015b\u0107 (choroba afektywna dwubiegunowa) dotyczy od 1 do 3% populacji og\u00f3lnej na \u015bwiecie. <strong>W Polsce to zaburzenie mo\u017ce wyst\u0119powa\u0107 nawet u kilkuset tysi\u0119cy os\u00f3b.<\/strong> Co wa\u017cne, ChAD cz\u0119sto pozostaje nierozpoznana przez lata: od pojawienia si\u0119 pierwszych objaw\u00f3w do w\u0142a\u015bciwego rozpoznania mo\u017ce min\u0105\u0107 nawet kilka, a niekiedy blisko 10 lat.<\/p>\n\n\n\n<h2 class=\"wp-block-heading\" id=\"Kto-choruje-na-chorob\u0119-dwubiegunow\u0105?\">Kto choruje na chorob\u0119 dwubiegunow\u0105?<\/h2>\n\n\n\n<p>Odpowied\u017a na pytanie, kto choruje na chorob\u0119 dwubiegunow\u0105, nie jest jednoznaczna. <strong>Wi\u0119kszo\u015b\u0107 diagnoz stawia si\u0119 u os\u00f3b mi\u0119dzy 15. a 30. rokiem \u017cycia,<\/strong> poniewa\u017c to w\u0142a\u015bnie wtedy pojawiaj\u0105 si\u0119 pierwsze objawy choroby dwubiegunowej. Choroba ta dotyka zar\u00f3wno kobiety, jak i m\u0119\u017cczyzn, niezale\u017cnie od statusu spo\u0142ecznego czy wykszta\u0142cenia. Jej przebieg mo\u017ce si\u0119 jednak r\u00f3\u017cni\u0107 w zale\u017cno\u015bci od p\u0142ci: kobiety cz\u0119\u015bciej do\u015bwiadczaj\u0105 epizod\u00f3w depresyjnych i szybszych cykli zmian nastroju.<\/p>\n\n\n\n<p><strong>&gt;&gt; Przeczytaj: <\/strong><a href=\"https:\/\/www.alab.pl\/centrum-wiedzy\/czym-jest-dystymia-jakie-sa-jej-objawy-i-czym-rozni-sie-od-depresji\/\"><strong>Czym jest dystymia, jakie s\u0105 jej objawy i czym r\u00f3\u017cni si\u0119 od depresji?<\/strong><\/a><strong><\/strong><\/p>\n\n\n\n<h3 class=\"wp-block-heading\" id=\"Dwubiegunowo\u015b\u0107-u-dzieci\">Dwubiegunowo\u015b\u0107 u dzieci<\/h3>\n\n\n\n<p>Je\u015bli chodzi o dwubiegunowo\u015b\u0107 u dzieci i m\u0142odzie\u017cy, rozpoznanie jest trudniejsze, poniewa\u017c <strong>objawy mog\u0105 przypomina\u0107 <\/strong><a href=\"https:\/\/www.alab.pl\/centrum-wiedzy\/adhd-u-doroslych-objawy-przyczyny-diagnostyka-i-leczenie\/\"><strong>ADHD<\/strong><\/a><strong>, zaburzenia zachowania lub inne problemy psychiczne wieku rozwojowego.<\/strong> Obraz choroby bywa mniej typowy ni\u017c u doros\u0142ych i mo\u017ce obejmowa\u0107 dra\u017cliwo\u015b\u0107, pobudzenie, wyra\u017ane zmiany nastroju oraz trudno\u015bci w funkcjonowaniu szkolnym i spo\u0142ecznym. Rozpoznanie wymaga zawsze dok\u0142adnej oceny specjalisty psychiatrii dzieci i m\u0142odzie\u017cy.<\/p>\n\n\n\n<h2 class=\"wp-block-heading\" id=\"Przyczyny-zaburze\u0144-afektywnych-dwubiegunowych\">Przyczyny zaburze\u0144 afektywnych dwubiegunowych<\/h2>\n\n\n\n<p>Choroba afektywna dwubiegunowa ma z\u0142o\u017cone i wieloczynnikowe pod\u0142o\u017ce. Do jej rozwoju przyczyniaj\u0105 si\u0119 zar\u00f3wno czynniki genetyczne i neurologiczne, jak i \u015brodowiskowe. Co warto wiedzie\u0107 o przyczynach zaburze\u0144 afektywnych dwubiegunowych?<\/p>\n\n\n\n<ul class=\"wp-block-list\">\n<li><strong>Czynniki genetyczne:<\/strong> ryzyko zachorowania u krewnych pierwszego stopnia osoby chorej faktycznie jest kilkukrotnie wy\u017csze ni\u017c w populacji og\u00f3lnej. Szacuje si\u0119, \u017ce geny odpowiadaj\u0105 nawet za 60-80% ryzyka.<\/li>\n\n\n\n<li><strong>Zaburzenia neurobiologiczne:<\/strong> w przebiegu ChAD obserwuje si\u0119 dysfunkcje uk\u0142ad\u00f3w neuroprzeka\u017anikowych, m.in. dopaminergicznego i noradrenergicznego, a tak\u017ce zmiany strukturalne i czynno\u015bciowe w obszarach m\u00f3zgu zwi\u0105zanych z regulacj\u0105 emocji.<\/li>\n\n\n\n<li><strong>Czynniki \u015brodowiskowe i zaburzenia rytmu biologicznego: <\/strong>traumy, stresuj\u0105ce wydarzenia \u017cyciowe oraz nadu\u017cywanie substancji psychoaktywnych mog\u0105 wyzwala\u0107 pierwsze epizody u os\u00f3b genetycznie predysponowanych. Z kolei nieregularny sen, zmiany strefy czasowej czy praca zmianowa mog\u0105 powodowa\u0107 nawroty choroby.<\/li>\n<\/ul>\n\n\n\n<p><strong>&gt;&gt; Sprawd\u017a: <\/strong><a href=\"https:\/\/www.alab.pl\/centrum-wiedzy\/ptsd-zespol-stresu-pourazowego-czym-jest-i-jakie-daje-objawy\/\"><strong>PTSD (zesp\u00f3\u0142 stresu pourazowego) \u2013 czym jest i jakie daje objawy?<\/strong><\/a><strong><\/strong><\/p>\n\n\n\n<h2 class=\"wp-block-heading\" id=\"Objawy-zaburze\u0144-afektywnych-dwubiegunowych\">Objawy zaburze\u0144 afektywnych dwubiegunowych<\/h2>\n\n\n\n<p>Dwubiegunowo\u015b\u0107 objawia si\u0119 naprzemiennie wyst\u0119puj\u0105cymi stanami maniakalnymi i depresyjnymi. Obraz kliniczny jest zr\u00f3\u017cnicowany, a konkretne objawy zale\u017c\u0105 od aktualnej fazy, w kt\u00f3rej znajduje si\u0119 pacjent. Poni\u017cej znajdziesz charakterystyk\u0119 poszczeg\u00f3lnych stan\u00f3w i najwa\u017cniejsze objawy.<\/p>\n\n\n\n<h3 class=\"wp-block-heading\" id=\"Epizody-maniakalne\">Epizody maniakalne<\/h3>\n\n\n\n<p>Epizod maniakalny to <strong>stan podwy\u017cszonego nastroju lub rozdra\u017cnienia,<\/strong> kt\u00f3ry utrzymuje si\u0119 co najmniej tydzie\u0144. Towarzysz\u0105 mu:<\/p>\n\n\n\n<ul class=\"wp-block-list\">\n<li>poczucie euforii, nadmierna pewno\u015b\u0107 siebie;<\/li>\n\n\n\n<li>zmniejszona potrzeba snu bez uczucia zm\u0119czenia;<\/li>\n\n\n\n<li>przyspieszona mowa i my\u015blenie (gonitwa my\u015bli);<\/li>\n\n\n\n<li>impulsywne, ryzykowne decyzje: nieprzemy\u015blane wydatki, inwestycje, zachowania seksualne;<\/li>\n\n\n\n<li>wzmo\u017cona energia i aktywno\u015b\u0107 celowa.<\/li>\n<\/ul>\n\n\n\n<p>W ci\u0119\u017ckich przypadkach mog\u0105 pojawi\u0107 si\u0119 objawy psychotyczne: urojenia wielko\u015bciowe lub prze\u015bladowcze, halucynacje.<\/p>\n\n\n\n<h3 class=\"wp-block-heading\" id=\"Hipomania\">Hipomania<\/h3>\n\n\n\n<p>Hipomania to \u0142agodniejsza wersja epizodu maniakalnego, trwaj\u0105ca co najmniej 4 dni. <strong>Obejmuje wyra\u017anie podwy\u017cszony lub dra\u017cliwy nastr\u00f3j oraz zwi\u0119kszon\u0105 energi\u0119 lub aktywno\u015b\u0107,<\/strong> ale nie prowadzi do tak du\u017cego pogorszenia funkcjonowania jak mania i nie wi\u0105\u017ce si\u0119 z objawami psychotycznymi. Z tego powodu bywa trudna do wczesnego rozpoznania.<\/p>\n\n\n\n<h3 class=\"wp-block-heading\" id=\"Epizody-depresyjne\">Epizody depresyjne<\/h3>\n\n\n\n<p>Epizod depresyjny w ChAD stanowi drugi biegun choroby. Jego obraz kliniczny mo\u017ce przypomina\u0107 depresj\u0119 wyst\u0119puj\u0105c\u0105 w przebiegu zaburze\u0144 jednobiegunowych. <strong>Prawid\u0142owe rozpoznanie ma jednak du\u017ce znaczenie, poniewa\u017c wp\u0142ywa na dob\u00f3r leczenia.<\/strong> Epizod depresyjny objawia si\u0119 obni\u017ceniem nastroju, utrat\u0105 zainteresowa\u0144 i zdolno\u015bci odczuwania przyjemno\u015bci, poczuciem pustki lub beznadziei, a tak\u017ce spowolnieniem psychoruchowym i zaburzeniami snu. W ci\u0119\u017cszych przypadkach mog\u0105 pojawi\u0107 si\u0119 my\u015bli o \u015bmierci lub samob\u00f3jstwie, a nawet pr\u00f3by samob\u00f3jcze.<\/p>\n\n\n\n<p><strong>&gt;&gt; Zobacz: <\/strong><a href=\"https:\/\/www.alab.pl\/centrum-wiedzy\/dopamina-co-to-jest-i-jaka-role-pelni-badanie-normy\/\"><strong>Dopamina \u2013 co to jest i jak\u0105 rol\u0119 pe\u0142ni? Badanie, normy<\/strong><\/a><strong><\/strong><\/p>\n\n\n\n<figure class=\"wp-block-image size-full\"><a href=\"https:\/\/www.alab.pl\/pakiet\/pakiet-zdrowie-psychiczne-rozszerzony\"><img loading=\"lazy\" decoding=\"async\" width=\"800\" height=\"200\" src=\"https:\/\/www.alab.pl\/centrum-wiedzy\/wp-content\/uploads\/2025\/04\/Pakiet-zdrowie-psychiczne-rozszerzony-15-badan.jpg\" alt=\"Pakiet zdrowie psychiczne rozszerzony (15 badan\u0301) banerek\" class=\"wp-image-22710\" srcset=\"https:\/\/www.alab.pl\/centrum-wiedzy\/wp-content\/uploads\/2025\/04\/Pakiet-zdrowie-psychiczne-rozszerzony-15-badan.jpg 800w, https:\/\/www.alab.pl\/centrum-wiedzy\/wp-content\/uploads\/2025\/04\/Pakiet-zdrowie-psychiczne-rozszerzony-15-badan-768x192.jpg 768w, https:\/\/www.alab.pl\/centrum-wiedzy\/wp-content\/uploads\/2025\/04\/Pakiet-zdrowie-psychiczne-rozszerzony-15-badan-150x38.jpg 150w, https:\/\/www.alab.pl\/centrum-wiedzy\/wp-content\/uploads\/2025\/04\/Pakiet-zdrowie-psychiczne-rozszerzony-15-badan-300x75.jpg 300w, https:\/\/www.alab.pl\/centrum-wiedzy\/wp-content\/uploads\/2025\/04\/Pakiet-zdrowie-psychiczne-rozszerzony-15-badan-696x174.jpg 696w\" sizes=\"auto, (max-width: 800px) 100vw, 800px\" \/><\/a><\/figure>\n\n\n\n<h2 class=\"wp-block-heading\" id=\"ChAD:-diagnostyka-zaburze\u0144-afektywnych-dwubiegunowych\">ChAD: diagnostyka zaburze\u0144 afektywnych dwubiegunowych<\/h2>\n\n\n\n<p>Diagnoza choroby afektywnej dwubiegunowej opiera si\u0119 przede wszystkim na wywiadzie klinicznym i obserwacji przebiegu choroby. <strong>Nie istnieje jeden test, kt\u00f3ry jednoznacznie potwierdza zaburzenia afektywne dwubiegunowe.<\/strong> To psychiatra ocenia nasilenie objaw\u00f3w, ich czas trwania i wp\u0142yw na funkcjonowanie. Przeprowadza szczeg\u00f3\u0142owy wywiad, cz\u0119sto prosz\u0105c o pomoc nie tylko pacjenta, ale i jego bliskich, by uzyska\u0107 pe\u0142en obraz zmian na przestrzeni lat.<\/p>\n\n\n\n<p>W procesie diagnostycznym stosuje si\u0119 r\u00f3wnie\u017c ustandaryzowane narz\u0119dzia do oceny manii oraz nastroju. <strong>Prawid\u0142owe rozpoznanie wymaga czasu oraz du\u017cej wnikliwo\u015bci,<\/strong> poniewa\u017c ChAD cz\u0119sto bywa mylona z nawracaj\u0105c\u0105 depresj\u0105.<\/p>\n\n\n\n<h3 class=\"wp-block-heading\" id=\"Jakie-badania-wykona\u0107-przy-bipolar?\">Jakie badania wykona\u0107 przy <em>bipolar<\/em>?<\/h3>\n\n\n\n<p>Mimo \u017ce nie istniej\u0105 testy z krwi potwierdzaj\u0105ce to zaburzenie, lekarz mo\u017ce zleci\u0107 szereg bada\u0144 pomocniczych. Dzi\u0119ki temu mo\u017cliwe jest wykluczenie innych przyczyn zaburze\u0144 nastroju. Warto wykona\u0107 podstawowe badania krwi: morfologi\u0119 i <a href=\"https:\/\/www.alab.pl\/pakiet\/pakiet-elektrolitow\">elektrolity<\/a>. <strong>Nale\u017cy tak\u017ce wykluczy\u0107 choroby endokrynologiczne<\/strong> \u2013 <a href=\"https:\/\/www.alab.pl\/pakiet\/pakiet-tarczycowy-rozszerzony\">nadczynno\u015b\u0107 tarczycy<\/a> mo\u017ce dawa\u0107 objawy imituj\u0105ce epizod maniakalny. W uzasadnionych przypadkach wykonuje si\u0119 tak\u017ce EEG lub rezonans magnetyczny g\u0142owy, by wykluczy\u0107 zmiany organiczne.<\/p>\n\n\n\n<h2 class=\"wp-block-heading\" id=\"Jak-leczy-si\u0119-zaburzenia-afektywne-dwubiegunowe?\">Jak leczy si\u0119 zaburzenia afektywne dwubiegunowe?<\/h2>\n\n\n\n<p>Leczenie ChAD ma charakter przewlek\u0142y i wymaga wsp\u00f3\u0142pracy pacjenta z psychiatr\u0105. Celem terapii jest stabilizacja nastroju, zapobieganie nawrotom epizod\u00f3w i poprawa jako\u015bci \u017cycia. Podstaw\u0105 jest farmakoterapia: <strong>leki na dwubiegunowo\u015b\u0107 to leki normotymiczne, czyli stabilizatory nastroju.<\/strong> Zaliczamy do nich sole litu (z\u0142oty standard w leczeniu ChAD), walproinian sodu, lamotrygin\u0119 oraz leki przeciwpsychotyczne II generacji. Leki przeciwdepresyjne w ChAD stosuje si\u0119 ostro\u017cnie, poniewa\u017c u cz\u0119\u015bci pacjent\u00f3w mog\u0105 nasila\u0107 niestabilno\u015b\u0107 nastroju lub sprzyja\u0107 przej\u015bciu w hipomani\u0119 albo mani\u0119. <strong>Leki na dwubiegunowo\u015b\u0107 musz\u0105 by\u0107 dobierane indywidualnie przez specjalist\u0119.<\/strong> Cz\u0119sto proces ten wymaga cierpliwo\u015bci, gdy\u017c organizm potrzebuje czasu na adaptacj\u0119.<\/p>\n\n\n\n<p>Uzupe\u0142nieniem farmakoterapii jest psychoterapia, szczeg\u00f3lnie w nurcie poznawczo-behawioralnym oraz psychoedukacja. <strong>Pacjent uczy si\u0119 rozpoznawa\u0107 wczesne sygna\u0142y ostrzegawcze,<\/strong> zarz\u0105dza\u0107 stresem i utrzymywa\u0107 regularny rytm dobowy.<\/p>\n\n\n\n<h3 class=\"wp-block-heading\" id=\"Czy-choroba-afektywna-dwubiegunowa-jest-wyleczalna?\">Czy choroba afektywna dwubiegunowa jest wyleczalna?<\/h3>\n\n\n\n<p>ChAD jest uznawana za przewlek\u0142e zaburzenie o charakterze nawracaj\u0105cym, co oznacza, \u017ce <strong>nie jest w pe\u0142ni uleczalna.<\/strong> Odpowiednio dobrane leki w po\u0142\u0105czeniu z psychoterapi\u0105 i psychoedukacj\u0105 umo\u017cliwiaj\u0105 d\u0142ugotrwa\u0142\u0105 remisj\u0119 i pozwalaj\u0105 na prowadzenie normalnego, satysfakcjonuj\u0105cego \u017cycia.<\/p>\n\n\n\n<p><strong>&gt;&gt; To wa\u017cne: <\/strong><a href=\"https:\/\/www.alab.pl\/centrum-wiedzy\/nerwica-objawy-rodzaje-przyczyny-diagnostyka-i-leczenie\/\"><strong>Nerwica \u2013 objawy, rodzaje, przyczyny, diagnostyka i leczenie<\/strong><\/a><strong><\/strong><\/p>\n\n\n\n<h2 class=\"wp-block-heading\" id=\"Podsumowanie\">Podsumowanie<\/h2>\n\n\n\n<ul class=\"wp-block-list\">\n<li>Choroba afektywna dwubiegunowa (ChAD) to przewlek\u0142e zaburzenie nastroju z naprzemiennymi epizodami maniakalnymi i depresyjnymi;<\/li>\n\n\n\n<li>Wyr\u00f3\u017cnia si\u0119 dwa g\u0142\u00f3wne typy: typ 1 (z mani\u0105) i typ 2 (z hipomani\u0105 i depresj\u0105);<\/li>\n\n\n\n<li>ChAD ma pod\u0142o\u017cone genetyczne i neurobiologiczne, a czynniki \u015brodowiskowe mog\u0105 wyzwala\u0107 kolejne epizody;<\/li>\n\n\n\n<li>Diagnostyka opiera si\u0119 na wywiadzie psychiatrycznym; badania laboratoryjne s\u0142u\u017c\u0105 wykluczeniu innych przyczyn;<\/li>\n\n\n\n<li>Leczenie jest przewlek\u0142e i obejmuje stosowanie lek\u00f3w normotymicznych oraz psychoterapi\u0119;<\/li>\n\n\n\n<li>Przy odpowiednim leczeniu osoby z ChAD mog\u0105 prowadzi\u0107 aktywne, satysfakcjonuj\u0105ce \u017cycie.<\/li>\n<\/ul>\n\n\n\n<h2 class=\"wp-block-heading\" id=\"FAQ:-najcz\u0119stsze-pytania-o-zaburzenia-afektywne-dwubiegunowe\">FAQ: najcz\u0119stsze pytania o zaburzenia afektywne dwubiegunowe<\/h2>\n\n\n\n<p>Poni\u017cej znajdziesz odpowiedzi na pytania, kt\u00f3re najcz\u0119\u015bciej zadaj\u0105 pacjenci i ich bliscy.<\/p>\n\n\n\n<div class=\"schema-faq wp-block-yoast-faq-block\"><div class=\"schema-faq-section\" id=\"faq-question-1777371173975\"><strong class=\"schema-faq-question\"><strong>Jak zaczyna si\u0119 choroba afektywna dwubiegunowa?<\/strong><\/strong> <p class=\"schema-faq-answer\">Pierwsze objawy choroby dwubiegunowej pojawiaj\u0105 si\u0119 najcz\u0119\u015bciej w okresie dojrzewania lub wczesnej doros\u0142o\u015bci (15-25 lat). Choroba mo\u017ce rozpocz\u0105\u0107 si\u0119 zar\u00f3wno od epizodu maniakalnego, jak i depresyjnego. Wcze\u015bnie pojawiaj\u0105ce si\u0119 sygna\u0142y to m. in. znaczne skr\u00f3cenie potrzeby snu przy utrzymanej energii, nag\u0142e zmiany nastroju, zwi\u0119kszona impulsywno\u015b\u0107 lub wycofanie i apatia.<\/p> <\/div> <div class=\"schema-faq-section\" id=\"faq-question-1777371192412\"><strong class=\"schema-faq-question\"><strong>Ile \u017cyj\u0105 ludzie z chorob\u0105 dwubiegunow\u0105?<\/strong><\/strong> <p class=\"schema-faq-answer\">Nieleczona choroba dwubiegunowa wi\u0105\u017ce si\u0119 ze skr\u00f3con\u0105 \u015bredni\u0105 d\u0142ugo\u015bci\u0105 \u017cycia. Wynika to z wysokiego ryzyka samob\u00f3jstwa, cz\u0119stszego wsp\u00f3\u0142wyst\u0119powania <a href=\"https:\/\/www.alab.pl\/centrum-wiedzy\/najczestsze-choroby-serca-objawy-i-diagnostyka\/\">chor\u00f3b sercowo-naczyniowych<\/a> i metabolicznych oraz negatywnych skutk\u00f3w d\u0142ugotrwa\u0142ego stresu. Jednak przy w\u0142a\u015bciwie prowadzonym leczeniu wiele os\u00f3b prowadzi d\u0142ugie i satysfakcjonuj\u0105ce \u017cycie. Kluczowe jest jednak unikanie u\u017cywek i regularne przyjmowanie lek\u00f3w, co minimalizuje ryzyko powik\u0142a\u0144 i zachowa\u0144 autodestrukcyjnych.<\/p> <\/div> <div class=\"schema-faq-section\" id=\"faq-question-1777371212197\"><strong class=\"schema-faq-question\"><strong>Czy w chorobie dwubiegunowej s\u0105 urojenia?<\/strong><\/strong> <p class=\"schema-faq-answer\">Tak, w ci\u0119\u017ckich epizodach maniakalnych lub depresyjnych mog\u0105 pojawi\u0107 si\u0119 objawy psychotyczne, w tym urojenia. W epizodzie maniakalnym s\u0105 to najcz\u0119\u015bciej urojenia wielko\u015bciowe (przekonanie o wyj\u0105tkowych zdolno\u015bciach czy misji), rzadziej prze\u015bladowcze. W epizodzie depresyjnym \u2013 urojenia nihilistyczne (np. przekonanie o w\u0142asnej nieuleczalnej chorobie lub ruinie). Obecno\u015b\u0107 uroje\u0144 wymaga zintensyfikowanego leczenia, w tym w\u0142\u0105czenia lek\u00f3w przeciwpsychotycznych.<\/p> <\/div> <div class=\"schema-faq-section\" id=\"faq-question-1777371224101\"><strong class=\"schema-faq-question\"><strong>Czy osoba z chorob\u0105 dwubiegunow\u0105 mo\u017ce pracowa\u0107?<\/strong><\/strong> <p class=\"schema-faq-answer\">Zdecydowanie tak. Wi\u0119kszo\u015b\u0107 os\u00f3b z ChAD przy odpowiednio dobranym leczeniu prowadzi aktywne \u017cycie zawodowe. Wa\u017cna jest stabilizacja trybu \u017cycia, dbanie o higien\u0119 snu i unikanie pracy w systemie zmianowym.<\/p> <\/div> <\/div>\n\n\n\n<p><strong>Opieka merytoryczna: lek. Katarzyna Ciep\u0142ucha<\/strong><\/p>\n\n\n\n<hr class=\"wp-block-separator has-alpha-channel-opacity\"\/>\n\n\n\n<p><strong>Bibliografia<\/strong><\/p>\n\n\n\n<ol class=\"wp-block-list\">\n<li>Borowiecka-Kluza, J. i Siwek, M.&nbsp; <em>Choroba afektywna dwubiegunowa<\/em>. Medycyna Praktyczna dla Pacjent\u00f3w. Pobrano z: https:\/\/www.mp.pl\/pacjent\/psychiatria\/choroby\/69890,choroba-afektywna-dwubiegunowa (dost\u0119p: 15.04.2026).<\/li>\n\n\n\n<li>Dyga, K. (2019). Choroba afektywna dwubiegunowa a to\u017csamo\u015b\u0107. Przegl\u0105d pi\u015bmiennictwa. <em>Psychiatria Polska<\/em>, <em>53<\/em>(3), 691\u2013707.<\/li>\n\n\n\n<li>Dyga, K. i Opoczy\u0144ska-Morasiewicz, M. (2020). To\u017csamo\u015b\u0107 os\u00f3b z diagnoz\u0105 zaburzenia afektywnego dwubiegunowego. <em>Psychoterapia<\/em>, <em>192<\/em>(1), 17\u201330.<\/li>\n\n\n\n<li>Jakuszkowiak-Wojten, K., Ga\u0142uszko-W\u0119gielnik, M. i Wojtas, A. (2012). Rola psychoterapii poznawczo-behawioralnej w leczeniu zaburze\u0144 afektywnych dwubiegunowych. <em>Psychiatria<\/em>, <em>9<\/em>(1), 36\u201341.<\/li>\n\n\n\n<li>Nierenberg, A. A., Gaynes, B. N. i Aluoja, A. (2023). Diagnosis and treatment of bipolar disorder: A review. <em>JAMA<\/em>, <em>330<\/em>(14), 1370\u20131380.<\/li>\n<\/ol>\n","protected":false},"excerpt":{"rendered":"<p>Sprawd\u017a, co to jest choroba dwubiegunowa i jak rozpozna\u0107 jej pierwsze sygna\u0142y. Dowiedz si\u0119, jakie s\u0105 r\u00f3\u017cnice mi\u0119dzy jej typami. <\/p>\n","protected":false},"author":186,"featured_media":30958,"comment_status":"closed","ping_status":"closed","sticky":false,"template":"","format":"standard","meta":{"_acf_changed":false,"inline_featured_image":false,"footnotes":""},"categories":[228],"tags":[],"coauthors":[227],"class_list":{"0":"post-30949","1":"post","2":"type-post","3":"status-publish","4":"format-standard","5":"has-post-thumbnail","7":"category-zdrowie-psychiczne"},"acf":[],"yoast_head":"<!-- This site is optimized with the Yoast SEO plugin v27.5 - https:\/\/yoast.com\/product\/yoast-seo-wordpress\/ -->\n<title>Chad: Zrozumienie zaburze\u0144 afektywnych<\/title>\n<meta name=\"description\" content=\"Sprawd\u017a, co to jest choroba dwubiegunowa i jak rozpozna\u0107 jej pierwsze sygna\u0142y. Dowiedz si\u0119, jakie s\u0105 r\u00f3\u017cnice mi\u0119dzy jej typami.\" \/>\n<meta name=\"robots\" content=\"index, follow, max-snippet:-1, max-image-preview:large, max-video-preview:-1\" \/>\n<link rel=\"canonical\" href=\"https:\/\/www.alab.pl\/centrum-wiedzy\/zaburzenia-afektywne-dwubiegunowe-chad-przyczyny-objawy-diagnostyka-i-leczenie-zaburzenia\/\" \/>\n<meta property=\"og:locale\" content=\"pl_PL\" \/>\n<meta property=\"og:type\" content=\"article\" \/>\n<meta property=\"og:title\" content=\"Chad: Zrozumienie zaburze\u0144 afektywnych\" \/>\n<meta property=\"og:description\" content=\"Sprawd\u017a, co to jest choroba dwubiegunowa i jak rozpozna\u0107 jej pierwsze sygna\u0142y. Dowiedz si\u0119, jakie s\u0105 r\u00f3\u017cnice mi\u0119dzy jej typami.\" \/>\n<meta property=\"og:url\" content=\"https:\/\/www.alab.pl\/centrum-wiedzy\/zaburzenia-afektywne-dwubiegunowe-chad-przyczyny-objawy-diagnostyka-i-leczenie-zaburzenia\/\" \/>\n<meta property=\"og:site_name\" content=\"Centrum Wiedzy ALAB laboratoria\" \/>\n<meta property=\"article:publisher\" content=\"https:\/\/www.facebook.com\/ALABlaboratoria\" \/>\n<meta property=\"article:published_time\" content=\"2026-04-28T10:19:36+00:00\" \/>\n<meta property=\"article:modified_time\" content=\"2026-04-28T11:11:25+00:00\" \/>\n<meta property=\"og:image\" content=\"https:\/\/www.alab.pl\/centrum-wiedzy\/wp-content\/uploads\/2026\/04\/chad.jpg\" \/>\n\t<meta property=\"og:image:width\" content=\"2240\" \/>\n\t<meta property=\"og:image:height\" content=\"1493\" \/>\n\t<meta property=\"og:image:type\" content=\"image\/jpeg\" \/>\n<meta name=\"author\" content=\"Agnieszka Ko\u015bcielniak\" \/>\n<meta name=\"twitter:card\" content=\"summary_large_image\" \/>\n<meta name=\"twitter:label1\" content=\"Napisane przez\" \/>\n\t<meta name=\"twitter:data1\" content=\"Agnieszka Ko\u015bcielniak\" \/>\n\t<meta name=\"twitter:label2\" content=\"Szacowany czas czytania\" \/>\n\t<meta name=\"twitter:data2\" content=\"11 minut\" \/>\n\t<meta name=\"twitter:label3\" content=\"Written by\" \/>\n\t<meta name=\"twitter:data3\" content=\"Agnieszka Ko\u015bcielniak\" \/>\n<!-- \/ Yoast SEO plugin. -->","yoast_head_json":{"title":"Chad: Zrozumienie zaburze\u0144 afektywnych","description":"Sprawd\u017a, co to jest choroba dwubiegunowa i jak rozpozna\u0107 jej pierwsze sygna\u0142y. Dowiedz si\u0119, jakie s\u0105 r\u00f3\u017cnice mi\u0119dzy jej typami.","robots":{"index":"index","follow":"follow","max-snippet":"max-snippet:-1","max-image-preview":"max-image-preview:large","max-video-preview":"max-video-preview:-1"},"canonical":"https:\/\/www.alab.pl\/centrum-wiedzy\/zaburzenia-afektywne-dwubiegunowe-chad-przyczyny-objawy-diagnostyka-i-leczenie-zaburzenia\/","og_locale":"pl_PL","og_type":"article","og_title":"Chad: Zrozumienie zaburze\u0144 afektywnych","og_description":"Sprawd\u017a, co to jest choroba dwubiegunowa i jak rozpozna\u0107 jej pierwsze sygna\u0142y. Dowiedz si\u0119, jakie s\u0105 r\u00f3\u017cnice mi\u0119dzy jej typami.","og_url":"https:\/\/www.alab.pl\/centrum-wiedzy\/zaburzenia-afektywne-dwubiegunowe-chad-przyczyny-objawy-diagnostyka-i-leczenie-zaburzenia\/","og_site_name":"Centrum Wiedzy ALAB laboratoria","article_publisher":"https:\/\/www.facebook.com\/ALABlaboratoria","article_published_time":"2026-04-28T10:19:36+00:00","article_modified_time":"2026-04-28T11:11:25+00:00","og_image":[{"width":2240,"height":1493,"url":"https:\/\/www.alab.pl\/centrum-wiedzy\/wp-content\/uploads\/2026\/04\/chad.jpg","type":"image\/jpeg"}],"author":"Agnieszka Ko\u015bcielniak","twitter_card":"summary_large_image","twitter_misc":{"Napisane przez":"Agnieszka Ko\u015bcielniak","Szacowany czas czytania":"11 minut","Written by":"Agnieszka Ko\u015bcielniak"},"schema":{"@context":"https:\/\/schema.org","@graph":[{"@type":"Article","@id":"https:\/\/www.alab.pl\/centrum-wiedzy\/zaburzenia-afektywne-dwubiegunowe-chad-przyczyny-objawy-diagnostyka-i-leczenie-zaburzenia\/#article","isPartOf":{"@id":"https:\/\/www.alab.pl\/centrum-wiedzy\/zaburzenia-afektywne-dwubiegunowe-chad-przyczyny-objawy-diagnostyka-i-leczenie-zaburzenia\/"},"author":{"name":"Agnieszka Ko\u015bcielniak","@id":"https:\/\/www.alab.pl\/centrum-wiedzy\/#\/schema\/person\/bc2054847638a9cbcaaaed55adb05076"},"headline":"Zaburzenia afektywne dwubiegunowe (ChAD) \u2013 przyczyny, objawy, diagnostyka i leczenie zaburzenia","datePublished":"2026-04-28T10:19:36+00:00","dateModified":"2026-04-28T11:11:25+00:00","mainEntityOfPage":{"@id":"https:\/\/www.alab.pl\/centrum-wiedzy\/zaburzenia-afektywne-dwubiegunowe-chad-przyczyny-objawy-diagnostyka-i-leczenie-zaburzenia\/"},"wordCount":1969,"publisher":{"@id":"https:\/\/www.alab.pl\/centrum-wiedzy\/#organization"},"image":{"@id":"https:\/\/www.alab.pl\/centrum-wiedzy\/zaburzenia-afektywne-dwubiegunowe-chad-przyczyny-objawy-diagnostyka-i-leczenie-zaburzenia\/#primaryimage"},"thumbnailUrl":"https:\/\/www.alab.pl\/centrum-wiedzy\/wp-content\/uploads\/2026\/04\/chad.jpg","articleSection":["Zdrowie psychiczne"],"inLanguage":"pl-PL"},{"@type":["WebPage","FAQPage"],"@id":"https:\/\/www.alab.pl\/centrum-wiedzy\/zaburzenia-afektywne-dwubiegunowe-chad-przyczyny-objawy-diagnostyka-i-leczenie-zaburzenia\/","url":"https:\/\/www.alab.pl\/centrum-wiedzy\/zaburzenia-afektywne-dwubiegunowe-chad-przyczyny-objawy-diagnostyka-i-leczenie-zaburzenia\/","name":"Chad: Zrozumienie zaburze\u0144 afektywnych","isPartOf":{"@id":"https:\/\/www.alab.pl\/centrum-wiedzy\/#website"},"primaryImageOfPage":{"@id":"https:\/\/www.alab.pl\/centrum-wiedzy\/zaburzenia-afektywne-dwubiegunowe-chad-przyczyny-objawy-diagnostyka-i-leczenie-zaburzenia\/#primaryimage"},"image":{"@id":"https:\/\/www.alab.pl\/centrum-wiedzy\/zaburzenia-afektywne-dwubiegunowe-chad-przyczyny-objawy-diagnostyka-i-leczenie-zaburzenia\/#primaryimage"},"thumbnailUrl":"https:\/\/www.alab.pl\/centrum-wiedzy\/wp-content\/uploads\/2026\/04\/chad.jpg","datePublished":"2026-04-28T10:19:36+00:00","dateModified":"2026-04-28T11:11:25+00:00","description":"Sprawd\u017a, co to jest choroba dwubiegunowa i jak rozpozna\u0107 jej pierwsze sygna\u0142y. Dowiedz si\u0119, jakie s\u0105 r\u00f3\u017cnice mi\u0119dzy jej typami.","breadcrumb":{"@id":"https:\/\/www.alab.pl\/centrum-wiedzy\/zaburzenia-afektywne-dwubiegunowe-chad-przyczyny-objawy-diagnostyka-i-leczenie-zaburzenia\/#breadcrumb"},"mainEntity":[{"@id":"https:\/\/www.alab.pl\/centrum-wiedzy\/zaburzenia-afektywne-dwubiegunowe-chad-przyczyny-objawy-diagnostyka-i-leczenie-zaburzenia\/#faq-question-1777371173975"},{"@id":"https:\/\/www.alab.pl\/centrum-wiedzy\/zaburzenia-afektywne-dwubiegunowe-chad-przyczyny-objawy-diagnostyka-i-leczenie-zaburzenia\/#faq-question-1777371192412"},{"@id":"https:\/\/www.alab.pl\/centrum-wiedzy\/zaburzenia-afektywne-dwubiegunowe-chad-przyczyny-objawy-diagnostyka-i-leczenie-zaburzenia\/#faq-question-1777371212197"},{"@id":"https:\/\/www.alab.pl\/centrum-wiedzy\/zaburzenia-afektywne-dwubiegunowe-chad-przyczyny-objawy-diagnostyka-i-leczenie-zaburzenia\/#faq-question-1777371224101"}],"inLanguage":"pl-PL","potentialAction":[{"@type":"ReadAction","target":["https:\/\/www.alab.pl\/centrum-wiedzy\/zaburzenia-afektywne-dwubiegunowe-chad-przyczyny-objawy-diagnostyka-i-leczenie-zaburzenia\/"]}]},{"@type":"ImageObject","inLanguage":"pl-PL","@id":"https:\/\/www.alab.pl\/centrum-wiedzy\/zaburzenia-afektywne-dwubiegunowe-chad-przyczyny-objawy-diagnostyka-i-leczenie-zaburzenia\/#primaryimage","url":"https:\/\/www.alab.pl\/centrum-wiedzy\/wp-content\/uploads\/2026\/04\/chad.jpg","contentUrl":"https:\/\/www.alab.pl\/centrum-wiedzy\/wp-content\/uploads\/2026\/04\/chad.jpg","width":2240,"height":1493,"caption":"chad"},{"@type":"BreadcrumbList","@id":"https:\/\/www.alab.pl\/centrum-wiedzy\/zaburzenia-afektywne-dwubiegunowe-chad-przyczyny-objawy-diagnostyka-i-leczenie-zaburzenia\/#breadcrumb","itemListElement":[{"@type":"ListItem","position":1,"name":"Strona g\u0142\u00f3wna","item":"https:\/\/www.alab.pl\/centrum-wiedzy\/"},{"@type":"ListItem","position":2,"name":"Zaburzenia afektywne dwubiegunowe (ChAD) \u2013 przyczyny, objawy, diagnostyka i leczenie zaburzenia"}]},{"@type":"WebSite","@id":"https:\/\/www.alab.pl\/centrum-wiedzy\/#website","url":"https:\/\/www.alab.pl\/centrum-wiedzy\/","name":"Centrum Wiedzy ALAB laboratoria","description":"","publisher":{"@id":"https:\/\/www.alab.pl\/centrum-wiedzy\/#organization"},"potentialAction":[{"@type":"SearchAction","target":{"@type":"EntryPoint","urlTemplate":"https:\/\/www.alab.pl\/centrum-wiedzy\/?s={search_term_string}"},"query-input":{"@type":"PropertyValueSpecification","valueRequired":true,"valueName":"search_term_string"}}],"inLanguage":"pl-PL"},{"@type":"Organization","@id":"https:\/\/www.alab.pl\/centrum-wiedzy\/#organization","name":"Centrum Wiedzy ALAB laboratoria","url":"https:\/\/www.alab.pl\/centrum-wiedzy\/","logo":{"@type":"ImageObject","inLanguage":"pl-PL","@id":"https:\/\/www.alab.pl\/centrum-wiedzy\/#\/schema\/logo\/image\/","url":"https:\/\/www.alab.pl\/centrum-wiedzy\/wp-content\/uploads\/2022\/04\/alabek.jpg","contentUrl":"https:\/\/www.alab.pl\/centrum-wiedzy\/wp-content\/uploads\/2022\/04\/alabek.jpg","width":1250,"height":1251,"caption":"Centrum Wiedzy ALAB laboratoria"},"image":{"@id":"https:\/\/www.alab.pl\/centrum-wiedzy\/#\/schema\/logo\/image\/"},"sameAs":["https:\/\/www.facebook.com\/ALABlaboratoria"]},{"@type":"Person","@id":"https:\/\/www.alab.pl\/centrum-wiedzy\/#\/schema\/person\/bc2054847638a9cbcaaaed55adb05076","name":"Agnieszka Ko\u015bcielniak","image":{"@type":"ImageObject","inLanguage":"pl-PL","@id":"https:\/\/www.alab.pl\/centrum-wiedzy\/wp-content\/uploads\/2025\/03\/Agnieszka-Koscielniak-150x150.jpg2e1d4b6c34cade5524703aedde87f4e5","url":"https:\/\/www.alab.pl\/centrum-wiedzy\/wp-content\/uploads\/2025\/03\/Agnieszka-Koscielniak-150x150.jpg","contentUrl":"https:\/\/www.alab.pl\/centrum-wiedzy\/wp-content\/uploads\/2025\/03\/Agnieszka-Koscielniak-150x150.jpg","caption":"Agnieszka Ko\u015bcielniak"},"description":"Psycholo\u017cka, absolwentka Uniwersytetu \u0141\u00f3dzkiego (spec. Psychologia zdrowia i kliniczna). Pasj\u0119 do psychologii \u0142\u0105czy z mi\u0142o\u015bci\u0105 do pisania i tworzy artyku\u0142y z zakresu profilaktyki, zdrowia, zaburze\u0144 oraz psychodietetyki.","url":"https:\/\/www.alab.pl\/centrum-wiedzy\/author\/agnieszka-koscielniak\/"},{"@type":"Question","@id":"https:\/\/www.alab.pl\/centrum-wiedzy\/zaburzenia-afektywne-dwubiegunowe-chad-przyczyny-objawy-diagnostyka-i-leczenie-zaburzenia\/#faq-question-1777371173975","position":1,"url":"https:\/\/www.alab.pl\/centrum-wiedzy\/zaburzenia-afektywne-dwubiegunowe-chad-przyczyny-objawy-diagnostyka-i-leczenie-zaburzenia\/#faq-question-1777371173975","name":"Jak zaczyna si\u0119 choroba afektywna dwubiegunowa?","answerCount":1,"acceptedAnswer":{"@type":"Answer","text":"Pierwsze objawy choroby dwubiegunowej pojawiaj\u0105 si\u0119 najcz\u0119\u015bciej w okresie dojrzewania lub wczesnej doros\u0142o\u015bci (15-25 lat). Choroba mo\u017ce rozpocz\u0105\u0107 si\u0119 zar\u00f3wno od epizodu maniakalnego, jak i depresyjnego. Wcze\u015bnie pojawiaj\u0105ce si\u0119 sygna\u0142y to m. in. znaczne skr\u00f3cenie potrzeby snu przy utrzymanej energii, nag\u0142e zmiany nastroju, zwi\u0119kszona impulsywno\u015b\u0107 lub wycofanie i apatia.","inLanguage":"pl-PL"},"inLanguage":"pl-PL"},{"@type":"Question","@id":"https:\/\/www.alab.pl\/centrum-wiedzy\/zaburzenia-afektywne-dwubiegunowe-chad-przyczyny-objawy-diagnostyka-i-leczenie-zaburzenia\/#faq-question-1777371192412","position":2,"url":"https:\/\/www.alab.pl\/centrum-wiedzy\/zaburzenia-afektywne-dwubiegunowe-chad-przyczyny-objawy-diagnostyka-i-leczenie-zaburzenia\/#faq-question-1777371192412","name":"Ile \u017cyj\u0105 ludzie z chorob\u0105 dwubiegunow\u0105?","answerCount":1,"acceptedAnswer":{"@type":"Answer","text":"Nieleczona choroba dwubiegunowa wi\u0105\u017ce si\u0119 ze skr\u00f3con\u0105 \u015bredni\u0105 d\u0142ugo\u015bci\u0105 \u017cycia. Wynika to z wysokiego ryzyka samob\u00f3jstwa, cz\u0119stszego wsp\u00f3\u0142wyst\u0119powania <a href=\"https:\/\/www.alab.pl\/centrum-wiedzy\/najczestsze-choroby-serca-objawy-i-diagnostyka\/\">chor\u00f3b sercowo-naczyniowych<\/a> i metabolicznych oraz negatywnych skutk\u00f3w d\u0142ugotrwa\u0142ego stresu. Jednak przy w\u0142a\u015bciwie prowadzonym leczeniu wiele os\u00f3b prowadzi d\u0142ugie i satysfakcjonuj\u0105ce \u017cycie. Kluczowe jest jednak unikanie u\u017cywek i regularne przyjmowanie lek\u00f3w, co minimalizuje ryzyko powik\u0142a\u0144 i zachowa\u0144 autodestrukcyjnych.","inLanguage":"pl-PL"},"inLanguage":"pl-PL"},{"@type":"Question","@id":"https:\/\/www.alab.pl\/centrum-wiedzy\/zaburzenia-afektywne-dwubiegunowe-chad-przyczyny-objawy-diagnostyka-i-leczenie-zaburzenia\/#faq-question-1777371212197","position":3,"url":"https:\/\/www.alab.pl\/centrum-wiedzy\/zaburzenia-afektywne-dwubiegunowe-chad-przyczyny-objawy-diagnostyka-i-leczenie-zaburzenia\/#faq-question-1777371212197","name":"Czy w chorobie dwubiegunowej s\u0105 urojenia?","answerCount":1,"acceptedAnswer":{"@type":"Answer","text":"Tak, w ci\u0119\u017ckich epizodach maniakalnych lub depresyjnych mog\u0105 pojawi\u0107 si\u0119 objawy psychotyczne, w tym urojenia. W epizodzie maniakalnym s\u0105 to najcz\u0119\u015bciej urojenia wielko\u015bciowe (przekonanie o wyj\u0105tkowych zdolno\u015bciach czy misji), rzadziej prze\u015bladowcze. W epizodzie depresyjnym \u2013 urojenia nihilistyczne (np. przekonanie o w\u0142asnej nieuleczalnej chorobie lub ruinie). Obecno\u015b\u0107 uroje\u0144 wymaga zintensyfikowanego leczenia, w tym w\u0142\u0105czenia lek\u00f3w przeciwpsychotycznych.","inLanguage":"pl-PL"},"inLanguage":"pl-PL"},{"@type":"Question","@id":"https:\/\/www.alab.pl\/centrum-wiedzy\/zaburzenia-afektywne-dwubiegunowe-chad-przyczyny-objawy-diagnostyka-i-leczenie-zaburzenia\/#faq-question-1777371224101","position":4,"url":"https:\/\/www.alab.pl\/centrum-wiedzy\/zaburzenia-afektywne-dwubiegunowe-chad-przyczyny-objawy-diagnostyka-i-leczenie-zaburzenia\/#faq-question-1777371224101","name":"Czy osoba z chorob\u0105 dwubiegunow\u0105 mo\u017ce pracowa\u0107?","answerCount":1,"acceptedAnswer":{"@type":"Answer","text":"Zdecydowanie tak. Wi\u0119kszo\u015b\u0107 os\u00f3b z ChAD przy odpowiednio dobranym leczeniu prowadzi aktywne \u017cycie zawodowe. Wa\u017cna jest stabilizacja trybu \u017cycia, dbanie o higien\u0119 snu i unikanie pracy w systemie zmianowym.","inLanguage":"pl-PL"},"inLanguage":"pl-PL"}]}},"_links":{"self":[{"href":"https:\/\/www.alab.pl\/centrum-wiedzy\/wp-json\/wp\/v2\/posts\/30949","targetHints":{"allow":["GET"]}}],"collection":[{"href":"https:\/\/www.alab.pl\/centrum-wiedzy\/wp-json\/wp\/v2\/posts"}],"about":[{"href":"https:\/\/www.alab.pl\/centrum-wiedzy\/wp-json\/wp\/v2\/types\/post"}],"author":[{"embeddable":true,"href":"https:\/\/www.alab.pl\/centrum-wiedzy\/wp-json\/wp\/v2\/users\/186"}],"replies":[{"embeddable":true,"href":"https:\/\/www.alab.pl\/centrum-wiedzy\/wp-json\/wp\/v2\/comments?post=30949"}],"version-history":[{"count":10,"href":"https:\/\/www.alab.pl\/centrum-wiedzy\/wp-json\/wp\/v2\/posts\/30949\/revisions"}],"predecessor-version":[{"id":30961,"href":"https:\/\/www.alab.pl\/centrum-wiedzy\/wp-json\/wp\/v2\/posts\/30949\/revisions\/30961"}],"wp:featuredmedia":[{"embeddable":true,"href":"https:\/\/www.alab.pl\/centrum-wiedzy\/wp-json\/wp\/v2\/media\/30958"}],"wp:attachment":[{"href":"https:\/\/www.alab.pl\/centrum-wiedzy\/wp-json\/wp\/v2\/media?parent=30949"}],"wp:term":[{"taxonomy":"category","embeddable":true,"href":"https:\/\/www.alab.pl\/centrum-wiedzy\/wp-json\/wp\/v2\/categories?post=30949"},{"taxonomy":"post_tag","embeddable":true,"href":"https:\/\/www.alab.pl\/centrum-wiedzy\/wp-json\/wp\/v2\/tags?post=30949"},{"taxonomy":"author","embeddable":true,"href":"https:\/\/www.alab.pl\/centrum-wiedzy\/wp-json\/wp\/v2\/coauthors?post=30949"}],"curies":[{"name":"wp","href":"https:\/\/api.w.org\/{rel}","templated":true}]}}