{"id":30966,"date":"2026-04-28T17:55:30","date_gmt":"2026-04-28T15:55:30","guid":{"rendered":"https:\/\/www.alab.pl\/centrum-wiedzy\/?p=30966"},"modified":"2026-04-28T17:55:46","modified_gmt":"2026-04-28T15:55:46","slug":"kryzys-wieku-sredniego-co-to-jest-jak-sie-objawia-i-czy-mozna-mu-przeciwdzialac","status":"publish","type":"post","link":"https:\/\/www.alab.pl\/centrum-wiedzy\/kryzys-wieku-sredniego-co-to-jest-jak-sie-objawia-i-czy-mozna-mu-przeciwdzialac\/","title":{"rendered":"Kryzys wieku \u015bredniego \u2013 co to jest, jak si\u0119 objawia i czy mo\u017cna mu przeciwdzia\u0142a\u0107?"},"content":{"rendered":"\n<p><strong>W okolicach po\u0142owy \u017cycia wiele os\u00f3b zaczyna zadawa\u0107 sobie pytania, kt\u00f3re wcze\u015bniej nie przychodzi\u0142y im do g\u0142owy: <em>czy jestem szcz\u0119\u015bliwy? Co dalej? Czy to jest w\u0142a\u015bnie to \u017cycie, kt\u00f3re chc\u0119 prowadzi\u0107?<\/em> Kryzys wieku \u015bredniego jest zjawiskiem, kt\u00f3re dotyka zar\u00f3wno kobiet, jak i m\u0119\u017cczyzn, cho\u0107 przebiega u nich nieco inaczej. W tym artykule znajdziesz odpowiedzi na najwa\u017cniejsze pytania: czym jest kryzys wieku \u015bredniego, kiedy pojawiaj\u0105 si\u0119 pierwsze oznaki oraz co warto zrobi\u0107, by zadba\u0107 o swoje zdrowie psychiczne i fizyczne.<\/strong><\/p>\n\n\n\n<figure class=\"wp-block-table\"><table class=\"has-fixed-layout\"><tbody><tr><td><strong>Z tego artyku\u0142u dowiesz si\u0119:<\/strong> <br>>> co to jest kryzys wieku \u015bredniego, <br>>> jak wygl\u0105da kryzys wieku \u015bredniego u m\u0119\u017cczyzn i kobiet, <br>>> jakie badania warto wykona\u0107 w tym okresie, <br>>> jak skutecznie poradzi\u0107 sobie z kryzysem wieku \u015bredniego.<\/td><\/tr><\/tbody><\/table><\/figure>\n\n\n\n<p><strong>Spis tre\u015bci:<\/strong><\/p>\n\n\n\n<ol class=\"wp-block-list\">\n<li><a href=\"#Co-to-jest-kryzys-wieku-\u015bredniego?\">Co to jest kryzys wieku \u015bredniego?<\/a>\n<ul class=\"wp-block-list\">\n<li><span style=\"color: initial;\"><a href=\"#Kryzys-wieku-\u015bredniego:-kiedy-si\u0119-zaczyna?\">Kryzys wieku \u015bredniego: kiedy si\u0119 zaczyna?<\/a><\/span><\/li>\n\n\n\n<li><a href=\"#Ile-trwa-kryzys-wieku-\u015bredniego?\">Ile trwa kryzys wieku \u015bredniego?<\/a><\/li>\n<\/ul>\n<\/li>\n\n\n\n<li><a href=\"#Przyczyny-midlife-crisis\">Przyczyny <em>midlife crisis<\/em><\/a>\n<ul class=\"wp-block-list\">\n<li><a href=\"#Testosteron-a-kryzys-wieku-\u015bredniego-u-m\u0119\u017cczyzn\">Testosteron a kryzys wieku \u015bredniego u m\u0119\u017cczyzn<\/a><\/li>\n<\/ul>\n<\/li>\n\n\n\n<li><a href=\"#Kryzys-wieku-\u015bredniego-u-m\u0119\u017cczyzn:-objawy-midlife-crisis\">Kryzys wieku \u015bredniego u m\u0119\u017cczyzn: objawy <em>midlife crisis<\/em><\/a>\n<ul class=\"wp-block-list\">\n<li><span style=\"color: initial;\"><a href=\"#Objawy-psychiczne-kryzysu-wieku-\u015bredniego\">Objawy psychiczne kryzysu wieku \u015bredniego<\/a><\/span><\/li>\n\n\n\n<li><a href=\"#Objawy-fizyczne-kryzysu-wieku-\u015bredniego\">Objawy fizyczne kryzysu wieku \u015bredniego<\/a><\/li>\n<\/ul>\n<\/li>\n\n\n\n<li><a href=\"#Czy-kryzys-wieku-\u015bredniego-u-kobiet-jest-mo\u017cliwy?\">Czy kryzys wieku \u015bredniego u kobiet jest mo\u017cliwy?<\/a><\/li>\n\n\n\n<li><a href=\"#Jak-sprawdzi\u0107,-\u017ce-zacz\u0105\u0142-si\u0119-kryzys-wieku-\u015bredniego?\">Jak sprawdzi\u0107, \u017ce zacz\u0105\u0142 si\u0119 kryzys wieku \u015bredniego?<\/a>\n<ul class=\"wp-block-list\">\n<li><a href=\"#Jakie-badania-wykona\u0107-przy-midlife-crisis?\">Jakie badania wykona\u0107 przy <em>midlife crisis<\/em>?<\/a><\/li>\n<\/ul>\n<\/li>\n\n\n\n<li><a href=\"#Jak-poradzi\u0107-sobie-z-kryzysem-wieku-\u015bredniego?\">Jak poradzi\u0107 sobie z kryzysem wieku \u015bredniego?<\/a><\/li>\n\n\n\n<li><a href=\"#Podsumowanie\">Podsumowanie<\/a><\/li>\n\n\n\n<li><a href=\"#FAQ: najcz\u0119stsze pytania o kryzys wieku \u015bredniego\">FAQ: najcz\u0119stsze pytania o kryzys wieku \u015bredniego<\/a><\/li>\n<\/ol>\n\n\n\n<h2 class=\"wp-block-heading\" id=\"Co-to-jest-kryzys-wieku-\u015bredniego?\">Co to jest kryzys wieku \u015bredniego?<\/h2>\n\n\n\n<p>Kryzys wieku \u015bredniego to zjawisko psychologiczne, w kt\u00f3rym cz\u0142owiek u\u015bwiadamia sobie up\u0142yw czasu oraz nieuchronno\u015b\u0107 starzenia si\u0119. Cz\u0119sto towarzyszy mu przy tym poczucie, \u017ce najlepsze lata ma ju\u017c za sob\u0105, co wiele os\u00f3b mo\u017ce prowokowa\u0107 do gwa\u0142townych pr\u00f3b \u201eodm\u0142odzenia si\u0119\u201d lub poszukiwania nowych intensywnych wra\u017ce\u0144. <strong>Poj\u0119cie \u201ekryzysu wieku \u015bredniego\u201d wprowadzi\u0142 do psychologii kanadyjski naukowiec Elliott Jaques<\/strong> w 1965 roku, a od tamtej pory przenikn\u0119\u0142o ono nie tylko do literatury naukowej, ale r\u00f3wnie\u017c pojawia si\u0119 w popkulturze.<\/p>\n\n\n\n<p>Przy wyja\u015bnieniu, co to kryzys wieku \u015bredniego, nie mo\u017cna zapomina\u0107 o stereotypach i powszechnym przekonaniu, \u017ce jest to wy\u0142\u0105cznie domena m\u0119\u017cczyzn kupuj\u0105cych sportowe samochody. To o wiele wi\u0119cej: <strong>ten z\u0142o\u017cony proces psychologiczny mo\u017ce mie\u0107 powa\u017cny wp\u0142yw na jako\u015b\u0107 \u017cycia, relacje, a nawet zdrowie.<\/strong><\/p>\n\n\n\n<p><strong>&gt;&gt; Sprawd\u017a: <a href=\"https:\/\/www.alab.pl\/centrum-wiedzy\/andropauza-meskie-przekwitanie\/\">Andropauza \u2013 m\u0119skie przekwitanie<\/a><\/strong><strong><\/strong><\/p>\n\n\n\n<h3 class=\"wp-block-heading\" id=\"Kryzys-wieku-\u015bredniego:-kiedy-si\u0119-zaczyna?\">Kryzys wieku \u015bredniego: kiedy si\u0119 zaczyna?<\/h3>\n\n\n\n<p>Zastanawiasz si\u0119, kiedy zaczyna si\u0119 kryzys wieku \u015bredniego \u2013 w jakim wieku mo\u017cna si\u0119 go spodziewa\u0107? Najcz\u0119\u015bciej pojawia si\u0119 mi\u0119dzy 40. a 60. rokiem \u017cycia, cho\u0107 u niekt\u00f3rych os\u00f3b mo\u017ce wyst\u0105pi\u0107 ju\u017c w wieku 35 lat. <strong>Zwykle m\u00f3wi si\u0119 o kryzysie 40-latki lub 40-latka, cho\u0107 granica ta staje si\u0119 coraz bardziej p\u0142ynna.<\/strong> Czas jego wyst\u0105pienia zale\u017cy od indywidualnych okoliczno\u015bci \u017cyciowych, osobowo\u015bci, stanu zdrowia i sytuacji zawodowej czy rodzinnej.<\/p>\n\n\n\n<p><strong>&gt;&gt; Zobacz: <a href=\"https:\/\/www.alab.pl\/centrum-wiedzy\/katastrofizacja-czym-jest-i-jak-sobie-z-nia-radzic\/\">Katastrofizacja \u2013 czym jest i jak sobie z ni\u0105 radzi\u0107?<\/a><\/strong><\/p>\n\n\n\n<h3 class=\"wp-block-heading\" id=\"Ile-trwa-kryzys-wieku-\u015bredniego?\">Ile trwa kryzys wieku \u015bredniego?<\/h3>\n\n\n\n<p>Pytanie o to, ile trwa kryzys wieku \u015bredniego, nie ma jednej odpowiedzi, poniewa\u017c to bardzo indywidualny proces. U niekt\u00f3rych os\u00f3b <strong>faza intensywnego niepokoju mo\u017ce potrwa\u0107 kilka miesi\u0119cy, u innych \u2013 nawet kilka lat.<\/strong> Trudno zatem okre\u015bli\u0107 dok\u0142adnie, ile trwa kryzys wieku \u015bredniego. A czy kryzys wieku \u015bredniego mija? Owszem: zale\u017cy to w du\u017cej mierze od tego, jak szybko zaakceptujesz zmiany i czy podejmiesz odpowiednie kroki wspieraj\u0105ce zdrowie psychiczne i fizyczne.<\/p>\n\n\n\n<figure class=\"wp-block-image size-full\"><a href=\"https:\/\/www.alab.pl\/pakiet\/pakiet-kobiety-40\"><img loading=\"lazy\" decoding=\"async\" width=\"800\" height=\"200\" src=\"https:\/\/www.alab.pl\/centrum-wiedzy\/wp-content\/uploads\/2025\/07\/Pakiet-kobiety-40-25-badan-1.jpg\" alt=\"Pakiet kobiety 40+ (25 badan\u0301) banerek\" class=\"wp-image-25091\" srcset=\"https:\/\/www.alab.pl\/centrum-wiedzy\/wp-content\/uploads\/2025\/07\/Pakiet-kobiety-40-25-badan-1.jpg 800w, https:\/\/www.alab.pl\/centrum-wiedzy\/wp-content\/uploads\/2025\/07\/Pakiet-kobiety-40-25-badan-1-768x192.jpg 768w, https:\/\/www.alab.pl\/centrum-wiedzy\/wp-content\/uploads\/2025\/07\/Pakiet-kobiety-40-25-badan-1-150x38.jpg 150w, https:\/\/www.alab.pl\/centrum-wiedzy\/wp-content\/uploads\/2025\/07\/Pakiet-kobiety-40-25-badan-1-300x75.jpg 300w, https:\/\/www.alab.pl\/centrum-wiedzy\/wp-content\/uploads\/2025\/07\/Pakiet-kobiety-40-25-badan-1-696x174.jpg 696w\" sizes=\"auto, (max-width: 800px) 100vw, 800px\" \/><\/a><\/figure>\n\n\n\n<h2 class=\"wp-block-heading\" id=\"Przyczyny-midlife-crisis\">Przyczyny <em>midlife crisis<\/em><\/h2>\n\n\n\n<p>Kryzys wieku \u015bredniego, nazywany tak\u017ce <em>midlife crisis<\/em>, nie ma jednej konkretnej przyczyny \u2013 to <strong>efekt nak\u0142adania si\u0119 wielu czynnik\u00f3w jednocze\u015bnie.<\/strong> Do najcz\u0119stszych nale\u017c\u0105:<\/p>\n\n\n\n<ul class=\"wp-block-list\">\n<li><strong>\u015bwiadomo\u015b\u0107 przemijania<\/strong> \u2013 konfrontacja z up\u0142ywem czasu i w\u0142asn\u0105 \u015bmiertelno\u015bci\u0105;<\/li>\n\n\n\n<li><strong>\u017cyciowy bilans<\/strong> \u2013 zw\u0142aszcza gdy towarzyszy mu poczucie niespe\u0142nienia lub rozbie\u017cno\u015bci pomi\u0119dzy marzeniami a rzeczywisto\u015bci\u0105;<\/li>\n\n\n\n<li><strong>zmiany w wygl\u0105dzie<\/strong> oraz pogarszaj\u0105cy si\u0119 stan zdrowia;<\/li>\n\n\n\n<li><strong>zmiany w relacjach<\/strong> \u2013 np. syndrom pustego gniazda, kryzysy ma\u0142\u017ce\u0144skie;<\/li>\n\n\n\n<li><strong>zmiany zawodowe<\/strong> \u2013 wypalenie zawodowe i poczucie stagnacji;<\/li>\n\n\n\n<li><strong>utrata bliskich os\u00f3b<\/strong> \u2013 \u015bmier\u0107 rodzic\u00f3w i r\u00f3wie\u015bnik\u00f3w;<\/li>\n\n\n\n<li><strong>zmiany hormonalne<\/strong> \u2013 zar\u00f3wno u kobiet, jak i u m\u0119\u017cczyzn.<\/li>\n<\/ul>\n\n\n\n<p><strong>&gt;&gt; To wa\u017cne: <a href=\"https:\/\/www.alab.pl\/centrum-wiedzy\/prokrastynacja-czym-jest-i-jak-sobie-z-nia-radzic\/\">Prokrastynacja \u2013 czym jest i jak sobie z ni\u0105 radzi\u0107?<\/a><\/strong><\/p>\n\n\n\n<h3 class=\"wp-block-heading\" id=\"Testosteron-a-kryzys-wieku-\u015bredniego-u-m\u0119\u017cczyzn\">Testosteron a kryzys wieku \u015bredniego u m\u0119\u017cczyzn<\/h3>\n\n\n\n<p>Je\u015bli chodzi o wiek \u015bredni u m\u0119\u017cczyzn \u2013 znudzenie \u017cyciem i inne objawy mog\u0105 wi\u0105za\u0107 si\u0119 ze stopniowym spadkiem poziomu testosteronu, kt\u00f3ry rozpoczyna si\u0119 oko\u0142o 30. roku \u017cycia i nasila si\u0119 z wiekiem. Ni\u017cszy poziom tego hormonu mo\u017ce przek\u0142ada\u0107 si\u0119 na <a href=\"https:\/\/www.alab.pl\/centrum-wiedzy\/niskie-libido-u-kobiet-i-mezczyzn-najczestsze-przyczyny-jakie-badania-wykonac\/\">obni\u017cenie libido<\/a>, pogorszenie nastroju, trudno\u015bci z koncentracj\u0105 i spadek energii, jednak s\u0105 to objawy nieswoiste i mog\u0105 mie\u0107 tak\u017ce inne przyczyny. Mog\u0105 jednak sprzyja\u0107 pojawieniu si\u0119 poczucia kryzysu.<\/p>\n\n\n\n<p><strong>Zmiany hormonalne u m\u0119\u017cczyzn mog\u0105 by\u0107 zwi\u0105zane z procesem okre\u015blanym jako <a href=\"https:\/\/www.alab.pl\/centrum-wiedzy\/andropauza-meskie-przekwitanie\/\">andropauza<\/a><\/strong> lub niedoborem testosteronu zwi\u0105zanym z wiekiem. Cho\u0107 objawy mog\u0105 przypomina\u0107 kryzys wieku \u015bredniego, wymagaj\u0105 odr\u0119bnej oceny medycznej.<\/p>\n\n\n\n<figure class=\"wp-block-image size-full\"><a href=\"https:\/\/www.alab.pl\/pakiet\/pakiet-kobiety-50\"><img loading=\"lazy\" decoding=\"async\" width=\"800\" height=\"200\" src=\"https:\/\/www.alab.pl\/centrum-wiedzy\/wp-content\/uploads\/2025\/10\/Pakiet-kobiety-50-27-badan.png\" alt=\"Pakiet kobiety 50+ (27 bada\u0144) banerek\" class=\"wp-image-27165\" srcset=\"https:\/\/www.alab.pl\/centrum-wiedzy\/wp-content\/uploads\/2025\/10\/Pakiet-kobiety-50-27-badan.png 800w, https:\/\/www.alab.pl\/centrum-wiedzy\/wp-content\/uploads\/2025\/10\/Pakiet-kobiety-50-27-badan-768x192.png 768w, https:\/\/www.alab.pl\/centrum-wiedzy\/wp-content\/uploads\/2025\/10\/Pakiet-kobiety-50-27-badan-150x38.png 150w, https:\/\/www.alab.pl\/centrum-wiedzy\/wp-content\/uploads\/2025\/10\/Pakiet-kobiety-50-27-badan-300x75.png 300w, https:\/\/www.alab.pl\/centrum-wiedzy\/wp-content\/uploads\/2025\/10\/Pakiet-kobiety-50-27-badan-696x174.png 696w\" sizes=\"auto, (max-width: 800px) 100vw, 800px\" \/><\/a><\/figure>\n\n\n\n<h2 class=\"wp-block-heading\" id=\"Kryzys-wieku-\u015bredniego-u-m\u0119\u017cczyzn:-objawy-midlife-crisis\">Kryzys wieku \u015bredniego u m\u0119\u017cczyzn: objawy <em>midlife crisis<\/em><\/h2>\n\n\n\n<p>Je\u015bli chodzi o kryzys wieku \u015bredniego u m\u0119\u017cczyzn, objawy mog\u0105 by\u0107 bardzo r\u00f3\u017cnorodne. <strong>Cz\u0119sto przyjmuj\u0105 form\u0119 nag\u0142ych, zaskakuj\u0105cych decyzji:<\/strong> zmiany pracy, zakupu drogiego samochodu czy odcinania si\u0119 od dotychczasowego stylu \u017cycia. To jednak tylko zewn\u0119trzna warstwa \u2013 g\u0142\u0119biej kryj\u0105 si\u0119 objawy psychiczne i fizyczne.<\/p>\n\n\n\n<h3 class=\"wp-block-heading\" id=\"Objawy-psychiczne-kryzysu-wieku-\u015bredniego\">Objawy psychiczne kryzysu wieku \u015bredniego<\/h3>\n\n\n\n<p>Do najcz\u0119stszych objaw\u00f3w psychicznych nale\u017c\u0105:<\/p>\n\n\n\n<ul class=\"wp-block-list\">\n<li>przewlek\u0142e poczucie niezadowolenia i braku sensu \u017cycia;<\/li>\n\n\n\n<li>uczucie pustki i znudzenia \u017cyciem;<\/li>\n\n\n\n<li>narastaj\u0105cy l\u0119k i niepok\u00f3j bez wyra\u017anej przyczyny;<\/li>\n\n\n\n<li>dra\u017cliwo\u015b\u0107, wahania nastroju;<\/li>\n\n\n\n<li>obsesyjne rozpami\u0119tywanie przesz\u0142o\u015bci i \u017ca\u0142owanie minionych decyzji;<\/li>\n\n\n\n<li>impulsywne podejmowanie decyzji, cz\u0119sto sprzecznych z wcze\u015bniejszymi warto\u015bciami.<\/li>\n<\/ul>\n\n\n\n<p>Warto przy tym zaznaczy\u0107, \u017ce niekt\u00f3re <strong>objawy kryzysu wieku \u015bredniego<\/strong> mog\u0105 wskazywa\u0107 na zaburzenia depresyjne lub l\u0119kowe, dlatego warto skonsultowa\u0107 si\u0119 ze specjalist\u0105 \u2013 szczeg\u00f3lnie je\u015bli utrzymuj\u0105 si\u0119 d\u0142ugo.<\/p>\n\n\n\n<p><strong>&gt;&gt; Przeczytaj wi\u0119cej na temat: <\/strong><strong><a href=\"https:\/\/www.alab.pl\/centrum-wiedzy\/stany-lekowe-czym-sa-i-jakie-sa-ich-objawy-przyczyny-i-leczenie\/\">Stany l\u0119kowe \u2013 czym s\u0105 i jakie s\u0105 ich objawy? Przyczyny i leczenie<\/a><\/strong><\/p>\n\n\n\n<h3 class=\"wp-block-heading\" id=\"Objawy-fizyczne-kryzysu-wieku-\u015bredniego\">Objawy fizyczne kryzysu wieku \u015bredniego<\/h3>\n\n\n\n<p>Je\u015bli chodzi o objawy fizyczne, zwykle zalicza si\u0119 do nich:<\/p>\n\n\n\n<ul class=\"wp-block-list\">\n<li>chroniczne zm\u0119czenie i brak energii;<\/li>\n\n\n\n<li>zaburzenia snu \u2013 trudno\u015bci z zasypianiem lub <a href=\"https:\/\/www.alab.pl\/centrum-wiedzy\/nadmierna-sennosc-w-ciagu-dnia-mozliwe-przyczyny-jakie-badania-wykonac\/\">nadmierna senno\u015b\u0107<\/a>;<\/li>\n\n\n\n<li><a href=\"https:\/\/www.alab.pl\/centrum-wiedzy\/bole-glowy-rodzaje-i-przyczyny-jakie-badania-wykonac-przy-czestych-przewleklych-bolach-glowy\/\">b\u00f3le g\u0142owy<\/a>, napi\u0119cia mi\u0119\u015bniowe;<\/li>\n\n\n\n<li>obni\u017cone libido, problemy z funkcjami seksualnymi;<\/li>\n\n\n\n<li>przyrost masy cia\u0142a;<\/li>\n\n\n\n<li>pogorszenie kondycji fizycznej i wydolno\u015bci.<\/li>\n<\/ul>\n\n\n\n<p><strong>&gt;&gt; Zobacz: <a href=\"https:\/\/www.alab.pl\/centrum-wiedzy\/zaburzenia-snu-rodzaje-objawy-i-przyczyny\/\">Zaburzenia snu \u2013 rodzaje, objawy i przyczyny<\/a><\/strong><strong><\/strong><\/p>\n\n\n\n<h2 class=\"wp-block-heading\" id=\"Czy-kryzys-wieku-\u015bredniego-u-kobiet-jest-mo\u017cliwy?\">Czy kryzys wieku \u015bredniego u kobiet jest mo\u017cliwy?<\/h2>\n\n\n\n<p>Stereotypy przedstawiaj\u0105 kryzys wieku \u015bredniego jako domen\u0119 m\u0119\u017cczyzn: to oni odchodz\u0105 od rodziny, postanawiaj\u0105 zmieni\u0107 swoje \u017cycie, rzucaj\u0105 prac\u0119 czy kupuj\u0105 motocykl. <strong>Tymczasem midlife crisis dotyka tak\u017ce kobiet, cho\u0107 zwykle ma nieco inne pod\u0142o\u017ce ni\u017c u m\u0119\u017cczyzn.<\/strong> U cz\u0119\u015bci kobiet okres ten mo\u017ce zbiega\u0107 si\u0119 z kwestiami biologicznymi zwi\u0105zanymi z <a href=\"https:\/\/www.alab.pl\/centrum-wiedzy\/menopauza-wazny-okres-w-zyciu-kobiety\/\">menopauz\u0105<\/a>, ko\u0144cem okresu reprodukcyjnego, a tak\u017ce zmianami w wygl\u0105dzie cia\u0142a. Mo\u017ce pojawia\u0107 si\u0119 tak\u017ce refleksja nad rol\u0105 matki (syndrom pustego gniazda) oraz przewarto\u015bciowanie roli spo\u0142ecznej.<\/p>\n\n\n\n<p>Kryzys wieku \u015bredniego u kobiet mo\u017ce wi\u0105za\u0107 si\u0119 z l\u0119kiem przed utrat\u0105 atrakcyjno\u015bci fizycznej, co mo\u017ce prowadzi\u0107 do potrzeby znacz\u0105cych zmian w stylu \u017cycia lub wygl\u0105dzie. Jednocze\u015bnie <strong>kobiety cz\u0119\u015bciej ni\u017c m\u0119\u017cczy\u017ani sk\u0142onne s\u0105 do introspekcji i analizowania swoich emocji.<\/strong> Ich kryzys mo\u017ce zatem przebiega\u0107 bardziej \u201ewewn\u0119trznie&#8221;, bez spektakularnych decyzji na zewn\u0105trz, ale z bardzo intensywnym prze\u017cywaniem wewn\u0119trznym.<\/p>\n\n\n\n<figure class=\"wp-block-image size-full\"><a href=\"https:\/\/www.alab.pl\/pakiet\/pakiet-mezczyzny-40\"><img loading=\"lazy\" decoding=\"async\" width=\"800\" height=\"200\" src=\"https:\/\/www.alab.pl\/centrum-wiedzy\/wp-content\/uploads\/2025\/07\/Pakiet-mezczyzny-40-22-badania-1.jpg\" alt=\"Pakiet me\u0328z\u0307czyzny 40+ (22 badania) banerek\" class=\"wp-image-25092\" srcset=\"https:\/\/www.alab.pl\/centrum-wiedzy\/wp-content\/uploads\/2025\/07\/Pakiet-mezczyzny-40-22-badania-1.jpg 800w, https:\/\/www.alab.pl\/centrum-wiedzy\/wp-content\/uploads\/2025\/07\/Pakiet-mezczyzny-40-22-badania-1-768x192.jpg 768w, https:\/\/www.alab.pl\/centrum-wiedzy\/wp-content\/uploads\/2025\/07\/Pakiet-mezczyzny-40-22-badania-1-150x38.jpg 150w, https:\/\/www.alab.pl\/centrum-wiedzy\/wp-content\/uploads\/2025\/07\/Pakiet-mezczyzny-40-22-badania-1-300x75.jpg 300w, https:\/\/www.alab.pl\/centrum-wiedzy\/wp-content\/uploads\/2025\/07\/Pakiet-mezczyzny-40-22-badania-1-696x174.jpg 696w\" sizes=\"auto, (max-width: 800px) 100vw, 800px\" \/><\/a><\/figure>\n\n\n\n<h2 class=\"wp-block-heading\" id=\"Jak-sprawdzi\u0107,-\u017ce-zacz\u0105\u0142-si\u0119-kryzys-wieku-\u015bredniego?\">Jak sprawdzi\u0107, \u017ce zacz\u0105\u0142 si\u0119 kryzys wieku \u015bredniego?<\/h2>\n\n\n\n<p>Zastanawiasz si\u0119, czy to ju\u017c kryzys wieku \u015bredniego? Nie istnieje badanie ani test, kt\u00f3ry jednoznacznie to potwierdzi: diagnoza opiera si\u0119 g\u0142\u00f3wnie na obserwacji objaw\u00f3w i ich kontekstu. Rozpoznanie wymaga zatem pewnej dozy szczero\u015bci wobec samego siebie. Warto zada\u0107 sobie pytanie: czy obecne dzia\u0142ania s\u0105 wynikiem pasji, czy te\u017c ucieczk\u0105 przed l\u0119kiem?<\/p>\n\n\n\n<p>Je\u015bli odczuwasz brak sensu \u017cycia po 40, dotychczasowe osi\u0105gni\u0119cia nie daj\u0105 Ci satysfakcji oraz towarzyszy Ci ci\u0105g\u0142e znudzenie \u017cyciem, mo\u017ce to wskazywa\u0107 na trudno\u015bci charakterystyczne dla okresu po\u0142owy \u017cycia, tzw. kryzysu wieku \u015bredniego, ale wymaga to r\u00f3\u017cnicowania z innymi przyczynami.<strong> W ustaleniach pomocna mo\u017ce by\u0107 r\u00f3wnie\u017c rozmowa z psychologiem lub psychiatr\u0105,<\/strong> kt\u00f3ry oceni nasilenie trudno\u015bci i wykluczy inne przyczyny.<\/p>\n\n\n\n<h3 class=\"wp-block-heading\" id=\"Jakie-badania-wykona\u0107-przy-midlife-crisis?\">Jakie badania wykona\u0107 przy <em>midlife crisis<\/em>?<\/h3>\n\n\n\n<p>Poniewa\u017c cz\u0119\u015b\u0107 objaw\u00f3w kryzysu wieku \u015bredniego mo\u017ce mie\u0107 pod\u0142o\u017ce somatyczne, warto wykona\u0107 kilka podstawowych bada\u0144 laboratoryjnych. Dobrym punktem wyj\u015bcia b\u0119dzie morfologia krwi, kt\u00f3ra pozwala na og\u00f3ln\u0105 ocen\u0119 stanu zdrowia. <strong>U m\u0119\u017cczyzn szczeg\u00f3lnie istotny jest poziom testosteronu:<\/strong> jego niedob\u00f3r mo\u017ce odpowiada\u0107 za obni\u017cone libido i przewlek\u0142e zm\u0119czenie. Warto te\u017c zbada\u0107 <a href=\"https:\/\/www.alab.pl\/pakiet\/pakiet-tarczycowy\">hormony tarczycy<\/a> (TSH, fT3, fT4), poniewa\u017c niedoczynno\u015b\u0107 tego gruczo\u0142u potrafi skutecznie na\u015bladowa\u0107 objawy kryzysu.<\/p>\n\n\n\n<p>Na nastr\u00f3j i poziom energii wp\u0142ywaj\u0105 witamina D i <a href=\"https:\/\/www.alab.pl\/badanie\/witamina-b12-o83\">B12<\/a>, a ich niedobory s\u0105 cz\u0119stsze ni\u017c mog\u0142oby si\u0119 wydawa\u0107. Diagnostyk\u0119 mo\u017cna uzupe\u0142ni\u0107 o <a href=\"https:\/\/www.alab.pl\/pakiet\/lipidogram-chol-hdl-tg-ldl-wyl-m71\">ocen\u0119 gospodarki lipidowej<\/a>, a <strong>w wybranych przypadkach tak\u017ce o oznaczenie poziomu kortyzolu,<\/strong> je\u015bli lekarz uzna to za zasadne w szerszej ocenie stanu zdrowia. Wyniki pozwol\u0105 oceni\u0107, czy objawy maj\u0105 pod\u0142o\u017ce biologiczne i wymagaj\u0105 leczenia. Pami\u0119taj, \u017ce nale\u017cy skonsultowa\u0107 je z lekarzem.<\/p>\n\n\n\n<h2 class=\"wp-block-heading\" id=\"Jak-poradzi\u0107-sobie-z-kryzysem-wieku-\u015bredniego?\">Jak poradzi\u0107 sobie z kryzysem wieku \u015bredniego?<\/h2>\n\n\n\n<p>Co zrobi\u0107, kiedy kryzys wieku \u015bredniego dokucza wyj\u0105tkowo mocno? Najwa\u017cniejszym krokiem jest akceptacja faktu, \u017ce zmiany s\u0105 naturalnym elementem \u017cycia. Zamiast podejmowa\u0107 pochopne, rewolucyjne decyzje, <strong>warto przyjrze\u0107 si\u0119 swojej diecie, postawi\u0107 na regularn\u0105 aktywno\u015b\u0107 fizyczn\u0105 oraz nauk\u0119 nowych umiej\u0119tno\u015bci.<\/strong> Nowe cele i pasje przynios\u0105 satysfakcj\u0119 oraz pomog\u0105 zwi\u0119kszy\u0107 poczucie sprawczo\u015bci.<\/p>\n\n\n\n<p>Je\u015bli czujesz, \u017ce objawy staj\u0105 si\u0119 przyt\u0142aczaj\u0105ce, nie wahaj si\u0119 skorzysta\u0107 z pomocy terapeuty. Szczeg\u00f3lnie <strong>pomocna mo\u017ce by\u0107 terapia poznawczo-behawioralna (CBT),<\/strong> pomagaj\u0105ca przepracowa\u0107 l\u0119ki i odnale\u017a\u0107 nowy sens \u017cycia. Warto tak\u017ce pracowa\u0107 nad relacjami oraz poszuka\u0107 wsparcia grupy \u2013 rozmowa z osobami w podobnej sytuacji mo\u017ce przynie\u015b\u0107 ulg\u0119.<\/p>\n\n\n\n<figure class=\"wp-block-image size-full\"><a href=\"https:\/\/www.alab.pl\/pakiet\/pakiet-mezczyzny-50\"><img loading=\"lazy\" decoding=\"async\" width=\"800\" height=\"200\" src=\"https:\/\/www.alab.pl\/centrum-wiedzy\/wp-content\/uploads\/2025\/10\/Pakiet-meezczyzny-50-24-badania.png\" alt=\"Pakiet m\u0119\u017cczyzny 50+ (24 badania) banerek\" class=\"wp-image-27166\" srcset=\"https:\/\/www.alab.pl\/centrum-wiedzy\/wp-content\/uploads\/2025\/10\/Pakiet-meezczyzny-50-24-badania.png 800w, https:\/\/www.alab.pl\/centrum-wiedzy\/wp-content\/uploads\/2025\/10\/Pakiet-meezczyzny-50-24-badania-768x192.png 768w, https:\/\/www.alab.pl\/centrum-wiedzy\/wp-content\/uploads\/2025\/10\/Pakiet-meezczyzny-50-24-badania-150x38.png 150w, https:\/\/www.alab.pl\/centrum-wiedzy\/wp-content\/uploads\/2025\/10\/Pakiet-meezczyzny-50-24-badania-300x75.png 300w, https:\/\/www.alab.pl\/centrum-wiedzy\/wp-content\/uploads\/2025\/10\/Pakiet-meezczyzny-50-24-badania-696x174.png 696w\" sizes=\"auto, (max-width: 800px) 100vw, 800px\" \/><\/a><\/figure>\n\n\n\n<h2 class=\"wp-block-heading\" id=\"Podsumowanie\">Podsumowanie<\/h2>\n\n\n\n<ul class=\"wp-block-list\">\n<li>Kryzys wieku \u015bredniego to zjawisko psychologiczne, pojawiaj\u0105ce si\u0119 najcz\u0119\u015bciej mi\u0119dzy 40. a 60. rokiem \u017cycia;<\/li>\n\n\n\n<li>U m\u0119\u017cczyzn mo\u017ce wi\u0105za\u0107 si\u0119 ze spadkiem testosteronu, natomiast u kobiet z okresem oko\u0142omenopauzalnym;<\/li>\n\n\n\n<li>Do g\u0142\u00f3wnych objaw\u00f3w nale\u017c\u0105: znudzenie \u017cyciem, l\u0119k przed staro\u015bci\u0105 oraz impulsywne pr\u00f3by zmiany stylu \u017cycia;<\/li>\n\n\n\n<li>W\u0142a\u015bciwa diagnostyka laboratoryjna pomaga wykluczy\u0107 biologiczne przyczyny obni\u017conego nastroju;<\/li>\n\n\n\n<li>Zrozumienie i akceptacja tego stanu pozwalaj\u0105 na odnalezienie nowej satysfakcji z \u017cycia w dojrza\u0142ym wieku.<\/li>\n<\/ul>\n\n\n\n<h2 class=\"wp-block-heading\" id=\"FAQ:-najcz\u0119stsze-pytania-o-kryzys-wieku-\u015bredniego\">FAQ: najcz\u0119stsze pytania o kryzys wieku \u015bredniego<\/h2>\n\n\n\n<p>Kryzys wieku \u015bredniego budzi wiele pyta\u0144; oto odpowiedzi na te, kt\u00f3re pojawiaj\u0105 si\u0119 najcz\u0119\u015bciej.<\/p>\n\n\n\n<div class=\"schema-faq wp-block-yoast-faq-block\"><div class=\"schema-faq-section\" id=\"faq-question-1777391306359\"><strong class=\"schema-faq-question\"><strong>Co zrobi\u0107, gdy m\u0119\u017cczyzna ma kryzys wieku \u015bredniego?<\/strong><\/strong> <p class=\"schema-faq-answer\">Przede wszystkim: nie bagatelizowa\u0107. Warto rozmawia\u0107, okazywa\u0107 wsparcie bez oceniania i zach\u0119ca\u0107 do skonsultowania si\u0119 ze specjalist\u0105. Unikaj krytykowania jego nowych pasji, ale zach\u0119caj do rozmowy o emocjach. Wsp\u00f3lne zadbanie o zdrowie, np. poprzez profilaktyczne badania krwi, mo\u017ce pom\u00f3c ustabilizowa\u0107 jego form\u0119 fizyczn\u0105 i psychiczn\u0105.<\/p> <\/div> <div class=\"schema-faq-section\" id=\"faq-question-1777391328433\"><strong class=\"schema-faq-question\"><strong>Jak rozpozna\u0107, \u017ce przechodzi si\u0119 kryzys wieku \u015bredniego?<\/strong><\/strong> <p class=\"schema-faq-answer\">Na kryzys wieku \u015bredniego mo\u017ce wskazywa\u0107 nag\u0142a, silna ch\u0119\u0107 zmiany dotychczasowego \u017cycia bez wyra\u017anego planu. Je\u015bli czujesz permanentne niezadowolenie, mimo \u017ce obiektywnie Twoje \u017cycie jest stabilne, mo\u017ce to by\u0107 jeden z sygna\u0142\u00f3w tak zwanego \u201emidlife crisis\u201d.<\/p> <\/div> <div class=\"schema-faq-section\" id=\"faq-question-1777391345901\"><strong class=\"schema-faq-question\"><strong>Dlaczego wiek \u015bredni jest taki trudny?<\/strong><\/strong> <p class=\"schema-faq-answer\">To czas, gdy cz\u0142owiek staje mi\u0119dzy tym, co ju\u017c prze\u017cy\u0142, a tym, co przed nim. U\u015bwiadamiamy sobie, \u017ce czas jest ograniczony, musimy te\u017c po\u017cegna\u0107 si\u0119 z wizj\u0105 nieograniczonych mo\u017cliwo\u015bci i zaakceptowa\u0107 w\u0142asne ograniczenia. Konfrontacja z przemijaniem, odpowiedzialno\u015b\u0107 za innych i poczucie, \u017ce czas przyspiesza \u2013 to wszystko sprawia, \u017ce wiek \u015bredni bywa psychologicznie wymagaj\u0105cy.<\/p> <\/div> <div class=\"schema-faq-section\" id=\"faq-question-1777391364224\"><strong class=\"schema-faq-question\"><strong>Czy kryzys wieku \u015bredniego mija?<\/strong><\/strong> <p class=\"schema-faq-answer\">Tak \u2013 u wielu os\u00f3b trudniejszy okres z czasem ust\u0119puje, cz\u0119sto z poczuciem wi\u0119kszej dojrza\u0142o\u015bci i now\u0105 energi\u0105 do \u017cycia.<\/p> <\/div> <div class=\"schema-faq-section\" id=\"faq-question-1777391387199\"><strong class=\"schema-faq-question\"><strong>Z czym mo\u017cna pomyli\u0107 <em>midlife crisis<\/em>?<\/strong><\/strong> <p class=\"schema-faq-answer\">Objawy kryzysu wieku \u015bredniego bywaj\u0105 mylone z depresj\u0105, zaburzeniami l\u0119kowymi, wypaleniem zawodowym lub chorobami somatycznymi (np. niedoczynno\u015bci\u0105 tarczycy). Dlatego tak wa\u017cna jest konsultacja lekarska i \u2013 w razie potrzeby \u2013 badania diagnostyczne.<\/p> <\/div> <\/div>\n\n\n\n<p><strong>Opieka merytoryczna: lek. Maria Wydra<\/strong><\/p>\n\n\n\n<hr class=\"wp-block-separator has-alpha-channel-opacity\"\/>\n\n\n\n<p><strong>Bibliografia<\/strong><\/p>\n\n\n\n<ol class=\"wp-block-list\">\n<li>Bielawska-Batorowicz, E. i Jarecka, K. (2021). <em>Andropauza czy kryzys wieku \u015bredniego. Jako\u015b\u0107 \u017cycia m\u0119\u017cczyzn 50+<\/em>. Wydawnictwo Uniwersytetu \u0141\u00f3dzkiego.<\/li>\n\n\n\n<li>Blanchflower, D. G. (2021). Is happiness U-shaped everywhere? Age and subjective well-being in 145 countries. <em>Journal of Population Economics<\/em>, <em>34 <\/em>(1), 1\u201344.<\/li>\n\n\n\n<li>Carr, D. i Pudrovska, T. (2016). Midlife and mental health. W: H. S. Friedman (red.), <em>Encyclopedia of mental health<\/em> (wyd. 2, s. 133\u2013136). Academic Press.<\/li>\n\n\n\n<li>Giuntella, O., McManus, S. i Mujcic, R. (2023). The midlife crisis. <em>Economica<\/em>, <em>90 <\/em>(357), 65\u2013110.<\/li>\n\n\n\n<li>Ka\u0142u\u017cna-Wielob\u00f3b, A. (2009). Obraz marze\u0144 a kryzys po\u0142owy \u017cycia u kobiet. <em>Polskie Forum Psychologiczne<\/em>, <em>14 <\/em>(2), 233\u2013248.<\/li>\n<\/ol>\n\n\n\n<p><\/p>\n","protected":false},"excerpt":{"rendered":"<p>Sprawd\u017a, czym jest kryzys wieku \u015bredniego, jak si\u0119 objawia i co warto zrobi\u0107, by zadba\u0107 o swoje zdrowie psychiczne i fizyczne.<\/p>\n","protected":false},"author":186,"featured_media":30968,"comment_status":"closed","ping_status":"closed","sticky":false,"template":"","format":"standard","meta":{"_acf_changed":false,"inline_featured_image":false,"footnotes":""},"categories":[228],"tags":[],"coauthors":[227],"class_list":{"0":"post-30966","1":"post","2":"type-post","3":"status-publish","4":"format-standard","5":"has-post-thumbnail","7":"category-zdrowie-psychiczne"},"acf":[],"yoast_head":"<!-- This site is optimized with the Yoast SEO plugin v27.5 - https:\/\/yoast.com\/product\/yoast-seo-wordpress\/ -->\n<title>Kryzys wieku \u015bredniego: co warto o nim wiedzie\u0107?<\/title>\n<meta name=\"description\" content=\"Sprawd\u017a, czym jest kryzys wieku \u015bredniego, jak si\u0119 objawia i co warto zrobi\u0107, by zadba\u0107 o swoje zdrowie psychiczne i fizyczne.\" \/>\n<meta name=\"robots\" content=\"index, follow, max-snippet:-1, max-image-preview:large, max-video-preview:-1\" \/>\n<link rel=\"canonical\" href=\"https:\/\/www.alab.pl\/centrum-wiedzy\/kryzys-wieku-sredniego-co-to-jest-jak-sie-objawia-i-czy-mozna-mu-przeciwdzialac\/\" \/>\n<meta property=\"og:locale\" content=\"pl_PL\" \/>\n<meta property=\"og:type\" content=\"article\" \/>\n<meta property=\"og:title\" content=\"Kryzys wieku \u015bredniego: co warto o nim wiedzie\u0107?\" \/>\n<meta property=\"og:description\" content=\"Sprawd\u017a, czym jest kryzys wieku \u015bredniego, jak si\u0119 objawia i co warto zrobi\u0107, by zadba\u0107 o swoje zdrowie psychiczne i fizyczne.\" \/>\n<meta property=\"og:url\" content=\"https:\/\/www.alab.pl\/centrum-wiedzy\/kryzys-wieku-sredniego-co-to-jest-jak-sie-objawia-i-czy-mozna-mu-przeciwdzialac\/\" \/>\n<meta property=\"og:site_name\" content=\"Centrum Wiedzy ALAB laboratoria\" \/>\n<meta property=\"article:publisher\" content=\"https:\/\/www.facebook.com\/ALABlaboratoria\" \/>\n<meta property=\"article:published_time\" content=\"2026-04-28T15:55:30+00:00\" \/>\n<meta property=\"article:modified_time\" content=\"2026-04-28T15:55:46+00:00\" \/>\n<meta property=\"og:image\" content=\"https:\/\/www.alab.pl\/centrum-wiedzy\/wp-content\/uploads\/2026\/04\/kryzys_wieku_sredniego.jpg\" \/>\n\t<meta property=\"og:image:width\" content=\"1539\" \/>\n\t<meta property=\"og:image:height\" content=\"1026\" \/>\n\t<meta property=\"og:image:type\" content=\"image\/jpeg\" \/>\n<meta name=\"author\" content=\"Agnieszka Ko\u015bcielniak\" \/>\n<meta name=\"twitter:card\" content=\"summary_large_image\" \/>\n<meta name=\"twitter:label1\" content=\"Napisane przez\" \/>\n\t<meta name=\"twitter:data1\" content=\"Agnieszka Ko\u015bcielniak\" \/>\n\t<meta name=\"twitter:label2\" content=\"Szacowany czas czytania\" \/>\n\t<meta name=\"twitter:data2\" content=\"12 minut\" \/>\n\t<meta name=\"twitter:label3\" content=\"Written by\" \/>\n\t<meta name=\"twitter:data3\" content=\"Agnieszka Ko\u015bcielniak\" \/>\n<!-- \/ Yoast SEO plugin. -->","yoast_head_json":{"title":"Kryzys wieku \u015bredniego: co warto o nim wiedzie\u0107?","description":"Sprawd\u017a, czym jest kryzys wieku \u015bredniego, jak si\u0119 objawia i co warto zrobi\u0107, by zadba\u0107 o swoje zdrowie psychiczne i fizyczne.","robots":{"index":"index","follow":"follow","max-snippet":"max-snippet:-1","max-image-preview":"max-image-preview:large","max-video-preview":"max-video-preview:-1"},"canonical":"https:\/\/www.alab.pl\/centrum-wiedzy\/kryzys-wieku-sredniego-co-to-jest-jak-sie-objawia-i-czy-mozna-mu-przeciwdzialac\/","og_locale":"pl_PL","og_type":"article","og_title":"Kryzys wieku \u015bredniego: co warto o nim wiedzie\u0107?","og_description":"Sprawd\u017a, czym jest kryzys wieku \u015bredniego, jak si\u0119 objawia i co warto zrobi\u0107, by zadba\u0107 o swoje zdrowie psychiczne i fizyczne.","og_url":"https:\/\/www.alab.pl\/centrum-wiedzy\/kryzys-wieku-sredniego-co-to-jest-jak-sie-objawia-i-czy-mozna-mu-przeciwdzialac\/","og_site_name":"Centrum Wiedzy ALAB laboratoria","article_publisher":"https:\/\/www.facebook.com\/ALABlaboratoria","article_published_time":"2026-04-28T15:55:30+00:00","article_modified_time":"2026-04-28T15:55:46+00:00","og_image":[{"width":1539,"height":1026,"url":"https:\/\/www.alab.pl\/centrum-wiedzy\/wp-content\/uploads\/2026\/04\/kryzys_wieku_sredniego.jpg","type":"image\/jpeg"}],"author":"Agnieszka Ko\u015bcielniak","twitter_card":"summary_large_image","twitter_misc":{"Napisane przez":"Agnieszka Ko\u015bcielniak","Szacowany czas czytania":"12 minut","Written by":"Agnieszka Ko\u015bcielniak"},"schema":{"@context":"https:\/\/schema.org","@graph":[{"@type":"Article","@id":"https:\/\/www.alab.pl\/centrum-wiedzy\/kryzys-wieku-sredniego-co-to-jest-jak-sie-objawia-i-czy-mozna-mu-przeciwdzialac\/#article","isPartOf":{"@id":"https:\/\/www.alab.pl\/centrum-wiedzy\/kryzys-wieku-sredniego-co-to-jest-jak-sie-objawia-i-czy-mozna-mu-przeciwdzialac\/"},"author":{"name":"Agnieszka Ko\u015bcielniak","@id":"https:\/\/www.alab.pl\/centrum-wiedzy\/#\/schema\/person\/bc2054847638a9cbcaaaed55adb05076"},"headline":"Kryzys wieku \u015bredniego \u2013 co to jest, jak si\u0119 objawia i czy mo\u017cna mu przeciwdzia\u0142a\u0107?","datePublished":"2026-04-28T15:55:30+00:00","dateModified":"2026-04-28T15:55:46+00:00","mainEntityOfPage":{"@id":"https:\/\/www.alab.pl\/centrum-wiedzy\/kryzys-wieku-sredniego-co-to-jest-jak-sie-objawia-i-czy-mozna-mu-przeciwdzialac\/"},"wordCount":2092,"publisher":{"@id":"https:\/\/www.alab.pl\/centrum-wiedzy\/#organization"},"image":{"@id":"https:\/\/www.alab.pl\/centrum-wiedzy\/kryzys-wieku-sredniego-co-to-jest-jak-sie-objawia-i-czy-mozna-mu-przeciwdzialac\/#primaryimage"},"thumbnailUrl":"https:\/\/www.alab.pl\/centrum-wiedzy\/wp-content\/uploads\/2026\/04\/kryzys_wieku_sredniego.jpg","articleSection":["Zdrowie psychiczne"],"inLanguage":"pl-PL"},{"@type":["WebPage","FAQPage"],"@id":"https:\/\/www.alab.pl\/centrum-wiedzy\/kryzys-wieku-sredniego-co-to-jest-jak-sie-objawia-i-czy-mozna-mu-przeciwdzialac\/","url":"https:\/\/www.alab.pl\/centrum-wiedzy\/kryzys-wieku-sredniego-co-to-jest-jak-sie-objawia-i-czy-mozna-mu-przeciwdzialac\/","name":"Kryzys wieku \u015bredniego: co warto o nim wiedzie\u0107?","isPartOf":{"@id":"https:\/\/www.alab.pl\/centrum-wiedzy\/#website"},"primaryImageOfPage":{"@id":"https:\/\/www.alab.pl\/centrum-wiedzy\/kryzys-wieku-sredniego-co-to-jest-jak-sie-objawia-i-czy-mozna-mu-przeciwdzialac\/#primaryimage"},"image":{"@id":"https:\/\/www.alab.pl\/centrum-wiedzy\/kryzys-wieku-sredniego-co-to-jest-jak-sie-objawia-i-czy-mozna-mu-przeciwdzialac\/#primaryimage"},"thumbnailUrl":"https:\/\/www.alab.pl\/centrum-wiedzy\/wp-content\/uploads\/2026\/04\/kryzys_wieku_sredniego.jpg","datePublished":"2026-04-28T15:55:30+00:00","dateModified":"2026-04-28T15:55:46+00:00","description":"Sprawd\u017a, czym jest kryzys wieku \u015bredniego, jak si\u0119 objawia i co warto zrobi\u0107, by zadba\u0107 o swoje zdrowie psychiczne i fizyczne.","breadcrumb":{"@id":"https:\/\/www.alab.pl\/centrum-wiedzy\/kryzys-wieku-sredniego-co-to-jest-jak-sie-objawia-i-czy-mozna-mu-przeciwdzialac\/#breadcrumb"},"mainEntity":[{"@id":"https:\/\/www.alab.pl\/centrum-wiedzy\/kryzys-wieku-sredniego-co-to-jest-jak-sie-objawia-i-czy-mozna-mu-przeciwdzialac\/#faq-question-1777391306359"},{"@id":"https:\/\/www.alab.pl\/centrum-wiedzy\/kryzys-wieku-sredniego-co-to-jest-jak-sie-objawia-i-czy-mozna-mu-przeciwdzialac\/#faq-question-1777391328433"},{"@id":"https:\/\/www.alab.pl\/centrum-wiedzy\/kryzys-wieku-sredniego-co-to-jest-jak-sie-objawia-i-czy-mozna-mu-przeciwdzialac\/#faq-question-1777391345901"},{"@id":"https:\/\/www.alab.pl\/centrum-wiedzy\/kryzys-wieku-sredniego-co-to-jest-jak-sie-objawia-i-czy-mozna-mu-przeciwdzialac\/#faq-question-1777391364224"},{"@id":"https:\/\/www.alab.pl\/centrum-wiedzy\/kryzys-wieku-sredniego-co-to-jest-jak-sie-objawia-i-czy-mozna-mu-przeciwdzialac\/#faq-question-1777391387199"}],"inLanguage":"pl-PL","potentialAction":[{"@type":"ReadAction","target":["https:\/\/www.alab.pl\/centrum-wiedzy\/kryzys-wieku-sredniego-co-to-jest-jak-sie-objawia-i-czy-mozna-mu-przeciwdzialac\/"]}]},{"@type":"ImageObject","inLanguage":"pl-PL","@id":"https:\/\/www.alab.pl\/centrum-wiedzy\/kryzys-wieku-sredniego-co-to-jest-jak-sie-objawia-i-czy-mozna-mu-przeciwdzialac\/#primaryimage","url":"https:\/\/www.alab.pl\/centrum-wiedzy\/wp-content\/uploads\/2026\/04\/kryzys_wieku_sredniego.jpg","contentUrl":"https:\/\/www.alab.pl\/centrum-wiedzy\/wp-content\/uploads\/2026\/04\/kryzys_wieku_sredniego.jpg","width":1539,"height":1026,"caption":"kryzys wieku \u015bredniego"},{"@type":"BreadcrumbList","@id":"https:\/\/www.alab.pl\/centrum-wiedzy\/kryzys-wieku-sredniego-co-to-jest-jak-sie-objawia-i-czy-mozna-mu-przeciwdzialac\/#breadcrumb","itemListElement":[{"@type":"ListItem","position":1,"name":"Strona g\u0142\u00f3wna","item":"https:\/\/www.alab.pl\/centrum-wiedzy\/"},{"@type":"ListItem","position":2,"name":"Kryzys wieku \u015bredniego \u2013 co to jest, jak si\u0119 objawia i czy mo\u017cna mu przeciwdzia\u0142a\u0107?"}]},{"@type":"WebSite","@id":"https:\/\/www.alab.pl\/centrum-wiedzy\/#website","url":"https:\/\/www.alab.pl\/centrum-wiedzy\/","name":"Centrum Wiedzy ALAB laboratoria","description":"","publisher":{"@id":"https:\/\/www.alab.pl\/centrum-wiedzy\/#organization"},"potentialAction":[{"@type":"SearchAction","target":{"@type":"EntryPoint","urlTemplate":"https:\/\/www.alab.pl\/centrum-wiedzy\/?s={search_term_string}"},"query-input":{"@type":"PropertyValueSpecification","valueRequired":true,"valueName":"search_term_string"}}],"inLanguage":"pl-PL"},{"@type":"Organization","@id":"https:\/\/www.alab.pl\/centrum-wiedzy\/#organization","name":"Centrum Wiedzy ALAB laboratoria","url":"https:\/\/www.alab.pl\/centrum-wiedzy\/","logo":{"@type":"ImageObject","inLanguage":"pl-PL","@id":"https:\/\/www.alab.pl\/centrum-wiedzy\/#\/schema\/logo\/image\/","url":"https:\/\/www.alab.pl\/centrum-wiedzy\/wp-content\/uploads\/2022\/04\/alabek.jpg","contentUrl":"https:\/\/www.alab.pl\/centrum-wiedzy\/wp-content\/uploads\/2022\/04\/alabek.jpg","width":1250,"height":1251,"caption":"Centrum Wiedzy ALAB laboratoria"},"image":{"@id":"https:\/\/www.alab.pl\/centrum-wiedzy\/#\/schema\/logo\/image\/"},"sameAs":["https:\/\/www.facebook.com\/ALABlaboratoria"]},{"@type":"Person","@id":"https:\/\/www.alab.pl\/centrum-wiedzy\/#\/schema\/person\/bc2054847638a9cbcaaaed55adb05076","name":"Agnieszka Ko\u015bcielniak","image":{"@type":"ImageObject","inLanguage":"pl-PL","@id":"https:\/\/www.alab.pl\/centrum-wiedzy\/wp-content\/uploads\/2025\/03\/Agnieszka-Koscielniak-150x150.jpg2e1d4b6c34cade5524703aedde87f4e5","url":"https:\/\/www.alab.pl\/centrum-wiedzy\/wp-content\/uploads\/2025\/03\/Agnieszka-Koscielniak-150x150.jpg","contentUrl":"https:\/\/www.alab.pl\/centrum-wiedzy\/wp-content\/uploads\/2025\/03\/Agnieszka-Koscielniak-150x150.jpg","caption":"Agnieszka Ko\u015bcielniak"},"description":"Psycholo\u017cka, absolwentka Uniwersytetu \u0141\u00f3dzkiego (spec. Psychologia zdrowia i kliniczna). Pasj\u0119 do psychologii \u0142\u0105czy z mi\u0142o\u015bci\u0105 do pisania i tworzy artyku\u0142y z zakresu profilaktyki, zdrowia, zaburze\u0144 oraz psychodietetyki.","url":"https:\/\/www.alab.pl\/centrum-wiedzy\/author\/agnieszka-koscielniak\/"},{"@type":"Question","@id":"https:\/\/www.alab.pl\/centrum-wiedzy\/kryzys-wieku-sredniego-co-to-jest-jak-sie-objawia-i-czy-mozna-mu-przeciwdzialac\/#faq-question-1777391306359","position":1,"url":"https:\/\/www.alab.pl\/centrum-wiedzy\/kryzys-wieku-sredniego-co-to-jest-jak-sie-objawia-i-czy-mozna-mu-przeciwdzialac\/#faq-question-1777391306359","name":"Co zrobi\u0107, gdy m\u0119\u017cczyzna ma kryzys wieku \u015bredniego?","answerCount":1,"acceptedAnswer":{"@type":"Answer","text":"Przede wszystkim: nie bagatelizowa\u0107. Warto rozmawia\u0107, okazywa\u0107 wsparcie bez oceniania i zach\u0119ca\u0107 do skonsultowania si\u0119 ze specjalist\u0105. Unikaj krytykowania jego nowych pasji, ale zach\u0119caj do rozmowy o emocjach. Wsp\u00f3lne zadbanie o zdrowie, np. poprzez profilaktyczne badania krwi, mo\u017ce pom\u00f3c ustabilizowa\u0107 jego form\u0119 fizyczn\u0105 i psychiczn\u0105.","inLanguage":"pl-PL"},"inLanguage":"pl-PL"},{"@type":"Question","@id":"https:\/\/www.alab.pl\/centrum-wiedzy\/kryzys-wieku-sredniego-co-to-jest-jak-sie-objawia-i-czy-mozna-mu-przeciwdzialac\/#faq-question-1777391328433","position":2,"url":"https:\/\/www.alab.pl\/centrum-wiedzy\/kryzys-wieku-sredniego-co-to-jest-jak-sie-objawia-i-czy-mozna-mu-przeciwdzialac\/#faq-question-1777391328433","name":"Jak rozpozna\u0107, \u017ce przechodzi si\u0119 kryzys wieku \u015bredniego?","answerCount":1,"acceptedAnswer":{"@type":"Answer","text":"Na kryzys wieku \u015bredniego mo\u017ce wskazywa\u0107 nag\u0142a, silna ch\u0119\u0107 zmiany dotychczasowego \u017cycia bez wyra\u017anego planu. Je\u015bli czujesz permanentne niezadowolenie, mimo \u017ce obiektywnie Twoje \u017cycie jest stabilne, mo\u017ce to by\u0107 jeden z sygna\u0142\u00f3w tak zwanego \u201emidlife crisis\u201d.","inLanguage":"pl-PL"},"inLanguage":"pl-PL"},{"@type":"Question","@id":"https:\/\/www.alab.pl\/centrum-wiedzy\/kryzys-wieku-sredniego-co-to-jest-jak-sie-objawia-i-czy-mozna-mu-przeciwdzialac\/#faq-question-1777391345901","position":3,"url":"https:\/\/www.alab.pl\/centrum-wiedzy\/kryzys-wieku-sredniego-co-to-jest-jak-sie-objawia-i-czy-mozna-mu-przeciwdzialac\/#faq-question-1777391345901","name":"Dlaczego wiek \u015bredni jest taki trudny?","answerCount":1,"acceptedAnswer":{"@type":"Answer","text":"To czas, gdy cz\u0142owiek staje mi\u0119dzy tym, co ju\u017c prze\u017cy\u0142, a tym, co przed nim. U\u015bwiadamiamy sobie, \u017ce czas jest ograniczony, musimy te\u017c po\u017cegna\u0107 si\u0119 z wizj\u0105 nieograniczonych mo\u017cliwo\u015bci i zaakceptowa\u0107 w\u0142asne ograniczenia. Konfrontacja z przemijaniem, odpowiedzialno\u015b\u0107 za innych i poczucie, \u017ce czas przyspiesza \u2013 to wszystko sprawia, \u017ce wiek \u015bredni bywa psychologicznie wymagaj\u0105cy.","inLanguage":"pl-PL"},"inLanguage":"pl-PL"},{"@type":"Question","@id":"https:\/\/www.alab.pl\/centrum-wiedzy\/kryzys-wieku-sredniego-co-to-jest-jak-sie-objawia-i-czy-mozna-mu-przeciwdzialac\/#faq-question-1777391364224","position":4,"url":"https:\/\/www.alab.pl\/centrum-wiedzy\/kryzys-wieku-sredniego-co-to-jest-jak-sie-objawia-i-czy-mozna-mu-przeciwdzialac\/#faq-question-1777391364224","name":"Czy kryzys wieku \u015bredniego mija?","answerCount":1,"acceptedAnswer":{"@type":"Answer","text":"Tak \u2013 u wielu os\u00f3b trudniejszy okres z czasem ust\u0119puje, cz\u0119sto z poczuciem wi\u0119kszej dojrza\u0142o\u015bci i now\u0105 energi\u0105 do \u017cycia.","inLanguage":"pl-PL"},"inLanguage":"pl-PL"},{"@type":"Question","@id":"https:\/\/www.alab.pl\/centrum-wiedzy\/kryzys-wieku-sredniego-co-to-jest-jak-sie-objawia-i-czy-mozna-mu-przeciwdzialac\/#faq-question-1777391387199","position":5,"url":"https:\/\/www.alab.pl\/centrum-wiedzy\/kryzys-wieku-sredniego-co-to-jest-jak-sie-objawia-i-czy-mozna-mu-przeciwdzialac\/#faq-question-1777391387199","name":"Z czym mo\u017cna pomyli\u0107 midlife crisis?","answerCount":1,"acceptedAnswer":{"@type":"Answer","text":"Objawy kryzysu wieku \u015bredniego bywaj\u0105 mylone z depresj\u0105, zaburzeniami l\u0119kowymi, wypaleniem zawodowym lub chorobami somatycznymi (np. niedoczynno\u015bci\u0105 tarczycy). Dlatego tak wa\u017cna jest konsultacja lekarska i \u2013 w razie potrzeby \u2013 badania diagnostyczne.","inLanguage":"pl-PL"},"inLanguage":"pl-PL"}]}},"_links":{"self":[{"href":"https:\/\/www.alab.pl\/centrum-wiedzy\/wp-json\/wp\/v2\/posts\/30966","targetHints":{"allow":["GET"]}}],"collection":[{"href":"https:\/\/www.alab.pl\/centrum-wiedzy\/wp-json\/wp\/v2\/posts"}],"about":[{"href":"https:\/\/www.alab.pl\/centrum-wiedzy\/wp-json\/wp\/v2\/types\/post"}],"author":[{"embeddable":true,"href":"https:\/\/www.alab.pl\/centrum-wiedzy\/wp-json\/wp\/v2\/users\/186"}],"replies":[{"embeddable":true,"href":"https:\/\/www.alab.pl\/centrum-wiedzy\/wp-json\/wp\/v2\/comments?post=30966"}],"version-history":[{"count":2,"href":"https:\/\/www.alab.pl\/centrum-wiedzy\/wp-json\/wp\/v2\/posts\/30966\/revisions"}],"predecessor-version":[{"id":30969,"href":"https:\/\/www.alab.pl\/centrum-wiedzy\/wp-json\/wp\/v2\/posts\/30966\/revisions\/30969"}],"wp:featuredmedia":[{"embeddable":true,"href":"https:\/\/www.alab.pl\/centrum-wiedzy\/wp-json\/wp\/v2\/media\/30968"}],"wp:attachment":[{"href":"https:\/\/www.alab.pl\/centrum-wiedzy\/wp-json\/wp\/v2\/media?parent=30966"}],"wp:term":[{"taxonomy":"category","embeddable":true,"href":"https:\/\/www.alab.pl\/centrum-wiedzy\/wp-json\/wp\/v2\/categories?post=30966"},{"taxonomy":"post_tag","embeddable":true,"href":"https:\/\/www.alab.pl\/centrum-wiedzy\/wp-json\/wp\/v2\/tags?post=30966"},{"taxonomy":"author","embeddable":true,"href":"https:\/\/www.alab.pl\/centrum-wiedzy\/wp-json\/wp\/v2\/coauthors?post=30966"}],"curies":[{"name":"wp","href":"https:\/\/api.w.org\/{rel}","templated":true}]}}