{"id":30977,"date":"2026-04-29T07:30:00","date_gmt":"2026-04-29T05:30:00","guid":{"rendered":"https:\/\/www.alab.pl\/centrum-wiedzy\/?p=30977"},"modified":"2026-04-28T21:44:45","modified_gmt":"2026-04-28T19:44:45","slug":"rak-pracia-objawy-diagnostyka-leczenie-nowotworow-pracia","status":"publish","type":"post","link":"https:\/\/www.alab.pl\/centrum-wiedzy\/rak-pracia-objawy-diagnostyka-leczenie-nowotworow-pracia\/","title":{"rendered":"Rak pr\u0105cia \u2013 objawy, diagnostyka, leczenie nowotwor\u00f3w pr\u0105cia"},"content":{"rendered":"\n<p><strong>Rak pr\u0105cia najcz\u0119\u015bciej objawia si\u0119 jako utrzymuj\u0105ca si\u0119 zmiana na sk\u00f3rze pr\u0105cia, np. owrzodzenie, guzek lub stwardnienie. Cho\u0107 wyst\u0119puje rzadko, wymaga szybkiej diagnostyki, poniewa\u017c wczesne rozpoznanie zwi\u0119ksza szanse na skuteczne leczenie i lepsze rokowanie. Sprawd\u017a, jakie s\u0105 objawy raka pr\u0105cia, kto znajduje si\u0119 w grupie ryzyka i jak wygl\u0105da post\u0119powanie diagnostyczno-terapeutyczne.<\/strong><\/p>\n\n\n\n<figure class=\"wp-block-table\"><table class=\"has-fixed-layout\"><tbody><tr><td><strong>Z tego artyku\u0142u dowiesz si\u0119, \u017ce:<\/strong> <br>>> rak pr\u0105cia to rzadki nowotw\u00f3r z\u0142o\u015bliwy, kt\u00f3ry najcz\u0119\u015bciej rozwija si\u0119 w obr\u0119bie \u017co\u0142\u0119dzi, napletka lub bruzdy za\u017co\u0142\u0119dnej, <br>>> pierwsze objawy raka pr\u0105cia bywaj\u0105 niebolesne i mog\u0105 mie\u0107 posta\u0107 guzka, owrzodzenia, stwardnienia lub innej, utrzymuj\u0105cej si\u0119 zmiany na pr\u0105ciu, <br>>> do czynnik\u00f3w ryzyka nale\u017c\u0105 zaka\u017cenie HPV, stulejka, przewlek\u0142e stany zapalne, liszaj twardzinowy, palenie tytoniu i zaka\u017cenie HIV, <br>>> diagnostyka obejmuje wywiad, badanie lekarskie z ocen\u0105 pachwinowych w\u0119z\u0142\u00f3w ch\u0142onnych, uzupe\u0142niaj\u0105ce badania obrazowe i laboratoryjne, a rozpoznanie potwierdza badanie histopatologiczne.<\/td><\/tr><\/tbody><\/table><\/figure>\n\n\n\n<p><strong>Spis tre\u015bci:<\/strong><\/p>\n\n\n\n<ol class=\"wp-block-list\">\n<li><a href=\"#Rak-pr\u0105cia:-co-to-za-nowotw\u00f3r?\">Rak pr\u0105cia: co to za nowotw\u00f3r?<\/a>\n<ul class=\"wp-block-list\">\n<li><a href=\"#Rodzaje-raka-pr\u0105cia:-lokalizacja-nowotworu\">Rodzaje raka pr\u0105cia: lokalizacja nowotworu<\/a><\/li>\n<\/ul>\n<\/li>\n\n\n\n<li><a href=\"#Epidemiologia-raka-pr\u0105cia\">Epidemiologia raka pr\u0105cia<\/a>\n<ul class=\"wp-block-list\">\n<li><a href=\"#Wyst\u0119powanie-raka-pr\u0105cia:-wiek-chorych\">Wyst\u0119powanie raka pr\u0105cia: wiek chorych<\/a><\/li>\n<\/ul>\n<\/li>\n\n\n\n<li><a href=\"#Przyczyny-rozwoju-raka-pr\u0105cia\">Przyczyny rozwoju raka pr\u0105cia<\/a><\/li>\n\n\n\n<li><a href=\"#Rak-pr\u0105cia:-objawy-nowotworu\">Rak pr\u0105cia: objawy nowotworu<\/a><\/li>\n\n\n\n<li><a href=\"#Do-jakiego-lekarza-zg\u0142osi\u0107-si\u0119-z-podejrzeniem-raka-pr\u0105cia?\">Do jakiego lekarza zg\u0142osi\u0107 si\u0119 z podejrzeniem raka pr\u0105cia?<\/a><\/li>\n\n\n\n<li><a href=\"#Rak-penisa:-diagnostyka-nowotworu-pr\u0105cia\">Rak penisa: diagnostyka nowotworu pr\u0105cia<\/a>\n<ul class=\"wp-block-list\">\n<li><a href=\"#Jakie-badania-laboratoryjne-wykona\u0107-przy-diagnostyce-raka-pr\u0105cia?\">Jakie badania laboratoryjne wykona\u0107 przy diagnostyce raka pr\u0105cia?<\/a><\/li>\n<\/ul>\n<\/li>\n\n\n\n<li><a href=\"#Jak-przebiega-leczenie-pacjent\u00f3w-z-rakiem-pr\u0105cia?\">Jak przebiega leczenie pacjent\u00f3w z rakiem pr\u0105cia?<\/a>\n<ul class=\"wp-block-list\">\n<li><a href=\"#Nowotw\u00f3r-pr\u0105cia:-rokowania\">Nowotw\u00f3r pr\u0105cia: rokowania<\/a><\/li>\n<\/ul>\n<\/li>\n\n\n\n<li><a href=\"#Profilaktyka-zachorowa\u0144-na-raka-penisa\">Profilaktyka zachorowa\u0144 na raka penisa<\/a><\/li>\n\n\n\n<li><a href=\"#Podsumowanie\">Podsumowanie<\/a><\/li>\n\n\n\n<li><a href=\"#FAQ:-najcz\u0119stsze-pytania-o-raka-pr\u0105cia\">FAQ: najcz\u0119stsze pytania o raka pr\u0105cia<\/a><\/li>\n<\/ol>\n\n\n\n<h2 class=\"wp-block-heading\" id=\"Rak-pr\u0105cia:-co-to-za-nowotw\u00f3r?\">Rak pr\u0105cia: co to za nowotw\u00f3r?<\/h2>\n\n\n\n<p>Rak pr\u0105cia (w klasyfikacji ICD-10 oznaczony kodem C60) to nowotw\u00f3r z\u0142o\u015bliwy rozwijaj\u0105cy si\u0119 w tkankach pr\u0105cia, najcz\u0119\u015bciej w obr\u0119bie \u017co\u0142\u0119dzi, napletka lub bruzdy za\u017co\u0142\u0119dnej. W wi\u0119kszo\u015bci przypadk\u00f3w jest to rak p\u0142askonab\u0142onkowy pr\u0105cia, czyli <strong>nowotw\u00f3r wywodz\u0105cy si\u0119 z kom\u00f3rek nab\u0142onka pokrywaj\u0105cego powierzchni\u0119 narz\u0105du.<\/strong> Do rzadziej wyst\u0119puj\u0105cych nowotwor\u00f3w z\u0142o\u015bliwych tej okolicy nale\u017c\u0105 rak podstawnokom\u00f3rkowy, <a href=\"https:\/\/www.alab.pl\/centrum-wiedzy\/czerniak-zlosliwy-nowotwor-skory\/\">czerniak<\/a>, mi\u0119saki oraz <a href=\"https:\/\/www.alab.pl\/centrum-wiedzy\/choroba-pageta-objawy-przyczyny-diagnostyka-i-leczenie\/\">pozasutkowa choroba Pageta<\/a>.<\/p>\n\n\n\n<p><strong>Nowotwory pr\u0105cia zwykle rozwijaj\u0105 si\u0119 miejscowo,<\/strong> ale wraz z post\u0119pem choroby mog\u0105 nacieka\u0107 g\u0142\u0119biej po\u0142o\u017cone tkanki i w\u0119z\u0142y ch\u0142onne. Cho\u0107 wyst\u0119puj\u0105 rzadko, maj\u0105 istotne znaczenie kliniczne, poniewa\u017c wp\u0142ywa\u0107 nie tylko na rokowanie, ale tak\u017ce na <a href=\"https:\/\/www.alab.pl\/centrum-wiedzy\/czestomocz-wielomocz-i-oddawanie-moczu-w-nocy-jakie-sa-przyczyny\/\">oddawanie moczu<\/a>, <a href=\"https:\/\/www.alab.pl\/centrum-wiedzy\/impotencja-przyczyny-objawy-badania-i-leczenie-zaburzen-erekcji\/\">funkcje seksualne<\/a> i jako\u015b\u0107 \u017cycia chorego.<\/p>\n\n\n\n<h3 class=\"wp-block-heading\" id=\"Rodzaje-raka-pr\u0105cia:-lokalizacja-nowotworu\">Rodzaje raka pr\u0105cia: lokalizacja nowotworu<\/h3>\n\n\n\n<p>Nowotwory pr\u0105cia klasyfikuje si\u0119 nie tylko wed\u0142ug typu histologicznego, ale r\u00f3wnie\u017c wed\u0142ug lokalizacji zmiany. Ma to istotne znaczenie praktyczne, poniewa\u017c <strong>po\u0142o\u017cenie guza mo\u017ce wp\u0142ywa\u0107 na pierwsze objawy, zakres leczenia operacyjnego oraz mo\u017cliwo\u015b\u0107 zastosowania metod oszcz\u0119dzaj\u0105cych.<\/strong> Najcz\u0119stsze lokalizacje raka pr\u0105cia obejmuj\u0105:<\/p>\n\n\n\n<ul class=\"wp-block-list\">\n<li>\u017co\u0142\u0105d\u017a,<\/li>\n\n\n\n<li>napletek,<\/li>\n\n\n\n<li>bruzd\u0119 za\u017co\u0142\u0119dn\u0105,<\/li>\n\n\n\n<li>trzon (rzadziej).<\/li>\n<\/ul>\n\n\n\n<p><strong>W tych okolicach mog\u0105 wyst\u0119powa\u0107 r\u00f3wnie\u017c zmiany przedinwazyjne<\/strong> <strong>ograniczone do nab\u0142onka<\/strong>, okre\u015blane jako \u015br\u00f3dnab\u0142onkowa neoplazja pr\u0105cia (PeIN, ang. <em>penile intraepithelial neoplasia<\/em>). W starszym nazewnictwie zmiany na \u017co\u0142\u0119dzi okre\u015blano jako erytroplazj\u0119 Queyrata, a na trzonie pr\u0105cia jako <a href=\"https:\/\/www.alab.pl\/centrum-wiedzy\/choroba-bowena-czym-jest-i-jakie-daje-objawy-przyczyny-i-leczenie\/\">chorob\u0119 Bowena<\/a>.<\/p>\n\n\n\n<figure class=\"wp-block-table\"><table class=\"has-fixed-layout\"><tbody><tr><td><strong>Warto wiedzie\u0107:<\/strong> <br>Popularne, potoczne okre\u015blenia <strong>rak \u017co\u0142\u0119dzi<\/strong> lub <strong>rak \u017co\u0142\u0119dzia<\/strong> nie oznaczaj\u0105 odr\u0119bnego typu choroby, lecz po prostu <strong>raka pr\u0105cia zlokalizowanego w obr\u0119bie \u017co\u0142\u0119dzi<\/strong>.<\/td><\/tr><\/tbody><\/table><\/figure>\n\n\n\n<p><strong>Lokalizacja ma znaczenie kliniczne.<\/strong> Guz rozwijaj\u0105cy si\u0119 pod napletkiem mo\u017ce d\u0142u\u017cej pozostawa\u0107 niezauwa\u017cony, zw\u0142aszcza u pacjent\u00f3w ze stulejk\u0105. Zmiany na \u017co\u0142\u0119dzi zwykle s\u0105 rozpoznawane wcze\u015bniej. Ustalenie miejsca rozwoju nowotworu pomaga zaplanowa\u0107 dalsz\u0105 diagnostyk\u0119 i leczenie.<\/p>\n\n\n\n<h2 class=\"wp-block-heading\" id=\"Epidemiologia-raka-pr\u0105cia\">Epidemiologia raka pr\u0105cia<\/h2>\n\n\n\n<p>Rak pr\u0105cia jest nowotworem rzadkim w Europie i w Polsce. Cz\u0119\u015bciej wyst\u0119puje w niekt\u00f3rych regionach Afryki, Azji i Ameryki Po\u0142udniowej. Z danych Krajowego Rejestru Nowotwor\u00f3w wynika, \u017ce <strong>w Polsce rozpoznaje si\u0119 obecnie oko\u0142o 2 przypadki rocznie na 100 000 m\u0119\u017cczyzn.<\/strong> Cz\u0119sto\u015b\u0107 zachorowa\u0144 pozostaje nieco wy\u017csza ni\u017c \u015brednia europejska oraz stopniowo wzrasta wzgl\u0119dem pocz\u0105tku lat 2000.<\/p>\n\n\n\n<h3 class=\"wp-block-heading\" id=\"Wyst\u0119powanie-raka-pr\u0105cia:-wiek-chorych\">Wyst\u0119powanie raka pr\u0105cia: wiek chorych<\/h3>\n\n\n\n<p>Rak pr\u0105cia wyst\u0119puje <strong>g\u0142\u00f3wnie u m\u0119\u017cczyzn starszych<\/strong>, <strong>a ryzyko zachorowania ro\u015bnie z wiekiem<\/strong>. Dane europejskie wskazuj\u0105, \u017ce \u015bredni wiek rozpoznania wynosi oko\u0142o 60 lat. Najwi\u0119cej zachorowa\u0144 przypada na grupy wiekowe 60-69 i 70-74 lat, z wyra\u017anym wzrostem po 50. roku \u017cycia. Rak pr\u0105cia u dzieci i m\u0142odych ch\u0142opc\u00f3w nale\u017cy do skrajnej rzadko\u015bci.<\/p>\n\n\n\n<p><strong>&gt;&gt; Przeczytaj: <\/strong><a href=\"https:\/\/www.alab.pl\/centrum-wiedzy\/andropauza-meskie-przekwitanie\/\"><strong>Andropauza \u2013 m\u0119skie przekwitanie<\/strong><\/a><\/p>\n\n\n\n<h2 class=\"wp-block-heading\" id=\"Przyczyny-rozwoju-raka-pr\u0105cia\">Przyczyny rozwoju raka pr\u0105cia<\/h2>\n\n\n\n<p>Bezpo\u015bredni\u0105 przyczyn\u0105 rozwoju raka pr\u0105cia jest nieprawid\u0142owy, niekontrolowany rozrost kom\u00f3rek wywodz\u0105cych si\u0119 z tkanek pr\u0105cia. W praktyce klinicznej <strong>cz\u0119\u015bciej m\u00f3wi si\u0119 jednak o czynnikach ryzyka zwi\u0119kszaj\u0105cych prawdopodobie\u0144stwo rozwoju nowotworu.<\/strong> Nale\u017c\u0105 do nich:<\/p>\n\n\n\n<ul class=\"wp-block-list\">\n<li><a href=\"https:\/\/www.alab.pl\/centrum-wiedzy\/wirus-hpv-human-papillomavirus\/\"><strong>zaka\u017cenie wirusem brodawczaka ludzkiego<\/strong><\/a> (HPV), szczeg\u00f3lnie typami wysokiego ryzyka, m.in. HPV 16, 18, 31, 33, 35 i 39,<\/li>\n\n\n\n<li><a href=\"https:\/\/www.alab.pl\/centrum-wiedzy\/hiv-objawy-drogi-zakazenia-diagnostyka-i-leczenie\/\"><strong>zaka\u017cenie HIV<\/strong><\/a>, zwi\u0105zane z zaburzeniami odporno\u015bci i cz\u0119stszym wsp\u00f3\u0142wyst\u0119powaniem zaka\u017ce\u0144 HPV,<\/li>\n\n\n\n<li><strong>stulejka<\/strong> i zwi\u0105zane z ni\u0105 trudno\u015bci w utrzymaniu prawid\u0142owej higieny,<\/li>\n\n\n\n<li><strong>przewlek\u0142e stany zapalne w obr\u0119bie pr\u0105cia<\/strong>,<\/li>\n\n\n\n<li><a href=\"https:\/\/www.alab.pl\/centrum-wiedzy\/liszaj-twardzinowy-objawy-przyczyny-i-leczenie\/\"><strong>liszaj twardzinowy<\/strong> <strong>pr\u0105cia<\/strong><\/a>,<\/li>\n\n\n\n<li><a href=\"https:\/\/www.alab.pl\/centrum-wiedzy\/palenie-papierosow-negatywne-skutki-i-wplyw-na-zdrowie-palenia-tytoniu\/\"><strong>palenie tytoniu<\/strong><\/a>,<\/li>\n\n\n\n<li><a href=\"https:\/\/www.alab.pl\/centrum-wiedzy\/otylosc-i-jej-zapobieganie-profilaktyka-otylosci-pierwotnej-i-wtornej\/\"><strong>oty\u0142o\u015b\u0107<\/strong><\/a>, mog\u0105ca utrudnia\u0107 higien\u0119 i sprzyja\u0107 przewlek\u0142emu dra\u017cnieniu tkanek.<\/li>\n<\/ul>\n\n\n\n<p>Cz\u0119\u015b\u0107 rak\u00f3w p\u0142askonab\u0142onkowych pr\u0105cia <strong>rozwija si\u0119 na pod\u0142o\u017cu zmian przedrakowych, jednak mog\u0105 tak\u017ce powstawa\u0107 de novo,<\/strong> czyli bez wcze\u015bniejszej zmiany prekursorowej i niekiedy r\u00f3wnie\u017c bez obecno\u015bci uchytnych czynnik\u00f3w ryzyka.<\/p>\n\n\n\n<p><strong>&gt;&gt; Sprawd\u017a: <\/strong><a href=\"https:\/\/www.alab.pl\/centrum-wiedzy\/wirus-brodawczaka-ludzkiego-hpv-u-mezczyzn-co-nalezy-wiedziec\/\"><strong>HPV u m\u0119\u017cczyzny \u2013 objawy, diagnostyka, profilaktyka<\/strong><\/a><strong><\/strong><\/p>\n\n\n\n<h2 class=\"wp-block-heading\" id=\"Rak-pr\u0105cia:-objawy-nowotworu\">Rak pr\u0105cia: objawy nowotworu<\/h2>\n\n\n\n<p>Pierwsze objawy raka pr\u0105cia bywaj\u0105 niebolesne i mog\u0105 zosta\u0107 zbagatelizowane. Nowotw\u00f3r pr\u0105cia <strong>najcz\u0119\u015bciej objawia si\u0119 jako<\/strong> <strong>utrzymuj\u0105ca si\u0119 zmiana na sk\u00f3rze<\/strong> <strong>lub b\u0142onie \u015bluzowej pr\u0105cia<\/strong>. Mo\u017ce mie\u0107 charakter:<\/p>\n\n\n\n<ul class=\"wp-block-list\">\n<li>niegoj\u0105cego si\u0119 owrzodzenia, nad\u017cerki,<\/li>\n\n\n\n<li>p\u0142askiej lub wrzodziej\u0105cej, czerwonej lub szarobia\u0142ej plamy,<\/li>\n\n\n\n<li>brodawkowatej, kalafiorowatej zmiany,<\/li>\n\n\n\n<li>guzka, stwardnienia sk\u00f3ry,<\/li>\n\n\n\n<li>obrz\u0119ku ko\u0144ca pr\u0105cia (zw\u0142aszcza przy wsp\u00f3\u0142istniej\u0105cej stulejce).<\/li>\n<\/ul>\n\n\n\n<p>Do pozosta\u0142ych objaw\u00f3w mog\u0105cych sugerowa\u0107 raka pr\u0105cia nale\u017c\u0105:<\/p>\n\n\n\n<ul class=\"wp-block-list\">\n<li>krwawienie z okolicy zmiany,<\/li>\n\n\n\n<li>b\u00f3l, pieczenie, \u015bwi\u0105d,<\/li>\n\n\n\n<li>powi\u0119kszenie pachwinowych w\u0119z\u0142\u00f3w ch\u0142onnych, cz\u0119sto niebolesnych i twardych.<\/li>\n<\/ul>\n\n\n\n<figure class=\"wp-block-table\"><table class=\"has-fixed-layout\"><tbody><tr><td><strong>To wa\u017cne:<\/strong> <br>Nie ka\u017cda zmiana na pr\u0105ciu oznacza raka, ale ka\u017cda, kt\u00f3ra nie znika, powi\u0119ksza si\u0119 lub nawraca, wymaga oceny urologicznej.<\/td><\/tr><\/tbody><\/table><\/figure>\n\n\n\n<p><strong>&gt;&gt; Zobacz: <\/strong><a href=\"https:\/\/www.alab.pl\/centrum-wiedzy\/infekcje-intymne-jakie-sa-ich-objawy-rodzaje-i-przyczyny-infekcji\/\"><strong>Infekcje intymne \u2013 jakie s\u0105 ich objawy? Rodzaje i przyczyny infekcji<\/strong><\/a><strong><\/strong><\/p>\n\n\n\n<h2 class=\"wp-block-heading\" id=\"Do-jakiego-lekarza-zg\u0142osi\u0107-si\u0119-z-podejrzeniem-raka-pr\u0105cia?\">Do jakiego lekarza zg\u0142osi\u0107 si\u0119 z podejrzeniem raka pr\u0105cia?<\/h2>\n\n\n\n<p>Z podejrzeniem raka pr\u0105cia <strong>nale\u017cy zg\u0142osi\u0107 si\u0119 przede wszystkim do urologa.<\/strong> Specjalista oceni charakter zmiany i zdecyduje o dalszej diagnostyce. Je\u015bli zmiana budzi podejrzenie nowotworu, nie warto zwleka\u0107 z konsultacj\u0105, poniewa\u017c wczesne rozpoznanie zwi\u0119ksza szans\u0119 na skuteczne leczenie i zastosowanie metod oszcz\u0119dzaj\u0105cych narz\u0105d.<\/p>\n\n\n\n<h2 class=\"wp-block-heading\" id=\"Rak-penisa:-diagnostyka-nowotworu-pr\u0105cia\">Rak penisa: diagnostyka nowotworu pr\u0105cia<\/h2>\n\n\n\n<p>Diagnostyka raka pr\u0105cia rozpoczyna si\u0119 od dok\u0142adnego wywiadu i badania lekarskiego. Lekarz ocenia wygl\u0105d zmiany, lokalizacj\u0119 i rozleg\u0142o\u015b\u0107 oraz bada pachwinowe w\u0119z\u0142y ch\u0142onne. Ich zaj\u0119cie ma istotne znaczenie rokownicze. Ostateczne rozpoznanie nowotworu pr\u0105cia wymaga jednak <strong>potwierdzenia w <\/strong><a href=\"https:\/\/www.alab.pl\/centrum-wiedzy\/badanie-histopatologiczne-co-to-jest-co-wykrywa\/\"><strong>badaniu histopatologicznym<\/strong><\/a><strong> pobranego wycinka<\/strong>.<\/p>\n\n\n\n<p>Diagnostyka mo\u017ce obejmowa\u0107 r\u00f3wnie\u017c badania obrazowew celu oceny g\u0142\u0119boko\u015bci nacieku nowotworowego lub stopnia zaawansowania choroby. W tym celu <strong>wykonuje si\u0119 zwykle rezonans magnetyczny pr\u0105cia, a gdy nie jest on dost\u0119pny tak\u017ce badanie USG.<\/strong> W przypadku podejrzanych pachwinowych w\u0119z\u0142\u00f3w ch\u0142onnych najcz\u0119\u015bciej wykonuje si\u0119 biopsj\u0119 aspiracyjn\u0105 cienkoig\u0142ow\u0105.<\/p>\n\n\n\n<p>Je\u015bli istnieje podejrzenie bardziej zaawansowanej choroby, <strong>diagnostyk\u0119 poszerza si\u0119 o<\/strong> <strong>tomografi\u0119 komputerow\u0105<\/strong>, a niekiedy r\u00f3wnie\u017c o badanie PET\/CT.<\/p>\n\n\n\n<h3 class=\"wp-block-heading\" id=\"Jakie-badania-laboratoryjne-wykona\u0107-przy-diagnostyce-raka-pr\u0105cia?\">Jakie badania laboratoryjne wykona\u0107 przy diagnostyce raka pr\u0105cia?<\/h3>\n\n\n\n<p>W diagnostyce raka pr\u0105cia badania laboratoryjne maj\u0105 znaczenie uzupe\u0142niaj\u0105ce. Pozwalaj\u0105 oceni\u0107 stan og\u00f3lny chorego, przygotowa\u0107 go do dalszej diagnostyki i leczenia oraz wychwyci\u0107 mo\u017cliwe powik\u0142ania choroby. Najcz\u0119\u015bciej wykonuje si\u0119:<\/p>\n\n\n\n<ul class=\"wp-block-list\">\n<li><a href=\"https:\/\/www.alab.pl\/badanie\/morfologia-krwi-c55\"><strong>morfologi\u0119 krwi<\/strong><\/a>,<\/li>\n\n\n\n<li><strong>badania biochemiczne krwi<\/strong>, w tym:\n<ul class=\"wp-block-list\">\n<li><a href=\"https:\/\/www.alab.pl\/pakiet\/pakiet-nerkowy\">ocen\u0119 funkcji nerek<\/a> (m.in. st\u0119\u017cenie kreatyniny, eGFR, <a href=\"https:\/\/www.alab.pl\/badanie\/mocznik-n13\">mocznik<\/a>),<\/li>\n\n\n\n<li><a href=\"https:\/\/www.alab.pl\/pakiet\/pakiet-watrobowy\">ocen\u0119 funkcji w\u0105troby<\/a> (np. ALT, AST, bilirubin\u0119),<\/li>\n\n\n\n<li><a href=\"https:\/\/www.alab.pl\/pakiet\/pakiet-elektrolitow\">elektrolity<\/a> (przede wszystkim s\u00f3d, potas, a w razie potrzeby tak\u017ce chlorki),<\/li>\n\n\n\n<li><a href=\"https:\/\/www.alab.pl\/badanie\/wapn-calkowity-w-surowicy-o77\">st\u0119\u017cenie wapnia<\/a>: w wybranych przypadkach, zw\u0142aszcza gdy istnieje podejrzenie bardziej zaawansowanej choroby.<\/li>\n<\/ul>\n<\/li>\n\n\n\n<li><strong>badanie og\u00f3lne moczu<\/strong>, szczeg\u00f3lnie przed badaniami obrazowymi z kontrastem oraz planowanym leczeniem.<\/li>\n<\/ul>\n\n\n\n<p>Zakres bada\u0144 zale\u017cy od sytuacji klinicznej. <strong>W wybranych przypadkach wykonuje si\u0119 tak\u017ce badania w kierunku zaka\u017cenia HPV,<\/strong> kt\u00f3re mog\u0105 potwierdzi\u0107 obecno\u015b\u0107 wirusa b\u0119d\u0105cego jednym z g\u0142\u00f3wnych czynnik\u00f3w ryzyka rozwoju raka pr\u0105cia. Nie zast\u0119puj\u0105 one jednak badania histopatologicznego i nie stanowi\u0105 podstawy rozpoznania choroby.<\/p>\n\n\n\n<figure class=\"wp-block-image size-full\"><a href=\"https:\/\/www.alab.pl\/badanie\/wykrywanie-dna-oraz-oznaczanie-genotypu-wirusa-hpv-28-genotypy-f38\"><img loading=\"lazy\" decoding=\"async\" width=\"800\" height=\"200\" src=\"https:\/\/www.alab.pl\/centrum-wiedzy\/wp-content\/uploads\/2023\/06\/Badanie-wykrywanie-DNA-oraz-oznaczanie-genotypu-wirusa-HPV-28-genotypow.jpg\" alt=\"Badanie wykrywanie DNA oraz oznaczanie genotypu wirusa HPV (28 genotypo\u0301w) banerek\" class=\"wp-image-21826\" srcset=\"https:\/\/www.alab.pl\/centrum-wiedzy\/wp-content\/uploads\/2023\/06\/Badanie-wykrywanie-DNA-oraz-oznaczanie-genotypu-wirusa-HPV-28-genotypow.jpg 800w, https:\/\/www.alab.pl\/centrum-wiedzy\/wp-content\/uploads\/2023\/06\/Badanie-wykrywanie-DNA-oraz-oznaczanie-genotypu-wirusa-HPV-28-genotypow-768x192.jpg 768w, https:\/\/www.alab.pl\/centrum-wiedzy\/wp-content\/uploads\/2023\/06\/Badanie-wykrywanie-DNA-oraz-oznaczanie-genotypu-wirusa-HPV-28-genotypow-150x38.jpg 150w, https:\/\/www.alab.pl\/centrum-wiedzy\/wp-content\/uploads\/2023\/06\/Badanie-wykrywanie-DNA-oraz-oznaczanie-genotypu-wirusa-HPV-28-genotypow-300x75.jpg 300w, https:\/\/www.alab.pl\/centrum-wiedzy\/wp-content\/uploads\/2023\/06\/Badanie-wykrywanie-DNA-oraz-oznaczanie-genotypu-wirusa-HPV-28-genotypow-696x174.jpg 696w\" sizes=\"auto, (max-width: 800px) 100vw, 800px\" \/><\/a><\/figure>\n\n\n\n<h2 class=\"wp-block-heading\" id=\"Jak-przebiega-leczenie-pacjent\u00f3w-z-rakiem-pr\u0105cia?\">Jak przebiega leczenie pacjent\u00f3w z rakiem pr\u0105cia?<\/h2>\n\n\n\n<p>Leczenie raka pr\u0105cia zale\u017cy od stopnia zaawansowania. Celem jest ca\u0142kowite usuni\u0119cie nowotworu, a je\u015bli to mo\u017cliwe, zachowanie jak najwi\u0119kszej cz\u0119\u015bci narz\u0105du i jego funkcji. W zale\u017cno\u015bci od sytuacji klinicznej leczenie mo\u017ce obejmowa\u0107:<\/p>\n\n\n\n<ul class=\"wp-block-list\">\n<li><strong>metody oszcz\u0119dzaj\u0105ce<\/strong>: np. obrzezanie, miejscowe wyci\u0119cie zmiany, glansektomi\u0119, leczenie miejscowe (np. 5-fluorouracylem, imikwimodem), a w wybranych powierzchownych zmianach laseroterapi\u0119, krioterapi\u0119,<\/li>\n\n\n\n<li><strong>radykalne leczenie chirurgiczne<\/strong>: cz\u0119\u015bciow\u0105 lub ca\u0142kowit\u0105 penektomi\u0119, je\u015bli guz nacieka g\u0142\u0119biej po\u0142o\u017cone tkanki albo nie ma mo\u017cliwo\u015bci bezpiecznego leczenia oszcz\u0119dzaj\u0105cego,<\/li>\n\n\n\n<li><strong>leczenie regionalnych w\u0119z\u0142\u00f3w ch\u0142onnych<\/strong>: przede wszystkim limfadenektomi\u0119,<\/li>\n\n\n\n<li><strong>radioterapi\u0119<\/strong>: u cz\u0119\u015bci chorych jako leczenie oszcz\u0119dzaj\u0105ce albo uzupe\u0142niaj\u0105ce,<\/li>\n\n\n\n<li><strong>chemioterapi\u0119 lub chemioradioterapi\u0119<\/strong>: przede wszystkim w chorobie miejscowo zaawansowanej, przy zaj\u0119ciu w\u0119z\u0142\u00f3w ch\u0142onnych lub w leczeniu paliatywnym.<\/li>\n<\/ul>\n\n\n\n<p>Im wcze\u015bniej rozpozna si\u0119 nowotw\u00f3r pr\u0105cia, tym wi\u0119ksza szansa na mniej okaleczaj\u0105ce leczenie i lepsze rokowanie. W zaawansowanych przypadkach terapia wymaga zwykle post\u0119powania wielospecjalistycznego.<\/p>\n\n\n\n<h3 class=\"wp-block-heading\" id=\"Nowotw\u00f3r-pr\u0105cia:-rokowania\">Nowotw\u00f3r pr\u0105cia: rokowania<\/h3>\n\n\n\n<p>Rokowanie w raku pr\u0105cia zale\u017cy przede wszystkim od stadium choroby w chwili rozpoznania. <strong>Wczesne postacie nowotworu s\u0105 zwykle wysoko wyleczalne,<\/strong> natomiast przy bardziej zaawansowanej chorobie, zw\u0142aszcza z zaj\u0119ciem pachwinowych lub miednicznych w\u0119z\u0142\u00f3w ch\u0142onnych, rokowanie jest mniej korzystne. Du\u017ce znaczenie maj\u0105 r\u00f3wnie\u017c cechy samego guza, m.in. typ histologiczny i g\u0142\u0119boko\u015b\u0107 nacieku.<\/p>\n\n\n\n<p><strong>&gt;&gt; Zobacz: <\/strong><a href=\"https:\/\/www.alab.pl\/centrum-wiedzy\/krostki-na-penisie-co-moga-oznaczac-czerwone-lub-biale-krosty\/\"><strong>Krostki na penisie \u2013 co mog\u0105 oznacza\u0107 czerwone lub bia\u0142e krosty?<\/strong><\/a><strong><\/strong><\/p>\n\n\n\n<h2 class=\"wp-block-heading\" id=\"Profilaktyka-zachorowa\u0144-na-raka-penisa\">Profilaktyka zachorowa\u0144 na raka penisa<\/h2>\n\n\n\n<p>Profilaktyka raka pr\u0105cia polega g\u0142\u00f3wnie na ograniczaniu czynnik\u00f3w ryzyka i szybkim reagowaniu na niepokoj\u0105ce objawy. <strong>Nie istnieje powszechnie zalecany program bada\u0144 przesiewowych w kierunku raka pr\u0105cia.<\/strong> Ryzyko zachorowania mo\u017cna zmniejszy\u0107 przez:<\/p>\n\n\n\n<ul class=\"wp-block-list\">\n<li>prawid\u0142ow\u0105 higien\u0119 intymn\u0105,<\/li>\n\n\n\n<li>leczenie stulejki i przewlek\u0142ych stan\u00f3w zapalnych,<\/li>\n\n\n\n<li>ograniczanie ryzyka zaka\u017cenia HPV, w tym przez szczepienia ochronne przeciw wirusowi brodawczaka ludzkiego,<\/li>\n\n\n\n<li>ograniczanie ryzyka zaka\u017cenia HIV i innych <a href=\"https:\/\/www.alab.pl\/centrum-wiedzy\/choroby-przenoszone-droga-plciowa-choroby-weneryczne-jakie-badania-wykonac-i-jak-czesto-sie-badac\/\">chor\u00f3b przenoszonych drog\u0105 p\u0142ciow\u0105<\/a>, m.in. poprzez unikanie ryzykownych zachowa\u0144 seksualnych,<\/li>\n\n\n\n<li>niepalenie tytoniu.<\/li>\n<\/ul>\n\n\n\n<p>Warto tak\u017ce pami\u0119ta\u0107, \u017ce <strong>stany zapalne, liszaj twardzinowy czy nawracaj\u0105ce problemy z odprowadzaniem napletka nie powinny by\u0107 bagatelizowane.<\/strong> Ka\u017cda zmiana, kt\u00f3ra nie znika, nawraca lub si\u0119 powi\u0119ksza, wymaga oceny lekarza, nawet je\u015bli jest niebolesna.<\/p>\n\n\n\n<h2 class=\"wp-block-heading\" id=\"Podsumowanie\">Podsumowanie<\/h2>\n\n\n\n<p>Rak pr\u0105cia to rzadki, ale powa\u017cny nowotw\u00f3r, kt\u00f3ry najcz\u0119\u015bciej objawia si\u0119 utrzymuj\u0105c\u0105 si\u0119 zmian\u0105 na \u017co\u0142\u0119dzi lub napletku. Wczesne rozpoznanie zwi\u0119ksza szans\u0119 na leczenie oszcz\u0119dzaj\u0105ce narz\u0105d i dobre rokowanie. <strong>Kluczowe znaczenie maj\u0105 szybka diagnostyka, ocena w\u0119z\u0142\u00f3w ch\u0142onnych oraz ograniczanie czynnik\u00f3w ryzyka,<\/strong> zw\u0142aszcza zaka\u017cenia wirusem HPV, przewlek\u0142ych stan\u00f3w zapalnych i stulejki. Je\u015bli zauwa\u017cysz niepokoj\u0105c\u0105 zmian\u0119, nie zwlekaj z wizyt\u0105 u urologa i wykonaniem odpowiednich bada\u0144.<\/p>\n\n\n\n<h2 class=\"wp-block-heading\" id=\"FAQ:-najcz\u0119stsze-pytania-o-raka-pr\u0105cia\">FAQ: najcz\u0119stsze pytania o raka pr\u0105cia<\/h2>\n\n\n\n<div class=\"schema-faq wp-block-yoast-faq-block\"><div class=\"schema-faq-section\" id=\"faq-question-1777405175137\"><strong class=\"schema-faq-question\"><strong>Czy rak \u017co\u0142\u0119dzi to to samo co rak pr\u0105cia?<\/strong><\/strong> <p class=\"schema-faq-answer\">Rak \u017co\u0142\u0119dzi lub rak \u017co\u0142\u0119dzia to potoczne okre\u015blenie raka pr\u0105cia zlokalizowanego na \u017co\u0142\u0119dzi. Nie jest to odr\u0119bny typ nowotworu, ale wskazanie jego lokalizacji.<\/p> <\/div> <div class=\"schema-faq-section\" id=\"faq-question-1777405195427\"><strong class=\"schema-faq-question\"><strong>Czy rak pr\u0105cia wyst\u0119puje u dzieci?<\/strong><\/strong> <p class=\"schema-faq-answer\">Rak pr\u0105cia u dzieci nale\u017cy do skrajnej rzadko\u015bci. Nowotw\u00f3r ten rozpoznaje si\u0119 przede wszystkim u m\u0119\u017cczyzn doros\u0142ych i starszych.<\/p> <\/div> <div class=\"schema-faq-section\" id=\"faq-question-1777405211734\"><strong class=\"schema-faq-question\"><strong>W jakim wieku wzrasta zagro\u017cenie rakiem pr\u0105cia?<\/strong><\/strong> <p class=\"schema-faq-answer\">Ryzyko zwi\u0119ksza si\u0119 z wiekiem, a \u015bredni wiek rozpoznania wynosi oko\u0142o 60 lat.<\/p> <\/div> <div class=\"schema-faq-section\" id=\"faq-question-1777405227119\"><strong class=\"schema-faq-question\"><strong>Czy ka\u017cdy guzek na pr\u0105ciu to rak?<\/strong><\/strong> <p class=\"schema-faq-answer\">Nie. Guzek, owrzodzenie, zaczerwienienie czy zgrubienie mog\u0105 mie\u0107 tak\u017ce \u0142agodn\u0105 przyczyn\u0119, m.in. zapaln\u0105 czy zaka\u017an\u0105. Ka\u017cda zmiana, kt\u00f3ra nie znika, nawraca lub si\u0119 powi\u0119ksza, wymaga jednak oceny lekarskiej.<\/p> <\/div> <\/div>\n\n\n\n<hr class=\"wp-block-separator has-alpha-channel-opacity\"\/>\n\n\n\n<p><strong>Bibliografia<\/strong><\/p>\n\n\n\n<ol class=\"wp-block-list\">\n<li>EAU Guidelines. Penile cancer.<\/li>\n\n\n\n<li>Itrych B., Sikora-Kupis B., Sarosiek T. Post\u0119powanie w raku pr\u0105cia. Onkologia w Praktyce Klinicznej. 2014;10(6):314\u2013321.<\/li>\n\n\n\n<li>Krajowy Rejestr Nowotwor\u00f3w. Nowotw\u00f3r pr\u0105cia.<\/li>\n\n\n\n<li>Pettaway C.A. Carcinoma of the penis: Clinical presentation, diagnosis, and staging. UpToDate.<\/li>\n\n\n\n<li>Pettaway C.A. Carcinoma of the penis: Epidemiology, risk factors, and pathology. UpToDate.<\/li>\n\n\n\n<li>Pettaway C.A., Pagliaro L.C. Treatment of carcinoma of the penis. UpToDate.<\/li>\n\n\n\n<li>Wysocki W. Rak pr\u0105cia. Medycyna Praktyczna. Onkologia.<\/li>\n\n\n\n<li>Wyszukiwarka statystyk Krajowego Rejestru Nowotwor\u00f3w: dane dotycz\u0105ce zachorowa\u0144 na nowotw\u00f3r pr\u0105cia w Polsce.<\/li>\n<\/ol>\n","protected":false},"excerpt":{"rendered":"<p>Rak pr\u0105cia najcz\u0119\u015bciej objawia si\u0119 jako utrzymuj\u0105ca si\u0119 zmiana na sk\u00f3rze pr\u0105cia. Sprawd\u017a, jakie s\u0105 jego objawy i kto jest w grupie ryzyka.<\/p>\n","protected":false},"author":191,"featured_media":30979,"comment_status":"closed","ping_status":"closed","sticky":false,"template":"","format":"standard","meta":{"_acf_changed":false,"inline_featured_image":false,"footnotes":""},"categories":[10],"tags":[],"coauthors":[234],"class_list":{"0":"post-30977","1":"post","2":"type-post","3":"status-publish","4":"format-standard","5":"has-post-thumbnail","7":"category-choroby-nowotworowe"},"acf":[],"yoast_head":"<!-- This site is optimized with the Yoast SEO plugin v27.5 - https:\/\/yoast.com\/product\/yoast-seo-wordpress\/ -->\n<title>Rak pr\u0105cia \u2013 objawy, diagnostyka, leczenie nowotwor\u00f3w pr\u0105cia - Centrum Wiedzy ALAB laboratoria<\/title>\n<meta name=\"description\" content=\"Rak pr\u0105cia najcz\u0119\u015bciej objawia si\u0119 jako utrzymuj\u0105ca si\u0119 zmiana na sk\u00f3rze pr\u0105cia. Sprawd\u017a, jakie s\u0105 jego objawy i kto jest w grupie ryzyka.\" \/>\n<meta name=\"robots\" content=\"index, follow, max-snippet:-1, max-image-preview:large, max-video-preview:-1\" \/>\n<link rel=\"canonical\" href=\"https:\/\/www.alab.pl\/centrum-wiedzy\/rak-pracia-objawy-diagnostyka-leczenie-nowotworow-pracia\/\" \/>\n<meta property=\"og:locale\" content=\"pl_PL\" \/>\n<meta property=\"og:type\" content=\"article\" \/>\n<meta property=\"og:title\" content=\"Rak pr\u0105cia \u2013 objawy, diagnostyka, leczenie nowotwor\u00f3w pr\u0105cia - Centrum Wiedzy ALAB laboratoria\" \/>\n<meta property=\"og:description\" content=\"Rak pr\u0105cia najcz\u0119\u015bciej objawia si\u0119 jako utrzymuj\u0105ca si\u0119 zmiana na sk\u00f3rze pr\u0105cia. Sprawd\u017a, jakie s\u0105 jego objawy i kto jest w grupie ryzyka.\" \/>\n<meta property=\"og:url\" content=\"https:\/\/www.alab.pl\/centrum-wiedzy\/rak-pracia-objawy-diagnostyka-leczenie-nowotworow-pracia\/\" \/>\n<meta property=\"og:site_name\" content=\"Centrum Wiedzy ALAB laboratoria\" \/>\n<meta property=\"article:publisher\" content=\"https:\/\/www.facebook.com\/ALABlaboratoria\" \/>\n<meta property=\"article:published_time\" content=\"2026-04-29T05:30:00+00:00\" \/>\n<meta property=\"og:image\" content=\"https:\/\/www.alab.pl\/centrum-wiedzy\/wp-content\/uploads\/2026\/04\/rak_pracia.jpg\" \/>\n\t<meta property=\"og:image:width\" content=\"2000\" \/>\n\t<meta property=\"og:image:height\" content=\"1126\" \/>\n\t<meta property=\"og:image:type\" content=\"image\/jpeg\" \/>\n<meta name=\"author\" content=\"Maria Wydra\" \/>\n<meta name=\"twitter:card\" content=\"summary_large_image\" \/>\n<meta name=\"twitter:label1\" content=\"Napisane przez\" \/>\n\t<meta name=\"twitter:data1\" content=\"Maria Wydra\" \/>\n\t<meta name=\"twitter:label2\" content=\"Szacowany czas czytania\" \/>\n\t<meta name=\"twitter:data2\" content=\"11 minut\" \/>\n\t<meta name=\"twitter:label3\" content=\"Written by\" \/>\n\t<meta name=\"twitter:data3\" content=\"Maria Wydra\" \/>\n<!-- \/ Yoast SEO plugin. -->","yoast_head_json":{"title":"Rak pr\u0105cia \u2013 objawy, diagnostyka, leczenie nowotwor\u00f3w pr\u0105cia - Centrum Wiedzy ALAB laboratoria","description":"Rak pr\u0105cia najcz\u0119\u015bciej objawia si\u0119 jako utrzymuj\u0105ca si\u0119 zmiana na sk\u00f3rze pr\u0105cia. Sprawd\u017a, jakie s\u0105 jego objawy i kto jest w grupie ryzyka.","robots":{"index":"index","follow":"follow","max-snippet":"max-snippet:-1","max-image-preview":"max-image-preview:large","max-video-preview":"max-video-preview:-1"},"canonical":"https:\/\/www.alab.pl\/centrum-wiedzy\/rak-pracia-objawy-diagnostyka-leczenie-nowotworow-pracia\/","og_locale":"pl_PL","og_type":"article","og_title":"Rak pr\u0105cia \u2013 objawy, diagnostyka, leczenie nowotwor\u00f3w pr\u0105cia - Centrum Wiedzy ALAB laboratoria","og_description":"Rak pr\u0105cia najcz\u0119\u015bciej objawia si\u0119 jako utrzymuj\u0105ca si\u0119 zmiana na sk\u00f3rze pr\u0105cia. Sprawd\u017a, jakie s\u0105 jego objawy i kto jest w grupie ryzyka.","og_url":"https:\/\/www.alab.pl\/centrum-wiedzy\/rak-pracia-objawy-diagnostyka-leczenie-nowotworow-pracia\/","og_site_name":"Centrum Wiedzy ALAB laboratoria","article_publisher":"https:\/\/www.facebook.com\/ALABlaboratoria","article_published_time":"2026-04-29T05:30:00+00:00","og_image":[{"width":2000,"height":1126,"url":"https:\/\/www.alab.pl\/centrum-wiedzy\/wp-content\/uploads\/2026\/04\/rak_pracia.jpg","type":"image\/jpeg"}],"author":"Maria Wydra","twitter_card":"summary_large_image","twitter_misc":{"Napisane przez":"Maria Wydra","Szacowany czas czytania":"11 minut","Written by":"Maria Wydra"},"schema":{"@context":"https:\/\/schema.org","@graph":[{"@type":"Article","@id":"https:\/\/www.alab.pl\/centrum-wiedzy\/rak-pracia-objawy-diagnostyka-leczenie-nowotworow-pracia\/#article","isPartOf":{"@id":"https:\/\/www.alab.pl\/centrum-wiedzy\/rak-pracia-objawy-diagnostyka-leczenie-nowotworow-pracia\/"},"author":{"name":"Maria Wydra","@id":"https:\/\/www.alab.pl\/centrum-wiedzy\/#\/schema\/person\/94fd544696b53c7986f6123189cfc545"},"headline":"Rak pr\u0105cia \u2013 objawy, diagnostyka, leczenie nowotwor\u00f3w pr\u0105cia","datePublished":"2026-04-29T05:30:00+00:00","mainEntityOfPage":{"@id":"https:\/\/www.alab.pl\/centrum-wiedzy\/rak-pracia-objawy-diagnostyka-leczenie-nowotworow-pracia\/"},"wordCount":2155,"publisher":{"@id":"https:\/\/www.alab.pl\/centrum-wiedzy\/#organization"},"image":{"@id":"https:\/\/www.alab.pl\/centrum-wiedzy\/rak-pracia-objawy-diagnostyka-leczenie-nowotworow-pracia\/#primaryimage"},"thumbnailUrl":"https:\/\/www.alab.pl\/centrum-wiedzy\/wp-content\/uploads\/2026\/04\/rak_pracia.jpg","articleSection":["Choroby nowotworowe"],"inLanguage":"pl-PL"},{"@type":["WebPage","FAQPage"],"@id":"https:\/\/www.alab.pl\/centrum-wiedzy\/rak-pracia-objawy-diagnostyka-leczenie-nowotworow-pracia\/","url":"https:\/\/www.alab.pl\/centrum-wiedzy\/rak-pracia-objawy-diagnostyka-leczenie-nowotworow-pracia\/","name":"Rak pr\u0105cia \u2013 objawy, diagnostyka, leczenie nowotwor\u00f3w pr\u0105cia - Centrum Wiedzy ALAB laboratoria","isPartOf":{"@id":"https:\/\/www.alab.pl\/centrum-wiedzy\/#website"},"primaryImageOfPage":{"@id":"https:\/\/www.alab.pl\/centrum-wiedzy\/rak-pracia-objawy-diagnostyka-leczenie-nowotworow-pracia\/#primaryimage"},"image":{"@id":"https:\/\/www.alab.pl\/centrum-wiedzy\/rak-pracia-objawy-diagnostyka-leczenie-nowotworow-pracia\/#primaryimage"},"thumbnailUrl":"https:\/\/www.alab.pl\/centrum-wiedzy\/wp-content\/uploads\/2026\/04\/rak_pracia.jpg","datePublished":"2026-04-29T05:30:00+00:00","description":"Rak pr\u0105cia najcz\u0119\u015bciej objawia si\u0119 jako utrzymuj\u0105ca si\u0119 zmiana na sk\u00f3rze pr\u0105cia. Sprawd\u017a, jakie s\u0105 jego objawy i kto jest w grupie ryzyka.","breadcrumb":{"@id":"https:\/\/www.alab.pl\/centrum-wiedzy\/rak-pracia-objawy-diagnostyka-leczenie-nowotworow-pracia\/#breadcrumb"},"mainEntity":[{"@id":"https:\/\/www.alab.pl\/centrum-wiedzy\/rak-pracia-objawy-diagnostyka-leczenie-nowotworow-pracia\/#faq-question-1777405175137"},{"@id":"https:\/\/www.alab.pl\/centrum-wiedzy\/rak-pracia-objawy-diagnostyka-leczenie-nowotworow-pracia\/#faq-question-1777405195427"},{"@id":"https:\/\/www.alab.pl\/centrum-wiedzy\/rak-pracia-objawy-diagnostyka-leczenie-nowotworow-pracia\/#faq-question-1777405211734"},{"@id":"https:\/\/www.alab.pl\/centrum-wiedzy\/rak-pracia-objawy-diagnostyka-leczenie-nowotworow-pracia\/#faq-question-1777405227119"}],"inLanguage":"pl-PL","potentialAction":[{"@type":"ReadAction","target":["https:\/\/www.alab.pl\/centrum-wiedzy\/rak-pracia-objawy-diagnostyka-leczenie-nowotworow-pracia\/"]}]},{"@type":"ImageObject","inLanguage":"pl-PL","@id":"https:\/\/www.alab.pl\/centrum-wiedzy\/rak-pracia-objawy-diagnostyka-leczenie-nowotworow-pracia\/#primaryimage","url":"https:\/\/www.alab.pl\/centrum-wiedzy\/wp-content\/uploads\/2026\/04\/rak_pracia.jpg","contentUrl":"https:\/\/www.alab.pl\/centrum-wiedzy\/wp-content\/uploads\/2026\/04\/rak_pracia.jpg","width":2000,"height":1126,"caption":"rak pr\u0105cia"},{"@type":"BreadcrumbList","@id":"https:\/\/www.alab.pl\/centrum-wiedzy\/rak-pracia-objawy-diagnostyka-leczenie-nowotworow-pracia\/#breadcrumb","itemListElement":[{"@type":"ListItem","position":1,"name":"Strona g\u0142\u00f3wna","item":"https:\/\/www.alab.pl\/centrum-wiedzy\/"},{"@type":"ListItem","position":2,"name":"Rak pr\u0105cia \u2013 objawy, diagnostyka, leczenie nowotwor\u00f3w pr\u0105cia"}]},{"@type":"WebSite","@id":"https:\/\/www.alab.pl\/centrum-wiedzy\/#website","url":"https:\/\/www.alab.pl\/centrum-wiedzy\/","name":"Centrum Wiedzy ALAB laboratoria","description":"","publisher":{"@id":"https:\/\/www.alab.pl\/centrum-wiedzy\/#organization"},"potentialAction":[{"@type":"SearchAction","target":{"@type":"EntryPoint","urlTemplate":"https:\/\/www.alab.pl\/centrum-wiedzy\/?s={search_term_string}"},"query-input":{"@type":"PropertyValueSpecification","valueRequired":true,"valueName":"search_term_string"}}],"inLanguage":"pl-PL"},{"@type":"Organization","@id":"https:\/\/www.alab.pl\/centrum-wiedzy\/#organization","name":"Centrum Wiedzy ALAB laboratoria","url":"https:\/\/www.alab.pl\/centrum-wiedzy\/","logo":{"@type":"ImageObject","inLanguage":"pl-PL","@id":"https:\/\/www.alab.pl\/centrum-wiedzy\/#\/schema\/logo\/image\/","url":"https:\/\/www.alab.pl\/centrum-wiedzy\/wp-content\/uploads\/2022\/04\/alabek.jpg","contentUrl":"https:\/\/www.alab.pl\/centrum-wiedzy\/wp-content\/uploads\/2022\/04\/alabek.jpg","width":1250,"height":1251,"caption":"Centrum Wiedzy ALAB laboratoria"},"image":{"@id":"https:\/\/www.alab.pl\/centrum-wiedzy\/#\/schema\/logo\/image\/"},"sameAs":["https:\/\/www.facebook.com\/ALABlaboratoria"]},{"@type":"Person","@id":"https:\/\/www.alab.pl\/centrum-wiedzy\/#\/schema\/person\/94fd544696b53c7986f6123189cfc545","name":"Maria Wydra","image":{"@type":"ImageObject","inLanguage":"pl-PL","@id":"https:\/\/www.alab.pl\/centrum-wiedzy\/wp-content\/uploads\/2025\/08\/Maria-Wydra-150x150.jpgcdb7f42165260e2c4ffdf15c534a5afa","url":"https:\/\/www.alab.pl\/centrum-wiedzy\/wp-content\/uploads\/2025\/08\/Maria-Wydra-150x150.jpg","contentUrl":"https:\/\/www.alab.pl\/centrum-wiedzy\/wp-content\/uploads\/2025\/08\/Maria-Wydra-150x150.jpg","caption":"Maria Wydra"},"description":"Lekarka Oddzia\u0142u Chor\u00f3b Wewn\u0119trznych w Szpitalu Specjalistycznym im. Ludwika Rydygiera w Krakowie. Absolwentka Wydzia\u0142u Lekarskiego Uniwersytetu Medycznego w \u0141odzi oraz studi\u00f3w podyplomowych Zarz\u0105dzanie biznesem medycznym Szko\u0142y G\u0142\u00f3wnej Handlowej (SGH) w Warszawie. Jej zainteresowania zawodowe koncentruj\u0105 si\u0119 na zdrowiu publicznym w wymiarze lokalnym i mi\u0119dzynarodowym, ze szczeg\u00f3lnym uwzgl\u0119dnieniem profilaktyki, edukacji zdrowotnej i nowoczesnych modeli opieki. Wykszta\u0142cenie teoretyczne i do\u015bwiadczenie kliniczne poszerza\u0142a w ramach program\u00f3w akademickich oraz sta\u017cy zagranicznych m.in. w Anglii (Guy\u2019s Hospital w Londynie), Hiszpanii (Hospital Cl\u00ednico Universitario w Walencji), W\u0142oszech (Fondazione I.R.C.C.S. Policlinico San Matteo w Pavii) oraz Portugalii (Hospital Dr. N\u00e9lio Mendon\u00e7a w Funchal).","url":"https:\/\/www.alab.pl\/centrum-wiedzy\/author\/maria-wydra\/"},{"@type":"Question","@id":"https:\/\/www.alab.pl\/centrum-wiedzy\/rak-pracia-objawy-diagnostyka-leczenie-nowotworow-pracia\/#faq-question-1777405175137","position":1,"url":"https:\/\/www.alab.pl\/centrum-wiedzy\/rak-pracia-objawy-diagnostyka-leczenie-nowotworow-pracia\/#faq-question-1777405175137","name":"Czy rak \u017co\u0142\u0119dzi to to samo co rak pr\u0105cia?","answerCount":1,"acceptedAnswer":{"@type":"Answer","text":"Rak \u017co\u0142\u0119dzi lub rak \u017co\u0142\u0119dzia to potoczne okre\u015blenie raka pr\u0105cia zlokalizowanego na \u017co\u0142\u0119dzi. Nie jest to odr\u0119bny typ nowotworu, ale wskazanie jego lokalizacji.","inLanguage":"pl-PL"},"inLanguage":"pl-PL"},{"@type":"Question","@id":"https:\/\/www.alab.pl\/centrum-wiedzy\/rak-pracia-objawy-diagnostyka-leczenie-nowotworow-pracia\/#faq-question-1777405195427","position":2,"url":"https:\/\/www.alab.pl\/centrum-wiedzy\/rak-pracia-objawy-diagnostyka-leczenie-nowotworow-pracia\/#faq-question-1777405195427","name":"Czy rak pr\u0105cia wyst\u0119puje u dzieci?","answerCount":1,"acceptedAnswer":{"@type":"Answer","text":"Rak pr\u0105cia u dzieci nale\u017cy do skrajnej rzadko\u015bci. Nowotw\u00f3r ten rozpoznaje si\u0119 przede wszystkim u m\u0119\u017cczyzn doros\u0142ych i starszych.","inLanguage":"pl-PL"},"inLanguage":"pl-PL"},{"@type":"Question","@id":"https:\/\/www.alab.pl\/centrum-wiedzy\/rak-pracia-objawy-diagnostyka-leczenie-nowotworow-pracia\/#faq-question-1777405211734","position":3,"url":"https:\/\/www.alab.pl\/centrum-wiedzy\/rak-pracia-objawy-diagnostyka-leczenie-nowotworow-pracia\/#faq-question-1777405211734","name":"W jakim wieku wzrasta zagro\u017cenie rakiem pr\u0105cia?","answerCount":1,"acceptedAnswer":{"@type":"Answer","text":"Ryzyko zwi\u0119ksza si\u0119 z wiekiem, a \u015bredni wiek rozpoznania wynosi oko\u0142o 60 lat.","inLanguage":"pl-PL"},"inLanguage":"pl-PL"},{"@type":"Question","@id":"https:\/\/www.alab.pl\/centrum-wiedzy\/rak-pracia-objawy-diagnostyka-leczenie-nowotworow-pracia\/#faq-question-1777405227119","position":4,"url":"https:\/\/www.alab.pl\/centrum-wiedzy\/rak-pracia-objawy-diagnostyka-leczenie-nowotworow-pracia\/#faq-question-1777405227119","name":"Czy ka\u017cdy guzek na pr\u0105ciu to rak?","answerCount":1,"acceptedAnswer":{"@type":"Answer","text":"Nie. Guzek, owrzodzenie, zaczerwienienie czy zgrubienie mog\u0105 mie\u0107 tak\u017ce \u0142agodn\u0105 przyczyn\u0119, m.in. zapaln\u0105 czy zaka\u017an\u0105. Ka\u017cda zmiana, kt\u00f3ra nie znika, nawraca lub si\u0119 powi\u0119ksza, wymaga jednak oceny lekarskiej.","inLanguage":"pl-PL"},"inLanguage":"pl-PL"}]}},"_links":{"self":[{"href":"https:\/\/www.alab.pl\/centrum-wiedzy\/wp-json\/wp\/v2\/posts\/30977","targetHints":{"allow":["GET"]}}],"collection":[{"href":"https:\/\/www.alab.pl\/centrum-wiedzy\/wp-json\/wp\/v2\/posts"}],"about":[{"href":"https:\/\/www.alab.pl\/centrum-wiedzy\/wp-json\/wp\/v2\/types\/post"}],"author":[{"embeddable":true,"href":"https:\/\/www.alab.pl\/centrum-wiedzy\/wp-json\/wp\/v2\/users\/191"}],"replies":[{"embeddable":true,"href":"https:\/\/www.alab.pl\/centrum-wiedzy\/wp-json\/wp\/v2\/comments?post=30977"}],"version-history":[{"count":3,"href":"https:\/\/www.alab.pl\/centrum-wiedzy\/wp-json\/wp\/v2\/posts\/30977\/revisions"}],"predecessor-version":[{"id":30982,"href":"https:\/\/www.alab.pl\/centrum-wiedzy\/wp-json\/wp\/v2\/posts\/30977\/revisions\/30982"}],"wp:featuredmedia":[{"embeddable":true,"href":"https:\/\/www.alab.pl\/centrum-wiedzy\/wp-json\/wp\/v2\/media\/30979"}],"wp:attachment":[{"href":"https:\/\/www.alab.pl\/centrum-wiedzy\/wp-json\/wp\/v2\/media?parent=30977"}],"wp:term":[{"taxonomy":"category","embeddable":true,"href":"https:\/\/www.alab.pl\/centrum-wiedzy\/wp-json\/wp\/v2\/categories?post=30977"},{"taxonomy":"post_tag","embeddable":true,"href":"https:\/\/www.alab.pl\/centrum-wiedzy\/wp-json\/wp\/v2\/tags?post=30977"},{"taxonomy":"author","embeddable":true,"href":"https:\/\/www.alab.pl\/centrum-wiedzy\/wp-json\/wp\/v2\/coauthors?post=30977"}],"curies":[{"name":"wp","href":"https:\/\/api.w.org\/{rel}","templated":true}]}}