{"id":30998,"date":"2026-04-29T18:35:38","date_gmt":"2026-04-29T16:35:38","guid":{"rendered":"https:\/\/www.alab.pl\/centrum-wiedzy\/?p=30998"},"modified":"2026-04-29T18:35:48","modified_gmt":"2026-04-29T16:35:48","slug":"cialo-modzelowate-czym-jest-i-jaka-pelni-funkcje-jakie-zmiany-moga-dotyczyc-ciala-modzelowatego","status":"publish","type":"post","link":"https:\/\/www.alab.pl\/centrum-wiedzy\/cialo-modzelowate-czym-jest-i-jaka-pelni-funkcje-jakie-zmiany-moga-dotyczyc-ciala-modzelowatego\/","title":{"rendered":"Cia\u0142o modzelowate \u2013 czym jest i jak\u0105 pe\u0142ni funkcj\u0119? Jakie zmiany mog\u0105 dotyczy\u0107 cia\u0142a modzelowatego?"},"content":{"rendered":"\n<p><strong>Cia\u0142o modzelowate to jedna z kluczowych struktur m\u00f3zgu, odpowiedzialna za komunikacj\u0119 mi\u0119dzy p\u00f3\u0142kulami. Cho\u0107 na co dzie\u0144 nie zastanawiamy si\u0119 nad jego rol\u0105, jego prawid\u0142owe funkcjonowanie ma ogromne znaczenie dla wielu proces\u00f3w zachodz\u0105cych w o\u015brodkowym uk\u0142adzie nerwowym.<\/strong><\/p>\n\n\n\n<figure class=\"wp-block-table\"><table class=\"has-fixed-layout\"><tbody><tr><td><strong>Z artyku\u0142u dowiesz si\u0119:<\/strong> \u00a0 <br>>> jaka jest budowa anatomiczna cia\u0142a modzelowatego, <br>>> jakie s\u0105 szczeg\u00f3\u0142owe funkcje cia\u0142a modzelowatego \u2013 od integracji bod\u017ac\u00f3w sensorycznych po udzia\u0142 w procesach poznawczych i emocjonalnych, <br>>> jakie mog\u0105 by\u0107 przyczyny jego uszkodze\u0144, <br>>> jakie objawy mog\u0105 si\u0119 pojawi\u0107, <br>>> czym jest agenezja cia\u0142a modzelowatego. \u00a0<\/td><\/tr><\/tbody><\/table><\/figure>\n\n\n\n<p><strong>Spis tre\u015bci:<\/strong><\/p>\n\n\n\n<ol start=\"1\" class=\"wp-block-list\">\n<li><a href=\"#Cia\u0142o-modzelowate-\u2013-co-to-jest?\">Cia\u0142o modzelowate \u2013 co to jest?<\/a><\/li>\n\n\n\n<li><a href=\"#Budowa-cia\u0142a-modzelowatego\">Budowa cia\u0142a modzelowatego<\/a><\/li>\n\n\n\n<li><a href=\"#Funkcje-cia\u0142a-modzelowatego\">Funkcje cia\u0142a modzelowatego<\/a><\/li>\n\n\n\n<li><a href=\"#Mo\u017cliwe-przyczyny-uszkodzenia-cia\u0142a-modzelowatego\">Mo\u017cliwe przyczyny uszkodzenia cia\u0142a modzelowatego<\/a><\/li>\n\n\n\n<li><a href=\"#Objawy-uszkodzenia-cia\u0142a-modzelowatego\">Objawy uszkodzenia cia\u0142a modzelowatego<\/a><\/li>\n\n\n\n<li><a href=\"#Brak-cia\u0142a-modzelowatego-\u2013-czym-jest-agenezja-cia\u0142ka-modzelowatego?\">Brak cia\u0142a modzelowatego \u2013 czym jest agenezja cia\u0142ka modzelowatego?<\/a><\/li>\n\n\n\n<li><a href=\"#Diagnostyka-zmian-w-obr\u0119bie-cia\u0142a-modzelowatego\">Diagnostyka zmian w obr\u0119bie cia\u0142a modzelowatego<\/a><\/li>\n\n\n\n<li><a href=\"#Czy-uszkodzenie-cia\u0142a-modzelowatego-jest-odwracalne?\">Czy uszkodzenie cia\u0142a modzelowatego jest odwracalne?<\/a><\/li>\n\n\n\n<li><a href=\"#Podsumowanie\">Podsumowanie<\/a><\/li>\n<\/ol>\n\n\n\n<h2 class=\"wp-block-heading\" id=\"Cia\u0142o-modzelowate-\u2013-co-to-jest?\">Cia\u0142o modzelowate \u2013 co to jest?<\/h2>\n\n\n\n<p>Cia\u0142o modzelowate (\u0142ac. <em>corpus callosum<\/em>) to <strong>najwi\u0119ksza struktura w\u0142\u00f3kien nerwowych w <\/strong><a href=\"https:\/\/www.alab.pl\/centrum-wiedzy\/mozg-budowa-funkcje-dzialanie-ludzkiego-mozgu\/\"><strong>m\u00f3zgu<\/strong><\/a>, nale\u017c\u0105ca do tzw. spoid\u0142a wielkiego. \u0141\u0105czy ono praw\u0105 i lew\u0105 p\u00f3\u0142kul\u0119 m\u00f3zgow\u0105, umo\u017cliwiaj\u0105c ich wzajemn\u0105 komunikacj\u0119. Sk\u0142ada si\u0119 z milion\u00f3w akson\u00f3w, czyli wypustek neuron\u00f3w, kt\u00f3re przewodz\u0105 impulsy nerwowe. Dzi\u0119ki temu informacje przetwarzane w jednej p\u00f3\u0142kuli mog\u0105 by\u0107 natychmiast przekazywane do drugiej. Bez tej struktury wsp\u00f3\u0142praca p\u00f3\u0142kul by\u0142aby znacznie ograniczona, co wp\u0142ywa\u0142oby na funkcjonowanie ca\u0142ego organizmu.<\/p>\n\n\n\n<h2 class=\"wp-block-heading\" id=\"Budowa-cia\u0142a-modzelowatego\">Budowa cia\u0142a modzelowatego<\/h2>\n\n\n\n<p>Cia\u0142o modzelowate ma charakterystyczny \u0142ukowaty kszta\u0142t i dzieli si\u0119 na kilka cz\u0119\u015bci:<\/p>\n\n\n\n<ul class=\"wp-block-list\">\n<li>dzi\u00f3b\u00a0 \u2013 przednia, dolna cz\u0119\u015b\u0107,<\/li>\n\n\n\n<li>kolano \u2013 przednia, zgi\u0119ta cz\u0119\u015b\u0107,<\/li>\n\n\n\n<li>trzon \u2013 \u015brodkowy odcinek,<\/li>\n\n\n\n<li>p\u0142at \u2013 tylna cz\u0119\u015b\u0107.<\/li>\n<\/ul>\n\n\n\n<p>Ka\u017cda z tych cz\u0119\u015bci odpowiada za po\u0142\u0105czenia mi\u0119dzy r\u00f3\u017cnymi obszarami kory m\u00f3zgowej. Na przyk\u0142ad przednie cz\u0119\u015bci \u0142\u0105cz\u0105 obszary czo\u0142owe, natomiast tylne \u2013 potyliczne i skroniowe. Struktura ta rozwija si\u0119 intensywnie w \u017cyciu p\u0142odowym i wczesnym dzieci\u0144stwie, a jej dojrzewanie trwa nawet do okresu doros\u0142o\u015bci.<\/p>\n\n\n\n<h2 class=\"wp-block-heading\" id=\"Funkcje-cia\u0142a-modzelowatego\">Funkcje cia\u0142a modzelowatego<\/h2>\n\n\n\n<p>Cia\u0142o modzelowate pe\u0142ni bardzo istotn\u0105 rol\u0119 w integrowaniu pracy obu p\u00f3\u0142kul m\u00f3zgowych. Jego funkcje s\u0105 niezwykle istotne i obejmuj\u0105:<\/p>\n\n\n\n<ul class=\"wp-block-list\">\n<li><strong>integracj\u0119 informacji sensorycznych<\/strong> \u2013 umo\u017cliwia \u0142\u0105czenie bod\u017ac\u00f3w odbieranych przez obie p\u00f3\u0142kule,<\/li>\n\n\n\n<li><strong>koordynacj\u0119 ruchow\u0105<\/strong> \u2013 pozwala na synchronizacj\u0119 ruch\u00f3w obu stron cia\u0142a,<\/li>\n\n\n\n<li><strong>przetwarzanie informacji poznawczych<\/strong> \u2013 wspiera pami\u0119\u0107, uwag\u0119 i my\u015blenie,<\/li>\n\n\n\n<li><strong>regulacj\u0119 emocji<\/strong> \u2013 umo\u017cliwia wsp\u00f3\u0142prac\u0119 struktur limbicznych obu p\u00f3\u0142kul.<\/li>\n<\/ul>\n\n\n\n<figure class=\"wp-block-table\"><table class=\"has-fixed-layout\"><tbody><tr><td><strong>Przyk\u0142ad:<\/strong> <br>Funkcje tej struktury s\u0105 szczeg\u00f3lnie widoczne w zadaniach wymagaj\u0105cych wsp\u00f3\u0142pracy obu p\u00f3\u0142kul, np. podczas czytania, pisania czy rozwi\u0105zywania problem\u00f3w.<\/td><\/tr><\/tbody><\/table><\/figure>\n\n\n\n<h2 class=\"wp-block-heading\" id=\"Mo\u017cliwe-przyczyny-uszkodzenia-cia\u0142a-modzelowatego\">Mo\u017cliwe przyczyny uszkodzenia cia\u0142a modzelowatego<\/h2>\n\n\n\n<p>Do uszkodze\u0144 cia\u0142a modzelowatego mo\u017ce dochodzi\u0107 w wyniku r\u00f3\u017cnych czynnik\u00f3w, takich jak:<\/p>\n\n\n\n<ul class=\"wp-block-list\">\n<li>urazy czaszkowo-m\u00f3zgowe,<\/li>\n\n\n\n<li>choroby neurodegeneracyjne (np. <a href=\"https:\/\/www.alab.pl\/centrum-wiedzy\/stwardnienie-rozsiane-grozna-i-podstepna-choroba\/\">stwardnienie rozsiane<\/a>),<\/li>\n\n\n\n<li><a href=\"https:\/\/www.alab.pl\/centrum-wiedzy\/udar-mozgu-objawy-przyczyny-pierwsza-pomoc-i-profilaktyka\/\">udary m\u00f3zgu<\/a>,<\/li>\n\n\n\n<li>guzy m\u00f3zgu,<\/li>\n\n\n\n<li>infekcje uk\u0142adu nerwowego,<\/li>\n\n\n\n<li>zaburzenia rozwojowe.<\/li>\n<\/ul>\n\n\n\n<p>Szczeg\u00f3lnie podatne na uszkodzenia s\u0105 w\u0142\u00f3kna w tylnej cz\u0119\u015bci cia\u0142a modzelowatego, co wynika z ich budowy i ukrwienia.<\/p>\n\n\n\n<h2 class=\"wp-block-heading\" id=\"Objawy-uszkodzenia-cia\u0142a-modzelowatego\">Objawy uszkodzenia cia\u0142a modzelowatego<\/h2>\n\n\n\n<p>Objawy zale\u017c\u0105 od lokalizacji i rozleg\u0142o\u015bci uszkodzenia. Najcz\u0119\u015bciej obserwuje si\u0119:<\/p>\n\n\n\n<ul class=\"wp-block-list\">\n<li>trudno\u015bci w koordynacji ruch\u00f3w obu r\u0105k,<\/li>\n\n\n\n<li>problemy z mow\u0105 i rozumieniem,<\/li>\n\n\n\n<li>zaburzenia pami\u0119ci,<\/li>\n\n\n\n<li>trudno\u015bci w wykonywaniu z\u0142o\u017conych czynno\u015bci,<\/li>\n\n\n\n<li>zmiany w zachowaniu i emocjach.<\/li>\n<\/ul>\n\n\n\n<p>Charakterystycznym objawem mo\u017ce by\u0107 tak\u017ce brak mo\u017cliwo\u015bci nazwania przedmiotu trzymanego w lewej r\u0119ce (przy zamkni\u0119tych oczach), co wynika z braku przekazu informacji do lewej p\u00f3\u0142kuli odpowiedzialnej za mow\u0119.<\/p>\n\n\n\n<p><strong>&gt;&gt; Mo\u017ce Ci\u0119 zainteresowa\u0107: <a href=\"https:\/\/www.alab.pl\/centrum-wiedzy\/czym-jest-afazja-objawy-rodzaje-przyczyny-i-diagnostyka\/\">Czym jest afazja? Objawy, rodzaje, przyczyny i diagnostyka<\/a><\/strong><strong><\/strong><\/p>\n\n\n\n<h2 class=\"wp-block-heading\" id=\"Brak-cia\u0142a-modzelowatego-\u2013-czym-jest-agenezja-cia\u0142ka-modzelowatego?\">Brak cia\u0142a modzelowatego \u2013 czym jest agenezja cia\u0142ka modzelowatego?<\/h2>\n\n\n\n<p>Agenezja cia\u0142a modzelowatego to wrodzony brak tej struktury lub jej cz\u0119\u015bci. Mo\u017ce wyst\u0119powa\u0107 jako izolowana wada lub towarzyszy\u0107 innym zaburzeniom rozwojowym. Objawy s\u0105 bardzo zr\u00f3\u017cnicowane \u2013 od braku widocznych problem\u00f3w po powa\u017cne zaburzenia neurologiczne i intelektualne. W wielu przypadkach m\u00f3zg cz\u0119\u015bciowo kompensuje brak tej struktury poprzez inne po\u0142\u0105czenia nerwowe.<\/p>\n\n\n\n<h2 class=\"wp-block-heading\" id=\"Diagnostyka-zmian-w-obr\u0119bie-cia\u0142a-modzelowatego\">Diagnostyka zmian w obr\u0119bie cia\u0142a modzelowatego<\/h2>\n\n\n\n<p>Podstawow\u0105 metod\u0105 diagnostyczn\u0105 jest rezonans magnetyczny (MRI), kt\u00f3ry pozwala dok\u0142adnie oceni\u0107 struktur\u0119 m\u00f3zgu.<\/p>\n\n\n\n<p>Dodatkowo stosuje si\u0119:<\/p>\n\n\n\n<ul class=\"wp-block-list\">\n<li>tomografi\u0119 komputerow\u0105 (CT),<\/li>\n\n\n\n<li>badania neuropsychologiczne,<\/li>\n\n\n\n<li>testy neurologiczne.<\/li>\n<\/ul>\n\n\n\n<h2 class=\"wp-block-heading\" id=\"Czy-uszkodzenie-cia\u0142a-modzelowatego-jest-odwracalne?\">Czy uszkodzenie cia\u0142a modzelowatego jest odwracalne?<\/h2>\n\n\n\n<p>Mo\u017cliwo\u015b\u0107 odwr\u00f3cenia uszkodze\u0144 zale\u017cy od ich przyczyny i stopnia zaawansowania. W przypadku uraz\u00f3w lub stan\u00f3w zapalnych mo\u017cliwa jest cz\u0119\u015bciowa regeneracja. W chorobach neurodegeneracyjnych proces jest zazwyczaj post\u0119puj\u0105cy. U dzieci m\u00f3zg wykazuje wi\u0119ksz\u0105 plastyczno\u015b\u0107, co zwi\u0119ksza szanse na kompensacj\u0119 funkcji. Rehabilitacja neurologiczna i terapia poznawcza mog\u0105 znacz\u0105co poprawi\u0107 funkcjonowanie pacjent\u00f3w.<\/p>\n\n\n\n<h2 class=\"wp-block-heading\" id=\"Podsumowanie\">Podsumowanie<\/h2>\n\n\n\n<p>Cia\u0142o modzelowate odgrywa kluczow\u0105 rol\u0119 w integracji pracy obu p\u00f3\u0142kul m\u00f3zgu, wp\u0142ywaj\u0105c na nasze zdolno\u015bci poznawcze, ruchowe i emocjonalne. Jego uszkodzenia mog\u0105 prowadzi\u0107 do r\u00f3\u017cnorodnych objaw\u00f3w, dlatego tak wa\u017cna jest szybka diagnostyka i odpowiednia terapia. Je\u015bli zauwa\u017casz niepokoj\u0105ce objawy neurologiczne sugeruj\u0105ce uszkodzenie cia\u0142a modzelowatego, nie lekcewa\u017c spostrze\u017ce\u0144, skonsultuj si\u0119 ze specjalist\u0105.<\/p>\n\n\n\n<hr class=\"wp-block-separator has-alpha-channel-opacity\"\/>\n\n\n\n<p><strong>\u0179r\u00f3d\u0142a<\/strong><\/p>\n\n\n\n<ol class=\"wp-block-list\">\n<li>Mooshagian E. Anatomy of the corpus callosum reveals its function. J Neurosci. 2008 Feb 13;28(7):1535-6. doi: 10.1523\/JNEUROSCI.5426-07.2008. PMID: 18272674; PMCID: PMC6671538.<br>https:\/\/pmc.ncbi.nlm.nih.gov\/articles\/PMC6671538\/ (dost\u0119p: 31.03.2026 r.)<\/li>\n\n\n\n<li>Schulte T, M\u00fcller-Oehring EM. Contribution of callosal connections to the interhemispheric integration of visuomotor and cognitive processes. Neuropsychol Rev. 2010 Jun;20(2):174-90. doi: 10.1007\/s11065-010-9130-1. Epub 2010 Apr 17. PMID: 20411431; PMCID: PMC3442602.<br>https:\/\/pmc.ncbi.nlm.nih.gov\/articles\/PMC3442602\/ (dost\u0119p: 31.03.2026 r.)<\/li>\n\n\n\n<li>Park SE, Choi DS, Shin HS, Baek HJ, Choi HC, Kim JE, Choi HY, Park MJ. Splenial Lesions of the Corpus Callosum: Disease Spectrum and MRI Findings. Korean J Radiol. 2017 Jul-Aug;18(4):710-721. doi: 10.3348\/kjr.2017.18.4.710. Epub 2017 May 19. PMID: 28670166; PMCID: PMC5447647.<br>https:\/\/pmc.ncbi.nlm.nih.gov\/articles\/PMC5447647\/ (dost\u0119p: 31.03.2026 r.)<\/li>\n\n\n\n<li>Saurya S, Dhamija B, Sharma S, Singh RS, Ks P, Kumar S, Siddhant K, Haque S. MRI Evaluation of Corpus Callosum Malformation and Associated Anomalies: A Retrospective Cross-Sectional Study. Cureus. 2024 Oct 6;16(10):e70924. doi: 10.7759\/cureus.70924. PMID: 39502996; PMCID: PMC11536608.<br>https:\/\/pmc.ncbi.nlm.nih.gov\/articles\/PMC11536608\/ (dost\u0119p: 31.03.2026 r.)<\/li>\n<\/ol>\n\n\n\n<p><\/p>\n","protected":false},"excerpt":{"rendered":"<p>Cia\u0142o modzelowate to jedna z kluczowych struktur m\u00f3zgu, odpowiedzialna za komunikacj\u0119 mi\u0119dzy p\u00f3\u0142kulami. Dowiedz si\u0119 wi\u0119cej.<\/p>\n","protected":false},"author":154,"featured_media":30482,"comment_status":"closed","ping_status":"closed","sticky":false,"template":"","format":"standard","meta":{"_acf_changed":false,"inline_featured_image":false,"footnotes":""},"categories":[13],"tags":[],"coauthors":[151],"class_list":{"0":"post-30998","1":"post","2":"type-post","3":"status-publish","4":"format-standard","5":"has-post-thumbnail","7":"category-choroby-ukladu-nerwowego"},"acf":[],"yoast_head":"<!-- This site is optimized with the Yoast SEO plugin v27.5 - https:\/\/yoast.com\/product\/yoast-seo-wordpress\/ -->\n<title>Cia\u0142o modzelowate \u2013 czym jest i jak\u0105 pe\u0142ni funkcj\u0119? - Centrum Wiedzy ALAB laboratoria<\/title>\n<meta name=\"description\" content=\"Cia\u0142o modzelowate to jedna z kluczowych struktur m\u00f3zgu, odpowiedzialna za komunikacj\u0119 mi\u0119dzy p\u00f3\u0142kulami. Dowiedz si\u0119 wi\u0119cej.\" \/>\n<meta name=\"robots\" content=\"index, follow, max-snippet:-1, max-image-preview:large, max-video-preview:-1\" \/>\n<link rel=\"canonical\" href=\"https:\/\/www.alab.pl\/centrum-wiedzy\/cialo-modzelowate-czym-jest-i-jaka-pelni-funkcje-jakie-zmiany-moga-dotyczyc-ciala-modzelowatego\/\" \/>\n<meta property=\"og:locale\" content=\"pl_PL\" \/>\n<meta property=\"og:type\" content=\"article\" \/>\n<meta property=\"og:title\" content=\"Cia\u0142o modzelowate \u2013 czym jest i jak\u0105 pe\u0142ni funkcj\u0119? - Centrum Wiedzy ALAB laboratoria\" \/>\n<meta property=\"og:description\" content=\"Cia\u0142o modzelowate to jedna z kluczowych struktur m\u00f3zgu, odpowiedzialna za komunikacj\u0119 mi\u0119dzy p\u00f3\u0142kulami. Dowiedz si\u0119 wi\u0119cej.\" \/>\n<meta property=\"og:url\" content=\"https:\/\/www.alab.pl\/centrum-wiedzy\/cialo-modzelowate-czym-jest-i-jaka-pelni-funkcje-jakie-zmiany-moga-dotyczyc-ciala-modzelowatego\/\" \/>\n<meta property=\"og:site_name\" content=\"Centrum Wiedzy ALAB laboratoria\" \/>\n<meta property=\"article:publisher\" content=\"https:\/\/www.facebook.com\/ALABlaboratoria\" \/>\n<meta property=\"article:published_time\" content=\"2026-04-29T16:35:38+00:00\" \/>\n<meta property=\"article:modified_time\" content=\"2026-04-29T16:35:48+00:00\" \/>\n<meta property=\"og:image\" content=\"https:\/\/www.alab.pl\/centrum-wiedzy\/wp-content\/uploads\/2026\/03\/Cialo_modzelowate_cover_4.jpg\" \/>\n\t<meta property=\"og:image:width\" content=\"1925\" \/>\n\t<meta property=\"og:image:height\" content=\"1285\" \/>\n\t<meta property=\"og:image:type\" content=\"image\/jpeg\" \/>\n<meta name=\"author\" content=\"Damian Matusiak\" \/>\n<meta name=\"twitter:card\" content=\"summary_large_image\" \/>\n<meta name=\"twitter:label1\" content=\"Napisane przez\" \/>\n\t<meta name=\"twitter:data1\" content=\"Damian Matusiak\" \/>\n\t<meta name=\"twitter:label2\" content=\"Szacowany czas czytania\" \/>\n\t<meta name=\"twitter:data2\" content=\"6 minut\" \/>\n\t<meta name=\"twitter:label3\" content=\"Written by\" \/>\n\t<meta name=\"twitter:data3\" content=\"Damian Matusiak\" \/>\n<!-- \/ Yoast SEO plugin. -->","yoast_head_json":{"title":"Cia\u0142o modzelowate \u2013 czym jest i jak\u0105 pe\u0142ni funkcj\u0119? - Centrum Wiedzy ALAB laboratoria","description":"Cia\u0142o modzelowate to jedna z kluczowych struktur m\u00f3zgu, odpowiedzialna za komunikacj\u0119 mi\u0119dzy p\u00f3\u0142kulami. Dowiedz si\u0119 wi\u0119cej.","robots":{"index":"index","follow":"follow","max-snippet":"max-snippet:-1","max-image-preview":"max-image-preview:large","max-video-preview":"max-video-preview:-1"},"canonical":"https:\/\/www.alab.pl\/centrum-wiedzy\/cialo-modzelowate-czym-jest-i-jaka-pelni-funkcje-jakie-zmiany-moga-dotyczyc-ciala-modzelowatego\/","og_locale":"pl_PL","og_type":"article","og_title":"Cia\u0142o modzelowate \u2013 czym jest i jak\u0105 pe\u0142ni funkcj\u0119? - Centrum Wiedzy ALAB laboratoria","og_description":"Cia\u0142o modzelowate to jedna z kluczowych struktur m\u00f3zgu, odpowiedzialna za komunikacj\u0119 mi\u0119dzy p\u00f3\u0142kulami. Dowiedz si\u0119 wi\u0119cej.","og_url":"https:\/\/www.alab.pl\/centrum-wiedzy\/cialo-modzelowate-czym-jest-i-jaka-pelni-funkcje-jakie-zmiany-moga-dotyczyc-ciala-modzelowatego\/","og_site_name":"Centrum Wiedzy ALAB laboratoria","article_publisher":"https:\/\/www.facebook.com\/ALABlaboratoria","article_published_time":"2026-04-29T16:35:38+00:00","article_modified_time":"2026-04-29T16:35:48+00:00","og_image":[{"width":1925,"height":1285,"url":"https:\/\/www.alab.pl\/centrum-wiedzy\/wp-content\/uploads\/2026\/03\/Cialo_modzelowate_cover_4.jpg","type":"image\/jpeg"}],"author":"Damian Matusiak","twitter_card":"summary_large_image","twitter_misc":{"Napisane przez":"Damian Matusiak","Szacowany czas czytania":"6 minut","Written by":"Damian Matusiak"},"schema":{"@context":"https:\/\/schema.org","@graph":[{"@type":"Article","@id":"https:\/\/www.alab.pl\/centrum-wiedzy\/cialo-modzelowate-czym-jest-i-jaka-pelni-funkcje-jakie-zmiany-moga-dotyczyc-ciala-modzelowatego\/#article","isPartOf":{"@id":"https:\/\/www.alab.pl\/centrum-wiedzy\/cialo-modzelowate-czym-jest-i-jaka-pelni-funkcje-jakie-zmiany-moga-dotyczyc-ciala-modzelowatego\/"},"author":{"name":"Damian Matusiak","@id":"https:\/\/www.alab.pl\/centrum-wiedzy\/#\/schema\/person\/5709fe1c1c909754033072d7f8155a44"},"headline":"Cia\u0142o modzelowate \u2013 czym jest i jak\u0105 pe\u0142ni funkcj\u0119? Jakie zmiany mog\u0105 dotyczy\u0107 cia\u0142a modzelowatego?","datePublished":"2026-04-29T16:35:38+00:00","dateModified":"2026-04-29T16:35:48+00:00","mainEntityOfPage":{"@id":"https:\/\/www.alab.pl\/centrum-wiedzy\/cialo-modzelowate-czym-jest-i-jaka-pelni-funkcje-jakie-zmiany-moga-dotyczyc-ciala-modzelowatego\/"},"wordCount":1032,"publisher":{"@id":"https:\/\/www.alab.pl\/centrum-wiedzy\/#organization"},"image":{"@id":"https:\/\/www.alab.pl\/centrum-wiedzy\/cialo-modzelowate-czym-jest-i-jaka-pelni-funkcje-jakie-zmiany-moga-dotyczyc-ciala-modzelowatego\/#primaryimage"},"thumbnailUrl":"https:\/\/www.alab.pl\/centrum-wiedzy\/wp-content\/uploads\/2026\/03\/Cialo_modzelowate_cover_4.jpg","articleSection":["Choroby uk\u0142adu nerwowego"],"inLanguage":"pl-PL"},{"@type":"WebPage","@id":"https:\/\/www.alab.pl\/centrum-wiedzy\/cialo-modzelowate-czym-jest-i-jaka-pelni-funkcje-jakie-zmiany-moga-dotyczyc-ciala-modzelowatego\/","url":"https:\/\/www.alab.pl\/centrum-wiedzy\/cialo-modzelowate-czym-jest-i-jaka-pelni-funkcje-jakie-zmiany-moga-dotyczyc-ciala-modzelowatego\/","name":"Cia\u0142o modzelowate \u2013 czym jest i jak\u0105 pe\u0142ni funkcj\u0119? - Centrum Wiedzy ALAB laboratoria","isPartOf":{"@id":"https:\/\/www.alab.pl\/centrum-wiedzy\/#website"},"primaryImageOfPage":{"@id":"https:\/\/www.alab.pl\/centrum-wiedzy\/cialo-modzelowate-czym-jest-i-jaka-pelni-funkcje-jakie-zmiany-moga-dotyczyc-ciala-modzelowatego\/#primaryimage"},"image":{"@id":"https:\/\/www.alab.pl\/centrum-wiedzy\/cialo-modzelowate-czym-jest-i-jaka-pelni-funkcje-jakie-zmiany-moga-dotyczyc-ciala-modzelowatego\/#primaryimage"},"thumbnailUrl":"https:\/\/www.alab.pl\/centrum-wiedzy\/wp-content\/uploads\/2026\/03\/Cialo_modzelowate_cover_4.jpg","datePublished":"2026-04-29T16:35:38+00:00","dateModified":"2026-04-29T16:35:48+00:00","description":"Cia\u0142o modzelowate to jedna z kluczowych struktur m\u00f3zgu, odpowiedzialna za komunikacj\u0119 mi\u0119dzy p\u00f3\u0142kulami. Dowiedz si\u0119 wi\u0119cej.","breadcrumb":{"@id":"https:\/\/www.alab.pl\/centrum-wiedzy\/cialo-modzelowate-czym-jest-i-jaka-pelni-funkcje-jakie-zmiany-moga-dotyczyc-ciala-modzelowatego\/#breadcrumb"},"inLanguage":"pl-PL","potentialAction":[{"@type":"ReadAction","target":["https:\/\/www.alab.pl\/centrum-wiedzy\/cialo-modzelowate-czym-jest-i-jaka-pelni-funkcje-jakie-zmiany-moga-dotyczyc-ciala-modzelowatego\/"]}]},{"@type":"ImageObject","inLanguage":"pl-PL","@id":"https:\/\/www.alab.pl\/centrum-wiedzy\/cialo-modzelowate-czym-jest-i-jaka-pelni-funkcje-jakie-zmiany-moga-dotyczyc-ciala-modzelowatego\/#primaryimage","url":"https:\/\/www.alab.pl\/centrum-wiedzy\/wp-content\/uploads\/2026\/03\/Cialo_modzelowate_cover_4.jpg","contentUrl":"https:\/\/www.alab.pl\/centrum-wiedzy\/wp-content\/uploads\/2026\/03\/Cialo_modzelowate_cover_4.jpg","width":1925,"height":1285,"caption":"Cialo_modzelowate_cover"},{"@type":"BreadcrumbList","@id":"https:\/\/www.alab.pl\/centrum-wiedzy\/cialo-modzelowate-czym-jest-i-jaka-pelni-funkcje-jakie-zmiany-moga-dotyczyc-ciala-modzelowatego\/#breadcrumb","itemListElement":[{"@type":"ListItem","position":1,"name":"Strona g\u0142\u00f3wna","item":"https:\/\/www.alab.pl\/centrum-wiedzy\/"},{"@type":"ListItem","position":2,"name":"Cia\u0142o modzelowate \u2013 czym jest i jak\u0105 pe\u0142ni funkcj\u0119? Jakie zmiany mog\u0105 dotyczy\u0107 cia\u0142a modzelowatego?"}]},{"@type":"WebSite","@id":"https:\/\/www.alab.pl\/centrum-wiedzy\/#website","url":"https:\/\/www.alab.pl\/centrum-wiedzy\/","name":"Centrum Wiedzy ALAB laboratoria","description":"","publisher":{"@id":"https:\/\/www.alab.pl\/centrum-wiedzy\/#organization"},"potentialAction":[{"@type":"SearchAction","target":{"@type":"EntryPoint","urlTemplate":"https:\/\/www.alab.pl\/centrum-wiedzy\/?s={search_term_string}"},"query-input":{"@type":"PropertyValueSpecification","valueRequired":true,"valueName":"search_term_string"}}],"inLanguage":"pl-PL"},{"@type":"Organization","@id":"https:\/\/www.alab.pl\/centrum-wiedzy\/#organization","name":"Centrum Wiedzy ALAB laboratoria","url":"https:\/\/www.alab.pl\/centrum-wiedzy\/","logo":{"@type":"ImageObject","inLanguage":"pl-PL","@id":"https:\/\/www.alab.pl\/centrum-wiedzy\/#\/schema\/logo\/image\/","url":"https:\/\/www.alab.pl\/centrum-wiedzy\/wp-content\/uploads\/2022\/04\/alabek.jpg","contentUrl":"https:\/\/www.alab.pl\/centrum-wiedzy\/wp-content\/uploads\/2022\/04\/alabek.jpg","width":1250,"height":1251,"caption":"Centrum Wiedzy ALAB laboratoria"},"image":{"@id":"https:\/\/www.alab.pl\/centrum-wiedzy\/#\/schema\/logo\/image\/"},"sameAs":["https:\/\/www.facebook.com\/ALABlaboratoria"]},{"@type":"Person","@id":"https:\/\/www.alab.pl\/centrum-wiedzy\/#\/schema\/person\/5709fe1c1c909754033072d7f8155a44","name":"Damian Matusiak","image":{"@type":"ImageObject","inLanguage":"pl-PL","@id":"https:\/\/www.alab.pl\/centrum-wiedzy\/wp-content\/uploads\/2023\/10\/Damian-Matusiak-jpg-150x150.webp4a39f9a6ab8bdce93cc7d4859c6e6401","url":"https:\/\/www.alab.pl\/centrum-wiedzy\/wp-content\/uploads\/2023\/10\/Damian-Matusiak-jpg-150x150.webp","contentUrl":"https:\/\/www.alab.pl\/centrum-wiedzy\/wp-content\/uploads\/2023\/10\/Damian-Matusiak-jpg-150x150.webp","caption":"Damian Matusiak"},"description":"Specjalista pediatrii, kieruj\u0105cy Oddzia\u0142em Pediatrycznym w Lesznie, absolwent Uniwersytetu Medycznego im. Karola Marcinkowskiego w Poznaniu; pasjonat ultrasonografii i nowinek ze \u015bwiata nauki.","url":"https:\/\/www.alab.pl\/centrum-wiedzy\/author\/damian-matusiak\/"}]}},"_links":{"self":[{"href":"https:\/\/www.alab.pl\/centrum-wiedzy\/wp-json\/wp\/v2\/posts\/30998","targetHints":{"allow":["GET"]}}],"collection":[{"href":"https:\/\/www.alab.pl\/centrum-wiedzy\/wp-json\/wp\/v2\/posts"}],"about":[{"href":"https:\/\/www.alab.pl\/centrum-wiedzy\/wp-json\/wp\/v2\/types\/post"}],"author":[{"embeddable":true,"href":"https:\/\/www.alab.pl\/centrum-wiedzy\/wp-json\/wp\/v2\/users\/154"}],"replies":[{"embeddable":true,"href":"https:\/\/www.alab.pl\/centrum-wiedzy\/wp-json\/wp\/v2\/comments?post=30998"}],"version-history":[{"count":5,"href":"https:\/\/www.alab.pl\/centrum-wiedzy\/wp-json\/wp\/v2\/posts\/30998\/revisions"}],"predecessor-version":[{"id":31003,"href":"https:\/\/www.alab.pl\/centrum-wiedzy\/wp-json\/wp\/v2\/posts\/30998\/revisions\/31003"}],"wp:featuredmedia":[{"embeddable":true,"href":"https:\/\/www.alab.pl\/centrum-wiedzy\/wp-json\/wp\/v2\/media\/30482"}],"wp:attachment":[{"href":"https:\/\/www.alab.pl\/centrum-wiedzy\/wp-json\/wp\/v2\/media?parent=30998"}],"wp:term":[{"taxonomy":"category","embeddable":true,"href":"https:\/\/www.alab.pl\/centrum-wiedzy\/wp-json\/wp\/v2\/categories?post=30998"},{"taxonomy":"post_tag","embeddable":true,"href":"https:\/\/www.alab.pl\/centrum-wiedzy\/wp-json\/wp\/v2\/tags?post=30998"},{"taxonomy":"author","embeddable":true,"href":"https:\/\/www.alab.pl\/centrum-wiedzy\/wp-json\/wp\/v2\/coauthors?post=30998"}],"curies":[{"name":"wp","href":"https:\/\/api.w.org\/{rel}","templated":true}]}}