{"id":31004,"date":"2026-04-29T19:53:53","date_gmt":"2026-04-29T17:53:53","guid":{"rendered":"https:\/\/www.alab.pl\/centrum-wiedzy\/?p=31004"},"modified":"2026-04-29T19:54:04","modified_gmt":"2026-04-29T17:54:04","slug":"gruzlica-skory-co-to-jest-i-jak-sie-objawia-przyczyny-diagnostyka-i-leczenie","status":"publish","type":"post","link":"https:\/\/www.alab.pl\/centrum-wiedzy\/gruzlica-skory-co-to-jest-i-jak-sie-objawia-przyczyny-diagnostyka-i-leczenie\/","title":{"rendered":"Gru\u017alica sk\u00f3ry: co to jest i jak si\u0119 objawia? Przyczyny, diagnostyka i leczenie"},"content":{"rendered":"\n<p><strong>Gru\u017alica sk\u00f3ry jest przewlek\u0142\u0105 chorob\u0105 zaka\u017an\u0105 wywo\u0142ywan\u0105 przez bakterie z grupy <em>Mycobacterium tuberculosis<\/em> complex (MTbC). Rozpoznanie infekcji sk\u00f3ry wywo\u0142ane przez MTbC jest trudne ze wzgl\u0119du na r\u00f3\u017cnorodno\u015b\u0107 postaci klinicznych i podobie\u0144stwo do innych dermatoz. Choroba wymaga d\u0142ugotrwa\u0142ego leczenia antybiotykami przeciwgru\u017aliczymi.<\/strong><\/p>\n\n\n\n<figure class=\"wp-block-table\"><table class=\"has-fixed-layout\"><tbody><tr><td><strong>Z tego artyku\u0142u dowiesz si\u0119:<\/strong> <br>>> czym jest gru\u017alica sk\u00f3ry i co j\u0105 wywo\u0142uje, <br>>> jak dochodzi do zaka\u017cenia pr\u0105tkami gru\u017alicy, <br>>> czym charakteryzuj\u0105 si\u0119 zmiany sk\u00f3rne w przebiegu gru\u017alicy, <br>>> na czym polega diagnostyka w kierunku gru\u017alicy sk\u00f3ry, <br>>> czy gru\u017alica sk\u00f3ry jest uleczalna.<\/td><\/tr><\/tbody><\/table><\/figure>\n\n\n\n<p><strong>Spis tre\u015bci:<\/strong><\/p>\n\n\n\n<ol class=\"wp-block-list\">\n<li><a href=\"#Co-to-jest-gru\u017alica-sk\u00f3ry?\">Co to jest gru\u017alica sk\u00f3ry?<\/a><\/li>\n\n\n\n<li><a href=\"#Epidemiologia-gru\u017alicy-sk\u00f3ry\">Epidemiologia gru\u017alicy sk\u00f3ry<\/a><\/li>\n\n\n\n<li><a href=\"#Przyczyny-gru\u017alicy-sk\u00f3ry\">Przyczyny gru\u017alicy sk\u00f3ry<\/a>\n<ul class=\"wp-block-list\">\n<li><span style=\"color: initial;\"><a href=\"#Drogi-zaka\u017cenia-pr\u0105tkiem-gru\u017alicy\">Drogi zaka\u017cenia pr\u0105tkiem gru\u017alicy<\/a><\/span><\/li>\n\n\n\n<li><a href=\"#Czy-gru\u017alica-sk\u00f3ry-jest-zara\u017aliwa?\">Czy gru\u017alica sk\u00f3ry jest zara\u017aliwa?<\/a><\/li>\n<\/ul>\n<\/li>\n\n\n\n<li><a href=\"#Objawy-gru\u017alicy-sk\u00f3ry\">Objawy gru\u017alicy sk\u00f3ry<\/a>\n<ul class=\"wp-block-list\">\n<li><span style=\"color: initial;\"><a href=\"#Jak-wygl\u0105daj\u0105-zmiany-sk\u00f3rne-przy-gru\u017alicy?\">Jak wygl\u0105daj\u0105 zmiany sk\u00f3rne przy gru\u017alicy?<\/a><\/span><\/li>\n\n\n\n<li><a href=\"#Czy-gru\u017alica-sk\u00f3ry-sw\u0119dzi?\">Czy gru\u017alica sk\u00f3ry sw\u0119dzi?<\/a><\/li>\n<\/ul>\n<\/li>\n\n\n\n<li><a href=\"#Najcz\u0119stsze-postacie-gru\u017alicy-sk\u00f3ry\">Najcz\u0119stsze postacie gru\u017alicy sk\u00f3ry<\/a>\n<ul class=\"wp-block-list\">\n<li><span style=\"color: initial;\"><a href=\"#Gru\u017alica-toczniowa\">Gru\u017alica toczniowa<\/a><\/span><\/li>\n\n\n\n<li><span style=\"color: initial;\"><a href=\"#Gru\u017alica-brodawkuj\u0105ca\">Gru\u017alica brodawkuj\u0105ca<\/a><\/span><\/li>\n\n\n\n<li><span style=\"color: initial;\"><a href=\"#Gru\u017alica-rozp\u0142ywna\">Gru\u017alica rozp\u0142ywna<\/a><\/span><\/li>\n\n\n\n<li><span style=\"color: initial;\"><a href=\"#Gru\u017alica-wrzodziej\u0105ca\">Gru\u017alica wrzodziej\u0105ca<\/a><\/span><\/li>\n\n\n\n<li><a href=\"#Tuberkulid\">Tuberkulid<\/a><\/li>\n<\/ul>\n<\/li>\n\n\n\n<li><a href=\"#Diagnostyka-gru\u017alicy-sk\u00f3ry-\u2013-jakie-badania-nale\u017cy-wykona\u0107?\">Diagnostyka gru\u017alicy sk\u00f3ry \u2013 jakie badania nale\u017cy wykona\u0107?<\/a><\/li>\n\n\n\n<li><a href=\"#Leczenie-gru\u017alicy-sk\u00f3ry\">Leczenie gru\u017alicy sk\u00f3ry<\/a><\/li>\n\n\n\n<li><a href=\"#Zako\u0144czenie\">Zako\u0144czenie<\/a><\/li>\n\n\n\n<li><a href=\"#Gru\u017alica-sk\u00f3ry-\u2013-sekcja-FAQ\">Gru\u017alica sk\u00f3ry \u2013 sekcja FAQ<\/a><\/li>\n<\/ol>\n\n\n\n<h2 class=\"wp-block-heading\" id=\"Co-to-jest-gru\u017alica-sk\u00f3ry?\">Co to jest gru\u017alica sk\u00f3ry?<\/h2>\n\n\n\n<p>Gru\u017alica sk\u00f3ry jest <strong>przewlek\u0142\u0105 chorob\u0105 zaka\u017an\u0105 wywo\u0142ywana przez bakterie \u2013 kwasooporne pr\u0105tki gru\u017alicy<\/strong>. Choroba jest jedn\u0105 z najrzadszych postaci gru\u017alicy pozap\u0142ucnej i mo\u017ce wsp\u00f3\u0142istnie\u0107 zar\u00f3wno z gru\u017alic\u0105 p\u0142uc, jak i gru\u017alic\u0105 innych narz\u0105d\u00f3w. W skali globalnej szacuje si\u0119, \u017ce gru\u017alica sk\u00f3ry stanowi ok. 1,5%-3% wszystkich przypadk\u00f3w gru\u017alicy pop\u0142ucnej. Wed\u0142ug najnowszych danych, publikowanych na stronie Instytutu Gru\u017alicy i Chor\u00f3b P\u0142uc, w Polsce w 2024 r. odnotowano 13 przypadk\u00f3w gru\u017alicy sk\u00f3ry.<\/p>\n\n\n\n<p><strong>>> Warto przeczyta\u0107 te\u017c: <a href=\"https:\/\/www.alab.pl\/centrum-wiedzy\/gruzlica\/\">Gru\u017alica \u2013 co o niej wiemy?<\/a><\/strong><\/p>\n\n\n\n<h2 class=\"wp-block-heading\" id=\"Epidemiologia-gru\u017alicy-sk\u00f3ry\">Epidemiologia gru\u017alicy sk\u00f3ry<\/h2>\n\n\n\n<p>Przyczyn\u0105 gru\u017alicy s\u0105 kwasoodporne pr\u0105tki z grupy <em>Mycobacterium tuberculosis<\/em> complex (MTbC). Do kompleksu zaliczane s\u0105 gatunki: <em>M. <\/em><em>t<\/em><em>uberculosis, M. bovis, M. bovis <\/em>BCG, <em>M. <\/em><em>a<\/em><em>fricanum<\/em><em>, <\/em><em>M. microti<\/em>.Gru\u017alic\u0119 sk\u00f3ry najcz\u0119\u015bciej wywo\u0142uje gatunek <em>Mycobacterium<strong> <\/strong>t<\/em><em>uberculosis.<\/em><em><\/em><\/p>\n\n\n\n<p>Pr\u0105tki charakteryzuj\u0105 si\u0119 wieloma cechami odr\u00f3\u017cniaj\u0105cymi je od innych bakterii. Kwasy mikolowe wyst\u0119puj\u0105ce w \u015bcianie kom\u00f3rkowej pr\u0105tk\u00f3w maj\u0105 wp\u0142yw na ich:<\/p>\n\n\n\n<ul class=\"wp-block-list\">\n<li>kwasoodporno\u015b\u0107,<\/li>\n\n\n\n<li>oporno\u015b\u0107 na wiele <a href=\"https:\/\/www.alab.pl\/centrum-wiedzy\/antybiotyki-czy-nadal-sa-skuteczne\/\">antybiotyk\u00f3w<\/a> i \u015brodk\u00f3w dezynfekcyjnych,<\/li>\n\n\n\n<li>prze\u017cywalno\u015b\u0107 w makrofagach.<\/li>\n<\/ul>\n\n\n\n<p>W \u015brodowisku zewn\u0119trznym pr\u0105tki mog\u0105 przetrwa\u0107 wiele miesi\u0119cy, a nawet wiele lat.<\/p>\n\n\n\n<h2 class=\"wp-block-heading\" id=\"Przyczyny-gru\u017alicy-sk\u00f3ry\">Przyczyny gru\u017alicy sk\u00f3ry<\/h2>\n\n\n\n<p>Przyczyn\u0105 gru\u017alicy sk\u00f3ry jest zaka\u017cenie pr\u0105tkami gru\u017alicy. Mo\u017ce do niego doj\u015b\u0107 zar\u00f3wno przez kontakt bezpo\u015bredni z osob\u0105 chor\u0105 lub po\u015brednio przez ska\u017cone powierzchnie.<\/p>\n\n\n\n<h3 class=\"wp-block-heading\" id=\"Drogi-zaka\u017cenia-pr\u0105tkiem-gru\u017alicy\">Drogi zaka\u017cenia pr\u0105tkiem gru\u017alicy<\/h3>\n\n\n\n<ul class=\"wp-block-list\">\n<li>Wnikanie bakterii przez uszkodzon\u0105 sk\u00f3r\u0119 (rany, zadrapania) na skutek kontaktu z zanieczyszczonymi powierzchniami.<\/li>\n\n\n\n<li>Przemieszczanie pr\u0105tk\u00f3w wraz z <a href=\"https:\/\/www.alab.pl\/centrum-wiedzy\/krew-budowa-funkcje-w-organizmie-grupy-krwi-i-ich-dziedziczenie\/\">krwi\u0105<\/a> lub limf\u0105 do sk\u00f3ry z innych ognisk zaka\u017cenia w organizmie (zaka\u017cenie wewn\u0105trzustrojowe).<\/li>\n\n\n\n<li>Zaka\u017canie drog\u0105 kropelkow\u0105 w trakcie m\u00f3wienia, kas\u0142ania, kichania. Jest to najcz\u0119stsza droga prowadz\u0105ca do gru\u017alicy p\u0142uc, sporadycznie mo\u017ce by\u0107 r\u00f3wnie\u017c przyczyn\u0105 zaka\u017cenia sk\u00f3ry.<\/li>\n<\/ul>\n\n\n\n<h3 class=\"wp-block-heading\" id=\"Czy-gru\u017alica-sk\u00f3ry-jest-zara\u017aliwa?\">Czy gru\u017alica sk\u00f3ry jest zara\u017aliwa?<\/h3>\n\n\n\n<p>Sk\u00f3rn\u0105 posta\u0107 gru\u017alicy cechuje ma\u0142a zaka\u017ano\u015b\u0107. Infekcja jest sk\u0105popr\u0105tkowa, bakterie bytuj\u0105 w g\u0142\u0119bszych partiach sk\u00f3ry. Zachowanie podstawowych zasad higieny w kontakcie z zaka\u017conym ogranicza prawdopodobie\u0144stwo zainfekowania innej osoby do minimum.&nbsp;&nbsp;<\/p>\n\n\n\n<h2 class=\"wp-block-heading\" id=\"Objawy-gru\u017alicy-sk\u00f3ry\">Objawy gru\u017alicy sk\u00f3ry<\/h2>\n\n\n\n<h3 class=\"wp-block-heading\" id=\"Jak-wygl\u0105daj\u0105-zmiany-sk\u00f3rne-przy-gru\u017alicy?\">Jak wygl\u0105daj\u0105 zmiany sk\u00f3rne przy gru\u017alicy?<\/h3>\n\n\n\n<p>Obraz kliniczny gru\u017alicy sk\u00f3ry bywa bardzo r\u00f3\u017cnorodny. Objawy choroby zale\u017c\u0105 od zjadliwo\u015bci pr\u0105tk\u00f3w, masywno\u015bci zaka\u017cenia, miejsca wnikania bakterii i ich umiejscowienia oraz od stanu odporno\u015bci organizmu. Najcz\u0119\u015bciej zmiany umiejscawiaj\u0105 si\u0119 na twarzy i na ko\u0144czynach. Na sk\u00f3rze mog\u0105 pojawia\u0107 si\u0119 guzki, owrzodzenia, ma\u0142e blizny, nacieki, brodawkowate naro\u015bla oraz zmiany z\u0142uszczeniowe. Z czasem zmiany ulegaj\u0105 powi\u0119kszeniu.<\/p>\n\n\n\n<p>Gru\u017alicy sk\u00f3ry mog\u0105 towarzyszy\u0107 objawy og\u00f3lnoustrojowe, takie jak:<\/p>\n\n\n\n<ul class=\"wp-block-list\">\n<li>gor\u0105czka,<\/li>\n\n\n\n<li><a href=\"https:\/\/www.alab.pl\/centrum-wiedzy\/nocne-poty-pocenie-sie-podczas-snu-najczestsze-przyczyny-diagnostyka\/\">nocne poty<\/a>,<\/li>\n\n\n\n<li>utrata masy cia\u0142a,<\/li>\n\n\n\n<li>os\u0142abienie.<\/li>\n<\/ul>\n\n\n\n<p>W zale\u017cno\u015bci od charakteru objaw\u00f3w wyr\u00f3\u017cnia si\u0119 gru\u017alic\u0119 w\u0142a\u015bciw\u0105 sk\u00f3ry oraz tzw. tuberkulidy. W przebiegu gru\u017alicy w\u0142a\u015bciwej sk\u00f3ry zmiany s\u0105 wynikiem bezpo\u015bredniego zaj\u0119cia sk\u00f3ry przez proces gru\u017aliczy, natomiast tuberkulidy stanowi\u0105 odpowied\u017a immunologiczn\u0105 na zaka\u017cenie pr\u0105tkami zlokalizowane w innym umiejscowieniu. Charakterystyczn\u0105 cech\u0105 zmian gru\u017aliczych jest ich przewlek\u0142o\u015b\u0107 i brak reakcji na powszechnie stosowane preparaty miejscowe, w tym preparaty zawieraj\u0105ce kortykosteroidy.<\/p>\n\n\n\n<h3 class=\"wp-block-heading\" id=\"Czy-gru\u017alica-sk\u00f3ry-sw\u0119dzi?\">Czy gru\u017alica sk\u00f3ry sw\u0119dzi?<\/h3>\n\n\n\n<p>Gru\u017alicze zmiany na sk\u00f3rze mog\u0105 powodowa\u0107 dyskomfort, bolesno\u015b\u0107 i lekkie sw\u0119dzenie, ale \u015bwi\u0105d daleki jest od tego, jaki pojawia si\u0119 w przebiegu innych chor\u00f3b np. w \u015bwierzbie.<\/p>\n\n\n\n<h2 class=\"wp-block-heading\" id=\"Najcz\u0119stsze-postacie-gru\u017alicy-sk\u00f3ry\">Najcz\u0119stsze postacie gru\u017alicy sk\u00f3ry<\/h2>\n\n\n\n<h3 class=\"wp-block-heading\" id=\"Gru\u017alica-toczniowa\">Gru\u017alica toczniowa<\/h3>\n\n\n\n<p>To najcz\u0119\u015bciej wyst\u0119puj\u0105ca odmiana gru\u017alicy sk\u00f3rnej. Zmian\u0105 pierwotn\u0105 jest guzek toczniowy o mi\u0119kkiej spoisto\u015bci, wyniesiony ponad powierzchni\u0119 sk\u00f3ry. Guzek, barwy&nbsp; \u017c\u00f3\u0142tobrunatnej lub czerwonobrunatnej, ro\u015bnie powoli i jest dobrze odgraniczony od otoczenia. Zmiany umiejscowione s\u0105 zazwyczaj na nosie, policzkach, ko\u0144czynach, bocznych powierzchniach po\u015bladk\u00f3w i piersi. Guzki szerz\u0105 si\u0119 obwodowo i maj\u0105 r\u00f3\u017cn\u0105 sk\u0142onno\u015b\u0107 do bliznowacenia, przerostu i rozpadu. Choroba rozwija si\u0119 bardzo wolno i jest zwykle rozpoznawana po kilku latach od pojawienia si\u0119 zmiany pierwotnej. W bliznach powsta\u0142ych po wygojeniu guzk\u00f3w mo\u017ce doj\u015b\u0107 do transformacji nowotworowej,&nbsp; rak kolczystokom\u00f3rkowy mo\u017ce rozwin\u0105\u0107 si\u0119 po d\u0142ugim okresie utajenia, trwaj\u0105cym nawet 10-40 lat.<\/p>\n\n\n\n<h3 class=\"wp-block-heading\" id=\"Gru\u017alica-brodawkuj\u0105ca\">Gru\u017alica brodawkuj\u0105ca<\/h3>\n\n\n\n<p>Pojawia si\u0119 u os\u00f3b o du\u017cej odporno\u015bci przeciwgru\u017aliczej i silnej alergii na tuberkulin\u0119.&nbsp; Do zaka\u017cenia dochodzi drog\u0105 zewn\u0119trzn\u0105, poprzez bezpo\u015bredni kontakt sk\u00f3ry ze ska\u017conym materia\u0142em. Choroba cz\u0119sto dotyczy os\u00f3b maj\u0105cych styczno\u015b\u0107 z byd\u0142em, np. rolnik\u00f3w, weterynarzy, rze\u017anik\u00f3w. <a href=\"https:\/\/www.alab.pl\/centrum-wiedzy\/infekcja\/\">Infekcja<\/a> ma dynamiczny przebieg, a powstaj\u0105ce zmiany sk\u00f3rne przypominaj\u0105 brodawki wirusowe. Brodawkowate ogniska o nacieczonej podstawie nie maj\u0105 tendencji do zlewania si\u0119. Zmiany lokalizuj\u0105 si\u0119 g\u0142\u00f3wnie na sk\u00f3rze r\u0105k i na stopach.<\/p>\n\n\n\n<h3 class=\"wp-block-heading\" id=\"Gru\u017alica-rozp\u0142ywna\">Gru\u017alica rozp\u0142ywna<\/h3>\n\n\n\n<p>Wyst\u0119puje u os\u00f3b ze znaczn\u0105 odporno\u015bci\u0105 przeciwgru\u017alicz\u0105 i &nbsp;gru\u017alic\u0105 w\u0119z\u0142ow\u0105 lub kostno-stawow\u0105. Infekcja szerzy si\u0119 przez ci\u0105g\u0142o\u015b\u0107 z tkanek g\u0142\u0119bszych, zwykle w\u0119z\u0142\u00f3w ch\u0142onnych i ko\u015bci. W pocz\u0105tkowej fazie choroby w tkance podsk\u00f3rnej tworz\u0105 si\u0119 guzki, kt\u00f3re z czasem przebijaj\u0105&nbsp; si\u0119 na zewn\u0105trz tworz\u0105c przetoki i owrzodzenia. Zmiany goj\u0105 si\u0119 nier\u00f3wnomiernie pozostawiaj\u0105c blizny.<\/p>\n\n\n\n<p><strong>>> Mo\u017ce Ci\u0119 zainteresowa\u0107: <a href=\"https:\/\/www.alab.pl\/centrum-wiedzy\/powiekszone-wezly-chlonne-limfadenopatia-przyczyny-diagnostyka\/\">Powi\u0119kszone w\u0119z\u0142y ch\u0142onne (limfadenopatia) \u2013 przyczyny, diagnostyka<\/a><\/strong><\/p>\n\n\n\n<h3 class=\"wp-block-heading\" id=\"Gru\u017alica-wrzodziej\u0105ca\">Gru\u017alica wrzodziej\u0105ca<\/h3>\n\n\n\n<p>Dotyczy najcz\u0119\u015bciej os\u00f3b w immunosupresji i wsp\u00f3\u0142istnieje zazwyczaj z gru\u017alic\u0105 p\u0142uc. Zmiany kliniczne pojawiaj\u0105 si\u0119 w obr\u0119bie b\u0142on \u015bluzowych i przyjmuj\u0105 posta\u0107 owrzodze\u0144 o mi\u0119kkiej podstawie bez naciek\u00f3w, z dnem pokrytym bardzo drobnymi guzkami.<\/p>\n\n\n\n<h3 class=\"wp-block-heading\" id=\"Tuberkulid\">Tuberkulid<\/h3>\n\n\n\n<ul class=\"wp-block-list\">\n<li><strong>Guzkowo-zgorzelinowy<\/strong> \u2013 wyst\u0119puje u pacjent\u00f3w z przebyt\u0105 lub czynn\u0105 gru\u017alic\u0105. Zmiany wyst\u0119puj\u0105 g\u0142\u00f3wnie na okolicach wyprostnych ko\u0144czyn i maj\u0105 posta\u0107 licznych, drobnych guzk\u00f3w z martwic\u0105 i bliznowaceniem w cz\u0119\u015bci \u015brodkowej.<\/li>\n\n\n\n<li><strong>Rumie\u0144 stwardnia\u0142y<\/strong> \u2013 zapalne zmiany guzowate umiejscawiaj\u0105 si\u0119 g\u0142\u00f3wnie na podudziach po stronie zginaczy, sporadycznie wyst\u0119puj\u0105 na udach.<\/li>\n\n\n\n<li><strong>Lupoid pros\u00f3wkowy rozsiany twarzy<\/strong> \u2013 zmiany umiejscawiaj\u0105 si\u0119 g\u0142\u00f3wnie na twarzy i przypominaj\u0105 <a href=\"https:\/\/www.alab.pl\/centrum-wiedzy\/tradzik-rozowaty-acne-rosacea\/\">tr\u0105dzik r\u00f3\u017cowaty<\/a>.<\/li>\n<\/ul>\n\n\n\n<h2 class=\"wp-block-heading\" id=\"Diagnostyka-gru\u017alicy-sk\u00f3ry-\u2013-jakie-badania-nale\u017cy-wykona\u0107?\">Diagnostyka gru\u017alicy sk\u00f3ry \u2013 jakie badania nale\u017cy wykona\u0107?<\/h2>\n\n\n\n<p>Ze wzgl\u0119du na r\u00f3\u017cnorodno\u015b\u0107 odmian, niespecyficzne objawy, a tak\u017ce ma\u0142e do\u015bwiadczenie klinicyst\u00f3w w rozpoznawaniu infekcji sk\u00f3ry pr\u0105tkami, gru\u017alica sk\u00f3ry stanowi powa\u017cny problem diagnostyczny. Zmiany pojawiaj\u0105ce si\u0119 w przebiegu choroby, szczeg\u00f3lnie w jej wst\u0119pnym etapie, mog\u0105 przypomina\u0107 inne dermatozy. Potwierdzeniu zaka\u017cenia sk\u00f3ry pr\u0105tkami gru\u017alicy s\u0142u\u017c\u0105 badania laboratoryjne:<\/p>\n\n\n\n<ul class=\"wp-block-list\">\n<li><a href=\"https:\/\/www.alab.pl\/centrum-wiedzy\/badanie-mikrobiologiczne-czym-jest-i-dlaczego-warto-je-wykonac\/\">mikrobiologiczne<\/a>,<\/li>\n\n\n\n<li>molekularne,<\/li>\n\n\n\n<li>histopatologiczne.<\/li>\n<\/ul>\n\n\n\n<p>Utrudnieniem w diagnostyce mikrobiologicznej jest fakt, \u017ce gru\u017alicze zaka\u017cenia sk\u00f3ry s\u0105 sk\u0105popr\u0105tkowe, co ogranicza mo\u017cliwo\u015b\u0107 wykrycia bakterii w materiale pobranym od pacjenta. Materia\u0142em do bada\u0144 s\u0105 wycinki sk\u00f3ry, aspiraty, zeskrobiny, wymazy, pop\u0142uczyny. Badaniami dodatkowymi, nie r\u00f3\u017cnicuj\u0105cymi jednak aktywnej gru\u017alicy&nbsp; i utajonego zaka\u017cenia pr\u0105tkami gru\u017alicy s\u0105 odczyn tuberkulinowy oraz testy IGRA wykonywane z krwi.<\/p>\n\n\n\n<p>W diagnostyce laboratoryjnej gru\u017alicy sk\u00f3ry wykorzystywane s\u0105:<\/p>\n\n\n\n<p><strong>Badania mikrobiologiczne:<\/strong><\/p>\n\n\n\n<ul class=\"wp-block-list\">\n<li><strong>bakterioskopia <\/strong>\u2013 ma na celu wykazanie obecno\u015bci pr\u0105tk\u00f3w w preparatach mikroskopowych barwionych metod\u0105 Ziehl-Neelsena. \u00a0Badanie nie r\u00f3\u017cnicuje pr\u0105tk\u00f3w gru\u017aliczych i pr\u0105tk\u00f3w niegru\u017aliczych. Wynik badania wydawany jest do 24 h od chwili pojawienia si\u0119 materia\u0142u w laboratorium. Wyniki mog\u0105 by\u0107 fa\u0142szywie ujemne, ze wzgl\u0119du na ma\u0142\u0105 liczb\u0119 kom\u00f3rek bakterii (zaka\u017cenia sk\u0105popr\u0105tkowe) lub fa\u0142szywie dodatnie, ze wzgl\u0119du na obecno\u015b\u0107 w badanej pr\u00f3bce pr\u0105tk\u00f3w saprofitycznych.\n<ul class=\"wp-block-list\">\n<li><strong>hodowla na po\u017cywkach bakteriologicznych<\/strong> \u2013 jest z\u0142otym standardem w diagnozowaniu gru\u017alicy. Jest to metoda du\u017co bardziej czu\u0142a ni\u017c bakterioskopia. Na wynik badania oczekuje si\u0119 do 10 tygodni w przypadku posiewu na pod\u0142o\u017ca sta\u0142e lub do 42 dni przy posiewie automatycznym. W badaniu okre\u015blana jest przynale\u017cno\u015b\u0107 wyhodowanych pr\u0105tk\u00f3w do grupy <em>Mycobacterium tuberculosis<\/em> complex oraz ich lekowra\u017cliwo\u015b\u0107.<\/li>\n<\/ul>\n<\/li>\n<\/ul>\n\n\n\n<p><strong>Badania molekularne<\/strong><\/p>\n\n\n\n<p>Wesz\u0142y na sta\u0142e w schemat laboratoryjnego diagnozowania gru\u017alicy. Powszechnie stosowane s\u0105 testy <a href=\"https:\/\/www.alab.pl\/centrum-wiedzy\/badanie-pcr-czym-jest-kiedy-sie-je-wykonuje-i-jak-przebiega\/\">PCR<\/a> charakteryzuj\u0105ce si\u0119 du\u017c\u0105 czu\u0142o\u015bci\u0105 i szybko\u015bci\u0105 wykonania. Wynik badania potwierdzaj\u0105cy lub wykluczaj\u0105cy obecno\u015b\u0107 materia\u0142u genetycznego &nbsp;<em>Mycobacterium tuberculosis<\/em> complex wydawany jest do 24 h od chwili pojawienia si\u0119 materia\u0142u w laboratorium. Badanie obejmuje r\u00f3wnie\u017c test wra\u017cliwo\u015bci na rifampicyn\u0119 \u2013 lek pierwszego rzutu stosowany w leczeniu gru\u017alicy. Testy molekularne u\u0142atwiaj\u0105 i przyspieszaj\u0105 podj\u0119cie decyzji terapeutycznych, nie zast\u0119puj\u0105 jednak posiewu, a stanowi\u0105 jego uzupe\u0142nienie.<\/p>\n\n\n\n<p><strong>Badanie histopatologiczne<\/strong><\/p>\n\n\n\n<p>Badanie polega na ocenie mikroskopowej wycinka sk\u00f3ry. Obraz histopatologiczny jest r\u00f3\u017cny w zale\u017cno\u015bci od postaci zaka\u017cenia. W gru\u017alicy toczniowej zazwyczaj obserwowane s\u0105 gruze\u0142ki gru\u017alicze z obecno\u015bci\u0105 martwicy serowaciej\u0105cej. W brodawkuj\u0105cej gru\u017alicy sk\u00f3ry mo\u017ce wyst\u0105pi\u0107 rzekomonab\u0142onkowy rozrost nab\u0142onka. W preparatach zazwyczaj nie s\u0105 widoczne kom\u00f3rki bakterii.<\/p>\n\n\n\n<p><strong>Badania dodatkowe<\/strong><\/p>\n\n\n\n<ul class=\"wp-block-list\">\n<li><strong>odczyn tuberkulinowy<\/strong> \u2013 polega na wywo\u0142aniu reakcji alergicznej po \u015br\u00f3dsk\u00f3rnym podaniu tuberkuliny. Wynik dodatni potwierdza obecno\u015b\u0107 w organizmie <a href=\"https:\/\/www.alab.pl\/centrum-wiedzy\/czym-sa-limfocyty-rola-i-funkcje-w-organizmie-jaki-poziom-jest-niepokojacy\/\">limfocyt\u00f3w<\/a> uczulonych po kontakcie z antygenami pr\u0105tka gru\u017alicy lub pr\u0105tk\u00f3w niegru\u017aliczych. U os\u00f3b szczepionych szczepionk\u0105 BCG\u00a0 mog\u0105 wyst\u0105pi\u0107 fa\u0142szywie dodatnie wyniki testu.\n<ul class=\"wp-block-list\">\n<li><strong>Testy IGRA<\/strong> (<a href=\"https:\/\/www.alab.pl\/centrum-wiedzy\/czym-jest-test-quantiferon\/\">QuantiFERON<\/a>\u2013TB Gold Plus, T-SPOT TB) \u2013 polegaj\u0105 na ocenie wytwarzania przez limfocyty T interferonu gamma w odpowiedzi na pobudzenie antygenami swoistymi dla pr\u0105tk\u00f3w gru\u017alicy. Szczepienie BCG nie wp\u0142ywa na wynik.<\/li>\n<\/ul>\n<\/li>\n<\/ul>\n\n\n\n<p>Dodatnie testy IGRA i odczyn tuberkulinowy \u015bwiadcz\u0105 o zetkni\u0119ciu si\u0119 z pr\u0105tkami gru\u017alicy, ale nie potwierdzaj\u0105 ani nie wykluczaj\u0105 aktywnej gru\u017alicy. W takim przypadku konieczna jest dalsza pog\u0142\u0119biona diagnostyka.<\/p>\n\n\n\n<figure class=\"wp-block-image size-full\"><a href=\"https:\/\/www.alab.pl\/badanie\/test-quantiferon-tb\"><img loading=\"lazy\" decoding=\"async\" width=\"800\" height=\"200\" src=\"https:\/\/www.alab.pl\/centrum-wiedzy\/wp-content\/uploads\/2025\/12\/Badanie-w-kierunku-gruzlicy-utajonej-test-QuaintiFERON-TB.jpg\" alt=\"Badanie w kierunku gruz\u0301licy utajonej test QuaintiFERON-TB banerek\" class=\"wp-image-28481\" srcset=\"https:\/\/www.alab.pl\/centrum-wiedzy\/wp-content\/uploads\/2025\/12\/Badanie-w-kierunku-gruzlicy-utajonej-test-QuaintiFERON-TB.jpg 800w, https:\/\/www.alab.pl\/centrum-wiedzy\/wp-content\/uploads\/2025\/12\/Badanie-w-kierunku-gruzlicy-utajonej-test-QuaintiFERON-TB-768x192.jpg 768w, https:\/\/www.alab.pl\/centrum-wiedzy\/wp-content\/uploads\/2025\/12\/Badanie-w-kierunku-gruzlicy-utajonej-test-QuaintiFERON-TB-150x38.jpg 150w, https:\/\/www.alab.pl\/centrum-wiedzy\/wp-content\/uploads\/2025\/12\/Badanie-w-kierunku-gruzlicy-utajonej-test-QuaintiFERON-TB-300x75.jpg 300w, https:\/\/www.alab.pl\/centrum-wiedzy\/wp-content\/uploads\/2025\/12\/Badanie-w-kierunku-gruzlicy-utajonej-test-QuaintiFERON-TB-696x174.jpg 696w\" sizes=\"auto, (max-width: 800px) 100vw, 800px\" \/><\/a><\/figure>\n\n\n\n<h2 class=\"wp-block-heading\" id=\"Leczenie-gru\u017alicy-sk\u00f3ry\">Leczenie gru\u017alicy sk\u00f3ry<\/h2>\n\n\n\n<p>Leczenie gru\u017alicy sk\u00f3ry podlega tym samym zasadom, co leczenie innych postaci gru\u017alicy. Terapia jest d\u0142ugotrwa\u0142a i wi\u0105\u017ce si\u0119 z przyjmowaniem kilku lek\u00f3w przeciwpr\u0105tkowych jednocze\u015bnie. Takie post\u0119powanie wymaga od pacjenta dyscypliny, ale tylko w\u0142a\u015bciwe przyjmowanie lek\u00f3w mo\u017ce doprowadzi\u0107 do wyleczenia.<\/p>\n\n\n\n<p>Obowi\u0105zuj\u0105ce w Polsce standardowe leczenie trwa w przypadku gru\u017alicy lekowra\u017cliwej minimum 6 miesi\u0119cy. Wst\u0119pna, intensywna faza terapii, trwa 2 miesi\u0105ce. Chory przyjmuje codziennie 4 leki:<\/p>\n\n\n\n<ul class=\"wp-block-list\">\n<li>rifampicyn\u0119,<\/li>\n\n\n\n<li>izoniazyd,<\/li>\n\n\n\n<li>pyrazynamid,<\/li>\n\n\n\n<li>etambutol.<\/li>\n<\/ul>\n\n\n\n<p>Terapia podtrzymuj\u0105ca, trwaj\u0105ca&nbsp; przez 4 nast\u0119pne miesi\u0105ce, zak\u0142ada codzienne przyjmowanie 2 lek\u00f3w \u2013 rifampicyny i izoniazydu. W przypadku gru\u017alicy wieloopornej leczenie mo\u017ce trwa\u0107 nawet do 2-ch lat i d\u0142u\u017cej.<\/p>\n\n\n\n<figure class=\"wp-block-table\"><table class=\"has-fixed-layout\"><tbody><tr><td><strong>Warto wiedzie\u0107:<\/strong> <br>W ostatnim czasie dopuszczono w Polsce nowy schemat leczenia gru\u017alicy opornej na leki, skracaj\u0105cy terapi\u0119 do 6 miesi\u0119cy.<\/td><\/tr><\/tbody><\/table><\/figure>\n\n\n\n<h2 class=\"wp-block-heading\" id=\"Zako\u0144czenie\">Zako\u0144czenie<\/h2>\n\n\n\n<p>Gru\u017alica sk\u00f3ry jest rzadk\u0105 postaci\u0105 gru\u017alicy pozap\u0142ucnej i ma charakter przewlek\u0142y. Mimo \u017ce ta odmiana infekcji wywo\u0142anej pr\u0105tkami gru\u017alicy przebiega zazwyczaj \u0142agodnie, a zaka\u017cony nie jest z regu\u0142y zaka\u017any dla otoczenia, choroba wymaga d\u0142ugiego leczenia przeciwgru\u017aliczego. Niepodj\u0119cie terapii lub niew\u0142a\u015bciwe przyjmowanie lek\u00f3w mo\u017ce by\u0107 przyczyn\u0105 r\u00f3\u017cnych powik\u0142a\u0144 \u2013 rozleg\u0142ych owrzodze\u0144, szpec\u0105cych blizn i zniekszta\u0142ce\u0144 sk\u00f3ry, niszczenia tkanek, nawrot\u00f3w choroby, a nawet rozwoju raka kolczystokom\u00f3rkowego sk\u00f3ry.<\/p>\n\n\n\n<h2 class=\"wp-block-heading\" id=\"Gru\u017alica-sk\u00f3ry-\u2013-sekcja-FAQ\">Gru\u017alica sk\u00f3ry \u2013 sekcja FAQ<\/h2>\n\n\n\n<div class=\"schema-faq wp-block-yoast-faq-block\"><div class=\"schema-faq-section\" id=\"faq-question-1777484922811\"><strong class=\"schema-faq-question\"><strong>Jaka jest najcz\u0119stsza posta\u0107 gru\u017alicy sk\u00f3ry?<\/strong><\/strong> <p class=\"schema-faq-answer\">Najcz\u0119stsz\u0105 postaci\u0105 gru\u017alicy sk\u00f3ry jest gru\u017alica toczniowa.\u00a0 Choroba rozwija si\u0119 bardzo wolno i jest zwykle rozpoznawana po kilku latach od pojawienia si\u0119 zmiany pierwotnej, kt\u00f3r\u0105 jest \u017c\u00f3\u0142tobrunatny lub czerwonobrunatny guzek, wyniesiony ponad powierzchni\u0119 sk\u00f3ry. Zmiany umiejscowione s\u0105 zazwyczaj na nosie, policzkach, ko\u0144czynach, bocznych powierzchniach po\u015bladk\u00f3w i piersi. Guzki szerz\u0105 si\u0119 obwodowo i maj\u0105 r\u00f3\u017cn\u0105 sk\u0142onno\u015b\u0107 do bliznowacenia, przerostu i rozpadu.<\/p> <\/div> <div class=\"schema-faq-section\" id=\"faq-question-1777484940325\"><strong class=\"schema-faq-question\"><strong>Jak wygl\u0105da gru\u017alica sk\u00f3ry?<\/strong><\/strong> <p class=\"schema-faq-answer\">Obraz kliniczny gru\u017alicy sk\u00f3ry mo\u017ce by\u0107 bardzo zr\u00f3\u017cnicowany, zale\u017cnie od umiejscowienia, masywno\u015bci zaka\u017cenia, miejsca wnikania bakterii i zjadliwo\u015bci pr\u0105tk\u00f3w. Na sk\u00f3rze mog\u0105 pojawia\u0107 si\u0119 guzki, owrzodzenia, ma\u0142e blizny, nacieki, brodawkowate naro\u015bla oraz zmiany z\u0142uszczeniowe. Z czasem zmiany ulegaj\u0105 powi\u0119kszeniu. Gru\u017alicy sk\u00f3ry mog\u0105 towarzyszy\u0107 zmiany og\u00f3lnoustrojowe, takie jak gor\u0105czka, nocne poty, utrata masy cia\u0142a i os\u0142abienie.<\/p> <\/div> <div class=\"schema-faq-section\" id=\"faq-question-1777484955368\"><strong class=\"schema-faq-question\"><strong>Jakie s\u0105 postacie gru\u017alicy sk\u00f3ry?<\/strong><\/strong> <p class=\"schema-faq-answer\">Najcz\u0119stsz\u0105 postaci\u0105 gru\u017alicy sk\u00f3ry jest gru\u017alica toczniowa. Rzadziej wyst\u0119puj\u0105: gru\u017alica brodawkuj\u0105ca, gru\u017alica rozp\u0142ywna, gru\u017alica wrzodziej\u0105ca. R\u00f3\u017cnorodno\u015b\u0107 postaci gru\u017alicy sk\u00f3ry zwi\u0105zana jest z odporno\u015bci\u0105 organizmu oraz drog\u0105 zaka\u017cenia (poprzez bezpo\u015bredni kontakt sk\u00f3ry ze ska\u017conym materia\u0142em lub szerzenie przez ci\u0105g\u0142o\u015b\u0107 z tkanek g\u0142\u0119bszych).<\/p> <\/div> <\/div>\n\n\n\n<hr class=\"wp-block-separator has-alpha-channel-opacity\"\/>\n\n\n\n<p><strong>Bibliografia<\/strong><\/p>\n\n\n\n<ol class=\"wp-block-list\">\n<li>Prof. dr hab. n. biol. Zofia Zwolska \u201eGru\u017alica \u2013 przyczyny, objawy i rodzaje choroby\u201d https:\/\/www.alab.pl\/centrum-wiedzy\/gruzlica-historia-przyczyny-objawy-rodzaje\/ (dost\u0119p: 23.03.2026 r.)<\/li>\n\n\n\n<li>Elwira Zawidzka \u201eGru\u017alica \u2013 co o niej wiemy? https:\/\/www.alab.pl\/centrum-wiedzy\/gruzlica\/ (dost\u0119p: 23.03.2026 r.)<\/li>\n\n\n\n<li>Elwira Zawidzka \u201eCzym jest test Quantiferon? https:\/\/www.alab.pl\/centrum-wiedzy\/czym-jest-test-quantiferon\/ (dost\u0119p: 23.03.2026 r.)<\/li>\n\n\n\n<li>Marta Malek, Dorota Kozicka, Igor Michaj\u0142owski, Jadwiga Roszkiewicz \u201eGru\u017alica sk\u00f3ry \u2014 trudna diagnoza w praktyce dermatologicznej\u201d Forum Medycyny Rodzinnej 2012, tom 6, nr 1, 43\u201349<\/li>\n<\/ol>\n","protected":false},"excerpt":{"rendered":"<p>Gru\u017alica sk\u00f3ry jest przewlek\u0142\u0105 chorob\u0105 zaka\u017an\u0105 wywo\u0142ywan\u0105 przez bakterie z grupy Mycobacterium tuberculosis complex. Dowiedz si\u0119 wi\u0119cej.<\/p>\n","protected":false},"author":95,"featured_media":30350,"comment_status":"closed","ping_status":"closed","sticky":false,"template":"","format":"standard","meta":{"_acf_changed":false,"inline_featured_image":false,"footnotes":""},"categories":[12,23],"tags":[],"coauthors":[154],"class_list":{"0":"post-31004","1":"post","2":"type-post","3":"status-publish","4":"format-standard","5":"has-post-thumbnail","7":"category-choroby-skory","8":"category-infekcje-i-pasozyty"},"acf":[],"yoast_head":"<!-- This site is optimized with the Yoast SEO plugin v27.5 - https:\/\/yoast.com\/product\/yoast-seo-wordpress\/ -->\n<title>Gru\u017alica sk\u00f3ry: przyczyny, objawy, diagnostyka i leczenie - Centrum Wiedzy ALAB laboratoria<\/title>\n<meta name=\"description\" content=\"Gru\u017alica sk\u00f3ry jest przewlek\u0142\u0105 chorob\u0105 zaka\u017an\u0105 wywo\u0142ywan\u0105 przez bakterie z grupy Mycobacterium tuberculosis complex. Dowiedz si\u0119 wi\u0119cej.\" \/>\n<meta name=\"robots\" content=\"index, follow, max-snippet:-1, max-image-preview:large, max-video-preview:-1\" \/>\n<link rel=\"canonical\" href=\"https:\/\/www.alab.pl\/centrum-wiedzy\/gruzlica-skory-co-to-jest-i-jak-sie-objawia-przyczyny-diagnostyka-i-leczenie\/\" \/>\n<meta property=\"og:locale\" content=\"pl_PL\" \/>\n<meta property=\"og:type\" content=\"article\" \/>\n<meta property=\"og:title\" content=\"Gru\u017alica sk\u00f3ry: przyczyny, objawy, diagnostyka i leczenie - Centrum Wiedzy ALAB laboratoria\" \/>\n<meta property=\"og:description\" content=\"Gru\u017alica sk\u00f3ry jest przewlek\u0142\u0105 chorob\u0105 zaka\u017an\u0105 wywo\u0142ywan\u0105 przez bakterie z grupy Mycobacterium tuberculosis complex. Dowiedz si\u0119 wi\u0119cej.\" \/>\n<meta property=\"og:url\" content=\"https:\/\/www.alab.pl\/centrum-wiedzy\/gruzlica-skory-co-to-jest-i-jak-sie-objawia-przyczyny-diagnostyka-i-leczenie\/\" \/>\n<meta property=\"og:site_name\" content=\"Centrum Wiedzy ALAB laboratoria\" \/>\n<meta property=\"article:publisher\" content=\"https:\/\/www.facebook.com\/ALABlaboratoria\" \/>\n<meta property=\"article:published_time\" content=\"2026-04-29T17:53:53+00:00\" \/>\n<meta property=\"article:modified_time\" content=\"2026-04-29T17:54:04+00:00\" \/>\n<meta property=\"og:image\" content=\"https:\/\/www.alab.pl\/centrum-wiedzy\/wp-content\/uploads\/2026\/03\/Gruzlica_skory_cover.jpg\" \/>\n\t<meta property=\"og:image:width\" content=\"1925\" \/>\n\t<meta property=\"og:image:height\" content=\"1285\" \/>\n\t<meta property=\"og:image:type\" content=\"image\/jpeg\" \/>\n<meta name=\"author\" content=\"Elwira Zawidzka\" \/>\n<meta name=\"twitter:card\" content=\"summary_large_image\" \/>\n<meta name=\"twitter:label1\" content=\"Napisane przez\" \/>\n\t<meta name=\"twitter:data1\" content=\"Elwira Zawidzka\" \/>\n\t<meta name=\"twitter:label2\" content=\"Szacowany czas czytania\" \/>\n\t<meta name=\"twitter:data2\" content=\"12 minut\" \/>\n\t<meta name=\"twitter:label3\" content=\"Written by\" \/>\n\t<meta name=\"twitter:data3\" content=\"Elwira Zawidzka\" \/>\n<!-- \/ Yoast SEO plugin. -->","yoast_head_json":{"title":"Gru\u017alica sk\u00f3ry: przyczyny, objawy, diagnostyka i leczenie - Centrum Wiedzy ALAB laboratoria","description":"Gru\u017alica sk\u00f3ry jest przewlek\u0142\u0105 chorob\u0105 zaka\u017an\u0105 wywo\u0142ywan\u0105 przez bakterie z grupy Mycobacterium tuberculosis complex. Dowiedz si\u0119 wi\u0119cej.","robots":{"index":"index","follow":"follow","max-snippet":"max-snippet:-1","max-image-preview":"max-image-preview:large","max-video-preview":"max-video-preview:-1"},"canonical":"https:\/\/www.alab.pl\/centrum-wiedzy\/gruzlica-skory-co-to-jest-i-jak-sie-objawia-przyczyny-diagnostyka-i-leczenie\/","og_locale":"pl_PL","og_type":"article","og_title":"Gru\u017alica sk\u00f3ry: przyczyny, objawy, diagnostyka i leczenie - Centrum Wiedzy ALAB laboratoria","og_description":"Gru\u017alica sk\u00f3ry jest przewlek\u0142\u0105 chorob\u0105 zaka\u017an\u0105 wywo\u0142ywan\u0105 przez bakterie z grupy Mycobacterium tuberculosis complex. Dowiedz si\u0119 wi\u0119cej.","og_url":"https:\/\/www.alab.pl\/centrum-wiedzy\/gruzlica-skory-co-to-jest-i-jak-sie-objawia-przyczyny-diagnostyka-i-leczenie\/","og_site_name":"Centrum Wiedzy ALAB laboratoria","article_publisher":"https:\/\/www.facebook.com\/ALABlaboratoria","article_published_time":"2026-04-29T17:53:53+00:00","article_modified_time":"2026-04-29T17:54:04+00:00","og_image":[{"width":1925,"height":1285,"url":"https:\/\/www.alab.pl\/centrum-wiedzy\/wp-content\/uploads\/2026\/03\/Gruzlica_skory_cover.jpg","type":"image\/jpeg"}],"author":"Elwira Zawidzka","twitter_card":"summary_large_image","twitter_misc":{"Napisane przez":"Elwira Zawidzka","Szacowany czas czytania":"12 minut","Written by":"Elwira Zawidzka"},"schema":{"@context":"https:\/\/schema.org","@graph":[{"@type":"Article","@id":"https:\/\/www.alab.pl\/centrum-wiedzy\/gruzlica-skory-co-to-jest-i-jak-sie-objawia-przyczyny-diagnostyka-i-leczenie\/#article","isPartOf":{"@id":"https:\/\/www.alab.pl\/centrum-wiedzy\/gruzlica-skory-co-to-jest-i-jak-sie-objawia-przyczyny-diagnostyka-i-leczenie\/"},"author":{"name":"Elwira Zawidzka","@id":"https:\/\/www.alab.pl\/centrum-wiedzy\/#\/schema\/person\/1ae34e072d82e416ba56554dcb881d62"},"headline":"Gru\u017alica sk\u00f3ry: co to jest i jak si\u0119 objawia? Przyczyny, diagnostyka i leczenie","datePublished":"2026-04-29T17:53:53+00:00","dateModified":"2026-04-29T17:54:04+00:00","mainEntityOfPage":{"@id":"https:\/\/www.alab.pl\/centrum-wiedzy\/gruzlica-skory-co-to-jest-i-jak-sie-objawia-przyczyny-diagnostyka-i-leczenie\/"},"wordCount":2423,"publisher":{"@id":"https:\/\/www.alab.pl\/centrum-wiedzy\/#organization"},"image":{"@id":"https:\/\/www.alab.pl\/centrum-wiedzy\/gruzlica-skory-co-to-jest-i-jak-sie-objawia-przyczyny-diagnostyka-i-leczenie\/#primaryimage"},"thumbnailUrl":"https:\/\/www.alab.pl\/centrum-wiedzy\/wp-content\/uploads\/2026\/03\/Gruzlica_skory_cover.jpg","articleSection":["Choroby sk\u00f3ry","Infekcje i paso\u017cyty"],"inLanguage":"pl-PL"},{"@type":["WebPage","FAQPage"],"@id":"https:\/\/www.alab.pl\/centrum-wiedzy\/gruzlica-skory-co-to-jest-i-jak-sie-objawia-przyczyny-diagnostyka-i-leczenie\/","url":"https:\/\/www.alab.pl\/centrum-wiedzy\/gruzlica-skory-co-to-jest-i-jak-sie-objawia-przyczyny-diagnostyka-i-leczenie\/","name":"Gru\u017alica sk\u00f3ry: przyczyny, objawy, diagnostyka i leczenie - Centrum Wiedzy ALAB laboratoria","isPartOf":{"@id":"https:\/\/www.alab.pl\/centrum-wiedzy\/#website"},"primaryImageOfPage":{"@id":"https:\/\/www.alab.pl\/centrum-wiedzy\/gruzlica-skory-co-to-jest-i-jak-sie-objawia-przyczyny-diagnostyka-i-leczenie\/#primaryimage"},"image":{"@id":"https:\/\/www.alab.pl\/centrum-wiedzy\/gruzlica-skory-co-to-jest-i-jak-sie-objawia-przyczyny-diagnostyka-i-leczenie\/#primaryimage"},"thumbnailUrl":"https:\/\/www.alab.pl\/centrum-wiedzy\/wp-content\/uploads\/2026\/03\/Gruzlica_skory_cover.jpg","datePublished":"2026-04-29T17:53:53+00:00","dateModified":"2026-04-29T17:54:04+00:00","description":"Gru\u017alica sk\u00f3ry jest przewlek\u0142\u0105 chorob\u0105 zaka\u017an\u0105 wywo\u0142ywan\u0105 przez bakterie z grupy Mycobacterium tuberculosis complex. Dowiedz si\u0119 wi\u0119cej.","breadcrumb":{"@id":"https:\/\/www.alab.pl\/centrum-wiedzy\/gruzlica-skory-co-to-jest-i-jak-sie-objawia-przyczyny-diagnostyka-i-leczenie\/#breadcrumb"},"mainEntity":[{"@id":"https:\/\/www.alab.pl\/centrum-wiedzy\/gruzlica-skory-co-to-jest-i-jak-sie-objawia-przyczyny-diagnostyka-i-leczenie\/#faq-question-1777484922811"},{"@id":"https:\/\/www.alab.pl\/centrum-wiedzy\/gruzlica-skory-co-to-jest-i-jak-sie-objawia-przyczyny-diagnostyka-i-leczenie\/#faq-question-1777484940325"},{"@id":"https:\/\/www.alab.pl\/centrum-wiedzy\/gruzlica-skory-co-to-jest-i-jak-sie-objawia-przyczyny-diagnostyka-i-leczenie\/#faq-question-1777484955368"}],"inLanguage":"pl-PL","potentialAction":[{"@type":"ReadAction","target":["https:\/\/www.alab.pl\/centrum-wiedzy\/gruzlica-skory-co-to-jest-i-jak-sie-objawia-przyczyny-diagnostyka-i-leczenie\/"]}]},{"@type":"ImageObject","inLanguage":"pl-PL","@id":"https:\/\/www.alab.pl\/centrum-wiedzy\/gruzlica-skory-co-to-jest-i-jak-sie-objawia-przyczyny-diagnostyka-i-leczenie\/#primaryimage","url":"https:\/\/www.alab.pl\/centrum-wiedzy\/wp-content\/uploads\/2026\/03\/Gruzlica_skory_cover.jpg","contentUrl":"https:\/\/www.alab.pl\/centrum-wiedzy\/wp-content\/uploads\/2026\/03\/Gruzlica_skory_cover.jpg","width":1925,"height":1285,"caption":"Gruzlica_skory_cover"},{"@type":"BreadcrumbList","@id":"https:\/\/www.alab.pl\/centrum-wiedzy\/gruzlica-skory-co-to-jest-i-jak-sie-objawia-przyczyny-diagnostyka-i-leczenie\/#breadcrumb","itemListElement":[{"@type":"ListItem","position":1,"name":"Strona g\u0142\u00f3wna","item":"https:\/\/www.alab.pl\/centrum-wiedzy\/"},{"@type":"ListItem","position":2,"name":"Gru\u017alica sk\u00f3ry: co to jest i jak si\u0119 objawia? Przyczyny, diagnostyka i leczenie"}]},{"@type":"WebSite","@id":"https:\/\/www.alab.pl\/centrum-wiedzy\/#website","url":"https:\/\/www.alab.pl\/centrum-wiedzy\/","name":"Centrum Wiedzy ALAB laboratoria","description":"","publisher":{"@id":"https:\/\/www.alab.pl\/centrum-wiedzy\/#organization"},"potentialAction":[{"@type":"SearchAction","target":{"@type":"EntryPoint","urlTemplate":"https:\/\/www.alab.pl\/centrum-wiedzy\/?s={search_term_string}"},"query-input":{"@type":"PropertyValueSpecification","valueRequired":true,"valueName":"search_term_string"}}],"inLanguage":"pl-PL"},{"@type":"Organization","@id":"https:\/\/www.alab.pl\/centrum-wiedzy\/#organization","name":"Centrum Wiedzy ALAB laboratoria","url":"https:\/\/www.alab.pl\/centrum-wiedzy\/","logo":{"@type":"ImageObject","inLanguage":"pl-PL","@id":"https:\/\/www.alab.pl\/centrum-wiedzy\/#\/schema\/logo\/image\/","url":"https:\/\/www.alab.pl\/centrum-wiedzy\/wp-content\/uploads\/2022\/04\/alabek.jpg","contentUrl":"https:\/\/www.alab.pl\/centrum-wiedzy\/wp-content\/uploads\/2022\/04\/alabek.jpg","width":1250,"height":1251,"caption":"Centrum Wiedzy ALAB laboratoria"},"image":{"@id":"https:\/\/www.alab.pl\/centrum-wiedzy\/#\/schema\/logo\/image\/"},"sameAs":["https:\/\/www.facebook.com\/ALABlaboratoria"]},{"@type":"Person","@id":"https:\/\/www.alab.pl\/centrum-wiedzy\/#\/schema\/person\/1ae34e072d82e416ba56554dcb881d62","name":"Elwira Zawidzka","image":{"@type":"ImageObject","inLanguage":"pl-PL","@id":"https:\/\/www.alab.pl\/centrum-wiedzy\/wp-content\/uploads\/2022\/03\/Elwira-Zawidzka-scaled-1-150x149.jpg2f127cfeae6d9bf00c170f9c737413d3","url":"https:\/\/www.alab.pl\/centrum-wiedzy\/wp-content\/uploads\/2022\/03\/Elwira-Zawidzka-scaled-1-150x149.jpg","contentUrl":"https:\/\/www.alab.pl\/centrum-wiedzy\/wp-content\/uploads\/2022\/03\/Elwira-Zawidzka-scaled-1-150x149.jpg","caption":"Elwira Zawidzka"},"description":"Specjalista mikrobiologii medycznej, diagnosta laboratoryjny, cz\u0142onek Zespo\u0142u ds. Kontroli Zaka\u017ce\u0144 Szpitalnych. Absolwentka Uniwersytetu Warszawskiego, Warszawskiego Uniwersytetu Medycznego i Akademii Leona Ko\u017ami\u0144skiego.","url":"https:\/\/www.alab.pl\/centrum-wiedzy\/author\/elwira\/"},{"@type":"Question","@id":"https:\/\/www.alab.pl\/centrum-wiedzy\/gruzlica-skory-co-to-jest-i-jak-sie-objawia-przyczyny-diagnostyka-i-leczenie\/#faq-question-1777484922811","position":1,"url":"https:\/\/www.alab.pl\/centrum-wiedzy\/gruzlica-skory-co-to-jest-i-jak-sie-objawia-przyczyny-diagnostyka-i-leczenie\/#faq-question-1777484922811","name":"Jaka jest najcz\u0119stsza posta\u0107 gru\u017alicy sk\u00f3ry?","answerCount":1,"acceptedAnswer":{"@type":"Answer","text":"Najcz\u0119stsz\u0105 postaci\u0105 gru\u017alicy sk\u00f3ry jest gru\u017alica toczniowa.\u00a0 Choroba rozwija si\u0119 bardzo wolno i jest zwykle rozpoznawana po kilku latach od pojawienia si\u0119 zmiany pierwotnej, kt\u00f3r\u0105 jest \u017c\u00f3\u0142tobrunatny lub czerwonobrunatny guzek, wyniesiony ponad powierzchni\u0119 sk\u00f3ry. Zmiany umiejscowione s\u0105 zazwyczaj na nosie, policzkach, ko\u0144czynach, bocznych powierzchniach po\u015bladk\u00f3w i piersi. Guzki szerz\u0105 si\u0119 obwodowo i maj\u0105 r\u00f3\u017cn\u0105 sk\u0142onno\u015b\u0107 do bliznowacenia, przerostu i rozpadu.","inLanguage":"pl-PL"},"inLanguage":"pl-PL"},{"@type":"Question","@id":"https:\/\/www.alab.pl\/centrum-wiedzy\/gruzlica-skory-co-to-jest-i-jak-sie-objawia-przyczyny-diagnostyka-i-leczenie\/#faq-question-1777484940325","position":2,"url":"https:\/\/www.alab.pl\/centrum-wiedzy\/gruzlica-skory-co-to-jest-i-jak-sie-objawia-przyczyny-diagnostyka-i-leczenie\/#faq-question-1777484940325","name":"Jak wygl\u0105da gru\u017alica sk\u00f3ry?","answerCount":1,"acceptedAnswer":{"@type":"Answer","text":"Obraz kliniczny gru\u017alicy sk\u00f3ry mo\u017ce by\u0107 bardzo zr\u00f3\u017cnicowany, zale\u017cnie od umiejscowienia, masywno\u015bci zaka\u017cenia, miejsca wnikania bakterii i zjadliwo\u015bci pr\u0105tk\u00f3w. Na sk\u00f3rze mog\u0105 pojawia\u0107 si\u0119 guzki, owrzodzenia, ma\u0142e blizny, nacieki, brodawkowate naro\u015bla oraz zmiany z\u0142uszczeniowe. Z czasem zmiany ulegaj\u0105 powi\u0119kszeniu. Gru\u017alicy sk\u00f3ry mog\u0105 towarzyszy\u0107 zmiany og\u00f3lnoustrojowe, takie jak gor\u0105czka, nocne poty, utrata masy cia\u0142a i os\u0142abienie.","inLanguage":"pl-PL"},"inLanguage":"pl-PL"},{"@type":"Question","@id":"https:\/\/www.alab.pl\/centrum-wiedzy\/gruzlica-skory-co-to-jest-i-jak-sie-objawia-przyczyny-diagnostyka-i-leczenie\/#faq-question-1777484955368","position":3,"url":"https:\/\/www.alab.pl\/centrum-wiedzy\/gruzlica-skory-co-to-jest-i-jak-sie-objawia-przyczyny-diagnostyka-i-leczenie\/#faq-question-1777484955368","name":"Jakie s\u0105 postacie gru\u017alicy sk\u00f3ry?","answerCount":1,"acceptedAnswer":{"@type":"Answer","text":"Najcz\u0119stsz\u0105 postaci\u0105 gru\u017alicy sk\u00f3ry jest gru\u017alica toczniowa. Rzadziej wyst\u0119puj\u0105: gru\u017alica brodawkuj\u0105ca, gru\u017alica rozp\u0142ywna, gru\u017alica wrzodziej\u0105ca. R\u00f3\u017cnorodno\u015b\u0107 postaci gru\u017alicy sk\u00f3ry zwi\u0105zana jest z odporno\u015bci\u0105 organizmu oraz drog\u0105 zaka\u017cenia (poprzez bezpo\u015bredni kontakt sk\u00f3ry ze ska\u017conym materia\u0142em lub szerzenie przez ci\u0105g\u0142o\u015b\u0107 z tkanek g\u0142\u0119bszych).","inLanguage":"pl-PL"},"inLanguage":"pl-PL"}]}},"_links":{"self":[{"href":"https:\/\/www.alab.pl\/centrum-wiedzy\/wp-json\/wp\/v2\/posts\/31004","targetHints":{"allow":["GET"]}}],"collection":[{"href":"https:\/\/www.alab.pl\/centrum-wiedzy\/wp-json\/wp\/v2\/posts"}],"about":[{"href":"https:\/\/www.alab.pl\/centrum-wiedzy\/wp-json\/wp\/v2\/types\/post"}],"author":[{"embeddable":true,"href":"https:\/\/www.alab.pl\/centrum-wiedzy\/wp-json\/wp\/v2\/users\/95"}],"replies":[{"embeddable":true,"href":"https:\/\/www.alab.pl\/centrum-wiedzy\/wp-json\/wp\/v2\/comments?post=31004"}],"version-history":[{"count":2,"href":"https:\/\/www.alab.pl\/centrum-wiedzy\/wp-json\/wp\/v2\/posts\/31004\/revisions"}],"predecessor-version":[{"id":31006,"href":"https:\/\/www.alab.pl\/centrum-wiedzy\/wp-json\/wp\/v2\/posts\/31004\/revisions\/31006"}],"wp:featuredmedia":[{"embeddable":true,"href":"https:\/\/www.alab.pl\/centrum-wiedzy\/wp-json\/wp\/v2\/media\/30350"}],"wp:attachment":[{"href":"https:\/\/www.alab.pl\/centrum-wiedzy\/wp-json\/wp\/v2\/media?parent=31004"}],"wp:term":[{"taxonomy":"category","embeddable":true,"href":"https:\/\/www.alab.pl\/centrum-wiedzy\/wp-json\/wp\/v2\/categories?post=31004"},{"taxonomy":"post_tag","embeddable":true,"href":"https:\/\/www.alab.pl\/centrum-wiedzy\/wp-json\/wp\/v2\/tags?post=31004"},{"taxonomy":"author","embeddable":true,"href":"https:\/\/www.alab.pl\/centrum-wiedzy\/wp-json\/wp\/v2\/coauthors?post=31004"}],"curies":[{"name":"wp","href":"https:\/\/api.w.org\/{rel}","templated":true}]}}