{"id":3349,"date":"2022-04-25T11:10:57","date_gmt":"2022-04-25T09:10:57","guid":{"rendered":"https:\/\/sklep.alablaboratoria.pl\/centrum-wiedzy\/?p=3349"},"modified":"2025-12-10T15:52:40","modified_gmt":"2025-12-10T14:52:40","slug":"kariotyp-badanie-genetyczne","status":"publish","type":"post","link":"https:\/\/www.alab.pl\/centrum-wiedzy\/kariotyp-badanie-genetyczne\/","title":{"rendered":"Kariotyp &#8211; badanie genetyczne"},"content":{"rendered":"\n<p>Ka\u017cda kom\u00f3rka naszego organizmu zawiera j\u0105dro kom\u00f3rkowe, w kt\u00f3rym jest zlokalizowane <strong>DNA<\/strong>. Wi\u0119kszo\u015b\u0107 kom\u00f3rek w czasie swojego \u017cycia ulega <strong>podzia\u0142om kom\u00f3rkowym<\/strong>, czyli dzieli si\u0119 na dwie dok\u0142adnie takie same kom\u00f3rki potomne (nie dotyczy to kom\u00f3rek rozrodczych, czyli kom\u00f3rek jajowych i plemnik\u00f3w &#8211; one dziel\u0105 si\u0119 w inny spos\u00f3b). Aby nasze DNA dok\u0142adnie i r\u00f3wno zosta\u0142o rozdzielone do kom\u00f3rek potomnych, w czasie podzia\u0142u kom\u00f3rkowego zwanego mitoz\u0105 przyjmuje ono posta\u0107 <strong>chromosom\u00f3w<\/strong> &#8211; charakterystycznych \u201epa\u0142eczek\u201d pogrupowanych w pary. Dzi\u0119ki temu podzia\u0142 staje si\u0119 mo\u017cliwy, a w jego wyniku do ka\u017cdej kom\u00f3rki potomnej trafi jeden chromosom z pary, a wi\u0119c dok\u0142adnie \u201ep\u00f3\u0142 porcji DNA\u201d.<\/p>\n\n\n<div class=\"wp-block-image\">\n<figure class=\"aligncenter size-full\"><img loading=\"lazy\" decoding=\"async\" width=\"660\" height=\"440\" src=\"https:\/\/www.alab.pl\/centrum-wiedzy\/wp-content\/uploads\/2022\/04\/budowa-dna.jpg\" alt=\"budowa DNA\" class=\"wp-image-3364\" srcset=\"https:\/\/www.alab.pl\/centrum-wiedzy\/wp-content\/uploads\/2022\/04\/budowa-dna.jpg 660w, https:\/\/www.alab.pl\/centrum-wiedzy\/wp-content\/uploads\/2022\/04\/budowa-dna-150x100.jpg 150w, https:\/\/www.alab.pl\/centrum-wiedzy\/wp-content\/uploads\/2022\/04\/budowa-dna-300x200.jpg 300w\" sizes=\"auto, (max-width: 660px) 100vw, 660px\" \/><\/figure><\/div>\n\n\n<h2 class=\"wp-block-heading\">Co to jest kariotyp? Co to s\u0105 chromosomy?<\/h2>\n\n\n\n<p><strong>Kariotyp to u\u0142o\u017cone w pary chromosomy.<\/strong> Genom cz\u0142owieka tworzy 46 chromosom\u00f3w: 23 pary, z czego 22 to tzw. autosomy. Ostatni\u0105 par\u0119 tworz\u0105 chromosomy p\u0142ci: XX (kobieta) albo XY (m\u0119\u017cczyzna). Ka\u017cdy chromosom wyst\u0119puje w dw\u00f3ch kopiach, tworz\u0105 par\u0119 homologiczn\u0105, w kt\u00f3rej jedna kopia pochodzi od matki, druga za\u015b od ojca.<\/p>\n\n\n\n<p>Ka\u017cdy chromosom zbudowany jest z DNA oraz z bia\u0142ek, kt\u00f3re utrzymuj\u0105 charakterystyczn\u0105 posta\u0107 \u201epa\u0142eczki\u201d w czasie podzia\u0142u kom\u00f3rki.&nbsp;W strukturze chromosomu wyr\u00f3\u017cnia si\u0119 centromer (tzw. przew\u0119\u017cenie pierwotne), kt\u00f3re dzieli chromosom na dwa ramiona: kr\u00f3tkie (p) i d\u0142ugie (q). <\/p>\n\n\n\n<p><\/p>\n\n\n<div class=\"wp-block-image\">\n<figure class=\"aligncenter size-full\"><img loading=\"lazy\" decoding=\"async\" width=\"650\" height=\"408\" src=\"https:\/\/www.alab.pl\/centrum-wiedzy\/wp-content\/uploads\/2022\/04\/rodzaje-chromosomow.jpg\" alt=\"rodzaje chromosom\u00f3w\" class=\"wp-image-3361\" srcset=\"https:\/\/www.alab.pl\/centrum-wiedzy\/wp-content\/uploads\/2022\/04\/rodzaje-chromosomow.jpg 650w, https:\/\/www.alab.pl\/centrum-wiedzy\/wp-content\/uploads\/2022\/04\/rodzaje-chromosomow-150x94.jpg 150w, https:\/\/www.alab.pl\/centrum-wiedzy\/wp-content\/uploads\/2022\/04\/rodzaje-chromosomow-300x188.jpg 300w\" sizes=\"auto, (max-width: 650px) 100vw, 650px\" \/><\/figure><\/div>\n\n\n<p><\/p>\n\n\n\n<p><strong>Ze wzgl\u0119du na po\u0142o\u017cenie centromeru chromosomy dzieli si\u0119 na:<\/strong><\/p>\n\n\n\n<ul class=\"wp-block-list\">\n<li><strong>metacentryczne<\/strong> &#8211; centromer jest mniej wi\u0119cej na \u015brodku chromosomu i rami\u0119 kr\u00f3tkie i d\u0142ugie maj\u0105 podobn\u0105 d\u0142ugo\u015b\u0107<\/li>\n\n\n\n<li><strong>submetacentryczne<\/strong> &#8211; centromer przesuni\u0119ty jest w kierunku ramienia kr\u00f3tkiego i dlatego rami\u0119 kr\u00f3tkie jest kr\u00f3tsze od d\u0142ugiego<\/li>\n\n\n\n<li><strong>akrocentryczne<\/strong> &#8211; centromer jest obecny na jednym ko\u0144cu chromosomu i w takim chromosomie jest obecne tylko rami\u0119 d\u0142ugie, a zamiast kr\u00f3tkiego ramienia s\u0105 obecne tzw. satelity.<\/li>\n<\/ul>\n\n\n\n<h2 class=\"wp-block-heading\">Na czym polega badanie kariotypu?<\/h2>\n\n\n\n<p><strong>Badanie kariotypu<\/strong> opiera<strong> <\/strong>si\u0119 na analizie danej kom\u00f3rki w trakcie podzia\u0142u (mitozy), czyli w momencie, kiedy DNA z j\u0105dra kom\u00f3rkowego jest uformowane w chromosomy. Kariotyp to u\u0142o\u017cone w pary homologiczne chromosomy naszych kom\u00f3rek. Aby zbada\u0107 kariotyp, najcz\u0119\u015bciej pobiera si\u0119 <strong>krew obwodow\u0105 z \u017cy\u0142y \u0142okciowej<\/strong>. Nast\u0119pnie z pobranych kom\u00f3rek krwi (g\u0142\u00f3wnie limfocyt\u00f3w) zak\u0142ada si\u0119 hodowl\u0119 kom\u00f3rkow\u0105. Bardzo wa\u017cne dla wykonania badania kariotypu jest, aby kom\u00f3rki od pobrane pacjenta by\u0142y \u017cywe &#8211; nie mo\u017cna mrozi\u0107 pobranej krwi!<\/p>\n\n\n\n<p><strong>Badanie kariotypu nazywane jest badaniem cytogenetycznym i polega na ocenie struktury oraz liczby chromosom\u00f3w badanych kom\u00f3rek.<\/strong><\/p>\n\n\n\n<p>Nale\u017cy doda\u0107, \u017ce badanie kariotypu mo\u017cna wykona\u0107 tak\u017ce z innych kom\u00f3rek ni\u017c krew, np. ze szpiku, z kom\u00f3rek p\u0142ynu owodniowego, z fibroblast\u00f3w i z ka\u017cdej innej, dziel\u0105cej si\u0119 tkanki cz\u0142owieka.<\/p>\n\n\n\n<h2 class=\"wp-block-heading\">Kiedy nale\u017cy wykona\u0107 badanie kariotypu? Jakie s\u0105 rodzaje kariotypu?<\/h2>\n\n\n\n<p>Kariotyp nie jest badaniem rutynowym i nie ka\u017cdy z nas ma je wykonywane w trakcie ca\u0142ego \u017cycia. Przychodz\u0105 jednak takie momenty, kiedy nale\u017cy je wykona\u0107.<\/p>\n\n\n\n<p>W przypadku <a href=\"https:\/\/www.alab.pl\/badanie\/badanie-cytogenetyczne-kariotyp-klasyczny-limfocytow-krwi-obwodowej\" target=\"_blank\" rel=\"noreferrer noopener\"><strong>badania kariotypu z krwi obwodowej<\/strong><\/a>, kt\u00f3re nazywany jest <strong>kariotypem postnatalnym <\/strong>(czyli \u201epourodzeniowym\u201d) wskazaniami do jego wykonania s\u0105:<\/p>\n\n\n\n<ul class=\"wp-block-list\">\n<li><strong>wyst\u0119powanie u pacjenta cech fenotypowych <strong>charakterystycznych<\/strong> dla danego zespo\u0142u chromosomowego <\/strong>(np. nieprawid\u0142owy rozstaw oczu, nienaturalnie szeroka szyja, wady palc\u00f3w, w tym brak palca, b\u0105d\u017a o jeden palec za du\u017co)<\/li>\n\n\n\n<li><strong>wyst\u0119powanie u pacjenta wad rozwojowych<\/strong> (np. charakterystyczna wada serca) <strong>i\/lub op\u00f3\u017anienie rozwoju psychoruchowego<\/strong><\/li>\n\n\n\n<li><strong>niepowodzenia w utrzymaniu ci\u0105\u017cy <\/strong>&#8211; dwa lub wi\u0119cej poronie\u0144 samoistnych w I trymestrze ci\u0105\u017cy i\/lub urodzenie dzieci z wadami rozwojowymi<\/li>\n\n\n\n<li><strong>brak cech dojrzewania p\u0142ciowego, pierwotny lub wt\u00f3rny brak miesi\u0105czki, zbyt niski wzrost u dziewczynek<\/strong><\/li>\n\n\n\n<li><strong>nieprawid\u0142owa budowa zewn\u0119trznych narz\u0105d\u00f3w p\u0142ciowych<\/strong><\/li>\n\n\n\n<li><strong>wyst\u0119powanie w rodzinie pacjenta strukturalnej aberracji chromosomowej<\/strong><\/li>\n<\/ul>\n\n\n\n<figure class=\"wp-block-image size-full\"><a href=\"https:\/\/www.alab.pl\/badanie\/badanie-cytogenetyczne-kariotyp-klasyczny-limfocytow-krwi-obwodowej\" target=\"_blank\" rel=\"noopener\"><img loading=\"lazy\" decoding=\"async\" width=\"800\" height=\"200\" src=\"https:\/\/www.alab.pl\/centrum-wiedzy\/wp-content\/uploads\/2025\/03\/Badanie-kariotyp-klasyczny-badanie-cytogenetyczne.png\" alt=\"Badanie kariotyp klasyczny (badanie cytogenetyczne) banerek\" class=\"wp-image-22160\" srcset=\"https:\/\/www.alab.pl\/centrum-wiedzy\/wp-content\/uploads\/2025\/03\/Badanie-kariotyp-klasyczny-badanie-cytogenetyczne.png 800w, https:\/\/www.alab.pl\/centrum-wiedzy\/wp-content\/uploads\/2025\/03\/Badanie-kariotyp-klasyczny-badanie-cytogenetyczne-768x192.png 768w, https:\/\/www.alab.pl\/centrum-wiedzy\/wp-content\/uploads\/2025\/03\/Badanie-kariotyp-klasyczny-badanie-cytogenetyczne-150x38.png 150w, https:\/\/www.alab.pl\/centrum-wiedzy\/wp-content\/uploads\/2025\/03\/Badanie-kariotyp-klasyczny-badanie-cytogenetyczne-300x75.png 300w, https:\/\/www.alab.pl\/centrum-wiedzy\/wp-content\/uploads\/2025\/03\/Badanie-kariotyp-klasyczny-badanie-cytogenetyczne-696x174.png 696w\" sizes=\"auto, (max-width: 800px) 100vw, 800px\" \/><\/a><\/figure>\n\n\n\n<p><strong>Kariotyp ze szpiku <\/strong>jest wykonywany przy podejrzeniu choroby nowotworowej krwi, czyli np. bia\u0142aczki i jest kariotypem zwi\u0105zanym z chorob\u0105 nowotworow\u0105, inaczej nazywany <strong>kariotypem nabytym<\/strong>.<\/p>\n\n\n\n<p><strong>Kariotyp z p\u0142ynu owodniowego lub trofoblastu<\/strong> (warstwa kom\u00f3rek zewn\u0119trznych b\u0142ony p\u0142odowej) jest wykonywany przy podejrzeniu wad rozwojowych p\u0142odu, na kt\u00f3re wskaza\u0142 nieprawid\u0142owy obraz USG oraz wyniki bada\u0144 laboratoryjnych u kobiety w ci\u0105\u017cy i nazywany jest <strong>kariotypem prenatalnym<\/strong>.<\/p>\n\n\n\n<h2 class=\"wp-block-heading\">Jaki mo\u017ce by\u0107 wynik kariotypu?<\/h2>\n\n\n\n<p>Wynik kariotypu mo\u017ce by\u0107 prawid\u0142owy (czyli dla kobiety: 46, XX, a dla m\u0119\u017cczyzny: 46, XY), lub nieprawid\u0142owy. <\/p>\n\n\n\n<p><strong>Wynik nieprawid\u0142owy<\/strong> <strong>(nieprawid\u0142owy kariotyp)<\/strong> oznacza, \u017ce w analizowanych chromosomach stwierdzono zaburzenia w strukturze, w budowie (tzw. aberracj\u0119 strukturaln\u0105), albo w og\u00f3lnej liczbie chromosom\u00f3w (aberracja liczbowa).<\/p>\n\n\n\n<p><strong>Aberracje strukturalne<\/strong> powstaj\u0105 w wyniku z\u0142amania jednego lub kilku chromosom\u00f3w i ich nieprawid\u0142owego po\u0142\u0105czenia si\u0119. W\u015br\u00f3d aberracji strukturalnych wyr\u00f3\u017cnia si\u0119: translokacje, inwersje, delecje, duplikacje, izochromosomy, chromosomy pier\u015bcieniowe.<\/p>\n\n\n\n<p>Natomiast w\u015br\u00f3d <strong>aberracji liczbowych<\/strong> u cz\u0142owieka najcz\u0119\u015bciej stwierdza si\u0119 monosomie (czyli brak jednego chromosomu z pary) oraz trisomie (czyli dodatkowy chromosom do danej pary).<\/p>\n\n\n\n<p><strong>Prawid\u0142owy kariotyp m\u0119ski<\/strong> \u2013 widzimy 22 pary chromosom\u00f3w, od nr 1 do 22, oraz chromosomy p\u0142ci: X i Y.<\/p>\n\n\n<div class=\"wp-block-image\">\n<figure class=\"aligncenter size-full\"><img loading=\"lazy\" decoding=\"async\" width=\"627\" height=\"543\" src=\"https:\/\/www.alab.pl\/centrum-wiedzy\/wp-content\/uploads\/2022\/04\/kariotyp-prawidlowy.jpg\" alt=\"prawid\u0142owy kariotyp m\u0119ski\" class=\"wp-image-3357\" srcset=\"https:\/\/www.alab.pl\/centrum-wiedzy\/wp-content\/uploads\/2022\/04\/kariotyp-prawidlowy.jpg 627w, https:\/\/www.alab.pl\/centrum-wiedzy\/wp-content\/uploads\/2022\/04\/kariotyp-prawidlowy-150x130.jpg 150w, https:\/\/www.alab.pl\/centrum-wiedzy\/wp-content\/uploads\/2022\/04\/kariotyp-prawidlowy-300x260.jpg 300w\" sizes=\"auto, (max-width: 627px) 100vw, 627px\" \/><\/figure><\/div>\n\n\n<p><strong>Przyk\u0142adowy nieprawid\u0142owy kariotyp z trisomi\u0105 chromosomu 21 (zesp\u00f3\u0142 Downa)<\/strong> &#8211; widzimy przy nr 21, zamiast pary chromosom\u00f3w &#8211; trzy takie same chromosomy 21.<\/p>\n\n\n<div class=\"wp-block-image\">\n<figure class=\"aligncenter size-full\"><img loading=\"lazy\" decoding=\"async\" width=\"607\" height=\"515\" src=\"https:\/\/www.alab.pl\/centrum-wiedzy\/wp-content\/uploads\/2022\/04\/kariotyp-osoby-z-zespolem-downa-2.jpg\" alt=\"nieprawid\u0142owy kariotyp z trisomi\u0105 chromosomu 21 (zesp\u00f3\u0142 Downa)\" class=\"wp-image-3386\" srcset=\"https:\/\/www.alab.pl\/centrum-wiedzy\/wp-content\/uploads\/2022\/04\/kariotyp-osoby-z-zespolem-downa-2.jpg 607w, https:\/\/www.alab.pl\/centrum-wiedzy\/wp-content\/uploads\/2022\/04\/kariotyp-osoby-z-zespolem-downa-2-150x127.jpg 150w, https:\/\/www.alab.pl\/centrum-wiedzy\/wp-content\/uploads\/2022\/04\/kariotyp-osoby-z-zespolem-downa-2-300x255.jpg 300w\" sizes=\"auto, (max-width: 607px) 100vw, 607px\" \/><\/figure><\/div>\n\n\n<h2 class=\"wp-block-heading\">Co zrobi\u0107 z wynikiem kariotypu?<\/h2>\n\n\n\n<p>Poniewa\u017c badanie kariotypu jest badaniem genetycznym, pacjent, kt\u00f3ry otrzymuje wynik kariotypu powinien by\u0107 pod opiek\u0105 lekarza. Wynik tak specjalistycznego badania <strong>powinien by\u0107 zawsze om\u00f3wiony z lekarzem, specjalist\u0105 w zakresie genetyki klinicznej<\/strong> bez wzgl\u0119du na to, czy jest to badanie postnatalne czy prenatalne.<\/p>\n\n\n\n<p>&gt;&gt;&gt; <strong>Przeczytaj te\u017c: <a href=\"https:\/\/www.alab.pl\/centrum-wiedzy\/badania-po-poronieniach-jakie-warto-wykonac\/\">Badania po poronieniach &#8211; jakie warto wykona\u0107?<\/a><\/strong><\/p>\n\n\n\n<figure class=\"wp-block-image size-full\"><a href=\"https:\/\/www.alab.pl\/diagnostyka-genetyczna\" target=\"_blank\" rel=\"noreferrer noopener\"><img loading=\"lazy\" decoding=\"async\" width=\"800\" height=\"241\" src=\"https:\/\/www.alab.pl\/centrum-wiedzy\/wp-content\/uploads\/2024\/10\/Genetyka-jpg.webp\" alt=\"diagnostyka genetyczna baner\" class=\"wp-image-17998\" srcset=\"https:\/\/www.alab.pl\/centrum-wiedzy\/wp-content\/uploads\/2024\/10\/Genetyka-jpg.webp 800w, https:\/\/www.alab.pl\/centrum-wiedzy\/wp-content\/uploads\/2024\/10\/Genetyka-jpg-768x231.webp 768w, https:\/\/www.alab.pl\/centrum-wiedzy\/wp-content\/uploads\/2024\/10\/Genetyka-jpg-150x45.webp 150w, https:\/\/www.alab.pl\/centrum-wiedzy\/wp-content\/uploads\/2024\/10\/Genetyka-jpg-300x90.webp 300w, https:\/\/www.alab.pl\/centrum-wiedzy\/wp-content\/uploads\/2024\/10\/Genetyka-jpg-696x210.webp 696w\" sizes=\"auto, (max-width: 800px) 100vw, 800px\" \/><\/a><\/figure>\n","protected":false},"excerpt":{"rendered":"<p>Na czym polega i jakich informacji dostarcza badanie kariotypu? Kto i kiedy powinien je wykona\u0107?<\/p>\n","protected":false},"author":119,"featured_media":3353,"comment_status":"closed","ping_status":"open","sticky":false,"template":"","format":"standard","meta":{"_acf_changed":false,"inline_featured_image":false,"footnotes":""},"categories":[21,24],"tags":[],"coauthors":[155],"class_list":{"0":"post-3349","1":"post","2":"type-post","3":"status-publish","4":"format-standard","5":"has-post-thumbnail","7":"category-genetyka","8":"category-nieplodnosc-niepowodzenia-ciazy"},"acf":[],"yoast_head":"<!-- This site is optimized with the Yoast SEO plugin v27.4 - https:\/\/yoast.com\/product\/yoast-seo-wordpress\/ -->\n<title>Kariotyp: definicja, rodzaje, wskazania do badania<\/title>\n<meta name=\"description\" content=\"Czym jest kariotyp, jak wygl\u0105da badanie kariotypu i czego mo\u017cna si\u0119 z niego dowiedzie\u0107? Dowiedz si\u0119, kiedy wykona\u0107 to badanie i o czym \u015bwiadcz\u0105 wyniki.\" \/>\n<meta name=\"robots\" content=\"index, follow, max-snippet:-1, max-image-preview:large, max-video-preview:-1\" \/>\n<link rel=\"canonical\" href=\"https:\/\/www.alab.pl\/centrum-wiedzy\/kariotyp-badanie-genetyczne\/\" \/>\n<meta property=\"og:locale\" content=\"pl_PL\" \/>\n<meta property=\"og:type\" content=\"article\" \/>\n<meta property=\"og:title\" content=\"Kariotyp: definicja, rodzaje, wskazania do badania\" \/>\n<meta property=\"og:description\" content=\"Czym jest kariotyp, jak wygl\u0105da badanie kariotypu i czego mo\u017cna si\u0119 z niego dowiedzie\u0107? Dowiedz si\u0119, kiedy wykona\u0107 to badanie i o czym \u015bwiadcz\u0105 wyniki.\" \/>\n<meta property=\"og:url\" content=\"https:\/\/www.alab.pl\/centrum-wiedzy\/kariotyp-badanie-genetyczne\/\" \/>\n<meta property=\"og:site_name\" content=\"Centrum Wiedzy ALAB laboratoria\" \/>\n<meta property=\"article:publisher\" content=\"https:\/\/www.facebook.com\/ALABlaboratoria\" \/>\n<meta property=\"article:published_time\" content=\"2022-04-25T09:10:57+00:00\" \/>\n<meta property=\"article:modified_time\" content=\"2025-12-10T14:52:40+00:00\" \/>\n<meta property=\"og:image\" content=\"https:\/\/www.alab.pl\/centrum-wiedzy\/wp-content\/uploads\/2022\/04\/kobieta-w-ciazy.jpg\" \/>\n\t<meta property=\"og:image:width\" content=\"1100\" \/>\n\t<meta property=\"og:image:height\" content=\"734\" \/>\n\t<meta property=\"og:image:type\" content=\"image\/jpeg\" \/>\n<meta name=\"author\" content=\"Ewa Ma\u0142y\" \/>\n<meta name=\"twitter:card\" content=\"summary_large_image\" \/>\n<meta name=\"twitter:label1\" content=\"Napisane przez\" \/>\n\t<meta name=\"twitter:data1\" content=\"Ewa Ma\u0142y\" \/>\n\t<meta name=\"twitter:label2\" content=\"Szacowany czas czytania\" \/>\n\t<meta name=\"twitter:data2\" content=\"7 minut\" \/>\n\t<meta name=\"twitter:label3\" content=\"Written by\" \/>\n\t<meta name=\"twitter:data3\" content=\"Ewa Ma\u0142y\" \/>\n<!-- \/ Yoast SEO plugin. -->","yoast_head_json":{"title":"Kariotyp: definicja, rodzaje, wskazania do badania","description":"Czym jest kariotyp, jak wygl\u0105da badanie kariotypu i czego mo\u017cna si\u0119 z niego dowiedzie\u0107? Dowiedz si\u0119, kiedy wykona\u0107 to badanie i o czym \u015bwiadcz\u0105 wyniki.","robots":{"index":"index","follow":"follow","max-snippet":"max-snippet:-1","max-image-preview":"max-image-preview:large","max-video-preview":"max-video-preview:-1"},"canonical":"https:\/\/www.alab.pl\/centrum-wiedzy\/kariotyp-badanie-genetyczne\/","og_locale":"pl_PL","og_type":"article","og_title":"Kariotyp: definicja, rodzaje, wskazania do badania","og_description":"Czym jest kariotyp, jak wygl\u0105da badanie kariotypu i czego mo\u017cna si\u0119 z niego dowiedzie\u0107? Dowiedz si\u0119, kiedy wykona\u0107 to badanie i o czym \u015bwiadcz\u0105 wyniki.","og_url":"https:\/\/www.alab.pl\/centrum-wiedzy\/kariotyp-badanie-genetyczne\/","og_site_name":"Centrum Wiedzy ALAB laboratoria","article_publisher":"https:\/\/www.facebook.com\/ALABlaboratoria","article_published_time":"2022-04-25T09:10:57+00:00","article_modified_time":"2025-12-10T14:52:40+00:00","og_image":[{"width":1100,"height":734,"url":"https:\/\/www.alab.pl\/centrum-wiedzy\/wp-content\/uploads\/2022\/04\/kobieta-w-ciazy.jpg","type":"image\/jpeg"}],"author":"Ewa Ma\u0142y","twitter_card":"summary_large_image","twitter_misc":{"Napisane przez":"Ewa Ma\u0142y","Szacowany czas czytania":"7 minut","Written by":"Ewa Ma\u0142y"},"schema":{"@context":"https:\/\/schema.org","@graph":[{"@type":"Article","@id":"https:\/\/www.alab.pl\/centrum-wiedzy\/kariotyp-badanie-genetyczne\/#article","isPartOf":{"@id":"https:\/\/www.alab.pl\/centrum-wiedzy\/kariotyp-badanie-genetyczne\/"},"author":{"name":"Ewa Ma\u0142y","@id":"https:\/\/www.alab.pl\/centrum-wiedzy\/#\/schema\/person\/bf19e98ca34fa7096977fe33740a1062"},"headline":"Kariotyp &#8211; badanie genetyczne","datePublished":"2022-04-25T09:10:57+00:00","dateModified":"2025-12-10T14:52:40+00:00","mainEntityOfPage":{"@id":"https:\/\/www.alab.pl\/centrum-wiedzy\/kariotyp-badanie-genetyczne\/"},"wordCount":949,"publisher":{"@id":"https:\/\/www.alab.pl\/centrum-wiedzy\/#organization"},"image":{"@id":"https:\/\/www.alab.pl\/centrum-wiedzy\/kariotyp-badanie-genetyczne\/#primaryimage"},"thumbnailUrl":"https:\/\/www.alab.pl\/centrum-wiedzy\/wp-content\/uploads\/2022\/04\/kobieta-w-ciazy.jpg","articleSection":["Genetyka","Niep\u0142odno\u015b\u0107, niepowodzenia ci\u0105\u017cy"],"inLanguage":"pl-PL"},{"@type":"WebPage","@id":"https:\/\/www.alab.pl\/centrum-wiedzy\/kariotyp-badanie-genetyczne\/","url":"https:\/\/www.alab.pl\/centrum-wiedzy\/kariotyp-badanie-genetyczne\/","name":"Kariotyp: definicja, rodzaje, wskazania do badania","isPartOf":{"@id":"https:\/\/www.alab.pl\/centrum-wiedzy\/#website"},"primaryImageOfPage":{"@id":"https:\/\/www.alab.pl\/centrum-wiedzy\/kariotyp-badanie-genetyczne\/#primaryimage"},"image":{"@id":"https:\/\/www.alab.pl\/centrum-wiedzy\/kariotyp-badanie-genetyczne\/#primaryimage"},"thumbnailUrl":"https:\/\/www.alab.pl\/centrum-wiedzy\/wp-content\/uploads\/2022\/04\/kobieta-w-ciazy.jpg","datePublished":"2022-04-25T09:10:57+00:00","dateModified":"2025-12-10T14:52:40+00:00","description":"Czym jest kariotyp, jak wygl\u0105da badanie kariotypu i czego mo\u017cna si\u0119 z niego dowiedzie\u0107? Dowiedz si\u0119, kiedy wykona\u0107 to badanie i o czym \u015bwiadcz\u0105 wyniki.","breadcrumb":{"@id":"https:\/\/www.alab.pl\/centrum-wiedzy\/kariotyp-badanie-genetyczne\/#breadcrumb"},"inLanguage":"pl-PL","potentialAction":[{"@type":"ReadAction","target":["https:\/\/www.alab.pl\/centrum-wiedzy\/kariotyp-badanie-genetyczne\/"]}]},{"@type":"ImageObject","inLanguage":"pl-PL","@id":"https:\/\/www.alab.pl\/centrum-wiedzy\/kariotyp-badanie-genetyczne\/#primaryimage","url":"https:\/\/www.alab.pl\/centrum-wiedzy\/wp-content\/uploads\/2022\/04\/kobieta-w-ciazy.jpg","contentUrl":"https:\/\/www.alab.pl\/centrum-wiedzy\/wp-content\/uploads\/2022\/04\/kobieta-w-ciazy.jpg","width":1100,"height":734,"caption":"kobieta w ci\u0105\u017cy"},{"@type":"BreadcrumbList","@id":"https:\/\/www.alab.pl\/centrum-wiedzy\/kariotyp-badanie-genetyczne\/#breadcrumb","itemListElement":[{"@type":"ListItem","position":1,"name":"Strona g\u0142\u00f3wna","item":"https:\/\/www.alab.pl\/centrum-wiedzy\/"},{"@type":"ListItem","position":2,"name":"Kariotyp &#8211; badanie genetyczne"}]},{"@type":"WebSite","@id":"https:\/\/www.alab.pl\/centrum-wiedzy\/#website","url":"https:\/\/www.alab.pl\/centrum-wiedzy\/","name":"Centrum Wiedzy ALAB laboratoria","description":"","publisher":{"@id":"https:\/\/www.alab.pl\/centrum-wiedzy\/#organization"},"potentialAction":[{"@type":"SearchAction","target":{"@type":"EntryPoint","urlTemplate":"https:\/\/www.alab.pl\/centrum-wiedzy\/?s={search_term_string}"},"query-input":{"@type":"PropertyValueSpecification","valueRequired":true,"valueName":"search_term_string"}}],"inLanguage":"pl-PL"},{"@type":"Organization","@id":"https:\/\/www.alab.pl\/centrum-wiedzy\/#organization","name":"Centrum Wiedzy ALAB laboratoria","url":"https:\/\/www.alab.pl\/centrum-wiedzy\/","logo":{"@type":"ImageObject","inLanguage":"pl-PL","@id":"https:\/\/www.alab.pl\/centrum-wiedzy\/#\/schema\/logo\/image\/","url":"https:\/\/www.alab.pl\/centrum-wiedzy\/wp-content\/uploads\/2022\/04\/alabek.jpg","contentUrl":"https:\/\/www.alab.pl\/centrum-wiedzy\/wp-content\/uploads\/2022\/04\/alabek.jpg","width":1250,"height":1251,"caption":"Centrum Wiedzy ALAB laboratoria"},"image":{"@id":"https:\/\/www.alab.pl\/centrum-wiedzy\/#\/schema\/logo\/image\/"},"sameAs":["https:\/\/www.facebook.com\/ALABlaboratoria"]},{"@type":"Person","@id":"https:\/\/www.alab.pl\/centrum-wiedzy\/#\/schema\/person\/bf19e98ca34fa7096977fe33740a1062","name":"Ewa Ma\u0142y","image":{"@type":"ImageObject","inLanguage":"pl-PL","@id":"https:\/\/www.alab.pl\/centrum-wiedzy\/wp-content\/uploads\/2022\/04\/Ewa-Maly-150x150.jpg91cb82b6579e1eae174f49b8cfb8bcb6","url":"https:\/\/www.alab.pl\/centrum-wiedzy\/wp-content\/uploads\/2022\/04\/Ewa-Maly-150x150.jpg","contentUrl":"https:\/\/www.alab.pl\/centrum-wiedzy\/wp-content\/uploads\/2022\/04\/Ewa-Maly-150x150.jpg","caption":"Ewa Ma\u0142y"},"description":"G\u0142\u00f3wny specjalista ds. genetyki w grupie ALAB, diagnosta laboratoryjny, specjalista laboratoryjnej genetyki medycznej. Absolwentka biotechnologii na Uniwersytecie Przyrodniczym w Poznaniu oraz analityki medycznej Collegium Medicum UMK w Bydgoszczy.","url":"https:\/\/www.alab.pl\/centrum-wiedzy\/author\/ewa-maly\/"}]}},"_links":{"self":[{"href":"https:\/\/www.alab.pl\/centrum-wiedzy\/wp-json\/wp\/v2\/posts\/3349","targetHints":{"allow":["GET"]}}],"collection":[{"href":"https:\/\/www.alab.pl\/centrum-wiedzy\/wp-json\/wp\/v2\/posts"}],"about":[{"href":"https:\/\/www.alab.pl\/centrum-wiedzy\/wp-json\/wp\/v2\/types\/post"}],"author":[{"embeddable":true,"href":"https:\/\/www.alab.pl\/centrum-wiedzy\/wp-json\/wp\/v2\/users\/119"}],"replies":[{"embeddable":true,"href":"https:\/\/www.alab.pl\/centrum-wiedzy\/wp-json\/wp\/v2\/comments?post=3349"}],"version-history":[{"count":1,"href":"https:\/\/www.alab.pl\/centrum-wiedzy\/wp-json\/wp\/v2\/posts\/3349\/revisions"}],"predecessor-version":[{"id":28431,"href":"https:\/\/www.alab.pl\/centrum-wiedzy\/wp-json\/wp\/v2\/posts\/3349\/revisions\/28431"}],"wp:featuredmedia":[{"embeddable":true,"href":"https:\/\/www.alab.pl\/centrum-wiedzy\/wp-json\/wp\/v2\/media\/3353"}],"wp:attachment":[{"href":"https:\/\/www.alab.pl\/centrum-wiedzy\/wp-json\/wp\/v2\/media?parent=3349"}],"wp:term":[{"taxonomy":"category","embeddable":true,"href":"https:\/\/www.alab.pl\/centrum-wiedzy\/wp-json\/wp\/v2\/categories?post=3349"},{"taxonomy":"post_tag","embeddable":true,"href":"https:\/\/www.alab.pl\/centrum-wiedzy\/wp-json\/wp\/v2\/tags?post=3349"},{"taxonomy":"author","embeddable":true,"href":"https:\/\/www.alab.pl\/centrum-wiedzy\/wp-json\/wp\/v2\/coauthors?post=3349"}],"curies":[{"name":"wp","href":"https:\/\/api.w.org\/{rel}","templated":true}]}}