{"id":3576,"date":"2022-05-18T08:30:29","date_gmt":"2022-05-18T06:30:29","guid":{"rendered":"https:\/\/sklep.alablaboratoria.pl\/centrum-wiedzy\/?p=3576"},"modified":"2025-05-05T11:37:41","modified_gmt":"2025-05-05T09:37:41","slug":"diagnostyka-dysbiozy-jelitowej-odpowiedzi-na-pytania-pacjentow","status":"publish","type":"post","link":"https:\/\/www.alab.pl\/centrum-wiedzy\/diagnostyka-dysbiozy-jelitowej-odpowiedzi-na-pytania-pacjentow\/","title":{"rendered":"Diagnostyka dysbiozy jelitowej &#8211; odpowiedzi na pytania pacjent\u00f3w"},"content":{"rendered":"\n<p><strong>Jak dieta wp\u0142ywa na interpretacj\u0119 wyniku badania Organix Gastro? W jakim wieku musi by\u0107 dziecko, by m\u00f3c wykona\u0107 u niego badanie? Odpowiedzi na te i inne pytania pacjent\u00f3w udziela dr n. med. Daniela Kurczabi\u0144ska-Lubo\u0144.<\/strong><\/p>\n\n\n\n<p>Zach\u0119camy do obejrzenia webinaru ALAB laboratoria nt. nowoczesnych metod diagnostyki dysbiozy jelitowej i wykorzystania badania Organix Gastro. Wyk\u0142ad poprowadzi\u0142a dr n.med. Daniela Kurczabi\u0144ska-Lubo\u0144 &#8211; ekspert w dziedzinie biologii funkcjonalnej, mikrood\u017cywiania i probiotykoterapii, dyrektor zarz\u0105dzaj\u0105cy O\u015brodka Medycyny Zdrowia Preveneo, specjalista anestezjologii i intensywnej terapii z wieloletnim do\u015bwiadczeniem klinicznym.<\/p>\n\n\n\n<p><strong>W<\/strong> <strong>trakcie i po webinarze pojawi\u0142y si\u0119 liczne pytania &#8211; odpowiedzi udzielone przez Pani\u0105 Doktor publikujemy pod nagraniem. <\/strong><\/p>\n\n\n\n<figure class=\"wp-block-embed is-type-video is-provider-youtube wp-block-embed-youtube wp-embed-aspect-4-3 wp-has-aspect-ratio\"><div class=\"wp-block-embed__wrapper\">\n<iframe loading=\"lazy\" title=\"Jak diagnozowa\u0107 zaburzenia mikrobioty? Organix Gastro - nowoczesne metody diagnostyki dysbiozy.\" width=\"696\" height=\"522\" src=\"https:\/\/www.youtube.com\/embed\/kPErLoYcgl0?feature=oembed\" frameborder=\"0\" allow=\"accelerometer; autoplay; clipboard-write; encrypted-media; gyroscope; picture-in-picture; web-share\" referrerpolicy=\"strict-origin-when-cross-origin\" allowfullscreen><\/iframe>\n<\/div><\/figure>\n\n\n\n<p><strong>1. Jak pacjent musi by\u0107 przygotowany do tego badania? Jakich produkt\u00f3w \u017cywno\u015bciowych\/suplement\u00f3w\/probiotyk\u00f3w nie mo\u017cna spo\u017cywa\u0107 przed badaniem? Z jakim wyprzedzeniem trzeba je odstawi\u0107?<\/strong><\/p>\n\n\n\n<p>Informacje, jak przygotowa\u0107 si\u0119 do badania Organix Gastro, a tak\u017ce jakie produkty wy\u0142\u0105czy\u0107 z diety, podawane s\u0105 przez laboratorium &#8211; zazwyczaj przekazuje je tak\u017ce lekarz zlecaj\u0105cy badanie. Instrukcja dodawana jest te\u017c do zestawu do wykonania badania, informacje dost\u0119pne s\u0105 r\u00f3wnie\u017c na <a href=\"https:\/\/www.alab.pl\/badanie\/organix-gastro-posredni-test-dysbiozy?_ga=2.146691764.1632105164.1652084427-543715755.1650025179&amp;_gac=1.79775077.1651490927.CjwKCAjwgr6TBhAGEiwA3aVuIcdfjlvqTMcVVHJm0qk2_XvydtSmbW7GDi9ck6DQJ6vFhiNNYpbBAxoCXYEQAvD_BwE\" target=\"_blank\" rel=\"noreferrer noopener\">stronie badania Organix Gastro<\/a>.&nbsp;<\/p>\n\n\n\n<p>Czy nale\u017cy odstawi\u0107 probiotyki? To zale\u017cy od sytuacji pacjenta &#8211; moim zdaniem decyzj\u0119 powinien podj\u0105\u0107 specjalista zlecaj\u0105cy badanie.&nbsp;<\/p>\n\n\n\n<figure class=\"wp-block-image size-full\"><a href=\"https:\/\/www.alab.pl\/badanie\/organix-gastro-posredni-test-dysbiozy\" target=\"_blank\" rel=\"noopener\"><img loading=\"lazy\" decoding=\"async\" width=\"800\" height=\"200\" src=\"https:\/\/www.alab.pl\/centrum-wiedzy\/wp-content\/uploads\/2025\/02\/Badanie-Organix-Gastro-posredni-test-dysbiozy.jpg\" alt=\"Badanie Organix Gastro pos\u0301redni test dysbiozy banerek\" class=\"wp-image-21210\" srcset=\"https:\/\/www.alab.pl\/centrum-wiedzy\/wp-content\/uploads\/2025\/02\/Badanie-Organix-Gastro-posredni-test-dysbiozy.jpg 800w, https:\/\/www.alab.pl\/centrum-wiedzy\/wp-content\/uploads\/2025\/02\/Badanie-Organix-Gastro-posredni-test-dysbiozy-768x192.jpg 768w, https:\/\/www.alab.pl\/centrum-wiedzy\/wp-content\/uploads\/2025\/02\/Badanie-Organix-Gastro-posredni-test-dysbiozy-150x38.jpg 150w, https:\/\/www.alab.pl\/centrum-wiedzy\/wp-content\/uploads\/2025\/02\/Badanie-Organix-Gastro-posredni-test-dysbiozy-300x75.jpg 300w, https:\/\/www.alab.pl\/centrum-wiedzy\/wp-content\/uploads\/2025\/02\/Badanie-Organix-Gastro-posredni-test-dysbiozy-696x174.jpg 696w\" sizes=\"auto, (max-width: 800px) 100vw, 800px\" \/><\/a><\/figure>\n\n\n\n<p><strong>2. Od jakiego wieku mo\u017cliwe jest przeprowadzenie badania dysbiozy jelitowej u dziecka?<\/strong><\/p>\n\n\n\n<p>Od momentu, kiedy dziecko nie moczy si\u0119 w nocy i mo\u017cna prawid\u0142owo zebra\u0107 mocz do badania Organix Gastro.&nbsp;<\/p>\n\n\n\n<p><strong>3. Czy dieta pacjenta nie zniekszta\u0142ca wyniku testu Organix Gastro w stopniu znacznie utrudniaj\u0105cym jego w\u0142a\u015bciw\u0105 interpretacj\u0119?<\/strong><\/p>\n\n\n\n<p>Oczywi\u015bcie dieta modyfikuje mikrobiom, dlatego stanowi jeden z kluczowych element\u00f3w terapii. Badania dysbiozy jelitowej wykonujemy u pacjenta, kt\u00f3ry \u017cywi si\u0119 zwyczajowo w jaki\u015b okre\u015blony spos\u00f3b, wi\u0119c jego dieta nie utrudnia interpretacji, ale pokazuje codzienn\u0105 rzeczywisto\u015b\u0107.<\/p>\n\n\n\n<p><strong>4. W jakim stopniu wyniki z moczu s\u0105 w stanie pokaza\u0107 faktyczny profil bakteryjny jelit? Co z bakteriami, kt\u00f3re w danym momencie badania Organix Gastro nie s\u0105 biologicznie aktywne i nie produkuj\u0105 metabolit\u00f3w?<\/strong><\/p>\n\n\n\n<p>Faktyczny profil bakteryjny pokazuj\u0105 wy\u0142\u0105cznie badania DNA mikrobiomu. Interesuj\u0105 nas przede wszystkim poziomy bakterii wska\u017anikowych: ochronnych, immunostymuluj\u0105cych, patogennych oraz produkuj\u0105cych toksyczne metabolity. Wielu bakterii jeszcze nie poznano &#8211; nie s\u0105 znane ich funkcje w organizmie cz\u0142owieka &#8211; wiadomo tylko, \u017ce s\u0105 obecne w jelicie.&nbsp;<\/p>\n\n\n\n<p><strong>5. Z czego wynika oznaczanie panelu Organix Gastro w moczu, a nie w kale? Czy omawiane przez Pani\u0105 Doktor zwi\u0105zki po prostu s\u0105 wyra\u017aniej obecne w moczu ni\u017c w kale?<\/strong><\/p>\n\n\n\n<p>Obecno\u015b\u0107 okre\u015blonych zwi\u0105zk\u00f3w w moczu \u015bwiadczy o ich wcze\u015bniejszej obecno\u015bci w uk\u0142adzie kr\u0105\u017cenia &#8211; we krwi, czyli r\u00f3wnie\u017c w ka\u017cdym narz\u0105dzie i tkance. To, co jest obecne w jelicie (w kale), nie zawsze przedostaje si\u0119&nbsp; do kr\u0105\u017cenia.&nbsp;<\/p>\n\n\n\n<p><strong>6. Czy dysbioza jelitowa jest po\u0142\u0105czona z problemami detoksykacji organizmu? Czy organizm obci\u0105\u017cony metalami ci\u0119\u017ckimi, maj\u0105cy problem z detoksykacj\u0105 b\u0119dzie bardziej nara\u017cony na dysbioz\u0119 jelitow\u0105? Czy metale ci\u0119\u017ckie mog\u0105 utrudnia\u0107 wyleczenie z dysbiozy jelitowej?<\/strong><\/p>\n\n\n\n<p>Powiedzia\u0142abym, \u017ce jest zupe\u0142nie odwrotnie. To dysbioza jest przyczyn\u0105 sta\u0142ego obci\u0105\u017cenia w\u0105troby i pogarsza jej mo\u017cliwo\u015bci detoksykacji &#8211; wtedy <a href=\"https:\/\/www.alab.pl\/centrum-wiedzy\/metale-ciezkie\/\">metale ci\u0119\u017ckie<\/a> s\u0105 gorzej usuwane z organizmu. Jednak istniej\u0105 te\u017c oczywi\u015bcie inne aspekty tego problemu, m.in.: uwarunkowane genetycznie zaburzenia enzymatyczne i metaboliczne. Nale\u017cy pami\u0119ta\u0107, \u017ce w\u0105troba dziecka, kt\u00f3rego matka ma znaczn\u0105 dysbioz\u0119 i bardzo zaburzony wynik badania Organix Gastro (wysokie poziomy kwas\u00f3w organicznych w moczu) jest obci\u0105\u017cona ju\u017c w okresie \u017cycia p\u0142odowego.<\/p>\n\n\n\n<p><strong>7. Czy nabyta niedoczynno\u015b\u0107 tarczycy to tak\u017ce wynik dysbiozy jelitowej?<\/strong><\/p>\n\n\n\n<p>Tarczyca jest narz\u0105dem, kt\u00f3ry cz\u0119sto ulega \u201euszkodzeniu\u201d, kiedy mamy dysbioz\u0119 jelitow\u0105, a tym samym niedobory \u017cywieniowe oraz zesp\u00f3\u0142 nieszczelnego jelita.&nbsp;<\/p>\n\n\n\n<p><strong>8. Czy pora roku ma wp\u0142yw na nasilenie zaburze\u0144 jelitowych?<\/strong><\/p>\n\n\n\n<p>Czasami tak, m.in.: szczeg\u00f3lnie je\u015bli problem dotyczy namna\u017cania grzyb\u00f3w i lamblii.<strong>&nbsp;<\/strong><\/p>\n\n\n\n<p><strong>9. Jaki jest wp\u0142yw glifosatu na dysbioz\u0119? Mam wynik 1,5, to znacznie powy\u017cej normy 0,6 &#8211; jak obni\u017cy\u0107 glifosat?<\/strong><\/p>\n\n\n\n<p>Proponuj\u0119 zacz\u0105\u0107 od poszukania \u017ar\u00f3d\u0142a problemu &#8211; nale\u017cy ustali\u0107, sk\u0105d glifosat trafia w takich ilo\u015bciach do organizmu. Mo\u017cna te\u017c wspomaga\u0107 funkcje metaboliczne w\u0105troby: L-ornityna, og\u00f3recznik, karczoch itp.<\/p>\n\n\n\n<p><strong>10. Jaki jest czas posiewu stosowany w badaniu?<\/strong><\/p>\n\n\n\n<p>Badanie Organix Gastro nie polega na posiewie, tylko na oznaczaniu poziom\u00f3w kwas\u00f3w organicznych w moczu.<\/p>\n\n\n\n<p><strong>11. Czy s\u0105 badania pokazuj\u0105ce wp\u0142yw zaburzenia mikrobioty na pojawianie si\u0119 depresji?<\/strong><\/p>\n\n\n\n<p>Oczywi\u015bcie! Jest ich ca\u0142e mn\u00f3stwo. Ten temat interesuje naukowc\u00f3w od dawna i jest stosunkowo dobrze przebadany.&nbsp;<\/p>\n\n\n\n<p><strong>12. Jak interpretowa\u0107 wyniki Organix Gastro, gdy mamy bardzo nisk\u0105 kreatynin\u0119 lub poni\u017cej normy?<\/strong><\/p>\n\n\n\n<p>Badanie Organix Gastro jest wykonywane przez laboratorium tylko wtedy, gdy poziom kreatyniny pozwala na jego wykonanie oraz interpretacj\u0119.&nbsp;<\/p>\n\n\n\n<p><strong>13. Co dok\u0142adnie pokazuje wysoki\/niski wynik sIgA (wydzielnicza immunoglobulina A)?&nbsp;<\/strong><\/p>\n\n\n\n<p>Niskie sIgA to niedob\u00f3r odporno\u015bci \u015bluz\u00f3wkowej, a wysokie to odpowied\u017a immunologiczna na infekcj\u0119 w jelicie b\u0105d\u017a reakcje immunologiczne na pokarmy.<\/p>\n\n\n\n<p><strong>14. Dlaczego w interpretacji Organix Gastro nie ma interpretacji krezol, a wspomina Pani o jego po\u0142\u0105czeniu z infekcj\u0105 clostridium diff.?<\/strong><\/p>\n\n\n\n<p>Informacja znajduje si\u0119 w interpretacji badania Organix Gastro.<\/p>\n\n\n\n<p><strong>15. Jaka jest skuteczno\u015b\u0107 badania kwasu winowego z perspektywy weryfikacji wyst\u0119powania SIFO (zesp\u00f3\u0142 rozrostu grzybiczego jelita cienkiego)?<\/strong><\/p>\n\n\n\n<p>My\u015bl\u0119, \u017ce nie mo\u017cemy m\u00f3wi\u0107 o jako takiej skuteczno\u015bci &#8211; nie wszystkie gatunki grzyb\u00f3w i ple\u015bni wytwarzaj\u0105 kwas winowy, cytra jab\u0142kowy, czy arabinitol. Mo\u017cna powiedzie\u0107, \u017ce ich podwy\u017cszone poziomy \u015bwiadcz\u0105 o namna\u017caniu tych drobnoustroj\u00f3w, ale brak tych metabolit\u00f3w nie wyklucza obecno\u015bci rozrostu grzyb\u00f3w w jelicie cienkim, grubym czy na innych \u015bluz\u00f3wkach.&nbsp;<\/p>\n\n\n\n<p><strong>16. W jaki spos\u00f3b (i czy w og\u00f3le si\u0119 da) obni\u017cy\u0107 naturalnie bardzo wysoki (1395) p-krezol?<\/strong><\/p>\n\n\n\n<p>Poziomy przekroczone nawet 10-, czy 20-krotnie da si\u0119 obni\u017cy\u0107 do normy poprzez prowadzenie kompleksowej terapii probiotycznej i stosuj\u0105c odpowiednie zalecenia dietetyczne.<\/p>\n\n\n\n<p><strong>17. Czy mo\u017ce Pani doktor wyja\u015bni\u0107, co oznacza podwy\u017cszony dwukrotnie kwas trikarbalilowy?&nbsp;<\/strong><\/p>\n\n\n\n<p>Prosz\u0119 zerkn\u0105\u0107 na interpretacj\u0119 badania.<\/p>\n\n\n\n<p><strong>18. Czy przy mastocytozie powinno si\u0119 wykona\u0107 Oragnix Gastro ?<\/strong><\/p>\n\n\n\n<p>Polecam.<\/p>\n\n\n\n<p><strong>19. Czy stosuje Pani enzymy proteolityczne w przypadku zaburzonego tight junction?<\/strong><\/p>\n\n\n\n<p>Owszem, ale to zale\u017cy od sytuacji klinicznej. Wed\u0142ug mojej wiedzy enzymy typu Serrapeptaza, Tumbrokinaza, czy Nattokinaza nie wp\u0142ywaj\u0105 na po\u0142\u0105czenia TJ i nie rozszczelniaj\u0105 jelita.<\/p>\n\n\n\n<p><strong>20. Jak d\u0142ugo nale\u017cy suplementowa\u0107 probiotyki?&nbsp;<\/strong><\/p>\n\n\n\n<p>Jest to bardzo indywidualna kwestia, wszystko zale\u017cy od stanu zdrowia pacjenta. Jednak minimalny okres stosowania probiotykoterapii to 3 miesi\u0105ce.<\/p>\n\n\n\n<p><strong>21<\/strong><strong>. Czy mikroorganizmy stosowane w leczeniu zaburze\u0144 mikroflory s\u0105 produkowane przez jedno laboratorium, czy s\u0105 sprowadzane pod konkretne zam\u00f3wienie terapeutyczne?<\/strong><\/p>\n\n\n\n<p>To preparaty probiotyczne dost\u0119pne na rynku europejskim i polskim. Sztuk\u0105 jest odpowiednie ich dobranie dla konkretnego pacjenta.<\/p>\n\n\n\n<p><strong>22. Czy w przypadku przerostu bakteryjnego podejmowane s\u0105 tak\u017ce interwencje biomedyczne, czy tylko leczenie antybiotykami?<\/strong><\/p>\n\n\n\n<p>Pewnie zale\u017cy to od terapeuty. Ja prawie nigdy nie stosuj\u0119 w terapii pacjent\u00f3w antybiotyk\u00f3w. Raczej edukuje ich, co robi\u0107, aby tego unikn\u0105\u0107. <a href=\"https:\/\/www.alab.pl\/centrum-wiedzy\/antybiotyk\/\">Antybiotyki<\/a> (nigdy!) nie s\u0105 jedynym rozwi\u0105zaniem w leczeniu dysbiozy jelitowej. W skrajnych przypadkach, opr\u00f3cz przeciwbakteryjnych czy przeciwgrzybiczych olejk\u00f3w ro\u015blinnych i terapeutycznych preparat\u00f3w probiotycznych o ukierunkowanym dzia\u0142aniu jest potrzeba si\u0119gania po antybiotyki, ale to sytuacje sporadyczne.<\/p>\n\n\n\n<p><strong>23. Czy badanie mikroflory i okresowe odgrzybianie si\u0119, dzia\u0142ania przeciwpaso\u017cytnicze (tzw. odrobaczanie) nie powinno by\u0107 powtarzane standardowo?<\/strong><\/p>\n\n\n\n<p>Nie bez kontroli i bez wiedzy, co si\u0119 robi, poniewa\u017c ka\u017cda ingerencja w system mikrobiomu jelitowego niesie za sob\u0105 szereg konsekwencji &#8211; pozbycie si\u0119 jednych szkodliwych gatunk\u00f3w mo\u017ce skutkowa\u0107 niekontrolowanym namna\u017caniem innych.<\/p>\n\n\n\n<p><strong>24. Jak leczy\u0107 dysbioz\u0119 w przypadku silnej nietolerancji histaminy i SIBO, czyli ca\u0142kowitej nietolerancji probiotyk\u00f3w?<\/strong><\/p>\n\n\n\n<p>To temat bardzo z\u0142o\u017cony, nie ma na to prostej odpowiedzi. Post\u0119powanie zale\u017cy przede wszystkim od wynik\u00f3w Organix Gastro oraz wsp\u00f3\u0142istnienia rozrostu grzyb\u00f3w i dro\u017cd\u017cak\u00f3w (kt\u00f3rego w Organixie Gastro czasem nie widzimy) oraz od wsp\u00f3\u0142istniej\u0105cych infekcji paso\u017cytniczych, kt\u00f3re ze wzgl\u0119du na ogromne trudno\u015bci diagnostyczne cz\u0119sto s\u0105 pomijane w procesie terapii.<\/p>\n","protected":false},"excerpt":{"rendered":"<p>Odpowiedzi na pytania pacjent\u00f3w udziela dr n. med. Daniela Kurczabi\u0144ska-Lubo\u0144.<\/p>\n","protected":false},"author":106,"featured_media":3595,"comment_status":"closed","ping_status":"open","sticky":false,"template":"","format":"standard","meta":{"_acf_changed":false,"inline_featured_image":false,"footnotes":""},"categories":[18,29],"tags":[],"coauthors":[171],"class_list":{"0":"post-3576","1":"post","2":"type-post","3":"status-publish","4":"format-standard","5":"has-post-thumbnail","7":"category-dysbioza-choroby-przewodu-pokarmowego","8":"category-webinaria"},"acf":[],"yoast_head":"<!-- This site is optimized with the Yoast SEO plugin v27.5 - https:\/\/yoast.com\/product\/yoast-seo-wordpress\/ -->\n<title>Diagnostyka dysbiozy jelitowej - odpowiedzi na pytania pacjent\u00f3w<\/title>\n<meta name=\"description\" content=\"Masz podejrzenie dysbiozy jelitowej i jeste\u015b w trakcie bada\u0144? Odpowiedzi na najwa\u017cniejsze pytania na temat diagnostyki znajdziesz w Centrum Wiedzy ALAB.\" \/>\n<meta name=\"robots\" content=\"index, follow, max-snippet:-1, max-image-preview:large, max-video-preview:-1\" \/>\n<link rel=\"canonical\" href=\"https:\/\/www.alab.pl\/centrum-wiedzy\/diagnostyka-dysbiozy-jelitowej-odpowiedzi-na-pytania-pacjentow\/\" \/>\n<meta property=\"og:locale\" content=\"pl_PL\" \/>\n<meta property=\"og:type\" content=\"article\" \/>\n<meta property=\"og:title\" content=\"Diagnostyka dysbiozy jelitowej - odpowiedzi na pytania pacjent\u00f3w\" \/>\n<meta property=\"og:description\" content=\"Masz podejrzenie dysbiozy jelitowej i jeste\u015b w trakcie bada\u0144? Odpowiedzi na najwa\u017cniejsze pytania na temat diagnostyki znajdziesz w Centrum Wiedzy ALAB.\" \/>\n<meta property=\"og:url\" content=\"https:\/\/www.alab.pl\/centrum-wiedzy\/diagnostyka-dysbiozy-jelitowej-odpowiedzi-na-pytania-pacjentow\/\" \/>\n<meta property=\"og:site_name\" content=\"Centrum Wiedzy ALAB laboratoria\" \/>\n<meta property=\"article:publisher\" content=\"https:\/\/www.facebook.com\/ALABlaboratoria\" \/>\n<meta property=\"article:published_time\" content=\"2022-05-18T06:30:29+00:00\" \/>\n<meta property=\"article:modified_time\" content=\"2025-05-05T09:37:41+00:00\" \/>\n<meta property=\"og:image\" content=\"https:\/\/www.alab.pl\/centrum-wiedzy\/wp-content\/uploads\/2022\/05\/organix-gastro-webinar.jpg\" \/>\n\t<meta property=\"og:image:width\" content=\"1100\" \/>\n\t<meta property=\"og:image:height\" content=\"734\" \/>\n\t<meta property=\"og:image:type\" content=\"image\/jpeg\" \/>\n<meta name=\"author\" content=\"Julia Wranicz-Smagowska\" \/>\n<meta name=\"twitter:card\" content=\"summary_large_image\" \/>\n<meta name=\"twitter:label1\" content=\"Napisane przez\" \/>\n\t<meta name=\"twitter:data1\" content=\"Julia Wranicz-Smagowska\" \/>\n\t<meta name=\"twitter:label2\" content=\"Szacowany czas czytania\" \/>\n\t<meta name=\"twitter:data2\" content=\"8 minut\" \/>\n\t<meta name=\"twitter:label3\" content=\"Written by\" \/>\n\t<meta name=\"twitter:data3\" content=\"Julia Wranicz-Smagowska\" \/>\n<!-- \/ Yoast SEO plugin. -->","yoast_head_json":{"title":"Diagnostyka dysbiozy jelitowej - odpowiedzi na pytania pacjent\u00f3w","description":"Masz podejrzenie dysbiozy jelitowej i jeste\u015b w trakcie bada\u0144? Odpowiedzi na najwa\u017cniejsze pytania na temat diagnostyki znajdziesz w Centrum Wiedzy ALAB.","robots":{"index":"index","follow":"follow","max-snippet":"max-snippet:-1","max-image-preview":"max-image-preview:large","max-video-preview":"max-video-preview:-1"},"canonical":"https:\/\/www.alab.pl\/centrum-wiedzy\/diagnostyka-dysbiozy-jelitowej-odpowiedzi-na-pytania-pacjentow\/","og_locale":"pl_PL","og_type":"article","og_title":"Diagnostyka dysbiozy jelitowej - odpowiedzi na pytania pacjent\u00f3w","og_description":"Masz podejrzenie dysbiozy jelitowej i jeste\u015b w trakcie bada\u0144? Odpowiedzi na najwa\u017cniejsze pytania na temat diagnostyki znajdziesz w Centrum Wiedzy ALAB.","og_url":"https:\/\/www.alab.pl\/centrum-wiedzy\/diagnostyka-dysbiozy-jelitowej-odpowiedzi-na-pytania-pacjentow\/","og_site_name":"Centrum Wiedzy ALAB laboratoria","article_publisher":"https:\/\/www.facebook.com\/ALABlaboratoria","article_published_time":"2022-05-18T06:30:29+00:00","article_modified_time":"2025-05-05T09:37:41+00:00","og_image":[{"width":1100,"height":734,"url":"https:\/\/www.alab.pl\/centrum-wiedzy\/wp-content\/uploads\/2022\/05\/organix-gastro-webinar.jpg","type":"image\/jpeg"}],"author":"Julia Wranicz-Smagowska","twitter_card":"summary_large_image","twitter_misc":{"Napisane przez":"Julia Wranicz-Smagowska","Szacowany czas czytania":"8 minut","Written by":"Julia Wranicz-Smagowska"},"schema":{"@context":"https:\/\/schema.org","@graph":[{"@type":"Article","@id":"https:\/\/www.alab.pl\/centrum-wiedzy\/diagnostyka-dysbiozy-jelitowej-odpowiedzi-na-pytania-pacjentow\/#article","isPartOf":{"@id":"https:\/\/www.alab.pl\/centrum-wiedzy\/diagnostyka-dysbiozy-jelitowej-odpowiedzi-na-pytania-pacjentow\/"},"author":{"name":"Julia Wranicz-Smagowska","@id":"https:\/\/www.alab.pl\/centrum-wiedzy\/#\/schema\/person\/449eca509118b879078df3b89ac114d3"},"headline":"Diagnostyka dysbiozy jelitowej &#8211; odpowiedzi na pytania pacjent\u00f3w","datePublished":"2022-05-18T06:30:29+00:00","dateModified":"2025-05-05T09:37:41+00:00","mainEntityOfPage":{"@id":"https:\/\/www.alab.pl\/centrum-wiedzy\/diagnostyka-dysbiozy-jelitowej-odpowiedzi-na-pytania-pacjentow\/"},"wordCount":1365,"publisher":{"@id":"https:\/\/www.alab.pl\/centrum-wiedzy\/#organization"},"image":{"@id":"https:\/\/www.alab.pl\/centrum-wiedzy\/diagnostyka-dysbiozy-jelitowej-odpowiedzi-na-pytania-pacjentow\/#primaryimage"},"thumbnailUrl":"https:\/\/www.alab.pl\/centrum-wiedzy\/wp-content\/uploads\/2022\/05\/organix-gastro-webinar.jpg","articleSection":["Dysbioza, choroby przewodu pokarmowego","Webinaria"],"inLanguage":"pl-PL"},{"@type":"WebPage","@id":"https:\/\/www.alab.pl\/centrum-wiedzy\/diagnostyka-dysbiozy-jelitowej-odpowiedzi-na-pytania-pacjentow\/","url":"https:\/\/www.alab.pl\/centrum-wiedzy\/diagnostyka-dysbiozy-jelitowej-odpowiedzi-na-pytania-pacjentow\/","name":"Diagnostyka dysbiozy jelitowej - odpowiedzi na pytania pacjent\u00f3w","isPartOf":{"@id":"https:\/\/www.alab.pl\/centrum-wiedzy\/#website"},"primaryImageOfPage":{"@id":"https:\/\/www.alab.pl\/centrum-wiedzy\/diagnostyka-dysbiozy-jelitowej-odpowiedzi-na-pytania-pacjentow\/#primaryimage"},"image":{"@id":"https:\/\/www.alab.pl\/centrum-wiedzy\/diagnostyka-dysbiozy-jelitowej-odpowiedzi-na-pytania-pacjentow\/#primaryimage"},"thumbnailUrl":"https:\/\/www.alab.pl\/centrum-wiedzy\/wp-content\/uploads\/2022\/05\/organix-gastro-webinar.jpg","datePublished":"2022-05-18T06:30:29+00:00","dateModified":"2025-05-05T09:37:41+00:00","description":"Masz podejrzenie dysbiozy jelitowej i jeste\u015b w trakcie bada\u0144? Odpowiedzi na najwa\u017cniejsze pytania na temat diagnostyki znajdziesz w Centrum Wiedzy ALAB.","breadcrumb":{"@id":"https:\/\/www.alab.pl\/centrum-wiedzy\/diagnostyka-dysbiozy-jelitowej-odpowiedzi-na-pytania-pacjentow\/#breadcrumb"},"inLanguage":"pl-PL","potentialAction":[{"@type":"ReadAction","target":["https:\/\/www.alab.pl\/centrum-wiedzy\/diagnostyka-dysbiozy-jelitowej-odpowiedzi-na-pytania-pacjentow\/"]}]},{"@type":"ImageObject","inLanguage":"pl-PL","@id":"https:\/\/www.alab.pl\/centrum-wiedzy\/diagnostyka-dysbiozy-jelitowej-odpowiedzi-na-pytania-pacjentow\/#primaryimage","url":"https:\/\/www.alab.pl\/centrum-wiedzy\/wp-content\/uploads\/2022\/05\/organix-gastro-webinar.jpg","contentUrl":"https:\/\/www.alab.pl\/centrum-wiedzy\/wp-content\/uploads\/2022\/05\/organix-gastro-webinar.jpg","width":1100,"height":734,"caption":"webinar organix gastro"},{"@type":"BreadcrumbList","@id":"https:\/\/www.alab.pl\/centrum-wiedzy\/diagnostyka-dysbiozy-jelitowej-odpowiedzi-na-pytania-pacjentow\/#breadcrumb","itemListElement":[{"@type":"ListItem","position":1,"name":"Strona g\u0142\u00f3wna","item":"https:\/\/www.alab.pl\/centrum-wiedzy\/"},{"@type":"ListItem","position":2,"name":"Diagnostyka dysbiozy jelitowej &#8211; odpowiedzi na pytania pacjent\u00f3w"}]},{"@type":"WebSite","@id":"https:\/\/www.alab.pl\/centrum-wiedzy\/#website","url":"https:\/\/www.alab.pl\/centrum-wiedzy\/","name":"Centrum Wiedzy ALAB laboratoria","description":"","publisher":{"@id":"https:\/\/www.alab.pl\/centrum-wiedzy\/#organization"},"potentialAction":[{"@type":"SearchAction","target":{"@type":"EntryPoint","urlTemplate":"https:\/\/www.alab.pl\/centrum-wiedzy\/?s={search_term_string}"},"query-input":{"@type":"PropertyValueSpecification","valueRequired":true,"valueName":"search_term_string"}}],"inLanguage":"pl-PL"},{"@type":"Organization","@id":"https:\/\/www.alab.pl\/centrum-wiedzy\/#organization","name":"Centrum Wiedzy ALAB laboratoria","url":"https:\/\/www.alab.pl\/centrum-wiedzy\/","logo":{"@type":"ImageObject","inLanguage":"pl-PL","@id":"https:\/\/www.alab.pl\/centrum-wiedzy\/#\/schema\/logo\/image\/","url":"https:\/\/www.alab.pl\/centrum-wiedzy\/wp-content\/uploads\/2022\/04\/alabek.jpg","contentUrl":"https:\/\/www.alab.pl\/centrum-wiedzy\/wp-content\/uploads\/2022\/04\/alabek.jpg","width":1250,"height":1251,"caption":"Centrum Wiedzy ALAB laboratoria"},"image":{"@id":"https:\/\/www.alab.pl\/centrum-wiedzy\/#\/schema\/logo\/image\/"},"sameAs":["https:\/\/www.facebook.com\/ALABlaboratoria"]},{"@type":"Person","@id":"https:\/\/www.alab.pl\/centrum-wiedzy\/#\/schema\/person\/449eca509118b879078df3b89ac114d3","name":"Julia Wranicz-Smagowska","image":{"@type":"ImageObject","inLanguage":"pl-PL","@id":"https:\/\/www.alab.pl\/centrum-wiedzy\/wp-content\/uploads\/2022\/03\/Julia-Wranicz-Smagowska.jpgd4d3e25b335380e76ebf6408d8868e0c","url":"https:\/\/www.alab.pl\/centrum-wiedzy\/wp-content\/uploads\/2022\/03\/Julia-Wranicz-Smagowska.jpg","contentUrl":"https:\/\/www.alab.pl\/centrum-wiedzy\/wp-content\/uploads\/2022\/03\/Julia-Wranicz-Smagowska.jpg","caption":"Julia Wranicz-Smagowska"},"description":"Product manager ds. diagnostyki zaburze\u0144 jelitowych w ALAB laboratoria. Absolwentka Warszawskiego Uniwersytetu Medycznego oraz studi\u00f3w doktoranckich w Katedrze Dietetyki Szko\u0142y G\u0142\u00f3wnej Gospodarstwa Wiejskiego w Warszawie, w ramach kt\u00f3rych prowadzi\u0142a projekt badawczy z zakresu dietoterapii cukrzycy u kobiet ci\u0119\u017carnych.","sameAs":["https:\/\/pl.linkedin.com\/in\/dr-julia-wranicz-smagowska-b32a901a8"],"url":"https:\/\/www.alab.pl\/centrum-wiedzy\/author\/julia-wranicz-smagowska\/"}]}},"_links":{"self":[{"href":"https:\/\/www.alab.pl\/centrum-wiedzy\/wp-json\/wp\/v2\/posts\/3576","targetHints":{"allow":["GET"]}}],"collection":[{"href":"https:\/\/www.alab.pl\/centrum-wiedzy\/wp-json\/wp\/v2\/posts"}],"about":[{"href":"https:\/\/www.alab.pl\/centrum-wiedzy\/wp-json\/wp\/v2\/types\/post"}],"author":[{"embeddable":true,"href":"https:\/\/www.alab.pl\/centrum-wiedzy\/wp-json\/wp\/v2\/users\/106"}],"replies":[{"embeddable":true,"href":"https:\/\/www.alab.pl\/centrum-wiedzy\/wp-json\/wp\/v2\/comments?post=3576"}],"version-history":[{"count":1,"href":"https:\/\/www.alab.pl\/centrum-wiedzy\/wp-json\/wp\/v2\/posts\/3576\/revisions"}],"predecessor-version":[{"id":23349,"href":"https:\/\/www.alab.pl\/centrum-wiedzy\/wp-json\/wp\/v2\/posts\/3576\/revisions\/23349"}],"wp:featuredmedia":[{"embeddable":true,"href":"https:\/\/www.alab.pl\/centrum-wiedzy\/wp-json\/wp\/v2\/media\/3595"}],"wp:attachment":[{"href":"https:\/\/www.alab.pl\/centrum-wiedzy\/wp-json\/wp\/v2\/media?parent=3576"}],"wp:term":[{"taxonomy":"category","embeddable":true,"href":"https:\/\/www.alab.pl\/centrum-wiedzy\/wp-json\/wp\/v2\/categories?post=3576"},{"taxonomy":"post_tag","embeddable":true,"href":"https:\/\/www.alab.pl\/centrum-wiedzy\/wp-json\/wp\/v2\/tags?post=3576"},{"taxonomy":"author","embeddable":true,"href":"https:\/\/www.alab.pl\/centrum-wiedzy\/wp-json\/wp\/v2\/coauthors?post=3576"}],"curies":[{"name":"wp","href":"https:\/\/api.w.org\/{rel}","templated":true}]}}