{"id":408,"date":"2020-08-26T08:25:00","date_gmt":"2020-08-26T06:25:00","guid":{"rendered":"https:\/\/sklep.alablaboratoria.pl\/centrum-wiedzy\/centrum-wiedzy\/?p=408"},"modified":"2020-08-26T08:25:00","modified_gmt":"2020-08-26T06:25:00","slug":"badania-serologiczne-w-zakazeniu-sars-cov-2-charakterystyka","status":"publish","type":"post","link":"https:\/\/www.alab.pl\/centrum-wiedzy\/badania-serologiczne-w-zakazeniu-sars-cov-2-charakterystyka\/","title":{"rendered":"Badania serologiczne w zaka\u017ceniu SARS-CoV-2 &#8211; charakterystyka"},"content":{"rendered":"\n<p><strong>Badania serologiczne zaczynaj\u0105 odgrywa\u0107 rol\u0119 w p\u00f3\u017aniejszej fazie infekcji, po ok. 7-10 dniach od momentu wyst\u0105pienia objaw\u00f3w. Testy wykrywaj\u0105ce specyficzne przeciwcia\u0142a anty-SARS-CoV-2 s\u0105 dope\u0142nieniem metody PCR.<\/strong><\/p>\n\n\n\n<p><strong><a href=\"https:\/\/www.alab.pl\/badanie\/pc-przeciw-wirusowi-sars-cov-2-w-klasie-igm-v98\">Przeciwcia\u0142a lgM<\/a> <\/strong>mog\u0105 zosta\u0107 wykryte po up\u0142ywie co najmniej 7-10 dni (\u015brednio w 8. dniu) od wyst\u0105pienia objaw\u00f3w choroby. S\u0105 to przeciwcia\u0142a \u201ewczesnej fazy&#8221; infekcji, ich obecno\u015b\u0107 mo\u017ce \u015bwiadczy\u0107 o aktywnym zaka\u017ceniu. Z czasem przeciwcia\u0142a tej klasy zanikaj\u0105. Przeciwcia\u0142a klasy lgM utrzymuj\u0105ce si\u0119 w organizmie d\u0142u\u017cej ni\u017c miesi\u0105c od wyst\u0105pienia objaw\u00f3w wskazuj\u0105 na przed\u0142u\u017con\u0105 replikacj\u0119 wirusa u zaka\u017conych pacjent\u00f3w.<\/p>\n\n\n\n<p>Kryteria rozpoznawania COV ID-19 przewiduj\u0105, \u017ce w przypadku, gdy pacjent ma objawy ostrej infekcji dr\u00f3g oddechowych i ma pozytywny wynik w kierunku przeciwcia\u0142 w klasie M oraz w wywiadzie kontakt z osob\u0105 zaka\u017con\u0105 lub pobyt na obszarze lokalnej transmisji wirusa nale\u017cy go traktowa\u0107 jako przypadek podejrzany.<\/p>\n\n\n\n<p><strong>Badanie przeciwcia\u0142 w celach diagnostycznych powinno obejmowa\u0107 wy\u0142\u0105cznie przeciwcia\u0142a klasy lgM.<\/strong><\/p>\n\n\n\n<p><strong><a href=\"https:\/\/www.alab.pl\/badanie\/pc-przeciw-wirusowi-sars-cov-2-w-klasie-igg-v98\">Przeciwcia\u0142a lgG<\/a> <\/strong>mog\u0105 zosta\u0107 wykryte po up\u0142ywie co najmniej 11-14 dni (\u015brednio w 11. dniu) od wyst\u0105pienia objaw\u00f3w choroby. S\u0105 to przeciwcia\u0142a \u201ep\u00f3\u017anej fazy&#8221; infekcji, wskazuj\u0105ce na rozwini\u0119cie humoralnej odpowiedzi immunologicznej i \u015bwiadcz\u0105ce o przebytym kontakcie z wirusem SARS-CoV-2.<\/p>\n\n\n\n<p><em>Tabela <\/em>&#8211; <em>Serokonwersja od wyst\u0105pienia pierwszych objaw\u00f3w za<\/em><em>k<\/em><em>a\u017cenia<\/em><em> <\/em><em>SARS<\/em><em>&#8211;<\/em><em> <\/em><em>CoV<\/em><em>&#8211;<\/em><em>2.<\/em><em><\/em><\/p>\n\n\n\n<div class=\"wp-block-image\"><figure class=\"aligncenter size-large is-resized\"><img loading=\"lazy\" decoding=\"async\" src=\"https:\/\/www.alab.pl\/centrum-wiedzy\/wp-content\/uploads\/2020\/09\/serokonwersja_zakazenia_SARS-Cov-2.png\" alt=\"przeciwcia\u0142a IgM i IgG Covid-19 w uj\u0119ciu czasowym\" class=\"wp-image-410\" width=\"998\" height=\"237\" srcset=\"https:\/\/www.alab.pl\/centrum-wiedzy\/wp-content\/uploads\/2020\/09\/serokonwersja_zakazenia_SARS-Cov-2.png 998w, https:\/\/www.alab.pl\/centrum-wiedzy\/wp-content\/uploads\/2020\/09\/serokonwersja_zakazenia_SARS-Cov-2-768x182.png 768w, https:\/\/www.alab.pl\/centrum-wiedzy\/wp-content\/uploads\/2020\/09\/serokonwersja_zakazenia_SARS-Cov-2-150x36.png 150w, https:\/\/www.alab.pl\/centrum-wiedzy\/wp-content\/uploads\/2020\/09\/serokonwersja_zakazenia_SARS-Cov-2-300x71.png 300w, https:\/\/www.alab.pl\/centrum-wiedzy\/wp-content\/uploads\/2020\/09\/serokonwersja_zakazenia_SARS-Cov-2-696x165.png 696w\" sizes=\"auto, (max-width: 998px) 100vw, 998px\" \/><\/figure><\/div>\n\n\n\n<div class=\"wp-block-image\"><figure class=\"aligncenter size-large is-resized\"><img loading=\"lazy\" decoding=\"async\" src=\"https:\/\/www.alab.pl\/centrum-wiedzy\/wp-content\/uploads\/2020\/09\/Poziom_przeciwcial_covid-19_tabela.png\" alt=\"Tabela rozk\u0142adu przeciwcia\u0142 IgM i IgG -Covid-19\" class=\"wp-image-411\" width=\"1019\" height=\"605\" srcset=\"https:\/\/www.alab.pl\/centrum-wiedzy\/wp-content\/uploads\/2020\/09\/Poziom_przeciwcial_covid-19_tabela.png 1019w, https:\/\/www.alab.pl\/centrum-wiedzy\/wp-content\/uploads\/2020\/09\/Poziom_przeciwcial_covid-19_tabela-768x456.png 768w, https:\/\/www.alab.pl\/centrum-wiedzy\/wp-content\/uploads\/2020\/09\/Poziom_przeciwcial_covid-19_tabela-150x89.png 150w, https:\/\/www.alab.pl\/centrum-wiedzy\/wp-content\/uploads\/2020\/09\/Poziom_przeciwcial_covid-19_tabela-300x178.png 300w, https:\/\/www.alab.pl\/centrum-wiedzy\/wp-content\/uploads\/2020\/09\/Poziom_przeciwcial_covid-19_tabela-696x413.png 696w\" sizes=\"auto, (max-width: 1019px) 100vw, 1019px\" \/><\/figure><\/div>\n\n\n\n<p>Mechanizmy odpowiedzi immunologicznej u r\u00f3\u017cnych pacjent\u00f3w mog\u0105 charakteryzowa\u0107 si\u0119 zmienno\u015bci\u0105 osobnicz\u0105. Z tego powodu &#8211; aby uzyska\u0107 pe\u0142en obraz &#8211; mo\u017cna rozwa\u017cy\u0107&nbsp; wykonywanie&nbsp; badania&nbsp; serologiczne pod k\u0105tem przeciwcia\u0142 w obydwu klasach.<\/p>\n\n\n\n<h2 class=\"wp-block-heading\">Badania serologiczne &#8211; metody wykonywania test\u00f3w<\/h2>\n\n\n\n<p>W diagnostyce serologicznej wykorzystuje si\u0119 trzy rodzaje test\u00f3w:<\/p>\n\n\n\n<ul class=\"wp-block-list\"><li>testy metod\u0105 CLIA o wysokiej czu\u0142o\u015bci i swoisto\u015bci<\/li><li>testy metod\u0105 ELISA o wysokiej czu\u0142o\u015bci i swoisto\u015bci<\/li><li>testy immunochromatograficzne (kasetkowe) o obni\u017conej w stosunku do wy\u017cej wymienionych test\u00f3w swoisto\u015bci (badanie przesiewowe).<\/li><\/ul>\n\n\n\n<p><strong>Test metod\u0105 CLIA<\/strong> daje informacj\u0119 o obecno\u015bci lub braku przeciwcia\u0142 neutralizuj\u0105cych w klasie IgG przeciw wirusowi SARS-CoV-2. Ten konkretny test ma charakter ilo\u015bciowy &#8211; na wyniku podawany jest poziom przeciwcia\u0142.<\/p>\n\n\n\n<p><strong>Test metod\u0105 ELISA<\/strong> daje informacj\u0119 o obecno\u015bci przeciwcia\u0142 lub ich braku. Na wyniku podawany jest indeks przeciwcia\u0142.<\/p>\n\n\n\n<p><strong>Test przesiewowy (kasetkowy)<\/strong> daje informacj\u0119 o obecno\u015bci lub braku obecno\u015bci przeciwcia\u0142, nie informuje o ich ilo\u015bci. <\/p>\n","protected":false},"excerpt":{"rendered":"<p>Badania serologiczne zaczynaj\u0105 odgrywa\u0107 rol\u0119 w p\u00f3\u017aniejszej fazie infekcji, po ok. 7-10 dniach od momentu wyst\u0105pienia objaw\u00f3w. Testy wykrywaj\u0105ce specyficzne przeciwcia\u0142a anty-SARS-CoV-2 s\u0105 dope\u0142nieniem metody PCR. Przeciwcia\u0142a lgM mog\u0105 zosta\u0107 wykryte po up\u0142ywie co najmniej 7-10 dni (\u015brednio w 8. dniu) od wyst\u0105pienia objaw\u00f3w choroby. S\u0105 to przeciwcia\u0142a \u201ewczesnej fazy&#8221; infekcji, ich obecno\u015b\u0107 mo\u017ce \u015bwiadczy\u0107 [&hellip;]<\/p>\n","protected":false},"author":101,"featured_media":413,"comment_status":"closed","ping_status":"open","sticky":false,"template":"","format":"standard","meta":{"_acf_changed":false,"inline_featured_image":false,"footnotes":""},"categories":[14],"tags":[],"coauthors":[218],"class_list":{"0":"post-408","1":"post","2":"type-post","3":"status-publish","4":"format-standard","5":"has-post-thumbnail","7":"category-covidowe-abc"},"acf":[],"yoast_head":"<!-- This site is optimized with the Yoast SEO plugin v27.5 - https:\/\/yoast.com\/product\/yoast-seo-wordpress\/ -->\n<title>Badania serologiczne w zaka\u017ceniu SARS-CoV-2 - charakterystyka<\/title>\n<meta name=\"description\" content=\"Badania serologiczne zaczynaj\u0105 odgrywa\u0107 rol\u0119 w p\u00f3\u017aniejszej fazie infekcji, po ok. 7-10 dniach od momentu wyst\u0105pienia objaw\u00f3w. Jak wygl\u0105daj\u0105?\" \/>\n<meta name=\"robots\" content=\"index, follow, max-snippet:-1, max-image-preview:large, max-video-preview:-1\" \/>\n<link rel=\"canonical\" href=\"https:\/\/www.alab.pl\/centrum-wiedzy\/badania-serologiczne-w-zakazeniu-sars-cov-2-charakterystyka\/\" \/>\n<meta property=\"og:locale\" content=\"pl_PL\" \/>\n<meta property=\"og:type\" content=\"article\" \/>\n<meta property=\"og:title\" content=\"Badania serologiczne w zaka\u017ceniu SARS-CoV-2 - charakterystyka\" \/>\n<meta property=\"og:description\" content=\"Badania serologiczne zaczynaj\u0105 odgrywa\u0107 rol\u0119 w p\u00f3\u017aniejszej fazie infekcji, po ok. 7-10 dniach od momentu wyst\u0105pienia objaw\u00f3w. Jak wygl\u0105daj\u0105?\" \/>\n<meta property=\"og:url\" content=\"https:\/\/www.alab.pl\/centrum-wiedzy\/badania-serologiczne-w-zakazeniu-sars-cov-2-charakterystyka\/\" \/>\n<meta property=\"og:site_name\" content=\"Centrum Wiedzy ALAB laboratoria\" \/>\n<meta property=\"article:publisher\" content=\"https:\/\/www.facebook.com\/ALABlaboratoria\" \/>\n<meta property=\"article:published_time\" content=\"2020-08-26T06:25:00+00:00\" \/>\n<meta property=\"og:image\" content=\"https:\/\/www.alab.pl\/centrum-wiedzy\/wp-content\/uploads\/2020\/08\/testy_syrologiczne_covid_19.jpg\" \/>\n\t<meta property=\"og:image:width\" content=\"600\" \/>\n\t<meta property=\"og:image:height\" content=\"400\" \/>\n\t<meta property=\"og:image:type\" content=\"image\/jpeg\" \/>\n<meta name=\"author\" content=\"Zesp\u00f3\u0142 ALAB laboratoria\" \/>\n<meta name=\"twitter:card\" content=\"summary_large_image\" \/>\n<meta name=\"twitter:label1\" content=\"Napisane przez\" \/>\n\t<meta name=\"twitter:data1\" content=\"Zesp\u00f3\u0142 ALAB laboratoria\" \/>\n\t<meta name=\"twitter:label2\" content=\"Szacowany czas czytania\" \/>\n\t<meta name=\"twitter:data2\" content=\"3 minuty\" \/>\n\t<meta name=\"twitter:label3\" content=\"Written by\" \/>\n\t<meta name=\"twitter:data3\" content=\"Zesp\u00f3\u0142 ALAB laboratoria\" \/>\n<!-- \/ Yoast SEO plugin. -->","yoast_head_json":{"title":"Badania serologiczne w zaka\u017ceniu SARS-CoV-2 - charakterystyka","description":"Badania serologiczne zaczynaj\u0105 odgrywa\u0107 rol\u0119 w p\u00f3\u017aniejszej fazie infekcji, po ok. 7-10 dniach od momentu wyst\u0105pienia objaw\u00f3w. Jak wygl\u0105daj\u0105?","robots":{"index":"index","follow":"follow","max-snippet":"max-snippet:-1","max-image-preview":"max-image-preview:large","max-video-preview":"max-video-preview:-1"},"canonical":"https:\/\/www.alab.pl\/centrum-wiedzy\/badania-serologiczne-w-zakazeniu-sars-cov-2-charakterystyka\/","og_locale":"pl_PL","og_type":"article","og_title":"Badania serologiczne w zaka\u017ceniu SARS-CoV-2 - charakterystyka","og_description":"Badania serologiczne zaczynaj\u0105 odgrywa\u0107 rol\u0119 w p\u00f3\u017aniejszej fazie infekcji, po ok. 7-10 dniach od momentu wyst\u0105pienia objaw\u00f3w. Jak wygl\u0105daj\u0105?","og_url":"https:\/\/www.alab.pl\/centrum-wiedzy\/badania-serologiczne-w-zakazeniu-sars-cov-2-charakterystyka\/","og_site_name":"Centrum Wiedzy ALAB laboratoria","article_publisher":"https:\/\/www.facebook.com\/ALABlaboratoria","article_published_time":"2020-08-26T06:25:00+00:00","og_image":[{"width":600,"height":400,"url":"https:\/\/www.alab.pl\/centrum-wiedzy\/wp-content\/uploads\/2020\/08\/testy_syrologiczne_covid_19.jpg","type":"image\/jpeg"}],"author":"Zesp\u00f3\u0142 ALAB laboratoria","twitter_card":"summary_large_image","twitter_misc":{"Napisane przez":"Zesp\u00f3\u0142 ALAB laboratoria","Szacowany czas czytania":"3 minuty","Written by":"Zesp\u00f3\u0142 ALAB laboratoria"},"schema":{"@context":"https:\/\/schema.org","@graph":[{"@type":"Article","@id":"https:\/\/www.alab.pl\/centrum-wiedzy\/badania-serologiczne-w-zakazeniu-sars-cov-2-charakterystyka\/#article","isPartOf":{"@id":"https:\/\/www.alab.pl\/centrum-wiedzy\/badania-serologiczne-w-zakazeniu-sars-cov-2-charakterystyka\/"},"author":{"name":"Zesp\u00f3\u0142 ALAB laboratoria","@id":"https:\/\/www.alab.pl\/centrum-wiedzy\/#\/schema\/person\/0a4b53b51fadbfe6b9297289123affb2"},"headline":"Badania serologiczne w zaka\u017ceniu SARS-CoV-2 &#8211; charakterystyka","datePublished":"2020-08-26T06:25:00+00:00","mainEntityOfPage":{"@id":"https:\/\/www.alab.pl\/centrum-wiedzy\/badania-serologiczne-w-zakazeniu-sars-cov-2-charakterystyka\/"},"wordCount":410,"publisher":{"@id":"https:\/\/www.alab.pl\/centrum-wiedzy\/#organization"},"image":{"@id":"https:\/\/www.alab.pl\/centrum-wiedzy\/badania-serologiczne-w-zakazeniu-sars-cov-2-charakterystyka\/#primaryimage"},"thumbnailUrl":"https:\/\/www.alab.pl\/centrum-wiedzy\/wp-content\/uploads\/2020\/08\/testy_syrologiczne_covid_19.jpg","articleSection":["Covidowe ABC"],"inLanguage":"pl-PL"},{"@type":"WebPage","@id":"https:\/\/www.alab.pl\/centrum-wiedzy\/badania-serologiczne-w-zakazeniu-sars-cov-2-charakterystyka\/","url":"https:\/\/www.alab.pl\/centrum-wiedzy\/badania-serologiczne-w-zakazeniu-sars-cov-2-charakterystyka\/","name":"Badania serologiczne w zaka\u017ceniu SARS-CoV-2 - charakterystyka","isPartOf":{"@id":"https:\/\/www.alab.pl\/centrum-wiedzy\/#website"},"primaryImageOfPage":{"@id":"https:\/\/www.alab.pl\/centrum-wiedzy\/badania-serologiczne-w-zakazeniu-sars-cov-2-charakterystyka\/#primaryimage"},"image":{"@id":"https:\/\/www.alab.pl\/centrum-wiedzy\/badania-serologiczne-w-zakazeniu-sars-cov-2-charakterystyka\/#primaryimage"},"thumbnailUrl":"https:\/\/www.alab.pl\/centrum-wiedzy\/wp-content\/uploads\/2020\/08\/testy_syrologiczne_covid_19.jpg","datePublished":"2020-08-26T06:25:00+00:00","description":"Badania serologiczne zaczynaj\u0105 odgrywa\u0107 rol\u0119 w p\u00f3\u017aniejszej fazie infekcji, po ok. 7-10 dniach od momentu wyst\u0105pienia objaw\u00f3w. Jak wygl\u0105daj\u0105?","breadcrumb":{"@id":"https:\/\/www.alab.pl\/centrum-wiedzy\/badania-serologiczne-w-zakazeniu-sars-cov-2-charakterystyka\/#breadcrumb"},"inLanguage":"pl-PL","potentialAction":[{"@type":"ReadAction","target":["https:\/\/www.alab.pl\/centrum-wiedzy\/badania-serologiczne-w-zakazeniu-sars-cov-2-charakterystyka\/"]}]},{"@type":"ImageObject","inLanguage":"pl-PL","@id":"https:\/\/www.alab.pl\/centrum-wiedzy\/badania-serologiczne-w-zakazeniu-sars-cov-2-charakterystyka\/#primaryimage","url":"https:\/\/www.alab.pl\/centrum-wiedzy\/wp-content\/uploads\/2020\/08\/testy_syrologiczne_covid_19.jpg","contentUrl":"https:\/\/www.alab.pl\/centrum-wiedzy\/wp-content\/uploads\/2020\/08\/testy_syrologiczne_covid_19.jpg","width":600,"height":400,"caption":"badania serologiczne covid-19"},{"@type":"BreadcrumbList","@id":"https:\/\/www.alab.pl\/centrum-wiedzy\/badania-serologiczne-w-zakazeniu-sars-cov-2-charakterystyka\/#breadcrumb","itemListElement":[{"@type":"ListItem","position":1,"name":"Strona g\u0142\u00f3wna","item":"https:\/\/www.alab.pl\/centrum-wiedzy\/"},{"@type":"ListItem","position":2,"name":"Badania serologiczne w zaka\u017ceniu SARS-CoV-2 &#8211; charakterystyka"}]},{"@type":"WebSite","@id":"https:\/\/www.alab.pl\/centrum-wiedzy\/#website","url":"https:\/\/www.alab.pl\/centrum-wiedzy\/","name":"Centrum Wiedzy ALAB laboratoria","description":"","publisher":{"@id":"https:\/\/www.alab.pl\/centrum-wiedzy\/#organization"},"potentialAction":[{"@type":"SearchAction","target":{"@type":"EntryPoint","urlTemplate":"https:\/\/www.alab.pl\/centrum-wiedzy\/?s={search_term_string}"},"query-input":{"@type":"PropertyValueSpecification","valueRequired":true,"valueName":"search_term_string"}}],"inLanguage":"pl-PL"},{"@type":"Organization","@id":"https:\/\/www.alab.pl\/centrum-wiedzy\/#organization","name":"Centrum Wiedzy ALAB laboratoria","url":"https:\/\/www.alab.pl\/centrum-wiedzy\/","logo":{"@type":"ImageObject","inLanguage":"pl-PL","@id":"https:\/\/www.alab.pl\/centrum-wiedzy\/#\/schema\/logo\/image\/","url":"https:\/\/www.alab.pl\/centrum-wiedzy\/wp-content\/uploads\/2022\/04\/alabek.jpg","contentUrl":"https:\/\/www.alab.pl\/centrum-wiedzy\/wp-content\/uploads\/2022\/04\/alabek.jpg","width":1250,"height":1251,"caption":"Centrum Wiedzy ALAB laboratoria"},"image":{"@id":"https:\/\/www.alab.pl\/centrum-wiedzy\/#\/schema\/logo\/image\/"},"sameAs":["https:\/\/www.facebook.com\/ALABlaboratoria"]},{"@type":"Person","@id":"https:\/\/www.alab.pl\/centrum-wiedzy\/#\/schema\/person\/0a4b53b51fadbfe6b9297289123affb2","name":"Zesp\u00f3\u0142 ALAB laboratoria","image":{"@type":"ImageObject","inLanguage":"pl-PL","@id":"https:\/\/www.alab.pl\/centrum-wiedzy\/wp-content\/uploads\/2022\/03\/man-150x150.pnged31d943693fdcf6baf7eada4ea985fe","url":"https:\/\/www.alab.pl\/centrum-wiedzy\/wp-content\/uploads\/2022\/03\/man-150x150.png","contentUrl":"https:\/\/www.alab.pl\/centrum-wiedzy\/wp-content\/uploads\/2022\/03\/man-150x150.png","caption":"Zesp\u00f3\u0142 ALAB laboratoria"},"url":"https:\/\/www.alab.pl\/centrum-wiedzy\/author\/zespol\/"}]}},"_links":{"self":[{"href":"https:\/\/www.alab.pl\/centrum-wiedzy\/wp-json\/wp\/v2\/posts\/408","targetHints":{"allow":["GET"]}}],"collection":[{"href":"https:\/\/www.alab.pl\/centrum-wiedzy\/wp-json\/wp\/v2\/posts"}],"about":[{"href":"https:\/\/www.alab.pl\/centrum-wiedzy\/wp-json\/wp\/v2\/types\/post"}],"author":[{"embeddable":true,"href":"https:\/\/www.alab.pl\/centrum-wiedzy\/wp-json\/wp\/v2\/users\/101"}],"replies":[{"embeddable":true,"href":"https:\/\/www.alab.pl\/centrum-wiedzy\/wp-json\/wp\/v2\/comments?post=408"}],"version-history":[{"count":0,"href":"https:\/\/www.alab.pl\/centrum-wiedzy\/wp-json\/wp\/v2\/posts\/408\/revisions"}],"wp:featuredmedia":[{"embeddable":true,"href":"https:\/\/www.alab.pl\/centrum-wiedzy\/wp-json\/wp\/v2\/media\/413"}],"wp:attachment":[{"href":"https:\/\/www.alab.pl\/centrum-wiedzy\/wp-json\/wp\/v2\/media?parent=408"}],"wp:term":[{"taxonomy":"category","embeddable":true,"href":"https:\/\/www.alab.pl\/centrum-wiedzy\/wp-json\/wp\/v2\/categories?post=408"},{"taxonomy":"post_tag","embeddable":true,"href":"https:\/\/www.alab.pl\/centrum-wiedzy\/wp-json\/wp\/v2\/tags?post=408"},{"taxonomy":"author","embeddable":true,"href":"https:\/\/www.alab.pl\/centrum-wiedzy\/wp-json\/wp\/v2\/coauthors?post=408"}],"curies":[{"name":"wp","href":"https:\/\/api.w.org\/{rel}","templated":true}]}}