{"id":515,"date":"2020-09-11T14:21:57","date_gmt":"2020-09-11T12:21:57","guid":{"rendered":"https:\/\/sklep.alablaboratoria.pl\/centrum-wiedzy\/centrum-wiedzy\/?p=515"},"modified":"2025-05-21T15:52:41","modified_gmt":"2025-05-21T13:52:41","slug":"covid-19-a-ciaza","status":"publish","type":"post","link":"https:\/\/www.alab.pl\/centrum-wiedzy\/covid-19-a-ciaza\/","title":{"rendered":"COVID-19 a ci\u0105\u017ca"},"content":{"rendered":"\n<p><strong>Czy istniej\u0105 powik\u0142ania COVID-19 w przebiegu ci\u0105\u017cy? Jak powinna wygl\u0105da\u0107 profilaktyka infekcji SARS-CoV-2 u przysz\u0142ych matek? Czy w obecnej sytuacji mo\u017cna w bezpieczny spos\u00f3b wykona\u0107 potrzebne badania laboratoryjne? Koronawirus a ci\u0105\u017ca &#8211; poznaj najwa\u017cniejsze informacje.<\/strong><\/p>\n\n\n\n<p>Na podstawie aktualnej wiedzy oraz prowadzonych obserwacji uwa\u017ca si\u0119, \u017ce kobiety w ci\u0105\u017cy nie wydaj\u0105 si\u0119 by\u0107 grup\u0105 bardziej nara\u017con\u0105 na konsekwencje zaka\u017cenia wirusem SARS-CoV-2 ni\u017c populacja og\u00f3lna. Dotychczas nie opublikowano naukowych dowod\u00f3w na negatywne skutki zaka\u017cenia SARS-CoV-2 i c<a href=\"https:\/\/www.alab.pl\/centrum-wiedzy\/covid-19\/\">horoby COVID-19<\/a> w czasie ci\u0105\u017cy. Opisano obecnie kilkana\u015bcie przypadk\u00f3w kobiet z COVID-19, kt\u00f3re urodzi\u0142y zdrowe dzieci niezale\u017cnie od r\u00f3\u017cnego stanu og\u00f3lnego chorych ci\u0119\u017carnych. Nie potwierdzono \u017cadnego przypadku zainfekowania wirusem potomstwa podczas ci\u0105\u017cy.<\/p>\n\n\n\n<p>&nbsp;Z przeprowadzonych bada\u0144 na terenie Chin, gdzie obserwowano kobiety rodz\u0105ce i zara\u017cone wirusem SARS-CoV-2 \u2013 nie stwierdzono obecno\u015bci materia\u0142u genetycznego wirusa ani w mleku matki, ani w p\u0142ynie owodniowym. W krwi p\u0119powinowej r\u00f3wnie\u017c nie potwierdzono obecno\u015bci wirusa. Wed\u0142ug \u015awiatowej Organizacji Zdrowia (WHO) prawdopodobnie kobiety w ci\u0105\u017cy nie nale\u017c\u0105 do grupy podwy\u017cszonego ryzyka do ci\u0119\u017ckiego przebiegu choroby COVID-19. Nie s\u0105 jednak dost\u0119pne informacje na temat wp\u0142ywu zaka\u017cenia COVID-19 w pocz\u0105tkowych stadiach ci\u0105\u017cy.<\/p>\n\n\n\n<p><em><strong>COVID-19 jest now\u0105 chorob\u0105 zaka\u017an\u0105 wywo\u0142an\u0105 przez wirusa SARS-CoV-2 o nieznanym do ko\u0144ca przebiegu u kobiet ci\u0119\u017carnych. Na chwil\u0119 obecn\u0105 nie ma dowod\u00f3w na zaka\u017cenie drog\u0105 matka \u2013 p\u0142\u00f3d. Nie ma te\u017c dowod\u00f3w na ryzyko ci\u0119\u017cszego przebiegu zaka\u017cenia.<\/strong><\/em><\/p>\n\n\n\n<h2 class=\"wp-block-heading\"><strong>Powik\u0142ania COVID-19 w ci\u0105\u017cy<\/strong><\/h2>\n\n\n\n<p>Pomimo tego, \u017ce nie ma obecnie danych potwierdzaj\u0105cych wi\u0119ksz\u0105 podatno\u015b\u0107 kobiet w ci\u0105\u017cy na zachorowanie na COVID-19, nale\u017cy uwzgl\u0119dni\u0107 jednak zmiany zachodz\u0105ce w uk\u0142adzie odporno\u015bciowym kobiety w ci\u0105\u017cy. Zmiany te mog\u0105 wp\u0142ywa\u0107 na wi\u0119ksz\u0105 podatno\u015b\u0107 na zaka\u017cenia uk\u0142adu oddechowego.<\/p>\n\n\n\n<h2 class=\"wp-block-heading\"><strong>Koronawirus a ci\u0105\u017ca &#8211; profilaktyka infekcji SARS-CoV-2<\/strong><\/h2>\n\n\n\n<p>Sytuacja zwi\u0105zana z pandemi\u0105 wywr\u00f3ci\u0142a \u017cycie wielu z nas,&nbsp; jest to szczeg\u00f3lnie trudny okres dla kobiet w ci\u0105\u017cy. Nale\u017cy pami\u0119ta\u0107 o przestrzeganiu standardowych zasad profilaktyki, maj\u0105cych na celu zminimalizowanie ryzyka zara\u017cenia.<\/p>\n\n\n\n<p>U kobiet w ci\u0105\u017cy zaleca si\u0119 standardowe zasady profilaktyki:<\/p>\n\n\n\n<ul class=\"wp-block-list\">\n<li>przestrzeganie zasad higieny \u2013 nale\u017cy regularnie i dok\u0142adnie my\u0107 r\u0119ce z odka\u017ceniem za pomoc\u0105 odpowiedniego p\u0142ynu<\/li>\n\n\n\n<li>unikanie dotykania d\u0142o\u0144mi twarzy, oczu, nosa, ust<\/li>\n\n\n\n<li>nie kontaktowanie si\u0119 z osobami zara\u017conymi<\/li>\n\n\n\n<li>unikanie kontaktu z osobami z objawami infekcji g\u00f3rnych dr\u00f3g oddechowych<\/li>\n\n\n\n<li>unikanie du\u017cych skupisk ludzi<\/li>\n\n\n\n<li>prowadzenie zdrowego trybu \u017cycia<\/li>\n<\/ul>\n\n\n\n<p>Ci\u0105\u017ca to okres, gdy w organizmie kobiety ma miejsce wiele zmian w funkcjonowaniu organizmu. Niestety, czasami podczas ci\u0105\u017cy, dochodzi tak\u017ce do rozwoju nieprawid\u0142owo\u015bci takich jak anemia, <a href=\"https:\/\/www.alab.pl\/centrum-wiedzy\/cukrzyca\/\">cukrzyca<\/a> czy zmiany w funkcjonowaniu nerek, kt\u00f3re nie tylko wp\u0142ywaj\u0105 na samopoczucie przysz\u0142ej mamy, ale tak\u017ce mog\u0105 niekorzystnie wp\u0142ywa\u0107 na prawid\u0142owy rozw\u00f3j dziecka.<\/p>\n\n\n\n<h2 class=\"wp-block-heading\">Jakie badania nale\u017cy wykona\u0107 w czasie ci\u0105\u017cy?<\/h2>\n\n\n\n<p>Kobieta ci\u0119\u017carna powinna rozwa\u017cy\u0107 wykonanie bada\u0144, kt\u00f3rych wyniki pozwol\u0105 na wykluczenie czynnik\u00f3w mog\u0105cych wp\u0142yn\u0105\u0107 na przebieg ci\u0105\u017cy oraz ewentualne powik\u0142ania zar\u00f3wno dla dziecka, jak i mamy. Polskie Towarzystwo Ginekolog\u00f3w i Po\u0142o\u017cnik\u00f3w wskazuje zar\u00f3wno badania obowi\u0105zkowe do wykonania oraz te zalecane. Z uwagi na epidemi\u0119 lekarz prowadz\u0105cy ci\u0105\u017c\u0119 na podstawie wywiadu, mo\u017ce zadecydowa\u0107 o modyfikacji czasu ich wykonywania lub zaproponowa\u0107 wykonanie w innym terminie.<\/p>\n\n\n\n<figure class=\"wp-block-image size-full\"><a href=\"https:\/\/www.alab.pl\/pakiet\/pakiet-kobiety-w-ciazy\" target=\"_blank\" rel=\" noreferrer noopener\"><img loading=\"lazy\" decoding=\"async\" width=\"800\" height=\"200\" src=\"https:\/\/www.alab.pl\/centrum-wiedzy\/wp-content\/uploads\/2025\/02\/Pakiet-kobiety-w-ciazy-16-badan.jpg\" alt=\"Pakiet kobiety w cia\u0328z\u0307y (16 badan\u0301) banerek\" class=\"wp-image-21710\" srcset=\"https:\/\/www.alab.pl\/centrum-wiedzy\/wp-content\/uploads\/2025\/02\/Pakiet-kobiety-w-ciazy-16-badan.jpg 800w, https:\/\/www.alab.pl\/centrum-wiedzy\/wp-content\/uploads\/2025\/02\/Pakiet-kobiety-w-ciazy-16-badan-768x192.jpg 768w, https:\/\/www.alab.pl\/centrum-wiedzy\/wp-content\/uploads\/2025\/02\/Pakiet-kobiety-w-ciazy-16-badan-150x38.jpg 150w, https:\/\/www.alab.pl\/centrum-wiedzy\/wp-content\/uploads\/2025\/02\/Pakiet-kobiety-w-ciazy-16-badan-300x75.jpg 300w, https:\/\/www.alab.pl\/centrum-wiedzy\/wp-content\/uploads\/2025\/02\/Pakiet-kobiety-w-ciazy-16-badan-696x174.jpg 696w\" sizes=\"auto, (max-width: 800px) 100vw, 800px\" \/><\/a><\/figure>\n\n\n\n<h2 class=\"wp-block-heading\"><a href=\"https:\/\/www.alab.pl\/pakiet\/pakiet-kobiety-w-ciazy\" target=\"_blank\" rel=\"noreferrer noopener\">PAKIET KOBIETY W CI\u0104\u017bY<\/a> (zawiera 16 bada\u0144)<\/h2>\n\n\n\n<p>Badania wchodz\u0105ce w sk\u0142ad pakietu umo\u017cliwiaj\u0105 ocen\u0119 najcz\u0119\u015bciej spotykanych w organizmie kobiety ci\u0119\u017carnej zmian niesprzyjaj\u0105cych prawid\u0142owemu rozwojowi dziecka. Poza tym daj\u0105 informacj\u0119 dotycz\u0105c\u0105 og\u00f3lnego stanu zdrowia i s\u0105 podstaw\u0105 w prawid\u0142owym przygotowaniu do porodu.<\/p>\n\n\n\n<p>W prawid\u0142owym rozwoju ci\u0105\u017cy du\u017c\u0105 rol\u0119 odgrywa r\u00f3wnie\u017c diagnostyka infekcji zar\u00f3wno wirusowych, jak i paso\u017cytniczych. Dlatego bardzo wa\u017cne jest, aby w czasie jej trwania wykluczy\u0107 zaka\u017cenia wirusami takimi jak: wirus toksoplazmy, r\u00f3\u017cyczki, cytomegalii, HIV czy wirusami zapalenia w\u0105troby typu B i C (HBV i <a href=\"https:\/\/www.alab.pl\/centrum-wiedzy\/hcv\/\">HCV<\/a>). Istotne jest r\u00f3wnie\u017c wykonanie badania w kierunku ki\u0142y.<\/p>\n\n\n\n<p>Przed porodem konieczne jest r\u00f3wnie\u017c oznaczenie grupy krwi oraz przeciwcia\u0142 anty-Rh. Badania wchodz\u0105ce w sk\u0142ad pakietu zawieraj\u0105 za-r\u00f3wno badania obowi\u0105zkowe, jak i te zalecane przez Polskie Towarzystwo Ginekologiczne (PTG).<\/p>\n\n\n\n<p><strong>Koronawirus a ci\u0105\u017ca &#8211; czy w obecnej sytuacji mo\u017cna w bezpieczny spos\u00f3b wykona\u0107 potrzebne badania laboratoryjne?<\/strong><\/p>\n\n\n\n<p>Aktualnie zaleca si\u0119 unikanie niepotrzebnych kontakt\u00f3w z innymi osobami. W celu zminimalizowania kontaktu z innymi osobami <strong>polecamy wyb\u00f3r naszego sklepu internetowego <a href=\"https:\/\/www.alab.pl\/\">alab.pl<\/a><\/strong>. W ten spos\u00f3b w wygodny spos\u00f3b mo\u017cna zakupi\u0107 badania oraz zarejestrowa\u0107 si\u0119 w Punkcie Pobra\u0144. Dzi\u0119ki temu skr\u00f3ci si\u0119 do minimum czas potrzebny za wykonanie bada\u0144 laboratoryjnych w plac\u00f3wce. Nasz personel jest wyposa\u017cony w \u015brodki ochrony indywidualnej, kt\u00f3re zapewniaj\u0105 bezpiecze\u0144stwo naszym Pacjentom. Punkty pobra\u0144 zosta\u0142y odpowiednio przygotowane, aby zapewni\u0107 bezpieczne wykonanie bada\u0144.<\/p>\n","protected":false},"excerpt":{"rendered":"<p>Czy istniej\u0105 powik\u0142ania COVID-19 w przebiegu ci\u0105\u017cy? Jak powinna wygl\u0105da\u0107 profilaktyka infekcji SARS-CoV-2 u przysz\u0142ych matek? Czy w obecnej sytuacji mo\u017cna w bezpieczny spos\u00f3b wykona\u0107 potrzebne badania laboratoryjne? Koronawirus a ci\u0105\u017ca &#8211; poznaj najwa\u017cniejsze informacje. Na podstawie aktualnej wiedzy oraz prowadzonych obserwacji uwa\u017ca si\u0119, \u017ce kobiety w ci\u0105\u017cy nie wydaj\u0105 si\u0119 by\u0107 grup\u0105 bardziej nara\u017con\u0105 [&hellip;]<\/p>\n","protected":false},"author":104,"featured_media":522,"comment_status":"closed","ping_status":"open","sticky":false,"template":"","format":"standard","meta":{"_acf_changed":false,"inline_featured_image":false,"footnotes":""},"categories":[14,24],"tags":[],"coauthors":[184],"class_list":{"0":"post-515","1":"post","2":"type-post","3":"status-publish","4":"format-standard","5":"has-post-thumbnail","7":"category-covidowe-abc","8":"category-nieplodnosc-niepowodzenia-ciazy"},"acf":[],"yoast_head":"<!-- This site is optimized with the Yoast SEO plugin v27.5 - https:\/\/yoast.com\/product\/yoast-seo-wordpress\/ -->\n<title>Koronawirus a ci\u0105\u017ca - wp\u0142yw COVID-19 na przysz\u0142e mamy<\/title>\n<meta name=\"description\" content=\"Czy istniej\u0105 powik\u0142ania COVID-19 w przebiegu ci\u0105\u017cy? Czy p\u0142\u00f3d mo\u017ce zakazi\u0107 si\u0119 wirusem od matki? Koronawirus a ci\u0105\u017ca - dowiedz si\u0119 wi\u0119cej!\" \/>\n<meta name=\"robots\" content=\"index, follow, max-snippet:-1, max-image-preview:large, max-video-preview:-1\" \/>\n<link rel=\"canonical\" href=\"https:\/\/www.alab.pl\/centrum-wiedzy\/covid-19-a-ciaza\/\" \/>\n<meta property=\"og:locale\" content=\"pl_PL\" \/>\n<meta property=\"og:type\" content=\"article\" \/>\n<meta property=\"og:title\" content=\"Koronawirus a ci\u0105\u017ca - wp\u0142yw COVID-19 na przysz\u0142e mamy\" \/>\n<meta property=\"og:description\" content=\"Czy istniej\u0105 powik\u0142ania COVID-19 w przebiegu ci\u0105\u017cy? Czy p\u0142\u00f3d mo\u017ce zakazi\u0107 si\u0119 wirusem od matki? Koronawirus a ci\u0105\u017ca - dowiedz si\u0119 wi\u0119cej!\" \/>\n<meta property=\"og:url\" content=\"https:\/\/www.alab.pl\/centrum-wiedzy\/covid-19-a-ciaza\/\" \/>\n<meta property=\"og:site_name\" content=\"Centrum Wiedzy ALAB laboratoria\" \/>\n<meta property=\"article:publisher\" content=\"https:\/\/www.facebook.com\/ALABlaboratoria\" \/>\n<meta property=\"article:published_time\" content=\"2020-09-11T12:21:57+00:00\" \/>\n<meta property=\"article:modified_time\" content=\"2025-05-21T13:52:41+00:00\" \/>\n<meta property=\"og:image\" content=\"https:\/\/www.alab.pl\/centrum-wiedzy\/wp-content\/uploads\/2020\/09\/ciaza_w_czasie_covidu_19.png\" \/>\n\t<meta property=\"og:image:width\" content=\"877\" \/>\n\t<meta property=\"og:image:height\" content=\"493\" \/>\n\t<meta property=\"og:image:type\" content=\"image\/png\" \/>\n<meta name=\"author\" content=\"\u0141ukasz Fraszka\" \/>\n<meta name=\"twitter:card\" content=\"summary_large_image\" \/>\n<meta name=\"twitter:label1\" content=\"Napisane przez\" \/>\n\t<meta name=\"twitter:data1\" content=\"\u0141ukasz Fraszka\" \/>\n\t<meta name=\"twitter:label2\" content=\"Szacowany czas czytania\" \/>\n\t<meta name=\"twitter:data2\" content=\"5 minut\" \/>\n\t<meta name=\"twitter:label3\" content=\"Written by\" \/>\n\t<meta name=\"twitter:data3\" content=\"\u0141ukasz Fraszka\" \/>\n<!-- \/ Yoast SEO plugin. -->","yoast_head_json":{"title":"Koronawirus a ci\u0105\u017ca - wp\u0142yw COVID-19 na przysz\u0142e mamy","description":"Czy istniej\u0105 powik\u0142ania COVID-19 w przebiegu ci\u0105\u017cy? Czy p\u0142\u00f3d mo\u017ce zakazi\u0107 si\u0119 wirusem od matki? Koronawirus a ci\u0105\u017ca - dowiedz si\u0119 wi\u0119cej!","robots":{"index":"index","follow":"follow","max-snippet":"max-snippet:-1","max-image-preview":"max-image-preview:large","max-video-preview":"max-video-preview:-1"},"canonical":"https:\/\/www.alab.pl\/centrum-wiedzy\/covid-19-a-ciaza\/","og_locale":"pl_PL","og_type":"article","og_title":"Koronawirus a ci\u0105\u017ca - wp\u0142yw COVID-19 na przysz\u0142e mamy","og_description":"Czy istniej\u0105 powik\u0142ania COVID-19 w przebiegu ci\u0105\u017cy? Czy p\u0142\u00f3d mo\u017ce zakazi\u0107 si\u0119 wirusem od matki? Koronawirus a ci\u0105\u017ca - dowiedz si\u0119 wi\u0119cej!","og_url":"https:\/\/www.alab.pl\/centrum-wiedzy\/covid-19-a-ciaza\/","og_site_name":"Centrum Wiedzy ALAB laboratoria","article_publisher":"https:\/\/www.facebook.com\/ALABlaboratoria","article_published_time":"2020-09-11T12:21:57+00:00","article_modified_time":"2025-05-21T13:52:41+00:00","og_image":[{"width":877,"height":493,"url":"https:\/\/www.alab.pl\/centrum-wiedzy\/wp-content\/uploads\/2020\/09\/ciaza_w_czasie_covidu_19.png","type":"image\/png"}],"author":"\u0141ukasz Fraszka","twitter_card":"summary_large_image","twitter_misc":{"Napisane przez":"\u0141ukasz Fraszka","Szacowany czas czytania":"5 minut","Written by":"\u0141ukasz Fraszka"},"schema":{"@context":"https:\/\/schema.org","@graph":[{"@type":"Article","@id":"https:\/\/www.alab.pl\/centrum-wiedzy\/covid-19-a-ciaza\/#article","isPartOf":{"@id":"https:\/\/www.alab.pl\/centrum-wiedzy\/covid-19-a-ciaza\/"},"author":{"name":"\u0141ukasz Fraszka","@id":"https:\/\/www.alab.pl\/centrum-wiedzy\/#\/schema\/person\/e7d1f2705bb12761a87eb82607a793f3"},"headline":"COVID-19 a ci\u0105\u017ca","datePublished":"2020-09-11T12:21:57+00:00","dateModified":"2025-05-21T13:52:41+00:00","mainEntityOfPage":{"@id":"https:\/\/www.alab.pl\/centrum-wiedzy\/covid-19-a-ciaza\/"},"wordCount":849,"publisher":{"@id":"https:\/\/www.alab.pl\/centrum-wiedzy\/#organization"},"image":{"@id":"https:\/\/www.alab.pl\/centrum-wiedzy\/covid-19-a-ciaza\/#primaryimage"},"thumbnailUrl":"https:\/\/www.alab.pl\/centrum-wiedzy\/wp-content\/uploads\/2020\/09\/ciaza_w_czasie_covidu_19.png","articleSection":["Covidowe ABC","Niep\u0142odno\u015b\u0107, niepowodzenia ci\u0105\u017cy"],"inLanguage":"pl-PL"},{"@type":"WebPage","@id":"https:\/\/www.alab.pl\/centrum-wiedzy\/covid-19-a-ciaza\/","url":"https:\/\/www.alab.pl\/centrum-wiedzy\/covid-19-a-ciaza\/","name":"Koronawirus a ci\u0105\u017ca - wp\u0142yw COVID-19 na przysz\u0142e mamy","isPartOf":{"@id":"https:\/\/www.alab.pl\/centrum-wiedzy\/#website"},"primaryImageOfPage":{"@id":"https:\/\/www.alab.pl\/centrum-wiedzy\/covid-19-a-ciaza\/#primaryimage"},"image":{"@id":"https:\/\/www.alab.pl\/centrum-wiedzy\/covid-19-a-ciaza\/#primaryimage"},"thumbnailUrl":"https:\/\/www.alab.pl\/centrum-wiedzy\/wp-content\/uploads\/2020\/09\/ciaza_w_czasie_covidu_19.png","datePublished":"2020-09-11T12:21:57+00:00","dateModified":"2025-05-21T13:52:41+00:00","description":"Czy istniej\u0105 powik\u0142ania COVID-19 w przebiegu ci\u0105\u017cy? Czy p\u0142\u00f3d mo\u017ce zakazi\u0107 si\u0119 wirusem od matki? Koronawirus a ci\u0105\u017ca - dowiedz si\u0119 wi\u0119cej!","breadcrumb":{"@id":"https:\/\/www.alab.pl\/centrum-wiedzy\/covid-19-a-ciaza\/#breadcrumb"},"inLanguage":"pl-PL","potentialAction":[{"@type":"ReadAction","target":["https:\/\/www.alab.pl\/centrum-wiedzy\/covid-19-a-ciaza\/"]}]},{"@type":"ImageObject","inLanguage":"pl-PL","@id":"https:\/\/www.alab.pl\/centrum-wiedzy\/covid-19-a-ciaza\/#primaryimage","url":"https:\/\/www.alab.pl\/centrum-wiedzy\/wp-content\/uploads\/2020\/09\/ciaza_w_czasie_covidu_19.png","contentUrl":"https:\/\/www.alab.pl\/centrum-wiedzy\/wp-content\/uploads\/2020\/09\/ciaza_w_czasie_covidu_19.png","width":877,"height":493,"caption":"ci\u0105\u017ca w czasie covid-19"},{"@type":"BreadcrumbList","@id":"https:\/\/www.alab.pl\/centrum-wiedzy\/covid-19-a-ciaza\/#breadcrumb","itemListElement":[{"@type":"ListItem","position":1,"name":"Strona g\u0142\u00f3wna","item":"https:\/\/www.alab.pl\/centrum-wiedzy\/"},{"@type":"ListItem","position":2,"name":"COVID-19 a ci\u0105\u017ca"}]},{"@type":"WebSite","@id":"https:\/\/www.alab.pl\/centrum-wiedzy\/#website","url":"https:\/\/www.alab.pl\/centrum-wiedzy\/","name":"Centrum Wiedzy ALAB laboratoria","description":"","publisher":{"@id":"https:\/\/www.alab.pl\/centrum-wiedzy\/#organization"},"potentialAction":[{"@type":"SearchAction","target":{"@type":"EntryPoint","urlTemplate":"https:\/\/www.alab.pl\/centrum-wiedzy\/?s={search_term_string}"},"query-input":{"@type":"PropertyValueSpecification","valueRequired":true,"valueName":"search_term_string"}}],"inLanguage":"pl-PL"},{"@type":"Organization","@id":"https:\/\/www.alab.pl\/centrum-wiedzy\/#organization","name":"Centrum Wiedzy ALAB laboratoria","url":"https:\/\/www.alab.pl\/centrum-wiedzy\/","logo":{"@type":"ImageObject","inLanguage":"pl-PL","@id":"https:\/\/www.alab.pl\/centrum-wiedzy\/#\/schema\/logo\/image\/","url":"https:\/\/www.alab.pl\/centrum-wiedzy\/wp-content\/uploads\/2022\/04\/alabek.jpg","contentUrl":"https:\/\/www.alab.pl\/centrum-wiedzy\/wp-content\/uploads\/2022\/04\/alabek.jpg","width":1250,"height":1251,"caption":"Centrum Wiedzy ALAB laboratoria"},"image":{"@id":"https:\/\/www.alab.pl\/centrum-wiedzy\/#\/schema\/logo\/image\/"},"sameAs":["https:\/\/www.facebook.com\/ALABlaboratoria"]},{"@type":"Person","@id":"https:\/\/www.alab.pl\/centrum-wiedzy\/#\/schema\/person\/e7d1f2705bb12761a87eb82607a793f3","name":"\u0141ukasz Fraszka","image":{"@type":"ImageObject","inLanguage":"pl-PL","@id":"https:\/\/www.alab.pl\/centrum-wiedzy\/wp-content\/uploads\/2022\/04\/Lukasz-Fraszka-150x150.jpgbb56df7daac1a73cc08f4bccdfeca03f","url":"https:\/\/www.alab.pl\/centrum-wiedzy\/wp-content\/uploads\/2022\/04\/Lukasz-Fraszka-150x150.jpg","contentUrl":"https:\/\/www.alab.pl\/centrum-wiedzy\/wp-content\/uploads\/2022\/04\/Lukasz-Fraszka-150x150.jpg","caption":"\u0141ukasz Fraszka"},"description":"Dyrektor ds. Komercyjnych w ALAB laboratoria, diagnosta laboratoryjny. Absolwent analityki medycznej Collegium Medicum UMK im. Ludwika Rydygiera w Bydgoszczy oraz ekonomii w Kujawsko-Pomorskiej Szkole Wy\u017cszej.","url":"https:\/\/www.alab.pl\/centrum-wiedzy\/author\/lukasz\/"}]}},"_links":{"self":[{"href":"https:\/\/www.alab.pl\/centrum-wiedzy\/wp-json\/wp\/v2\/posts\/515","targetHints":{"allow":["GET"]}}],"collection":[{"href":"https:\/\/www.alab.pl\/centrum-wiedzy\/wp-json\/wp\/v2\/posts"}],"about":[{"href":"https:\/\/www.alab.pl\/centrum-wiedzy\/wp-json\/wp\/v2\/types\/post"}],"author":[{"embeddable":true,"href":"https:\/\/www.alab.pl\/centrum-wiedzy\/wp-json\/wp\/v2\/users\/104"}],"replies":[{"embeddable":true,"href":"https:\/\/www.alab.pl\/centrum-wiedzy\/wp-json\/wp\/v2\/comments?post=515"}],"version-history":[{"count":3,"href":"https:\/\/www.alab.pl\/centrum-wiedzy\/wp-json\/wp\/v2\/posts\/515\/revisions"}],"predecessor-version":[{"id":23684,"href":"https:\/\/www.alab.pl\/centrum-wiedzy\/wp-json\/wp\/v2\/posts\/515\/revisions\/23684"}],"wp:featuredmedia":[{"embeddable":true,"href":"https:\/\/www.alab.pl\/centrum-wiedzy\/wp-json\/wp\/v2\/media\/522"}],"wp:attachment":[{"href":"https:\/\/www.alab.pl\/centrum-wiedzy\/wp-json\/wp\/v2\/media?parent=515"}],"wp:term":[{"taxonomy":"category","embeddable":true,"href":"https:\/\/www.alab.pl\/centrum-wiedzy\/wp-json\/wp\/v2\/categories?post=515"},{"taxonomy":"post_tag","embeddable":true,"href":"https:\/\/www.alab.pl\/centrum-wiedzy\/wp-json\/wp\/v2\/tags?post=515"},{"taxonomy":"author","embeddable":true,"href":"https:\/\/www.alab.pl\/centrum-wiedzy\/wp-json\/wp\/v2\/coauthors?post=515"}],"curies":[{"name":"wp","href":"https:\/\/api.w.org\/{rel}","templated":true}]}}