{"id":5830,"date":"2023-03-29T10:41:40","date_gmt":"2023-03-29T08:41:40","guid":{"rendered":"https:\/\/sklep.alablaboratoria.pl\/centrum-wiedzy\/?p=5830"},"modified":"2025-09-12T10:43:48","modified_gmt":"2025-09-12T08:43:48","slug":"diagnostyka-alergii-u-dzieci","status":"publish","type":"post","link":"https:\/\/www.alab.pl\/centrum-wiedzy\/diagnostyka-alergii-u-dzieci\/","title":{"rendered":"Diagnostyka alergii u dzieci"},"content":{"rendered":"\n<p>Spis tre\u015bci<\/p>\n\n\n\n<ol class=\"wp-block-list\">\n<li><a href=\"#alergia2\">Objawy alergii u dzieci, na co zwr\u00f3ci\u0107 uwag\u0119?<\/a><\/li>\n\n\n\n<li><a href=\"#alergia3\">Jak wygl\u0105da proces diagnostyczny alergii u dzieci?<\/a><\/li>\n\n\n\n<li><a href=\"#alergia4\">W jakim wieku mo\u017cemy rozpocz\u0105\u0107 diagnostyk\u0119 alergii z krwi?<\/a><\/li>\n\n\n\n<li><a href=\"#alergia5\">Jak cz\u0119sto powtarza\u0107 wyniki test\u00f3w alergicznych z krwi?<\/a><\/li>\n\n\n\n<li><a href=\"#alergia6\">Czy testy alergiczne u dzieci wystarcz\u0105?<\/a><\/li>\n<\/ol>\n\n\n\n<p><strong>Alergie u niemowl\u0105t i dzieci <\/strong>s\u0105 na tyle powszechne, \u017ce zaburzenia z ni\u0105 zwi\u0105zane nale\u017c\u0105 do g\u0142\u00f3wnych rozpozna\u0144 chor\u00f3b przewlek\u0142ych u dzieci w Europie. Jak podaje Europejska Akademia Alergologii i Immunologii Klinicznej <strong>od 4 do 6% dzieci ma&nbsp; <a href=\"https:\/\/www.alab.pl\/centrum-wiedzy\/alergia-pokarmowa\/\">alergi\u0119 pokarmow\u0105<\/a>, 8 do 10% ma astm\u0119, a 15 do 25% ma alergiczny nie\u017cyt nosa.<\/strong><\/p>\n\n\n\n<p>W badaniach ECAP (Epidemiologia Chor\u00f3b Alergicznych w Polsce) wskazano, \u017ce w okresie niemowl\u0119cym oraz wczesnodzieci\u0119cym dominuj\u0105 alergeny pokarmowe wywo\u0142uj\u0105ce objawy ze strony przewodu pokarmowego oraz sk\u00f3ry, natomiast w p\u00f3\u017aniejszym wieku problem stanowi\u0105 alergeny wziewne, odpowiedzialne za alergiczny nie\u017cyt nosa i astm\u0119. Statystyki podaj\u0105, \u017ce alergia pokarmowa wyst\u0119puje u oko\u0142o 13% dzieci w wieku 6-7 lat i 11%&nbsp;w wieku 13-14 lat, atopowe zapalenie sk\u00f3ry u oko\u0142o 9% dzieci w obu grupach wiekowych. Alergiczny nie\u017cyt nosa dotyka 24% dzieci w wieku 6-7 lat i 30% dzieci w wieku 13-14 lat. Astma stanowi 11% dzieci w obu grupach wiekowych.<\/p>\n\n\n\n<p>Eksperci zapowiadaj\u0105 upowszechnienie alergii wieku dzieci\u0119cego, sk\u0142adaj\u0105 si\u0119 ku temu predyspozycje genetyczne i czynniki \u015brodowiskowe. Wiemy, \u017ce <strong>sk\u0142onno\u015b\u0107 do alergii jest dziedziczna<\/strong>, dzieci, kt\u00f3re maj\u0105 cz\u0142onk\u00f3w rodziny z alergiami lub problemami alergicznymi, takimi jak astma, egzema i katar sienny, s\u0105 bardziej nara\u017cone na rozw\u00f3j alergii. Istnieje jednak szereg czynnik\u00f3w, kt\u00f3re os\u0142abiaj\u0105 uk\u0142ad immunologiczny i powoduj\u0105, \u017ce coraz cz\u0119\u015bciej alergia jest nabywana. W\u015br\u00f3d tych czynnik\u00f3w mo\u017cemy wymieni\u0107 tzw. nadmiern\u0105 higienizacj\u0119&nbsp; \u017cycia, por\u00f3d ci\u0119ciem cesarskim, nieprawid\u0142owy styl \u017cycia, czy&nbsp; nadmiern\u0105 <a href=\"https:\/\/www.alab.pl\/centrum-wiedzy\/antybiotyki-czy-nadal-sa-skuteczne\/\">antybiotykoterapi\u0119<\/a>.&nbsp; Takie dzia\u0142ania zaburzaj\u0105 sk\u0142ad <a href=\"https:\/\/www.alab.pl\/centrum-wiedzy\/mikrobiota-jelitowa\/\">mikroflory jelitowej<\/a>, kt\u00f3ra jest kluczem do prawid\u0142owego funkcjonowania ca\u0142ego organizmu.<\/p>\n\n\n\n<h2 class=\"wp-block-heading\" id=\"alergia2\">Objawy alergii u dzieci, na co zwr\u00f3ci\u0107 uwag\u0119?<\/h2>\n\n\n\n<p>Objawy alergii u dzieci mog\u0105 by\u0107 bardzo uci\u0105\u017cliwe, <strong>w alergii pokarmowej mog\u0105 by\u0107 r\u00f3\u017cnorodne<\/strong>, mog\u0105 dotyczy\u0107 zar\u00f3wno uk\u0142adu pokarmowego, oddechowego, jak i sk\u00f3ry.&nbsp;<strong>Nale\u017c\u0105 do nich m.in.:<\/strong><\/p>\n\n\n\n<ul class=\"wp-block-list\">\n<li>wymioty, biegunka, krew w kale, zaparcia,<\/li>\n\n\n\n<li>wysypka, pokrzywka, atopowe zmiany sk\u00f3rne,&nbsp;<\/li>\n\n\n\n<li>nie\u017cyt nosa, \u015bwiszcz\u0105cy oddech lub problemy z oddychaniem.<\/li>\n<\/ul>\n\n\n\n<p>Ten rodzaj alergii dominuje u najm\u0142odszych, zazwyczaj 2- 3-letnich dzieci. U tych starszych na znaczeniu zaczynaj\u0105&nbsp; zyskiwa\u0107 r\u00f3wnie\u017c <strong>alergeny wziewne<\/strong> (py\u0142ki drzew, traw, chwast\u00f3w; sier\u015b\u0107 zwierz\u0105t, ple\u015bnie, czy roztocza kurzu domowego). <strong>Do najcz\u0119stszych objaw\u00f3w <a href=\"https:\/\/www.alab.pl\/centrum-wiedzy\/alergia-wziewna\/\">alergii wziewnej<\/a> mo\u017cemy zaliczy\u0107:<\/strong><\/p>\n\n\n\n<ul class=\"wp-block-list\">\n<li>\u0142zawienie i sw\u0119dzenie oczu, zapalenie spoj\u00f3wek, infekcje g\u00f3rnych dr\u00f3g oddechowych,<\/li>\n\n\n\n<li>kichanie, przewlek\u0142y, wodnisty katar, suchy kaszel,<\/li>\n\n\n\n<li>rzadziej wyst\u0119puj\u0105 objawy ze strony uk\u0142adu pokarmowego, czy sk\u00f3ry.<\/li>\n<\/ul>\n\n\n\n<p><strong>Alergie wziewne cz\u0119sto mylone s\u0105 z nawracaj\u0105cymi <a href=\"https:\/\/www.alab.pl\/centrum-wiedzy\/infekcja\/\">infekcjami<\/a>.<\/strong> Objawy, kt\u00f3re s\u0105 podobne do objaw\u00f3w przezi\u0119bienia i trwaj\u0105 d\u0142u\u017cej ni\u017c tydzie\u0144, ponadto&nbsp;pojawiaj\u0105 si\u0119 mniej wi\u0119cej o tej samej porze ka\u017cdego roku, mog\u0105 r\u00f3wnie\u017c \u015bwiadczy\u0107 o alergii. B\u0105d\u017amy czujni!<\/p>\n\n\n\n<h2 class=\"wp-block-heading\" id=\"alergia3\">Jak wygl\u0105da proces diagnostyczny alergii u dzieci?<\/h2>\n\n\n\n<p>Diagnostyka alergii zwykle odbywa si\u0119 w gabinecie alergologa i obejmuje zebranie szczeg\u00f3\u0142owego wywiadu lekarskiego dziecka oraz wywiadu rodzinnego w kierunku alergii, a tak\u017ce badanie przedmiotowe. Alergolodzy najcz\u0119\u015bciej w postawieniu ostatecznej diagnozy wykorzystuj\u0105<strong> testy sk\u00f3rne i <a href=\"https:\/\/www.alab.pl\/centrum-wiedzy\/testy-alergiczne-z-krwi\/\">badania z krwi w kierunku alergii<\/a><\/strong>. U ma\u0142ych dzieci, szczeg\u00f3lnie tych do 3. r.\u017c. <strong>testy z krwi maj\u0105 zdecydowan\u0105 przewag\u0119 nad testami sk\u00f3rnymi<\/strong>, gdy\u017c przeprowadzenie test\u00f3w sk\u00f3rnych wi\u0105\u017ce si\u0119 z wieloma ograniczeniami, takimi jak:<\/p>\n\n\n\n<ul class=\"wp-block-list\">\n<li>brak wsp\u00f3\u0142pracy dziecka z lekarzem,<\/li>\n\n\n\n<li>ograniczona powierzchnia sk\u00f3ry,<\/li>\n\n\n\n<li>rozleg\u0142e zmiany sk\u00f3rne,<\/li>\n\n\n\n<li>rodzaj alergii, w tym wieku dominuje alergia pokarmowa, gdzie testy sk\u00f3rne s\u0105 mniej czu\u0142e ni\u017c w przypadku alergen\u00f3w wziewnych,<\/li>\n\n\n\n<li>ponadto przyjmowanie lek\u00f3w antyhistaminowych, kt\u00f3re utrudnia interpretacj\u0119 wyniku test\u00f3w sk\u00f3rnych, lub wr\u0119cz j\u0105 uniemo\u017cliwia.<\/li>\n<\/ul>\n\n\n\n<p>Natomiast <strong>te ograniczenia nie obejmuj\u0105 bada\u0144 z krwi<\/strong>. Testy alergologiczne z krwi polegaj\u0105 na pobraniu niewielkiej ilo\u015bci krwi i oznaczeniu poziomu przeciwcia\u0142 IgE dla danych alergen\u00f3w. <strong>Pacjent nie musi by\u0107 na czczo, a przyjmowane leki przeciwalergiczne nie maj\u0105 wp\u0142ywu na wyniki bada\u0144.<\/strong><\/p>\n\n\n\n<p><strong>Dobrym badaniem wyj\u015bciowym u dzieci z&nbsp;podejrzeniem alergii jest <a href=\"https:\/\/www.alab.pl\/badanie\/panel-alergenow-pediatrycznych-30-alergenow-metoda-polycheck-l91\" target=\"_blank\" rel=\"noreferrer noopener\">panel pediatryczny 30 alergen\u00f3w<\/a>. <\/strong>Zawiera on najcz\u0119stsze alergeny wieku dzieci\u0119cego \u2013 pokarmowe, jak i wziewne,&nbsp;dodatkowo znajdziemy w nim rozbicie alergen\u00f3w mleka na poszczeg\u00f3lne jego bia\u0142ka. Panel ten pozwoli ustali\u0107 \u017ar\u00f3d\u0142o alergii, potwierdzi\u0107 mechanizm IgE zale\u017cny, a tym samym ukierunkuje nas na dalsz\u0105 diagnostyk\u0119.<\/p>\n\n\n\n<figure class=\"wp-block-image size-full\"><a href=\"https:\/\/www.alab.pl\/badanie\/panel-alergenow-pediatrycznych-30-alergenow-metoda-polycheck-l91\" target=\"_blank\" rel=\"noreferrer noopener\"><img loading=\"lazy\" decoding=\"async\" width=\"800\" height=\"200\" src=\"https:\/\/www.alab.pl\/centrum-wiedzy\/wp-content\/uploads\/2025\/04\/Panel-30-alergenow-pediatrycznych.png\" alt=\"Panel 30 alergeno\u0301w pediatrycznych banerek\" class=\"wp-image-23006\" srcset=\"https:\/\/www.alab.pl\/centrum-wiedzy\/wp-content\/uploads\/2025\/04\/Panel-30-alergenow-pediatrycznych.png 800w, https:\/\/www.alab.pl\/centrum-wiedzy\/wp-content\/uploads\/2025\/04\/Panel-30-alergenow-pediatrycznych-768x192.png 768w, https:\/\/www.alab.pl\/centrum-wiedzy\/wp-content\/uploads\/2025\/04\/Panel-30-alergenow-pediatrycznych-150x38.png 150w, https:\/\/www.alab.pl\/centrum-wiedzy\/wp-content\/uploads\/2025\/04\/Panel-30-alergenow-pediatrycznych-300x75.png 300w, https:\/\/www.alab.pl\/centrum-wiedzy\/wp-content\/uploads\/2025\/04\/Panel-30-alergenow-pediatrycznych-696x174.png 696w\" sizes=\"auto, (max-width: 800px) 100vw, 800px\" \/><\/a><\/figure>\n\n\n\n<h2 class=\"wp-block-heading\" id=\"alergia4\">W jakim wieku mo\u017cemy rozpocz\u0105\u0107 diagnostyk\u0119 alergii z krwi?<\/h2>\n\n\n\n<p><strong>Dla test\u00f3w alergologicznych&nbsp;z krwi nie ma \u017cadnych ogranicze\u0144 wiekowych.<\/strong> Generalnie najcz\u0119\u015bciej testy alergiczne zaleca si\u0119 wykonywa\u0107 od 6. miesi\u0105ca \u017cycia dziecka. Nale\u017cy jednak pami\u0119ta\u0107, \u017ce uk\u0142ad odporno\u015bciowy malucha kszta\u0142tuje si\u0119 a\u017c do okresu nastoletniego. St\u0105d im m\u0142odsze dziecko, tym ta diagnostyka b\u0119dzie trudniejsza, a wiarygodno\u015b\u0107 test\u00f3w mo\u017ce by\u0107 ni\u017csza. W praktyce nale\u017cy zawsze stosowa\u0107 indywidualne, dostosowane do wyst\u0119puj\u0105cych objaw\u00f3w, decyzje diagnostyczne.<\/p>\n\n\n\n<h2 class=\"wp-block-heading\" id=\"alergia5\">Jak cz\u0119sto powtarza\u0107 wyniki test\u00f3w alergicznych z krwi?<\/h2>\n\n\n\n<p>U os\u00f3b z alergi\u0105&nbsp;<strong>badania powinny by\u0107 powtarzane \u015brednio co 12 miesi\u0119cy<\/strong>, poniewa\u017c w tym czasie pacjent uczulony na jeden alergen mo\u017ce uczuli\u0107 si\u0119 na kolejny. Warto r\u00f3wnie\u017c zaznaczy\u0107, \u017ce przy <a href=\"https:\/\/www.alab.pl\/centrum-wiedzy\/alergia-na-mleko-i-jajka\/\">alergii pokarmowej wczesnodzieci\u0119cej na mleko, czy bia\u0142ko jaja<\/a> istnieje du\u017ca szansa na wyro\u015bni\u0119cie z alergii. W celu monitorowania tego procesu mo\u017cemy r\u00f3wnie\u017c pos\u0142u\u017cy\u0107 si\u0119 diagnostyk\u0105 alergologiczn\u0105 z krwi tzw. molekularn\u0105 diagnostyk\u0105 alergii.&nbsp;<\/p>\n\n\n\n<ol class=\"wp-block-list\">\n<li>Dla mleka &#8211;&nbsp;u dzieci uczulonych na g\u0142\u00f3wny alergen mleka (<a href=\"https:\/\/www.alab.pl\/badanie\/kazeina-f78-ige-swoiste-l91\" target=\"_blank\" rel=\"noreferrer noopener\">kazein\u0119; Bos d 8<\/a>) mo\u017cemy monitorowa\u0107 poziom&nbsp;przeciwcia\u0142 dla kazeiny (co 1-2 lata), a spadek ich poziomu b\u0119dzie sugerowa\u0142 nabywanie tolerancji na alergen mleka.<\/li>\n\n\n\n<li>Dla bia\u0142ka jaja takim markerem nabywania tolerancji jest <a href=\"https:\/\/www.alab.pl\/badanie\/ovomucoid-f233-ige-swoiste-l91\" target=\"_blank\" rel=\"noreferrer noopener\">owomukoid, Gal d 1<\/a>. Okresowe badania przeciwcia\u0142 dla tego alergenu (co 1-2 lata) i ich spadek s\u0105 dobrym prognostykiem i m\u00f3wi\u0105 o wyrastaniu z alergii na bia\u0142ko jaja.<\/li>\n<\/ol>\n\n\n\n<h2 class=\"wp-block-heading\" id=\"alergia6\">Czy testy alergiczne u dzieci wystarcz\u0105?<\/h2>\n\n\n\n<p>Pami\u0119tajmy r\u00f3wnie\u017c, \u017ce szczeg\u00f3lnie przy alergii pokarmowej przebiegaj\u0105cej z atopowym zapaleniem sk\u00f3ry nale\u017cy kontrolowa\u0107 ew. niedobory, kt\u00f3re AZS potrafi&nbsp;nasila\u0107.<\/p>\n\n\n\n<p>Z bada\u0144 dodatkowych warto rozwa\u017cy\u0107 m.in. badania: <a href=\"https:\/\/www.alab.pl\/badanie\/morfologia-krwi-c55\" target=\"_blank\" rel=\"noreferrer noopener\">morfologii krwi<\/a>, <a href=\"https:\/\/www.alab.pl\/badanie\/ferrytyna-l05\" target=\"_blank\" rel=\"noreferrer noopener\">ferrytyny<\/a>, <a href=\"https:\/\/www.alab.pl\/badanie\/zelazo-w-surowicy-o95\" target=\"_blank\" rel=\"noreferrer noopener\">\u017celaza<\/a>, <a href=\"https:\/\/www.alab.pl\/badanie\/witamina-d-25oh\" target=\"_blank\" rel=\"noreferrer noopener\">poziomu witaminy D<\/a>, <a href=\"https:\/\/www.alab.pl\/badanie\/witamina-b12-o83\" target=\"_blank\" rel=\"noreferrer noopener\">B12<\/a> i <a href=\"https:\/\/www.alab.pl\/badanie\/kwas-foliowy-m41\" target=\"_blank\" rel=\"noreferrer noopener\">kwasu foliowego<\/a>, <a href=\"https:\/\/www.alab.pl\/badanie\/homocysteina-met-hplc\" target=\"_blank\" rel=\"noreferrer noopener\">homocysteiny<\/a>.<\/p>\n\n\n<div class=\"wp-block-image\">\n<figure class=\"aligncenter size-full is-resized\"><img loading=\"lazy\" decoding=\"async\" width=\"890\" height=\"1022\" src=\"https:\/\/www.alab.pl\/centrum-wiedzy\/wp-content\/uploads\/2023\/03\/marsz-alergiczny-jpg.webp\" alt=\"marsz alergiczny infografika\" class=\"wp-image-5844\" style=\"width:668px;height:767px\" srcset=\"https:\/\/www.alab.pl\/centrum-wiedzy\/wp-content\/uploads\/2023\/03\/marsz-alergiczny-jpg.webp 890w, https:\/\/www.alab.pl\/centrum-wiedzy\/wp-content\/uploads\/2023\/03\/marsz-alergiczny-jpg-768x882.webp 768w, https:\/\/www.alab.pl\/centrum-wiedzy\/wp-content\/uploads\/2023\/03\/marsz-alergiczny-jpg-150x172.webp 150w, https:\/\/www.alab.pl\/centrum-wiedzy\/wp-content\/uploads\/2023\/03\/marsz-alergiczny-jpg-300x344.webp 300w, https:\/\/www.alab.pl\/centrum-wiedzy\/wp-content\/uploads\/2023\/03\/marsz-alergiczny-jpg-696x799.webp 696w\" sizes=\"auto, (max-width: 890px) 100vw, 890px\" \/><\/figure><\/div>\n\n\n<p>Podsumowuj\u0105c, szeroki dost\u0119p do test\u00f3w alergologicznych zapewnia niemowl\u0119tom i ma\u0142ym dzieciom z podejrzeniem chor\u00f3b alergicznych wczesn\u0105 opiek\u0119 lekarsk\u0105 oraz zastosowanie odpowiedniej terapii. Tym samym <strong>mo\u017cemy na wczesnym etapie zatrzyma\u0107 tzw. marsz alergiczny i zapobiec rozwojowi kolejnym alergiom, niedoborom i ich powik\u0142aniom.<\/strong><\/p>\n","protected":false},"excerpt":{"rendered":"<p>Jakie badania pomog\u0105 zdiagnozowa\u0107 przyczyn\u0119 alergii u dziecka? Jak zatrzyma\u0107 tzw. marsz alergiczny? Sprawd\u017a! <\/p>\n","protected":false},"author":103,"featured_media":5838,"comment_status":"closed","ping_status":"open","sticky":false,"template":"","format":"standard","meta":{"_acf_changed":false,"inline_featured_image":false,"footnotes":""},"categories":[4,30],"tags":[],"coauthors":[198],"class_list":{"0":"post-5830","1":"post","2":"type-post","3":"status-publish","4":"format-standard","5":"has-post-thumbnail","8":"category-zdrowie-dzieci-i-mlodziezy"},"acf":[],"yoast_head":"<!-- This site is optimized with the Yoast SEO plugin v27.4 - https:\/\/yoast.com\/product\/yoast-seo-wordpress\/ -->\n<title>Diagnostyka alergii u dzieci - jakie badania wykona\u0107?<\/title>\n<meta name=\"description\" content=\"Jakie objawy daje alergia u dzieci i jakie badania wykona\u0107? Poznaj kluczowe informacje w Centrum Wiedzy ALAB Laboratoria!\" \/>\n<meta name=\"robots\" content=\"index, follow, max-snippet:-1, max-image-preview:large, max-video-preview:-1\" \/>\n<link rel=\"canonical\" href=\"https:\/\/www.alab.pl\/centrum-wiedzy\/diagnostyka-alergii-u-dzieci\/\" \/>\n<meta property=\"og:locale\" content=\"pl_PL\" \/>\n<meta property=\"og:type\" content=\"article\" \/>\n<meta property=\"og:title\" content=\"Diagnostyka alergii u dzieci - jakie badania wykona\u0107?\" \/>\n<meta property=\"og:description\" content=\"Jakie objawy daje alergia u dzieci i jakie badania wykona\u0107? Poznaj kluczowe informacje w Centrum Wiedzy ALAB Laboratoria!\" \/>\n<meta property=\"og:url\" content=\"https:\/\/www.alab.pl\/centrum-wiedzy\/diagnostyka-alergii-u-dzieci\/\" \/>\n<meta property=\"og:site_name\" content=\"Centrum Wiedzy ALAB laboratoria\" \/>\n<meta property=\"article:publisher\" content=\"https:\/\/www.facebook.com\/ALABlaboratoria\" \/>\n<meta property=\"article:published_time\" content=\"2023-03-29T08:41:40+00:00\" \/>\n<meta property=\"article:modified_time\" content=\"2025-09-12T08:43:48+00:00\" \/>\n<meta property=\"og:image\" content=\"https:\/\/www.alab.pl\/centrum-wiedzy\/wp-content\/uploads\/2023\/03\/diagnostyka-alergii-u-dzieci-jpg.webp\" \/>\n\t<meta property=\"og:image:width\" content=\"1200\" \/>\n\t<meta property=\"og:image:height\" content=\"801\" \/>\n\t<meta property=\"og:image:type\" content=\"image\/webp\" \/>\n<meta name=\"author\" content=\"Martyna Szali\u0144ska\" \/>\n<meta name=\"twitter:card\" content=\"summary_large_image\" \/>\n<meta name=\"twitter:label1\" content=\"Napisane przez\" \/>\n\t<meta name=\"twitter:data1\" content=\"Martyna Szali\u0144ska\" \/>\n\t<meta name=\"twitter:label2\" content=\"Szacowany czas czytania\" \/>\n\t<meta name=\"twitter:data2\" content=\"7 minut\" \/>\n\t<meta name=\"twitter:label3\" content=\"Written by\" \/>\n\t<meta name=\"twitter:data3\" content=\"Martyna Szali\u0144ska\" \/>\n<!-- \/ Yoast SEO plugin. -->","yoast_head_json":{"title":"Diagnostyka alergii u dzieci - jakie badania wykona\u0107?","description":"Jakie objawy daje alergia u dzieci i jakie badania wykona\u0107? Poznaj kluczowe informacje w Centrum Wiedzy ALAB Laboratoria!","robots":{"index":"index","follow":"follow","max-snippet":"max-snippet:-1","max-image-preview":"max-image-preview:large","max-video-preview":"max-video-preview:-1"},"canonical":"https:\/\/www.alab.pl\/centrum-wiedzy\/diagnostyka-alergii-u-dzieci\/","og_locale":"pl_PL","og_type":"article","og_title":"Diagnostyka alergii u dzieci - jakie badania wykona\u0107?","og_description":"Jakie objawy daje alergia u dzieci i jakie badania wykona\u0107? Poznaj kluczowe informacje w Centrum Wiedzy ALAB Laboratoria!","og_url":"https:\/\/www.alab.pl\/centrum-wiedzy\/diagnostyka-alergii-u-dzieci\/","og_site_name":"Centrum Wiedzy ALAB laboratoria","article_publisher":"https:\/\/www.facebook.com\/ALABlaboratoria","article_published_time":"2023-03-29T08:41:40+00:00","article_modified_time":"2025-09-12T08:43:48+00:00","og_image":[{"width":1200,"height":801,"url":"https:\/\/www.alab.pl\/centrum-wiedzy\/wp-content\/uploads\/2023\/03\/diagnostyka-alergii-u-dzieci-jpg.webp","type":"image\/webp"}],"author":"Martyna Szali\u0144ska","twitter_card":"summary_large_image","twitter_misc":{"Napisane przez":"Martyna Szali\u0144ska","Szacowany czas czytania":"7 minut","Written by":"Martyna Szali\u0144ska"},"schema":{"@context":"https:\/\/schema.org","@graph":[{"@type":"Article","@id":"https:\/\/www.alab.pl\/centrum-wiedzy\/diagnostyka-alergii-u-dzieci\/#article","isPartOf":{"@id":"https:\/\/www.alab.pl\/centrum-wiedzy\/diagnostyka-alergii-u-dzieci\/"},"author":{"name":"Martyna Szali\u0144ska","@id":"https:\/\/www.alab.pl\/centrum-wiedzy\/#\/schema\/person\/542342dbb12bd5aaa832b0617069bddb"},"headline":"Diagnostyka alergii u dzieci","datePublished":"2023-03-29T08:41:40+00:00","dateModified":"2025-09-12T08:43:48+00:00","mainEntityOfPage":{"@id":"https:\/\/www.alab.pl\/centrum-wiedzy\/diagnostyka-alergii-u-dzieci\/"},"wordCount":1136,"publisher":{"@id":"https:\/\/www.alab.pl\/centrum-wiedzy\/#organization"},"image":{"@id":"https:\/\/www.alab.pl\/centrum-wiedzy\/diagnostyka-alergii-u-dzieci\/#primaryimage"},"thumbnailUrl":"https:\/\/www.alab.pl\/centrum-wiedzy\/wp-content\/uploads\/2023\/03\/diagnostyka-alergii-u-dzieci-jpg.webp","articleSection":["Alergia","Zdrowie dzieci i m\u0142odzie\u017cy"],"inLanguage":"pl-PL"},{"@type":"WebPage","@id":"https:\/\/www.alab.pl\/centrum-wiedzy\/diagnostyka-alergii-u-dzieci\/","url":"https:\/\/www.alab.pl\/centrum-wiedzy\/diagnostyka-alergii-u-dzieci\/","name":"Diagnostyka alergii u dzieci - jakie badania wykona\u0107?","isPartOf":{"@id":"https:\/\/www.alab.pl\/centrum-wiedzy\/#website"},"primaryImageOfPage":{"@id":"https:\/\/www.alab.pl\/centrum-wiedzy\/diagnostyka-alergii-u-dzieci\/#primaryimage"},"image":{"@id":"https:\/\/www.alab.pl\/centrum-wiedzy\/diagnostyka-alergii-u-dzieci\/#primaryimage"},"thumbnailUrl":"https:\/\/www.alab.pl\/centrum-wiedzy\/wp-content\/uploads\/2023\/03\/diagnostyka-alergii-u-dzieci-jpg.webp","datePublished":"2023-03-29T08:41:40+00:00","dateModified":"2025-09-12T08:43:48+00:00","description":"Jakie objawy daje alergia u dzieci i jakie badania wykona\u0107? Poznaj kluczowe informacje w Centrum Wiedzy ALAB Laboratoria!","breadcrumb":{"@id":"https:\/\/www.alab.pl\/centrum-wiedzy\/diagnostyka-alergii-u-dzieci\/#breadcrumb"},"inLanguage":"pl-PL","potentialAction":[{"@type":"ReadAction","target":["https:\/\/www.alab.pl\/centrum-wiedzy\/diagnostyka-alergii-u-dzieci\/"]}]},{"@type":"ImageObject","inLanguage":"pl-PL","@id":"https:\/\/www.alab.pl\/centrum-wiedzy\/diagnostyka-alergii-u-dzieci\/#primaryimage","url":"https:\/\/www.alab.pl\/centrum-wiedzy\/wp-content\/uploads\/2023\/03\/diagnostyka-alergii-u-dzieci-jpg.webp","contentUrl":"https:\/\/www.alab.pl\/centrum-wiedzy\/wp-content\/uploads\/2023\/03\/diagnostyka-alergii-u-dzieci-jpg.webp","width":1200,"height":801,"caption":"diagnostyka alergii u dzieci"},{"@type":"BreadcrumbList","@id":"https:\/\/www.alab.pl\/centrum-wiedzy\/diagnostyka-alergii-u-dzieci\/#breadcrumb","itemListElement":[{"@type":"ListItem","position":1,"name":"Strona g\u0142\u00f3wna","item":"https:\/\/www.alab.pl\/centrum-wiedzy\/"},{"@type":"ListItem","position":2,"name":"Diagnostyka alergii u dzieci"}]},{"@type":"WebSite","@id":"https:\/\/www.alab.pl\/centrum-wiedzy\/#website","url":"https:\/\/www.alab.pl\/centrum-wiedzy\/","name":"Centrum Wiedzy ALAB laboratoria","description":"","publisher":{"@id":"https:\/\/www.alab.pl\/centrum-wiedzy\/#organization"},"potentialAction":[{"@type":"SearchAction","target":{"@type":"EntryPoint","urlTemplate":"https:\/\/www.alab.pl\/centrum-wiedzy\/?s={search_term_string}"},"query-input":{"@type":"PropertyValueSpecification","valueRequired":true,"valueName":"search_term_string"}}],"inLanguage":"pl-PL"},{"@type":"Organization","@id":"https:\/\/www.alab.pl\/centrum-wiedzy\/#organization","name":"Centrum Wiedzy ALAB laboratoria","url":"https:\/\/www.alab.pl\/centrum-wiedzy\/","logo":{"@type":"ImageObject","inLanguage":"pl-PL","@id":"https:\/\/www.alab.pl\/centrum-wiedzy\/#\/schema\/logo\/image\/","url":"https:\/\/www.alab.pl\/centrum-wiedzy\/wp-content\/uploads\/2022\/04\/alabek.jpg","contentUrl":"https:\/\/www.alab.pl\/centrum-wiedzy\/wp-content\/uploads\/2022\/04\/alabek.jpg","width":1250,"height":1251,"caption":"Centrum Wiedzy ALAB laboratoria"},"image":{"@id":"https:\/\/www.alab.pl\/centrum-wiedzy\/#\/schema\/logo\/image\/"},"sameAs":["https:\/\/www.facebook.com\/ALABlaboratoria"]},{"@type":"Person","@id":"https:\/\/www.alab.pl\/centrum-wiedzy\/#\/schema\/person\/542342dbb12bd5aaa832b0617069bddb","name":"Martyna Szali\u0144ska","image":{"@type":"ImageObject","inLanguage":"pl-PL","@id":"https:\/\/www.alab.pl\/centrum-wiedzy\/wp-content\/uploads\/2022\/04\/Martyna-Lewandowska-150x150.jpgee6b06c6b5c2fd783678daacee5aea7c","url":"https:\/\/www.alab.pl\/centrum-wiedzy\/wp-content\/uploads\/2022\/04\/Martyna-Lewandowska-150x150.jpg","contentUrl":"https:\/\/www.alab.pl\/centrum-wiedzy\/wp-content\/uploads\/2022\/04\/Martyna-Lewandowska-150x150.jpg","caption":"Martyna Szali\u0144ska"},"description":"Product manager ds. alergii i autoimmunologii w ALAB laboratoria, diagnosta laboratoryjny, Absolwentka Analityki medycznej Collegium Medicum UMK im. Ludwika Rydygiera w Bydgoszczy.","sameAs":["https:\/\/www.linkedin.com\/in\/martyna-lewandowska-b64203187\/"],"url":"https:\/\/www.alab.pl\/centrum-wiedzy\/author\/martyna\/"}]}},"_links":{"self":[{"href":"https:\/\/www.alab.pl\/centrum-wiedzy\/wp-json\/wp\/v2\/posts\/5830","targetHints":{"allow":["GET"]}}],"collection":[{"href":"https:\/\/www.alab.pl\/centrum-wiedzy\/wp-json\/wp\/v2\/posts"}],"about":[{"href":"https:\/\/www.alab.pl\/centrum-wiedzy\/wp-json\/wp\/v2\/types\/post"}],"author":[{"embeddable":true,"href":"https:\/\/www.alab.pl\/centrum-wiedzy\/wp-json\/wp\/v2\/users\/103"}],"replies":[{"embeddable":true,"href":"https:\/\/www.alab.pl\/centrum-wiedzy\/wp-json\/wp\/v2\/comments?post=5830"}],"version-history":[{"count":1,"href":"https:\/\/www.alab.pl\/centrum-wiedzy\/wp-json\/wp\/v2\/posts\/5830\/revisions"}],"predecessor-version":[{"id":26749,"href":"https:\/\/www.alab.pl\/centrum-wiedzy\/wp-json\/wp\/v2\/posts\/5830\/revisions\/26749"}],"wp:featuredmedia":[{"embeddable":true,"href":"https:\/\/www.alab.pl\/centrum-wiedzy\/wp-json\/wp\/v2\/media\/5838"}],"wp:attachment":[{"href":"https:\/\/www.alab.pl\/centrum-wiedzy\/wp-json\/wp\/v2\/media?parent=5830"}],"wp:term":[{"taxonomy":"category","embeddable":true,"href":"https:\/\/www.alab.pl\/centrum-wiedzy\/wp-json\/wp\/v2\/categories?post=5830"},{"taxonomy":"post_tag","embeddable":true,"href":"https:\/\/www.alab.pl\/centrum-wiedzy\/wp-json\/wp\/v2\/tags?post=5830"},{"taxonomy":"author","embeddable":true,"href":"https:\/\/www.alab.pl\/centrum-wiedzy\/wp-json\/wp\/v2\/coauthors?post=5830"}],"curies":[{"name":"wp","href":"https:\/\/api.w.org\/{rel}","templated":true}]}}