{"id":6209,"date":"2023-06-01T09:42:49","date_gmt":"2023-06-01T07:42:49","guid":{"rendered":"https:\/\/sklep.alablaboratoria.pl\/centrum-wiedzy\/?p=6209"},"modified":"2023-06-01T09:42:49","modified_gmt":"2023-06-01T07:42:49","slug":"alergia-na-pylki-wywiad-z-dr-dabrowieckim","status":"publish","type":"post","link":"https:\/\/www.alab.pl\/centrum-wiedzy\/alergia-na-pylki-wywiad-z-dr-dabrowieckim\/","title":{"rendered":"Jak sobie radzi\u0107 z alergi\u0105 na py\u0142ki? Wywiad z dr. D\u0105browieckim"},"content":{"rendered":"\n<p><strong>Z doktorem Piotrem D\u0105browieckim, specjalist\u0105 chor\u00f3b wewn\u0119trznych i alergologiem rozmawia Martyna Lewandowska, product manager ds. alergologii ALAB laboratoria.<\/strong><\/p>\n\n\n\n<p><strong>Zapraszamy do wys\u0142uchania, lub \u2013 je\u015bli kto\u015b woli \u2013 przeczytania ca\u0142ej rozmowy.<\/strong><\/p>\n\n\n\n<figure class=\"wp-block-embed is-type-video is-provider-youtube wp-block-embed-youtube wp-embed-aspect-16-9 wp-has-aspect-ratio\"><div class=\"wp-block-embed__wrapper\">\n<div class=\"youtube-embed\" data-video_id=\"amQ7sj61bBQ\"><iframe loading=\"lazy\" title=\"Jak radzi\u0107 sobie  z alergi\u0105 na py\u0142ki? dr Piotr D\u0105browiecki\" width=\"696\" height=\"392\" src=\"https:\/\/www.youtube.com\/embed\/amQ7sj61bBQ?feature=oembed&#038;enablejsapi=1\" frameborder=\"0\" allow=\"accelerometer; autoplay; clipboard-write; encrypted-media; gyroscope; picture-in-picture; web-share\" referrerpolicy=\"strict-origin-when-cross-origin\" allowfullscreen><\/iframe><\/div>\n<\/div><\/figure>\n\n\n\n<ol class=\"wp-block-list\">\n<li><a href=\"#1\">Czym jest alergia i jak cz\u0119sto wyst\u0119puje alergia wziewna?<\/a><\/li>\n\n\n\n<li><a href=\"#2\">Katar, kichanie, \u0142zawienie to klasyczne objawy alergii wziewnej na py\u0142ki. Jakie mog\u0105 by\u0107 inne \u2013 mniej oczywiste \u2013 objawy alergii wziewnej?<\/a><\/li>\n\n\n\n<li><a href=\"#3\">Czy py\u0142ki wywo\u0142uj\u0105ce alergi\u0105 wziewn\u0105 mog\u0105 nasila\u0107 ju\u017c istniej\u0105ce zmiany sk\u00f3rne?<\/a><\/li>\n\n\n\n<li><a href=\"#4\">Objawy alergii wziewnej mog\u0105 przypomina\u0107 przezi\u0119bienie. Jak nie pomyli\u0107 przezi\u0119bienia i alergii? Czym r\u00f3\u017cni si\u0119 przezi\u0119bienie od alergii?&nbsp;<\/a><\/li>\n\n\n\n<li><a href=\"#5\">Jeszcze przezi\u0119bienie czy ju\u017c alergia? Cz\u0119sty problem u dzieci.<\/a><\/li>\n\n\n\n<li><a href=\"#6\">Co warto wiedzie\u0107 o reakcjach krzy\u017cowych w alergii wziewnej?<\/a><\/li>\n\n\n\n<li><a href=\"#7\">Znaczenie diagnostyki alergii, w tym diagnostyki alergii z krwi.<\/a><\/li>\n\n\n\n<li><a href=\"#8\">Swoista immunoterapia \u2013 czy to skuteczny spos\u00f3b na uwolnienie si\u0119 od alergii na py\u0142ki? Jak przebiega odczulanie?<\/a><\/li>\n\n\n\n<li><a href=\"#9\">Profilaktyka objaw\u00f3w w alergii to unikanie alergenu. Jak skutecznie chroni\u0107 si\u0119 przed py\u0142kami?<\/a><\/li>\n\n\n\n<li><a href=\"#10\">Czy s\u0105 ograniczenia wiekowe dotycz\u0105ce diagnostyki alergii wziewnej z krwi? Czy testy alergiczne mo\u017cna wykonywa\u0107 u ma\u0142ych dzieci? Od jakiego wieku warto wykonywa\u0107 testy z krwi?<\/a><\/li>\n<\/ol>\n\n\n\n<h2 class=\"wp-block-heading\" id=\"1\"><strong>Martyna Lewandowska: Szanowni pa\u0144stwo, sezon na py\u0142ki w pe\u0142ni, zaprosili\u015bmy pana doktora, aby porozmawia\u0107 o alergii wziewnej, a dok\u0142adniej o tym, jak radzi\u0107 sobie z alergi\u0105 na py\u0142ki. Panie doktorze, czym jest alergia i jak cz\u0119sto wyst\u0119puje, szczeg\u00f3lnie alergia wziewna?<\/strong><\/h2>\n\n\n\n<p><strong>Dr Piotr D\u0105browiecki:<\/strong> Istot\u0105 alergii jest nadmierna, nieprawid\u0142owa reakcja uk\u0142adu odporno\u015bciowego pacjenta na cz\u0105stki alergenowe, kt\u00f3re u os\u00f3b zdrowych nie wywo\u0142uj\u0105 \u017cadnej reakcji lub choroby, natomiast u pacjent\u00f3w z alergi\u0105 czy z atopi\u0105, wywo\u0142uj\u0105 reakcje swoiste w obr\u0119bie oka, nosa, sk\u00f3ry czy te\u017c przewodu pokarmowego. Je\u015bli chodzi o statystyk\u0119, problem &#8211; zgodnie z badaniami pana profesora Samoli\u0144skiego &#8211; ma ponad 40% spo\u0142ecze\u0144stwa, natomiast swoist\u0105 reakcj\u0119 na dany alergen, na przyk\u0142ad na py\u0142ek brzozy w kwietniu, ma oko\u0142o 30% spo\u0142ecze\u0144stwa, wi\u0119c jest to cz\u0119sto wyst\u0119puj\u0105cy problem. Na szcz\u0119\u015bcie wiemy jak go diagnozowa\u0107 i wiemy jak leczy\u0107.<\/p>\n\n\n\n<h2 class=\"wp-block-heading\" id=\"2\"><strong>ML: Katar, kichanie, \u0142zawienie to klasyczne objawy alergii. Jakie mog\u0105 by\u0107 mniej oczywiste objawy?<\/strong><\/h2>\n\n\n\n<p><strong>Dr PD: <\/strong>Pacjenci wiedz\u0105, \u017ce je\u017celi maj\u0105 katar, kichanie to mo\u017ce to by\u0107 zwi\u0105zane z alergi\u0105, ale ju\u017c kaszel nie do ko\u0144ca si\u0119 im z alergi\u0105 kojarzy. A to s\u0105 puzzle, to co wpada do nosa, wpada r\u00f3wnie\u017c do p\u0142uc. Czyli je\u017celi alergen dra\u017cni nam oko i nos, to nasze p\u0142uca te\u017c s\u0105 podra\u017cnione, kwesti\u0105 czasu jest, jak szybko te p\u0142uca zareaguj\u0105. Je\u017celi mamy kaszel po wyj\u015bciu z domu w pi\u0119kn\u0105 pogod\u0119 \u2013 jest pi\u0119kne&nbsp; s\u0142o\u0144ce, du\u017cy wiatr, du\u017ce st\u0119\u017cenie py\u0142k\u00f3w \u2013 to mo\u017cemy my\u015ble\u0107, \u017ce to jest <strong>reakcja alergiczna<\/strong>, a nie brak czapki czy niedopowiednie do pogody ubranie.<\/p>\n\n\n\n<p>Inne nieoczywiste reakcje to <strong>reakcje sk\u00f3rne<\/strong>. Oczywi\u015bcie, je\u017celi sk\u00f3ra sw\u0119dzi, to kojarzymy to z alergi\u0105, natomiast wielu pacjent\u00f3w uwa\u017ca, \u017ce nos, oko i sk\u00f3ra s\u0105 bardzo daleko od siebie. Niestety nie jest to prawd\u0105, poniewa\u017c py\u0142ek \u2013 podobnie jak podra\u017cnia nos i oczy \u2013 podra\u017cnia r\u00f3wnie\u017c sk\u00f3r\u0119, szczeg\u00f3lnie w miejscach ods\u0142oni\u0119tych, na twarzy, szyi i na d\u0142oniach. Je\u015bli za\u0142o\u017cymy kr\u00f3tkie spodnie lub kr\u00f3tk\u0105 sp\u00f3dnic\u0119 w tych nieos\u0142oni\u0119tych miejscach mo\u017ce doj\u015b\u0107 do podra\u017cnienia sk\u00f3ry.<\/p>\n\n\n\n<p>Id\u0105c dalej, nietypowymi objawami mog\u0105 by\u0107 r\u00f3wnie\u017c \u015bwi\u0105d gard\u0142a, podniebienia, obrz\u0119k gard\u0142a, czasami trudno\u015bci w oddychaniu, symptomy pomi\u0119dzy objawami <a href=\"https:\/\/www.alab.pl\/centrum-wiedzy\/anafilaksja\/\">anafilaksji<\/a> a astmy.&nbsp; W czasie oddychania py\u0142ek gromadzi si\u0119 w jamie ustnej i deponowany jest w gardle, dlatego mo\u017ce dochodzi\u0107 do jego podra\u017cnienia, daj\u0105c objawy b\u00f3lu gard\u0142a, \u015bwi\u0105du, dyskomfortu w gardle. To nie musi by\u0107 angina, szczeg\u00f3lnie je\u015bli przebiega bez gor\u0105czki, pacjent czuje si\u0119 dobrze, a objawy nasilaj\u0105 si\u0119 po wyj\u015bciu na \u015bwie\u017ce powietrze.<\/p>\n\n\n\n<h2 class=\"wp-block-heading\" id=\"3\"><strong>ML: Wracaj\u0105c jeszcze do zmian atopowych, czy py\u0142ki mog\u0105 r\u00f3wnie\u017c nasila\u0107 ju\u017c istniej\u0105ce zmiany sk\u00f3rne?<\/strong><\/h2>\n\n\n\n<p><strong>Dr PD: <\/strong>Zdecydowanie tak. Je\u017celi pacjent ju\u017c choruje na alergiczny nie\u017cyt nosa czy atopowe zapalenie sk\u00f3ry to kontakt z alergenem mo\u017ce powodowa\u0107 nasilenie objaw\u00f3w. Cz\u0119sto widzimy to u pacjent\u00f3w uczulonych na py\u0142ek brzozy, kt\u00f3rzy przez po\u0142ow\u0119 roku czuj\u0105 si\u0119 w miar\u0119 komfortowo, a kiedy wychodz\u0105 na \u015bwie\u017ce powietrze w kwietniu i na pocz\u0105tku maja, kiedy brzoza pyli i w powietrzu jest du\u017co py\u0142k\u00f3w, to dochodzi do zaostrzenia zmian zar\u00f3wno ze strony g\u00f3rnych dr\u00f3g oddechowych, jak i ze strony sk\u00f3ry.&nbsp; Co wi\u0119cej, mo\u017ce wyst\u0105pi\u0107 <strong>reakcja krzy\u017cowa<\/strong>, czyli po spo\u017cyciu niekt\u00f3rych pokarm\u00f3w, szczeg\u00f3lnie w sezonie pylenia, pacjent mo\u017ce reagowa\u0107 \u015bwi\u0105dem warg, j\u0119zyka, dyskomfortem przy prze\u0142ykaniu, czy te\u017c objawami stricte gastrologicznymi. Mo\u017ce doj\u015b\u0107 r\u00f3wnie\u017c do zaostrzenia astmy i do wstrz\u0105su anafilaktycznego.<\/p>\n\n\n\n<h2 class=\"wp-block-heading\" id=\"4\"><strong>ML: Panie doktorze o alergi\u0119 krzy\u017cow\u0105 jeszcze zapytam, ale chcia\u0142abym przez chwil\u0119 pozosta\u0107 przy objawach alergii i przezi\u0119bienia. Jak ich ze sob\u0105 nie pomyli\u0107?<\/strong><\/h2>\n\n\n\n<p>Dr PD: Pocz\u0105tek jest dosy\u0107 podobny. Przezi\u0119bienie, czyli choroba przezi\u0119bieniowa, jest infekcj\u0105 wirusow\u0105, dlatego katar, kichanie, objawy ze strony g\u00f3rnych dr\u00f3g oddechowych s\u0105 bardzo typowe. Wyst\u0119puje \u015bwi\u0105d gard\u0142a i b\u00f3l gard\u0142a, ale z regu\u0142y towarzyszy im wy\u017csza temperatura, pacjent og\u00f3lnie \u017ale si\u0119 czuje. Natomiast w przypadku alergii, jak przebywamy w domu, schowani przed py\u0142kami, czujemy si\u0119 w miar\u0119 komfortowo. Mo\u017ce nas troch\u0119 sw\u0119dzie\u0107 nos, czy \u0142zawi\u0107 oczy.&nbsp;Natomiast w momencie wyj\u015bcia z domu i ekspozycji na du\u017c\u0105 ilo\u015b\u0107 py\u0142k\u00f3w, dochodzi do gwa\u0142townego nasilenia objaw\u00f3w, kataru, kichania, \u0142zawienia. Mog\u0105 si\u0119 pojawi\u0107 objawy sezonowej astmy i kaszel. Kaszel mo\u017ce r\u00f3wnie\u017c wyst\u0119powa\u0107 w infekcji wirusowej, czyli w przezi\u0119bieniu, jednak z regu\u0142y pacjent ma w\u00f3wczas zdecydowanie gorsze samopoczucie, wyst\u0119puj\u0105 objawy paragrypowe, b\u00f3le mi\u0119\u015bniowe, b\u00f3l g\u0142owy, stan podgor\u0105czkowy lub gor\u0105czka. W badaniach laboratoryjnych z regu\u0142y podnosi si\u0119 poziom bia\u0142ek ostrej fazy, na przyk\u0142ad <a href=\"https:\/\/www.alab.pl\/badanie\/bialko-c-reaktywne-crp-ilosciowe-i81\" target=\"_blank\" rel=\"noreferrer noopener\">poziom CRP<\/a>.<\/p>\n\n\n\n<p>Natomiast w momencie, kiedy mamy reakcj\u0119 alergiczn\u0105, <strong>objawy nasilaj\u0105 si\u0119 po ekspozycji na alergen<\/strong>, natomiast gdy wracamy do domu, we\u017amiemy k\u0105piel i zmyjemy z siebie py\u0142ki, wyp\u0142uczemy gard\u0142o, nos i oczy, odczuwamy ulg\u0119.&nbsp; Co wi\u0119cej, w przypadku reakcji alergicznej do\u015b\u0107 szybko uzyskamy popraw\u0119 po za\u017cyciu lek\u00f3w antyalergicznych. Antyhistaminowe leki OTC dost\u0119pne w aptece, tabletki, syropy, krople do oka i do nosa, w momencie zastosowania do\u015b\u0107 szybko przynios\u0105 nam popraw\u0119.&nbsp; Takiej poprawy nie b\u0119dzie w przypadku infekcji, czyli choroby przezi\u0119bieniowej. To mniej wi\u0119cej r\u00f3\u017cni te dwie jednostki chorobowe.<\/p>\n\n\n\n<h2 class=\"wp-block-heading\" id=\"5\"><strong>ML: My\u015bl\u0119, \u017ce to rozr\u00f3\u017cnienie jest trudne w przypadku ma\u0142ych dzieci, gdy przezi\u0119bienie i katar przed\u0142u\u017caj\u0105 si\u0119, i rodzic zaczyna si\u0119 zastanawia\u0107 czy to nadal przezi\u0119bienie, czy ju\u017c alergia.<\/strong><\/h2>\n\n\n\n<p><strong>Dr PD: <\/strong>Zdecydowanie cz\u0119sto rodzice zg\u0142aszaj\u0105 si\u0119 z takim problemem do nas, do alergolog\u00f3w. Kierowani najcz\u0119\u015bciej przez lekarzy pediatr\u00f3w, kt\u00f3rym rodzice w wywiadzie zg\u0142aszaj\u0105, \u017ce dziecko bardzo cz\u0119sto choruje, te objawy pojawiaj\u0105 si\u0119 co miesi\u0105c lub co dwa tygodnie i nasilaj\u0105, cz\u0119sto podkre\u015blany jest kontakt ze \u017c\u0142obkiem czy z przedszkolem oraz brak reakcji na zastosowane <a href=\"https:\/\/www.alab.pl\/centrum-wiedzy\/antybiotyk\/\">antybiotyki<\/a>. Takie objawy, przebiegaj\u0105ce u dziecka bez gor\u0105czki, ka\u017c\u0105 nam si\u0119 zastanowi\u0107 czy to przypadkiem nie jest alergia.<\/p>\n\n\n\n<p>Wykonuj\u0105c <strong>diagnostyk\u0119 laboratoryjn\u0105<\/strong> w postaci badania swoistych przeciwcia\u0142 przeciwko danym alergenom, czy diagnostyk\u0119 nask\u00f3rkow\u0105, w postaci test\u00f3w prick, lokalizujemy konkretny alergen. Cz\u0119sto s\u0105 to roztocza kurzu domowego, bywaj\u0105 r\u00f3wnie\u017c py\u0142ki drzew, traw, chwast\u00f3w.&nbsp; Odpowiednio zastosowane leczenie powoduje, \u017ce te dzieci przynajmniej o po\u0142ow\u0119 mniej choruj\u0105, a to ju\u017c dla rodzic\u00f3w jest wielki benefit.<\/p>\n\n\n\n<h2 class=\"wp-block-heading\" id=\"6\"><strong>ML: Panie doktorze, wr\u00f3\u0107my jeszcze do alergii krzy\u017cowej. Prosz\u0119 nam o niej kr\u00f3tko opowiedzie\u0107.<\/strong><\/h2>\n\n\n\n<p><strong>Dr PD:<\/strong> Alergia krzy\u017cowa, czyli tzw. <a href=\"https:\/\/www.alab.pl\/centrum-wiedzy\/zespol-pylkowo-pokarmowy\/\"><strong>zesp\u00f3\u0142 py\u0142kowo-pokarmowy<\/strong><\/a>, wyst\u0119puje najcz\u0119\u015bciej u os\u00f3b, kt\u00f3re maj\u0105 alergi\u0119 py\u0142kow\u0105. Na przyk\u0142ad pacjent uczulony na py\u0142ek brzozy, odczuwaj\u0105cy w kwietniu objawy w postaci kataru, kichania, \u0142zawienia, zaczyna odczuwa\u0107 objawy po spo\u017cyciu jab\u0142ka. Sw\u0119dzenie gard\u0142a, podniebienia, obrz\u0119k warg, trudno\u015bci w oddychaniu, czasami mo\u017ce si\u0119 pojawi\u0107 katar &#8211; jest reakcja na cz\u0105stk\u0119 jab\u0142ka, kt\u00f3ra jest praktycznie identyczna z cz\u0105stk\u0105, kt\u00f3ra wyst\u0119puje w py\u0142ku brzozy.&nbsp;<\/p>\n\n\n\n<p>W py\u0142ku brzozy jest cz\u0105stka <a href=\"https:\/\/www.alab.pl\/badanie\/rbet-v1-pr-10-t215-ige-swoiste-l91\" target=\"_blank\" rel=\"noreferrer noopener\">bet v1<\/a>, czyli taki komponent alergenowy, kt\u00f3ry praktycznie pod wzgl\u0119dem chemicznym jest identyczny z mal d 1, cz\u0105stk\u0105 wyst\u0119puj\u0105c\u0105 w jab\u0142ku, dlatego po zjedzeniu jab\u0142ka mo\u017ce dochodzi\u0107 do nasilenia objaw\u00f3w.&nbsp;Cz\u0105stka bet v1 jest to\u017csama z r\u00f3\u017cnymi innymi cz\u0105stkami alergenowymi, czyli komponentami, kt\u00f3re wyst\u0119puj\u0105 w r\u00f3\u017cnych pokarmach, na przyk\u0142ad w gruszce, brzoskwini, moreli, r\u00f3wnie\u017c w selerze, soi, marchewce, orzechach (orzech ziemny, orzech laskowy). Taka <strong>reakcja krzy\u017cowa wyst\u0119puje u mniej wi\u0119cej 30% os\u00f3b, kt\u00f3re maj\u0105 alergi\u0119 py\u0142kow\u0105<\/strong>. Czyli jest to cz\u0119sto wyst\u0119puj\u0105cy problem, co trzecia osoba uczulona na py\u0142ek brzozy ma ten problem.<\/p>\n\n\n\n<h2 class=\"wp-block-heading\"><strong>ML: Tak, to jest bardzo istotne. Warto tutaj zaznaczy\u0107, \u017ce m\u00f3wimy o surowych warzywach i owocach.<\/strong><\/h2>\n\n\n\n<p><strong>Dr PD:<\/strong> Zdecydowanie tak, ta reakcja wyst\u0119puje w przypadku wi\u0119kszo\u015bci pokarm\u00f3w, je\u017celi on jest surowy, nieprzetworzony. Czyli je\u017celi upieczemy jab\u0142uszko, je\u017celi mamy kompot z gruszki, lub mamy ciasto zawieraj\u0105ce przetworzone owoce to mo\u017cemy czu\u0107 si\u0119 bezpieczni.<\/p>\n\n\n\n<h2 class=\"wp-block-heading\" id=\"7\"><strong>ML: Panie doktorze, przejd\u017amy do diagnostyki. Alergia krzy\u017cowa pokazuje nam, \u017ce diagnostyka jest niezwykle istotna.<\/strong><\/h2>\n\n\n\n<p><strong>Dr PD: <\/strong>Tak, aby postawi\u0107 rozpoznanie, musimy znale\u017a\u0107 alergen i to jest domen\u0105 alergologii, kt\u00f3r\u0105 si\u0119 zajmuj\u0119. Alergia jest obecnie bardzo modna i cz\u0119sto bywa tak, je\u017celi tylko kto\u015b ma katar, kichanie i \u0142zawienie to uwa\u017ca, \u017ce to jest alergia, nie infekcja. A mo\u017ce by\u0107 i alergia, i <a href=\"https:\/\/www.alab.pl\/centrum-wiedzy\/infekcja\/\">infekcja<\/a>, bo <strong>te dwie choroby si\u0119 nie wykluczaj\u0105<\/strong>.&nbsp; Aby mie\u0107 pewno\u015b\u0107, \u017ce objawy, kt\u00f3re teraz &#8211; na przyk\u0142ad w kwietniu lub maju &#8211;&nbsp; wyst\u0119puj\u0105, s\u0105 objawami alergii na brzoz\u0119 czy topol\u0119, musimy wykona\u0107 testy.&nbsp;<\/p>\n\n\n\n<p>Mamy kilka rodzaj\u00f3w test\u00f3w, standardem jest wykonanie <strong>test\u00f3w nask\u00f3rkowych<\/strong>, czyli test\u00f3w prick, na kt\u00f3re nak\u0142adamy alergen &#8211; na przedrami\u0119 &#8211; i nak\u0142uwamy ja\u0142owym lancetem. Czekamy 15 minut i tam, gdzie powstaje b\u0105bel pokrzywkowy, \u015bwiadczy to o obecno\u015bci swoistych przeciwcia\u0142 w sk\u00f3rze.&nbsp;Oznacza to, \u017ce&nbsp;ten pacjent jest nadwra\u017cliwy na dany alergen.&nbsp;<\/p>\n\n\n\n<p>Metod\u0105 bardzo podobn\u0105 jest metoda <strong>badania swoistych przeciwcia\u0142 we krwi<\/strong>. Kr\u0105\u017c\u0105ce we krwi przeciwcia\u0142a reaguj\u0105 na alergen, z kt\u00f3rym si\u0119 spotkamy, na przyk\u0142ad wychodz\u0105c w maju na spacer.&nbsp;Je\u015bli jeste\u015bmy uczuleni np. na trawy, we krwi mo\u017cemy stwierdzi\u0107 miano przeciwcia\u0142 swoistych przeciwko py\u0142kowi trawy,&nbsp;co potwierdza nam t\u0119 reakcj\u0119 alergiczn\u0105. <\/p>\n\n\n\n<p>Zdarza si\u0119, \u017ce pacjent ma objawy, a w testach nie wychodz\u0105 wyniki pozytywne. <a href=\"https:\/\/www.alab.pl\/centrum-wiedzy\/testy-alergiczne-z-krwi\/\">Testy zar\u00f3wno z krwi<\/a>, jak i testy nask\u00f3rkowe pokazuj\u0105, \u017ce&nbsp; ten pacjent nie jest uczulony. Rzadko si\u0119 tak&nbsp; zdarza, ale bywa i oznacza to tak zwany <strong>miejscowy alergiczny nie\u017cyt nosa<\/strong>. Przeciwcia\u0142a&nbsp; s\u0105 zawieszone w b\u0142onie \u015bluzowej narz\u0105du efektorowego, czyli na przyk\u0142ad nosa czy oka. Mo\u017cemy to potwierdzi\u0107 tylko testami prowokacyjnymi, kt\u00f3re te\u017c, jako alergolodzy, wykonujemy.<\/p>\n\n\n\n<h2 class=\"wp-block-heading\" id=\"8\"><strong>ML: Wracaj\u0105c do diagnostyki z krwi, w\u0142a\u015bnie w alergii krzy\u017cowej jest ona szczeg\u00f3lnie pomocna, aby ustali\u0107 faktyczn\u0105 cz\u0105stk\u0119 uczulaj\u0105c\u0105 i potem odczuli\u0107 pacjenta. Dzi\u0119ki niej mamy \u015bwiadomo\u015b\u0107, kt\u00f3re bia\u0142ko nas uczula, jakich reakcji mo\u017cemy si\u0119 spodziewa\u0107, da\u0107 pacjentowi wskaz\u00f3wki dietetyczne, prawda?<\/strong><\/h2>\n\n\n\n<p><strong>Dr PD:<\/strong> Zdecydowanie tak. W przypadku, kiedy pacjent ma objawy nie tylko ze strony oka czy nosa, ale r\u00f3wnie\u017c zesp\u00f3\u0142 py\u0142kowo-pokarmowy, czyli reakcje krzy\u017cowe, wa\u017cne jest, \u017ceby wykona\u0107 <a href=\"https:\/\/www.alab.pl\/centrum-wiedzy\/panel-alex-295-diagnostyka-alergii\/\"><strong>diagnostyk\u0119 molekularn\u0105<\/strong><\/a>. Czyli tak\u0105, kt\u00f3ra pozwoli nam oszacowa\u0107, jaka jest prawdziwa reaktywno\u015b\u0107 organizmu na dany ekstrakt. Nale\u017cy pami\u0119ta\u0107, \u017ce to, co badamy w testach prick, to jest badanie tylko na ekstrakt alergenowy, natomiast w przypadku diagnostyki komponentowej z krwi badamy <strong>reakcj\u0119 na poszczeg\u00f3lne komponenty danego alergenu<\/strong>. Mo\u017ce by\u0107 ich kilka, trzy, cztery czy nawet pi\u0119\u0107. Wiedz\u0105c, na kt\u00f3ry komponent pacjent jest uczulony \u2013 czy te\u017c na wszystkie, bo tak te\u017c si\u0119 zdarza \u2013 mo\u017cemy zaplanowa\u0107 skuteczno\u015b\u0107 immunoterapii. W zale\u017cno\u015bci od tego, czy dany alergen lub komponenta dobrze poddaje si\u0119 immunoterapii, czy nie, mo\u017cemy liczy\u0107 na bardzo dobre lub s\u0142abe jej efekty.<\/p>\n\n\n\n<figure class=\"wp-block-image size-full\"><a href=\"https:\/\/www.alab.pl\/badanie\/alex-panel-295-diagnostyka-molekularna-alergii\" target=\"_blank\" rel=\"noreferrer noopener\"><img loading=\"lazy\" decoding=\"async\" width=\"800\" height=\"200\" src=\"https:\/\/www.alab.pl\/centrum-wiedzy\/wp-content\/uploads\/2023\/06\/alex-jpg.webp\" alt=\"test alex diagnostyka molekularna alergii baner\" class=\"wp-image-6601\" srcset=\"https:\/\/www.alab.pl\/centrum-wiedzy\/wp-content\/uploads\/2023\/06\/alex-jpg.webp 800w, https:\/\/www.alab.pl\/centrum-wiedzy\/wp-content\/uploads\/2023\/06\/alex-jpg-768x192.webp 768w, https:\/\/www.alab.pl\/centrum-wiedzy\/wp-content\/uploads\/2023\/06\/alex-jpg-150x38.webp 150w, https:\/\/www.alab.pl\/centrum-wiedzy\/wp-content\/uploads\/2023\/06\/alex-jpg-300x75.webp 300w, https:\/\/www.alab.pl\/centrum-wiedzy\/wp-content\/uploads\/2023\/06\/alex-jpg-696x174.webp 696w\" sizes=\"auto, (max-width: 800px) 100vw, 800px\" \/><\/a><\/figure>\n\n\n\n<p>Podobnie jest z zaplanowaniem diety. Kiedy pacjent ma nadwra\u017cliwo\u015b\u0107 na du\u017c\u0105 ilo\u015b\u0107 rzeczy, w tym na komponenty, kt\u00f3re s\u0105 anafilaktogenne, zupe\u0142nie inaczej planujemy diet\u0119 tego pacjenta. W\u00f3wczas musi on naprawd\u0119 \u015bci\u015ble jej przestrzega\u0107, nieprzestrzeganie diety mo\u017ce si\u0119 bowiem zako\u0144czy\u0107 wstrz\u0105sem anafilaktycznym. Czyli diagnostyka z krwi, badaj\u0105ca swoiste przeciwcia\u0142a, oraz diagnostyka molekularna odkrywa nam zdecydowanie wi\u0119cej informacji o pacjencie i jego alergii. Dzi\u0119ki temu jeste\u015bmy w stanie przewidzie\u0107 nie tylko to, jak pacjent zareaguje na py\u0142ek, gdy wyjdzie na dw\u00f3r, ale r\u00f3wnie\u017c na pokarm, kt\u00f3ry zje. Mo\u017cemy te\u017c oceni\u0107 <strong>skuteczno\u015b\u0107 immunoterapii<\/strong>, albo rokowanie &#8211; czy poddawa\u0107 pacjenta immunoterapii czy te\u017c nie, znamy odpowied\u017a na pytanie dlaczego. <\/p>\n\n\n\n<p>Immunoterapia swoista jest metod\u0105 bardzo skuteczn\u0105, 90% pacjent\u00f3w, kt\u00f3rych poddajemy immunoterapii, czyli odczulaniu, uzyskuje trwa\u0142y efekt zmniejszenia objaw\u00f3w lub kompletne ich ust\u0105pienie.&nbsp;Jednak 10% nie uzyskuje poprawy i to jest prawdopodobnie te 10%, gdzie wyst\u0119puje komponenta, kt\u00f3ra daje nam dodatni wynik testu, ale kompletnie nie przek\u0142ada si\u0119 na skuteczno\u015b\u0107 immunoterapii.&nbsp;Swoista monoterapia, kolokwialnie pacjenci kojarz\u0105 to z odczulaniem, polega na tym,&nbsp; \u017ce <strong>podajemy wzrastaj\u0105ce miano alergenu \u017ceby uzyska\u0107 tolerancj\u0119 immunologiczn\u0105<\/strong>. Nikt nie rodzi si\u0119 ju\u017c uczulony,&nbsp;nabywamy t\u0119 alergi\u0119 i mo\u017cemy oduczy\u0107 organizm pacjenta nadwra\u017cliwego reagowania. Poprzez podawanie wzrastaj\u0105cych dawek alergenu, czy w formie iniekcji, czy w formie kropel, czy w formie tabletek pod j\u0119zyk, dochodzi do uspokojenia uk\u0142adu immunologicznego. Pacjent, kt\u00f3ry w kwietniu reagowa\u0142 na brzoz\u0119, w kolejnym roku nie reaguje albo ma nieznaczne objawy, albo zamiast czterech lek\u00f3w bierze jeden.<\/p>\n\n\n\n<p>Procedura odczulania kontynuowana jest przez lata, nie jest to jednorazowa procedura. <strong>Odczulanie trwa 3 do 5 lat<\/strong>. Tak d\u0142ugo, jak d\u0142ugo si\u0119 pacjent uczula\u0142, tak przez podobnie d\u0142ugi okres jego uk\u0142ad immunologiczny musi by\u0107 bod\u017acowany ma\u0142\u0105 dawk\u0105 alergenu. Gdyby\u015bmy dali za du\u017co, dosz\u0142oby do wstrz\u0105su, wi\u0119c to jest tak wyskalowane, \u017ceby uk\u0142ad immunologiczny powoli si\u0119 przyzwyczai\u0142 i \u017ceby nie by\u0142o nadmiernych reakcji nadwra\u017cliwo\u015bci.&nbsp;Sztuk\u0105 jest, \u017ceby pom\u00f3c pacjentowi nie szkodz\u0105c mu i na tym w\u0142a\u015bnie polega immunoterapia. <\/p>\n\n\n\n<p>Od momentu podania pierwszej dawki kontynuujemy j\u0105 przez 3 do 5 lat. <strong>Trzy lata to minimum, \u017ceby uzyska\u0107 trwa\u0142y efekt immunologiczny, pom\u00f3c pacjentowi i zmniejszy\u0107 objawy.<\/strong> Obserwuje si\u0119, jak ust\u0119puje \u0142zawienie oczu, katar, blokada nosa, drapanie w gardle czy te\u017c objawy astmy sezonowej. Jednak pojawia si\u0119 te\u017c zjawisko prewencji, czyli przerywamy odczulanie na przyk\u0142ad po pi\u0119ciu latach, a przez kolejne lata, cz\u0119sto 5-8-10 lat, pacjent jest bezobjawowy. Czyli&nbsp;jest to metoda zar\u00f3wno leczenia, jak i profilaktyki alergii. <\/p>\n\n\n\n<p>Jedyn\u0105 przyczynow\u0105 metod\u0105 leczenia zespo\u0142\u00f3w alergicznych jest w\u0142a\u015bnie immunoterapia. Zaczynamy j\u0105 w momencie, kiedy pacjent ko\u0144czy pi\u0105ty rok \u017cycia, a g\u00f3rny limit wieku nie jest okre\u015blony. W naszej klinice na jady owad\u00f3w s\u0105 odczulani pacjenci, kt\u00f3rzy maj\u0105 80 lat. Musimy pami\u0119ta\u0107, \u017ce alergia mo\u017ce wyst\u0105pi\u0107 bez wzgl\u0119du na wiek.<\/p>\n\n\n\n<h2 class=\"wp-block-heading\" id=\"9\"><strong>ML: To prawda panie doktorze. A profilaktyka, czyli unikanie alergenu &#8211;&nbsp; jak skutecznie chroni\u0107 si\u0119 przed py\u0142kami?<\/strong><\/h2>\n\n\n\n<p><strong>Dr PD:<\/strong> To nie jest \u0142atwe, dlatego, \u017ce nie da si\u0119 zamkn\u0105\u0107 szczelnej kopule, jak na stacji kosmicznej, wi\u0119c musimy jako\u015b z tymi py\u0142kami \u017cy\u0107. Wychodz\u0105c na dw\u00f3r, widzimy, a w\u0142a\u015bciwie nie widzimy, ale czujemy ich obecno\u015b\u0107. Wi\u0119c na pewno, je\u017celi wiemy, \u017ce jeste\u015bmy alergikami, powinni\u015bmy <strong>na dwa tygodnie przed rozpocz\u0119ciem sezonu pylenia wzi\u0105\u0107 leki antyhistaminowe<\/strong>. To jest minimum. <\/p>\n\n\n\n<p>Kiedy czujemy, \u017ce pylenie si\u0119 zacz\u0119\u0142o, w kalendarzu pylenia mamy istotne miano py\u0142k\u00f3w, zaczynaj\u0105 si\u0119 pojawia\u0107 pewne objawy, gdy wychodzimy, dok\u0142adamy kolejne leki do oka, do nosa. Poza tym stosujemy r\u00f3wnie\u017c<strong> profilaktyk\u0119 niefarmakologiczn\u0105<\/strong>, czyli nie wietrzymy naszego domu czy mieszkania o godzinie 12, kiedy jest du\u017ca emisja py\u0142k\u00f3w, tylko wcze\u015bnie rano lub p\u00f3\u017ano wieczorem. Przychodz\u0105c do domu, zmieniamy ubranie, najlepiej wzi\u0105\u0107 k\u0105piel zmy\u0107 py\u0142ek, kt\u00f3ry osadzi\u0142 si\u0119 na naszej sk\u00f3rze. Sk\u00f3ra jest t\u0142usta, przyklejaj\u0105 si\u0119&nbsp; dp niej py\u0142ki, \u015bluz\u00f3wka oka jest wilgotna i r\u00f3wnie\u017c przyklejaj\u0105 si\u0119 py\u0142ki. Nos permanentnie filtruje powietrze, kt\u00f3rym oddychamy, tam jest mas\u0119 py\u0142k\u00f3w, wi\u0119c trzeba wyp\u0142uka\u0107 oko, wyp\u0142uka\u0107 nos, wyp\u0142uka\u0107 gard\u0142o, zastosowa\u0107 profilaktycznie leki antyhistaminowe, kt\u00f3re wycisz\u0105 objawy.&nbsp;<\/p>\n\n\n\n<p><strong>Najlepsz\u0105 form\u0105 profilaktyki jest odczulanie<\/strong>, czyli zmiana reakcji immunologicznej organizmu, \u017ceby&nbsp;organizm \u201enie szala\u0142\u201d w momencie, kiedy py\u0142ek si\u0119 pojawia. Nietypow\u0105 reakcj\u0119 alergiczn\u0119 zmieniany na rekacj\u0119 typow\u0105, czyli tolerancj\u0119, a jedyna terapia, kt\u00f3ra wiedzie do tego celu, to jest w\u0142a\u015bnie immunoterapia, czyli odczulanie.&nbsp;&nbsp;<\/p>\n\n\n\n<p>Czyli zaczynamy od diagnostyki, ustalenia tego bia\u0142ka, kt\u00f3re jest faktycznym \u017ar\u00f3d\u0142em uczulenia. Wtedy przechodzimy do swoistej monoterapii.<\/p>\n\n\n\n<figure class=\"wp-block-image size-full\"><a href=\"https:\/\/www.alab.pl\/diagnostyka-alergii\" target=\"_blank\" rel=\"noreferrer noopener\"><img loading=\"lazy\" decoding=\"async\" width=\"800\" height=\"200\" src=\"https:\/\/www.alab.pl\/centrum-wiedzy\/wp-content\/uploads\/2023\/06\/panele-alergiczne-jpg.webp\" alt=\"panele alergiczne baner\" class=\"wp-image-6609\" srcset=\"https:\/\/www.alab.pl\/centrum-wiedzy\/wp-content\/uploads\/2023\/06\/panele-alergiczne-jpg.webp 800w, https:\/\/www.alab.pl\/centrum-wiedzy\/wp-content\/uploads\/2023\/06\/panele-alergiczne-jpg-768x192.webp 768w, https:\/\/www.alab.pl\/centrum-wiedzy\/wp-content\/uploads\/2023\/06\/panele-alergiczne-jpg-150x38.webp 150w, https:\/\/www.alab.pl\/centrum-wiedzy\/wp-content\/uploads\/2023\/06\/panele-alergiczne-jpg-300x75.webp 300w, https:\/\/www.alab.pl\/centrum-wiedzy\/wp-content\/uploads\/2023\/06\/panele-alergiczne-jpg-696x174.webp 696w\" sizes=\"auto, (max-width: 800px) 100vw, 800px\" \/><\/a><\/figure>\n\n\n\n<h2 class=\"wp-block-heading\"><strong>ML: Prosz\u0119 nam jeszcze powiedzie\u0107, od jakiego wieku mo\u017cemy wykona\u0107 diagnostyk\u0119 z krwi?<\/strong><\/h2>\n\n\n\n<p><strong>Dr PD:<\/strong> Diagnostyk\u0119 laboratoryjn\u0105 alergii mo\u017cemy wykona\u0107 <strong>w momencie, kiedy pacjent ma objawy<\/strong>. Nie jest prawd\u0105, \u017ce musimy czeka\u0107 do jakiego\u015b mitycznego wieku, a\u017c dziecko sko\u0144czy 3-5 lat. Regularnie wykonujemy badania, kierowanych do nas przed pediatr\u0119 niemowl\u0105t, z nadwra\u017cliwo\u015bci\u0105 na bia\u0142ka mleka krowiego, czy pierwsze pokarmy, kt\u00f3re podajemy dziecku.&nbsp;Kieruj\u0119 wtedy mam\u0119 z dzieckiem na wykonanie test\u00f3w z krwi &#8211; to s\u0105 swoiste IgE.&nbsp; Mama przynosi wynik badania i albo dziecko jest nadwra\u017cliwe, albo nie.&nbsp;Oczywi\u015bcie <strong>ujemne testy nie wykluczaj\u0105 alergii<\/strong>, musimy zawsze o tym dobrze pami\u0119ta\u0107. Czu\u0142o\u015b\u0107 i swoisto\u015b\u0107 w ka\u017cdej z metod diagnostyki alergii jest na okre\u015blonym poziomie, wi\u0119c \u2013 pomimo ujemnego wyniku testu \u2013 mo\u017ce to by\u0107 alergia, szczeg\u00f3lnie u ma\u0142ego pacjenta, o czym \u015bwiadcz\u0105 objawy.&nbsp;Natomiast je\u017celi objawy s\u0105 typowe dla alergii i diagnostyka alergologiczna to potwierdza,&nbsp;to mamy wszystkie fakty, kt\u00f3re s\u0105 nam niezb\u0119dne, \u017ceby optymalnie leczy\u0107 to dziecko czy osob\u0119 doros\u0142\u0105.<\/p>\n\n\n\n<p>Tak naprawd\u0119 <strong>nie ma dolnej ani nie ma g\u00f3rnej granicy wykonania test\u00f3w z krwi u pacjenta<\/strong>, u kt\u00f3rego podejrzewam, \u017ce jego objawy sk\u00f3rne, objawy ze strony przewodu pokarmowego czy ze strony dr\u00f3g oddechowych s\u0105 wywo\u0142ane alergenem.&nbsp;Zawsze wykonam tak\u0105 diagnostyk\u0119, je\u017celi b\u0119d\u0119 podejrzewa\u0142, \u017ce u podstawy dolegliwo\u015bci le\u017cy alergen. Cz\u0119sto wykonuj\u0119 jeden test, je\u017celi on wychodzi ujemny, robi\u0119 kolejny test. Je\u015bli zaczynam od test\u00f3w z krwi, kolejnym testem jest test nask\u00f3rkowy. Je\u017celi zaczynam od testu nask\u00f3rkowego, kolejnym testem jest test z krwi. Je\u017celi te dwa testy wychodz\u0105 ujemnie, oznacza to, i\u017c praktycznie mamy 90% szansy, \u017ce rzeczywi\u015bcie pacjent nie jest alergikiem. Ale te 10% to jest w\u0142a\u015bnie ten moment bardzo szczeg\u00f3lny, kiedy pacjent ma objawy, ja jako alergolog je widz\u0119. Wtedy cz\u0119sto zlecam prowokacj\u0119, kt\u00f3ra w po\u0142owie przypadk\u00f3w wychodzi dodatnia, jak m.in. w przypadku <a href=\"https:\/\/www.alab.pl\/centrum-wiedzy\/alergia-wziewna\/\">alergii wziewnej<\/a> testy na\u015bluz\u00f3wkowe.<\/p>\n\n\n\n<h2 class=\"wp-block-heading\"><strong>ML: Panie doktorze, bardzo dzi\u0119kuj\u0119 za rozmow\u0119. Dzi\u0119kujemy pa\u0144stwu za uwag\u0119 i \u017cyczymy du\u017co zdrowia.<\/strong><\/h2>\n","protected":false},"excerpt":{"rendered":"<p>Ods\u0142uchaj lub przeczytaj wywiad z dr. D\u0105browieckim, kt\u00f3ry opowiada o objawach, diagnostyce, profilaktyce i leczeniu alergii na py\u0142ki.<\/p>\n","protected":false},"author":128,"featured_media":6221,"comment_status":"closed","ping_status":"open","sticky":false,"template":"","format":"standard","meta":{"_acf_changed":false,"inline_featured_image":false,"footnotes":""},"categories":[4,29],"tags":[],"coauthors":[210],"class_list":{"0":"post-6209","1":"post","2":"type-post","3":"status-publish","4":"format-standard","5":"has-post-thumbnail","7":"category-alergia","8":"category-webinaria"},"acf":[],"yoast_head":"<!-- This site is optimized with the Yoast SEO plugin v27.5 - https:\/\/yoast.com\/product\/yoast-seo-wordpress\/ -->\n<title>Jak radzi\u0107 sobie z alergi\u0105 na py\u0142ki? Wywiad z dr. D\u0105browieckim<\/title>\n<meta name=\"description\" content=\"Jak radzi\u0107 sobie z alergi\u0105 na py\u0142ki? Zapoznaj si\u0119 z poradami dr. Piotra D\u0105browieckiego - alergologa i specjalisty chor\u00f3b wewn\u0119trznych | ALAB laboratoria\" \/>\n<meta name=\"robots\" content=\"index, follow, max-snippet:-1, max-image-preview:large, max-video-preview:-1\" \/>\n<link rel=\"canonical\" href=\"https:\/\/www.alab.pl\/centrum-wiedzy\/alergia-na-pylki-wywiad-z-dr-dabrowieckim\/\" \/>\n<meta property=\"og:locale\" content=\"pl_PL\" \/>\n<meta property=\"og:type\" content=\"article\" \/>\n<meta property=\"og:title\" content=\"Jak radzi\u0107 sobie z alergi\u0105 na py\u0142ki? Wywiad z dr. D\u0105browieckim\" \/>\n<meta property=\"og:description\" content=\"Jak radzi\u0107 sobie z alergi\u0105 na py\u0142ki? Zapoznaj si\u0119 z poradami dr. Piotra D\u0105browieckiego - alergologa i specjalisty chor\u00f3b wewn\u0119trznych | ALAB laboratoria\" \/>\n<meta property=\"og:url\" content=\"https:\/\/www.alab.pl\/centrum-wiedzy\/alergia-na-pylki-wywiad-z-dr-dabrowieckim\/\" \/>\n<meta property=\"og:site_name\" content=\"Centrum Wiedzy ALAB laboratoria\" \/>\n<meta property=\"article:publisher\" content=\"https:\/\/www.facebook.com\/ALABlaboratoria\" \/>\n<meta property=\"article:published_time\" content=\"2023-06-01T07:42:49+00:00\" \/>\n<meta property=\"og:image\" content=\"https:\/\/www.alab.pl\/centrum-wiedzy\/wp-content\/uploads\/2023\/05\/alergia-na-pylki-jpg.webp\" \/>\n\t<meta property=\"og:image:width\" content=\"1200\" \/>\n\t<meta property=\"og:image:height\" content=\"801\" \/>\n\t<meta property=\"og:image:type\" content=\"image\/webp\" \/>\n<meta name=\"author\" content=\"Piotr D\u0105browiecki\" \/>\n<meta name=\"twitter:card\" content=\"summary_large_image\" \/>\n<meta name=\"twitter:label1\" content=\"Napisane przez\" \/>\n\t<meta name=\"twitter:data1\" content=\"Piotr D\u0105browiecki\" \/>\n\t<meta name=\"twitter:label2\" content=\"Szacowany czas czytania\" \/>\n\t<meta name=\"twitter:data2\" content=\"17 minut\" \/>\n\t<meta name=\"twitter:label3\" content=\"Written by\" \/>\n\t<meta name=\"twitter:data3\" content=\"Piotr D\u0105browiecki\" \/>\n<!-- \/ Yoast SEO plugin. -->","yoast_head_json":{"title":"Jak radzi\u0107 sobie z alergi\u0105 na py\u0142ki? Wywiad z dr. D\u0105browieckim","description":"Jak radzi\u0107 sobie z alergi\u0105 na py\u0142ki? Zapoznaj si\u0119 z poradami dr. Piotra D\u0105browieckiego - alergologa i specjalisty chor\u00f3b wewn\u0119trznych | ALAB laboratoria","robots":{"index":"index","follow":"follow","max-snippet":"max-snippet:-1","max-image-preview":"max-image-preview:large","max-video-preview":"max-video-preview:-1"},"canonical":"https:\/\/www.alab.pl\/centrum-wiedzy\/alergia-na-pylki-wywiad-z-dr-dabrowieckim\/","og_locale":"pl_PL","og_type":"article","og_title":"Jak radzi\u0107 sobie z alergi\u0105 na py\u0142ki? Wywiad z dr. D\u0105browieckim","og_description":"Jak radzi\u0107 sobie z alergi\u0105 na py\u0142ki? Zapoznaj si\u0119 z poradami dr. Piotra D\u0105browieckiego - alergologa i specjalisty chor\u00f3b wewn\u0119trznych | ALAB laboratoria","og_url":"https:\/\/www.alab.pl\/centrum-wiedzy\/alergia-na-pylki-wywiad-z-dr-dabrowieckim\/","og_site_name":"Centrum Wiedzy ALAB laboratoria","article_publisher":"https:\/\/www.facebook.com\/ALABlaboratoria","article_published_time":"2023-06-01T07:42:49+00:00","og_image":[{"width":1200,"height":801,"url":"https:\/\/www.alab.pl\/centrum-wiedzy\/wp-content\/uploads\/2023\/05\/alergia-na-pylki-jpg.webp","type":"image\/webp"}],"author":"Piotr D\u0105browiecki","twitter_card":"summary_large_image","twitter_misc":{"Napisane przez":"Piotr D\u0105browiecki","Szacowany czas czytania":"17 minut","Written by":"Piotr D\u0105browiecki"},"schema":{"@context":"https:\/\/schema.org","@graph":[{"@type":"Article","@id":"https:\/\/www.alab.pl\/centrum-wiedzy\/alergia-na-pylki-wywiad-z-dr-dabrowieckim\/#article","isPartOf":{"@id":"https:\/\/www.alab.pl\/centrum-wiedzy\/alergia-na-pylki-wywiad-z-dr-dabrowieckim\/"},"author":{"name":"Piotr D\u0105browiecki","@id":"https:\/\/www.alab.pl\/centrum-wiedzy\/#\/schema\/person\/b7031d5693df2e88ffa61e98a86a8cda"},"headline":"Jak sobie radzi\u0107 z alergi\u0105 na py\u0142ki? Wywiad z dr. D\u0105browieckim","datePublished":"2023-06-01T07:42:49+00:00","mainEntityOfPage":{"@id":"https:\/\/www.alab.pl\/centrum-wiedzy\/alergia-na-pylki-wywiad-z-dr-dabrowieckim\/"},"wordCount":3376,"publisher":{"@id":"https:\/\/www.alab.pl\/centrum-wiedzy\/#organization"},"image":{"@id":"https:\/\/www.alab.pl\/centrum-wiedzy\/alergia-na-pylki-wywiad-z-dr-dabrowieckim\/#primaryimage"},"thumbnailUrl":"https:\/\/www.alab.pl\/centrum-wiedzy\/wp-content\/uploads\/2023\/05\/alergia-na-pylki-jpg.webp","articleSection":["Alergia","Webinaria"],"inLanguage":"pl-PL"},{"@type":"WebPage","@id":"https:\/\/www.alab.pl\/centrum-wiedzy\/alergia-na-pylki-wywiad-z-dr-dabrowieckim\/","url":"https:\/\/www.alab.pl\/centrum-wiedzy\/alergia-na-pylki-wywiad-z-dr-dabrowieckim\/","name":"Jak radzi\u0107 sobie z alergi\u0105 na py\u0142ki? Wywiad z dr. D\u0105browieckim","isPartOf":{"@id":"https:\/\/www.alab.pl\/centrum-wiedzy\/#website"},"primaryImageOfPage":{"@id":"https:\/\/www.alab.pl\/centrum-wiedzy\/alergia-na-pylki-wywiad-z-dr-dabrowieckim\/#primaryimage"},"image":{"@id":"https:\/\/www.alab.pl\/centrum-wiedzy\/alergia-na-pylki-wywiad-z-dr-dabrowieckim\/#primaryimage"},"thumbnailUrl":"https:\/\/www.alab.pl\/centrum-wiedzy\/wp-content\/uploads\/2023\/05\/alergia-na-pylki-jpg.webp","datePublished":"2023-06-01T07:42:49+00:00","description":"Jak radzi\u0107 sobie z alergi\u0105 na py\u0142ki? Zapoznaj si\u0119 z poradami dr. Piotra D\u0105browieckiego - alergologa i specjalisty chor\u00f3b wewn\u0119trznych | ALAB laboratoria","breadcrumb":{"@id":"https:\/\/www.alab.pl\/centrum-wiedzy\/alergia-na-pylki-wywiad-z-dr-dabrowieckim\/#breadcrumb"},"inLanguage":"pl-PL","potentialAction":[{"@type":"ReadAction","target":["https:\/\/www.alab.pl\/centrum-wiedzy\/alergia-na-pylki-wywiad-z-dr-dabrowieckim\/"]}]},{"@type":"ImageObject","inLanguage":"pl-PL","@id":"https:\/\/www.alab.pl\/centrum-wiedzy\/alergia-na-pylki-wywiad-z-dr-dabrowieckim\/#primaryimage","url":"https:\/\/www.alab.pl\/centrum-wiedzy\/wp-content\/uploads\/2023\/05\/alergia-na-pylki-jpg.webp","contentUrl":"https:\/\/www.alab.pl\/centrum-wiedzy\/wp-content\/uploads\/2023\/05\/alergia-na-pylki-jpg.webp","width":1200,"height":801,"caption":"doktor d\u0105browiecki alergia na py\u0142ki wywiad"},{"@type":"BreadcrumbList","@id":"https:\/\/www.alab.pl\/centrum-wiedzy\/alergia-na-pylki-wywiad-z-dr-dabrowieckim\/#breadcrumb","itemListElement":[{"@type":"ListItem","position":1,"name":"Strona g\u0142\u00f3wna","item":"https:\/\/www.alab.pl\/centrum-wiedzy\/"},{"@type":"ListItem","position":2,"name":"Jak sobie radzi\u0107 z alergi\u0105 na py\u0142ki? Wywiad z dr. D\u0105browieckim"}]},{"@type":"WebSite","@id":"https:\/\/www.alab.pl\/centrum-wiedzy\/#website","url":"https:\/\/www.alab.pl\/centrum-wiedzy\/","name":"Centrum Wiedzy ALAB laboratoria","description":"","publisher":{"@id":"https:\/\/www.alab.pl\/centrum-wiedzy\/#organization"},"potentialAction":[{"@type":"SearchAction","target":{"@type":"EntryPoint","urlTemplate":"https:\/\/www.alab.pl\/centrum-wiedzy\/?s={search_term_string}"},"query-input":{"@type":"PropertyValueSpecification","valueRequired":true,"valueName":"search_term_string"}}],"inLanguage":"pl-PL"},{"@type":"Organization","@id":"https:\/\/www.alab.pl\/centrum-wiedzy\/#organization","name":"Centrum Wiedzy ALAB laboratoria","url":"https:\/\/www.alab.pl\/centrum-wiedzy\/","logo":{"@type":"ImageObject","inLanguage":"pl-PL","@id":"https:\/\/www.alab.pl\/centrum-wiedzy\/#\/schema\/logo\/image\/","url":"https:\/\/www.alab.pl\/centrum-wiedzy\/wp-content\/uploads\/2022\/04\/alabek.jpg","contentUrl":"https:\/\/www.alab.pl\/centrum-wiedzy\/wp-content\/uploads\/2022\/04\/alabek.jpg","width":1250,"height":1251,"caption":"Centrum Wiedzy ALAB laboratoria"},"image":{"@id":"https:\/\/www.alab.pl\/centrum-wiedzy\/#\/schema\/logo\/image\/"},"sameAs":["https:\/\/www.facebook.com\/ALABlaboratoria"]},{"@type":"Person","@id":"https:\/\/www.alab.pl\/centrum-wiedzy\/#\/schema\/person\/b7031d5693df2e88ffa61e98a86a8cda","name":"Piotr D\u0105browiecki","image":{"@type":"ImageObject","inLanguage":"pl-PL","@id":"https:\/\/www.alab.pl\/centrum-wiedzy\/wp-content\/uploads\/2023\/05\/Piotr-Dabrowiecki-jpg-150x150.webpb057daa8e457b1c0a4c4551b14e4aab8","url":"https:\/\/www.alab.pl\/centrum-wiedzy\/wp-content\/uploads\/2023\/05\/Piotr-Dabrowiecki-jpg-150x150.webp","contentUrl":"https:\/\/www.alab.pl\/centrum-wiedzy\/wp-content\/uploads\/2023\/05\/Piotr-Dabrowiecki-jpg-150x150.webp","caption":"Piotr D\u0105browiecki"},"description":"Doktor nauk medycznych, alergolog, internista; Prezes Zarz\u0105du Polskiej Federacji Stowarzysze\u0144 Chorych na Astm\u0119, Alergi\u0119 i POChP.","url":"https:\/\/www.alab.pl\/centrum-wiedzy\/author\/piotr-dabrowiecki\/"}]}},"_links":{"self":[{"href":"https:\/\/www.alab.pl\/centrum-wiedzy\/wp-json\/wp\/v2\/posts\/6209","targetHints":{"allow":["GET"]}}],"collection":[{"href":"https:\/\/www.alab.pl\/centrum-wiedzy\/wp-json\/wp\/v2\/posts"}],"about":[{"href":"https:\/\/www.alab.pl\/centrum-wiedzy\/wp-json\/wp\/v2\/types\/post"}],"author":[{"embeddable":true,"href":"https:\/\/www.alab.pl\/centrum-wiedzy\/wp-json\/wp\/v2\/users\/128"}],"replies":[{"embeddable":true,"href":"https:\/\/www.alab.pl\/centrum-wiedzy\/wp-json\/wp\/v2\/comments?post=6209"}],"version-history":[{"count":0,"href":"https:\/\/www.alab.pl\/centrum-wiedzy\/wp-json\/wp\/v2\/posts\/6209\/revisions"}],"wp:featuredmedia":[{"embeddable":true,"href":"https:\/\/www.alab.pl\/centrum-wiedzy\/wp-json\/wp\/v2\/media\/6221"}],"wp:attachment":[{"href":"https:\/\/www.alab.pl\/centrum-wiedzy\/wp-json\/wp\/v2\/media?parent=6209"}],"wp:term":[{"taxonomy":"category","embeddable":true,"href":"https:\/\/www.alab.pl\/centrum-wiedzy\/wp-json\/wp\/v2\/categories?post=6209"},{"taxonomy":"post_tag","embeddable":true,"href":"https:\/\/www.alab.pl\/centrum-wiedzy\/wp-json\/wp\/v2\/tags?post=6209"},{"taxonomy":"author","embeddable":true,"href":"https:\/\/www.alab.pl\/centrum-wiedzy\/wp-json\/wp\/v2\/coauthors?post=6209"}],"curies":[{"name":"wp","href":"https:\/\/api.w.org\/{rel}","templated":true}]}}