{"id":6875,"date":"2023-06-29T09:32:14","date_gmt":"2023-06-29T07:32:14","guid":{"rendered":"https:\/\/sklep.alablaboratoria.pl\/centrum-wiedzy\/?p=6875"},"modified":"2025-04-10T08:48:55","modified_gmt":"2025-04-10T06:48:55","slug":"angina-objawy-diagnostyka-leczenie","status":"publish","type":"post","link":"https:\/\/www.alab.pl\/centrum-wiedzy\/angina-objawy-diagnostyka-leczenie\/","title":{"rendered":"Angina \u2013 objawy, diagnostyka, leczenie"},"content":{"rendered":"\n<p>Spis tre\u015bci<\/p>\n\n\n\n<ol class=\"wp-block-list\">\n<li><a href=\"#angina1\">Objawy anginy<\/a><\/li>\n\n\n\n<li><a href=\"#angina2\">Diagnostyka mikrobiologiczna anginy<\/a><\/li>\n\n\n\n<li><a href=\"#angina3\">Leczenie anginy<\/a><\/li>\n<\/ol>\n\n\n\n<p><strong>Angina jest to ostre zapalenie gard\u0142a i migda\u0142k\u00f3w podniebiennych.<\/strong> Jest jedn\u0105 z najcz\u0119stszych przyczyn wizyt u lekarza rodzinnego. U os\u00f3b doros\u0142ych i dzieci powy\u017cej 5. roku \u017cycia za taki stan najcz\u0119\u015bciej odpowiadaj\u0105 <strong>wirusy<\/strong> (adenowirusy, koronawirusy, rinowirusy<em>, Coxsackie, Herpes simplex<\/em> wirus, wirus Epstein-Barr oraz wirusy grypy i paragrypy).&nbsp;Rzadziej <strong>bakterie<\/strong>, aczkolwiek je\u017celi dojdzie do bakteryjnego zaka\u017cenia, to najcz\u0119stszym czynnikiem etiologicznym jest <em>Streptococcus pyogenes <\/em>potocznie nazywany paciorkowcem beta-hemolizuj\u0105cym grupy A. Znacznie rzadszymi mikrobami atakuj\u0105cymi gard\u0142o s\u0105 paciorkowce z grupy C i G, a niezwykle rzadko to zaka\u017cenie powoduj\u0105 <em>Chlamydia, Mycoplasma<\/em>, <em>Neisseria gonorrhoeae<\/em> (rze\u017c\u0105czka), <em>Corynebacterium <\/em>i inne.&nbsp;<\/p>\n\n\n\n<h2 class=\"wp-block-heading\" id=\"angina1\">Objawy anginy<\/h2>\n\n\n\n<p>Rozpoznanie kliniczne mo\u017cna ustali\u0107 na podstawie objaw\u00f3w klinicznych takich jak <strong>drapanie, podra\u017cnienie lub b\u00f3l gard\u0142a oraz zmian miejscowych na b\u0142onach \u015bluzowych gard\u0142a i migda\u0142k\u00f3w<\/strong>. Dodatkowo mog\u0105 wyst\u0105pi\u0107 objawy anginy takie jak <strong>chrypka, gor\u0105czka, kaszel niekiedy wymioty i <a href=\"https:\/\/www.alab.pl\/centrum-wiedzy\/bol-brzucha-mozliwe-przyczyny-badania\/\">b\u00f3le brzucha<\/a> (zw\u0142aszcza u dzieci)<\/strong>. W przypadku zaka\u017ce\u0144 o etiologii wirusowej objawy anginy ust\u0119puj\u0105 samoistnie po 3-4 dniach, natomiast w przypadku bakteryjnego zaka\u017cenia trwaj\u0105 zwykle 8- 10 dni.<\/p>\n\n\n\n<figure class=\"wp-block-image size-full\"><img loading=\"lazy\" decoding=\"async\" width=\"890\" height=\"445\" src=\"https:\/\/www.alab.pl\/centrum-wiedzy\/wp-content\/uploads\/2023\/06\/angina-wyglad-gardla-1-jpg.webp\" alt=\"angina wygl\u0105d gard\u0142a infografika\" class=\"wp-image-6906\" srcset=\"https:\/\/www.alab.pl\/centrum-wiedzy\/wp-content\/uploads\/2023\/06\/angina-wyglad-gardla-1-jpg.webp 890w, https:\/\/www.alab.pl\/centrum-wiedzy\/wp-content\/uploads\/2023\/06\/angina-wyglad-gardla-1-jpg-768x384.webp 768w, https:\/\/www.alab.pl\/centrum-wiedzy\/wp-content\/uploads\/2023\/06\/angina-wyglad-gardla-1-jpg-150x75.webp 150w, https:\/\/www.alab.pl\/centrum-wiedzy\/wp-content\/uploads\/2023\/06\/angina-wyglad-gardla-1-jpg-300x150.webp 300w, https:\/\/www.alab.pl\/centrum-wiedzy\/wp-content\/uploads\/2023\/06\/angina-wyglad-gardla-1-jpg-696x348.webp 696w\" sizes=\"auto, (max-width: 890px) 100vw, 890px\" \/><\/figure>\n\n\n\n<p>R\u00f3\u017cnicowanie etiologii bakteryjnej od wirusowej w badaniu klinicznym nie jest \u0142atwe ze wzgl\u0119du na podobie\u0144stwo objaw\u00f3w klinicznych w obu przypadkach. <strong>Celem r\u00f3\u017cnicowania przyczyny zaka\u017cenia jest ocena prawdopodobie\u0144stwa zaka\u017cenia paciorkowcowego.<\/strong> W zale\u017cno\u015bci od rezultatu tej oceny podejmowane s\u0105 dalsze kroki diagnostyczne (zaniechanie dalszej diagnostyki i wprowadzenie leczenia&nbsp;lub wdro\u017cenie bada\u0144 mikrobiologicznych). Nale\u017cy jednak nadmieni\u0107, i\u017c \u017cadne z podanych w poni\u017cszej tabeli objaw\u00f3w oraz ich wyst\u0119powanie w r\u00f3\u017cnych kombinacjach nie pozwala na pewne rozpoznanie bakteryjnego zaka\u017cenia, ale mog\u0105 upowa\u017cni\u0107 lekarza do rozpoznania zaka\u017cenia o etiologii wirusowej i odst\u0105pienia od dalszej diagnostyki i stosowania <a href=\"https:\/\/www.alab.pl\/centrum-wiedzy\/antybiotyki-czy-nadal-sa-skuteczne\/\">antybiotyku<\/a>, kt\u00f3ry NIE DZIA\u0141A w przypadku wirus\u00f3w.<\/p>\n\n\n\n<figure class=\"wp-block-image size-full\"><img loading=\"lazy\" decoding=\"async\" width=\"980\" height=\"574\" src=\"https:\/\/www.alab.pl\/centrum-wiedzy\/wp-content\/uploads\/2023\/06\/objawy-anginy-tabela-jpg.webp\" alt=\"objawy anginy - angina wirusowa i angina bakteryjna tabela\" class=\"wp-image-6885\" srcset=\"https:\/\/www.alab.pl\/centrum-wiedzy\/wp-content\/uploads\/2023\/06\/objawy-anginy-tabela-jpg.webp 980w, https:\/\/www.alab.pl\/centrum-wiedzy\/wp-content\/uploads\/2023\/06\/objawy-anginy-tabela-jpg-768x450.webp 768w, https:\/\/www.alab.pl\/centrum-wiedzy\/wp-content\/uploads\/2023\/06\/objawy-anginy-tabela-jpg-150x88.webp 150w, https:\/\/www.alab.pl\/centrum-wiedzy\/wp-content\/uploads\/2023\/06\/objawy-anginy-tabela-jpg-300x176.webp 300w, https:\/\/www.alab.pl\/centrum-wiedzy\/wp-content\/uploads\/2023\/06\/objawy-anginy-tabela-jpg-696x408.webp 696w\" sizes=\"auto, (max-width: 980px) 100vw, 980px\" \/><\/figure>\n\n\n\n<p>Pami\u0119tajmy, \u017ce <strong>anginy spowodowanej bakteri\u0105 <em>S. pyogenes <\/em>nie mo\u017cemy rozpozna\u0107 jedynie na podstawie objaw\u00f3w i badania przedmiotowego pacjenta<\/strong>. Dodatkowo prawid\u0142owe rozpoznanie, zdiagnozowanie paciorkowcowego zapalenia gard\u0142a i migda\u0142k\u00f3w podniebiennych oraz wdro\u017cenie odpowiedniego leczenia znacznie obni\u017ca prawdopodobie\u0144stwo wyst\u0105pienia powik\u0142a\u0144. <strong>W przypadku anginy o etiologii <em>S. pyogenes<\/em> mog\u0105 rozwin\u0105\u0107 si\u0119 p\u00f3\u017ane, nieropne powik\u0142ania<\/strong> takie jak gor\u0105czka reumatyczna (asymetryczne zapalenie du\u017cych staw\u00f3w, zapalenie serca) lub ostre k\u0142\u0119buszkowe zapalenie nerek. Powik\u0142ania te wyst\u0119puj\u0105 rzadko i s\u0105 spowodowane odpowiedzi\u0105 immunologiczn\u0105 (przeciwcia\u0142ami) naszego organizmu na kontakt z antygenami <em>Streptococcus pyogenes<\/em>.<\/p>\n\n\n\n<h2 class=\"wp-block-heading\" id=\"angina2\">Diagnostyka mikrobiologiczna anginy<\/h2>\n\n\n\n<p><strong>Z\u0142otym standardem w rozpoznaniu anginy o etiologii <em>S. pyogenes <\/em>stanowi posiew wymazu z gard\u0142a. <\/strong>Czu\u0142o\u015b\u0107 i swoisto\u015b\u0107 prawid\u0142owo wykonanego wymazu z gard\u0142a i posianie na odpowiednie pod\u0142o\u017ca wynosi 90-95%. Bardzo rzadko zdarzaj\u0105 si\u0119 wyniki fa\u0142szywie ujemne (czyli wyniki, w kt\u00f3rych pacjent ma zaka\u017cenie o etiologii <em>S. pyogenes,<\/em> ale nie zosta\u0142o ono potwierdzone badaniami mikrobiologicznymi) i s\u0105 zazwyczaj wynikiem niew\u0142a\u015bciwego pobrania materia\u0142u lub wcze\u015bniejszego zastosowania antybiotyku. Obecnie mamy r\u00f3wnie\u017c dost\u0119p do <strong>szybkich test\u00f3w wykrywaj\u0105cych antygeny <em>S. pyogenes<\/em>, opieraj\u0105cych si\u0119 na metodzie immunochromatograficznej (tak zwane testy kasetkowe)<\/strong>. Nale\u017cy jednak pami\u0119ta\u0107, i\u017c negatywny wynik testu u dzieci powinien by\u0107 potwierdzony posiewem wymazu z gard\u0142a.<\/p>\n\n\n\n<figure class=\"wp-block-image size-full\"><a href=\"https:\/\/www.alab.pl\/badanie\/posiew-z-gornych-drog-oddechowych-rozszerzony-91831\" target=\"_blank\" rel=\"noreferrer noopener\"><img loading=\"lazy\" decoding=\"async\" width=\"800\" height=\"200\" src=\"https:\/\/www.alab.pl\/centrum-wiedzy\/wp-content\/uploads\/2025\/03\/Badanie-posiew-z-gornych-drog-oddechowych-rozszerzony.png\" alt=\"Badanie posiew z g\u00f3rnych dr\u00f3g oddechowych rozszerzony banerek\" class=\"wp-image-22199\" srcset=\"https:\/\/www.alab.pl\/centrum-wiedzy\/wp-content\/uploads\/2025\/03\/Badanie-posiew-z-gornych-drog-oddechowych-rozszerzony.png 800w, https:\/\/www.alab.pl\/centrum-wiedzy\/wp-content\/uploads\/2025\/03\/Badanie-posiew-z-gornych-drog-oddechowych-rozszerzony-768x192.png 768w, https:\/\/www.alab.pl\/centrum-wiedzy\/wp-content\/uploads\/2025\/03\/Badanie-posiew-z-gornych-drog-oddechowych-rozszerzony-150x38.png 150w, https:\/\/www.alab.pl\/centrum-wiedzy\/wp-content\/uploads\/2025\/03\/Badanie-posiew-z-gornych-drog-oddechowych-rozszerzony-300x75.png 300w, https:\/\/www.alab.pl\/centrum-wiedzy\/wp-content\/uploads\/2025\/03\/Badanie-posiew-z-gornych-drog-oddechowych-rozszerzony-696x174.png 696w\" sizes=\"auto, (max-width: 800px) 100vw, 800px\" \/><\/a><\/figure>\n\n\n\n<p>Pami\u0119tajmy, \u017ce w celu ograniczenia szerzenia si\u0119 zaka\u017cenia, pacjent, u kt\u00f3rego zostanie zdiagnozowana angina o etiologii paciorkowcowej, powinien pozosta\u0107 w domu i ograniczy\u0107 kontakt z innymi osobami na okres co najmniej 24 godzin od momentu zastosowania skutecznej antybiotykoterapii.<\/p>\n\n\n\n<p>Z bada\u0144 diagnostycznych, o kt\u00f3rych warto jeszcze wspomnie\u0107, poruszaj\u0105c temat anginy paciorkowcowej, jest <strong><a href=\"https:\/\/www.alab.pl\/badanie\/aso-test-ilosciowy-u75\">test ASO<\/a><\/strong> (test wykrywaj\u0105cy przeciwcia\u0142a przeciwko antystreptolizynie O, kt\u00f3ra jest enzymem produkowanym przez paciorkowce grupy A). Test ASO wykonuje si\u0119 <strong>w przypadku podejrzenia powik\u0142a\u0144 po anginie<\/strong>.<\/p>\n\n\n\n<figure class=\"wp-block-image size-full\"><a href=\"https:\/\/www.alab.pl\/badanie\/aso-test-ilosciowy-u75\" target=\"_blank\" rel=\"noreferrer noopener\"><img loading=\"lazy\" decoding=\"async\" width=\"800\" height=\"200\" src=\"https:\/\/www.alab.pl\/centrum-wiedzy\/wp-content\/uploads\/2025\/04\/Badanie-ASO-\u2013-test-ilosciowy.jpg\" alt=\"Badanie ASO \u2013 test ilos\u0301ciowy\" class=\"wp-image-22916\" srcset=\"https:\/\/www.alab.pl\/centrum-wiedzy\/wp-content\/uploads\/2025\/04\/Badanie-ASO-\u2013-test-ilosciowy.jpg 800w, https:\/\/www.alab.pl\/centrum-wiedzy\/wp-content\/uploads\/2025\/04\/Badanie-ASO-\u2013-test-ilosciowy-768x192.jpg 768w, https:\/\/www.alab.pl\/centrum-wiedzy\/wp-content\/uploads\/2025\/04\/Badanie-ASO-\u2013-test-ilosciowy-150x38.jpg 150w, https:\/\/www.alab.pl\/centrum-wiedzy\/wp-content\/uploads\/2025\/04\/Badanie-ASO-\u2013-test-ilosciowy-300x75.jpg 300w, https:\/\/www.alab.pl\/centrum-wiedzy\/wp-content\/uploads\/2025\/04\/Badanie-ASO-\u2013-test-ilosciowy-696x174.jpg 696w\" sizes=\"auto, (max-width: 800px) 100vw, 800px\" \/><\/a><\/figure>\n\n\n\n<h2 class=\"wp-block-heading\" id=\"angina3\">Leczenie anginy<\/h2>\n\n\n\n<p>Leczenie anginy <strong>jest uzale\u017cnione od czynnika etiologicznego<\/strong> i obejmuje leczenie zar\u00f3wno przyczynowe, jak i objawowe.<\/p>\n\n\n\n<p><strong>Leczenie objawowe<\/strong> niezale\u017cnie od pod\u0142o\u017ca zaka\u017cenia obejmuje mi\u0119dzy innymi przyjmowanie du\u017cej ilo\u015bci p\u0142yn\u00f3w (szczeg\u00f3lnie gdy mamy gor\u0105czk\u0119), odpoczynek, dodatkowo za\u017cywanie lek\u00f3w przeciwb\u00f3lowych, przeciwgor\u0105czkowych oraz preparat\u00f3w do ssania dzia\u0142aj\u0105cych miejscowo.&nbsp;<\/p>\n\n\n\n<p><strong>Leczenie przyczynowe <\/strong>anginy paciorkowcowej obejmuje podanie antybiotyku pochodz\u0105cego z grupy penicylin (najcz\u0119\u015bciej fenoksymetylopenicyliny przez 10 dni). Niekiedy lekarz, kieruj\u0105c si\u0119 stanem pacjenta, mo\u017ce przepisa\u0107 inny antybiotyk. Antybiotykoterapia w przypadku anginy bakteryjnej ma na celu eradykacje patogenu, zmniejszenie zaka\u017calno\u015bci, skr\u00f3cenie czasu trwania objaw\u00f3w oraz zmniejszenie prawdopodobie\u0144stwa powik\u0142a\u0144.<\/p>\n","protected":false},"excerpt":{"rendered":"<p>Czym charakteryzuje si\u0119 angina i jakie badania pozwalaj\u0105 rozpozna\u0107 t\u0119 chorob\u0119?<\/p>\n","protected":false},"author":135,"featured_media":6893,"comment_status":"closed","ping_status":"open","sticky":false,"template":"","format":"standard","meta":{"_acf_changed":false,"inline_featured_image":false,"footnotes":""},"categories":[23],"tags":[],"coauthors":[221],"class_list":{"0":"post-6875","1":"post","2":"type-post","3":"status-publish","4":"format-standard","5":"has-post-thumbnail","7":"category-infekcje-i-pasozyty"},"acf":[],"yoast_head":"<!-- This site is optimized with the Yoast SEO plugin v27.5 - https:\/\/yoast.com\/product\/yoast-seo-wordpress\/ -->\n<title>Angina - przyczyny, objawy, diagnostyka, leczenie<\/title>\n<meta name=\"description\" content=\"Czym jest angina i jak j\u0105 rozpozna\u0107? Dowiedz si\u0119, jakie s\u0105 objawy anginy oraz jak przebiegaj\u0105 diagnostyka i leczenie tej choroby.\" \/>\n<meta name=\"robots\" content=\"index, follow, max-snippet:-1, max-image-preview:large, max-video-preview:-1\" \/>\n<link rel=\"canonical\" href=\"https:\/\/www.alab.pl\/centrum-wiedzy\/angina-objawy-diagnostyka-leczenie\/\" \/>\n<meta property=\"og:locale\" content=\"pl_PL\" \/>\n<meta property=\"og:type\" content=\"article\" \/>\n<meta property=\"og:title\" content=\"Angina - przyczyny, objawy, diagnostyka, leczenie\" \/>\n<meta property=\"og:description\" content=\"Czym jest angina i jak j\u0105 rozpozna\u0107? Dowiedz si\u0119, jakie s\u0105 objawy anginy oraz jak przebiegaj\u0105 diagnostyka i leczenie tej choroby.\" \/>\n<meta property=\"og:url\" content=\"https:\/\/www.alab.pl\/centrum-wiedzy\/angina-objawy-diagnostyka-leczenie\/\" \/>\n<meta property=\"og:site_name\" content=\"Centrum Wiedzy ALAB laboratoria\" \/>\n<meta property=\"article:publisher\" content=\"https:\/\/www.facebook.com\/ALABlaboratoria\" \/>\n<meta property=\"article:published_time\" content=\"2023-06-29T07:32:14+00:00\" \/>\n<meta property=\"article:modified_time\" content=\"2025-04-10T06:48:55+00:00\" \/>\n<meta property=\"og:image\" content=\"https:\/\/www.alab.pl\/centrum-wiedzy\/wp-content\/uploads\/2023\/06\/angina-jpg.webp\" \/>\n\t<meta property=\"og:image:width\" content=\"1200\" \/>\n\t<meta property=\"og:image:height\" content=\"801\" \/>\n\t<meta property=\"og:image:type\" content=\"image\/webp\" \/>\n<meta name=\"author\" content=\"Zuzanna Babalska\" \/>\n<meta name=\"twitter:card\" content=\"summary_large_image\" \/>\n<meta name=\"twitter:label1\" content=\"Napisane przez\" \/>\n\t<meta name=\"twitter:data1\" content=\"Zuzanna Babalska\" \/>\n\t<meta name=\"twitter:label2\" content=\"Szacowany czas czytania\" \/>\n\t<meta name=\"twitter:data2\" content=\"5 minut\" \/>\n\t<meta name=\"twitter:label3\" content=\"Written by\" \/>\n\t<meta name=\"twitter:data3\" content=\"Zuzanna Babalska\" \/>\n<!-- \/ Yoast SEO plugin. -->","yoast_head_json":{"title":"Angina - przyczyny, objawy, diagnostyka, leczenie","description":"Czym jest angina i jak j\u0105 rozpozna\u0107? Dowiedz si\u0119, jakie s\u0105 objawy anginy oraz jak przebiegaj\u0105 diagnostyka i leczenie tej choroby.","robots":{"index":"index","follow":"follow","max-snippet":"max-snippet:-1","max-image-preview":"max-image-preview:large","max-video-preview":"max-video-preview:-1"},"canonical":"https:\/\/www.alab.pl\/centrum-wiedzy\/angina-objawy-diagnostyka-leczenie\/","og_locale":"pl_PL","og_type":"article","og_title":"Angina - przyczyny, objawy, diagnostyka, leczenie","og_description":"Czym jest angina i jak j\u0105 rozpozna\u0107? Dowiedz si\u0119, jakie s\u0105 objawy anginy oraz jak przebiegaj\u0105 diagnostyka i leczenie tej choroby.","og_url":"https:\/\/www.alab.pl\/centrum-wiedzy\/angina-objawy-diagnostyka-leczenie\/","og_site_name":"Centrum Wiedzy ALAB laboratoria","article_publisher":"https:\/\/www.facebook.com\/ALABlaboratoria","article_published_time":"2023-06-29T07:32:14+00:00","article_modified_time":"2025-04-10T06:48:55+00:00","og_image":[{"width":1200,"height":801,"url":"https:\/\/www.alab.pl\/centrum-wiedzy\/wp-content\/uploads\/2023\/06\/angina-jpg.webp","type":"image\/webp"}],"author":"Zuzanna Babalska","twitter_card":"summary_large_image","twitter_misc":{"Napisane przez":"Zuzanna Babalska","Szacowany czas czytania":"5 minut","Written by":"Zuzanna Babalska"},"schema":{"@context":"https:\/\/schema.org","@graph":[{"@type":"Article","@id":"https:\/\/www.alab.pl\/centrum-wiedzy\/angina-objawy-diagnostyka-leczenie\/#article","isPartOf":{"@id":"https:\/\/www.alab.pl\/centrum-wiedzy\/angina-objawy-diagnostyka-leczenie\/"},"author":{"name":"Zuzanna Babalska","@id":"https:\/\/www.alab.pl\/centrum-wiedzy\/#\/schema\/person\/8acfcdbb64f57df8b617ffbf6f206613"},"headline":"Angina \u2013 objawy, diagnostyka, leczenie","datePublished":"2023-06-29T07:32:14+00:00","dateModified":"2025-04-10T06:48:55+00:00","mainEntityOfPage":{"@id":"https:\/\/www.alab.pl\/centrum-wiedzy\/angina-objawy-diagnostyka-leczenie\/"},"wordCount":767,"publisher":{"@id":"https:\/\/www.alab.pl\/centrum-wiedzy\/#organization"},"image":{"@id":"https:\/\/www.alab.pl\/centrum-wiedzy\/angina-objawy-diagnostyka-leczenie\/#primaryimage"},"thumbnailUrl":"https:\/\/www.alab.pl\/centrum-wiedzy\/wp-content\/uploads\/2023\/06\/angina-jpg.webp","articleSection":["Infekcje i paso\u017cyty"],"inLanguage":"pl-PL"},{"@type":"WebPage","@id":"https:\/\/www.alab.pl\/centrum-wiedzy\/angina-objawy-diagnostyka-leczenie\/","url":"https:\/\/www.alab.pl\/centrum-wiedzy\/angina-objawy-diagnostyka-leczenie\/","name":"Angina - przyczyny, objawy, diagnostyka, leczenie","isPartOf":{"@id":"https:\/\/www.alab.pl\/centrum-wiedzy\/#website"},"primaryImageOfPage":{"@id":"https:\/\/www.alab.pl\/centrum-wiedzy\/angina-objawy-diagnostyka-leczenie\/#primaryimage"},"image":{"@id":"https:\/\/www.alab.pl\/centrum-wiedzy\/angina-objawy-diagnostyka-leczenie\/#primaryimage"},"thumbnailUrl":"https:\/\/www.alab.pl\/centrum-wiedzy\/wp-content\/uploads\/2023\/06\/angina-jpg.webp","datePublished":"2023-06-29T07:32:14+00:00","dateModified":"2025-04-10T06:48:55+00:00","description":"Czym jest angina i jak j\u0105 rozpozna\u0107? Dowiedz si\u0119, jakie s\u0105 objawy anginy oraz jak przebiegaj\u0105 diagnostyka i leczenie tej choroby.","breadcrumb":{"@id":"https:\/\/www.alab.pl\/centrum-wiedzy\/angina-objawy-diagnostyka-leczenie\/#breadcrumb"},"inLanguage":"pl-PL","potentialAction":[{"@type":"ReadAction","target":["https:\/\/www.alab.pl\/centrum-wiedzy\/angina-objawy-diagnostyka-leczenie\/"]}]},{"@type":"ImageObject","inLanguage":"pl-PL","@id":"https:\/\/www.alab.pl\/centrum-wiedzy\/angina-objawy-diagnostyka-leczenie\/#primaryimage","url":"https:\/\/www.alab.pl\/centrum-wiedzy\/wp-content\/uploads\/2023\/06\/angina-jpg.webp","contentUrl":"https:\/\/www.alab.pl\/centrum-wiedzy\/wp-content\/uploads\/2023\/06\/angina-jpg.webp","width":1200,"height":801,"caption":"angina"},{"@type":"BreadcrumbList","@id":"https:\/\/www.alab.pl\/centrum-wiedzy\/angina-objawy-diagnostyka-leczenie\/#breadcrumb","itemListElement":[{"@type":"ListItem","position":1,"name":"Strona g\u0142\u00f3wna","item":"https:\/\/www.alab.pl\/centrum-wiedzy\/"},{"@type":"ListItem","position":2,"name":"Angina \u2013 objawy, diagnostyka, leczenie"}]},{"@type":"WebSite","@id":"https:\/\/www.alab.pl\/centrum-wiedzy\/#website","url":"https:\/\/www.alab.pl\/centrum-wiedzy\/","name":"Centrum Wiedzy ALAB laboratoria","description":"","publisher":{"@id":"https:\/\/www.alab.pl\/centrum-wiedzy\/#organization"},"potentialAction":[{"@type":"SearchAction","target":{"@type":"EntryPoint","urlTemplate":"https:\/\/www.alab.pl\/centrum-wiedzy\/?s={search_term_string}"},"query-input":{"@type":"PropertyValueSpecification","valueRequired":true,"valueName":"search_term_string"}}],"inLanguage":"pl-PL"},{"@type":"Organization","@id":"https:\/\/www.alab.pl\/centrum-wiedzy\/#organization","name":"Centrum Wiedzy ALAB laboratoria","url":"https:\/\/www.alab.pl\/centrum-wiedzy\/","logo":{"@type":"ImageObject","inLanguage":"pl-PL","@id":"https:\/\/www.alab.pl\/centrum-wiedzy\/#\/schema\/logo\/image\/","url":"https:\/\/www.alab.pl\/centrum-wiedzy\/wp-content\/uploads\/2022\/04\/alabek.jpg","contentUrl":"https:\/\/www.alab.pl\/centrum-wiedzy\/wp-content\/uploads\/2022\/04\/alabek.jpg","width":1250,"height":1251,"caption":"Centrum Wiedzy ALAB laboratoria"},"image":{"@id":"https:\/\/www.alab.pl\/centrum-wiedzy\/#\/schema\/logo\/image\/"},"sameAs":["https:\/\/www.facebook.com\/ALABlaboratoria"]},{"@type":"Person","@id":"https:\/\/www.alab.pl\/centrum-wiedzy\/#\/schema\/person\/8acfcdbb64f57df8b617ffbf6f206613","name":"Zuzanna Babalska","image":{"@type":"ImageObject","inLanguage":"pl-PL","@id":"https:\/\/www.alab.pl\/centrum-wiedzy\/wp-content\/uploads\/2022\/03\/woman-150x150.png510376ddb3c99b233fa30c560b9695e9","url":"https:\/\/www.alab.pl\/centrum-wiedzy\/wp-content\/uploads\/2022\/03\/woman-150x150.png","contentUrl":"https:\/\/www.alab.pl\/centrum-wiedzy\/wp-content\/uploads\/2022\/03\/woman-150x150.png","caption":"Zuzanna Babalska"},"description":"Absolwentka Analityki Medycznej na Uniwersytecie Medycznym w Poznaniu. Wyk\u0142adowca Uniwersytetu Medycznego w trakcie studi\u00f3w doktoranckich w dziedzinie mikrobiologii. Diagnosta w Pracowni Genetyki w Poznaniu.","url":"https:\/\/www.alab.pl\/centrum-wiedzy\/author\/zuzanna-babalska\/"}]}},"_links":{"self":[{"href":"https:\/\/www.alab.pl\/centrum-wiedzy\/wp-json\/wp\/v2\/posts\/6875","targetHints":{"allow":["GET"]}}],"collection":[{"href":"https:\/\/www.alab.pl\/centrum-wiedzy\/wp-json\/wp\/v2\/posts"}],"about":[{"href":"https:\/\/www.alab.pl\/centrum-wiedzy\/wp-json\/wp\/v2\/types\/post"}],"author":[{"embeddable":true,"href":"https:\/\/www.alab.pl\/centrum-wiedzy\/wp-json\/wp\/v2\/users\/135"}],"replies":[{"embeddable":true,"href":"https:\/\/www.alab.pl\/centrum-wiedzy\/wp-json\/wp\/v2\/comments?post=6875"}],"version-history":[{"count":1,"href":"https:\/\/www.alab.pl\/centrum-wiedzy\/wp-json\/wp\/v2\/posts\/6875\/revisions"}],"predecessor-version":[{"id":22919,"href":"https:\/\/www.alab.pl\/centrum-wiedzy\/wp-json\/wp\/v2\/posts\/6875\/revisions\/22919"}],"wp:featuredmedia":[{"embeddable":true,"href":"https:\/\/www.alab.pl\/centrum-wiedzy\/wp-json\/wp\/v2\/media\/6893"}],"wp:attachment":[{"href":"https:\/\/www.alab.pl\/centrum-wiedzy\/wp-json\/wp\/v2\/media?parent=6875"}],"wp:term":[{"taxonomy":"category","embeddable":true,"href":"https:\/\/www.alab.pl\/centrum-wiedzy\/wp-json\/wp\/v2\/categories?post=6875"},{"taxonomy":"post_tag","embeddable":true,"href":"https:\/\/www.alab.pl\/centrum-wiedzy\/wp-json\/wp\/v2\/tags?post=6875"},{"taxonomy":"author","embeddable":true,"href":"https:\/\/www.alab.pl\/centrum-wiedzy\/wp-json\/wp\/v2\/coauthors?post=6875"}],"curies":[{"name":"wp","href":"https:\/\/api.w.org\/{rel}","templated":true}]}}