{"id":7491,"date":"2023-07-21T08:20:04","date_gmt":"2023-07-21T06:20:04","guid":{"rendered":"https:\/\/sklep.alablaboratoria.pl\/centrum-wiedzy\/?p=7491"},"modified":"2023-07-21T08:20:04","modified_gmt":"2023-07-21T06:20:04","slug":"czym-sa-seronegatywne-spondyloartropatie-zapalne","status":"publish","type":"post","link":"https:\/\/www.alab.pl\/centrum-wiedzy\/czym-sa-seronegatywne-spondyloartropatie-zapalne\/","title":{"rendered":"Czym s\u0105 seronegatywne spondyloartropatie zapalne?"},"content":{"rendered":"\n<p><em><strong>Poni\u017cszy artyku\u0142 jest zapisem webinaru (cz. I), kt\u00f3ry odby\u0142 si\u0119<\/strong><\/em><strong><em> 23.05.2023 r.<\/em><\/strong><\/p>\n\n\n\n<p><strong>Seronegatywne spondyloartropatie zapalne<\/strong> to grupa chor\u00f3b, kt\u00f3re charakteryzuj\u0105 si\u0119 <strong>zapaleniem staw\u00f3w<\/strong>. &#8222;Spondylo&#8221; oznacza, \u017ce mo\u017ce by\u0107 zaj\u0119ty kr\u0119gos\u0142up, a \u201eartropatie\u201d to zaburzenia funkcjonowania staw\u00f3w. Z kolei \u201eseronegatywnymi\u201d okre\u015bla si\u0119 je dlatego, \u017ce <strong>nie stwierdza si\u0119 przy tej chorobie obecno\u015bci czynnika reumatoidalnego w klasie IgM<\/strong>. W seronegatywnych spondyloartropatiach zapalnych najcz\u0119\u015bciej dochodzi do zaj\u0119cia r\u00f3\u017cnych struktur kr\u0119gos\u0142upa, takich jak kr\u0105\u017cki mi\u0119dzykr\u0119gowe, ale te\u017c staw\u00f3w krzy\u017cowo-biodrowych.<\/p>\n\n\n\n<iframe loading=\"lazy\" src=\"https:\/\/www.youtube.com\/embed\/KYhTNePhHTA\" title=\"YouTube video player\" allow=\"accelerometer; autoplay; clipboard-write; encrypted-media; gyroscope; picture-in-picture; web-share\" allowfullscreen=\"\" width=\"822\" height=\"462\" frameborder=\"0\"><\/iframe>\n\n\n\n<p>Seronegatywne spondyloartropatie zapalne s\u0105 unikaln\u0105 grup\u0105 chor\u00f3b reumatologicznych, kt\u00f3re charakteryzuj\u0105 si\u0119 swoistymi dla siebie objawami i czynnikami etiologicznymi. <\/p>\n\n\n\n<p><strong>Do seronegatywnych spondyloartropatii zapalnych zaliczamy:<\/strong><\/p>\n\n\n\n<ul class=\"wp-block-list\">\n<li>zesztywniaj\u0105ce zapalenie staw\u00f3w kr\u0119gos\u0142upa (ZZSK),<\/li>\n\n\n\n<li>\u0142uszczycowe zapalenie staw\u00f3w (\u0141ZS),<\/li>\n\n\n\n<li>reaktywne artropatie,<\/li>\n\n\n\n<li>artropatie w przebiegu enteropatii,<\/li>\n\n\n\n<li>zesp\u00f3\u0142 SAPHO,<\/li>\n\n\n\n<li>niezr\u00f3\u017cnicowane spondyloartropatie.<\/li>\n<\/ul>\n\n\n\n<p>Cho\u0107 ka\u017cda z tych chor\u00f3b ma swoje unikalne cechy, wszystkie maj\u0105 wsp\u00f3ln\u0105 element: zapalenie staw\u00f3w.<\/p>\n\n\n\n<h2 class=\"wp-block-heading\">Dlaczego nale\u017cy leczy\u0107 seronegatywne spondyloartropatie zapalne?<\/h2>\n\n\n\n<p>Nieleczenie seronegatywnych spondyloartropatii zapalnych mo\u017ce prowadzi\u0107 do powa\u017cnych konsekwencji, w\u0142\u0105czaj\u0105c niepe\u0142nosprawno\u015b\u0107, inwalidztwo, a nawet zgon. Powodem jest <strong>wysoki stan zapalny<\/strong> charakterystyczny dla tych chor\u00f3b, kt\u00f3ry mo\u017ce doprowadzi\u0107 do powa\u017cnych powik\u0142a\u0144, w tym chor\u00f3b uk\u0142adu sercowo-naczyniowego.<\/p>\n\n\n\n<p>Przyk\u0142adowo, nieleczone zesztywniaj\u0105ce zapalenie staw\u00f3w kr\u0119gos\u0142upa (ZZSK) mo\u017ce prowadzi\u0107 do przyspieszonej mia\u017cd\u017cycy, zawa\u0142u mi\u0119\u015bnia sercowego i zgonu. Cho\u0107 na pierwszy rzut oka g\u0142\u00f3wn\u0105 przyczyn\u0105 zgonu mo\u017ce wydawa\u0107 si\u0119 zawa\u0142 mi\u0119\u015bnia sercowego, rzeczywista przyczyna le\u017cy g\u0142\u0119biej &#8211; prawdopodobnie zgon nie nast\u0105pi\u0142by, gdyby nie nieleczone ZZSK. Innymi s\u0142owy, ZZSK jest przyczyn\u0105, kt\u00f3ra inicjuje szereg zdarze\u0144 prowadz\u0105cych do przyspieszenia mia\u017cd\u017cycy, udaru niedokrwiennego m\u00f3zgu, zawa\u0142u mi\u0119\u015bnia sercowego i ostatecznie zgonu.<\/p>\n\n\n\n<h2 class=\"wp-block-heading\">Posta\u0107 osiowa i obwodowa seronegatywnych spondyloartropatii zapalnych<\/h2>\n\n\n\n<p>Spondyloartropatie zapalne o charakterze osiowym charakteryzuj\u0105 si\u0119 przede wszystkim <strong>zaj\u0119ciem kr\u0119gos\u0142upa, z b\u00f3lem i sztywno\u015bci\u0105 plec\u00f3w jako g\u0142\u00f3wnymi symptomami<\/strong>. Najcz\u0119stszym przyk\u0142adem tej formy SpA jest spondylitis ankylopoetica (zesp\u00f3\u0142 Bechterewa), kt\u00f3ry mo\u017ce prowadzi\u0107 do post\u0119puj\u0105cego usztywnienia i zakrzywienia kr\u0119gos\u0142upa.<\/p>\n\n\n\n<p>Spondyloartropatie zapalne o charakterze obwodowym z kolei s\u0105 zwi\u0105zane z zaj\u0119ciem staw\u00f3w obwodowych, takich jak stawy kolanowe, biodrowe, \u0142okciowe, czy skokowe. Objawami mog\u0105 by\u0107 b\u00f3l, obrz\u0119k, a nawet utrata funkcji tych staw\u00f3w. Przyk\u0142adem choroby prezentuj\u0105cej g\u0142\u00f3wnie obwodowe zaj\u0119cie staw\u00f3w jest psoriatyczne zapalenie staw\u00f3w, kt\u00f3re cz\u0119sto wyst\u0119puje u os\u00f3b z <a href=\"https:\/\/www.alab.pl\/centrum-wiedzy\/luszczyca-objawy-diagnostyka-leczenie\/\">\u0142uszczyc\u0105<\/a>.<\/p>\n\n\n\n<p>Choroby te r\u00f3\u017cni\u0105 si\u0119 od <a href=\"https:\/\/www.alab.pl\/centrum-wiedzy\/czym-jest-rzs-jak-czesto-wystepuje-kogo-dotyka\/\">reumatoidalnego zapalenia staw\u00f3w (RZS)<\/a>, kt\u00f3re jest chorob\u0105 autoimmunologiczn\u0105 charakteryzuj\u0105c\u0105 si\u0119 symetrycznym zaj\u0119ciem ma\u0142ych staw\u00f3w, takich jak stawy \u015br\u00f3dr\u0119czno-paliczkowe czy \u015br\u00f3dstopno-paliczkowe. W przeciwie\u0144stwie do RZS SpA cz\u0119sto prowadz\u0105 do <strong>asymetrycznego zaj\u0119cia staw\u00f3w<\/strong>, zazwyczaj wi\u0119kszych.<\/p>\n\n\n\n<h2 class=\"wp-block-heading\">B\u00f3l charakterystyczny dla SpA<\/h2>\n\n\n\n<p>B\u00f3l w chorobach zapalnych staw\u00f3w takich jak spondyloartropatie zapalne czy reumatoidalne zapalenie staw\u00f3w (RZS) jest typowo zapalny. Charakteryzuje si\u0119 on<strong> nasileniem rano (sztywno\u015b\u0107 poranna) trwaj\u0105cym co najmniej godzin\u0119, a cz\u0119sto d\u0142u\u017cej<\/strong>. To odr\u00f3\u017cnia go od chor\u00f3b niezapalnych staw\u00f3w, takich jak choroba zwyrodnieniowa staw\u00f3w (OA), gdzie sztywno\u015b\u0107 poranna zazwyczaj trwa mniej ni\u017c 30 minut.<\/p>\n\n\n\n<p>W chorobach zapalnych, jak RZS czy spondyloartropatia, <strong>b\u00f3l jest cz\u0119sto zwi\u0119kszany przez dotyk<\/strong>. Mo\u017ce to by\u0107 oznaka obrz\u0119ku lub zapalenia w okolicach stawu. W przeciwie\u0144stwie do tego, w chorobach niezapalnych, takich jak OA, b\u00f3l zazwyczaj nie jest nasilany przez dotyk, a pacjenci cz\u0119sto opisuj\u0105 go jako b\u00f3l &#8222;wewn\u0105trz&#8221; stawu.<\/p>\n\n\n\n<p>W przypadku pacjent\u00f3w z spondyloartropatiami b\u00f3l mo\u017ce wyst\u0119powa\u0107 w miejscach, gdzie \u015bci\u0119gna lub wi\u0119zad\u0142a \u0142\u0105cz\u0105 si\u0119 z ko\u015b\u0107mi (entezy). Przyk\u0142adem mo\u017ce by\u0107 b\u00f3l \u0142okcia, kt\u00f3ry wyst\u0119puje, gdy pacjent opiera si\u0119 na tym stawie. Ten rodzaj b\u00f3lu, znanego jako entezopatia, jest charakterystyczny dla spondyloartropatii, takich jak spondylitis ankylopoetica.<\/p>\n\n\n\n<h2 class=\"wp-block-heading\">Objawy seronegatywnych spondyloartropatii zapalnych<\/h2>\n\n\n\n<p>Seronegatywne spondyloartropatie mog\u0105 mie\u0107 <strong>r\u00f3\u017cnorodne objawy i dotyczy\u0107 r\u00f3\u017cnych cz\u0119\u015bci cia\u0142a<\/strong>. Ich posta\u0107 mo\u017ce by\u0107 osiowa, obwodowa, czy mieszana, obejmuj\u0105ca zar\u00f3wno kr\u0119gos\u0142up, jak i stawy obwodowe. Przyk\u0142adem objaw\u00f3w mo\u017ce by\u0107 niesymetryczne zaj\u0119cie staw\u00f3w krzy\u017cowo-biodrowych i staw\u00f3w obwodowych pod postaci\u0105 daktylitis, czyli &#8222;kie\u0142baskowatych&#8221; palc\u00f3w.<\/p>\n\n\n\n<p>Pacjenci mog\u0105 do\u015bwiadczy\u0107 tak\u017ce <strong>objaw\u00f3w og\u00f3lnych<\/strong>, takich jak z\u0142e samopoczucie, przewlek\u0142e zm\u0119czenie, utrata masy cia\u0142a, gor\u0105czka, czy nocne poty. Seronegatywne spondyloartropatie mog\u0105 wyst\u0105pi\u0107 w formie nieradiograficznej (zmiany niewidoczne na rentgenie, ale widoczne w rezonansie magnetycznym) lub radiograficznej.<\/p>\n\n\n\n<h2 class=\"wp-block-heading\">Diagnostyka seronegatywnych spondyloartropatii zapalnych<\/h2>\n\n\n\n<p>W diagnostyce tych chor\u00f3b u\u017cywa si\u0119 <strong>zar\u00f3wno bada\u0144 krwi, jak i bada\u0144 obrazowych<\/strong>. Badania krwi obejmuj\u0105 oznaczanie <a href=\"https:\/\/www.alab.pl\/badanie\/czynnik-reumatoidalny-rf-igm-k21\" target=\"_blank\" rel=\"noreferrer noopener\"><strong>czynnika reumatoidalnego (IgM RF)<\/strong><\/a> &#8211; jego brak jest typowy dla seronegatywnych spondyloartropatii &#8211; i <a href=\"https:\/\/www.alab.pl\/badanie\/zesztywniajace-zapalenie-stawow-kregoslupa-zzsk-wykrywanie-obecnosci-genu-hla-b27-metoda-mikromacierzy\" target=\"_blank\" rel=\"noreferrer noopener\"><strong>antygenu HLA-B27<\/strong><\/a>, kt\u00f3ry jest obecny u wi\u0119kszo\u015bci pacjent\u00f3w z tymi schorzeniami.<\/p>\n\n\n\n<figure class=\"wp-block-image size-full\"><a href=\"https:\/\/www.alab.pl\/badanie\/czynnik-reumatoidalny-rf-igm-k21\" target=\"_blank\" rel=\"noreferrer noopener\"><img loading=\"lazy\" decoding=\"async\" width=\"800\" height=\"200\" src=\"https:\/\/www.alab.pl\/centrum-wiedzy\/wp-content\/uploads\/2023\/07\/Czynnik-reumatoidalny-IgM-RF-jpg.webp\" alt=\"czynnnik reumatoidalny baner\" class=\"wp-image-7503\" srcset=\"https:\/\/www.alab.pl\/centrum-wiedzy\/wp-content\/uploads\/2023\/07\/Czynnik-reumatoidalny-IgM-RF-jpg.webp 800w, https:\/\/www.alab.pl\/centrum-wiedzy\/wp-content\/uploads\/2023\/07\/Czynnik-reumatoidalny-IgM-RF-jpg-768x192.webp 768w, https:\/\/www.alab.pl\/centrum-wiedzy\/wp-content\/uploads\/2023\/07\/Czynnik-reumatoidalny-IgM-RF-jpg-150x38.webp 150w, https:\/\/www.alab.pl\/centrum-wiedzy\/wp-content\/uploads\/2023\/07\/Czynnik-reumatoidalny-IgM-RF-jpg-300x75.webp 300w, https:\/\/www.alab.pl\/centrum-wiedzy\/wp-content\/uploads\/2023\/07\/Czynnik-reumatoidalny-IgM-RF-jpg-696x174.webp 696w\" sizes=\"auto, (max-width: 800px) 100vw, 800px\" \/><\/a><\/figure>\n\n\n\n<figure class=\"wp-block-image size-full\"><a href=\"https:\/\/www.alab.pl\/badanie\/zesztywniajace-zapalenie-stawow-kregoslupa-zzsk-wykrywanie-obecnosci-genu-hla-b27-metoda-mikromacierzy\" target=\"_blank\" rel=\"noreferrer noopener\"><img loading=\"lazy\" decoding=\"async\" width=\"800\" height=\"200\" src=\"https:\/\/www.alab.pl\/centrum-wiedzy\/wp-content\/uploads\/2023\/07\/Wykrywanie-antygenu-leukocytarnego-B27-HLA-B27-jpg.webp\" alt=\"wykrywanie antygenu leukocytarnego B27 (HLA-B27) baner\" class=\"wp-image-7505\" srcset=\"https:\/\/www.alab.pl\/centrum-wiedzy\/wp-content\/uploads\/2023\/07\/Wykrywanie-antygenu-leukocytarnego-B27-HLA-B27-jpg.webp 800w, https:\/\/www.alab.pl\/centrum-wiedzy\/wp-content\/uploads\/2023\/07\/Wykrywanie-antygenu-leukocytarnego-B27-HLA-B27-jpg-768x192.webp 768w, https:\/\/www.alab.pl\/centrum-wiedzy\/wp-content\/uploads\/2023\/07\/Wykrywanie-antygenu-leukocytarnego-B27-HLA-B27-jpg-150x38.webp 150w, https:\/\/www.alab.pl\/centrum-wiedzy\/wp-content\/uploads\/2023\/07\/Wykrywanie-antygenu-leukocytarnego-B27-HLA-B27-jpg-300x75.webp 300w, https:\/\/www.alab.pl\/centrum-wiedzy\/wp-content\/uploads\/2023\/07\/Wykrywanie-antygenu-leukocytarnego-B27-HLA-B27-jpg-696x174.webp 696w\" sizes=\"auto, (max-width: 800px) 100vw, 800px\" \/><\/a><\/figure>\n\n\n\n<p>Warto jednak pami\u0119ta\u0107, \u017ce nawet do 10% os\u00f3b rasy kaukaskiej mo\u017ce mie\u0107 dodatni antygen HLA-B27 bez \u017cadnej choroby. Dlatego, je\u015bli nie ma objaw\u00f3w sugeruj\u0105cych spondyloartropati\u0119, nie jest zalecane samodzielne wykonanie tego badania. Istnieje tak\u017ce inny antygen &#8211;<strong> <a href=\"https:\/\/www.alab.pl\/badanie\/luszczyca-wykrywanie-obecnosci-genu-hla-cw6\" target=\"_blank\" rel=\"noreferrer noopener\">HLA-Cw6<\/a><\/strong>, kt\u00f3ry mo\u017ce by\u0107 pomocny w diagnostyce \u0142uszczycy i \u0142uszczycowego zapalenia staw\u00f3w, chocia\u017c nie jest on wymieniany w kryteriach klasyfikacyjnych.<\/p>\n\n\n\n<p><strong>Sprawd\u017a te\u017c:<\/strong><\/p>\n\n\n\n<p><a href=\"https:\/\/www.alab.pl\/centrum-wiedzy\/choroby-ukladowe-tkanki-lacznej\/\"><strong>Choroby uk\u0142adowe tkanki \u0142\u0105cznej<\/strong><\/a><\/p>\n","protected":false},"excerpt":{"rendered":"<p>Dowiedz si\u0119, czym charakteryzuj\u0105 si\u0119 seronegatywne spondyloartropatie zapalne i jak wygl\u0105da diagnostyka chor\u00f3b z tej grupy.<\/p>\n","protected":false},"author":138,"featured_media":7518,"comment_status":"closed","ping_status":"open","sticky":false,"template":"","format":"standard","meta":{"_acf_changed":false,"inline_featured_image":false,"footnotes":""},"categories":[8,29],"tags":[],"coauthors":[148],"class_list":{"0":"post-7491","1":"post","2":"type-post","3":"status-publish","4":"format-standard","5":"has-post-thumbnail","7":"category-choroby-autoimmunologiczne","8":"category-webinaria"},"acf":[],"yoast_head":"<!-- This site is optimized with the Yoast SEO plugin v27.5 - https:\/\/yoast.com\/product\/yoast-seo-wordpress\/ -->\n<title>Seronegatywne spondyloartropatie - ALAB Laboratoria<\/title>\n<meta name=\"description\" content=\"Poznaj seronegatywne spondyloartropatie zapalne, objawy i metody leczenia. Zapis webinaru z dr Fia\u0142kiem o reumatycznych chorobach zapalnych.\" \/>\n<meta name=\"robots\" content=\"index, follow, max-snippet:-1, max-image-preview:large, max-video-preview:-1\" \/>\n<link rel=\"canonical\" href=\"https:\/\/www.alab.pl\/centrum-wiedzy\/czym-sa-seronegatywne-spondyloartropatie-zapalne\/\" \/>\n<meta property=\"og:locale\" content=\"pl_PL\" \/>\n<meta property=\"og:type\" content=\"article\" \/>\n<meta property=\"og:title\" content=\"Seronegatywne spondyloartropatie - ALAB Laboratoria\" \/>\n<meta property=\"og:description\" content=\"Poznaj seronegatywne spondyloartropatie zapalne, objawy i metody leczenia. Zapis webinaru z dr Fia\u0142kiem o reumatycznych chorobach zapalnych.\" \/>\n<meta property=\"og:url\" content=\"https:\/\/www.alab.pl\/centrum-wiedzy\/czym-sa-seronegatywne-spondyloartropatie-zapalne\/\" \/>\n<meta property=\"og:site_name\" content=\"Centrum Wiedzy ALAB laboratoria\" \/>\n<meta property=\"article:publisher\" content=\"https:\/\/www.facebook.com\/ALABlaboratoria\" \/>\n<meta property=\"article:published_time\" content=\"2023-07-21T06:20:04+00:00\" \/>\n<meta property=\"og:image\" content=\"https:\/\/www.alab.pl\/centrum-wiedzy\/wp-content\/uploads\/2023\/07\/SpA-jpg.webp\" \/>\n\t<meta property=\"og:image:width\" content=\"1200\" \/>\n\t<meta property=\"og:image:height\" content=\"801\" \/>\n\t<meta property=\"og:image:type\" content=\"image\/webp\" \/>\n<meta name=\"author\" content=\"Bartosz Fia\u0142ek\" \/>\n<meta name=\"twitter:card\" content=\"summary_large_image\" \/>\n<meta name=\"twitter:label1\" content=\"Napisane przez\" \/>\n\t<meta name=\"twitter:data1\" content=\"Bartosz Fia\u0142ek\" \/>\n\t<meta name=\"twitter:label2\" content=\"Szacowany czas czytania\" \/>\n\t<meta name=\"twitter:data2\" content=\"5 minut\" \/>\n\t<meta name=\"twitter:label3\" content=\"Written by\" \/>\n\t<meta name=\"twitter:data3\" content=\"Bartosz Fia\u0142ek\" \/>\n<!-- \/ Yoast SEO plugin. -->","yoast_head_json":{"title":"Seronegatywne spondyloartropatie - ALAB Laboratoria","description":"Poznaj seronegatywne spondyloartropatie zapalne, objawy i metody leczenia. Zapis webinaru z dr Fia\u0142kiem o reumatycznych chorobach zapalnych.","robots":{"index":"index","follow":"follow","max-snippet":"max-snippet:-1","max-image-preview":"max-image-preview:large","max-video-preview":"max-video-preview:-1"},"canonical":"https:\/\/www.alab.pl\/centrum-wiedzy\/czym-sa-seronegatywne-spondyloartropatie-zapalne\/","og_locale":"pl_PL","og_type":"article","og_title":"Seronegatywne spondyloartropatie - ALAB Laboratoria","og_description":"Poznaj seronegatywne spondyloartropatie zapalne, objawy i metody leczenia. Zapis webinaru z dr Fia\u0142kiem o reumatycznych chorobach zapalnych.","og_url":"https:\/\/www.alab.pl\/centrum-wiedzy\/czym-sa-seronegatywne-spondyloartropatie-zapalne\/","og_site_name":"Centrum Wiedzy ALAB laboratoria","article_publisher":"https:\/\/www.facebook.com\/ALABlaboratoria","article_published_time":"2023-07-21T06:20:04+00:00","og_image":[{"width":1200,"height":801,"url":"https:\/\/www.alab.pl\/centrum-wiedzy\/wp-content\/uploads\/2023\/07\/SpA-jpg.webp","type":"image\/webp"}],"author":"Bartosz Fia\u0142ek","twitter_card":"summary_large_image","twitter_misc":{"Napisane przez":"Bartosz Fia\u0142ek","Szacowany czas czytania":"5 minut","Written by":"Bartosz Fia\u0142ek"},"schema":{"@context":"https:\/\/schema.org","@graph":[{"@type":"Article","@id":"https:\/\/www.alab.pl\/centrum-wiedzy\/czym-sa-seronegatywne-spondyloartropatie-zapalne\/#article","isPartOf":{"@id":"https:\/\/www.alab.pl\/centrum-wiedzy\/czym-sa-seronegatywne-spondyloartropatie-zapalne\/"},"author":{"name":"Bartosz Fia\u0142ek","@id":"https:\/\/www.alab.pl\/centrum-wiedzy\/#\/schema\/person\/8c538eb276626f1ce1c37b0b5e8135cd"},"headline":"Czym s\u0105 seronegatywne spondyloartropatie zapalne?","datePublished":"2023-07-21T06:20:04+00:00","mainEntityOfPage":{"@id":"https:\/\/www.alab.pl\/centrum-wiedzy\/czym-sa-seronegatywne-spondyloartropatie-zapalne\/"},"wordCount":920,"publisher":{"@id":"https:\/\/www.alab.pl\/centrum-wiedzy\/#organization"},"image":{"@id":"https:\/\/www.alab.pl\/centrum-wiedzy\/czym-sa-seronegatywne-spondyloartropatie-zapalne\/#primaryimage"},"thumbnailUrl":"https:\/\/www.alab.pl\/centrum-wiedzy\/wp-content\/uploads\/2023\/07\/SpA-jpg.webp","articleSection":["Choroby autoimmunologiczne","Webinaria"],"inLanguage":"pl-PL"},{"@type":"WebPage","@id":"https:\/\/www.alab.pl\/centrum-wiedzy\/czym-sa-seronegatywne-spondyloartropatie-zapalne\/","url":"https:\/\/www.alab.pl\/centrum-wiedzy\/czym-sa-seronegatywne-spondyloartropatie-zapalne\/","name":"Seronegatywne spondyloartropatie - ALAB Laboratoria","isPartOf":{"@id":"https:\/\/www.alab.pl\/centrum-wiedzy\/#website"},"primaryImageOfPage":{"@id":"https:\/\/www.alab.pl\/centrum-wiedzy\/czym-sa-seronegatywne-spondyloartropatie-zapalne\/#primaryimage"},"image":{"@id":"https:\/\/www.alab.pl\/centrum-wiedzy\/czym-sa-seronegatywne-spondyloartropatie-zapalne\/#primaryimage"},"thumbnailUrl":"https:\/\/www.alab.pl\/centrum-wiedzy\/wp-content\/uploads\/2023\/07\/SpA-jpg.webp","datePublished":"2023-07-21T06:20:04+00:00","description":"Poznaj seronegatywne spondyloartropatie zapalne, objawy i metody leczenia. Zapis webinaru z dr Fia\u0142kiem o reumatycznych chorobach zapalnych.","breadcrumb":{"@id":"https:\/\/www.alab.pl\/centrum-wiedzy\/czym-sa-seronegatywne-spondyloartropatie-zapalne\/#breadcrumb"},"inLanguage":"pl-PL","potentialAction":[{"@type":"ReadAction","target":["https:\/\/www.alab.pl\/centrum-wiedzy\/czym-sa-seronegatywne-spondyloartropatie-zapalne\/"]}]},{"@type":"ImageObject","inLanguage":"pl-PL","@id":"https:\/\/www.alab.pl\/centrum-wiedzy\/czym-sa-seronegatywne-spondyloartropatie-zapalne\/#primaryimage","url":"https:\/\/www.alab.pl\/centrum-wiedzy\/wp-content\/uploads\/2023\/07\/SpA-jpg.webp","contentUrl":"https:\/\/www.alab.pl\/centrum-wiedzy\/wp-content\/uploads\/2023\/07\/SpA-jpg.webp","width":1200,"height":801,"caption":"SpA"},{"@type":"BreadcrumbList","@id":"https:\/\/www.alab.pl\/centrum-wiedzy\/czym-sa-seronegatywne-spondyloartropatie-zapalne\/#breadcrumb","itemListElement":[{"@type":"ListItem","position":1,"name":"Strona g\u0142\u00f3wna","item":"https:\/\/www.alab.pl\/centrum-wiedzy\/"},{"@type":"ListItem","position":2,"name":"Czym s\u0105 seronegatywne spondyloartropatie zapalne?"}]},{"@type":"WebSite","@id":"https:\/\/www.alab.pl\/centrum-wiedzy\/#website","url":"https:\/\/www.alab.pl\/centrum-wiedzy\/","name":"Centrum Wiedzy ALAB laboratoria","description":"","publisher":{"@id":"https:\/\/www.alab.pl\/centrum-wiedzy\/#organization"},"potentialAction":[{"@type":"SearchAction","target":{"@type":"EntryPoint","urlTemplate":"https:\/\/www.alab.pl\/centrum-wiedzy\/?s={search_term_string}"},"query-input":{"@type":"PropertyValueSpecification","valueRequired":true,"valueName":"search_term_string"}}],"inLanguage":"pl-PL"},{"@type":"Organization","@id":"https:\/\/www.alab.pl\/centrum-wiedzy\/#organization","name":"Centrum Wiedzy ALAB laboratoria","url":"https:\/\/www.alab.pl\/centrum-wiedzy\/","logo":{"@type":"ImageObject","inLanguage":"pl-PL","@id":"https:\/\/www.alab.pl\/centrum-wiedzy\/#\/schema\/logo\/image\/","url":"https:\/\/www.alab.pl\/centrum-wiedzy\/wp-content\/uploads\/2022\/04\/alabek.jpg","contentUrl":"https:\/\/www.alab.pl\/centrum-wiedzy\/wp-content\/uploads\/2022\/04\/alabek.jpg","width":1250,"height":1251,"caption":"Centrum Wiedzy ALAB laboratoria"},"image":{"@id":"https:\/\/www.alab.pl\/centrum-wiedzy\/#\/schema\/logo\/image\/"},"sameAs":["https:\/\/www.facebook.com\/ALABlaboratoria"]},{"@type":"Person","@id":"https:\/\/www.alab.pl\/centrum-wiedzy\/#\/schema\/person\/8c538eb276626f1ce1c37b0b5e8135cd","name":"Bartosz Fia\u0142ek","image":{"@type":"ImageObject","inLanguage":"pl-PL","@id":"https:\/\/www.alab.pl\/centrum-wiedzy\/wp-content\/uploads\/2023\/07\/Bartosz-Fialek-jpg-150x150.webpba67679c32d583d41f697ebfe9859dde","url":"https:\/\/www.alab.pl\/centrum-wiedzy\/wp-content\/uploads\/2023\/07\/Bartosz-Fialek-jpg-150x150.webp","contentUrl":"https:\/\/www.alab.pl\/centrum-wiedzy\/wp-content\/uploads\/2023\/07\/Bartosz-Fialek-jpg-150x150.webp","caption":"Bartosz Fia\u0142ek"},"description":"Lekarz, specjalista w dziedzinie reumatologii. Master of Business Administration (MBA) - zarz\u0105dzanie w ochronie zdrowia. Doctor of Business Administration (DBA) - zarz\u0105dzanie w ochronie zdrowia.","url":"https:\/\/www.alab.pl\/centrum-wiedzy\/author\/bartosz-fialek\/"}]}},"_links":{"self":[{"href":"https:\/\/www.alab.pl\/centrum-wiedzy\/wp-json\/wp\/v2\/posts\/7491","targetHints":{"allow":["GET"]}}],"collection":[{"href":"https:\/\/www.alab.pl\/centrum-wiedzy\/wp-json\/wp\/v2\/posts"}],"about":[{"href":"https:\/\/www.alab.pl\/centrum-wiedzy\/wp-json\/wp\/v2\/types\/post"}],"author":[{"embeddable":true,"href":"https:\/\/www.alab.pl\/centrum-wiedzy\/wp-json\/wp\/v2\/users\/138"}],"replies":[{"embeddable":true,"href":"https:\/\/www.alab.pl\/centrum-wiedzy\/wp-json\/wp\/v2\/comments?post=7491"}],"version-history":[{"count":0,"href":"https:\/\/www.alab.pl\/centrum-wiedzy\/wp-json\/wp\/v2\/posts\/7491\/revisions"}],"wp:featuredmedia":[{"embeddable":true,"href":"https:\/\/www.alab.pl\/centrum-wiedzy\/wp-json\/wp\/v2\/media\/7518"}],"wp:attachment":[{"href":"https:\/\/www.alab.pl\/centrum-wiedzy\/wp-json\/wp\/v2\/media?parent=7491"}],"wp:term":[{"taxonomy":"category","embeddable":true,"href":"https:\/\/www.alab.pl\/centrum-wiedzy\/wp-json\/wp\/v2\/categories?post=7491"},{"taxonomy":"post_tag","embeddable":true,"href":"https:\/\/www.alab.pl\/centrum-wiedzy\/wp-json\/wp\/v2\/tags?post=7491"},{"taxonomy":"author","embeddable":true,"href":"https:\/\/www.alab.pl\/centrum-wiedzy\/wp-json\/wp\/v2\/coauthors?post=7491"}],"curies":[{"name":"wp","href":"https:\/\/api.w.org\/{rel}","templated":true}]}}