{"id":780,"date":"2020-10-15T12:06:17","date_gmt":"2020-10-15T10:06:17","guid":{"rendered":"https:\/\/sklep.alablaboratoria.pl\/centrum-wiedzy\/centrum-wiedzy\/?p=780"},"modified":"2025-03-06T14:29:10","modified_gmt":"2025-03-06T13:29:10","slug":"alergia-wziewna","status":"publish","type":"post","link":"https:\/\/www.alab.pl\/centrum-wiedzy\/alergia-wziewna\/","title":{"rendered":"Alergia wziewna &#8211; co to jest? Przyczyny, objawy i diagnostyka"},"content":{"rendered":"\n<p><strong>Py\u0142ki ro\u015blin to najcz\u0119stsza przyczyna alergii wziewnej w Polsce. Kt\u00f3re z nich uczulaj\u0105 najcz\u0119\u015bciej? Jak objawia si\u0119 alergia wziewna? Jakie badania warto wykona\u0107, zanim podejmiemy decyzj\u0119 o odczulaniu? Na te i inne pytania odpowiadamy w poni\u017cszym artykule.<\/strong><\/p>\n\n\n\n<p><strong>Alergia wziewna jest najcz\u0119\u015bciej wyst\u0119puj\u0105cym rodzajem alergii na \u015bwiecie.<\/strong> Do grupy alergen\u00f3w powoduj\u0105cych alergi\u0119 wziewn\u0105 nale\u017c\u0105 min. py\u0142ki ro\u015blin, <a href=\"https:\/\/www.alab.pl\/centrum-wiedzy\/alergia-na-roztocza-kurzu-domowego\/\">alergeny roztoczy<\/a>, alergeny zwierz\u0105t domowych czy grzyb\u00f3w ple\u015bniowych.<\/p>\n\n\n\n<p>Najcz\u0119stsz\u0105 przyczyn\u0105 alergii w Polsce s\u0105 <strong>py\u0142ki ro\u015blin<\/strong> \u2013 traw i drzew. W teorii py\u0142ek ka\u017cdej ro\u015bliny mo\u017ce prowadzi\u0107 do rozwoju alergii, jednak w praktyce tylko cz\u0119\u015b\u0107 ro\u015blin wywo\u0142uje uczulenie. W naszej strefie klimatycznej g\u0142\u00f3wnie uczula py\u0142ek tymotki \u0142\u0105kowej i py\u0142ek brzozy.<\/p>\n\n\n\n<h2 class=\"wp-block-heading\">Objawy \u2013 kiedy i jakie?<\/h2>\n\n\n\n<p>Jako pierwsze zaczynaj\u0105 pyli\u0107 drzewa, od stycznia leszczyna i olcha, na prze\u0142omie marca i kwietnia brzoza, w maju do\u0142\u0105czaj\u0105 trawy. Co jest istotne, izolowane uczulenie na leszczyn\u0119 i olch\u0119 wyst\u0119puje bardzo rzadko. <strong>Zazwyczaj pierwotn\u0105 przyczyn\u0105 jest py\u0142ek brzozy &#8211; dzieje si\u0119 tak w wyniku reakcji krzy\u017cowej i podobnej budowy py\u0142k\u00f3w. <\/strong>Objawia si\u0119 to w ten spos\u00f3b, \u017ce pacjent reaguje objawami ju\u017c w momencie pylenia leszczyny i olchy, a \u201eprawdziw\u0105\u201d przyczyn\u0105 uczulenia jest alergia na py\u0142ek brzozy.<\/p>\n\n\n\n<p><strong>G\u0142\u00f3wne objawy kliniczne to:<\/strong><\/p>\n\n\n\n<ul class=\"wp-block-list\">\n<li>nie\u017cyt nosa z cz\u0119stym kichaniem, blokada nosa<\/li>\n\n\n\n<li>wyciek wodnisto\u2013\u015bluzowej wydzieliny z nosa<\/li>\n\n\n\n<li>\u015bwi\u0105d i zaczerwienienie spoj\u00f3wek<\/li>\n\n\n\n<li>\u015bwiszcz\u0105cy oddech, kaszel, lub uczucie ci\u0119\u017cko\u015bci w klatce piersiowej<\/li>\n<\/ul>\n\n\n\n<h2 class=\"wp-block-heading\">Co nas uczula?<\/h2>\n\n\n\n<p>W\u0142a\u015bciwymi alergenami nie s\u0105 same py\u0142ki lub zarodniki, lecz zawarte w nich <strong>bia\u0142ka, zwane komponentami alergen\u00f3w<\/strong>.<br>Je\u015bli ju\u017c wiemy, \u017ce cierpimy na alergi\u0119 na py\u0142ki drzew lub traw, by\u0107 mo\u017ce zdecydujemy si\u0119 na odczulanie. Cho\u0107 jest ono procesem d\u0142ugotrwa\u0142ym (kilkuletnim), warto wzi\u0105\u0107 je pod uwag\u0119, poniewa\u017c jest to jedyna metoda, by pozby\u0107 si\u0119 alergii na py\u0142ki.<\/p>\n\n\n\n<p>Aby jednak rozpocz\u0105\u0107 immunoterapi\u0119 konieczna jest staranna kwalifikacja pacjenta. <strong>Odpowiednie badania nale\u017cy wykona\u0107 w okresie wolnym od objaw\u00f3w choroby &#8211; najlepszy jest okres jesienno-zimowy. <\/strong>Kwalifikacj\u0119 do odczulania w porozumieniu z lekarzem prowadz\u0105cym mo\u017cemy rozpocz\u0105\u0107 ju\u017c we wrze\u015bniu.<\/p>\n\n\n\n<p><strong>Panelem, kt\u00f3ry pomaga w klasyfikacji do swoistej immunoterapii na py\u0142ki traw i drzew jest Panel rekombinant\u00f3w py\u0142k\u00f3w.<\/strong><\/p>\n\n\n\n<figure class=\"wp-block-image size-full\"><a href=\"https:\/\/www.alab.pl\/badanie\/panel-rekombinantow-pylkow-6-alergenow-met-polycheck-l91\" target=\"_blank\" rel=\"noopener\"><img loading=\"lazy\" decoding=\"async\" width=\"800\" height=\"200\" src=\"https:\/\/www.alab.pl\/centrum-wiedzy\/wp-content\/uploads\/2023\/06\/Panel-rekombinantow-pylkow-10-alergenow-met.-Polycheck-1-jpg.webp\" alt=\"panel rekombinant\u00f3w py\u0142k\u00f3w 10 alergen\u00f3w baner\" class=\"wp-image-6617\" srcset=\"https:\/\/www.alab.pl\/centrum-wiedzy\/wp-content\/uploads\/2023\/06\/Panel-rekombinantow-pylkow-10-alergenow-met.-Polycheck-1-jpg.webp 800w, https:\/\/www.alab.pl\/centrum-wiedzy\/wp-content\/uploads\/2023\/06\/Panel-rekombinantow-pylkow-10-alergenow-met.-Polycheck-1-jpg-768x192.webp 768w, https:\/\/www.alab.pl\/centrum-wiedzy\/wp-content\/uploads\/2023\/06\/Panel-rekombinantow-pylkow-10-alergenow-met.-Polycheck-1-jpg-150x38.webp 150w, https:\/\/www.alab.pl\/centrum-wiedzy\/wp-content\/uploads\/2023\/06\/Panel-rekombinantow-pylkow-10-alergenow-met.-Polycheck-1-jpg-300x75.webp 300w, https:\/\/www.alab.pl\/centrum-wiedzy\/wp-content\/uploads\/2023\/06\/Panel-rekombinantow-pylkow-10-alergenow-met.-Polycheck-1-jpg-696x174.webp 696w\" sizes=\"auto, (max-width: 800px) 100vw, 800px\" \/><\/a><\/figure>\n\n\n\n<h2 class=\"wp-block-heading\">Dlaczego warto?<\/h2>\n\n\n\n<p>Panel zawiera w sk\u0142adzie g\u0142\u00f3wne bia\u0142ka zar\u00f3wno brzozy jak i tymotki, kt\u00f3ra jest markerem dla wszystkich traw. Uczulenie na g\u0142\u00f3wne alergeny tymotki Phl p1 i Phl p5 daje podstawy do kwalifikacji do odczulania na py\u0142ek traw, z kolei w przypadku alergii na py\u0142ki drzew takim bia\u0142kiem jest Bet v1. <strong>Brak g\u0142\u00f3wnych przeciwcia\u0142 powoduje nieskuteczno\u015b\u0107 odczulania.<\/strong><\/p>\n\n\n\n<p><strong>Pami\u0119taj! <\/strong>Objawy py\u0142kowicy mog\u0105 si\u0119 zacz\u0105\u0107 we wczesnym dzieci\u0144stwie jak i w p\u00f3\u017aniejszym okresie \u017cycia, nawet po 50. r.\u017c. Przebieg alergii mo\u017ce si\u0119 tak\u017ce zmienia\u0107 z wiekiem. Objawy mog\u0105 ulega\u0107 wyciszeniu b\u0105d\u017a nasileniu, mog\u0105 do\u0142\u0105cza\u0107 si\u0119 nowe alergeny, czy nawet mo\u017ce zwi\u0119ksza\u0107 si\u0119 rodzaj alergicznej nadwra\u017cliwo\u015bci.<\/p>\n\n\n\n<p><strong>Przygotowanie do bada\u0144:<\/strong><\/p>\n\n\n\n<ul class=\"wp-block-list\">\n<li>Materia\u0142em do badania jest krew.<\/li>\n\n\n\n<li>Pacjent nie musi by\u0107 na czczo.<\/li>\n\n\n\n<li>Nie wymaga odstawienia lek\u00f3w sterydowych i przeciwhistaminowych podanych doustnie i miejscowo.<\/li>\n<\/ul>\n\n\n\n<p><a href=\"https:\/\/www.alab.pl\/badanie\/panel-rekombinantow-pylkow-6-alergenow-met-polycheck-l91\" target=\"_blank\" rel=\"noreferrer noopener\"><strong>Wi\u0119cej informacji na temat panelu rekombinant\u00f3w py\u0142k\u00f3w znajdziesz na stronie badania w sklepie ALAB laboratoria.<\/strong><\/a><\/p>\n","protected":false},"excerpt":{"rendered":"<p>Py\u0142ki ro\u015blin to najcz\u0119stsza przyczyna alergii wziewnej w Polsce. Kt\u00f3re z nich uczulaj\u0105 najcz\u0119\u015bciej? <\/p>\n","protected":false},"author":103,"featured_media":4497,"comment_status":"closed","ping_status":"open","sticky":false,"template":"","format":"standard","meta":{"_acf_changed":false,"inline_featured_image":false,"footnotes":""},"categories":[4],"tags":[],"coauthors":[198],"class_list":{"0":"post-780","1":"post","2":"type-post","3":"status-publish","4":"format-standard","5":"has-post-thumbnail","7":"category-alergia"},"acf":[],"yoast_head":"<!-- This site is optimized with the Yoast SEO plugin v27.5 - https:\/\/yoast.com\/product\/yoast-seo-wordpress\/ -->\n<title>Alergia wziewna - co to jest? Przyczyny, objawy i diagnostyka<\/title>\n<meta name=\"description\" content=\"M\u0119cz\u0105 Ci\u0119 katar i zaczerwienienie spoj\u00f3wek? To mog\u0105 by\u0107 objawy alergii wziewnej. Jakie py\u0142ki uczulaj\u0105 najcz\u0119\u015bciej? Jak to leczy\u0107?\" \/>\n<meta name=\"robots\" content=\"index, follow, max-snippet:-1, max-image-preview:large, max-video-preview:-1\" \/>\n<link rel=\"canonical\" href=\"https:\/\/www.alab.pl\/centrum-wiedzy\/alergia-wziewna\/\" \/>\n<meta property=\"og:locale\" content=\"pl_PL\" \/>\n<meta property=\"og:type\" content=\"article\" \/>\n<meta property=\"og:title\" content=\"Alergia wziewna - co to jest? Przyczyny, objawy i diagnostyka\" \/>\n<meta property=\"og:description\" content=\"M\u0119cz\u0105 Ci\u0119 katar i zaczerwienienie spoj\u00f3wek? To mog\u0105 by\u0107 objawy alergii wziewnej. Jakie py\u0142ki uczulaj\u0105 najcz\u0119\u015bciej? Jak to leczy\u0107?\" \/>\n<meta property=\"og:url\" content=\"https:\/\/www.alab.pl\/centrum-wiedzy\/alergia-wziewna\/\" \/>\n<meta property=\"og:site_name\" content=\"Centrum Wiedzy ALAB laboratoria\" \/>\n<meta property=\"article:publisher\" content=\"https:\/\/www.facebook.com\/ALABlaboratoria\" \/>\n<meta property=\"article:published_time\" content=\"2020-10-15T10:06:17+00:00\" \/>\n<meta property=\"article:modified_time\" content=\"2025-03-06T13:29:10+00:00\" \/>\n<meta property=\"og:image\" content=\"https:\/\/www.alab.pl\/centrum-wiedzy\/wp-content\/uploads\/2020\/10\/alergia-wziewna-na-pylki.jpg\" \/>\n\t<meta property=\"og:image:width\" content=\"1100\" \/>\n\t<meta property=\"og:image:height\" content=\"734\" \/>\n\t<meta property=\"og:image:type\" content=\"image\/jpeg\" \/>\n<meta name=\"author\" content=\"Martyna Szali\u0144ska\" \/>\n<meta name=\"twitter:card\" content=\"summary_large_image\" \/>\n<meta name=\"twitter:label1\" content=\"Napisane przez\" \/>\n\t<meta name=\"twitter:data1\" content=\"Martyna Szali\u0144ska\" \/>\n\t<meta name=\"twitter:label2\" content=\"Szacowany czas czytania\" \/>\n\t<meta name=\"twitter:data2\" content=\"4 minuty\" \/>\n\t<meta name=\"twitter:label3\" content=\"Written by\" \/>\n\t<meta name=\"twitter:data3\" content=\"Martyna Szali\u0144ska\" \/>\n<!-- \/ Yoast SEO plugin. -->","yoast_head_json":{"title":"Alergia wziewna - co to jest? Przyczyny, objawy i diagnostyka","description":"M\u0119cz\u0105 Ci\u0119 katar i zaczerwienienie spoj\u00f3wek? To mog\u0105 by\u0107 objawy alergii wziewnej. Jakie py\u0142ki uczulaj\u0105 najcz\u0119\u015bciej? Jak to leczy\u0107?","robots":{"index":"index","follow":"follow","max-snippet":"max-snippet:-1","max-image-preview":"max-image-preview:large","max-video-preview":"max-video-preview:-1"},"canonical":"https:\/\/www.alab.pl\/centrum-wiedzy\/alergia-wziewna\/","og_locale":"pl_PL","og_type":"article","og_title":"Alergia wziewna - co to jest? Przyczyny, objawy i diagnostyka","og_description":"M\u0119cz\u0105 Ci\u0119 katar i zaczerwienienie spoj\u00f3wek? To mog\u0105 by\u0107 objawy alergii wziewnej. Jakie py\u0142ki uczulaj\u0105 najcz\u0119\u015bciej? Jak to leczy\u0107?","og_url":"https:\/\/www.alab.pl\/centrum-wiedzy\/alergia-wziewna\/","og_site_name":"Centrum Wiedzy ALAB laboratoria","article_publisher":"https:\/\/www.facebook.com\/ALABlaboratoria","article_published_time":"2020-10-15T10:06:17+00:00","article_modified_time":"2025-03-06T13:29:10+00:00","og_image":[{"width":1100,"height":734,"url":"https:\/\/www.alab.pl\/centrum-wiedzy\/wp-content\/uploads\/2020\/10\/alergia-wziewna-na-pylki.jpg","type":"image\/jpeg"}],"author":"Martyna Szali\u0144ska","twitter_card":"summary_large_image","twitter_misc":{"Napisane przez":"Martyna Szali\u0144ska","Szacowany czas czytania":"4 minuty","Written by":"Martyna Szali\u0144ska"},"schema":{"@context":"https:\/\/schema.org","@graph":[{"@type":"Article","@id":"https:\/\/www.alab.pl\/centrum-wiedzy\/alergia-wziewna\/#article","isPartOf":{"@id":"https:\/\/www.alab.pl\/centrum-wiedzy\/alergia-wziewna\/"},"author":{"name":"Martyna Szali\u0144ska","@id":"https:\/\/www.alab.pl\/centrum-wiedzy\/#\/schema\/person\/542342dbb12bd5aaa832b0617069bddb"},"headline":"Alergia wziewna &#8211; co to jest? Przyczyny, objawy i diagnostyka","datePublished":"2020-10-15T10:06:17+00:00","dateModified":"2025-03-06T13:29:10+00:00","mainEntityOfPage":{"@id":"https:\/\/www.alab.pl\/centrum-wiedzy\/alergia-wziewna\/"},"wordCount":574,"publisher":{"@id":"https:\/\/www.alab.pl\/centrum-wiedzy\/#organization"},"image":{"@id":"https:\/\/www.alab.pl\/centrum-wiedzy\/alergia-wziewna\/#primaryimage"},"thumbnailUrl":"https:\/\/www.alab.pl\/centrum-wiedzy\/wp-content\/uploads\/2020\/10\/alergia-wziewna-na-pylki.jpg","articleSection":["Alergia"],"inLanguage":"pl-PL"},{"@type":"WebPage","@id":"https:\/\/www.alab.pl\/centrum-wiedzy\/alergia-wziewna\/","url":"https:\/\/www.alab.pl\/centrum-wiedzy\/alergia-wziewna\/","name":"Alergia wziewna - co to jest? Przyczyny, objawy i diagnostyka","isPartOf":{"@id":"https:\/\/www.alab.pl\/centrum-wiedzy\/#website"},"primaryImageOfPage":{"@id":"https:\/\/www.alab.pl\/centrum-wiedzy\/alergia-wziewna\/#primaryimage"},"image":{"@id":"https:\/\/www.alab.pl\/centrum-wiedzy\/alergia-wziewna\/#primaryimage"},"thumbnailUrl":"https:\/\/www.alab.pl\/centrum-wiedzy\/wp-content\/uploads\/2020\/10\/alergia-wziewna-na-pylki.jpg","datePublished":"2020-10-15T10:06:17+00:00","dateModified":"2025-03-06T13:29:10+00:00","description":"M\u0119cz\u0105 Ci\u0119 katar i zaczerwienienie spoj\u00f3wek? To mog\u0105 by\u0107 objawy alergii wziewnej. Jakie py\u0142ki uczulaj\u0105 najcz\u0119\u015bciej? Jak to leczy\u0107?","breadcrumb":{"@id":"https:\/\/www.alab.pl\/centrum-wiedzy\/alergia-wziewna\/#breadcrumb"},"inLanguage":"pl-PL","potentialAction":[{"@type":"ReadAction","target":["https:\/\/www.alab.pl\/centrum-wiedzy\/alergia-wziewna\/"]}]},{"@type":"ImageObject","inLanguage":"pl-PL","@id":"https:\/\/www.alab.pl\/centrum-wiedzy\/alergia-wziewna\/#primaryimage","url":"https:\/\/www.alab.pl\/centrum-wiedzy\/wp-content\/uploads\/2020\/10\/alergia-wziewna-na-pylki.jpg","contentUrl":"https:\/\/www.alab.pl\/centrum-wiedzy\/wp-content\/uploads\/2020\/10\/alergia-wziewna-na-pylki.jpg","width":1100,"height":734,"caption":"alergia wziewna na py\u0142ki"},{"@type":"BreadcrumbList","@id":"https:\/\/www.alab.pl\/centrum-wiedzy\/alergia-wziewna\/#breadcrumb","itemListElement":[{"@type":"ListItem","position":1,"name":"Strona g\u0142\u00f3wna","item":"https:\/\/www.alab.pl\/centrum-wiedzy\/"},{"@type":"ListItem","position":2,"name":"Alergia wziewna &#8211; co to jest? Przyczyny, objawy i diagnostyka"}]},{"@type":"WebSite","@id":"https:\/\/www.alab.pl\/centrum-wiedzy\/#website","url":"https:\/\/www.alab.pl\/centrum-wiedzy\/","name":"Centrum Wiedzy ALAB laboratoria","description":"","publisher":{"@id":"https:\/\/www.alab.pl\/centrum-wiedzy\/#organization"},"potentialAction":[{"@type":"SearchAction","target":{"@type":"EntryPoint","urlTemplate":"https:\/\/www.alab.pl\/centrum-wiedzy\/?s={search_term_string}"},"query-input":{"@type":"PropertyValueSpecification","valueRequired":true,"valueName":"search_term_string"}}],"inLanguage":"pl-PL"},{"@type":"Organization","@id":"https:\/\/www.alab.pl\/centrum-wiedzy\/#organization","name":"Centrum Wiedzy ALAB laboratoria","url":"https:\/\/www.alab.pl\/centrum-wiedzy\/","logo":{"@type":"ImageObject","inLanguage":"pl-PL","@id":"https:\/\/www.alab.pl\/centrum-wiedzy\/#\/schema\/logo\/image\/","url":"https:\/\/www.alab.pl\/centrum-wiedzy\/wp-content\/uploads\/2022\/04\/alabek.jpg","contentUrl":"https:\/\/www.alab.pl\/centrum-wiedzy\/wp-content\/uploads\/2022\/04\/alabek.jpg","width":1250,"height":1251,"caption":"Centrum Wiedzy ALAB laboratoria"},"image":{"@id":"https:\/\/www.alab.pl\/centrum-wiedzy\/#\/schema\/logo\/image\/"},"sameAs":["https:\/\/www.facebook.com\/ALABlaboratoria"]},{"@type":"Person","@id":"https:\/\/www.alab.pl\/centrum-wiedzy\/#\/schema\/person\/542342dbb12bd5aaa832b0617069bddb","name":"Martyna Szali\u0144ska","image":{"@type":"ImageObject","inLanguage":"pl-PL","@id":"https:\/\/www.alab.pl\/centrum-wiedzy\/wp-content\/uploads\/2022\/04\/Martyna-Lewandowska-150x150.jpgee6b06c6b5c2fd783678daacee5aea7c","url":"https:\/\/www.alab.pl\/centrum-wiedzy\/wp-content\/uploads\/2022\/04\/Martyna-Lewandowska-150x150.jpg","contentUrl":"https:\/\/www.alab.pl\/centrum-wiedzy\/wp-content\/uploads\/2022\/04\/Martyna-Lewandowska-150x150.jpg","caption":"Martyna Szali\u0144ska"},"description":"Product manager ds. alergii i autoimmunologii w ALAB laboratoria, diagnosta laboratoryjny, Absolwentka Analityki medycznej Collegium Medicum UMK im. Ludwika Rydygiera w Bydgoszczy.","sameAs":["https:\/\/www.linkedin.com\/in\/martyna-lewandowska-b64203187\/"],"url":"https:\/\/www.alab.pl\/centrum-wiedzy\/author\/martyna\/"}]}},"_links":{"self":[{"href":"https:\/\/www.alab.pl\/centrum-wiedzy\/wp-json\/wp\/v2\/posts\/780","targetHints":{"allow":["GET"]}}],"collection":[{"href":"https:\/\/www.alab.pl\/centrum-wiedzy\/wp-json\/wp\/v2\/posts"}],"about":[{"href":"https:\/\/www.alab.pl\/centrum-wiedzy\/wp-json\/wp\/v2\/types\/post"}],"author":[{"embeddable":true,"href":"https:\/\/www.alab.pl\/centrum-wiedzy\/wp-json\/wp\/v2\/users\/103"}],"replies":[{"embeddable":true,"href":"https:\/\/www.alab.pl\/centrum-wiedzy\/wp-json\/wp\/v2\/comments?post=780"}],"version-history":[{"count":1,"href":"https:\/\/www.alab.pl\/centrum-wiedzy\/wp-json\/wp\/v2\/posts\/780\/revisions"}],"predecessor-version":[{"id":22020,"href":"https:\/\/www.alab.pl\/centrum-wiedzy\/wp-json\/wp\/v2\/posts\/780\/revisions\/22020"}],"wp:featuredmedia":[{"embeddable":true,"href":"https:\/\/www.alab.pl\/centrum-wiedzy\/wp-json\/wp\/v2\/media\/4497"}],"wp:attachment":[{"href":"https:\/\/www.alab.pl\/centrum-wiedzy\/wp-json\/wp\/v2\/media?parent=780"}],"wp:term":[{"taxonomy":"category","embeddable":true,"href":"https:\/\/www.alab.pl\/centrum-wiedzy\/wp-json\/wp\/v2\/categories?post=780"},{"taxonomy":"post_tag","embeddable":true,"href":"https:\/\/www.alab.pl\/centrum-wiedzy\/wp-json\/wp\/v2\/tags?post=780"},{"taxonomy":"author","embeddable":true,"href":"https:\/\/www.alab.pl\/centrum-wiedzy\/wp-json\/wp\/v2\/coauthors?post=780"}],"curies":[{"name":"wp","href":"https:\/\/api.w.org\/{rel}","templated":true}]}}