{"id":7839,"date":"2023-08-02T12:38:02","date_gmt":"2023-08-02T10:38:02","guid":{"rendered":"https:\/\/sklep.alablaboratoria.pl\/centrum-wiedzy\/?p=7839"},"modified":"2023-08-02T12:38:02","modified_gmt":"2023-08-02T10:38:02","slug":"diagnostyka-zaburzen-gospodarki-magnezowej-w-organizmie","status":"publish","type":"post","link":"https:\/\/www.alab.pl\/centrum-wiedzy\/diagnostyka-zaburzen-gospodarki-magnezowej-w-organizmie\/","title":{"rendered":"Diagnostyka zaburze\u0144 gospodarki magnezowej w organizmie"},"content":{"rendered":"\n<p>Spis tre\u015bci<\/p>\n\n\n\n<ol class=\"wp-block-list\">\n<li><a href=\"#m1\">Hipomagnezemia &#8211; niedob\u00f3r magnezu w organizmie<\/a><\/li>\n\n\n\n<li><a href=\"#m2\">Hipermagnezemia &#8211; nadmiar magnezu w organizmie<\/a><\/li>\n\n\n\n<li><a href=\"#m3\">Badania laboratoryjne &#8211; magnez ca\u0142kowity w surowicy, magnez we krwi pe\u0142nej, poziom magnezu w moczu<\/a><\/li>\n<\/ol>\n\n\n\n<p><strong>Z zaburzeniami homeostazy magnezu mamy do czynienia relatywnie cz\u0119sto. Mog\u0105 to by\u0107:<\/strong><\/p>\n\n\n\n<ul class=\"wp-block-list\">\n<li><strong>hipomagnezemia<\/strong> \u2013 niedob\u00f3r magnezu w organizmie,<\/li>\n\n\n\n<li><strong>hipermagnezemia<\/strong> \u2013 nadmiar magnezu w organizmie.<\/li>\n<\/ul>\n\n\n\n<h2 class=\"wp-block-heading\" id=\"m1\">Hipomagnezemia &#8211; niedob\u00f3r magnezu w organizmie<\/h2>\n\n\n\n<p>Ze wzgl\u0119du na fakt, i\u017c udzia\u0142 magnezu w prawid\u0142owym funkcjonowaniu ustroju jest bardzo szeroki, <strong>objawy niedoboru tego pierwiastka mog\u0105 by\u0107 bardzo r\u00f3\u017cne<\/strong>. Wielu pacjent\u00f3w d\u0142ugo nie odczuwa \u017cadnych objaw\u00f3w, pierwsze mog\u0105 si\u0119 pojawia\u0107, gdy st\u0119\u017cenie magnezu ca\u0142kowitego wynosi &lt;0,5 mmol\/l.<\/p>\n\n\n\n<p><strong>Najwcze\u015bniejsze objawy niedoboru magnezu w organizmie to symptomy ze strony uk\u0142adu nerwowego i mi\u0119\u015bniowego. S\u0105 to:<\/strong><\/p>\n\n\n\n<ul class=\"wp-block-list\">\n<li>skurcze mi\u0119\u015bni, dr\u017cenia mi\u0119\u015bniowe, s\u0142abo\u015b\u0107 mi\u0119\u015bni;<\/li>\n\n\n\n<li>zawroty g\u0142owy, zaburzenia nastroju.<\/li>\n<\/ul>\n\n\n\n<p>Pozosta\u0142e objawy kliniczne hipomagnezemii to <strong>problemy manifestuj\u0105ce si\u0119 ze strony uk\u0142adu kr\u0105\u017cenia<\/strong>, takie jak zaburzenia rytmu serca (migotanie przesionk\u00f3w, cz\u0119stoskurcz, arytmia).<\/p>\n\n\n\n<p><strong>Konsekwencje przewlek\u0142ej hipomagnezemii <\/strong>to nadci\u015bnienie t\u0119tnicze, mia\u017cd\u017cyca, zaburzenia gospodarki w\u0119glowodanowej \u2013 hiperglikemia \u2013 podwy\u017cszony <a href=\"https:\/\/www.alab.pl\/badanie\/glukoza-l43\" target=\"_blank\" rel=\"noreferrer noopener\">poziom glukozy we krwi<\/a>.<\/p>\n\n\n\n<p>Hipomagnezemia predysponuje r\u00f3wnie\u017c do rozwoju <strong>osteoporozy<\/strong>.<\/p>\n\n\n\n<p><strong>Przyczyny hipomagnezemii obejmuj\u0105 nast\u0119puj\u0105ce mechanizmy:<\/strong><\/p>\n\n\n\n<ul class=\"wp-block-list\">\n<li><strong>zmniejszenie poda\u017cy magnezu w diecie<\/strong> (niedob\u00f3r spowodowany spo\u017cywaniem \u017cywno\u015bci przetworzonej, diet\u0105 niskoszczawianow\u0105, obecno\u015bci\u0105 fosforan\u00f3w, nadmiarem kofeiny, itp.),<\/li>\n\n\n\n<li><strong>zmniejszenie wch\u0142aniania magnezu w jelitach <\/strong>(zespo\u0142y z\u0142ego wch\u0142aniania, <a href=\"https:\/\/www.alab.pl\/centrum-wiedzy\/celiakia\/\">celiakia<\/a>, <a href=\"https:\/\/www.alab.pl\/centrum-wiedzy\/nietolerancja-laktozy\/\">nietolerancja laktozy<\/a>, przewlek\u0142e biegunki, leki wp\u0142ywaj\u0105ce na dost\u0119pno\u015b\u0107 <a href=\"https:\/\/www.alab.pl\/centrum-wiedzy\/wapn-podstawowy-pierwiastek-ukladu-kostnego\/\">wapnia<\/a>, zmiana \u015brodowiska kwa\u015bnego \u017co\u0142\u0105dka),<\/li>\n\n\n\n<li><strong>zwi\u0119kszona utrata magnezu przez nerki <\/strong>(g\u0142\u00f3wnie leki moczop\u0119dne u\u017cywane w terapii nadci\u015bnienia t\u0119tniczego oraz choroby nerek i dializoterapia),<\/li>\n\n\n\n<li><strong>zaburzenia endokrynologiczne<\/strong> (nadczynno\u015b\u0107 tarczycy, <a href=\"https:\/\/www.alab.pl\/centrum-wiedzy\/cukrzyca\/\">cukrzyca<\/a>, <a href=\"https:\/\/www.alab.pl\/centrum-wiedzy\/diagnostyka-zaburzen-gospodarki-wapniowej-w-organizmie\/\">hiperkalcemia<\/a>, hiperaldosteronizm),<\/li>\n\n\n\n<li>alkoholizm,<\/li>\n\n\n\n<li>leczenie insulin\u0105.<\/li>\n<\/ul>\n\n\n\n<p>>>> <strong>Przeczytaj te\u017c: <a href=\"https:\/\/www.alab.pl\/centrum-wiedzy\/magnez-pomaga-na-skurcze-miesni-fakt-czy-mit\/\">Magnez pomaga na skurcze mi\u0119\u015bni &#8211; fakt czy mit?<\/a><\/strong><\/p>\n\n\n\n<h2 class=\"wp-block-heading\" id=\"m2\">Hipermagnezemia &#8211; nadmiar magnezu w organizmie<\/h2>\n\n\n\n<p><strong>Hipermagnezemia<\/strong> jest zaburzeniem wyst\u0119puj\u0105cym dosy\u0107 rzadko, zdrowe i prawid\u0142owo funkcjonuj\u0105ce nerki maj\u0105 zdolno\u015b\u0107 do wydalania nadmiaru magnezu. <strong>Objawy nadmiaru magnezu w organizmie<\/strong> zaczynaj\u0105 by\u0107 obserwowane <strong>po przekroczeniu poziomu 2 mmol\/l<\/strong>. Podobnie jak w przypadku niedobor\u00f3w magnezu na plan pierwszy wysuwaj\u0105 si\u0119 <strong>objawy ze strony uk\u0142adu nerwowego i mi\u0119\u015bniowego<\/strong>, polegaj\u0105ce na zablokowaniu przewodzenia impuls\u00f3w, w tym r\u00f3wnie\u017c impuls\u00f3w w mi\u0119\u015bniu sercowym. Efektem jest os\u0142abienie lub zanik odruch\u00f3w \u015bci\u0119gnistych, s\u0142abo\u015b\u0107 mi\u0119\u015bni do pora\u017cenia w\u0142\u0105cznie.<\/p>\n\n\n\n<p>Niewielki wzrost st\u0119\u017cenia magnezu to r\u00f3wnie\u017c niewielki <strong>spadek ci\u015bnienia t\u0119tniczego<\/strong>, natomiast st\u0119\u017cenia wy\u017csze mog\u0105 powodowa\u0107 hipotoni\u0119 ortostatyczn\u0105, czyli spadki ci\u015bnienia i zawroty g\u0142owy przy przyjmowaniu pionowej pozycji cia\u0142a.<\/p>\n\n\n\n<h2 class=\"wp-block-heading\" id=\"m3\">Badania laboratoryjne &#8211; magnez ca\u0142kowity w surowicy, magnez we krwi pe\u0142nej, poziom magnezu w moczu<\/h2>\n\n\n\n<p>Magnez jest pierwiastkiem, kt\u00f3rego wi\u0119kszo\u015b\u0107 zlokalizowana jest <strong>wewn\u0105trzkom\u00f3rkowo<\/strong>, a tylko 1% znajduje si\u0119 w przestrzeni pozakom\u00f3rkowej, g\u0142\u00f3wne we krwi. Znajomo\u015b\u0107 tego faktu jest niezb\u0119dna, aby prawid\u0142owo interpretowa\u0107 dost\u0119pne w laboratorium badania diagnostyczne.<\/p>\n\n\n\n<p>Najpopularniejsze dzisiaj jest <strong>badanie st\u0119\u017cenia <a href=\"https:\/\/www.alab.pl\/badanie\/magnez-w-surowicy-m87\" target=\"_blank\" rel=\"noreferrer noopener\">magnezu ca\u0142kowitego we krwi<\/a><\/strong>, jest to badanie dost\u0119pne i powtarzalne. Pami\u0119ta\u0107 jednak nale\u017cy, i\u017c <strong>jest to zaledwie 1% dost\u0119pnego w organizmie magnezu<\/strong>, wynik tego badania mo\u017ce by\u0107 nadal prawid\u0142owy, chocia\u017c w organizmie jest ju\u017c wewn\u0105trzkom\u00f3rkowy jego niedob\u00f3r. St\u0119\u017cenie prawid\u0142owe przy braku objaw\u00f3w niedoboru magnezu nale\u017cy interpretowa\u0107 jako brak niedoboru. <strong>Je\u015bli jednak st\u0119\u017cenie mie\u015bci si\u0119 w dolnym zakresie warto\u015bci referencyjnych, to nawet przy warto\u015bciach prawid\u0142owych mo\u017ce ju\u017c oznacza\u0107 niedob\u00f3r wewn\u0105trzkom\u00f3rkowy.<\/strong> Wynik poni\u017cej zakresu warto\u015bci referencyjnych jest alarmem i oznacza g\u0142\u0119boki niedob\u00f3r magnezu w organizmie.<\/p>\n\n\n\n<figure class=\"wp-block-image size-full\"><a href=\"https:\/\/www.alab.pl\/badanie\/magnez-w-surowicy-m87\" target=\"_blank\" rel=\"noreferrer noopener\"><img loading=\"lazy\" decoding=\"async\" width=\"800\" height=\"200\" src=\"https:\/\/www.alab.pl\/centrum-wiedzy\/wp-content\/uploads\/2023\/07\/Magnez-w-surowicy-calkowity-jpg.webp\" alt=\"magnez ca\u0142kowity w surowicy\" class=\"wp-image-7807\" srcset=\"https:\/\/www.alab.pl\/centrum-wiedzy\/wp-content\/uploads\/2023\/07\/Magnez-w-surowicy-calkowity-jpg.webp 800w, https:\/\/www.alab.pl\/centrum-wiedzy\/wp-content\/uploads\/2023\/07\/Magnez-w-surowicy-calkowity-jpg-768x192.webp 768w, https:\/\/www.alab.pl\/centrum-wiedzy\/wp-content\/uploads\/2023\/07\/Magnez-w-surowicy-calkowity-jpg-150x38.webp 150w, https:\/\/www.alab.pl\/centrum-wiedzy\/wp-content\/uploads\/2023\/07\/Magnez-w-surowicy-calkowity-jpg-300x75.webp 300w, https:\/\/www.alab.pl\/centrum-wiedzy\/wp-content\/uploads\/2023\/07\/Magnez-w-surowicy-calkowity-jpg-696x174.webp 696w\" sizes=\"auto, (max-width: 800px) 100vw, 800px\" \/><\/a><\/figure>\n\n\n\n<p><strong>Precyzyjniejsze informacje otrzymamy oznaczaj\u0105c <a href=\"https:\/\/www.alab.pl\/badanie\/magnez-we-krwi-m87\" target=\"_blank\" rel=\"noreferrer noopener\">poziom magnezu we krwi pe\u0142nej<\/a>. <\/strong>Wyniki wskazuje zawarto\u015b\u0107 magnezu zar\u00f3wno w surowicy, jak i w erytrocytach \u2013 czyli w przestrzeni wewn\u0105trzkom\u00f3rkowej, st\u0105d jest dok\u0142adniejszym odzwierciedleniem zasob\u00f3w tego pierwiastka w ustroju. Zawarto\u015b\u0107 magnezu w osoczu wynosi bowiem 0,85 mmol\/kg, a w erytrocytach 2,5 mmol\/kg.<\/p>\n\n\n\n<figure class=\"wp-block-image size-full\"><a href=\"https:\/\/www.alab.pl\/badanie\/magnez-we-krwi-m87\" target=\"_blank\" rel=\"noreferrer noopener\"><img loading=\"lazy\" decoding=\"async\" width=\"800\" height=\"200\" src=\"https:\/\/www.alab.pl\/centrum-wiedzy\/wp-content\/uploads\/2023\/07\/Magnez-we-krwi-pelnej-jpg.webp\" alt=\"magnez we krwi pe\u0142nej baner\" class=\"wp-image-7845\" srcset=\"https:\/\/www.alab.pl\/centrum-wiedzy\/wp-content\/uploads\/2023\/07\/Magnez-we-krwi-pelnej-jpg.webp 800w, https:\/\/www.alab.pl\/centrum-wiedzy\/wp-content\/uploads\/2023\/07\/Magnez-we-krwi-pelnej-jpg-768x192.webp 768w, https:\/\/www.alab.pl\/centrum-wiedzy\/wp-content\/uploads\/2023\/07\/Magnez-we-krwi-pelnej-jpg-150x38.webp 150w, https:\/\/www.alab.pl\/centrum-wiedzy\/wp-content\/uploads\/2023\/07\/Magnez-we-krwi-pelnej-jpg-300x75.webp 300w, https:\/\/www.alab.pl\/centrum-wiedzy\/wp-content\/uploads\/2023\/07\/Magnez-we-krwi-pelnej-jpg-696x174.webp 696w\" sizes=\"auto, (max-width: 800px) 100vw, 800px\" \/><\/a><\/figure>\n\n\n\n<p>Ostatnie dost\u0119pne badanie to <strong><a href=\"https:\/\/www.alab.pl\/badanie\/magnez-w-moczu-ze-zbiorki-dobowej-m87\" target=\"_blank\" rel=\"noreferrer noopener\">zawarto\u015b\u0107 magnezu w dobowej zbi\u00f3rce moczu<\/a><\/strong>. Badanie jest szczeg\u00f3lnie przydatne, je\u015bli podejrzewamy, i\u017c przyczyn\u0105 hipomagnezemii jest zwi\u0119kszona utrata tego pierwiastka z moczem, czyli w diagnozowaniu przyczyny niedoboru magnezu w organizmie.<\/p>\n\n\n\n<figure class=\"wp-block-image size-full\"><a href=\"https:\/\/www.alab.pl\/badanie\/magnez-w-moczu-ze-zbiorki-dobowej-m87\" target=\"_blank\" rel=\"noreferrer noopener\"><img loading=\"lazy\" decoding=\"async\" width=\"800\" height=\"200\" src=\"https:\/\/www.alab.pl\/centrum-wiedzy\/wp-content\/uploads\/2023\/07\/Magnez-w-dobowej-zbiorce-moczu-jpg.webp\" alt=\"magnez w dobowej zbi\u00f3rce moczu baner\" class=\"wp-image-7846\" srcset=\"https:\/\/www.alab.pl\/centrum-wiedzy\/wp-content\/uploads\/2023\/07\/Magnez-w-dobowej-zbiorce-moczu-jpg.webp 800w, https:\/\/www.alab.pl\/centrum-wiedzy\/wp-content\/uploads\/2023\/07\/Magnez-w-dobowej-zbiorce-moczu-jpg-768x192.webp 768w, https:\/\/www.alab.pl\/centrum-wiedzy\/wp-content\/uploads\/2023\/07\/Magnez-w-dobowej-zbiorce-moczu-jpg-150x38.webp 150w, https:\/\/www.alab.pl\/centrum-wiedzy\/wp-content\/uploads\/2023\/07\/Magnez-w-dobowej-zbiorce-moczu-jpg-300x75.webp 300w, https:\/\/www.alab.pl\/centrum-wiedzy\/wp-content\/uploads\/2023\/07\/Magnez-w-dobowej-zbiorce-moczu-jpg-696x174.webp 696w\" sizes=\"auto, (max-width: 800px) 100vw, 800px\" \/><\/a><\/figure>\n\n\n\n<hr class=\"wp-block-separator has-alpha-channel-opacity\"\/>\n\n\n\n<p>Pi\u015bmiennictwo<\/p>\n\n\n\n<ol class=\"wp-block-list\">\n<li>Naskalski J.W., B. Solnica, Dembi\u0144ska-Kie\u0107; Diagnostyka laboratoryjna z elementami biochemii klinicznej Esteri Edra Urban &amp; Partner Warszawa 2017,<\/li>\n\n\n\n<li>Gertig H., Przys\u0142awski J., Bromatologia. Zarys nauki o \u017cywno\u015bci i \u017cywieniu. Wydawnictwo Lekarskie PZWL, Warszawa 2015.<\/li>\n\n\n\n<li>Kokot F. Zaburzenia gospodarki wodno-elektrolitowej i kwasowo-zasadowej. Wydawnictwo Lekarskie PZWL, Warszawa 2001.<\/li>\n<\/ol>\n","protected":false},"excerpt":{"rendered":"<p>Jakie s\u0105 najcz\u0119stsze zaburzenia gospodarki magnezowej i jakie badania umo\u017cliwiaj\u0105 ich zdiagnozowanie?<\/p>\n","protected":false},"author":102,"featured_media":7869,"comment_status":"closed","ping_status":"open","sticky":false,"template":"","format":"standard","meta":{"_acf_changed":false,"inline_featured_image":false,"footnotes":""},"categories":[17],"tags":[],"coauthors":[134],"class_list":{"0":"post-7839","1":"post","2":"type-post","3":"status-publish","4":"format-standard","5":"has-post-thumbnail","7":"category-dieta"},"acf":[],"yoast_head":"<!-- This site is optimized with the Yoast SEO plugin v27.5 - https:\/\/yoast.com\/product\/yoast-seo-wordpress\/ -->\n<title>Diagnostyka zaburze\u0144 magnezowych - ALAB Laboratoria<\/title>\n<meta name=\"description\" content=\"Poznaj przyczyny, objawy i metody diagnozy hipomagnezemii i hipermagnezemii. Dowiedz si\u0119 w Centrum Wiedzy ALAB Laboratoria.\" \/>\n<meta name=\"robots\" content=\"index, follow, max-snippet:-1, max-image-preview:large, max-video-preview:-1\" \/>\n<link rel=\"canonical\" href=\"https:\/\/www.alab.pl\/centrum-wiedzy\/diagnostyka-zaburzen-gospodarki-magnezowej-w-organizmie\/\" \/>\n<meta property=\"og:locale\" content=\"pl_PL\" \/>\n<meta property=\"og:type\" content=\"article\" \/>\n<meta property=\"og:title\" content=\"Diagnostyka zaburze\u0144 magnezowych - ALAB Laboratoria\" \/>\n<meta property=\"og:description\" content=\"Poznaj przyczyny, objawy i metody diagnozy hipomagnezemii i hipermagnezemii. Dowiedz si\u0119 w Centrum Wiedzy ALAB Laboratoria.\" \/>\n<meta property=\"og:url\" content=\"https:\/\/www.alab.pl\/centrum-wiedzy\/diagnostyka-zaburzen-gospodarki-magnezowej-w-organizmie\/\" \/>\n<meta property=\"og:site_name\" content=\"Centrum Wiedzy ALAB laboratoria\" \/>\n<meta property=\"article:publisher\" content=\"https:\/\/www.facebook.com\/ALABlaboratoria\" \/>\n<meta property=\"article:author\" content=\"https:\/\/www.facebook.com\/agatastrukow\/\" \/>\n<meta property=\"article:published_time\" content=\"2023-08-02T10:38:02+00:00\" \/>\n<meta property=\"og:image\" content=\"https:\/\/www.alab.pl\/centrum-wiedzy\/wp-content\/uploads\/2023\/07\/magnez-1-jpg.webp\" \/>\n\t<meta property=\"og:image:width\" content=\"1200\" \/>\n\t<meta property=\"og:image:height\" content=\"801\" \/>\n\t<meta property=\"og:image:type\" content=\"image\/webp\" \/>\n<meta name=\"author\" content=\"Agata Strukow\" \/>\n<meta name=\"twitter:card\" content=\"summary_large_image\" \/>\n<meta name=\"twitter:label1\" content=\"Napisane przez\" \/>\n\t<meta name=\"twitter:data1\" content=\"Agata Strukow\" \/>\n\t<meta name=\"twitter:label2\" content=\"Szacowany czas czytania\" \/>\n\t<meta name=\"twitter:data2\" content=\"5 minut\" \/>\n\t<meta name=\"twitter:label3\" content=\"Written by\" \/>\n\t<meta name=\"twitter:data3\" content=\"Agata Strukow\" \/>\n<!-- \/ Yoast SEO plugin. -->","yoast_head_json":{"title":"Diagnostyka zaburze\u0144 magnezowych - ALAB Laboratoria","description":"Poznaj przyczyny, objawy i metody diagnozy hipomagnezemii i hipermagnezemii. Dowiedz si\u0119 w Centrum Wiedzy ALAB Laboratoria.","robots":{"index":"index","follow":"follow","max-snippet":"max-snippet:-1","max-image-preview":"max-image-preview:large","max-video-preview":"max-video-preview:-1"},"canonical":"https:\/\/www.alab.pl\/centrum-wiedzy\/diagnostyka-zaburzen-gospodarki-magnezowej-w-organizmie\/","og_locale":"pl_PL","og_type":"article","og_title":"Diagnostyka zaburze\u0144 magnezowych - ALAB Laboratoria","og_description":"Poznaj przyczyny, objawy i metody diagnozy hipomagnezemii i hipermagnezemii. Dowiedz si\u0119 w Centrum Wiedzy ALAB Laboratoria.","og_url":"https:\/\/www.alab.pl\/centrum-wiedzy\/diagnostyka-zaburzen-gospodarki-magnezowej-w-organizmie\/","og_site_name":"Centrum Wiedzy ALAB laboratoria","article_publisher":"https:\/\/www.facebook.com\/ALABlaboratoria","article_author":"https:\/\/www.facebook.com\/agatastrukow\/","article_published_time":"2023-08-02T10:38:02+00:00","og_image":[{"width":1200,"height":801,"url":"https:\/\/www.alab.pl\/centrum-wiedzy\/wp-content\/uploads\/2023\/07\/magnez-1-jpg.webp","type":"image\/webp"}],"author":"Agata Strukow","twitter_card":"summary_large_image","twitter_misc":{"Napisane przez":"Agata Strukow","Szacowany czas czytania":"5 minut","Written by":"Agata Strukow"},"schema":{"@context":"https:\/\/schema.org","@graph":[{"@type":"Article","@id":"https:\/\/www.alab.pl\/centrum-wiedzy\/diagnostyka-zaburzen-gospodarki-magnezowej-w-organizmie\/#article","isPartOf":{"@id":"https:\/\/www.alab.pl\/centrum-wiedzy\/diagnostyka-zaburzen-gospodarki-magnezowej-w-organizmie\/"},"author":{"name":"Agata Strukow","@id":"https:\/\/www.alab.pl\/centrum-wiedzy\/#\/schema\/person\/4c4346aaa370a9ca773ee865bfbec588"},"headline":"Diagnostyka zaburze\u0144 gospodarki magnezowej w organizmie","datePublished":"2023-08-02T10:38:02+00:00","mainEntityOfPage":{"@id":"https:\/\/www.alab.pl\/centrum-wiedzy\/diagnostyka-zaburzen-gospodarki-magnezowej-w-organizmie\/"},"wordCount":768,"publisher":{"@id":"https:\/\/www.alab.pl\/centrum-wiedzy\/#organization"},"image":{"@id":"https:\/\/www.alab.pl\/centrum-wiedzy\/diagnostyka-zaburzen-gospodarki-magnezowej-w-organizmie\/#primaryimage"},"thumbnailUrl":"https:\/\/www.alab.pl\/centrum-wiedzy\/wp-content\/uploads\/2023\/07\/magnez-1-jpg.webp","articleSection":["Dieta i suplementacja"],"inLanguage":"pl-PL"},{"@type":"WebPage","@id":"https:\/\/www.alab.pl\/centrum-wiedzy\/diagnostyka-zaburzen-gospodarki-magnezowej-w-organizmie\/","url":"https:\/\/www.alab.pl\/centrum-wiedzy\/diagnostyka-zaburzen-gospodarki-magnezowej-w-organizmie\/","name":"Diagnostyka zaburze\u0144 magnezowych - ALAB Laboratoria","isPartOf":{"@id":"https:\/\/www.alab.pl\/centrum-wiedzy\/#website"},"primaryImageOfPage":{"@id":"https:\/\/www.alab.pl\/centrum-wiedzy\/diagnostyka-zaburzen-gospodarki-magnezowej-w-organizmie\/#primaryimage"},"image":{"@id":"https:\/\/www.alab.pl\/centrum-wiedzy\/diagnostyka-zaburzen-gospodarki-magnezowej-w-organizmie\/#primaryimage"},"thumbnailUrl":"https:\/\/www.alab.pl\/centrum-wiedzy\/wp-content\/uploads\/2023\/07\/magnez-1-jpg.webp","datePublished":"2023-08-02T10:38:02+00:00","description":"Poznaj przyczyny, objawy i metody diagnozy hipomagnezemii i hipermagnezemii. Dowiedz si\u0119 w Centrum Wiedzy ALAB Laboratoria.","breadcrumb":{"@id":"https:\/\/www.alab.pl\/centrum-wiedzy\/diagnostyka-zaburzen-gospodarki-magnezowej-w-organizmie\/#breadcrumb"},"inLanguage":"pl-PL","potentialAction":[{"@type":"ReadAction","target":["https:\/\/www.alab.pl\/centrum-wiedzy\/diagnostyka-zaburzen-gospodarki-magnezowej-w-organizmie\/"]}]},{"@type":"ImageObject","inLanguage":"pl-PL","@id":"https:\/\/www.alab.pl\/centrum-wiedzy\/diagnostyka-zaburzen-gospodarki-magnezowej-w-organizmie\/#primaryimage","url":"https:\/\/www.alab.pl\/centrum-wiedzy\/wp-content\/uploads\/2023\/07\/magnez-1-jpg.webp","contentUrl":"https:\/\/www.alab.pl\/centrum-wiedzy\/wp-content\/uploads\/2023\/07\/magnez-1-jpg.webp","width":1200,"height":801,"caption":"gospodarka magnezowa"},{"@type":"BreadcrumbList","@id":"https:\/\/www.alab.pl\/centrum-wiedzy\/diagnostyka-zaburzen-gospodarki-magnezowej-w-organizmie\/#breadcrumb","itemListElement":[{"@type":"ListItem","position":1,"name":"Strona g\u0142\u00f3wna","item":"https:\/\/www.alab.pl\/centrum-wiedzy\/"},{"@type":"ListItem","position":2,"name":"Diagnostyka zaburze\u0144 gospodarki magnezowej w organizmie"}]},{"@type":"WebSite","@id":"https:\/\/www.alab.pl\/centrum-wiedzy\/#website","url":"https:\/\/www.alab.pl\/centrum-wiedzy\/","name":"Centrum Wiedzy ALAB laboratoria","description":"","publisher":{"@id":"https:\/\/www.alab.pl\/centrum-wiedzy\/#organization"},"potentialAction":[{"@type":"SearchAction","target":{"@type":"EntryPoint","urlTemplate":"https:\/\/www.alab.pl\/centrum-wiedzy\/?s={search_term_string}"},"query-input":{"@type":"PropertyValueSpecification","valueRequired":true,"valueName":"search_term_string"}}],"inLanguage":"pl-PL"},{"@type":"Organization","@id":"https:\/\/www.alab.pl\/centrum-wiedzy\/#organization","name":"Centrum Wiedzy ALAB laboratoria","url":"https:\/\/www.alab.pl\/centrum-wiedzy\/","logo":{"@type":"ImageObject","inLanguage":"pl-PL","@id":"https:\/\/www.alab.pl\/centrum-wiedzy\/#\/schema\/logo\/image\/","url":"https:\/\/www.alab.pl\/centrum-wiedzy\/wp-content\/uploads\/2022\/04\/alabek.jpg","contentUrl":"https:\/\/www.alab.pl\/centrum-wiedzy\/wp-content\/uploads\/2022\/04\/alabek.jpg","width":1250,"height":1251,"caption":"Centrum Wiedzy ALAB laboratoria"},"image":{"@id":"https:\/\/www.alab.pl\/centrum-wiedzy\/#\/schema\/logo\/image\/"},"sameAs":["https:\/\/www.facebook.com\/ALABlaboratoria"]},{"@type":"Person","@id":"https:\/\/www.alab.pl\/centrum-wiedzy\/#\/schema\/person\/4c4346aaa370a9ca773ee865bfbec588","name":"Agata Strukow","image":{"@type":"ImageObject","inLanguage":"pl-PL","@id":"https:\/\/www.alab.pl\/centrum-wiedzy\/wp-content\/uploads\/2022\/04\/Agata-Strukow-150x150.jpgcb933d2055e86ab33ade5d5259364a59","url":"https:\/\/www.alab.pl\/centrum-wiedzy\/wp-content\/uploads\/2022\/04\/Agata-Strukow-150x150.jpg","contentUrl":"https:\/\/www.alab.pl\/centrum-wiedzy\/wp-content\/uploads\/2022\/04\/Agata-Strukow-150x150.jpg","caption":"Agata Strukow"},"description":"Absolwentka Wydzia\u0142u Lekarskiego Pomorskiej Akademii Medycznej oraz studi\u00f3w podyplomowych Dietetyka w chorobach wewn\u0119trznych i metabolicznych Warszawskiego Uniwersytetu Medycznego i Psychologii biznesu dla mened\u017cer\u00f3w na Akademii Leona Ko\u017ami\u0144skiego. Nauczycielka jogi kundalini i jogi hormonalnej.","sameAs":["https:\/\/www.facebook.com\/agatastrukow\/","https:\/\/www.instagram.com\/strukowagata\/","https:\/\/pl.linkedin.com\/in\/agata-strukow-7b87205"],"url":"https:\/\/www.alab.pl\/centrum-wiedzy\/author\/agata\/"}]}},"_links":{"self":[{"href":"https:\/\/www.alab.pl\/centrum-wiedzy\/wp-json\/wp\/v2\/posts\/7839","targetHints":{"allow":["GET"]}}],"collection":[{"href":"https:\/\/www.alab.pl\/centrum-wiedzy\/wp-json\/wp\/v2\/posts"}],"about":[{"href":"https:\/\/www.alab.pl\/centrum-wiedzy\/wp-json\/wp\/v2\/types\/post"}],"author":[{"embeddable":true,"href":"https:\/\/www.alab.pl\/centrum-wiedzy\/wp-json\/wp\/v2\/users\/102"}],"replies":[{"embeddable":true,"href":"https:\/\/www.alab.pl\/centrum-wiedzy\/wp-json\/wp\/v2\/comments?post=7839"}],"version-history":[{"count":0,"href":"https:\/\/www.alab.pl\/centrum-wiedzy\/wp-json\/wp\/v2\/posts\/7839\/revisions"}],"wp:featuredmedia":[{"embeddable":true,"href":"https:\/\/www.alab.pl\/centrum-wiedzy\/wp-json\/wp\/v2\/media\/7869"}],"wp:attachment":[{"href":"https:\/\/www.alab.pl\/centrum-wiedzy\/wp-json\/wp\/v2\/media?parent=7839"}],"wp:term":[{"taxonomy":"category","embeddable":true,"href":"https:\/\/www.alab.pl\/centrum-wiedzy\/wp-json\/wp\/v2\/categories?post=7839"},{"taxonomy":"post_tag","embeddable":true,"href":"https:\/\/www.alab.pl\/centrum-wiedzy\/wp-json\/wp\/v2\/tags?post=7839"},{"taxonomy":"author","embeddable":true,"href":"https:\/\/www.alab.pl\/centrum-wiedzy\/wp-json\/wp\/v2\/coauthors?post=7839"}],"curies":[{"name":"wp","href":"https:\/\/api.w.org\/{rel}","templated":true}]}}