{"id":786,"date":"2020-10-15T23:14:34","date_gmt":"2020-10-15T21:14:34","guid":{"rendered":"https:\/\/sklep.alablaboratoria.pl\/centrum-wiedzy\/centrum-wiedzy\/?p=786"},"modified":"2025-12-12T12:45:25","modified_gmt":"2025-12-12T11:45:25","slug":"selen","status":"publish","type":"post","link":"https:\/\/www.alab.pl\/centrum-wiedzy\/selen\/","title":{"rendered":"Selen &#8211; pierwiastek o dw\u00f3ch obliczach"},"content":{"rendered":"\n<p><strong>Do czego potrzebny nam selen i dlaczego przed rozpocz\u0119ciem suplementacji tego pierwiastka powinno si\u0119 wykona\u0107 badanie jego poziomu w organizmie?<\/strong><\/p>\n\n\n\n<p>Suplementy diety stosujemy w przekonaniu, \u017ce nam pomog\u0105. Jak pokazuj\u0105 badania, wi\u0119kszo\u015b\u0107 suplement\u00f3w ani nie pomaga, ani nie szkodzi, jednak zdarzaj\u0105 si\u0119 takie, kt\u00f3re mog\u0105 by\u0107 niebezpieczne. Jednym z nich jest w\u0142a\u015bnie selen. Zatem co robi\u0107, je\u015bli liczne doniesienia w internecie przekonuj\u0105 nas, i\u017c musimy go suplementowa\u0107? Po pierwsze, nie ulega\u0107 przypadkowym informacjom publikowanym w internecie, po drugie zapraszamy do przeczytania artyku\u0142u.<\/p>\n\n\n\n<h2 class=\"wp-block-heading\">Do czego jest nam potrzebny selen?<\/h2>\n\n\n\n<p><strong>Selen jest bardzo wa\u017cnym i niezb\u0119dnym mikroelementem. <\/strong>Stymuluje uk\u0142ad odporno\u015bciowy, a jako antyoksydant chroni nas przed dzia\u0142aniem wolnych rodnik\u00f3w. Jest niezb\u0119dny do prawid\u0142owej syntezy, aktywacji i metabolizmu hormon\u00f3w <a href=\"https:\/\/www.alab.pl\/centrum-wiedzy\/choroby-tarczycy-i-ich-diagnostyka\/\">tarczycy<\/a>. Obserwuje si\u0119 r\u00f3wnie\u017c korelacj\u0119 pomi\u0119dzy st\u0119\u017ceniem selenu, a ryzykiem zachorowania na niekt\u00f3re nowotwory, czy rozwojem choroby niedokrwiennej serca. O jego prawid\u0142owy poziom powinny r\u00f3wnie\u017c zadba\u0107 osoby staraj\u0105ce si\u0119 o dziecko. Selen \u2013 b\u0119d\u0105c jednym z wa\u017cniejszych graczy odpowiedzialnych za prawid\u0142ow\u0105 odporno\u015b\u0107 oraz dzia\u0142anie tarczycy \u2013 <strong>ma wp\u0142yw na dobrostan ca\u0142ego organizmu<\/strong>, co na pewno jest warunkiem sprzyjaj\u0105cym zaj\u015bciu w ci\u0105\u017c\u0119. Wiadomo r\u00f3wnie\u017c, i\u017c jego odpowiedni poziom wp\u0142ywa na jako\u015b\u0107 nasienia i ruchliwo\u015b\u0107 plemnik\u00f3w. Dlatego selen staje si\u0119 jednym z bardziej popularnych preparat\u00f3w wspomagaj\u0105cych p\u0142odno\u015b\u0107 u m\u0119\u017cczyzn kupowanych w aptece.<\/p>\n\n\n\n<h2 class=\"wp-block-heading\">Czy selen mo\u017ce by\u0107 toksyczny?<\/h2>\n\n\n\n<p>Tak, do pewnego stopnia jest to s\u0142uszne, poniewa\u017c nasza codzienna dieta rzeczywi\u015bcie mo\u017ce nie dostarcza\u0107 odpowiednich dawek tego pierwiastka. <strong>Jednak aby suplementacja by\u0142a efektywna i bezpieczna, powinno si\u0119 zacz\u0105\u0107 od wyj\u015bciowego badania poziomu selenu w surowicy. <\/strong>Dlaczego? Ot\u00f3\u017c selen jest mikroelementem, kt\u00f3ry ma niewielkie wide\u0142ki pomi\u0119dzy dawk\u0105 zalecan\u0105 i toksyczn\u0105. Powoduje to, i\u017c korzystne i niekorzystne skutki dzia\u0142ania selenu mog\u0105 si\u0119 nak\u0142ada\u0107. Ponadto, je\u015bli nasz wyj\u015bciowy poziom selenu jest niski, standardowa dawka suplementacyjna nie wystarczy, aby odbudowa\u0107 jego magazyny i zapewni\u0107 w\u0142a\u015bciwe dzia\u0142anie. Z drugiej strony <strong>nadmiar selenu jest szkodliwy dla zdrowia<\/strong>. Nasz organizm nie umie sobie radzi\u0107 z tym nadmiarem i mo\u017cemy obserwowa\u0107 objawy zatrucia selenem \u2013 selenozy. Jakie to mog\u0105 by\u0107 objawy?<\/p>\n\n\n\n<ul class=\"wp-block-list\">\n<li>objawy ze strony przewodu pokarmowego: <a href=\"https:\/\/www.alab.pl\/centrum-wiedzy\/biegunka-podroznych\/\">biegunki<\/a>, md\u0142o\u015bci, czosnkowy oddech, zm\u0119czenie, apatia<\/li>\n\n\n\n<li>wypadanie w\u0142os\u00f3w, \u0142ysienie (zamiana siarki na selen w keratynie)<\/li>\n\n\n\n<li>krucho\u015b\u0107, \u0142amliwo\u015b\u0107 oraz odbarwienia paznokci<\/li>\n\n\n\n<li>b\u00f3le staw\u00f3w<\/li>\n\n\n\n<li>nadmiar selenu mo\u017ce r\u00f3wnie\u017c przyczynia\u0107 si\u0119 do rozwoju <a href=\"https:\/\/www.alab.pl\/centrum-wiedzy\/cukrzyca\/\">cukrzycy<\/a> typu 2<\/li>\n<\/ul>\n\n\n\n<h2 class=\"wp-block-heading\">Jak bezpiecznie suplementowa\u0107 selen?<\/h2>\n\n\n\n<p><strong>Bardzo wa\u017cne jest, aby w odpowiedni spos\u00f3b przygotowa\u0107 si\u0119 do suplementacji, zw\u0142aszcza je\u015bli mia\u0142aby by\u0107 d\u0142ugotrwa\u0142a. <\/strong>Powinni\u015bmy rozpocz\u0105\u0107 od zbadania wyj\u015bciowego poziomu selenu, a po trzech miesi\u0105cach wykona\u0107 badanie kontrolne.<\/p>\n\n\n\n<figure class=\"wp-block-image size-full\"><a href=\"https:\/\/www.alab.pl\/badanie\/selen-o31\" target=\"_blank\" rel=\"noopener\"><img loading=\"lazy\" decoding=\"async\" width=\"800\" height=\"200\" src=\"https:\/\/www.alab.pl\/centrum-wiedzy\/wp-content\/uploads\/2025\/12\/Badanie-selenu.jpg\" alt=\"Badanie selenu banerek\" class=\"wp-image-28478\" srcset=\"https:\/\/www.alab.pl\/centrum-wiedzy\/wp-content\/uploads\/2025\/12\/Badanie-selenu.jpg 800w, https:\/\/www.alab.pl\/centrum-wiedzy\/wp-content\/uploads\/2025\/12\/Badanie-selenu-768x192.jpg 768w, https:\/\/www.alab.pl\/centrum-wiedzy\/wp-content\/uploads\/2025\/12\/Badanie-selenu-150x38.jpg 150w, https:\/\/www.alab.pl\/centrum-wiedzy\/wp-content\/uploads\/2025\/12\/Badanie-selenu-300x75.jpg 300w, https:\/\/www.alab.pl\/centrum-wiedzy\/wp-content\/uploads\/2025\/12\/Badanie-selenu-696x174.jpg 696w\" sizes=\"auto, (max-width: 800px) 100vw, 800px\" \/><\/a><\/figure>\n\n\n\n<p><br>W jakim materiale mo\u017cemy zbada\u0107 selen? Po pierwsze krew \u2013 a w\u0142a\u015bciwie surowica. Jego poziom w surowicy jest dobrym wska\u017anikiem zawarto\u015bci tego pierwiastka w organizmie, a warto\u015bci referencyjne dostosowane s\u0105 do wieku pacjenta. W ALAB laboratoria prawid\u0142owy poziom selenu w surowicy przedstawia si\u0119 nast\u0119puj\u0105co:<\/p>\n\n\n<div class=\"wp-block-image\">\n<figure class=\"aligncenter size-full is-resized\"><img loading=\"lazy\" decoding=\"async\" width=\"700\" height=\"503\" src=\"https:\/\/www.alab.pl\/centrum-wiedzy\/wp-content\/uploads\/2022\/07\/selen-we-krwi-wartosci-referencyjne.jpg\" alt=\"prawid\u0142owy poziom selenu we krwi - warto\u015bci referencyjne\" class=\"wp-image-4504\" style=\"width:525px;height:377px\" srcset=\"https:\/\/www.alab.pl\/centrum-wiedzy\/wp-content\/uploads\/2022\/07\/selen-we-krwi-wartosci-referencyjne.jpg 700w, https:\/\/www.alab.pl\/centrum-wiedzy\/wp-content\/uploads\/2022\/07\/selen-we-krwi-wartosci-referencyjne-150x108.jpg 150w, https:\/\/www.alab.pl\/centrum-wiedzy\/wp-content\/uploads\/2022\/07\/selen-we-krwi-wartosci-referencyjne-300x216.jpg 300w, https:\/\/www.alab.pl\/centrum-wiedzy\/wp-content\/uploads\/2022\/07\/selen-we-krwi-wartosci-referencyjne-696x500.jpg 696w\" sizes=\"auto, (max-width: 700px) 100vw, 700px\" \/><\/figure><\/div>\n\n\n<p>Innym materia\u0142em, w kt\u00f3rym mo\u017cna zbada\u0107 poziom selenu, jest mocz. Jest u\u017cyteczny przy ocenie poda\u017cy selenu w diecie, zw\u0142aszcza z ostatnich 24 godzin. I wreszcie w\u0142osy, kt\u00f3re r\u00f3wnie\u017c s\u0105 dobrym \u017ar\u00f3d\u0142em informacji o zawarto\u015bci tego pierwiastka w organizmie. Jednak oznaczenia z w\u0142os\u00f3w maj\u0105 pewne ograniczenia \u2013 w\u0142osy nie mog\u0105 by\u0107 farbowane. Ponadto pami\u0119tajmy, \u017ce niekt\u00f3re szampony i od\u017cywki, np. przeciw\u0142upie\u017cowe, mog\u0105 zawiera\u0107 selen, co fa\u0142szuje wyniki oznaczenia.<\/p>\n\n\n\n<h2 class=\"wp-block-heading\">Czy zawsze obserwujemy niedobory selenu?<\/h2>\n\n\n\n<p>Na koniec informacja z naszego laboratorium. Przyzwyczajeni jeste\u015bmy do informacji, \u017ce w naszym kraju obserwujemy niedob\u00f3r selenu. Jednak niekontrolowana suplementacja coraz cz\u0119\u015bciej skutkuje przekroczeniem warto\u015bci referencyjnych. Analiza oznacze\u0144 wykonanych w ALAB w ubieg\u0142ym roku pokazuje, i\u017c a\u017c 16% wynik\u00f3w jest powy\u017cej warto\u015bci referencyjnych. Najni\u017cszy oznaczony w tym roku poziom wyni\u00f3s\u0142 37 mcg\/L, a najwy\u017cszy 1 860 mcg\/L, czyli by\u0142 15,5 razy wy\u017cszy od g\u00f3rnej granicy zakresu referencyjnego!<\/p>\n\n\n\n<p><a href=\"https:\/\/www.alab.pl\/badanie\/selen-o31\" target=\"_blank\" rel=\"noreferrer noopener\"><strong>Badanie poziomu selenu w surowicy mo\u017cesz wykona\u0107 w ALAB laboratoria<\/strong><\/a><\/p>\n","protected":false},"excerpt":{"rendered":"<p>Do czego potrzebny nam selen i dlaczego przed rozpocz\u0119ciem suplementacji selenu powinno si\u0119 zbada\u0107 jego poziom w organizmie?<\/p>\n","protected":false},"author":102,"featured_media":4498,"comment_status":"closed","ping_status":"open","sticky":false,"template":"","format":"standard","meta":{"_acf_changed":false,"inline_featured_image":false,"footnotes":""},"categories":[16,17],"tags":[38],"coauthors":[134],"class_list":{"0":"post-786","1":"post","2":"type-post","3":"status-publish","4":"format-standard","5":"has-post-thumbnail","7":"category-diagnostyka-chorob-tarczycy","8":"category-dieta","9":"tag-suplementy-diety"},"acf":[],"yoast_head":"<!-- This site is optimized with the Yoast SEO plugin v27.5 - https:\/\/yoast.com\/product\/yoast-seo-wordpress\/ -->\n<title>Selen - jak\u0105 rol\u0119 pe\u0142ni w organizmie? Objawy nadmiaru selenu<\/title>\n<meta name=\"description\" content=\"Jak wa\u017cny dla organizmu jest selen? Z jakiej diety go czerpa\u0107 i czym objawia si\u0119 niedob\u00f3r selenu? Tego dowiesz si\u0119 z Centrum Wiedzy ALAB laboratoria.\" \/>\n<meta name=\"robots\" content=\"index, follow, max-snippet:-1, max-image-preview:large, max-video-preview:-1\" \/>\n<link rel=\"canonical\" href=\"https:\/\/www.alab.pl\/centrum-wiedzy\/selen\/\" \/>\n<meta property=\"og:locale\" content=\"pl_PL\" \/>\n<meta property=\"og:type\" content=\"article\" \/>\n<meta property=\"og:title\" content=\"Selen - jak\u0105 rol\u0119 pe\u0142ni w organizmie? Objawy nadmiaru selenu\" \/>\n<meta property=\"og:description\" content=\"Jak wa\u017cny dla organizmu jest selen? Z jakiej diety go czerpa\u0107 i czym objawia si\u0119 niedob\u00f3r selenu? Tego dowiesz si\u0119 z Centrum Wiedzy ALAB laboratoria.\" \/>\n<meta property=\"og:url\" content=\"https:\/\/www.alab.pl\/centrum-wiedzy\/selen\/\" \/>\n<meta property=\"og:site_name\" content=\"Centrum Wiedzy ALAB laboratoria\" \/>\n<meta property=\"article:publisher\" content=\"https:\/\/www.facebook.com\/ALABlaboratoria\" \/>\n<meta property=\"article:author\" content=\"https:\/\/www.facebook.com\/agatastrukow\/\" \/>\n<meta property=\"article:published_time\" content=\"2020-10-15T21:14:34+00:00\" \/>\n<meta property=\"article:modified_time\" content=\"2025-12-12T11:45:25+00:00\" \/>\n<meta property=\"og:image\" content=\"https:\/\/www.alab.pl\/centrum-wiedzy\/wp-content\/uploads\/2020\/10\/selen-1.jpg\" \/>\n\t<meta property=\"og:image:width\" content=\"1100\" \/>\n\t<meta property=\"og:image:height\" content=\"734\" \/>\n\t<meta property=\"og:image:type\" content=\"image\/jpeg\" \/>\n<meta name=\"author\" content=\"Agata Strukow\" \/>\n<meta name=\"twitter:card\" content=\"summary_large_image\" \/>\n<meta name=\"twitter:label1\" content=\"Napisane przez\" \/>\n\t<meta name=\"twitter:data1\" content=\"Agata Strukow\" \/>\n\t<meta name=\"twitter:label2\" content=\"Szacowany czas czytania\" \/>\n\t<meta name=\"twitter:data2\" content=\"5 minut\" \/>\n\t<meta name=\"twitter:label3\" content=\"Written by\" \/>\n\t<meta name=\"twitter:data3\" content=\"Agata Strukow\" \/>\n<!-- \/ Yoast SEO plugin. -->","yoast_head_json":{"title":"Selen - jak\u0105 rol\u0119 pe\u0142ni w organizmie? Objawy nadmiaru selenu","description":"Jak wa\u017cny dla organizmu jest selen? Z jakiej diety go czerpa\u0107 i czym objawia si\u0119 niedob\u00f3r selenu? Tego dowiesz si\u0119 z Centrum Wiedzy ALAB laboratoria.","robots":{"index":"index","follow":"follow","max-snippet":"max-snippet:-1","max-image-preview":"max-image-preview:large","max-video-preview":"max-video-preview:-1"},"canonical":"https:\/\/www.alab.pl\/centrum-wiedzy\/selen\/","og_locale":"pl_PL","og_type":"article","og_title":"Selen - jak\u0105 rol\u0119 pe\u0142ni w organizmie? Objawy nadmiaru selenu","og_description":"Jak wa\u017cny dla organizmu jest selen? Z jakiej diety go czerpa\u0107 i czym objawia si\u0119 niedob\u00f3r selenu? Tego dowiesz si\u0119 z Centrum Wiedzy ALAB laboratoria.","og_url":"https:\/\/www.alab.pl\/centrum-wiedzy\/selen\/","og_site_name":"Centrum Wiedzy ALAB laboratoria","article_publisher":"https:\/\/www.facebook.com\/ALABlaboratoria","article_author":"https:\/\/www.facebook.com\/agatastrukow\/","article_published_time":"2020-10-15T21:14:34+00:00","article_modified_time":"2025-12-12T11:45:25+00:00","og_image":[{"width":1100,"height":734,"url":"https:\/\/www.alab.pl\/centrum-wiedzy\/wp-content\/uploads\/2020\/10\/selen-1.jpg","type":"image\/jpeg"}],"author":"Agata Strukow","twitter_card":"summary_large_image","twitter_misc":{"Napisane przez":"Agata Strukow","Szacowany czas czytania":"5 minut","Written by":"Agata Strukow"},"schema":{"@context":"https:\/\/schema.org","@graph":[{"@type":"Article","@id":"https:\/\/www.alab.pl\/centrum-wiedzy\/selen\/#article","isPartOf":{"@id":"https:\/\/www.alab.pl\/centrum-wiedzy\/selen\/"},"author":{"name":"Agata Strukow","@id":"https:\/\/www.alab.pl\/centrum-wiedzy\/#\/schema\/person\/4c4346aaa370a9ca773ee865bfbec588"},"headline":"Selen &#8211; pierwiastek o dw\u00f3ch obliczach","datePublished":"2020-10-15T21:14:34+00:00","dateModified":"2025-12-12T11:45:25+00:00","mainEntityOfPage":{"@id":"https:\/\/www.alab.pl\/centrum-wiedzy\/selen\/"},"wordCount":707,"publisher":{"@id":"https:\/\/www.alab.pl\/centrum-wiedzy\/#organization"},"image":{"@id":"https:\/\/www.alab.pl\/centrum-wiedzy\/selen\/#primaryimage"},"thumbnailUrl":"https:\/\/www.alab.pl\/centrum-wiedzy\/wp-content\/uploads\/2020\/10\/selen-1.jpg","keywords":["suplementy diety"],"articleSection":["Diagnostyka chor\u00f3b tarczycy","Dieta i suplementacja"],"inLanguage":"pl-PL"},{"@type":"WebPage","@id":"https:\/\/www.alab.pl\/centrum-wiedzy\/selen\/","url":"https:\/\/www.alab.pl\/centrum-wiedzy\/selen\/","name":"Selen - jak\u0105 rol\u0119 pe\u0142ni w organizmie? Objawy nadmiaru selenu","isPartOf":{"@id":"https:\/\/www.alab.pl\/centrum-wiedzy\/#website"},"primaryImageOfPage":{"@id":"https:\/\/www.alab.pl\/centrum-wiedzy\/selen\/#primaryimage"},"image":{"@id":"https:\/\/www.alab.pl\/centrum-wiedzy\/selen\/#primaryimage"},"thumbnailUrl":"https:\/\/www.alab.pl\/centrum-wiedzy\/wp-content\/uploads\/2020\/10\/selen-1.jpg","datePublished":"2020-10-15T21:14:34+00:00","dateModified":"2025-12-12T11:45:25+00:00","description":"Jak wa\u017cny dla organizmu jest selen? Z jakiej diety go czerpa\u0107 i czym objawia si\u0119 niedob\u00f3r selenu? Tego dowiesz si\u0119 z Centrum Wiedzy ALAB laboratoria.","breadcrumb":{"@id":"https:\/\/www.alab.pl\/centrum-wiedzy\/selen\/#breadcrumb"},"inLanguage":"pl-PL","potentialAction":[{"@type":"ReadAction","target":["https:\/\/www.alab.pl\/centrum-wiedzy\/selen\/"]}]},{"@type":"ImageObject","inLanguage":"pl-PL","@id":"https:\/\/www.alab.pl\/centrum-wiedzy\/selen\/#primaryimage","url":"https:\/\/www.alab.pl\/centrum-wiedzy\/wp-content\/uploads\/2020\/10\/selen-1.jpg","contentUrl":"https:\/\/www.alab.pl\/centrum-wiedzy\/wp-content\/uploads\/2020\/10\/selen-1.jpg","width":1100,"height":734,"caption":"selen \u017ar\u00f3d\u0142a selenu w diecie"},{"@type":"BreadcrumbList","@id":"https:\/\/www.alab.pl\/centrum-wiedzy\/selen\/#breadcrumb","itemListElement":[{"@type":"ListItem","position":1,"name":"Strona g\u0142\u00f3wna","item":"https:\/\/www.alab.pl\/centrum-wiedzy\/"},{"@type":"ListItem","position":2,"name":"Selen &#8211; pierwiastek o dw\u00f3ch obliczach"}]},{"@type":"WebSite","@id":"https:\/\/www.alab.pl\/centrum-wiedzy\/#website","url":"https:\/\/www.alab.pl\/centrum-wiedzy\/","name":"Centrum Wiedzy ALAB laboratoria","description":"","publisher":{"@id":"https:\/\/www.alab.pl\/centrum-wiedzy\/#organization"},"potentialAction":[{"@type":"SearchAction","target":{"@type":"EntryPoint","urlTemplate":"https:\/\/www.alab.pl\/centrum-wiedzy\/?s={search_term_string}"},"query-input":{"@type":"PropertyValueSpecification","valueRequired":true,"valueName":"search_term_string"}}],"inLanguage":"pl-PL"},{"@type":"Organization","@id":"https:\/\/www.alab.pl\/centrum-wiedzy\/#organization","name":"Centrum Wiedzy ALAB laboratoria","url":"https:\/\/www.alab.pl\/centrum-wiedzy\/","logo":{"@type":"ImageObject","inLanguage":"pl-PL","@id":"https:\/\/www.alab.pl\/centrum-wiedzy\/#\/schema\/logo\/image\/","url":"https:\/\/www.alab.pl\/centrum-wiedzy\/wp-content\/uploads\/2022\/04\/alabek.jpg","contentUrl":"https:\/\/www.alab.pl\/centrum-wiedzy\/wp-content\/uploads\/2022\/04\/alabek.jpg","width":1250,"height":1251,"caption":"Centrum Wiedzy ALAB laboratoria"},"image":{"@id":"https:\/\/www.alab.pl\/centrum-wiedzy\/#\/schema\/logo\/image\/"},"sameAs":["https:\/\/www.facebook.com\/ALABlaboratoria"]},{"@type":"Person","@id":"https:\/\/www.alab.pl\/centrum-wiedzy\/#\/schema\/person\/4c4346aaa370a9ca773ee865bfbec588","name":"Agata Strukow","image":{"@type":"ImageObject","inLanguage":"pl-PL","@id":"https:\/\/www.alab.pl\/centrum-wiedzy\/wp-content\/uploads\/2022\/04\/Agata-Strukow-150x150.jpgcb933d2055e86ab33ade5d5259364a59","url":"https:\/\/www.alab.pl\/centrum-wiedzy\/wp-content\/uploads\/2022\/04\/Agata-Strukow-150x150.jpg","contentUrl":"https:\/\/www.alab.pl\/centrum-wiedzy\/wp-content\/uploads\/2022\/04\/Agata-Strukow-150x150.jpg","caption":"Agata Strukow"},"description":"Absolwentka Wydzia\u0142u Lekarskiego Pomorskiej Akademii Medycznej oraz studi\u00f3w podyplomowych Dietetyka w chorobach wewn\u0119trznych i metabolicznych Warszawskiego Uniwersytetu Medycznego i Psychologii biznesu dla mened\u017cer\u00f3w na Akademii Leona Ko\u017ami\u0144skiego. Nauczycielka jogi kundalini i jogi hormonalnej.","sameAs":["https:\/\/www.facebook.com\/agatastrukow\/","https:\/\/www.instagram.com\/strukowagata\/","https:\/\/pl.linkedin.com\/in\/agata-strukow-7b87205"],"url":"https:\/\/www.alab.pl\/centrum-wiedzy\/author\/agata\/"}]}},"_links":{"self":[{"href":"https:\/\/www.alab.pl\/centrum-wiedzy\/wp-json\/wp\/v2\/posts\/786","targetHints":{"allow":["GET"]}}],"collection":[{"href":"https:\/\/www.alab.pl\/centrum-wiedzy\/wp-json\/wp\/v2\/posts"}],"about":[{"href":"https:\/\/www.alab.pl\/centrum-wiedzy\/wp-json\/wp\/v2\/types\/post"}],"author":[{"embeddable":true,"href":"https:\/\/www.alab.pl\/centrum-wiedzy\/wp-json\/wp\/v2\/users\/102"}],"replies":[{"embeddable":true,"href":"https:\/\/www.alab.pl\/centrum-wiedzy\/wp-json\/wp\/v2\/comments?post=786"}],"version-history":[{"count":2,"href":"https:\/\/www.alab.pl\/centrum-wiedzy\/wp-json\/wp\/v2\/posts\/786\/revisions"}],"predecessor-version":[{"id":28493,"href":"https:\/\/www.alab.pl\/centrum-wiedzy\/wp-json\/wp\/v2\/posts\/786\/revisions\/28493"}],"wp:featuredmedia":[{"embeddable":true,"href":"https:\/\/www.alab.pl\/centrum-wiedzy\/wp-json\/wp\/v2\/media\/4498"}],"wp:attachment":[{"href":"https:\/\/www.alab.pl\/centrum-wiedzy\/wp-json\/wp\/v2\/media?parent=786"}],"wp:term":[{"taxonomy":"category","embeddable":true,"href":"https:\/\/www.alab.pl\/centrum-wiedzy\/wp-json\/wp\/v2\/categories?post=786"},{"taxonomy":"post_tag","embeddable":true,"href":"https:\/\/www.alab.pl\/centrum-wiedzy\/wp-json\/wp\/v2\/tags?post=786"},{"taxonomy":"author","embeddable":true,"href":"https:\/\/www.alab.pl\/centrum-wiedzy\/wp-json\/wp\/v2\/coauthors?post=786"}],"curies":[{"name":"wp","href":"https:\/\/api.w.org\/{rel}","templated":true}]}}