{"id":8252,"date":"2023-08-31T16:16:18","date_gmt":"2023-08-31T14:16:18","guid":{"rendered":"https:\/\/sklep.alablaboratoria.pl\/centrum-wiedzy\/?p=8252"},"modified":"2023-08-31T16:16:18","modified_gmt":"2023-08-31T14:16:18","slug":"zespol-antyfosfolipidowy-aps","status":"publish","type":"post","link":"https:\/\/www.alab.pl\/centrum-wiedzy\/zespol-antyfosfolipidowy-aps\/","title":{"rendered":"Zesp\u00f3\u0142 antyfosfolipidowy (APS)"},"content":{"rendered":"\n<p>Spis tre\u015bci<\/p>\n\n\n\n<ol class=\"wp-block-list\">\n<li><a href=\"#aps1\">W jaki spos\u00f3b przeciwcia\u0142a antyfosfolipidowe zwi\u0119kszaj\u0105 ryzyko zakrzepicy i niepowodze\u0144 po\u0142o\u017cniczych?<\/a><\/li>\n\n\n\n<li><a href=\"#aps2\">Mechanizmy dzia\u0142ania przeciwcia\u0142 antyfosfolipidowych<\/a><\/li>\n\n\n\n<li><a href=\"#aps3\">Objawy zespo\u0142u antyfosfolipidowego (APS)<\/a><\/li>\n\n\n\n<li><a href=\"#aps4\">Kryteria rozpoznania zespo\u0142u antyfosfolipidowego (APS)<\/a><\/li>\n\n\n\n<li><a href=\"#aps5\">Czynniki ryzyka rozwoju zespo\u0142u antyfosfolipidowego (APS)<\/a><\/li>\n\n\n\n<li><a href=\"#aps6\">Przeciwcia\u0142a antyfosfolipidowe przydatne w diagnostyce zespo\u0142u antyfosfolipidowego (APS), a nie nale\u017c\u0105ce do kryteri\u00f3w rozpoznania (klasyfikacji)<\/a><\/li>\n<\/ol>\n\n\n\n<p><strong>Zesp\u00f3\u0142 antyfosfolipidowy (antiphospholipid syndrome \u2013 APS)<\/strong> to niezapalna, uk\u0142adowa choroba tkanki \u0142\u0105cznej o pod\u0142o\u017cu autoimmunizacyjnym. Jest najcz\u0119\u015bciej wyst\u0119puj\u0105c\u0105, nabyt\u0105 trombofili\u0105 (nadkrzepliwo\u015bci\u0105) i powoduje: <a href=\"https:\/\/www.alab.pl\/centrum-wiedzy\/zakrzepica-zylna-choroba-zakrzepowo-zatorowa\/\">zakrzepic\u0119 \u017cyln\u0105<\/a> i t\u0119tnicz\u0105 o r\u00f3\u017cnej lokalizacji (kt\u00f3ra wyst\u0119puje u 59% chorych w naczyniach \u017cylnych, u 28% w naczyniach t\u0119tniczych, u 13% chorych zar\u00f3wno w naczyniach \u017cylnych, jak i t\u0119tniczych), ma\u0142op\u0142ytkowo\u015b\u0107 wt\u00f3rn\u0105, przyczynia si\u0119 do niepowodze\u0144 po\u0142o\u017cniczych, porod\u00f3w przedwczesnych u pacjentek z <a href=\"https:\/\/www.alab.pl\/centrum-wiedzy\/preeklampsja-stan-przedrzucawkowy\/\">preeklampsj\u0105<\/a> (w stanach&nbsp;przedrzucawkowych).<\/p>\n\n\n\n<p>W zespole antyfosfolipidowym produkowane s\u0105&nbsp; <strong>autoprzeciwcia\u0142a<\/strong> (antiphospholipid autoantibodies \u2013 APL) przeciw ujemnie na\u0142adowanym fosfolipidom b\u0142on kom\u00f3rkowych, co prowadzi do zaburze\u0144 hemostazy o charakterze prozakrzepowym. S\u0105 to g\u0142\u00f3wnie <strong>przeciwcia\u0142a przeciw kardiolipinowe (aCL), przeciw \u03b2-2 glikoproteinie &#8211; I (\u03b2-2GP I ) oraz LA &#8211; antykoagulant tocznia<\/strong>. Przeciwcia\u0142a te charakteryzuj\u0105 si\u0119 wystarczaj\u0105co wysok\u0105 czu\u0142o\u015bci\u0105 i swoisto\u015bci\u0105, dlatego maj\u0105 charakter diagnostyczny.<\/p>\n\n\n\n<h2 class=\"wp-block-heading\" id=\"aps1\">W jaki spos\u00f3b przeciwcia\u0142a antyfosfolipidowe zwi\u0119kszaj\u0105 ryzyko zakrzepicy i niepowodze\u0144 po\u0142o\u017cniczych?<\/h2>\n\n\n\n<p>Mechanizmy indukuj\u0105ce zmiany zakrzepowe w naczyniach obejmuj\u0105 aktywacj\u0119 p\u0142ytek krwi i kom\u00f3rek \u015br\u00f3db\u0142onka przez wi\u0105zanie si\u0119 przeciwcia\u0142 antyfosfolipidowych z fosfolipidami b\u0142ony kom\u00f3rkowej oraz bia\u0142kami osocza, tworz\u0105cymi kompleksy z fosfolipidami g\u0142\u00f3wnie \u03b22-glikoprotein\u0105 I oraz bia\u0142kami bior\u0105cymi udzia\u0142 w procesie krzepni\u0119cia protrombin\u0105, aneksyn\u0105 5 i&nbsp; bia\u0142kiem C, bia\u0142kiem S, kininogenami, czynnikami&nbsp; uk\u0142adu krzepni\u0119cia (VII, XI, XII), sk\u0142adowymi uk\u0142adu dope\u0142niacza (C4, czynnik H).<\/p>\n\n\n\n<p><strong>Proces patologiczny<\/strong> zaczyna si\u0119 od aktywacji p\u0142ytek krwi, kom\u00f3rek \u015br\u00f3db\u0142onka lub kom\u00f3rek trofoblastu. Dochodzi wtedy do przemieszczenia ujemnie na\u0142adowanego fosfolipidu&nbsp;fosfatydyloseryny z wn\u0119trza kom\u00f3rki na jej powierzchni\u0119, kt\u00f3ra w warunkach fizjologicznych jest elektrycznie oboj\u0119tna. Z fosfatydyloseryn\u0105 wi\u0105\u017ce si\u0119 kr\u0105\u017c\u0105ca w surowicy \u03b22-glikoproteina I. Z kompleksem \u03b22-GPI-fosfatydyloseryna wi\u0105\u017c\u0105 si\u0119 nast\u0119pnie przeciwcia\u0142a antyfosfolipidowe i nast\u0119puje aktywacja <a href=\"https:\/\/www.alab.pl\/centrum-wiedzy\/uklad-dopelniacza-znaczenie-funkcje\/\">dope\u0142niacza<\/a> drog\u0105 klasyczn\u0105, co z kolei indukuje ekspresj\u0119 moleku\u0142 adhezyjnych, czynnika tkankowego, oraz aktywuje monocyty, granulocyty i p\u0142ytki krwi. W konsekwencji uwalniane s\u0105 mediatory zapalenia ( TNF\u03b1, VEGR-1) i <strong>zwi\u0119ksza si\u0119 ryzyko zakrzepicy<\/strong>. W tym czasie mog\u0105 r\u00f3wnie\u017c wyst\u0105pi\u0107 <strong>zmiany zaburzaj\u0105ce procesy prawid\u0142owego rozwoju \u0142o\u017cyska<\/strong>.<\/p>\n\n\n\n<h2 class=\"wp-block-heading\" id=\"aps2\">Mechanizmy dzia\u0142ania przeciwcia\u0142 antyfosfolipidowych<\/h2>\n\n\n\n<p>1. Hamowanie funkcji naturalnych inhibitor\u00f3w krzepni\u0119cia:<\/p>\n\n\n\n<ul class=\"wp-block-list\">\n<li>hamowanie aktywno\u015bci przeciwzakrzepowej \u03b22- GPI<\/li>\n\n\n\n<li>hamowanie aktywacji bia\u0142ka C<\/li>\n\n\n\n<li>hamowanie funkcji aktywowanego bia\u0142ka C<\/li>\n\n\n\n<li>hamowanie aktywno\u015bci antytrombiny<\/li>\n\n\n\n<li>przemieszczenie aneksyny V<\/li>\n<\/ul>\n\n\n\n<p>2. Modyfikacja czynno\u015bci kom\u00f3rek:<\/p>\n\n\n\n<p>a) \u015ar\u00f3db\u0142onka<\/p>\n\n\n\n<ul class=\"wp-block-list\">\n<li>indukcja ekspresji czynnika tkankowego<\/li>\n\n\n\n<li>indukcja ekspresji cz\u0105steczek adhezyjnych<\/li>\n\n\n\n<li>obni\u017cenie produkcji prostacykliny<\/li>\n\n\n\n<li>pobudzenie produkcji tromboksanu p\u0142ytkowego<\/li>\n<\/ul>\n\n\n\n<p>b) Monocyt\u00f3w:<\/p>\n\n\n\n<ul class=\"wp-block-list\">\n<li>indukcja ekspresji czynnika tkankowego<\/li>\n<\/ul>\n\n\n\n<p>c) P\u0142ytek krwi<\/p>\n\n\n\n<ul class=\"wp-block-list\">\n<li>wzrost aktywacji lub agregacji<\/li>\n<\/ul>\n\n\n\n<h2 class=\"wp-block-heading\" id=\"aps3\">Objawy zespo\u0142u antyfosfolipidowego (APS)<\/h2>\n\n\n\n<p>Do najcz\u0119stszych objaw\u00f3w zespo\u0142u antyfosfolipidowego nale\u017c\u0105 <strong>objawy neurologiczne<\/strong>. Obserwowane s\u0105 zar\u00f3wno objawy ze strony o\u015brodkowego, jak i obwodowego uk\u0142adu nerwowego. S\u0105 to: <strong>udar m\u00f3zgu oraz przemijaj\u0105ce niedokrwienie (transient ischaemic attack \u2013 TIA), padaczka, pl\u0105sawica, b\u00f3le g\u0142owy, poprzeczne zapalenie rdzenia oraz obwodowa polineuropatia<\/strong>.<\/p>\n\n\n\n<p>W przebiegu zespo\u0142u antyfosfolipidowego (APS) mog\u0105 si\u0119 pojawia\u0107 tak\u017ce <strong>zaburzenia psychiczne<\/strong>. Ich etiologia nie jest jasna. Przyjmuje si\u0119, \u017ce mog\u0105 one by\u0107 wt\u00f3rne do niedokrwienia tkanki m\u00f3zgowej w procesie zakrzepowym towarzysz\u0105cym tworzeniu APL i\/lub s\u0105 nast\u0119pstwem bezpo\u015bredniej interakcji obecnych w kr\u0105\u017ceniu przeciwcia\u0142 antyfosfolipidowych z tkank\u0105 nerwow\u0105. Najcz\u0119\u015bciej obserwuje si\u0119 <strong>zaburzenia funkcji poznawczych charakteryzuj\u0105ce si\u0119 pogorszeniem uwagi, koncentracji, zaburzenia depresyjne, oraz zespo\u0142y demencyjne<\/strong>.<\/p>\n\n\n\n<p>ASP jest r\u00f3wnie\u017c powa\u017cnym problemem perinatologicznym, kt\u00f3ry wi\u0105\u017ce si\u0119 z <strong>nawracaj\u0105cymi stratami ci\u0105\u017c, wewn\u0105trzmacicznym op\u00f3\u017anieniem wzrostu p\u0142odu, stanem przedrzucawkowym i ablacj\u0105 \u0142o\u017cyska<\/strong>.<\/p>\n\n\n\n<h2 class=\"wp-block-heading\" id=\"aps4\">Kryteria rozpoznania zespo\u0142u antyfosfolipidowego (APS)<\/h2>\n\n\n\n<p><strong>Kryteria laboratoryjne:<\/strong><\/p>\n\n\n\n<ol class=\"wp-block-list\">\n<li><strong><a href=\"https:\/\/www.alab.pl\/badanie\/krazacy-antykoagulant-tocznia-la-n89\" target=\"_blank\" rel=\"noreferrer noopener\">Antykoagulant tocznia LA<\/a><\/strong> obecny w osoczu i wykryty &gt;= 2 krotnie w odst\u0119pach 12 tygodni metodami ustalonymi przez MTZH.<\/li>\n\n\n\n<li>Obecno\u015b\u0107 <strong><a href=\"https:\/\/www.alab.pl\/badanie\/pc-antykardiolipinowe-klasy-igg-n89\" target=\"_blank\" rel=\"noreferrer noopener\">przeciwcia\u0142 antykardiolipinowych w klasie IgG (GLP)<\/a> i\/lub <a href=\"https:\/\/www.alab.pl\/badanie\/pc-antykardiolipinowe-klasy-igm-n89\" target=\"_blank\" rel=\"noreferrer noopener\">IgM (MPL)<\/a> <\/strong>w surowicy lub osoczu w \u015brednim, lub du\u017cym st\u0119\u017ceniu (&gt;40 GPL lub MPL albo &gt; 99 percentyla) stwierdzona minimum dwukrotnie w odst\u0119pie 12 tygodni, pomiar z u\u017cyciem standaryzowanego testu ELISA.<\/li>\n\n\n\n<li>Obecno\u015b\u0107 <strong><a href=\"https:\/\/www.alab.pl\/badanie\/pc-przeciw-b2-glikoproteinie-1-igg-igm\" target=\"_blank\" rel=\"noreferrer noopener\">przeciwcia\u0142 przeciw \u03b2-2- glikoproteinie I w klasie IgG&nbsp; i\/lub IgM<\/a><\/strong>&nbsp;w surowicy lub osoczu w&nbsp; st\u0119\u017ceniu &gt; 99 percentyla, stwierdzona minimum dwukrotnie w odst\u0119pie 12 tygodni, pomiar z u\u017cyciem standaryzowanego testu ELISA.<\/li>\n<\/ol>\n\n\n\n<figure class=\"wp-block-image size-full\"><a href=\"https:\/\/www.alab.pl\/badanie\/krazacy-antykoagulant-tocznia-la-n89\" target=\"_blank\" rel=\"noreferrer noopener\"><img loading=\"lazy\" decoding=\"async\" width=\"800\" height=\"200\" src=\"https:\/\/www.alab.pl\/centrum-wiedzy\/wp-content\/uploads\/2023\/08\/krazacy-antykoagulant-tocznia-jpg.webp\" alt=\"kr\u0105\u017c\u0105cy antykoagulant tocznia (LA) baner\" class=\"wp-image-8395\" srcset=\"https:\/\/www.alab.pl\/centrum-wiedzy\/wp-content\/uploads\/2023\/08\/krazacy-antykoagulant-tocznia-jpg.webp 800w, https:\/\/www.alab.pl\/centrum-wiedzy\/wp-content\/uploads\/2023\/08\/krazacy-antykoagulant-tocznia-jpg-768x192.webp 768w, https:\/\/www.alab.pl\/centrum-wiedzy\/wp-content\/uploads\/2023\/08\/krazacy-antykoagulant-tocznia-jpg-150x38.webp 150w, https:\/\/www.alab.pl\/centrum-wiedzy\/wp-content\/uploads\/2023\/08\/krazacy-antykoagulant-tocznia-jpg-300x75.webp 300w, https:\/\/www.alab.pl\/centrum-wiedzy\/wp-content\/uploads\/2023\/08\/krazacy-antykoagulant-tocznia-jpg-696x174.webp 696w\" sizes=\"auto, (max-width: 800px) 100vw, 800px\" \/><\/a><\/figure>\n\n\n\n<figure class=\"wp-block-image size-full\"><a href=\"https:\/\/www.alab.pl\/badanie\/pc-antykardiolipinowe-klasy-igg-n89\" target=\"_blank\" rel=\"noreferrer noopener\"><img loading=\"lazy\" decoding=\"async\" width=\"800\" height=\"200\" src=\"https:\/\/www.alab.pl\/centrum-wiedzy\/wp-content\/uploads\/2023\/08\/Przeciwciala-antykardiolipinowe-aCL-w-klasie-IgG-jpg.webp\" alt=\"przeciwcia\u0142a antykardiolipinowe IgG\" class=\"wp-image-8390\" srcset=\"https:\/\/www.alab.pl\/centrum-wiedzy\/wp-content\/uploads\/2023\/08\/Przeciwciala-antykardiolipinowe-aCL-w-klasie-IgG-jpg.webp 800w, https:\/\/www.alab.pl\/centrum-wiedzy\/wp-content\/uploads\/2023\/08\/Przeciwciala-antykardiolipinowe-aCL-w-klasie-IgG-jpg-768x192.webp 768w, https:\/\/www.alab.pl\/centrum-wiedzy\/wp-content\/uploads\/2023\/08\/Przeciwciala-antykardiolipinowe-aCL-w-klasie-IgG-jpg-150x38.webp 150w, https:\/\/www.alab.pl\/centrum-wiedzy\/wp-content\/uploads\/2023\/08\/Przeciwciala-antykardiolipinowe-aCL-w-klasie-IgG-jpg-300x75.webp 300w, https:\/\/www.alab.pl\/centrum-wiedzy\/wp-content\/uploads\/2023\/08\/Przeciwciala-antykardiolipinowe-aCL-w-klasie-IgG-jpg-696x174.webp 696w\" sizes=\"auto, (max-width: 800px) 100vw, 800px\" \/><\/a><\/figure>\n\n\n\n<figure class=\"wp-block-image size-full\"><a href=\"https:\/\/www.alab.pl\/badanie\/pc-przeciw-b2-glikoproteinie-1-igg-igm\" target=\"_blank\" rel=\"noreferrer noopener\"><img loading=\"lazy\" decoding=\"async\" width=\"800\" height=\"200\" src=\"https:\/\/www.alab.pl\/centrum-wiedzy\/wp-content\/uploads\/2023\/08\/Przeciwciala-przeciw-beta-2-glikoproteinie-I-w-klasach-IgG-i-IgM-jpg.webp\" alt=\"przeciwcia\u0142a przeciw beta-2-glikoproteinie I w klasach IgG i IgM baner\" class=\"wp-image-8393\" srcset=\"https:\/\/www.alab.pl\/centrum-wiedzy\/wp-content\/uploads\/2023\/08\/Przeciwciala-przeciw-beta-2-glikoproteinie-I-w-klasach-IgG-i-IgM-jpg.webp 800w, https:\/\/www.alab.pl\/centrum-wiedzy\/wp-content\/uploads\/2023\/08\/Przeciwciala-przeciw-beta-2-glikoproteinie-I-w-klasach-IgG-i-IgM-jpg-768x192.webp 768w, https:\/\/www.alab.pl\/centrum-wiedzy\/wp-content\/uploads\/2023\/08\/Przeciwciala-przeciw-beta-2-glikoproteinie-I-w-klasach-IgG-i-IgM-jpg-150x38.webp 150w, https:\/\/www.alab.pl\/centrum-wiedzy\/wp-content\/uploads\/2023\/08\/Przeciwciala-przeciw-beta-2-glikoproteinie-I-w-klasach-IgG-i-IgM-jpg-300x75.webp 300w, https:\/\/www.alab.pl\/centrum-wiedzy\/wp-content\/uploads\/2023\/08\/Przeciwciala-przeciw-beta-2-glikoproteinie-I-w-klasach-IgG-i-IgM-jpg-696x174.webp 696w\" sizes=\"auto, (max-width: 800px) 100vw, 800px\" \/><\/a><\/figure>\n\n\n\n<p>Mi\u0119dzynarodowy zesp\u00f3\u0142 ekspert\u00f3w zaleca wprowadzenie podzia\u0142u chorych na zesp\u00f3\u0142 antyfosfolipidowy (APS) zale\u017cnego od kryteri\u00f3w laboratoryjnych:<\/p>\n\n\n\n<ul class=\"wp-block-list\">\n<li>Grupa I: obecne&gt; ni\u017c jedno kryterium laboratoryjne (dowolna kombinacja)<\/li>\n\n\n\n<li>Grupa IIa: obecny tylko LA<\/li>\n\n\n\n<li>Grupa IIb: obecne tylko aCL<\/li>\n\n\n\n<li>Grupa IIc: obecne tylko a\u03b22-GPI<\/li>\n<\/ul>\n\n\n\n<p>Dwukrotne oznaczenie aPL jest zwi\u0105zane z obecno\u015bci\u0105 tych przeciwcia\u0142 r\u00f3wnie\u017c&nbsp;w przebiegu infekcji bakteryjnych (ki\u0142a, <a href=\"https:\/\/www.alab.pl\/centrum-wiedzy\/borelioza\/\">borelioza<\/a>, tr\u0105d, <a href=\"https:\/\/www.alab.pl\/centrum-wiedzy\/gruzlica-historia-przyczyny-objawy-rodzaje\/\">gru\u017alica<\/a>, zaka\u017cenia gronkowcem, paciorkowcem, <a href=\"https:\/\/www.alab.pl\/centrum-wiedzy\/helicobacter-pylori\/\">Helicobacter pylori<\/a>, Klibsiella, Mycoplasma pneumonie), wirusowych (<a href=\"https:\/\/www.alab.pl\/centrum-wiedzy\/ospa-wietrzna\/\">ospa<\/a>, r\u00f3\u017cyczka,&nbsp;zaka\u017ceniach HIV, CMV, HBV i HCV), grzybiczych lub paso\u017cytniczych (<a href=\"https:\/\/www.alab.pl\/centrum-wiedzy\/choroby-tropikalne-malaria\/\">malaria<\/a>, <a href=\"https:\/\/www.alab.pl\/centrum-wiedzy\/toksoplazmoza-zrodla-zarazenia-objawy-diagnostyka\/\">toksoplazmoza<\/a>). Przeciwcia\u0142a te najcz\u0119\u015bciej nie daj\u0105 objaw\u00f3w klinicznych i zanikaj\u0105 po kilku tygodniach.<\/p>\n\n\n\n<p>Przeciwcia\u0142a antyfosfolipidowe mo\u017cna r\u00f3wnie\u017c zaobserwowa\u0107 w chorobach neurologicznych (stwardnienie rozsiane, padaczka, pl\u0105sawica) oraz w schy\u0142kowej niewydolno\u015bci nerek. Mog\u0105 by\u0107 r\u00f3wnie\u017c indukowane przez leki np. chloropromazyn\u0119, prokainamid, hydralazyn\u0119, chinin\u0119, chinidyn\u0119, streptomycyn\u0119 oraz doustne leki antykoncepcyjne.<\/p>\n\n\n\n<h2 class=\"wp-block-heading\" id=\"aps5\">Czynniki ryzyka rozwoju zespo\u0142u antyfosfolipidowego (APS)<\/h2>\n\n\n\n<ul class=\"wp-block-list\">\n<li>palenie papieros\u00f3w<\/li>\n\n\n\n<li>okres oko\u0142ooperacyjny i przed\u0142u\u017caj\u0105ce si\u0119 unieruchomienie<\/li>\n\n\n\n<li>ci\u0105\u017ca i po\u0142\u00f3g<\/li>\n\n\n\n<li>doustna antykoncepcja hormonalna<\/li>\n\n\n\n<li>hormonalna terapia zast\u0119pcza<\/li>\n\n\n\n<li>choroby nowotworowe<\/li>\n\n\n\n<li>zesp\u00f3\u0142 nerczycowy<\/li>\n\n\n\n<li>podesz\u0142y wiek<\/li>\n\n\n\n<li><a href=\"https:\/\/www.alab.pl\/centrum-wiedzy\/nadcisnienie-tetnicze-badania-laboratoryjne\/\">nadci\u015bnienie t\u0119tnicze<\/a><\/li>\n\n\n\n<li>hiperlipidemia<\/li>\n\n\n\n<li><a href=\"https:\/\/www.alab.pl\/centrum-wiedzy\/infekcja\/\">infekcje<\/a><\/li>\n\n\n\n<li>obecno\u015b\u0107 aPL z towarzysz\u0105cym polimorfizmem czynnika V Leiden<\/li>\n\n\n\n<li>wrodzone niedobory czynnik\u00f3w krzepni\u0119cia<\/li>\n\n\n\n<li>hiperhomocysteinemia<\/li>\n<\/ul>\n\n\n\n<p><strong>Przeciwcia\u0142a antyfosfolipidowe mog\u0105 utrzymywa\u0107 si\u0119 w wysokim mianie latami, nie daj\u0105c \u017cadnych objaw\u00f3w<\/strong>, do ujawnienia si\u0119 ich dzia\u0142ania prozakrzepowego potrzebny jest <strong>dodatkowy czynnik sprawczy<\/strong> np. uszkodzenie naczy\u0144, aktywacja \u015br\u00f3db\u0142onka lub wyst\u0119powanie czynnik\u00f3w ryzyka wy\u017cej wymienionych.<\/p>\n\n\n\n<h2 class=\"wp-block-heading\" id=\"aps6\">Przeciwcia\u0142a antyfosfolipidowe przydatne w diagnostyce zespo\u0142u antyfosfolipidowego (APS), a nie nale\u017c\u0105ce do kryteri\u00f3w rozpoznania (klasyfikacji)<\/h2>\n\n\n\n<p>Nale\u017cy tutaj wymieni\u0107 przede wszystkim <strong><a href=\"https:\/\/www.alab.pl\/badanie\/pc-przeciw-fosfatydyloserynie-ig-m-igg\" target=\"_blank\" rel=\"noreferrer noopener\">przeciwcia\u0142a przeciw fosfatydyloserynie<\/a>, fosfatydyloetanoloaminie, protrombinie i <a href=\"https:\/\/www.alab.pl\/badanie\/pc-przeciw-kompleksom-fosfatydyloseryna-protrombina-apspt-igm\" target=\"_blank\" rel=\"noreferrer noopener\">kompleksowi fosfatydyloseryna\/protrombina<\/a><\/strong>.<\/p>\n\n\n\n<p>U niekt\u00f3rych chorych nie stwierdza si\u0119 te\u017c obecno\u015bci przeciwcia\u0142 aCL i a\u03b22-GPI w klasach IgG i IgM, ale mog\u0105 by\u0107 one obecne w klasie IgA.<\/p>\n\n\n\n<p>W przypadkach, gdy charakterystycznym objawom zespo\u0142u antyfosfolipidowego (APS) nie towarzyszy obecno\u015b\u0107 przeciwcia\u0142 antyfosfolipidowych, nale\u017cy wykluczy\u0107 przede wszystkim laboratoryjne przyczyny wynik\u00f3w ujemnych, oceni\u0107 inne, nieuj\u0119te w kryteriach aPL (je\u015bli wyniki s\u0105 dodatnie, rozpozna\u0107 zesp\u00f3\u0142 antyfosfolipidowy), gdy wyniki s\u0105 ujemne, mo\u017cna rozpozna\u0107 <strong>zesp\u00f3\u0142 antyfosfolipidowy (APS) seronegatywny SN-APS<\/strong>, albo rozwa\u017cy\u0107&nbsp;inne mo\u017cliwe t\u0142o zakrzepicy.<\/p>\n\n\n\n<p>Zesp\u00f3\u0142 antyfosfolipidowy mo\u017ce by\u0107 <strong>samoistny &#8211;&nbsp;pierwotny (primary APS &#8211; PAPS)<\/strong> lub towarzyszy\u0107 innym chorobom &#8211; <strong>wt\u00f3rny zesp\u00f3\u0142 antyfosfolipidowy (secondary APS- SAPS)<\/strong>. Najcz\u0119\u015bciej s\u0105 to <a href=\"https:\/\/www.alab.pl\/centrum-wiedzy\/choroby-ukladowe-tkanki-lacznej\/\">uk\u0142adowe choroby tkanki \u0142\u0105cznej<\/a>, g\u0142\u00f3wnie <a href=\"https:\/\/www.alab.pl\/centrum-wiedzy\/toczen-ukladowy-sle\/\">tocze\u0144 rumieniowaty uk\u0142adowy<\/a> (SLE &#8211; systemic lupus erythematosus), ale r\u00f3wnie\u017c nowotwory i zaka\u017cenia. Opisano r\u00f3wnie\u017c wyra\u017an\u0105 predyspozycj\u0119 rodzinn\u0105 do wyst\u0119powania choroby. Cz\u0119sto\u015b\u0107 wyst\u0119powania zespo\u0142u jest istotnie wy\u017csza w\u015br\u00f3d chorych z: SLE- ok.30%, zakrzepic\u0105 \u017cyln\u0105 &#8211; 30%, udarem m\u00f3zgu &lt;50 roku \u017cycia \u2013 25%, nawracaj\u0105cymi niepowodzeniami po\u0142o\u017cniczymi \u2013 10%. <strong>Kobiety choruj\u0105 cz\u0119\u015bciej ni\u017c m\u0119\u017cczy\u017ani (3,5: 1)<\/strong>.<\/p>\n\n\n\n<p><strong>Przeciwcia\u0142a antyfosfolipidowe mog\u0105 wyst\u0119powa\u0107 w niskim mianie u os\u00f3b zdrowych<\/strong> (uczestnicz\u0105 w eliminacji oksydowanych lipid\u00f3w). Wyst\u0119puj\u0105 u 1-5% populacji og\u00f3lnej, a cz\u0119sto\u015b\u0107 ich wyst\u0119powania ro\u015bnie z wiekiem. Przeciwcia\u0142a antykardiolipinowe wykazuje si\u0119 w 2-5% u os\u00f3b w \u015brednim wieku&nbsp; i nawet do 50%&nbsp;u os\u00f3b powy\u017cej 70 lat, natomiast LA stwierdza si\u0119 tylko u 1% os\u00f3b zdrowych.<\/p>\n\n\n\n<hr class=\"wp-block-separator has-alpha-channel-opacity\"\/>\n\n\n\n<p>Pi\u015bmiennictwo<\/p>\n\n\n\n<ol class=\"wp-block-list\">\n<li>M. Puszczewicz red.: Wielka Interna Reumatologia, Medical Tribune, Warszawa 2020.<\/li>\n\n\n\n<li>K. Fiszer, M. Brzosko: Diagnostyka laboratoryjna chor\u00f3b reumatycznych, Wyd. PUM. Szczecin 2015.&nbsp;&nbsp;<\/li>\n\n\n\n<li>M. Majdan , A. Majdan: Uk\u0142adowe choroby tkanki \u0142\u0105cznej przebiegaj\u0105ce z zaburzeniami psychicznymi. Psychiatria po Dyplomie 2014; 11: 20-24.<\/li>\n\n\n\n<li>A. Marsza\u0142ek: Zesp\u00f3\u0142 antyfosfolipidowy \u2013 wsp\u00f3\u0142czesne kryteria rozpoznawania, Diagn Lab 2015; 51: 63-66.<\/li>\n\n\n\n<li>B. Grygiel-G\u00f3rniak, N. Limphaibool, M. Puszczewicz : Cytokine secretion and the risk of depression development in patients with connective tissue diseases. Psychiatr Clin Neurosci 2019; 73: 302-316.<\/li>\n\n\n\n<li>A. Lorenc, A. Seremak-Mrozikiewicz, K. Drews i wsp.: A case of antiphospholipid syndrome in course of pregnancy and puerperium with lupus-like disease suspicion. Ginekol Pol 2011; 82: 297-303.<\/li>\n<\/ol>\n","protected":false},"excerpt":{"rendered":"<p>Czym jest zesp\u00f3\u0142 antyfosfolipidowy i jakie mog\u0105 by\u0107 jego konsekwencje? Dowiedz si\u0119, jakie badania pozwalaj\u0105 rozpozna\u0107 APS.<\/p>\n","protected":false},"author":123,"featured_media":8389,"comment_status":"closed","ping_status":"open","sticky":false,"template":"","format":"standard","meta":{"_acf_changed":false,"inline_featured_image":false,"footnotes":""},"categories":[8,24],"tags":[],"coauthors":[141],"class_list":{"0":"post-8252","1":"post","2":"type-post","3":"status-publish","4":"format-standard","5":"has-post-thumbnail","7":"category-choroby-autoimmunologiczne","8":"category-nieplodnosc-niepowodzenia-ciazy"},"acf":[],"yoast_head":"<!-- This site is optimized with the Yoast SEO plugin v27.4 - https:\/\/yoast.com\/product\/yoast-seo-wordpress\/ -->\n<title>Zesp\u00f3\u0142 antyfosfolipidowy (APS) - ALAB Laboratoria<\/title>\n<meta name=\"description\" content=\"Dowiedz si\u0119, czym jest zesp\u00f3\u0142 antyfosfolipidowy (APS), jakie s\u0105 kryteria jego rozpoznania, jakie s\u0105 jego przyczyny i objawy i jak przebiega jego leczenie.\" \/>\n<meta name=\"robots\" content=\"index, follow, max-snippet:-1, max-image-preview:large, max-video-preview:-1\" \/>\n<link rel=\"canonical\" href=\"https:\/\/www.alab.pl\/centrum-wiedzy\/zespol-antyfosfolipidowy-aps\/\" \/>\n<meta property=\"og:locale\" content=\"pl_PL\" \/>\n<meta property=\"og:type\" content=\"article\" \/>\n<meta property=\"og:title\" content=\"Zesp\u00f3\u0142 antyfosfolipidowy (APS) - ALAB Laboratoria\" \/>\n<meta property=\"og:description\" content=\"Dowiedz si\u0119, czym jest zesp\u00f3\u0142 antyfosfolipidowy (APS), jakie s\u0105 kryteria jego rozpoznania, jakie s\u0105 jego przyczyny i objawy i jak przebiega jego leczenie.\" \/>\n<meta property=\"og:url\" content=\"https:\/\/www.alab.pl\/centrum-wiedzy\/zespol-antyfosfolipidowy-aps\/\" \/>\n<meta property=\"og:site_name\" content=\"Centrum Wiedzy ALAB laboratoria\" \/>\n<meta property=\"article:publisher\" content=\"https:\/\/www.facebook.com\/ALABlaboratoria\" \/>\n<meta property=\"article:published_time\" content=\"2023-08-31T14:16:18+00:00\" \/>\n<meta property=\"og:image\" content=\"https:\/\/www.alab.pl\/centrum-wiedzy\/wp-content\/uploads\/2023\/08\/aps-jpg.webp\" \/>\n\t<meta property=\"og:image:width\" content=\"1200\" \/>\n\t<meta property=\"og:image:height\" content=\"801\" \/>\n\t<meta property=\"og:image:type\" content=\"image\/webp\" \/>\n<meta name=\"author\" content=\"Agnieszka Kobiela-Mednis\" \/>\n<meta name=\"twitter:card\" content=\"summary_large_image\" \/>\n<meta name=\"twitter:label1\" content=\"Napisane przez\" \/>\n\t<meta name=\"twitter:data1\" content=\"Agnieszka Kobiela-Mednis\" \/>\n\t<meta name=\"twitter:label2\" content=\"Szacowany czas czytania\" \/>\n\t<meta name=\"twitter:data2\" content=\"8 minut\" \/>\n\t<meta name=\"twitter:label3\" content=\"Written by\" \/>\n\t<meta name=\"twitter:data3\" content=\"Agnieszka Kobiela-Mednis\" \/>\n<!-- \/ Yoast SEO plugin. -->","yoast_head_json":{"title":"Zesp\u00f3\u0142 antyfosfolipidowy (APS) - ALAB Laboratoria","description":"Dowiedz si\u0119, czym jest zesp\u00f3\u0142 antyfosfolipidowy (APS), jakie s\u0105 kryteria jego rozpoznania, jakie s\u0105 jego przyczyny i objawy i jak przebiega jego leczenie.","robots":{"index":"index","follow":"follow","max-snippet":"max-snippet:-1","max-image-preview":"max-image-preview:large","max-video-preview":"max-video-preview:-1"},"canonical":"https:\/\/www.alab.pl\/centrum-wiedzy\/zespol-antyfosfolipidowy-aps\/","og_locale":"pl_PL","og_type":"article","og_title":"Zesp\u00f3\u0142 antyfosfolipidowy (APS) - ALAB Laboratoria","og_description":"Dowiedz si\u0119, czym jest zesp\u00f3\u0142 antyfosfolipidowy (APS), jakie s\u0105 kryteria jego rozpoznania, jakie s\u0105 jego przyczyny i objawy i jak przebiega jego leczenie.","og_url":"https:\/\/www.alab.pl\/centrum-wiedzy\/zespol-antyfosfolipidowy-aps\/","og_site_name":"Centrum Wiedzy ALAB laboratoria","article_publisher":"https:\/\/www.facebook.com\/ALABlaboratoria","article_published_time":"2023-08-31T14:16:18+00:00","og_image":[{"width":1200,"height":801,"url":"https:\/\/www.alab.pl\/centrum-wiedzy\/wp-content\/uploads\/2023\/08\/aps-jpg.webp","type":"image\/webp"}],"author":"Agnieszka Kobiela-Mednis","twitter_card":"summary_large_image","twitter_misc":{"Napisane przez":"Agnieszka Kobiela-Mednis","Szacowany czas czytania":"8 minut","Written by":"Agnieszka Kobiela-Mednis"},"schema":{"@context":"https:\/\/schema.org","@graph":[{"@type":"Article","@id":"https:\/\/www.alab.pl\/centrum-wiedzy\/zespol-antyfosfolipidowy-aps\/#article","isPartOf":{"@id":"https:\/\/www.alab.pl\/centrum-wiedzy\/zespol-antyfosfolipidowy-aps\/"},"author":{"name":"Agnieszka Kobiela-Mednis","@id":"https:\/\/www.alab.pl\/centrum-wiedzy\/#\/schema\/person\/6d7896bef11aea1ad92cc12ff38b670e"},"headline":"Zesp\u00f3\u0142 antyfosfolipidowy (APS)","datePublished":"2023-08-31T14:16:18+00:00","mainEntityOfPage":{"@id":"https:\/\/www.alab.pl\/centrum-wiedzy\/zespol-antyfosfolipidowy-aps\/"},"wordCount":1447,"publisher":{"@id":"https:\/\/www.alab.pl\/centrum-wiedzy\/#organization"},"image":{"@id":"https:\/\/www.alab.pl\/centrum-wiedzy\/zespol-antyfosfolipidowy-aps\/#primaryimage"},"thumbnailUrl":"https:\/\/www.alab.pl\/centrum-wiedzy\/wp-content\/uploads\/2023\/08\/aps-jpg.webp","articleSection":["Choroby autoimmunologiczne","Niep\u0142odno\u015b\u0107, niepowodzenia ci\u0105\u017cy"],"inLanguage":"pl-PL"},{"@type":"WebPage","@id":"https:\/\/www.alab.pl\/centrum-wiedzy\/zespol-antyfosfolipidowy-aps\/","url":"https:\/\/www.alab.pl\/centrum-wiedzy\/zespol-antyfosfolipidowy-aps\/","name":"Zesp\u00f3\u0142 antyfosfolipidowy (APS) - ALAB Laboratoria","isPartOf":{"@id":"https:\/\/www.alab.pl\/centrum-wiedzy\/#website"},"primaryImageOfPage":{"@id":"https:\/\/www.alab.pl\/centrum-wiedzy\/zespol-antyfosfolipidowy-aps\/#primaryimage"},"image":{"@id":"https:\/\/www.alab.pl\/centrum-wiedzy\/zespol-antyfosfolipidowy-aps\/#primaryimage"},"thumbnailUrl":"https:\/\/www.alab.pl\/centrum-wiedzy\/wp-content\/uploads\/2023\/08\/aps-jpg.webp","datePublished":"2023-08-31T14:16:18+00:00","description":"Dowiedz si\u0119, czym jest zesp\u00f3\u0142 antyfosfolipidowy (APS), jakie s\u0105 kryteria jego rozpoznania, jakie s\u0105 jego przyczyny i objawy i jak przebiega jego leczenie.","breadcrumb":{"@id":"https:\/\/www.alab.pl\/centrum-wiedzy\/zespol-antyfosfolipidowy-aps\/#breadcrumb"},"inLanguage":"pl-PL","potentialAction":[{"@type":"ReadAction","target":["https:\/\/www.alab.pl\/centrum-wiedzy\/zespol-antyfosfolipidowy-aps\/"]}]},{"@type":"ImageObject","inLanguage":"pl-PL","@id":"https:\/\/www.alab.pl\/centrum-wiedzy\/zespol-antyfosfolipidowy-aps\/#primaryimage","url":"https:\/\/www.alab.pl\/centrum-wiedzy\/wp-content\/uploads\/2023\/08\/aps-jpg.webp","contentUrl":"https:\/\/www.alab.pl\/centrum-wiedzy\/wp-content\/uploads\/2023\/08\/aps-jpg.webp","width":1200,"height":801,"caption":"zesp\u00f3\u0142 antyfosfolipidowy"},{"@type":"BreadcrumbList","@id":"https:\/\/www.alab.pl\/centrum-wiedzy\/zespol-antyfosfolipidowy-aps\/#breadcrumb","itemListElement":[{"@type":"ListItem","position":1,"name":"Strona g\u0142\u00f3wna","item":"https:\/\/www.alab.pl\/centrum-wiedzy\/"},{"@type":"ListItem","position":2,"name":"Zesp\u00f3\u0142 antyfosfolipidowy (APS)"}]},{"@type":"WebSite","@id":"https:\/\/www.alab.pl\/centrum-wiedzy\/#website","url":"https:\/\/www.alab.pl\/centrum-wiedzy\/","name":"Centrum Wiedzy ALAB laboratoria","description":"","publisher":{"@id":"https:\/\/www.alab.pl\/centrum-wiedzy\/#organization"},"potentialAction":[{"@type":"SearchAction","target":{"@type":"EntryPoint","urlTemplate":"https:\/\/www.alab.pl\/centrum-wiedzy\/?s={search_term_string}"},"query-input":{"@type":"PropertyValueSpecification","valueRequired":true,"valueName":"search_term_string"}}],"inLanguage":"pl-PL"},{"@type":"Organization","@id":"https:\/\/www.alab.pl\/centrum-wiedzy\/#organization","name":"Centrum Wiedzy ALAB laboratoria","url":"https:\/\/www.alab.pl\/centrum-wiedzy\/","logo":{"@type":"ImageObject","inLanguage":"pl-PL","@id":"https:\/\/www.alab.pl\/centrum-wiedzy\/#\/schema\/logo\/image\/","url":"https:\/\/www.alab.pl\/centrum-wiedzy\/wp-content\/uploads\/2022\/04\/alabek.jpg","contentUrl":"https:\/\/www.alab.pl\/centrum-wiedzy\/wp-content\/uploads\/2022\/04\/alabek.jpg","width":1250,"height":1251,"caption":"Centrum Wiedzy ALAB laboratoria"},"image":{"@id":"https:\/\/www.alab.pl\/centrum-wiedzy\/#\/schema\/logo\/image\/"},"sameAs":["https:\/\/www.facebook.com\/ALABlaboratoria"]},{"@type":"Person","@id":"https:\/\/www.alab.pl\/centrum-wiedzy\/#\/schema\/person\/6d7896bef11aea1ad92cc12ff38b670e","name":"Agnieszka Kobiela-Mednis","image":{"@type":"ImageObject","inLanguage":"pl-PL","@id":"https:\/\/www.alab.pl\/centrum-wiedzy\/wp-content\/uploads\/2022\/03\/woman-150x150.png510376ddb3c99b233fa30c560b9695e9","url":"https:\/\/www.alab.pl\/centrum-wiedzy\/wp-content\/uploads\/2022\/03\/woman-150x150.png","contentUrl":"https:\/\/www.alab.pl\/centrum-wiedzy\/wp-content\/uploads\/2022\/03\/woman-150x150.png","caption":"Agnieszka Kobiela-Mednis"},"description":"Farmaceuta, diagnosta laboratoryjny z II st. specjalizacji z analityki klinicznej. Absolwentka Wydzia\u0142u Farmaceutycznego w Akademii Medycznej w Warszawie.","url":"https:\/\/www.alab.pl\/centrum-wiedzy\/author\/agnieszka-kobiela-mednis\/"}]}},"_links":{"self":[{"href":"https:\/\/www.alab.pl\/centrum-wiedzy\/wp-json\/wp\/v2\/posts\/8252","targetHints":{"allow":["GET"]}}],"collection":[{"href":"https:\/\/www.alab.pl\/centrum-wiedzy\/wp-json\/wp\/v2\/posts"}],"about":[{"href":"https:\/\/www.alab.pl\/centrum-wiedzy\/wp-json\/wp\/v2\/types\/post"}],"author":[{"embeddable":true,"href":"https:\/\/www.alab.pl\/centrum-wiedzy\/wp-json\/wp\/v2\/users\/123"}],"replies":[{"embeddable":true,"href":"https:\/\/www.alab.pl\/centrum-wiedzy\/wp-json\/wp\/v2\/comments?post=8252"}],"version-history":[{"count":0,"href":"https:\/\/www.alab.pl\/centrum-wiedzy\/wp-json\/wp\/v2\/posts\/8252\/revisions"}],"wp:featuredmedia":[{"embeddable":true,"href":"https:\/\/www.alab.pl\/centrum-wiedzy\/wp-json\/wp\/v2\/media\/8389"}],"wp:attachment":[{"href":"https:\/\/www.alab.pl\/centrum-wiedzy\/wp-json\/wp\/v2\/media?parent=8252"}],"wp:term":[{"taxonomy":"category","embeddable":true,"href":"https:\/\/www.alab.pl\/centrum-wiedzy\/wp-json\/wp\/v2\/categories?post=8252"},{"taxonomy":"post_tag","embeddable":true,"href":"https:\/\/www.alab.pl\/centrum-wiedzy\/wp-json\/wp\/v2\/tags?post=8252"},{"taxonomy":"author","embeddable":true,"href":"https:\/\/www.alab.pl\/centrum-wiedzy\/wp-json\/wp\/v2\/coauthors?post=8252"}],"curies":[{"name":"wp","href":"https:\/\/api.w.org\/{rel}","templated":true}]}}