{"id":8435,"date":"2023-08-31T16:13:20","date_gmt":"2023-08-31T14:13:20","guid":{"rendered":"https:\/\/sklep.alablaboratoria.pl\/centrum-wiedzy\/?p=8435"},"modified":"2023-08-31T16:13:20","modified_gmt":"2023-08-31T14:13:20","slug":"alergia-na-bialko-mleka-dieta-eliminacyjna","status":"publish","type":"post","link":"https:\/\/www.alab.pl\/centrum-wiedzy\/alergia-na-bialko-mleka-dieta-eliminacyjna\/","title":{"rendered":"Alergia na bia\u0142ko mleka i nietolerancja laktozy, czyli dieta eliminacyjna w praktyce"},"content":{"rendered":"\n<p>Spis tre\u015bci<\/p>\n\n\n\n<ol class=\"wp-block-list\">\n<li><a href=\"#m1\">Dieta eliminacyjna &#8211; na czym polega?<\/a><\/li>\n\n\n\n<li><a href=\"#m2\">Alergia na bia\u0142ko mleka krowiego<\/a><\/li>\n\n\n\n<li><a href=\"#m3\">Napoje ro\u015blinne &#8211; alternatywa dla mleka krowiego?<\/a>\n<ul class=\"wp-block-list\">\n<li><a href=\"#m4\">Przegl\u0105d napoj\u00f3w ro\u015blinnych<\/a><\/li>\n<\/ul>\n<\/li>\n\n\n\n<li><a href=\"#a5\">Czym zast\u0105pi\u0107 produkty mleczne na diecie eliminacyjnej?<\/a><\/li>\n<\/ol>\n\n\n\n<h2 class=\"wp-block-heading\" id=\"m1\">Dieta eliminacyjna &#8211; na czym polega?<\/h2>\n\n\n\n<p><strong>Dieta eliminacyjna<\/strong> to czasowe lub sta\u0142e usuni\u0119cie z \u017cywienia \u017ale tolerowanych produkt\u00f3w przy jednoczesnym wprowadzeniu sk\u0142adnik\u00f3w o podobnych w\u0142a\u015bciwo\u015bciach od\u017cywczych.<\/p>\n\n\n\n<p>Jest to trudny i wymagaj\u0105cy proces dlatego<strong> decyzja o diecie eliminacyjnej powinna zosta\u0107 podj\u0119ta w oparciu o obserwacje kliniczne, wyniki bada\u0144 (pr\u00f3ba prowokacji i eliminacji, IgE specyficzne dla alergen\u00f3w pokarmowych, testy sk\u00f3rne) i wywiad<\/strong>.<\/p>\n\n\n\n<p>Zawsze nale\u017cy zestawi\u0107 wyniki z objawami. W tym celu niezb\u0119dne jest prowadzenie dzienniczk\u00f3w dietetycznych, w kt\u00f3rych pacjenci zapisuj\u0105 spo\u017cywane produkty i ewentualne pojawienie si\u0119 zaostrzenia zmian sk\u00f3rnych.<\/p>\n\n\n\n<p>Je\u015bli wida\u0107 zwi\u0105zek pomi\u0119dzy spo\u017cywanymi produktami a zaostrzeniem objaw\u00f3w mo\u017cna przemy\u015ble\u0107, pod opiek\u0105 lekarza prowadz\u0105cego oraz dietetyka, diet\u0119 eliminuj\u0105c\u0105 dany alergen.<\/p>\n\n\n\n<p>Wed\u0142ug dost\u0119pnej wiedzy medycznej <strong>brak jest podstaw do stosowania przez kobiety ci\u0119\u017carne eliminacji w celu zapobiegania wyst\u0105pienia u dzieci problem\u00f3w alergicznych<\/strong>. Wycofanie potencjalnie alergizuj\u0105cych pokarm\u00f3w nie ma wp\u0142ywu na mniejsz\u0105 cz\u0119sto\u015b\u0107 alergii u potomstwa. Niewskazane jest r\u00f3wnie\u017c, aby profilaktycznie zaleca\u0107 diet\u0119 eliminacyjn\u0105 matkom karmi\u0105cym. Wiemy, \u017ce w mleku kobiecym s\u0105 alergeny pokarmowe pochodz\u0105ce z diety matki, ale wyst\u0119puj\u0105 one w du\u017co ni\u017cszym st\u0119\u017ceniu. Dodatkowo w mleku kobiecym znajduje si\u0119 ponad 2600 bia\u0142ek &#8211; bioaktywne moleku\u0142y, kt\u00f3re mo\u017cna traktowa\u0107&nbsp; jako immunoterapi\u0119 i trening dla uk\u0142adu immunologicznego dziecka.<\/p>\n\n\n\n<p>Temat <a href=\"https:\/\/www.alab.pl\/centrum-wiedzy\/alergia-pokarmowa\/\">alergii pokarmowych<\/a> jest do\u015b\u0107 powszechny i niestety dotyka coraz wi\u0119kszej liczby dzieci.<\/p>\n\n\n\n<h2 class=\"wp-block-heading\" id=\"m2\">Alergia na bia\u0142ko mleka krowiego<\/h2>\n\n\n\n<p><strong>Alergia na bia\u0142ko mleka krowiego<\/strong> jest najcz\u0119\u015bciej i najwcze\u015bniej&nbsp;wyst\u0119puj\u0105c\u0105 alergi\u0105 pokarmow\u0105 u dzieci. W przypadku reakcji niezale\u017cnej od przeciwcia\u0142 IgE, mimo dotkliwych objaw\u00f3w, pojawiaj\u0105 si\u0119 problemy diagnostyczne. Im p\u00f3\u017aniejsza diagnoza i eliminacja tym wi\u0119ksze ryzyko os\u0142abienia nab\u0142onka jelitowego, a to prowadzi do rozwoju reakcji alergicznej. U wi\u0119kszo\u015bci dzieci tolerancja na mleko krowie pojawia si\u0119 <strong>oko\u0142o 5. roku \u017cycia<\/strong>, ale odnotowujemy odsetek pacjent\u00f3w, u kt\u00f3rych objawy alergii nie ust\u0119puj\u0105 i mog\u0105 si\u0119 utrzymywa\u0107 przez ca\u0142e \u017cycie.<\/p>\n\n\n\n<p>Przy alergii na <strong>bia\u0142ko mleka krowiego <\/strong>(zale\u017cnej od przeciwcia\u0142 IgE) reakcje obserwujemy<strong> <\/strong>nie tylko mleko krowie, ale <strong>r\u00f3wnie\u017c mleko kozie, bawole, owcze oraz ko\u0144skie.<\/strong><\/p>\n\n\n\n<p>Nale\u017cy zwr\u00f3ci\u0107 uwag\u0119 na produkty zawieraj\u0105ce bia\u0142ko mleka krowiego lub innego pochodzenia:<\/p>\n\n\n\n<p><em>hydrolizat bia\u0142ka mleka, kazeina, serwatka, bia\u0142ko serwatkowe, laktoalbumina, laktoglobulina, mleko w proszku, \u015bmietana, kwa\u015bna \u015bmietana, mas\u0142o, mas\u0142o klarowane, creme fraiche, ma\u015blanka, mleko zsiad\u0142e, kefir, mleko skondensowane, jogurt, ser, twar\u00f3g \/ ser bia\u0142y,<\/em><\/p>\n\n\n\n<p>oraz na takie, kt\u00f3re mog\u0105 zawiera\u0107 bia\u0142ko mleka krowiego lub innego pochodzenia:<\/p>\n\n\n\n<p><em>czekolada, t\u0142uszcze ro\u015blinne do smarowania pieczywa, wypieki, lody, nugat, desery, zabielacz do kawy, margaryna, puree ziemniaczane<\/em>.<\/p>\n\n\n\n<p>Mleko jest \u017ar\u00f3d\u0142em bia\u0142ka, t\u0142uszczu, <a href=\"https:\/\/www.alab.pl\/centrum-wiedzy\/wapn-podstawowy-pierwiastek-ukladu-kostnego\/\">wapnia<\/a>, fosforu, witamin A, <a href=\"https:\/\/www.alab.pl\/centrum-wiedzy\/witamina-d-suplementacja\/\">D<\/a>, E, K oraz wit. z grupy B.<\/p>\n\n\n\n<p>Zawarto\u015b\u0107 bia\u0142ka w mleku krowim (obejmuj\u0105cym ponad 20 protein) wynosi od 2,5 do 4,2% i jest oko\u0142o 1,5-2-krotnie wy\u017csza ni\u017c w mleku ludzkim. <strong>\u03b2-laktoglobulina<\/strong> (brak jej w mleku kobiecym) i <strong>kazeina<\/strong> to <strong>podstawowe alergeny wyst\u0119puj\u0105ce w mleku krowim<\/strong>.<\/p>\n\n\n\n<figure class=\"wp-block-image size-full\"><a href=\"https:\/\/www.alab.pl\/pakiet\/alergia-na-mleko-krowie\" target=\"_blank\" rel=\"noreferrer noopener\"><img loading=\"lazy\" decoding=\"async\" width=\"800\" height=\"200\" src=\"https:\/\/www.alab.pl\/centrum-wiedzy\/wp-content\/uploads\/2023\/08\/Pakiet-alergia-na-mleko-krowie-4-badania-jpg.webp\" alt=\"pakiet alergia na mleko krowie\" class=\"wp-image-8441\" srcset=\"https:\/\/www.alab.pl\/centrum-wiedzy\/wp-content\/uploads\/2023\/08\/Pakiet-alergia-na-mleko-krowie-4-badania-jpg.webp 800w, https:\/\/www.alab.pl\/centrum-wiedzy\/wp-content\/uploads\/2023\/08\/Pakiet-alergia-na-mleko-krowie-4-badania-jpg-768x192.webp 768w, https:\/\/www.alab.pl\/centrum-wiedzy\/wp-content\/uploads\/2023\/08\/Pakiet-alergia-na-mleko-krowie-4-badania-jpg-150x38.webp 150w, https:\/\/www.alab.pl\/centrum-wiedzy\/wp-content\/uploads\/2023\/08\/Pakiet-alergia-na-mleko-krowie-4-badania-jpg-300x75.webp 300w, https:\/\/www.alab.pl\/centrum-wiedzy\/wp-content\/uploads\/2023\/08\/Pakiet-alergia-na-mleko-krowie-4-badania-jpg-696x174.webp 696w\" sizes=\"auto, (max-width: 800px) 100vw, 800px\" \/><\/a><\/figure>\n\n\n\n<p><strong>Laktoza to cukier wyst\u0119puj\u0105cy w mleku a <a href=\"https:\/\/www.alab.pl\/centrum-wiedzy\/nietolerancja-laktozy\/\">nietolerancja laktozy<\/a> zwi\u0105zana jest z&nbsp; brakiem enzymu laktazy \u2013 nie nale\u017cy tego myli\u0107 z alergi\u0105!<\/strong><\/p>\n\n\n\n<p>W przypadku nietolerancji laktozy wystarczy wprowadzi\u0107 produkty oznaczone przez producenta jako bez laktozy.<\/p>\n\n\n\n<h2 class=\"wp-block-heading\" id=\"m3\">Napoje ro\u015blinne &#8211; alternatywa dla mleka krowiego?<\/h2>\n\n\n\n<p>Obserwujemy tendencj\u0119 zast\u0119powania mleka odzwierz\u0119cego, <strong>napojami ro\u015blinnymi<\/strong>. W 2007 roku przepisy szczeg\u00f3\u0142owo okre\u015bli\u0142y, \u017ce termin mleko jest zarezerwowane tylko i wy\u0142\u0105cznie dla wydzieliny wymion ssak\u00f3w.<\/p>\n\n\n\n<p>Napoje ro\u015blinne powstaj\u0105ce na drodze wodnej ekstrakcji nasion oleistych oraz orzech\u00f3w nie mog\u0105 by\u0107 nazywane mlekiem, aby nie wprowadza\u0107 konsumenta w b\u0142\u0105d.<\/p>\n\n\n\n<p><strong>Na rynku dost\u0119pne s\u0105 napoje ro\u015blinne otrzymywane:<\/strong><\/p>\n\n\n\n<ul class=\"wp-block-list\">\n<li>&nbsp;z nasion ro\u015blin str\u0105czkowych (sojowe),<\/li>\n\n\n\n<li>ze zb\u00f3\u017c (ry\u017cowe, owsiane, jaglane, orkiszowe, gryczane),<\/li>\n\n\n\n<li>pestek lub orzech\u00f3w (migda\u0142owe, z orzech\u00f3w laskowych),<\/li>\n\n\n\n<li>kokosa,<\/li>\n\n\n\n<li>konopi.<\/li>\n<\/ul>\n\n\n\n<p><strong>W obiegowej opinii napoje ro\u015blinne s\u0105 traktowane jako zamiennik mleka.<\/strong><\/p>\n\n\n\n<p>Niezale\u017cnie od surowca <strong>warto\u015b\u0107 od\u017cywcza mleka odzwierz\u0119cego b\u0119dzie inna ni\u017c napoju ro\u015blinnego<\/strong>. Co wa\u017cne, niemo\u017cliwe jest r\u00f3wnie\u017c przeniesienie warto\u015bci od\u017cywczej z surowca ro\u015blinnego na gotowy produkt. Procentowy udzia\u0142 surowca (orzecha, zbo\u017ca, pestek) &nbsp; ostatecznie w&nbsp; napoju ro\u015blinnym dochodzi \u015brednio do 6%, reszt\u0119 stanowi woda. Warto\u015b\u0107 od\u017cywcza takiego produktu b\u0119dzie du\u017co ni\u017csza.&nbsp;&nbsp;<\/p>\n\n\n\n<p><strong>Dodatkowo nale\u017cy wybiera\u0107 napoje ro\u015blinne fortyfikowane, wzbogacane o wap\u0144, wit. D, <a href=\"https:\/\/www.alab.pl\/centrum-wiedzy\/niedobor-zelaza-w-organizmie\/\">\u017celazo<\/a>, cynk czy <a href=\"https:\/\/www.alab.pl\/centrum-wiedzy\/niedobor-witaminy-b12\/\">wit. B12<\/a>.<\/strong><\/p>\n\n\n\n<p>Warto czyta\u0107 dok\u0142adnie etykiety, poniewa\u017c cze\u015b\u0107 napoj\u00f3w ro\u015blinnych mo\u017ce zawiera\u0107 dodatek zag\u0119stnik\u00f3w, stabilizator\u00f3w i emulgator\u00f3w oraz cukier, fruktoz\u0119, maltodekstryn\u0119, s\u00f3l.<\/p>\n\n\n\n<p>Wed\u0142ug Zasad \u017cywienia zdrowych niemowl\u0105t Stanowiska Polskiego Towarzystwa Gastroenterologii, Hepatologii i \u017bywienia Dzieci z 2021 roku <strong>bezmleczne napoje ro\u015blinne nie pokrywaj\u0105 podstawowego zapotrzebowania dziecka w 1. roku \u017cycia na sk\u0142adniki od\u017cywcze. Nie mog\u0105 stanowi\u0107 alternatywy dla preparat\u00f3w mlekozast\u0119pczych.&nbsp;<\/strong><\/p>\n\n\n\n<h3 class=\"wp-block-heading\" id=\"m4\">Przegl\u0105d napoj\u00f3w ro\u015blinnych<\/h3>\n\n\n\n<p><strong>Nap\u00f3j sojowy<\/strong> &#8211; pod wzgl\u0119dem zawarto\u015bci bia\u0142ka najbardziej podobny do mleka. Bia\u0142ko sojowe mo\u017ce wywo\u0142ywa\u0107 reakcje alergiczne (cz\u0119sto wsp\u00f3\u0142towarzysz\u0105ca jest alergia na bia\u0142ko mleka i bia\u0142ko soi). Kontrowersyjnymi sk\u0142adnikami produkt\u00f3w sojowych s\u0105 tak\u017ce fitoestrogeny, kt\u00f3re mog\u0105 powodowa\u0107 zachwianie <a href=\"https:\/\/www.alab.pl\/centrum-wiedzy\/rownowaga-hormonalna-u-kobiet\/\">r\u00f3wnowagi hormonalnej<\/a>. Z drugiej strony fitoestrogeny maj\u0105 korzystny wp\u0142yw na \u0142agodzenie skutk\u00f3w przemian hormonalnych u kobiet w okresie <a href=\"https:\/\/www.alab.pl\/centrum-wiedzy\/menopauza-wazny-okres-w-zyciu-kobiety\/\">menopauzy<\/a>. Plusem napoju sojowego jest zawarto\u015b\u0107 lecytyny (fosfolipid), kt\u00f3ra ma istotne znaczenie dla funkcjonowania uk\u0142adu neurologicznego.<\/p>\n\n\n\n<p><strong>Nap\u00f3j ry\u017cowy<\/strong> \u2013 ziarno ry\u017cu jest bogate w skrobi\u0119 i zawiera najwi\u0119cej w\u0119glowodan\u00f3w w\u015br\u00f3d napoj\u00f3w ro\u015blinnych &#8211; prawie trzy razy wi\u0119cej w por\u00f3wnaniu do mleka krowiego. Zawarto\u015b\u0107 bia\u0142ka oko\u0142o 1% &#8211; niewskazany dla najm\u0142odszych ze wzgl\u0119du na kumulacj\u0119 <a href=\"https:\/\/www.alab.pl\/centrum-wiedzy\/arsen-marker-ryzyka-nowotworu-piersi\/\">arsenu<\/a>.<\/p>\n\n\n\n<p><strong>Nap\u00f3j z owsa<\/strong> &#8211; zawiera b\u0142onniki- \u00df-glukany, kt\u00f3re maj\u0105 w\u0142a\u015bciwo\u015bci immunomoduluj\u0105ce, przeciwzapalne, przeciwnowotworowe i prebiotyczne tzn. stymuluje rozw\u00f3j prawid\u0142owego <a href=\"https:\/\/www.alab.pl\/centrum-wiedzy\/mikrobiota-jelitowa\/\">mikrobiomu jelit<\/a>, a tak\u017ce poprawia perystaltyk\u0119 jelit. Owies zawiera \u017celazo, potas, wap\u0144, <a href=\"https:\/\/www.alab.pl\/centrum-wiedzy\/magnez-zapotrzebowanie-zrodla-suplementacja\/\">magnez<\/a>, cynk i <a href=\"https:\/\/www.alab.pl\/centrum-wiedzy\/selen\/\">selen<\/a> oraz witaminy z grupy B. Bia\u0142ko owsa cechuje si\u0119 zawarto\u015bci\u0105 aminokwas\u00f3w egzogennych.<\/p>\n\n\n\n<p><strong>Nap\u00f3j kokosowy<\/strong> (to nie to samo co woda kokosowa) &#8211; jest bogaty w b\u0142onnik, witamin\u0119&nbsp; E&nbsp; i z grupy B, \u017celazo, selen, wap\u0144, s\u00f3d, magnez i fosfor. Zawiera \u015brednio\u0142a\u0144cuchowe nasycone kwasy t\u0142uszczowe, w tym kwas laurynowy. Nap\u00f3j cechuje niska zawarto\u015bci\u0105 cukru i kremow\u0105 konsystencj\u0105 \u2013 dlatego jest dobr\u0105 alternatyw\u0105 dla \u015bmietanki.<\/p>\n\n\n\n<p><strong>Nap\u00f3j migda\u0142owy<\/strong> \u2013 warto\u015b\u0107 napoju wi\u0105\u017ce si\u0119 z tym, \u017ce migda\u0142y maj\u0105 wysok\u0105 zawarto\u015b\u0107 t\u0142uszcz\u00f3w jednonienasyconych, ma\u0142\u0105 kwas\u00f3w nasyconych, istotn\u0105 zawarto\u015bci\u0105 witaminy E, magnezu, potasu i \u0142atwo dost\u0119pnego wapnia.<\/p>\n\n\n\n<p><strong>Nap\u00f3j z konopi<\/strong> \u2013 ma charakterystyczny orzechowy smak i jest bogaty w kwasy omega-3, zawiera fitosterole, <a href=\"https:\/\/www.alab.pl\/centrum-wiedzy\/witamina-c-niewielka-czasteczka-o-wielkim-znaczeniu\/\">witamin\u0119 C<\/a>, wit. z grupy B, beta-karoten, wap\u0144, \u017celazo, potas, fosfor oraz 10 egzogennych aminokwas\u00f3w, czyli takich, kt\u00f3rych organizm nie jest w stanie sam wytworzy\u0107.<\/p>\n\n\n\n<h2 class=\"wp-block-heading\" id=\"a5\">Czym zast\u0105pi\u0107 produkty mleczne na diecie eliminacyjnej?<\/h2>\n\n\n\n<ul class=\"wp-block-list\">\n<li>Warto pami\u0119ta\u0107, \u017ce smak sera uzyskamy, u\u017cywaj\u0105c p\u0142atki dro\u017cd\u017cowe lub tempeh, czyli przefermentowan\u0105 soj\u0119.<\/li>\n\n\n\n<li>Twaro\u017cek mo\u017cna przygotowa\u0107 z orzech\u00f3w nerkowca.<\/li>\n\n\n\n<li>\u015amietan\u0119 zast\u0105pimy mleczkiem kokosowym lub \u015bmietan\u0105 sojow\u0105.<\/li>\n\n\n\n<li>Na rynku znajdziemy jogurty ro\u015blinne z kokosa, nerkowca czy migda\u0142\u00f3w.<\/li>\n\n\n\n<li>Dobr\u0105 alternatyw\u0105 dla tradycyjnych lod\u00f3w s\u0105 mro\u017cone owoce zblendowane z napojem kokosowym lub ro\u015blinnym jogurtem.<\/li>\n\n\n\n<li>Produkty bogate w wap\u0144, o kt\u00f3re warto zadba\u0107 na diecie bez mleka to figi, sezam, pasta tahini, broku\u0142y, pomara\u0144cze, migda\u0142y i fasola.<\/li>\n<\/ul>\n\n\n\n<p><strong>Nieodpowiednio prowadzona dieta eliminacyjna mo\u017ce prowadzi\u0107 do powik\u0142a\u0144 pod postaci\u0105 niedoboru masy cia\u0142a i wzrostu, niedo\u017cywienia, hipowitaminozy.<\/strong><\/p>\n\n\n\n<p>Sama masa cia\u0142a nie \u015bwiadczy o od\u017cywieniu. Odnotowujemy wiele przypadk\u00f3w pacjent\u00f3w z nadwag\u0105\/oty\u0142o\u015bci\u0105 z r\u00f3wnoczesnym niedo\u017cywieniem jako\u015bciowym.<\/p>\n\n\n\n<p><strong>Ka\u017cde restrykcje powinny by\u0107 wprowadzane na podstawie wynik\u00f3w bada\u0144 w zestawieniu z objawami. Zawsze warto zasi\u0119gn\u0105\u0107 porady u lekarza oraz dietetyka, kt\u00f3ry pomo\u017ce prawid\u0142owo zbilansowa\u0107 diet\u0119.<\/strong><\/p>\n","protected":false},"excerpt":{"rendered":"<p>Jakie mog\u0105 by\u0107 przyczyny alergii na mleko krowie i czym zast\u0105pi\u0107 produkty mleczne na diecie eliminacyjnej?<\/p>\n","protected":false},"author":147,"featured_media":8443,"comment_status":"closed","ping_status":"open","sticky":false,"template":"","format":"standard","meta":{"_acf_changed":false,"inline_featured_image":false,"footnotes":""},"categories":[4,17],"tags":[],"coauthors":[174],"class_list":{"0":"post-8435","1":"post","2":"type-post","3":"status-publish","4":"format-standard","5":"has-post-thumbnail","7":"category-alergia","8":"category-dieta"},"acf":[],"yoast_head":"<!-- This site is optimized with the Yoast SEO plugin v27.5 - https:\/\/yoast.com\/product\/yoast-seo-wordpress\/ -->\n<title>Alergia na bia\u0142ko mleka i nietolerancja laktozy - ALAB Laboratoria<\/title>\n<meta name=\"description\" content=\"Na czym polega dieta eliminacyjna przy nietolerancji laktozy i bia\u0142ka mleka? Praktyczne porady w Centrum Wiedzy ALAB Laboratoria.\" \/>\n<meta name=\"robots\" content=\"index, follow, max-snippet:-1, max-image-preview:large, max-video-preview:-1\" \/>\n<link rel=\"canonical\" href=\"https:\/\/www.alab.pl\/centrum-wiedzy\/alergia-na-bialko-mleka-dieta-eliminacyjna\/\" \/>\n<meta property=\"og:locale\" content=\"pl_PL\" \/>\n<meta property=\"og:type\" content=\"article\" \/>\n<meta property=\"og:title\" content=\"Alergia na bia\u0142ko mleka i nietolerancja laktozy - ALAB Laboratoria\" \/>\n<meta property=\"og:description\" content=\"Na czym polega dieta eliminacyjna przy nietolerancji laktozy i bia\u0142ka mleka? Praktyczne porady w Centrum Wiedzy ALAB Laboratoria.\" \/>\n<meta property=\"og:url\" content=\"https:\/\/www.alab.pl\/centrum-wiedzy\/alergia-na-bialko-mleka-dieta-eliminacyjna\/\" \/>\n<meta property=\"og:site_name\" content=\"Centrum Wiedzy ALAB laboratoria\" \/>\n<meta property=\"article:publisher\" content=\"https:\/\/www.facebook.com\/ALABlaboratoria\" \/>\n<meta property=\"article:published_time\" content=\"2023-08-31T14:13:20+00:00\" \/>\n<meta property=\"og:image\" content=\"https:\/\/www.alab.pl\/centrum-wiedzy\/wp-content\/uploads\/2023\/08\/alergia-na-mleko-krowie-jpg.webp\" \/>\n\t<meta property=\"og:image:width\" content=\"1200\" \/>\n\t<meta property=\"og:image:height\" content=\"801\" \/>\n\t<meta property=\"og:image:type\" content=\"image\/webp\" \/>\n<meta name=\"author\" content=\"Karolina Ch\u0119\u015b\" \/>\n<meta name=\"twitter:card\" content=\"summary_large_image\" \/>\n<meta name=\"twitter:label1\" content=\"Napisane przez\" \/>\n\t<meta name=\"twitter:data1\" content=\"Karolina Ch\u0119\u015b\" \/>\n\t<meta name=\"twitter:label2\" content=\"Szacowany czas czytania\" \/>\n\t<meta name=\"twitter:data2\" content=\"7 minut\" \/>\n\t<meta name=\"twitter:label3\" content=\"Written by\" \/>\n\t<meta name=\"twitter:data3\" content=\"Karolina Ch\u0119\u015b\" \/>\n<!-- \/ Yoast SEO plugin. -->","yoast_head_json":{"title":"Alergia na bia\u0142ko mleka i nietolerancja laktozy - ALAB Laboratoria","description":"Na czym polega dieta eliminacyjna przy nietolerancji laktozy i bia\u0142ka mleka? Praktyczne porady w Centrum Wiedzy ALAB Laboratoria.","robots":{"index":"index","follow":"follow","max-snippet":"max-snippet:-1","max-image-preview":"max-image-preview:large","max-video-preview":"max-video-preview:-1"},"canonical":"https:\/\/www.alab.pl\/centrum-wiedzy\/alergia-na-bialko-mleka-dieta-eliminacyjna\/","og_locale":"pl_PL","og_type":"article","og_title":"Alergia na bia\u0142ko mleka i nietolerancja laktozy - ALAB Laboratoria","og_description":"Na czym polega dieta eliminacyjna przy nietolerancji laktozy i bia\u0142ka mleka? Praktyczne porady w Centrum Wiedzy ALAB Laboratoria.","og_url":"https:\/\/www.alab.pl\/centrum-wiedzy\/alergia-na-bialko-mleka-dieta-eliminacyjna\/","og_site_name":"Centrum Wiedzy ALAB laboratoria","article_publisher":"https:\/\/www.facebook.com\/ALABlaboratoria","article_published_time":"2023-08-31T14:13:20+00:00","og_image":[{"width":1200,"height":801,"url":"https:\/\/www.alab.pl\/centrum-wiedzy\/wp-content\/uploads\/2023\/08\/alergia-na-mleko-krowie-jpg.webp","type":"image\/webp"}],"author":"Karolina Ch\u0119\u015b","twitter_card":"summary_large_image","twitter_misc":{"Napisane przez":"Karolina Ch\u0119\u015b","Szacowany czas czytania":"7 minut","Written by":"Karolina Ch\u0119\u015b"},"schema":{"@context":"https:\/\/schema.org","@graph":[{"@type":"Article","@id":"https:\/\/www.alab.pl\/centrum-wiedzy\/alergia-na-bialko-mleka-dieta-eliminacyjna\/#article","isPartOf":{"@id":"https:\/\/www.alab.pl\/centrum-wiedzy\/alergia-na-bialko-mleka-dieta-eliminacyjna\/"},"author":{"name":"Karolina Ch\u0119\u015b","@id":"https:\/\/www.alab.pl\/centrum-wiedzy\/#\/schema\/person\/7601aec4adb2f9780212bb3976e315b2"},"headline":"Alergia na bia\u0142ko mleka i nietolerancja laktozy, czyli dieta eliminacyjna w praktyce","datePublished":"2023-08-31T14:13:20+00:00","mainEntityOfPage":{"@id":"https:\/\/www.alab.pl\/centrum-wiedzy\/alergia-na-bialko-mleka-dieta-eliminacyjna\/"},"wordCount":1433,"publisher":{"@id":"https:\/\/www.alab.pl\/centrum-wiedzy\/#organization"},"image":{"@id":"https:\/\/www.alab.pl\/centrum-wiedzy\/alergia-na-bialko-mleka-dieta-eliminacyjna\/#primaryimage"},"thumbnailUrl":"https:\/\/www.alab.pl\/centrum-wiedzy\/wp-content\/uploads\/2023\/08\/alergia-na-mleko-krowie-jpg.webp","articleSection":["Alergia","Dieta i suplementacja"],"inLanguage":"pl-PL"},{"@type":"WebPage","@id":"https:\/\/www.alab.pl\/centrum-wiedzy\/alergia-na-bialko-mleka-dieta-eliminacyjna\/","url":"https:\/\/www.alab.pl\/centrum-wiedzy\/alergia-na-bialko-mleka-dieta-eliminacyjna\/","name":"Alergia na bia\u0142ko mleka i nietolerancja laktozy - ALAB Laboratoria","isPartOf":{"@id":"https:\/\/www.alab.pl\/centrum-wiedzy\/#website"},"primaryImageOfPage":{"@id":"https:\/\/www.alab.pl\/centrum-wiedzy\/alergia-na-bialko-mleka-dieta-eliminacyjna\/#primaryimage"},"image":{"@id":"https:\/\/www.alab.pl\/centrum-wiedzy\/alergia-na-bialko-mleka-dieta-eliminacyjna\/#primaryimage"},"thumbnailUrl":"https:\/\/www.alab.pl\/centrum-wiedzy\/wp-content\/uploads\/2023\/08\/alergia-na-mleko-krowie-jpg.webp","datePublished":"2023-08-31T14:13:20+00:00","description":"Na czym polega dieta eliminacyjna przy nietolerancji laktozy i bia\u0142ka mleka? Praktyczne porady w Centrum Wiedzy ALAB Laboratoria.","breadcrumb":{"@id":"https:\/\/www.alab.pl\/centrum-wiedzy\/alergia-na-bialko-mleka-dieta-eliminacyjna\/#breadcrumb"},"inLanguage":"pl-PL","potentialAction":[{"@type":"ReadAction","target":["https:\/\/www.alab.pl\/centrum-wiedzy\/alergia-na-bialko-mleka-dieta-eliminacyjna\/"]}]},{"@type":"ImageObject","inLanguage":"pl-PL","@id":"https:\/\/www.alab.pl\/centrum-wiedzy\/alergia-na-bialko-mleka-dieta-eliminacyjna\/#primaryimage","url":"https:\/\/www.alab.pl\/centrum-wiedzy\/wp-content\/uploads\/2023\/08\/alergia-na-mleko-krowie-jpg.webp","contentUrl":"https:\/\/www.alab.pl\/centrum-wiedzy\/wp-content\/uploads\/2023\/08\/alergia-na-mleko-krowie-jpg.webp","width":1200,"height":801,"caption":"alergia na mleko krowie"},{"@type":"BreadcrumbList","@id":"https:\/\/www.alab.pl\/centrum-wiedzy\/alergia-na-bialko-mleka-dieta-eliminacyjna\/#breadcrumb","itemListElement":[{"@type":"ListItem","position":1,"name":"Strona g\u0142\u00f3wna","item":"https:\/\/www.alab.pl\/centrum-wiedzy\/"},{"@type":"ListItem","position":2,"name":"Alergia na bia\u0142ko mleka i nietolerancja laktozy, czyli dieta eliminacyjna w praktyce"}]},{"@type":"WebSite","@id":"https:\/\/www.alab.pl\/centrum-wiedzy\/#website","url":"https:\/\/www.alab.pl\/centrum-wiedzy\/","name":"Centrum Wiedzy ALAB laboratoria","description":"","publisher":{"@id":"https:\/\/www.alab.pl\/centrum-wiedzy\/#organization"},"potentialAction":[{"@type":"SearchAction","target":{"@type":"EntryPoint","urlTemplate":"https:\/\/www.alab.pl\/centrum-wiedzy\/?s={search_term_string}"},"query-input":{"@type":"PropertyValueSpecification","valueRequired":true,"valueName":"search_term_string"}}],"inLanguage":"pl-PL"},{"@type":"Organization","@id":"https:\/\/www.alab.pl\/centrum-wiedzy\/#organization","name":"Centrum Wiedzy ALAB laboratoria","url":"https:\/\/www.alab.pl\/centrum-wiedzy\/","logo":{"@type":"ImageObject","inLanguage":"pl-PL","@id":"https:\/\/www.alab.pl\/centrum-wiedzy\/#\/schema\/logo\/image\/","url":"https:\/\/www.alab.pl\/centrum-wiedzy\/wp-content\/uploads\/2022\/04\/alabek.jpg","contentUrl":"https:\/\/www.alab.pl\/centrum-wiedzy\/wp-content\/uploads\/2022\/04\/alabek.jpg","width":1250,"height":1251,"caption":"Centrum Wiedzy ALAB laboratoria"},"image":{"@id":"https:\/\/www.alab.pl\/centrum-wiedzy\/#\/schema\/logo\/image\/"},"sameAs":["https:\/\/www.facebook.com\/ALABlaboratoria"]},{"@type":"Person","@id":"https:\/\/www.alab.pl\/centrum-wiedzy\/#\/schema\/person\/7601aec4adb2f9780212bb3976e315b2","name":"Karolina Ch\u0119\u015b","image":{"@type":"ImageObject","inLanguage":"pl-PL","@id":"https:\/\/www.alab.pl\/centrum-wiedzy\/wp-content\/uploads\/2023\/08\/Karolina-Ches-150x150.png3b7fb7034516eefe541ebcc37be44adc","url":"https:\/\/www.alab.pl\/centrum-wiedzy\/wp-content\/uploads\/2023\/08\/Karolina-Ches-150x150.png","contentUrl":"https:\/\/www.alab.pl\/centrum-wiedzy\/wp-content\/uploads\/2023\/08\/Karolina-Ches-150x150.png","caption":"Karolina Ch\u0119\u015b"},"description":"Dietetyk kliniczny, fitoterapeuta, wyk\u0142adowca akademicki, specjalista przyjazny insulinoopornym. Prowadzi pacjent\u00f3w z insulinooporno\u015bci\u0105, cukrzyc\u0105, zespo\u0142em metabolicznym- (nadwaga, oty\u0142o\u015b\u0107), chorobami autoimmunologicznymi, chorobami uk\u0142adu pokarmowego, chorobami onkologicznymi, niep\u0142odno\u015bci\u0105, kobiety przygotowuj\u0105ce si\u0119 do ci\u0105\u017cy, w ci\u0105\u017cy, dzieci i m\u0142odzie\u017c z nadwag\u0105 i oty\u0142o\u015bci\u0105 oraz z niedo\u017cywieniem i wybi\u00f3rczo\u015bci\u0105 pokarmow\u0105, alergiami.","sameAs":["https:\/\/www.akademiarownowagi.pl\/"],"url":"https:\/\/www.alab.pl\/centrum-wiedzy\/author\/karolina-ches\/"}]}},"_links":{"self":[{"href":"https:\/\/www.alab.pl\/centrum-wiedzy\/wp-json\/wp\/v2\/posts\/8435","targetHints":{"allow":["GET"]}}],"collection":[{"href":"https:\/\/www.alab.pl\/centrum-wiedzy\/wp-json\/wp\/v2\/posts"}],"about":[{"href":"https:\/\/www.alab.pl\/centrum-wiedzy\/wp-json\/wp\/v2\/types\/post"}],"author":[{"embeddable":true,"href":"https:\/\/www.alab.pl\/centrum-wiedzy\/wp-json\/wp\/v2\/users\/147"}],"replies":[{"embeddable":true,"href":"https:\/\/www.alab.pl\/centrum-wiedzy\/wp-json\/wp\/v2\/comments?post=8435"}],"version-history":[{"count":0,"href":"https:\/\/www.alab.pl\/centrum-wiedzy\/wp-json\/wp\/v2\/posts\/8435\/revisions"}],"wp:featuredmedia":[{"embeddable":true,"href":"https:\/\/www.alab.pl\/centrum-wiedzy\/wp-json\/wp\/v2\/media\/8443"}],"wp:attachment":[{"href":"https:\/\/www.alab.pl\/centrum-wiedzy\/wp-json\/wp\/v2\/media?parent=8435"}],"wp:term":[{"taxonomy":"category","embeddable":true,"href":"https:\/\/www.alab.pl\/centrum-wiedzy\/wp-json\/wp\/v2\/categories?post=8435"},{"taxonomy":"post_tag","embeddable":true,"href":"https:\/\/www.alab.pl\/centrum-wiedzy\/wp-json\/wp\/v2\/tags?post=8435"},{"taxonomy":"author","embeddable":true,"href":"https:\/\/www.alab.pl\/centrum-wiedzy\/wp-json\/wp\/v2\/coauthors?post=8435"}],"curies":[{"name":"wp","href":"https:\/\/api.w.org\/{rel}","templated":true}]}}