{"id":8604,"date":"2023-08-21T08:36:54","date_gmt":"2023-08-21T06:36:54","guid":{"rendered":"https:\/\/sklep.alablaboratoria.pl\/centrum-wiedzy\/?p=8604"},"modified":"2023-08-21T08:36:54","modified_gmt":"2023-08-21T06:36:54","slug":"zapytaj-eksperta-tarczyca-cz-2-przeciwciala-i-choroby-autoimmunologiczne-tarczycy","status":"publish","type":"post","link":"https:\/\/www.alab.pl\/centrum-wiedzy\/zapytaj-eksperta-tarczyca-cz-2-przeciwciala-i-choroby-autoimmunologiczne-tarczycy\/","title":{"rendered":"Zapytaj eksperta &#8211; Tarczyca cz.2. Przeciwcia\u0142a i choroby autoimmunologiczne tarczycy"},"content":{"rendered":"\n<p><em><strong>Poni\u017cszy artyku\u0142 jest zapisem webinaru, kt\u00f3ry odby\u0142 si\u0119<\/strong><\/em><strong><em> 23.08.2023 r.<\/em><\/strong><\/p>\n\n\n\n<p>W studio ALAB laboratoria go\u015bcili\u015bmy dr Magdalen\u0119 Jagie\u0142\u0142o, lekark\u0119 endokrynolo\u017ck\u0119, kt\u00f3ra od wielu lat popularyzuje wiedz\u0119 na temat uk\u0142adu endokrynnego oraz chor\u00f3b z tego zakresu na uwielbianym przez wszystkich pacjent\u00f3w <a href=\"https:\/\/doktormagda.pl\/\" target=\"_blank\" rel=\"noreferrer noopener\">blogu dr Magda<\/a>, oraz w swoich ksi\u0105\u017ckach. Kilka webinar\u00f3w z pani\u0105 doktor mamy ju\u017c na <a href=\"https:\/\/www.youtube.com\/@ALABlaboratoriaALAB\" target=\"_blank\" rel=\"noreferrer noopener\">naszym kanale na YouTubie<\/a>, je\u015bli chcieliby Pa\u0144stwo wiedzy podanej w spos\u00f3b tradycyjny, czyli w formie prezentacji ze slajdami, to odsy\u0142amy do tamtych webinar\u00f3w. Tym razem przyj\u0119li\u015bmy formu\u0142\u0119, zgodnie z kt\u00f3r\u0105 Pani Doktor odpowiada na pytania zadane przez naszych pacjent\u00f3w.&nbsp;<\/p>\n\n\n\n<p><strong>W tej cz\u0119\u015bci przechodzimy do grupy pyta\u0144 na temat przeciwcia\u0142 i chor\u00f3b autoimmunologicznych tarczycy.<\/strong><\/p>\n\n\n\n<figure class=\"wp-block-embed is-type-video is-provider-youtube wp-block-embed-youtube wp-embed-aspect-16-9 wp-has-aspect-ratio\"><div class=\"wp-block-embed__wrapper\">\n<iframe loading=\"lazy\" title=\"Zapytaj eksperta: Tarczyca\" width=\"696\" height=\"392\" src=\"https:\/\/www.youtube.com\/embed\/lae86xpuGYU?feature=oembed\" frameborder=\"0\" allow=\"accelerometer; autoplay; clipboard-write; encrypted-media; gyroscope; picture-in-picture; web-share\" referrerpolicy=\"strict-origin-when-cross-origin\" allowfullscreen><\/iframe>\n<\/div><\/figure>\n\n\n\n<h2 class=\"wp-block-heading\"><strong>1. Choruj\u0119 na Hashimoto i za\u017cywam hormony tarczycy, ale poziom przeciwcia\u0142 ci\u0105gle jest wysoki. Czy wobec tego warto bra\u0107 hormony? Jak wida\u0107 choroba nie ust\u0119puje.&nbsp;<\/strong><\/h2>\n\n\n\n<p>Zacznijmy od tego, \u017ce <a href=\"https:\/\/www.alab.pl\/centrum-wiedzy\/choroba-hashimoto\/\">choroba Hashimoto<\/a> jest chorob\u0105 autoimmunologiczn\u0105 &#8211; je\u015bli ju\u017c zachorujemy na jak\u0105\u015b chorob\u0119 autoimmunologiczn\u0105, to niestety j\u0105 ju\u017c mamy. Je\u017celi organizm nauczy si\u0119 atakowa\u0107 nasz narz\u0105d (czy to b\u0119dzie trzustka, czy to b\u0119d\u0105 kom\u00f3rki sk\u00f3ry, czyli bielactwo, czy to b\u0119dzie jeszcze inny narz\u0105d) to nasz organizm ju\u017c si\u0119 tego atakowania nie oduczy. Czyli choroba ju\u017c niestety nie ust\u0105pi, a wr\u0119cz b\u0119dzie post\u0119powa\u0107 i szybciej lub wolniej, ale zaczyna uszkadza\u0107 tarczyc\u0119. Dlatego w kt\u00f3rym\u015b momencie decydujemy si\u0119, \u017ceby zacz\u0105\u0107 stosowa\u0107 hormony tarczycy &#8211; tarczyca niedomaga, jest ju\u017c na tyle uszkodzona, \u017ce nie daje sobie rady. W\u00f3wczas hormony maj\u0105 za zadanie uzupe\u0142ni\u0107 to, czego tarczyca nie jest w stanie wyprodukowa\u0107. S\u0105 badania potwierdzaj\u0105ce fakt, i\u017c stosowanie hormon\u00f3w tarczycy mo\u017ce wp\u0142ywa\u0107 korzystnie na obni\u017cenie poziomu przeciwcia\u0142 tarczycowych, ale to nie znaczy, \u017ce choroba zostanie wyleczona, a przeciwcia\u0142a spadn\u0105 i b\u0119dzie mo\u017cna wszystko odstawi\u0107. Hormony s\u0105 w\u0142\u0105czane, aby pacjent nie mia\u0142 objaw\u00f3w <a href=\"https:\/\/www.alab.pl\/centrum-wiedzy\/niedoczynnosc-tarczycy\/\">niedoczynno\u015bci tarczycy<\/a> i dobrze si\u0119 czu\u0142.&nbsp;<\/p>\n\n\n\n<figure class=\"wp-block-image size-full\"><a href=\"https:\/\/www.alab.pl\/pakiet\/pakiet-hashimoto\" target=\"_blank\" rel=\"noreferrer noopener\"><img loading=\"lazy\" decoding=\"async\" width=\"800\" height=\"200\" src=\"https:\/\/www.alab.pl\/centrum-wiedzy\/wp-content\/uploads\/2023\/08\/Pakiet-hashimoto-zawiera-5-badan-jpg.webp\" alt=\"pakiet hashimoto\" class=\"wp-image-8053\" srcset=\"https:\/\/www.alab.pl\/centrum-wiedzy\/wp-content\/uploads\/2023\/08\/Pakiet-hashimoto-zawiera-5-badan-jpg.webp 800w, https:\/\/www.alab.pl\/centrum-wiedzy\/wp-content\/uploads\/2023\/08\/Pakiet-hashimoto-zawiera-5-badan-jpg-768x192.webp 768w, https:\/\/www.alab.pl\/centrum-wiedzy\/wp-content\/uploads\/2023\/08\/Pakiet-hashimoto-zawiera-5-badan-jpg-150x38.webp 150w, https:\/\/www.alab.pl\/centrum-wiedzy\/wp-content\/uploads\/2023\/08\/Pakiet-hashimoto-zawiera-5-badan-jpg-300x75.webp 300w, https:\/\/www.alab.pl\/centrum-wiedzy\/wp-content\/uploads\/2023\/08\/Pakiet-hashimoto-zawiera-5-badan-jpg-696x174.webp 696w\" sizes=\"auto, (max-width: 800px) 100vw, 800px\" \/><\/a><\/figure>\n\n\n\n<h2 class=\"wp-block-heading\"><strong>2. Mam bardzo wysoki poziom przeciwcia\u0142, ale lekarz niczego mi nie zleci\u0142. Co trzeba zrobi\u0107?&nbsp;<\/strong><\/h2>\n\n\n\n<p>Czasami zdarza si\u0119 taka sytuacja, \u017ce pacjent s\u0142yszy, \u017ce na razie s\u0105 wysokie przeciwcia\u0142a, ale poza tym&nbsp; wszystko jest w normie, wi\u0119c czekamy. Czy musimy tak czeka\u0107?&nbsp;&nbsp;<\/p>\n\n\n\n<p>Zacz\u0119\u0142abym od tego, \u017ceby spojrze\u0107 jednak na normy przez pryzmat swojego indywidualnego przypadku. Je\u015bli &#8222;TSH w normie&#8221; oznacza, \u017ce wynosi ono 4 u m\u0142odej dziewczyny, to jednak nie b\u0119dzie to norma i w\u00f3wczas mo\u017cna rozwa\u017cy\u0107 leczenie hormonami tarczycy.&nbsp;Na pewno warto by\u0142oby si\u0119 przyjrze\u0107 ewentualnym niedoborom, np. witamin z grupy B, <a href=\"https:\/\/www.alab.pl\/centrum-wiedzy\/witamina-d-suplementacja\/\">witaminy D3<\/a>, <a href=\"https:\/\/www.alab.pl\/centrum-wiedzy\/niedobor-zelaza-w-organizmie\/\">\u017celaza<\/a>, <a href=\"https:\/\/www.alab.pl\/centrum-wiedzy\/selen\/\">selenu<\/a>, cynku i w\u00f3wczas rozwa\u017cy\u0107 suplementacj\u0119. To s\u0105 takie rzeczy, kt\u00f3re wspomagaj\u0105 leczenie. Poza tym staramy si\u0119 te\u017c unika\u0107 czynnik\u00f3w stresowych, zadba\u0107 o sen, o relaks, unika\u0107 dodatkowych <a href=\"https:\/\/www.alab.pl\/centrum-wiedzy\/infekcja\/\">infekcji<\/a> i sytuacji, kt\u00f3re obci\u0105\u017caj\u0105 nasz organizm.&nbsp;Dbamy o zdrow\u0105 diet\u0119 i regularno\u015b\u0107 rytmu dnia, co bywa najtrudniejsze, ale to akurat ta praca w\u0142asna jest bardzo wa\u017cna. Podsumowuj\u0105c, to nie jest tak, \u017ce nic nie robimy. Na pewno mo\u017cemy tutaj sporo zdzia\u0142a\u0107 tak\u017ce diet\u0105.&nbsp;Na szcz\u0119\u015bcie coraz wi\u0119cej si\u0119 m\u00f3wi, \u017ce to, co jemy, czyli to, co wk\u0142adamy do naszego organizmu, ma wp\u0142yw na to, jak si\u0119 czujemy. \u015amieciowe jedzenie &#8211; du\u017co cukru, soli, olej palmowy &#8211;&nbsp; nie jest dobre nie tylko wtedy, gdy mamy Hashimoto.<\/p>\n\n\n\n<h2 class=\"wp-block-heading\"><strong>3. Czy mog\u0119 mie\u0107 Hashimoto bez niedoczynno\u015bci tarczycy? M\u00f3j lekarz m\u00f3wi, \u017ce nie ma u mnie powodu do za\u017cywania hormon\u00f3w, ale mam kole\u017canki z Hashimoto i one w wi\u0119kszo\u015bci maj\u0105 przepisywane hormony.&nbsp;<\/strong><\/h2>\n\n\n\n<p>Czasem spotykam si\u0119 z takimi w\u0142a\u015bnie pytaniami, czy je\u015bli badania s\u0105 w normie to mog\u0119 mie\u0107 Hashimoto, albo czy b\u0119d\u0119 mia\u0142a. Wi\u0119c jak to jest z t\u0105 niedoczynno\u015bci\u0105 i Hashimoto, jak to si\u0119 do siebie ma?&nbsp; Ot\u00f3\u017c Hashimoto jest chorob\u0105, a niedoczynno\u015b\u0107 jest objawem choroby. Jest troch\u0119 jak gor\u0105czka, kt\u00f3ra jest objawem, a jej przyczyn\u0105 u jednej osoby mo\u017ce by\u0107 zapalenie p\u0142uc, u drugiej zupe\u0142nie inne schorzenie. Niedoczynno\u015b\u0107 wyst\u0105pi w\u00f3wczas, gdy choroba na tyle uszkodzi tarczyc\u0119, \u017ce nie b\u0119dzie ona w stanie produktowa\u0107 hormon\u00f3w, st\u0119\u017cenia <a href=\"https:\/\/www.alab.pl\/badanie\/wolna-tyroksyna-ft4-o69\" target=\"_blank\" rel=\"noreferrer noopener\">fT4<\/a> i <a href=\"https:\/\/www.alab.pl\/badanie\/wolna-trijodotyronina-ft3-o55\" target=\"_blank\" rel=\"noreferrer noopener\">fT3<\/a> b\u0119d\u0105 niskie,&nbsp;a <a href=\"https:\/\/www.alab.pl\/badanie\/tyreotropina-tsh-trzeciej-generacji-l69\" target=\"_blank\" rel=\"noreferrer noopener\">tyreotropina (TSH) <\/a>wysoka. Natomiast pocz\u0105tkowo wyst\u0119puje ju\u017c stan zapalny tarczycy, ale ona ci\u0105gle daje sobie rad\u0119 i produkuje tyle hormon\u00f3w, \u017ce one jeszcze trzymaj\u0105 si\u0119 w normie. Czyli mo\u017cna mie\u0107 Hashimoto, a jeszcze nie mie\u0107 niedoczynno\u015bci. Takiego pacjenta nale\u017cy kontrolowa\u0107, aby wy\u0142apa\u0107 moment, \u017ce co\u015b zaczyna si\u0119 dzia\u0107 i trzeba wej\u015b\u0107 z bardziej radykalnym dzia\u0142aniem.<\/p>\n\n\n\n<figure class=\"wp-block-image size-full\"><a href=\"https:\/\/www.alab.pl\/pakiet\/pakiet-tarczycowy\" target=\"_blank\" rel=\"noreferrer noopener\"><img loading=\"lazy\" decoding=\"async\" width=\"800\" height=\"200\" src=\"https:\/\/www.alab.pl\/centrum-wiedzy\/wp-content\/uploads\/2023\/08\/Pakiet-tarczycowy-TSH-FT3-FT4-jpg.webp\" alt=\"pakiet tarczycowy\" class=\"wp-image-8054\" srcset=\"https:\/\/www.alab.pl\/centrum-wiedzy\/wp-content\/uploads\/2023\/08\/Pakiet-tarczycowy-TSH-FT3-FT4-jpg.webp 800w, https:\/\/www.alab.pl\/centrum-wiedzy\/wp-content\/uploads\/2023\/08\/Pakiet-tarczycowy-TSH-FT3-FT4-jpg-768x192.webp 768w, https:\/\/www.alab.pl\/centrum-wiedzy\/wp-content\/uploads\/2023\/08\/Pakiet-tarczycowy-TSH-FT3-FT4-jpg-150x38.webp 150w, https:\/\/www.alab.pl\/centrum-wiedzy\/wp-content\/uploads\/2023\/08\/Pakiet-tarczycowy-TSH-FT3-FT4-jpg-300x75.webp 300w, https:\/\/www.alab.pl\/centrum-wiedzy\/wp-content\/uploads\/2023\/08\/Pakiet-tarczycowy-TSH-FT3-FT4-jpg-696x174.webp 696w\" sizes=\"auto, (max-width: 800px) 100vw, 800px\" \/><\/a><\/figure>\n\n\n\n<p>Porz\u0105dkuj\u0105c t\u0119 sytuacj\u0119: na pocz\u0105tku mamy rozpoznanie Hashimoto, s\u0105 wysokie przeciwcia\u0142a, ale hormony tarczycy &#8211; tr\u00f3jka tarczycowa &#8211; jest w porz\u0105dku. W\u00f3wczas \u2013 jak Pani doktor powiedzia\u0142a &#8211; na pocz\u0105tku dzia\u0142amy takimi metodami, \u017ceby t\u0119 tarczyc\u0119 uspokoi\u0107, czyli uzupe\u0142niamy niedobory, stosujemy odpowiedni\u0105 diet\u0119 i wszystkie elementy stylu \u017cycia, kt\u00f3re ju\u017c by\u0142y wymienione.&nbsp;Natomiast z chwil\u0105, kiedy tarczyca ju\u017c jest na tyle niewydolna, \u017ce nie daje rady produkowa\u0107 hormon\u00f3w, s\u0105 one w\u0142\u0105czane.<\/p>\n\n\n\n<p>Czasami leczenie w\u0142\u0105cza si\u0119 wcze\u015bniej, na przyk\u0142ad u kobiety planuj\u0105cej ci\u0105\u017c\u0119. S\u0105 te\u017c takie przypadki, \u017ce hormony s\u0105 jeszcze w normie, ale na granicy warto\u015bci referencyjnych. W\u00f3wczas, je\u015bli pacjentka odczuwa objawy, mo\u017cemy leczenie zacz\u0105\u0107 wcze\u015bniej. No bo nie chodzi o to, \u017ceby pacjentka m\u0119czy\u0142a si\u0119 i czeka\u0142a, a\u017c tyreotropina (TSH) przekroczy granic\u0119, \u017ceby mo\u017cna by\u0142o j\u0105 leczy\u0107.<\/p>\n\n\n\n<p>Wa\u017cne s\u0105 tutaj objawy. Pacjenci cz\u0119sto si\u0119 skupiaj\u0105 na wynikach bada\u0144 laboratoryjnych, ale pami\u0119tajmy, \u017ce nie leczymy bada\u0144, tylko pacjenta, kt\u00f3ry, opr\u00f3cz wynik\u00f3w, odczuwa lub nie pewne dolegliwo\u015bci i to te\u017c lekarz zawsze bierze pod uwag\u0119.<\/p>\n\n\n\n<h2 class=\"wp-block-heading\"><strong>4. Czy do rozpoznania Hashimoto wystarczy wysokie miano przeciwcia\u0142?&nbsp;Na jakiej podstawie rozpoznaje si\u0119 t\u0119 chorob\u0119?<\/strong><\/h2>\n\n\n\n<p>W zasadzie tak, wysokie miano przeciwcia\u0142 wystarczy, poniewa\u017c one m\u00f3wi\u0105, i\u017c toczy si\u0119 choroba autoimmunologiczna. Trzeba tylko wzi\u0105\u0107 poprawk\u0119 na to, \u017ce <a href=\"https:\/\/www.alab.pl\/badanie\/pc-przeciw-peroksydazie-tarczycowej-atpo-o09\" target=\"_blank\" rel=\"noreferrer noopener\"><strong>przeciwcia\u0142a przeciw peroksydazie tarczycowej (anty-TPO)<\/strong><\/a> czy <a href=\"https:\/\/www.alab.pl\/badanie\/pc-antytyreoglobulinowe-atg-o18\" target=\"_blank\" rel=\"noreferrer noopener\"><strong>przeciwcia\u0142a przeciwko tyreoglobulinie (anty-TG)<\/strong><\/a> mog\u0105 by\u0107 podwy\u017cszone w innej chorobie autoimmunologicznej &#8211; w chorobie Graves-Basedowa. Przy podwy\u017cszonych przeciwcia\u0142ach cz\u0119sto mo\u017cna zaobserwowa\u0107 ju\u017c zmiany zapalne w USG. Mo\u017ce si\u0119 zdarzy\u0107, \u017ce pacjent wykonuje USG t\u0119tnic szyjnych, kt\u00f3re przebiegaj\u0105 bardzo blisko tarczycy i wykonuj\u0105cy je lekarz zauwa\u017ca w niej zmiany i od tego zaczyna si\u0119 diagnostyka choroby. Czasem jednak zmian w USG jeszcze nie wida\u0107, ale tarczyca sygnalizuje przeciwcia\u0142ami, \u017ce choroba ju\u017c si\u0119 toczy.<\/p>\n\n\n\n<h2 class=\"wp-block-heading\"><strong>5. Jakie znaczenie dla rokowania ma wysoki poziom przeciwcia\u0142 w chwili rozpoznania? Mia\u0142am ponad 600 przeciwcia\u0142 przeciw preoksydazie tarczycowej (antyTPO).&nbsp;<\/strong><\/h2>\n\n\n\n<p>U takiego pacjenta spodziewamy si\u0119, \u017ce niestety choroba jest bardzo aktywna i by\u0107 mo\u017ce b\u0119dzie potrzeba do\u015b\u0107 szybkiego zwi\u0119kszania dawek hormon\u00f3w w przysz\u0142o\u015bci. Standardowym post\u0119powaniem jest w\u0142\u0105czenie hormon\u00f3w w niskich dawkach, a nast\u0119pnie ich stopniowe zwi\u0119kszanie. Natomiast je\u015bli pacjent ma wysokie przeciwcia\u0142, to spodziewamy si\u0119,&nbsp;\u017ce ta najni\u017csza dawka hormon\u00f3w raczej nie b\u0119dzie wystarczaj\u0105ca. Pacjent mo\u017ce te\u017c wymaga\u0107 wcze\u015bniejszych ni\u017c zwykle bada\u0144 kontrolnych. Wysokie przeciwcia\u0142a na pocz\u0105tku choroby oznaczaj\u0105, i\u017c niestety choroba jest bardziej agresywna.<\/p>\n\n\n\n<h2 class=\"wp-block-heading\"><strong>6. Czy mo\u017cna zmniejszy\u0107 poziom przeciwcia\u0142 przeciw receptorowi tyreotropiny (TRAb)?<\/strong><\/h2>\n\n\n\n<p><a href=\"https:\/\/www.alab.pl\/badanie\/pc-przeciw-receptorowi-tsh-trab-o15\" target=\"_blank\" rel=\"noreferrer noopener\">TRAb<\/a> s\u0105 przeciwcia\u0142ami przeciwko receptorowi TSH, wyst\u0119puj\u0105cymi w chorobie Graves-Basedowa. Jest to druga choroba autoimmunologiczna tarczycy, kt\u00f3ra kojarzy si\u0119 z wytrzeszczem oczu i z nadczynno\u015bci\u0105. Jest bardziej niestabilna je\u015bli chodzi o leczenie ni\u017c Hashimoto. W przypadku Hashimoto musia\u0142aby wyst\u0105pi\u0107 wyj\u0105tkowa sytuacja, aby pojawi\u0142o si\u0119 zagro\u017cenie \u017cycia, natomiast choroba Graves-Basedowa, zw\u0142aszcza nieleczona, mo\u017ce by\u0107 zagro\u017ceniem \u017cycia. Wystarczy naprawd\u0119 niedu\u017cy stres i wszystkie hormony si\u0119 rozregulowuj\u0105, nawet je\u015bli pacjent ju\u017c jest w trakcie terapii. Pami\u0119tam pacjentk\u0119 z choroba Gravesa-Basedowa, kt\u00f3ra by\u0142a ustawiona hormonalnie i by\u0142o wszystko OK. Pacjentka by\u0142a bardzo emocjonalnie zwi\u0105zane ze swoim synem, kt\u00f3ry zdawa\u0142 egzaminy na studiach. Przy ka\u017cdym jego zaliczeniu pani \u2013 chocia\u017c bra\u0142a leki &#8211;&nbsp;trafia\u0142a z objawami niewyr\u00f3wnanej nadczynno\u015bci do szpitala. Tak bardzo niestabilna mo\u017ce by\u0107 ta choroba.&nbsp;<\/p>\n\n\n\n<p>Nale\u017cy powiedzie\u0107 kilka s\u0142\u00f3w o leczeniu tej choroby. Podawane s\u0105 leki blokuj\u0105ce tarczyc\u0119 na rok, czasami na d\u0142u\u017cej. Nie powinno si\u0119 tych lek\u00f3w przyjmowa\u0107 w wieloletnim schemacie, przyjmuje si\u0119 je, aby tarczyc\u0119 zablokowa\u0107, a\u017c spadnie poziom TRAb. Mo\u017cemy wspomaga\u0107 tarczyc\u0119 selenem \u2013 je\u015bli jest niedob\u00f3r, <a href=\"https:\/\/www.alab.pl\/centrum-wiedzy\/magnez-zapotrzebowanie-zrodla-suplementacja\/\">magnezem<\/a>, witaminami z grupy B, <a href=\"https:\/\/www.alab.pl\/centrum-wiedzy\/witamina-e-tokoferol\/\">witamin\u0105 E<\/a>.&nbsp; S\u0105 to czynniki, kt\u00f3re mog\u0105 wp\u0142ywa\u0107 korzystnie na poziom przeciwcia\u0142 przeciw receptorowi tyreotropiny (TRAb). Wa\u017cne jest oczywi\u015bcie wyr\u00f3wnanie hormonalne tarczycy. Jednak je\u017celi po tym czasie leczenia choroba nie ust\u0119puje, to niestety musimy przej\u015b\u0107 o krok dalej i zaproponowa\u0107 pacjentowi leczenie radykalne, mo\u017ce to by\u0107 albo promieniotw\u00f3rczy jod, albo operacja. Po leczeniu promieniotw\u00f3rczym jodem przeciwcia\u0142a mog\u0105 si\u0119 utrzymywa\u0107 nawet przez rok, dlatego sugeruje si\u0119, aby do dw\u00f3ch lat po terapii nie stara\u0107 si\u0119 o ci\u0105\u017c\u0119. Natomiast po usuni\u0119ciu tarczycy ich poziom szybko spada.<\/p>\n\n\n\n<p>Podsumowuj\u0105c, mo\u017cna zmniejszy\u0107 poziom przeciwcia\u0142 przeciw receptorowi tyreotropiny (TRAb), warunkiem jest dobre wyr\u00f3wnanie hormonalne tarczycy. Wa\u017cne s\u0105 r\u00f3wnie\u017c czynniki zwi\u0105zane z trybem \u017cycia, kt\u00f3re omawia\u0142am przy poprzednich przeciwcia\u0142ach.&nbsp;&nbsp;<\/p>\n\n\n\n<p>W chorobie Gravesa-Basedowa bardzo niekorzystne s\u0105 papierosy. Nawet bierne palenie b\u0119dzie szkodliwe, zwi\u0119ksza si\u0119 ryzyko wytrzeszczu i objaw\u00f3w okulistycznych. Wiemy, \u017ce papierosy maj\u0105 w og\u00f3le niekorzystny wp\u0142yw na nasze zdrowie, ale ma\u0142o jest chor\u00f3b, gdzie jest to tak udokumentowane jak w przypadku tej choroby.&nbsp;<\/p>\n\n\n\n<p>&nbsp;&nbsp;<\/p>\n","protected":false},"excerpt":{"rendered":"<p>Poni\u017cszy artyku\u0142 jest zapisem webinaru, kt\u00f3ry odby\u0142 si\u0119 23.08.2023 r. W studio ALAB laboratoria go\u015bcili\u015bmy dr Magdalen\u0119 Jagie\u0142\u0142o, lekark\u0119 endokrynolo\u017ck\u0119, kt\u00f3ra od wielu lat popularyzuje wiedz\u0119 na temat uk\u0142adu endokrynnego oraz chor\u00f3b z tego zakresu na uwielbianym przez wszystkich pacjent\u00f3w blogu dr Magda, oraz w swoich ksi\u0105\u017ckach. Kilka webinar\u00f3w z pani\u0105 doktor mamy ju\u017c na [&hellip;]<\/p>\n","protected":false},"author":144,"featured_media":8642,"comment_status":"closed","ping_status":"open","sticky":false,"template":"","format":"standard","meta":{"_acf_changed":false,"inline_featured_image":false,"footnotes":""},"categories":[16,29],"tags":[],"coauthors":[190],"class_list":{"0":"post-8604","1":"post","2":"type-post","3":"status-publish","4":"format-standard","5":"has-post-thumbnail","7":"category-diagnostyka-chorob-tarczycy","8":"category-webinaria"},"acf":[],"yoast_head":"<!-- This site is optimized with the Yoast SEO plugin v27.5 - https:\/\/yoast.com\/product\/yoast-seo-wordpress\/ -->\n<title>Tarczyca cz.2. Przeciwcia\u0142a i choroby autoimmunologiczne<\/title>\n<meta name=\"description\" content=\"Co warto wiedzie\u0107 o chorobach autoimmunologicznych tarczycy? Pacjenci pytaj\u0105, ekspert odpowiada. Zobacz zapis webinaru ALAB Laboratoria.\" \/>\n<meta name=\"robots\" content=\"index, follow, max-snippet:-1, max-image-preview:large, max-video-preview:-1\" \/>\n<link rel=\"canonical\" href=\"https:\/\/www.alab.pl\/centrum-wiedzy\/zapytaj-eksperta-tarczyca-cz-2-przeciwciala-i-choroby-autoimmunologiczne-tarczycy\/\" \/>\n<meta property=\"og:locale\" content=\"pl_PL\" \/>\n<meta property=\"og:type\" content=\"article\" \/>\n<meta property=\"og:title\" content=\"Tarczyca cz.2. Przeciwcia\u0142a i choroby autoimmunologiczne\" \/>\n<meta property=\"og:description\" content=\"Co warto wiedzie\u0107 o chorobach autoimmunologicznych tarczycy? Pacjenci pytaj\u0105, ekspert odpowiada. Zobacz zapis webinaru ALAB Laboratoria.\" \/>\n<meta property=\"og:url\" content=\"https:\/\/www.alab.pl\/centrum-wiedzy\/zapytaj-eksperta-tarczyca-cz-2-przeciwciala-i-choroby-autoimmunologiczne-tarczycy\/\" \/>\n<meta property=\"og:site_name\" content=\"Centrum Wiedzy ALAB laboratoria\" \/>\n<meta property=\"article:publisher\" content=\"https:\/\/www.facebook.com\/ALABlaboratoria\" \/>\n<meta property=\"article:author\" content=\"https:\/\/www.facebook.com\/doktormagda\" \/>\n<meta property=\"article:published_time\" content=\"2023-08-21T06:36:54+00:00\" \/>\n<meta property=\"og:image\" content=\"https:\/\/www.alab.pl\/centrum-wiedzy\/wp-content\/uploads\/2023\/09\/zapytaj-eksperta2-jpg.webp\" \/>\n\t<meta property=\"og:image:width\" content=\"1200\" \/>\n\t<meta property=\"og:image:height\" content=\"801\" \/>\n\t<meta property=\"og:image:type\" content=\"image\/webp\" \/>\n<meta name=\"author\" content=\"Magdalena Jagie\u0142\u0142o\" \/>\n<meta name=\"twitter:card\" content=\"summary_large_image\" \/>\n<meta name=\"twitter:label1\" content=\"Napisane przez\" \/>\n\t<meta name=\"twitter:data1\" content=\"Magdalena Jagie\u0142\u0142o\" \/>\n\t<meta name=\"twitter:label2\" content=\"Szacowany czas czytania\" \/>\n\t<meta name=\"twitter:data2\" content=\"9 minut\" \/>\n\t<meta name=\"twitter:label3\" content=\"Written by\" \/>\n\t<meta name=\"twitter:data3\" content=\"Magdalena Jagie\u0142\u0142o\" \/>\n<!-- \/ Yoast SEO plugin. -->","yoast_head_json":{"title":"Tarczyca cz.2. Przeciwcia\u0142a i choroby autoimmunologiczne","description":"Co warto wiedzie\u0107 o chorobach autoimmunologicznych tarczycy? Pacjenci pytaj\u0105, ekspert odpowiada. Zobacz zapis webinaru ALAB Laboratoria.","robots":{"index":"index","follow":"follow","max-snippet":"max-snippet:-1","max-image-preview":"max-image-preview:large","max-video-preview":"max-video-preview:-1"},"canonical":"https:\/\/www.alab.pl\/centrum-wiedzy\/zapytaj-eksperta-tarczyca-cz-2-przeciwciala-i-choroby-autoimmunologiczne-tarczycy\/","og_locale":"pl_PL","og_type":"article","og_title":"Tarczyca cz.2. Przeciwcia\u0142a i choroby autoimmunologiczne","og_description":"Co warto wiedzie\u0107 o chorobach autoimmunologicznych tarczycy? Pacjenci pytaj\u0105, ekspert odpowiada. Zobacz zapis webinaru ALAB Laboratoria.","og_url":"https:\/\/www.alab.pl\/centrum-wiedzy\/zapytaj-eksperta-tarczyca-cz-2-przeciwciala-i-choroby-autoimmunologiczne-tarczycy\/","og_site_name":"Centrum Wiedzy ALAB laboratoria","article_publisher":"https:\/\/www.facebook.com\/ALABlaboratoria","article_author":"https:\/\/www.facebook.com\/doktormagda","article_published_time":"2023-08-21T06:36:54+00:00","og_image":[{"width":1200,"height":801,"url":"https:\/\/www.alab.pl\/centrum-wiedzy\/wp-content\/uploads\/2023\/09\/zapytaj-eksperta2-jpg.webp","type":"image\/webp"}],"author":"Magdalena Jagie\u0142\u0142o","twitter_card":"summary_large_image","twitter_misc":{"Napisane przez":"Magdalena Jagie\u0142\u0142o","Szacowany czas czytania":"9 minut","Written by":"Magdalena Jagie\u0142\u0142o"},"schema":{"@context":"https:\/\/schema.org","@graph":[{"@type":"Article","@id":"https:\/\/www.alab.pl\/centrum-wiedzy\/zapytaj-eksperta-tarczyca-cz-2-przeciwciala-i-choroby-autoimmunologiczne-tarczycy\/#article","isPartOf":{"@id":"https:\/\/www.alab.pl\/centrum-wiedzy\/zapytaj-eksperta-tarczyca-cz-2-przeciwciala-i-choroby-autoimmunologiczne-tarczycy\/"},"author":{"name":"Magdalena Jagie\u0142\u0142o","@id":"https:\/\/www.alab.pl\/centrum-wiedzy\/#\/schema\/person\/46e1f3235d4b2ee2317565b87eea54a2"},"headline":"Zapytaj eksperta &#8211; Tarczyca cz.2. Przeciwcia\u0142a i choroby autoimmunologiczne tarczycy","datePublished":"2023-08-21T06:36:54+00:00","mainEntityOfPage":{"@id":"https:\/\/www.alab.pl\/centrum-wiedzy\/zapytaj-eksperta-tarczyca-cz-2-przeciwciala-i-choroby-autoimmunologiczne-tarczycy\/"},"wordCount":1677,"publisher":{"@id":"https:\/\/www.alab.pl\/centrum-wiedzy\/#organization"},"image":{"@id":"https:\/\/www.alab.pl\/centrum-wiedzy\/zapytaj-eksperta-tarczyca-cz-2-przeciwciala-i-choroby-autoimmunologiczne-tarczycy\/#primaryimage"},"thumbnailUrl":"https:\/\/www.alab.pl\/centrum-wiedzy\/wp-content\/uploads\/2023\/09\/zapytaj-eksperta2-jpg.webp","articleSection":["Diagnostyka chor\u00f3b tarczycy","Webinaria"],"inLanguage":"pl-PL"},{"@type":"WebPage","@id":"https:\/\/www.alab.pl\/centrum-wiedzy\/zapytaj-eksperta-tarczyca-cz-2-przeciwciala-i-choroby-autoimmunologiczne-tarczycy\/","url":"https:\/\/www.alab.pl\/centrum-wiedzy\/zapytaj-eksperta-tarczyca-cz-2-przeciwciala-i-choroby-autoimmunologiczne-tarczycy\/","name":"Tarczyca cz.2. Przeciwcia\u0142a i choroby autoimmunologiczne","isPartOf":{"@id":"https:\/\/www.alab.pl\/centrum-wiedzy\/#website"},"primaryImageOfPage":{"@id":"https:\/\/www.alab.pl\/centrum-wiedzy\/zapytaj-eksperta-tarczyca-cz-2-przeciwciala-i-choroby-autoimmunologiczne-tarczycy\/#primaryimage"},"image":{"@id":"https:\/\/www.alab.pl\/centrum-wiedzy\/zapytaj-eksperta-tarczyca-cz-2-przeciwciala-i-choroby-autoimmunologiczne-tarczycy\/#primaryimage"},"thumbnailUrl":"https:\/\/www.alab.pl\/centrum-wiedzy\/wp-content\/uploads\/2023\/09\/zapytaj-eksperta2-jpg.webp","datePublished":"2023-08-21T06:36:54+00:00","description":"Co warto wiedzie\u0107 o chorobach autoimmunologicznych tarczycy? Pacjenci pytaj\u0105, ekspert odpowiada. Zobacz zapis webinaru ALAB Laboratoria.","breadcrumb":{"@id":"https:\/\/www.alab.pl\/centrum-wiedzy\/zapytaj-eksperta-tarczyca-cz-2-przeciwciala-i-choroby-autoimmunologiczne-tarczycy\/#breadcrumb"},"inLanguage":"pl-PL","potentialAction":[{"@type":"ReadAction","target":["https:\/\/www.alab.pl\/centrum-wiedzy\/zapytaj-eksperta-tarczyca-cz-2-przeciwciala-i-choroby-autoimmunologiczne-tarczycy\/"]}]},{"@type":"ImageObject","inLanguage":"pl-PL","@id":"https:\/\/www.alab.pl\/centrum-wiedzy\/zapytaj-eksperta-tarczyca-cz-2-przeciwciala-i-choroby-autoimmunologiczne-tarczycy\/#primaryimage","url":"https:\/\/www.alab.pl\/centrum-wiedzy\/wp-content\/uploads\/2023\/09\/zapytaj-eksperta2-jpg.webp","contentUrl":"https:\/\/www.alab.pl\/centrum-wiedzy\/wp-content\/uploads\/2023\/09\/zapytaj-eksperta2-jpg.webp","width":1200,"height":801,"caption":"zapytaj eksperta 2"},{"@type":"BreadcrumbList","@id":"https:\/\/www.alab.pl\/centrum-wiedzy\/zapytaj-eksperta-tarczyca-cz-2-przeciwciala-i-choroby-autoimmunologiczne-tarczycy\/#breadcrumb","itemListElement":[{"@type":"ListItem","position":1,"name":"Strona g\u0142\u00f3wna","item":"https:\/\/www.alab.pl\/centrum-wiedzy\/"},{"@type":"ListItem","position":2,"name":"Zapytaj eksperta &#8211; Tarczyca cz.2. Przeciwcia\u0142a i choroby autoimmunologiczne tarczycy"}]},{"@type":"WebSite","@id":"https:\/\/www.alab.pl\/centrum-wiedzy\/#website","url":"https:\/\/www.alab.pl\/centrum-wiedzy\/","name":"Centrum Wiedzy ALAB laboratoria","description":"","publisher":{"@id":"https:\/\/www.alab.pl\/centrum-wiedzy\/#organization"},"potentialAction":[{"@type":"SearchAction","target":{"@type":"EntryPoint","urlTemplate":"https:\/\/www.alab.pl\/centrum-wiedzy\/?s={search_term_string}"},"query-input":{"@type":"PropertyValueSpecification","valueRequired":true,"valueName":"search_term_string"}}],"inLanguage":"pl-PL"},{"@type":"Organization","@id":"https:\/\/www.alab.pl\/centrum-wiedzy\/#organization","name":"Centrum Wiedzy ALAB laboratoria","url":"https:\/\/www.alab.pl\/centrum-wiedzy\/","logo":{"@type":"ImageObject","inLanguage":"pl-PL","@id":"https:\/\/www.alab.pl\/centrum-wiedzy\/#\/schema\/logo\/image\/","url":"https:\/\/www.alab.pl\/centrum-wiedzy\/wp-content\/uploads\/2022\/04\/alabek.jpg","contentUrl":"https:\/\/www.alab.pl\/centrum-wiedzy\/wp-content\/uploads\/2022\/04\/alabek.jpg","width":1250,"height":1251,"caption":"Centrum Wiedzy ALAB laboratoria"},"image":{"@id":"https:\/\/www.alab.pl\/centrum-wiedzy\/#\/schema\/logo\/image\/"},"sameAs":["https:\/\/www.facebook.com\/ALABlaboratoria"]},{"@type":"Person","@id":"https:\/\/www.alab.pl\/centrum-wiedzy\/#\/schema\/person\/46e1f3235d4b2ee2317565b87eea54a2","name":"Magdalena Jagie\u0142\u0142o","image":{"@type":"ImageObject","inLanguage":"pl-PL","@id":"https:\/\/www.alab.pl\/centrum-wiedzy\/wp-content\/uploads\/2023\/09\/magdalena-jagiello-jpg-150x150.webp91ab7c889f41bb40b9c38aeafe97a635","url":"https:\/\/www.alab.pl\/centrum-wiedzy\/wp-content\/uploads\/2023\/09\/magdalena-jagiello-jpg-150x150.webp","contentUrl":"https:\/\/www.alab.pl\/centrum-wiedzy\/wp-content\/uploads\/2023\/09\/magdalena-jagiello-jpg-150x150.webp","caption":"Magdalena Jagie\u0142\u0142o"},"description":"Specjalista w dziedzinie endokrynologii i chor\u00f3b wewn\u0119trznych. Autorka ksi\u0105\u017cek stworzonych specjalnie dla pacjent\u00f3w \"Hashimoto. Niedoczynno\u015b\u0107 tarczycy. Prawdy i mity.\" oraz \u201cInsulinooporno\u015b\u0107. Zrozumie\u0107, czu\u0107 si\u0119 dobrze, schudn\u0105\u0107.\u201d. Prowadzi bloga Doktor Magda, na kt\u00f3rym przybli\u017ca czytelnikom endokrynologi\u0119, zaburzenia hormonalne, ze szczeg\u00f3lnym naciskiem na choroby tarczycy oraz zaburzenia metaboliczne.","sameAs":["https:\/\/www.facebook.com\/doktormagda","https:\/\/www.instagram.com\/doktormagda\/"],"url":"https:\/\/www.alab.pl\/centrum-wiedzy\/author\/magdalena-jagiello\/"}]}},"_links":{"self":[{"href":"https:\/\/www.alab.pl\/centrum-wiedzy\/wp-json\/wp\/v2\/posts\/8604","targetHints":{"allow":["GET"]}}],"collection":[{"href":"https:\/\/www.alab.pl\/centrum-wiedzy\/wp-json\/wp\/v2\/posts"}],"about":[{"href":"https:\/\/www.alab.pl\/centrum-wiedzy\/wp-json\/wp\/v2\/types\/post"}],"author":[{"embeddable":true,"href":"https:\/\/www.alab.pl\/centrum-wiedzy\/wp-json\/wp\/v2\/users\/144"}],"replies":[{"embeddable":true,"href":"https:\/\/www.alab.pl\/centrum-wiedzy\/wp-json\/wp\/v2\/comments?post=8604"}],"version-history":[{"count":0,"href":"https:\/\/www.alab.pl\/centrum-wiedzy\/wp-json\/wp\/v2\/posts\/8604\/revisions"}],"wp:featuredmedia":[{"embeddable":true,"href":"https:\/\/www.alab.pl\/centrum-wiedzy\/wp-json\/wp\/v2\/media\/8642"}],"wp:attachment":[{"href":"https:\/\/www.alab.pl\/centrum-wiedzy\/wp-json\/wp\/v2\/media?parent=8604"}],"wp:term":[{"taxonomy":"category","embeddable":true,"href":"https:\/\/www.alab.pl\/centrum-wiedzy\/wp-json\/wp\/v2\/categories?post=8604"},{"taxonomy":"post_tag","embeddable":true,"href":"https:\/\/www.alab.pl\/centrum-wiedzy\/wp-json\/wp\/v2\/tags?post=8604"},{"taxonomy":"author","embeddable":true,"href":"https:\/\/www.alab.pl\/centrum-wiedzy\/wp-json\/wp\/v2\/coauthors?post=8604"}],"curies":[{"name":"wp","href":"https:\/\/api.w.org\/{rel}","templated":true}]}}