{"id":9562,"date":"2023-10-25T08:15:07","date_gmt":"2023-10-25T06:15:07","guid":{"rendered":"https:\/\/sklep.alablaboratoria.pl\/centrum-wiedzy\/?p=9562"},"modified":"2023-10-25T08:15:07","modified_gmt":"2023-10-25T06:15:07","slug":"odkrywanie-zwiazku-miedzy-genami-a-celiakia","status":"publish","type":"post","link":"https:\/\/www.alab.pl\/centrum-wiedzy\/odkrywanie-zwiazku-miedzy-genami-a-celiakia\/","title":{"rendered":"Odkrywanie zwi\u0105zku mi\u0119dzy genami a celiaki\u0105"},"content":{"rendered":"\n<p>Spis tre\u015bci<\/p>\n\n\n\n<ol class=\"wp-block-list\">\n<li><a href=\"#c1\">&#8222;Gro\u017ane&#8221; geny w celiakii<\/a><\/li>\n\n\n\n<li><a href=\"#c2\">Jak genotyp wp\u0142ywa na nietolerancj\u0119 glutenu?<\/a><\/li>\n\n\n\n<li><a href=\"#c3\">Wskazania do wykonania badania genetycznego na celiaki\u0119<\/a><\/li>\n\n\n\n<li><a href=\"#c4\">Dok\u0142adno\u015b\u0107 wyniku badania genetycznego na celiaki\u0119 ma znaczenie!<\/a><\/li>\n\n\n\n<li><a href=\"#c5\">Podsumowanie<\/a><\/li>\n<\/ol>\n\n\n\n<p><strong><a href=\"https:\/\/www.alab.pl\/centrum-wiedzy\/celiakia\/\" target=\"_blank\" rel=\"noreferrer noopener\">Celiakia<\/a><\/strong> to schorzenie autoimmunizacyjne powodowane <a href=\"https:\/\/www.alab.pl\/centrum-wiedzy\/gluten-alergia-celiakia-nieceliakalna-nadwrazliwosc-na-gluten\/\" target=\"_blank\" rel=\"noreferrer noopener\">nadwra\u017cliwo\u015bci\u0105 na gluten<\/a> \u2013 bia\u0142ko zawarte w pszenicy, j\u0119czmieniu i \u017cycie. U os\u00f3b genetycznie predysponowanych spo\u017cywanie glutenu prowadzi do rozwoju stanu zapalnego b\u0142ony \u015bluzowej jelita cienkiego, w wyniku czego dochodzi do zaniku kosmk\u00f3w jelitowych i utrudnionego wch\u0142aniania sk\u0142adnik\u00f3w od\u017cywczych.<\/p>\n\n\n\n<h2 class=\"wp-block-heading\" id=\"c1\">&#8222;Gro\u017ane&#8221; geny w celiakii<\/h2>\n\n\n\n<p>Celiakia wyst\u0119puje u os\u00f3b predysponowanych genetycznie \u2013 wykazano, \u017ce choroba ta ma silny zwi\u0105zek z dziedziczeniem okre\u015blonych gen\u00f3w. Do <strong>&#8222;gro\u017anych&#8221; gen\u00f3w w celiakii zalicza si\u0119 HLA-DQ2 i DQ8<\/strong>. Badania wykaza\u0142y, \u017ce gen <strong>HLA-DQ2 obecny jest nawet u 90\u201395% chorych<\/strong>, natomiast <strong>HLA-DQ8 wykrywa si\u0119 u 5\u201310% chorych<\/strong>.<\/p>\n\n\n\n<p>Geny celiakalne koduj\u0105 bia\u0142ka obecne na powierzchni kom\u00f3rek uk\u0142adu immunologicznego. HLA-DQ2 i HLA-DQ8 s\u0105 kompleksami zbudowanymi z \u0142a\u0144cucha alfa (allel DQA1) i beta (allel DQB1). Te cz\u0105steczki s\u0105 kodowane przez r\u00f3\u017cne allele (warianty genu), takie jak:<\/p>\n\n\n\n<ul class=\"wp-block-list\">\n<li>DQA1*05 i DQB1*02 \u2013 haplotyp <strong>HLA-DQ2.5<\/strong>,<\/li>\n\n\n\n<li>DQA1*02 i DQB1*02 \u2013 haplotyp <strong>HLA-DQ2.2<\/strong>,<\/li>\n\n\n\n<li>DQA1*03:01 i DQB1*03:02 \u2013 haplotyp <strong>HLA-DQ8<\/strong>.<\/li>\n<\/ul>\n\n\n\n<p>Warto zaznaczy\u0107, \u017ce posiadanie tych gen\u00f3w nie jest r\u00f3wnoznaczne z rozwojem celiakii i postawieniem diagnozy. Mog\u0105 one wyst\u0119powa\u0107 u 25% og\u00f3lnej populacji, podczas gdy celiakia rozwija si\u0119 tylko u cz\u0119\u015bci os\u00f3b z tym genotypem.<\/p>\n\n\n\n<p>Negatywny wynik testu genetycznego (niewykrycie \u017cadnej z podjednostek) <strong>pozwala na wykluczenie rozwoju celiakii<\/strong> z niemal\u017ce stuprocentowym prawdopodobie\u0144stwem. Szacuje si\u0119, \u017ce celiakia dotyczy 1 na 100 os\u00f3b na \u015bwiecie, ale diagnoz\u0119 us\u0142ysza\u0142o jedynie 30% z nich, co wskazuje, \u017ce wci\u0105\u017c wiele przypadk\u00f3w pozostaje nierozpoznanych!<\/p>\n\n\n\n<figure class=\"wp-block-image size-full\"><a href=\"https:\/\/www.alab.pl\/badanie\/celiakia-wykrywanie-obecnosci-genu-hla-dq2-dqa105dqb102-oraz-dq8-dqb10302-metoda-real-time-pcr\" target=\"_blank\" rel=\"noreferrer noopener\"><img loading=\"lazy\" decoding=\"async\" width=\"800\" height=\"200\" src=\"https:\/\/www.alab.pl\/centrum-wiedzy\/wp-content\/uploads\/2023\/10\/Celiakia-pakiet-diagnostyczny-I-etap-z-genetyka-3-badania-kopia-jpg.webp\" alt=\"celiakia badanie genetyczne\" class=\"wp-image-9568\" srcset=\"https:\/\/www.alab.pl\/centrum-wiedzy\/wp-content\/uploads\/2023\/10\/Celiakia-pakiet-diagnostyczny-I-etap-z-genetyka-3-badania-kopia-jpg.webp 800w, https:\/\/www.alab.pl\/centrum-wiedzy\/wp-content\/uploads\/2023\/10\/Celiakia-pakiet-diagnostyczny-I-etap-z-genetyka-3-badania-kopia-jpg-768x192.webp 768w, https:\/\/www.alab.pl\/centrum-wiedzy\/wp-content\/uploads\/2023\/10\/Celiakia-pakiet-diagnostyczny-I-etap-z-genetyka-3-badania-kopia-jpg-150x38.webp 150w, https:\/\/www.alab.pl\/centrum-wiedzy\/wp-content\/uploads\/2023\/10\/Celiakia-pakiet-diagnostyczny-I-etap-z-genetyka-3-badania-kopia-jpg-300x75.webp 300w, https:\/\/www.alab.pl\/centrum-wiedzy\/wp-content\/uploads\/2023\/10\/Celiakia-pakiet-diagnostyczny-I-etap-z-genetyka-3-badania-kopia-jpg-696x174.webp 696w\" sizes=\"auto, (max-width: 800px) 100vw, 800px\" \/><\/a><\/figure>\n\n\n\n<p><strong>Badanie genetycznej predyspozycji do celiakii przeprowadza si\u0119 tylko raz, a jego wynik pozostaje niezmienny przez ca\u0142e \u017cycie.<\/strong><\/p>\n\n\n\n<h2 class=\"wp-block-heading\" id=\"c2\">Jak genotyp wp\u0142ywa na nietolerancj\u0119 glutenu?<\/h2>\n\n\n\n<p>Na rozw\u00f3j celiakii wp\u0142yw maj\u0105 r\u00f3\u017cnorodne czynniki, zar\u00f3wno \u015brodowiskowe, jak i genetyczne. Szczeg\u00f3lnie istotne jest znaczenie tych ostatnich. U osoby chorej na celiaki\u0119 po spo\u017cyciu glutenu nast\u0119puje skomplikowany proces, w wyniku kt\u00f3rego powstaj\u0105 <strong>deamidowane peptydy gliadyny (DGP)<\/strong> o wysokim powinowactwie do cz\u0105steczek HLA-DQ2\/DQ8, obecnych na powierzchni kom\u00f3rek prezentuj\u0105cych antygen (ang. <em>antigen-presenting cel<\/em>, APC). Te zwi\u0105zki aktywuj\u0105 limfocyty Th, co wywo\u0142uje kaskad\u0119 reakcji immunologicznych.<\/p>\n\n\n\n<p>W rezultacie limfocyty B zaczynaj\u0105 produkowa\u0107 <strong>specyficzne przeciwcia\u0142a<\/strong>, a jednocze\u015bnie kom\u00f3rki uk\u0142adu immunologicznego s\u0105 aktywowane, co prowadzi do wydzielania prozapalnych cytokin. Te czynniki <strong>indukuj\u0105 stan zapalny<\/strong>, kt\u00f3ry z kolei skutkuje zmianami w b\u0142onie \u015bluzowej jelita cienkiego, powoduj\u0105c uszkodzenia i w ostateczno\u015bci <strong>zanik kosmk\u00f3w jelitowych<\/strong>. Ten proces przek\u0142ada si\u0119 na zaburzenia w prawid\u0142owym przyswajaniu substancji od\u017cywczych, a nawet mo\u017ce prowadzi\u0107 do stan\u00f3w niedo\u017cywienia.<\/p>\n\n\n\n<h2 class=\"wp-block-heading\" id=\"c3\">Wskazania do wykonania badania genetycznego na celiaki\u0119<\/h2>\n\n\n\n<p>Wykonanie badania genetycznego na celiaki\u0119 zaleca si\u0119:<\/p>\n\n\n\n<ol class=\"wp-block-list\">\n<li><strong>Osobom na diecie bezglutenowej<\/strong>, poniewa\u017c <strong>badania serologiczne i biopsja jelita mog\u0105 dawa\u0107 u nich wyniki fa\u0142szywie negatywne<\/strong>. Badanie genetyczne na celiaki\u0119 mo\u017ce dostarczy\u0107 dodatkowych informacji, kt\u00f3re s\u0105 istotne dla dok\u0142adnej diagnozy.<\/li>\n\n\n\n<li><strong>Pacjentom z niejasnymi lub sprzecznymi wynikami <\/strong>bada\u0144 serologicznych i histopatologicznych. W sytuacji, gdy wyniki standardowych bada\u0144, takich jak badania serologiczne i histopatologia, s\u0105 niejasne lub sprzeczne, badanie genetyczne na celiaki\u0119 mo\u017ce by\u0107 u\u017cyteczne.<\/li>\n\n\n\n<li><strong>Krewnym chorych na celiaki\u0119<\/strong>. Osoby b\u0119d\u0105ce krewnymi chorych na celiaki\u0119 powinny rozwa\u017cy\u0107 badanie genetyczne na celiaki\u0119 w celu oceny swojej predyspozycji do choroby. To podej\u015bcie umo\u017cliwia identyfikacj\u0119 ryzyka i wczesne monitorowanie stanu zdrowia. Warto zaznaczy\u0107, \u017ce krewni pierwszego stopnia os\u00f3b z celiaki\u0105 maj\u0105 o 15% wi\u0119ksze ryzyko wyst\u0105pienia tej choroby. W sytuacji, gdy jedno z bli\u017ani\u0105t jednojajowych cierpi na celiaki\u0119, ryzyko rozwini\u0119cia si\u0119 tej choroby u drugiego bli\u017aniaka wzrasta do 75%!<\/li>\n\n\n\n<li><strong>Cierpi\u0105cym na inne choroby powi\u0105zane z celiaki\u0105<\/strong>. Zwi\u0119kszone ryzyko zachorowania na celiaki\u0119 dotyczy chorych na cukrzyc\u0119 typu 1, zesp\u00f3\u0142 Downa, Turnera, Williamsa, opryszczkowate zapalenie sk\u00f3ry (choroba Duhringa), autoimmunizacyjne choroby w\u0105troby lub tarczycy. Wi\u0119ksze ryzyko zachorowania dotyczy tak\u017ce os\u00f3b z deficytem IgA oraz nefropati\u0105 IgA.<\/li>\n<\/ol>\n\n\n\n<h2 class=\"wp-block-heading\" id=\"c4\">Dok\u0142adno\u015b\u0107 wyniku badania genetycznego na celiaki\u0119 ma znaczenie!<\/h2>\n\n\n\n<p>Wynik badania genetycznego na celiaki\u0119 powinien obejmowa\u0107 szczeg\u00f3\u0142owy opis wszystkich przebadanych alleli koduj\u0105cych <strong>podjednostki alfa i beta dla HLA-DQ2.5, HLA-DQ2.2 i HLA-DQ8<\/strong>. Im bardziej szczeg\u00f3\u0142owe badanie, tym lepiej! Bardzo wa\u017cne jest wskazanie, czy wyst\u0119puje kt\u00f3ra\u015b z podjednostek, zw\u0142aszcza je\u015bli ocena kompletnego zestawu cz\u0105steczki HLA-DQ2\/DQ8 wskazuje na wynik negatywny. Na przyk\u0142ad wyst\u0105pienie tylko allelu DQB1*02, koduj\u0105cego wy\u0142\u0105cznie podjednostk\u0119 beta dla DQ2 w uk\u0142adzie homozygotycznym (bez obecno\u015bci allelu koduj\u0105cego podjednostk\u0119 alfa), niesie ze sob\u0105 ryzyko rozwoju celiakii na poziomie 3,85%. Oznacza to, \u017ce <strong>nawet obecno\u015b\u0107 niekompletnej cz\u0105steczki HLA-DQ2\/DQ8 mo\u017ce stanowi\u0107 czynnik ryzyka dla wyst\u0105pienia tej choroby<\/strong>! To istotne, poniewa\u017c taka sytuacja jest jedn\u0105 z najcz\u0119stszych przyczyn nieprawid\u0142owej interpretacji wynik\u00f3w, co mo\u017ce prowadzi\u0107 do rozbie\u017cno\u015bci mi\u0119dzy badaniami serologicznymi a genetycznymi. Takie b\u0142\u0119dne interpretacje mog\u0105 wp\u0142ywa\u0107 na skuteczno\u015b\u0107 przesiewowych bada\u0144 serologicznych w grupach ryzyka, zw\u0142aszcza u dzieci.<\/p>\n\n\n\n<p>Wynik badania mo\u017ce informowa\u0107 r\u00f3wnie\u017c o tym, czy pacjent jest <strong>homo-, czy heterozygotyczny w kontek\u015bcie gen\u00f3w HLA-DQ2\/DQ8 <\/strong>\u2013 odnosi si\u0119 to do jednorodno\u015bci lub zr\u00f3\u017cnicowania alleli gen\u00f3w predysponuj\u0105cych do rozwoju celiakii. Homozygotyczno\u015b\u0107 zachodzi, gdy obecne s\u0105 dwie identyczne kopie tego samego allelu, podczas gdy w heterozygotyczno\u015bci wyst\u0119puje tylko jedna kopia. To zr\u00f3\u017cnicowanie na homo- i heterozygot\u0119 <strong>pozwala na dok\u0142adniejsz\u0105 ocen\u0119 ryzyka rozwoju choroby<\/strong>.<\/p>\n\n\n\n<p>Na przyk\u0142ad ryzyko rozwoju celiakii przy dodatnim wyniku dla:<\/p>\n\n\n\n<ul class=\"wp-block-list\">\n<li>HLA-DQ2.5, homozygota, wynosi 1:10<\/li>\n\n\n\n<li>podjednostki beta HLA-DQ2.5\/DQ2.2, homozygota, wynosi 1:26<\/li>\n\n\n\n<li>HLA-DQ2.5, heterozygota, wynosi 1:35<\/li>\n\n\n\n<li>podjednostki beta HLA-DQ2.5\/DQ2.2, heterozygota, wynosi 1:210.<\/li>\n<\/ul>\n\n\n\n<p>Ze wzgl\u0119du na r\u00f3\u017cne znaczenie kliniczne poszczeg\u00f3lnych konstelacji alleli<strong> istotna jest szczeg\u00f3\u0142owo\u015b\u0107 badania, rozr\u00f3\u017cnianie homo- i heterozygot oraz interpretacja wyniku z ocen\u0105 ryzyka<\/strong>.<\/p>\n\n\n\n<figure class=\"wp-block-image size-full\"><a href=\"https:\/\/www.alab.pl\/pakiet\/celiakia-pakiet-diagnostyczny-z-genetyka\" target=\"_blank\" rel=\"noreferrer noopener\"><img loading=\"lazy\" decoding=\"async\" width=\"800\" height=\"200\" src=\"https:\/\/www.alab.pl\/centrum-wiedzy\/wp-content\/uploads\/2023\/10\/Celiakia-pakiet-diagnostyczny-I-etap-z-genetyka-3-badania-jpg.webp\" alt=\"celiakia pakiet diagnostyczny I etap z genetyk\u0105\" class=\"wp-image-9570\" srcset=\"https:\/\/www.alab.pl\/centrum-wiedzy\/wp-content\/uploads\/2023\/10\/Celiakia-pakiet-diagnostyczny-I-etap-z-genetyka-3-badania-jpg.webp 800w, https:\/\/www.alab.pl\/centrum-wiedzy\/wp-content\/uploads\/2023\/10\/Celiakia-pakiet-diagnostyczny-I-etap-z-genetyka-3-badania-jpg-768x192.webp 768w, https:\/\/www.alab.pl\/centrum-wiedzy\/wp-content\/uploads\/2023\/10\/Celiakia-pakiet-diagnostyczny-I-etap-z-genetyka-3-badania-jpg-150x38.webp 150w, https:\/\/www.alab.pl\/centrum-wiedzy\/wp-content\/uploads\/2023\/10\/Celiakia-pakiet-diagnostyczny-I-etap-z-genetyka-3-badania-jpg-300x75.webp 300w, https:\/\/www.alab.pl\/centrum-wiedzy\/wp-content\/uploads\/2023\/10\/Celiakia-pakiet-diagnostyczny-I-etap-z-genetyka-3-badania-jpg-696x174.webp 696w\" sizes=\"auto, (max-width: 800px) 100vw, 800px\" \/><\/a><\/figure>\n\n\n\n<h2 class=\"wp-block-heading\" id=\"c5\">Podsumowanie<\/h2>\n\n\n\n<p>Precyzyjna identyfikacja gen\u00f3w HLA-DQ2 i\/lub HLA-DQ8 u pacjenta <strong>wskazuje na genetyczne predyspozycje do celiakii i mo\u017ce pom\u00f3c w oszacowaniu stopnia ryzyka wyst\u0105pienia tej choroby<\/strong>. Niewykrycie \u017cadnej z podjednostek <strong>pozwala niemal\u017ce ca\u0142kowicie wykluczy\u0107 celiaki\u0119<\/strong>. Warto podkre\u015bli\u0107, \u017ce pozytywny wynik badania genetycznego informuje jedynie o genetycznej predyspozycji, nie jest jednak podstaw\u0105 do zdiagnozowania celiakii.<\/p>\n\n\n\n<p>Nale\u017cy mie\u0107 na uwadze, \u017ce pe\u0142en proces diagnostyczny celiakii opiera si\u0119 na:<\/p>\n\n\n\n<ul class=\"wp-block-list\">\n<li>konsultacji z lekarzem specjalist\u0105 oraz rzetelnym <strong>wywiadzie medycznym<\/strong>,<\/li>\n\n\n\n<li><strong>badaniach serologicznych<\/strong> (ca\u0142kowity poziom IgA, przeciwcia\u0142a<a href=\"https:\/\/www.alab.pl\/badanie\/pc-przeciw-transglutaminazie-tkankowej-w-klasie-iga-ttg-iga\" target=\"_blank\" rel=\"noreferrer noopener\"> anty-tTG IgA<\/a>, EmA IgA, w przypadku niedoboru IgA: przeciwcia\u0142a<a href=\"https:\/\/www.alab.pl\/badanie\/pc-przeciw-transglutaminazie-tkankowej-w-klasie-igg-ttg-igg\" target=\"_blank\" rel=\"noreferrer noopener\"> anty-tTG<\/a>,<a href=\"https:\/\/www.alab.pl\/badanie\/pc-przeciw-endomysium-i-gliadynie-w-klasie-igg-screnning\" target=\"_blank\" rel=\"noreferrer noopener\"> EmA<\/a><a href=\"https:\/\/www.alab.pl\/badanie\/pc-przeciw-deamidowanym-peptydom-gliadyny-ig-g-n81\" target=\"_blank\" rel=\"noreferrer noopener\">, anty-DGP\/GAF-3X<\/a> w klasie IgG),<\/li>\n\n\n\n<li><strong>biopsji jelita cienkiego<\/strong> (w przypadku dzieci, po spe\u0142nieniu okre\u015blonych kryteri\u00f3w, biopsj\u0119 mo\u017cna pomin\u0105\u0107),<\/li>\n\n\n\n<li>przeprowadzeniu (dodatkowo) <strong>bada\u0144 genetycznych na celiaki\u0119<\/strong>.<\/li>\n<\/ul>\n\n\n\n<hr class=\"wp-block-separator has-alpha-channel-opacity\"\/>\n\n\n\n<p>Pi\u015bmiennictwo<\/p>\n\n\n\n<ol class=\"wp-block-list\">\n<li>T. Janiszewski, <em>Genetyczne pod\u0142o\u017ce celiakii \u2013 test EUROArray HLA-DQ2\/DQ8<\/em>,<a href=\"https:\/\/www.euroimmun.pl\/genetyczne-podloze-celiakii-test-euroarray-hla-dq2-dq8\/\"> https:\/\/www.euroimmun.pl\/genetyczne-podloze-ce<\/a><a href=\"https:\/\/www.euroimmun.pl\/genetyczne-podloze-celiakii-test-euroarray-hla-dq2-dq8\/\" target=\"_blank\" rel=\"noreferrer noopener nofollow\">liakii-test-euroarray-hla-dq2-dq8\/<\/a><\/li>\n\n\n\n<li>P. Sawiec, <em>Rozpoznawanie celiakii. Aktualne (2020) wytyczne European Society for Paediatric Gastroenterology, Hepatology and Nutrition<\/em>, om\u00f3wienie artyku\u0142u: S. Husby, S. Koletzko, I. Korponay-Szabo et al., <em>European Society for Paediatric Gastroenterology, Hepatology and Nutrition Guidelines for diagnosing coeliac disease 2020<\/em>, Journal of Pediatric Gastroenterology and Nutrition, 2020; 70(1): 141\u2013156,<a href=\"https:\/\/www.mp.pl\/pediatria\/artykuly-wytyczne\/wytyczne\/240773,rozpoznawanie-celiakii\" target=\"_blank\" rel=\"noreferrer noopener nofollow\"> https:\/\/www.mp.pl\/pediatria\/artykuly-wytyczne\/wytyczne\/240773,rozpoznawanie-celiakii<\/a><\/li>\n\n\n\n<li>P. Krzemie\u0144, <em>Genotyp celiakalny \u2013 czego szuka\u0107, by znale\u017a\u0107?<\/em>,<a href=\"https:\/\/www.euroimmun.pl\/genotyp-celiakalny-czego-szukac-by-znalezc\/\" target=\"_blank\" rel=\"noreferrer noopener nofollow\"> https:\/\/www.euroimmun.pl\/genotyp-celiakalny-czego-szukac-by-znalezc\/<\/a><\/li>\n\n\n\n<li>K. Startek, <em>O czym \u015bwiadczy gen celiakii?<\/em>,<a href=\"https:\/\/zdrowegeny.pl\/poradnik\/gen-celiakii\" target=\"_blank\" rel=\"noreferrer noopener nofollow\"> https:\/\/zdrowegeny.pl\/poradnik\/gen-celiakii<\/a><\/li>\n\n\n\n<li>M. Buluk, <em>Rola bada\u0144 genetycznych w celiakii<\/em>,<a href=\"https:\/\/www.euroimmundna.pl\/rola-badan-genetycznych-w-celiakii\/\" target=\"_blank\" rel=\"noreferrer noopener nofollow\"> https:\/\/www.euroimmundna.pl\/rola-badan-genetycznych-w-celiakii\/<\/a><\/li>\n<\/ol>\n","protected":false},"excerpt":{"rendered":"<p>Jakie znaczenia maj\u0105 badania genetyczne w diagnostyce celiakii? Kiedy warto je wykona\u0107?<\/p>\n","protected":false},"author":130,"featured_media":9566,"comment_status":"closed","ping_status":"open","sticky":false,"template":"","format":"standard","meta":{"_acf_changed":false,"inline_featured_image":false,"footnotes":""},"categories":[8,21],"tags":[],"coauthors":[146],"class_list":{"0":"post-9562","1":"post","2":"type-post","3":"status-publish","4":"format-standard","5":"has-post-thumbnail","7":"category-choroby-autoimmunologiczne","8":"category-genetyka"},"acf":[],"yoast_head":"<!-- This site is optimized with the Yoast SEO plugin v27.5 - https:\/\/yoast.com\/product\/yoast-seo-wordpress\/ -->\n<title>Zwi\u0105zek gen\u00f3w z celiaki\u0105 - ALAB Laboratoria<\/title>\n<meta name=\"description\" content=\"Czy genotyp mo\u017ce wp\u0142ywa\u0107 na rozw\u00f3j celiakii? Poznaj wskazania do badania genetycznego na celiaki\u0119 | Centrum Wiedzy ALAB laboratoria\" \/>\n<meta name=\"robots\" content=\"index, follow, max-snippet:-1, max-image-preview:large, max-video-preview:-1\" \/>\n<link rel=\"canonical\" href=\"https:\/\/www.alab.pl\/centrum-wiedzy\/odkrywanie-zwiazku-miedzy-genami-a-celiakia\/\" \/>\n<meta property=\"og:locale\" content=\"pl_PL\" \/>\n<meta property=\"og:type\" content=\"article\" \/>\n<meta property=\"og:title\" content=\"Zwi\u0105zek gen\u00f3w z celiaki\u0105 - ALAB Laboratoria\" \/>\n<meta property=\"og:description\" content=\"Czy genotyp mo\u017ce wp\u0142ywa\u0107 na rozw\u00f3j celiakii? Poznaj wskazania do badania genetycznego na celiaki\u0119 | Centrum Wiedzy ALAB laboratoria\" \/>\n<meta property=\"og:url\" content=\"https:\/\/www.alab.pl\/centrum-wiedzy\/odkrywanie-zwiazku-miedzy-genami-a-celiakia\/\" \/>\n<meta property=\"og:site_name\" content=\"Centrum Wiedzy ALAB laboratoria\" \/>\n<meta property=\"article:publisher\" content=\"https:\/\/www.facebook.com\/ALABlaboratoria\" \/>\n<meta property=\"article:published_time\" content=\"2023-10-25T06:15:07+00:00\" \/>\n<meta property=\"og:image\" content=\"https:\/\/www.alab.pl\/centrum-wiedzy\/wp-content\/uploads\/2023\/10\/celiakia-badania-genetyczne-jpg.webp\" \/>\n\t<meta property=\"og:image:width\" content=\"1200\" \/>\n\t<meta property=\"og:image:height\" content=\"801\" \/>\n\t<meta property=\"og:image:type\" content=\"image\/webp\" \/>\n<meta name=\"author\" content=\"Anna Ko\u0142ty\u015b\" \/>\n<meta name=\"twitter:card\" content=\"summary_large_image\" \/>\n<meta name=\"twitter:label1\" content=\"Napisane przez\" \/>\n\t<meta name=\"twitter:data1\" content=\"Anna Ko\u0142ty\u015b\" \/>\n\t<meta name=\"twitter:label2\" content=\"Szacowany czas czytania\" \/>\n\t<meta name=\"twitter:data2\" content=\"7 minut\" \/>\n\t<meta name=\"twitter:label3\" content=\"Written by\" \/>\n\t<meta name=\"twitter:data3\" content=\"Anna Ko\u0142ty\u015b\" \/>\n<!-- \/ Yoast SEO plugin. -->","yoast_head_json":{"title":"Zwi\u0105zek gen\u00f3w z celiaki\u0105 - ALAB Laboratoria","description":"Czy genotyp mo\u017ce wp\u0142ywa\u0107 na rozw\u00f3j celiakii? Poznaj wskazania do badania genetycznego na celiaki\u0119 | Centrum Wiedzy ALAB laboratoria","robots":{"index":"index","follow":"follow","max-snippet":"max-snippet:-1","max-image-preview":"max-image-preview:large","max-video-preview":"max-video-preview:-1"},"canonical":"https:\/\/www.alab.pl\/centrum-wiedzy\/odkrywanie-zwiazku-miedzy-genami-a-celiakia\/","og_locale":"pl_PL","og_type":"article","og_title":"Zwi\u0105zek gen\u00f3w z celiaki\u0105 - ALAB Laboratoria","og_description":"Czy genotyp mo\u017ce wp\u0142ywa\u0107 na rozw\u00f3j celiakii? Poznaj wskazania do badania genetycznego na celiaki\u0119 | Centrum Wiedzy ALAB laboratoria","og_url":"https:\/\/www.alab.pl\/centrum-wiedzy\/odkrywanie-zwiazku-miedzy-genami-a-celiakia\/","og_site_name":"Centrum Wiedzy ALAB laboratoria","article_publisher":"https:\/\/www.facebook.com\/ALABlaboratoria","article_published_time":"2023-10-25T06:15:07+00:00","og_image":[{"width":1200,"height":801,"url":"https:\/\/www.alab.pl\/centrum-wiedzy\/wp-content\/uploads\/2023\/10\/celiakia-badania-genetyczne-jpg.webp","type":"image\/webp"}],"author":"Anna Ko\u0142ty\u015b","twitter_card":"summary_large_image","twitter_misc":{"Napisane przez":"Anna Ko\u0142ty\u015b","Szacowany czas czytania":"7 minut","Written by":"Anna Ko\u0142ty\u015b"},"schema":{"@context":"https:\/\/schema.org","@graph":[{"@type":"Article","@id":"https:\/\/www.alab.pl\/centrum-wiedzy\/odkrywanie-zwiazku-miedzy-genami-a-celiakia\/#article","isPartOf":{"@id":"https:\/\/www.alab.pl\/centrum-wiedzy\/odkrywanie-zwiazku-miedzy-genami-a-celiakia\/"},"author":{"name":"Anna Ko\u0142ty\u015b","@id":"https:\/\/www.alab.pl\/centrum-wiedzy\/#\/schema\/person\/a48772d19ae89587e0573df941c78e18"},"headline":"Odkrywanie zwi\u0105zku mi\u0119dzy genami a celiaki\u0105","datePublished":"2023-10-25T06:15:07+00:00","mainEntityOfPage":{"@id":"https:\/\/www.alab.pl\/centrum-wiedzy\/odkrywanie-zwiazku-miedzy-genami-a-celiakia\/"},"wordCount":1233,"publisher":{"@id":"https:\/\/www.alab.pl\/centrum-wiedzy\/#organization"},"image":{"@id":"https:\/\/www.alab.pl\/centrum-wiedzy\/odkrywanie-zwiazku-miedzy-genami-a-celiakia\/#primaryimage"},"thumbnailUrl":"https:\/\/www.alab.pl\/centrum-wiedzy\/wp-content\/uploads\/2023\/10\/celiakia-badania-genetyczne-jpg.webp","articleSection":["Choroby autoimmunologiczne","Genetyka"],"inLanguage":"pl-PL"},{"@type":"WebPage","@id":"https:\/\/www.alab.pl\/centrum-wiedzy\/odkrywanie-zwiazku-miedzy-genami-a-celiakia\/","url":"https:\/\/www.alab.pl\/centrum-wiedzy\/odkrywanie-zwiazku-miedzy-genami-a-celiakia\/","name":"Zwi\u0105zek gen\u00f3w z celiaki\u0105 - ALAB Laboratoria","isPartOf":{"@id":"https:\/\/www.alab.pl\/centrum-wiedzy\/#website"},"primaryImageOfPage":{"@id":"https:\/\/www.alab.pl\/centrum-wiedzy\/odkrywanie-zwiazku-miedzy-genami-a-celiakia\/#primaryimage"},"image":{"@id":"https:\/\/www.alab.pl\/centrum-wiedzy\/odkrywanie-zwiazku-miedzy-genami-a-celiakia\/#primaryimage"},"thumbnailUrl":"https:\/\/www.alab.pl\/centrum-wiedzy\/wp-content\/uploads\/2023\/10\/celiakia-badania-genetyczne-jpg.webp","datePublished":"2023-10-25T06:15:07+00:00","description":"Czy genotyp mo\u017ce wp\u0142ywa\u0107 na rozw\u00f3j celiakii? Poznaj wskazania do badania genetycznego na celiaki\u0119 | Centrum Wiedzy ALAB laboratoria","breadcrumb":{"@id":"https:\/\/www.alab.pl\/centrum-wiedzy\/odkrywanie-zwiazku-miedzy-genami-a-celiakia\/#breadcrumb"},"inLanguage":"pl-PL","potentialAction":[{"@type":"ReadAction","target":["https:\/\/www.alab.pl\/centrum-wiedzy\/odkrywanie-zwiazku-miedzy-genami-a-celiakia\/"]}]},{"@type":"ImageObject","inLanguage":"pl-PL","@id":"https:\/\/www.alab.pl\/centrum-wiedzy\/odkrywanie-zwiazku-miedzy-genami-a-celiakia\/#primaryimage","url":"https:\/\/www.alab.pl\/centrum-wiedzy\/wp-content\/uploads\/2023\/10\/celiakia-badania-genetyczne-jpg.webp","contentUrl":"https:\/\/www.alab.pl\/centrum-wiedzy\/wp-content\/uploads\/2023\/10\/celiakia-badania-genetyczne-jpg.webp","width":1200,"height":801,"caption":"celiakia badania genetyczne"},{"@type":"BreadcrumbList","@id":"https:\/\/www.alab.pl\/centrum-wiedzy\/odkrywanie-zwiazku-miedzy-genami-a-celiakia\/#breadcrumb","itemListElement":[{"@type":"ListItem","position":1,"name":"Strona g\u0142\u00f3wna","item":"https:\/\/www.alab.pl\/centrum-wiedzy\/"},{"@type":"ListItem","position":2,"name":"Odkrywanie zwi\u0105zku mi\u0119dzy genami a celiaki\u0105"}]},{"@type":"WebSite","@id":"https:\/\/www.alab.pl\/centrum-wiedzy\/#website","url":"https:\/\/www.alab.pl\/centrum-wiedzy\/","name":"Centrum Wiedzy ALAB laboratoria","description":"","publisher":{"@id":"https:\/\/www.alab.pl\/centrum-wiedzy\/#organization"},"potentialAction":[{"@type":"SearchAction","target":{"@type":"EntryPoint","urlTemplate":"https:\/\/www.alab.pl\/centrum-wiedzy\/?s={search_term_string}"},"query-input":{"@type":"PropertyValueSpecification","valueRequired":true,"valueName":"search_term_string"}}],"inLanguage":"pl-PL"},{"@type":"Organization","@id":"https:\/\/www.alab.pl\/centrum-wiedzy\/#organization","name":"Centrum Wiedzy ALAB laboratoria","url":"https:\/\/www.alab.pl\/centrum-wiedzy\/","logo":{"@type":"ImageObject","inLanguage":"pl-PL","@id":"https:\/\/www.alab.pl\/centrum-wiedzy\/#\/schema\/logo\/image\/","url":"https:\/\/www.alab.pl\/centrum-wiedzy\/wp-content\/uploads\/2022\/04\/alabek.jpg","contentUrl":"https:\/\/www.alab.pl\/centrum-wiedzy\/wp-content\/uploads\/2022\/04\/alabek.jpg","width":1250,"height":1251,"caption":"Centrum Wiedzy ALAB laboratoria"},"image":{"@id":"https:\/\/www.alab.pl\/centrum-wiedzy\/#\/schema\/logo\/image\/"},"sameAs":["https:\/\/www.facebook.com\/ALABlaboratoria"]},{"@type":"Person","@id":"https:\/\/www.alab.pl\/centrum-wiedzy\/#\/schema\/person\/a48772d19ae89587e0573df941c78e18","name":"Anna Ko\u0142ty\u015b","image":{"@type":"ImageObject","inLanguage":"pl-PL","@id":"https:\/\/www.alab.pl\/centrum-wiedzy\/wp-content\/uploads\/2023\/06\/Anna-Koltys-jpg-150x150.webp7c78690078214a165b8dd128b998cb93","url":"https:\/\/www.alab.pl\/centrum-wiedzy\/wp-content\/uploads\/2023\/06\/Anna-Koltys-jpg-150x150.webp","contentUrl":"https:\/\/www.alab.pl\/centrum-wiedzy\/wp-content\/uploads\/2023\/06\/Anna-Koltys-jpg-150x150.webp","caption":"Anna Ko\u0142ty\u015b"},"description":"Z wykszta\u0142cenia biotechnolog, absolwentka Biotechnologii farmaceutycznej na Politechnice Wroc\u0142awskiej. Z zaanga\u017cowaniem rozwija swoje zainteresowania zawodowe w obszarze diagnostyki chor\u00f3b autoimmunizacyjnych, wci\u0105\u017c poszerzaj\u0105c swoj\u0105 wiedz\u0119 w tym obszarze. Od 2017 roku pracuje w Dziale Informacji Naukowej firmy Euroimmun Polska.","url":"https:\/\/www.alab.pl\/centrum-wiedzy\/author\/anna-koltys\/"}]}},"_links":{"self":[{"href":"https:\/\/www.alab.pl\/centrum-wiedzy\/wp-json\/wp\/v2\/posts\/9562","targetHints":{"allow":["GET"]}}],"collection":[{"href":"https:\/\/www.alab.pl\/centrum-wiedzy\/wp-json\/wp\/v2\/posts"}],"about":[{"href":"https:\/\/www.alab.pl\/centrum-wiedzy\/wp-json\/wp\/v2\/types\/post"}],"author":[{"embeddable":true,"href":"https:\/\/www.alab.pl\/centrum-wiedzy\/wp-json\/wp\/v2\/users\/130"}],"replies":[{"embeddable":true,"href":"https:\/\/www.alab.pl\/centrum-wiedzy\/wp-json\/wp\/v2\/comments?post=9562"}],"version-history":[{"count":0,"href":"https:\/\/www.alab.pl\/centrum-wiedzy\/wp-json\/wp\/v2\/posts\/9562\/revisions"}],"wp:featuredmedia":[{"embeddable":true,"href":"https:\/\/www.alab.pl\/centrum-wiedzy\/wp-json\/wp\/v2\/media\/9566"}],"wp:attachment":[{"href":"https:\/\/www.alab.pl\/centrum-wiedzy\/wp-json\/wp\/v2\/media?parent=9562"}],"wp:term":[{"taxonomy":"category","embeddable":true,"href":"https:\/\/www.alab.pl\/centrum-wiedzy\/wp-json\/wp\/v2\/categories?post=9562"},{"taxonomy":"post_tag","embeddable":true,"href":"https:\/\/www.alab.pl\/centrum-wiedzy\/wp-json\/wp\/v2\/tags?post=9562"},{"taxonomy":"author","embeddable":true,"href":"https:\/\/www.alab.pl\/centrum-wiedzy\/wp-json\/wp\/v2\/coauthors?post=9562"}],"curies":[{"name":"wp","href":"https:\/\/api.w.org\/{rel}","templated":true}]}}