{"id":9785,"date":"2023-11-15T08:31:24","date_gmt":"2023-11-15T07:31:24","guid":{"rendered":"https:\/\/sklep.alablaboratoria.pl\/centrum-wiedzy\/?p=9785"},"modified":"2023-11-15T08:31:24","modified_gmt":"2023-11-15T07:31:24","slug":"dieta-w-hiperurykemii-i-dnie-moczanowej","status":"publish","type":"post","link":"https:\/\/www.alab.pl\/centrum-wiedzy\/dieta-w-hiperurykemii-i-dnie-moczanowej\/","title":{"rendered":"Dieta w hiperurykemii i dnie moczanowej"},"content":{"rendered":"\n<h2 class=\"wp-block-heading\">Zasady og\u00f3lne diety w hiperurykemii i diety w dnie moczanowej<\/h2>\n\n\n\n<p><strong><a href=\"https:\/\/www.alab.pl\/centrum-wiedzy\/dna-moczanowa-artretyzm\/\">Dna moczanowa (dowiedz si\u0119 wi\u0119cej TUTAJ)<\/a> <\/strong> jest to schorzenie, w kt\u00f3rym wyst\u0119puje nawracaj\u0105ce zapalenie staw\u00f3w, spowodowane krystalizacj\u0105 moczanu jednosodowego w p\u0142ynie stawowym, fagocytoz\u0105 kryszta\u0142\u00f3w i powstawaniem z\u0142og\u00f3w w tkankach stawowych, a tak\u017ce w innych tkankach i narz\u0105dach.<\/p>\n\n\n\n<p>To, co bardzo wa\u017cne to fakt, i\u017c <strong>dn\u0119 moczanow\u0105 rozpoznaje si\u0119 przy warto\u015bciach kwasu moczowego powy\u017cej 7 mg<\/strong>! Ze wzgl\u0119du na fakt, \u017ce niskie st\u0119\u017cenie kwasu moczowego pomaga w zmniejszeniu ryzyka chor\u00f3b sercowo naczyniowych, a tak\u017ce poniewa\u017c <a href=\"https:\/\/www.alab.pl\/centrum-wiedzy\/kwas-moczowy-jako-czynnik-ryzyka-chorob-sercowo-naczyniowych\/\"><strong>hiperurykemia <\/strong>jest czynnikiem ryzyka nadci\u015bnienia t\u0119tniczego<\/a>, <strong>zaleca si\u0119 utrzymanie kwasu moczowego poni\u017cej 5 mg\/dl<\/strong>. Mo\u017cna to monitorowa\u0107 za pomoc\u0105 odpowiednio dobranej diety i dedykowanych \u015brodk\u00f3w farmakologicznych.&nbsp;&nbsp;<\/p>\n\n\n\n<p><strong>Hiperurykemia<\/strong> w por\u00f3wnaniu z dn\u0105 moczanow\u0105, stwierdzana jest u znacznie wi\u0119kszej liczby os\u00f3b doros\u0142ych. Z danych epidemiologicznych wynika, \u017ce w populacji og\u00f3lnej cz\u0119sto\u015b\u0107 jej wyst\u0119powania szacuje si\u0119 mi\u0119dzy 5 a 30%. Tak du\u017ce zr\u00f3\u017cnicowanie podyktowane jest wp\u0142ywem wieku, p\u0142ci, czynnik\u00f3w \u015brodowiskowych, a tak\u017ce genetycznych zwi\u0105zanych z cz\u0119stym wyst\u0119powaniem dny w niekt\u00f3rych grupach etnicznych.<\/p>\n\n\n\n<p>W post\u0119powaniu terapeutycznym, poza leczeniem farmakologicznym, bardzo wa\u017cn\u0105 rol\u0119 odgrywa<strong> styl \u017cycia oraz odpowiedni spos\u00f3b od\u017cywiania<\/strong>. W leczeniu dietetycznym dny moczanowej, jak i hiperurykemii na pierwszy plan wysuwa si\u0119 <strong>ograniczenie spo\u017cycia zwi\u0105zk\u00f3w purynowych<\/strong>.<\/p>\n\n\n\n<p>Jako ciekawostk\u0119 podam, \u017ce zwi\u0119kszaj\u0105c poda\u017c produkt\u00f3w spo\u017cywczych zawieraj\u0105cych zwi\u0105zki purynowe, w okresie dw\u00f3ch tygodni nast\u0105pi\u0142 wzrost st\u0119\u017cenia kwasu moczowego w surowicy krwi o 1-2 mg\/dl. Natomiast zastosowana w takim samym czasie dieta niskopurynowa spowodowa\u0142a obni\u017cenie urykemii o 1-2 mg\/dl.<\/p>\n\n\n\n<p>Pacjentom z hiperurykemi\u0105 zaleca si\u0119 <strong>ograniczy\u0107 spo\u017cycie bia\u0142ka<\/strong>, gdy\u017c s\u0105 one postrzegane jako obfituj\u0105ce w zwi\u0105zki purynowe. Nale\u017cy pami\u0119ta\u0107, \u017ce nie ma dowod\u00f3w na to, aby zwi\u0119kszone spo\u017cycie bia\u0142ka przyczyni\u0142o si\u0119 do wzrostu kwasu moczowego w surowicy krwi. Natomiast <strong>udowodniono dodatni\u0105 zale\u017cno\u015b\u0107 mi\u0119dzy spo\u017cyciem mi\u0119sa i owoc\u00f3w morza a zwi\u0119kszeniem kwasu moczowego w surowicy oraz ujemn\u0105 zwi\u0105zan\u0105 ze spo\u017cyciem chudych produkt\u00f3w mlecznych<\/strong>. Tak\u017ce spo\u017cycie produkt\u00f3w ro\u015blinnych bogatych w zwi\u0105zki purynowe tu groszek, fasolka szparagowa, fasola, soczewica, szpinak czy grzyby , nie by\u0142o zwi\u0105zane ze wzrostem st\u0119\u017cenia kwasu moczowego w surowicy krwi.<\/p>\n\n\n\n<p><strong>Zalecenia og\u00f3lne w leczeniu hiperurykemii i dny moczanowej:<\/strong><\/p>\n\n\n\n<p>a) ograniczenie spo\u017cycia produkt\u00f3w bogatych w przyswajalne zwi\u0105zki purynowe<\/p>\n\n\n\n<p>b) spo\u017cywanie odpowiednich ilo\u015bci warzyw, owoc\u00f3w, mleka i przetwor\u00f3w mlecznych, ryb i olej\u00f3w ro\u015blinnych<\/p>\n\n\n\n<p>c) ograniczenie lub wyeliminowanie spo\u017cycia alkoholu i cukr\u00f3w<\/p>\n\n\n\n<p>d) wypijanie ok 3l p\u0142yn\u00f3w na dob\u0119 (wody ok 2l\/niegazowanej, kompoty np. z wi\u015bni, herbatki owocowe, pokrzywa)<\/p>\n\n\n\n<p>e) utrzymanie odpowiedniej masy cia\u0142a<\/p>\n\n\n\n<p>f) unikanie g\u0142od\u00f3wek i szybkiego odchudzania<\/p>\n\n\n\n<p>g) unikanie intensywnego wysi\u0142ku fizycznego<\/p>\n\n\n\n<p><strong>Wykazano wysok\u0105 skuteczno\u015b\u0107 diety bogatej w wi\u015bnie w terapii dny moczanowej oraz chor\u00f3b z ni\u0105 zwi\u0105zanych.<\/strong><\/p>\n\n\n\n<p>Osoby z dn\u0105 moczanow\u0105 lub hiperurykemi\u0105 decyduj\u0105c si\u0119 na redukcj\u0119 masy cia\u0142a, musz\u0105 pami\u0119ta\u0107, aby nie stosowa\u0107 g\u0142od\u00f3wek i du\u017cego deficytu energetycznego, s\u0105 one zwi\u0105zane ze znacznym wzrostem st\u0119\u017cenia kwasu moczowego w surowicy krwi. Niezalecane s\u0105 te\u017c diety niskow\u0119glowodanowe z du\u017c\u0105 zawarto\u015bci\u0105 bia\u0142ka zwierz\u0119cego i t\u0142uszczu, kt\u00f3re nios\u0105 za sob\u0105 ryzyko wzrostu st\u0119\u017cenia kwasu moczowego w osoczu oraz zwi\u0119ksza\u0107 cz\u0119stotliwo\u015b\u0107 ostrych napad\u00f3w dny moczanowej.<\/p>\n\n\n\n<h2 class=\"wp-block-heading\">Produkty spo\u017cywcze, dozwolone w hiperurykemii i dnie moczanowej oraz \u015brednio dozwolone i zabronione z najwi\u0119ksz\u0105 zawarto\u015bci\u0105 zwi\u0105zk\u00f3w purynowych na 100 g produktu<\/h2>\n\n\n\n<figure class=\"wp-block-image size-full\"><img loading=\"lazy\" decoding=\"async\" width=\"980\" height=\"783\" src=\"https:\/\/www.alab.pl\/centrum-wiedzy\/wp-content\/uploads\/2023\/11\/dieta-w-dnie-moczanowej-i-hiperurykemii-jpg.webp\" alt=\"dieta w dnie moczanowej i hiperurykemii tabela\" class=\"wp-image-9798\" srcset=\"https:\/\/www.alab.pl\/centrum-wiedzy\/wp-content\/uploads\/2023\/11\/dieta-w-dnie-moczanowej-i-hiperurykemii-jpg.webp 980w, https:\/\/www.alab.pl\/centrum-wiedzy\/wp-content\/uploads\/2023\/11\/dieta-w-dnie-moczanowej-i-hiperurykemii-jpg-768x614.webp 768w, https:\/\/www.alab.pl\/centrum-wiedzy\/wp-content\/uploads\/2023\/11\/dieta-w-dnie-moczanowej-i-hiperurykemii-jpg-150x120.webp 150w, https:\/\/www.alab.pl\/centrum-wiedzy\/wp-content\/uploads\/2023\/11\/dieta-w-dnie-moczanowej-i-hiperurykemii-jpg-300x240.webp 300w, https:\/\/www.alab.pl\/centrum-wiedzy\/wp-content\/uploads\/2023\/11\/dieta-w-dnie-moczanowej-i-hiperurykemii-jpg-696x556.webp 696w\" sizes=\"auto, (max-width: 980px) 100vw, 980px\" \/><\/figure>\n\n\n\n<p><strong>Z diety nale\u017cy wykluczy\u0107 zupy i sosy na wywarach kostnych, mi\u0119snych, grzybowych.<\/strong> Potraw nie sma\u017cymy, dusimy. Przygotowujemy na parze, gotujemy, aby wyp\u0142uka\u0107 nadmiar puryn, rzadziej pieczemy. Potrawy doprawiamy zawiesinami z m\u0105ki i mleka. Warzywa i owoce podajemy w postaci surowej, sur\u00f3wek, sok\u00f3w oraz w postaci gotowanej.<\/p>\n\n\n\n<p><strong>W okresie napadowym stosuje si\u0119 diet\u0119 bezmi\u0119sn\u0105, p\u0142ynn\u0105, kleikowo-owocow\u0105 (owoce gotowane lub pra\u017cone).<\/strong><\/p>\n\n\n\n<h2 class=\"wp-block-heading\">Przyk\u0142adowy jad\u0142ospis \u2013 bez zaostrzenia choroby<\/h2>\n\n\n\n<p>Jad\u0142ospis przy dnie moczanowej i hiperurykemii powinien by\u0107 dostosowany do zalece\u0144 i ogranicze\u0144 w danej jednostce chorobowej. Nie oznacza to, \u017ce ma by\u0107 ubogi, powinien by\u0107 urozmaicony w produkty dozwolone. Produkty powinny by\u0107 \u015bwie\u017ce i dobrej jako\u015bci. Pacjenci powinni zjada\u0107 <strong>5 posi\u0142k\u00f3w na dob\u0119<\/strong> (je\u017celi nie ma innych ogranicze\u0144 \u017cywieniowych zwi\u0105zanych z inn\u0105 wsp\u00f3\u0142istniej\u0105c\u0105 chorob\u0105 np. <a href=\"https:\/\/www.alab.pl\/centrum-wiedzy\/insulinoopornosc\/\">insulinooporno\u015bci\u0105<\/a>), zawsze spo\u017cywa\u0107 \u015bniadanie i co mniej wi\u0119cej 3 godziny je\u015b\u0107 kolejny posi\u0142ek. <strong>Ostatni posi\u0142ek zalecane jest spo\u017cywa\u0107 na 4 godziny przed snem<\/strong>, aby nie dopu\u015bci\u0107 do zatrzymywania si\u0119 wi\u0119kszej ilo\u015bci kwasu moczowego w ci\u0105gu nocy.<\/p>\n\n\n\n<p><strong>I \u015bniadania:<\/strong><\/p>\n\n\n\n<p>a) p\u0142atki pszenne (zalane wrz\u0105tkiem, po 5-15 minutach odlewamy wod\u0119), do tego jogurt naturalny 2% oraz upra\u017cone jab\u0142ko<\/p>\n\n\n\n<p>b) bu\u0142ka grahamka z twaro\u017ckiem chudym wymieszanym ze szczypiorkiem i jogurtem naturalnym, do tego pomidor i papryka zielona<\/p>\n\n\n\n<p><strong>II \u015bniadania:<\/strong><\/p>\n\n\n\n<p>a) szklanka soku warzywno-owocowego z kromk\u0105 chleba pszennego plus jajko na mi\u0119kko i og\u00f3rek gruntowy<\/p>\n\n\n\n<p>b) pieczywo pszenno-\u017cytnie z chud\u0105 w\u0119dlin\u0105 drobiow\u0105 podane z sa\u0142at\u0105 i rzodkiewk\u0105<\/p>\n\n\n\n<p><strong>Obiady:<\/strong><\/p>\n\n\n\n<p>a) \u0142oso\u015b\/halibut\/dorsz przyprawiony zio\u0142ami i przyrz\u0105dzony na parze, podany&nbsp;z ziemniakami z wody, do tego broku\u0142 i marchewka przygotowane na parze, kompot z wi\u015bni<\/p>\n\n\n\n<p>b) zupa jarzynowa na wywarze warzywnym z dodatkiem ziemniak\u00f3w zabielona jogurtem naturalnym 2%, herbata owocowa<\/p>\n\n\n\n<p><strong>Podwieczorki:<\/strong><\/p>\n\n\n\n<p>a) pudding z kaszy jaglanej z malinami\/truskawkami i migda\u0142ami<\/p>\n\n\n\n<p>b) sa\u0142atka z mixu sa\u0142at, sera brie i winogron polana oliw\u0105 z oliwek i doprawiona ulubionymi zio\u0142ami<\/p>\n\n\n\n<p><strong>Uwaga: wskazane jest spo\u017cywanie owoc\u00f3w do godziny 17 (w <a href=\"https:\/\/www.alab.pl\/centrum-wiedzy\/cukrzyca\/\">cukrzycy <\/a>do 16).<\/strong><\/p>\n\n\n\n<p><strong>Kolacje:<\/strong><\/p>\n\n\n\n<p>a) sa\u0142atka z tu\u0144czyka z wody do tego jogurt naturalny, cebula posiekana i kukurydza, podajemy z pieczywem graham<\/p>\n\n\n\n<p>b) makaron pszenny pe\u0142noziarnisty ugotowany al\u2019dente, do tego pieczony bak\u0142a\u017can, pomidorkami koktajlowe i upra\u017cone pestki s\u0142onecznika, na wierzch posypujemy startym drobno serem \u017c\u00f3\u0142tym (parmezan, mozzarella), doprawiamy do smaku ulubionymi zio\u0142ami.<\/p>\n\n\n\n<hr class=\"wp-block-separator has-alpha-channel-opacity\"\/>\n\n\n\n<p>Pi\u015bmiennictwo<\/p>\n\n\n\n<ol class=\"wp-block-list\">\n<li>W\u0142odarek D., Lange E., Koz\u0142owska L., G\u0142\u0105bska D., Dietoterapia. Wydawnictwo Lekarskie PZWL, Warszawa 2014.<\/li>\n\n\n\n<li>Ciborowska H., Rudnicka A., Dietetyka. \u017bywienie zdrowego i chorego cz\u0142owieka. Wydawnictwo Lekarskie PZWL, Warszawa 2015.<\/li>\n\n\n\n<li>Gertig H., Przys\u0142awski J., Bromatologia. Zarys nauki o \u017cywno\u015bci i \u017cywieniu. Wydawnictwo Lekarskie PZWL, Warszawa 2015.<\/li>\n<\/ol>\n","protected":false},"excerpt":{"rendered":"<p>Jakie produkty spo\u017cywcze nie s\u0105 rekomendowane osobom ze zdiagnozowan\u0105 dn\u0105 moczanow\u0105?<\/p>\n","protected":false},"author":141,"featured_media":9817,"comment_status":"closed","ping_status":"open","sticky":false,"template":"","format":"standard","meta":{"_acf_changed":false,"inline_featured_image":false,"footnotes":""},"categories":[11,17],"tags":[],"coauthors":[191],"class_list":{"0":"post-9785","1":"post","2":"type-post","3":"status-publish","4":"format-standard","5":"has-post-thumbnail","7":"category-choroby-ukladu-krazenia","8":"category-dieta"},"acf":[],"yoast_head":"<!-- This site is optimized with the Yoast SEO plugin v27.5 - https:\/\/yoast.com\/product\/yoast-seo-wordpress\/ -->\n<title>Dieta w hiperurykemii i dnie moczanowej - ALAB Laboratoria<\/title>\n<meta name=\"description\" content=\"Dieta w hiperurykemii i dnie moczanowej - co je\u015b\u0107, czego unika\u0107? Przyk\u0142adowy jad\u0142ospis dla zdrowia i komfortu. Sprawd\u017a!\" \/>\n<meta name=\"robots\" content=\"index, follow, max-snippet:-1, max-image-preview:large, max-video-preview:-1\" \/>\n<link rel=\"canonical\" href=\"https:\/\/www.alab.pl\/centrum-wiedzy\/dieta-w-hiperurykemii-i-dnie-moczanowej\/\" \/>\n<meta property=\"og:locale\" content=\"pl_PL\" \/>\n<meta property=\"og:type\" content=\"article\" \/>\n<meta property=\"og:title\" content=\"Dieta w hiperurykemii i dnie moczanowej - ALAB Laboratoria\" \/>\n<meta property=\"og:description\" content=\"Dieta w hiperurykemii i dnie moczanowej - co je\u015b\u0107, czego unika\u0107? Przyk\u0142adowy jad\u0142ospis dla zdrowia i komfortu. Sprawd\u017a!\" \/>\n<meta property=\"og:url\" content=\"https:\/\/www.alab.pl\/centrum-wiedzy\/dieta-w-hiperurykemii-i-dnie-moczanowej\/\" \/>\n<meta property=\"og:site_name\" content=\"Centrum Wiedzy ALAB laboratoria\" \/>\n<meta property=\"article:publisher\" content=\"https:\/\/www.facebook.com\/ALABlaboratoria\" \/>\n<meta property=\"article:published_time\" content=\"2023-11-15T07:31:24+00:00\" \/>\n<meta property=\"og:image\" content=\"https:\/\/www.alab.pl\/centrum-wiedzy\/wp-content\/uploads\/2023\/11\/dieta-w-dnie-moczanowej-jpg.webp\" \/>\n\t<meta property=\"og:image:width\" content=\"1200\" \/>\n\t<meta property=\"og:image:height\" content=\"801\" \/>\n\t<meta property=\"og:image:type\" content=\"image\/webp\" \/>\n<meta name=\"author\" content=\"Magdalena Konowrocka\" \/>\n<meta name=\"twitter:card\" content=\"summary_large_image\" \/>\n<meta name=\"twitter:label1\" content=\"Napisane przez\" \/>\n\t<meta name=\"twitter:data1\" content=\"Magdalena Konowrocka\" \/>\n\t<meta name=\"twitter:label2\" content=\"Szacowany czas czytania\" \/>\n\t<meta name=\"twitter:data2\" content=\"6 minut\" \/>\n\t<meta name=\"twitter:label3\" content=\"Written by\" \/>\n\t<meta name=\"twitter:data3\" content=\"Magdalena Konowrocka\" \/>\n<!-- \/ Yoast SEO plugin. -->","yoast_head_json":{"title":"Dieta w hiperurykemii i dnie moczanowej - ALAB Laboratoria","description":"Dieta w hiperurykemii i dnie moczanowej - co je\u015b\u0107, czego unika\u0107? Przyk\u0142adowy jad\u0142ospis dla zdrowia i komfortu. Sprawd\u017a!","robots":{"index":"index","follow":"follow","max-snippet":"max-snippet:-1","max-image-preview":"max-image-preview:large","max-video-preview":"max-video-preview:-1"},"canonical":"https:\/\/www.alab.pl\/centrum-wiedzy\/dieta-w-hiperurykemii-i-dnie-moczanowej\/","og_locale":"pl_PL","og_type":"article","og_title":"Dieta w hiperurykemii i dnie moczanowej - ALAB Laboratoria","og_description":"Dieta w hiperurykemii i dnie moczanowej - co je\u015b\u0107, czego unika\u0107? Przyk\u0142adowy jad\u0142ospis dla zdrowia i komfortu. Sprawd\u017a!","og_url":"https:\/\/www.alab.pl\/centrum-wiedzy\/dieta-w-hiperurykemii-i-dnie-moczanowej\/","og_site_name":"Centrum Wiedzy ALAB laboratoria","article_publisher":"https:\/\/www.facebook.com\/ALABlaboratoria","article_published_time":"2023-11-15T07:31:24+00:00","og_image":[{"width":1200,"height":801,"url":"https:\/\/www.alab.pl\/centrum-wiedzy\/wp-content\/uploads\/2023\/11\/dieta-w-dnie-moczanowej-jpg.webp","type":"image\/webp"}],"author":"Magdalena Konowrocka","twitter_card":"summary_large_image","twitter_misc":{"Napisane przez":"Magdalena Konowrocka","Szacowany czas czytania":"6 minut","Written by":"Magdalena Konowrocka"},"schema":{"@context":"https:\/\/schema.org","@graph":[{"@type":"Article","@id":"https:\/\/www.alab.pl\/centrum-wiedzy\/dieta-w-hiperurykemii-i-dnie-moczanowej\/#article","isPartOf":{"@id":"https:\/\/www.alab.pl\/centrum-wiedzy\/dieta-w-hiperurykemii-i-dnie-moczanowej\/"},"author":{"name":"Magdalena Konowrocka","@id":"https:\/\/www.alab.pl\/centrum-wiedzy\/#\/schema\/person\/f5efeaa1a9dd143fd159fd2fc446631c"},"headline":"Dieta w hiperurykemii i dnie moczanowej","datePublished":"2023-11-15T07:31:24+00:00","mainEntityOfPage":{"@id":"https:\/\/www.alab.pl\/centrum-wiedzy\/dieta-w-hiperurykemii-i-dnie-moczanowej\/"},"wordCount":1099,"publisher":{"@id":"https:\/\/www.alab.pl\/centrum-wiedzy\/#organization"},"image":{"@id":"https:\/\/www.alab.pl\/centrum-wiedzy\/dieta-w-hiperurykemii-i-dnie-moczanowej\/#primaryimage"},"thumbnailUrl":"https:\/\/www.alab.pl\/centrum-wiedzy\/wp-content\/uploads\/2023\/11\/dieta-w-dnie-moczanowej-jpg.webp","articleSection":["Choroby serca i uk\u0142adu kr\u0105\u017cenia","Dieta i suplementacja"],"inLanguage":"pl-PL"},{"@type":"WebPage","@id":"https:\/\/www.alab.pl\/centrum-wiedzy\/dieta-w-hiperurykemii-i-dnie-moczanowej\/","url":"https:\/\/www.alab.pl\/centrum-wiedzy\/dieta-w-hiperurykemii-i-dnie-moczanowej\/","name":"Dieta w hiperurykemii i dnie moczanowej - ALAB Laboratoria","isPartOf":{"@id":"https:\/\/www.alab.pl\/centrum-wiedzy\/#website"},"primaryImageOfPage":{"@id":"https:\/\/www.alab.pl\/centrum-wiedzy\/dieta-w-hiperurykemii-i-dnie-moczanowej\/#primaryimage"},"image":{"@id":"https:\/\/www.alab.pl\/centrum-wiedzy\/dieta-w-hiperurykemii-i-dnie-moczanowej\/#primaryimage"},"thumbnailUrl":"https:\/\/www.alab.pl\/centrum-wiedzy\/wp-content\/uploads\/2023\/11\/dieta-w-dnie-moczanowej-jpg.webp","datePublished":"2023-11-15T07:31:24+00:00","description":"Dieta w hiperurykemii i dnie moczanowej - co je\u015b\u0107, czego unika\u0107? Przyk\u0142adowy jad\u0142ospis dla zdrowia i komfortu. Sprawd\u017a!","breadcrumb":{"@id":"https:\/\/www.alab.pl\/centrum-wiedzy\/dieta-w-hiperurykemii-i-dnie-moczanowej\/#breadcrumb"},"inLanguage":"pl-PL","potentialAction":[{"@type":"ReadAction","target":["https:\/\/www.alab.pl\/centrum-wiedzy\/dieta-w-hiperurykemii-i-dnie-moczanowej\/"]}]},{"@type":"ImageObject","inLanguage":"pl-PL","@id":"https:\/\/www.alab.pl\/centrum-wiedzy\/dieta-w-hiperurykemii-i-dnie-moczanowej\/#primaryimage","url":"https:\/\/www.alab.pl\/centrum-wiedzy\/wp-content\/uploads\/2023\/11\/dieta-w-dnie-moczanowej-jpg.webp","contentUrl":"https:\/\/www.alab.pl\/centrum-wiedzy\/wp-content\/uploads\/2023\/11\/dieta-w-dnie-moczanowej-jpg.webp","width":1200,"height":801,"caption":"dieta w hiperurykemii i dnie moczanowej"},{"@type":"BreadcrumbList","@id":"https:\/\/www.alab.pl\/centrum-wiedzy\/dieta-w-hiperurykemii-i-dnie-moczanowej\/#breadcrumb","itemListElement":[{"@type":"ListItem","position":1,"name":"Strona g\u0142\u00f3wna","item":"https:\/\/www.alab.pl\/centrum-wiedzy\/"},{"@type":"ListItem","position":2,"name":"Dieta w hiperurykemii i dnie moczanowej"}]},{"@type":"WebSite","@id":"https:\/\/www.alab.pl\/centrum-wiedzy\/#website","url":"https:\/\/www.alab.pl\/centrum-wiedzy\/","name":"Centrum Wiedzy ALAB laboratoria","description":"","publisher":{"@id":"https:\/\/www.alab.pl\/centrum-wiedzy\/#organization"},"potentialAction":[{"@type":"SearchAction","target":{"@type":"EntryPoint","urlTemplate":"https:\/\/www.alab.pl\/centrum-wiedzy\/?s={search_term_string}"},"query-input":{"@type":"PropertyValueSpecification","valueRequired":true,"valueName":"search_term_string"}}],"inLanguage":"pl-PL"},{"@type":"Organization","@id":"https:\/\/www.alab.pl\/centrum-wiedzy\/#organization","name":"Centrum Wiedzy ALAB laboratoria","url":"https:\/\/www.alab.pl\/centrum-wiedzy\/","logo":{"@type":"ImageObject","inLanguage":"pl-PL","@id":"https:\/\/www.alab.pl\/centrum-wiedzy\/#\/schema\/logo\/image\/","url":"https:\/\/www.alab.pl\/centrum-wiedzy\/wp-content\/uploads\/2022\/04\/alabek.jpg","contentUrl":"https:\/\/www.alab.pl\/centrum-wiedzy\/wp-content\/uploads\/2022\/04\/alabek.jpg","width":1250,"height":1251,"caption":"Centrum Wiedzy ALAB laboratoria"},"image":{"@id":"https:\/\/www.alab.pl\/centrum-wiedzy\/#\/schema\/logo\/image\/"},"sameAs":["https:\/\/www.facebook.com\/ALABlaboratoria"]},{"@type":"Person","@id":"https:\/\/www.alab.pl\/centrum-wiedzy\/#\/schema\/person\/f5efeaa1a9dd143fd159fd2fc446631c","name":"Magdalena Konowrocka","image":{"@type":"ImageObject","inLanguage":"pl-PL","@id":"https:\/\/www.alab.pl\/centrum-wiedzy\/wp-content\/uploads\/2023\/07\/Magdalena-Konowrocka-jpg-150x150.webp89854cb66701ee4f4b5429d528843904","url":"https:\/\/www.alab.pl\/centrum-wiedzy\/wp-content\/uploads\/2023\/07\/Magdalena-Konowrocka-jpg-150x150.webp","contentUrl":"https:\/\/www.alab.pl\/centrum-wiedzy\/wp-content\/uploads\/2023\/07\/Magdalena-Konowrocka-jpg-150x150.webp","caption":"Magdalena Konowrocka"},"description":"Dietetyk i psychodietetyk, absolwentka studi\u00f3w magisterskich na SGGW oraz studi\u00f3w podyplomowych na WUM na kierunku \u201eDietetyka w choroby wewn\u0119trznych i metabolicznych\u201d, studiowa\u0142a w Instytucie \u017bywienia i \u017bywno\u015bci \u201ePoradnictwo dietetyczne \u2013 post\u0119py w \u017cywieniu cz\u0142owieka\u201d. Prowadzi gabinet doradztwa \u017cywieniowego i dietetycznego Optimum Zdrowia.","url":"https:\/\/www.alab.pl\/centrum-wiedzy\/author\/magdalena-konowrocka\/"}]}},"_links":{"self":[{"href":"https:\/\/www.alab.pl\/centrum-wiedzy\/wp-json\/wp\/v2\/posts\/9785","targetHints":{"allow":["GET"]}}],"collection":[{"href":"https:\/\/www.alab.pl\/centrum-wiedzy\/wp-json\/wp\/v2\/posts"}],"about":[{"href":"https:\/\/www.alab.pl\/centrum-wiedzy\/wp-json\/wp\/v2\/types\/post"}],"author":[{"embeddable":true,"href":"https:\/\/www.alab.pl\/centrum-wiedzy\/wp-json\/wp\/v2\/users\/141"}],"replies":[{"embeddable":true,"href":"https:\/\/www.alab.pl\/centrum-wiedzy\/wp-json\/wp\/v2\/comments?post=9785"}],"version-history":[{"count":0,"href":"https:\/\/www.alab.pl\/centrum-wiedzy\/wp-json\/wp\/v2\/posts\/9785\/revisions"}],"wp:featuredmedia":[{"embeddable":true,"href":"https:\/\/www.alab.pl\/centrum-wiedzy\/wp-json\/wp\/v2\/media\/9817"}],"wp:attachment":[{"href":"https:\/\/www.alab.pl\/centrum-wiedzy\/wp-json\/wp\/v2\/media?parent=9785"}],"wp:term":[{"taxonomy":"category","embeddable":true,"href":"https:\/\/www.alab.pl\/centrum-wiedzy\/wp-json\/wp\/v2\/categories?post=9785"},{"taxonomy":"post_tag","embeddable":true,"href":"https:\/\/www.alab.pl\/centrum-wiedzy\/wp-json\/wp\/v2\/tags?post=9785"},{"taxonomy":"author","embeddable":true,"href":"https:\/\/www.alab.pl\/centrum-wiedzy\/wp-json\/wp\/v2\/coauthors?post=9785"}],"curies":[{"name":"wp","href":"https:\/\/api.w.org\/{rel}","templated":true}]}}